{"id":14318,"date":"2016-12-24T11:12:32","date_gmt":"2016-12-24T10:12:32","guid":{"rendered":"http:\/\/www.carideal.com\/blog\/?p=14318"},"modified":"2018-10-04T11:16:34","modified_gmt":"2018-10-04T09:16:34","slug":"histoire-du-rallye-dakar","status":"publish","type":"post","link":"https:\/\/www.carideal.com\/blog\/2016\/12\/24\/histoire-du-rallye-dakar\/","title":{"rendered":"Histoire du rallye Dakar"},"content":{"rendered":"<h1><strong>Sans doute le rallye le plus connu au monde, le Dakar, a commenc\u00e9 litt\u00e9ralement par accident.<\/strong><\/h1>\n<p>Le coureur moto <strong>Thierry Sabine<\/strong> \u00e9tait en comp\u00e9tition dans une course d'Abijan \u00e0 Nice, quand il s'est perdu dans le d\u00e9sert du Tenere.<\/p>\n<p>Alors qu'il planifiait sa sortie, il lui sembla que c'\u00e9tait l'endroit id\u00e9al pour une course\u00a0d'endurance.<\/p>\n<p>Un an plus tard, en 1978, Sabine inaugure le <a href=\"http:\/\/www.carideal.com\/blog\/sport-auto\/dakar\/\">rallye Paris Dakar<\/a>, commen\u00e7ant \u00e0 Paris en d\u00e9cembre, et parcourant un terrain sauvage et accident\u00e9 jusqu'\u00e0 Dakar, au S\u00e9n\u00e9gal. Environ 170 participants ont particip\u00e9 \u00e0\u00a0la course cette ann\u00e9e l\u00e0, sur une route qui a parcouru pr\u00e8s de 10 000 km.<\/p>\n<p>L'\u00e9preuve inaugurale a \u00e9t\u00e9 remport\u00e9e par Alain Genestier et son copilote Joseph Terbiaut, pilotant un Range Rover.<\/p>\n<p>Le p\u00e8re de la course, Thierry Sabine, a \u00e9t\u00e9 tu\u00e9 au Mali en 1986, ainsi que quatre autres personnes, lorsque son h\u00e9licopt\u00e8re s'est \u00e9cras\u00e9 lors d'une temp\u00eate de sable dans\u00a0le d\u00e9sert.<\/p>\n<p>Mais \u00e0 cette \u00e9poque, le rallye Dakar \u00e9tait une course d'endurance\u00a0incontournable, attirant des concurrents du monde entier.<\/p>\n<p>Tout\u00a0a commenc\u00e9 comme un jeu de personnalit\u00e9\u00a0riche - une sorte de test de courage pour les riches. Mais bient\u00f4t, les marques et les fabricants ont compris\u00a0la valeur du rallye et l'importance d'\u00eatre associ\u00e9 \u00e0 ce qui allait devenir la plus grande course d'endurance au monde.<\/p>\n<p>Pendant des ann\u00e9es, le rallye s'est d\u00e9roul\u00e9\u00a0de Paris \u00e0 Dakar, avec la travers\u00e9e\u00a0de terres ouvertes interrompues seulement par le franchissement de la M\u00e9diterran\u00e9e.<\/p>\n<p>Au fil des ans, l'itin\u00e9raire a vari\u00e9, surtout pour \u00e9viter les r\u00e9gions d\u00e9chir\u00e9es par les conflits en Afrique, mais une ann\u00e9e, \u00e0 cause d'une plainte du maire de Paris de l'\u00e9poque, qui ne voulait pas que sa ville soit \"perturb\u00e9e\" par des centaines de voitures et de motos, le d\u00e9part du rallye a \u00e9t\u00e9 d\u00e9plac\u00e9 dans\u00a0diverses villes.<\/p>\n<p>La pression, et les risques de guerre, d'attentats de prise d'otage \u00e9ventelle, en 2008, les organisateurs ont d\u00e9cid\u00e9 d'annuler la course, \u00e0 cause\u00a0des craintes d'attaques terroristes en Mauritanie.<\/p>\n<p>Beaucoup ont cru que ce serait le la mort pour le Rallye Dakar.<\/p>\n<h2>Un an plus tard, le Dakar\u00a0s'est r\u00e9invent\u00e9, sur un nouveau continent.<\/h2>\n<p>L'\u00e9dition 2009 a commenc\u00e9 dans la ville argentine de Buenos Aires, et a travers\u00e9 le Chili, et est revenu \u00e0 Buenos Aires.<\/p>\n<p>La premi\u00e8re course du rallye sur sol sud-am\u00e9ricain a vu la victoire du sud africain Giniel de Villiers et son co-pilote allemand Dirk Von Zitzewitz conduisant \u00e0 la victoire globale sur Volkswagen.<\/p>\n<p>Depuis que la course s'est d\u00e9plac\u00e9e en Am\u00e9rique du Sud, son parcours a vari\u00e9 plusieurs fois, en passant\u00a0dans diverses r\u00e9gions de l'Argentine et du Chili.<\/p>\n<p>En 2012, le P\u00e9rou a sign\u00e9 pour accueillir une partie du rallye, et la Bolivie a \u00e9t\u00e9 ajout\u00e9 aux rangs des pays d'accueil dans l'\u00e9dition du Dakar 2014.<\/p>\n<p>Le Rallye Dakar 2015 a \u00e9t\u00e9 la 36\u00e8me course de l'\u00e9v\u00e9nement et la septi\u00e8me ann\u00e9e cons\u00e9cutive que l'\u00e9v\u00e9nement a eu lieu en Am\u00e9rique du Sud. L'\u00e9v\u00e9nement a d\u00e9but\u00e9 le 4 janvier \u00e0 Buenos Aires, en Argentine, puis a travers\u00e9 l'Argentine, le Chili et la Bolivie avant de retourner \u00e0 Buenos Aires le 17 janvier apr\u00e8s 13 \u00e9tapes de comp\u00e9tition pour une distance totale de 9 000 km. Pour la premi\u00e8re fois, les organisateurs ont r\u00e9serv\u00e9 des jours de repos distincts pour diff\u00e9rentes cat\u00e9gories, de sorte qu'au moins deux classes se sont d\u00e9roul\u00e9es chaque jour.<\/p>\n<p>Marc Coma a remport\u00e9 un cinqui\u00e8me titre dans la cat\u00e9gorie des motos pour KTM, tandis que Rafa\u0142 Sonik a obtenu le titre des quads sur son Yamaha. Nasser Al-Attiyah a remport\u00e9 son deuxi\u00e8me titre pour l'\u00e9quipe X-Raid Mini dans la cat\u00e9gorie des voitures, tandis qu'Ayrat Mardeev a poursuivi la s\u00e9rie de victoires de Kamaz , troisi\u00e8me victoire cons\u00e9cutive au Dakar, dans la cat\u00e9gorie camion, avec sa premi\u00e8re victoire.<\/p>\n<p>Le <a href=\"http:\/\/www.carideal.com\/blog\/tag\/dakar-2016\/\">Rallye Dakar 2016<\/a> a \u00e9t\u00e9 la 37\u00e8me \u00e9dition de l'\u00e9v\u00e9nement et la huiti\u00e8me ann\u00e9e cons\u00e9cutive que l'\u00e9v\u00e9nement a eu lieu en Am\u00e9rique du Sud. L'\u00e9v\u00e9nement a commenc\u00e9 \u00e0 Buenos Aires, en Argentine, le 2 janvier, puis a travers\u00e9 l'Argentine et la Bolivie.<\/p>\n<p><a href=\"http:\/\/www.carideal.com\/blog\/2016\/01\/01\/sebastien-loeb-au-dakar-2016\/\">S\u00e9bastien Loeb<\/a> et Mikko Hirvonen ont fait leurs d\u00e9buts lors du rallye raid, pilotant respectivement pour Peugeot et Mini.<\/p>\n<p>La victoire dans la cat\u00e9gorie de voiture a \u00e9t\u00e9 intense entre les \u00e9quipes <a href=\"http:\/\/www.carideal.com\/blog\/marque-de-voiture-actualites-essais\/peugeot\/\">Peugeot<\/a>, et Mini X-Raid Team.<\/p>\n<p>Le <a href=\"http:\/\/www.carideal.com\/blog\/tag\/dakar-2017\/\">Rallye Dakar 2017<\/a> sera la 38\u00e8me \u00e9dition de l'\u00e9v\u00e9nement et la neuvi\u00e8me ann\u00e9e cons\u00e9cutive que l'\u00e9v\u00e9nement aura lieu en Am\u00e9rique du Sud. L'\u00e9v\u00e9nement d\u00e9butera \u00e0 Asunc\u00edon, au Paraguay le 2 janvier, puis passera par la Bolivie et l'Argentine, avant de retourner \u00e0 Buenos Aires le 14 janvier apr\u00e8s 12 \u00e9tapes de comp\u00e9tition.<\/p>\n","protected":false},"excerpt":{"rendered":"<p>Sans doute le rallye le plus connu au monde, le Dakar, a commenc\u00e9 litt\u00e9ralement par accident. Le coureur moto Thierry Sabine \u00e9tait en comp\u00e9tition dans une course d&rsquo;Abijan \u00e0 Nice, quand il s&rsquo;est perdu dans le d\u00e9sert du Tenere. Alors qu&rsquo;il planifiait sa sortie, il lui sembla que c&rsquo;\u00e9tait l&rsquo;endroit id\u00e9al pour une course\u00a0d&rsquo;endurance. Un &#8230; <a title=\"Histoire du rallye Dakar\" class=\"read-more\" href=\"https:\/\/www.carideal.com\/blog\/2016\/12\/24\/histoire-du-rallye-dakar\/\" aria-label=\"En savoir plus sur Histoire du rallye Dakar\">Lire plus<\/a><\/p>\n","protected":false},"author":3,"featured_media":14328,"comment_status":"open","ping_status":"open","sticky":false,"template":"","format":"standard","meta":{"_uag_custom_page_level_css":"","_themeisle_gutenberg_block_has_review":false,"footnotes":""},"categories":[6043,16],"tags":[6048,4615,1284],"class_list":["post-14318","post","type-post","status-publish","format-standard","has-post-thumbnail","hentry","category-dakar","category-sport-auto","tag-accident-dakar","tag-mikko-hirvonen","tag-sebastien-loeb"],"wppr_data":{"cwp_meta_box_check":"No"},"yoast_head":"<!-- This site is optimized with the Yoast SEO plugin v24.8.1 - https:\/\/yoast.com\/wordpress\/plugins\/seo\/ -->\n<title>Histoire du rallye Dakar - Blog auto Carid\u00e9al<\/title>\n<meta name=\"description\" content=\"Sans doute le rallye le plus connu au monde, l&#039;histoire du Rallye Dakar, a commenc\u00e9 litt\u00e9ralement par accident Thierry Sabine s&#039;\u00e9tant perdu dans le T\u00e9n\u00e9r\u00e9\" \/>\n<meta name=\"robots\" content=\"index, follow, max-snippet:-1, max-image-preview:large, max-video-preview:-1\" \/>\n<link rel=\"canonical\" href=\"https:\/\/www.carideal.com\/blog\/2016\/12\/24\/histoire-du-rallye-dakar\/\" \/>\n<meta property=\"og:locale\" content=\"fr_FR\" \/>\n<meta property=\"og:type\" content=\"article\" \/>\n<meta property=\"og:title\" content=\"Histoire du rallye Dakar - Blog auto Carid\u00e9al\" \/>\n<meta property=\"og:description\" content=\"Sans doute le rallye le plus connu au monde, l&#039;histoire du Rallye Dakar, a commenc\u00e9 litt\u00e9ralement par accident Thierry Sabine s&#039;\u00e9tant perdu dans le T\u00e9n\u00e9r\u00e9\" \/>\n<meta property=\"og:url\" content=\"https:\/\/www.carideal.com\/blog\/2016\/12\/24\/histoire-du-rallye-dakar\/\" \/>\n<meta property=\"og:site_name\" content=\"Blog auto Carid\u00e9al\" \/>\n<meta property=\"article:publisher\" content=\"https:\/\/www.facebook.com\/Carideal.mandataire.automobile\" \/>\n<meta property=\"article:author\" content=\"https:\/\/www.facebook.com\/nicolas.schiavon.39\" \/>\n<meta property=\"article:published_time\" content=\"2016-12-24T10:12:32+00:00\" \/>\n<meta property=\"article:modified_time\" content=\"2018-10-04T09:16:34+00:00\" \/>\n<meta property=\"og:image\" content=\"https:\/\/www.carideal.com\/blog\/wp-content\/uploads\/2016\/12\/Dakar2017.jpg\" \/>\n\t<meta property=\"og:image:width\" content=\"800\" \/>\n\t<meta property=\"og:image:height\" content=\"610\" \/>\n\t<meta property=\"og:image:type\" content=\"image\/jpeg\" \/>\n<meta name=\"author\" content=\"Nicolas SCHIAVON\" \/>\n<meta name=\"twitter:card\" content=\"summary_large_image\" \/>\n<meta name=\"twitter:creator\" content=\"@caridealauto\" \/>\n<meta name=\"twitter:site\" content=\"@caridealauto\" \/>\n<meta name=\"twitter:label1\" content=\"\u00c9crit par\" \/>\n\t<meta name=\"twitter:data1\" content=\"Nicolas SCHIAVON\" \/>\n\t<meta name=\"twitter:label2\" content=\"Dur\u00e9e de lecture estim\u00e9e\" \/>\n\t<meta name=\"twitter:data2\" content=\"4 minutes\" \/>\n<script type=\"application\/ld+json\" class=\"yoast-schema-graph\">{\"@context\":\"https:\/\/schema.org\",\"@graph\":[{\"@type\":\"Article\",\"@id\":\"https:\/\/www.carideal.com\/blog\/2016\/12\/24\/histoire-du-rallye-dakar\/#article\",\"isPartOf\":{\"@id\":\"https:\/\/www.carideal.com\/blog\/2016\/12\/24\/histoire-du-rallye-dakar\/\"},\"author\":{\"name\":\"Nicolas SCHIAVON\",\"@id\":\"https:\/\/www.carideal.com\/blog\/#\/schema\/person\/cd95dc7919660de90d31b366f85be1ec\"},\"headline\":\"Histoire du rallye Dakar\",\"datePublished\":\"2016-12-24T10:12:32+00:00\",\"dateModified\":\"2018-10-04T09:16:34+00:00\",\"mainEntityOfPage\":{\"@id\":\"https:\/\/www.carideal.com\/blog\/2016\/12\/24\/histoire-du-rallye-dakar\/\"},\"wordCount\":828,\"commentCount\":0,\"publisher\":{\"@id\":\"https:\/\/www.carideal.com\/blog\/#organization\"},\"image\":{\"@id\":\"https:\/\/www.carideal.com\/blog\/2016\/12\/24\/histoire-du-rallye-dakar\/#primaryimage\"},\"thumbnailUrl\":\"https:\/\/www.carideal.com\/blog\/wp-content\/uploads\/2016\/12\/Dakar2017.jpg\",\"keywords\":[\"Accident Paris Dakar\",\"Mikko Hirvonen\",\"Sebastien Loeb Champion du monde\"],\"articleSection\":[\"Rallye Dakar\",\"Sport Automobile\"],\"inLanguage\":\"fr-FR\",\"potentialAction\":[{\"@type\":\"CommentAction\",\"name\":\"Comment\",\"target\":[\"https:\/\/www.carideal.com\/blog\/2016\/12\/24\/histoire-du-rallye-dakar\/#respond\"]}]},{\"@type\":\"WebPage\",\"@id\":\"https:\/\/www.carideal.com\/blog\/2016\/12\/24\/histoire-du-rallye-dakar\/\",\"url\":\"https:\/\/www.carideal.com\/blog\/2016\/12\/24\/histoire-du-rallye-dakar\/\",\"name\":\"Histoire du rallye Dakar - Blog auto Carid\u00e9al\",\"isPartOf\":{\"@id\":\"https:\/\/www.carideal.com\/blog\/#website\"},\"primaryImageOfPage\":{\"@id\":\"https:\/\/www.carideal.com\/blog\/2016\/12\/24\/histoire-du-rallye-dakar\/#primaryimage\"},\"image\":{\"@id\":\"https:\/\/www.carideal.com\/blog\/2016\/12\/24\/histoire-du-rallye-dakar\/#primaryimage\"},\"thumbnailUrl\":\"https:\/\/www.carideal.com\/blog\/wp-content\/uploads\/2016\/12\/Dakar2017.jpg\",\"datePublished\":\"2016-12-24T10:12:32+00:00\",\"dateModified\":\"2018-10-04T09:16:34+00:00\",\"description\":\"Sans doute le rallye le plus connu au monde, l'histoire du Rallye Dakar, a commenc\u00e9 litt\u00e9ralement par accident Thierry Sabine s'\u00e9tant perdu dans le T\u00e9n\u00e9r\u00e9\",\"breadcrumb\":{\"@id\":\"https:\/\/www.carideal.com\/blog\/2016\/12\/24\/histoire-du-rallye-dakar\/#breadcrumb\"},\"inLanguage\":\"fr-FR\",\"potentialAction\":[{\"@type\":\"ReadAction\",\"target\":[\"https:\/\/www.carideal.com\/blog\/2016\/12\/24\/histoire-du-rallye-dakar\/\"]}]},{\"@type\":\"ImageObject\",\"inLanguage\":\"fr-FR\",\"@id\":\"https:\/\/www.carideal.com\/blog\/2016\/12\/24\/histoire-du-rallye-dakar\/#primaryimage\",\"url\":\"https:\/\/www.carideal.com\/blog\/wp-content\/uploads\/2016\/12\/Dakar2017.jpg\",\"contentUrl\":\"https:\/\/www.carideal.com\/blog\/wp-content\/uploads\/2016\/12\/Dakar2017.jpg\",\"width\":800,\"height\":610,\"caption\":\"Dakar 2017 - L'histoire du rallye Dakar\"},{\"@type\":\"BreadcrumbList\",\"@id\":\"https:\/\/www.carideal.com\/blog\/2016\/12\/24\/histoire-du-rallye-dakar\/#breadcrumb\",\"itemListElement\":[{\"@type\":\"ListItem\",\"position\":1,\"name\":\"Blog Carid\u00e9al\",\"item\":\"https:\/\/www.carideal.com\/blog\/\"},{\"@type\":\"ListItem\",\"position\":2,\"name\":\"Sport Automobile\",\"item\":\"https:\/\/www.carideal.com\/blog\/sport-auto\/\"},{\"@type\":\"ListItem\",\"position\":3,\"name\":\"Rallye Dakar\",\"item\":\"https:\/\/www.carideal.com\/blog\/sport-auto\/dakar\/\"},{\"@type\":\"ListItem\",\"position\":4,\"name\":\"Histoire du rallye Dakar\"}]},{\"@type\":\"WebSite\",\"@id\":\"https:\/\/www.carideal.com\/blog\/#website\",\"url\":\"https:\/\/www.carideal.com\/blog\/\",\"name\":\"Blog auto Carid\u00e9al\",\"description\":\"Actualit\u00e9 auto par des passionn\u00e9s\",\"publisher\":{\"@id\":\"https:\/\/www.carideal.com\/blog\/#organization\"},\"potentialAction\":[{\"@type\":\"SearchAction\",\"target\":{\"@type\":\"EntryPoint\",\"urlTemplate\":\"https:\/\/www.carideal.com\/blog\/?s={search_term_string}\"},\"query-input\":{\"@type\":\"PropertyValueSpecification\",\"valueRequired\":true,\"valueName\":\"search_term_string\"}}],\"inLanguage\":\"fr-FR\"},{\"@type\":\"Organization\",\"@id\":\"https:\/\/www.carideal.com\/blog\/#organization\",\"name\":\"Carideal\",\"url\":\"https:\/\/www.carideal.com\/blog\/\",\"logo\":{\"@type\":\"ImageObject\",\"inLanguage\":\"fr-FR\",\"@id\":\"https:\/\/www.carideal.com\/blog\/#\/schema\/logo\/image\/\",\"url\":\"http:\/\/www.carideal.com\/blog\/wp-content\/uploads\/2016\/03\/logo-carideal-mandataire-automobile.png\",\"contentUrl\":\"http:\/\/www.carideal.com\/blog\/wp-content\/uploads\/2016\/03\/logo-carideal-mandataire-automobile.png\",\"width\":300,\"height\":300,\"caption\":\"Carideal\"},\"image\":{\"@id\":\"https:\/\/www.carideal.com\/blog\/#\/schema\/logo\/image\/\"},\"sameAs\":[\"https:\/\/www.facebook.com\/Carideal.mandataire.automobile\",\"https:\/\/x.com\/caridealauto\",\"https:\/\/www.instagram.com\/carideal1\/\",\"https:\/\/www.linkedin.com\/company\/carideal.com\",\"https:\/\/fr.pinterest.com\/schiavonsas\/\",\"https:\/\/www.youtube.com\/user\/caridealsas\"]},{\"@type\":\"Person\",\"@id\":\"https:\/\/www.carideal.com\/blog\/#\/schema\/person\/cd95dc7919660de90d31b366f85be1ec\",\"name\":\"Nicolas SCHIAVON\",\"image\":{\"@type\":\"ImageObject\",\"inLanguage\":\"fr-FR\",\"@id\":\"https:\/\/www.carideal.com\/blog\/#\/schema\/person\/image\/\",\"url\":\"https:\/\/secure.gravatar.com\/avatar\/c17e55009e671d92cc7f5dc837dc418a?s=96&r=g\",\"contentUrl\":\"https:\/\/secure.gravatar.com\/avatar\/c17e55009e671d92cc7f5dc837dc418a?s=96&r=g\",\"caption\":\"Nicolas SCHIAVON\"},\"description\":\"Nicolas Schiavon est tomb\u00e9 tout petit dans la marmite automobile. Ayant eu un garage de marque automobile, mandataire automobile de la premi\u00e8re heure d\u00e8s 1999. Nicolas a cr\u00e9\u00e9 ces premiers sites de vente de voiture et blog automobile d\u00e8s 1994. Carideal est n\u00e9 le 15 d\u00e9cembre 2000 de la volont\u00e9 de vendre des voitures d'occasions en ligne puis des voitures neuves. Il a pu essayer beaucoup de voitures tr\u00e8s diff\u00e9rentes et ayant eu personnellement quelques belles autos, Subaru Impreza, Mitsubishi Lancer Evo 7, Porsche 911, Ferrari Testarrossa, Audi RS3, RS4 et j'en passe...\",\"sameAs\":[\"http:\/\/www.carideal.com\",\"https:\/\/www.facebook.com\/nicolas.schiavon.39\",\"https:\/\/www.instagram.com\/carideal1\/\",\"https:\/\/www.linkedin.com\/in\/nschiavon\/\",\"https:\/\/x.com\/caridealauto\",\"https:\/\/www.youtube.com\/user\/caridealsas\/\"],\"url\":\"https:\/\/www.carideal.com\/blog\/author\/nschiavon\/\"}]}<\/script>\n<!-- \/ Yoast SEO plugin. -->","yoast_head_json":{"title":"Histoire du rallye Dakar - Blog auto Carid\u00e9al","description":"Sans doute le rallye le plus connu au monde, l'histoire du Rallye Dakar, a commenc\u00e9 litt\u00e9ralement par accident Thierry Sabine s'\u00e9tant perdu dans le T\u00e9n\u00e9r\u00e9","robots":{"index":"index","follow":"follow","max-snippet":"max-snippet:-1","max-image-preview":"max-image-preview:large","max-video-preview":"max-video-preview:-1"},"canonical":"https:\/\/www.carideal.com\/blog\/2016\/12\/24\/histoire-du-rallye-dakar\/","og_locale":"fr_FR","og_type":"article","og_title":"Histoire du rallye Dakar - Blog auto Carid\u00e9al","og_description":"Sans doute le rallye le plus connu au monde, l'histoire du Rallye Dakar, a commenc\u00e9 litt\u00e9ralement par accident Thierry Sabine s'\u00e9tant perdu dans le T\u00e9n\u00e9r\u00e9","og_url":"https:\/\/www.carideal.com\/blog\/2016\/12\/24\/histoire-du-rallye-dakar\/","og_site_name":"Blog auto Carid\u00e9al","article_publisher":"https:\/\/www.facebook.com\/Carideal.mandataire.automobile","article_author":"https:\/\/www.facebook.com\/nicolas.schiavon.39","article_published_time":"2016-12-24T10:12:32+00:00","article_modified_time":"2018-10-04T09:16:34+00:00","og_image":[{"width":800,"height":610,"url":"https:\/\/www.carideal.com\/blog\/wp-content\/uploads\/2016\/12\/Dakar2017.jpg","type":"image\/jpeg"}],"author":"Nicolas SCHIAVON","twitter_card":"summary_large_image","twitter_creator":"@caridealauto","twitter_site":"@caridealauto","twitter_misc":{"\u00c9crit par":"Nicolas SCHIAVON","Dur\u00e9e de lecture estim\u00e9e":"4 minutes"},"schema":{"@context":"https:\/\/schema.org","@graph":[{"@type":"Article","@id":"https:\/\/www.carideal.com\/blog\/2016\/12\/24\/histoire-du-rallye-dakar\/#article","isPartOf":{"@id":"https:\/\/www.carideal.com\/blog\/2016\/12\/24\/histoire-du-rallye-dakar\/"},"author":{"name":"Nicolas SCHIAVON","@id":"https:\/\/www.carideal.com\/blog\/#\/schema\/person\/cd95dc7919660de90d31b366f85be1ec"},"headline":"Histoire du rallye Dakar","datePublished":"2016-12-24T10:12:32+00:00","dateModified":"2018-10-04T09:16:34+00:00","mainEntityOfPage":{"@id":"https:\/\/www.carideal.com\/blog\/2016\/12\/24\/histoire-du-rallye-dakar\/"},"wordCount":828,"commentCount":0,"publisher":{"@id":"https:\/\/www.carideal.com\/blog\/#organization"},"image":{"@id":"https:\/\/www.carideal.com\/blog\/2016\/12\/24\/histoire-du-rallye-dakar\/#primaryimage"},"thumbnailUrl":"https:\/\/www.carideal.com\/blog\/wp-content\/uploads\/2016\/12\/Dakar2017.jpg","keywords":["Accident Paris Dakar","Mikko Hirvonen","Sebastien Loeb Champion du monde"],"articleSection":["Rallye Dakar","Sport Automobile"],"inLanguage":"fr-FR","potentialAction":[{"@type":"CommentAction","name":"Comment","target":["https:\/\/www.carideal.com\/blog\/2016\/12\/24\/histoire-du-rallye-dakar\/#respond"]}]},{"@type":"WebPage","@id":"https:\/\/www.carideal.com\/blog\/2016\/12\/24\/histoire-du-rallye-dakar\/","url":"https:\/\/www.carideal.com\/blog\/2016\/12\/24\/histoire-du-rallye-dakar\/","name":"Histoire du rallye Dakar - Blog auto Carid\u00e9al","isPartOf":{"@id":"https:\/\/www.carideal.com\/blog\/#website"},"primaryImageOfPage":{"@id":"https:\/\/www.carideal.com\/blog\/2016\/12\/24\/histoire-du-rallye-dakar\/#primaryimage"},"image":{"@id":"https:\/\/www.carideal.com\/blog\/2016\/12\/24\/histoire-du-rallye-dakar\/#primaryimage"},"thumbnailUrl":"https:\/\/www.carideal.com\/blog\/wp-content\/uploads\/2016\/12\/Dakar2017.jpg","datePublished":"2016-12-24T10:12:32+00:00","dateModified":"2018-10-04T09:16:34+00:00","description":"Sans doute le rallye le plus connu au monde, l'histoire du Rallye Dakar, a commenc\u00e9 litt\u00e9ralement par accident Thierry Sabine s'\u00e9tant perdu dans le T\u00e9n\u00e9r\u00e9","breadcrumb":{"@id":"https:\/\/www.carideal.com\/blog\/2016\/12\/24\/histoire-du-rallye-dakar\/#breadcrumb"},"inLanguage":"fr-FR","potentialAction":[{"@type":"ReadAction","target":["https:\/\/www.carideal.com\/blog\/2016\/12\/24\/histoire-du-rallye-dakar\/"]}]},{"@type":"ImageObject","inLanguage":"fr-FR","@id":"https:\/\/www.carideal.com\/blog\/2016\/12\/24\/histoire-du-rallye-dakar\/#primaryimage","url":"https:\/\/www.carideal.com\/blog\/wp-content\/uploads\/2016\/12\/Dakar2017.jpg","contentUrl":"https:\/\/www.carideal.com\/blog\/wp-content\/uploads\/2016\/12\/Dakar2017.jpg","width":800,"height":610,"caption":"Dakar 2017 - L'histoire du rallye Dakar"},{"@type":"BreadcrumbList","@id":"https:\/\/www.carideal.com\/blog\/2016\/12\/24\/histoire-du-rallye-dakar\/#breadcrumb","itemListElement":[{"@type":"ListItem","position":1,"name":"Blog Carid\u00e9al","item":"https:\/\/www.carideal.com\/blog\/"},{"@type":"ListItem","position":2,"name":"Sport Automobile","item":"https:\/\/www.carideal.com\/blog\/sport-auto\/"},{"@type":"ListItem","position":3,"name":"Rallye Dakar","item":"https:\/\/www.carideal.com\/blog\/sport-auto\/dakar\/"},{"@type":"ListItem","position":4,"name":"Histoire du rallye Dakar"}]},{"@type":"WebSite","@id":"https:\/\/www.carideal.com\/blog\/#website","url":"https:\/\/www.carideal.com\/blog\/","name":"Blog auto Carid\u00e9al","description":"Actualit\u00e9 auto par des passionn\u00e9s","publisher":{"@id":"https:\/\/www.carideal.com\/blog\/#organization"},"potentialAction":[{"@type":"SearchAction","target":{"@type":"EntryPoint","urlTemplate":"https:\/\/www.carideal.com\/blog\/?s={search_term_string}"},"query-input":{"@type":"PropertyValueSpecification","valueRequired":true,"valueName":"search_term_string"}}],"inLanguage":"fr-FR"},{"@type":"Organization","@id":"https:\/\/www.carideal.com\/blog\/#organization","name":"Carideal","url":"https:\/\/www.carideal.com\/blog\/","logo":{"@type":"ImageObject","inLanguage":"fr-FR","@id":"https:\/\/www.carideal.com\/blog\/#\/schema\/logo\/image\/","url":"http:\/\/www.carideal.com\/blog\/wp-content\/uploads\/2016\/03\/logo-carideal-mandataire-automobile.png","contentUrl":"http:\/\/www.carideal.com\/blog\/wp-content\/uploads\/2016\/03\/logo-carideal-mandataire-automobile.png","width":300,"height":300,"caption":"Carideal"},"image":{"@id":"https:\/\/www.carideal.com\/blog\/#\/schema\/logo\/image\/"},"sameAs":["https:\/\/www.facebook.com\/Carideal.mandataire.automobile","https:\/\/x.com\/caridealauto","https:\/\/www.instagram.com\/carideal1\/","https:\/\/www.linkedin.com\/company\/carideal.com","https:\/\/fr.pinterest.com\/schiavonsas\/","https:\/\/www.youtube.com\/user\/caridealsas"]},{"@type":"Person","@id":"https:\/\/www.carideal.com\/blog\/#\/schema\/person\/cd95dc7919660de90d31b366f85be1ec","name":"Nicolas SCHIAVON","image":{"@type":"ImageObject","inLanguage":"fr-FR","@id":"https:\/\/www.carideal.com\/blog\/#\/schema\/person\/image\/","url":"https:\/\/secure.gravatar.com\/avatar\/c17e55009e671d92cc7f5dc837dc418a?s=96&r=g","contentUrl":"https:\/\/secure.gravatar.com\/avatar\/c17e55009e671d92cc7f5dc837dc418a?s=96&r=g","caption":"Nicolas SCHIAVON"},"description":"Nicolas Schiavon est tomb\u00e9 tout petit dans la marmite automobile. Ayant eu un garage de marque automobile, mandataire automobile de la premi\u00e8re heure d\u00e8s 1999. Nicolas a cr\u00e9\u00e9 ces premiers sites de vente de voiture et blog automobile d\u00e8s 1994. Carideal est n\u00e9 le 15 d\u00e9cembre 2000 de la volont\u00e9 de vendre des voitures d'occasions en ligne puis des voitures neuves. Il a pu essayer beaucoup de voitures tr\u00e8s diff\u00e9rentes et ayant eu personnellement quelques belles autos, Subaru Impreza, Mitsubishi Lancer Evo 7, Porsche 911, Ferrari Testarrossa, Audi RS3, RS4 et j'en passe...","sameAs":["http:\/\/www.carideal.com","https:\/\/www.facebook.com\/nicolas.schiavon.39","https:\/\/www.instagram.com\/carideal1\/","https:\/\/www.linkedin.com\/in\/nschiavon\/","https:\/\/x.com\/caridealauto","https:\/\/www.youtube.com\/user\/caridealsas\/"],"url":"https:\/\/www.carideal.com\/blog\/author\/nschiavon\/"}]}},"uagb_featured_image_src":{"full":["https:\/\/www.carideal.com\/blog\/wp-content\/uploads\/2016\/12\/Dakar2017.jpg",800,610,false],"thumbnail":["https:\/\/www.carideal.com\/blog\/wp-content\/uploads\/2016\/12\/Dakar2017-150x150.jpg",150,150,true],"medium":["https:\/\/www.carideal.com\/blog\/wp-content\/uploads\/2016\/12\/Dakar2017-300x229.jpg",300,229,true],"medium_large":["https:\/\/www.carideal.com\/blog\/wp-content\/uploads\/2016\/12\/Dakar2017-768x586.jpg",768,586,true],"large":["https:\/\/www.carideal.com\/blog\/wp-content\/uploads\/2016\/12\/Dakar2017.jpg",800,610,false],"1536x1536":["https:\/\/www.carideal.com\/blog\/wp-content\/uploads\/2016\/12\/Dakar2017.jpg",800,610,false],"2048x2048":["https:\/\/www.carideal.com\/blog\/wp-content\/uploads\/2016\/12\/Dakar2017.jpg",800,610,false],"wppr-widget":["https:\/\/www.carideal.com\/blog\/wp-content\/uploads\/2016\/12\/Dakar2017.jpg",50,38,false]},"uagb_author_info":{"display_name":"Nicolas SCHIAVON","author_link":"https:\/\/www.carideal.com\/blog\/author\/nschiavon\/"},"uagb_comment_info":0,"uagb_excerpt":"Sans doute le rallye le plus connu au monde, le Dakar, a commenc\u00e9 litt\u00e9ralement par accident. Le coureur moto Thierry Sabine \u00e9tait en comp\u00e9tition dans une course d'Abijan \u00e0 Nice, quand il s'est perdu dans le d\u00e9sert du Tenere. Alors qu'il planifiait sa sortie, il lui sembla que c'\u00e9tait l'endroit id\u00e9al pour une course\u00a0d'endurance. Un\u2026","_links":{"self":[{"href":"https:\/\/www.carideal.com\/blog\/wp-json\/wp\/v2\/posts\/14318"}],"collection":[{"href":"https:\/\/www.carideal.com\/blog\/wp-json\/wp\/v2\/posts"}],"about":[{"href":"https:\/\/www.carideal.com\/blog\/wp-json\/wp\/v2\/types\/post"}],"author":[{"embeddable":true,"href":"https:\/\/www.carideal.com\/blog\/wp-json\/wp\/v2\/users\/3"}],"replies":[{"embeddable":true,"href":"https:\/\/www.carideal.com\/blog\/wp-json\/wp\/v2\/comments?post=14318"}],"version-history":[{"count":0,"href":"https:\/\/www.carideal.com\/blog\/wp-json\/wp\/v2\/posts\/14318\/revisions"}],"wp:featuredmedia":[{"embeddable":true,"href":"https:\/\/www.carideal.com\/blog\/wp-json\/wp\/v2\/media\/14328"}],"wp:attachment":[{"href":"https:\/\/www.carideal.com\/blog\/wp-json\/wp\/v2\/media?parent=14318"}],"wp:term":[{"taxonomy":"category","embeddable":true,"href":"https:\/\/www.carideal.com\/blog\/wp-json\/wp\/v2\/categories?post=14318"},{"taxonomy":"post_tag","embeddable":true,"href":"https:\/\/www.carideal.com\/blog\/wp-json\/wp\/v2\/tags?post=14318"}],"curies":[{"name":"wp","href":"https:\/\/api.w.org\/{rel}","templated":true}]}}