{"id":1430,"date":"2013-09-01T18:48:00","date_gmt":"2013-09-01T18:48:00","guid":{"rendered":"http:\/\/carideal.com\/blog\/?p=1430"},"modified":"2025-04-03T15:06:02","modified_gmt":"2025-04-03T13:06:02","slug":"que-vaut-le-nouveau-renault-scenic-scenic-restyle","status":"publish","type":"post","link":"https:\/\/www.carideal.com\/blog\/2013\/09\/01\/que-vaut-le-nouveau-renault-scenic-scenic-restyle\/","title":{"rendered":"Renault Scenic Scenic 3 restyl\u00e9"},"content":{"rendered":"\n<figure class=\"wp-block-image alignnone\"><img decoding=\"async\" src=\"\/blog\/public\/.Renault_Scenic_2013_carideal-blog-automobile_m.jpg\" alt=\"Renault Scenic 3\"\/><figcaption class=\"wp-element-caption\">Renault Scenic 3<\/figcaption><\/figure>\n\n\n\n<h2 class=\"wp-block-heading\">Le nouveau Renault Scenic 3 deux fois restyl\u00e9 en quelques mois<\/h2>\n\n\n\n<p><span style=\"text-decoration: underline;\">Renault<\/span> a sans doute peur de la concurrence du <span style=\"text-decoration: underline;\">nouveau C4 Picasso<\/span> qui arrive et vient de restyl\u00e9 pour la deuxi\u00e8me fois son <span style=\"text-decoration: underline;\">Scenic<\/span> en quelques mois. Malgr\u00e9 la concurrence rude, et qui a su se renouveler sur le march\u00e9 des monospaces, les Ford C-Max, Kia Carens, Mercedes Classe B, Opel zafira, Volkswagen Touran, et Toyota Verso, le Sc\u00e9nic 3 reste en t\u00eate des ventes de son segment des monospaces en France.<br>\nMalgr\u00e9 les changements esth\u00e9tiques &nbsp;du Scenic 3, il n'y a aucun changement technique. Le moteur DCI 130 est \u00e0 son aise et tout son attirail technologique, pompe \u00e0 huile pilot\u00e9e, vanne EGR refroidie, temp\u00e9rature moteur pilot\u00e9e, injection de dernier crie, lui permet d'offrir un tr\u00e8s bon agr\u00e9ment, mais reste creux en dessous de 1500 tr\/min ce qui g\u00e8ne les relances du monospace d'autant plus qu'il est charg\u00e9 avec la famille et les bagages.<br>\nCe moteur associ\u00e9 au ch\u00e2ssis dynamique du Scenic 3 comblera le conducteur avec sa direction pr\u00e9cise, son freinage mordant. Seul le Ford C-Max pourrait suivre.<\/p>\n\n\n\n<p>Relisez notre essai du&nbsp;<span style=\"text-decoration: underline;\"><a href=\"http:\/\/www.carideal.com\/blog\/2013\/11\/17\/renault-scenic-et-citroen-c4-picasso-se-tirent-la-bourre-essai\/\">Renault Scenic VS nouveau Citroen C4 Picasso<\/a><\/span><br>\nLe confort aux places arri\u00e8res du Scenic 3, sera pourtant plus ferme, et on regrette toujours, la place du milieu toujours plus \u00e9troite. Il est \u00e9tonnant que Renault n'ai jamais pens\u00e9 \u00e0 changer cela, v\u00e9ritable handicap pour un monospace que de ne pouvoir y installer trois si\u00e8ges auto par exemple.<br>\nLe Scenic 3&nbsp;n'est pas avare de rangement avec ses trappes dans le plancher, tiroirs sous les si\u00e8ges et autre grand bac central coulissant qui permettent d'enfourner jusque 86 litres&nbsp;suppl\u00e9mentaires.<br>\nLe Renault Scenic reste cher en finition Bose il est propos\u00e9 en DCI 130 \u00e0 31100 \u20ac face \u00e0 la concurrence surtout asiatique et au nouveau Citroen C4 Picasso qui arrive.<\/p>\n\n\n\n<p>&nbsp;<\/p>\n","protected":false},"excerpt":{"rendered":"<p>Le nouveau Renault Scenic 3 deux fois restyl\u00e9 en quelques mois Renault a sans doute peur de la concurrence du nouveau C4 Picasso qui arrive et vient de restyl\u00e9 pour la deuxi\u00e8me fois son Scenic en quelques mois. Malgr\u00e9 la concurrence rude, et qui a su se renouveler sur le march\u00e9 des monospaces, les Ford &#8230; <a title=\"Renault Scenic Scenic 3 restyl\u00e9\" class=\"read-more\" href=\"https:\/\/www.carideal.com\/blog\/2013\/09\/01\/que-vaut-le-nouveau-renault-scenic-scenic-restyle\/\" aria-label=\"En savoir plus sur Renault Scenic Scenic 3 restyl\u00e9\">Lire plus<\/a><\/p>\n","protected":false},"author":1,"featured_media":0,"comment_status":"open","ping_status":"open","sticky":false,"template":"","format":"standard","meta":{"_uag_custom_page_level_css":"","_themeisle_gutenberg_block_has_review":false,"footnotes":""},"categories":[10],"tags":[],"class_list":["post-1430","post","type-post","status-publish","format-standard","hentry","category-marche-automobile-voiture-neuve-occasion-4x4-suv"],"wppr_data":{"cwp_meta_box_check":"No"},"yoast_head":"<!-- This site is optimized with the Yoast SEO plugin v24.8.1 - https:\/\/yoast.com\/wordpress\/plugins\/seo\/ -->\n<title>Renault Scenic Scenic 3 restyl\u00e9 - Blog auto Carid\u00e9al<\/title>\n<meta name=\"description\" content=\"Le nouveau Renault Scenic 3 deux fois restyl\u00e9 en quelques mois Renault a sans doute peur de la concurrence du nouveau C4 Picasso qui arrive\" \/>\n<meta name=\"robots\" content=\"index, follow, max-snippet:-1, max-image-preview:large, max-video-preview:-1\" \/>\n<link rel=\"canonical\" href=\"https:\/\/www.carideal.com\/blog\/2013\/09\/01\/que-vaut-le-nouveau-renault-scenic-scenic-restyle\/\" \/>\n<meta property=\"og:locale\" content=\"fr_FR\" \/>\n<meta property=\"og:type\" content=\"article\" \/>\n<meta property=\"og:title\" content=\"Renault Scenic Scenic 3 restyl\u00e9 - Blog auto Carid\u00e9al\" \/>\n<meta property=\"og:description\" content=\"Le nouveau Renault Scenic 3 deux fois restyl\u00e9 en quelques mois Renault a sans doute peur de la concurrence du nouveau C4 Picasso qui arrive\" \/>\n<meta property=\"og:url\" content=\"https:\/\/www.carideal.com\/blog\/2013\/09\/01\/que-vaut-le-nouveau-renault-scenic-scenic-restyle\/\" \/>\n<meta property=\"og:site_name\" content=\"Blog auto Carid\u00e9al\" \/>\n<meta property=\"article:publisher\" content=\"https:\/\/www.facebook.com\/Carideal.mandataire.automobile\" \/>\n<meta property=\"article:author\" content=\"https:\/\/www.facebook.com\/Carideal.mandataire.automobile\/\" \/>\n<meta property=\"article:published_time\" content=\"2013-09-01T18:48:00+00:00\" \/>\n<meta property=\"article:modified_time\" content=\"2025-04-03T13:06:02+00:00\" \/>\n<meta property=\"og:image\" content=\"https:\/\/www.carideal.com\/blog\/wp-content\/uploads\/2016\/03\/logo-carideal-mandataire-automobile.png\" \/>\n\t<meta property=\"og:image:width\" content=\"300\" \/>\n\t<meta property=\"og:image:height\" content=\"300\" \/>\n\t<meta property=\"og:image:type\" content=\"image\/png\" \/>\n<meta name=\"author\" content=\"N.S Carideal\" \/>\n<meta name=\"twitter:card\" content=\"summary_large_image\" \/>\n<meta name=\"twitter:creator\" content=\"@caridealauto\" \/>\n<meta name=\"twitter:site\" content=\"@caridealauto\" \/>\n<meta name=\"twitter:label1\" content=\"\u00c9crit par\" \/>\n\t<meta name=\"twitter:data1\" content=\"N.S Carideal\" \/>\n\t<meta name=\"twitter:label2\" content=\"Dur\u00e9e de lecture estim\u00e9e\" \/>\n\t<meta name=\"twitter:data2\" content=\"2 minutes\" \/>\n<script type=\"application\/ld+json\" class=\"yoast-schema-graph\">{\"@context\":\"https:\/\/schema.org\",\"@graph\":[{\"@type\":\"Article\",\"@id\":\"https:\/\/www.carideal.com\/blog\/2013\/09\/01\/que-vaut-le-nouveau-renault-scenic-scenic-restyle\/#article\",\"isPartOf\":{\"@id\":\"https:\/\/www.carideal.com\/blog\/2013\/09\/01\/que-vaut-le-nouveau-renault-scenic-scenic-restyle\/\"},\"author\":{\"name\":\"N.S Carideal\",\"@id\":\"https:\/\/www.carideal.com\/blog\/#\/schema\/person\/985c7e757d1042d647f21bfaf8d41ebc\"},\"headline\":\"Renault Scenic Scenic 3 restyl\u00e9\",\"datePublished\":\"2013-09-01T18:48:00+00:00\",\"dateModified\":\"2025-04-03T13:06:02+00:00\",\"mainEntityOfPage\":{\"@id\":\"https:\/\/www.carideal.com\/blog\/2013\/09\/01\/que-vaut-le-nouveau-renault-scenic-scenic-restyle\/\"},\"wordCount\":316,\"commentCount\":0,\"publisher\":{\"@id\":\"https:\/\/www.carideal.com\/blog\/#organization\"},\"articleSection\":[\"March\u00e9 automobile\"],\"inLanguage\":\"fr-FR\",\"potentialAction\":[{\"@type\":\"CommentAction\",\"name\":\"Comment\",\"target\":[\"https:\/\/www.carideal.com\/blog\/2013\/09\/01\/que-vaut-le-nouveau-renault-scenic-scenic-restyle\/#respond\"]}]},{\"@type\":\"WebPage\",\"@id\":\"https:\/\/www.carideal.com\/blog\/2013\/09\/01\/que-vaut-le-nouveau-renault-scenic-scenic-restyle\/\",\"url\":\"https:\/\/www.carideal.com\/blog\/2013\/09\/01\/que-vaut-le-nouveau-renault-scenic-scenic-restyle\/\",\"name\":\"Renault Scenic Scenic 3 restyl\u00e9 - Blog auto Carid\u00e9al\",\"isPartOf\":{\"@id\":\"https:\/\/www.carideal.com\/blog\/#website\"},\"datePublished\":\"2013-09-01T18:48:00+00:00\",\"dateModified\":\"2025-04-03T13:06:02+00:00\",\"description\":\"Le nouveau Renault Scenic 3 deux fois restyl\u00e9 en quelques mois Renault a sans doute peur de la concurrence du nouveau C4 Picasso qui arrive\",\"breadcrumb\":{\"@id\":\"https:\/\/www.carideal.com\/blog\/2013\/09\/01\/que-vaut-le-nouveau-renault-scenic-scenic-restyle\/#breadcrumb\"},\"inLanguage\":\"fr-FR\",\"potentialAction\":[{\"@type\":\"ReadAction\",\"target\":[\"https:\/\/www.carideal.com\/blog\/2013\/09\/01\/que-vaut-le-nouveau-renault-scenic-scenic-restyle\/\"]}]},{\"@type\":\"BreadcrumbList\",\"@id\":\"https:\/\/www.carideal.com\/blog\/2013\/09\/01\/que-vaut-le-nouveau-renault-scenic-scenic-restyle\/#breadcrumb\",\"itemListElement\":[{\"@type\":\"ListItem\",\"position\":1,\"name\":\"Blog Carid\u00e9al\",\"item\":\"https:\/\/www.carideal.com\/blog\/\"},{\"@type\":\"ListItem\",\"position\":2,\"name\":\"March\u00e9 automobile\",\"item\":\"https:\/\/www.carideal.com\/blog\/marche-automobile-voiture-neuve-occasion-4x4-suv\/\"},{\"@type\":\"ListItem\",\"position\":3,\"name\":\"Renault Scenic Scenic 3 restyl\u00e9\"}]},{\"@type\":\"WebSite\",\"@id\":\"https:\/\/www.carideal.com\/blog\/#website\",\"url\":\"https:\/\/www.carideal.com\/blog\/\",\"name\":\"Blog auto Carid\u00e9al\",\"description\":\"Actualit\u00e9 auto par des passionn\u00e9s\",\"publisher\":{\"@id\":\"https:\/\/www.carideal.com\/blog\/#organization\"},\"potentialAction\":[{\"@type\":\"SearchAction\",\"target\":{\"@type\":\"EntryPoint\",\"urlTemplate\":\"https:\/\/www.carideal.com\/blog\/?s={search_term_string}\"},\"query-input\":{\"@type\":\"PropertyValueSpecification\",\"valueRequired\":true,\"valueName\":\"search_term_string\"}}],\"inLanguage\":\"fr-FR\"},{\"@type\":\"Organization\",\"@id\":\"https:\/\/www.carideal.com\/blog\/#organization\",\"name\":\"Carideal\",\"url\":\"https:\/\/www.carideal.com\/blog\/\",\"logo\":{\"@type\":\"ImageObject\",\"inLanguage\":\"fr-FR\",\"@id\":\"https:\/\/www.carideal.com\/blog\/#\/schema\/logo\/image\/\",\"url\":\"http:\/\/www.carideal.com\/blog\/wp-content\/uploads\/2016\/03\/logo-carideal-mandataire-automobile.png\",\"contentUrl\":\"http:\/\/www.carideal.com\/blog\/wp-content\/uploads\/2016\/03\/logo-carideal-mandataire-automobile.png\",\"width\":300,\"height\":300,\"caption\":\"Carideal\"},\"image\":{\"@id\":\"https:\/\/www.carideal.com\/blog\/#\/schema\/logo\/image\/\"},\"sameAs\":[\"https:\/\/www.facebook.com\/Carideal.mandataire.automobile\",\"https:\/\/x.com\/caridealauto\",\"https:\/\/www.instagram.com\/carideal1\/\",\"https:\/\/www.linkedin.com\/company\/carideal.com\",\"https:\/\/fr.pinterest.com\/schiavonsas\/\",\"https:\/\/www.youtube.com\/user\/caridealsas\"]},{\"@type\":\"Person\",\"@id\":\"https:\/\/www.carideal.com\/blog\/#\/schema\/person\/985c7e757d1042d647f21bfaf8d41ebc\",\"name\":\"N.S Carideal\",\"image\":{\"@type\":\"ImageObject\",\"inLanguage\":\"fr-FR\",\"@id\":\"https:\/\/www.carideal.com\/blog\/#\/schema\/person\/image\/\",\"url\":\"https:\/\/secure.gravatar.com\/avatar\/edb7ccdf1a4e3d14aef967760d354d0e?s=96&r=g\",\"contentUrl\":\"https:\/\/secure.gravatar.com\/avatar\/edb7ccdf1a4e3d14aef967760d354d0e?s=96&r=g\",\"caption\":\"N.S Carideal\"},\"description\":\"Depuis tout petit fan d'automobile. Il est question d'essayer et de comparer toutes ces voitures qui nous ont fait r\u00e9ver, avant que celles-ci ne devient uniquement des voitures de collection.\",\"sameAs\":[\"http:\/\/www.carideal.com\/blog\",\"https:\/\/www.facebook.com\/Carideal.mandataire.automobile\/\",\"https:\/\/www.linkedin.com\/in\/nschiavon\/\",\"https:\/\/www.youtube.com\/user\/caridealsas\/\"],\"url\":\"https:\/\/www.carideal.com\/blog\/author\/admin_carideal\/\"}]}<\/script>\n<!-- \/ Yoast SEO plugin. -->","yoast_head_json":{"title":"Renault Scenic Scenic 3 restyl\u00e9 - Blog auto Carid\u00e9al","description":"Le nouveau Renault Scenic 3 deux fois restyl\u00e9 en quelques mois Renault a sans doute peur de la concurrence du nouveau C4 Picasso qui arrive","robots":{"index":"index","follow":"follow","max-snippet":"max-snippet:-1","max-image-preview":"max-image-preview:large","max-video-preview":"max-video-preview:-1"},"canonical":"https:\/\/www.carideal.com\/blog\/2013\/09\/01\/que-vaut-le-nouveau-renault-scenic-scenic-restyle\/","og_locale":"fr_FR","og_type":"article","og_title":"Renault Scenic Scenic 3 restyl\u00e9 - Blog auto Carid\u00e9al","og_description":"Le nouveau Renault Scenic 3 deux fois restyl\u00e9 en quelques mois Renault a sans doute peur de la concurrence du nouveau C4 Picasso qui arrive","og_url":"https:\/\/www.carideal.com\/blog\/2013\/09\/01\/que-vaut-le-nouveau-renault-scenic-scenic-restyle\/","og_site_name":"Blog auto Carid\u00e9al","article_publisher":"https:\/\/www.facebook.com\/Carideal.mandataire.automobile","article_author":"https:\/\/www.facebook.com\/Carideal.mandataire.automobile\/","article_published_time":"2013-09-01T18:48:00+00:00","article_modified_time":"2025-04-03T13:06:02+00:00","og_image":[{"width":300,"height":300,"url":"https:\/\/www.carideal.com\/blog\/wp-content\/uploads\/2016\/03\/logo-carideal-mandataire-automobile.png","type":"image\/png"}],"author":"N.S Carideal","twitter_card":"summary_large_image","twitter_creator":"@caridealauto","twitter_site":"@caridealauto","twitter_misc":{"\u00c9crit par":"N.S Carideal","Dur\u00e9e de lecture estim\u00e9e":"2 minutes"},"schema":{"@context":"https:\/\/schema.org","@graph":[{"@type":"Article","@id":"https:\/\/www.carideal.com\/blog\/2013\/09\/01\/que-vaut-le-nouveau-renault-scenic-scenic-restyle\/#article","isPartOf":{"@id":"https:\/\/www.carideal.com\/blog\/2013\/09\/01\/que-vaut-le-nouveau-renault-scenic-scenic-restyle\/"},"author":{"name":"N.S Carideal","@id":"https:\/\/www.carideal.com\/blog\/#\/schema\/person\/985c7e757d1042d647f21bfaf8d41ebc"},"headline":"Renault Scenic Scenic 3 restyl\u00e9","datePublished":"2013-09-01T18:48:00+00:00","dateModified":"2025-04-03T13:06:02+00:00","mainEntityOfPage":{"@id":"https:\/\/www.carideal.com\/blog\/2013\/09\/01\/que-vaut-le-nouveau-renault-scenic-scenic-restyle\/"},"wordCount":316,"commentCount":0,"publisher":{"@id":"https:\/\/www.carideal.com\/blog\/#organization"},"articleSection":["March\u00e9 automobile"],"inLanguage":"fr-FR","potentialAction":[{"@type":"CommentAction","name":"Comment","target":["https:\/\/www.carideal.com\/blog\/2013\/09\/01\/que-vaut-le-nouveau-renault-scenic-scenic-restyle\/#respond"]}]},{"@type":"WebPage","@id":"https:\/\/www.carideal.com\/blog\/2013\/09\/01\/que-vaut-le-nouveau-renault-scenic-scenic-restyle\/","url":"https:\/\/www.carideal.com\/blog\/2013\/09\/01\/que-vaut-le-nouveau-renault-scenic-scenic-restyle\/","name":"Renault Scenic Scenic 3 restyl\u00e9 - Blog auto Carid\u00e9al","isPartOf":{"@id":"https:\/\/www.carideal.com\/blog\/#website"},"datePublished":"2013-09-01T18:48:00+00:00","dateModified":"2025-04-03T13:06:02+00:00","description":"Le nouveau Renault Scenic 3 deux fois restyl\u00e9 en quelques mois Renault a sans doute peur de la concurrence du nouveau C4 Picasso qui arrive","breadcrumb":{"@id":"https:\/\/www.carideal.com\/blog\/2013\/09\/01\/que-vaut-le-nouveau-renault-scenic-scenic-restyle\/#breadcrumb"},"inLanguage":"fr-FR","potentialAction":[{"@type":"ReadAction","target":["https:\/\/www.carideal.com\/blog\/2013\/09\/01\/que-vaut-le-nouveau-renault-scenic-scenic-restyle\/"]}]},{"@type":"BreadcrumbList","@id":"https:\/\/www.carideal.com\/blog\/2013\/09\/01\/que-vaut-le-nouveau-renault-scenic-scenic-restyle\/#breadcrumb","itemListElement":[{"@type":"ListItem","position":1,"name":"Blog Carid\u00e9al","item":"https:\/\/www.carideal.com\/blog\/"},{"@type":"ListItem","position":2,"name":"March\u00e9 automobile","item":"https:\/\/www.carideal.com\/blog\/marche-automobile-voiture-neuve-occasion-4x4-suv\/"},{"@type":"ListItem","position":3,"name":"Renault Scenic Scenic 3 restyl\u00e9"}]},{"@type":"WebSite","@id":"https:\/\/www.carideal.com\/blog\/#website","url":"https:\/\/www.carideal.com\/blog\/","name":"Blog auto Carid\u00e9al","description":"Actualit\u00e9 auto par des passionn\u00e9s","publisher":{"@id":"https:\/\/www.carideal.com\/blog\/#organization"},"potentialAction":[{"@type":"SearchAction","target":{"@type":"EntryPoint","urlTemplate":"https:\/\/www.carideal.com\/blog\/?s={search_term_string}"},"query-input":{"@type":"PropertyValueSpecification","valueRequired":true,"valueName":"search_term_string"}}],"inLanguage":"fr-FR"},{"@type":"Organization","@id":"https:\/\/www.carideal.com\/blog\/#organization","name":"Carideal","url":"https:\/\/www.carideal.com\/blog\/","logo":{"@type":"ImageObject","inLanguage":"fr-FR","@id":"https:\/\/www.carideal.com\/blog\/#\/schema\/logo\/image\/","url":"http:\/\/www.carideal.com\/blog\/wp-content\/uploads\/2016\/03\/logo-carideal-mandataire-automobile.png","contentUrl":"http:\/\/www.carideal.com\/blog\/wp-content\/uploads\/2016\/03\/logo-carideal-mandataire-automobile.png","width":300,"height":300,"caption":"Carideal"},"image":{"@id":"https:\/\/www.carideal.com\/blog\/#\/schema\/logo\/image\/"},"sameAs":["https:\/\/www.facebook.com\/Carideal.mandataire.automobile","https:\/\/x.com\/caridealauto","https:\/\/www.instagram.com\/carideal1\/","https:\/\/www.linkedin.com\/company\/carideal.com","https:\/\/fr.pinterest.com\/schiavonsas\/","https:\/\/www.youtube.com\/user\/caridealsas"]},{"@type":"Person","@id":"https:\/\/www.carideal.com\/blog\/#\/schema\/person\/985c7e757d1042d647f21bfaf8d41ebc","name":"N.S Carideal","image":{"@type":"ImageObject","inLanguage":"fr-FR","@id":"https:\/\/www.carideal.com\/blog\/#\/schema\/person\/image\/","url":"https:\/\/secure.gravatar.com\/avatar\/edb7ccdf1a4e3d14aef967760d354d0e?s=96&r=g","contentUrl":"https:\/\/secure.gravatar.com\/avatar\/edb7ccdf1a4e3d14aef967760d354d0e?s=96&r=g","caption":"N.S Carideal"},"description":"Depuis tout petit fan d'automobile. Il est question d'essayer et de comparer toutes ces voitures qui nous ont fait r\u00e9ver, avant que celles-ci ne devient uniquement des voitures de collection.","sameAs":["http:\/\/www.carideal.com\/blog","https:\/\/www.facebook.com\/Carideal.mandataire.automobile\/","https:\/\/www.linkedin.com\/in\/nschiavon\/","https:\/\/www.youtube.com\/user\/caridealsas\/"],"url":"https:\/\/www.carideal.com\/blog\/author\/admin_carideal\/"}]}},"uagb_featured_image_src":{"full":false,"thumbnail":false,"medium":false,"medium_large":false,"large":false,"1536x1536":false,"2048x2048":false,"wppr-widget":false},"uagb_author_info":{"display_name":"N.S Carideal","author_link":"https:\/\/www.carideal.com\/blog\/author\/admin_carideal\/"},"uagb_comment_info":0,"uagb_excerpt":"Le nouveau Renault Scenic 3 deux fois restyl\u00e9 en quelques mois Renault a sans doute peur de la concurrence du nouveau C4 Picasso qui arrive et vient de restyl\u00e9 pour la deuxi\u00e8me fois son Scenic en quelques mois. Malgr\u00e9 la concurrence rude, et qui a su se renouveler sur le march\u00e9 des monospaces, les Ford\u2026","_links":{"self":[{"href":"https:\/\/www.carideal.com\/blog\/wp-json\/wp\/v2\/posts\/1430"}],"collection":[{"href":"https:\/\/www.carideal.com\/blog\/wp-json\/wp\/v2\/posts"}],"about":[{"href":"https:\/\/www.carideal.com\/blog\/wp-json\/wp\/v2\/types\/post"}],"author":[{"embeddable":true,"href":"https:\/\/www.carideal.com\/blog\/wp-json\/wp\/v2\/users\/1"}],"replies":[{"embeddable":true,"href":"https:\/\/www.carideal.com\/blog\/wp-json\/wp\/v2\/comments?post=1430"}],"version-history":[{"count":1,"href":"https:\/\/www.carideal.com\/blog\/wp-json\/wp\/v2\/posts\/1430\/revisions"}],"predecessor-version":[{"id":28217,"href":"https:\/\/www.carideal.com\/blog\/wp-json\/wp\/v2\/posts\/1430\/revisions\/28217"}],"wp:attachment":[{"href":"https:\/\/www.carideal.com\/blog\/wp-json\/wp\/v2\/media?parent=1430"}],"wp:term":[{"taxonomy":"category","embeddable":true,"href":"https:\/\/www.carideal.com\/blog\/wp-json\/wp\/v2\/categories?post=1430"},{"taxonomy":"post_tag","embeddable":true,"href":"https:\/\/www.carideal.com\/blog\/wp-json\/wp\/v2\/tags?post=1430"}],"curies":[{"name":"wp","href":"https:\/\/api.w.org\/{rel}","templated":true}]}}