{"id":143,"date":"2009-08-05T09:34:00","date_gmt":"2009-08-05T09:34:00","guid":{"rendered":"http:\/\/carideal.com\/blog\/?p=143"},"modified":"2024-04-16T20:10:53","modified_gmt":"2024-04-16T18:10:53","slug":"les-voitures-electriques-francaises","status":"publish","type":"post","link":"https:\/\/www.carideal.com\/blog\/2009\/08\/05\/les-voitures-electriques-francaises\/","title":{"rendered":"Les voitures \u00e9lectriques fran\u00e7aises 2009"},"content":{"rendered":"\n<h2 class=\"wp-block-heading\" id=\"h-les-voitures-electriques-francaises-2009\">Les voitures \u00e9lectriques fran\u00e7aises 2009<\/h2>\n\n\n\n<p class=\"has-medium-font-size\">En marge du d\u00e9veloppement des voitures hybrides, les constructeurs Fran\u00e7ais r\u00e9fl\u00e9chissent \u00e0 une <strong>voiture 100\u2009% \u00e9lectrique<\/strong> et annoncent qu'ils seront en mesure de produire des mod\u00e8les de s\u00e9rie \u00e0 partir de 2010 : R\u00eave ou r\u00e9alit\u00e9 ?<\/p>\n\n\n\n<figure class=\"wp-block-image size-full\"><img loading=\"lazy\" decoding=\"async\" width=\"566\" height=\"350\" src=\"http:\/\/www.carideal.com\/blog\/wp-content\/uploads\/2009\/08\/bollore-blue-car-electrique-carideal-1249461043.jpg\" alt=\"Les voitures \u00e9lectriques fran\u00e7aises 2009\" class=\"wp-image-25455\" srcset=\"https:\/\/www.carideal.com\/blog\/wp-content\/uploads\/2009\/08\/bollore-blue-car-electrique-carideal-1249461043.jpg 566w, https:\/\/www.carideal.com\/blog\/wp-content\/uploads\/2009\/08\/bollore-blue-car-electrique-carideal-1249461043-300x186.jpg 300w, https:\/\/www.carideal.com\/blog\/wp-content\/uploads\/2009\/08\/bollore-blue-car-electrique-carideal-1249461043-50x31.jpg 50w, https:\/\/www.carideal.com\/blog\/wp-content\/uploads\/2009\/08\/bollore-blue-car-electrique-carideal-1249461043-110x68.jpg 110w, https:\/\/www.carideal.com\/blog\/wp-content\/uploads\/2009\/08\/bollore-blue-car-electrique-carideal-1249461043-420x260.jpg 420w\" sizes=\"(max-width: 566px) 100vw, 566px\" \/><figcaption class=\"wp-element-caption\">Les voitures \u00e9lectriques fran\u00e7aises 2009<\/figcaption><\/figure>\n\n\n\n<ul class=\"wp-block-list\">\n<li><a href=\"http:\/\/www.carideal.com\/blog\/2020\/02\/27\/meilleures-voitures-electriques-a-acheter-en-2020\/\">Les meilleures voitures \u00e9lectriques<\/a><\/li>\n<\/ul>\n\n\n\n<p><a href=\"http:\/\/www.carideal.com\/blog\/marque-de-voiture-actualites-essais\/citroen\/\">Citro\u00ebn<\/a>&nbsp;a d\u00e9cid\u00e9 de concevoir en int\u00e9gralit\u00e9 une voiture sp\u00e9cifique qui reprendra certaines id\u00e9es du <a href=\"http:\/\/www.carideal.com\/blog\/2013\/11\/27\/citroen-cactus-concept-car\/\">concept car C-cactus<\/a>.<\/p>\n\n\n\n<p>La future&nbsp;<a href=\"http:\/\/www.carideal.com\/blog\/marque-de-voiture-actualites-essais\/peugeot\/\">Peugeot<\/a> \u00e9lectrique sera d\u00e9velopp\u00e9e sur la base de la&nbsp;<a href=\"http:\/\/www.carideal.com\/blog\/2010\/05\/21\/la-i-miev-aux-chevrons\/\">Mitsubishi i-Miev<\/a> pour la fin 2010.<\/p>\n\n\n\n<p>La&nbsp;<a href=\"http:\/\/www.carideal.com\/blog\/2010\/03\/21\/bolore-blue-car\/\">Bluecar<\/a> de&nbsp;Bollor\u00e9 se fait gravement attendre. Elle aurait du \u00eatre en vente depuis 2008 ! Si elle parvient \u00e0 voir le jour elle ne sera uniquement disponible en location \u00e0 330 \u20ac par mois. Pour cela <a href=\"http:\/\/www.carideal.com\/blog\/2011\/01\/04\/la-bollore-bluecar-equipera-autolib\/\">Bollor\u00e9<\/a> s'est associ\u00e9 \u00e0 <a href=\"http:\/\/www.carideal.com\/blog\/2009\/01\/05\/pininfarina-evite-la-faillite-et-mise-tout-sur-la-voiture-electrique-de-bollore\/\">Pininfarina<\/a> pour la production, qui ne produit plus rien car pratiquement en faillite.<\/p>\n\n\n\n<p>Le v\u00e9hicule \u00e9lectrique (VE) Peugeot 2010 sera bas\u00e9 sur la Mitsubishi i-MiEV 2009<\/p>\n\n\n\n<p>Peugeot va prendre le train \u00e9lectrique en rebaptisant la i-MiEV de Mitsubishi.<\/p>\n\n\n\n<h4 class=\"wp-block-heading\" id=\"h-articles-similaires\">Articles similaires<\/h4>\n\n\n\n<ul class=\"wp-block-list\">\n<li><a href=\"https:\/\/www.carideal.com\/blog\/2024\/04\/16\/les-meilleures-voitures-electriques-a-acheter-en-2024\/\">Les meilleures voitures \u00e9lectriques \u00e0 acheter en 2024<\/a><\/li>\n<\/ul>\n\n\n\n<p>Les deux constructeurs ont un accord depuis juin dernier pour travailler ensemble sur les voitures \u00e9lectriques, mais rien n'avait \u00e9t\u00e9 officialis\u00e9 jusqu'\u00e0 pr\u00e9sent. Gr\u00e2ce \u00e0 ce partenariat, vous pourrez bient\u00f4t voir le logo du lion de Peugeot se dresser sur le nez de la i-MiEV japonaise.<\/p>\n\n\n\n<p>Cela \u00e9vitera \u00e0 Peugeot d'attendre pour d\u00e9velopper la technologie qui s'est av\u00e9r\u00e9e de plus en plus populaire. Le syst\u00e8me britannique de taxe routi\u00e8re favorise les utilisateurs de <a href=\"http:\/\/www.carideal.com\/blog\/2020\/01\/11\/meilleures-voitures-vertes-a-faibles-emissions\/\">voitures \u00e9cologiques<\/a>, mais jusqu'\u00e0 pr\u00e9sent, le constructeur fran\u00e7ais n'avait pas de badge vert.<\/p>\n\n\n\n<p>Si on regarde bien, au-del\u00e0 de certains constructeurs japonais qui sont d\u00e9j\u00e0 sur les voitures \u00e9lectriques, il semble bien qu'en Europe seuls les constructeurs fran\u00e7ais se positionnent sur le v\u00e9hicule \u00e9lectrique. Et on ne parle pas des \u00c9tats-Unis, o\u00f9 aucun constructeur ne semble pour l'heure s'y int\u00e9resser.<\/p>\n","protected":false},"excerpt":{"rendered":"<p>Les voitures \u00e9lectriques fran\u00e7aises 2009 En marge du d\u00e9veloppement des voitures hybrides, les constructeurs Fran\u00e7ais r\u00e9fl\u00e9chissent \u00e0 une voiture 100\u2009% \u00e9lectrique et annoncent qu&rsquo;ils seront en mesure de produire des mod\u00e8les de s\u00e9rie \u00e0 partir de 2010 : R\u00eave ou r\u00e9alit\u00e9 ? Citro\u00ebn&nbsp;a d\u00e9cid\u00e9 de concevoir en int\u00e9gralit\u00e9 une voiture sp\u00e9cifique qui reprendra certaines id\u00e9es &#8230; <a title=\"Les voitures \u00e9lectriques fran\u00e7aises 2009\" class=\"read-more\" href=\"https:\/\/www.carideal.com\/blog\/2009\/08\/05\/les-voitures-electriques-francaises\/\" aria-label=\"En savoir plus sur Les voitures \u00e9lectriques fran\u00e7aises 2009\">Lire plus<\/a><\/p>\n","protected":false},"author":1,"featured_media":25455,"comment_status":"open","ping_status":"open","sticky":false,"template":"","format":"standard","meta":{"_uag_custom_page_level_css":"","_themeisle_gutenberg_block_has_review":false,"footnotes":""},"categories":[6,5080,5970],"tags":[440],"class_list":["post-143","post","type-post","status-publish","format-standard","has-post-thumbnail","hentry","category-ecologie","category-technologie-2","category-electrique-technologie-2","tag-bluecar"],"wppr_data":{"cwp_meta_box_check":"No"},"yoast_head":"<!-- This site is optimized with the Yoast SEO plugin v24.8.1 - https:\/\/yoast.com\/wordpress\/plugins\/seo\/ -->\n<title>Les voitures \u00e9lectriques fran\u00e7aises 2009 - Blog auto Carid\u00e9al<\/title>\n<meta name=\"description\" content=\"En marge du d\u00e9veloppement des voitures hybrides, les constructeurs Fran\u00e7ais r\u00e9fl\u00e9chissent \u00e0 une voiture 100\u2009% \u00e9lectrique et annoncent qu&#039;ils seront en mesure de produire des mod\u00e8les de s\u00e9rie \u00e0 partir de 2010 : R\u00eave ou r\u00e9alit\u00e9 ?\" \/>\n<meta name=\"robots\" content=\"index, follow, max-snippet:-1, max-image-preview:large, max-video-preview:-1\" \/>\n<link rel=\"canonical\" href=\"https:\/\/www.carideal.com\/blog\/2009\/08\/05\/les-voitures-electriques-francaises\/\" \/>\n<meta property=\"og:locale\" content=\"fr_FR\" \/>\n<meta property=\"og:type\" content=\"article\" \/>\n<meta property=\"og:title\" content=\"Les voitures \u00e9lectriques fran\u00e7aises 2009 - Blog auto Carid\u00e9al\" \/>\n<meta property=\"og:description\" content=\"En marge du d\u00e9veloppement des voitures hybrides, les constructeurs Fran\u00e7ais r\u00e9fl\u00e9chissent \u00e0 une voiture 100\u2009% \u00e9lectrique et annoncent qu&#039;ils seront en mesure de produire des mod\u00e8les de s\u00e9rie \u00e0 partir de 2010 : R\u00eave ou r\u00e9alit\u00e9 ?\" \/>\n<meta property=\"og:url\" content=\"https:\/\/www.carideal.com\/blog\/2009\/08\/05\/les-voitures-electriques-francaises\/\" \/>\n<meta property=\"og:site_name\" content=\"Blog auto Carid\u00e9al\" \/>\n<meta property=\"article:publisher\" content=\"https:\/\/www.facebook.com\/Carideal.mandataire.automobile\" \/>\n<meta property=\"article:author\" content=\"https:\/\/www.facebook.com\/Carideal.mandataire.automobile\/\" \/>\n<meta property=\"article:published_time\" content=\"2009-08-05T09:34:00+00:00\" \/>\n<meta property=\"article:modified_time\" content=\"2024-04-16T18:10:53+00:00\" \/>\n<meta property=\"og:image\" content=\"https:\/\/www.carideal.com\/blog\/wp-content\/uploads\/2009\/08\/bollore-blue-car-electrique-carideal-1249461043.jpg\" \/>\n\t<meta property=\"og:image:width\" content=\"566\" \/>\n\t<meta property=\"og:image:height\" content=\"350\" \/>\n\t<meta property=\"og:image:type\" content=\"image\/jpeg\" \/>\n<meta name=\"author\" content=\"N.S Carideal\" \/>\n<meta name=\"twitter:card\" content=\"summary_large_image\" \/>\n<meta name=\"twitter:creator\" content=\"@caridealauto\" \/>\n<meta name=\"twitter:site\" content=\"@caridealauto\" \/>\n<meta name=\"twitter:label1\" content=\"\u00c9crit par\" \/>\n\t<meta name=\"twitter:data1\" content=\"N.S Carideal\" \/>\n\t<meta name=\"twitter:label2\" content=\"Dur\u00e9e de lecture estim\u00e9e\" \/>\n\t<meta name=\"twitter:data2\" content=\"2 minutes\" \/>\n<script type=\"application\/ld+json\" class=\"yoast-schema-graph\">{\"@context\":\"https:\/\/schema.org\",\"@graph\":[{\"@type\":\"Article\",\"@id\":\"https:\/\/www.carideal.com\/blog\/2009\/08\/05\/les-voitures-electriques-francaises\/#article\",\"isPartOf\":{\"@id\":\"https:\/\/www.carideal.com\/blog\/2009\/08\/05\/les-voitures-electriques-francaises\/\"},\"author\":{\"name\":\"N.S Carideal\",\"@id\":\"https:\/\/www.carideal.com\/blog\/#\/schema\/person\/985c7e757d1042d647f21bfaf8d41ebc\"},\"headline\":\"Les voitures \u00e9lectriques fran\u00e7aises 2009\",\"datePublished\":\"2009-08-05T09:34:00+00:00\",\"dateModified\":\"2024-04-16T18:10:53+00:00\",\"mainEntityOfPage\":{\"@id\":\"https:\/\/www.carideal.com\/blog\/2009\/08\/05\/les-voitures-electriques-francaises\/\"},\"wordCount\":329,\"commentCount\":0,\"publisher\":{\"@id\":\"https:\/\/www.carideal.com\/blog\/#organization\"},\"image\":{\"@id\":\"https:\/\/www.carideal.com\/blog\/2009\/08\/05\/les-voitures-electriques-francaises\/#primaryimage\"},\"thumbnailUrl\":\"https:\/\/www.carideal.com\/blog\/wp-content\/uploads\/2009\/08\/bollore-blue-car-electrique-carideal-1249461043.jpg\",\"keywords\":[\"Bluecar\"],\"articleSection\":[\"Ecologie\",\"Technologie Automobile\",\"Voiture \u00e9lectrique\"],\"inLanguage\":\"fr-FR\",\"potentialAction\":[{\"@type\":\"CommentAction\",\"name\":\"Comment\",\"target\":[\"https:\/\/www.carideal.com\/blog\/2009\/08\/05\/les-voitures-electriques-francaises\/#respond\"]}]},{\"@type\":\"WebPage\",\"@id\":\"https:\/\/www.carideal.com\/blog\/2009\/08\/05\/les-voitures-electriques-francaises\/\",\"url\":\"https:\/\/www.carideal.com\/blog\/2009\/08\/05\/les-voitures-electriques-francaises\/\",\"name\":\"Les voitures \u00e9lectriques fran\u00e7aises 2009 - Blog auto Carid\u00e9al\",\"isPartOf\":{\"@id\":\"https:\/\/www.carideal.com\/blog\/#website\"},\"primaryImageOfPage\":{\"@id\":\"https:\/\/www.carideal.com\/blog\/2009\/08\/05\/les-voitures-electriques-francaises\/#primaryimage\"},\"image\":{\"@id\":\"https:\/\/www.carideal.com\/blog\/2009\/08\/05\/les-voitures-electriques-francaises\/#primaryimage\"},\"thumbnailUrl\":\"https:\/\/www.carideal.com\/blog\/wp-content\/uploads\/2009\/08\/bollore-blue-car-electrique-carideal-1249461043.jpg\",\"datePublished\":\"2009-08-05T09:34:00+00:00\",\"dateModified\":\"2024-04-16T18:10:53+00:00\",\"description\":\"En marge du d\u00e9veloppement des voitures hybrides, les constructeurs Fran\u00e7ais r\u00e9fl\u00e9chissent \u00e0 une voiture 100\u2009% \u00e9lectrique et annoncent qu'ils seront en mesure de produire des mod\u00e8les de s\u00e9rie \u00e0 partir de 2010 : R\u00eave ou r\u00e9alit\u00e9 ?\",\"breadcrumb\":{\"@id\":\"https:\/\/www.carideal.com\/blog\/2009\/08\/05\/les-voitures-electriques-francaises\/#breadcrumb\"},\"inLanguage\":\"fr-FR\",\"potentialAction\":[{\"@type\":\"ReadAction\",\"target\":[\"https:\/\/www.carideal.com\/blog\/2009\/08\/05\/les-voitures-electriques-francaises\/\"]}]},{\"@type\":\"ImageObject\",\"inLanguage\":\"fr-FR\",\"@id\":\"https:\/\/www.carideal.com\/blog\/2009\/08\/05\/les-voitures-electriques-francaises\/#primaryimage\",\"url\":\"https:\/\/www.carideal.com\/blog\/wp-content\/uploads\/2009\/08\/bollore-blue-car-electrique-carideal-1249461043.jpg\",\"contentUrl\":\"https:\/\/www.carideal.com\/blog\/wp-content\/uploads\/2009\/08\/bollore-blue-car-electrique-carideal-1249461043.jpg\",\"width\":566,\"height\":350,\"caption\":\"Les voitures \u00e9lectriques fran\u00e7aises 2009\"},{\"@type\":\"BreadcrumbList\",\"@id\":\"https:\/\/www.carideal.com\/blog\/2009\/08\/05\/les-voitures-electriques-francaises\/#breadcrumb\",\"itemListElement\":[{\"@type\":\"ListItem\",\"position\":1,\"name\":\"Blog Carid\u00e9al\",\"item\":\"https:\/\/www.carideal.com\/blog\/\"},{\"@type\":\"ListItem\",\"position\":2,\"name\":\"Ecologie\",\"item\":\"https:\/\/www.carideal.com\/blog\/ecologie\/\"},{\"@type\":\"ListItem\",\"position\":3,\"name\":\"Les voitures \u00e9lectriques fran\u00e7aises 2009\"}]},{\"@type\":\"WebSite\",\"@id\":\"https:\/\/www.carideal.com\/blog\/#website\",\"url\":\"https:\/\/www.carideal.com\/blog\/\",\"name\":\"Blog auto Carid\u00e9al\",\"description\":\"Actualit\u00e9 auto par des passionn\u00e9s\",\"publisher\":{\"@id\":\"https:\/\/www.carideal.com\/blog\/#organization\"},\"potentialAction\":[{\"@type\":\"SearchAction\",\"target\":{\"@type\":\"EntryPoint\",\"urlTemplate\":\"https:\/\/www.carideal.com\/blog\/?s={search_term_string}\"},\"query-input\":{\"@type\":\"PropertyValueSpecification\",\"valueRequired\":true,\"valueName\":\"search_term_string\"}}],\"inLanguage\":\"fr-FR\"},{\"@type\":\"Organization\",\"@id\":\"https:\/\/www.carideal.com\/blog\/#organization\",\"name\":\"Carideal\",\"url\":\"https:\/\/www.carideal.com\/blog\/\",\"logo\":{\"@type\":\"ImageObject\",\"inLanguage\":\"fr-FR\",\"@id\":\"https:\/\/www.carideal.com\/blog\/#\/schema\/logo\/image\/\",\"url\":\"http:\/\/www.carideal.com\/blog\/wp-content\/uploads\/2016\/03\/logo-carideal-mandataire-automobile.png\",\"contentUrl\":\"http:\/\/www.carideal.com\/blog\/wp-content\/uploads\/2016\/03\/logo-carideal-mandataire-automobile.png\",\"width\":300,\"height\":300,\"caption\":\"Carideal\"},\"image\":{\"@id\":\"https:\/\/www.carideal.com\/blog\/#\/schema\/logo\/image\/\"},\"sameAs\":[\"https:\/\/www.facebook.com\/Carideal.mandataire.automobile\",\"https:\/\/x.com\/caridealauto\",\"https:\/\/www.instagram.com\/carideal1\/\",\"https:\/\/www.linkedin.com\/company\/carideal.com\",\"https:\/\/fr.pinterest.com\/schiavonsas\/\",\"https:\/\/www.youtube.com\/user\/caridealsas\"]},{\"@type\":\"Person\",\"@id\":\"https:\/\/www.carideal.com\/blog\/#\/schema\/person\/985c7e757d1042d647f21bfaf8d41ebc\",\"name\":\"N.S Carideal\",\"image\":{\"@type\":\"ImageObject\",\"inLanguage\":\"fr-FR\",\"@id\":\"https:\/\/www.carideal.com\/blog\/#\/schema\/person\/image\/\",\"url\":\"https:\/\/secure.gravatar.com\/avatar\/edb7ccdf1a4e3d14aef967760d354d0e?s=96&r=g\",\"contentUrl\":\"https:\/\/secure.gravatar.com\/avatar\/edb7ccdf1a4e3d14aef967760d354d0e?s=96&r=g\",\"caption\":\"N.S Carideal\"},\"description\":\"Depuis tout petit fan d'automobile. Il est question d'essayer et de comparer toutes ces voitures qui nous ont fait r\u00e9ver, avant que celles-ci ne devient uniquement des voitures de collection.\",\"sameAs\":[\"http:\/\/www.carideal.com\/blog\",\"https:\/\/www.facebook.com\/Carideal.mandataire.automobile\/\",\"https:\/\/www.linkedin.com\/in\/nschiavon\/\",\"https:\/\/www.youtube.com\/user\/caridealsas\/\"],\"url\":\"https:\/\/www.carideal.com\/blog\/author\/admin_carideal\/\"}]}<\/script>\n<!-- \/ Yoast SEO plugin. -->","yoast_head_json":{"title":"Les voitures \u00e9lectriques fran\u00e7aises 2009 - Blog auto Carid\u00e9al","description":"En marge du d\u00e9veloppement des voitures hybrides, les constructeurs Fran\u00e7ais r\u00e9fl\u00e9chissent \u00e0 une voiture 100\u2009% \u00e9lectrique et annoncent qu'ils seront en mesure de produire des mod\u00e8les de s\u00e9rie \u00e0 partir de 2010 : R\u00eave ou r\u00e9alit\u00e9 ?","robots":{"index":"index","follow":"follow","max-snippet":"max-snippet:-1","max-image-preview":"max-image-preview:large","max-video-preview":"max-video-preview:-1"},"canonical":"https:\/\/www.carideal.com\/blog\/2009\/08\/05\/les-voitures-electriques-francaises\/","og_locale":"fr_FR","og_type":"article","og_title":"Les voitures \u00e9lectriques fran\u00e7aises 2009 - Blog auto Carid\u00e9al","og_description":"En marge du d\u00e9veloppement des voitures hybrides, les constructeurs Fran\u00e7ais r\u00e9fl\u00e9chissent \u00e0 une voiture 100\u2009% \u00e9lectrique et annoncent qu'ils seront en mesure de produire des mod\u00e8les de s\u00e9rie \u00e0 partir de 2010 : R\u00eave ou r\u00e9alit\u00e9 ?","og_url":"https:\/\/www.carideal.com\/blog\/2009\/08\/05\/les-voitures-electriques-francaises\/","og_site_name":"Blog auto Carid\u00e9al","article_publisher":"https:\/\/www.facebook.com\/Carideal.mandataire.automobile","article_author":"https:\/\/www.facebook.com\/Carideal.mandataire.automobile\/","article_published_time":"2009-08-05T09:34:00+00:00","article_modified_time":"2024-04-16T18:10:53+00:00","og_image":[{"width":566,"height":350,"url":"https:\/\/www.carideal.com\/blog\/wp-content\/uploads\/2009\/08\/bollore-blue-car-electrique-carideal-1249461043.jpg","type":"image\/jpeg"}],"author":"N.S Carideal","twitter_card":"summary_large_image","twitter_creator":"@caridealauto","twitter_site":"@caridealauto","twitter_misc":{"\u00c9crit par":"N.S Carideal","Dur\u00e9e de lecture estim\u00e9e":"2 minutes"},"schema":{"@context":"https:\/\/schema.org","@graph":[{"@type":"Article","@id":"https:\/\/www.carideal.com\/blog\/2009\/08\/05\/les-voitures-electriques-francaises\/#article","isPartOf":{"@id":"https:\/\/www.carideal.com\/blog\/2009\/08\/05\/les-voitures-electriques-francaises\/"},"author":{"name":"N.S Carideal","@id":"https:\/\/www.carideal.com\/blog\/#\/schema\/person\/985c7e757d1042d647f21bfaf8d41ebc"},"headline":"Les voitures \u00e9lectriques fran\u00e7aises 2009","datePublished":"2009-08-05T09:34:00+00:00","dateModified":"2024-04-16T18:10:53+00:00","mainEntityOfPage":{"@id":"https:\/\/www.carideal.com\/blog\/2009\/08\/05\/les-voitures-electriques-francaises\/"},"wordCount":329,"commentCount":0,"publisher":{"@id":"https:\/\/www.carideal.com\/blog\/#organization"},"image":{"@id":"https:\/\/www.carideal.com\/blog\/2009\/08\/05\/les-voitures-electriques-francaises\/#primaryimage"},"thumbnailUrl":"https:\/\/www.carideal.com\/blog\/wp-content\/uploads\/2009\/08\/bollore-blue-car-electrique-carideal-1249461043.jpg","keywords":["Bluecar"],"articleSection":["Ecologie","Technologie Automobile","Voiture \u00e9lectrique"],"inLanguage":"fr-FR","potentialAction":[{"@type":"CommentAction","name":"Comment","target":["https:\/\/www.carideal.com\/blog\/2009\/08\/05\/les-voitures-electriques-francaises\/#respond"]}]},{"@type":"WebPage","@id":"https:\/\/www.carideal.com\/blog\/2009\/08\/05\/les-voitures-electriques-francaises\/","url":"https:\/\/www.carideal.com\/blog\/2009\/08\/05\/les-voitures-electriques-francaises\/","name":"Les voitures \u00e9lectriques fran\u00e7aises 2009 - Blog auto Carid\u00e9al","isPartOf":{"@id":"https:\/\/www.carideal.com\/blog\/#website"},"primaryImageOfPage":{"@id":"https:\/\/www.carideal.com\/blog\/2009\/08\/05\/les-voitures-electriques-francaises\/#primaryimage"},"image":{"@id":"https:\/\/www.carideal.com\/blog\/2009\/08\/05\/les-voitures-electriques-francaises\/#primaryimage"},"thumbnailUrl":"https:\/\/www.carideal.com\/blog\/wp-content\/uploads\/2009\/08\/bollore-blue-car-electrique-carideal-1249461043.jpg","datePublished":"2009-08-05T09:34:00+00:00","dateModified":"2024-04-16T18:10:53+00:00","description":"En marge du d\u00e9veloppement des voitures hybrides, les constructeurs Fran\u00e7ais r\u00e9fl\u00e9chissent \u00e0 une voiture 100\u2009% \u00e9lectrique et annoncent qu'ils seront en mesure de produire des mod\u00e8les de s\u00e9rie \u00e0 partir de 2010 : R\u00eave ou r\u00e9alit\u00e9 ?","breadcrumb":{"@id":"https:\/\/www.carideal.com\/blog\/2009\/08\/05\/les-voitures-electriques-francaises\/#breadcrumb"},"inLanguage":"fr-FR","potentialAction":[{"@type":"ReadAction","target":["https:\/\/www.carideal.com\/blog\/2009\/08\/05\/les-voitures-electriques-francaises\/"]}]},{"@type":"ImageObject","inLanguage":"fr-FR","@id":"https:\/\/www.carideal.com\/blog\/2009\/08\/05\/les-voitures-electriques-francaises\/#primaryimage","url":"https:\/\/www.carideal.com\/blog\/wp-content\/uploads\/2009\/08\/bollore-blue-car-electrique-carideal-1249461043.jpg","contentUrl":"https:\/\/www.carideal.com\/blog\/wp-content\/uploads\/2009\/08\/bollore-blue-car-electrique-carideal-1249461043.jpg","width":566,"height":350,"caption":"Les voitures \u00e9lectriques fran\u00e7aises 2009"},{"@type":"BreadcrumbList","@id":"https:\/\/www.carideal.com\/blog\/2009\/08\/05\/les-voitures-electriques-francaises\/#breadcrumb","itemListElement":[{"@type":"ListItem","position":1,"name":"Blog Carid\u00e9al","item":"https:\/\/www.carideal.com\/blog\/"},{"@type":"ListItem","position":2,"name":"Ecologie","item":"https:\/\/www.carideal.com\/blog\/ecologie\/"},{"@type":"ListItem","position":3,"name":"Les voitures \u00e9lectriques fran\u00e7aises 2009"}]},{"@type":"WebSite","@id":"https:\/\/www.carideal.com\/blog\/#website","url":"https:\/\/www.carideal.com\/blog\/","name":"Blog auto Carid\u00e9al","description":"Actualit\u00e9 auto par des passionn\u00e9s","publisher":{"@id":"https:\/\/www.carideal.com\/blog\/#organization"},"potentialAction":[{"@type":"SearchAction","target":{"@type":"EntryPoint","urlTemplate":"https:\/\/www.carideal.com\/blog\/?s={search_term_string}"},"query-input":{"@type":"PropertyValueSpecification","valueRequired":true,"valueName":"search_term_string"}}],"inLanguage":"fr-FR"},{"@type":"Organization","@id":"https:\/\/www.carideal.com\/blog\/#organization","name":"Carideal","url":"https:\/\/www.carideal.com\/blog\/","logo":{"@type":"ImageObject","inLanguage":"fr-FR","@id":"https:\/\/www.carideal.com\/blog\/#\/schema\/logo\/image\/","url":"http:\/\/www.carideal.com\/blog\/wp-content\/uploads\/2016\/03\/logo-carideal-mandataire-automobile.png","contentUrl":"http:\/\/www.carideal.com\/blog\/wp-content\/uploads\/2016\/03\/logo-carideal-mandataire-automobile.png","width":300,"height":300,"caption":"Carideal"},"image":{"@id":"https:\/\/www.carideal.com\/blog\/#\/schema\/logo\/image\/"},"sameAs":["https:\/\/www.facebook.com\/Carideal.mandataire.automobile","https:\/\/x.com\/caridealauto","https:\/\/www.instagram.com\/carideal1\/","https:\/\/www.linkedin.com\/company\/carideal.com","https:\/\/fr.pinterest.com\/schiavonsas\/","https:\/\/www.youtube.com\/user\/caridealsas"]},{"@type":"Person","@id":"https:\/\/www.carideal.com\/blog\/#\/schema\/person\/985c7e757d1042d647f21bfaf8d41ebc","name":"N.S Carideal","image":{"@type":"ImageObject","inLanguage":"fr-FR","@id":"https:\/\/www.carideal.com\/blog\/#\/schema\/person\/image\/","url":"https:\/\/secure.gravatar.com\/avatar\/edb7ccdf1a4e3d14aef967760d354d0e?s=96&r=g","contentUrl":"https:\/\/secure.gravatar.com\/avatar\/edb7ccdf1a4e3d14aef967760d354d0e?s=96&r=g","caption":"N.S Carideal"},"description":"Depuis tout petit fan d'automobile. Il est question d'essayer et de comparer toutes ces voitures qui nous ont fait r\u00e9ver, avant que celles-ci ne devient uniquement des voitures de collection.","sameAs":["http:\/\/www.carideal.com\/blog","https:\/\/www.facebook.com\/Carideal.mandataire.automobile\/","https:\/\/www.linkedin.com\/in\/nschiavon\/","https:\/\/www.youtube.com\/user\/caridealsas\/"],"url":"https:\/\/www.carideal.com\/blog\/author\/admin_carideal\/"}]}},"uagb_featured_image_src":{"full":["https:\/\/www.carideal.com\/blog\/wp-content\/uploads\/2009\/08\/bollore-blue-car-electrique-carideal-1249461043.jpg",566,350,false],"thumbnail":["https:\/\/www.carideal.com\/blog\/wp-content\/uploads\/2009\/08\/bollore-blue-car-electrique-carideal-1249461043-150x150.jpg",150,150,true],"medium":["https:\/\/www.carideal.com\/blog\/wp-content\/uploads\/2009\/08\/bollore-blue-car-electrique-carideal-1249461043-300x186.jpg",300,186,true],"medium_large":["https:\/\/www.carideal.com\/blog\/wp-content\/uploads\/2009\/08\/bollore-blue-car-electrique-carideal-1249461043.jpg",566,350,false],"large":["https:\/\/www.carideal.com\/blog\/wp-content\/uploads\/2009\/08\/bollore-blue-car-electrique-carideal-1249461043.jpg",566,350,false],"1536x1536":["https:\/\/www.carideal.com\/blog\/wp-content\/uploads\/2009\/08\/bollore-blue-car-electrique-carideal-1249461043.jpg",566,350,false],"2048x2048":["https:\/\/www.carideal.com\/blog\/wp-content\/uploads\/2009\/08\/bollore-blue-car-electrique-carideal-1249461043.jpg",566,350,false],"wppr-widget":["https:\/\/www.carideal.com\/blog\/wp-content\/uploads\/2009\/08\/bollore-blue-car-electrique-carideal-1249461043-50x31.jpg",50,31,true]},"uagb_author_info":{"display_name":"N.S Carideal","author_link":"https:\/\/www.carideal.com\/blog\/author\/admin_carideal\/"},"uagb_comment_info":1,"uagb_excerpt":"Les voitures \u00e9lectriques fran\u00e7aises 2009 En marge du d\u00e9veloppement des voitures hybrides, les constructeurs Fran\u00e7ais r\u00e9fl\u00e9chissent \u00e0 une voiture 100\u2009% \u00e9lectrique et annoncent qu'ils seront en mesure de produire des mod\u00e8les de s\u00e9rie \u00e0 partir de 2010 : R\u00eave ou r\u00e9alit\u00e9 ? Citro\u00ebn&nbsp;a d\u00e9cid\u00e9 de concevoir en int\u00e9gralit\u00e9 une voiture sp\u00e9cifique qui reprendra certaines id\u00e9es\u2026","_links":{"self":[{"href":"https:\/\/www.carideal.com\/blog\/wp-json\/wp\/v2\/posts\/143"}],"collection":[{"href":"https:\/\/www.carideal.com\/blog\/wp-json\/wp\/v2\/posts"}],"about":[{"href":"https:\/\/www.carideal.com\/blog\/wp-json\/wp\/v2\/types\/post"}],"author":[{"embeddable":true,"href":"https:\/\/www.carideal.com\/blog\/wp-json\/wp\/v2\/users\/1"}],"replies":[{"embeddable":true,"href":"https:\/\/www.carideal.com\/blog\/wp-json\/wp\/v2\/comments?post=143"}],"version-history":[{"count":0,"href":"https:\/\/www.carideal.com\/blog\/wp-json\/wp\/v2\/posts\/143\/revisions"}],"wp:featuredmedia":[{"embeddable":true,"href":"https:\/\/www.carideal.com\/blog\/wp-json\/wp\/v2\/media\/25455"}],"wp:attachment":[{"href":"https:\/\/www.carideal.com\/blog\/wp-json\/wp\/v2\/media?parent=143"}],"wp:term":[{"taxonomy":"category","embeddable":true,"href":"https:\/\/www.carideal.com\/blog\/wp-json\/wp\/v2\/categories?post=143"},{"taxonomy":"post_tag","embeddable":true,"href":"https:\/\/www.carideal.com\/blog\/wp-json\/wp\/v2\/tags?post=143"}],"curies":[{"name":"wp","href":"https:\/\/api.w.org\/{rel}","templated":true}]}}