{"id":14243,"date":"2016-12-20T17:00:38","date_gmt":"2016-12-20T16:00:38","guid":{"rendered":"http:\/\/www.carideal.com\/blog\/?p=14243"},"modified":"2020-03-09T06:42:37","modified_gmt":"2020-03-09T05:42:37","slug":"les-futures-voitures-ds-jusque-2020","status":"publish","type":"post","link":"https:\/\/www.carideal.com\/blog\/2016\/12\/20\/les-futures-voitures-ds-jusque-2020\/","title":{"rendered":"Les futures Voitures DS jusque 2020"},"content":{"rendered":"<h1><strong>Les futures\u00a0voitures DS Automobiles \u00e0 venir jusqu'en 2020<\/strong><\/h1>\n<p>Six ans depuis sa cr\u00e9ation, <a href=\"http:\/\/www.carideal.com\/blog\/marque-de-voiture-actualites-essais\/ds\/\">DS<\/a> est encore un peu un non-\u00e9v\u00e9nement. Certes, la marrante <a href=\"http:\/\/www.carideal.com\/blog\/2015\/10\/23\/ds-3-puretech-110-thp-165-neuves-en-stock\/\">DS3<\/a> se d\u00e9brouille bien, mais la\u00a0<a href=\"http:\/\/www.carideal.com\/blog\/2015\/09\/04\/nouvelle-ds-4-berline-et-ds-4-crossback\/\">DS4<\/a> est d\u00e9pass\u00e9e, et le <a href=\"http:\/\/www.carideal.com\/blog\/2015\/03\/05\/ds5-restylee\/\">DS5<\/a> audacieux mais mais qui ne s'est pas impos\u00e9\u00a0reste une jolie\u00a0voiture qui n'a pas trouv\u00e9e son public.<\/p>\n<h2>Pr\u00e9sentation des futures voitures DS de la DS1 \u00e0 la DS7 jusqu'en 2020.<\/h2>\n<p>Ajoutez \u00e0 cela d'autres inconv\u00e9nients comme le r\u00e9seau de revendeurs, et l'image floue de la marque, et il est difficile d'imaginer DS se positionner pour planifier d'ici 2020, quelque part entre <a href=\"http:\/\/www.carideal.com\/blog\/2015\/11\/26\/moteurs-truques-les-solutions-techniques-de-volkswagen\/\">Volkswagen<\/a> et <a href=\"http:\/\/www.carideal.com\/blog\/marque-de-voiture-actualites-essais\/audi\/\">Audi<\/a>.<\/p>\n<p>Mais c'est exactement ce que le constructeur fran\u00e7ais est d\u00e9termin\u00e9 \u00e0 faire.<\/p>\n<p>Sans surprise, le portefeuille de produits DS pour les cinq prochaines ann\u00e9es ne r\u00e9pertorie qu'un seul mod\u00e8le familier, \u00e0 savoir <a href=\"http:\/\/www.carideal.com\/blog\/2015\/02\/28\/ds-confirme-larrive-dun-petit-suv-la-ds3-x\/\">la prochain DS3<\/a> \u00e0 venir en 2018. Les six autres produits sont tout neufs, et certains d'entre eux semblent m\u00eame avoir obtenu ce qu'il faut pour combler les\u00a0deux lettres du logo avec une signification r\u00e9elle (Distoinctive Spirit) ...<\/p>\n<h2>Trois nouveaux crossovers DS<\/h2>\n<p>On en a d\u00e9j\u00e0 parl\u00e9 ici, sortira en 2017 un crossover\u00a0de taille moyenne le <a href=\"http:\/\/www.carideal.com\/blog\/2015\/02\/28\/ds-confirme-larrive-dun-petit-suv-la-ds3-x\/\">DS X<\/a> qui va puiser ses bases dans le catalogue de pi\u00e8ces de la <a href=\"http:\/\/www.carideal.com\/blog\/2016\/02\/14\/peugeot-3008-2-pour-le-mondial\/\">Peugeot 3008<\/a>.<\/p>\n<p>Il est question maintenant que DS nous pr\u00e9sente un\u00a0an plus tard, un plus petit DS W. Cette version sera bas\u00e9e sur la m\u00eame plateforme technique que ses cousines du groupe PSA les <a href=\"http:\/\/www.carideal.com\/blog\/2016\/02\/14\/le-peugeot-2008-2-arrive-en-juin-2016\/\">Peugeot 2008<\/a> et la <a href=\"http:\/\/www.carideal.com\/blog\/2015\/06\/06\/citroen-c4-aircross-gamme-simplifiee\/\">Citro\u00ebn AirCross<\/a>.<\/p>\n<p>En\u00a02019 ou au d\u00e9but de 2020, nous devrions voir la plus grande DS de sept places en m\u00eame temps que la nouvelle 4008 sur les bases techniques de la nouvelle plateforme EMP2 sur laquelle sera bas\u00e9e aussi le remplacement de\u00a0Opel Zafira nomm\u00e9 Grandland X.<\/p>\n<figure id=\"attachment_14246\" aria-describedby=\"caption-attachment-14246\" style=\"width: 590px\" class=\"wp-caption alignnone\"><a href=\"http:\/\/www.carideal.com\/blog\/wp-content\/uploads\/2016\/12\/DS-Divine-couture-garage-schiavon-citroen-bassens-e1482248869179.jpg\"><img loading=\"lazy\" decoding=\"async\" class=\"wp-image-14246 size-full\" title=\"Concept DS Divine Couture le retour du luxe pour les futures voitures DS\" src=\"http:\/\/www.carideal.com\/blog\/wp-content\/uploads\/2016\/12\/DS-Divine-couture-garage-schiavon-citroen-bassens-e1482248869179.jpg\" alt=\"Concept DS Divine Couture le retour du luxe pour les futures voitures DS\" width=\"600\" height=\"354\" \/><\/a><figcaption id=\"caption-attachment-14246\" class=\"wp-caption-text\">Concept DS Divine Couture le retour du luxe pour les futures voitures DS<\/figcaption><\/figure>\n<h2>Un SUV : la cl\u00e9 pour d\u00e9bloquer un lancement am\u00e9ricain<\/h2>\n<p>Les trois mod\u00e8les ont \u00e9t\u00e9 con\u00e7us avec les \u00c9tats-Unis \u00e0 l'esprit, disent les sources. Ils offriront des modules 4wd enclenchables \u00e9lectriquement\u00a0; \u00abNous n'offrirons jamais une voiture avec la traction int\u00e9grale m\u00e9canique\u00bb, a d\u00e9clar\u00e9 le responsable\u00a0du marketing DS Arnaud Ribault.<\/p>\n<p>S'il est logique d'utiliser la marque DS largement inconnue comme un tremplin pour r\u00e9int\u00e9grer le deuxi\u00e8me plus grand march\u00e9 mondial de voitures neuves est bien s\u00fbr une bonne\u00a0question. DS va tr\u00e8s certainement utiliser le cot\u00e9 historique de la DS originale de 1955.<\/p>\n<p>Mais le produit DS qui aurait tr\u00e8s certainement sa cible\u00a0en Am\u00e9rique du Nord est le DS7.<\/p>\n<figure id=\"attachment_14245\" aria-describedby=\"caption-attachment-14245\" style=\"width: 590px\" class=\"wp-caption alignnone\"><a href=\"http:\/\/www.carideal.com\/blog\/wp-content\/uploads\/2016\/12\/DS-DS7.jpg\"><img loading=\"lazy\" decoding=\"async\" class=\"wp-image-14245 size-full\" title=\"DS DS7\" src=\"http:\/\/www.carideal.com\/blog\/wp-content\/uploads\/2016\/12\/DS-DS7.jpg\" alt=\"DS DS7\" width=\"600\" height=\"412\" srcset=\"https:\/\/www.carideal.com\/blog\/wp-content\/uploads\/2016\/12\/DS-DS7.jpg 600w, https:\/\/www.carideal.com\/blog\/wp-content\/uploads\/2016\/12\/DS-DS7-300x206.jpg 300w, https:\/\/www.carideal.com\/blog\/wp-content\/uploads\/2016\/12\/DS-DS7-110x76.jpg 110w, https:\/\/www.carideal.com\/blog\/wp-content\/uploads\/2016\/12\/DS-DS7-420x288.jpg 420w, https:\/\/www.carideal.com\/blog\/wp-content\/uploads\/2016\/12\/DS-DS7-50x34.jpg 50w\" sizes=\"(max-width: 600px) 100vw, 600px\" \/><\/a><figcaption id=\"caption-attachment-14245\" class=\"wp-caption-text\">DS DS7<\/figcaption><\/figure>\n<h2>DS7: la France retrouve ses\u00a0racines de luxe excentriques<\/h2>\n<p>Construit en France, et non en Chine, ce nouveau mod\u00e8le phare est r\u00e9clam\u00e9 pour reprendre le fil rouge. Citro\u00ebn a commenc\u00e9 \u00e0 perdre ce segment lorsque la DS originale a \u00e9t\u00e9 interrompu en 1975.<\/p>\n<p>Destin\u00e9e \u00e0 \u00eatre pr\u00e9sent\u00e9e au d\u00e9but de l'ann\u00e9e 2018 et d\u00e9crite comme une \u00abn\u00e9o-berline\u00bb par son constructeur, la DS7 \u00e0 faible coefficient a\u00e9rodynamique\u00a0et \u00e0 haute visibilit\u00e9 est suppos\u00e9e jouer le r\u00f4le d'une alternative d'avant-garde aux Audi <a href=\"http:\/\/www.carideal.com\/blog\/marque-de-voiture-actualites-essais\/bmw\/\">BMW<\/a> et autre\u00a0<a href=\"http:\/\/www.carideal.com\/blog\/marque-de-voiture-actualites-essais\/mercedes\/\">Mercedes<\/a>.<\/p>\n<p>Il s'agit d'une proposition globale b\u00e9n\u00e9ficiant d'une nouvelle technologie de suspension appel\u00e9e Aircomfort, un module E-power optionnel enclenchable\u00a0pour entra\u00eener les roues arri\u00e8re et des progr\u00e8s substantiels en termes d'ergonomie, de connectivit\u00e9 et de digital.<\/p>\n<p>DS4 et DS5 seront probablement fusionn\u00e9 en 2019 et deviendront\u00a0na nouvelle DS5 qui met l'accent sur le design expressif, une pr\u00e9sentation\u00a0intelligente et avec des points luxueux et innovants pour aler au-del\u00e0 de sa pr\u00e9d\u00e9cessrice.<\/p>\n<p>La marque DS automobile est pr\u00e9sente en <a href=\"http:\/\/www.carideal.com\/blog\/2015\/10\/20\/ds-virgin-racing-pret-pour-sa-deuxieme-saison-en-formule-e\/\">Formule E<\/a>, et les <a href=\"http:\/\/www.carideal.com\/blog\/2016\/02\/01\/voiture-electrique-citroen-peugeot-au-quebec\/\">voitures \u00e9lectriques<\/a> lui tiennent \u00e0 coeur, c'est sans doute pour cela que peut-\u00eatre la plus grande surprise dans la gamme remani\u00e9e DS sera la\u00a0DS1, une voiture de ville tout \u00e9lectrique qui devrait voir la lumi\u00e8re du jour avant 2020.<\/p>\n<p>Con\u00e7u sp\u00e9cialement pour les m\u00e9ga villes qui prolif\u00e8rent, cette mignone et g\u00e9nial quatre places vise l'espace\u00a0entre la Smart Fortwo et Forfour.<\/p>\n<p>DS r\u00e9ussira-t-il ? On vous le dira !<\/p>\n<p>Donnez nous votre avis ci-dessous dans les commentaires !<\/p>\n","protected":false},"excerpt":{"rendered":"<p>Les futures\u00a0voitures DS Automobiles \u00e0 venir jusqu&rsquo;en 2020 Six ans depuis sa cr\u00e9ation, DS est encore un peu un non-\u00e9v\u00e9nement. Certes, la marrante DS3 se d\u00e9brouille bien, mais la\u00a0DS4 est d\u00e9pass\u00e9e, et le DS5 audacieux mais mais qui ne s&rsquo;est pas impos\u00e9\u00a0reste une jolie\u00a0voiture qui n&rsquo;a pas trouv\u00e9e son public. Pr\u00e9sentation des futures voitures DS &#8230; <a title=\"Les futures Voitures DS jusque 2020\" class=\"read-more\" href=\"https:\/\/www.carideal.com\/blog\/2016\/12\/20\/les-futures-voitures-ds-jusque-2020\/\" aria-label=\"En savoir plus sur Les futures Voitures DS jusque 2020\">Lire plus<\/a><\/p>\n","protected":false},"author":3,"featured_media":9655,"comment_status":"open","ping_status":"open","sticky":false,"template":"","format":"standard","meta":{"_uag_custom_page_level_css":"","_themeisle_gutenberg_block_has_review":false,"footnotes":""},"categories":[21,5944,6001],"tags":[1710],"class_list":["post-14243","post","type-post","status-publish","format-standard","has-post-thumbnail","hentry","category-actualites-auto","category-constructeur","category-ds","tag-voiture-haut-de-gamme"],"wppr_data":{"cwp_meta_box_check":"No"},"yoast_head":"<!-- This site is optimized with the Yoast SEO plugin v24.8.1 - https:\/\/yoast.com\/wordpress\/plugins\/seo\/ -->\n<title>Les futures Voitures DS jusque 2020 - Blog auto Carid\u00e9al<\/title>\n<meta name=\"description\" content=\"Pr\u00e9sentation des futures voitures DS de la DS1 \u00e0 la DS7 jusqu&#039;en 2020. La reconqu\u00eate passe par la petite voiture \u00e9lectrique jusqu&#039;au SUV 4WD enclenchable\" \/>\n<meta name=\"robots\" content=\"index, follow, max-snippet:-1, max-image-preview:large, max-video-preview:-1\" \/>\n<link rel=\"canonical\" href=\"https:\/\/www.carideal.com\/blog\/2016\/12\/20\/les-futures-voitures-ds-jusque-2020\/\" \/>\n<meta property=\"og:locale\" content=\"fr_FR\" \/>\n<meta property=\"og:type\" content=\"article\" \/>\n<meta property=\"og:title\" content=\"Les futures Voitures DS jusque 2020 - Blog auto Carid\u00e9al\" \/>\n<meta property=\"og:description\" content=\"Pr\u00e9sentation des futures voitures DS de la DS1 \u00e0 la DS7 jusqu&#039;en 2020. La reconqu\u00eate passe par la petite voiture \u00e9lectrique jusqu&#039;au SUV 4WD enclenchable\" \/>\n<meta property=\"og:url\" content=\"https:\/\/www.carideal.com\/blog\/2016\/12\/20\/les-futures-voitures-ds-jusque-2020\/\" \/>\n<meta property=\"og:site_name\" content=\"Blog auto Carid\u00e9al\" \/>\n<meta property=\"article:publisher\" content=\"https:\/\/www.facebook.com\/Carideal.mandataire.automobile\" \/>\n<meta property=\"article:author\" content=\"https:\/\/www.facebook.com\/nicolas.schiavon.39\" \/>\n<meta property=\"article:published_time\" content=\"2016-12-20T16:00:38+00:00\" \/>\n<meta property=\"article:modified_time\" content=\"2020-03-09T05:42:37+00:00\" \/>\n<meta property=\"og:image\" content=\"https:\/\/www.carideal.com\/blog\/wp-content\/uploads\/2016\/02\/10683691_1214771228540580_9169123116570573760_o-e1482248464324.jpg\" \/>\n\t<meta property=\"og:image:width\" content=\"800\" \/>\n\t<meta property=\"og:image:height\" content=\"450\" \/>\n\t<meta property=\"og:image:type\" content=\"image\/jpeg\" \/>\n<meta name=\"author\" content=\"Nicolas SCHIAVON\" \/>\n<meta name=\"twitter:card\" content=\"summary_large_image\" \/>\n<meta name=\"twitter:creator\" content=\"@caridealauto\" \/>\n<meta name=\"twitter:site\" content=\"@caridealauto\" \/>\n<meta name=\"twitter:label1\" content=\"\u00c9crit par\" \/>\n\t<meta name=\"twitter:data1\" content=\"Nicolas SCHIAVON\" \/>\n\t<meta name=\"twitter:label2\" content=\"Dur\u00e9e de lecture estim\u00e9e\" \/>\n\t<meta name=\"twitter:data2\" content=\"4 minutes\" \/>\n<script type=\"application\/ld+json\" class=\"yoast-schema-graph\">{\"@context\":\"https:\/\/schema.org\",\"@graph\":[{\"@type\":\"Article\",\"@id\":\"https:\/\/www.carideal.com\/blog\/2016\/12\/20\/les-futures-voitures-ds-jusque-2020\/#article\",\"isPartOf\":{\"@id\":\"https:\/\/www.carideal.com\/blog\/2016\/12\/20\/les-futures-voitures-ds-jusque-2020\/\"},\"author\":{\"name\":\"Nicolas SCHIAVON\",\"@id\":\"https:\/\/www.carideal.com\/blog\/#\/schema\/person\/cd95dc7919660de90d31b366f85be1ec\"},\"headline\":\"Les futures Voitures DS jusque 2020\",\"datePublished\":\"2016-12-20T16:00:38+00:00\",\"dateModified\":\"2020-03-09T05:42:37+00:00\",\"mainEntityOfPage\":{\"@id\":\"https:\/\/www.carideal.com\/blog\/2016\/12\/20\/les-futures-voitures-ds-jusque-2020\/\"},\"wordCount\":721,\"commentCount\":0,\"publisher\":{\"@id\":\"https:\/\/www.carideal.com\/blog\/#organization\"},\"image\":{\"@id\":\"https:\/\/www.carideal.com\/blog\/2016\/12\/20\/les-futures-voitures-ds-jusque-2020\/#primaryimage\"},\"thumbnailUrl\":\"https:\/\/www.carideal.com\/blog\/wp-content\/uploads\/2016\/02\/10683691_1214771228540580_9169123116570573760_o-e1482248464324.jpg\",\"keywords\":[\"voiture haut de gamme\"],\"articleSection\":[\"Actualit\u00e9 automobile\",\"Actualit\u00e9 Constructeur automobile\",\"Actualit\u00e9 DS\"],\"inLanguage\":\"fr-FR\",\"potentialAction\":[{\"@type\":\"CommentAction\",\"name\":\"Comment\",\"target\":[\"https:\/\/www.carideal.com\/blog\/2016\/12\/20\/les-futures-voitures-ds-jusque-2020\/#respond\"]}]},{\"@type\":\"WebPage\",\"@id\":\"https:\/\/www.carideal.com\/blog\/2016\/12\/20\/les-futures-voitures-ds-jusque-2020\/\",\"url\":\"https:\/\/www.carideal.com\/blog\/2016\/12\/20\/les-futures-voitures-ds-jusque-2020\/\",\"name\":\"Les futures Voitures DS jusque 2020 - Blog auto Carid\u00e9al\",\"isPartOf\":{\"@id\":\"https:\/\/www.carideal.com\/blog\/#website\"},\"primaryImageOfPage\":{\"@id\":\"https:\/\/www.carideal.com\/blog\/2016\/12\/20\/les-futures-voitures-ds-jusque-2020\/#primaryimage\"},\"image\":{\"@id\":\"https:\/\/www.carideal.com\/blog\/2016\/12\/20\/les-futures-voitures-ds-jusque-2020\/#primaryimage\"},\"thumbnailUrl\":\"https:\/\/www.carideal.com\/blog\/wp-content\/uploads\/2016\/02\/10683691_1214771228540580_9169123116570573760_o-e1482248464324.jpg\",\"datePublished\":\"2016-12-20T16:00:38+00:00\",\"dateModified\":\"2020-03-09T05:42:37+00:00\",\"description\":\"Pr\u00e9sentation des futures voitures DS de la DS1 \u00e0 la DS7 jusqu'en 2020. La reconqu\u00eate passe par la petite voiture \u00e9lectrique jusqu'au SUV 4WD enclenchable\",\"breadcrumb\":{\"@id\":\"https:\/\/www.carideal.com\/blog\/2016\/12\/20\/les-futures-voitures-ds-jusque-2020\/#breadcrumb\"},\"inLanguage\":\"fr-FR\",\"potentialAction\":[{\"@type\":\"ReadAction\",\"target\":[\"https:\/\/www.carideal.com\/blog\/2016\/12\/20\/les-futures-voitures-ds-jusque-2020\/\"]}]},{\"@type\":\"ImageObject\",\"inLanguage\":\"fr-FR\",\"@id\":\"https:\/\/www.carideal.com\/blog\/2016\/12\/20\/les-futures-voitures-ds-jusque-2020\/#primaryimage\",\"url\":\"https:\/\/www.carideal.com\/blog\/wp-content\/uploads\/2016\/02\/10683691_1214771228540580_9169123116570573760_o-e1482248464324.jpg\",\"contentUrl\":\"https:\/\/www.carideal.com\/blog\/wp-content\/uploads\/2016\/02\/10683691_1214771228540580_9169123116570573760_o-e1482248464324.jpg\",\"width\":800,\"height\":450,\"caption\":\"DS e-Tense\"},{\"@type\":\"BreadcrumbList\",\"@id\":\"https:\/\/www.carideal.com\/blog\/2016\/12\/20\/les-futures-voitures-ds-jusque-2020\/#breadcrumb\",\"itemListElement\":[{\"@type\":\"ListItem\",\"position\":1,\"name\":\"Blog Carid\u00e9al\",\"item\":\"https:\/\/www.carideal.com\/blog\/\"},{\"@type\":\"ListItem\",\"position\":2,\"name\":\"Actualit\u00e9 constructeur automobile\",\"item\":\"https:\/\/www.carideal.com\/blog\/constructeur\/\"},{\"@type\":\"ListItem\",\"position\":3,\"name\":\"Actualit\u00e9 DS\",\"item\":\"https:\/\/www.carideal.com\/blog\/constructeur\/ds\/\"},{\"@type\":\"ListItem\",\"position\":4,\"name\":\"Les futures Voitures DS jusque 2020\"}]},{\"@type\":\"WebSite\",\"@id\":\"https:\/\/www.carideal.com\/blog\/#website\",\"url\":\"https:\/\/www.carideal.com\/blog\/\",\"name\":\"Blog auto Carid\u00e9al\",\"description\":\"Actualit\u00e9 auto par des passionn\u00e9s\",\"publisher\":{\"@id\":\"https:\/\/www.carideal.com\/blog\/#organization\"},\"potentialAction\":[{\"@type\":\"SearchAction\",\"target\":{\"@type\":\"EntryPoint\",\"urlTemplate\":\"https:\/\/www.carideal.com\/blog\/?s={search_term_string}\"},\"query-input\":{\"@type\":\"PropertyValueSpecification\",\"valueRequired\":true,\"valueName\":\"search_term_string\"}}],\"inLanguage\":\"fr-FR\"},{\"@type\":\"Organization\",\"@id\":\"https:\/\/www.carideal.com\/blog\/#organization\",\"name\":\"Carideal\",\"url\":\"https:\/\/www.carideal.com\/blog\/\",\"logo\":{\"@type\":\"ImageObject\",\"inLanguage\":\"fr-FR\",\"@id\":\"https:\/\/www.carideal.com\/blog\/#\/schema\/logo\/image\/\",\"url\":\"http:\/\/www.carideal.com\/blog\/wp-content\/uploads\/2016\/03\/logo-carideal-mandataire-automobile.png\",\"contentUrl\":\"http:\/\/www.carideal.com\/blog\/wp-content\/uploads\/2016\/03\/logo-carideal-mandataire-automobile.png\",\"width\":300,\"height\":300,\"caption\":\"Carideal\"},\"image\":{\"@id\":\"https:\/\/www.carideal.com\/blog\/#\/schema\/logo\/image\/\"},\"sameAs\":[\"https:\/\/www.facebook.com\/Carideal.mandataire.automobile\",\"https:\/\/x.com\/caridealauto\",\"https:\/\/www.instagram.com\/carideal1\/\",\"https:\/\/www.linkedin.com\/company\/carideal.com\",\"https:\/\/fr.pinterest.com\/schiavonsas\/\",\"https:\/\/www.youtube.com\/user\/caridealsas\"]},{\"@type\":\"Person\",\"@id\":\"https:\/\/www.carideal.com\/blog\/#\/schema\/person\/cd95dc7919660de90d31b366f85be1ec\",\"name\":\"Nicolas SCHIAVON\",\"image\":{\"@type\":\"ImageObject\",\"inLanguage\":\"fr-FR\",\"@id\":\"https:\/\/www.carideal.com\/blog\/#\/schema\/person\/image\/\",\"url\":\"https:\/\/secure.gravatar.com\/avatar\/c17e55009e671d92cc7f5dc837dc418a?s=96&r=g\",\"contentUrl\":\"https:\/\/secure.gravatar.com\/avatar\/c17e55009e671d92cc7f5dc837dc418a?s=96&r=g\",\"caption\":\"Nicolas SCHIAVON\"},\"description\":\"Nicolas Schiavon est tomb\u00e9 tout petit dans la marmite automobile. Ayant eu un garage de marque automobile, mandataire automobile de la premi\u00e8re heure d\u00e8s 1999. Nicolas a cr\u00e9\u00e9 ces premiers sites de vente de voiture et blog automobile d\u00e8s 1994. Carideal est n\u00e9 le 15 d\u00e9cembre 2000 de la volont\u00e9 de vendre des voitures d'occasions en ligne puis des voitures neuves. Il a pu essayer beaucoup de voitures tr\u00e8s diff\u00e9rentes et ayant eu personnellement quelques belles autos, Subaru Impreza, Mitsubishi Lancer Evo 7, Porsche 911, Ferrari Testarrossa, Audi RS3, RS4 et j'en passe...\",\"sameAs\":[\"http:\/\/www.carideal.com\",\"https:\/\/www.facebook.com\/nicolas.schiavon.39\",\"https:\/\/www.instagram.com\/carideal1\/\",\"https:\/\/www.linkedin.com\/in\/nschiavon\/\",\"https:\/\/x.com\/caridealauto\",\"https:\/\/www.youtube.com\/user\/caridealsas\/\"],\"url\":\"https:\/\/www.carideal.com\/blog\/author\/nschiavon\/\"}]}<\/script>\n<!-- \/ Yoast SEO plugin. -->","yoast_head_json":{"title":"Les futures Voitures DS jusque 2020 - Blog auto Carid\u00e9al","description":"Pr\u00e9sentation des futures voitures DS de la DS1 \u00e0 la DS7 jusqu'en 2020. La reconqu\u00eate passe par la petite voiture \u00e9lectrique jusqu'au SUV 4WD enclenchable","robots":{"index":"index","follow":"follow","max-snippet":"max-snippet:-1","max-image-preview":"max-image-preview:large","max-video-preview":"max-video-preview:-1"},"canonical":"https:\/\/www.carideal.com\/blog\/2016\/12\/20\/les-futures-voitures-ds-jusque-2020\/","og_locale":"fr_FR","og_type":"article","og_title":"Les futures Voitures DS jusque 2020 - Blog auto Carid\u00e9al","og_description":"Pr\u00e9sentation des futures voitures DS de la DS1 \u00e0 la DS7 jusqu'en 2020. La reconqu\u00eate passe par la petite voiture \u00e9lectrique jusqu'au SUV 4WD enclenchable","og_url":"https:\/\/www.carideal.com\/blog\/2016\/12\/20\/les-futures-voitures-ds-jusque-2020\/","og_site_name":"Blog auto Carid\u00e9al","article_publisher":"https:\/\/www.facebook.com\/Carideal.mandataire.automobile","article_author":"https:\/\/www.facebook.com\/nicolas.schiavon.39","article_published_time":"2016-12-20T16:00:38+00:00","article_modified_time":"2020-03-09T05:42:37+00:00","og_image":[{"width":800,"height":450,"url":"https:\/\/www.carideal.com\/blog\/wp-content\/uploads\/2016\/02\/10683691_1214771228540580_9169123116570573760_o-e1482248464324.jpg","type":"image\/jpeg"}],"author":"Nicolas SCHIAVON","twitter_card":"summary_large_image","twitter_creator":"@caridealauto","twitter_site":"@caridealauto","twitter_misc":{"\u00c9crit par":"Nicolas SCHIAVON","Dur\u00e9e de lecture estim\u00e9e":"4 minutes"},"schema":{"@context":"https:\/\/schema.org","@graph":[{"@type":"Article","@id":"https:\/\/www.carideal.com\/blog\/2016\/12\/20\/les-futures-voitures-ds-jusque-2020\/#article","isPartOf":{"@id":"https:\/\/www.carideal.com\/blog\/2016\/12\/20\/les-futures-voitures-ds-jusque-2020\/"},"author":{"name":"Nicolas SCHIAVON","@id":"https:\/\/www.carideal.com\/blog\/#\/schema\/person\/cd95dc7919660de90d31b366f85be1ec"},"headline":"Les futures Voitures DS jusque 2020","datePublished":"2016-12-20T16:00:38+00:00","dateModified":"2020-03-09T05:42:37+00:00","mainEntityOfPage":{"@id":"https:\/\/www.carideal.com\/blog\/2016\/12\/20\/les-futures-voitures-ds-jusque-2020\/"},"wordCount":721,"commentCount":0,"publisher":{"@id":"https:\/\/www.carideal.com\/blog\/#organization"},"image":{"@id":"https:\/\/www.carideal.com\/blog\/2016\/12\/20\/les-futures-voitures-ds-jusque-2020\/#primaryimage"},"thumbnailUrl":"https:\/\/www.carideal.com\/blog\/wp-content\/uploads\/2016\/02\/10683691_1214771228540580_9169123116570573760_o-e1482248464324.jpg","keywords":["voiture haut de gamme"],"articleSection":["Actualit\u00e9 automobile","Actualit\u00e9 Constructeur automobile","Actualit\u00e9 DS"],"inLanguage":"fr-FR","potentialAction":[{"@type":"CommentAction","name":"Comment","target":["https:\/\/www.carideal.com\/blog\/2016\/12\/20\/les-futures-voitures-ds-jusque-2020\/#respond"]}]},{"@type":"WebPage","@id":"https:\/\/www.carideal.com\/blog\/2016\/12\/20\/les-futures-voitures-ds-jusque-2020\/","url":"https:\/\/www.carideal.com\/blog\/2016\/12\/20\/les-futures-voitures-ds-jusque-2020\/","name":"Les futures Voitures DS jusque 2020 - Blog auto Carid\u00e9al","isPartOf":{"@id":"https:\/\/www.carideal.com\/blog\/#website"},"primaryImageOfPage":{"@id":"https:\/\/www.carideal.com\/blog\/2016\/12\/20\/les-futures-voitures-ds-jusque-2020\/#primaryimage"},"image":{"@id":"https:\/\/www.carideal.com\/blog\/2016\/12\/20\/les-futures-voitures-ds-jusque-2020\/#primaryimage"},"thumbnailUrl":"https:\/\/www.carideal.com\/blog\/wp-content\/uploads\/2016\/02\/10683691_1214771228540580_9169123116570573760_o-e1482248464324.jpg","datePublished":"2016-12-20T16:00:38+00:00","dateModified":"2020-03-09T05:42:37+00:00","description":"Pr\u00e9sentation des futures voitures DS de la DS1 \u00e0 la DS7 jusqu'en 2020. La reconqu\u00eate passe par la petite voiture \u00e9lectrique jusqu'au SUV 4WD enclenchable","breadcrumb":{"@id":"https:\/\/www.carideal.com\/blog\/2016\/12\/20\/les-futures-voitures-ds-jusque-2020\/#breadcrumb"},"inLanguage":"fr-FR","potentialAction":[{"@type":"ReadAction","target":["https:\/\/www.carideal.com\/blog\/2016\/12\/20\/les-futures-voitures-ds-jusque-2020\/"]}]},{"@type":"ImageObject","inLanguage":"fr-FR","@id":"https:\/\/www.carideal.com\/blog\/2016\/12\/20\/les-futures-voitures-ds-jusque-2020\/#primaryimage","url":"https:\/\/www.carideal.com\/blog\/wp-content\/uploads\/2016\/02\/10683691_1214771228540580_9169123116570573760_o-e1482248464324.jpg","contentUrl":"https:\/\/www.carideal.com\/blog\/wp-content\/uploads\/2016\/02\/10683691_1214771228540580_9169123116570573760_o-e1482248464324.jpg","width":800,"height":450,"caption":"DS e-Tense"},{"@type":"BreadcrumbList","@id":"https:\/\/www.carideal.com\/blog\/2016\/12\/20\/les-futures-voitures-ds-jusque-2020\/#breadcrumb","itemListElement":[{"@type":"ListItem","position":1,"name":"Blog Carid\u00e9al","item":"https:\/\/www.carideal.com\/blog\/"},{"@type":"ListItem","position":2,"name":"Actualit\u00e9 constructeur automobile","item":"https:\/\/www.carideal.com\/blog\/constructeur\/"},{"@type":"ListItem","position":3,"name":"Actualit\u00e9 DS","item":"https:\/\/www.carideal.com\/blog\/constructeur\/ds\/"},{"@type":"ListItem","position":4,"name":"Les futures Voitures DS jusque 2020"}]},{"@type":"WebSite","@id":"https:\/\/www.carideal.com\/blog\/#website","url":"https:\/\/www.carideal.com\/blog\/","name":"Blog auto Carid\u00e9al","description":"Actualit\u00e9 auto par des passionn\u00e9s","publisher":{"@id":"https:\/\/www.carideal.com\/blog\/#organization"},"potentialAction":[{"@type":"SearchAction","target":{"@type":"EntryPoint","urlTemplate":"https:\/\/www.carideal.com\/blog\/?s={search_term_string}"},"query-input":{"@type":"PropertyValueSpecification","valueRequired":true,"valueName":"search_term_string"}}],"inLanguage":"fr-FR"},{"@type":"Organization","@id":"https:\/\/www.carideal.com\/blog\/#organization","name":"Carideal","url":"https:\/\/www.carideal.com\/blog\/","logo":{"@type":"ImageObject","inLanguage":"fr-FR","@id":"https:\/\/www.carideal.com\/blog\/#\/schema\/logo\/image\/","url":"http:\/\/www.carideal.com\/blog\/wp-content\/uploads\/2016\/03\/logo-carideal-mandataire-automobile.png","contentUrl":"http:\/\/www.carideal.com\/blog\/wp-content\/uploads\/2016\/03\/logo-carideal-mandataire-automobile.png","width":300,"height":300,"caption":"Carideal"},"image":{"@id":"https:\/\/www.carideal.com\/blog\/#\/schema\/logo\/image\/"},"sameAs":["https:\/\/www.facebook.com\/Carideal.mandataire.automobile","https:\/\/x.com\/caridealauto","https:\/\/www.instagram.com\/carideal1\/","https:\/\/www.linkedin.com\/company\/carideal.com","https:\/\/fr.pinterest.com\/schiavonsas\/","https:\/\/www.youtube.com\/user\/caridealsas"]},{"@type":"Person","@id":"https:\/\/www.carideal.com\/blog\/#\/schema\/person\/cd95dc7919660de90d31b366f85be1ec","name":"Nicolas SCHIAVON","image":{"@type":"ImageObject","inLanguage":"fr-FR","@id":"https:\/\/www.carideal.com\/blog\/#\/schema\/person\/image\/","url":"https:\/\/secure.gravatar.com\/avatar\/c17e55009e671d92cc7f5dc837dc418a?s=96&r=g","contentUrl":"https:\/\/secure.gravatar.com\/avatar\/c17e55009e671d92cc7f5dc837dc418a?s=96&r=g","caption":"Nicolas SCHIAVON"},"description":"Nicolas Schiavon est tomb\u00e9 tout petit dans la marmite automobile. Ayant eu un garage de marque automobile, mandataire automobile de la premi\u00e8re heure d\u00e8s 1999. Nicolas a cr\u00e9\u00e9 ces premiers sites de vente de voiture et blog automobile d\u00e8s 1994. Carideal est n\u00e9 le 15 d\u00e9cembre 2000 de la volont\u00e9 de vendre des voitures d'occasions en ligne puis des voitures neuves. Il a pu essayer beaucoup de voitures tr\u00e8s diff\u00e9rentes et ayant eu personnellement quelques belles autos, Subaru Impreza, Mitsubishi Lancer Evo 7, Porsche 911, Ferrari Testarrossa, Audi RS3, RS4 et j'en passe...","sameAs":["http:\/\/www.carideal.com","https:\/\/www.facebook.com\/nicolas.schiavon.39","https:\/\/www.instagram.com\/carideal1\/","https:\/\/www.linkedin.com\/in\/nschiavon\/","https:\/\/x.com\/caridealauto","https:\/\/www.youtube.com\/user\/caridealsas\/"],"url":"https:\/\/www.carideal.com\/blog\/author\/nschiavon\/"}]}},"uagb_featured_image_src":{"full":["https:\/\/www.carideal.com\/blog\/wp-content\/uploads\/2016\/02\/10683691_1214771228540580_9169123116570573760_o-e1482248464324.jpg",800,450,false],"thumbnail":["https:\/\/www.carideal.com\/blog\/wp-content\/uploads\/2016\/02\/10683691_1214771228540580_9169123116570573760_o-150x150.jpg",150,150,true],"medium":["https:\/\/www.carideal.com\/blog\/wp-content\/uploads\/2016\/02\/10683691_1214771228540580_9169123116570573760_o-300x169.jpg",300,169,true],"medium_large":["https:\/\/www.carideal.com\/blog\/wp-content\/uploads\/2016\/02\/10683691_1214771228540580_9169123116570573760_o-e1482248464324.jpg",768,432,false],"large":["https:\/\/www.carideal.com\/blog\/wp-content\/uploads\/2016\/02\/10683691_1214771228540580_9169123116570573760_o-1024x576.jpg",1024,576,true],"1536x1536":["https:\/\/www.carideal.com\/blog\/wp-content\/uploads\/2016\/02\/10683691_1214771228540580_9169123116570573760_o-e1482248464324.jpg",800,450,false],"2048x2048":["https:\/\/www.carideal.com\/blog\/wp-content\/uploads\/2016\/02\/10683691_1214771228540580_9169123116570573760_o-e1482248464324.jpg",800,450,false],"wppr-widget":["https:\/\/www.carideal.com\/blog\/wp-content\/uploads\/2016\/02\/10683691_1214771228540580_9169123116570573760_o-e1482248464324.jpg",50,28,false]},"uagb_author_info":{"display_name":"Nicolas SCHIAVON","author_link":"https:\/\/www.carideal.com\/blog\/author\/nschiavon\/"},"uagb_comment_info":2,"uagb_excerpt":"Les futures\u00a0voitures DS Automobiles \u00e0 venir jusqu'en 2020 Six ans depuis sa cr\u00e9ation, DS est encore un peu un non-\u00e9v\u00e9nement. Certes, la marrante DS3 se d\u00e9brouille bien, mais la\u00a0DS4 est d\u00e9pass\u00e9e, et le DS5 audacieux mais mais qui ne s'est pas impos\u00e9\u00a0reste une jolie\u00a0voiture qui n'a pas trouv\u00e9e son public. Pr\u00e9sentation des futures voitures DS\u2026","_links":{"self":[{"href":"https:\/\/www.carideal.com\/blog\/wp-json\/wp\/v2\/posts\/14243"}],"collection":[{"href":"https:\/\/www.carideal.com\/blog\/wp-json\/wp\/v2\/posts"}],"about":[{"href":"https:\/\/www.carideal.com\/blog\/wp-json\/wp\/v2\/types\/post"}],"author":[{"embeddable":true,"href":"https:\/\/www.carideal.com\/blog\/wp-json\/wp\/v2\/users\/3"}],"replies":[{"embeddable":true,"href":"https:\/\/www.carideal.com\/blog\/wp-json\/wp\/v2\/comments?post=14243"}],"version-history":[{"count":0,"href":"https:\/\/www.carideal.com\/blog\/wp-json\/wp\/v2\/posts\/14243\/revisions"}],"wp:featuredmedia":[{"embeddable":true,"href":"https:\/\/www.carideal.com\/blog\/wp-json\/wp\/v2\/media\/9655"}],"wp:attachment":[{"href":"https:\/\/www.carideal.com\/blog\/wp-json\/wp\/v2\/media?parent=14243"}],"wp:term":[{"taxonomy":"category","embeddable":true,"href":"https:\/\/www.carideal.com\/blog\/wp-json\/wp\/v2\/categories?post=14243"},{"taxonomy":"post_tag","embeddable":true,"href":"https:\/\/www.carideal.com\/blog\/wp-json\/wp\/v2\/tags?post=14243"}],"curies":[{"name":"wp","href":"https:\/\/api.w.org\/{rel}","templated":true}]}}