{"id":1422,"date":"2013-08-17T09:30:00","date_gmt":"2013-08-17T09:30:00","guid":{"rendered":"http:\/\/carideal.com\/blog\/?p=1422"},"modified":"2020-03-07T22:42:35","modified_gmt":"2020-03-07T21:42:35","slug":"que-vaut-la-nouvelle-mercedes-cla","status":"publish","type":"post","link":"https:\/\/www.carideal.com\/blog\/2013\/08\/17\/que-vaut-la-nouvelle-mercedes-cla\/","title":{"rendered":"Que vaut la Nouvelle Mercedes CLA ?"},"content":{"rendered":"<p><img decoding=\"async\" src=\"\/blog\/public\/.mercedes_cla_achat-carideal_mandataire_automobile_m.jpg\" alt=\"mercedes_cla_achat-carideal_mandataire_automobile.jpg\" title=\"mercedes_cla_achat-carideal_mandataire_automobile.jpg, ao\u00fbt 2013\" \/><\/p>\n<blockquote>\n<p>Un nouveau style chez <a href=\"\/blog\/index.php?tag\/Mercedes\">Mercedes<\/a> pour la <a href=\"\/blog\/index.php?tag\/CLA\">CLA<\/a><\/p>\n<\/blockquote>\n<p>Mercedes \u00e9tait conscient qu'il fallait renouveller son image et s'y at\u00e8le depuis 2011 avec l'arriv\u00e9e de la nouvelle classe B plus dynamique et la nouvelle <a href=\"\/blog\/index.php?tag\/Classe%20A\">Classe A<\/a> en berline compacte et plus en monospace. Conscient qu'il faut innover Mercedes introduit un concept de <a href=\"\/blog\/index.php?tag\/coup%C3%A9\">coup\u00e9<\/a> \u00e0 4 portes sur plateforme de la classe A, mais qui n'arien \u00e0 voir avec elle !.<br \/>\nLe constructeur reprend les crit\u00e8re de la CLS en \u00e9tirant sa berline \u00e0 4.63m soit +34 cm et en rabaissant son toit \u00e0 1.44m, un nez pointu une grosse calandre des flanc creus\u00e9s et on obtient le Cx pour une voiture de s\u00e9rie le plus bas qui soit \u00e0 0.23. Pourtant c'est pas facile de s'y retrouver, la CLA est plus longue qu'une Classe C mais propose moins de Volume&nbsp;! <br \/>\nLes portes n'ont pas de montant. La CLA reprend la planche de bord de la classe A. <br \/>\nL'acc\u00e8s aux places arri\u00e8res est catastrophique, la banquette trop en avant et le toit trop bas, il ne faut pas mesurer plus de 1.75m sinon la t\u00eate touche le plafond.<br \/>\nIl y a moins de place \u00e0 l'arri\u00e8re que dans une Renault Clio !<br \/>\nVue par l'arri\u00e8re son porte \u00e0 faut saute aux yeux et le coffre est \u00e0 l'avenant, on n'est pas d\u00e9\u00e7u il d\u00e9veloppe 470L.<br \/>\nAutre Chose aussi, la voiture est une traction, ce qui marque encore la diff\u00e9rence par rapport \u00e0 la classe C, la CLA vise une client\u00e8le plus jeune. Pour le moment seul le moteur 220 CDI de 170 ch est disponible, il faudra attendre pour se voir proposer le 180 CDI.<br \/>\nCe moteur associ\u00e9 \u00e0 cet a\u00e9rodynamisme de 0.23 permet \u00e0 la belle <a href=\"\/blog\/index.php?tag\/CLA%20220%20CDI\">CLA 220 CDI<\/a> de 170 ch de s'en sortir avec seulement 177 g de CO2 par Kilom\u00e8tre.<br \/>\nLa voiture est dynamique et confortable, parfaite sur la route, l'ambiance int\u00e9rieur de type sport cible une client\u00e8le jeune.%% % On pourra regretter que son syt\u00e8me Stop &amp; Start soit trop rugeux et que sont prix soit trop ch\u00e8re.... 1800 \u00e0 2700 \u20ac de plus qu'une Classe A, soit plus de 37000 \u20ac pour la version diesel, m\u00eame si histoire de faire un prix le moteur essence 180 est disponible en bas de gamme \u00e0 28900 \u20ac avec une clim manuelle.... <br \/>\nCette Mercedes CLA attend la future Audi A3 berline de pied ferme, elle a d\u00e9j\u00e0 mis un pied dans la mare. Elle devrait \u00eatre d\u00e9clin\u00e9e en septembre en version Break \"Shooting brake\" puis par un SUV compacte, le <a href=\"\/blog\/index.php?tag\/GLA\">GLA<\/a>.<br \/>\nL'objectif de Mercedes est claire, reprendre \u00e0 BMW sa premi\u00e8re place des constructeurs de voiture premium. <br \/>* <br \/>\n<a href=\"\/blog\/index.php?post\/2013\/08\/13\/Mercedes-CLA\">Mercedes CLA<\/a> <\/p>\n<p>Achat Mercedes CLA moins ch\u00e8re avec Carideal Mandataire Automobile <\/p>\n","protected":false},"excerpt":{"rendered":"<p>Un nouveau style chez Mercedes pour la CLA Mercedes \u00e9tait conscient qu&rsquo;il fallait renouveller son image et s&rsquo;y at\u00e8le depuis 2011 avec l&rsquo;arriv\u00e9e de la nouvelle classe B plus dynamique et la nouvelle Classe A en berline compacte et plus en monospace. Conscient qu&rsquo;il faut innover Mercedes introduit un concept de coup\u00e9 \u00e0 4 portes &#8230; <a title=\"Que vaut la Nouvelle Mercedes CLA ?\" class=\"read-more\" href=\"https:\/\/www.carideal.com\/blog\/2013\/08\/17\/que-vaut-la-nouvelle-mercedes-cla\/\" aria-label=\"En savoir plus sur Que vaut la Nouvelle Mercedes CLA ?\">Lire plus<\/a><\/p>\n","protected":false},"author":1,"featured_media":0,"comment_status":"open","ping_status":"open","sticky":false,"template":"","format":"standard","meta":{"_uag_custom_page_level_css":"","_themeisle_gutenberg_block_has_review":false,"footnotes":""},"categories":[10],"tags":[],"class_list":["post-1422","post","type-post","status-publish","format-standard","hentry","category-marche-automobile-voiture-neuve-occasion-4x4-suv"],"wppr_data":[],"yoast_head":"<!-- This site is optimized with the Yoast SEO plugin v24.8.1 - https:\/\/yoast.com\/wordpress\/plugins\/seo\/ -->\n<title>Que vaut la Nouvelle Mercedes CLA ? - Blog auto Carid\u00e9al<\/title>\n<meta name=\"robots\" content=\"index, follow, max-snippet:-1, max-image-preview:large, max-video-preview:-1\" \/>\n<link rel=\"canonical\" href=\"https:\/\/www.carideal.com\/blog\/2013\/08\/17\/que-vaut-la-nouvelle-mercedes-cla\/\" \/>\n<meta property=\"og:locale\" content=\"fr_FR\" \/>\n<meta property=\"og:type\" content=\"article\" \/>\n<meta property=\"og:title\" content=\"Que vaut la Nouvelle Mercedes CLA ? - Blog auto Carid\u00e9al\" \/>\n<meta property=\"og:description\" content=\"Un nouveau style chez Mercedes pour la CLA Mercedes \u00e9tait conscient qu&#039;il fallait renouveller son image et s&#039;y at\u00e8le depuis 2011 avec l&#039;arriv\u00e9e de la nouvelle classe B plus dynamique et la nouvelle Classe A en berline compacte et plus en monospace. Conscient qu&#039;il faut innover Mercedes introduit un concept de coup\u00e9 \u00e0 4 portes ... Lire plus\" \/>\n<meta property=\"og:url\" content=\"https:\/\/www.carideal.com\/blog\/2013\/08\/17\/que-vaut-la-nouvelle-mercedes-cla\/\" \/>\n<meta property=\"og:site_name\" content=\"Blog auto Carid\u00e9al\" \/>\n<meta property=\"article:publisher\" content=\"https:\/\/www.facebook.com\/Carideal.mandataire.automobile\" \/>\n<meta property=\"article:author\" content=\"https:\/\/www.facebook.com\/Carideal.mandataire.automobile\/\" \/>\n<meta property=\"article:published_time\" content=\"2013-08-17T09:30:00+00:00\" \/>\n<meta property=\"article:modified_time\" content=\"2020-03-07T21:42:35+00:00\" \/>\n<meta property=\"og:image\" content=\"https:\/\/www.carideal.com\/blog\/wp-content\/uploads\/2016\/03\/logo-carideal-mandataire-automobile.png\" \/>\n\t<meta property=\"og:image:width\" content=\"300\" \/>\n\t<meta property=\"og:image:height\" content=\"300\" \/>\n\t<meta property=\"og:image:type\" content=\"image\/png\" \/>\n<meta name=\"author\" content=\"N.S Carideal\" \/>\n<meta name=\"twitter:card\" content=\"summary_large_image\" \/>\n<meta name=\"twitter:creator\" content=\"@caridealauto\" \/>\n<meta name=\"twitter:site\" content=\"@caridealauto\" \/>\n<meta name=\"twitter:label1\" content=\"\u00c9crit par\" \/>\n\t<meta name=\"twitter:data1\" content=\"N.S Carideal\" \/>\n\t<meta name=\"twitter:label2\" content=\"Dur\u00e9e de lecture estim\u00e9e\" \/>\n\t<meta name=\"twitter:data2\" content=\"2 minutes\" \/>\n<script type=\"application\/ld+json\" class=\"yoast-schema-graph\">{\"@context\":\"https:\/\/schema.org\",\"@graph\":[{\"@type\":\"Article\",\"@id\":\"https:\/\/www.carideal.com\/blog\/2013\/08\/17\/que-vaut-la-nouvelle-mercedes-cla\/#article\",\"isPartOf\":{\"@id\":\"https:\/\/www.carideal.com\/blog\/2013\/08\/17\/que-vaut-la-nouvelle-mercedes-cla\/\"},\"author\":{\"name\":\"N.S Carideal\",\"@id\":\"https:\/\/www.carideal.com\/blog\/#\/schema\/person\/985c7e757d1042d647f21bfaf8d41ebc\"},\"headline\":\"Que vaut la Nouvelle Mercedes CLA ?\",\"datePublished\":\"2013-08-17T09:30:00+00:00\",\"dateModified\":\"2020-03-07T21:42:35+00:00\",\"mainEntityOfPage\":{\"@id\":\"https:\/\/www.carideal.com\/blog\/2013\/08\/17\/que-vaut-la-nouvelle-mercedes-cla\/\"},\"wordCount\":446,\"commentCount\":0,\"publisher\":{\"@id\":\"https:\/\/www.carideal.com\/blog\/#organization\"},\"articleSection\":[\"March\u00e9 automobile\"],\"inLanguage\":\"fr-FR\",\"potentialAction\":[{\"@type\":\"CommentAction\",\"name\":\"Comment\",\"target\":[\"https:\/\/www.carideal.com\/blog\/2013\/08\/17\/que-vaut-la-nouvelle-mercedes-cla\/#respond\"]}]},{\"@type\":\"WebPage\",\"@id\":\"https:\/\/www.carideal.com\/blog\/2013\/08\/17\/que-vaut-la-nouvelle-mercedes-cla\/\",\"url\":\"https:\/\/www.carideal.com\/blog\/2013\/08\/17\/que-vaut-la-nouvelle-mercedes-cla\/\",\"name\":\"Que vaut la Nouvelle Mercedes CLA ? - Blog auto Carid\u00e9al\",\"isPartOf\":{\"@id\":\"https:\/\/www.carideal.com\/blog\/#website\"},\"datePublished\":\"2013-08-17T09:30:00+00:00\",\"dateModified\":\"2020-03-07T21:42:35+00:00\",\"breadcrumb\":{\"@id\":\"https:\/\/www.carideal.com\/blog\/2013\/08\/17\/que-vaut-la-nouvelle-mercedes-cla\/#breadcrumb\"},\"inLanguage\":\"fr-FR\",\"potentialAction\":[{\"@type\":\"ReadAction\",\"target\":[\"https:\/\/www.carideal.com\/blog\/2013\/08\/17\/que-vaut-la-nouvelle-mercedes-cla\/\"]}]},{\"@type\":\"BreadcrumbList\",\"@id\":\"https:\/\/www.carideal.com\/blog\/2013\/08\/17\/que-vaut-la-nouvelle-mercedes-cla\/#breadcrumb\",\"itemListElement\":[{\"@type\":\"ListItem\",\"position\":1,\"name\":\"Blog Carid\u00e9al\",\"item\":\"https:\/\/www.carideal.com\/blog\/\"},{\"@type\":\"ListItem\",\"position\":2,\"name\":\"March\u00e9 automobile\",\"item\":\"https:\/\/www.carideal.com\/blog\/marche-automobile-voiture-neuve-occasion-4x4-suv\/\"},{\"@type\":\"ListItem\",\"position\":3,\"name\":\"Que vaut la Nouvelle Mercedes CLA ?\"}]},{\"@type\":\"WebSite\",\"@id\":\"https:\/\/www.carideal.com\/blog\/#website\",\"url\":\"https:\/\/www.carideal.com\/blog\/\",\"name\":\"Blog auto Carid\u00e9al\",\"description\":\"Actualit\u00e9 auto par des passionn\u00e9s\",\"publisher\":{\"@id\":\"https:\/\/www.carideal.com\/blog\/#organization\"},\"potentialAction\":[{\"@type\":\"SearchAction\",\"target\":{\"@type\":\"EntryPoint\",\"urlTemplate\":\"https:\/\/www.carideal.com\/blog\/?s={search_term_string}\"},\"query-input\":{\"@type\":\"PropertyValueSpecification\",\"valueRequired\":true,\"valueName\":\"search_term_string\"}}],\"inLanguage\":\"fr-FR\"},{\"@type\":\"Organization\",\"@id\":\"https:\/\/www.carideal.com\/blog\/#organization\",\"name\":\"Carideal\",\"url\":\"https:\/\/www.carideal.com\/blog\/\",\"logo\":{\"@type\":\"ImageObject\",\"inLanguage\":\"fr-FR\",\"@id\":\"https:\/\/www.carideal.com\/blog\/#\/schema\/logo\/image\/\",\"url\":\"http:\/\/www.carideal.com\/blog\/wp-content\/uploads\/2016\/03\/logo-carideal-mandataire-automobile.png\",\"contentUrl\":\"http:\/\/www.carideal.com\/blog\/wp-content\/uploads\/2016\/03\/logo-carideal-mandataire-automobile.png\",\"width\":300,\"height\":300,\"caption\":\"Carideal\"},\"image\":{\"@id\":\"https:\/\/www.carideal.com\/blog\/#\/schema\/logo\/image\/\"},\"sameAs\":[\"https:\/\/www.facebook.com\/Carideal.mandataire.automobile\",\"https:\/\/x.com\/caridealauto\",\"https:\/\/www.instagram.com\/carideal1\/\",\"https:\/\/www.linkedin.com\/company\/carideal.com\",\"https:\/\/fr.pinterest.com\/schiavonsas\/\",\"https:\/\/www.youtube.com\/user\/caridealsas\"]},{\"@type\":\"Person\",\"@id\":\"https:\/\/www.carideal.com\/blog\/#\/schema\/person\/985c7e757d1042d647f21bfaf8d41ebc\",\"name\":\"N.S Carideal\",\"image\":{\"@type\":\"ImageObject\",\"inLanguage\":\"fr-FR\",\"@id\":\"https:\/\/www.carideal.com\/blog\/#\/schema\/person\/image\/\",\"url\":\"https:\/\/secure.gravatar.com\/avatar\/edb7ccdf1a4e3d14aef967760d354d0e?s=96&r=g\",\"contentUrl\":\"https:\/\/secure.gravatar.com\/avatar\/edb7ccdf1a4e3d14aef967760d354d0e?s=96&r=g\",\"caption\":\"N.S Carideal\"},\"description\":\"Depuis tout petit fan d'automobile. Il est question d'essayer et de comparer toutes ces voitures qui nous ont fait r\u00e9ver, avant que celles-ci ne devient uniquement des voitures de collection.\",\"sameAs\":[\"http:\/\/www.carideal.com\/blog\",\"https:\/\/www.facebook.com\/Carideal.mandataire.automobile\/\",\"https:\/\/www.linkedin.com\/in\/nschiavon\/\",\"https:\/\/www.youtube.com\/user\/caridealsas\/\"],\"url\":\"https:\/\/www.carideal.com\/blog\/author\/admin_carideal\/\"}]}<\/script>\n<!-- \/ Yoast SEO plugin. -->","yoast_head_json":{"title":"Que vaut la Nouvelle Mercedes CLA ? - Blog auto Carid\u00e9al","robots":{"index":"index","follow":"follow","max-snippet":"max-snippet:-1","max-image-preview":"max-image-preview:large","max-video-preview":"max-video-preview:-1"},"canonical":"https:\/\/www.carideal.com\/blog\/2013\/08\/17\/que-vaut-la-nouvelle-mercedes-cla\/","og_locale":"fr_FR","og_type":"article","og_title":"Que vaut la Nouvelle Mercedes CLA ? - Blog auto Carid\u00e9al","og_description":"Un nouveau style chez Mercedes pour la CLA Mercedes \u00e9tait conscient qu'il fallait renouveller son image et s'y at\u00e8le depuis 2011 avec l'arriv\u00e9e de la nouvelle classe B plus dynamique et la nouvelle Classe A en berline compacte et plus en monospace. Conscient qu'il faut innover Mercedes introduit un concept de coup\u00e9 \u00e0 4 portes ... Lire plus","og_url":"https:\/\/www.carideal.com\/blog\/2013\/08\/17\/que-vaut-la-nouvelle-mercedes-cla\/","og_site_name":"Blog auto Carid\u00e9al","article_publisher":"https:\/\/www.facebook.com\/Carideal.mandataire.automobile","article_author":"https:\/\/www.facebook.com\/Carideal.mandataire.automobile\/","article_published_time":"2013-08-17T09:30:00+00:00","article_modified_time":"2020-03-07T21:42:35+00:00","og_image":[{"width":300,"height":300,"url":"https:\/\/www.carideal.com\/blog\/wp-content\/uploads\/2016\/03\/logo-carideal-mandataire-automobile.png","type":"image\/png"}],"author":"N.S Carideal","twitter_card":"summary_large_image","twitter_creator":"@caridealauto","twitter_site":"@caridealauto","twitter_misc":{"\u00c9crit par":"N.S Carideal","Dur\u00e9e de lecture estim\u00e9e":"2 minutes"},"schema":{"@context":"https:\/\/schema.org","@graph":[{"@type":"Article","@id":"https:\/\/www.carideal.com\/blog\/2013\/08\/17\/que-vaut-la-nouvelle-mercedes-cla\/#article","isPartOf":{"@id":"https:\/\/www.carideal.com\/blog\/2013\/08\/17\/que-vaut-la-nouvelle-mercedes-cla\/"},"author":{"name":"N.S Carideal","@id":"https:\/\/www.carideal.com\/blog\/#\/schema\/person\/985c7e757d1042d647f21bfaf8d41ebc"},"headline":"Que vaut la Nouvelle Mercedes CLA ?","datePublished":"2013-08-17T09:30:00+00:00","dateModified":"2020-03-07T21:42:35+00:00","mainEntityOfPage":{"@id":"https:\/\/www.carideal.com\/blog\/2013\/08\/17\/que-vaut-la-nouvelle-mercedes-cla\/"},"wordCount":446,"commentCount":0,"publisher":{"@id":"https:\/\/www.carideal.com\/blog\/#organization"},"articleSection":["March\u00e9 automobile"],"inLanguage":"fr-FR","potentialAction":[{"@type":"CommentAction","name":"Comment","target":["https:\/\/www.carideal.com\/blog\/2013\/08\/17\/que-vaut-la-nouvelle-mercedes-cla\/#respond"]}]},{"@type":"WebPage","@id":"https:\/\/www.carideal.com\/blog\/2013\/08\/17\/que-vaut-la-nouvelle-mercedes-cla\/","url":"https:\/\/www.carideal.com\/blog\/2013\/08\/17\/que-vaut-la-nouvelle-mercedes-cla\/","name":"Que vaut la Nouvelle Mercedes CLA ? - Blog auto Carid\u00e9al","isPartOf":{"@id":"https:\/\/www.carideal.com\/blog\/#website"},"datePublished":"2013-08-17T09:30:00+00:00","dateModified":"2020-03-07T21:42:35+00:00","breadcrumb":{"@id":"https:\/\/www.carideal.com\/blog\/2013\/08\/17\/que-vaut-la-nouvelle-mercedes-cla\/#breadcrumb"},"inLanguage":"fr-FR","potentialAction":[{"@type":"ReadAction","target":["https:\/\/www.carideal.com\/blog\/2013\/08\/17\/que-vaut-la-nouvelle-mercedes-cla\/"]}]},{"@type":"BreadcrumbList","@id":"https:\/\/www.carideal.com\/blog\/2013\/08\/17\/que-vaut-la-nouvelle-mercedes-cla\/#breadcrumb","itemListElement":[{"@type":"ListItem","position":1,"name":"Blog Carid\u00e9al","item":"https:\/\/www.carideal.com\/blog\/"},{"@type":"ListItem","position":2,"name":"March\u00e9 automobile","item":"https:\/\/www.carideal.com\/blog\/marche-automobile-voiture-neuve-occasion-4x4-suv\/"},{"@type":"ListItem","position":3,"name":"Que vaut la Nouvelle Mercedes CLA ?"}]},{"@type":"WebSite","@id":"https:\/\/www.carideal.com\/blog\/#website","url":"https:\/\/www.carideal.com\/blog\/","name":"Blog auto Carid\u00e9al","description":"Actualit\u00e9 auto par des passionn\u00e9s","publisher":{"@id":"https:\/\/www.carideal.com\/blog\/#organization"},"potentialAction":[{"@type":"SearchAction","target":{"@type":"EntryPoint","urlTemplate":"https:\/\/www.carideal.com\/blog\/?s={search_term_string}"},"query-input":{"@type":"PropertyValueSpecification","valueRequired":true,"valueName":"search_term_string"}}],"inLanguage":"fr-FR"},{"@type":"Organization","@id":"https:\/\/www.carideal.com\/blog\/#organization","name":"Carideal","url":"https:\/\/www.carideal.com\/blog\/","logo":{"@type":"ImageObject","inLanguage":"fr-FR","@id":"https:\/\/www.carideal.com\/blog\/#\/schema\/logo\/image\/","url":"http:\/\/www.carideal.com\/blog\/wp-content\/uploads\/2016\/03\/logo-carideal-mandataire-automobile.png","contentUrl":"http:\/\/www.carideal.com\/blog\/wp-content\/uploads\/2016\/03\/logo-carideal-mandataire-automobile.png","width":300,"height":300,"caption":"Carideal"},"image":{"@id":"https:\/\/www.carideal.com\/blog\/#\/schema\/logo\/image\/"},"sameAs":["https:\/\/www.facebook.com\/Carideal.mandataire.automobile","https:\/\/x.com\/caridealauto","https:\/\/www.instagram.com\/carideal1\/","https:\/\/www.linkedin.com\/company\/carideal.com","https:\/\/fr.pinterest.com\/schiavonsas\/","https:\/\/www.youtube.com\/user\/caridealsas"]},{"@type":"Person","@id":"https:\/\/www.carideal.com\/blog\/#\/schema\/person\/985c7e757d1042d647f21bfaf8d41ebc","name":"N.S Carideal","image":{"@type":"ImageObject","inLanguage":"fr-FR","@id":"https:\/\/www.carideal.com\/blog\/#\/schema\/person\/image\/","url":"https:\/\/secure.gravatar.com\/avatar\/edb7ccdf1a4e3d14aef967760d354d0e?s=96&r=g","contentUrl":"https:\/\/secure.gravatar.com\/avatar\/edb7ccdf1a4e3d14aef967760d354d0e?s=96&r=g","caption":"N.S Carideal"},"description":"Depuis tout petit fan d'automobile. Il est question d'essayer et de comparer toutes ces voitures qui nous ont fait r\u00e9ver, avant que celles-ci ne devient uniquement des voitures de collection.","sameAs":["http:\/\/www.carideal.com\/blog","https:\/\/www.facebook.com\/Carideal.mandataire.automobile\/","https:\/\/www.linkedin.com\/in\/nschiavon\/","https:\/\/www.youtube.com\/user\/caridealsas\/"],"url":"https:\/\/www.carideal.com\/blog\/author\/admin_carideal\/"}]}},"uagb_featured_image_src":{"full":false,"thumbnail":false,"medium":false,"medium_large":false,"large":false,"1536x1536":false,"2048x2048":false,"wppr-widget":false},"uagb_author_info":{"display_name":"N.S Carideal","author_link":"https:\/\/www.carideal.com\/blog\/author\/admin_carideal\/"},"uagb_comment_info":0,"uagb_excerpt":"Un nouveau style chez Mercedes pour la CLA Mercedes \u00e9tait conscient qu'il fallait renouveller son image et s'y at\u00e8le depuis 2011 avec l'arriv\u00e9e de la nouvelle classe B plus dynamique et la nouvelle Classe A en berline compacte et plus en monospace. Conscient qu'il faut innover Mercedes introduit un concept de coup\u00e9 \u00e0 4 portes\u2026","_links":{"self":[{"href":"https:\/\/www.carideal.com\/blog\/wp-json\/wp\/v2\/posts\/1422"}],"collection":[{"href":"https:\/\/www.carideal.com\/blog\/wp-json\/wp\/v2\/posts"}],"about":[{"href":"https:\/\/www.carideal.com\/blog\/wp-json\/wp\/v2\/types\/post"}],"author":[{"embeddable":true,"href":"https:\/\/www.carideal.com\/blog\/wp-json\/wp\/v2\/users\/1"}],"replies":[{"embeddable":true,"href":"https:\/\/www.carideal.com\/blog\/wp-json\/wp\/v2\/comments?post=1422"}],"version-history":[{"count":0,"href":"https:\/\/www.carideal.com\/blog\/wp-json\/wp\/v2\/posts\/1422\/revisions"}],"wp:attachment":[{"href":"https:\/\/www.carideal.com\/blog\/wp-json\/wp\/v2\/media?parent=1422"}],"wp:term":[{"taxonomy":"category","embeddable":true,"href":"https:\/\/www.carideal.com\/blog\/wp-json\/wp\/v2\/categories?post=1422"},{"taxonomy":"post_tag","embeddable":true,"href":"https:\/\/www.carideal.com\/blog\/wp-json\/wp\/v2\/tags?post=1422"}],"curies":[{"name":"wp","href":"https:\/\/api.w.org\/{rel}","templated":true}]}}