{"id":142,"date":"2009-07-04T10:49:00","date_gmt":"2009-07-04T10:49:00","guid":{"rendered":"http:\/\/carideal.com\/blog\/?p=142"},"modified":"2020-06-07T16:01:47","modified_gmt":"2020-06-07T14:01:47","slug":"renault-devoile-son-concept-ze-electrique-au-salon-de-francfort","status":"publish","type":"post","link":"https:\/\/www.carideal.com\/blog\/2009\/07\/04\/renault-devoile-son-concept-ze-electrique-au-salon-de-francfort\/","title":{"rendered":"Renault d\u00e9voile son concept ZE \u00e9lectrique au salon de Francfort"},"content":{"rendered":"<h2>Renault commence \u00e0 lever le voile sur son concept&nbsp;ZE \"z\u00e9ro \u00e9mission\" qu'il&nbsp;pr\u00e9sente au&nbsp;salon de Francfort.<\/h2>\n<p>Renault pr\u00e9sentera donc trois prototypes, dont un le&nbsp;Kangoo bee bop ZE.<\/p>\n<p>On verra bien si ces prototypes se transformeront en voitures de s\u00e9rie et quelles seront leur performances.<\/p>\n<p><\/p>\n<p><object width=\"425\" height=\"344\"><param name=\"movie\" value=\"http:\/\/www.youtube.com\/v\/H26gUwoO664&amp;hl=fr&amp;fs=1&amp;\"><param name=\"allowFullScreen\" value=\"true\"><param name=\"allowscriptaccess\" value=\"always\"><\/object> <object width=\"425\" height=\"344\"><param name=\"movie\" value=\"http:\/\/www.youtube.com\/v\/J6jSouUqY_s&amp;hl=fr&amp;fs=1&amp;\"><param name=\"allowFullScreen\" value=\"true\"><param name=\"allowscriptaccess\" value=\"always\"><\/object><\/p>\n\n\n<h2 class=\"wp-block-heading\">Concept Car : Renault Z.E<\/h2>\n\n\n\n<p class=\"has-medium-font-size\">Le <strong>concept-car Renault ZE<\/strong> a \u00e9t\u00e9 pr\u00e9sent\u00e9 au Salon de l'automobile de Paris. Renault ZE est un concept car enti\u00e8rement \u00e9lectrique bas\u00e9 sur le Renault Kangoo be bop.<\/p>\n\n\n\n<figure class=\"wp-block-image size-full\"><img loading=\"lazy\" decoding=\"async\" width=\"600\" height=\"450\" src=\"http:\/\/www.carideal.com\/blog\/wp-content\/uploads\/2009\/07\/renault-zoe-concept-z-e-francfort-2009.jpg\" alt=\"Renault d\u00e9voile son concept ZE \u00e9lectrique au salon de Francfort\" class=\"wp-image-25491\" srcset=\"https:\/\/www.carideal.com\/blog\/wp-content\/uploads\/2009\/07\/renault-zoe-concept-z-e-francfort-2009.jpg 600w, https:\/\/www.carideal.com\/blog\/wp-content\/uploads\/2009\/07\/renault-zoe-concept-z-e-francfort-2009-300x225.jpg 300w, https:\/\/www.carideal.com\/blog\/wp-content\/uploads\/2009\/07\/renault-zoe-concept-z-e-francfort-2009-50x38.jpg 50w, https:\/\/www.carideal.com\/blog\/wp-content\/uploads\/2009\/07\/renault-zoe-concept-z-e-francfort-2009-110x83.jpg 110w, https:\/\/www.carideal.com\/blog\/wp-content\/uploads\/2009\/07\/renault-zoe-concept-z-e-francfort-2009-420x315.jpg 420w, https:\/\/www.carideal.com\/blog\/wp-content\/uploads\/2009\/07\/renault-zoe-concept-z-e-francfort-2009-573x430.jpg 573w\" sizes=\"(max-width: 600px) 100vw, 600px\" \/><figcaption>Renault d\u00e9voile son concept ZE \u00e9lectrique au salon de Francfort<\/figcaption><\/figure>\n\n\n\n<p>La conception du concept Renault ZE est ax\u00e9e sur la minimisation de la consommation d'\u00e9nergie tout en offrant toutes les caract\u00e9ristiques de confort.<\/p>\n\n\n\n<ul class=\"wp-block-list\"><li><a href=\"http:\/\/www.carideal.com\/blog\/2018\/11\/26\/meilleures-voitures-electriques-en-vente-2018\/\">Les meilleures voitures \u00e9lectriques<\/a><\/li><\/ul>\n\n\n\n<p>Renault ZE est propuls\u00e9 par un moteur \u00e9lectrique qui d\u00e9veloppe 70kW et 226Nm Nm de couple qui utilise l'\u00e9nergie stock\u00e9e dans des batteries lithium-ion. La transmission de Renault ZE est directe avec un r\u00e9ducteur avant\/arri\u00e8re et un inverseur.<\/p>\n\n\n\n<p>Renault ZE commencera la commercialisation en masse des <a href=\"http:\/\/www.carideal.com\/blog\/2009\/08\/05\/les-voitures-electriques-francaises\/\">v\u00e9hicules \u00e9lectriques<\/a> \u00e0 partir de 2011, comme annonc\u00e9 par l'entreprise.<\/p>\n\n\n\n<h3 class=\"wp-block-heading\">RENAULT Z.E. CONCEPT, UN CONCEPT-CAR ENTI\u00c8REMENT \u00c9LECTRIQUE QUI DONNE UN APER\u00c7U DE LA MOBILIT\u00c9 DU FUTUR<\/h3>\n\n\n\n<iframe loading=\"lazy\" width=\"560\" height=\"315\" src=\"https:\/\/www.youtube.com\/embed\/J6jSouUqY_s\" frameborder=\"0\" allow=\"accelerometer; autoplay; encrypted-media; gyroscope; picture-in-picture\" allowfullscreen><\/iframe>\n\n\n\n<p>Parall\u00e8lement \u00e0 ses nouvelles gammes de moteurs TCe et dCi, <a href=\"http:\/\/www.carideal.com\/blog\/marque-de-voiture-actualites-essais\/renault\/\">Renault<\/a> poursuit sa strat\u00e9gie visant \u00e0 r\u00e9duire les \u00e9missions de CO2 avec le d\u00e9veloppement des v\u00e9hicules \u00e9lectriques. Depuis d\u00e9but 2008, l'alliance Renault <a href=\"http:\/\/www.carideal.com\/blog\/marque-de-voiture-actualites-essais\/nissan\/\">Nissan<\/a> a sign\u00e9 des accords avec plusieurs \u00c9tats et r\u00e9gions (Isra\u00ebl, Danemark, Portugal, pr\u00e9fecture de Kanagawa au Japon, \u00c9tat du Tennessee aux \u00c9tats-Unis), qui conduiront \u00e0 la commercialisation en masse de cette forme de v\u00e9hicule \u00e0 partir de 2011.<\/p>\n\n\n\n<p>Renault Z.E. Concept (\"Z.E.\" : Z\u00e9ro Emission) est la vision de Renault du v\u00e9hicule \u00e9lectrique comme une voiture efficace, conviviale et \u00e0 z\u00e9ro \u00e9mission. Bas\u00e9 sur le tout nouveau <a href=\"http:\/\/www.carideal.com\/blog\/2011\/01\/29\/renault-kangoo-d-occasion\/\">Renault Kangoo<\/a> be bop, Z.E. Concept pr\u00e9sente un design adapt\u00e9 \u00e0 l'esprit d'un v\u00e9hicule \u00e9lectrique, en mettant l'accent sur la r\u00e9duction de la consommation d'\u00e9nergie tout en offrant des caract\u00e9ristiques de confort essentielles.<\/p>\n\n\n\n<p>La consommation d'\u00e9nergie des fonctions auxiliaires telles que l'\u00e9clairage, le chauffage, la climatisation, etc. est un facteur cl\u00e9 pour l'autonomie d'un v\u00e9hicule \u00e9lectrique, c'est pourquoi une attention particuli\u00e8re a \u00e9t\u00e9 port\u00e9e \u00e0 l'optimisation de la gestion de l'\u00e9nergie. Renault Z.E. Concept int\u00e8gre \u00e9galement plusieurs fonctions d'information interactives et faciles \u00e0 utiliser.<\/p>\n\n\n\n<p>Renault Z.E. Concept est propuls\u00e9 par un moteur \u00e9lectrique de 70\u2009kW avec un couple de 226\u2009Nm, avec des batteries lithium-ion. La gestion des \u00e9conomies d'\u00e9nergie au c\u0153ur du design de Renault Z.E. Concept Z.E. Concept est bas\u00e9e sur Kangoo be bop et ses dimensions compactes (longueur : 3,95\u2009m, hauteur : 1,85\u2009m) favorisent la maniabilit\u00e9 en ville et dans les environs. Ce v\u00e9hicule \u00e9lectrique a \u00e9t\u00e9 con\u00e7u pour minimiser la consommation d'\u00e9nergie, sans oublier les raffinements modernes li\u00e9s au confort.<\/p>\n\n\n\n<p>L'utilisation de peinture r\u00e9fl\u00e9chissant la chaleur et de carrosseries isolantes de grande surface contribue \u00e0 r\u00e9duire les fluctuations de temp\u00e9rature qui incitent traditionnellement \u00e0 l'utilisation de syst\u00e8mes de climatisation ou de chauffage, grands consommateurs d'\u00e9nergie. L'isolation est encore optimis\u00e9e par l'utilisation de verre teint\u00e9 vert acide pour les zones vitr\u00e9es.<\/p>\n","protected":false},"excerpt":{"rendered":"<p>Renault commence \u00e0 lever le voile sur son concept&nbsp;ZE \u00ab\u00a0z\u00e9ro \u00e9mission\u00a0\u00bb qu&rsquo;il&nbsp;pr\u00e9sente au&nbsp;salon de Francfort. Renault pr\u00e9sentera donc trois prototypes, dont un le&nbsp;Kangoo bee bop ZE. On verra bien si ces prototypes se transformeront en voitures de s\u00e9rie et quelles seront leur performances. Concept Car : Renault Z.E Le concept-car Renault ZE a \u00e9t\u00e9 pr\u00e9sent\u00e9 &#8230; <a title=\"Renault d\u00e9voile son concept ZE \u00e9lectrique au salon de Francfort\" class=\"read-more\" href=\"https:\/\/www.carideal.com\/blog\/2009\/07\/04\/renault-devoile-son-concept-ze-electrique-au-salon-de-francfort\/\" aria-label=\"En savoir plus sur Renault d\u00e9voile son concept ZE \u00e9lectrique au salon de Francfort\">Lire plus<\/a><\/p>\n","protected":false},"author":1,"featured_media":25491,"comment_status":"open","ping_status":"open","sticky":false,"template":"","format":"standard","meta":{"_uag_custom_page_level_css":"","_themeisle_gutenberg_block_has_review":false,"footnotes":""},"categories":[6,5970],"tags":[],"class_list":["post-142","post","type-post","status-publish","format-standard","has-post-thumbnail","hentry","category-ecologie","category-electrique-technologie-2"],"wppr_data":{"cwp_meta_box_check":"No"},"yoast_head":"<!-- This site is optimized with the Yoast SEO plugin v24.8.1 - https:\/\/yoast.com\/wordpress\/plugins\/seo\/ -->\n<title>Renault d\u00e9voile son concept ZE \u00e9lectrique au salon de Francfort - Blog auto Carid\u00e9al<\/title>\n<meta name=\"description\" content=\"Renault commence \u00e0 lever le voile sur son concept\u00a0ZE &quot;z\u00e9ro \u00e9mission&quot; qu&#039;il\u00a0pr\u00e9sente au\u00a0salon de Francfort\" \/>\n<meta name=\"robots\" content=\"index, follow, max-snippet:-1, max-image-preview:large, max-video-preview:-1\" \/>\n<link rel=\"canonical\" href=\"https:\/\/www.carideal.com\/blog\/2009\/07\/04\/renault-devoile-son-concept-ze-electrique-au-salon-de-francfort\/\" \/>\n<meta property=\"og:locale\" content=\"fr_FR\" \/>\n<meta property=\"og:type\" content=\"article\" \/>\n<meta property=\"og:title\" content=\"Renault d\u00e9voile son concept ZE \u00e9lectrique au salon de Francfort - Blog auto Carid\u00e9al\" \/>\n<meta property=\"og:description\" content=\"Renault commence \u00e0 lever le voile sur son concept\u00a0ZE &quot;z\u00e9ro \u00e9mission&quot; qu&#039;il\u00a0pr\u00e9sente au\u00a0salon de Francfort\" \/>\n<meta property=\"og:url\" content=\"https:\/\/www.carideal.com\/blog\/2009\/07\/04\/renault-devoile-son-concept-ze-electrique-au-salon-de-francfort\/\" \/>\n<meta property=\"og:site_name\" content=\"Blog auto Carid\u00e9al\" \/>\n<meta property=\"article:publisher\" content=\"https:\/\/www.facebook.com\/Carideal.mandataire.automobile\" \/>\n<meta property=\"article:author\" content=\"https:\/\/www.facebook.com\/Carideal.mandataire.automobile\/\" \/>\n<meta property=\"article:published_time\" content=\"2009-07-04T10:49:00+00:00\" \/>\n<meta property=\"article:modified_time\" content=\"2020-06-07T14:01:47+00:00\" \/>\n<meta property=\"og:image\" content=\"https:\/\/www.carideal.com\/blog\/wp-content\/uploads\/2009\/07\/renault-zoe-concept-z-e-francfort-2009.jpg\" \/>\n\t<meta property=\"og:image:width\" content=\"600\" \/>\n\t<meta property=\"og:image:height\" content=\"450\" \/>\n\t<meta property=\"og:image:type\" content=\"image\/jpeg\" \/>\n<meta name=\"author\" content=\"N.S Carideal\" \/>\n<meta name=\"twitter:card\" content=\"summary_large_image\" \/>\n<meta name=\"twitter:creator\" content=\"@caridealauto\" \/>\n<meta name=\"twitter:site\" content=\"@caridealauto\" \/>\n<meta name=\"twitter:label1\" content=\"\u00c9crit par\" \/>\n\t<meta name=\"twitter:data1\" content=\"N.S Carideal\" \/>\n\t<meta name=\"twitter:label2\" content=\"Dur\u00e9e de lecture estim\u00e9e\" \/>\n\t<meta name=\"twitter:data2\" content=\"3 minutes\" \/>\n<script type=\"application\/ld+json\" class=\"yoast-schema-graph\">{\"@context\":\"https:\/\/schema.org\",\"@graph\":[{\"@type\":\"Article\",\"@id\":\"https:\/\/www.carideal.com\/blog\/2009\/07\/04\/renault-devoile-son-concept-ze-electrique-au-salon-de-francfort\/#article\",\"isPartOf\":{\"@id\":\"https:\/\/www.carideal.com\/blog\/2009\/07\/04\/renault-devoile-son-concept-ze-electrique-au-salon-de-francfort\/\"},\"author\":{\"name\":\"N.S Carideal\",\"@id\":\"https:\/\/www.carideal.com\/blog\/#\/schema\/person\/985c7e757d1042d647f21bfaf8d41ebc\"},\"headline\":\"Renault d\u00e9voile son concept ZE \u00e9lectrique au salon de Francfort\",\"datePublished\":\"2009-07-04T10:49:00+00:00\",\"dateModified\":\"2020-06-07T14:01:47+00:00\",\"mainEntityOfPage\":{\"@id\":\"https:\/\/www.carideal.com\/blog\/2009\/07\/04\/renault-devoile-son-concept-ze-electrique-au-salon-de-francfort\/\"},\"wordCount\":566,\"commentCount\":0,\"publisher\":{\"@id\":\"https:\/\/www.carideal.com\/blog\/#organization\"},\"image\":{\"@id\":\"https:\/\/www.carideal.com\/blog\/2009\/07\/04\/renault-devoile-son-concept-ze-electrique-au-salon-de-francfort\/#primaryimage\"},\"thumbnailUrl\":\"https:\/\/www.carideal.com\/blog\/wp-content\/uploads\/2009\/07\/renault-zoe-concept-z-e-francfort-2009.jpg\",\"articleSection\":[\"Ecologie\",\"Voiture \u00e9lectrique\"],\"inLanguage\":\"fr-FR\",\"potentialAction\":[{\"@type\":\"CommentAction\",\"name\":\"Comment\",\"target\":[\"https:\/\/www.carideal.com\/blog\/2009\/07\/04\/renault-devoile-son-concept-ze-electrique-au-salon-de-francfort\/#respond\"]}]},{\"@type\":\"WebPage\",\"@id\":\"https:\/\/www.carideal.com\/blog\/2009\/07\/04\/renault-devoile-son-concept-ze-electrique-au-salon-de-francfort\/\",\"url\":\"https:\/\/www.carideal.com\/blog\/2009\/07\/04\/renault-devoile-son-concept-ze-electrique-au-salon-de-francfort\/\",\"name\":\"Renault d\u00e9voile son concept ZE \u00e9lectrique au salon de Francfort - Blog auto Carid\u00e9al\",\"isPartOf\":{\"@id\":\"https:\/\/www.carideal.com\/blog\/#website\"},\"primaryImageOfPage\":{\"@id\":\"https:\/\/www.carideal.com\/blog\/2009\/07\/04\/renault-devoile-son-concept-ze-electrique-au-salon-de-francfort\/#primaryimage\"},\"image\":{\"@id\":\"https:\/\/www.carideal.com\/blog\/2009\/07\/04\/renault-devoile-son-concept-ze-electrique-au-salon-de-francfort\/#primaryimage\"},\"thumbnailUrl\":\"https:\/\/www.carideal.com\/blog\/wp-content\/uploads\/2009\/07\/renault-zoe-concept-z-e-francfort-2009.jpg\",\"datePublished\":\"2009-07-04T10:49:00+00:00\",\"dateModified\":\"2020-06-07T14:01:47+00:00\",\"description\":\"Renault commence \u00e0 lever le voile sur son concept\u00a0ZE \\\"z\u00e9ro \u00e9mission\\\" qu'il\u00a0pr\u00e9sente au\u00a0salon de Francfort\",\"breadcrumb\":{\"@id\":\"https:\/\/www.carideal.com\/blog\/2009\/07\/04\/renault-devoile-son-concept-ze-electrique-au-salon-de-francfort\/#breadcrumb\"},\"inLanguage\":\"fr-FR\",\"potentialAction\":[{\"@type\":\"ReadAction\",\"target\":[\"https:\/\/www.carideal.com\/blog\/2009\/07\/04\/renault-devoile-son-concept-ze-electrique-au-salon-de-francfort\/\"]}]},{\"@type\":\"ImageObject\",\"inLanguage\":\"fr-FR\",\"@id\":\"https:\/\/www.carideal.com\/blog\/2009\/07\/04\/renault-devoile-son-concept-ze-electrique-au-salon-de-francfort\/#primaryimage\",\"url\":\"https:\/\/www.carideal.com\/blog\/wp-content\/uploads\/2009\/07\/renault-zoe-concept-z-e-francfort-2009.jpg\",\"contentUrl\":\"https:\/\/www.carideal.com\/blog\/wp-content\/uploads\/2009\/07\/renault-zoe-concept-z-e-francfort-2009.jpg\",\"width\":600,\"height\":450,\"caption\":\"Renault d\u00e9voile son concept ZE \u00e9lectrique au salon de Francfort\"},{\"@type\":\"BreadcrumbList\",\"@id\":\"https:\/\/www.carideal.com\/blog\/2009\/07\/04\/renault-devoile-son-concept-ze-electrique-au-salon-de-francfort\/#breadcrumb\",\"itemListElement\":[{\"@type\":\"ListItem\",\"position\":1,\"name\":\"Blog Carid\u00e9al\",\"item\":\"https:\/\/www.carideal.com\/blog\/\"},{\"@type\":\"ListItem\",\"position\":2,\"name\":\"Ecologie\",\"item\":\"https:\/\/www.carideal.com\/blog\/ecologie\/\"},{\"@type\":\"ListItem\",\"position\":3,\"name\":\"Renault d\u00e9voile son concept ZE \u00e9lectrique au salon de Francfort\"}]},{\"@type\":\"WebSite\",\"@id\":\"https:\/\/www.carideal.com\/blog\/#website\",\"url\":\"https:\/\/www.carideal.com\/blog\/\",\"name\":\"Blog auto Carid\u00e9al\",\"description\":\"Actualit\u00e9 auto par des passionn\u00e9s\",\"publisher\":{\"@id\":\"https:\/\/www.carideal.com\/blog\/#organization\"},\"potentialAction\":[{\"@type\":\"SearchAction\",\"target\":{\"@type\":\"EntryPoint\",\"urlTemplate\":\"https:\/\/www.carideal.com\/blog\/?s={search_term_string}\"},\"query-input\":{\"@type\":\"PropertyValueSpecification\",\"valueRequired\":true,\"valueName\":\"search_term_string\"}}],\"inLanguage\":\"fr-FR\"},{\"@type\":\"Organization\",\"@id\":\"https:\/\/www.carideal.com\/blog\/#organization\",\"name\":\"Carideal\",\"url\":\"https:\/\/www.carideal.com\/blog\/\",\"logo\":{\"@type\":\"ImageObject\",\"inLanguage\":\"fr-FR\",\"@id\":\"https:\/\/www.carideal.com\/blog\/#\/schema\/logo\/image\/\",\"url\":\"http:\/\/www.carideal.com\/blog\/wp-content\/uploads\/2016\/03\/logo-carideal-mandataire-automobile.png\",\"contentUrl\":\"http:\/\/www.carideal.com\/blog\/wp-content\/uploads\/2016\/03\/logo-carideal-mandataire-automobile.png\",\"width\":300,\"height\":300,\"caption\":\"Carideal\"},\"image\":{\"@id\":\"https:\/\/www.carideal.com\/blog\/#\/schema\/logo\/image\/\"},\"sameAs\":[\"https:\/\/www.facebook.com\/Carideal.mandataire.automobile\",\"https:\/\/x.com\/caridealauto\",\"https:\/\/www.instagram.com\/carideal1\/\",\"https:\/\/www.linkedin.com\/company\/carideal.com\",\"https:\/\/fr.pinterest.com\/schiavonsas\/\",\"https:\/\/www.youtube.com\/user\/caridealsas\"]},{\"@type\":\"Person\",\"@id\":\"https:\/\/www.carideal.com\/blog\/#\/schema\/person\/985c7e757d1042d647f21bfaf8d41ebc\",\"name\":\"N.S Carideal\",\"image\":{\"@type\":\"ImageObject\",\"inLanguage\":\"fr-FR\",\"@id\":\"https:\/\/www.carideal.com\/blog\/#\/schema\/person\/image\/\",\"url\":\"https:\/\/secure.gravatar.com\/avatar\/edb7ccdf1a4e3d14aef967760d354d0e?s=96&r=g\",\"contentUrl\":\"https:\/\/secure.gravatar.com\/avatar\/edb7ccdf1a4e3d14aef967760d354d0e?s=96&r=g\",\"caption\":\"N.S Carideal\"},\"description\":\"Depuis tout petit fan d'automobile. Il est question d'essayer et de comparer toutes ces voitures qui nous ont fait r\u00e9ver, avant que celles-ci ne devient uniquement des voitures de collection.\",\"sameAs\":[\"http:\/\/www.carideal.com\/blog\",\"https:\/\/www.facebook.com\/Carideal.mandataire.automobile\/\",\"https:\/\/www.linkedin.com\/in\/nschiavon\/\",\"https:\/\/www.youtube.com\/user\/caridealsas\/\"],\"url\":\"https:\/\/www.carideal.com\/blog\/author\/admin_carideal\/\"}]}<\/script>\n<!-- \/ Yoast SEO plugin. -->","yoast_head_json":{"title":"Renault d\u00e9voile son concept ZE \u00e9lectrique au salon de Francfort - Blog auto Carid\u00e9al","description":"Renault commence \u00e0 lever le voile sur son concept\u00a0ZE \"z\u00e9ro \u00e9mission\" qu'il\u00a0pr\u00e9sente au\u00a0salon de Francfort","robots":{"index":"index","follow":"follow","max-snippet":"max-snippet:-1","max-image-preview":"max-image-preview:large","max-video-preview":"max-video-preview:-1"},"canonical":"https:\/\/www.carideal.com\/blog\/2009\/07\/04\/renault-devoile-son-concept-ze-electrique-au-salon-de-francfort\/","og_locale":"fr_FR","og_type":"article","og_title":"Renault d\u00e9voile son concept ZE \u00e9lectrique au salon de Francfort - Blog auto Carid\u00e9al","og_description":"Renault commence \u00e0 lever le voile sur son concept\u00a0ZE \"z\u00e9ro \u00e9mission\" qu'il\u00a0pr\u00e9sente au\u00a0salon de Francfort","og_url":"https:\/\/www.carideal.com\/blog\/2009\/07\/04\/renault-devoile-son-concept-ze-electrique-au-salon-de-francfort\/","og_site_name":"Blog auto Carid\u00e9al","article_publisher":"https:\/\/www.facebook.com\/Carideal.mandataire.automobile","article_author":"https:\/\/www.facebook.com\/Carideal.mandataire.automobile\/","article_published_time":"2009-07-04T10:49:00+00:00","article_modified_time":"2020-06-07T14:01:47+00:00","og_image":[{"width":600,"height":450,"url":"https:\/\/www.carideal.com\/blog\/wp-content\/uploads\/2009\/07\/renault-zoe-concept-z-e-francfort-2009.jpg","type":"image\/jpeg"}],"author":"N.S Carideal","twitter_card":"summary_large_image","twitter_creator":"@caridealauto","twitter_site":"@caridealauto","twitter_misc":{"\u00c9crit par":"N.S Carideal","Dur\u00e9e de lecture estim\u00e9e":"3 minutes"},"schema":{"@context":"https:\/\/schema.org","@graph":[{"@type":"Article","@id":"https:\/\/www.carideal.com\/blog\/2009\/07\/04\/renault-devoile-son-concept-ze-electrique-au-salon-de-francfort\/#article","isPartOf":{"@id":"https:\/\/www.carideal.com\/blog\/2009\/07\/04\/renault-devoile-son-concept-ze-electrique-au-salon-de-francfort\/"},"author":{"name":"N.S Carideal","@id":"https:\/\/www.carideal.com\/blog\/#\/schema\/person\/985c7e757d1042d647f21bfaf8d41ebc"},"headline":"Renault d\u00e9voile son concept ZE \u00e9lectrique au salon de Francfort","datePublished":"2009-07-04T10:49:00+00:00","dateModified":"2020-06-07T14:01:47+00:00","mainEntityOfPage":{"@id":"https:\/\/www.carideal.com\/blog\/2009\/07\/04\/renault-devoile-son-concept-ze-electrique-au-salon-de-francfort\/"},"wordCount":566,"commentCount":0,"publisher":{"@id":"https:\/\/www.carideal.com\/blog\/#organization"},"image":{"@id":"https:\/\/www.carideal.com\/blog\/2009\/07\/04\/renault-devoile-son-concept-ze-electrique-au-salon-de-francfort\/#primaryimage"},"thumbnailUrl":"https:\/\/www.carideal.com\/blog\/wp-content\/uploads\/2009\/07\/renault-zoe-concept-z-e-francfort-2009.jpg","articleSection":["Ecologie","Voiture \u00e9lectrique"],"inLanguage":"fr-FR","potentialAction":[{"@type":"CommentAction","name":"Comment","target":["https:\/\/www.carideal.com\/blog\/2009\/07\/04\/renault-devoile-son-concept-ze-electrique-au-salon-de-francfort\/#respond"]}]},{"@type":"WebPage","@id":"https:\/\/www.carideal.com\/blog\/2009\/07\/04\/renault-devoile-son-concept-ze-electrique-au-salon-de-francfort\/","url":"https:\/\/www.carideal.com\/blog\/2009\/07\/04\/renault-devoile-son-concept-ze-electrique-au-salon-de-francfort\/","name":"Renault d\u00e9voile son concept ZE \u00e9lectrique au salon de Francfort - Blog auto Carid\u00e9al","isPartOf":{"@id":"https:\/\/www.carideal.com\/blog\/#website"},"primaryImageOfPage":{"@id":"https:\/\/www.carideal.com\/blog\/2009\/07\/04\/renault-devoile-son-concept-ze-electrique-au-salon-de-francfort\/#primaryimage"},"image":{"@id":"https:\/\/www.carideal.com\/blog\/2009\/07\/04\/renault-devoile-son-concept-ze-electrique-au-salon-de-francfort\/#primaryimage"},"thumbnailUrl":"https:\/\/www.carideal.com\/blog\/wp-content\/uploads\/2009\/07\/renault-zoe-concept-z-e-francfort-2009.jpg","datePublished":"2009-07-04T10:49:00+00:00","dateModified":"2020-06-07T14:01:47+00:00","description":"Renault commence \u00e0 lever le voile sur son concept\u00a0ZE \"z\u00e9ro \u00e9mission\" qu'il\u00a0pr\u00e9sente au\u00a0salon de Francfort","breadcrumb":{"@id":"https:\/\/www.carideal.com\/blog\/2009\/07\/04\/renault-devoile-son-concept-ze-electrique-au-salon-de-francfort\/#breadcrumb"},"inLanguage":"fr-FR","potentialAction":[{"@type":"ReadAction","target":["https:\/\/www.carideal.com\/blog\/2009\/07\/04\/renault-devoile-son-concept-ze-electrique-au-salon-de-francfort\/"]}]},{"@type":"ImageObject","inLanguage":"fr-FR","@id":"https:\/\/www.carideal.com\/blog\/2009\/07\/04\/renault-devoile-son-concept-ze-electrique-au-salon-de-francfort\/#primaryimage","url":"https:\/\/www.carideal.com\/blog\/wp-content\/uploads\/2009\/07\/renault-zoe-concept-z-e-francfort-2009.jpg","contentUrl":"https:\/\/www.carideal.com\/blog\/wp-content\/uploads\/2009\/07\/renault-zoe-concept-z-e-francfort-2009.jpg","width":600,"height":450,"caption":"Renault d\u00e9voile son concept ZE \u00e9lectrique au salon de Francfort"},{"@type":"BreadcrumbList","@id":"https:\/\/www.carideal.com\/blog\/2009\/07\/04\/renault-devoile-son-concept-ze-electrique-au-salon-de-francfort\/#breadcrumb","itemListElement":[{"@type":"ListItem","position":1,"name":"Blog Carid\u00e9al","item":"https:\/\/www.carideal.com\/blog\/"},{"@type":"ListItem","position":2,"name":"Ecologie","item":"https:\/\/www.carideal.com\/blog\/ecologie\/"},{"@type":"ListItem","position":3,"name":"Renault d\u00e9voile son concept ZE \u00e9lectrique au salon de Francfort"}]},{"@type":"WebSite","@id":"https:\/\/www.carideal.com\/blog\/#website","url":"https:\/\/www.carideal.com\/blog\/","name":"Blog auto Carid\u00e9al","description":"Actualit\u00e9 auto par des passionn\u00e9s","publisher":{"@id":"https:\/\/www.carideal.com\/blog\/#organization"},"potentialAction":[{"@type":"SearchAction","target":{"@type":"EntryPoint","urlTemplate":"https:\/\/www.carideal.com\/blog\/?s={search_term_string}"},"query-input":{"@type":"PropertyValueSpecification","valueRequired":true,"valueName":"search_term_string"}}],"inLanguage":"fr-FR"},{"@type":"Organization","@id":"https:\/\/www.carideal.com\/blog\/#organization","name":"Carideal","url":"https:\/\/www.carideal.com\/blog\/","logo":{"@type":"ImageObject","inLanguage":"fr-FR","@id":"https:\/\/www.carideal.com\/blog\/#\/schema\/logo\/image\/","url":"http:\/\/www.carideal.com\/blog\/wp-content\/uploads\/2016\/03\/logo-carideal-mandataire-automobile.png","contentUrl":"http:\/\/www.carideal.com\/blog\/wp-content\/uploads\/2016\/03\/logo-carideal-mandataire-automobile.png","width":300,"height":300,"caption":"Carideal"},"image":{"@id":"https:\/\/www.carideal.com\/blog\/#\/schema\/logo\/image\/"},"sameAs":["https:\/\/www.facebook.com\/Carideal.mandataire.automobile","https:\/\/x.com\/caridealauto","https:\/\/www.instagram.com\/carideal1\/","https:\/\/www.linkedin.com\/company\/carideal.com","https:\/\/fr.pinterest.com\/schiavonsas\/","https:\/\/www.youtube.com\/user\/caridealsas"]},{"@type":"Person","@id":"https:\/\/www.carideal.com\/blog\/#\/schema\/person\/985c7e757d1042d647f21bfaf8d41ebc","name":"N.S Carideal","image":{"@type":"ImageObject","inLanguage":"fr-FR","@id":"https:\/\/www.carideal.com\/blog\/#\/schema\/person\/image\/","url":"https:\/\/secure.gravatar.com\/avatar\/edb7ccdf1a4e3d14aef967760d354d0e?s=96&r=g","contentUrl":"https:\/\/secure.gravatar.com\/avatar\/edb7ccdf1a4e3d14aef967760d354d0e?s=96&r=g","caption":"N.S Carideal"},"description":"Depuis tout petit fan d'automobile. Il est question d'essayer et de comparer toutes ces voitures qui nous ont fait r\u00e9ver, avant que celles-ci ne devient uniquement des voitures de collection.","sameAs":["http:\/\/www.carideal.com\/blog","https:\/\/www.facebook.com\/Carideal.mandataire.automobile\/","https:\/\/www.linkedin.com\/in\/nschiavon\/","https:\/\/www.youtube.com\/user\/caridealsas\/"],"url":"https:\/\/www.carideal.com\/blog\/author\/admin_carideal\/"}]}},"uagb_featured_image_src":{"full":["https:\/\/www.carideal.com\/blog\/wp-content\/uploads\/2009\/07\/renault-zoe-concept-z-e-francfort-2009.jpg",600,450,false],"thumbnail":["https:\/\/www.carideal.com\/blog\/wp-content\/uploads\/2009\/07\/renault-zoe-concept-z-e-francfort-2009-150x150.jpg",150,150,true],"medium":["https:\/\/www.carideal.com\/blog\/wp-content\/uploads\/2009\/07\/renault-zoe-concept-z-e-francfort-2009-300x225.jpg",300,225,true],"medium_large":["https:\/\/www.carideal.com\/blog\/wp-content\/uploads\/2009\/07\/renault-zoe-concept-z-e-francfort-2009.jpg",600,450,false],"large":["https:\/\/www.carideal.com\/blog\/wp-content\/uploads\/2009\/07\/renault-zoe-concept-z-e-francfort-2009.jpg",600,450,false],"1536x1536":["https:\/\/www.carideal.com\/blog\/wp-content\/uploads\/2009\/07\/renault-zoe-concept-z-e-francfort-2009.jpg",600,450,false],"2048x2048":["https:\/\/www.carideal.com\/blog\/wp-content\/uploads\/2009\/07\/renault-zoe-concept-z-e-francfort-2009.jpg",600,450,false],"wppr-widget":["https:\/\/www.carideal.com\/blog\/wp-content\/uploads\/2009\/07\/renault-zoe-concept-z-e-francfort-2009-50x38.jpg",50,38,true]},"uagb_author_info":{"display_name":"N.S Carideal","author_link":"https:\/\/www.carideal.com\/blog\/author\/admin_carideal\/"},"uagb_comment_info":0,"uagb_excerpt":"Renault commence \u00e0 lever le voile sur son concept&nbsp;ZE \"z\u00e9ro \u00e9mission\" qu'il&nbsp;pr\u00e9sente au&nbsp;salon de Francfort. Renault pr\u00e9sentera donc trois prototypes, dont un le&nbsp;Kangoo bee bop ZE. On verra bien si ces prototypes se transformeront en voitures de s\u00e9rie et quelles seront leur performances. Concept Car : Renault Z.E Le concept-car Renault ZE a \u00e9t\u00e9 pr\u00e9sent\u00e9\u2026","_links":{"self":[{"href":"https:\/\/www.carideal.com\/blog\/wp-json\/wp\/v2\/posts\/142"}],"collection":[{"href":"https:\/\/www.carideal.com\/blog\/wp-json\/wp\/v2\/posts"}],"about":[{"href":"https:\/\/www.carideal.com\/blog\/wp-json\/wp\/v2\/types\/post"}],"author":[{"embeddable":true,"href":"https:\/\/www.carideal.com\/blog\/wp-json\/wp\/v2\/users\/1"}],"replies":[{"embeddable":true,"href":"https:\/\/www.carideal.com\/blog\/wp-json\/wp\/v2\/comments?post=142"}],"version-history":[{"count":0,"href":"https:\/\/www.carideal.com\/blog\/wp-json\/wp\/v2\/posts\/142\/revisions"}],"wp:featuredmedia":[{"embeddable":true,"href":"https:\/\/www.carideal.com\/blog\/wp-json\/wp\/v2\/media\/25491"}],"wp:attachment":[{"href":"https:\/\/www.carideal.com\/blog\/wp-json\/wp\/v2\/media?parent=142"}],"wp:term":[{"taxonomy":"category","embeddable":true,"href":"https:\/\/www.carideal.com\/blog\/wp-json\/wp\/v2\/categories?post=142"},{"taxonomy":"post_tag","embeddable":true,"href":"https:\/\/www.carideal.com\/blog\/wp-json\/wp\/v2\/tags?post=142"}],"curies":[{"name":"wp","href":"https:\/\/api.w.org\/{rel}","templated":true}]}}