{"id":14182,"date":"2013-11-13T15:32:45","date_gmt":"2013-11-13T14:32:45","guid":{"rendered":"http:\/\/www.carideal.com\/blog\/?p=14182"},"modified":"2020-03-09T06:42:37","modified_gmt":"2020-03-09T05:42:37","slug":"ds-world-paris","status":"publish","type":"post","link":"https:\/\/www.carideal.com\/blog\/2013\/11\/13\/ds-world-paris\/","title":{"rendered":"DS World Paris ambassadeur du .Paris"},"content":{"rendered":" Citroen DS World Paris\n<h1>Citroen DS World Paris<\/h1>\n<p>Citroen nous explique ici en Vid\u00e9o son nouveau concept du DS World Paris que le constructeur va ouvrir en plein centre de Paris au 1er rue Fran\u00e7ois Premier, derri\u00e8re une magnifique fa\u00e7ade art d\u00e9co.<br \/>\nC'est le deuxi\u00e8me apr\u00e8s celui de Shanghai. Il s'agit l\u00e0 d'une vitrine pour sa marque haut de gamme et aussi d'un espace de vente. Il fera la part belle aux DS3, DS4 et DS5.<br \/>\nLa d\u00e9coration int\u00e9rieure pr\u00e9sentera le luxe \u00e0 la fran\u00e7aise et tous les d\u00e9tails seront paufin\u00e9s.<\/p>\n<h2>DS World Paris un point de vente exclusif<\/h2>\n<p>Le DS World Paris sera non seulement une vitrine pour la marque DS dans Paris intra muros mais aussi un point de vente avec des services exclusifs associ\u00e9s.<br \/>\nAdresse : DS World Paris, 33 Rue Fran\u00e7ois Ier ouvrira le 27 Novembre 2013.<\/p>\n<p>Deux types de services exclusifs seront propos\u00e9s aux acheteurs, la livraison \u00e0 domicile ou sur le lieu de travail, et mise \u00e0 disposition d\u2019un jockey pour toutes les op\u00e9rations de maintenance de sa DS. (il prendra en charge votre voiture pour vous et la ram\u00e8nera).<\/p>\n<p>Participez au jeu et tentez de gagner une balade romantique dans Paris : http:\/\/www.dsworldparis.fr\/ ( d\u00e9tail du r\u00e8glement sur le site )<\/p>\n<p>Le DS World Center de Paris ouvre ses portes le, Mercredi 27 Novembre et on a d\u00e9j\u00e0 quelques photos.<\/p>\n<p>Le DS World Paris, ce magasin de luxe au coeur de Paris, met d\u00e9sormais en avant le luxe \u00e0 la parisienne. En effet, Paris est l'une des premi\u00e8res villes au monde \u00e0 disposer de sa propre extension, c'est-\u00e0-dire que lorsque l'on tape une adresse au lieu qu'elle se finisse par \".fr\" elle peut maintenant se finir par \".paris\".<br \/>\n<strong>Sept sites ont \u00e9t\u00e9 choisie pour \u00eatre les ambassadeurs de cette extension comme DS World<\/strong> ou encore la Tour Eiffel. C'est une fiert\u00e9 pour Citro\u00ebn de faire ressortir ses racines de cette mani\u00e8re.<\/p>\n<h2>Visite du DS World Paris en Citroen SM et Citroen DS Cabriolet Chapron<\/h2>\n<p><iframe loading=\"lazy\" src=\"https:\/\/www.youtube.com\/embed\/T0Nr_UnUb8k\" width=\"560\" height=\"315\" frameborder=\"0\" allowfullscreen=\"allowfullscreen\"><\/iframe><\/p>\n<h2>Galerie d'images du DS World Paris<\/h2>\n<div id='gallery-1' class='gallery galleryid-14182 gallery-columns-3 gallery-size-medium'><figure class='gallery-item'>\n\t\t\t<div class='gallery-icon landscape'>\n\t\t\t\t<a href='https:\/\/www.carideal.com\/blog\/2013\/11\/13\/ds-world-paris\/ds-world-paris-2013\/#main'><img loading=\"lazy\" decoding=\"async\" width=\"300\" height=\"200\" src=\"https:\/\/www.carideal.com\/blog\/wp-content\/uploads\/2016\/12\/DS-World-Paris-2013-300x200.jpg\" class=\"attachment-medium size-medium\" alt=\"DS World Paris\" aria-describedby=\"gallery-1-14192\" srcset=\"https:\/\/www.carideal.com\/blog\/wp-content\/uploads\/2016\/12\/DS-World-Paris-2013-300x200.jpg 300w, https:\/\/www.carideal.com\/blog\/wp-content\/uploads\/2016\/12\/DS-World-Paris-2013-768x512.jpg 768w, https:\/\/www.carideal.com\/blog\/wp-content\/uploads\/2016\/12\/DS-World-Paris-2013-1024x682.jpg 1024w, https:\/\/www.carideal.com\/blog\/wp-content\/uploads\/2016\/12\/DS-World-Paris-2013-110x73.jpg 110w, https:\/\/www.carideal.com\/blog\/wp-content\/uploads\/2016\/12\/DS-World-Paris-2013-420x280.jpg 420w, https:\/\/www.carideal.com\/blog\/wp-content\/uploads\/2016\/12\/DS-World-Paris-2013-645x430.jpg 645w, https:\/\/www.carideal.com\/blog\/wp-content\/uploads\/2016\/12\/DS-World-Paris-2013-50x33.jpg 50w, https:\/\/www.carideal.com\/blog\/wp-content\/uploads\/2016\/12\/DS-World-Paris-2013-e1481556589453.jpg 800w\" sizes=\"(max-width: 300px) 100vw, 300px\" \/><\/a>\n\t\t\t<\/div>\n\t\t\t\t<figcaption class='wp-caption-text gallery-caption' id='gallery-1-14192'>\n\t\t\t\tDS World Paris\n\t\t\t\t<\/figcaption><\/figure><figure class='gallery-item'>\n\t\t\t<div class='gallery-icon landscape'>\n\t\t\t\t<a href='https:\/\/www.carideal.com\/blog\/2013\/11\/13\/ds-world-paris\/ds-world-paris-11-2013-10\/#main'><img loading=\"lazy\" decoding=\"async\" width=\"300\" height=\"163\" src=\"https:\/\/www.carideal.com\/blog\/wp-content\/uploads\/2016\/12\/DS-World-Paris-11-2013-10-300x163.jpe\" class=\"attachment-medium size-medium\" alt=\"DS World Paris\" aria-describedby=\"gallery-1-14191\" srcset=\"https:\/\/www.carideal.com\/blog\/wp-content\/uploads\/2016\/12\/DS-World-Paris-11-2013-10-300x163.jpe 300w, https:\/\/www.carideal.com\/blog\/wp-content\/uploads\/2016\/12\/DS-World-Paris-11-2013-10-110x60.jpe 110w, https:\/\/www.carideal.com\/blog\/wp-content\/uploads\/2016\/12\/DS-World-Paris-11-2013-10-50x27.jpe 50w, https:\/\/www.carideal.com\/blog\/wp-content\/uploads\/2016\/12\/DS-World-Paris-11-2013-10.jpe 400w\" sizes=\"(max-width: 300px) 100vw, 300px\" \/><\/a>\n\t\t\t<\/div>\n\t\t\t\t<figcaption class='wp-caption-text gallery-caption' id='gallery-1-14191'>\n\t\t\t\tDS World Paris\n\t\t\t\t<\/figcaption><\/figure><figure class='gallery-item'>\n\t\t\t<div class='gallery-icon landscape'>\n\t\t\t\t<a href='https:\/\/www.carideal.com\/blog\/2013\/11\/13\/ds-world-paris\/ds-world-paris-11-2013-9\/#main'><img loading=\"lazy\" decoding=\"async\" width=\"300\" height=\"200\" src=\"https:\/\/www.carideal.com\/blog\/wp-content\/uploads\/2016\/12\/DS-World-Paris-11-2013-9-300x200.jpe\" class=\"attachment-medium size-medium\" alt=\"DS World Paris\" aria-describedby=\"gallery-1-14190\" srcset=\"https:\/\/www.carideal.com\/blog\/wp-content\/uploads\/2016\/12\/DS-World-Paris-11-2013-9-300x200.jpe 300w, https:\/\/www.carideal.com\/blog\/wp-content\/uploads\/2016\/12\/DS-World-Paris-11-2013-9-110x73.jpe 110w, https:\/\/www.carideal.com\/blog\/wp-content\/uploads\/2016\/12\/DS-World-Paris-11-2013-9-50x33.jpe 50w, https:\/\/www.carideal.com\/blog\/wp-content\/uploads\/2016\/12\/DS-World-Paris-11-2013-9.jpe 400w\" sizes=\"(max-width: 300px) 100vw, 300px\" \/><\/a>\n\t\t\t<\/div>\n\t\t\t\t<figcaption class='wp-caption-text gallery-caption' id='gallery-1-14190'>\n\t\t\t\tDS World Paris\n\t\t\t\t<\/figcaption><\/figure><figure class='gallery-item'>\n\t\t\t<div class='gallery-icon landscape'>\n\t\t\t\t<a href='https:\/\/www.carideal.com\/blog\/2013\/11\/13\/ds-world-paris\/ds-world-paris-11-2013-8\/#main'><img loading=\"lazy\" decoding=\"async\" width=\"300\" height=\"170\" src=\"https:\/\/www.carideal.com\/blog\/wp-content\/uploads\/2016\/12\/DS-World-Paris-11-2013-8-300x170.jpe\" class=\"attachment-medium size-medium\" alt=\"DS World Paris\" aria-describedby=\"gallery-1-14189\" srcset=\"https:\/\/www.carideal.com\/blog\/wp-content\/uploads\/2016\/12\/DS-World-Paris-11-2013-8-300x170.jpe 300w, https:\/\/www.carideal.com\/blog\/wp-content\/uploads\/2016\/12\/DS-World-Paris-11-2013-8-110x62.jpe 110w, https:\/\/www.carideal.com\/blog\/wp-content\/uploads\/2016\/12\/DS-World-Paris-11-2013-8-50x28.jpe 50w, https:\/\/www.carideal.com\/blog\/wp-content\/uploads\/2016\/12\/DS-World-Paris-11-2013-8.jpe 400w\" sizes=\"(max-width: 300px) 100vw, 300px\" \/><\/a>\n\t\t\t<\/div>\n\t\t\t\t<figcaption class='wp-caption-text gallery-caption' id='gallery-1-14189'>\n\t\t\t\tDS World Paris\n\t\t\t\t<\/figcaption><\/figure><figure class='gallery-item'>\n\t\t\t<div class='gallery-icon landscape'>\n\t\t\t\t<a href='https:\/\/www.carideal.com\/blog\/2013\/11\/13\/ds-world-paris\/ds-world-paris-11-2013-7\/#main'><img loading=\"lazy\" decoding=\"async\" width=\"300\" height=\"200\" src=\"https:\/\/www.carideal.com\/blog\/wp-content\/uploads\/2016\/12\/DS-World-Paris-11-2013-7-300x200.jpe\" class=\"attachment-medium size-medium\" alt=\"DS World Paris\" aria-describedby=\"gallery-1-14188\" srcset=\"https:\/\/www.carideal.com\/blog\/wp-content\/uploads\/2016\/12\/DS-World-Paris-11-2013-7-300x200.jpe 300w, https:\/\/www.carideal.com\/blog\/wp-content\/uploads\/2016\/12\/DS-World-Paris-11-2013-7-110x73.jpe 110w, https:\/\/www.carideal.com\/blog\/wp-content\/uploads\/2016\/12\/DS-World-Paris-11-2013-7-50x33.jpe 50w, https:\/\/www.carideal.com\/blog\/wp-content\/uploads\/2016\/12\/DS-World-Paris-11-2013-7.jpe 400w\" sizes=\"(max-width: 300px) 100vw, 300px\" \/><\/a>\n\t\t\t<\/div>\n\t\t\t\t<figcaption class='wp-caption-text gallery-caption' id='gallery-1-14188'>\n\t\t\t\tDS World Paris\n\t\t\t\t<\/figcaption><\/figure><figure class='gallery-item'>\n\t\t\t<div class='gallery-icon landscape'>\n\t\t\t\t<a href='https:\/\/www.carideal.com\/blog\/2013\/11\/13\/ds-world-paris\/ds-world-paris-11-2013-6\/#main'><img loading=\"lazy\" decoding=\"async\" width=\"300\" height=\"200\" src=\"https:\/\/www.carideal.com\/blog\/wp-content\/uploads\/2016\/12\/DS-World-Paris-11-2013-6-300x200.jpe\" class=\"attachment-medium size-medium\" alt=\"DS World Paris\" aria-describedby=\"gallery-1-14187\" srcset=\"https:\/\/www.carideal.com\/blog\/wp-content\/uploads\/2016\/12\/DS-World-Paris-11-2013-6-300x200.jpe 300w, https:\/\/www.carideal.com\/blog\/wp-content\/uploads\/2016\/12\/DS-World-Paris-11-2013-6-110x73.jpe 110w, https:\/\/www.carideal.com\/blog\/wp-content\/uploads\/2016\/12\/DS-World-Paris-11-2013-6-50x33.jpe 50w, https:\/\/www.carideal.com\/blog\/wp-content\/uploads\/2016\/12\/DS-World-Paris-11-2013-6.jpe 400w\" sizes=\"(max-width: 300px) 100vw, 300px\" \/><\/a>\n\t\t\t<\/div>\n\t\t\t\t<figcaption class='wp-caption-text gallery-caption' id='gallery-1-14187'>\n\t\t\t\tLes accessoires de la gamme DS\n\t\t\t\t<\/figcaption><\/figure><figure class='gallery-item'>\n\t\t\t<div class='gallery-icon landscape'>\n\t\t\t\t<a href='https:\/\/www.carideal.com\/blog\/2013\/11\/13\/ds-world-paris\/ds-world-paris-11-2013-5\/#main'><img loading=\"lazy\" decoding=\"async\" width=\"300\" height=\"200\" src=\"https:\/\/www.carideal.com\/blog\/wp-content\/uploads\/2016\/12\/DS-World-Paris-11-2013-5-300x200.jpe\" class=\"attachment-medium size-medium\" alt=\"DS World Paris\" aria-describedby=\"gallery-1-14186\" srcset=\"https:\/\/www.carideal.com\/blog\/wp-content\/uploads\/2016\/12\/DS-World-Paris-11-2013-5-300x200.jpe 300w, https:\/\/www.carideal.com\/blog\/wp-content\/uploads\/2016\/12\/DS-World-Paris-11-2013-5-110x73.jpe 110w, https:\/\/www.carideal.com\/blog\/wp-content\/uploads\/2016\/12\/DS-World-Paris-11-2013-5-50x33.jpe 50w, https:\/\/www.carideal.com\/blog\/wp-content\/uploads\/2016\/12\/DS-World-Paris-11-2013-5.jpe 400w\" sizes=\"(max-width: 300px) 100vw, 300px\" \/><\/a>\n\t\t\t<\/div>\n\t\t\t\t<figcaption class='wp-caption-text gallery-caption' id='gallery-1-14186'>\n\t\t\t\tLa fa\u00e7ade Art d\u00e9co du DS World Paris\n\t\t\t\t<\/figcaption><\/figure><figure class='gallery-item'>\n\t\t\t<div class='gallery-icon landscape'>\n\t\t\t\t<a href='https:\/\/www.carideal.com\/blog\/2013\/11\/13\/ds-world-paris\/ds-world-paris-11-2013-4\/#main'><img loading=\"lazy\" decoding=\"async\" width=\"300\" height=\"200\" src=\"https:\/\/www.carideal.com\/blog\/wp-content\/uploads\/2016\/12\/DS-World-Paris-11-2013-4-300x200.jpe\" class=\"attachment-medium size-medium\" alt=\"DS World Paris\" aria-describedby=\"gallery-1-14185\" srcset=\"https:\/\/www.carideal.com\/blog\/wp-content\/uploads\/2016\/12\/DS-World-Paris-11-2013-4-300x200.jpe 300w, https:\/\/www.carideal.com\/blog\/wp-content\/uploads\/2016\/12\/DS-World-Paris-11-2013-4-110x73.jpe 110w, https:\/\/www.carideal.com\/blog\/wp-content\/uploads\/2016\/12\/DS-World-Paris-11-2013-4-50x33.jpe 50w, https:\/\/www.carideal.com\/blog\/wp-content\/uploads\/2016\/12\/DS-World-Paris-11-2013-4.jpe 400w\" sizes=\"(max-width: 300px) 100vw, 300px\" \/><\/a>\n\t\t\t<\/div>\n\t\t\t\t<figcaption class='wp-caption-text gallery-caption' id='gallery-1-14185'>\n\t\t\t\tVoiture miniature\n\t\t\t\t<\/figcaption><\/figure><figure class='gallery-item'>\n\t\t\t<div class='gallery-icon landscape'>\n\t\t\t\t<a href='https:\/\/www.carideal.com\/blog\/2013\/11\/13\/ds-world-paris\/ds-world-paris-11-2013-3\/#main'><img loading=\"lazy\" decoding=\"async\" width=\"300\" height=\"147\" src=\"https:\/\/www.carideal.com\/blog\/wp-content\/uploads\/2016\/12\/DS-World-Paris-11-2013-3-300x147.jpe\" class=\"attachment-medium size-medium\" alt=\"DS World Paris\" aria-describedby=\"gallery-1-14184\" srcset=\"https:\/\/www.carideal.com\/blog\/wp-content\/uploads\/2016\/12\/DS-World-Paris-11-2013-3-300x147.jpe 300w, https:\/\/www.carideal.com\/blog\/wp-content\/uploads\/2016\/12\/DS-World-Paris-11-2013-3-110x54.jpe 110w, https:\/\/www.carideal.com\/blog\/wp-content\/uploads\/2016\/12\/DS-World-Paris-11-2013-3-50x25.jpe 50w, https:\/\/www.carideal.com\/blog\/wp-content\/uploads\/2016\/12\/DS-World-Paris-11-2013-3.jpe 400w\" sizes=\"(max-width: 300px) 100vw, 300px\" \/><\/a>\n\t\t\t<\/div>\n\t\t\t\t<figcaption class='wp-caption-text gallery-caption' id='gallery-1-14184'>\n\t\t\t\tL&rsquo;originale DS de 1955\n\t\t\t\t<\/figcaption><\/figure><figure class='gallery-item'>\n\t\t\t<div class='gallery-icon landscape'>\n\t\t\t\t<a href='https:\/\/www.carideal.com\/blog\/2013\/11\/13\/ds-world-paris\/ds-world-paris-11-2013-2\/#main'><img loading=\"lazy\" decoding=\"async\" width=\"300\" height=\"200\" src=\"https:\/\/www.carideal.com\/blog\/wp-content\/uploads\/2016\/12\/DS-World-Paris-11-2013-2-300x200.jpe\" class=\"attachment-medium size-medium\" alt=\"DS World Paris\" aria-describedby=\"gallery-1-14183\" srcset=\"https:\/\/www.carideal.com\/blog\/wp-content\/uploads\/2016\/12\/DS-World-Paris-11-2013-2-300x200.jpe 300w, https:\/\/www.carideal.com\/blog\/wp-content\/uploads\/2016\/12\/DS-World-Paris-11-2013-2-110x73.jpe 110w, https:\/\/www.carideal.com\/blog\/wp-content\/uploads\/2016\/12\/DS-World-Paris-11-2013-2-50x33.jpe 50w, https:\/\/www.carideal.com\/blog\/wp-content\/uploads\/2016\/12\/DS-World-Paris-11-2013-2.jpe 400w\" sizes=\"(max-width: 300px) 100vw, 300px\" \/><\/a>\n\t\t\t<\/div>\n\t\t\t\t<figcaption class='wp-caption-text gallery-caption' id='gallery-1-14183'>\n\t\t\t\tLe Show Room\n\t\t\t\t<\/figcaption><\/figure>\n\t\t<\/div>\n\n<p>source www.dsworld.paris\/<\/p>\n<p>&nbsp;<\/p>\n","protected":false},"excerpt":{"rendered":"<p>Citroen DS World Paris Citroen nous explique ici en Vid\u00e9o son nouveau concept du DS World Paris que le constructeur va ouvrir en plein centre de Paris au 1er rue Fran\u00e7ois Premier, derri\u00e8re une magnifique fa\u00e7ade art d\u00e9co. C&rsquo;est le deuxi\u00e8me apr\u00e8s celui de Shanghai. Il s&rsquo;agit l\u00e0 d&rsquo;une vitrine pour sa marque haut de &#8230; <a title=\"DS World Paris ambassadeur du .Paris\" class=\"read-more\" href=\"https:\/\/www.carideal.com\/blog\/2013\/11\/13\/ds-world-paris\/\" aria-label=\"En savoir plus sur DS World Paris ambassadeur du .Paris\">Lire plus<\/a><\/p>\n","protected":false},"author":3,"featured_media":14192,"comment_status":"open","ping_status":"open","sticky":false,"template":"","format":"standard","meta":{"_uag_custom_page_level_css":"","_themeisle_gutenberg_block_has_review":false,"footnotes":""},"categories":[21,5944,6001,18],"tags":[],"class_list":["post-14182","post","type-post","status-publish","format-standard","has-post-thumbnail","hentry","category-actualites-auto","category-constructeur","category-ds","category-videos"],"wppr_data":{"cwp_meta_box_check":"No"},"yoast_head":"<!-- This site is optimized with the Yoast SEO plugin v24.8.1 - https:\/\/yoast.com\/wordpress\/plugins\/seo\/ -->\n<title>DS World Paris ambassadeur du .Paris - Blog auto Carid\u00e9al<\/title>\n<meta name=\"description\" content=\"Citroen nous explique ici en Vid\u00e9o son nouveau concept du DS World Paris que le constructeur va ouvrir en plein centre de Paris au 1er rue Fran\u00e7ois Premier\" \/>\n<meta name=\"robots\" content=\"index, follow, max-snippet:-1, max-image-preview:large, max-video-preview:-1\" \/>\n<link rel=\"canonical\" href=\"https:\/\/www.carideal.com\/blog\/2013\/11\/13\/ds-world-paris\/\" \/>\n<meta property=\"og:locale\" content=\"fr_FR\" \/>\n<meta property=\"og:type\" content=\"article\" \/>\n<meta property=\"og:title\" content=\"DS World Paris ambassadeur du .Paris - Blog auto Carid\u00e9al\" \/>\n<meta property=\"og:description\" content=\"Citroen nous explique ici en Vid\u00e9o son nouveau concept du DS World Paris que le constructeur va ouvrir en plein centre de Paris au 1er rue Fran\u00e7ois Premier\" \/>\n<meta property=\"og:url\" content=\"https:\/\/www.carideal.com\/blog\/2013\/11\/13\/ds-world-paris\/\" \/>\n<meta property=\"og:site_name\" content=\"Blog auto Carid\u00e9al\" \/>\n<meta property=\"article:publisher\" content=\"https:\/\/www.facebook.com\/Carideal.mandataire.automobile\" \/>\n<meta property=\"article:author\" content=\"https:\/\/www.facebook.com\/nicolas.schiavon.39\" \/>\n<meta property=\"article:published_time\" content=\"2013-11-13T14:32:45+00:00\" \/>\n<meta property=\"article:modified_time\" content=\"2020-03-09T05:42:37+00:00\" \/>\n<meta property=\"og:image\" content=\"https:\/\/www.carideal.com\/blog\/wp-content\/uploads\/2016\/12\/DS-World-Paris-2013-e1481556589453.jpg\" \/>\n\t<meta property=\"og:image:width\" content=\"800\" \/>\n\t<meta property=\"og:image:height\" content=\"533\" \/>\n\t<meta property=\"og:image:type\" content=\"image\/jpeg\" \/>\n<meta name=\"author\" content=\"Nicolas SCHIAVON\" \/>\n<meta name=\"twitter:card\" content=\"summary_large_image\" \/>\n<meta name=\"twitter:creator\" content=\"@caridealauto\" \/>\n<meta name=\"twitter:site\" content=\"@caridealauto\" \/>\n<meta name=\"twitter:label1\" content=\"\u00c9crit par\" \/>\n\t<meta name=\"twitter:data1\" content=\"Nicolas SCHIAVON\" \/>\n\t<meta name=\"twitter:label2\" content=\"Dur\u00e9e de lecture estim\u00e9e\" \/>\n\t<meta name=\"twitter:data2\" content=\"2 minutes\" \/>\n<script type=\"application\/ld+json\" class=\"yoast-schema-graph\">{\"@context\":\"https:\/\/schema.org\",\"@graph\":[{\"@type\":\"Article\",\"@id\":\"https:\/\/www.carideal.com\/blog\/2013\/11\/13\/ds-world-paris\/#article\",\"isPartOf\":{\"@id\":\"https:\/\/www.carideal.com\/blog\/2013\/11\/13\/ds-world-paris\/\"},\"author\":{\"name\":\"Nicolas SCHIAVON\",\"@id\":\"https:\/\/www.carideal.com\/blog\/#\/schema\/person\/cd95dc7919660de90d31b366f85be1ec\"},\"headline\":\"DS World Paris ambassadeur du .Paris\",\"datePublished\":\"2013-11-13T14:32:45+00:00\",\"dateModified\":\"2020-03-09T05:42:37+00:00\",\"mainEntityOfPage\":{\"@id\":\"https:\/\/www.carideal.com\/blog\/2013\/11\/13\/ds-world-paris\/\"},\"wordCount\":376,\"commentCount\":0,\"publisher\":{\"@id\":\"https:\/\/www.carideal.com\/blog\/#organization\"},\"image\":{\"@id\":\"https:\/\/www.carideal.com\/blog\/2013\/11\/13\/ds-world-paris\/#primaryimage\"},\"thumbnailUrl\":\"https:\/\/www.carideal.com\/blog\/wp-content\/uploads\/2016\/12\/DS-World-Paris-2013-e1481556589453.jpg\",\"articleSection\":[\"Actualit\u00e9 automobile\",\"Actualit\u00e9 Constructeur automobile\",\"Actualit\u00e9 DS\",\"Vid\u00e9o voiture : vid\u00e9o automobile\"],\"inLanguage\":\"fr-FR\",\"potentialAction\":[{\"@type\":\"CommentAction\",\"name\":\"Comment\",\"target\":[\"https:\/\/www.carideal.com\/blog\/2013\/11\/13\/ds-world-paris\/#respond\"]}]},{\"@type\":\"WebPage\",\"@id\":\"https:\/\/www.carideal.com\/blog\/2013\/11\/13\/ds-world-paris\/\",\"url\":\"https:\/\/www.carideal.com\/blog\/2013\/11\/13\/ds-world-paris\/\",\"name\":\"DS World Paris ambassadeur du .Paris - Blog auto Carid\u00e9al\",\"isPartOf\":{\"@id\":\"https:\/\/www.carideal.com\/blog\/#website\"},\"primaryImageOfPage\":{\"@id\":\"https:\/\/www.carideal.com\/blog\/2013\/11\/13\/ds-world-paris\/#primaryimage\"},\"image\":{\"@id\":\"https:\/\/www.carideal.com\/blog\/2013\/11\/13\/ds-world-paris\/#primaryimage\"},\"thumbnailUrl\":\"https:\/\/www.carideal.com\/blog\/wp-content\/uploads\/2016\/12\/DS-World-Paris-2013-e1481556589453.jpg\",\"datePublished\":\"2013-11-13T14:32:45+00:00\",\"dateModified\":\"2020-03-09T05:42:37+00:00\",\"description\":\"Citroen nous explique ici en Vid\u00e9o son nouveau concept du DS World Paris que le constructeur va ouvrir en plein centre de Paris au 1er rue Fran\u00e7ois Premier\",\"breadcrumb\":{\"@id\":\"https:\/\/www.carideal.com\/blog\/2013\/11\/13\/ds-world-paris\/#breadcrumb\"},\"inLanguage\":\"fr-FR\",\"potentialAction\":[{\"@type\":\"ReadAction\",\"target\":[\"https:\/\/www.carideal.com\/blog\/2013\/11\/13\/ds-world-paris\/\"]}]},{\"@type\":\"ImageObject\",\"inLanguage\":\"fr-FR\",\"@id\":\"https:\/\/www.carideal.com\/blog\/2013\/11\/13\/ds-world-paris\/#primaryimage\",\"url\":\"https:\/\/www.carideal.com\/blog\/wp-content\/uploads\/2016\/12\/DS-World-Paris-2013-e1481556589453.jpg\",\"contentUrl\":\"https:\/\/www.carideal.com\/blog\/wp-content\/uploads\/2016\/12\/DS-World-Paris-2013-e1481556589453.jpg\",\"width\":800,\"height\":533,\"caption\":\"DS World Paris\"},{\"@type\":\"BreadcrumbList\",\"@id\":\"https:\/\/www.carideal.com\/blog\/2013\/11\/13\/ds-world-paris\/#breadcrumb\",\"itemListElement\":[{\"@type\":\"ListItem\",\"position\":1,\"name\":\"Blog Carid\u00e9al\",\"item\":\"https:\/\/www.carideal.com\/blog\/\"},{\"@type\":\"ListItem\",\"position\":2,\"name\":\"Actualit\u00e9 constructeur automobile\",\"item\":\"https:\/\/www.carideal.com\/blog\/constructeur\/\"},{\"@type\":\"ListItem\",\"position\":3,\"name\":\"Actualit\u00e9 DS\",\"item\":\"https:\/\/www.carideal.com\/blog\/constructeur\/ds\/\"},{\"@type\":\"ListItem\",\"position\":4,\"name\":\"DS World Paris ambassadeur du .Paris\"}]},{\"@type\":\"WebSite\",\"@id\":\"https:\/\/www.carideal.com\/blog\/#website\",\"url\":\"https:\/\/www.carideal.com\/blog\/\",\"name\":\"Blog auto Carid\u00e9al\",\"description\":\"Actualit\u00e9 auto par des passionn\u00e9s\",\"publisher\":{\"@id\":\"https:\/\/www.carideal.com\/blog\/#organization\"},\"potentialAction\":[{\"@type\":\"SearchAction\",\"target\":{\"@type\":\"EntryPoint\",\"urlTemplate\":\"https:\/\/www.carideal.com\/blog\/?s={search_term_string}\"},\"query-input\":{\"@type\":\"PropertyValueSpecification\",\"valueRequired\":true,\"valueName\":\"search_term_string\"}}],\"inLanguage\":\"fr-FR\"},{\"@type\":\"Organization\",\"@id\":\"https:\/\/www.carideal.com\/blog\/#organization\",\"name\":\"Carideal\",\"url\":\"https:\/\/www.carideal.com\/blog\/\",\"logo\":{\"@type\":\"ImageObject\",\"inLanguage\":\"fr-FR\",\"@id\":\"https:\/\/www.carideal.com\/blog\/#\/schema\/logo\/image\/\",\"url\":\"http:\/\/www.carideal.com\/blog\/wp-content\/uploads\/2016\/03\/logo-carideal-mandataire-automobile.png\",\"contentUrl\":\"http:\/\/www.carideal.com\/blog\/wp-content\/uploads\/2016\/03\/logo-carideal-mandataire-automobile.png\",\"width\":300,\"height\":300,\"caption\":\"Carideal\"},\"image\":{\"@id\":\"https:\/\/www.carideal.com\/blog\/#\/schema\/logo\/image\/\"},\"sameAs\":[\"https:\/\/www.facebook.com\/Carideal.mandataire.automobile\",\"https:\/\/x.com\/caridealauto\",\"https:\/\/www.instagram.com\/carideal1\/\",\"https:\/\/www.linkedin.com\/company\/carideal.com\",\"https:\/\/fr.pinterest.com\/schiavonsas\/\",\"https:\/\/www.youtube.com\/user\/caridealsas\"]},{\"@type\":\"Person\",\"@id\":\"https:\/\/www.carideal.com\/blog\/#\/schema\/person\/cd95dc7919660de90d31b366f85be1ec\",\"name\":\"Nicolas SCHIAVON\",\"image\":{\"@type\":\"ImageObject\",\"inLanguage\":\"fr-FR\",\"@id\":\"https:\/\/www.carideal.com\/blog\/#\/schema\/person\/image\/\",\"url\":\"https:\/\/secure.gravatar.com\/avatar\/c17e55009e671d92cc7f5dc837dc418a?s=96&r=g\",\"contentUrl\":\"https:\/\/secure.gravatar.com\/avatar\/c17e55009e671d92cc7f5dc837dc418a?s=96&r=g\",\"caption\":\"Nicolas SCHIAVON\"},\"description\":\"Nicolas Schiavon est tomb\u00e9 tout petit dans la marmite automobile. Ayant eu un garage de marque automobile, mandataire automobile de la premi\u00e8re heure d\u00e8s 1999. Nicolas a cr\u00e9\u00e9 ces premiers sites de vente de voiture et blog automobile d\u00e8s 1994. Carideal est n\u00e9 le 15 d\u00e9cembre 2000 de la volont\u00e9 de vendre des voitures d'occasions en ligne puis des voitures neuves. Il a pu essayer beaucoup de voitures tr\u00e8s diff\u00e9rentes et ayant eu personnellement quelques belles autos, Subaru Impreza, Mitsubishi Lancer Evo 7, Porsche 911, Ferrari Testarrossa, Audi RS3, RS4 et j'en passe...\",\"sameAs\":[\"http:\/\/www.carideal.com\",\"https:\/\/www.facebook.com\/nicolas.schiavon.39\",\"https:\/\/www.instagram.com\/carideal1\/\",\"https:\/\/www.linkedin.com\/in\/nschiavon\/\",\"https:\/\/x.com\/caridealauto\",\"https:\/\/www.youtube.com\/user\/caridealsas\/\"],\"url\":\"https:\/\/www.carideal.com\/blog\/author\/nschiavon\/\"}]}<\/script>\n<!-- \/ Yoast SEO plugin. -->","yoast_head_json":{"title":"DS World Paris ambassadeur du .Paris - Blog auto Carid\u00e9al","description":"Citroen nous explique ici en Vid\u00e9o son nouveau concept du DS World Paris que le constructeur va ouvrir en plein centre de Paris au 1er rue Fran\u00e7ois Premier","robots":{"index":"index","follow":"follow","max-snippet":"max-snippet:-1","max-image-preview":"max-image-preview:large","max-video-preview":"max-video-preview:-1"},"canonical":"https:\/\/www.carideal.com\/blog\/2013\/11\/13\/ds-world-paris\/","og_locale":"fr_FR","og_type":"article","og_title":"DS World Paris ambassadeur du .Paris - Blog auto Carid\u00e9al","og_description":"Citroen nous explique ici en Vid\u00e9o son nouveau concept du DS World Paris que le constructeur va ouvrir en plein centre de Paris au 1er rue Fran\u00e7ois Premier","og_url":"https:\/\/www.carideal.com\/blog\/2013\/11\/13\/ds-world-paris\/","og_site_name":"Blog auto Carid\u00e9al","article_publisher":"https:\/\/www.facebook.com\/Carideal.mandataire.automobile","article_author":"https:\/\/www.facebook.com\/nicolas.schiavon.39","article_published_time":"2013-11-13T14:32:45+00:00","article_modified_time":"2020-03-09T05:42:37+00:00","og_image":[{"width":800,"height":533,"url":"https:\/\/www.carideal.com\/blog\/wp-content\/uploads\/2016\/12\/DS-World-Paris-2013-e1481556589453.jpg","type":"image\/jpeg"}],"author":"Nicolas SCHIAVON","twitter_card":"summary_large_image","twitter_creator":"@caridealauto","twitter_site":"@caridealauto","twitter_misc":{"\u00c9crit par":"Nicolas SCHIAVON","Dur\u00e9e de lecture estim\u00e9e":"2 minutes"},"schema":{"@context":"https:\/\/schema.org","@graph":[{"@type":"Article","@id":"https:\/\/www.carideal.com\/blog\/2013\/11\/13\/ds-world-paris\/#article","isPartOf":{"@id":"https:\/\/www.carideal.com\/blog\/2013\/11\/13\/ds-world-paris\/"},"author":{"name":"Nicolas SCHIAVON","@id":"https:\/\/www.carideal.com\/blog\/#\/schema\/person\/cd95dc7919660de90d31b366f85be1ec"},"headline":"DS World Paris ambassadeur du .Paris","datePublished":"2013-11-13T14:32:45+00:00","dateModified":"2020-03-09T05:42:37+00:00","mainEntityOfPage":{"@id":"https:\/\/www.carideal.com\/blog\/2013\/11\/13\/ds-world-paris\/"},"wordCount":376,"commentCount":0,"publisher":{"@id":"https:\/\/www.carideal.com\/blog\/#organization"},"image":{"@id":"https:\/\/www.carideal.com\/blog\/2013\/11\/13\/ds-world-paris\/#primaryimage"},"thumbnailUrl":"https:\/\/www.carideal.com\/blog\/wp-content\/uploads\/2016\/12\/DS-World-Paris-2013-e1481556589453.jpg","articleSection":["Actualit\u00e9 automobile","Actualit\u00e9 Constructeur automobile","Actualit\u00e9 DS","Vid\u00e9o voiture : vid\u00e9o automobile"],"inLanguage":"fr-FR","potentialAction":[{"@type":"CommentAction","name":"Comment","target":["https:\/\/www.carideal.com\/blog\/2013\/11\/13\/ds-world-paris\/#respond"]}]},{"@type":"WebPage","@id":"https:\/\/www.carideal.com\/blog\/2013\/11\/13\/ds-world-paris\/","url":"https:\/\/www.carideal.com\/blog\/2013\/11\/13\/ds-world-paris\/","name":"DS World Paris ambassadeur du .Paris - Blog auto Carid\u00e9al","isPartOf":{"@id":"https:\/\/www.carideal.com\/blog\/#website"},"primaryImageOfPage":{"@id":"https:\/\/www.carideal.com\/blog\/2013\/11\/13\/ds-world-paris\/#primaryimage"},"image":{"@id":"https:\/\/www.carideal.com\/blog\/2013\/11\/13\/ds-world-paris\/#primaryimage"},"thumbnailUrl":"https:\/\/www.carideal.com\/blog\/wp-content\/uploads\/2016\/12\/DS-World-Paris-2013-e1481556589453.jpg","datePublished":"2013-11-13T14:32:45+00:00","dateModified":"2020-03-09T05:42:37+00:00","description":"Citroen nous explique ici en Vid\u00e9o son nouveau concept du DS World Paris que le constructeur va ouvrir en plein centre de Paris au 1er rue Fran\u00e7ois Premier","breadcrumb":{"@id":"https:\/\/www.carideal.com\/blog\/2013\/11\/13\/ds-world-paris\/#breadcrumb"},"inLanguage":"fr-FR","potentialAction":[{"@type":"ReadAction","target":["https:\/\/www.carideal.com\/blog\/2013\/11\/13\/ds-world-paris\/"]}]},{"@type":"ImageObject","inLanguage":"fr-FR","@id":"https:\/\/www.carideal.com\/blog\/2013\/11\/13\/ds-world-paris\/#primaryimage","url":"https:\/\/www.carideal.com\/blog\/wp-content\/uploads\/2016\/12\/DS-World-Paris-2013-e1481556589453.jpg","contentUrl":"https:\/\/www.carideal.com\/blog\/wp-content\/uploads\/2016\/12\/DS-World-Paris-2013-e1481556589453.jpg","width":800,"height":533,"caption":"DS World Paris"},{"@type":"BreadcrumbList","@id":"https:\/\/www.carideal.com\/blog\/2013\/11\/13\/ds-world-paris\/#breadcrumb","itemListElement":[{"@type":"ListItem","position":1,"name":"Blog Carid\u00e9al","item":"https:\/\/www.carideal.com\/blog\/"},{"@type":"ListItem","position":2,"name":"Actualit\u00e9 constructeur automobile","item":"https:\/\/www.carideal.com\/blog\/constructeur\/"},{"@type":"ListItem","position":3,"name":"Actualit\u00e9 DS","item":"https:\/\/www.carideal.com\/blog\/constructeur\/ds\/"},{"@type":"ListItem","position":4,"name":"DS World Paris ambassadeur du .Paris"}]},{"@type":"WebSite","@id":"https:\/\/www.carideal.com\/blog\/#website","url":"https:\/\/www.carideal.com\/blog\/","name":"Blog auto Carid\u00e9al","description":"Actualit\u00e9 auto par des passionn\u00e9s","publisher":{"@id":"https:\/\/www.carideal.com\/blog\/#organization"},"potentialAction":[{"@type":"SearchAction","target":{"@type":"EntryPoint","urlTemplate":"https:\/\/www.carideal.com\/blog\/?s={search_term_string}"},"query-input":{"@type":"PropertyValueSpecification","valueRequired":true,"valueName":"search_term_string"}}],"inLanguage":"fr-FR"},{"@type":"Organization","@id":"https:\/\/www.carideal.com\/blog\/#organization","name":"Carideal","url":"https:\/\/www.carideal.com\/blog\/","logo":{"@type":"ImageObject","inLanguage":"fr-FR","@id":"https:\/\/www.carideal.com\/blog\/#\/schema\/logo\/image\/","url":"http:\/\/www.carideal.com\/blog\/wp-content\/uploads\/2016\/03\/logo-carideal-mandataire-automobile.png","contentUrl":"http:\/\/www.carideal.com\/blog\/wp-content\/uploads\/2016\/03\/logo-carideal-mandataire-automobile.png","width":300,"height":300,"caption":"Carideal"},"image":{"@id":"https:\/\/www.carideal.com\/blog\/#\/schema\/logo\/image\/"},"sameAs":["https:\/\/www.facebook.com\/Carideal.mandataire.automobile","https:\/\/x.com\/caridealauto","https:\/\/www.instagram.com\/carideal1\/","https:\/\/www.linkedin.com\/company\/carideal.com","https:\/\/fr.pinterest.com\/schiavonsas\/","https:\/\/www.youtube.com\/user\/caridealsas"]},{"@type":"Person","@id":"https:\/\/www.carideal.com\/blog\/#\/schema\/person\/cd95dc7919660de90d31b366f85be1ec","name":"Nicolas SCHIAVON","image":{"@type":"ImageObject","inLanguage":"fr-FR","@id":"https:\/\/www.carideal.com\/blog\/#\/schema\/person\/image\/","url":"https:\/\/secure.gravatar.com\/avatar\/c17e55009e671d92cc7f5dc837dc418a?s=96&r=g","contentUrl":"https:\/\/secure.gravatar.com\/avatar\/c17e55009e671d92cc7f5dc837dc418a?s=96&r=g","caption":"Nicolas SCHIAVON"},"description":"Nicolas Schiavon est tomb\u00e9 tout petit dans la marmite automobile. Ayant eu un garage de marque automobile, mandataire automobile de la premi\u00e8re heure d\u00e8s 1999. Nicolas a cr\u00e9\u00e9 ces premiers sites de vente de voiture et blog automobile d\u00e8s 1994. Carideal est n\u00e9 le 15 d\u00e9cembre 2000 de la volont\u00e9 de vendre des voitures d'occasions en ligne puis des voitures neuves. Il a pu essayer beaucoup de voitures tr\u00e8s diff\u00e9rentes et ayant eu personnellement quelques belles autos, Subaru Impreza, Mitsubishi Lancer Evo 7, Porsche 911, Ferrari Testarrossa, Audi RS3, RS4 et j'en passe...","sameAs":["http:\/\/www.carideal.com","https:\/\/www.facebook.com\/nicolas.schiavon.39","https:\/\/www.instagram.com\/carideal1\/","https:\/\/www.linkedin.com\/in\/nschiavon\/","https:\/\/x.com\/caridealauto","https:\/\/www.youtube.com\/user\/caridealsas\/"],"url":"https:\/\/www.carideal.com\/blog\/author\/nschiavon\/"}]}},"uagb_featured_image_src":{"full":["https:\/\/www.carideal.com\/blog\/wp-content\/uploads\/2016\/12\/DS-World-Paris-2013-e1481556589453.jpg",800,533,false],"thumbnail":["https:\/\/www.carideal.com\/blog\/wp-content\/uploads\/2016\/12\/DS-World-Paris-2013-150x150.jpg",150,150,true],"medium":["https:\/\/www.carideal.com\/blog\/wp-content\/uploads\/2016\/12\/DS-World-Paris-2013-300x200.jpg",300,200,true],"medium_large":["https:\/\/www.carideal.com\/blog\/wp-content\/uploads\/2016\/12\/DS-World-Paris-2013-768x512.jpg",768,512,true],"large":["https:\/\/www.carideal.com\/blog\/wp-content\/uploads\/2016\/12\/DS-World-Paris-2013-1024x682.jpg",1024,682,true],"1536x1536":["https:\/\/www.carideal.com\/blog\/wp-content\/uploads\/2016\/12\/DS-World-Paris-2013-e1481556589453.jpg",800,533,false],"2048x2048":["https:\/\/www.carideal.com\/blog\/wp-content\/uploads\/2016\/12\/DS-World-Paris-2013-e1481556589453.jpg",800,533,false],"wppr-widget":["https:\/\/www.carideal.com\/blog\/wp-content\/uploads\/2016\/12\/DS-World-Paris-2013-e1481556589453.jpg",50,33,false]},"uagb_author_info":{"display_name":"Nicolas SCHIAVON","author_link":"https:\/\/www.carideal.com\/blog\/author\/nschiavon\/"},"uagb_comment_info":0,"uagb_excerpt":"Citroen DS World Paris Citroen nous explique ici en Vid\u00e9o son nouveau concept du DS World Paris que le constructeur va ouvrir en plein centre de Paris au 1er rue Fran\u00e7ois Premier, derri\u00e8re une magnifique fa\u00e7ade art d\u00e9co. C'est le deuxi\u00e8me apr\u00e8s celui de Shanghai. Il s'agit l\u00e0 d'une vitrine pour sa marque haut de\u2026","_links":{"self":[{"href":"https:\/\/www.carideal.com\/blog\/wp-json\/wp\/v2\/posts\/14182"}],"collection":[{"href":"https:\/\/www.carideal.com\/blog\/wp-json\/wp\/v2\/posts"}],"about":[{"href":"https:\/\/www.carideal.com\/blog\/wp-json\/wp\/v2\/types\/post"}],"author":[{"embeddable":true,"href":"https:\/\/www.carideal.com\/blog\/wp-json\/wp\/v2\/users\/3"}],"replies":[{"embeddable":true,"href":"https:\/\/www.carideal.com\/blog\/wp-json\/wp\/v2\/comments?post=14182"}],"version-history":[{"count":0,"href":"https:\/\/www.carideal.com\/blog\/wp-json\/wp\/v2\/posts\/14182\/revisions"}],"wp:featuredmedia":[{"embeddable":true,"href":"https:\/\/www.carideal.com\/blog\/wp-json\/wp\/v2\/media\/14192"}],"wp:attachment":[{"href":"https:\/\/www.carideal.com\/blog\/wp-json\/wp\/v2\/media?parent=14182"}],"wp:term":[{"taxonomy":"category","embeddable":true,"href":"https:\/\/www.carideal.com\/blog\/wp-json\/wp\/v2\/categories?post=14182"},{"taxonomy":"post_tag","embeddable":true,"href":"https:\/\/www.carideal.com\/blog\/wp-json\/wp\/v2\/tags?post=14182"}],"curies":[{"name":"wp","href":"https:\/\/api.w.org\/{rel}","templated":true}]}}