{"id":1417,"date":"2013-08-02T08:46:00","date_gmt":"2013-08-02T08:46:00","guid":{"rendered":"http:\/\/carideal.com\/blog\/?p=1417"},"modified":"2018-03-15T13:30:01","modified_gmt":"2018-03-15T12:30:01","slug":"le-ford-kuga-sur-son-marche-des-suv","status":"publish","type":"post","link":"https:\/\/www.carideal.com\/blog\/2013\/08\/02\/le-ford-kuga-sur-son-marche-des-suv\/","title":{"rendered":"Le Ford Kuga sur son march\u00e9 des SUV"},"content":{"rendered":"<p><img decoding=\"async\" title=\"ford-kuga-2013-carideal-blog-automobile.gif, ao\u00fbt 2013\" src=\"\/blog\/public\/.ford-kuga-2013-carideal-blog-automobile_m.jpg\" alt=\"ford-kuga-2013-carideal-blog-automobile.gif\" \/><\/p>\n<h2>FordKuga<\/h2>\n<p>Il fallait bien que le Ford Kuga se renouvelle car son march\u00e9 est en pleine croissance et ses concurrents le pressent. Contrairement \u00e0 d'autre c'est ici le moteur TDCI 140 4x2 qui se vend le mieux repr\u00e9sentant 75% des ventes.<br \/>\nLe g\u00e9ant am\u00e9ricains avait deux philosophie pour son SUV l'Escape pour le march\u00e9 am\u00e9ricain avec des moteurs \u00e0 essences et une transmission int\u00e9grale, tandis que le Kuga europ\u00e9en \u00e9tait plus petit, plus dynamique et moins \u00e9nergivore. D\u00e9sormais avec la crise et le recentrage sur les co\u00fbts, les deux sont identiques mais gardent leurs apellations diff\u00e9rentes.<br \/>\nLe nouveau Kuga utilise toujours la plateforme des Focus et autre C-max, avec leur moteur TDCI 140 et 163 ch associ\u00e9 \u00e0 des techniques r\u00e9ductrices de consommation, telles que la r\u00e9cup\u00e9ration d'\u00e9nergie au freinage, des volets pilot\u00e9s dans la calandre etc.<br \/>\nLe nouveau Ford Kuga fait des progr\u00e8s en terme de qualit\u00e9 per\u00e7ue, on regrette le manque d'intuitivit\u00e9 du syst\u00e8me multim\u00e9dia.<br \/>\nCe nouveau Ford Kuga est m\u00eame moins ch\u00e8re que l'ancien et se voit \u00e9quip\u00e9 d'\u00e9quipements plus modernes.<br \/>\nIl est plus dynamique que le RAV4 et moins ch\u00e8re que le Volkswagen et donc devrait bien se vendre.<\/p>\n<p>Achat Ford Kuga moins ch\u00e8re avec Carideal Mandataire automobile<\/p>\n","protected":false},"excerpt":{"rendered":"<p>FordKuga Il fallait bien que le Ford Kuga se renouvelle car son march\u00e9 est en pleine croissance et ses concurrents le pressent. Contrairement \u00e0 d&rsquo;autre c&rsquo;est ici le moteur TDCI 140 4&#215;2 qui se vend le mieux repr\u00e9sentant 75% des ventes. Le g\u00e9ant am\u00e9ricains avait deux philosophie pour son SUV l&rsquo;Escape pour le march\u00e9 am\u00e9ricain &#8230; <a title=\"Le Ford Kuga sur son march\u00e9 des SUV\" class=\"read-more\" href=\"https:\/\/www.carideal.com\/blog\/2013\/08\/02\/le-ford-kuga-sur-son-marche-des-suv\/\" aria-label=\"En savoir plus sur Le Ford Kuga sur son march\u00e9 des SUV\">Lire plus<\/a><\/p>\n","protected":false},"author":1,"featured_media":0,"comment_status":"open","ping_status":"open","sticky":false,"template":"","format":"standard","meta":{"_uag_custom_page_level_css":"","_themeisle_gutenberg_block_has_review":false,"footnotes":""},"categories":[5968,6243,10],"tags":[],"class_list":["post-1417","post","type-post","status-publish","format-standard","hentry","category-ford","category-ford-kuga","category-marche-automobile-voiture-neuve-occasion-4x4-suv"],"wppr_data":{"cwp_meta_box_check":"No"},"yoast_head":"<!-- This site is optimized with the Yoast SEO plugin v24.8.1 - https:\/\/yoast.com\/wordpress\/plugins\/seo\/ -->\n<title>Le Ford Kuga sur son march\u00e9 des SUV - Blog auto Carid\u00e9al<\/title>\n<meta name=\"robots\" content=\"index, follow, max-snippet:-1, max-image-preview:large, max-video-preview:-1\" \/>\n<link rel=\"canonical\" href=\"https:\/\/www.carideal.com\/blog\/2013\/08\/02\/le-ford-kuga-sur-son-marche-des-suv\/\" \/>\n<meta property=\"og:locale\" content=\"fr_FR\" \/>\n<meta property=\"og:type\" content=\"article\" \/>\n<meta property=\"og:title\" content=\"Le Ford Kuga sur son march\u00e9 des SUV - Blog auto Carid\u00e9al\" \/>\n<meta property=\"og:description\" content=\"FordKuga Il fallait bien que le Ford Kuga se renouvelle car son march\u00e9 est en pleine croissance et ses concurrents le pressent. Contrairement \u00e0 d&#039;autre c&#039;est ici le moteur TDCI 140 4x2 qui se vend le mieux repr\u00e9sentant 75% des ventes. Le g\u00e9ant am\u00e9ricains avait deux philosophie pour son SUV l&#039;Escape pour le march\u00e9 am\u00e9ricain ... Lire plus\" \/>\n<meta property=\"og:url\" content=\"https:\/\/www.carideal.com\/blog\/2013\/08\/02\/le-ford-kuga-sur-son-marche-des-suv\/\" \/>\n<meta property=\"og:site_name\" content=\"Blog auto Carid\u00e9al\" \/>\n<meta property=\"article:publisher\" content=\"https:\/\/www.facebook.com\/Carideal.mandataire.automobile\" \/>\n<meta property=\"article:author\" content=\"https:\/\/www.facebook.com\/Carideal.mandataire.automobile\/\" \/>\n<meta property=\"article:published_time\" content=\"2013-08-02T08:46:00+00:00\" \/>\n<meta property=\"article:modified_time\" content=\"2018-03-15T12:30:01+00:00\" \/>\n<meta property=\"og:image\" content=\"https:\/\/www.carideal.com\/blog\/wp-content\/uploads\/2016\/03\/logo-carideal-mandataire-automobile.png\" \/>\n\t<meta property=\"og:image:width\" content=\"300\" \/>\n\t<meta property=\"og:image:height\" content=\"300\" \/>\n\t<meta property=\"og:image:type\" content=\"image\/png\" \/>\n<meta name=\"author\" content=\"N.S Carideal\" \/>\n<meta name=\"twitter:card\" content=\"summary_large_image\" \/>\n<meta name=\"twitter:creator\" content=\"@caridealauto\" \/>\n<meta name=\"twitter:site\" content=\"@caridealauto\" \/>\n<meta name=\"twitter:label1\" content=\"\u00c9crit par\" \/>\n\t<meta name=\"twitter:data1\" content=\"N.S Carideal\" \/>\n\t<meta name=\"twitter:label2\" content=\"Dur\u00e9e de lecture estim\u00e9e\" \/>\n\t<meta name=\"twitter:data2\" content=\"1 minute\" \/>\n<script type=\"application\/ld+json\" class=\"yoast-schema-graph\">{\"@context\":\"https:\/\/schema.org\",\"@graph\":[{\"@type\":\"Article\",\"@id\":\"https:\/\/www.carideal.com\/blog\/2013\/08\/02\/le-ford-kuga-sur-son-marche-des-suv\/#article\",\"isPartOf\":{\"@id\":\"https:\/\/www.carideal.com\/blog\/2013\/08\/02\/le-ford-kuga-sur-son-marche-des-suv\/\"},\"author\":{\"name\":\"N.S Carideal\",\"@id\":\"https:\/\/www.carideal.com\/blog\/#\/schema\/person\/985c7e757d1042d647f21bfaf8d41ebc\"},\"headline\":\"Le Ford Kuga sur son march\u00e9 des SUV\",\"datePublished\":\"2013-08-02T08:46:00+00:00\",\"dateModified\":\"2018-03-15T12:30:01+00:00\",\"mainEntityOfPage\":{\"@id\":\"https:\/\/www.carideal.com\/blog\/2013\/08\/02\/le-ford-kuga-sur-son-marche-des-suv\/\"},\"wordCount\":226,\"commentCount\":0,\"publisher\":{\"@id\":\"https:\/\/www.carideal.com\/blog\/#organization\"},\"articleSection\":[\"Actualit\u00e9 Ford\",\"Actualit\u00e9 Ford Kuga\",\"March\u00e9 automobile\"],\"inLanguage\":\"fr-FR\",\"potentialAction\":[{\"@type\":\"CommentAction\",\"name\":\"Comment\",\"target\":[\"https:\/\/www.carideal.com\/blog\/2013\/08\/02\/le-ford-kuga-sur-son-marche-des-suv\/#respond\"]}]},{\"@type\":\"WebPage\",\"@id\":\"https:\/\/www.carideal.com\/blog\/2013\/08\/02\/le-ford-kuga-sur-son-marche-des-suv\/\",\"url\":\"https:\/\/www.carideal.com\/blog\/2013\/08\/02\/le-ford-kuga-sur-son-marche-des-suv\/\",\"name\":\"Le Ford Kuga sur son march\u00e9 des SUV - Blog auto Carid\u00e9al\",\"isPartOf\":{\"@id\":\"https:\/\/www.carideal.com\/blog\/#website\"},\"datePublished\":\"2013-08-02T08:46:00+00:00\",\"dateModified\":\"2018-03-15T12:30:01+00:00\",\"breadcrumb\":{\"@id\":\"https:\/\/www.carideal.com\/blog\/2013\/08\/02\/le-ford-kuga-sur-son-marche-des-suv\/#breadcrumb\"},\"inLanguage\":\"fr-FR\",\"potentialAction\":[{\"@type\":\"ReadAction\",\"target\":[\"https:\/\/www.carideal.com\/blog\/2013\/08\/02\/le-ford-kuga-sur-son-marche-des-suv\/\"]}]},{\"@type\":\"BreadcrumbList\",\"@id\":\"https:\/\/www.carideal.com\/blog\/2013\/08\/02\/le-ford-kuga-sur-son-marche-des-suv\/#breadcrumb\",\"itemListElement\":[{\"@type\":\"ListItem\",\"position\":1,\"name\":\"Blog Carid\u00e9al\",\"item\":\"https:\/\/www.carideal.com\/blog\/\"},{\"@type\":\"ListItem\",\"position\":2,\"name\":\"Actualit\u00e9 constructeur automobile\",\"item\":\"https:\/\/www.carideal.com\/blog\/constructeur\/\"},{\"@type\":\"ListItem\",\"position\":3,\"name\":\"Actualit\u00e9 Ford\",\"item\":\"https:\/\/www.carideal.com\/blog\/constructeur\/ford\/\"},{\"@type\":\"ListItem\",\"position\":4,\"name\":\"Kuga\",\"item\":\"https:\/\/www.carideal.com\/blog\/constructeur\/ford\/ford-kuga\/\"},{\"@type\":\"ListItem\",\"position\":5,\"name\":\"Le Ford Kuga sur son march\u00e9 des SUV\"}]},{\"@type\":\"WebSite\",\"@id\":\"https:\/\/www.carideal.com\/blog\/#website\",\"url\":\"https:\/\/www.carideal.com\/blog\/\",\"name\":\"Blog auto Carid\u00e9al\",\"description\":\"Actualit\u00e9 auto par des passionn\u00e9s\",\"publisher\":{\"@id\":\"https:\/\/www.carideal.com\/blog\/#organization\"},\"potentialAction\":[{\"@type\":\"SearchAction\",\"target\":{\"@type\":\"EntryPoint\",\"urlTemplate\":\"https:\/\/www.carideal.com\/blog\/?s={search_term_string}\"},\"query-input\":{\"@type\":\"PropertyValueSpecification\",\"valueRequired\":true,\"valueName\":\"search_term_string\"}}],\"inLanguage\":\"fr-FR\"},{\"@type\":\"Organization\",\"@id\":\"https:\/\/www.carideal.com\/blog\/#organization\",\"name\":\"Carideal\",\"url\":\"https:\/\/www.carideal.com\/blog\/\",\"logo\":{\"@type\":\"ImageObject\",\"inLanguage\":\"fr-FR\",\"@id\":\"https:\/\/www.carideal.com\/blog\/#\/schema\/logo\/image\/\",\"url\":\"http:\/\/www.carideal.com\/blog\/wp-content\/uploads\/2016\/03\/logo-carideal-mandataire-automobile.png\",\"contentUrl\":\"http:\/\/www.carideal.com\/blog\/wp-content\/uploads\/2016\/03\/logo-carideal-mandataire-automobile.png\",\"width\":300,\"height\":300,\"caption\":\"Carideal\"},\"image\":{\"@id\":\"https:\/\/www.carideal.com\/blog\/#\/schema\/logo\/image\/\"},\"sameAs\":[\"https:\/\/www.facebook.com\/Carideal.mandataire.automobile\",\"https:\/\/x.com\/caridealauto\",\"https:\/\/www.instagram.com\/carideal1\/\",\"https:\/\/www.linkedin.com\/company\/carideal.com\",\"https:\/\/fr.pinterest.com\/schiavonsas\/\",\"https:\/\/www.youtube.com\/user\/caridealsas\"]},{\"@type\":\"Person\",\"@id\":\"https:\/\/www.carideal.com\/blog\/#\/schema\/person\/985c7e757d1042d647f21bfaf8d41ebc\",\"name\":\"N.S Carideal\",\"image\":{\"@type\":\"ImageObject\",\"inLanguage\":\"fr-FR\",\"@id\":\"https:\/\/www.carideal.com\/blog\/#\/schema\/person\/image\/\",\"url\":\"https:\/\/secure.gravatar.com\/avatar\/edb7ccdf1a4e3d14aef967760d354d0e?s=96&r=g\",\"contentUrl\":\"https:\/\/secure.gravatar.com\/avatar\/edb7ccdf1a4e3d14aef967760d354d0e?s=96&r=g\",\"caption\":\"N.S Carideal\"},\"description\":\"Depuis tout petit fan d'automobile. Il est question d'essayer et de comparer toutes ces voitures qui nous ont fait r\u00e9ver, avant que celles-ci ne devient uniquement des voitures de collection.\",\"sameAs\":[\"http:\/\/www.carideal.com\/blog\",\"https:\/\/www.facebook.com\/Carideal.mandataire.automobile\/\",\"https:\/\/www.linkedin.com\/in\/nschiavon\/\",\"https:\/\/www.youtube.com\/user\/caridealsas\/\"],\"url\":\"https:\/\/www.carideal.com\/blog\/author\/admin_carideal\/\"}]}<\/script>\n<!-- \/ Yoast SEO plugin. -->","yoast_head_json":{"title":"Le Ford Kuga sur son march\u00e9 des SUV - Blog auto Carid\u00e9al","robots":{"index":"index","follow":"follow","max-snippet":"max-snippet:-1","max-image-preview":"max-image-preview:large","max-video-preview":"max-video-preview:-1"},"canonical":"https:\/\/www.carideal.com\/blog\/2013\/08\/02\/le-ford-kuga-sur-son-marche-des-suv\/","og_locale":"fr_FR","og_type":"article","og_title":"Le Ford Kuga sur son march\u00e9 des SUV - Blog auto Carid\u00e9al","og_description":"FordKuga Il fallait bien que le Ford Kuga se renouvelle car son march\u00e9 est en pleine croissance et ses concurrents le pressent. Contrairement \u00e0 d'autre c'est ici le moteur TDCI 140 4x2 qui se vend le mieux repr\u00e9sentant 75% des ventes. Le g\u00e9ant am\u00e9ricains avait deux philosophie pour son SUV l'Escape pour le march\u00e9 am\u00e9ricain ... Lire plus","og_url":"https:\/\/www.carideal.com\/blog\/2013\/08\/02\/le-ford-kuga-sur-son-marche-des-suv\/","og_site_name":"Blog auto Carid\u00e9al","article_publisher":"https:\/\/www.facebook.com\/Carideal.mandataire.automobile","article_author":"https:\/\/www.facebook.com\/Carideal.mandataire.automobile\/","article_published_time":"2013-08-02T08:46:00+00:00","article_modified_time":"2018-03-15T12:30:01+00:00","og_image":[{"width":300,"height":300,"url":"https:\/\/www.carideal.com\/blog\/wp-content\/uploads\/2016\/03\/logo-carideal-mandataire-automobile.png","type":"image\/png"}],"author":"N.S Carideal","twitter_card":"summary_large_image","twitter_creator":"@caridealauto","twitter_site":"@caridealauto","twitter_misc":{"\u00c9crit par":"N.S Carideal","Dur\u00e9e de lecture estim\u00e9e":"1 minute"},"schema":{"@context":"https:\/\/schema.org","@graph":[{"@type":"Article","@id":"https:\/\/www.carideal.com\/blog\/2013\/08\/02\/le-ford-kuga-sur-son-marche-des-suv\/#article","isPartOf":{"@id":"https:\/\/www.carideal.com\/blog\/2013\/08\/02\/le-ford-kuga-sur-son-marche-des-suv\/"},"author":{"name":"N.S Carideal","@id":"https:\/\/www.carideal.com\/blog\/#\/schema\/person\/985c7e757d1042d647f21bfaf8d41ebc"},"headline":"Le Ford Kuga sur son march\u00e9 des SUV","datePublished":"2013-08-02T08:46:00+00:00","dateModified":"2018-03-15T12:30:01+00:00","mainEntityOfPage":{"@id":"https:\/\/www.carideal.com\/blog\/2013\/08\/02\/le-ford-kuga-sur-son-marche-des-suv\/"},"wordCount":226,"commentCount":0,"publisher":{"@id":"https:\/\/www.carideal.com\/blog\/#organization"},"articleSection":["Actualit\u00e9 Ford","Actualit\u00e9 Ford Kuga","March\u00e9 automobile"],"inLanguage":"fr-FR","potentialAction":[{"@type":"CommentAction","name":"Comment","target":["https:\/\/www.carideal.com\/blog\/2013\/08\/02\/le-ford-kuga-sur-son-marche-des-suv\/#respond"]}]},{"@type":"WebPage","@id":"https:\/\/www.carideal.com\/blog\/2013\/08\/02\/le-ford-kuga-sur-son-marche-des-suv\/","url":"https:\/\/www.carideal.com\/blog\/2013\/08\/02\/le-ford-kuga-sur-son-marche-des-suv\/","name":"Le Ford Kuga sur son march\u00e9 des SUV - Blog auto Carid\u00e9al","isPartOf":{"@id":"https:\/\/www.carideal.com\/blog\/#website"},"datePublished":"2013-08-02T08:46:00+00:00","dateModified":"2018-03-15T12:30:01+00:00","breadcrumb":{"@id":"https:\/\/www.carideal.com\/blog\/2013\/08\/02\/le-ford-kuga-sur-son-marche-des-suv\/#breadcrumb"},"inLanguage":"fr-FR","potentialAction":[{"@type":"ReadAction","target":["https:\/\/www.carideal.com\/blog\/2013\/08\/02\/le-ford-kuga-sur-son-marche-des-suv\/"]}]},{"@type":"BreadcrumbList","@id":"https:\/\/www.carideal.com\/blog\/2013\/08\/02\/le-ford-kuga-sur-son-marche-des-suv\/#breadcrumb","itemListElement":[{"@type":"ListItem","position":1,"name":"Blog Carid\u00e9al","item":"https:\/\/www.carideal.com\/blog\/"},{"@type":"ListItem","position":2,"name":"Actualit\u00e9 constructeur automobile","item":"https:\/\/www.carideal.com\/blog\/constructeur\/"},{"@type":"ListItem","position":3,"name":"Actualit\u00e9 Ford","item":"https:\/\/www.carideal.com\/blog\/constructeur\/ford\/"},{"@type":"ListItem","position":4,"name":"Kuga","item":"https:\/\/www.carideal.com\/blog\/constructeur\/ford\/ford-kuga\/"},{"@type":"ListItem","position":5,"name":"Le Ford Kuga sur son march\u00e9 des SUV"}]},{"@type":"WebSite","@id":"https:\/\/www.carideal.com\/blog\/#website","url":"https:\/\/www.carideal.com\/blog\/","name":"Blog auto Carid\u00e9al","description":"Actualit\u00e9 auto par des passionn\u00e9s","publisher":{"@id":"https:\/\/www.carideal.com\/blog\/#organization"},"potentialAction":[{"@type":"SearchAction","target":{"@type":"EntryPoint","urlTemplate":"https:\/\/www.carideal.com\/blog\/?s={search_term_string}"},"query-input":{"@type":"PropertyValueSpecification","valueRequired":true,"valueName":"search_term_string"}}],"inLanguage":"fr-FR"},{"@type":"Organization","@id":"https:\/\/www.carideal.com\/blog\/#organization","name":"Carideal","url":"https:\/\/www.carideal.com\/blog\/","logo":{"@type":"ImageObject","inLanguage":"fr-FR","@id":"https:\/\/www.carideal.com\/blog\/#\/schema\/logo\/image\/","url":"http:\/\/www.carideal.com\/blog\/wp-content\/uploads\/2016\/03\/logo-carideal-mandataire-automobile.png","contentUrl":"http:\/\/www.carideal.com\/blog\/wp-content\/uploads\/2016\/03\/logo-carideal-mandataire-automobile.png","width":300,"height":300,"caption":"Carideal"},"image":{"@id":"https:\/\/www.carideal.com\/blog\/#\/schema\/logo\/image\/"},"sameAs":["https:\/\/www.facebook.com\/Carideal.mandataire.automobile","https:\/\/x.com\/caridealauto","https:\/\/www.instagram.com\/carideal1\/","https:\/\/www.linkedin.com\/company\/carideal.com","https:\/\/fr.pinterest.com\/schiavonsas\/","https:\/\/www.youtube.com\/user\/caridealsas"]},{"@type":"Person","@id":"https:\/\/www.carideal.com\/blog\/#\/schema\/person\/985c7e757d1042d647f21bfaf8d41ebc","name":"N.S Carideal","image":{"@type":"ImageObject","inLanguage":"fr-FR","@id":"https:\/\/www.carideal.com\/blog\/#\/schema\/person\/image\/","url":"https:\/\/secure.gravatar.com\/avatar\/edb7ccdf1a4e3d14aef967760d354d0e?s=96&r=g","contentUrl":"https:\/\/secure.gravatar.com\/avatar\/edb7ccdf1a4e3d14aef967760d354d0e?s=96&r=g","caption":"N.S Carideal"},"description":"Depuis tout petit fan d'automobile. Il est question d'essayer et de comparer toutes ces voitures qui nous ont fait r\u00e9ver, avant que celles-ci ne devient uniquement des voitures de collection.","sameAs":["http:\/\/www.carideal.com\/blog","https:\/\/www.facebook.com\/Carideal.mandataire.automobile\/","https:\/\/www.linkedin.com\/in\/nschiavon\/","https:\/\/www.youtube.com\/user\/caridealsas\/"],"url":"https:\/\/www.carideal.com\/blog\/author\/admin_carideal\/"}]}},"uagb_featured_image_src":{"full":false,"thumbnail":false,"medium":false,"medium_large":false,"large":false,"1536x1536":false,"2048x2048":false,"wppr-widget":false},"uagb_author_info":{"display_name":"N.S Carideal","author_link":"https:\/\/www.carideal.com\/blog\/author\/admin_carideal\/"},"uagb_comment_info":0,"uagb_excerpt":"FordKuga Il fallait bien que le Ford Kuga se renouvelle car son march\u00e9 est en pleine croissance et ses concurrents le pressent. Contrairement \u00e0 d'autre c'est ici le moteur TDCI 140 4x2 qui se vend le mieux repr\u00e9sentant 75% des ventes. Le g\u00e9ant am\u00e9ricains avait deux philosophie pour son SUV l'Escape pour le march\u00e9 am\u00e9ricain\u2026","_links":{"self":[{"href":"https:\/\/www.carideal.com\/blog\/wp-json\/wp\/v2\/posts\/1417"}],"collection":[{"href":"https:\/\/www.carideal.com\/blog\/wp-json\/wp\/v2\/posts"}],"about":[{"href":"https:\/\/www.carideal.com\/blog\/wp-json\/wp\/v2\/types\/post"}],"author":[{"embeddable":true,"href":"https:\/\/www.carideal.com\/blog\/wp-json\/wp\/v2\/users\/1"}],"replies":[{"embeddable":true,"href":"https:\/\/www.carideal.com\/blog\/wp-json\/wp\/v2\/comments?post=1417"}],"version-history":[{"count":0,"href":"https:\/\/www.carideal.com\/blog\/wp-json\/wp\/v2\/posts\/1417\/revisions"}],"wp:attachment":[{"href":"https:\/\/www.carideal.com\/blog\/wp-json\/wp\/v2\/media?parent=1417"}],"wp:term":[{"taxonomy":"category","embeddable":true,"href":"https:\/\/www.carideal.com\/blog\/wp-json\/wp\/v2\/categories?post=1417"},{"taxonomy":"post_tag","embeddable":true,"href":"https:\/\/www.carideal.com\/blog\/wp-json\/wp\/v2\/tags?post=1417"}],"curies":[{"name":"wp","href":"https:\/\/api.w.org\/{rel}","templated":true}]}}