{"id":14040,"date":"2008-12-15T14:40:18","date_gmt":"2008-12-15T13:40:18","guid":{"rendered":"http:\/\/www.carideal.com\/blog\/?p=14040"},"modified":"2020-03-09T06:42:37","modified_gmt":"2020-03-09T05:42:37","slug":"peugeot-307-sw-occasion","status":"publish","type":"post","link":"https:\/\/www.carideal.com\/blog\/2008\/12\/15\/peugeot-307-sw-occasion\/","title":{"rendered":"Peugeot 307 SW occasion &#8211; Pr\u00e9sentation"},"content":{"rendered":"<h1><strong>Peugeot 307 SW\u00a0d'occasion, ses motorisations, ses qualit\u00e9s, ses d\u00e9fauts<\/strong><\/h1>\n<h2>Pr\u00e9sentation de la Peugeot 307 SW d'occasion<\/h2>\n<figure id=\"attachment_14053\" aria-describedby=\"caption-attachment-14053\" style=\"width: 390px\" class=\"wp-caption alignleft\"><a href=\"http:\/\/www.carideal.com\/blog\/wp-content\/uploads\/2008\/12\/peugeot-307-sw-occasion-carideal-8.jpe\"><img loading=\"lazy\" decoding=\"async\" class=\"wp-image-14053 size-full\" title=\"Peugeot 307 SW d'occasion\" src=\"http:\/\/www.carideal.com\/blog\/wp-content\/uploads\/2008\/12\/peugeot-307-sw-occasion-carideal-8.jpe\" alt=\"Peugeot 307 SW d'occasion\" width=\"400\" height=\"300\" srcset=\"https:\/\/www.carideal.com\/blog\/wp-content\/uploads\/2008\/12\/peugeot-307-sw-occasion-carideal-8.jpe 400w, https:\/\/www.carideal.com\/blog\/wp-content\/uploads\/2008\/12\/peugeot-307-sw-occasion-carideal-8-300x225.jpe 300w, https:\/\/www.carideal.com\/blog\/wp-content\/uploads\/2008\/12\/peugeot-307-sw-occasion-carideal-8-110x83.jpe 110w, https:\/\/www.carideal.com\/blog\/wp-content\/uploads\/2008\/12\/peugeot-307-sw-occasion-carideal-8-50x38.jpe 50w\" sizes=\"(max-width: 400px) 100vw, 400px\" \/><\/a><figcaption id=\"caption-attachment-14053\" class=\"wp-caption-text\">Peugeot 307 SW d'occasion<\/figcaption><\/figure>\n<p>La Peugeot 307 SW a \u00e9t\u00e9 lanc\u00e9e sur un march\u00e9 automobile\u00a0assez sceptique en 2002 \u00e0 c\u00f4t\u00e9 de sa soeur la Peugeot 307 Break\u00a0plus conventionnelle. Bien que la berline\u00a0307 ait \u00e9t\u00e9 bien re\u00e7ue, de nombreux clients potentiels ont vu la 307 SW comme la mani\u00e8re de Peugeot de faire un coup rapide dans le march\u00e9 lucratif des mini monospace\u00a0sans avoir d\u00e9velopp\u00e9 un produit sp\u00e9cifiquement. Avec sept si\u00e8ges sur une\u00a0carrosserie de voiture compacte la\u00a0Peugeot 307 SW d'occasion ne sera jamais le candidat le plus pratique face \u00e0 un\u00a0mini\u00a0monospace, mais une voiture d'occasion peut-elle vraiment \u00eatre recommand\u00e9e plus que ses rivalles ? On va le d\u00e9couvrir.<\/p>\n<h2>Mod\u00e8les de Peugeot 307 SW d'occasion<\/h2>\n<p>On peu trouver des Peugeot 30 SW d'occasion \u00e9quip\u00e9es de moteur essence 1.6 et 2.0 Litres, et des diesel 2.0 HDi 90 &amp; HDI 110<\/p>\n<h2>Pourquoi la Peugeot 307 SW ?<\/h2>\n<p>\u00c9tant donn\u00e9 que <a href=\"http:\/\/www.carideal.com\/blog\/marque-de-voiture-actualites-essais\/peugeot\/\">Peugeot<\/a> est une soci\u00e9t\u00e9 s\u0153ur de <a href=\"http:\/\/www.carideal.com\/blog\/marque-de-voiture-actualites-essais\/citroen\/\">Citro\u00ebn<\/a>, les fournisseurs du monospace\u00a0parmi les plus vendu, le <a href=\"http:\/\/www.carideal.com\/blog\/2010\/10\/14\/plus-de-moteur-essence-pour-le-citroen-xsara-picasso\/\">Xsara Picasso<\/a>, leur record de production d'un mini\u00a0monospace n'a pas \u00e9t\u00e9 tout \u00e0 fait stellaire. Oui, le <a href=\"http:\/\/www.carideal.com\/blog\/2008\/08\/15\/peugeot-807-occasion\/\">Peugeot 807<\/a> est un tr\u00e8s bon <a href=\"http:\/\/www.carideal.com\/blog\/2013\/10\/20\/des-grands-monospaces-pas-cheres\/\">grand monospace<\/a>, mais dans le secteur lucratif du march\u00e9 o\u00f9 des voitures comme le Xsara Picasso, le <a href=\"http:\/\/www.carideal.com\/blog\/2013\/09\/01\/que-vaut-le-nouveau-renault-scenic-scenic-restyle\/\">Renault Scenic<\/a> et l'<a href=\"http:\/\/www.carideal.com\/blog\/2011\/05\/31\/opel-zafira-tourer-concept\/\">Opel Zafira<\/a> se vendent comme des petits pains, les produits Peugeot sont remarquables par leur absence. La Peugeot 307 SW a \u00e9t\u00e9 une tentative tardive d'offrir quelque chose d'un peu diff\u00e9rent pour le client qui voulait sept si\u00e8ges, mais sans\u00a0vouloir\u00a0une voiture qui ressemble \u00e0 un bus, et n'ayant pas les besoins d'une\u00a0famille. En tant que tel, la\u00a0Peugeot 307 SW d'occasion avait un certain attrait, offrant un aspect plus \u00abstyle de vie\u00bb et de donner les m\u00eames sensations que de nombreux mini\u00a0monospaces urbains. Au moment du lancement, la gamme se composait de deux versions \u00e0 essence, un 1.6 et un 2.0-litre ainsi que deux mod\u00e8les turbodiesel dans deux puissances\u00a090 ou 110 ch. Bien que les ventes n'aient pas \u00e9t\u00e9 pl\u00e9tore, vous devriez \u00eatre en mesure de retrouver une Peugeot 307 SW d'occasion\u00a0dans le r\u00e9seau de concessionnaires Peugeot \u00e0 un bon prix.<\/p>\n<h2>Pr\u00e9sentation de la Peugeot 307 SW d'occasion<\/h2>\n<figure id=\"attachment_14048\" aria-describedby=\"caption-attachment-14048\" style=\"width: 390px\" class=\"wp-caption alignleft\"><a href=\"http:\/\/www.carideal.com\/blog\/wp-content\/uploads\/2008\/12\/peugeot-307-sw-occasion-carideal-3.jpe\"><img loading=\"lazy\" decoding=\"async\" class=\"wp-image-14048 size-full\" title=\"Empattement rallong\u00e9 pour la Peugeot 307 SW d'occasion\" src=\"http:\/\/www.carideal.com\/blog\/wp-content\/uploads\/2008\/12\/peugeot-307-sw-occasion-carideal-3.jpe\" alt=\"Empattement rallong\u00e9 pour la Peugeot 307 SW d'occasion\" width=\"400\" height=\"300\" srcset=\"https:\/\/www.carideal.com\/blog\/wp-content\/uploads\/2008\/12\/peugeot-307-sw-occasion-carideal-3.jpe 400w, https:\/\/www.carideal.com\/blog\/wp-content\/uploads\/2008\/12\/peugeot-307-sw-occasion-carideal-3-300x225.jpe 300w, https:\/\/www.carideal.com\/blog\/wp-content\/uploads\/2008\/12\/peugeot-307-sw-occasion-carideal-3-110x83.jpe 110w, https:\/\/www.carideal.com\/blog\/wp-content\/uploads\/2008\/12\/peugeot-307-sw-occasion-carideal-3-50x38.jpe 50w\" sizes=\"(max-width: 400px) 100vw, 400px\" \/><\/a><figcaption id=\"caption-attachment-14048\" class=\"wp-caption-text\">Empattement rallong\u00e9 pour la Peugeot 307 SW d'occasion<\/figcaption><\/figure>\n<p>Les 100 mm greff\u00e9s dans l'empattement de la berline\u00a0307 ont donn\u00e9 \u00e0 la voiture un aspect plus \u00e9l\u00e9gant, l'arri\u00e8re allong\u00e9 \u00e9quilibrant la ligne de toit haut de la 307 de mani\u00e8re superbe. Lorsque la Peugeot 307 SW d'occasion est configur\u00e9e en mode cinq si\u00e8ges standard, le 307 SW est essentiellement une basique\u00a0307 break\u00a0avec quelques gadgets de intelligents pour am\u00e9liorer l'ergonomie. Ce qui rend les choses int\u00e9ressantes, c'est quand elle\u00a0est \u00e9quip\u00e9e\u00a0en sept places. L\u00e0, elle\u00a0joue le r\u00f4le de mini\u00a0monospace- ou du moins, c'est l'id\u00e9e. Oui, l'espace pour les sept passagers est admirable mais, comme toutes ces voitures, vous n'aurez nulle part o\u00f9 mettre les bagages de ce passager quand vous l'avez rempli. Cela dit, si vous avez besoin d'un mini\u00a0monospace et que vous n'aimez pas l'image traditionnellement conservatrice\u00a0du genre, cette voiture pourrait avoir\u00a0beaucoup de sens. La\u00a0Peugeot 307 SW d'occasion s'efforce difficilement de vous offrir\u00a0de la polyvalence. Chacun des si\u00e8ges arri\u00e8re sont interchangeables, ce qui signifie qu'il existe un nombre suffisant de possibilit\u00e9 de permutations de si\u00e8ges .<\/p>\n<p>Pour l'espace pour les jambes qui ferait\u00a0honte \u00e0 une <a href=\"http:\/\/www.carideal.com\/blog\/2012\/05\/08\/bentley-exp9f\/\">Bentley<\/a>, il suffit de retirer la rang\u00e9e du milieu de si\u00e8ges ou, si vous avez achet\u00e9 la version \u00e0 cinq portes, d\u00e9placer les trois si\u00e8ges arri\u00e8re arri\u00e8re une rang\u00e9e. Alternativement, vous pouvez enlever\u00a0tous les si\u00e8ges pour lib\u00e9rer 2,082 litres d'espace. Outre le grand pare-brise, apanage de la 307, la SW ajoute \u00e9galement un toit en verre panoramique qui recouvre le conducteur et la premi\u00e8re rang\u00e9e de si\u00e8ges, ce qui rend la troisi\u00e8me rang\u00e9e comme \u00e9tant un ch\u00e2timent pour tout jeune qui a fait des b\u00e9tises une fois de trop. Avec deux niveaux de finition disponibles, Sport\u00a0et Sport pack, la\u00a0Peugeot 307 SW d'occasion int\u00e8gre un certain nombre de caract\u00e9ristiques du style monospace\u00a0et ceux-ci comprennent des rangements\u00a0dans\u00a0les portes avant pour transporter une bouteille de 1,5 litre et des rangements\u00a0coulissants sous les si\u00e8ges.\u00a0Des tablettes repliables sont fix\u00e9es\u00a0sur le dossier des si\u00e8ges avant et il y a des prises de courant 12v auxiliaires pour que les jeunes puissent \u00eatre calmes\u00a0gr\u00e2ce \u00e0 leur\u00a0Nintendo. Avec une telle surface vitr\u00e9e \u00e9norme, il est facile d'imaginer ce que ressent une dinde dans son four\u00a0mais heureusement le syst\u00e8me de climatisation standard est bien \u00e0 la hauteur. La\u00a0Peugeot 307 SW d'occasion dispose m\u00eame d'une bo\u00eete \u00e0 gants climatis\u00e9e pour emp\u00eacher les confiseries de fondre\u00a0et des filets\u00a0dans le\u00a0coffre pour emp\u00e9cher\u00a0les bagages et les courses de se ballader partout dans les virages et les ronds points.<\/p>\n<h2>D\u00e9fauts et qualit\u00e9s<\/h2>\n<p>Aucun d\u00e9faut significatif n'a pas encore \u00e9t\u00e9 signal\u00e9 mais quelques probl\u00e8mes mesquins\u00a0ont \u00e9t\u00e9 recens\u00e9s\u00a0sur les premi\u00e8res voitures. Celles-ci comprenaient un alignement assez in\u00e9gal des panneaux de carrosserie, un tapis int\u00e9rieur qui se d\u00e9tachait facilement et des probl\u00e8mes \u00e9lectriques\u00a0connus pour appara\u00eetre\u00a0bri\u00e8vement avant de dispara\u00eetre\u00a0spontan\u00e9ment. Il faut souligner que ces probl\u00e8mes n'ont affect\u00e9 que le tout premier lot de voitures et Peugeot est convaincu que ces probl\u00e8mes de jeunesse\u00a0ont \u00e9t\u00e9 rapidement \u00e9limin\u00e9s. Sinon, la\u00a0Peugeot 307 SW d'occasion devrait \u00eatre une voiture\u00a0extr\u00eamement s\u00fbr.<\/p>\n<h2>Pi\u00e8ces de rechange co\u00fbt d'entretien<\/h2>\n<p>Les consommables pour une Peugeot\u00a0307 SW d'occasion sont \u00e0 prix raisonnable. Un filtre \u00e0 air est autour de 14 \u20ac\u00a0avec un filtre \u00e0 huile au\u00a0d\u00e9tail \u00e0 environ 21 \u20ac. Les bougies sont \u00e0 13 \u20ac\u00a0chacune avec une courroie de distribution\u00a0revenant \u00e0 50 \u20ac. Le <a href=\"http:\/\/www.carideal.com\/blog\/2014\/04\/04\/entretien-quel-est-le-cout-reel-de-votre-vehicule\/\">co\u00fbt d'entretien de la Peugeot 307 SW<\/a> d'occasion est assez faible, faisant de la voiture une excellente oportunit\u00e9 de rouler avec un faible co\u00fbt au kilom\u00e8tre.<\/p>\n<h2>La Peugeot 307 SW d'occasion \u00e0 conduire<\/h2>\n<figure id=\"attachment_14052\" aria-describedby=\"caption-attachment-14052\" style=\"width: 390px\" class=\"wp-caption alignleft\"><a href=\"http:\/\/www.carideal.com\/blog\/wp-content\/uploads\/2008\/12\/peugeot-307-sw-occasion-carideal-7.jpe\"><img loading=\"lazy\" decoding=\"async\" class=\"wp-image-14052 size-full\" title=\"Trois si\u00e8ges ind\u00e9pendant \u00e0 l'arri\u00e8re de la Peugeot 307 SW d'occasion\" src=\"http:\/\/www.carideal.com\/blog\/wp-content\/uploads\/2008\/12\/peugeot-307-sw-occasion-carideal-7.jpe\" alt=\"Trois si\u00e8ges ind\u00e9pendant \u00e0 l'arri\u00e8re de la Peugeot 307 SW d'occasion\" width=\"400\" height=\"300\" srcset=\"https:\/\/www.carideal.com\/blog\/wp-content\/uploads\/2008\/12\/peugeot-307-sw-occasion-carideal-7.jpe 400w, https:\/\/www.carideal.com\/blog\/wp-content\/uploads\/2008\/12\/peugeot-307-sw-occasion-carideal-7-300x225.jpe 300w, https:\/\/www.carideal.com\/blog\/wp-content\/uploads\/2008\/12\/peugeot-307-sw-occasion-carideal-7-110x83.jpe 110w, https:\/\/www.carideal.com\/blog\/wp-content\/uploads\/2008\/12\/peugeot-307-sw-occasion-carideal-7-50x38.jpe 50w\" sizes=\"(max-width: 400px) 100vw, 400px\" \/><\/a><figcaption id=\"caption-attachment-14052\" class=\"wp-caption-text\">Trois si\u00e8ges ind\u00e9pendant \u00e0 l'arri\u00e8re de la Peugeot 307 SW d'occasion<\/figcaption><\/figure>\n<p>Abandonnez les enfants, les autres animaux, les animaux domestiques et tout objet volant potentiel qui pourrait causer des blessures et la\u00a0peugeot 307 SW d'occasion est \u00e9tonnamment agr\u00e9able \u00e0 conduire. Le volume suppl\u00e9mentaire fait peu pour modifier l'\u00e9quilibre fondamentalement excellent de la 307 SW, tout vous donne la\u00a0sensation de\u00a0souplesse et de facilit\u00e9. Quatre moteurs sont propos\u00e9s; Deux groupes essence et deux motorisations diesel. Aucun des deux moteurs essences 1.6L de 110\u00a0ch ou le 2.0-litre de 138\u00a0ch\u00a0ne semblent ne pas convenir avec la 307 SW, le moteur 2.0-litre \u00e9tant pr\u00e9f\u00e9rable, mais on le sent l\u00e9g\u00e8rement asthmatique quand il faut lui\u00a0demander\u00a0de tracter une voiture compl\u00e8tement charg\u00e9e ce qui laisse les moteur\u00a0diesel loin devant. Les deux sont remarquables. Le 2.0 HDI 90\u00a0ch sera sans doute le moteur le plus vendu de cette SW, bien qu'il soit difficile de ne pas r\u00e9sister \u00e0\u00a0l'envie de la puissance suppl\u00e9mentaire de la version 110 ch, une voiture qui peut toujours atteindre un\u00a0honorable 5.43 L\/100 km. M\u00eame la version diesel de 90 ch\u00a0acc\u00e9l\u00e8re de 80\u00a0\u00e0 110 km\/h\u00a0aussi rapidement qu'une <a href=\"http:\/\/www.carideal.com\/blog\/2010\/03\/21\/renault-clio-gordini-rs\/\">Renault Clio Sport de 172 ch<\/a>. Un facteur qui peut retourner les acheteurs vers la version essence de 1.6 litres est l'option d'une <a href=\"http:\/\/www.carideal.com\/blog\/2010\/05\/28\/la-boite-bmp6-plus-respectueuse-de-lenvironnement\/\">boite automatique<\/a>, bien que dans la pratique les acc\u00e9l\u00e9ration seront encore plus molles. Comme cela conviendrait \u00e0 une voiture familiale, la\u00a0Peugeot 307 SW d'occasion offre une prestation de s\u00e9curit\u00e9 impeccable, \u00e9tant l'une des rares voitures \u00e0 ce prix \u00e0 avoir six airbags en standard. Outre les familiers doubles airbag\u00a0\u00e0 l'avant et sur les\u00a0c\u00f4t\u00e9s, les coussins gonflables rideaux prot\u00e8gent les passagers avant et arri\u00e8re des bris de verre\u00a0et des chocs lat\u00e9raux en cas d'accident. Les appuie-t\u00eates actifs, l'ABS avec r\u00e9partition \u00e9lectronique de la force de freinage, le d\u00e9ploiement automatique des warning\u00a0en cas de freinage important et la\u00a0coupure d'alimentation en carburant font de la Peugeot 307 SW d'occasion un v\u00e9hicule\u00a0impressionnant de\u00a0s\u00e9curit\u00e9 pour la famille.<\/p>\n<figure id=\"attachment_14047\" aria-describedby=\"caption-attachment-14047\" style=\"width: 390px\" class=\"wp-caption alignleft\"><a href=\"http:\/\/www.carideal.com\/blog\/wp-content\/uploads\/2008\/12\/peugeot-307-sw-occasion-carideal-2.jpe\"><img loading=\"lazy\" decoding=\"async\" class=\"wp-image-14047 size-full\" title=\"Grand toit panoramique pour la Peugeot 307 occasion\" src=\"http:\/\/www.carideal.com\/blog\/wp-content\/uploads\/2008\/12\/peugeot-307-sw-occasion-carideal-2.jpe\" alt=\"Grand toit panoramique pour la Peugeot 307 occasion\" width=\"400\" height=\"300\" srcset=\"https:\/\/www.carideal.com\/blog\/wp-content\/uploads\/2008\/12\/peugeot-307-sw-occasion-carideal-2.jpe 400w, https:\/\/www.carideal.com\/blog\/wp-content\/uploads\/2008\/12\/peugeot-307-sw-occasion-carideal-2-300x225.jpe 300w, https:\/\/www.carideal.com\/blog\/wp-content\/uploads\/2008\/12\/peugeot-307-sw-occasion-carideal-2-110x83.jpe 110w, https:\/\/www.carideal.com\/blog\/wp-content\/uploads\/2008\/12\/peugeot-307-sw-occasion-carideal-2-50x38.jpe 50w\" sizes=\"(max-width: 400px) 100vw, 400px\" \/><\/a><figcaption id=\"caption-attachment-14047\" class=\"wp-caption-text\">Grand toit panoramique pour la Peugeot 307 occasion<\/figcaption><\/figure>\n<h2>En r\u00e9sum\u00e9<\/h2>\n<p>La Peugeot 307 SW d'occasion ne gagnera jamais de prix pour la polyvalence, mais si vous avez occasionnellement besoin de sept si\u00e8ges, mais vous ne voulez pas entendre parler\u00a0d'acheter un mini monospace, cette 307 SW est une bonne alternative. Les versions diesel sont pr\u00e9f\u00e9rables, le 110 ch\u00a0\u00e9tant le top de la gamme. La Peugeot 307 SW ne vous p\u00e9nalise pas pour l'option des 7 si\u00e8ges en termes d'ergonomie, mais pas plus que la derni\u00e8re g\u00e9n\u00e9ration de mini monospace, dont la conduite de beaucoup ressemble \u00e0 la conduite d'une voiture. Cette Peugeot 307 SW d'occasion\u00a0vaut la peine qu'on y jette un bon coup d'oeil afin de s'assurer qu'elle correspond \u00e0 vos besoins.<\/p>\n<h2>Achat Peugeot 307 SW d'occasion<\/h2>\n<p>Une belle Peugeot 307 SW d'occasion hdi 90 d'occasion avec la climatisation automatique. Voiture r\u00e9vis\u00e9e et garantie 6 mois. la voiture est visible sur notre parc \u00e0 73000 Bassens<\/p>\n<h2>Vid\u00e9o Peugeot 307 SW occasion<\/h2>\n<p><iframe loading=\"lazy\" src=\"https:\/\/www.youtube.com\/embed\/INw0nNB30g0\" width=\"560\" height=\"315\" frameborder=\"0\" allowfullscreen=\"allowfullscreen\"><\/iframe><\/p>\n<h2>Galerie images Peugeot 307 SW d'occasion<\/h2>\n<div id='gallery-1' class='gallery galleryid-14040 gallery-columns-3 gallery-size-medium'><figure class='gallery-item'>\n\t\t\t<div class='gallery-icon landscape'>\n\t\t\t\t<a href='https:\/\/www.carideal.com\/blog\/2008\/12\/15\/peugeot-307-sw-occasion\/peugeot-307-sw-occasion-carideal\/#main'><img loading=\"lazy\" decoding=\"async\" width=\"300\" height=\"225\" src=\"https:\/\/www.carideal.com\/blog\/wp-content\/uploads\/2008\/12\/peugeot-307-sw-occasion-carideal-300x225.jpg\" class=\"attachment-medium size-medium\" alt=\"Peugeot 307 occasion\" aria-describedby=\"gallery-1-14045\" srcset=\"https:\/\/www.carideal.com\/blog\/wp-content\/uploads\/2008\/12\/peugeot-307-sw-occasion-carideal-300x225.jpg 300w, https:\/\/www.carideal.com\/blog\/wp-content\/uploads\/2008\/12\/peugeot-307-sw-occasion-carideal-768x576.jpg 768w, https:\/\/www.carideal.com\/blog\/wp-content\/uploads\/2008\/12\/peugeot-307-sw-occasion-carideal-110x83.jpg 110w, https:\/\/www.carideal.com\/blog\/wp-content\/uploads\/2008\/12\/peugeot-307-sw-occasion-carideal-420x315.jpg 420w, https:\/\/www.carideal.com\/blog\/wp-content\/uploads\/2008\/12\/peugeot-307-sw-occasion-carideal-573x430.jpg 573w, https:\/\/www.carideal.com\/blog\/wp-content\/uploads\/2008\/12\/peugeot-307-sw-occasion-carideal-50x38.jpg 50w, https:\/\/www.carideal.com\/blog\/wp-content\/uploads\/2008\/12\/peugeot-307-sw-occasion-carideal.jpg 800w\" sizes=\"(max-width: 300px) 100vw, 300px\" \/><\/a>\n\t\t\t<\/div>\n\t\t\t\t<figcaption class='wp-caption-text gallery-caption' id='gallery-1-14045'>\n\t\t\t\tPeugeot 307 occasion\n\t\t\t\t<\/figcaption><\/figure><figure class='gallery-item'>\n\t\t\t<div class='gallery-icon landscape'>\n\t\t\t\t<a href='https:\/\/www.carideal.com\/blog\/2008\/12\/15\/peugeot-307-sw-occasion\/peugeot-307-sw-occasion-carideal-1\/#main'><img loading=\"lazy\" decoding=\"async\" width=\"300\" height=\"225\" src=\"https:\/\/www.carideal.com\/blog\/wp-content\/uploads\/2008\/12\/peugeot-307-sw-occasion-carideal-1-300x225.jpe\" class=\"attachment-medium size-medium\" alt=\"Peugeot 307 occasion\" aria-describedby=\"gallery-1-14046\" srcset=\"https:\/\/www.carideal.com\/blog\/wp-content\/uploads\/2008\/12\/peugeot-307-sw-occasion-carideal-1-300x225.jpe 300w, https:\/\/www.carideal.com\/blog\/wp-content\/uploads\/2008\/12\/peugeot-307-sw-occasion-carideal-1-110x83.jpe 110w, https:\/\/www.carideal.com\/blog\/wp-content\/uploads\/2008\/12\/peugeot-307-sw-occasion-carideal-1-50x38.jpe 50w, https:\/\/www.carideal.com\/blog\/wp-content\/uploads\/2008\/12\/peugeot-307-sw-occasion-carideal-1.jpe 400w\" sizes=\"(max-width: 300px) 100vw, 300px\" \/><\/a>\n\t\t\t<\/div>\n\t\t\t\t<figcaption class='wp-caption-text gallery-caption' id='gallery-1-14046'>\n\t\t\t\tPeugeot 307 occasion\n\t\t\t\t<\/figcaption><\/figure><figure class='gallery-item'>\n\t\t\t<div class='gallery-icon landscape'>\n\t\t\t\t<a href='https:\/\/www.carideal.com\/blog\/2008\/12\/15\/peugeot-307-sw-occasion\/peugeot-307-sw-occasion-carideal-2\/#main'><img loading=\"lazy\" decoding=\"async\" width=\"300\" height=\"225\" src=\"https:\/\/www.carideal.com\/blog\/wp-content\/uploads\/2008\/12\/peugeot-307-sw-occasion-carideal-2-300x225.jpe\" class=\"attachment-medium size-medium\" alt=\"Grand toit panoramique pour la Peugeot 307 occasion\" aria-describedby=\"gallery-1-14047\" srcset=\"https:\/\/www.carideal.com\/blog\/wp-content\/uploads\/2008\/12\/peugeot-307-sw-occasion-carideal-2-300x225.jpe 300w, https:\/\/www.carideal.com\/blog\/wp-content\/uploads\/2008\/12\/peugeot-307-sw-occasion-carideal-2-110x83.jpe 110w, https:\/\/www.carideal.com\/blog\/wp-content\/uploads\/2008\/12\/peugeot-307-sw-occasion-carideal-2-50x38.jpe 50w, https:\/\/www.carideal.com\/blog\/wp-content\/uploads\/2008\/12\/peugeot-307-sw-occasion-carideal-2.jpe 400w\" sizes=\"(max-width: 300px) 100vw, 300px\" \/><\/a>\n\t\t\t<\/div>\n\t\t\t\t<figcaption class='wp-caption-text gallery-caption' id='gallery-1-14047'>\n\t\t\t\tGrand toit panoramique pour la Peugeot 307 occasion\n\t\t\t\t<\/figcaption><\/figure><figure class='gallery-item'>\n\t\t\t<div class='gallery-icon landscape'>\n\t\t\t\t<a href='https:\/\/www.carideal.com\/blog\/2008\/12\/15\/peugeot-307-sw-occasion\/peugeot-307-sw-occasion-carideal-3\/#main'><img loading=\"lazy\" decoding=\"async\" width=\"300\" height=\"225\" src=\"https:\/\/www.carideal.com\/blog\/wp-content\/uploads\/2008\/12\/peugeot-307-sw-occasion-carideal-3-300x225.jpe\" class=\"attachment-medium size-medium\" alt=\"Empattement rallong\u00e9 pour la Peugeot 307 SW d&#039;occasion\" aria-describedby=\"gallery-1-14048\" srcset=\"https:\/\/www.carideal.com\/blog\/wp-content\/uploads\/2008\/12\/peugeot-307-sw-occasion-carideal-3-300x225.jpe 300w, https:\/\/www.carideal.com\/blog\/wp-content\/uploads\/2008\/12\/peugeot-307-sw-occasion-carideal-3-110x83.jpe 110w, https:\/\/www.carideal.com\/blog\/wp-content\/uploads\/2008\/12\/peugeot-307-sw-occasion-carideal-3-50x38.jpe 50w, https:\/\/www.carideal.com\/blog\/wp-content\/uploads\/2008\/12\/peugeot-307-sw-occasion-carideal-3.jpe 400w\" sizes=\"(max-width: 300px) 100vw, 300px\" \/><\/a>\n\t\t\t<\/div>\n\t\t\t\t<figcaption class='wp-caption-text gallery-caption' id='gallery-1-14048'>\n\t\t\t\tEmpattement rallong\u00e9 pour la Peugeot 307 SW d&rsquo;occasion\n\t\t\t\t<\/figcaption><\/figure><figure class='gallery-item'>\n\t\t\t<div class='gallery-icon landscape'>\n\t\t\t\t<a href='https:\/\/www.carideal.com\/blog\/2008\/12\/15\/peugeot-307-sw-occasion\/peugeot-307-sw-occasion-carideal-4\/#main'><img loading=\"lazy\" decoding=\"async\" width=\"300\" height=\"225\" src=\"https:\/\/www.carideal.com\/blog\/wp-content\/uploads\/2008\/12\/peugeot-307-sw-occasion-carideal-4-300x225.jpe\" class=\"attachment-medium size-medium\" alt=\"Ergonomie pour la Peugeot 307 SW d&#039;occasion\" aria-describedby=\"gallery-1-14049\" srcset=\"https:\/\/www.carideal.com\/blog\/wp-content\/uploads\/2008\/12\/peugeot-307-sw-occasion-carideal-4-300x225.jpe 300w, https:\/\/www.carideal.com\/blog\/wp-content\/uploads\/2008\/12\/peugeot-307-sw-occasion-carideal-4-110x83.jpe 110w, https:\/\/www.carideal.com\/blog\/wp-content\/uploads\/2008\/12\/peugeot-307-sw-occasion-carideal-4-50x38.jpe 50w, https:\/\/www.carideal.com\/blog\/wp-content\/uploads\/2008\/12\/peugeot-307-sw-occasion-carideal-4.jpe 400w\" sizes=\"(max-width: 300px) 100vw, 300px\" \/><\/a>\n\t\t\t<\/div>\n\t\t\t\t<figcaption class='wp-caption-text gallery-caption' id='gallery-1-14049'>\n\t\t\t\tErgonomie pour la Peugeot 307 SW d&rsquo;occasion\n\t\t\t\t<\/figcaption><\/figure><figure class='gallery-item'>\n\t\t\t<div class='gallery-icon landscape'>\n\t\t\t\t<a href='https:\/\/www.carideal.com\/blog\/2008\/12\/15\/peugeot-307-sw-occasion\/peugeot-307-sw-occasion-carideal-5\/#main'><img loading=\"lazy\" decoding=\"async\" width=\"300\" height=\"225\" src=\"https:\/\/www.carideal.com\/blog\/wp-content\/uploads\/2008\/12\/peugeot-307-sw-occasion-carideal-5-300x225.jpe\" class=\"attachment-medium size-medium\" alt=\"Tableau de bord Peugeot 307 SW d&#039;occasion\" aria-describedby=\"gallery-1-14050\" srcset=\"https:\/\/www.carideal.com\/blog\/wp-content\/uploads\/2008\/12\/peugeot-307-sw-occasion-carideal-5-300x225.jpe 300w, https:\/\/www.carideal.com\/blog\/wp-content\/uploads\/2008\/12\/peugeot-307-sw-occasion-carideal-5-110x83.jpe 110w, https:\/\/www.carideal.com\/blog\/wp-content\/uploads\/2008\/12\/peugeot-307-sw-occasion-carideal-5-50x38.jpe 50w, https:\/\/www.carideal.com\/blog\/wp-content\/uploads\/2008\/12\/peugeot-307-sw-occasion-carideal-5.jpe 400w\" sizes=\"(max-width: 300px) 100vw, 300px\" \/><\/a>\n\t\t\t<\/div>\n\t\t\t\t<figcaption class='wp-caption-text gallery-caption' id='gallery-1-14050'>\n\t\t\t\tTableau de bord Peugeot 307 SW d&rsquo;occasion\n\t\t\t\t<\/figcaption><\/figure><figure class='gallery-item'>\n\t\t\t<div class='gallery-icon landscape'>\n\t\t\t\t<a href='https:\/\/www.carideal.com\/blog\/2008\/12\/15\/peugeot-307-sw-occasion\/peugeot-307-sw-occasion-carideal-6\/#main'><img loading=\"lazy\" decoding=\"async\" width=\"300\" height=\"225\" src=\"https:\/\/www.carideal.com\/blog\/wp-content\/uploads\/2008\/12\/peugeot-307-sw-occasion-carideal-6-300x225.jpe\" class=\"attachment-medium size-medium\" alt=\"Tableau de bord Peugeot 307 SW d&#039;occasion\" srcset=\"https:\/\/www.carideal.com\/blog\/wp-content\/uploads\/2008\/12\/peugeot-307-sw-occasion-carideal-6-300x225.jpe 300w, https:\/\/www.carideal.com\/blog\/wp-content\/uploads\/2008\/12\/peugeot-307-sw-occasion-carideal-6-110x83.jpe 110w, https:\/\/www.carideal.com\/blog\/wp-content\/uploads\/2008\/12\/peugeot-307-sw-occasion-carideal-6-50x38.jpe 50w, https:\/\/www.carideal.com\/blog\/wp-content\/uploads\/2008\/12\/peugeot-307-sw-occasion-carideal-6.jpe 400w\" sizes=\"(max-width: 300px) 100vw, 300px\" \/><\/a>\n\t\t\t<\/div><\/figure><figure class='gallery-item'>\n\t\t\t<div class='gallery-icon landscape'>\n\t\t\t\t<a href='https:\/\/www.carideal.com\/blog\/2008\/12\/15\/peugeot-307-sw-occasion\/peugeot-307-sw-occasion-carideal-7\/#main'><img loading=\"lazy\" decoding=\"async\" width=\"300\" height=\"225\" src=\"https:\/\/www.carideal.com\/blog\/wp-content\/uploads\/2008\/12\/peugeot-307-sw-occasion-carideal-7-300x225.jpe\" class=\"attachment-medium size-medium\" alt=\"Trois si\u00e8ges ind\u00e9pendant \u00e0 l&#039;arri\u00e8re de la Peugeot 307 SW d&#039;occasion\" aria-describedby=\"gallery-1-14052\" srcset=\"https:\/\/www.carideal.com\/blog\/wp-content\/uploads\/2008\/12\/peugeot-307-sw-occasion-carideal-7-300x225.jpe 300w, https:\/\/www.carideal.com\/blog\/wp-content\/uploads\/2008\/12\/peugeot-307-sw-occasion-carideal-7-110x83.jpe 110w, https:\/\/www.carideal.com\/blog\/wp-content\/uploads\/2008\/12\/peugeot-307-sw-occasion-carideal-7-50x38.jpe 50w, https:\/\/www.carideal.com\/blog\/wp-content\/uploads\/2008\/12\/peugeot-307-sw-occasion-carideal-7.jpe 400w\" sizes=\"(max-width: 300px) 100vw, 300px\" \/><\/a>\n\t\t\t<\/div>\n\t\t\t\t<figcaption class='wp-caption-text gallery-caption' id='gallery-1-14052'>\n\t\t\t\tTrois si\u00e8ges ind\u00e9pendant \u00e0 l&rsquo;arri\u00e8re de la Peugeot 307 SW d&rsquo;occasion\n\t\t\t\t<\/figcaption><\/figure><figure class='gallery-item'>\n\t\t\t<div class='gallery-icon landscape'>\n\t\t\t\t<a href='https:\/\/www.carideal.com\/blog\/2008\/12\/15\/peugeot-307-sw-occasion\/peugeot-307-sw-occasion-carideal-8\/#main'><img loading=\"lazy\" decoding=\"async\" width=\"300\" height=\"225\" src=\"https:\/\/www.carideal.com\/blog\/wp-content\/uploads\/2008\/12\/peugeot-307-sw-occasion-carideal-8-300x225.jpe\" class=\"attachment-medium size-medium\" alt=\"Peugeot 307 SW d&#039;occasion\" aria-describedby=\"gallery-1-14053\" srcset=\"https:\/\/www.carideal.com\/blog\/wp-content\/uploads\/2008\/12\/peugeot-307-sw-occasion-carideal-8-300x225.jpe 300w, https:\/\/www.carideal.com\/blog\/wp-content\/uploads\/2008\/12\/peugeot-307-sw-occasion-carideal-8-110x83.jpe 110w, https:\/\/www.carideal.com\/blog\/wp-content\/uploads\/2008\/12\/peugeot-307-sw-occasion-carideal-8-50x38.jpe 50w, https:\/\/www.carideal.com\/blog\/wp-content\/uploads\/2008\/12\/peugeot-307-sw-occasion-carideal-8.jpe 400w\" sizes=\"(max-width: 300px) 100vw, 300px\" \/><\/a>\n\t\t\t<\/div>\n\t\t\t\t<figcaption class='wp-caption-text gallery-caption' id='gallery-1-14053'>\n\t\t\t\tPeugeot 307 SW d&rsquo;occasion\n\t\t\t\t<\/figcaption><\/figure><figure class='gallery-item'>\n\t\t\t<div class='gallery-icon landscape'>\n\t\t\t\t<a href='https:\/\/www.carideal.com\/blog\/2008\/12\/15\/peugeot-307-sw-occasion\/peugeot-307-sw-occasion-carideal-9\/#main'><img loading=\"lazy\" decoding=\"async\" width=\"300\" height=\"225\" src=\"https:\/\/www.carideal.com\/blog\/wp-content\/uploads\/2008\/12\/peugeot-307-sw-occasion-carideal-9-300x225.jpe\" class=\"attachment-medium size-medium\" alt=\"Peugeot 307 SW d&#039;occasion\" aria-describedby=\"gallery-1-14054\" srcset=\"https:\/\/www.carideal.com\/blog\/wp-content\/uploads\/2008\/12\/peugeot-307-sw-occasion-carideal-9-300x225.jpe 300w, https:\/\/www.carideal.com\/blog\/wp-content\/uploads\/2008\/12\/peugeot-307-sw-occasion-carideal-9-110x83.jpe 110w, https:\/\/www.carideal.com\/blog\/wp-content\/uploads\/2008\/12\/peugeot-307-sw-occasion-carideal-9-50x38.jpe 50w, https:\/\/www.carideal.com\/blog\/wp-content\/uploads\/2008\/12\/peugeot-307-sw-occasion-carideal-9.jpe 400w\" sizes=\"(max-width: 300px) 100vw, 300px\" \/><\/a>\n\t\t\t<\/div>\n\t\t\t\t<figcaption class='wp-caption-text gallery-caption' id='gallery-1-14054'>\n\t\t\t\tPeugeot 307 SW d&rsquo;occasion\n\t\t\t\t<\/figcaption><\/figure><figure class='gallery-item'>\n\t\t\t<div class='gallery-icon landscape'>\n\t\t\t\t<a href='https:\/\/www.carideal.com\/blog\/2008\/12\/15\/peugeot-307-sw-occasion\/peugeot-307-sw-occasion-carideal-10\/#main'><img loading=\"lazy\" decoding=\"async\" width=\"300\" height=\"225\" src=\"https:\/\/www.carideal.com\/blog\/wp-content\/uploads\/2008\/12\/peugeot-307-sw-occasion-carideal-10-300x225.jpe\" class=\"attachment-medium size-medium\" alt=\"Peugeot 307 SW d&#039;occasion\" aria-describedby=\"gallery-1-14055\" srcset=\"https:\/\/www.carideal.com\/blog\/wp-content\/uploads\/2008\/12\/peugeot-307-sw-occasion-carideal-10-300x225.jpe 300w, https:\/\/www.carideal.com\/blog\/wp-content\/uploads\/2008\/12\/peugeot-307-sw-occasion-carideal-10-110x83.jpe 110w, https:\/\/www.carideal.com\/blog\/wp-content\/uploads\/2008\/12\/peugeot-307-sw-occasion-carideal-10-50x38.jpe 50w, https:\/\/www.carideal.com\/blog\/wp-content\/uploads\/2008\/12\/peugeot-307-sw-occasion-carideal-10.jpe 400w\" sizes=\"(max-width: 300px) 100vw, 300px\" \/><\/a>\n\t\t\t<\/div>\n\t\t\t\t<figcaption class='wp-caption-text gallery-caption' id='gallery-1-14055'>\n\t\t\t\tPeugeot 307 SW d&rsquo;occasion\n\t\t\t\t<\/figcaption><\/figure><figure class='gallery-item'>\n\t\t\t<div class='gallery-icon landscape'>\n\t\t\t\t<a href='https:\/\/www.carideal.com\/blog\/2008\/12\/15\/peugeot-307-sw-occasion\/peugeot-307-sw-occasion-carideal-11\/#main'><img loading=\"lazy\" decoding=\"async\" width=\"300\" height=\"225\" src=\"https:\/\/www.carideal.com\/blog\/wp-content\/uploads\/2008\/12\/peugeot-307-sw-occasion-carideal-11-300x225.jpe\" class=\"attachment-medium size-medium\" alt=\"\" aria-describedby=\"gallery-1-14056\" srcset=\"https:\/\/www.carideal.com\/blog\/wp-content\/uploads\/2008\/12\/peugeot-307-sw-occasion-carideal-11-300x225.jpe 300w, https:\/\/www.carideal.com\/blog\/wp-content\/uploads\/2008\/12\/peugeot-307-sw-occasion-carideal-11-110x83.jpe 110w, https:\/\/www.carideal.com\/blog\/wp-content\/uploads\/2008\/12\/peugeot-307-sw-occasion-carideal-11-50x38.jpe 50w, https:\/\/www.carideal.com\/blog\/wp-content\/uploads\/2008\/12\/peugeot-307-sw-occasion-carideal-11.jpe 400w\" sizes=\"(max-width: 300px) 100vw, 300px\" \/><\/a>\n\t\t\t<\/div>\n\t\t\t\t<figcaption class='wp-caption-text gallery-caption' id='gallery-1-14056'>\n\t\t\t\tPeugeot 307 SW d&rsquo;occasion\n\t\t\t\t<\/figcaption><\/figure>\n\t\t<\/div>\n\n","protected":false},"excerpt":{"rendered":"<p>Peugeot 307 SW\u00a0d&rsquo;occasion, ses motorisations, ses qualit\u00e9s, ses d\u00e9fauts Pr\u00e9sentation de la Peugeot 307 SW d&rsquo;occasion La Peugeot 307 SW a \u00e9t\u00e9 lanc\u00e9e sur un march\u00e9 automobile\u00a0assez sceptique en 2002 \u00e0 c\u00f4t\u00e9 de sa soeur la Peugeot 307 Break\u00a0plus conventionnelle. Bien que la berline\u00a0307 ait \u00e9t\u00e9 bien re\u00e7ue, de nombreux clients potentiels ont vu la &#8230; <a title=\"Peugeot 307 SW occasion &#8211; Pr\u00e9sentation\" class=\"read-more\" href=\"https:\/\/www.carideal.com\/blog\/2008\/12\/15\/peugeot-307-sw-occasion\/\" aria-label=\"En savoir plus sur Peugeot 307 SW occasion &#8211; Pr\u00e9sentation\">Lire plus<\/a><\/p>\n","protected":false},"author":3,"featured_media":14045,"comment_status":"open","ping_status":"open","sticky":false,"template":"","format":"standard","meta":{"_uag_custom_page_level_css":"","_themeisle_gutenberg_block_has_review":false,"footnotes":""},"categories":[5946,6013,6025,5948,5974],"tags":[],"class_list":["post-14040","post","type-post","status-publish","format-standard","has-post-thumbnail","hentry","category-peugeot","category-break","category-occasion-type-de-vehicule-type-de-vehicule","category-peugeot-essai","category-type-de-vehicule"],"wppr_data":{"cwp_meta_box_check":"No"},"yoast_head":"<!-- This site is optimized with the Yoast SEO plugin v24.8.1 - https:\/\/yoast.com\/wordpress\/plugins\/seo\/ -->\n<title>Peugeot 307 SW occasion - Pr\u00e9sentation - Blog auto Carid\u00e9al<\/title>\n<meta name=\"description\" content=\"Avec sept si\u00e8ges sur une carrosserie de voiture compacte la Peugeot 307 SW d&#039;occasion ne sera jamais le candidat le plus pratique face \u00e0 un mini monospace..\" \/>\n<meta name=\"robots\" content=\"index, follow, max-snippet:-1, max-image-preview:large, max-video-preview:-1\" \/>\n<link rel=\"canonical\" href=\"https:\/\/www.carideal.com\/blog\/2008\/12\/15\/peugeot-307-sw-occasion\/\" \/>\n<meta property=\"og:locale\" content=\"fr_FR\" \/>\n<meta property=\"og:type\" content=\"article\" \/>\n<meta property=\"og:title\" content=\"Peugeot 307 SW occasion - Pr\u00e9sentation - Blog auto Carid\u00e9al\" \/>\n<meta property=\"og:description\" content=\"Avec sept si\u00e8ges sur une carrosserie de voiture compacte la Peugeot 307 SW d&#039;occasion ne sera jamais le candidat le plus pratique face \u00e0 un mini monospace..\" \/>\n<meta property=\"og:url\" content=\"https:\/\/www.carideal.com\/blog\/2008\/12\/15\/peugeot-307-sw-occasion\/\" \/>\n<meta property=\"og:site_name\" content=\"Blog auto Carid\u00e9al\" \/>\n<meta property=\"article:publisher\" content=\"https:\/\/www.facebook.com\/Carideal.mandataire.automobile\" \/>\n<meta property=\"article:author\" content=\"https:\/\/www.facebook.com\/nicolas.schiavon.39\" \/>\n<meta property=\"article:published_time\" content=\"2008-12-15T13:40:18+00:00\" \/>\n<meta property=\"article:modified_time\" content=\"2020-03-09T05:42:37+00:00\" \/>\n<meta property=\"og:image\" content=\"https:\/\/www.carideal.com\/blog\/wp-content\/uploads\/2008\/12\/peugeot-307-sw-occasion-carideal.jpg\" \/>\n\t<meta property=\"og:image:width\" content=\"800\" \/>\n\t<meta property=\"og:image:height\" content=\"600\" \/>\n\t<meta property=\"og:image:type\" content=\"image\/jpeg\" \/>\n<meta name=\"author\" content=\"Nicolas SCHIAVON\" \/>\n<meta name=\"twitter:card\" content=\"summary_large_image\" \/>\n<meta name=\"twitter:creator\" content=\"@caridealauto\" \/>\n<meta name=\"twitter:site\" content=\"@caridealauto\" \/>\n<meta name=\"twitter:label1\" content=\"\u00c9crit par\" \/>\n\t<meta name=\"twitter:data1\" content=\"Nicolas SCHIAVON\" \/>\n\t<meta name=\"twitter:label2\" content=\"Dur\u00e9e de lecture estim\u00e9e\" \/>\n\t<meta name=\"twitter:data2\" content=\"8 minutes\" \/>\n<script type=\"application\/ld+json\" class=\"yoast-schema-graph\">{\"@context\":\"https:\/\/schema.org\",\"@graph\":[{\"@type\":\"Article\",\"@id\":\"https:\/\/www.carideal.com\/blog\/2008\/12\/15\/peugeot-307-sw-occasion\/#article\",\"isPartOf\":{\"@id\":\"https:\/\/www.carideal.com\/blog\/2008\/12\/15\/peugeot-307-sw-occasion\/\"},\"author\":{\"name\":\"Nicolas SCHIAVON\",\"@id\":\"https:\/\/www.carideal.com\/blog\/#\/schema\/person\/cd95dc7919660de90d31b366f85be1ec\"},\"headline\":\"Peugeot 307 SW occasion &#8211; Pr\u00e9sentation\",\"datePublished\":\"2008-12-15T13:40:18+00:00\",\"dateModified\":\"2020-03-09T05:42:37+00:00\",\"mainEntityOfPage\":{\"@id\":\"https:\/\/www.carideal.com\/blog\/2008\/12\/15\/peugeot-307-sw-occasion\/\"},\"wordCount\":1570,\"commentCount\":0,\"publisher\":{\"@id\":\"https:\/\/www.carideal.com\/blog\/#organization\"},\"image\":{\"@id\":\"https:\/\/www.carideal.com\/blog\/2008\/12\/15\/peugeot-307-sw-occasion\/#primaryimage\"},\"thumbnailUrl\":\"https:\/\/www.carideal.com\/blog\/wp-content\/uploads\/2008\/12\/peugeot-307-sw-occasion-carideal.jpg\",\"articleSection\":[\"Actualit\u00e9 Peugeot\",\"Break\",\"Essai Voiture Occasion\",\"Essais Peugeot\",\"Type de v\u00e9hicule\"],\"inLanguage\":\"fr-FR\",\"potentialAction\":[{\"@type\":\"CommentAction\",\"name\":\"Comment\",\"target\":[\"https:\/\/www.carideal.com\/blog\/2008\/12\/15\/peugeot-307-sw-occasion\/#respond\"]}]},{\"@type\":\"WebPage\",\"@id\":\"https:\/\/www.carideal.com\/blog\/2008\/12\/15\/peugeot-307-sw-occasion\/\",\"url\":\"https:\/\/www.carideal.com\/blog\/2008\/12\/15\/peugeot-307-sw-occasion\/\",\"name\":\"Peugeot 307 SW occasion - Pr\u00e9sentation - Blog auto Carid\u00e9al\",\"isPartOf\":{\"@id\":\"https:\/\/www.carideal.com\/blog\/#website\"},\"primaryImageOfPage\":{\"@id\":\"https:\/\/www.carideal.com\/blog\/2008\/12\/15\/peugeot-307-sw-occasion\/#primaryimage\"},\"image\":{\"@id\":\"https:\/\/www.carideal.com\/blog\/2008\/12\/15\/peugeot-307-sw-occasion\/#primaryimage\"},\"thumbnailUrl\":\"https:\/\/www.carideal.com\/blog\/wp-content\/uploads\/2008\/12\/peugeot-307-sw-occasion-carideal.jpg\",\"datePublished\":\"2008-12-15T13:40:18+00:00\",\"dateModified\":\"2020-03-09T05:42:37+00:00\",\"description\":\"Avec sept si\u00e8ges sur une carrosserie de voiture compacte la Peugeot 307 SW d'occasion ne sera jamais le candidat le plus pratique face \u00e0 un mini monospace..\",\"breadcrumb\":{\"@id\":\"https:\/\/www.carideal.com\/blog\/2008\/12\/15\/peugeot-307-sw-occasion\/#breadcrumb\"},\"inLanguage\":\"fr-FR\",\"potentialAction\":[{\"@type\":\"ReadAction\",\"target\":[\"https:\/\/www.carideal.com\/blog\/2008\/12\/15\/peugeot-307-sw-occasion\/\"]}]},{\"@type\":\"ImageObject\",\"inLanguage\":\"fr-FR\",\"@id\":\"https:\/\/www.carideal.com\/blog\/2008\/12\/15\/peugeot-307-sw-occasion\/#primaryimage\",\"url\":\"https:\/\/www.carideal.com\/blog\/wp-content\/uploads\/2008\/12\/peugeot-307-sw-occasion-carideal.jpg\",\"contentUrl\":\"https:\/\/www.carideal.com\/blog\/wp-content\/uploads\/2008\/12\/peugeot-307-sw-occasion-carideal.jpg\",\"width\":800,\"height\":600,\"caption\":\"Peugeot 307 occasion\"},{\"@type\":\"BreadcrumbList\",\"@id\":\"https:\/\/www.carideal.com\/blog\/2008\/12\/15\/peugeot-307-sw-occasion\/#breadcrumb\",\"itemListElement\":[{\"@type\":\"ListItem\",\"position\":1,\"name\":\"Blog Carid\u00e9al\",\"item\":\"https:\/\/www.carideal.com\/blog\/\"},{\"@type\":\"ListItem\",\"position\":2,\"name\":\"Type de v\u00e9hicule\",\"item\":\"https:\/\/www.carideal.com\/blog\/type-de-vehicule\/\"},{\"@type\":\"ListItem\",\"position\":3,\"name\":\"Essai Voiture Occasion\",\"item\":\"https:\/\/www.carideal.com\/blog\/type-de-vehicule\/occasion-type-de-vehicule-type-de-vehicule\/\"},{\"@type\":\"ListItem\",\"position\":4,\"name\":\"Peugeot 307 SW occasion &#8211; Pr\u00e9sentation\"}]},{\"@type\":\"WebSite\",\"@id\":\"https:\/\/www.carideal.com\/blog\/#website\",\"url\":\"https:\/\/www.carideal.com\/blog\/\",\"name\":\"Blog auto Carid\u00e9al\",\"description\":\"Actualit\u00e9 auto par des passionn\u00e9s\",\"publisher\":{\"@id\":\"https:\/\/www.carideal.com\/blog\/#organization\"},\"potentialAction\":[{\"@type\":\"SearchAction\",\"target\":{\"@type\":\"EntryPoint\",\"urlTemplate\":\"https:\/\/www.carideal.com\/blog\/?s={search_term_string}\"},\"query-input\":{\"@type\":\"PropertyValueSpecification\",\"valueRequired\":true,\"valueName\":\"search_term_string\"}}],\"inLanguage\":\"fr-FR\"},{\"@type\":\"Organization\",\"@id\":\"https:\/\/www.carideal.com\/blog\/#organization\",\"name\":\"Carideal\",\"url\":\"https:\/\/www.carideal.com\/blog\/\",\"logo\":{\"@type\":\"ImageObject\",\"inLanguage\":\"fr-FR\",\"@id\":\"https:\/\/www.carideal.com\/blog\/#\/schema\/logo\/image\/\",\"url\":\"http:\/\/www.carideal.com\/blog\/wp-content\/uploads\/2016\/03\/logo-carideal-mandataire-automobile.png\",\"contentUrl\":\"http:\/\/www.carideal.com\/blog\/wp-content\/uploads\/2016\/03\/logo-carideal-mandataire-automobile.png\",\"width\":300,\"height\":300,\"caption\":\"Carideal\"},\"image\":{\"@id\":\"https:\/\/www.carideal.com\/blog\/#\/schema\/logo\/image\/\"},\"sameAs\":[\"https:\/\/www.facebook.com\/Carideal.mandataire.automobile\",\"https:\/\/x.com\/caridealauto\",\"https:\/\/www.instagram.com\/carideal1\/\",\"https:\/\/www.linkedin.com\/company\/carideal.com\",\"https:\/\/fr.pinterest.com\/schiavonsas\/\",\"https:\/\/www.youtube.com\/user\/caridealsas\"]},{\"@type\":\"Person\",\"@id\":\"https:\/\/www.carideal.com\/blog\/#\/schema\/person\/cd95dc7919660de90d31b366f85be1ec\",\"name\":\"Nicolas SCHIAVON\",\"image\":{\"@type\":\"ImageObject\",\"inLanguage\":\"fr-FR\",\"@id\":\"https:\/\/www.carideal.com\/blog\/#\/schema\/person\/image\/\",\"url\":\"https:\/\/secure.gravatar.com\/avatar\/c17e55009e671d92cc7f5dc837dc418a?s=96&r=g\",\"contentUrl\":\"https:\/\/secure.gravatar.com\/avatar\/c17e55009e671d92cc7f5dc837dc418a?s=96&r=g\",\"caption\":\"Nicolas SCHIAVON\"},\"description\":\"Nicolas Schiavon est tomb\u00e9 tout petit dans la marmite automobile. Ayant eu un garage de marque automobile, mandataire automobile de la premi\u00e8re heure d\u00e8s 1999. Nicolas a cr\u00e9\u00e9 ces premiers sites de vente de voiture et blog automobile d\u00e8s 1994. Carideal est n\u00e9 le 15 d\u00e9cembre 2000 de la volont\u00e9 de vendre des voitures d'occasions en ligne puis des voitures neuves. Il a pu essayer beaucoup de voitures tr\u00e8s diff\u00e9rentes et ayant eu personnellement quelques belles autos, Subaru Impreza, Mitsubishi Lancer Evo 7, Porsche 911, Ferrari Testarrossa, Audi RS3, RS4 et j'en passe...\",\"sameAs\":[\"http:\/\/www.carideal.com\",\"https:\/\/www.facebook.com\/nicolas.schiavon.39\",\"https:\/\/www.instagram.com\/carideal1\/\",\"https:\/\/www.linkedin.com\/in\/nschiavon\/\",\"https:\/\/x.com\/caridealauto\",\"https:\/\/www.youtube.com\/user\/caridealsas\/\"],\"url\":\"https:\/\/www.carideal.com\/blog\/author\/nschiavon\/\"}]}<\/script>\n<!-- \/ Yoast SEO plugin. -->","yoast_head_json":{"title":"Peugeot 307 SW occasion - Pr\u00e9sentation - Blog auto Carid\u00e9al","description":"Avec sept si\u00e8ges sur une carrosserie de voiture compacte la Peugeot 307 SW d'occasion ne sera jamais le candidat le plus pratique face \u00e0 un mini monospace..","robots":{"index":"index","follow":"follow","max-snippet":"max-snippet:-1","max-image-preview":"max-image-preview:large","max-video-preview":"max-video-preview:-1"},"canonical":"https:\/\/www.carideal.com\/blog\/2008\/12\/15\/peugeot-307-sw-occasion\/","og_locale":"fr_FR","og_type":"article","og_title":"Peugeot 307 SW occasion - Pr\u00e9sentation - Blog auto Carid\u00e9al","og_description":"Avec sept si\u00e8ges sur une carrosserie de voiture compacte la Peugeot 307 SW d'occasion ne sera jamais le candidat le plus pratique face \u00e0 un mini monospace..","og_url":"https:\/\/www.carideal.com\/blog\/2008\/12\/15\/peugeot-307-sw-occasion\/","og_site_name":"Blog auto Carid\u00e9al","article_publisher":"https:\/\/www.facebook.com\/Carideal.mandataire.automobile","article_author":"https:\/\/www.facebook.com\/nicolas.schiavon.39","article_published_time":"2008-12-15T13:40:18+00:00","article_modified_time":"2020-03-09T05:42:37+00:00","og_image":[{"width":800,"height":600,"url":"https:\/\/www.carideal.com\/blog\/wp-content\/uploads\/2008\/12\/peugeot-307-sw-occasion-carideal.jpg","type":"image\/jpeg"}],"author":"Nicolas SCHIAVON","twitter_card":"summary_large_image","twitter_creator":"@caridealauto","twitter_site":"@caridealauto","twitter_misc":{"\u00c9crit par":"Nicolas SCHIAVON","Dur\u00e9e de lecture estim\u00e9e":"8 minutes"},"schema":{"@context":"https:\/\/schema.org","@graph":[{"@type":"Article","@id":"https:\/\/www.carideal.com\/blog\/2008\/12\/15\/peugeot-307-sw-occasion\/#article","isPartOf":{"@id":"https:\/\/www.carideal.com\/blog\/2008\/12\/15\/peugeot-307-sw-occasion\/"},"author":{"name":"Nicolas SCHIAVON","@id":"https:\/\/www.carideal.com\/blog\/#\/schema\/person\/cd95dc7919660de90d31b366f85be1ec"},"headline":"Peugeot 307 SW occasion &#8211; Pr\u00e9sentation","datePublished":"2008-12-15T13:40:18+00:00","dateModified":"2020-03-09T05:42:37+00:00","mainEntityOfPage":{"@id":"https:\/\/www.carideal.com\/blog\/2008\/12\/15\/peugeot-307-sw-occasion\/"},"wordCount":1570,"commentCount":0,"publisher":{"@id":"https:\/\/www.carideal.com\/blog\/#organization"},"image":{"@id":"https:\/\/www.carideal.com\/blog\/2008\/12\/15\/peugeot-307-sw-occasion\/#primaryimage"},"thumbnailUrl":"https:\/\/www.carideal.com\/blog\/wp-content\/uploads\/2008\/12\/peugeot-307-sw-occasion-carideal.jpg","articleSection":["Actualit\u00e9 Peugeot","Break","Essai Voiture Occasion","Essais Peugeot","Type de v\u00e9hicule"],"inLanguage":"fr-FR","potentialAction":[{"@type":"CommentAction","name":"Comment","target":["https:\/\/www.carideal.com\/blog\/2008\/12\/15\/peugeot-307-sw-occasion\/#respond"]}]},{"@type":"WebPage","@id":"https:\/\/www.carideal.com\/blog\/2008\/12\/15\/peugeot-307-sw-occasion\/","url":"https:\/\/www.carideal.com\/blog\/2008\/12\/15\/peugeot-307-sw-occasion\/","name":"Peugeot 307 SW occasion - Pr\u00e9sentation - Blog auto Carid\u00e9al","isPartOf":{"@id":"https:\/\/www.carideal.com\/blog\/#website"},"primaryImageOfPage":{"@id":"https:\/\/www.carideal.com\/blog\/2008\/12\/15\/peugeot-307-sw-occasion\/#primaryimage"},"image":{"@id":"https:\/\/www.carideal.com\/blog\/2008\/12\/15\/peugeot-307-sw-occasion\/#primaryimage"},"thumbnailUrl":"https:\/\/www.carideal.com\/blog\/wp-content\/uploads\/2008\/12\/peugeot-307-sw-occasion-carideal.jpg","datePublished":"2008-12-15T13:40:18+00:00","dateModified":"2020-03-09T05:42:37+00:00","description":"Avec sept si\u00e8ges sur une carrosserie de voiture compacte la Peugeot 307 SW d'occasion ne sera jamais le candidat le plus pratique face \u00e0 un mini monospace..","breadcrumb":{"@id":"https:\/\/www.carideal.com\/blog\/2008\/12\/15\/peugeot-307-sw-occasion\/#breadcrumb"},"inLanguage":"fr-FR","potentialAction":[{"@type":"ReadAction","target":["https:\/\/www.carideal.com\/blog\/2008\/12\/15\/peugeot-307-sw-occasion\/"]}]},{"@type":"ImageObject","inLanguage":"fr-FR","@id":"https:\/\/www.carideal.com\/blog\/2008\/12\/15\/peugeot-307-sw-occasion\/#primaryimage","url":"https:\/\/www.carideal.com\/blog\/wp-content\/uploads\/2008\/12\/peugeot-307-sw-occasion-carideal.jpg","contentUrl":"https:\/\/www.carideal.com\/blog\/wp-content\/uploads\/2008\/12\/peugeot-307-sw-occasion-carideal.jpg","width":800,"height":600,"caption":"Peugeot 307 occasion"},{"@type":"BreadcrumbList","@id":"https:\/\/www.carideal.com\/blog\/2008\/12\/15\/peugeot-307-sw-occasion\/#breadcrumb","itemListElement":[{"@type":"ListItem","position":1,"name":"Blog Carid\u00e9al","item":"https:\/\/www.carideal.com\/blog\/"},{"@type":"ListItem","position":2,"name":"Type de v\u00e9hicule","item":"https:\/\/www.carideal.com\/blog\/type-de-vehicule\/"},{"@type":"ListItem","position":3,"name":"Essai Voiture Occasion","item":"https:\/\/www.carideal.com\/blog\/type-de-vehicule\/occasion-type-de-vehicule-type-de-vehicule\/"},{"@type":"ListItem","position":4,"name":"Peugeot 307 SW occasion &#8211; Pr\u00e9sentation"}]},{"@type":"WebSite","@id":"https:\/\/www.carideal.com\/blog\/#website","url":"https:\/\/www.carideal.com\/blog\/","name":"Blog auto Carid\u00e9al","description":"Actualit\u00e9 auto par des passionn\u00e9s","publisher":{"@id":"https:\/\/www.carideal.com\/blog\/#organization"},"potentialAction":[{"@type":"SearchAction","target":{"@type":"EntryPoint","urlTemplate":"https:\/\/www.carideal.com\/blog\/?s={search_term_string}"},"query-input":{"@type":"PropertyValueSpecification","valueRequired":true,"valueName":"search_term_string"}}],"inLanguage":"fr-FR"},{"@type":"Organization","@id":"https:\/\/www.carideal.com\/blog\/#organization","name":"Carideal","url":"https:\/\/www.carideal.com\/blog\/","logo":{"@type":"ImageObject","inLanguage":"fr-FR","@id":"https:\/\/www.carideal.com\/blog\/#\/schema\/logo\/image\/","url":"http:\/\/www.carideal.com\/blog\/wp-content\/uploads\/2016\/03\/logo-carideal-mandataire-automobile.png","contentUrl":"http:\/\/www.carideal.com\/blog\/wp-content\/uploads\/2016\/03\/logo-carideal-mandataire-automobile.png","width":300,"height":300,"caption":"Carideal"},"image":{"@id":"https:\/\/www.carideal.com\/blog\/#\/schema\/logo\/image\/"},"sameAs":["https:\/\/www.facebook.com\/Carideal.mandataire.automobile","https:\/\/x.com\/caridealauto","https:\/\/www.instagram.com\/carideal1\/","https:\/\/www.linkedin.com\/company\/carideal.com","https:\/\/fr.pinterest.com\/schiavonsas\/","https:\/\/www.youtube.com\/user\/caridealsas"]},{"@type":"Person","@id":"https:\/\/www.carideal.com\/blog\/#\/schema\/person\/cd95dc7919660de90d31b366f85be1ec","name":"Nicolas SCHIAVON","image":{"@type":"ImageObject","inLanguage":"fr-FR","@id":"https:\/\/www.carideal.com\/blog\/#\/schema\/person\/image\/","url":"https:\/\/secure.gravatar.com\/avatar\/c17e55009e671d92cc7f5dc837dc418a?s=96&r=g","contentUrl":"https:\/\/secure.gravatar.com\/avatar\/c17e55009e671d92cc7f5dc837dc418a?s=96&r=g","caption":"Nicolas SCHIAVON"},"description":"Nicolas Schiavon est tomb\u00e9 tout petit dans la marmite automobile. Ayant eu un garage de marque automobile, mandataire automobile de la premi\u00e8re heure d\u00e8s 1999. Nicolas a cr\u00e9\u00e9 ces premiers sites de vente de voiture et blog automobile d\u00e8s 1994. Carideal est n\u00e9 le 15 d\u00e9cembre 2000 de la volont\u00e9 de vendre des voitures d'occasions en ligne puis des voitures neuves. Il a pu essayer beaucoup de voitures tr\u00e8s diff\u00e9rentes et ayant eu personnellement quelques belles autos, Subaru Impreza, Mitsubishi Lancer Evo 7, Porsche 911, Ferrari Testarrossa, Audi RS3, RS4 et j'en passe...","sameAs":["http:\/\/www.carideal.com","https:\/\/www.facebook.com\/nicolas.schiavon.39","https:\/\/www.instagram.com\/carideal1\/","https:\/\/www.linkedin.com\/in\/nschiavon\/","https:\/\/x.com\/caridealauto","https:\/\/www.youtube.com\/user\/caridealsas\/"],"url":"https:\/\/www.carideal.com\/blog\/author\/nschiavon\/"}]}},"uagb_featured_image_src":{"full":["https:\/\/www.carideal.com\/blog\/wp-content\/uploads\/2008\/12\/peugeot-307-sw-occasion-carideal.jpg",800,600,false],"thumbnail":["https:\/\/www.carideal.com\/blog\/wp-content\/uploads\/2008\/12\/peugeot-307-sw-occasion-carideal-150x150.jpg",150,150,true],"medium":["https:\/\/www.carideal.com\/blog\/wp-content\/uploads\/2008\/12\/peugeot-307-sw-occasion-carideal-300x225.jpg",300,225,true],"medium_large":["https:\/\/www.carideal.com\/blog\/wp-content\/uploads\/2008\/12\/peugeot-307-sw-occasion-carideal-768x576.jpg",768,576,true],"large":["https:\/\/www.carideal.com\/blog\/wp-content\/uploads\/2008\/12\/peugeot-307-sw-occasion-carideal.jpg",800,600,false],"1536x1536":["https:\/\/www.carideal.com\/blog\/wp-content\/uploads\/2008\/12\/peugeot-307-sw-occasion-carideal.jpg",800,600,false],"2048x2048":["https:\/\/www.carideal.com\/blog\/wp-content\/uploads\/2008\/12\/peugeot-307-sw-occasion-carideal.jpg",800,600,false],"wppr-widget":["https:\/\/www.carideal.com\/blog\/wp-content\/uploads\/2008\/12\/peugeot-307-sw-occasion-carideal.jpg",50,38,false]},"uagb_author_info":{"display_name":"Nicolas SCHIAVON","author_link":"https:\/\/www.carideal.com\/blog\/author\/nschiavon\/"},"uagb_comment_info":2,"uagb_excerpt":"Peugeot 307 SW\u00a0d'occasion, ses motorisations, ses qualit\u00e9s, ses d\u00e9fauts Pr\u00e9sentation de la Peugeot 307 SW d'occasion La Peugeot 307 SW a \u00e9t\u00e9 lanc\u00e9e sur un march\u00e9 automobile\u00a0assez sceptique en 2002 \u00e0 c\u00f4t\u00e9 de sa soeur la Peugeot 307 Break\u00a0plus conventionnelle. Bien que la berline\u00a0307 ait \u00e9t\u00e9 bien re\u00e7ue, de nombreux clients potentiels ont vu la\u2026","_links":{"self":[{"href":"https:\/\/www.carideal.com\/blog\/wp-json\/wp\/v2\/posts\/14040"}],"collection":[{"href":"https:\/\/www.carideal.com\/blog\/wp-json\/wp\/v2\/posts"}],"about":[{"href":"https:\/\/www.carideal.com\/blog\/wp-json\/wp\/v2\/types\/post"}],"author":[{"embeddable":true,"href":"https:\/\/www.carideal.com\/blog\/wp-json\/wp\/v2\/users\/3"}],"replies":[{"embeddable":true,"href":"https:\/\/www.carideal.com\/blog\/wp-json\/wp\/v2\/comments?post=14040"}],"version-history":[{"count":0,"href":"https:\/\/www.carideal.com\/blog\/wp-json\/wp\/v2\/posts\/14040\/revisions"}],"wp:featuredmedia":[{"embeddable":true,"href":"https:\/\/www.carideal.com\/blog\/wp-json\/wp\/v2\/media\/14045"}],"wp:attachment":[{"href":"https:\/\/www.carideal.com\/blog\/wp-json\/wp\/v2\/media?parent=14040"}],"wp:term":[{"taxonomy":"category","embeddable":true,"href":"https:\/\/www.carideal.com\/blog\/wp-json\/wp\/v2\/categories?post=14040"},{"taxonomy":"post_tag","embeddable":true,"href":"https:\/\/www.carideal.com\/blog\/wp-json\/wp\/v2\/tags?post=14040"}],"curies":[{"name":"wp","href":"https:\/\/api.w.org\/{rel}","templated":true}]}}