{"id":1401,"date":"2013-07-23T17:44:00","date_gmt":"2013-07-23T17:44:00","guid":{"rendered":"http:\/\/carideal.com\/blog\/?p=1401"},"modified":"2020-03-04T21:45:53","modified_gmt":"2020-03-04T20:45:53","slug":"chevrolet-captiva-doccasion","status":"publish","type":"post","link":"https:\/\/www.carideal.com\/blog\/2013\/07\/23\/chevrolet-captiva-doccasion\/","title":{"rendered":"Essai Chevrolet Captiva d&rsquo;occasion"},"content":{"rendered":"\n<h2 class=\"wp-block-heading\">Chevrolet Captiva&nbsp;d'occasion<\/h2>\n\n\n\n<p>On peut trouver des <strong>CHEVROLET&nbsp;CAPTIVA&nbsp;D'OCCASION<\/strong> de 2007 150 ch LT 4x4 de 2007 et 65000 km \u00e0 15000 \u20ac environ. Un de ses atouts majeurs est son habitacle, g\u00e9n\u00e9reux pouvant proposer jusque 7 places et pour un budget mod\u00e9r\u00e9. Dans ce cas l\u00e0 comme on peut s'y attendre le coffre reste rikiki.<\/p>\n\n\n\n<p>Le Chevrolet Captiva est un <a href=\"http:\/\/www.carideal.com\/blog\/2019\/12\/21\/les-meilleurs-suv-a-acheter-maintenant-2019-2020\/\">SUV<\/a> de la marque Chevrolet. Il est produit en Cor\u00e9e du Sud depuis septembre 2006 et est bas\u00e9 sur l'<a href=\"http:\/\/www.carideal.com\/blog\/marque-de-voiture-actualites-essais\/opel\/\">Opel<\/a> Antara qui est plus petit. Gr\u00e2ce \u00e0 ses centim\u00e8tres en plus, le Captiva poss\u00e8de 2 si\u00e8ges escamotables dans le coffre1. Le Chevrolet Captiva d'occasion doit son succ\u00e8s \u00e0 son habitabilit\u00e9 sup\u00e9rieure, sa gamme plus attractive et surtout \u00e0 ses sept places. Nombre de familles l'ont donc pr\u00e9f\u00e9r\u00e9 \u00e0 un monospace et pour rester leur favori, le Captiva a \u00e9t\u00e9 remani\u00e9.<\/p>\n\n\n\n<h2 class=\"wp-block-heading\">Les motorisations du Chevrolet Captiva d'occasion<\/h2>\n\n\n\n<p>Les deux diesels de 127 et de 150 ch grimpent effectivement \u00e0 163 et 184 ch avec des consommations en recul. Outre leur meilleur rendement, ces m\u00e9caniques am\u00e9liorent leur agr\u00e9ment gr\u00e2ce \u00e0 un silence de fonctionnement enfin acceptable et des vibrations tr\u00e8s bien contenues. Pariant d'avantage sur les versions \u00e0 deux roues motrices, Chevrolet r\u00e9serve la transmission 4x4 uniquement au bloc de 184 ch agr\u00e9ment\u00e9 de la finition haute LTZ. Voil\u00e0 qui fait grimper la facture \u00e0 33990 \u20ac. <\/p>\n\n\n\n<p>Outre ses moteurs silencieux, le Chevrolet Capiva d'occasion a revu son amortissement et sa direction au b\u00e9n\u00e9fice d'une conduite moins al\u00e9atoire. Mais le Chevrolet Captiva d'occasion demeure un 4x4 peu agile \u00e0 conduire et l'on regrette ses si\u00e8ges inutilement fermes. Les plastiques sont de qualit\u00e9 quelconque et la finition l\u00e9g\u00e8re, mais la pr\u00e9sentation est agr\u00e9able et l'instrumentation bien lisible, \u00e0 l'image de son \u00e9cran GPS<\/p>\n\n\n\n<p>Il a \u00e9t\u00e9 restyl\u00e9 en 2011, ce qui donne naissance \u00e0 la phase 2.&nbsp;Achat Chevrolet Captiva d'occasion avec Carideal, pensez \u00e0 souscrire une <a href=\"http:\/\/www.carideal.com\/content\/7-extension-garantie\">extension de garantie<\/a> pour votre <a href=\"http:\/\/www.carideal.com\/blog\/voitures-occasions\/\">voiture d'occasion<\/a>.<\/p>\n\n\n\n<h2 class=\"wp-block-heading\">L'\u00e9quipement de s\u00e9rie est complet sur le Chevrolet Captiva d'occasion<\/h2>\n\n\n\n<p>On pourra reprocher au Chevrolet Captiva d'occasion d'\u00eatre un v\u00e9hicule peu dynamique, et un peu bruyant. Il faut bien les 150 ch de son moteur VCDI pour mouvoir son poids de 1800 kg quand m\u00eame. Le Chevrolet captiva a \u00e9t\u00e9 restyl\u00e9 en mars 2011.... Pour 6000 \u20ac de plus. Pas de probl\u00e8me grave \u00e0 signaler sur ce moteur, de temps en temps une reprogrammation.<\/p>\n","protected":false},"excerpt":{"rendered":"<p>Chevrolet Captiva&nbsp;d&rsquo;occasion On peut trouver des CHEVROLET&nbsp;CAPTIVA&nbsp;D&rsquo;OCCASION de 2007 150 ch LT 4&#215;4 de 2007 et 65000 km \u00e0 15000 \u20ac environ. Un de ses atouts majeurs est son habitacle, g\u00e9n\u00e9reux pouvant proposer jusque 7 places et pour un budget mod\u00e9r\u00e9. Dans ce cas l\u00e0 comme on peut s&rsquo;y attendre le coffre reste rikiki. Le &#8230; <a title=\"Essai Chevrolet Captiva d&rsquo;occasion\" class=\"read-more\" href=\"https:\/\/www.carideal.com\/blog\/2013\/07\/23\/chevrolet-captiva-doccasion\/\" aria-label=\"En savoir plus sur Essai Chevrolet Captiva d&rsquo;occasion\">Lire plus<\/a><\/p>\n","protected":false},"author":1,"featured_media":22220,"comment_status":"open","ping_status":"open","sticky":false,"template":"","format":"standard","meta":{"_uag_custom_page_level_css":"","_themeisle_gutenberg_block_has_review":false,"footnotes":""},"categories":[6146,5944,6025,10,6010],"tags":[5044],"class_list":["post-1401","post","type-post","status-publish","format-standard","has-post-thumbnail","hentry","category-chevrolet","category-constructeur","category-occasion-type-de-vehicule-type-de-vehicule","category-marche-automobile-voiture-neuve-occasion-4x4-suv","category-suv","tag-guide-achat"],"wppr_data":{"cwp_meta_box_check":"No"},"yoast_head":"<!-- This site is optimized with the Yoast SEO plugin v24.8.1 - https:\/\/yoast.com\/wordpress\/plugins\/seo\/ -->\n<title>Essai Chevrolet Captiva d&#039;occasion - Blog auto Carid\u00e9al<\/title>\n<meta name=\"description\" content=\"On peut trouver des CHEVROLET CAPTIVA D&#039;OCCASION de 2007 150 ch LT 4x4 de 2007 et 65000 km \u00e0 15000 \u20ac environ. Un de ses atouts majeurs est son habitacle\" \/>\n<meta name=\"robots\" content=\"index, follow, max-snippet:-1, max-image-preview:large, max-video-preview:-1\" \/>\n<link rel=\"canonical\" href=\"https:\/\/www.carideal.com\/blog\/2013\/07\/23\/chevrolet-captiva-doccasion\/\" \/>\n<meta property=\"og:locale\" content=\"fr_FR\" \/>\n<meta property=\"og:type\" content=\"article\" \/>\n<meta property=\"og:title\" content=\"Essai Chevrolet Captiva d&#039;occasion - Blog auto Carid\u00e9al\" \/>\n<meta property=\"og:description\" content=\"On peut trouver des CHEVROLET CAPTIVA D&#039;OCCASION de 2007 150 ch LT 4x4 de 2007 et 65000 km \u00e0 15000 \u20ac environ. Un de ses atouts majeurs est son habitacle\" \/>\n<meta property=\"og:url\" content=\"https:\/\/www.carideal.com\/blog\/2013\/07\/23\/chevrolet-captiva-doccasion\/\" \/>\n<meta property=\"og:site_name\" content=\"Blog auto Carid\u00e9al\" \/>\n<meta property=\"article:publisher\" content=\"https:\/\/www.facebook.com\/Carideal.mandataire.automobile\" \/>\n<meta property=\"article:author\" content=\"https:\/\/www.facebook.com\/Carideal.mandataire.automobile\/\" \/>\n<meta property=\"article:published_time\" content=\"2013-07-23T17:44:00+00:00\" \/>\n<meta property=\"article:modified_time\" content=\"2020-03-04T20:45:53+00:00\" \/>\n<meta property=\"og:image\" content=\"https:\/\/www.carideal.com\/blog\/wp-content\/uploads\/2013\/07\/chevrolet-captiva-suv-achat-occasion-carideal-mandataire-auto-chambery_m.jpg\" \/>\n\t<meta property=\"og:image:width\" content=\"448\" \/>\n\t<meta property=\"og:image:height\" content=\"336\" \/>\n\t<meta property=\"og:image:type\" content=\"image\/jpeg\" \/>\n<meta name=\"author\" content=\"N.S Carideal\" \/>\n<meta name=\"twitter:card\" content=\"summary_large_image\" \/>\n<meta name=\"twitter:creator\" content=\"@caridealauto\" \/>\n<meta name=\"twitter:site\" content=\"@caridealauto\" \/>\n<meta name=\"twitter:label1\" content=\"\u00c9crit par\" \/>\n\t<meta name=\"twitter:data1\" content=\"N.S Carideal\" \/>\n\t<meta name=\"twitter:label2\" content=\"Dur\u00e9e de lecture estim\u00e9e\" \/>\n\t<meta name=\"twitter:data2\" content=\"2 minutes\" \/>\n<script type=\"application\/ld+json\" class=\"yoast-schema-graph\">{\"@context\":\"https:\/\/schema.org\",\"@graph\":[{\"@type\":\"Article\",\"@id\":\"https:\/\/www.carideal.com\/blog\/2013\/07\/23\/chevrolet-captiva-doccasion\/#article\",\"isPartOf\":{\"@id\":\"https:\/\/www.carideal.com\/blog\/2013\/07\/23\/chevrolet-captiva-doccasion\/\"},\"author\":{\"name\":\"N.S Carideal\",\"@id\":\"https:\/\/www.carideal.com\/blog\/#\/schema\/person\/985c7e757d1042d647f21bfaf8d41ebc\"},\"headline\":\"Essai Chevrolet Captiva d&rsquo;occasion\",\"datePublished\":\"2013-07-23T17:44:00+00:00\",\"dateModified\":\"2020-03-04T20:45:53+00:00\",\"mainEntityOfPage\":{\"@id\":\"https:\/\/www.carideal.com\/blog\/2013\/07\/23\/chevrolet-captiva-doccasion\/\"},\"wordCount\":401,\"commentCount\":0,\"publisher\":{\"@id\":\"https:\/\/www.carideal.com\/blog\/#organization\"},\"image\":{\"@id\":\"https:\/\/www.carideal.com\/blog\/2013\/07\/23\/chevrolet-captiva-doccasion\/#primaryimage\"},\"thumbnailUrl\":\"https:\/\/www.carideal.com\/blog\/wp-content\/uploads\/2013\/07\/chevrolet-captiva-suv-achat-occasion-carideal-mandataire-auto-chambery_m.jpg\",\"keywords\":[\"Guide achat voiture\"],\"articleSection\":[\"Actualit\u00e9 Chevrolet\",\"Actualit\u00e9 Constructeur automobile\",\"Essai Voiture Occasion\",\"March\u00e9 automobile\",\"SUV\"],\"inLanguage\":\"fr-FR\",\"potentialAction\":[{\"@type\":\"CommentAction\",\"name\":\"Comment\",\"target\":[\"https:\/\/www.carideal.com\/blog\/2013\/07\/23\/chevrolet-captiva-doccasion\/#respond\"]}]},{\"@type\":\"WebPage\",\"@id\":\"https:\/\/www.carideal.com\/blog\/2013\/07\/23\/chevrolet-captiva-doccasion\/\",\"url\":\"https:\/\/www.carideal.com\/blog\/2013\/07\/23\/chevrolet-captiva-doccasion\/\",\"name\":\"Essai Chevrolet Captiva d'occasion - Blog auto Carid\u00e9al\",\"isPartOf\":{\"@id\":\"https:\/\/www.carideal.com\/blog\/#website\"},\"primaryImageOfPage\":{\"@id\":\"https:\/\/www.carideal.com\/blog\/2013\/07\/23\/chevrolet-captiva-doccasion\/#primaryimage\"},\"image\":{\"@id\":\"https:\/\/www.carideal.com\/blog\/2013\/07\/23\/chevrolet-captiva-doccasion\/#primaryimage\"},\"thumbnailUrl\":\"https:\/\/www.carideal.com\/blog\/wp-content\/uploads\/2013\/07\/chevrolet-captiva-suv-achat-occasion-carideal-mandataire-auto-chambery_m.jpg\",\"datePublished\":\"2013-07-23T17:44:00+00:00\",\"dateModified\":\"2020-03-04T20:45:53+00:00\",\"description\":\"On peut trouver des CHEVROLET CAPTIVA D'OCCASION de 2007 150 ch LT 4x4 de 2007 et 65000 km \u00e0 15000 \u20ac environ. Un de ses atouts majeurs est son habitacle\",\"breadcrumb\":{\"@id\":\"https:\/\/www.carideal.com\/blog\/2013\/07\/23\/chevrolet-captiva-doccasion\/#breadcrumb\"},\"inLanguage\":\"fr-FR\",\"potentialAction\":[{\"@type\":\"ReadAction\",\"target\":[\"https:\/\/www.carideal.com\/blog\/2013\/07\/23\/chevrolet-captiva-doccasion\/\"]}]},{\"@type\":\"ImageObject\",\"inLanguage\":\"fr-FR\",\"@id\":\"https:\/\/www.carideal.com\/blog\/2013\/07\/23\/chevrolet-captiva-doccasion\/#primaryimage\",\"url\":\"https:\/\/www.carideal.com\/blog\/wp-content\/uploads\/2013\/07\/chevrolet-captiva-suv-achat-occasion-carideal-mandataire-auto-chambery_m.jpg\",\"contentUrl\":\"https:\/\/www.carideal.com\/blog\/wp-content\/uploads\/2013\/07\/chevrolet-captiva-suv-achat-occasion-carideal-mandataire-auto-chambery_m.jpg\",\"width\":448,\"height\":336,\"caption\":\"Essai Chevrolet Captiva d'occasion\"},{\"@type\":\"BreadcrumbList\",\"@id\":\"https:\/\/www.carideal.com\/blog\/2013\/07\/23\/chevrolet-captiva-doccasion\/#breadcrumb\",\"itemListElement\":[{\"@type\":\"ListItem\",\"position\":1,\"name\":\"Blog Carid\u00e9al\",\"item\":\"https:\/\/www.carideal.com\/blog\/\"},{\"@type\":\"ListItem\",\"position\":2,\"name\":\"March\u00e9 automobile\",\"item\":\"https:\/\/www.carideal.com\/blog\/marche-automobile-voiture-neuve-occasion-4x4-suv\/\"},{\"@type\":\"ListItem\",\"position\":3,\"name\":\"Essai Chevrolet Captiva d&rsquo;occasion\"}]},{\"@type\":\"WebSite\",\"@id\":\"https:\/\/www.carideal.com\/blog\/#website\",\"url\":\"https:\/\/www.carideal.com\/blog\/\",\"name\":\"Blog auto Carid\u00e9al\",\"description\":\"Actualit\u00e9 auto par des passionn\u00e9s\",\"publisher\":{\"@id\":\"https:\/\/www.carideal.com\/blog\/#organization\"},\"potentialAction\":[{\"@type\":\"SearchAction\",\"target\":{\"@type\":\"EntryPoint\",\"urlTemplate\":\"https:\/\/www.carideal.com\/blog\/?s={search_term_string}\"},\"query-input\":{\"@type\":\"PropertyValueSpecification\",\"valueRequired\":true,\"valueName\":\"search_term_string\"}}],\"inLanguage\":\"fr-FR\"},{\"@type\":\"Organization\",\"@id\":\"https:\/\/www.carideal.com\/blog\/#organization\",\"name\":\"Carideal\",\"url\":\"https:\/\/www.carideal.com\/blog\/\",\"logo\":{\"@type\":\"ImageObject\",\"inLanguage\":\"fr-FR\",\"@id\":\"https:\/\/www.carideal.com\/blog\/#\/schema\/logo\/image\/\",\"url\":\"http:\/\/www.carideal.com\/blog\/wp-content\/uploads\/2016\/03\/logo-carideal-mandataire-automobile.png\",\"contentUrl\":\"http:\/\/www.carideal.com\/blog\/wp-content\/uploads\/2016\/03\/logo-carideal-mandataire-automobile.png\",\"width\":300,\"height\":300,\"caption\":\"Carideal\"},\"image\":{\"@id\":\"https:\/\/www.carideal.com\/blog\/#\/schema\/logo\/image\/\"},\"sameAs\":[\"https:\/\/www.facebook.com\/Carideal.mandataire.automobile\",\"https:\/\/x.com\/caridealauto\",\"https:\/\/www.instagram.com\/carideal1\/\",\"https:\/\/www.linkedin.com\/company\/carideal.com\",\"https:\/\/fr.pinterest.com\/schiavonsas\/\",\"https:\/\/www.youtube.com\/user\/caridealsas\"]},{\"@type\":\"Person\",\"@id\":\"https:\/\/www.carideal.com\/blog\/#\/schema\/person\/985c7e757d1042d647f21bfaf8d41ebc\",\"name\":\"N.S Carideal\",\"image\":{\"@type\":\"ImageObject\",\"inLanguage\":\"fr-FR\",\"@id\":\"https:\/\/www.carideal.com\/blog\/#\/schema\/person\/image\/\",\"url\":\"https:\/\/secure.gravatar.com\/avatar\/edb7ccdf1a4e3d14aef967760d354d0e?s=96&r=g\",\"contentUrl\":\"https:\/\/secure.gravatar.com\/avatar\/edb7ccdf1a4e3d14aef967760d354d0e?s=96&r=g\",\"caption\":\"N.S Carideal\"},\"description\":\"Depuis tout petit fan d'automobile. Il est question d'essayer et de comparer toutes ces voitures qui nous ont fait r\u00e9ver, avant que celles-ci ne devient uniquement des voitures de collection.\",\"sameAs\":[\"http:\/\/www.carideal.com\/blog\",\"https:\/\/www.facebook.com\/Carideal.mandataire.automobile\/\",\"https:\/\/www.linkedin.com\/in\/nschiavon\/\",\"https:\/\/www.youtube.com\/user\/caridealsas\/\"],\"url\":\"https:\/\/www.carideal.com\/blog\/author\/admin_carideal\/\"}]}<\/script>\n<!-- \/ Yoast SEO plugin. -->","yoast_head_json":{"title":"Essai Chevrolet Captiva d'occasion - Blog auto Carid\u00e9al","description":"On peut trouver des CHEVROLET CAPTIVA D'OCCASION de 2007 150 ch LT 4x4 de 2007 et 65000 km \u00e0 15000 \u20ac environ. Un de ses atouts majeurs est son habitacle","robots":{"index":"index","follow":"follow","max-snippet":"max-snippet:-1","max-image-preview":"max-image-preview:large","max-video-preview":"max-video-preview:-1"},"canonical":"https:\/\/www.carideal.com\/blog\/2013\/07\/23\/chevrolet-captiva-doccasion\/","og_locale":"fr_FR","og_type":"article","og_title":"Essai Chevrolet Captiva d'occasion - Blog auto Carid\u00e9al","og_description":"On peut trouver des CHEVROLET CAPTIVA D'OCCASION de 2007 150 ch LT 4x4 de 2007 et 65000 km \u00e0 15000 \u20ac environ. Un de ses atouts majeurs est son habitacle","og_url":"https:\/\/www.carideal.com\/blog\/2013\/07\/23\/chevrolet-captiva-doccasion\/","og_site_name":"Blog auto Carid\u00e9al","article_publisher":"https:\/\/www.facebook.com\/Carideal.mandataire.automobile","article_author":"https:\/\/www.facebook.com\/Carideal.mandataire.automobile\/","article_published_time":"2013-07-23T17:44:00+00:00","article_modified_time":"2020-03-04T20:45:53+00:00","og_image":[{"width":448,"height":336,"url":"https:\/\/www.carideal.com\/blog\/wp-content\/uploads\/2013\/07\/chevrolet-captiva-suv-achat-occasion-carideal-mandataire-auto-chambery_m.jpg","type":"image\/jpeg"}],"author":"N.S Carideal","twitter_card":"summary_large_image","twitter_creator":"@caridealauto","twitter_site":"@caridealauto","twitter_misc":{"\u00c9crit par":"N.S Carideal","Dur\u00e9e de lecture estim\u00e9e":"2 minutes"},"schema":{"@context":"https:\/\/schema.org","@graph":[{"@type":"Article","@id":"https:\/\/www.carideal.com\/blog\/2013\/07\/23\/chevrolet-captiva-doccasion\/#article","isPartOf":{"@id":"https:\/\/www.carideal.com\/blog\/2013\/07\/23\/chevrolet-captiva-doccasion\/"},"author":{"name":"N.S Carideal","@id":"https:\/\/www.carideal.com\/blog\/#\/schema\/person\/985c7e757d1042d647f21bfaf8d41ebc"},"headline":"Essai Chevrolet Captiva d&rsquo;occasion","datePublished":"2013-07-23T17:44:00+00:00","dateModified":"2020-03-04T20:45:53+00:00","mainEntityOfPage":{"@id":"https:\/\/www.carideal.com\/blog\/2013\/07\/23\/chevrolet-captiva-doccasion\/"},"wordCount":401,"commentCount":0,"publisher":{"@id":"https:\/\/www.carideal.com\/blog\/#organization"},"image":{"@id":"https:\/\/www.carideal.com\/blog\/2013\/07\/23\/chevrolet-captiva-doccasion\/#primaryimage"},"thumbnailUrl":"https:\/\/www.carideal.com\/blog\/wp-content\/uploads\/2013\/07\/chevrolet-captiva-suv-achat-occasion-carideal-mandataire-auto-chambery_m.jpg","keywords":["Guide achat voiture"],"articleSection":["Actualit\u00e9 Chevrolet","Actualit\u00e9 Constructeur automobile","Essai Voiture Occasion","March\u00e9 automobile","SUV"],"inLanguage":"fr-FR","potentialAction":[{"@type":"CommentAction","name":"Comment","target":["https:\/\/www.carideal.com\/blog\/2013\/07\/23\/chevrolet-captiva-doccasion\/#respond"]}]},{"@type":"WebPage","@id":"https:\/\/www.carideal.com\/blog\/2013\/07\/23\/chevrolet-captiva-doccasion\/","url":"https:\/\/www.carideal.com\/blog\/2013\/07\/23\/chevrolet-captiva-doccasion\/","name":"Essai Chevrolet Captiva d'occasion - Blog auto Carid\u00e9al","isPartOf":{"@id":"https:\/\/www.carideal.com\/blog\/#website"},"primaryImageOfPage":{"@id":"https:\/\/www.carideal.com\/blog\/2013\/07\/23\/chevrolet-captiva-doccasion\/#primaryimage"},"image":{"@id":"https:\/\/www.carideal.com\/blog\/2013\/07\/23\/chevrolet-captiva-doccasion\/#primaryimage"},"thumbnailUrl":"https:\/\/www.carideal.com\/blog\/wp-content\/uploads\/2013\/07\/chevrolet-captiva-suv-achat-occasion-carideal-mandataire-auto-chambery_m.jpg","datePublished":"2013-07-23T17:44:00+00:00","dateModified":"2020-03-04T20:45:53+00:00","description":"On peut trouver des CHEVROLET CAPTIVA D'OCCASION de 2007 150 ch LT 4x4 de 2007 et 65000 km \u00e0 15000 \u20ac environ. Un de ses atouts majeurs est son habitacle","breadcrumb":{"@id":"https:\/\/www.carideal.com\/blog\/2013\/07\/23\/chevrolet-captiva-doccasion\/#breadcrumb"},"inLanguage":"fr-FR","potentialAction":[{"@type":"ReadAction","target":["https:\/\/www.carideal.com\/blog\/2013\/07\/23\/chevrolet-captiva-doccasion\/"]}]},{"@type":"ImageObject","inLanguage":"fr-FR","@id":"https:\/\/www.carideal.com\/blog\/2013\/07\/23\/chevrolet-captiva-doccasion\/#primaryimage","url":"https:\/\/www.carideal.com\/blog\/wp-content\/uploads\/2013\/07\/chevrolet-captiva-suv-achat-occasion-carideal-mandataire-auto-chambery_m.jpg","contentUrl":"https:\/\/www.carideal.com\/blog\/wp-content\/uploads\/2013\/07\/chevrolet-captiva-suv-achat-occasion-carideal-mandataire-auto-chambery_m.jpg","width":448,"height":336,"caption":"Essai Chevrolet Captiva d'occasion"},{"@type":"BreadcrumbList","@id":"https:\/\/www.carideal.com\/blog\/2013\/07\/23\/chevrolet-captiva-doccasion\/#breadcrumb","itemListElement":[{"@type":"ListItem","position":1,"name":"Blog Carid\u00e9al","item":"https:\/\/www.carideal.com\/blog\/"},{"@type":"ListItem","position":2,"name":"March\u00e9 automobile","item":"https:\/\/www.carideal.com\/blog\/marche-automobile-voiture-neuve-occasion-4x4-suv\/"},{"@type":"ListItem","position":3,"name":"Essai Chevrolet Captiva d&rsquo;occasion"}]},{"@type":"WebSite","@id":"https:\/\/www.carideal.com\/blog\/#website","url":"https:\/\/www.carideal.com\/blog\/","name":"Blog auto Carid\u00e9al","description":"Actualit\u00e9 auto par des passionn\u00e9s","publisher":{"@id":"https:\/\/www.carideal.com\/blog\/#organization"},"potentialAction":[{"@type":"SearchAction","target":{"@type":"EntryPoint","urlTemplate":"https:\/\/www.carideal.com\/blog\/?s={search_term_string}"},"query-input":{"@type":"PropertyValueSpecification","valueRequired":true,"valueName":"search_term_string"}}],"inLanguage":"fr-FR"},{"@type":"Organization","@id":"https:\/\/www.carideal.com\/blog\/#organization","name":"Carideal","url":"https:\/\/www.carideal.com\/blog\/","logo":{"@type":"ImageObject","inLanguage":"fr-FR","@id":"https:\/\/www.carideal.com\/blog\/#\/schema\/logo\/image\/","url":"http:\/\/www.carideal.com\/blog\/wp-content\/uploads\/2016\/03\/logo-carideal-mandataire-automobile.png","contentUrl":"http:\/\/www.carideal.com\/blog\/wp-content\/uploads\/2016\/03\/logo-carideal-mandataire-automobile.png","width":300,"height":300,"caption":"Carideal"},"image":{"@id":"https:\/\/www.carideal.com\/blog\/#\/schema\/logo\/image\/"},"sameAs":["https:\/\/www.facebook.com\/Carideal.mandataire.automobile","https:\/\/x.com\/caridealauto","https:\/\/www.instagram.com\/carideal1\/","https:\/\/www.linkedin.com\/company\/carideal.com","https:\/\/fr.pinterest.com\/schiavonsas\/","https:\/\/www.youtube.com\/user\/caridealsas"]},{"@type":"Person","@id":"https:\/\/www.carideal.com\/blog\/#\/schema\/person\/985c7e757d1042d647f21bfaf8d41ebc","name":"N.S Carideal","image":{"@type":"ImageObject","inLanguage":"fr-FR","@id":"https:\/\/www.carideal.com\/blog\/#\/schema\/person\/image\/","url":"https:\/\/secure.gravatar.com\/avatar\/edb7ccdf1a4e3d14aef967760d354d0e?s=96&r=g","contentUrl":"https:\/\/secure.gravatar.com\/avatar\/edb7ccdf1a4e3d14aef967760d354d0e?s=96&r=g","caption":"N.S Carideal"},"description":"Depuis tout petit fan d'automobile. Il est question d'essayer et de comparer toutes ces voitures qui nous ont fait r\u00e9ver, avant que celles-ci ne devient uniquement des voitures de collection.","sameAs":["http:\/\/www.carideal.com\/blog","https:\/\/www.facebook.com\/Carideal.mandataire.automobile\/","https:\/\/www.linkedin.com\/in\/nschiavon\/","https:\/\/www.youtube.com\/user\/caridealsas\/"],"url":"https:\/\/www.carideal.com\/blog\/author\/admin_carideal\/"}]}},"uagb_featured_image_src":{"full":["https:\/\/www.carideal.com\/blog\/wp-content\/uploads\/2013\/07\/chevrolet-captiva-suv-achat-occasion-carideal-mandataire-auto-chambery_m.jpg",448,336,false],"thumbnail":["https:\/\/www.carideal.com\/blog\/wp-content\/uploads\/2013\/07\/chevrolet-captiva-suv-achat-occasion-carideal-mandataire-auto-chambery_m-150x150.jpg",150,150,true],"medium":["https:\/\/www.carideal.com\/blog\/wp-content\/uploads\/2013\/07\/chevrolet-captiva-suv-achat-occasion-carideal-mandataire-auto-chambery_m-300x225.jpg",300,225,true],"medium_large":["https:\/\/www.carideal.com\/blog\/wp-content\/uploads\/2013\/07\/chevrolet-captiva-suv-achat-occasion-carideal-mandataire-auto-chambery_m.jpg",448,336,false],"large":["https:\/\/www.carideal.com\/blog\/wp-content\/uploads\/2013\/07\/chevrolet-captiva-suv-achat-occasion-carideal-mandataire-auto-chambery_m.jpg",448,336,false],"1536x1536":["https:\/\/www.carideal.com\/blog\/wp-content\/uploads\/2013\/07\/chevrolet-captiva-suv-achat-occasion-carideal-mandataire-auto-chambery_m.jpg",448,336,false],"2048x2048":["https:\/\/www.carideal.com\/blog\/wp-content\/uploads\/2013\/07\/chevrolet-captiva-suv-achat-occasion-carideal-mandataire-auto-chambery_m.jpg",448,336,false],"wppr-widget":["https:\/\/www.carideal.com\/blog\/wp-content\/uploads\/2013\/07\/chevrolet-captiva-suv-achat-occasion-carideal-mandataire-auto-chambery_m-50x38.jpg",50,38,true]},"uagb_author_info":{"display_name":"N.S Carideal","author_link":"https:\/\/www.carideal.com\/blog\/author\/admin_carideal\/"},"uagb_comment_info":0,"uagb_excerpt":"Chevrolet Captiva&nbsp;d'occasion On peut trouver des CHEVROLET&nbsp;CAPTIVA&nbsp;D'OCCASION de 2007 150 ch LT 4x4 de 2007 et 65000 km \u00e0 15000 \u20ac environ. Un de ses atouts majeurs est son habitacle, g\u00e9n\u00e9reux pouvant proposer jusque 7 places et pour un budget mod\u00e9r\u00e9. Dans ce cas l\u00e0 comme on peut s'y attendre le coffre reste rikiki. Le\u2026","_links":{"self":[{"href":"https:\/\/www.carideal.com\/blog\/wp-json\/wp\/v2\/posts\/1401"}],"collection":[{"href":"https:\/\/www.carideal.com\/blog\/wp-json\/wp\/v2\/posts"}],"about":[{"href":"https:\/\/www.carideal.com\/blog\/wp-json\/wp\/v2\/types\/post"}],"author":[{"embeddable":true,"href":"https:\/\/www.carideal.com\/blog\/wp-json\/wp\/v2\/users\/1"}],"replies":[{"embeddable":true,"href":"https:\/\/www.carideal.com\/blog\/wp-json\/wp\/v2\/comments?post=1401"}],"version-history":[{"count":0,"href":"https:\/\/www.carideal.com\/blog\/wp-json\/wp\/v2\/posts\/1401\/revisions"}],"wp:featuredmedia":[{"embeddable":true,"href":"https:\/\/www.carideal.com\/blog\/wp-json\/wp\/v2\/media\/22220"}],"wp:attachment":[{"href":"https:\/\/www.carideal.com\/blog\/wp-json\/wp\/v2\/media?parent=1401"}],"wp:term":[{"taxonomy":"category","embeddable":true,"href":"https:\/\/www.carideal.com\/blog\/wp-json\/wp\/v2\/categories?post=1401"},{"taxonomy":"post_tag","embeddable":true,"href":"https:\/\/www.carideal.com\/blog\/wp-json\/wp\/v2\/tags?post=1401"}],"curies":[{"name":"wp","href":"https:\/\/api.w.org\/{rel}","templated":true}]}}