{"id":13956,"date":"2016-12-05T16:58:21","date_gmt":"2016-12-05T15:58:21","guid":{"rendered":"http:\/\/www.carideal.com\/blog\/?p=13956"},"modified":"2017-03-11T09:13:51","modified_gmt":"2017-03-11T08:13:51","slug":"calendrier-koni-2017","status":"publish","type":"post","link":"https:\/\/www.carideal.com\/blog\/2016\/12\/05\/calendrier-koni-2017\/","title":{"rendered":"Calendrier Koni 2017 \u00e0 collectionner"},"content":{"rendered":"<h1><strong>Le premier Calendrier Koni 2017<\/strong><\/h1>\n<p>Le fabricant d'<a href=\"http:\/\/www.carideal.com\/blog\/amortisseurs\/\">amortisseurs<\/a> Koni a lanc\u00e9 en septembre l'id\u00e9e de r\u00e9aliser un calendrier pour l'ann\u00e9e 2017. St\u00e9phane Ducreau, le directeur de Koni France a choisi pour th\u00e8me\u00a0\u00ab Charme et \u00e9l\u00e9gance \u00e0 l'arriv\u00e9e du P\u00e9kin Paris \u00bb le shooting a eu lieu sur la\u00a0Place Vend\u00f4me \u00e0 Paris.\u00a07 photographes ont \u00e9t\u00e9 s\u00e9lectionn\u00e9s, amateurs et confirm\u00e9s :\u00a0Philippe Barret, Jo\u00ebl Chassaing Cuvillier,\u00a0Jean-Marc Felten,\u00a0Didier Griffouliere, St\u00e9phane Horber,\u00a0Antoine Pascal,\u00a0Emmanuel Vall\u00e9e. Tous ont soumis leur photos et seulement les 13\u00a0meilleures illustreront le tout premier calendrier Koni 2017.<\/p>\n<p>Ce calendrier ne fera pas qu'orner les murs de ses points de vente. Le Calendrier Koni 2017 sera diffus\u00e9 \u00e0 seulement 500 exemplaires et devrait faire partie des calendriers tr\u00e8s recherch\u00e9s par les collectionneurs et amateurs de belles photos. Le calendrier sera aussi tr\u00e8s certainement diffus\u00e9 \u00e0 quelques VIP.<\/p>\n<p>Koni est un\u00a0fabricant d'amortisseurs et est un g\u00e9n\u00e9raliste bien connu du secteur, avec des gammes d'amortisseur compl\u00e8tes destin\u00e9es aux motos, voitures, Vul, camions et remorques, et qui depuis peu dans le secteur des bus. La\u00a0cinquantaine de photos des photographes pr\u00e9sents \u00e0\u00a0l'arriv\u00e9e du rallye P\u00e9kin Paris ont \u00e9t\u00e9 pr\u00e9sent\u00e9es \u00e0 un jury de journalistes et de photographes, dont Dingo et Thierry de Saulieu, qui en ont choisis\u00a013.<\/p>\n<p>C'est le 1er d\u00e9cembre dernier que les r\u00e9sultats ont \u00e9t\u00e9\u00a0annonc\u00e9s et le calendrier pr\u00e9sent\u00e9 lors d'un communiqu\u00e9 de presse. Nous vous mettons en pi\u00e8ce jointe le document.<\/p>\n<h2>Vid\u00e9o du making-off du sooting des photos place Vend\u00f4me<\/h2>\n<p><iframe loading=\"lazy\" src=\"https:\/\/www.youtube.com\/embed\/7ZVk4XEWtzs\" width=\"560\" height=\"315\" frameborder=\"0\" allowfullscreen=\"allowfullscreen\"><\/iframe><\/p>\n<h2>Galerie de photos pour le Calendrier Koni 2017<\/h2>\n<p>La trentaine de photos pr\u00e9s\u00e9lectrionn\u00e9es et soumises au vote du Jury.<\/p>\n<div id='gallery-1' class='gallery galleryid-13956 gallery-columns-3 gallery-size-medium'><figure class='gallery-item'>\n\t\t\t<div class='gallery-icon landscape'>\n\t\t\t\t<a href='https:\/\/www.carideal.com\/blog\/2016\/12\/05\/calendrier-koni-2017\/01-photos_calendrier_koni\/#main'><img loading=\"lazy\" decoding=\"async\" width=\"300\" height=\"200\" src=\"https:\/\/www.carideal.com\/blog\/wp-content\/uploads\/2016\/12\/01.-Photos_Calendrier_KONI-300x200.jpg\" class=\"attachment-medium size-medium\" alt=\"Calendrier Koni 2017\" aria-describedby=\"gallery-1-13957\" srcset=\"https:\/\/www.carideal.com\/blog\/wp-content\/uploads\/2016\/12\/01.-Photos_Calendrier_KONI-300x200.jpg 300w, https:\/\/www.carideal.com\/blog\/wp-content\/uploads\/2016\/12\/01.-Photos_Calendrier_KONI-768x512.jpg 768w, https:\/\/www.carideal.com\/blog\/wp-content\/uploads\/2016\/12\/01.-Photos_Calendrier_KONI-1024x682.jpg 1024w, https:\/\/www.carideal.com\/blog\/wp-content\/uploads\/2016\/12\/01.-Photos_Calendrier_KONI-110x73.jpg 110w, https:\/\/www.carideal.com\/blog\/wp-content\/uploads\/2016\/12\/01.-Photos_Calendrier_KONI-420x280.jpg 420w, https:\/\/www.carideal.com\/blog\/wp-content\/uploads\/2016\/12\/01.-Photos_Calendrier_KONI-645x430.jpg 645w, https:\/\/www.carideal.com\/blog\/wp-content\/uploads\/2016\/12\/01.-Photos_Calendrier_KONI-50x33.jpg 50w, https:\/\/www.carideal.com\/blog\/wp-content\/uploads\/2016\/12\/01.-Photos_Calendrier_KONI-e1480942715171.jpg 800w\" sizes=\"(max-width: 300px) 100vw, 300px\" \/><\/a>\n\t\t\t<\/div>\n\t\t\t\t<figcaption class='wp-caption-text gallery-caption' id='gallery-1-13957'>\n\t\t\t\tCalendrier Koni 2017\n\t\t\t\t<\/figcaption><\/figure><figure class='gallery-item'>\n\t\t\t<div class='gallery-icon landscape'>\n\t\t\t\t<a href='https:\/\/www.carideal.com\/blog\/2016\/12\/05\/calendrier-koni-2017\/04-photos_calendrier_koni\/#main'><img loading=\"lazy\" decoding=\"async\" width=\"300\" height=\"200\" src=\"https:\/\/www.carideal.com\/blog\/wp-content\/uploads\/2016\/12\/04.-Photos_Calendrier_KONI-300x200.jpg\" class=\"attachment-medium size-medium\" alt=\"\" srcset=\"https:\/\/www.carideal.com\/blog\/wp-content\/uploads\/2016\/12\/04.-Photos_Calendrier_KONI-300x200.jpg 300w, https:\/\/www.carideal.com\/blog\/wp-content\/uploads\/2016\/12\/04.-Photos_Calendrier_KONI-768x512.jpg 768w, https:\/\/www.carideal.com\/blog\/wp-content\/uploads\/2016\/12\/04.-Photos_Calendrier_KONI-1024x682.jpg 1024w, https:\/\/www.carideal.com\/blog\/wp-content\/uploads\/2016\/12\/04.-Photos_Calendrier_KONI-110x73.jpg 110w, https:\/\/www.carideal.com\/blog\/wp-content\/uploads\/2016\/12\/04.-Photos_Calendrier_KONI-420x280.jpg 420w, https:\/\/www.carideal.com\/blog\/wp-content\/uploads\/2016\/12\/04.-Photos_Calendrier_KONI-645x430.jpg 645w, https:\/\/www.carideal.com\/blog\/wp-content\/uploads\/2016\/12\/04.-Photos_Calendrier_KONI-50x33.jpg 50w, https:\/\/www.carideal.com\/blog\/wp-content\/uploads\/2016\/12\/04.-Photos_Calendrier_KONI-e1480942749419.jpg 600w\" sizes=\"(max-width: 300px) 100vw, 300px\" \/><\/a>\n\t\t\t<\/div><\/figure><figure class='gallery-item'>\n\t\t\t<div class='gallery-icon landscape'>\n\t\t\t\t<a href='https:\/\/www.carideal.com\/blog\/2016\/12\/05\/calendrier-koni-2017\/05-photos_calendrier_koni\/#main'><img loading=\"lazy\" decoding=\"async\" width=\"300\" height=\"200\" src=\"https:\/\/www.carideal.com\/blog\/wp-content\/uploads\/2016\/12\/05.-Photos_Calendrier_KONI-300x200.jpg\" class=\"attachment-medium size-medium\" alt=\"\" srcset=\"https:\/\/www.carideal.com\/blog\/wp-content\/uploads\/2016\/12\/05.-Photos_Calendrier_KONI-300x200.jpg 300w, https:\/\/www.carideal.com\/blog\/wp-content\/uploads\/2016\/12\/05.-Photos_Calendrier_KONI-768x513.jpg 768w, https:\/\/www.carideal.com\/blog\/wp-content\/uploads\/2016\/12\/05.-Photos_Calendrier_KONI-1024x684.jpg 1024w, https:\/\/www.carideal.com\/blog\/wp-content\/uploads\/2016\/12\/05.-Photos_Calendrier_KONI-110x73.jpg 110w, https:\/\/www.carideal.com\/blog\/wp-content\/uploads\/2016\/12\/05.-Photos_Calendrier_KONI-420x280.jpg 420w, https:\/\/www.carideal.com\/blog\/wp-content\/uploads\/2016\/12\/05.-Photos_Calendrier_KONI-644x430.jpg 644w, https:\/\/www.carideal.com\/blog\/wp-content\/uploads\/2016\/12\/05.-Photos_Calendrier_KONI-50x33.jpg 50w, https:\/\/www.carideal.com\/blog\/wp-content\/uploads\/2016\/12\/05.-Photos_Calendrier_KONI-e1480942774400.jpg 600w\" sizes=\"(max-width: 300px) 100vw, 300px\" \/><\/a>\n\t\t\t<\/div><\/figure><figure class='gallery-item'>\n\t\t\t<div class='gallery-icon landscape'>\n\t\t\t\t<a href='https:\/\/www.carideal.com\/blog\/2016\/12\/05\/calendrier-koni-2017\/06-photos_calendrier_koni\/#main'><img loading=\"lazy\" decoding=\"async\" width=\"300\" height=\"200\" src=\"https:\/\/www.carideal.com\/blog\/wp-content\/uploads\/2016\/12\/06.-Photos_Calendrier_KONI-300x200.jpg\" class=\"attachment-medium size-medium\" alt=\"\" aria-describedby=\"gallery-1-13960\" srcset=\"https:\/\/www.carideal.com\/blog\/wp-content\/uploads\/2016\/12\/06.-Photos_Calendrier_KONI-300x200.jpg 300w, https:\/\/www.carideal.com\/blog\/wp-content\/uploads\/2016\/12\/06.-Photos_Calendrier_KONI-768x512.jpg 768w, https:\/\/www.carideal.com\/blog\/wp-content\/uploads\/2016\/12\/06.-Photos_Calendrier_KONI-1024x683.jpg 1024w, https:\/\/www.carideal.com\/blog\/wp-content\/uploads\/2016\/12\/06.-Photos_Calendrier_KONI-110x73.jpg 110w, https:\/\/www.carideal.com\/blog\/wp-content\/uploads\/2016\/12\/06.-Photos_Calendrier_KONI-420x280.jpg 420w, https:\/\/www.carideal.com\/blog\/wp-content\/uploads\/2016\/12\/06.-Photos_Calendrier_KONI-645x430.jpg 645w, https:\/\/www.carideal.com\/blog\/wp-content\/uploads\/2016\/12\/06.-Photos_Calendrier_KONI-50x33.jpg 50w, https:\/\/www.carideal.com\/blog\/wp-content\/uploads\/2016\/12\/06.-Photos_Calendrier_KONI-e1480942808703.jpg 600w\" sizes=\"(max-width: 300px) 100vw, 300px\" \/><\/a>\n\t\t\t<\/div>\n\t\t\t\t<figcaption class='wp-caption-text gallery-caption' id='gallery-1-13960'>\n\t\t\t\t????????????????????????????????????\n\t\t\t\t<\/figcaption><\/figure><figure class='gallery-item'>\n\t\t\t<div class='gallery-icon landscape'>\n\t\t\t\t<a href='https:\/\/www.carideal.com\/blog\/2016\/12\/05\/calendrier-koni-2017\/07-photos_calendrier_koni\/#main'><img loading=\"lazy\" decoding=\"async\" width=\"300\" height=\"200\" src=\"https:\/\/www.carideal.com\/blog\/wp-content\/uploads\/2016\/12\/07.-Photos_Calendrier_KONI-300x200.jpg\" class=\"attachment-medium size-medium\" alt=\"\" srcset=\"https:\/\/www.carideal.com\/blog\/wp-content\/uploads\/2016\/12\/07.-Photos_Calendrier_KONI-300x200.jpg 300w, https:\/\/www.carideal.com\/blog\/wp-content\/uploads\/2016\/12\/07.-Photos_Calendrier_KONI-768x512.jpg 768w, https:\/\/www.carideal.com\/blog\/wp-content\/uploads\/2016\/12\/07.-Photos_Calendrier_KONI-1024x682.jpg 1024w, https:\/\/www.carideal.com\/blog\/wp-content\/uploads\/2016\/12\/07.-Photos_Calendrier_KONI-110x73.jpg 110w, https:\/\/www.carideal.com\/blog\/wp-content\/uploads\/2016\/12\/07.-Photos_Calendrier_KONI-420x280.jpg 420w, https:\/\/www.carideal.com\/blog\/wp-content\/uploads\/2016\/12\/07.-Photos_Calendrier_KONI-645x430.jpg 645w, https:\/\/www.carideal.com\/blog\/wp-content\/uploads\/2016\/12\/07.-Photos_Calendrier_KONI-50x33.jpg 50w, https:\/\/www.carideal.com\/blog\/wp-content\/uploads\/2016\/12\/07.-Photos_Calendrier_KONI-e1480942861703.jpg 600w\" sizes=\"(max-width: 300px) 100vw, 300px\" \/><\/a>\n\t\t\t<\/div><\/figure><figure class='gallery-item'>\n\t\t\t<div class='gallery-icon landscape'>\n\t\t\t\t<a href='https:\/\/www.carideal.com\/blog\/2016\/12\/05\/calendrier-koni-2017\/08-photos_calendrier_koni\/#main'><img loading=\"lazy\" decoding=\"async\" width=\"300\" height=\"190\" src=\"https:\/\/www.carideal.com\/blog\/wp-content\/uploads\/2016\/12\/08.-Photos_Calendrier_KONI-300x190.jpg\" class=\"attachment-medium size-medium\" alt=\"\" srcset=\"https:\/\/www.carideal.com\/blog\/wp-content\/uploads\/2016\/12\/08.-Photos_Calendrier_KONI-300x190.jpg 300w, https:\/\/www.carideal.com\/blog\/wp-content\/uploads\/2016\/12\/08.-Photos_Calendrier_KONI-768x486.jpg 768w, https:\/\/www.carideal.com\/blog\/wp-content\/uploads\/2016\/12\/08.-Photos_Calendrier_KONI-1024x648.jpg 1024w, https:\/\/www.carideal.com\/blog\/wp-content\/uploads\/2016\/12\/08.-Photos_Calendrier_KONI-110x70.jpg 110w, https:\/\/www.carideal.com\/blog\/wp-content\/uploads\/2016\/12\/08.-Photos_Calendrier_KONI-420x266.jpg 420w, https:\/\/www.carideal.com\/blog\/wp-content\/uploads\/2016\/12\/08.-Photos_Calendrier_KONI-679x430.jpg 679w, https:\/\/www.carideal.com\/blog\/wp-content\/uploads\/2016\/12\/08.-Photos_Calendrier_KONI-50x32.jpg 50w, https:\/\/www.carideal.com\/blog\/wp-content\/uploads\/2016\/12\/08.-Photos_Calendrier_KONI-e1480942899338.jpg 600w\" sizes=\"(max-width: 300px) 100vw, 300px\" \/><\/a>\n\t\t\t<\/div><\/figure><figure class='gallery-item'>\n\t\t\t<div class='gallery-icon landscape'>\n\t\t\t\t<a href='https:\/\/www.carideal.com\/blog\/2016\/12\/05\/calendrier-koni-2017\/09-photos_calendrier_koni\/#main'><img loading=\"lazy\" decoding=\"async\" width=\"300\" height=\"200\" src=\"https:\/\/www.carideal.com\/blog\/wp-content\/uploads\/2016\/12\/09.-Photos_Calendrier_KONI-300x200.jpg\" class=\"attachment-medium size-medium\" alt=\"\" srcset=\"https:\/\/www.carideal.com\/blog\/wp-content\/uploads\/2016\/12\/09.-Photos_Calendrier_KONI-300x200.jpg 300w, https:\/\/www.carideal.com\/blog\/wp-content\/uploads\/2016\/12\/09.-Photos_Calendrier_KONI-768x512.jpg 768w, https:\/\/www.carideal.com\/blog\/wp-content\/uploads\/2016\/12\/09.-Photos_Calendrier_KONI-1024x682.jpg 1024w, https:\/\/www.carideal.com\/blog\/wp-content\/uploads\/2016\/12\/09.-Photos_Calendrier_KONI-110x73.jpg 110w, https:\/\/www.carideal.com\/blog\/wp-content\/uploads\/2016\/12\/09.-Photos_Calendrier_KONI-420x280.jpg 420w, https:\/\/www.carideal.com\/blog\/wp-content\/uploads\/2016\/12\/09.-Photos_Calendrier_KONI-645x430.jpg 645w, https:\/\/www.carideal.com\/blog\/wp-content\/uploads\/2016\/12\/09.-Photos_Calendrier_KONI-50x33.jpg 50w, https:\/\/www.carideal.com\/blog\/wp-content\/uploads\/2016\/12\/09.-Photos_Calendrier_KONI-e1480942929247.jpg 600w\" sizes=\"(max-width: 300px) 100vw, 300px\" \/><\/a>\n\t\t\t<\/div><\/figure><figure class='gallery-item'>\n\t\t\t<div class='gallery-icon landscape'>\n\t\t\t\t<a href='https:\/\/www.carideal.com\/blog\/2016\/12\/05\/calendrier-koni-2017\/10-photos_calendrier_koni\/#main'><img loading=\"lazy\" decoding=\"async\" width=\"300\" height=\"200\" src=\"https:\/\/www.carideal.com\/blog\/wp-content\/uploads\/2016\/12\/10.-Photos_Calendrier_KONI-300x200.jpg\" class=\"attachment-medium size-medium\" alt=\"\" srcset=\"https:\/\/www.carideal.com\/blog\/wp-content\/uploads\/2016\/12\/10.-Photos_Calendrier_KONI-300x200.jpg 300w, https:\/\/www.carideal.com\/blog\/wp-content\/uploads\/2016\/12\/10.-Photos_Calendrier_KONI-768x512.jpg 768w, https:\/\/www.carideal.com\/blog\/wp-content\/uploads\/2016\/12\/10.-Photos_Calendrier_KONI-1024x682.jpg 1024w, https:\/\/www.carideal.com\/blog\/wp-content\/uploads\/2016\/12\/10.-Photos_Calendrier_KONI-110x73.jpg 110w, https:\/\/www.carideal.com\/blog\/wp-content\/uploads\/2016\/12\/10.-Photos_Calendrier_KONI-420x280.jpg 420w, https:\/\/www.carideal.com\/blog\/wp-content\/uploads\/2016\/12\/10.-Photos_Calendrier_KONI-645x430.jpg 645w, https:\/\/www.carideal.com\/blog\/wp-content\/uploads\/2016\/12\/10.-Photos_Calendrier_KONI-50x33.jpg 50w, https:\/\/www.carideal.com\/blog\/wp-content\/uploads\/2016\/12\/10.-Photos_Calendrier_KONI-e1480942964220.jpg 600w\" sizes=\"(max-width: 300px) 100vw, 300px\" \/><\/a>\n\t\t\t<\/div><\/figure><figure class='gallery-item'>\n\t\t\t<div class='gallery-icon landscape'>\n\t\t\t\t<a href='https:\/\/www.carideal.com\/blog\/2016\/12\/05\/calendrier-koni-2017\/11-photos_calendrier_koni\/#main'><img loading=\"lazy\" decoding=\"async\" width=\"300\" height=\"200\" src=\"https:\/\/www.carideal.com\/blog\/wp-content\/uploads\/2016\/12\/11.-Photos_Calendrier_KONI-300x200.jpg\" class=\"attachment-medium size-medium\" alt=\"\" srcset=\"https:\/\/www.carideal.com\/blog\/wp-content\/uploads\/2016\/12\/11.-Photos_Calendrier_KONI-300x200.jpg 300w, https:\/\/www.carideal.com\/blog\/wp-content\/uploads\/2016\/12\/11.-Photos_Calendrier_KONI-768x513.jpg 768w, https:\/\/www.carideal.com\/blog\/wp-content\/uploads\/2016\/12\/11.-Photos_Calendrier_KONI-1024x683.jpg 1024w, https:\/\/www.carideal.com\/blog\/wp-content\/uploads\/2016\/12\/11.-Photos_Calendrier_KONI-110x73.jpg 110w, https:\/\/www.carideal.com\/blog\/wp-content\/uploads\/2016\/12\/11.-Photos_Calendrier_KONI-420x280.jpg 420w, https:\/\/www.carideal.com\/blog\/wp-content\/uploads\/2016\/12\/11.-Photos_Calendrier_KONI-644x430.jpg 644w, https:\/\/www.carideal.com\/blog\/wp-content\/uploads\/2016\/12\/11.-Photos_Calendrier_KONI-50x33.jpg 50w, https:\/\/www.carideal.com\/blog\/wp-content\/uploads\/2016\/12\/11.-Photos_Calendrier_KONI-e1480943096374.jpg 600w\" sizes=\"(max-width: 300px) 100vw, 300px\" \/><\/a>\n\t\t\t<\/div><\/figure><figure class='gallery-item'>\n\t\t\t<div class='gallery-icon landscape'>\n\t\t\t\t<a href='https:\/\/www.carideal.com\/blog\/2016\/12\/05\/calendrier-koni-2017\/12-photos_calendrier_koni\/#main'><img loading=\"lazy\" decoding=\"async\" width=\"300\" height=\"208\" src=\"https:\/\/www.carideal.com\/blog\/wp-content\/uploads\/2016\/12\/12.-Photos_Calendrier_KONI-300x208.jpg\" class=\"attachment-medium size-medium\" alt=\"\" aria-describedby=\"gallery-1-13966\" srcset=\"https:\/\/www.carideal.com\/blog\/wp-content\/uploads\/2016\/12\/12.-Photos_Calendrier_KONI-300x208.jpg 300w, https:\/\/www.carideal.com\/blog\/wp-content\/uploads\/2016\/12\/12.-Photos_Calendrier_KONI-768x533.jpg 768w, https:\/\/www.carideal.com\/blog\/wp-content\/uploads\/2016\/12\/12.-Photos_Calendrier_KONI-1024x711.jpg 1024w, https:\/\/www.carideal.com\/blog\/wp-content\/uploads\/2016\/12\/12.-Photos_Calendrier_KONI-110x76.jpg 110w, https:\/\/www.carideal.com\/blog\/wp-content\/uploads\/2016\/12\/12.-Photos_Calendrier_KONI-420x292.jpg 420w, https:\/\/www.carideal.com\/blog\/wp-content\/uploads\/2016\/12\/12.-Photos_Calendrier_KONI-619x430.jpg 619w, https:\/\/www.carideal.com\/blog\/wp-content\/uploads\/2016\/12\/12.-Photos_Calendrier_KONI-50x35.jpg 50w, https:\/\/www.carideal.com\/blog\/wp-content\/uploads\/2016\/12\/12.-Photos_Calendrier_KONI-e1480943134481.jpg 600w\" sizes=\"(max-width: 300px) 100vw, 300px\" \/><\/a>\n\t\t\t<\/div>\n\t\t\t\t<figcaption class='wp-caption-text gallery-caption' id='gallery-1-13966'>\n\t\t\t\t????????????????????????????????????\n\t\t\t\t<\/figcaption><\/figure><figure class='gallery-item'>\n\t\t\t<div class='gallery-icon landscape'>\n\t\t\t\t<a href='https:\/\/www.carideal.com\/blog\/2016\/12\/05\/calendrier-koni-2017\/13-photos_calendrier_koni\/#main'><img loading=\"lazy\" decoding=\"async\" width=\"300\" height=\"200\" src=\"https:\/\/www.carideal.com\/blog\/wp-content\/uploads\/2016\/12\/13.-Photos_Calendrier_KONI-300x200.jpg\" class=\"attachment-medium size-medium\" alt=\"\" srcset=\"https:\/\/www.carideal.com\/blog\/wp-content\/uploads\/2016\/12\/13.-Photos_Calendrier_KONI-300x200.jpg 300w, https:\/\/www.carideal.com\/blog\/wp-content\/uploads\/2016\/12\/13.-Photos_Calendrier_KONI-768x512.jpg 768w, https:\/\/www.carideal.com\/blog\/wp-content\/uploads\/2016\/12\/13.-Photos_Calendrier_KONI-1024x682.jpg 1024w, https:\/\/www.carideal.com\/blog\/wp-content\/uploads\/2016\/12\/13.-Photos_Calendrier_KONI-110x73.jpg 110w, https:\/\/www.carideal.com\/blog\/wp-content\/uploads\/2016\/12\/13.-Photos_Calendrier_KONI-420x280.jpg 420w, https:\/\/www.carideal.com\/blog\/wp-content\/uploads\/2016\/12\/13.-Photos_Calendrier_KONI-645x430.jpg 645w, https:\/\/www.carideal.com\/blog\/wp-content\/uploads\/2016\/12\/13.-Photos_Calendrier_KONI-50x33.jpg 50w, https:\/\/www.carideal.com\/blog\/wp-content\/uploads\/2016\/12\/13.-Photos_Calendrier_KONI-e1480943171743.jpg 600w\" sizes=\"(max-width: 300px) 100vw, 300px\" \/><\/a>\n\t\t\t<\/div><\/figure><figure class='gallery-item'>\n\t\t\t<div class='gallery-icon landscape'>\n\t\t\t\t<a href='https:\/\/www.carideal.com\/blog\/2016\/12\/05\/calendrier-koni-2017\/14-photos_calendrier_koni\/#main'><img loading=\"lazy\" decoding=\"async\" width=\"300\" height=\"200\" src=\"https:\/\/www.carideal.com\/blog\/wp-content\/uploads\/2016\/12\/14.-Photos_Calendrier_KONI-300x200.jpg\" class=\"attachment-medium size-medium\" alt=\"\" srcset=\"https:\/\/www.carideal.com\/blog\/wp-content\/uploads\/2016\/12\/14.-Photos_Calendrier_KONI-300x200.jpg 300w, https:\/\/www.carideal.com\/blog\/wp-content\/uploads\/2016\/12\/14.-Photos_Calendrier_KONI-768x513.jpg 768w, https:\/\/www.carideal.com\/blog\/wp-content\/uploads\/2016\/12\/14.-Photos_Calendrier_KONI-1024x684.jpg 1024w, https:\/\/www.carideal.com\/blog\/wp-content\/uploads\/2016\/12\/14.-Photos_Calendrier_KONI-110x73.jpg 110w, https:\/\/www.carideal.com\/blog\/wp-content\/uploads\/2016\/12\/14.-Photos_Calendrier_KONI-420x280.jpg 420w, https:\/\/www.carideal.com\/blog\/wp-content\/uploads\/2016\/12\/14.-Photos_Calendrier_KONI-644x430.jpg 644w, https:\/\/www.carideal.com\/blog\/wp-content\/uploads\/2016\/12\/14.-Photos_Calendrier_KONI-50x33.jpg 50w, https:\/\/www.carideal.com\/blog\/wp-content\/uploads\/2016\/12\/14.-Photos_Calendrier_KONI-e1480943204613.jpg 600w\" sizes=\"(max-width: 300px) 100vw, 300px\" \/><\/a>\n\t\t\t<\/div><\/figure><figure class='gallery-item'>\n\t\t\t<div class='gallery-icon landscape'>\n\t\t\t\t<a href='https:\/\/www.carideal.com\/blog\/2016\/12\/05\/calendrier-koni-2017\/15-photos_calendrier_koni\/#main'><img loading=\"lazy\" decoding=\"async\" width=\"300\" height=\"190\" src=\"https:\/\/www.carideal.com\/blog\/wp-content\/uploads\/2016\/12\/15.-Photos_Calendrier_KONI-300x190.jpg\" class=\"attachment-medium size-medium\" alt=\"\" srcset=\"https:\/\/www.carideal.com\/blog\/wp-content\/uploads\/2016\/12\/15.-Photos_Calendrier_KONI-300x190.jpg 300w, https:\/\/www.carideal.com\/blog\/wp-content\/uploads\/2016\/12\/15.-Photos_Calendrier_KONI-768x487.jpg 768w, https:\/\/www.carideal.com\/blog\/wp-content\/uploads\/2016\/12\/15.-Photos_Calendrier_KONI-1024x649.jpg 1024w, https:\/\/www.carideal.com\/blog\/wp-content\/uploads\/2016\/12\/15.-Photos_Calendrier_KONI-110x70.jpg 110w, https:\/\/www.carideal.com\/blog\/wp-content\/uploads\/2016\/12\/15.-Photos_Calendrier_KONI-420x266.jpg 420w, https:\/\/www.carideal.com\/blog\/wp-content\/uploads\/2016\/12\/15.-Photos_Calendrier_KONI-678x430.jpg 678w, https:\/\/www.carideal.com\/blog\/wp-content\/uploads\/2016\/12\/15.-Photos_Calendrier_KONI-50x32.jpg 50w, https:\/\/www.carideal.com\/blog\/wp-content\/uploads\/2016\/12\/15.-Photos_Calendrier_KONI-e1480943231512.jpg 600w\" sizes=\"(max-width: 300px) 100vw, 300px\" \/><\/a>\n\t\t\t<\/div><\/figure><figure class='gallery-item'>\n\t\t\t<div class='gallery-icon landscape'>\n\t\t\t\t<a href='https:\/\/www.carideal.com\/blog\/2016\/12\/05\/calendrier-koni-2017\/16-photos_calendrier_koni\/#main'><img loading=\"lazy\" decoding=\"async\" width=\"300\" height=\"200\" src=\"https:\/\/www.carideal.com\/blog\/wp-content\/uploads\/2016\/12\/16.-Photos_Calendrier_KONI-300x200.jpg\" class=\"attachment-medium size-medium\" alt=\"\" srcset=\"https:\/\/www.carideal.com\/blog\/wp-content\/uploads\/2016\/12\/16.-Photos_Calendrier_KONI-300x200.jpg 300w, https:\/\/www.carideal.com\/blog\/wp-content\/uploads\/2016\/12\/16.-Photos_Calendrier_KONI-768x512.jpg 768w, https:\/\/www.carideal.com\/blog\/wp-content\/uploads\/2016\/12\/16.-Photos_Calendrier_KONI-1024x683.jpg 1024w, https:\/\/www.carideal.com\/blog\/wp-content\/uploads\/2016\/12\/16.-Photos_Calendrier_KONI-110x73.jpg 110w, https:\/\/www.carideal.com\/blog\/wp-content\/uploads\/2016\/12\/16.-Photos_Calendrier_KONI-420x280.jpg 420w, https:\/\/www.carideal.com\/blog\/wp-content\/uploads\/2016\/12\/16.-Photos_Calendrier_KONI-645x430.jpg 645w, https:\/\/www.carideal.com\/blog\/wp-content\/uploads\/2016\/12\/16.-Photos_Calendrier_KONI-50x33.jpg 50w, https:\/\/www.carideal.com\/blog\/wp-content\/uploads\/2016\/12\/16.-Photos_Calendrier_KONI-e1480943263171.jpg 600w\" sizes=\"(max-width: 300px) 100vw, 300px\" \/><\/a>\n\t\t\t<\/div><\/figure><figure class='gallery-item'>\n\t\t\t<div class='gallery-icon landscape'>\n\t\t\t\t<a href='https:\/\/www.carideal.com\/blog\/2016\/12\/05\/calendrier-koni-2017\/17-photos_calendrier_koni\/#main'><img loading=\"lazy\" decoding=\"async\" width=\"300\" height=\"200\" src=\"https:\/\/www.carideal.com\/blog\/wp-content\/uploads\/2016\/12\/17.-Photos_Calendrier_KONI-300x200.jpg\" class=\"attachment-medium size-medium\" alt=\"\" srcset=\"https:\/\/www.carideal.com\/blog\/wp-content\/uploads\/2016\/12\/17.-Photos_Calendrier_KONI-300x200.jpg 300w, https:\/\/www.carideal.com\/blog\/wp-content\/uploads\/2016\/12\/17.-Photos_Calendrier_KONI-768x512.jpg 768w, https:\/\/www.carideal.com\/blog\/wp-content\/uploads\/2016\/12\/17.-Photos_Calendrier_KONI-1024x683.jpg 1024w, https:\/\/www.carideal.com\/blog\/wp-content\/uploads\/2016\/12\/17.-Photos_Calendrier_KONI-110x73.jpg 110w, https:\/\/www.carideal.com\/blog\/wp-content\/uploads\/2016\/12\/17.-Photos_Calendrier_KONI-420x280.jpg 420w, https:\/\/www.carideal.com\/blog\/wp-content\/uploads\/2016\/12\/17.-Photos_Calendrier_KONI-645x430.jpg 645w, https:\/\/www.carideal.com\/blog\/wp-content\/uploads\/2016\/12\/17.-Photos_Calendrier_KONI-50x33.jpg 50w, https:\/\/www.carideal.com\/blog\/wp-content\/uploads\/2016\/12\/17.-Photos_Calendrier_KONI-e1480943295961.jpg 600w\" sizes=\"(max-width: 300px) 100vw, 300px\" \/><\/a>\n\t\t\t<\/div><\/figure><figure class='gallery-item'>\n\t\t\t<div class='gallery-icon landscape'>\n\t\t\t\t<a href='https:\/\/www.carideal.com\/blog\/2016\/12\/05\/calendrier-koni-2017\/18-photos_calendrier_koni\/#main'><img loading=\"lazy\" decoding=\"async\" width=\"300\" height=\"200\" src=\"https:\/\/www.carideal.com\/blog\/wp-content\/uploads\/2016\/12\/18.-Photos_Calendrier_KONI-300x200.jpg\" class=\"attachment-medium size-medium\" alt=\"\" srcset=\"https:\/\/www.carideal.com\/blog\/wp-content\/uploads\/2016\/12\/18.-Photos_Calendrier_KONI-300x200.jpg 300w, https:\/\/www.carideal.com\/blog\/wp-content\/uploads\/2016\/12\/18.-Photos_Calendrier_KONI-768x512.jpg 768w, https:\/\/www.carideal.com\/blog\/wp-content\/uploads\/2016\/12\/18.-Photos_Calendrier_KONI-1024x683.jpg 1024w, https:\/\/www.carideal.com\/blog\/wp-content\/uploads\/2016\/12\/18.-Photos_Calendrier_KONI-110x73.jpg 110w, https:\/\/www.carideal.com\/blog\/wp-content\/uploads\/2016\/12\/18.-Photos_Calendrier_KONI-420x280.jpg 420w, https:\/\/www.carideal.com\/blog\/wp-content\/uploads\/2016\/12\/18.-Photos_Calendrier_KONI-645x430.jpg 645w, https:\/\/www.carideal.com\/blog\/wp-content\/uploads\/2016\/12\/18.-Photos_Calendrier_KONI-50x33.jpg 50w, https:\/\/www.carideal.com\/blog\/wp-content\/uploads\/2016\/12\/18.-Photos_Calendrier_KONI-e1480943323397.jpg 600w\" sizes=\"(max-width: 300px) 100vw, 300px\" \/><\/a>\n\t\t\t<\/div><\/figure><figure class='gallery-item'>\n\t\t\t<div class='gallery-icon landscape'>\n\t\t\t\t<a href='https:\/\/www.carideal.com\/blog\/2016\/12\/05\/calendrier-koni-2017\/19-photos_calendrier_koni\/#main'><img loading=\"lazy\" decoding=\"async\" width=\"300\" height=\"200\" src=\"https:\/\/www.carideal.com\/blog\/wp-content\/uploads\/2016\/12\/19.-Photos_Calendrier_KONI-300x200.jpg\" class=\"attachment-medium size-medium\" alt=\"\" srcset=\"https:\/\/www.carideal.com\/blog\/wp-content\/uploads\/2016\/12\/19.-Photos_Calendrier_KONI-300x200.jpg 300w, https:\/\/www.carideal.com\/blog\/wp-content\/uploads\/2016\/12\/19.-Photos_Calendrier_KONI-768x512.jpg 768w, https:\/\/www.carideal.com\/blog\/wp-content\/uploads\/2016\/12\/19.-Photos_Calendrier_KONI-1024x682.jpg 1024w, https:\/\/www.carideal.com\/blog\/wp-content\/uploads\/2016\/12\/19.-Photos_Calendrier_KONI-110x73.jpg 110w, https:\/\/www.carideal.com\/blog\/wp-content\/uploads\/2016\/12\/19.-Photos_Calendrier_KONI-420x280.jpg 420w, https:\/\/www.carideal.com\/blog\/wp-content\/uploads\/2016\/12\/19.-Photos_Calendrier_KONI-645x430.jpg 645w, https:\/\/www.carideal.com\/blog\/wp-content\/uploads\/2016\/12\/19.-Photos_Calendrier_KONI-50x33.jpg 50w, https:\/\/www.carideal.com\/blog\/wp-content\/uploads\/2016\/12\/19.-Photos_Calendrier_KONI-e1480943353682.jpg 600w\" sizes=\"(max-width: 300px) 100vw, 300px\" \/><\/a>\n\t\t\t<\/div><\/figure><figure class='gallery-item'>\n\t\t\t<div class='gallery-icon landscape'>\n\t\t\t\t<a href='https:\/\/www.carideal.com\/blog\/2016\/12\/05\/calendrier-koni-2017\/20-photos_calendrier_koni\/#main'><img loading=\"lazy\" decoding=\"async\" width=\"300\" height=\"203\" src=\"https:\/\/www.carideal.com\/blog\/wp-content\/uploads\/2016\/12\/20.-Photos_Calendrier_KONI-300x203.jpg\" class=\"attachment-medium size-medium\" alt=\"\" srcset=\"https:\/\/www.carideal.com\/blog\/wp-content\/uploads\/2016\/12\/20.-Photos_Calendrier_KONI-300x203.jpg 300w, https:\/\/www.carideal.com\/blog\/wp-content\/uploads\/2016\/12\/20.-Photos_Calendrier_KONI-768x519.jpg 768w, https:\/\/www.carideal.com\/blog\/wp-content\/uploads\/2016\/12\/20.-Photos_Calendrier_KONI-1024x692.jpg 1024w, https:\/\/www.carideal.com\/blog\/wp-content\/uploads\/2016\/12\/20.-Photos_Calendrier_KONI-110x74.jpg 110w, https:\/\/www.carideal.com\/blog\/wp-content\/uploads\/2016\/12\/20.-Photos_Calendrier_KONI-420x284.jpg 420w, https:\/\/www.carideal.com\/blog\/wp-content\/uploads\/2016\/12\/20.-Photos_Calendrier_KONI-636x430.jpg 636w, https:\/\/www.carideal.com\/blog\/wp-content\/uploads\/2016\/12\/20.-Photos_Calendrier_KONI-50x34.jpg 50w, https:\/\/www.carideal.com\/blog\/wp-content\/uploads\/2016\/12\/20.-Photos_Calendrier_KONI-e1480943381824.jpg 600w\" sizes=\"(max-width: 300px) 100vw, 300px\" \/><\/a>\n\t\t\t<\/div><\/figure><figure class='gallery-item'>\n\t\t\t<div class='gallery-icon landscape'>\n\t\t\t\t<a href='https:\/\/www.carideal.com\/blog\/2016\/12\/05\/calendrier-koni-2017\/21-photos_calendrier_koni\/#main'><img loading=\"lazy\" decoding=\"async\" width=\"300\" height=\"207\" src=\"https:\/\/www.carideal.com\/blog\/wp-content\/uploads\/2016\/12\/21.-Photos_Calendrier_KONI-300x207.jpg\" class=\"attachment-medium size-medium\" alt=\"\" srcset=\"https:\/\/www.carideal.com\/blog\/wp-content\/uploads\/2016\/12\/21.-Photos_Calendrier_KONI-300x207.jpg 300w, https:\/\/www.carideal.com\/blog\/wp-content\/uploads\/2016\/12\/21.-Photos_Calendrier_KONI-768x530.jpg 768w, https:\/\/www.carideal.com\/blog\/wp-content\/uploads\/2016\/12\/21.-Photos_Calendrier_KONI-1024x707.jpg 1024w, https:\/\/www.carideal.com\/blog\/wp-content\/uploads\/2016\/12\/21.-Photos_Calendrier_KONI-110x76.jpg 110w, https:\/\/www.carideal.com\/blog\/wp-content\/uploads\/2016\/12\/21.-Photos_Calendrier_KONI-420x290.jpg 420w, https:\/\/www.carideal.com\/blog\/wp-content\/uploads\/2016\/12\/21.-Photos_Calendrier_KONI-623x430.jpg 623w, https:\/\/www.carideal.com\/blog\/wp-content\/uploads\/2016\/12\/21.-Photos_Calendrier_KONI-50x35.jpg 50w, https:\/\/www.carideal.com\/blog\/wp-content\/uploads\/2016\/12\/21.-Photos_Calendrier_KONI-e1480943409133.jpg 600w\" sizes=\"(max-width: 300px) 100vw, 300px\" \/><\/a>\n\t\t\t<\/div><\/figure><figure class='gallery-item'>\n\t\t\t<div class='gallery-icon landscape'>\n\t\t\t\t<a href='https:\/\/www.carideal.com\/blog\/2016\/12\/05\/calendrier-koni-2017\/22-photos_calendrier_koni\/#main'><img loading=\"lazy\" decoding=\"async\" width=\"300\" height=\"200\" src=\"https:\/\/www.carideal.com\/blog\/wp-content\/uploads\/2016\/12\/22.-Photos_Calendrier_KONI-300x200.jpg\" class=\"attachment-medium size-medium\" alt=\"\" srcset=\"https:\/\/www.carideal.com\/blog\/wp-content\/uploads\/2016\/12\/22.-Photos_Calendrier_KONI-300x200.jpg 300w, https:\/\/www.carideal.com\/blog\/wp-content\/uploads\/2016\/12\/22.-Photos_Calendrier_KONI-768x512.jpg 768w, https:\/\/www.carideal.com\/blog\/wp-content\/uploads\/2016\/12\/22.-Photos_Calendrier_KONI-1024x682.jpg 1024w, https:\/\/www.carideal.com\/blog\/wp-content\/uploads\/2016\/12\/22.-Photos_Calendrier_KONI-110x73.jpg 110w, https:\/\/www.carideal.com\/blog\/wp-content\/uploads\/2016\/12\/22.-Photos_Calendrier_KONI-420x280.jpg 420w, https:\/\/www.carideal.com\/blog\/wp-content\/uploads\/2016\/12\/22.-Photos_Calendrier_KONI-645x430.jpg 645w, https:\/\/www.carideal.com\/blog\/wp-content\/uploads\/2016\/12\/22.-Photos_Calendrier_KONI-50x33.jpg 50w, https:\/\/www.carideal.com\/blog\/wp-content\/uploads\/2016\/12\/22.-Photos_Calendrier_KONI-e1480943435208.jpg 600w\" sizes=\"(max-width: 300px) 100vw, 300px\" \/><\/a>\n\t\t\t<\/div><\/figure><figure class='gallery-item'>\n\t\t\t<div class='gallery-icon landscape'>\n\t\t\t\t<a href='https:\/\/www.carideal.com\/blog\/2016\/12\/05\/calendrier-koni-2017\/23-photos_calendrier_koni\/#main'><img loading=\"lazy\" decoding=\"async\" width=\"300\" height=\"213\" src=\"https:\/\/www.carideal.com\/blog\/wp-content\/uploads\/2016\/12\/23.-Photos_Calendrier_KONI-300x213.jpg\" class=\"attachment-medium size-medium\" alt=\"\" srcset=\"https:\/\/www.carideal.com\/blog\/wp-content\/uploads\/2016\/12\/23.-Photos_Calendrier_KONI-300x213.jpg 300w, https:\/\/www.carideal.com\/blog\/wp-content\/uploads\/2016\/12\/23.-Photos_Calendrier_KONI-768x546.jpg 768w, https:\/\/www.carideal.com\/blog\/wp-content\/uploads\/2016\/12\/23.-Photos_Calendrier_KONI-1024x728.jpg 1024w, https:\/\/www.carideal.com\/blog\/wp-content\/uploads\/2016\/12\/23.-Photos_Calendrier_KONI-110x78.jpg 110w, https:\/\/www.carideal.com\/blog\/wp-content\/uploads\/2016\/12\/23.-Photos_Calendrier_KONI-420x299.jpg 420w, https:\/\/www.carideal.com\/blog\/wp-content\/uploads\/2016\/12\/23.-Photos_Calendrier_KONI-605x430.jpg 605w, https:\/\/www.carideal.com\/blog\/wp-content\/uploads\/2016\/12\/23.-Photos_Calendrier_KONI-50x36.jpg 50w, https:\/\/www.carideal.com\/blog\/wp-content\/uploads\/2016\/12\/23.-Photos_Calendrier_KONI-e1480943470286.jpg 600w\" sizes=\"(max-width: 300px) 100vw, 300px\" \/><\/a>\n\t\t\t<\/div><\/figure><figure class='gallery-item'>\n\t\t\t<div class='gallery-icon landscape'>\n\t\t\t\t<a href='https:\/\/www.carideal.com\/blog\/2016\/12\/05\/calendrier-koni-2017\/24-photos_calendrier_koni\/#main'><img loading=\"lazy\" decoding=\"async\" width=\"300\" height=\"220\" src=\"https:\/\/www.carideal.com\/blog\/wp-content\/uploads\/2016\/12\/24.-Photos_Calendrier_KONI-300x220.jpg\" class=\"attachment-medium size-medium\" alt=\"\" srcset=\"https:\/\/www.carideal.com\/blog\/wp-content\/uploads\/2016\/12\/24.-Photos_Calendrier_KONI-300x220.jpg 300w, https:\/\/www.carideal.com\/blog\/wp-content\/uploads\/2016\/12\/24.-Photos_Calendrier_KONI-768x562.jpg 768w, https:\/\/www.carideal.com\/blog\/wp-content\/uploads\/2016\/12\/24.-Photos_Calendrier_KONI-1024x750.jpg 1024w, https:\/\/www.carideal.com\/blog\/wp-content\/uploads\/2016\/12\/24.-Photos_Calendrier_KONI-110x81.jpg 110w, https:\/\/www.carideal.com\/blog\/wp-content\/uploads\/2016\/12\/24.-Photos_Calendrier_KONI-420x308.jpg 420w, https:\/\/www.carideal.com\/blog\/wp-content\/uploads\/2016\/12\/24.-Photos_Calendrier_KONI-587x430.jpg 587w, https:\/\/www.carideal.com\/blog\/wp-content\/uploads\/2016\/12\/24.-Photos_Calendrier_KONI-50x37.jpg 50w, https:\/\/www.carideal.com\/blog\/wp-content\/uploads\/2016\/12\/24.-Photos_Calendrier_KONI-e1480943499742.jpg 600w\" sizes=\"(max-width: 300px) 100vw, 300px\" \/><\/a>\n\t\t\t<\/div><\/figure><figure class='gallery-item'>\n\t\t\t<div class='gallery-icon landscape'>\n\t\t\t\t<a href='https:\/\/www.carideal.com\/blog\/2016\/12\/05\/calendrier-koni-2017\/25-photos_calendrier_koni\/#main'><img loading=\"lazy\" decoding=\"async\" width=\"300\" height=\"200\" src=\"https:\/\/www.carideal.com\/blog\/wp-content\/uploads\/2016\/12\/25.-Photos_Calendrier_KONI-300x200.jpg\" class=\"attachment-medium size-medium\" alt=\"\" srcset=\"https:\/\/www.carideal.com\/blog\/wp-content\/uploads\/2016\/12\/25.-Photos_Calendrier_KONI-300x200.jpg 300w, https:\/\/www.carideal.com\/blog\/wp-content\/uploads\/2016\/12\/25.-Photos_Calendrier_KONI-768x512.jpg 768w, https:\/\/www.carideal.com\/blog\/wp-content\/uploads\/2016\/12\/25.-Photos_Calendrier_KONI-1024x682.jpg 1024w, https:\/\/www.carideal.com\/blog\/wp-content\/uploads\/2016\/12\/25.-Photos_Calendrier_KONI-110x73.jpg 110w, https:\/\/www.carideal.com\/blog\/wp-content\/uploads\/2016\/12\/25.-Photos_Calendrier_KONI-420x280.jpg 420w, https:\/\/www.carideal.com\/blog\/wp-content\/uploads\/2016\/12\/25.-Photos_Calendrier_KONI-645x430.jpg 645w, https:\/\/www.carideal.com\/blog\/wp-content\/uploads\/2016\/12\/25.-Photos_Calendrier_KONI-50x33.jpg 50w, https:\/\/www.carideal.com\/blog\/wp-content\/uploads\/2016\/12\/25.-Photos_Calendrier_KONI-e1480943528841.jpg 600w\" sizes=\"(max-width: 300px) 100vw, 300px\" \/><\/a>\n\t\t\t<\/div><\/figure><figure class='gallery-item'>\n\t\t\t<div class='gallery-icon landscape'>\n\t\t\t\t<a href='https:\/\/www.carideal.com\/blog\/2016\/12\/05\/calendrier-koni-2017\/26-photos_calendrier_koni\/#main'><img loading=\"lazy\" decoding=\"async\" width=\"300\" height=\"200\" src=\"https:\/\/www.carideal.com\/blog\/wp-content\/uploads\/2016\/12\/26.-Photos_Calendrier_KONI-300x200.jpg\" class=\"attachment-medium size-medium\" alt=\"\" srcset=\"https:\/\/www.carideal.com\/blog\/wp-content\/uploads\/2016\/12\/26.-Photos_Calendrier_KONI-300x200.jpg 300w, https:\/\/www.carideal.com\/blog\/wp-content\/uploads\/2016\/12\/26.-Photos_Calendrier_KONI-768x513.jpg 768w, https:\/\/www.carideal.com\/blog\/wp-content\/uploads\/2016\/12\/26.-Photos_Calendrier_KONI-1024x684.jpg 1024w, https:\/\/www.carideal.com\/blog\/wp-content\/uploads\/2016\/12\/26.-Photos_Calendrier_KONI-110x73.jpg 110w, https:\/\/www.carideal.com\/blog\/wp-content\/uploads\/2016\/12\/26.-Photos_Calendrier_KONI-420x280.jpg 420w, https:\/\/www.carideal.com\/blog\/wp-content\/uploads\/2016\/12\/26.-Photos_Calendrier_KONI-644x430.jpg 644w, https:\/\/www.carideal.com\/blog\/wp-content\/uploads\/2016\/12\/26.-Photos_Calendrier_KONI-50x33.jpg 50w, https:\/\/www.carideal.com\/blog\/wp-content\/uploads\/2016\/12\/26.-Photos_Calendrier_KONI-e1480943555667.jpg 600w\" sizes=\"(max-width: 300px) 100vw, 300px\" \/><\/a>\n\t\t\t<\/div><\/figure><figure class='gallery-item'>\n\t\t\t<div class='gallery-icon landscape'>\n\t\t\t\t<a href='https:\/\/www.carideal.com\/blog\/2016\/12\/05\/calendrier-koni-2017\/27-photos_calendrier_koni\/#main'><img loading=\"lazy\" decoding=\"async\" width=\"300\" height=\"200\" src=\"https:\/\/www.carideal.com\/blog\/wp-content\/uploads\/2016\/12\/27.-Photos_Calendrier_KONI-300x200.jpg\" class=\"attachment-medium size-medium\" alt=\"Calendrier Koni 2017\" aria-describedby=\"gallery-1-13981\" srcset=\"https:\/\/www.carideal.com\/blog\/wp-content\/uploads\/2016\/12\/27.-Photos_Calendrier_KONI-300x200.jpg 300w, https:\/\/www.carideal.com\/blog\/wp-content\/uploads\/2016\/12\/27.-Photos_Calendrier_KONI-768x511.jpg 768w, https:\/\/www.carideal.com\/blog\/wp-content\/uploads\/2016\/12\/27.-Photos_Calendrier_KONI-1024x681.jpg 1024w, https:\/\/www.carideal.com\/blog\/wp-content\/uploads\/2016\/12\/27.-Photos_Calendrier_KONI-110x73.jpg 110w, https:\/\/www.carideal.com\/blog\/wp-content\/uploads\/2016\/12\/27.-Photos_Calendrier_KONI-420x279.jpg 420w, https:\/\/www.carideal.com\/blog\/wp-content\/uploads\/2016\/12\/27.-Photos_Calendrier_KONI-646x430.jpg 646w, https:\/\/www.carideal.com\/blog\/wp-content\/uploads\/2016\/12\/27.-Photos_Calendrier_KONI-50x33.jpg 50w, https:\/\/www.carideal.com\/blog\/wp-content\/uploads\/2016\/12\/27.-Photos_Calendrier_KONI-e1480943584283.jpg 600w\" sizes=\"(max-width: 300px) 100vw, 300px\" \/><\/a>\n\t\t\t<\/div>\n\t\t\t\t<figcaption class='wp-caption-text gallery-caption' id='gallery-1-13981'>\n\t\t\t\tCalendrier Koni 2017\n\t\t\t\t<\/figcaption><\/figure><figure class='gallery-item'>\n\t\t\t<div class='gallery-icon landscape'>\n\t\t\t\t<a href='https:\/\/www.carideal.com\/blog\/2016\/12\/05\/calendrier-koni-2017\/28-photos_calendrier_koni\/#main'><img loading=\"lazy\" decoding=\"async\" width=\"300\" height=\"200\" src=\"https:\/\/www.carideal.com\/blog\/wp-content\/uploads\/2016\/12\/28.-Photos_Calendrier_KONI-300x200.jpg\" class=\"attachment-medium size-medium\" alt=\"Calendrier Koni 2017\" aria-describedby=\"gallery-1-13982\" srcset=\"https:\/\/www.carideal.com\/blog\/wp-content\/uploads\/2016\/12\/28.-Photos_Calendrier_KONI-300x200.jpg 300w, https:\/\/www.carideal.com\/blog\/wp-content\/uploads\/2016\/12\/28.-Photos_Calendrier_KONI-768x511.jpg 768w, https:\/\/www.carideal.com\/blog\/wp-content\/uploads\/2016\/12\/28.-Photos_Calendrier_KONI-1024x681.jpg 1024w, https:\/\/www.carideal.com\/blog\/wp-content\/uploads\/2016\/12\/28.-Photos_Calendrier_KONI-110x73.jpg 110w, https:\/\/www.carideal.com\/blog\/wp-content\/uploads\/2016\/12\/28.-Photos_Calendrier_KONI-420x279.jpg 420w, https:\/\/www.carideal.com\/blog\/wp-content\/uploads\/2016\/12\/28.-Photos_Calendrier_KONI-646x430.jpg 646w, https:\/\/www.carideal.com\/blog\/wp-content\/uploads\/2016\/12\/28.-Photos_Calendrier_KONI-50x33.jpg 50w, https:\/\/www.carideal.com\/blog\/wp-content\/uploads\/2016\/12\/28.-Photos_Calendrier_KONI-e1480943611796.jpg 600w\" sizes=\"(max-width: 300px) 100vw, 300px\" \/><\/a>\n\t\t\t<\/div>\n\t\t\t\t<figcaption class='wp-caption-text gallery-caption' id='gallery-1-13982'>\n\t\t\t\tCalendrier Koni 2017\n\t\t\t\t<\/figcaption><\/figure><figure class='gallery-item'>\n\t\t\t<div class='gallery-icon landscape'>\n\t\t\t\t<a href='https:\/\/www.carideal.com\/blog\/2016\/12\/05\/calendrier-koni-2017\/29-photos_calendrier_koni\/#main'><img loading=\"lazy\" decoding=\"async\" width=\"300\" height=\"200\" src=\"https:\/\/www.carideal.com\/blog\/wp-content\/uploads\/2016\/12\/29.-Photos_Calendrier_KONI-300x200.jpg\" class=\"attachment-medium size-medium\" alt=\"Calendrier Koni 2017\" aria-describedby=\"gallery-1-13983\" srcset=\"https:\/\/www.carideal.com\/blog\/wp-content\/uploads\/2016\/12\/29.-Photos_Calendrier_KONI-300x200.jpg 300w, https:\/\/www.carideal.com\/blog\/wp-content\/uploads\/2016\/12\/29.-Photos_Calendrier_KONI-768x512.jpg 768w, https:\/\/www.carideal.com\/blog\/wp-content\/uploads\/2016\/12\/29.-Photos_Calendrier_KONI-1024x682.jpg 1024w, https:\/\/www.carideal.com\/blog\/wp-content\/uploads\/2016\/12\/29.-Photos_Calendrier_KONI-110x73.jpg 110w, https:\/\/www.carideal.com\/blog\/wp-content\/uploads\/2016\/12\/29.-Photos_Calendrier_KONI-420x280.jpg 420w, https:\/\/www.carideal.com\/blog\/wp-content\/uploads\/2016\/12\/29.-Photos_Calendrier_KONI-645x430.jpg 645w, https:\/\/www.carideal.com\/blog\/wp-content\/uploads\/2016\/12\/29.-Photos_Calendrier_KONI-50x33.jpg 50w, https:\/\/www.carideal.com\/blog\/wp-content\/uploads\/2016\/12\/29.-Photos_Calendrier_KONI-e1480943642463.jpg 600w\" sizes=\"(max-width: 300px) 100vw, 300px\" \/><\/a>\n\t\t\t<\/div>\n\t\t\t\t<figcaption class='wp-caption-text gallery-caption' id='gallery-1-13983'>\n\t\t\t\tCalendrier Koni 2017\n\t\t\t\t<\/figcaption><\/figure><figure class='gallery-item'>\n\t\t\t<div class='gallery-icon landscape'>\n\t\t\t\t<a href='https:\/\/www.carideal.com\/blog\/2016\/12\/05\/calendrier-koni-2017\/30-photos_calendrier_koni\/#main'><img loading=\"lazy\" decoding=\"async\" width=\"300\" height=\"200\" src=\"https:\/\/www.carideal.com\/blog\/wp-content\/uploads\/2016\/12\/30.-Photos_Calendrier_KONI-300x200.jpg\" class=\"attachment-medium size-medium\" alt=\"Calendrier Koni 2017\" aria-describedby=\"gallery-1-13984\" srcset=\"https:\/\/www.carideal.com\/blog\/wp-content\/uploads\/2016\/12\/30.-Photos_Calendrier_KONI-300x200.jpg 300w, https:\/\/www.carideal.com\/blog\/wp-content\/uploads\/2016\/12\/30.-Photos_Calendrier_KONI-768x512.jpg 768w, https:\/\/www.carideal.com\/blog\/wp-content\/uploads\/2016\/12\/30.-Photos_Calendrier_KONI-1024x683.jpg 1024w, https:\/\/www.carideal.com\/blog\/wp-content\/uploads\/2016\/12\/30.-Photos_Calendrier_KONI-110x73.jpg 110w, https:\/\/www.carideal.com\/blog\/wp-content\/uploads\/2016\/12\/30.-Photos_Calendrier_KONI-420x280.jpg 420w, https:\/\/www.carideal.com\/blog\/wp-content\/uploads\/2016\/12\/30.-Photos_Calendrier_KONI-645x430.jpg 645w, https:\/\/www.carideal.com\/blog\/wp-content\/uploads\/2016\/12\/30.-Photos_Calendrier_KONI-50x33.jpg 50w, https:\/\/www.carideal.com\/blog\/wp-content\/uploads\/2016\/12\/30.-Photos_Calendrier_KONI-e1480943674130.jpg 600w\" sizes=\"(max-width: 300px) 100vw, 300px\" \/><\/a>\n\t\t\t<\/div>\n\t\t\t\t<figcaption class='wp-caption-text gallery-caption' id='gallery-1-13984'>\n\t\t\t\tCalendrier Koni 2017\n\t\t\t\t<\/figcaption><\/figure>\n\t\t<\/div>\n\n<h2><\/h2>\n","protected":false},"excerpt":{"rendered":"<p>Le premier Calendrier Koni 2017 Le fabricant d&rsquo;amortisseurs Koni a lanc\u00e9 en septembre l&rsquo;id\u00e9e de r\u00e9aliser un calendrier pour l&rsquo;ann\u00e9e 2017. St\u00e9phane Ducreau, le directeur de Koni France a choisi pour th\u00e8me\u00a0\u00ab Charme et \u00e9l\u00e9gance \u00e0 l&rsquo;arriv\u00e9e du P\u00e9kin Paris \u00bb le shooting a eu lieu sur la\u00a0Place Vend\u00f4me \u00e0 Paris.\u00a07 photographes ont \u00e9t\u00e9 s\u00e9lectionn\u00e9s, &#8230; <a title=\"Calendrier Koni 2017 \u00e0 collectionner\" class=\"read-more\" href=\"https:\/\/www.carideal.com\/blog\/2016\/12\/05\/calendrier-koni-2017\/\" aria-label=\"En savoir plus sur Calendrier Koni 2017 \u00e0 collectionner\">Lire plus<\/a><\/p>\n","protected":false},"author":3,"featured_media":13957,"comment_status":"open","ping_status":"open","sticky":false,"template":"","format":"standard","meta":{"_uag_custom_page_level_css":"","_themeisle_gutenberg_block_has_review":false,"footnotes":""},"categories":[9,5994],"tags":[],"class_list":["post-13956","post","type-post","status-publish","format-standard","has-post-thumbnail","hentry","category-divers","category-fun"],"wppr_data":{"cwp_meta_box_check":"No"},"yoast_head":"<!-- This site is optimized with the Yoast SEO plugin v24.8.1 - https:\/\/yoast.com\/wordpress\/plugins\/seo\/ -->\n<title>Calendrier Koni 2017 \u00e0 collectionner - Blog auto Carid\u00e9al<\/title>\n<meta name=\"description\" content=\"Le Calendrier Koni 2017 sera diffus\u00e9 \u00e0 500 exemplaires et devrait faire partie des calendriers recherch\u00e9s par les collectionneurs et amateurs\" \/>\n<meta name=\"robots\" content=\"index, follow, max-snippet:-1, max-image-preview:large, max-video-preview:-1\" \/>\n<link rel=\"canonical\" href=\"https:\/\/www.carideal.com\/blog\/2016\/12\/05\/calendrier-koni-2017\/\" \/>\n<meta property=\"og:locale\" content=\"fr_FR\" \/>\n<meta property=\"og:type\" content=\"article\" \/>\n<meta property=\"og:title\" content=\"Calendrier Koni 2017 \u00e0 collectionner - Blog auto Carid\u00e9al\" \/>\n<meta property=\"og:description\" content=\"Le Calendrier Koni 2017 sera diffus\u00e9 \u00e0 500 exemplaires et devrait faire partie des calendriers recherch\u00e9s par les collectionneurs et amateurs\" \/>\n<meta property=\"og:url\" content=\"https:\/\/www.carideal.com\/blog\/2016\/12\/05\/calendrier-koni-2017\/\" \/>\n<meta property=\"og:site_name\" content=\"Blog auto Carid\u00e9al\" \/>\n<meta property=\"article:publisher\" content=\"https:\/\/www.facebook.com\/Carideal.mandataire.automobile\" \/>\n<meta property=\"article:author\" content=\"https:\/\/www.facebook.com\/nicolas.schiavon.39\" \/>\n<meta property=\"article:published_time\" content=\"2016-12-05T15:58:21+00:00\" \/>\n<meta property=\"article:modified_time\" content=\"2017-03-11T08:13:51+00:00\" \/>\n<meta property=\"og:image\" content=\"https:\/\/www.carideal.com\/blog\/wp-content\/uploads\/2016\/12\/01.-Photos_Calendrier_KONI-e1480942715171.jpg\" \/>\n\t<meta property=\"og:image:width\" content=\"800\" \/>\n\t<meta property=\"og:image:height\" content=\"533\" \/>\n\t<meta property=\"og:image:type\" content=\"image\/jpeg\" \/>\n<meta name=\"author\" content=\"Nicolas SCHIAVON\" \/>\n<meta name=\"twitter:card\" content=\"summary_large_image\" \/>\n<meta name=\"twitter:creator\" content=\"@caridealauto\" \/>\n<meta name=\"twitter:site\" content=\"@caridealauto\" \/>\n<meta name=\"twitter:label1\" content=\"\u00c9crit par\" \/>\n\t<meta name=\"twitter:data1\" content=\"Nicolas SCHIAVON\" \/>\n\t<meta name=\"twitter:label2\" content=\"Dur\u00e9e de lecture estim\u00e9e\" \/>\n\t<meta name=\"twitter:data2\" content=\"1 minute\" \/>\n<script type=\"application\/ld+json\" class=\"yoast-schema-graph\">{\"@context\":\"https:\/\/schema.org\",\"@graph\":[{\"@type\":\"Article\",\"@id\":\"https:\/\/www.carideal.com\/blog\/2016\/12\/05\/calendrier-koni-2017\/#article\",\"isPartOf\":{\"@id\":\"https:\/\/www.carideal.com\/blog\/2016\/12\/05\/calendrier-koni-2017\/\"},\"author\":{\"name\":\"Nicolas SCHIAVON\",\"@id\":\"https:\/\/www.carideal.com\/blog\/#\/schema\/person\/cd95dc7919660de90d31b366f85be1ec\"},\"headline\":\"Calendrier Koni 2017 \u00e0 collectionner\",\"datePublished\":\"2016-12-05T15:58:21+00:00\",\"dateModified\":\"2017-03-11T08:13:51+00:00\",\"mainEntityOfPage\":{\"@id\":\"https:\/\/www.carideal.com\/blog\/2016\/12\/05\/calendrier-koni-2017\/\"},\"wordCount\":295,\"commentCount\":0,\"publisher\":{\"@id\":\"https:\/\/www.carideal.com\/blog\/#organization\"},\"image\":{\"@id\":\"https:\/\/www.carideal.com\/blog\/2016\/12\/05\/calendrier-koni-2017\/#primaryimage\"},\"thumbnailUrl\":\"https:\/\/www.carideal.com\/blog\/wp-content\/uploads\/2016\/12\/01.-Photos_Calendrier_KONI-e1480942715171.jpg\",\"articleSection\":[\"Divers\",\"Fun\"],\"inLanguage\":\"fr-FR\",\"potentialAction\":[{\"@type\":\"CommentAction\",\"name\":\"Comment\",\"target\":[\"https:\/\/www.carideal.com\/blog\/2016\/12\/05\/calendrier-koni-2017\/#respond\"]}]},{\"@type\":\"WebPage\",\"@id\":\"https:\/\/www.carideal.com\/blog\/2016\/12\/05\/calendrier-koni-2017\/\",\"url\":\"https:\/\/www.carideal.com\/blog\/2016\/12\/05\/calendrier-koni-2017\/\",\"name\":\"Calendrier Koni 2017 \u00e0 collectionner - Blog auto Carid\u00e9al\",\"isPartOf\":{\"@id\":\"https:\/\/www.carideal.com\/blog\/#website\"},\"primaryImageOfPage\":{\"@id\":\"https:\/\/www.carideal.com\/blog\/2016\/12\/05\/calendrier-koni-2017\/#primaryimage\"},\"image\":{\"@id\":\"https:\/\/www.carideal.com\/blog\/2016\/12\/05\/calendrier-koni-2017\/#primaryimage\"},\"thumbnailUrl\":\"https:\/\/www.carideal.com\/blog\/wp-content\/uploads\/2016\/12\/01.-Photos_Calendrier_KONI-e1480942715171.jpg\",\"datePublished\":\"2016-12-05T15:58:21+00:00\",\"dateModified\":\"2017-03-11T08:13:51+00:00\",\"description\":\"Le Calendrier Koni 2017 sera diffus\u00e9 \u00e0 500 exemplaires et devrait faire partie des calendriers recherch\u00e9s par les collectionneurs et amateurs\",\"breadcrumb\":{\"@id\":\"https:\/\/www.carideal.com\/blog\/2016\/12\/05\/calendrier-koni-2017\/#breadcrumb\"},\"inLanguage\":\"fr-FR\",\"potentialAction\":[{\"@type\":\"ReadAction\",\"target\":[\"https:\/\/www.carideal.com\/blog\/2016\/12\/05\/calendrier-koni-2017\/\"]}]},{\"@type\":\"ImageObject\",\"inLanguage\":\"fr-FR\",\"@id\":\"https:\/\/www.carideal.com\/blog\/2016\/12\/05\/calendrier-koni-2017\/#primaryimage\",\"url\":\"https:\/\/www.carideal.com\/blog\/wp-content\/uploads\/2016\/12\/01.-Photos_Calendrier_KONI-e1480942715171.jpg\",\"contentUrl\":\"https:\/\/www.carideal.com\/blog\/wp-content\/uploads\/2016\/12\/01.-Photos_Calendrier_KONI-e1480942715171.jpg\",\"width\":800,\"height\":533,\"caption\":\"Calendrier Koni 2017\"},{\"@type\":\"BreadcrumbList\",\"@id\":\"https:\/\/www.carideal.com\/blog\/2016\/12\/05\/calendrier-koni-2017\/#breadcrumb\",\"itemListElement\":[{\"@type\":\"ListItem\",\"position\":1,\"name\":\"Blog Carid\u00e9al\",\"item\":\"https:\/\/www.carideal.com\/blog\/\"},{\"@type\":\"ListItem\",\"position\":2,\"name\":\"Divers\",\"item\":\"https:\/\/www.carideal.com\/blog\/divers\/\"},{\"@type\":\"ListItem\",\"position\":3,\"name\":\"Calendrier Koni 2017 \u00e0 collectionner\"}]},{\"@type\":\"WebSite\",\"@id\":\"https:\/\/www.carideal.com\/blog\/#website\",\"url\":\"https:\/\/www.carideal.com\/blog\/\",\"name\":\"Blog auto Carid\u00e9al\",\"description\":\"Actualit\u00e9 auto par des passionn\u00e9s\",\"publisher\":{\"@id\":\"https:\/\/www.carideal.com\/blog\/#organization\"},\"potentialAction\":[{\"@type\":\"SearchAction\",\"target\":{\"@type\":\"EntryPoint\",\"urlTemplate\":\"https:\/\/www.carideal.com\/blog\/?s={search_term_string}\"},\"query-input\":{\"@type\":\"PropertyValueSpecification\",\"valueRequired\":true,\"valueName\":\"search_term_string\"}}],\"inLanguage\":\"fr-FR\"},{\"@type\":\"Organization\",\"@id\":\"https:\/\/www.carideal.com\/blog\/#organization\",\"name\":\"Carideal\",\"url\":\"https:\/\/www.carideal.com\/blog\/\",\"logo\":{\"@type\":\"ImageObject\",\"inLanguage\":\"fr-FR\",\"@id\":\"https:\/\/www.carideal.com\/blog\/#\/schema\/logo\/image\/\",\"url\":\"http:\/\/www.carideal.com\/blog\/wp-content\/uploads\/2016\/03\/logo-carideal-mandataire-automobile.png\",\"contentUrl\":\"http:\/\/www.carideal.com\/blog\/wp-content\/uploads\/2016\/03\/logo-carideal-mandataire-automobile.png\",\"width\":300,\"height\":300,\"caption\":\"Carideal\"},\"image\":{\"@id\":\"https:\/\/www.carideal.com\/blog\/#\/schema\/logo\/image\/\"},\"sameAs\":[\"https:\/\/www.facebook.com\/Carideal.mandataire.automobile\",\"https:\/\/x.com\/caridealauto\",\"https:\/\/www.instagram.com\/carideal1\/\",\"https:\/\/www.linkedin.com\/company\/carideal.com\",\"https:\/\/fr.pinterest.com\/schiavonsas\/\",\"https:\/\/www.youtube.com\/user\/caridealsas\"]},{\"@type\":\"Person\",\"@id\":\"https:\/\/www.carideal.com\/blog\/#\/schema\/person\/cd95dc7919660de90d31b366f85be1ec\",\"name\":\"Nicolas SCHIAVON\",\"image\":{\"@type\":\"ImageObject\",\"inLanguage\":\"fr-FR\",\"@id\":\"https:\/\/www.carideal.com\/blog\/#\/schema\/person\/image\/\",\"url\":\"https:\/\/secure.gravatar.com\/avatar\/c17e55009e671d92cc7f5dc837dc418a?s=96&r=g\",\"contentUrl\":\"https:\/\/secure.gravatar.com\/avatar\/c17e55009e671d92cc7f5dc837dc418a?s=96&r=g\",\"caption\":\"Nicolas SCHIAVON\"},\"description\":\"Nicolas Schiavon est tomb\u00e9 tout petit dans la marmite automobile. Ayant eu un garage de marque automobile, mandataire automobile de la premi\u00e8re heure d\u00e8s 1999. Nicolas a cr\u00e9\u00e9 ces premiers sites de vente de voiture et blog automobile d\u00e8s 1994. Carideal est n\u00e9 le 15 d\u00e9cembre 2000 de la volont\u00e9 de vendre des voitures d'occasions en ligne puis des voitures neuves. Il a pu essayer beaucoup de voitures tr\u00e8s diff\u00e9rentes et ayant eu personnellement quelques belles autos, Subaru Impreza, Mitsubishi Lancer Evo 7, Porsche 911, Ferrari Testarrossa, Audi RS3, RS4 et j'en passe...\",\"sameAs\":[\"http:\/\/www.carideal.com\",\"https:\/\/www.facebook.com\/nicolas.schiavon.39\",\"https:\/\/www.instagram.com\/carideal1\/\",\"https:\/\/www.linkedin.com\/in\/nschiavon\/\",\"https:\/\/x.com\/caridealauto\",\"https:\/\/www.youtube.com\/user\/caridealsas\/\"],\"url\":\"https:\/\/www.carideal.com\/blog\/author\/nschiavon\/\"}]}<\/script>\n<!-- \/ Yoast SEO plugin. -->","yoast_head_json":{"title":"Calendrier Koni 2017 \u00e0 collectionner - Blog auto Carid\u00e9al","description":"Le Calendrier Koni 2017 sera diffus\u00e9 \u00e0 500 exemplaires et devrait faire partie des calendriers recherch\u00e9s par les collectionneurs et amateurs","robots":{"index":"index","follow":"follow","max-snippet":"max-snippet:-1","max-image-preview":"max-image-preview:large","max-video-preview":"max-video-preview:-1"},"canonical":"https:\/\/www.carideal.com\/blog\/2016\/12\/05\/calendrier-koni-2017\/","og_locale":"fr_FR","og_type":"article","og_title":"Calendrier Koni 2017 \u00e0 collectionner - Blog auto Carid\u00e9al","og_description":"Le Calendrier Koni 2017 sera diffus\u00e9 \u00e0 500 exemplaires et devrait faire partie des calendriers recherch\u00e9s par les collectionneurs et amateurs","og_url":"https:\/\/www.carideal.com\/blog\/2016\/12\/05\/calendrier-koni-2017\/","og_site_name":"Blog auto Carid\u00e9al","article_publisher":"https:\/\/www.facebook.com\/Carideal.mandataire.automobile","article_author":"https:\/\/www.facebook.com\/nicolas.schiavon.39","article_published_time":"2016-12-05T15:58:21+00:00","article_modified_time":"2017-03-11T08:13:51+00:00","og_image":[{"width":800,"height":533,"url":"https:\/\/www.carideal.com\/blog\/wp-content\/uploads\/2016\/12\/01.-Photos_Calendrier_KONI-e1480942715171.jpg","type":"image\/jpeg"}],"author":"Nicolas SCHIAVON","twitter_card":"summary_large_image","twitter_creator":"@caridealauto","twitter_site":"@caridealauto","twitter_misc":{"\u00c9crit par":"Nicolas SCHIAVON","Dur\u00e9e de lecture estim\u00e9e":"1 minute"},"schema":{"@context":"https:\/\/schema.org","@graph":[{"@type":"Article","@id":"https:\/\/www.carideal.com\/blog\/2016\/12\/05\/calendrier-koni-2017\/#article","isPartOf":{"@id":"https:\/\/www.carideal.com\/blog\/2016\/12\/05\/calendrier-koni-2017\/"},"author":{"name":"Nicolas SCHIAVON","@id":"https:\/\/www.carideal.com\/blog\/#\/schema\/person\/cd95dc7919660de90d31b366f85be1ec"},"headline":"Calendrier Koni 2017 \u00e0 collectionner","datePublished":"2016-12-05T15:58:21+00:00","dateModified":"2017-03-11T08:13:51+00:00","mainEntityOfPage":{"@id":"https:\/\/www.carideal.com\/blog\/2016\/12\/05\/calendrier-koni-2017\/"},"wordCount":295,"commentCount":0,"publisher":{"@id":"https:\/\/www.carideal.com\/blog\/#organization"},"image":{"@id":"https:\/\/www.carideal.com\/blog\/2016\/12\/05\/calendrier-koni-2017\/#primaryimage"},"thumbnailUrl":"https:\/\/www.carideal.com\/blog\/wp-content\/uploads\/2016\/12\/01.-Photos_Calendrier_KONI-e1480942715171.jpg","articleSection":["Divers","Fun"],"inLanguage":"fr-FR","potentialAction":[{"@type":"CommentAction","name":"Comment","target":["https:\/\/www.carideal.com\/blog\/2016\/12\/05\/calendrier-koni-2017\/#respond"]}]},{"@type":"WebPage","@id":"https:\/\/www.carideal.com\/blog\/2016\/12\/05\/calendrier-koni-2017\/","url":"https:\/\/www.carideal.com\/blog\/2016\/12\/05\/calendrier-koni-2017\/","name":"Calendrier Koni 2017 \u00e0 collectionner - Blog auto Carid\u00e9al","isPartOf":{"@id":"https:\/\/www.carideal.com\/blog\/#website"},"primaryImageOfPage":{"@id":"https:\/\/www.carideal.com\/blog\/2016\/12\/05\/calendrier-koni-2017\/#primaryimage"},"image":{"@id":"https:\/\/www.carideal.com\/blog\/2016\/12\/05\/calendrier-koni-2017\/#primaryimage"},"thumbnailUrl":"https:\/\/www.carideal.com\/blog\/wp-content\/uploads\/2016\/12\/01.-Photos_Calendrier_KONI-e1480942715171.jpg","datePublished":"2016-12-05T15:58:21+00:00","dateModified":"2017-03-11T08:13:51+00:00","description":"Le Calendrier Koni 2017 sera diffus\u00e9 \u00e0 500 exemplaires et devrait faire partie des calendriers recherch\u00e9s par les collectionneurs et amateurs","breadcrumb":{"@id":"https:\/\/www.carideal.com\/blog\/2016\/12\/05\/calendrier-koni-2017\/#breadcrumb"},"inLanguage":"fr-FR","potentialAction":[{"@type":"ReadAction","target":["https:\/\/www.carideal.com\/blog\/2016\/12\/05\/calendrier-koni-2017\/"]}]},{"@type":"ImageObject","inLanguage":"fr-FR","@id":"https:\/\/www.carideal.com\/blog\/2016\/12\/05\/calendrier-koni-2017\/#primaryimage","url":"https:\/\/www.carideal.com\/blog\/wp-content\/uploads\/2016\/12\/01.-Photos_Calendrier_KONI-e1480942715171.jpg","contentUrl":"https:\/\/www.carideal.com\/blog\/wp-content\/uploads\/2016\/12\/01.-Photos_Calendrier_KONI-e1480942715171.jpg","width":800,"height":533,"caption":"Calendrier Koni 2017"},{"@type":"BreadcrumbList","@id":"https:\/\/www.carideal.com\/blog\/2016\/12\/05\/calendrier-koni-2017\/#breadcrumb","itemListElement":[{"@type":"ListItem","position":1,"name":"Blog Carid\u00e9al","item":"https:\/\/www.carideal.com\/blog\/"},{"@type":"ListItem","position":2,"name":"Divers","item":"https:\/\/www.carideal.com\/blog\/divers\/"},{"@type":"ListItem","position":3,"name":"Calendrier Koni 2017 \u00e0 collectionner"}]},{"@type":"WebSite","@id":"https:\/\/www.carideal.com\/blog\/#website","url":"https:\/\/www.carideal.com\/blog\/","name":"Blog auto Carid\u00e9al","description":"Actualit\u00e9 auto par des passionn\u00e9s","publisher":{"@id":"https:\/\/www.carideal.com\/blog\/#organization"},"potentialAction":[{"@type":"SearchAction","target":{"@type":"EntryPoint","urlTemplate":"https:\/\/www.carideal.com\/blog\/?s={search_term_string}"},"query-input":{"@type":"PropertyValueSpecification","valueRequired":true,"valueName":"search_term_string"}}],"inLanguage":"fr-FR"},{"@type":"Organization","@id":"https:\/\/www.carideal.com\/blog\/#organization","name":"Carideal","url":"https:\/\/www.carideal.com\/blog\/","logo":{"@type":"ImageObject","inLanguage":"fr-FR","@id":"https:\/\/www.carideal.com\/blog\/#\/schema\/logo\/image\/","url":"http:\/\/www.carideal.com\/blog\/wp-content\/uploads\/2016\/03\/logo-carideal-mandataire-automobile.png","contentUrl":"http:\/\/www.carideal.com\/blog\/wp-content\/uploads\/2016\/03\/logo-carideal-mandataire-automobile.png","width":300,"height":300,"caption":"Carideal"},"image":{"@id":"https:\/\/www.carideal.com\/blog\/#\/schema\/logo\/image\/"},"sameAs":["https:\/\/www.facebook.com\/Carideal.mandataire.automobile","https:\/\/x.com\/caridealauto","https:\/\/www.instagram.com\/carideal1\/","https:\/\/www.linkedin.com\/company\/carideal.com","https:\/\/fr.pinterest.com\/schiavonsas\/","https:\/\/www.youtube.com\/user\/caridealsas"]},{"@type":"Person","@id":"https:\/\/www.carideal.com\/blog\/#\/schema\/person\/cd95dc7919660de90d31b366f85be1ec","name":"Nicolas SCHIAVON","image":{"@type":"ImageObject","inLanguage":"fr-FR","@id":"https:\/\/www.carideal.com\/blog\/#\/schema\/person\/image\/","url":"https:\/\/secure.gravatar.com\/avatar\/c17e55009e671d92cc7f5dc837dc418a?s=96&r=g","contentUrl":"https:\/\/secure.gravatar.com\/avatar\/c17e55009e671d92cc7f5dc837dc418a?s=96&r=g","caption":"Nicolas SCHIAVON"},"description":"Nicolas Schiavon est tomb\u00e9 tout petit dans la marmite automobile. Ayant eu un garage de marque automobile, mandataire automobile de la premi\u00e8re heure d\u00e8s 1999. Nicolas a cr\u00e9\u00e9 ces premiers sites de vente de voiture et blog automobile d\u00e8s 1994. Carideal est n\u00e9 le 15 d\u00e9cembre 2000 de la volont\u00e9 de vendre des voitures d'occasions en ligne puis des voitures neuves. Il a pu essayer beaucoup de voitures tr\u00e8s diff\u00e9rentes et ayant eu personnellement quelques belles autos, Subaru Impreza, Mitsubishi Lancer Evo 7, Porsche 911, Ferrari Testarrossa, Audi RS3, RS4 et j'en passe...","sameAs":["http:\/\/www.carideal.com","https:\/\/www.facebook.com\/nicolas.schiavon.39","https:\/\/www.instagram.com\/carideal1\/","https:\/\/www.linkedin.com\/in\/nschiavon\/","https:\/\/x.com\/caridealauto","https:\/\/www.youtube.com\/user\/caridealsas\/"],"url":"https:\/\/www.carideal.com\/blog\/author\/nschiavon\/"}]}},"uagb_featured_image_src":{"full":["https:\/\/www.carideal.com\/blog\/wp-content\/uploads\/2016\/12\/01.-Photos_Calendrier_KONI-e1480942715171.jpg",800,533,false],"thumbnail":["https:\/\/www.carideal.com\/blog\/wp-content\/uploads\/2016\/12\/01.-Photos_Calendrier_KONI-150x150.jpg",150,150,true],"medium":["https:\/\/www.carideal.com\/blog\/wp-content\/uploads\/2016\/12\/01.-Photos_Calendrier_KONI-300x200.jpg",300,200,true],"medium_large":["https:\/\/www.carideal.com\/blog\/wp-content\/uploads\/2016\/12\/01.-Photos_Calendrier_KONI-768x512.jpg",768,512,true],"large":["https:\/\/www.carideal.com\/blog\/wp-content\/uploads\/2016\/12\/01.-Photos_Calendrier_KONI-1024x682.jpg",1024,682,true],"1536x1536":["https:\/\/www.carideal.com\/blog\/wp-content\/uploads\/2016\/12\/01.-Photos_Calendrier_KONI-e1480942715171.jpg",800,533,false],"2048x2048":["https:\/\/www.carideal.com\/blog\/wp-content\/uploads\/2016\/12\/01.-Photos_Calendrier_KONI-e1480942715171.jpg",800,533,false],"wppr-widget":["https:\/\/www.carideal.com\/blog\/wp-content\/uploads\/2016\/12\/01.-Photos_Calendrier_KONI-e1480942715171.jpg",50,33,false]},"uagb_author_info":{"display_name":"Nicolas SCHIAVON","author_link":"https:\/\/www.carideal.com\/blog\/author\/nschiavon\/"},"uagb_comment_info":0,"uagb_excerpt":"Le premier Calendrier Koni 2017 Le fabricant d'amortisseurs Koni a lanc\u00e9 en septembre l'id\u00e9e de r\u00e9aliser un calendrier pour l'ann\u00e9e 2017. St\u00e9phane Ducreau, le directeur de Koni France a choisi pour th\u00e8me\u00a0\u00ab Charme et \u00e9l\u00e9gance \u00e0 l'arriv\u00e9e du P\u00e9kin Paris \u00bb le shooting a eu lieu sur la\u00a0Place Vend\u00f4me \u00e0 Paris.\u00a07 photographes ont \u00e9t\u00e9 s\u00e9lectionn\u00e9s,\u2026","_links":{"self":[{"href":"https:\/\/www.carideal.com\/blog\/wp-json\/wp\/v2\/posts\/13956"}],"collection":[{"href":"https:\/\/www.carideal.com\/blog\/wp-json\/wp\/v2\/posts"}],"about":[{"href":"https:\/\/www.carideal.com\/blog\/wp-json\/wp\/v2\/types\/post"}],"author":[{"embeddable":true,"href":"https:\/\/www.carideal.com\/blog\/wp-json\/wp\/v2\/users\/3"}],"replies":[{"embeddable":true,"href":"https:\/\/www.carideal.com\/blog\/wp-json\/wp\/v2\/comments?post=13956"}],"version-history":[{"count":0,"href":"https:\/\/www.carideal.com\/blog\/wp-json\/wp\/v2\/posts\/13956\/revisions"}],"wp:featuredmedia":[{"embeddable":true,"href":"https:\/\/www.carideal.com\/blog\/wp-json\/wp\/v2\/media\/13957"}],"wp:attachment":[{"href":"https:\/\/www.carideal.com\/blog\/wp-json\/wp\/v2\/media?parent=13956"}],"wp:term":[{"taxonomy":"category","embeddable":true,"href":"https:\/\/www.carideal.com\/blog\/wp-json\/wp\/v2\/categories?post=13956"},{"taxonomy":"post_tag","embeddable":true,"href":"https:\/\/www.carideal.com\/blog\/wp-json\/wp\/v2\/tags?post=13956"}],"curies":[{"name":"wp","href":"https:\/\/api.w.org\/{rel}","templated":true}]}}