{"id":1390,"date":"2013-06-03T11:55:00","date_gmt":"2013-06-03T11:55:00","guid":{"rendered":"http:\/\/carideal.com\/blog\/?p=1390"},"modified":"2019-01-29T11:26:44","modified_gmt":"2019-01-29T10:26:44","slug":"jeep-grand-cherokee","status":"publish","type":"post","link":"https:\/\/www.carideal.com\/blog\/2013\/06\/03\/jeep-grand-cherokee\/","title":{"rendered":"Jeep Grand Cherokee 2013"},"content":{"rendered":"<h2><strong>Ce Nouveau Jeep Grand Cherokee 2013 sera commercialis\u00e9 en Juillet<\/strong><\/h2>\n<p>Ce nouveau <a href=\"http:\/\/www.carideal.com\/blog\/marque-de-voiture-actualites-essais\/jeep\/\">Jeep<\/a> Grand Cherokee sera disponible en Juillet \u00e0 partir de 47000 \u20ac avec 2 moteurs \u00e0 essence de 286 et 468 ch et deux moteurs diesels de 190 et 241 ch. Le Grand Cherokee datait de 2010 et il avait besoin d'un coup de jeune et c'est chose faite avec cette version moins \"baroudeuse\" le pare-choc et la calandre sont int\u00e9gr\u00e9s dans le design g\u00e9n\u00e9ral de la voiture et le hayon et les feux arri\u00e8res sont redessin\u00e9s. Comme bon nombres de voitures actuellement, le Grand Cherokee s'\u00e9quipe d'un \u00e9cran tactile de 8.4 pouces et d'une nouvelle boite de vitesse automatique \u00e0 huit rapports au lieu de 5 sur l'ancienne version.<\/p>\n","protected":false},"excerpt":{"rendered":"<p>Ce Nouveau Jeep Grand Cherokee 2013 sera commercialis\u00e9 en Juillet Ce nouveau Jeep Grand Cherokee sera disponible en Juillet \u00e0 partir de 47000 \u20ac avec 2 moteurs \u00e0 essence de 286 et 468 ch et deux moteurs diesels de 190 et 241 ch. Le Grand Cherokee datait de 2010 et il avait besoin d&rsquo;un coup &#8230; <a title=\"Jeep Grand Cherokee 2013\" class=\"read-more\" href=\"https:\/\/www.carideal.com\/blog\/2013\/06\/03\/jeep-grand-cherokee\/\" aria-label=\"En savoir plus sur Jeep Grand Cherokee 2013\">Lire plus<\/a><\/p>\n","protected":false},"author":1,"featured_media":15004,"comment_status":"open","ping_status":"open","sticky":false,"template":"","format":"standard","meta":{"_uag_custom_page_level_css":"","_themeisle_gutenberg_block_has_review":false,"footnotes":""},"categories":[5944,6106,6010,5974],"tags":[],"class_list":["post-1390","post","type-post","status-publish","format-standard","has-post-thumbnail","hentry","category-constructeur","category-jeep","category-suv","category-type-de-vehicule"],"wppr_data":{"cwp_meta_box_check":"No"},"yoast_head":"<!-- This site is optimized with the Yoast SEO plugin v24.8.1 - https:\/\/yoast.com\/wordpress\/plugins\/seo\/ -->\n<title>Jeep Grand Cherokee 2013 - Blog auto Carid\u00e9al<\/title>\n<meta name=\"robots\" content=\"noindex, follow\" \/>\n<meta property=\"og:locale\" content=\"fr_FR\" \/>\n<meta property=\"og:type\" content=\"article\" \/>\n<meta property=\"og:title\" content=\"Jeep Grand Cherokee 2013 - Blog auto Carid\u00e9al\" \/>\n<meta property=\"og:description\" content=\"Ce Nouveau Jeep Grand Cherokee 2013 sera commercialis\u00e9 en Juillet Ce nouveau Jeep Grand Cherokee sera disponible en Juillet \u00e0 partir de 47000 \u20ac avec 2 moteurs \u00e0 essence de 286 et 468 ch et deux moteurs diesels de 190 et 241 ch. Le Grand Cherokee datait de 2010 et il avait besoin d&#039;un coup ... Lire plus\" \/>\n<meta property=\"og:url\" content=\"https:\/\/www.carideal.com\/blog\/2013\/06\/03\/jeep-grand-cherokee\/\" \/>\n<meta property=\"og:site_name\" content=\"Blog auto Carid\u00e9al\" \/>\n<meta property=\"article:publisher\" content=\"https:\/\/www.facebook.com\/Carideal.mandataire.automobile\" \/>\n<meta property=\"article:author\" content=\"https:\/\/www.facebook.com\/Carideal.mandataire.automobile\/\" \/>\n<meta property=\"article:published_time\" content=\"2013-06-03T11:55:00+00:00\" \/>\n<meta property=\"article:modified_time\" content=\"2019-01-29T10:26:44+00:00\" \/>\n<meta property=\"og:image\" content=\"https:\/\/www.carideal.com\/blog\/wp-content\/uploads\/2013\/06\/jeep-grand-cherokee-2014-carideal-blog-automobile_m.jpg\" \/>\n\t<meta property=\"og:image:width\" content=\"448\" \/>\n\t<meta property=\"og:image:height\" content=\"298\" \/>\n\t<meta property=\"og:image:type\" content=\"image\/jpeg\" \/>\n<meta name=\"author\" content=\"N.S Carideal\" \/>\n<meta name=\"twitter:card\" content=\"summary_large_image\" \/>\n<meta name=\"twitter:creator\" content=\"@caridealauto\" \/>\n<meta name=\"twitter:site\" content=\"@caridealauto\" \/>\n<meta name=\"twitter:label1\" content=\"\u00c9crit par\" \/>\n\t<meta name=\"twitter:data1\" content=\"N.S Carideal\" \/>\n\t<meta name=\"twitter:label2\" content=\"Dur\u00e9e de lecture estim\u00e9e\" \/>\n\t<meta name=\"twitter:data2\" content=\"1 minute\" \/>\n<script type=\"application\/ld+json\" class=\"yoast-schema-graph\">{\"@context\":\"https:\/\/schema.org\",\"@graph\":[{\"@type\":\"Article\",\"@id\":\"https:\/\/www.carideal.com\/blog\/2013\/06\/03\/jeep-grand-cherokee\/#article\",\"isPartOf\":{\"@id\":\"https:\/\/www.carideal.com\/blog\/2013\/06\/03\/jeep-grand-cherokee\/\"},\"author\":{\"name\":\"N.S Carideal\",\"@id\":\"https:\/\/www.carideal.com\/blog\/#\/schema\/person\/985c7e757d1042d647f21bfaf8d41ebc\"},\"headline\":\"Jeep Grand Cherokee 2013\",\"datePublished\":\"2013-06-03T11:55:00+00:00\",\"dateModified\":\"2019-01-29T10:26:44+00:00\",\"mainEntityOfPage\":{\"@id\":\"https:\/\/www.carideal.com\/blog\/2013\/06\/03\/jeep-grand-cherokee\/\"},\"wordCount\":118,\"commentCount\":0,\"publisher\":{\"@id\":\"https:\/\/www.carideal.com\/blog\/#organization\"},\"image\":{\"@id\":\"https:\/\/www.carideal.com\/blog\/2013\/06\/03\/jeep-grand-cherokee\/#primaryimage\"},\"thumbnailUrl\":\"https:\/\/www.carideal.com\/blog\/wp-content\/uploads\/2013\/06\/jeep-grand-cherokee-2014-carideal-blog-automobile_m.jpg\",\"articleSection\":[\"Actualit\u00e9 Constructeur automobile\",\"Actualit\u00e9 Jeep\",\"SUV\",\"Type de v\u00e9hicule\"],\"inLanguage\":\"fr-FR\",\"potentialAction\":[{\"@type\":\"CommentAction\",\"name\":\"Comment\",\"target\":[\"https:\/\/www.carideal.com\/blog\/2013\/06\/03\/jeep-grand-cherokee\/#respond\"]}]},{\"@type\":\"WebPage\",\"@id\":\"https:\/\/www.carideal.com\/blog\/2013\/06\/03\/jeep-grand-cherokee\/\",\"url\":\"https:\/\/www.carideal.com\/blog\/2013\/06\/03\/jeep-grand-cherokee\/\",\"name\":\"Jeep Grand Cherokee 2013 - Blog auto Carid\u00e9al\",\"isPartOf\":{\"@id\":\"https:\/\/www.carideal.com\/blog\/#website\"},\"primaryImageOfPage\":{\"@id\":\"https:\/\/www.carideal.com\/blog\/2013\/06\/03\/jeep-grand-cherokee\/#primaryimage\"},\"image\":{\"@id\":\"https:\/\/www.carideal.com\/blog\/2013\/06\/03\/jeep-grand-cherokee\/#primaryimage\"},\"thumbnailUrl\":\"https:\/\/www.carideal.com\/blog\/wp-content\/uploads\/2013\/06\/jeep-grand-cherokee-2014-carideal-blog-automobile_m.jpg\",\"datePublished\":\"2013-06-03T11:55:00+00:00\",\"dateModified\":\"2019-01-29T10:26:44+00:00\",\"breadcrumb\":{\"@id\":\"https:\/\/www.carideal.com\/blog\/2013\/06\/03\/jeep-grand-cherokee\/#breadcrumb\"},\"inLanguage\":\"fr-FR\",\"potentialAction\":[{\"@type\":\"ReadAction\",\"target\":[\"https:\/\/www.carideal.com\/blog\/2013\/06\/03\/jeep-grand-cherokee\/\"]}]},{\"@type\":\"ImageObject\",\"inLanguage\":\"fr-FR\",\"@id\":\"https:\/\/www.carideal.com\/blog\/2013\/06\/03\/jeep-grand-cherokee\/#primaryimage\",\"url\":\"https:\/\/www.carideal.com\/blog\/wp-content\/uploads\/2013\/06\/jeep-grand-cherokee-2014-carideal-blog-automobile_m.jpg\",\"contentUrl\":\"https:\/\/www.carideal.com\/blog\/wp-content\/uploads\/2013\/06\/jeep-grand-cherokee-2014-carideal-blog-automobile_m.jpg\",\"width\":448,\"height\":298,\"caption\":\"Jeep Grand Cherokee 3\"},{\"@type\":\"BreadcrumbList\",\"@id\":\"https:\/\/www.carideal.com\/blog\/2013\/06\/03\/jeep-grand-cherokee\/#breadcrumb\",\"itemListElement\":[{\"@type\":\"ListItem\",\"position\":1,\"name\":\"Blog Carid\u00e9al\",\"item\":\"https:\/\/www.carideal.com\/blog\/\"},{\"@type\":\"ListItem\",\"position\":2,\"name\":\"Actualit\u00e9 constructeur automobile\",\"item\":\"https:\/\/www.carideal.com\/blog\/constructeur\/\"},{\"@type\":\"ListItem\",\"position\":3,\"name\":\"Actualit\u00e9 Jeep\",\"item\":\"https:\/\/www.carideal.com\/blog\/constructeur\/jeep\/\"},{\"@type\":\"ListItem\",\"position\":4,\"name\":\"Jeep Grand Cherokee 2013\"}]},{\"@type\":\"WebSite\",\"@id\":\"https:\/\/www.carideal.com\/blog\/#website\",\"url\":\"https:\/\/www.carideal.com\/blog\/\",\"name\":\"Blog auto Carid\u00e9al\",\"description\":\"Actualit\u00e9 auto par des passionn\u00e9s\",\"publisher\":{\"@id\":\"https:\/\/www.carideal.com\/blog\/#organization\"},\"potentialAction\":[{\"@type\":\"SearchAction\",\"target\":{\"@type\":\"EntryPoint\",\"urlTemplate\":\"https:\/\/www.carideal.com\/blog\/?s={search_term_string}\"},\"query-input\":{\"@type\":\"PropertyValueSpecification\",\"valueRequired\":true,\"valueName\":\"search_term_string\"}}],\"inLanguage\":\"fr-FR\"},{\"@type\":\"Organization\",\"@id\":\"https:\/\/www.carideal.com\/blog\/#organization\",\"name\":\"Carideal\",\"url\":\"https:\/\/www.carideal.com\/blog\/\",\"logo\":{\"@type\":\"ImageObject\",\"inLanguage\":\"fr-FR\",\"@id\":\"https:\/\/www.carideal.com\/blog\/#\/schema\/logo\/image\/\",\"url\":\"http:\/\/www.carideal.com\/blog\/wp-content\/uploads\/2016\/03\/logo-carideal-mandataire-automobile.png\",\"contentUrl\":\"http:\/\/www.carideal.com\/blog\/wp-content\/uploads\/2016\/03\/logo-carideal-mandataire-automobile.png\",\"width\":300,\"height\":300,\"caption\":\"Carideal\"},\"image\":{\"@id\":\"https:\/\/www.carideal.com\/blog\/#\/schema\/logo\/image\/\"},\"sameAs\":[\"https:\/\/www.facebook.com\/Carideal.mandataire.automobile\",\"https:\/\/x.com\/caridealauto\",\"https:\/\/www.instagram.com\/carideal1\/\",\"https:\/\/www.linkedin.com\/company\/carideal.com\",\"https:\/\/fr.pinterest.com\/schiavonsas\/\",\"https:\/\/www.youtube.com\/user\/caridealsas\"]},{\"@type\":\"Person\",\"@id\":\"https:\/\/www.carideal.com\/blog\/#\/schema\/person\/985c7e757d1042d647f21bfaf8d41ebc\",\"name\":\"N.S Carideal\",\"image\":{\"@type\":\"ImageObject\",\"inLanguage\":\"fr-FR\",\"@id\":\"https:\/\/www.carideal.com\/blog\/#\/schema\/person\/image\/\",\"url\":\"https:\/\/secure.gravatar.com\/avatar\/edb7ccdf1a4e3d14aef967760d354d0e?s=96&r=g\",\"contentUrl\":\"https:\/\/secure.gravatar.com\/avatar\/edb7ccdf1a4e3d14aef967760d354d0e?s=96&r=g\",\"caption\":\"N.S Carideal\"},\"description\":\"Depuis tout petit fan d'automobile. Il est question d'essayer et de comparer toutes ces voitures qui nous ont fait r\u00e9ver, avant que celles-ci ne devient uniquement des voitures de collection.\",\"sameAs\":[\"http:\/\/www.carideal.com\/blog\",\"https:\/\/www.facebook.com\/Carideal.mandataire.automobile\/\",\"https:\/\/www.linkedin.com\/in\/nschiavon\/\",\"https:\/\/www.youtube.com\/user\/caridealsas\/\"],\"url\":\"https:\/\/www.carideal.com\/blog\/author\/admin_carideal\/\"}]}<\/script>\n<!-- \/ Yoast SEO plugin. -->","yoast_head_json":{"title":"Jeep Grand Cherokee 2013 - Blog auto Carid\u00e9al","robots":{"index":"noindex","follow":"follow"},"og_locale":"fr_FR","og_type":"article","og_title":"Jeep Grand Cherokee 2013 - Blog auto Carid\u00e9al","og_description":"Ce Nouveau Jeep Grand Cherokee 2013 sera commercialis\u00e9 en Juillet Ce nouveau Jeep Grand Cherokee sera disponible en Juillet \u00e0 partir de 47000 \u20ac avec 2 moteurs \u00e0 essence de 286 et 468 ch et deux moteurs diesels de 190 et 241 ch. Le Grand Cherokee datait de 2010 et il avait besoin d'un coup ... Lire plus","og_url":"https:\/\/www.carideal.com\/blog\/2013\/06\/03\/jeep-grand-cherokee\/","og_site_name":"Blog auto Carid\u00e9al","article_publisher":"https:\/\/www.facebook.com\/Carideal.mandataire.automobile","article_author":"https:\/\/www.facebook.com\/Carideal.mandataire.automobile\/","article_published_time":"2013-06-03T11:55:00+00:00","article_modified_time":"2019-01-29T10:26:44+00:00","og_image":[{"width":448,"height":298,"url":"https:\/\/www.carideal.com\/blog\/wp-content\/uploads\/2013\/06\/jeep-grand-cherokee-2014-carideal-blog-automobile_m.jpg","type":"image\/jpeg"}],"author":"N.S Carideal","twitter_card":"summary_large_image","twitter_creator":"@caridealauto","twitter_site":"@caridealauto","twitter_misc":{"\u00c9crit par":"N.S Carideal","Dur\u00e9e de lecture estim\u00e9e":"1 minute"},"schema":{"@context":"https:\/\/schema.org","@graph":[{"@type":"Article","@id":"https:\/\/www.carideal.com\/blog\/2013\/06\/03\/jeep-grand-cherokee\/#article","isPartOf":{"@id":"https:\/\/www.carideal.com\/blog\/2013\/06\/03\/jeep-grand-cherokee\/"},"author":{"name":"N.S Carideal","@id":"https:\/\/www.carideal.com\/blog\/#\/schema\/person\/985c7e757d1042d647f21bfaf8d41ebc"},"headline":"Jeep Grand Cherokee 2013","datePublished":"2013-06-03T11:55:00+00:00","dateModified":"2019-01-29T10:26:44+00:00","mainEntityOfPage":{"@id":"https:\/\/www.carideal.com\/blog\/2013\/06\/03\/jeep-grand-cherokee\/"},"wordCount":118,"commentCount":0,"publisher":{"@id":"https:\/\/www.carideal.com\/blog\/#organization"},"image":{"@id":"https:\/\/www.carideal.com\/blog\/2013\/06\/03\/jeep-grand-cherokee\/#primaryimage"},"thumbnailUrl":"https:\/\/www.carideal.com\/blog\/wp-content\/uploads\/2013\/06\/jeep-grand-cherokee-2014-carideal-blog-automobile_m.jpg","articleSection":["Actualit\u00e9 Constructeur automobile","Actualit\u00e9 Jeep","SUV","Type de v\u00e9hicule"],"inLanguage":"fr-FR","potentialAction":[{"@type":"CommentAction","name":"Comment","target":["https:\/\/www.carideal.com\/blog\/2013\/06\/03\/jeep-grand-cherokee\/#respond"]}]},{"@type":"WebPage","@id":"https:\/\/www.carideal.com\/blog\/2013\/06\/03\/jeep-grand-cherokee\/","url":"https:\/\/www.carideal.com\/blog\/2013\/06\/03\/jeep-grand-cherokee\/","name":"Jeep Grand Cherokee 2013 - Blog auto Carid\u00e9al","isPartOf":{"@id":"https:\/\/www.carideal.com\/blog\/#website"},"primaryImageOfPage":{"@id":"https:\/\/www.carideal.com\/blog\/2013\/06\/03\/jeep-grand-cherokee\/#primaryimage"},"image":{"@id":"https:\/\/www.carideal.com\/blog\/2013\/06\/03\/jeep-grand-cherokee\/#primaryimage"},"thumbnailUrl":"https:\/\/www.carideal.com\/blog\/wp-content\/uploads\/2013\/06\/jeep-grand-cherokee-2014-carideal-blog-automobile_m.jpg","datePublished":"2013-06-03T11:55:00+00:00","dateModified":"2019-01-29T10:26:44+00:00","breadcrumb":{"@id":"https:\/\/www.carideal.com\/blog\/2013\/06\/03\/jeep-grand-cherokee\/#breadcrumb"},"inLanguage":"fr-FR","potentialAction":[{"@type":"ReadAction","target":["https:\/\/www.carideal.com\/blog\/2013\/06\/03\/jeep-grand-cherokee\/"]}]},{"@type":"ImageObject","inLanguage":"fr-FR","@id":"https:\/\/www.carideal.com\/blog\/2013\/06\/03\/jeep-grand-cherokee\/#primaryimage","url":"https:\/\/www.carideal.com\/blog\/wp-content\/uploads\/2013\/06\/jeep-grand-cherokee-2014-carideal-blog-automobile_m.jpg","contentUrl":"https:\/\/www.carideal.com\/blog\/wp-content\/uploads\/2013\/06\/jeep-grand-cherokee-2014-carideal-blog-automobile_m.jpg","width":448,"height":298,"caption":"Jeep Grand Cherokee 3"},{"@type":"BreadcrumbList","@id":"https:\/\/www.carideal.com\/blog\/2013\/06\/03\/jeep-grand-cherokee\/#breadcrumb","itemListElement":[{"@type":"ListItem","position":1,"name":"Blog Carid\u00e9al","item":"https:\/\/www.carideal.com\/blog\/"},{"@type":"ListItem","position":2,"name":"Actualit\u00e9 constructeur automobile","item":"https:\/\/www.carideal.com\/blog\/constructeur\/"},{"@type":"ListItem","position":3,"name":"Actualit\u00e9 Jeep","item":"https:\/\/www.carideal.com\/blog\/constructeur\/jeep\/"},{"@type":"ListItem","position":4,"name":"Jeep Grand Cherokee 2013"}]},{"@type":"WebSite","@id":"https:\/\/www.carideal.com\/blog\/#website","url":"https:\/\/www.carideal.com\/blog\/","name":"Blog auto Carid\u00e9al","description":"Actualit\u00e9 auto par des passionn\u00e9s","publisher":{"@id":"https:\/\/www.carideal.com\/blog\/#organization"},"potentialAction":[{"@type":"SearchAction","target":{"@type":"EntryPoint","urlTemplate":"https:\/\/www.carideal.com\/blog\/?s={search_term_string}"},"query-input":{"@type":"PropertyValueSpecification","valueRequired":true,"valueName":"search_term_string"}}],"inLanguage":"fr-FR"},{"@type":"Organization","@id":"https:\/\/www.carideal.com\/blog\/#organization","name":"Carideal","url":"https:\/\/www.carideal.com\/blog\/","logo":{"@type":"ImageObject","inLanguage":"fr-FR","@id":"https:\/\/www.carideal.com\/blog\/#\/schema\/logo\/image\/","url":"http:\/\/www.carideal.com\/blog\/wp-content\/uploads\/2016\/03\/logo-carideal-mandataire-automobile.png","contentUrl":"http:\/\/www.carideal.com\/blog\/wp-content\/uploads\/2016\/03\/logo-carideal-mandataire-automobile.png","width":300,"height":300,"caption":"Carideal"},"image":{"@id":"https:\/\/www.carideal.com\/blog\/#\/schema\/logo\/image\/"},"sameAs":["https:\/\/www.facebook.com\/Carideal.mandataire.automobile","https:\/\/x.com\/caridealauto","https:\/\/www.instagram.com\/carideal1\/","https:\/\/www.linkedin.com\/company\/carideal.com","https:\/\/fr.pinterest.com\/schiavonsas\/","https:\/\/www.youtube.com\/user\/caridealsas"]},{"@type":"Person","@id":"https:\/\/www.carideal.com\/blog\/#\/schema\/person\/985c7e757d1042d647f21bfaf8d41ebc","name":"N.S Carideal","image":{"@type":"ImageObject","inLanguage":"fr-FR","@id":"https:\/\/www.carideal.com\/blog\/#\/schema\/person\/image\/","url":"https:\/\/secure.gravatar.com\/avatar\/edb7ccdf1a4e3d14aef967760d354d0e?s=96&r=g","contentUrl":"https:\/\/secure.gravatar.com\/avatar\/edb7ccdf1a4e3d14aef967760d354d0e?s=96&r=g","caption":"N.S Carideal"},"description":"Depuis tout petit fan d'automobile. Il est question d'essayer et de comparer toutes ces voitures qui nous ont fait r\u00e9ver, avant que celles-ci ne devient uniquement des voitures de collection.","sameAs":["http:\/\/www.carideal.com\/blog","https:\/\/www.facebook.com\/Carideal.mandataire.automobile\/","https:\/\/www.linkedin.com\/in\/nschiavon\/","https:\/\/www.youtube.com\/user\/caridealsas\/"],"url":"https:\/\/www.carideal.com\/blog\/author\/admin_carideal\/"}]}},"uagb_featured_image_src":{"full":["https:\/\/www.carideal.com\/blog\/wp-content\/uploads\/2013\/06\/jeep-grand-cherokee-2014-carideal-blog-automobile_m.jpg",448,298,false],"thumbnail":["https:\/\/www.carideal.com\/blog\/wp-content\/uploads\/2013\/06\/jeep-grand-cherokee-2014-carideal-blog-automobile_m-150x150.jpg",150,150,true],"medium":["https:\/\/www.carideal.com\/blog\/wp-content\/uploads\/2013\/06\/jeep-grand-cherokee-2014-carideal-blog-automobile_m-300x200.jpg",300,200,true],"medium_large":["https:\/\/www.carideal.com\/blog\/wp-content\/uploads\/2013\/06\/jeep-grand-cherokee-2014-carideal-blog-automobile_m.jpg",448,298,false],"large":["https:\/\/www.carideal.com\/blog\/wp-content\/uploads\/2013\/06\/jeep-grand-cherokee-2014-carideal-blog-automobile_m.jpg",448,298,false],"1536x1536":["https:\/\/www.carideal.com\/blog\/wp-content\/uploads\/2013\/06\/jeep-grand-cherokee-2014-carideal-blog-automobile_m.jpg",448,298,false],"2048x2048":["https:\/\/www.carideal.com\/blog\/wp-content\/uploads\/2013\/06\/jeep-grand-cherokee-2014-carideal-blog-automobile_m.jpg",448,298,false],"wppr-widget":["https:\/\/www.carideal.com\/blog\/wp-content\/uploads\/2013\/06\/jeep-grand-cherokee-2014-carideal-blog-automobile_m.jpg",50,33,false]},"uagb_author_info":{"display_name":"N.S Carideal","author_link":"https:\/\/www.carideal.com\/blog\/author\/admin_carideal\/"},"uagb_comment_info":1,"uagb_excerpt":"Ce Nouveau Jeep Grand Cherokee 2013 sera commercialis\u00e9 en Juillet Ce nouveau Jeep Grand Cherokee sera disponible en Juillet \u00e0 partir de 47000 \u20ac avec 2 moteurs \u00e0 essence de 286 et 468 ch et deux moteurs diesels de 190 et 241 ch. Le Grand Cherokee datait de 2010 et il avait besoin d'un coup\u2026","_links":{"self":[{"href":"https:\/\/www.carideal.com\/blog\/wp-json\/wp\/v2\/posts\/1390"}],"collection":[{"href":"https:\/\/www.carideal.com\/blog\/wp-json\/wp\/v2\/posts"}],"about":[{"href":"https:\/\/www.carideal.com\/blog\/wp-json\/wp\/v2\/types\/post"}],"author":[{"embeddable":true,"href":"https:\/\/www.carideal.com\/blog\/wp-json\/wp\/v2\/users\/1"}],"replies":[{"embeddable":true,"href":"https:\/\/www.carideal.com\/blog\/wp-json\/wp\/v2\/comments?post=1390"}],"version-history":[{"count":0,"href":"https:\/\/www.carideal.com\/blog\/wp-json\/wp\/v2\/posts\/1390\/revisions"}],"wp:featuredmedia":[{"embeddable":true,"href":"https:\/\/www.carideal.com\/blog\/wp-json\/wp\/v2\/media\/15004"}],"wp:attachment":[{"href":"https:\/\/www.carideal.com\/blog\/wp-json\/wp\/v2\/media?parent=1390"}],"wp:term":[{"taxonomy":"category","embeddable":true,"href":"https:\/\/www.carideal.com\/blog\/wp-json\/wp\/v2\/categories?post=1390"},{"taxonomy":"post_tag","embeddable":true,"href":"https:\/\/www.carideal.com\/blog\/wp-json\/wp\/v2\/tags?post=1390"}],"curies":[{"name":"wp","href":"https:\/\/api.w.org\/{rel}","templated":true}]}}