{"id":1369,"date":"2013-04-13T16:11:00","date_gmt":"2013-04-13T16:11:00","guid":{"rendered":"http:\/\/carideal.com\/blog\/?p=1369"},"modified":"2020-03-07T22:42:27","modified_gmt":"2020-03-07T21:42:27","slug":"le-toyota-rav4-2013-est-arrive-tout-est-nouveau","status":"publish","type":"post","link":"https:\/\/www.carideal.com\/blog\/2013\/04\/13\/le-toyota-rav4-2013-est-arrive-tout-est-nouveau\/","title":{"rendered":"Le Toyota Rav4 2013 est arriv\u00e9 tout est nouveau"},"content":{"rendered":"<\/p>\n<blockquote>\n<p>Il ne ressemble plus \u00e0 un 4x4, il a grandi \u00e0 4.57 m et son toit est plus bas de 3 cm en forme d'arche<\/p>\n<\/blockquote>\n<p>Le Toyota Rav4 a m\u00fbri pour coller au march\u00e9. Sont diesel D4D de 2.0 de cylindr\u00e9 d\u00e9veloppe maintenant 124 ch conforme \u00e0 la demande des clients.<br \/>\nIl est plus grand de 21 cm que l'ancienne version qu'il remplace, moins gourmand et poss\u00e8de enfin un hayon, disponible en<a href=\"\/blog\/index.php?tag\/4x2\"> 4x2<\/a> ou 4x4 il baisse ses \u00e9missions de CO2 \u00e0 127 g\/km au lieu de 156g auparavant.<br \/>\nIl pr\u00e9f\u00e9rera la conduite donc avec ses suspensions confortables. Toyota mise sur la polyvalence et les chemins ne lui font pas peur. La planche de bord est trait\u00e9 \u00e0 la japonaise, sans finesse,les mat\u00e9riaux idem, et pas harmonieux. <br \/>\nDans le nouveau Toyota Rav4, tout est moyen, il ne d\u00e9\u00e7oit pas mais ne surprend pas, normal il a \u00e9t\u00e9 con\u00e7u pour cela, alors pourquoi l'acheter&nbsp;? Pour les anciens clients des premiers Rav4 sans doute, mais il ne prendra pas le Lead du segment c'est sur.<\/p>\n<p>\/ Achat Toyota Rav4 moins ch\u00e8re avec Carideal Mandataire automobile<\/p>\n","protected":false},"excerpt":{"rendered":"<p>Il ne ressemble plus \u00e0 un 4&#215;4, il a grandi \u00e0 4.57 m et son toit est plus bas de 3 cm en forme d&rsquo;arche Le Toyota Rav4 a m\u00fbri pour coller au march\u00e9. Sont diesel D4D de 2.0 de cylindr\u00e9 d\u00e9veloppe maintenant 124 ch conforme \u00e0 la demande des clients. Il est plus grand &#8230; <a title=\"Le Toyota Rav4 2013 est arriv\u00e9 tout est nouveau\" class=\"read-more\" href=\"https:\/\/www.carideal.com\/blog\/2013\/04\/13\/le-toyota-rav4-2013-est-arrive-tout-est-nouveau\/\" aria-label=\"En savoir plus sur Le Toyota Rav4 2013 est arriv\u00e9 tout est nouveau\">Lire plus<\/a><\/p>\n","protected":false},"author":1,"featured_media":0,"comment_status":"open","ping_status":"open","sticky":false,"template":"","format":"standard","meta":{"_uag_custom_page_level_css":"","_themeisle_gutenberg_block_has_review":false,"footnotes":""},"categories":[10],"tags":[145],"class_list":["post-1369","post","type-post","status-publish","format-standard","hentry","category-marche-automobile-voiture-neuve-occasion-4x4-suv","tag-rav4"],"wppr_data":[],"yoast_head":"<!-- This site is optimized with the Yoast SEO plugin v24.8.1 - https:\/\/yoast.com\/wordpress\/plugins\/seo\/ -->\n<title>Le Toyota Rav4 2013 est arriv\u00e9 tout est nouveau - Blog auto Carid\u00e9al<\/title>\n<meta name=\"robots\" content=\"index, follow, max-snippet:-1, max-image-preview:large, max-video-preview:-1\" \/>\n<link rel=\"canonical\" href=\"https:\/\/www.carideal.com\/blog\/2013\/04\/13\/le-toyota-rav4-2013-est-arrive-tout-est-nouveau\/\" \/>\n<meta property=\"og:locale\" content=\"fr_FR\" \/>\n<meta property=\"og:type\" content=\"article\" \/>\n<meta property=\"og:title\" content=\"Le Toyota Rav4 2013 est arriv\u00e9 tout est nouveau - Blog auto Carid\u00e9al\" \/>\n<meta property=\"og:description\" content=\"Il ne ressemble plus \u00e0 un 4x4, il a grandi \u00e0 4.57 m et son toit est plus bas de 3 cm en forme d&#039;arche Le Toyota Rav4 a m\u00fbri pour coller au march\u00e9. Sont diesel D4D de 2.0 de cylindr\u00e9 d\u00e9veloppe maintenant 124 ch conforme \u00e0 la demande des clients. Il est plus grand ... Lire plus\" \/>\n<meta property=\"og:url\" content=\"https:\/\/www.carideal.com\/blog\/2013\/04\/13\/le-toyota-rav4-2013-est-arrive-tout-est-nouveau\/\" \/>\n<meta property=\"og:site_name\" content=\"Blog auto Carid\u00e9al\" \/>\n<meta property=\"article:publisher\" content=\"https:\/\/www.facebook.com\/Carideal.mandataire.automobile\" \/>\n<meta property=\"article:author\" content=\"https:\/\/www.facebook.com\/Carideal.mandataire.automobile\/\" \/>\n<meta property=\"article:published_time\" content=\"2013-04-13T16:11:00+00:00\" \/>\n<meta property=\"article:modified_time\" content=\"2020-03-07T21:42:27+00:00\" \/>\n<meta property=\"og:image\" content=\"https:\/\/www.carideal.com\/blog\/wp-content\/uploads\/2016\/03\/logo-carideal-mandataire-automobile.png\" \/>\n\t<meta property=\"og:image:width\" content=\"300\" \/>\n\t<meta property=\"og:image:height\" content=\"300\" \/>\n\t<meta property=\"og:image:type\" content=\"image\/png\" \/>\n<meta name=\"author\" content=\"N.S Carideal\" \/>\n<meta name=\"twitter:card\" content=\"summary_large_image\" \/>\n<meta name=\"twitter:creator\" content=\"@caridealauto\" \/>\n<meta name=\"twitter:site\" content=\"@caridealauto\" \/>\n<meta name=\"twitter:label1\" content=\"\u00c9crit par\" \/>\n\t<meta name=\"twitter:data1\" content=\"N.S Carideal\" \/>\n\t<meta name=\"twitter:label2\" content=\"Dur\u00e9e de lecture estim\u00e9e\" \/>\n\t<meta name=\"twitter:data2\" content=\"1 minute\" \/>\n<script type=\"application\/ld+json\" class=\"yoast-schema-graph\">{\"@context\":\"https:\/\/schema.org\",\"@graph\":[{\"@type\":\"Article\",\"@id\":\"https:\/\/www.carideal.com\/blog\/2013\/04\/13\/le-toyota-rav4-2013-est-arrive-tout-est-nouveau\/#article\",\"isPartOf\":{\"@id\":\"https:\/\/www.carideal.com\/blog\/2013\/04\/13\/le-toyota-rav4-2013-est-arrive-tout-est-nouveau\/\"},\"author\":{\"name\":\"N.S Carideal\",\"@id\":\"https:\/\/www.carideal.com\/blog\/#\/schema\/person\/985c7e757d1042d647f21bfaf8d41ebc\"},\"headline\":\"Le Toyota Rav4 2013 est arriv\u00e9 tout est nouveau\",\"datePublished\":\"2013-04-13T16:11:00+00:00\",\"dateModified\":\"2020-03-07T21:42:27+00:00\",\"mainEntityOfPage\":{\"@id\":\"https:\/\/www.carideal.com\/blog\/2013\/04\/13\/le-toyota-rav4-2013-est-arrive-tout-est-nouveau\/\"},\"wordCount\":192,\"commentCount\":0,\"publisher\":{\"@id\":\"https:\/\/www.carideal.com\/blog\/#organization\"},\"keywords\":[\"RAV4\"],\"articleSection\":[\"March\u00e9 automobile\"],\"inLanguage\":\"fr-FR\",\"potentialAction\":[{\"@type\":\"CommentAction\",\"name\":\"Comment\",\"target\":[\"https:\/\/www.carideal.com\/blog\/2013\/04\/13\/le-toyota-rav4-2013-est-arrive-tout-est-nouveau\/#respond\"]}]},{\"@type\":\"WebPage\",\"@id\":\"https:\/\/www.carideal.com\/blog\/2013\/04\/13\/le-toyota-rav4-2013-est-arrive-tout-est-nouveau\/\",\"url\":\"https:\/\/www.carideal.com\/blog\/2013\/04\/13\/le-toyota-rav4-2013-est-arrive-tout-est-nouveau\/\",\"name\":\"Le Toyota Rav4 2013 est arriv\u00e9 tout est nouveau - Blog auto Carid\u00e9al\",\"isPartOf\":{\"@id\":\"https:\/\/www.carideal.com\/blog\/#website\"},\"datePublished\":\"2013-04-13T16:11:00+00:00\",\"dateModified\":\"2020-03-07T21:42:27+00:00\",\"breadcrumb\":{\"@id\":\"https:\/\/www.carideal.com\/blog\/2013\/04\/13\/le-toyota-rav4-2013-est-arrive-tout-est-nouveau\/#breadcrumb\"},\"inLanguage\":\"fr-FR\",\"potentialAction\":[{\"@type\":\"ReadAction\",\"target\":[\"https:\/\/www.carideal.com\/blog\/2013\/04\/13\/le-toyota-rav4-2013-est-arrive-tout-est-nouveau\/\"]}]},{\"@type\":\"BreadcrumbList\",\"@id\":\"https:\/\/www.carideal.com\/blog\/2013\/04\/13\/le-toyota-rav4-2013-est-arrive-tout-est-nouveau\/#breadcrumb\",\"itemListElement\":[{\"@type\":\"ListItem\",\"position\":1,\"name\":\"Blog Carid\u00e9al\",\"item\":\"https:\/\/www.carideal.com\/blog\/\"},{\"@type\":\"ListItem\",\"position\":2,\"name\":\"March\u00e9 automobile\",\"item\":\"https:\/\/www.carideal.com\/blog\/marche-automobile-voiture-neuve-occasion-4x4-suv\/\"},{\"@type\":\"ListItem\",\"position\":3,\"name\":\"Le Toyota Rav4 2013 est arriv\u00e9 tout est nouveau\"}]},{\"@type\":\"WebSite\",\"@id\":\"https:\/\/www.carideal.com\/blog\/#website\",\"url\":\"https:\/\/www.carideal.com\/blog\/\",\"name\":\"Blog auto Carid\u00e9al\",\"description\":\"Actualit\u00e9 auto par des passionn\u00e9s\",\"publisher\":{\"@id\":\"https:\/\/www.carideal.com\/blog\/#organization\"},\"potentialAction\":[{\"@type\":\"SearchAction\",\"target\":{\"@type\":\"EntryPoint\",\"urlTemplate\":\"https:\/\/www.carideal.com\/blog\/?s={search_term_string}\"},\"query-input\":{\"@type\":\"PropertyValueSpecification\",\"valueRequired\":true,\"valueName\":\"search_term_string\"}}],\"inLanguage\":\"fr-FR\"},{\"@type\":\"Organization\",\"@id\":\"https:\/\/www.carideal.com\/blog\/#organization\",\"name\":\"Carideal\",\"url\":\"https:\/\/www.carideal.com\/blog\/\",\"logo\":{\"@type\":\"ImageObject\",\"inLanguage\":\"fr-FR\",\"@id\":\"https:\/\/www.carideal.com\/blog\/#\/schema\/logo\/image\/\",\"url\":\"http:\/\/www.carideal.com\/blog\/wp-content\/uploads\/2016\/03\/logo-carideal-mandataire-automobile.png\",\"contentUrl\":\"http:\/\/www.carideal.com\/blog\/wp-content\/uploads\/2016\/03\/logo-carideal-mandataire-automobile.png\",\"width\":300,\"height\":300,\"caption\":\"Carideal\"},\"image\":{\"@id\":\"https:\/\/www.carideal.com\/blog\/#\/schema\/logo\/image\/\"},\"sameAs\":[\"https:\/\/www.facebook.com\/Carideal.mandataire.automobile\",\"https:\/\/x.com\/caridealauto\",\"https:\/\/www.instagram.com\/carideal1\/\",\"https:\/\/www.linkedin.com\/company\/carideal.com\",\"https:\/\/fr.pinterest.com\/schiavonsas\/\",\"https:\/\/www.youtube.com\/user\/caridealsas\"]},{\"@type\":\"Person\",\"@id\":\"https:\/\/www.carideal.com\/blog\/#\/schema\/person\/985c7e757d1042d647f21bfaf8d41ebc\",\"name\":\"N.S Carideal\",\"image\":{\"@type\":\"ImageObject\",\"inLanguage\":\"fr-FR\",\"@id\":\"https:\/\/www.carideal.com\/blog\/#\/schema\/person\/image\/\",\"url\":\"https:\/\/secure.gravatar.com\/avatar\/edb7ccdf1a4e3d14aef967760d354d0e?s=96&r=g\",\"contentUrl\":\"https:\/\/secure.gravatar.com\/avatar\/edb7ccdf1a4e3d14aef967760d354d0e?s=96&r=g\",\"caption\":\"N.S Carideal\"},\"description\":\"Depuis tout petit fan d'automobile. Il est question d'essayer et de comparer toutes ces voitures qui nous ont fait r\u00e9ver, avant que celles-ci ne devient uniquement des voitures de collection.\",\"sameAs\":[\"http:\/\/www.carideal.com\/blog\",\"https:\/\/www.facebook.com\/Carideal.mandataire.automobile\/\",\"https:\/\/www.linkedin.com\/in\/nschiavon\/\",\"https:\/\/www.youtube.com\/user\/caridealsas\/\"],\"url\":\"https:\/\/www.carideal.com\/blog\/author\/admin_carideal\/\"}]}<\/script>\n<!-- \/ Yoast SEO plugin. -->","yoast_head_json":{"title":"Le Toyota Rav4 2013 est arriv\u00e9 tout est nouveau - Blog auto Carid\u00e9al","robots":{"index":"index","follow":"follow","max-snippet":"max-snippet:-1","max-image-preview":"max-image-preview:large","max-video-preview":"max-video-preview:-1"},"canonical":"https:\/\/www.carideal.com\/blog\/2013\/04\/13\/le-toyota-rav4-2013-est-arrive-tout-est-nouveau\/","og_locale":"fr_FR","og_type":"article","og_title":"Le Toyota Rav4 2013 est arriv\u00e9 tout est nouveau - Blog auto Carid\u00e9al","og_description":"Il ne ressemble plus \u00e0 un 4x4, il a grandi \u00e0 4.57 m et son toit est plus bas de 3 cm en forme d'arche Le Toyota Rav4 a m\u00fbri pour coller au march\u00e9. Sont diesel D4D de 2.0 de cylindr\u00e9 d\u00e9veloppe maintenant 124 ch conforme \u00e0 la demande des clients. Il est plus grand ... Lire plus","og_url":"https:\/\/www.carideal.com\/blog\/2013\/04\/13\/le-toyota-rav4-2013-est-arrive-tout-est-nouveau\/","og_site_name":"Blog auto Carid\u00e9al","article_publisher":"https:\/\/www.facebook.com\/Carideal.mandataire.automobile","article_author":"https:\/\/www.facebook.com\/Carideal.mandataire.automobile\/","article_published_time":"2013-04-13T16:11:00+00:00","article_modified_time":"2020-03-07T21:42:27+00:00","og_image":[{"width":300,"height":300,"url":"https:\/\/www.carideal.com\/blog\/wp-content\/uploads\/2016\/03\/logo-carideal-mandataire-automobile.png","type":"image\/png"}],"author":"N.S Carideal","twitter_card":"summary_large_image","twitter_creator":"@caridealauto","twitter_site":"@caridealauto","twitter_misc":{"\u00c9crit par":"N.S Carideal","Dur\u00e9e de lecture estim\u00e9e":"1 minute"},"schema":{"@context":"https:\/\/schema.org","@graph":[{"@type":"Article","@id":"https:\/\/www.carideal.com\/blog\/2013\/04\/13\/le-toyota-rav4-2013-est-arrive-tout-est-nouveau\/#article","isPartOf":{"@id":"https:\/\/www.carideal.com\/blog\/2013\/04\/13\/le-toyota-rav4-2013-est-arrive-tout-est-nouveau\/"},"author":{"name":"N.S Carideal","@id":"https:\/\/www.carideal.com\/blog\/#\/schema\/person\/985c7e757d1042d647f21bfaf8d41ebc"},"headline":"Le Toyota Rav4 2013 est arriv\u00e9 tout est nouveau","datePublished":"2013-04-13T16:11:00+00:00","dateModified":"2020-03-07T21:42:27+00:00","mainEntityOfPage":{"@id":"https:\/\/www.carideal.com\/blog\/2013\/04\/13\/le-toyota-rav4-2013-est-arrive-tout-est-nouveau\/"},"wordCount":192,"commentCount":0,"publisher":{"@id":"https:\/\/www.carideal.com\/blog\/#organization"},"keywords":["RAV4"],"articleSection":["March\u00e9 automobile"],"inLanguage":"fr-FR","potentialAction":[{"@type":"CommentAction","name":"Comment","target":["https:\/\/www.carideal.com\/blog\/2013\/04\/13\/le-toyota-rav4-2013-est-arrive-tout-est-nouveau\/#respond"]}]},{"@type":"WebPage","@id":"https:\/\/www.carideal.com\/blog\/2013\/04\/13\/le-toyota-rav4-2013-est-arrive-tout-est-nouveau\/","url":"https:\/\/www.carideal.com\/blog\/2013\/04\/13\/le-toyota-rav4-2013-est-arrive-tout-est-nouveau\/","name":"Le Toyota Rav4 2013 est arriv\u00e9 tout est nouveau - Blog auto Carid\u00e9al","isPartOf":{"@id":"https:\/\/www.carideal.com\/blog\/#website"},"datePublished":"2013-04-13T16:11:00+00:00","dateModified":"2020-03-07T21:42:27+00:00","breadcrumb":{"@id":"https:\/\/www.carideal.com\/blog\/2013\/04\/13\/le-toyota-rav4-2013-est-arrive-tout-est-nouveau\/#breadcrumb"},"inLanguage":"fr-FR","potentialAction":[{"@type":"ReadAction","target":["https:\/\/www.carideal.com\/blog\/2013\/04\/13\/le-toyota-rav4-2013-est-arrive-tout-est-nouveau\/"]}]},{"@type":"BreadcrumbList","@id":"https:\/\/www.carideal.com\/blog\/2013\/04\/13\/le-toyota-rav4-2013-est-arrive-tout-est-nouveau\/#breadcrumb","itemListElement":[{"@type":"ListItem","position":1,"name":"Blog Carid\u00e9al","item":"https:\/\/www.carideal.com\/blog\/"},{"@type":"ListItem","position":2,"name":"March\u00e9 automobile","item":"https:\/\/www.carideal.com\/blog\/marche-automobile-voiture-neuve-occasion-4x4-suv\/"},{"@type":"ListItem","position":3,"name":"Le Toyota Rav4 2013 est arriv\u00e9 tout est nouveau"}]},{"@type":"WebSite","@id":"https:\/\/www.carideal.com\/blog\/#website","url":"https:\/\/www.carideal.com\/blog\/","name":"Blog auto Carid\u00e9al","description":"Actualit\u00e9 auto par des passionn\u00e9s","publisher":{"@id":"https:\/\/www.carideal.com\/blog\/#organization"},"potentialAction":[{"@type":"SearchAction","target":{"@type":"EntryPoint","urlTemplate":"https:\/\/www.carideal.com\/blog\/?s={search_term_string}"},"query-input":{"@type":"PropertyValueSpecification","valueRequired":true,"valueName":"search_term_string"}}],"inLanguage":"fr-FR"},{"@type":"Organization","@id":"https:\/\/www.carideal.com\/blog\/#organization","name":"Carideal","url":"https:\/\/www.carideal.com\/blog\/","logo":{"@type":"ImageObject","inLanguage":"fr-FR","@id":"https:\/\/www.carideal.com\/blog\/#\/schema\/logo\/image\/","url":"http:\/\/www.carideal.com\/blog\/wp-content\/uploads\/2016\/03\/logo-carideal-mandataire-automobile.png","contentUrl":"http:\/\/www.carideal.com\/blog\/wp-content\/uploads\/2016\/03\/logo-carideal-mandataire-automobile.png","width":300,"height":300,"caption":"Carideal"},"image":{"@id":"https:\/\/www.carideal.com\/blog\/#\/schema\/logo\/image\/"},"sameAs":["https:\/\/www.facebook.com\/Carideal.mandataire.automobile","https:\/\/x.com\/caridealauto","https:\/\/www.instagram.com\/carideal1\/","https:\/\/www.linkedin.com\/company\/carideal.com","https:\/\/fr.pinterest.com\/schiavonsas\/","https:\/\/www.youtube.com\/user\/caridealsas"]},{"@type":"Person","@id":"https:\/\/www.carideal.com\/blog\/#\/schema\/person\/985c7e757d1042d647f21bfaf8d41ebc","name":"N.S Carideal","image":{"@type":"ImageObject","inLanguage":"fr-FR","@id":"https:\/\/www.carideal.com\/blog\/#\/schema\/person\/image\/","url":"https:\/\/secure.gravatar.com\/avatar\/edb7ccdf1a4e3d14aef967760d354d0e?s=96&r=g","contentUrl":"https:\/\/secure.gravatar.com\/avatar\/edb7ccdf1a4e3d14aef967760d354d0e?s=96&r=g","caption":"N.S Carideal"},"description":"Depuis tout petit fan d'automobile. Il est question d'essayer et de comparer toutes ces voitures qui nous ont fait r\u00e9ver, avant que celles-ci ne devient uniquement des voitures de collection.","sameAs":["http:\/\/www.carideal.com\/blog","https:\/\/www.facebook.com\/Carideal.mandataire.automobile\/","https:\/\/www.linkedin.com\/in\/nschiavon\/","https:\/\/www.youtube.com\/user\/caridealsas\/"],"url":"https:\/\/www.carideal.com\/blog\/author\/admin_carideal\/"}]}},"uagb_featured_image_src":{"full":false,"thumbnail":false,"medium":false,"medium_large":false,"large":false,"1536x1536":false,"2048x2048":false,"wppr-widget":false},"uagb_author_info":{"display_name":"N.S Carideal","author_link":"https:\/\/www.carideal.com\/blog\/author\/admin_carideal\/"},"uagb_comment_info":0,"uagb_excerpt":"Il ne ressemble plus \u00e0 un 4x4, il a grandi \u00e0 4.57 m et son toit est plus bas de 3 cm en forme d'arche Le Toyota Rav4 a m\u00fbri pour coller au march\u00e9. Sont diesel D4D de 2.0 de cylindr\u00e9 d\u00e9veloppe maintenant 124 ch conforme \u00e0 la demande des clients. Il est plus grand\u2026","_links":{"self":[{"href":"https:\/\/www.carideal.com\/blog\/wp-json\/wp\/v2\/posts\/1369"}],"collection":[{"href":"https:\/\/www.carideal.com\/blog\/wp-json\/wp\/v2\/posts"}],"about":[{"href":"https:\/\/www.carideal.com\/blog\/wp-json\/wp\/v2\/types\/post"}],"author":[{"embeddable":true,"href":"https:\/\/www.carideal.com\/blog\/wp-json\/wp\/v2\/users\/1"}],"replies":[{"embeddable":true,"href":"https:\/\/www.carideal.com\/blog\/wp-json\/wp\/v2\/comments?post=1369"}],"version-history":[{"count":0,"href":"https:\/\/www.carideal.com\/blog\/wp-json\/wp\/v2\/posts\/1369\/revisions"}],"wp:attachment":[{"href":"https:\/\/www.carideal.com\/blog\/wp-json\/wp\/v2\/media?parent=1369"}],"wp:term":[{"taxonomy":"category","embeddable":true,"href":"https:\/\/www.carideal.com\/blog\/wp-json\/wp\/v2\/categories?post=1369"},{"taxonomy":"post_tag","embeddable":true,"href":"https:\/\/www.carideal.com\/blog\/wp-json\/wp\/v2\/tags?post=1369"}],"curies":[{"name":"wp","href":"https:\/\/api.w.org\/{rel}","templated":true}]}}