{"id":1368,"date":"2013-04-13T09:09:00","date_gmt":"2013-04-13T09:09:00","guid":{"rendered":"http:\/\/carideal.com\/blog\/?p=1368"},"modified":"2020-03-07T22:42:27","modified_gmt":"2020-03-07T21:42:27","slug":"le-chinois-qoros-presente-sa-qoros-3-au-salon-de-geneve","status":"publish","type":"post","link":"https:\/\/www.carideal.com\/blog\/2013\/04\/13\/le-chinois-qoros-presente-sa-qoros-3-au-salon-de-geneve\/","title":{"rendered":"Le Chinois QOROS presente sa QOROS 3 au salon de Gen\u00e8ve"},"content":{"rendered":"<p><img decoding=\"async\" src=\"\/blog\/public\/.Qoros-3_berline_2014_carideal-actualites_m.jpg\" alt=\"Qoros-3_berline_2014_carideal-actualites.jpg\" title=\"Qoros-3_berline_2014_carideal-actualites.jpg, avr. 2013\" \/><\/p>\n<blockquote>\n<p>QOROS 3 La berline<\/p>\n<\/blockquote>\n<p>Cette nouvelle QOROS 3 devrait \u00eatre commercialis\u00e9e pour 2014 et va \u00eatre \u00e9quip\u00e9e de deux moteurs \u00e0 essence pour le march\u00e9 Chinois, 1.6 atmosph\u00e9rique de 126 ch et un autre turbo de 156 accoupl\u00e9s \u00e0 des boites de vitesses manuelles ou boite robotis\u00e9e \u00e0 double embrayage. Mais QOROS pr\u00e9voit pour l'europe l'utilisation de moteurs essences \u00e0 trois cylindres turbo plus modernes ainsi que la boite robotis\u00e9e \u00e0 double embrayage.<br \/>\n<img decoding=\"async\" src=\"\/blog\/public\/.Qoros_3_break-carideal-actualites_m.jpg\" alt=\"Qoros_3_break-carideal-actualites.jpg\" title=\"Qoros_3_break-carideal-actualites.jpg, avr. 2013\" \/><\/p>\n<blockquote>\n<p>La version Break de La Qoros 3<\/p>\n<\/blockquote>\n<p>La QOROS 3 attaque le segment des voitures familiales avec sa longueur de 4.63m et son coffre d'une capacit\u00e9 de 450 litres.<br \/>\n<img decoding=\"async\" src=\"\/blog\/public\/.Qoros_gq3_achat_carideal_mandataire_automobile_m.jpg\" alt=\"Qoros_gq3_achat_carideal_mandataire_automobile.jpg\" title=\"Qoros_gq3_achat_carideal_mandataire_automobile.jpg, avr. 2013\" \/><\/p>\n<blockquote>\n<p>QOROS 3<\/p>\n<\/blockquote>\n<p>QOROS devra faire attention \u00e0 ne pas \u00e9chouer comme son pr\u00e9d\u00e9cesseur Landwind, construire un r\u00e9seau de distribution solide et surtout r\u00e9ussir aux <a href=\"\/blog\/index.php?tag\/crash-tests\">crash-tests<\/a> de l'<a href=\"\/blog\/index.php?tag\/Euro-NCAP\">Euro-NCAP<\/a>.\n<\/p>\n<blockquote>\n<p>Concept Car QOROS 3 Cross hybrid<\/p>\n<\/blockquote>\n<p>QOROS propose m\u00eame une \u00e9tude de SUV hybride appel\u00e9e <a href=\"\/blog\/index.php?tag\/QOROS%203%20CROSS%20Hybrid\">QOROS 3 CROSS Hybrid<\/a> longue de 4.51m, et \u00e9quip\u00e9e d'une technologie hybride essence \u00e9lectrique et offrant 4 roues motrices. Le moteur \u00e0 essence activant les roues avants, un \u00e9lectromoteur propulsant les roues arri\u00e8res et en rajoute un troisi\u00e8me entre le moteur et la boite de vitesse pour les phases de d\u00e9marrages.<\/p>\n<p>\/ <a href=\"\/blog\/index.php?post\/2011\/02\/01\/Euro-NCAP-publie-sescrash-test-de-2010\">Euro-NCAP publie ses crash-test de 2010<\/a><\/p>\n","protected":false},"excerpt":{"rendered":"<p>QOROS 3 La berline Cette nouvelle QOROS 3 devrait \u00eatre commercialis\u00e9e pour 2014 et va \u00eatre \u00e9quip\u00e9e de deux moteurs \u00e0 essence pour le march\u00e9 Chinois, 1.6 atmosph\u00e9rique de 126 ch et un autre turbo de 156 accoupl\u00e9s \u00e0 des boites de vitesses manuelles ou boite robotis\u00e9e \u00e0 double embrayage. Mais QOROS pr\u00e9voit pour l&rsquo;europe &#8230; <a title=\"Le Chinois QOROS presente sa QOROS 3 au salon de Gen\u00e8ve\" class=\"read-more\" href=\"https:\/\/www.carideal.com\/blog\/2013\/04\/13\/le-chinois-qoros-presente-sa-qoros-3-au-salon-de-geneve\/\" aria-label=\"En savoir plus sur Le Chinois QOROS presente sa QOROS 3 au salon de Gen\u00e8ve\">Lire plus<\/a><\/p>\n","protected":false},"author":1,"featured_media":0,"comment_status":"open","ping_status":"open","sticky":false,"template":"","format":"standard","meta":{"_uag_custom_page_level_css":"","_themeisle_gutenberg_block_has_review":false,"footnotes":""},"categories":[10],"tags":[3585],"class_list":["post-1368","post","type-post","status-publish","format-standard","hentry","category-marche-automobile-voiture-neuve-occasion-4x4-suv","tag-euro-ncap"],"wppr_data":[],"yoast_head":"<!-- This site is optimized with the Yoast SEO plugin v24.8.1 - https:\/\/yoast.com\/wordpress\/plugins\/seo\/ -->\n<title>Le Chinois QOROS presente sa QOROS 3 au salon de Gen\u00e8ve - Blog auto Carid\u00e9al<\/title>\n<meta name=\"robots\" content=\"index, follow, max-snippet:-1, max-image-preview:large, max-video-preview:-1\" \/>\n<link rel=\"canonical\" href=\"https:\/\/www.carideal.com\/blog\/2013\/04\/13\/le-chinois-qoros-presente-sa-qoros-3-au-salon-de-geneve\/\" \/>\n<meta property=\"og:locale\" content=\"fr_FR\" \/>\n<meta property=\"og:type\" content=\"article\" \/>\n<meta property=\"og:title\" content=\"Le Chinois QOROS presente sa QOROS 3 au salon de Gen\u00e8ve - Blog auto Carid\u00e9al\" \/>\n<meta property=\"og:description\" content=\"QOROS 3 La berline Cette nouvelle QOROS 3 devrait \u00eatre commercialis\u00e9e pour 2014 et va \u00eatre \u00e9quip\u00e9e de deux moteurs \u00e0 essence pour le march\u00e9 Chinois, 1.6 atmosph\u00e9rique de 126 ch et un autre turbo de 156 accoupl\u00e9s \u00e0 des boites de vitesses manuelles ou boite robotis\u00e9e \u00e0 double embrayage. Mais QOROS pr\u00e9voit pour l&#039;europe ... Lire plus\" \/>\n<meta property=\"og:url\" content=\"https:\/\/www.carideal.com\/blog\/2013\/04\/13\/le-chinois-qoros-presente-sa-qoros-3-au-salon-de-geneve\/\" \/>\n<meta property=\"og:site_name\" content=\"Blog auto Carid\u00e9al\" \/>\n<meta property=\"article:publisher\" content=\"https:\/\/www.facebook.com\/Carideal.mandataire.automobile\" \/>\n<meta property=\"article:author\" content=\"https:\/\/www.facebook.com\/Carideal.mandataire.automobile\/\" \/>\n<meta property=\"article:published_time\" content=\"2013-04-13T09:09:00+00:00\" \/>\n<meta property=\"article:modified_time\" content=\"2020-03-07T21:42:27+00:00\" \/>\n<meta property=\"og:image\" content=\"https:\/\/www.carideal.com\/blog\/wp-content\/uploads\/2016\/03\/logo-carideal-mandataire-automobile.png\" \/>\n\t<meta property=\"og:image:width\" content=\"300\" \/>\n\t<meta property=\"og:image:height\" content=\"300\" \/>\n\t<meta property=\"og:image:type\" content=\"image\/png\" \/>\n<meta name=\"author\" content=\"N.S Carideal\" \/>\n<meta name=\"twitter:card\" content=\"summary_large_image\" \/>\n<meta name=\"twitter:creator\" content=\"@caridealauto\" \/>\n<meta name=\"twitter:site\" content=\"@caridealauto\" \/>\n<meta name=\"twitter:label1\" content=\"\u00c9crit par\" \/>\n\t<meta name=\"twitter:data1\" content=\"N.S Carideal\" \/>\n\t<meta name=\"twitter:label2\" content=\"Dur\u00e9e de lecture estim\u00e9e\" \/>\n\t<meta name=\"twitter:data2\" content=\"1 minute\" \/>\n<script type=\"application\/ld+json\" class=\"yoast-schema-graph\">{\"@context\":\"https:\/\/schema.org\",\"@graph\":[{\"@type\":\"Article\",\"@id\":\"https:\/\/www.carideal.com\/blog\/2013\/04\/13\/le-chinois-qoros-presente-sa-qoros-3-au-salon-de-geneve\/#article\",\"isPartOf\":{\"@id\":\"https:\/\/www.carideal.com\/blog\/2013\/04\/13\/le-chinois-qoros-presente-sa-qoros-3-au-salon-de-geneve\/\"},\"author\":{\"name\":\"N.S Carideal\",\"@id\":\"https:\/\/www.carideal.com\/blog\/#\/schema\/person\/985c7e757d1042d647f21bfaf8d41ebc\"},\"headline\":\"Le Chinois QOROS presente sa QOROS 3 au salon de Gen\u00e8ve\",\"datePublished\":\"2013-04-13T09:09:00+00:00\",\"dateModified\":\"2020-03-07T21:42:27+00:00\",\"mainEntityOfPage\":{\"@id\":\"https:\/\/www.carideal.com\/blog\/2013\/04\/13\/le-chinois-qoros-presente-sa-qoros-3-au-salon-de-geneve\/\"},\"wordCount\":208,\"commentCount\":0,\"publisher\":{\"@id\":\"https:\/\/www.carideal.com\/blog\/#organization\"},\"keywords\":[\"Euro-NCAP\"],\"articleSection\":[\"March\u00e9 automobile\"],\"inLanguage\":\"fr-FR\",\"potentialAction\":[{\"@type\":\"CommentAction\",\"name\":\"Comment\",\"target\":[\"https:\/\/www.carideal.com\/blog\/2013\/04\/13\/le-chinois-qoros-presente-sa-qoros-3-au-salon-de-geneve\/#respond\"]}]},{\"@type\":\"WebPage\",\"@id\":\"https:\/\/www.carideal.com\/blog\/2013\/04\/13\/le-chinois-qoros-presente-sa-qoros-3-au-salon-de-geneve\/\",\"url\":\"https:\/\/www.carideal.com\/blog\/2013\/04\/13\/le-chinois-qoros-presente-sa-qoros-3-au-salon-de-geneve\/\",\"name\":\"Le Chinois QOROS presente sa QOROS 3 au salon de Gen\u00e8ve - Blog auto Carid\u00e9al\",\"isPartOf\":{\"@id\":\"https:\/\/www.carideal.com\/blog\/#website\"},\"datePublished\":\"2013-04-13T09:09:00+00:00\",\"dateModified\":\"2020-03-07T21:42:27+00:00\",\"breadcrumb\":{\"@id\":\"https:\/\/www.carideal.com\/blog\/2013\/04\/13\/le-chinois-qoros-presente-sa-qoros-3-au-salon-de-geneve\/#breadcrumb\"},\"inLanguage\":\"fr-FR\",\"potentialAction\":[{\"@type\":\"ReadAction\",\"target\":[\"https:\/\/www.carideal.com\/blog\/2013\/04\/13\/le-chinois-qoros-presente-sa-qoros-3-au-salon-de-geneve\/\"]}]},{\"@type\":\"BreadcrumbList\",\"@id\":\"https:\/\/www.carideal.com\/blog\/2013\/04\/13\/le-chinois-qoros-presente-sa-qoros-3-au-salon-de-geneve\/#breadcrumb\",\"itemListElement\":[{\"@type\":\"ListItem\",\"position\":1,\"name\":\"Blog Carid\u00e9al\",\"item\":\"https:\/\/www.carideal.com\/blog\/\"},{\"@type\":\"ListItem\",\"position\":2,\"name\":\"March\u00e9 automobile\",\"item\":\"https:\/\/www.carideal.com\/blog\/marche-automobile-voiture-neuve-occasion-4x4-suv\/\"},{\"@type\":\"ListItem\",\"position\":3,\"name\":\"Le Chinois QOROS presente sa QOROS 3 au salon de Gen\u00e8ve\"}]},{\"@type\":\"WebSite\",\"@id\":\"https:\/\/www.carideal.com\/blog\/#website\",\"url\":\"https:\/\/www.carideal.com\/blog\/\",\"name\":\"Blog auto Carid\u00e9al\",\"description\":\"Actualit\u00e9 auto par des passionn\u00e9s\",\"publisher\":{\"@id\":\"https:\/\/www.carideal.com\/blog\/#organization\"},\"potentialAction\":[{\"@type\":\"SearchAction\",\"target\":{\"@type\":\"EntryPoint\",\"urlTemplate\":\"https:\/\/www.carideal.com\/blog\/?s={search_term_string}\"},\"query-input\":{\"@type\":\"PropertyValueSpecification\",\"valueRequired\":true,\"valueName\":\"search_term_string\"}}],\"inLanguage\":\"fr-FR\"},{\"@type\":\"Organization\",\"@id\":\"https:\/\/www.carideal.com\/blog\/#organization\",\"name\":\"Carideal\",\"url\":\"https:\/\/www.carideal.com\/blog\/\",\"logo\":{\"@type\":\"ImageObject\",\"inLanguage\":\"fr-FR\",\"@id\":\"https:\/\/www.carideal.com\/blog\/#\/schema\/logo\/image\/\",\"url\":\"http:\/\/www.carideal.com\/blog\/wp-content\/uploads\/2016\/03\/logo-carideal-mandataire-automobile.png\",\"contentUrl\":\"http:\/\/www.carideal.com\/blog\/wp-content\/uploads\/2016\/03\/logo-carideal-mandataire-automobile.png\",\"width\":300,\"height\":300,\"caption\":\"Carideal\"},\"image\":{\"@id\":\"https:\/\/www.carideal.com\/blog\/#\/schema\/logo\/image\/\"},\"sameAs\":[\"https:\/\/www.facebook.com\/Carideal.mandataire.automobile\",\"https:\/\/x.com\/caridealauto\",\"https:\/\/www.instagram.com\/carideal1\/\",\"https:\/\/www.linkedin.com\/company\/carideal.com\",\"https:\/\/fr.pinterest.com\/schiavonsas\/\",\"https:\/\/www.youtube.com\/user\/caridealsas\"]},{\"@type\":\"Person\",\"@id\":\"https:\/\/www.carideal.com\/blog\/#\/schema\/person\/985c7e757d1042d647f21bfaf8d41ebc\",\"name\":\"N.S Carideal\",\"image\":{\"@type\":\"ImageObject\",\"inLanguage\":\"fr-FR\",\"@id\":\"https:\/\/www.carideal.com\/blog\/#\/schema\/person\/image\/\",\"url\":\"https:\/\/secure.gravatar.com\/avatar\/edb7ccdf1a4e3d14aef967760d354d0e?s=96&r=g\",\"contentUrl\":\"https:\/\/secure.gravatar.com\/avatar\/edb7ccdf1a4e3d14aef967760d354d0e?s=96&r=g\",\"caption\":\"N.S Carideal\"},\"description\":\"Depuis tout petit fan d'automobile. Il est question d'essayer et de comparer toutes ces voitures qui nous ont fait r\u00e9ver, avant que celles-ci ne devient uniquement des voitures de collection.\",\"sameAs\":[\"http:\/\/www.carideal.com\/blog\",\"https:\/\/www.facebook.com\/Carideal.mandataire.automobile\/\",\"https:\/\/www.linkedin.com\/in\/nschiavon\/\",\"https:\/\/www.youtube.com\/user\/caridealsas\/\"],\"url\":\"https:\/\/www.carideal.com\/blog\/author\/admin_carideal\/\"}]}<\/script>\n<!-- \/ Yoast SEO plugin. -->","yoast_head_json":{"title":"Le Chinois QOROS presente sa QOROS 3 au salon de Gen\u00e8ve - Blog auto Carid\u00e9al","robots":{"index":"index","follow":"follow","max-snippet":"max-snippet:-1","max-image-preview":"max-image-preview:large","max-video-preview":"max-video-preview:-1"},"canonical":"https:\/\/www.carideal.com\/blog\/2013\/04\/13\/le-chinois-qoros-presente-sa-qoros-3-au-salon-de-geneve\/","og_locale":"fr_FR","og_type":"article","og_title":"Le Chinois QOROS presente sa QOROS 3 au salon de Gen\u00e8ve - Blog auto Carid\u00e9al","og_description":"QOROS 3 La berline Cette nouvelle QOROS 3 devrait \u00eatre commercialis\u00e9e pour 2014 et va \u00eatre \u00e9quip\u00e9e de deux moteurs \u00e0 essence pour le march\u00e9 Chinois, 1.6 atmosph\u00e9rique de 126 ch et un autre turbo de 156 accoupl\u00e9s \u00e0 des boites de vitesses manuelles ou boite robotis\u00e9e \u00e0 double embrayage. Mais QOROS pr\u00e9voit pour l'europe ... Lire plus","og_url":"https:\/\/www.carideal.com\/blog\/2013\/04\/13\/le-chinois-qoros-presente-sa-qoros-3-au-salon-de-geneve\/","og_site_name":"Blog auto Carid\u00e9al","article_publisher":"https:\/\/www.facebook.com\/Carideal.mandataire.automobile","article_author":"https:\/\/www.facebook.com\/Carideal.mandataire.automobile\/","article_published_time":"2013-04-13T09:09:00+00:00","article_modified_time":"2020-03-07T21:42:27+00:00","og_image":[{"width":300,"height":300,"url":"https:\/\/www.carideal.com\/blog\/wp-content\/uploads\/2016\/03\/logo-carideal-mandataire-automobile.png","type":"image\/png"}],"author":"N.S Carideal","twitter_card":"summary_large_image","twitter_creator":"@caridealauto","twitter_site":"@caridealauto","twitter_misc":{"\u00c9crit par":"N.S Carideal","Dur\u00e9e de lecture estim\u00e9e":"1 minute"},"schema":{"@context":"https:\/\/schema.org","@graph":[{"@type":"Article","@id":"https:\/\/www.carideal.com\/blog\/2013\/04\/13\/le-chinois-qoros-presente-sa-qoros-3-au-salon-de-geneve\/#article","isPartOf":{"@id":"https:\/\/www.carideal.com\/blog\/2013\/04\/13\/le-chinois-qoros-presente-sa-qoros-3-au-salon-de-geneve\/"},"author":{"name":"N.S Carideal","@id":"https:\/\/www.carideal.com\/blog\/#\/schema\/person\/985c7e757d1042d647f21bfaf8d41ebc"},"headline":"Le Chinois QOROS presente sa QOROS 3 au salon de Gen\u00e8ve","datePublished":"2013-04-13T09:09:00+00:00","dateModified":"2020-03-07T21:42:27+00:00","mainEntityOfPage":{"@id":"https:\/\/www.carideal.com\/blog\/2013\/04\/13\/le-chinois-qoros-presente-sa-qoros-3-au-salon-de-geneve\/"},"wordCount":208,"commentCount":0,"publisher":{"@id":"https:\/\/www.carideal.com\/blog\/#organization"},"keywords":["Euro-NCAP"],"articleSection":["March\u00e9 automobile"],"inLanguage":"fr-FR","potentialAction":[{"@type":"CommentAction","name":"Comment","target":["https:\/\/www.carideal.com\/blog\/2013\/04\/13\/le-chinois-qoros-presente-sa-qoros-3-au-salon-de-geneve\/#respond"]}]},{"@type":"WebPage","@id":"https:\/\/www.carideal.com\/blog\/2013\/04\/13\/le-chinois-qoros-presente-sa-qoros-3-au-salon-de-geneve\/","url":"https:\/\/www.carideal.com\/blog\/2013\/04\/13\/le-chinois-qoros-presente-sa-qoros-3-au-salon-de-geneve\/","name":"Le Chinois QOROS presente sa QOROS 3 au salon de Gen\u00e8ve - Blog auto Carid\u00e9al","isPartOf":{"@id":"https:\/\/www.carideal.com\/blog\/#website"},"datePublished":"2013-04-13T09:09:00+00:00","dateModified":"2020-03-07T21:42:27+00:00","breadcrumb":{"@id":"https:\/\/www.carideal.com\/blog\/2013\/04\/13\/le-chinois-qoros-presente-sa-qoros-3-au-salon-de-geneve\/#breadcrumb"},"inLanguage":"fr-FR","potentialAction":[{"@type":"ReadAction","target":["https:\/\/www.carideal.com\/blog\/2013\/04\/13\/le-chinois-qoros-presente-sa-qoros-3-au-salon-de-geneve\/"]}]},{"@type":"BreadcrumbList","@id":"https:\/\/www.carideal.com\/blog\/2013\/04\/13\/le-chinois-qoros-presente-sa-qoros-3-au-salon-de-geneve\/#breadcrumb","itemListElement":[{"@type":"ListItem","position":1,"name":"Blog Carid\u00e9al","item":"https:\/\/www.carideal.com\/blog\/"},{"@type":"ListItem","position":2,"name":"March\u00e9 automobile","item":"https:\/\/www.carideal.com\/blog\/marche-automobile-voiture-neuve-occasion-4x4-suv\/"},{"@type":"ListItem","position":3,"name":"Le Chinois QOROS presente sa QOROS 3 au salon de Gen\u00e8ve"}]},{"@type":"WebSite","@id":"https:\/\/www.carideal.com\/blog\/#website","url":"https:\/\/www.carideal.com\/blog\/","name":"Blog auto Carid\u00e9al","description":"Actualit\u00e9 auto par des passionn\u00e9s","publisher":{"@id":"https:\/\/www.carideal.com\/blog\/#organization"},"potentialAction":[{"@type":"SearchAction","target":{"@type":"EntryPoint","urlTemplate":"https:\/\/www.carideal.com\/blog\/?s={search_term_string}"},"query-input":{"@type":"PropertyValueSpecification","valueRequired":true,"valueName":"search_term_string"}}],"inLanguage":"fr-FR"},{"@type":"Organization","@id":"https:\/\/www.carideal.com\/blog\/#organization","name":"Carideal","url":"https:\/\/www.carideal.com\/blog\/","logo":{"@type":"ImageObject","inLanguage":"fr-FR","@id":"https:\/\/www.carideal.com\/blog\/#\/schema\/logo\/image\/","url":"http:\/\/www.carideal.com\/blog\/wp-content\/uploads\/2016\/03\/logo-carideal-mandataire-automobile.png","contentUrl":"http:\/\/www.carideal.com\/blog\/wp-content\/uploads\/2016\/03\/logo-carideal-mandataire-automobile.png","width":300,"height":300,"caption":"Carideal"},"image":{"@id":"https:\/\/www.carideal.com\/blog\/#\/schema\/logo\/image\/"},"sameAs":["https:\/\/www.facebook.com\/Carideal.mandataire.automobile","https:\/\/x.com\/caridealauto","https:\/\/www.instagram.com\/carideal1\/","https:\/\/www.linkedin.com\/company\/carideal.com","https:\/\/fr.pinterest.com\/schiavonsas\/","https:\/\/www.youtube.com\/user\/caridealsas"]},{"@type":"Person","@id":"https:\/\/www.carideal.com\/blog\/#\/schema\/person\/985c7e757d1042d647f21bfaf8d41ebc","name":"N.S Carideal","image":{"@type":"ImageObject","inLanguage":"fr-FR","@id":"https:\/\/www.carideal.com\/blog\/#\/schema\/person\/image\/","url":"https:\/\/secure.gravatar.com\/avatar\/edb7ccdf1a4e3d14aef967760d354d0e?s=96&r=g","contentUrl":"https:\/\/secure.gravatar.com\/avatar\/edb7ccdf1a4e3d14aef967760d354d0e?s=96&r=g","caption":"N.S Carideal"},"description":"Depuis tout petit fan d'automobile. Il est question d'essayer et de comparer toutes ces voitures qui nous ont fait r\u00e9ver, avant que celles-ci ne devient uniquement des voitures de collection.","sameAs":["http:\/\/www.carideal.com\/blog","https:\/\/www.facebook.com\/Carideal.mandataire.automobile\/","https:\/\/www.linkedin.com\/in\/nschiavon\/","https:\/\/www.youtube.com\/user\/caridealsas\/"],"url":"https:\/\/www.carideal.com\/blog\/author\/admin_carideal\/"}]}},"uagb_featured_image_src":{"full":false,"thumbnail":false,"medium":false,"medium_large":false,"large":false,"1536x1536":false,"2048x2048":false,"wppr-widget":false},"uagb_author_info":{"display_name":"N.S Carideal","author_link":"https:\/\/www.carideal.com\/blog\/author\/admin_carideal\/"},"uagb_comment_info":0,"uagb_excerpt":"QOROS 3 La berline Cette nouvelle QOROS 3 devrait \u00eatre commercialis\u00e9e pour 2014 et va \u00eatre \u00e9quip\u00e9e de deux moteurs \u00e0 essence pour le march\u00e9 Chinois, 1.6 atmosph\u00e9rique de 126 ch et un autre turbo de 156 accoupl\u00e9s \u00e0 des boites de vitesses manuelles ou boite robotis\u00e9e \u00e0 double embrayage. Mais QOROS pr\u00e9voit pour l'europe\u2026","_links":{"self":[{"href":"https:\/\/www.carideal.com\/blog\/wp-json\/wp\/v2\/posts\/1368"}],"collection":[{"href":"https:\/\/www.carideal.com\/blog\/wp-json\/wp\/v2\/posts"}],"about":[{"href":"https:\/\/www.carideal.com\/blog\/wp-json\/wp\/v2\/types\/post"}],"author":[{"embeddable":true,"href":"https:\/\/www.carideal.com\/blog\/wp-json\/wp\/v2\/users\/1"}],"replies":[{"embeddable":true,"href":"https:\/\/www.carideal.com\/blog\/wp-json\/wp\/v2\/comments?post=1368"}],"version-history":[{"count":0,"href":"https:\/\/www.carideal.com\/blog\/wp-json\/wp\/v2\/posts\/1368\/revisions"}],"wp:attachment":[{"href":"https:\/\/www.carideal.com\/blog\/wp-json\/wp\/v2\/media?parent=1368"}],"wp:term":[{"taxonomy":"category","embeddable":true,"href":"https:\/\/www.carideal.com\/blog\/wp-json\/wp\/v2\/categories?post=1368"},{"taxonomy":"post_tag","embeddable":true,"href":"https:\/\/www.carideal.com\/blog\/wp-json\/wp\/v2\/tags?post=1368"}],"curies":[{"name":"wp","href":"https:\/\/api.w.org\/{rel}","templated":true}]}}