{"id":1364,"date":"2013-04-11T11:07:00","date_gmt":"2013-04-11T11:07:00","guid":{"rendered":"http:\/\/carideal.com\/blog\/?p=1364"},"modified":"2018-03-24T19:52:31","modified_gmt":"2018-03-24T18:52:31","slug":"les-constructeurs-francais-repensent-leur-priorites","status":"publish","type":"post","link":"https:\/\/www.carideal.com\/blog\/2013\/04\/11\/les-constructeurs-francais-repensent-leur-priorites\/","title":{"rendered":"Les Constructeurs Fran\u00e7ais repensent leur priorit\u00e9s"},"content":{"rendered":"<h2>Les Constructeurs Fran\u00e7ais repensent leur priorit\u00e9s<\/h2>\n<figure style=\"width: 438px\" class=\"wp-caption alignnone\"><img loading=\"lazy\" decoding=\"async\" title=\"Le nouveau concept Car de Citroen DS le Wild Rubis\" src=\"\/blog\/public\/.citroen_ds_wild_rubis-schiavon-chambery-actualites_m.jpg\" alt=\"Le nouveau concept Car de Citroen DS le Wild Rubis\" width=\"448\" height=\"252\" \/><figcaption class=\"wp-caption-text\">Le nouveau concept Car de Citroen DS le Wild Rubis<\/figcaption><\/figure>\n<figure style=\"width: 438px\" class=\"wp-caption alignnone\"><img loading=\"lazy\" decoding=\"async\" title=\"DS WILD RUBY, avr. 2013\" src=\"\/blog\/public\/.citroen_ds_wild_rubis-schiavon-chambery-actualites-2_m.jpg\" alt=\"L'arri\u00e8re Du Wild Rubis en impose\" width=\"448\" height=\"252\" \/><figcaption class=\"wp-caption-text\">L'arri\u00e8re Du Wild Rubis en impose<\/figcaption><\/figure>\n<p>Nous vivons un printemps 2013 d\u00e9di\u00e9s aux commercialisations en tout genre de SUV\u00a0: le 2008 chez <a href=\"http:\/\/www.carideal.com\/blog\/marque-de-voiture-actualites-essais\/peugeot\/\">Peugeot<\/a> et le Captur chez <a href=\"http:\/\/www.carideal.com\/blog\/marque-de-voiture-actualites-essais\/renault\/\">Renault<\/a>. Citroen lui parie sur la Chine et d\u00e9voile son future DSX sous la forme du concept car Wild Rubis qui sera pr\u00e9sent\u00e9 officiellement au salon de Shanghai cette semaine.<br \/>\nLa <a href=\"http:\/\/www.carideal.com\/blog\/marque-de-voiture-actualites-essais\/ds\/\">gamme DS<\/a> repr\u00e9sente d\u00e9j\u00e0 plus de 10% des ventes de <a href=\"http:\/\/www.carideal.com\/blog\/marque-de-voiture-actualites-essais\/citroen\/\">Citroen<\/a> , mais ce <a href=\"http:\/\/www.carideal.com\/blog\/2013\/11\/21\/un-suv-chic-pour-la-gamme-ds-ds-x\/\">DSX<\/a> ne sera pas vendu sous cette forme en Europe, car son format de 4.70m est trop imposant pour l'instant pour le march\u00e9 europ\u00e9en, mais par contre correspond \u00e0 la demande asiatique, car ils consid\u00e8rent que l'espace aux jambes arri\u00e8res est un signe de prosp\u00e9rit\u00e9.<br \/>\nLe client europ\u00e9en est lui d'abord concentr\u00e9 sur le poste de pilotage, puis l'encombrement ext\u00e9rieur, ce qui a fait le succ\u00e8s du Peugeot 3008.<br \/>\nLe DSX \"europ\u00e9en\" devrait donc \u00eatre plus court, 4.60m contre 4.70m en 2015, car la priorit\u00e9 pour l'instant reste la Chine ou Citroen a vendu en 2012 226000 voitures sur les 1.265 millions que le constructeurs fran\u00e7ais a \u00e9coul\u00e9 dans le monde, ce qui repr\u00e9sente 17.86%.<\/p>\n<p>La Chine est donc de facto le deuxi\u00e8me march\u00e9 apr\u00e8s la France pour Citroen, et repr\u00e9sente plus de 50% des ventes hors Europe.<br \/>\nIl se pourrait bien que la Chine devienne le premier March\u00e9 pour Citroen et le reste.<\/p>\n<p><iframe loading=\"lazy\" src=\"http:\/\/www.youtube.com\/embed\/06G4e15a46Y\" width=\"640\" height=\"360\" frameborder=\"0\" allowfullscreen=\"allowfullscreen\"><\/iframe><\/p>\n<p>\/ Nous aurons droit \u00e0 une guerre des prix entre le 2008 et le Captur<\/p>\n","protected":false},"excerpt":{"rendered":"<p>Les Constructeurs Fran\u00e7ais repensent leur priorit\u00e9s Nous vivons un printemps 2013 d\u00e9di\u00e9s aux commercialisations en tout genre de SUV\u00a0: le 2008 chez Peugeot et le Captur chez Renault. Citroen lui parie sur la Chine et d\u00e9voile son future DSX sous la forme du concept car Wild Rubis qui sera pr\u00e9sent\u00e9 officiellement au salon de Shanghai &#8230; <a title=\"Les Constructeurs Fran\u00e7ais repensent leur priorit\u00e9s\" class=\"read-more\" href=\"https:\/\/www.carideal.com\/blog\/2013\/04\/11\/les-constructeurs-francais-repensent-leur-priorites\/\" aria-label=\"En savoir plus sur Les Constructeurs Fran\u00e7ais repensent leur priorit\u00e9s\">Lire plus<\/a><\/p>\n","protected":false},"author":1,"featured_media":17054,"comment_status":"open","ping_status":"open","sticky":false,"template":"","format":"standard","meta":{"_uag_custom_page_level_css":"","_themeisle_gutenberg_block_has_review":false,"footnotes":""},"categories":[10,5972,6114],"tags":[163],"class_list":["post-1364","post","type-post","status-publish","format-standard","has-post-thumbnail","hentry","category-marche-automobile-voiture-neuve-occasion-4x4-suv","category-salons","category-salon-de-shanghai","tag-chine"],"wppr_data":{"cwp_meta_box_check":"No"},"yoast_head":"<!-- This site is optimized with the Yoast SEO plugin v24.8.1 - https:\/\/yoast.com\/wordpress\/plugins\/seo\/ -->\n<title>Les Constructeurs Fran\u00e7ais repensent leur priorit\u00e9s - Blog auto Carid\u00e9al<\/title>\n<meta name=\"robots\" content=\"index, follow, max-snippet:-1, max-image-preview:large, max-video-preview:-1\" \/>\n<link rel=\"canonical\" href=\"https:\/\/www.carideal.com\/blog\/2013\/04\/11\/les-constructeurs-francais-repensent-leur-priorites\/\" \/>\n<meta property=\"og:locale\" content=\"fr_FR\" \/>\n<meta property=\"og:type\" content=\"article\" \/>\n<meta property=\"og:title\" content=\"Les Constructeurs Fran\u00e7ais repensent leur priorit\u00e9s - Blog auto Carid\u00e9al\" \/>\n<meta property=\"og:description\" content=\"Les Constructeurs Fran\u00e7ais repensent leur priorit\u00e9s Nous vivons un printemps 2013 d\u00e9di\u00e9s aux commercialisations en tout genre de SUV\u00a0: le 2008 chez Peugeot et le Captur chez Renault. Citroen lui parie sur la Chine et d\u00e9voile son future DSX sous la forme du concept car Wild Rubis qui sera pr\u00e9sent\u00e9 officiellement au salon de Shanghai ... Lire plus\" \/>\n<meta property=\"og:url\" content=\"https:\/\/www.carideal.com\/blog\/2013\/04\/11\/les-constructeurs-francais-repensent-leur-priorites\/\" \/>\n<meta property=\"og:site_name\" content=\"Blog auto Carid\u00e9al\" \/>\n<meta property=\"article:publisher\" content=\"https:\/\/www.facebook.com\/Carideal.mandataire.automobile\" \/>\n<meta property=\"article:author\" content=\"https:\/\/www.facebook.com\/Carideal.mandataire.automobile\/\" \/>\n<meta property=\"article:published_time\" content=\"2013-04-11T11:07:00+00:00\" \/>\n<meta property=\"article:modified_time\" content=\"2018-03-24T18:52:31+00:00\" \/>\n<meta property=\"og:image\" content=\"https:\/\/www.carideal.com\/blog\/wp-content\/uploads\/2013\/04\/citroen_ds_wild_rubis-schiavon-chambery-actualites_m.jpg\" \/>\n\t<meta property=\"og:image:width\" content=\"448\" \/>\n\t<meta property=\"og:image:height\" content=\"252\" \/>\n\t<meta property=\"og:image:type\" content=\"image\/jpeg\" \/>\n<meta name=\"author\" content=\"N.S Carideal\" \/>\n<meta name=\"twitter:card\" content=\"summary_large_image\" \/>\n<meta name=\"twitter:creator\" content=\"@caridealauto\" \/>\n<meta name=\"twitter:site\" content=\"@caridealauto\" \/>\n<meta name=\"twitter:label1\" content=\"\u00c9crit par\" \/>\n\t<meta name=\"twitter:data1\" content=\"N.S Carideal\" \/>\n\t<meta name=\"twitter:label2\" content=\"Dur\u00e9e de lecture estim\u00e9e\" \/>\n\t<meta name=\"twitter:data2\" content=\"1 minute\" \/>\n<script type=\"application\/ld+json\" class=\"yoast-schema-graph\">{\"@context\":\"https:\/\/schema.org\",\"@graph\":[{\"@type\":\"Article\",\"@id\":\"https:\/\/www.carideal.com\/blog\/2013\/04\/11\/les-constructeurs-francais-repensent-leur-priorites\/#article\",\"isPartOf\":{\"@id\":\"https:\/\/www.carideal.com\/blog\/2013\/04\/11\/les-constructeurs-francais-repensent-leur-priorites\/\"},\"author\":{\"name\":\"N.S Carideal\",\"@id\":\"https:\/\/www.carideal.com\/blog\/#\/schema\/person\/985c7e757d1042d647f21bfaf8d41ebc\"},\"headline\":\"Les Constructeurs Fran\u00e7ais repensent leur priorit\u00e9s\",\"datePublished\":\"2013-04-11T11:07:00+00:00\",\"dateModified\":\"2018-03-24T18:52:31+00:00\",\"mainEntityOfPage\":{\"@id\":\"https:\/\/www.carideal.com\/blog\/2013\/04\/11\/les-constructeurs-francais-repensent-leur-priorites\/\"},\"wordCount\":284,\"commentCount\":0,\"publisher\":{\"@id\":\"https:\/\/www.carideal.com\/blog\/#organization\"},\"image\":{\"@id\":\"https:\/\/www.carideal.com\/blog\/2013\/04\/11\/les-constructeurs-francais-repensent-leur-priorites\/#primaryimage\"},\"thumbnailUrl\":\"https:\/\/www.carideal.com\/blog\/wp-content\/uploads\/2013\/04\/citroen_ds_wild_rubis-schiavon-chambery-actualites_m.jpg\",\"keywords\":[\"Voiture chinoise\"],\"articleSection\":[\"March\u00e9 automobile\",\"Salon automobile\",\"Salon de Shanghai\"],\"inLanguage\":\"fr-FR\",\"potentialAction\":[{\"@type\":\"CommentAction\",\"name\":\"Comment\",\"target\":[\"https:\/\/www.carideal.com\/blog\/2013\/04\/11\/les-constructeurs-francais-repensent-leur-priorites\/#respond\"]}]},{\"@type\":\"WebPage\",\"@id\":\"https:\/\/www.carideal.com\/blog\/2013\/04\/11\/les-constructeurs-francais-repensent-leur-priorites\/\",\"url\":\"https:\/\/www.carideal.com\/blog\/2013\/04\/11\/les-constructeurs-francais-repensent-leur-priorites\/\",\"name\":\"Les Constructeurs Fran\u00e7ais repensent leur priorit\u00e9s - Blog auto Carid\u00e9al\",\"isPartOf\":{\"@id\":\"https:\/\/www.carideal.com\/blog\/#website\"},\"primaryImageOfPage\":{\"@id\":\"https:\/\/www.carideal.com\/blog\/2013\/04\/11\/les-constructeurs-francais-repensent-leur-priorites\/#primaryimage\"},\"image\":{\"@id\":\"https:\/\/www.carideal.com\/blog\/2013\/04\/11\/les-constructeurs-francais-repensent-leur-priorites\/#primaryimage\"},\"thumbnailUrl\":\"https:\/\/www.carideal.com\/blog\/wp-content\/uploads\/2013\/04\/citroen_ds_wild_rubis-schiavon-chambery-actualites_m.jpg\",\"datePublished\":\"2013-04-11T11:07:00+00:00\",\"dateModified\":\"2018-03-24T18:52:31+00:00\",\"breadcrumb\":{\"@id\":\"https:\/\/www.carideal.com\/blog\/2013\/04\/11\/les-constructeurs-francais-repensent-leur-priorites\/#breadcrumb\"},\"inLanguage\":\"fr-FR\",\"potentialAction\":[{\"@type\":\"ReadAction\",\"target\":[\"https:\/\/www.carideal.com\/blog\/2013\/04\/11\/les-constructeurs-francais-repensent-leur-priorites\/\"]}]},{\"@type\":\"ImageObject\",\"inLanguage\":\"fr-FR\",\"@id\":\"https:\/\/www.carideal.com\/blog\/2013\/04\/11\/les-constructeurs-francais-repensent-leur-priorites\/#primaryimage\",\"url\":\"https:\/\/www.carideal.com\/blog\/wp-content\/uploads\/2013\/04\/citroen_ds_wild_rubis-schiavon-chambery-actualites_m.jpg\",\"contentUrl\":\"https:\/\/www.carideal.com\/blog\/wp-content\/uploads\/2013\/04\/citroen_ds_wild_rubis-schiavon-chambery-actualites_m.jpg\",\"width\":448,\"height\":252,\"caption\":\"Les Constructeurs Fran\u00e7ais repensent leur priorit\u00e9s\"},{\"@type\":\"BreadcrumbList\",\"@id\":\"https:\/\/www.carideal.com\/blog\/2013\/04\/11\/les-constructeurs-francais-repensent-leur-priorites\/#breadcrumb\",\"itemListElement\":[{\"@type\":\"ListItem\",\"position\":1,\"name\":\"Blog Carid\u00e9al\",\"item\":\"https:\/\/www.carideal.com\/blog\/\"},{\"@type\":\"ListItem\",\"position\":2,\"name\":\"Salon automobile\",\"item\":\"https:\/\/www.carideal.com\/blog\/salons\/\"},{\"@type\":\"ListItem\",\"position\":3,\"name\":\"Salon de Shanghai\",\"item\":\"https:\/\/www.carideal.com\/blog\/salons\/salon-de-shanghai\/\"},{\"@type\":\"ListItem\",\"position\":4,\"name\":\"Les Constructeurs Fran\u00e7ais repensent leur priorit\u00e9s\"}]},{\"@type\":\"WebSite\",\"@id\":\"https:\/\/www.carideal.com\/blog\/#website\",\"url\":\"https:\/\/www.carideal.com\/blog\/\",\"name\":\"Blog auto Carid\u00e9al\",\"description\":\"Actualit\u00e9 auto par des passionn\u00e9s\",\"publisher\":{\"@id\":\"https:\/\/www.carideal.com\/blog\/#organization\"},\"potentialAction\":[{\"@type\":\"SearchAction\",\"target\":{\"@type\":\"EntryPoint\",\"urlTemplate\":\"https:\/\/www.carideal.com\/blog\/?s={search_term_string}\"},\"query-input\":{\"@type\":\"PropertyValueSpecification\",\"valueRequired\":true,\"valueName\":\"search_term_string\"}}],\"inLanguage\":\"fr-FR\"},{\"@type\":\"Organization\",\"@id\":\"https:\/\/www.carideal.com\/blog\/#organization\",\"name\":\"Carideal\",\"url\":\"https:\/\/www.carideal.com\/blog\/\",\"logo\":{\"@type\":\"ImageObject\",\"inLanguage\":\"fr-FR\",\"@id\":\"https:\/\/www.carideal.com\/blog\/#\/schema\/logo\/image\/\",\"url\":\"http:\/\/www.carideal.com\/blog\/wp-content\/uploads\/2016\/03\/logo-carideal-mandataire-automobile.png\",\"contentUrl\":\"http:\/\/www.carideal.com\/blog\/wp-content\/uploads\/2016\/03\/logo-carideal-mandataire-automobile.png\",\"width\":300,\"height\":300,\"caption\":\"Carideal\"},\"image\":{\"@id\":\"https:\/\/www.carideal.com\/blog\/#\/schema\/logo\/image\/\"},\"sameAs\":[\"https:\/\/www.facebook.com\/Carideal.mandataire.automobile\",\"https:\/\/x.com\/caridealauto\",\"https:\/\/www.instagram.com\/carideal1\/\",\"https:\/\/www.linkedin.com\/company\/carideal.com\",\"https:\/\/fr.pinterest.com\/schiavonsas\/\",\"https:\/\/www.youtube.com\/user\/caridealsas\"]},{\"@type\":\"Person\",\"@id\":\"https:\/\/www.carideal.com\/blog\/#\/schema\/person\/985c7e757d1042d647f21bfaf8d41ebc\",\"name\":\"N.S Carideal\",\"image\":{\"@type\":\"ImageObject\",\"inLanguage\":\"fr-FR\",\"@id\":\"https:\/\/www.carideal.com\/blog\/#\/schema\/person\/image\/\",\"url\":\"https:\/\/secure.gravatar.com\/avatar\/edb7ccdf1a4e3d14aef967760d354d0e?s=96&r=g\",\"contentUrl\":\"https:\/\/secure.gravatar.com\/avatar\/edb7ccdf1a4e3d14aef967760d354d0e?s=96&r=g\",\"caption\":\"N.S Carideal\"},\"description\":\"Depuis tout petit fan d'automobile. Il est question d'essayer et de comparer toutes ces voitures qui nous ont fait r\u00e9ver, avant que celles-ci ne devient uniquement des voitures de collection.\",\"sameAs\":[\"http:\/\/www.carideal.com\/blog\",\"https:\/\/www.facebook.com\/Carideal.mandataire.automobile\/\",\"https:\/\/www.linkedin.com\/in\/nschiavon\/\",\"https:\/\/www.youtube.com\/user\/caridealsas\/\"],\"url\":\"https:\/\/www.carideal.com\/blog\/author\/admin_carideal\/\"}]}<\/script>\n<!-- \/ Yoast SEO plugin. -->","yoast_head_json":{"title":"Les Constructeurs Fran\u00e7ais repensent leur priorit\u00e9s - Blog auto Carid\u00e9al","robots":{"index":"index","follow":"follow","max-snippet":"max-snippet:-1","max-image-preview":"max-image-preview:large","max-video-preview":"max-video-preview:-1"},"canonical":"https:\/\/www.carideal.com\/blog\/2013\/04\/11\/les-constructeurs-francais-repensent-leur-priorites\/","og_locale":"fr_FR","og_type":"article","og_title":"Les Constructeurs Fran\u00e7ais repensent leur priorit\u00e9s - Blog auto Carid\u00e9al","og_description":"Les Constructeurs Fran\u00e7ais repensent leur priorit\u00e9s Nous vivons un printemps 2013 d\u00e9di\u00e9s aux commercialisations en tout genre de SUV\u00a0: le 2008 chez Peugeot et le Captur chez Renault. Citroen lui parie sur la Chine et d\u00e9voile son future DSX sous la forme du concept car Wild Rubis qui sera pr\u00e9sent\u00e9 officiellement au salon de Shanghai ... Lire plus","og_url":"https:\/\/www.carideal.com\/blog\/2013\/04\/11\/les-constructeurs-francais-repensent-leur-priorites\/","og_site_name":"Blog auto Carid\u00e9al","article_publisher":"https:\/\/www.facebook.com\/Carideal.mandataire.automobile","article_author":"https:\/\/www.facebook.com\/Carideal.mandataire.automobile\/","article_published_time":"2013-04-11T11:07:00+00:00","article_modified_time":"2018-03-24T18:52:31+00:00","og_image":[{"width":448,"height":252,"url":"https:\/\/www.carideal.com\/blog\/wp-content\/uploads\/2013\/04\/citroen_ds_wild_rubis-schiavon-chambery-actualites_m.jpg","type":"image\/jpeg"}],"author":"N.S Carideal","twitter_card":"summary_large_image","twitter_creator":"@caridealauto","twitter_site":"@caridealauto","twitter_misc":{"\u00c9crit par":"N.S Carideal","Dur\u00e9e de lecture estim\u00e9e":"1 minute"},"schema":{"@context":"https:\/\/schema.org","@graph":[{"@type":"Article","@id":"https:\/\/www.carideal.com\/blog\/2013\/04\/11\/les-constructeurs-francais-repensent-leur-priorites\/#article","isPartOf":{"@id":"https:\/\/www.carideal.com\/blog\/2013\/04\/11\/les-constructeurs-francais-repensent-leur-priorites\/"},"author":{"name":"N.S Carideal","@id":"https:\/\/www.carideal.com\/blog\/#\/schema\/person\/985c7e757d1042d647f21bfaf8d41ebc"},"headline":"Les Constructeurs Fran\u00e7ais repensent leur priorit\u00e9s","datePublished":"2013-04-11T11:07:00+00:00","dateModified":"2018-03-24T18:52:31+00:00","mainEntityOfPage":{"@id":"https:\/\/www.carideal.com\/blog\/2013\/04\/11\/les-constructeurs-francais-repensent-leur-priorites\/"},"wordCount":284,"commentCount":0,"publisher":{"@id":"https:\/\/www.carideal.com\/blog\/#organization"},"image":{"@id":"https:\/\/www.carideal.com\/blog\/2013\/04\/11\/les-constructeurs-francais-repensent-leur-priorites\/#primaryimage"},"thumbnailUrl":"https:\/\/www.carideal.com\/blog\/wp-content\/uploads\/2013\/04\/citroen_ds_wild_rubis-schiavon-chambery-actualites_m.jpg","keywords":["Voiture chinoise"],"articleSection":["March\u00e9 automobile","Salon automobile","Salon de Shanghai"],"inLanguage":"fr-FR","potentialAction":[{"@type":"CommentAction","name":"Comment","target":["https:\/\/www.carideal.com\/blog\/2013\/04\/11\/les-constructeurs-francais-repensent-leur-priorites\/#respond"]}]},{"@type":"WebPage","@id":"https:\/\/www.carideal.com\/blog\/2013\/04\/11\/les-constructeurs-francais-repensent-leur-priorites\/","url":"https:\/\/www.carideal.com\/blog\/2013\/04\/11\/les-constructeurs-francais-repensent-leur-priorites\/","name":"Les Constructeurs Fran\u00e7ais repensent leur priorit\u00e9s - Blog auto Carid\u00e9al","isPartOf":{"@id":"https:\/\/www.carideal.com\/blog\/#website"},"primaryImageOfPage":{"@id":"https:\/\/www.carideal.com\/blog\/2013\/04\/11\/les-constructeurs-francais-repensent-leur-priorites\/#primaryimage"},"image":{"@id":"https:\/\/www.carideal.com\/blog\/2013\/04\/11\/les-constructeurs-francais-repensent-leur-priorites\/#primaryimage"},"thumbnailUrl":"https:\/\/www.carideal.com\/blog\/wp-content\/uploads\/2013\/04\/citroen_ds_wild_rubis-schiavon-chambery-actualites_m.jpg","datePublished":"2013-04-11T11:07:00+00:00","dateModified":"2018-03-24T18:52:31+00:00","breadcrumb":{"@id":"https:\/\/www.carideal.com\/blog\/2013\/04\/11\/les-constructeurs-francais-repensent-leur-priorites\/#breadcrumb"},"inLanguage":"fr-FR","potentialAction":[{"@type":"ReadAction","target":["https:\/\/www.carideal.com\/blog\/2013\/04\/11\/les-constructeurs-francais-repensent-leur-priorites\/"]}]},{"@type":"ImageObject","inLanguage":"fr-FR","@id":"https:\/\/www.carideal.com\/blog\/2013\/04\/11\/les-constructeurs-francais-repensent-leur-priorites\/#primaryimage","url":"https:\/\/www.carideal.com\/blog\/wp-content\/uploads\/2013\/04\/citroen_ds_wild_rubis-schiavon-chambery-actualites_m.jpg","contentUrl":"https:\/\/www.carideal.com\/blog\/wp-content\/uploads\/2013\/04\/citroen_ds_wild_rubis-schiavon-chambery-actualites_m.jpg","width":448,"height":252,"caption":"Les Constructeurs Fran\u00e7ais repensent leur priorit\u00e9s"},{"@type":"BreadcrumbList","@id":"https:\/\/www.carideal.com\/blog\/2013\/04\/11\/les-constructeurs-francais-repensent-leur-priorites\/#breadcrumb","itemListElement":[{"@type":"ListItem","position":1,"name":"Blog Carid\u00e9al","item":"https:\/\/www.carideal.com\/blog\/"},{"@type":"ListItem","position":2,"name":"Salon automobile","item":"https:\/\/www.carideal.com\/blog\/salons\/"},{"@type":"ListItem","position":3,"name":"Salon de Shanghai","item":"https:\/\/www.carideal.com\/blog\/salons\/salon-de-shanghai\/"},{"@type":"ListItem","position":4,"name":"Les Constructeurs Fran\u00e7ais repensent leur priorit\u00e9s"}]},{"@type":"WebSite","@id":"https:\/\/www.carideal.com\/blog\/#website","url":"https:\/\/www.carideal.com\/blog\/","name":"Blog auto Carid\u00e9al","description":"Actualit\u00e9 auto par des passionn\u00e9s","publisher":{"@id":"https:\/\/www.carideal.com\/blog\/#organization"},"potentialAction":[{"@type":"SearchAction","target":{"@type":"EntryPoint","urlTemplate":"https:\/\/www.carideal.com\/blog\/?s={search_term_string}"},"query-input":{"@type":"PropertyValueSpecification","valueRequired":true,"valueName":"search_term_string"}}],"inLanguage":"fr-FR"},{"@type":"Organization","@id":"https:\/\/www.carideal.com\/blog\/#organization","name":"Carideal","url":"https:\/\/www.carideal.com\/blog\/","logo":{"@type":"ImageObject","inLanguage":"fr-FR","@id":"https:\/\/www.carideal.com\/blog\/#\/schema\/logo\/image\/","url":"http:\/\/www.carideal.com\/blog\/wp-content\/uploads\/2016\/03\/logo-carideal-mandataire-automobile.png","contentUrl":"http:\/\/www.carideal.com\/blog\/wp-content\/uploads\/2016\/03\/logo-carideal-mandataire-automobile.png","width":300,"height":300,"caption":"Carideal"},"image":{"@id":"https:\/\/www.carideal.com\/blog\/#\/schema\/logo\/image\/"},"sameAs":["https:\/\/www.facebook.com\/Carideal.mandataire.automobile","https:\/\/x.com\/caridealauto","https:\/\/www.instagram.com\/carideal1\/","https:\/\/www.linkedin.com\/company\/carideal.com","https:\/\/fr.pinterest.com\/schiavonsas\/","https:\/\/www.youtube.com\/user\/caridealsas"]},{"@type":"Person","@id":"https:\/\/www.carideal.com\/blog\/#\/schema\/person\/985c7e757d1042d647f21bfaf8d41ebc","name":"N.S Carideal","image":{"@type":"ImageObject","inLanguage":"fr-FR","@id":"https:\/\/www.carideal.com\/blog\/#\/schema\/person\/image\/","url":"https:\/\/secure.gravatar.com\/avatar\/edb7ccdf1a4e3d14aef967760d354d0e?s=96&r=g","contentUrl":"https:\/\/secure.gravatar.com\/avatar\/edb7ccdf1a4e3d14aef967760d354d0e?s=96&r=g","caption":"N.S Carideal"},"description":"Depuis tout petit fan d'automobile. Il est question d'essayer et de comparer toutes ces voitures qui nous ont fait r\u00e9ver, avant que celles-ci ne devient uniquement des voitures de collection.","sameAs":["http:\/\/www.carideal.com\/blog","https:\/\/www.facebook.com\/Carideal.mandataire.automobile\/","https:\/\/www.linkedin.com\/in\/nschiavon\/","https:\/\/www.youtube.com\/user\/caridealsas\/"],"url":"https:\/\/www.carideal.com\/blog\/author\/admin_carideal\/"}]}},"uagb_featured_image_src":{"full":["https:\/\/www.carideal.com\/blog\/wp-content\/uploads\/2013\/04\/citroen_ds_wild_rubis-schiavon-chambery-actualites_m.jpg",448,252,false],"thumbnail":["https:\/\/www.carideal.com\/blog\/wp-content\/uploads\/2013\/04\/citroen_ds_wild_rubis-schiavon-chambery-actualites_m-150x150.jpg",150,150,true],"medium":["https:\/\/www.carideal.com\/blog\/wp-content\/uploads\/2013\/04\/citroen_ds_wild_rubis-schiavon-chambery-actualites_m-300x169.jpg",300,169,true],"medium_large":["https:\/\/www.carideal.com\/blog\/wp-content\/uploads\/2013\/04\/citroen_ds_wild_rubis-schiavon-chambery-actualites_m.jpg",448,252,false],"large":["https:\/\/www.carideal.com\/blog\/wp-content\/uploads\/2013\/04\/citroen_ds_wild_rubis-schiavon-chambery-actualites_m.jpg",448,252,false],"1536x1536":["https:\/\/www.carideal.com\/blog\/wp-content\/uploads\/2013\/04\/citroen_ds_wild_rubis-schiavon-chambery-actualites_m.jpg",448,252,false],"2048x2048":["https:\/\/www.carideal.com\/blog\/wp-content\/uploads\/2013\/04\/citroen_ds_wild_rubis-schiavon-chambery-actualites_m.jpg",448,252,false],"wppr-widget":["https:\/\/www.carideal.com\/blog\/wp-content\/uploads\/2013\/04\/citroen_ds_wild_rubis-schiavon-chambery-actualites_m.jpg",50,28,false]},"uagb_author_info":{"display_name":"N.S Carideal","author_link":"https:\/\/www.carideal.com\/blog\/author\/admin_carideal\/"},"uagb_comment_info":0,"uagb_excerpt":"Les Constructeurs Fran\u00e7ais repensent leur priorit\u00e9s Nous vivons un printemps 2013 d\u00e9di\u00e9s aux commercialisations en tout genre de SUV\u00a0: le 2008 chez Peugeot et le Captur chez Renault. Citroen lui parie sur la Chine et d\u00e9voile son future DSX sous la forme du concept car Wild Rubis qui sera pr\u00e9sent\u00e9 officiellement au salon de Shanghai\u2026","_links":{"self":[{"href":"https:\/\/www.carideal.com\/blog\/wp-json\/wp\/v2\/posts\/1364"}],"collection":[{"href":"https:\/\/www.carideal.com\/blog\/wp-json\/wp\/v2\/posts"}],"about":[{"href":"https:\/\/www.carideal.com\/blog\/wp-json\/wp\/v2\/types\/post"}],"author":[{"embeddable":true,"href":"https:\/\/www.carideal.com\/blog\/wp-json\/wp\/v2\/users\/1"}],"replies":[{"embeddable":true,"href":"https:\/\/www.carideal.com\/blog\/wp-json\/wp\/v2\/comments?post=1364"}],"version-history":[{"count":0,"href":"https:\/\/www.carideal.com\/blog\/wp-json\/wp\/v2\/posts\/1364\/revisions"}],"wp:featuredmedia":[{"embeddable":true,"href":"https:\/\/www.carideal.com\/blog\/wp-json\/wp\/v2\/media\/17054"}],"wp:attachment":[{"href":"https:\/\/www.carideal.com\/blog\/wp-json\/wp\/v2\/media?parent=1364"}],"wp:term":[{"taxonomy":"category","embeddable":true,"href":"https:\/\/www.carideal.com\/blog\/wp-json\/wp\/v2\/categories?post=1364"},{"taxonomy":"post_tag","embeddable":true,"href":"https:\/\/www.carideal.com\/blog\/wp-json\/wp\/v2\/tags?post=1364"}],"curies":[{"name":"wp","href":"https:\/\/api.w.org\/{rel}","templated":true}]}}