{"id":1363,"date":"2013-04-09T08:56:00","date_gmt":"2013-04-09T08:56:00","guid":{"rendered":"http:\/\/carideal.com\/blog\/?p=1363"},"modified":"2024-01-24T11:16:06","modified_gmt":"2024-01-24T10:16:06","slug":"quelle-golf-7-choisir","status":"publish","type":"post","link":"https:\/\/www.carideal.com\/blog\/2013\/04\/09\/quelle-golf-7-choisir\/","title":{"rendered":"Quelle Volkswagen Golf 7 choisir ?"},"content":{"rendered":"\n<h2 class=\"wp-block-heading\">Quelle Golf 7 choisir ?<\/h2>\n\n\n\n<blockquote class=\"wp-block-quote is-layout-flow wp-block-quote-is-layout-flow\">\n<p>La nouvelle Golf 7\u00b0 du nom est propos\u00e9e avec 5 motorisations et 3 finitions diff\u00e9rentes<\/p>\n<\/blockquote>\n\n\n\n<p>La 7\u00b0 g\u00e9n\u00e9ration de <a href=\"https:\/\/www.carideal.com\/blog\/marque-de-voiture-actualites-essais\/volkswagen\/golf\/\">Volkswagen Golf<\/a> continue dans la continuit\u00e9. C'est la voiture la plus vendue en Europe et elle rend jaloux tous les autres constructeurs. Elle conserve une ligne de carrosserie tr\u00e8s trs\u00e8 inspir\u00e9e des versions pr\u00e9c\u00e9dentes afin que le client s'y retrouve, mais <a href=\"https:\/\/www.carideal.com\/blog\/marque-de-voiture-actualites-essais\/volkswagen\/\">Volkswagen<\/a> e enti\u00e8rement revu ses soubassements et l'a \u00e9quip\u00e9e de la nouvelle plateforme technique qui porte sa longueur \u00e0 4.26m soit 6 cm de plus que l'ancienne version, mais qui surtout permettra de proposer de nouvelles solutions cin\u00e9matiques, \u00e9lectrique ou hybride notamment.<br>Un point noir\u00a0: les versions de moins de 140 ch ne sont plus \u00e9quip\u00e9s du train arri\u00e8re multibras, tr\u00e8s efficace et confortable, au profit d'un essieu d\u00e9formable aux r\u00e9actions moins pr\u00e9cises.<br>le moteur TSI 105 est plus \u00e0 l'aise sur la route qu'en ville et la version 1.4 TSI 140 ACT est \u00e9quip\u00e9e du syst\u00e8me ACT qui coupe l'injection des cylindres en faible charge pour \u00e9conomiser du carburant. Le TSI 105 sera sans doute privil\u00e9gi\u00e9 par les urbains et petits rouleurs.<br>La Golf VII fait des progr\u00e8s en mod\u00e8le Confortline en proposant des rangements et un accoudoir central r\u00e9glable entre les si\u00e8ges avants, et une belle assise et de la place aux places arri\u00e8res.<br>Gr\u00e2ce \u00e0 la nouvelle plateforme le coffre gagne 30 litres.<br>Pour seulement 0.3 l\/100 km de plus que le 1.6 TDI de 105 ch, le 2.0 TDI offre de tr\u00e8s bonnes performances dans un silence confortable. Ce sera la voiture des rouleurs et pour ceux qui veulent une boite 6 vitesses car le 1.6 TDI n'en propose que 5.<\/p>\n","protected":false},"excerpt":{"rendered":"<p>Quelle Golf 7 choisir ? La nouvelle Golf 7\u00b0 du nom est propos\u00e9e avec 5 motorisations et 3 finitions diff\u00e9rentes La 7\u00b0 g\u00e9n\u00e9ration de Volkswagen Golf continue dans la continuit\u00e9. C&rsquo;est la voiture la plus vendue en Europe et elle rend jaloux tous les autres constructeurs. Elle conserve une ligne de carrosserie tr\u00e8s trs\u00e8 inspir\u00e9e &#8230; <a title=\"Quelle Volkswagen Golf 7 choisir ?\" class=\"read-more\" href=\"https:\/\/www.carideal.com\/blog\/2013\/04\/09\/quelle-golf-7-choisir\/\" aria-label=\"En savoir plus sur Quelle Volkswagen Golf 7 choisir ?\">Lire plus<\/a><\/p>\n","protected":false},"author":1,"featured_media":27501,"comment_status":"open","ping_status":"open","sticky":false,"template":"","format":"standard","meta":{"_uag_custom_page_level_css":"","_themeisle_gutenberg_block_has_review":false,"footnotes":""},"categories":[10],"tags":[],"class_list":["post-1363","post","type-post","status-publish","format-standard","has-post-thumbnail","hentry","category-marche-automobile-voiture-neuve-occasion-4x4-suv"],"wppr_data":{"cwp_meta_box_check":"No"},"yoast_head":"<!-- This site is optimized with the Yoast SEO plugin v24.8.1 - https:\/\/yoast.com\/wordpress\/plugins\/seo\/ -->\n<title>Quelle Volkswagen Golf 7 choisir ? - Blog auto Carid\u00e9al<\/title>\n<meta name=\"robots\" content=\"index, follow, max-snippet:-1, max-image-preview:large, max-video-preview:-1\" \/>\n<link rel=\"canonical\" href=\"https:\/\/www.carideal.com\/blog\/2013\/04\/09\/quelle-golf-7-choisir\/\" \/>\n<meta property=\"og:locale\" content=\"fr_FR\" \/>\n<meta property=\"og:type\" content=\"article\" \/>\n<meta property=\"og:title\" content=\"Quelle Volkswagen Golf 7 choisir ? - Blog auto Carid\u00e9al\" \/>\n<meta property=\"og:description\" content=\"Quelle Golf 7 choisir ? La nouvelle Golf 7\u00b0 du nom est propos\u00e9e avec 5 motorisations et 3 finitions diff\u00e9rentes La 7\u00b0 g\u00e9n\u00e9ration de Volkswagen Golf continue dans la continuit\u00e9. C&#039;est la voiture la plus vendue en Europe et elle rend jaloux tous les autres constructeurs. Elle conserve une ligne de carrosserie tr\u00e8s trs\u00e8 inspir\u00e9e ... Lire plus\" \/>\n<meta property=\"og:url\" content=\"https:\/\/www.carideal.com\/blog\/2013\/04\/09\/quelle-golf-7-choisir\/\" \/>\n<meta property=\"og:site_name\" content=\"Blog auto Carid\u00e9al\" \/>\n<meta property=\"article:publisher\" content=\"https:\/\/www.facebook.com\/Carideal.mandataire.automobile\" \/>\n<meta property=\"article:author\" content=\"https:\/\/www.facebook.com\/Carideal.mandataire.automobile\/\" \/>\n<meta property=\"article:published_time\" content=\"2013-04-09T08:56:00+00:00\" \/>\n<meta property=\"article:modified_time\" content=\"2024-01-24T10:16:06+00:00\" \/>\n<meta property=\"og:image\" content=\"https:\/\/www.carideal.com\/blog\/wp-content\/uploads\/2013\/04\/quelle-volkswagen-golf-7-choisir.jpg\" \/>\n\t<meta property=\"og:image:width\" content=\"1600\" \/>\n\t<meta property=\"og:image:height\" content=\"960\" \/>\n\t<meta property=\"og:image:type\" content=\"image\/jpeg\" \/>\n<meta name=\"author\" content=\"N.S Carideal\" \/>\n<meta name=\"twitter:card\" content=\"summary_large_image\" \/>\n<meta name=\"twitter:creator\" content=\"@caridealauto\" \/>\n<meta name=\"twitter:site\" content=\"@caridealauto\" \/>\n<meta name=\"twitter:label1\" content=\"\u00c9crit par\" \/>\n\t<meta name=\"twitter:data1\" content=\"N.S Carideal\" \/>\n\t<meta name=\"twitter:label2\" content=\"Dur\u00e9e de lecture estim\u00e9e\" \/>\n\t<meta name=\"twitter:data2\" content=\"2 minutes\" \/>\n<script type=\"application\/ld+json\" class=\"yoast-schema-graph\">{\"@context\":\"https:\/\/schema.org\",\"@graph\":[{\"@type\":\"Article\",\"@id\":\"https:\/\/www.carideal.com\/blog\/2013\/04\/09\/quelle-golf-7-choisir\/#article\",\"isPartOf\":{\"@id\":\"https:\/\/www.carideal.com\/blog\/2013\/04\/09\/quelle-golf-7-choisir\/\"},\"author\":{\"name\":\"N.S Carideal\",\"@id\":\"https:\/\/www.carideal.com\/blog\/#\/schema\/person\/985c7e757d1042d647f21bfaf8d41ebc\"},\"headline\":\"Quelle Volkswagen Golf 7 choisir ?\",\"datePublished\":\"2013-04-09T08:56:00+00:00\",\"dateModified\":\"2024-01-24T10:16:06+00:00\",\"mainEntityOfPage\":{\"@id\":\"https:\/\/www.carideal.com\/blog\/2013\/04\/09\/quelle-golf-7-choisir\/\"},\"wordCount\":288,\"commentCount\":0,\"publisher\":{\"@id\":\"https:\/\/www.carideal.com\/blog\/#organization\"},\"image\":{\"@id\":\"https:\/\/www.carideal.com\/blog\/2013\/04\/09\/quelle-golf-7-choisir\/#primaryimage\"},\"thumbnailUrl\":\"https:\/\/www.carideal.com\/blog\/wp-content\/uploads\/2013\/04\/quelle-volkswagen-golf-7-choisir.jpg\",\"articleSection\":[\"March\u00e9 automobile\"],\"inLanguage\":\"fr-FR\",\"potentialAction\":[{\"@type\":\"CommentAction\",\"name\":\"Comment\",\"target\":[\"https:\/\/www.carideal.com\/blog\/2013\/04\/09\/quelle-golf-7-choisir\/#respond\"]}]},{\"@type\":\"WebPage\",\"@id\":\"https:\/\/www.carideal.com\/blog\/2013\/04\/09\/quelle-golf-7-choisir\/\",\"url\":\"https:\/\/www.carideal.com\/blog\/2013\/04\/09\/quelle-golf-7-choisir\/\",\"name\":\"Quelle Volkswagen Golf 7 choisir ? - Blog auto Carid\u00e9al\",\"isPartOf\":{\"@id\":\"https:\/\/www.carideal.com\/blog\/#website\"},\"primaryImageOfPage\":{\"@id\":\"https:\/\/www.carideal.com\/blog\/2013\/04\/09\/quelle-golf-7-choisir\/#primaryimage\"},\"image\":{\"@id\":\"https:\/\/www.carideal.com\/blog\/2013\/04\/09\/quelle-golf-7-choisir\/#primaryimage\"},\"thumbnailUrl\":\"https:\/\/www.carideal.com\/blog\/wp-content\/uploads\/2013\/04\/quelle-volkswagen-golf-7-choisir.jpg\",\"datePublished\":\"2013-04-09T08:56:00+00:00\",\"dateModified\":\"2024-01-24T10:16:06+00:00\",\"breadcrumb\":{\"@id\":\"https:\/\/www.carideal.com\/blog\/2013\/04\/09\/quelle-golf-7-choisir\/#breadcrumb\"},\"inLanguage\":\"fr-FR\",\"potentialAction\":[{\"@type\":\"ReadAction\",\"target\":[\"https:\/\/www.carideal.com\/blog\/2013\/04\/09\/quelle-golf-7-choisir\/\"]}]},{\"@type\":\"ImageObject\",\"inLanguage\":\"fr-FR\",\"@id\":\"https:\/\/www.carideal.com\/blog\/2013\/04\/09\/quelle-golf-7-choisir\/#primaryimage\",\"url\":\"https:\/\/www.carideal.com\/blog\/wp-content\/uploads\/2013\/04\/quelle-volkswagen-golf-7-choisir.jpg\",\"contentUrl\":\"https:\/\/www.carideal.com\/blog\/wp-content\/uploads\/2013\/04\/quelle-volkswagen-golf-7-choisir.jpg\",\"width\":1600,\"height\":960,\"caption\":\"Quelle Volkswagen Golf 7 choisir ?\"},{\"@type\":\"BreadcrumbList\",\"@id\":\"https:\/\/www.carideal.com\/blog\/2013\/04\/09\/quelle-golf-7-choisir\/#breadcrumb\",\"itemListElement\":[{\"@type\":\"ListItem\",\"position\":1,\"name\":\"Blog Carid\u00e9al\",\"item\":\"https:\/\/www.carideal.com\/blog\/\"},{\"@type\":\"ListItem\",\"position\":2,\"name\":\"March\u00e9 automobile\",\"item\":\"https:\/\/www.carideal.com\/blog\/marche-automobile-voiture-neuve-occasion-4x4-suv\/\"},{\"@type\":\"ListItem\",\"position\":3,\"name\":\"Quelle Volkswagen Golf 7 choisir ?\"}]},{\"@type\":\"WebSite\",\"@id\":\"https:\/\/www.carideal.com\/blog\/#website\",\"url\":\"https:\/\/www.carideal.com\/blog\/\",\"name\":\"Blog auto Carid\u00e9al\",\"description\":\"Actualit\u00e9 auto par des passionn\u00e9s\",\"publisher\":{\"@id\":\"https:\/\/www.carideal.com\/blog\/#organization\"},\"potentialAction\":[{\"@type\":\"SearchAction\",\"target\":{\"@type\":\"EntryPoint\",\"urlTemplate\":\"https:\/\/www.carideal.com\/blog\/?s={search_term_string}\"},\"query-input\":{\"@type\":\"PropertyValueSpecification\",\"valueRequired\":true,\"valueName\":\"search_term_string\"}}],\"inLanguage\":\"fr-FR\"},{\"@type\":\"Organization\",\"@id\":\"https:\/\/www.carideal.com\/blog\/#organization\",\"name\":\"Carideal\",\"url\":\"https:\/\/www.carideal.com\/blog\/\",\"logo\":{\"@type\":\"ImageObject\",\"inLanguage\":\"fr-FR\",\"@id\":\"https:\/\/www.carideal.com\/blog\/#\/schema\/logo\/image\/\",\"url\":\"http:\/\/www.carideal.com\/blog\/wp-content\/uploads\/2016\/03\/logo-carideal-mandataire-automobile.png\",\"contentUrl\":\"http:\/\/www.carideal.com\/blog\/wp-content\/uploads\/2016\/03\/logo-carideal-mandataire-automobile.png\",\"width\":300,\"height\":300,\"caption\":\"Carideal\"},\"image\":{\"@id\":\"https:\/\/www.carideal.com\/blog\/#\/schema\/logo\/image\/\"},\"sameAs\":[\"https:\/\/www.facebook.com\/Carideal.mandataire.automobile\",\"https:\/\/x.com\/caridealauto\",\"https:\/\/www.instagram.com\/carideal1\/\",\"https:\/\/www.linkedin.com\/company\/carideal.com\",\"https:\/\/fr.pinterest.com\/schiavonsas\/\",\"https:\/\/www.youtube.com\/user\/caridealsas\"]},{\"@type\":\"Person\",\"@id\":\"https:\/\/www.carideal.com\/blog\/#\/schema\/person\/985c7e757d1042d647f21bfaf8d41ebc\",\"name\":\"N.S Carideal\",\"image\":{\"@type\":\"ImageObject\",\"inLanguage\":\"fr-FR\",\"@id\":\"https:\/\/www.carideal.com\/blog\/#\/schema\/person\/image\/\",\"url\":\"https:\/\/secure.gravatar.com\/avatar\/edb7ccdf1a4e3d14aef967760d354d0e?s=96&r=g\",\"contentUrl\":\"https:\/\/secure.gravatar.com\/avatar\/edb7ccdf1a4e3d14aef967760d354d0e?s=96&r=g\",\"caption\":\"N.S Carideal\"},\"description\":\"Depuis tout petit fan d'automobile. Il est question d'essayer et de comparer toutes ces voitures qui nous ont fait r\u00e9ver, avant que celles-ci ne devient uniquement des voitures de collection.\",\"sameAs\":[\"http:\/\/www.carideal.com\/blog\",\"https:\/\/www.facebook.com\/Carideal.mandataire.automobile\/\",\"https:\/\/www.linkedin.com\/in\/nschiavon\/\",\"https:\/\/www.youtube.com\/user\/caridealsas\/\"],\"url\":\"https:\/\/www.carideal.com\/blog\/author\/admin_carideal\/\"}]}<\/script>\n<!-- \/ Yoast SEO plugin. -->","yoast_head_json":{"title":"Quelle Volkswagen Golf 7 choisir ? - Blog auto Carid\u00e9al","robots":{"index":"index","follow":"follow","max-snippet":"max-snippet:-1","max-image-preview":"max-image-preview:large","max-video-preview":"max-video-preview:-1"},"canonical":"https:\/\/www.carideal.com\/blog\/2013\/04\/09\/quelle-golf-7-choisir\/","og_locale":"fr_FR","og_type":"article","og_title":"Quelle Volkswagen Golf 7 choisir ? - Blog auto Carid\u00e9al","og_description":"Quelle Golf 7 choisir ? La nouvelle Golf 7\u00b0 du nom est propos\u00e9e avec 5 motorisations et 3 finitions diff\u00e9rentes La 7\u00b0 g\u00e9n\u00e9ration de Volkswagen Golf continue dans la continuit\u00e9. C'est la voiture la plus vendue en Europe et elle rend jaloux tous les autres constructeurs. Elle conserve une ligne de carrosserie tr\u00e8s trs\u00e8 inspir\u00e9e ... Lire plus","og_url":"https:\/\/www.carideal.com\/blog\/2013\/04\/09\/quelle-golf-7-choisir\/","og_site_name":"Blog auto Carid\u00e9al","article_publisher":"https:\/\/www.facebook.com\/Carideal.mandataire.automobile","article_author":"https:\/\/www.facebook.com\/Carideal.mandataire.automobile\/","article_published_time":"2013-04-09T08:56:00+00:00","article_modified_time":"2024-01-24T10:16:06+00:00","og_image":[{"width":1600,"height":960,"url":"https:\/\/www.carideal.com\/blog\/wp-content\/uploads\/2013\/04\/quelle-volkswagen-golf-7-choisir.jpg","type":"image\/jpeg"}],"author":"N.S Carideal","twitter_card":"summary_large_image","twitter_creator":"@caridealauto","twitter_site":"@caridealauto","twitter_misc":{"\u00c9crit par":"N.S Carideal","Dur\u00e9e de lecture estim\u00e9e":"2 minutes"},"schema":{"@context":"https:\/\/schema.org","@graph":[{"@type":"Article","@id":"https:\/\/www.carideal.com\/blog\/2013\/04\/09\/quelle-golf-7-choisir\/#article","isPartOf":{"@id":"https:\/\/www.carideal.com\/blog\/2013\/04\/09\/quelle-golf-7-choisir\/"},"author":{"name":"N.S Carideal","@id":"https:\/\/www.carideal.com\/blog\/#\/schema\/person\/985c7e757d1042d647f21bfaf8d41ebc"},"headline":"Quelle Volkswagen Golf 7 choisir ?","datePublished":"2013-04-09T08:56:00+00:00","dateModified":"2024-01-24T10:16:06+00:00","mainEntityOfPage":{"@id":"https:\/\/www.carideal.com\/blog\/2013\/04\/09\/quelle-golf-7-choisir\/"},"wordCount":288,"commentCount":0,"publisher":{"@id":"https:\/\/www.carideal.com\/blog\/#organization"},"image":{"@id":"https:\/\/www.carideal.com\/blog\/2013\/04\/09\/quelle-golf-7-choisir\/#primaryimage"},"thumbnailUrl":"https:\/\/www.carideal.com\/blog\/wp-content\/uploads\/2013\/04\/quelle-volkswagen-golf-7-choisir.jpg","articleSection":["March\u00e9 automobile"],"inLanguage":"fr-FR","potentialAction":[{"@type":"CommentAction","name":"Comment","target":["https:\/\/www.carideal.com\/blog\/2013\/04\/09\/quelle-golf-7-choisir\/#respond"]}]},{"@type":"WebPage","@id":"https:\/\/www.carideal.com\/blog\/2013\/04\/09\/quelle-golf-7-choisir\/","url":"https:\/\/www.carideal.com\/blog\/2013\/04\/09\/quelle-golf-7-choisir\/","name":"Quelle Volkswagen Golf 7 choisir ? - Blog auto Carid\u00e9al","isPartOf":{"@id":"https:\/\/www.carideal.com\/blog\/#website"},"primaryImageOfPage":{"@id":"https:\/\/www.carideal.com\/blog\/2013\/04\/09\/quelle-golf-7-choisir\/#primaryimage"},"image":{"@id":"https:\/\/www.carideal.com\/blog\/2013\/04\/09\/quelle-golf-7-choisir\/#primaryimage"},"thumbnailUrl":"https:\/\/www.carideal.com\/blog\/wp-content\/uploads\/2013\/04\/quelle-volkswagen-golf-7-choisir.jpg","datePublished":"2013-04-09T08:56:00+00:00","dateModified":"2024-01-24T10:16:06+00:00","breadcrumb":{"@id":"https:\/\/www.carideal.com\/blog\/2013\/04\/09\/quelle-golf-7-choisir\/#breadcrumb"},"inLanguage":"fr-FR","potentialAction":[{"@type":"ReadAction","target":["https:\/\/www.carideal.com\/blog\/2013\/04\/09\/quelle-golf-7-choisir\/"]}]},{"@type":"ImageObject","inLanguage":"fr-FR","@id":"https:\/\/www.carideal.com\/blog\/2013\/04\/09\/quelle-golf-7-choisir\/#primaryimage","url":"https:\/\/www.carideal.com\/blog\/wp-content\/uploads\/2013\/04\/quelle-volkswagen-golf-7-choisir.jpg","contentUrl":"https:\/\/www.carideal.com\/blog\/wp-content\/uploads\/2013\/04\/quelle-volkswagen-golf-7-choisir.jpg","width":1600,"height":960,"caption":"Quelle Volkswagen Golf 7 choisir ?"},{"@type":"BreadcrumbList","@id":"https:\/\/www.carideal.com\/blog\/2013\/04\/09\/quelle-golf-7-choisir\/#breadcrumb","itemListElement":[{"@type":"ListItem","position":1,"name":"Blog Carid\u00e9al","item":"https:\/\/www.carideal.com\/blog\/"},{"@type":"ListItem","position":2,"name":"March\u00e9 automobile","item":"https:\/\/www.carideal.com\/blog\/marche-automobile-voiture-neuve-occasion-4x4-suv\/"},{"@type":"ListItem","position":3,"name":"Quelle Volkswagen Golf 7 choisir ?"}]},{"@type":"WebSite","@id":"https:\/\/www.carideal.com\/blog\/#website","url":"https:\/\/www.carideal.com\/blog\/","name":"Blog auto Carid\u00e9al","description":"Actualit\u00e9 auto par des passionn\u00e9s","publisher":{"@id":"https:\/\/www.carideal.com\/blog\/#organization"},"potentialAction":[{"@type":"SearchAction","target":{"@type":"EntryPoint","urlTemplate":"https:\/\/www.carideal.com\/blog\/?s={search_term_string}"},"query-input":{"@type":"PropertyValueSpecification","valueRequired":true,"valueName":"search_term_string"}}],"inLanguage":"fr-FR"},{"@type":"Organization","@id":"https:\/\/www.carideal.com\/blog\/#organization","name":"Carideal","url":"https:\/\/www.carideal.com\/blog\/","logo":{"@type":"ImageObject","inLanguage":"fr-FR","@id":"https:\/\/www.carideal.com\/blog\/#\/schema\/logo\/image\/","url":"http:\/\/www.carideal.com\/blog\/wp-content\/uploads\/2016\/03\/logo-carideal-mandataire-automobile.png","contentUrl":"http:\/\/www.carideal.com\/blog\/wp-content\/uploads\/2016\/03\/logo-carideal-mandataire-automobile.png","width":300,"height":300,"caption":"Carideal"},"image":{"@id":"https:\/\/www.carideal.com\/blog\/#\/schema\/logo\/image\/"},"sameAs":["https:\/\/www.facebook.com\/Carideal.mandataire.automobile","https:\/\/x.com\/caridealauto","https:\/\/www.instagram.com\/carideal1\/","https:\/\/www.linkedin.com\/company\/carideal.com","https:\/\/fr.pinterest.com\/schiavonsas\/","https:\/\/www.youtube.com\/user\/caridealsas"]},{"@type":"Person","@id":"https:\/\/www.carideal.com\/blog\/#\/schema\/person\/985c7e757d1042d647f21bfaf8d41ebc","name":"N.S Carideal","image":{"@type":"ImageObject","inLanguage":"fr-FR","@id":"https:\/\/www.carideal.com\/blog\/#\/schema\/person\/image\/","url":"https:\/\/secure.gravatar.com\/avatar\/edb7ccdf1a4e3d14aef967760d354d0e?s=96&r=g","contentUrl":"https:\/\/secure.gravatar.com\/avatar\/edb7ccdf1a4e3d14aef967760d354d0e?s=96&r=g","caption":"N.S Carideal"},"description":"Depuis tout petit fan d'automobile. Il est question d'essayer et de comparer toutes ces voitures qui nous ont fait r\u00e9ver, avant que celles-ci ne devient uniquement des voitures de collection.","sameAs":["http:\/\/www.carideal.com\/blog","https:\/\/www.facebook.com\/Carideal.mandataire.automobile\/","https:\/\/www.linkedin.com\/in\/nschiavon\/","https:\/\/www.youtube.com\/user\/caridealsas\/"],"url":"https:\/\/www.carideal.com\/blog\/author\/admin_carideal\/"}]}},"uagb_featured_image_src":{"full":["https:\/\/www.carideal.com\/blog\/wp-content\/uploads\/2013\/04\/quelle-volkswagen-golf-7-choisir.jpg",1600,960,false],"thumbnail":["https:\/\/www.carideal.com\/blog\/wp-content\/uploads\/2013\/04\/quelle-volkswagen-golf-7-choisir-150x150.jpg",150,150,true],"medium":["https:\/\/www.carideal.com\/blog\/wp-content\/uploads\/2013\/04\/quelle-volkswagen-golf-7-choisir-300x180.jpg",300,180,true],"medium_large":["https:\/\/www.carideal.com\/blog\/wp-content\/uploads\/2013\/04\/quelle-volkswagen-golf-7-choisir-768x461.jpg",768,461,true],"large":["https:\/\/www.carideal.com\/blog\/wp-content\/uploads\/2013\/04\/quelle-volkswagen-golf-7-choisir-1024x614.jpg",1024,614,true],"1536x1536":["https:\/\/www.carideal.com\/blog\/wp-content\/uploads\/2013\/04\/quelle-volkswagen-golf-7-choisir-1536x922.jpg",1536,922,true],"2048x2048":["https:\/\/www.carideal.com\/blog\/wp-content\/uploads\/2013\/04\/quelle-volkswagen-golf-7-choisir.jpg",1600,960,false],"wppr-widget":["https:\/\/www.carideal.com\/blog\/wp-content\/uploads\/2013\/04\/quelle-volkswagen-golf-7-choisir-50x30.jpg",50,30,true]},"uagb_author_info":{"display_name":"N.S Carideal","author_link":"https:\/\/www.carideal.com\/blog\/author\/admin_carideal\/"},"uagb_comment_info":0,"uagb_excerpt":"Quelle Golf 7 choisir ? La nouvelle Golf 7\u00b0 du nom est propos\u00e9e avec 5 motorisations et 3 finitions diff\u00e9rentes La 7\u00b0 g\u00e9n\u00e9ration de Volkswagen Golf continue dans la continuit\u00e9. C'est la voiture la plus vendue en Europe et elle rend jaloux tous les autres constructeurs. Elle conserve une ligne de carrosserie tr\u00e8s trs\u00e8 inspir\u00e9e\u2026","_links":{"self":[{"href":"https:\/\/www.carideal.com\/blog\/wp-json\/wp\/v2\/posts\/1363"}],"collection":[{"href":"https:\/\/www.carideal.com\/blog\/wp-json\/wp\/v2\/posts"}],"about":[{"href":"https:\/\/www.carideal.com\/blog\/wp-json\/wp\/v2\/types\/post"}],"author":[{"embeddable":true,"href":"https:\/\/www.carideal.com\/blog\/wp-json\/wp\/v2\/users\/1"}],"replies":[{"embeddable":true,"href":"https:\/\/www.carideal.com\/blog\/wp-json\/wp\/v2\/comments?post=1363"}],"version-history":[{"count":0,"href":"https:\/\/www.carideal.com\/blog\/wp-json\/wp\/v2\/posts\/1363\/revisions"}],"wp:featuredmedia":[{"embeddable":true,"href":"https:\/\/www.carideal.com\/blog\/wp-json\/wp\/v2\/media\/27501"}],"wp:attachment":[{"href":"https:\/\/www.carideal.com\/blog\/wp-json\/wp\/v2\/media?parent=1363"}],"wp:term":[{"taxonomy":"category","embeddable":true,"href":"https:\/\/www.carideal.com\/blog\/wp-json\/wp\/v2\/categories?post=1363"},{"taxonomy":"post_tag","embeddable":true,"href":"https:\/\/www.carideal.com\/blog\/wp-json\/wp\/v2\/tags?post=1363"}],"curies":[{"name":"wp","href":"https:\/\/api.w.org\/{rel}","templated":true}]}}