{"id":1362,"date":"2013-04-07T16:02:00","date_gmt":"2013-04-07T16:02:00","guid":{"rendered":"http:\/\/carideal.com\/blog\/?p=1362"},"modified":"2020-03-07T22:42:04","modified_gmt":"2020-03-07T21:42:04","slug":"nous-aurons-droit-a-une-guerre-des-prix-entre-le-peugeot-2008-et-le-renault-captur","status":"publish","type":"post","link":"https:\/\/www.carideal.com\/blog\/2013\/04\/07\/nous-aurons-droit-a-une-guerre-des-prix-entre-le-peugeot-2008-et-le-renault-captur\/","title":{"rendered":"Peugeot 2008 Prix Contre Prix Renault Captur"},"content":{"rendered":"<figure style=\"width: 438px\" class=\"wp-caption alignnone\"><img loading=\"lazy\" decoding=\"async\" title=\"Peugeot 2008 Prix Contre Prix Renault Captur\" src=\"\/blog\/public\/.Peugeot-2008-achat-carideal-mandataire-automobile_m.jpg\" alt=\"Peugeot 2008 Prix Contre Prix Renault Captur\" width=\"448\" height=\"336\" \/><figcaption class=\"wp-caption-text\">Peugeot 2008 Prix Contre Prix Renault Captur<\/figcaption><\/figure>\n<h1>Nous aurons droit \u00e0 une guerre entre\u00a0Peugeot 2008 Prix et le Prix Renault Captur<\/h1>\n<p>Le prix du\u00a0<span style=\"text-decoration: underline;\">Peugeot 2008<\/span> est d\u00e9j\u00e0 disponible \u00e0 partir de 15200 \u20ac<\/p>\n<figure style=\"width: 438px\" class=\"wp-caption alignnone\"><img loading=\"lazy\" decoding=\"async\" title=\"Peugeot 2008 Prix Contre Prix Renault Captur\" src=\"\/blog\/public\/.Renault-Captur-inside-carideal-mandataire-automobile_m.jpg\" alt=\"Peugeot 2008 Prix Contre Prix Renault Captur\" width=\"448\" height=\"298\" \/><figcaption class=\"wp-caption-text\">Peugeot 2008 Prix Contre Prix Renault Captur<\/figcaption><\/figure>\n<p>L'offre de moteurs sur le Peugeot 2008 est plus vaste avec 3 moteurs de HDI 68ch, e-HDI 92ch et e-HDI 115 ch tandis que le <span style=\"text-decoration: underline;\">Renault Captur<\/span> se contente du DCI 90 en boite m\u00e9canique ou automatique EDC.<br \/>\nLe Captur ne poss\u00e8de que trois finitions Life Zen ou intense, les versions d'entr\u00e9e de gamme sont mieux \u00e9quip\u00e9es que le 2008 qui lui poss\u00e8de 5 finitions qui permet d'acc\u00e9der \u00e0 des \u00e9quipements que le Captur ne propose pas\u00a0: toit panoramique, sellerie en Alcantara, le grip control.<\/p>\n<p>Le lancement du Renault Captur a lieu en avril et son prix sera \u00e0 partir de 15500 \u20ac.<\/p>\n<p>M\u00eame si ces deux SUV Urbains vont certainement prendre le leadership sur le march\u00e9 fran\u00e7ais, on n'en doute pas, les prix des Peugeot 2008 et des Renault Captur ne vont certainement pas \u00eatre brad\u00e9s au d\u00e9but de leur commercialisation. Les deux Constructeurs Peugeot et Citroen ne vont pas commencer \u00e0 brader le 2008 ni le Captur m\u00eame si l'on sait que, par habitude,\u00a0c'est Renault qui sera le plus agressif sur les prix renault Captur.<\/p>\n<h2>Peugeot 2008 Prix ou s\u00e9rie sp\u00e9ciale ?<\/h2>\n<p>Dans cette guerre des prix annonc\u00e9e entre les deux SV urbains Peugeot 2008 et Renault Captur, il se pourrait tr\u00e8s bien que Peugeot ne joue pas la guerre des prix avec son 2008, mais plut\u00f4t subtillement d\u00e9cline des s\u00e9ries sp\u00e9ciales du Peugeot 2008, mieux \u00e9quip\u00e9es, ou avec des \u00e9quipements plus fun avec un prix tr\u00e8s comp\u00e9titif. On le sait, la plateforme du Peugeot 2008 ne peut pas supporter de transmission 4x4, mais Peugeot va certainement \u00e9quiper, dans une s\u00e9rie sp\u00e9ciale, son <span style=\"text-decoration: underline;\"><a href=\"http:\/\/www.carideal.com\/blog\/2014\/02\/14\/on-a-teste-le-peugeot-2008-grip-control-sur-la-neige-surprenant\/\">2008 du Grip Control<\/a><\/span>, son syst\u00e8me de contr\u00f4le de traction.<\/p>\n<h2>Des Remises sur le prix du Renault Captur ?<\/h2>\n<p>Il y a fort \u00e0 Parier qu'il n'y ai pas beaucoup de remise sur les prix du <span style=\"text-decoration: underline;\"><a href=\"http:\/\/www.carideal.com\/blog\/2013\/03\/29\/peugeot-2008-et-renault-captur\/\">Renault Captur<\/a><\/span> au d\u00e9but tout du moins. Le concurrent \u00e0 battre est son cousin le Nissan Juke qui fait parti du m\u00eame Groupe, et le concurrent Peugeot 2008 ne sera pas enclin \u00e0 jouer \u00e0 la guerre des Prix. Le Prix du renault Captur \u00e9voluera sans doute par la suite avec la dotation des \u00e9quipements.<\/p>\n<p>Pour faire baisser les Prix du Peugeot 2008 et du Renault Captur, il faudrait une concurrence forte de la part des nouveaux SUV <span style=\"text-decoration: underline;\"><a href=\"http:\/\/www.carideal.com\/blog\/2015\/02\/04\/opel-mokka-se-dote-dun-moteur-diesel-moderne\/\">Opel Mokka<\/a><\/span> et <span style=\"text-decoration: underline;\"><a href=\"http:\/\/www.carideal.com\/blog\/2014\/05\/21\/le-ford-ecosport\/\">Ford Ecosport<\/a><\/span>.<\/p>\n","protected":false},"excerpt":{"rendered":"<p>Nous aurons droit \u00e0 une guerre entre\u00a0Peugeot 2008 Prix et le Prix Renault Captur Le prix du\u00a0Peugeot 2008 est d\u00e9j\u00e0 disponible \u00e0 partir de 15200 \u20ac L&rsquo;offre de moteurs sur le Peugeot 2008 est plus vaste avec 3 moteurs de HDI 68ch, e-HDI 92ch et e-HDI 115 ch tandis que le Renault Captur se contente &#8230; <a title=\"Peugeot 2008 Prix Contre Prix Renault Captur\" class=\"read-more\" href=\"https:\/\/www.carideal.com\/blog\/2013\/04\/07\/nous-aurons-droit-a-une-guerre-des-prix-entre-le-peugeot-2008-et-le-renault-captur\/\" aria-label=\"En savoir plus sur Peugeot 2008 Prix Contre Prix Renault Captur\">Lire plus<\/a><\/p>\n","protected":false},"author":1,"featured_media":0,"comment_status":"open","ping_status":"open","sticky":false,"template":"","format":"standard","meta":{"_uag_custom_page_level_css":"","_themeisle_gutenberg_block_has_review":false,"footnotes":""},"categories":[5944,5963,10,6010,5974],"tags":[29],"class_list":["post-1362","post","type-post","status-publish","format-standard","hentry","category-constructeur","category-renault","category-marche-automobile-voiture-neuve-occasion-4x4-suv","category-suv","category-type-de-vehicule","tag-remise"],"wppr_data":[],"yoast_head":"<!-- This site is optimized with the Yoast SEO plugin v24.8.1 - https:\/\/yoast.com\/wordpress\/plugins\/seo\/ -->\n<title>Peugeot 2008 Prix Contre Prix Renault Captur - Blog auto Carid\u00e9al<\/title>\n<meta name=\"description\" content=\"Peugeot 2008 prix contre Prix Renault Captur, les deux constructeurs vont-ils d\u00e9clarer la guerre des prix sur le march\u00e9s de SUV urbain qu&#039;ils contr\u00f4lent ?\" \/>\n<meta name=\"robots\" content=\"index, follow, max-snippet:-1, max-image-preview:large, max-video-preview:-1\" \/>\n<link rel=\"canonical\" href=\"https:\/\/www.carideal.com\/blog\/2013\/04\/07\/nous-aurons-droit-a-une-guerre-des-prix-entre-le-peugeot-2008-et-le-renault-captur\/\" \/>\n<meta property=\"og:locale\" content=\"fr_FR\" \/>\n<meta property=\"og:type\" content=\"article\" \/>\n<meta property=\"og:title\" content=\"Peugeot 2008 Prix Contre Prix Renault Captur - Blog auto Carid\u00e9al\" \/>\n<meta property=\"og:description\" content=\"Peugeot 2008 prix contre Prix Renault Captur, les deux constructeurs vont-ils d\u00e9clarer la guerre des prix sur le march\u00e9s de SUV urbain qu&#039;ils contr\u00f4lent ?\" \/>\n<meta property=\"og:url\" content=\"https:\/\/www.carideal.com\/blog\/2013\/04\/07\/nous-aurons-droit-a-une-guerre-des-prix-entre-le-peugeot-2008-et-le-renault-captur\/\" \/>\n<meta property=\"og:site_name\" content=\"Blog auto Carid\u00e9al\" \/>\n<meta property=\"article:publisher\" content=\"https:\/\/www.facebook.com\/Carideal.mandataire.automobile\" \/>\n<meta property=\"article:author\" content=\"https:\/\/www.facebook.com\/Carideal.mandataire.automobile\/\" \/>\n<meta property=\"article:published_time\" content=\"2013-04-07T16:02:00+00:00\" \/>\n<meta property=\"article:modified_time\" content=\"2020-03-07T21:42:04+00:00\" \/>\n<meta property=\"og:image\" content=\"https:\/\/www.carideal.com\/blog\/wp-content\/uploads\/2016\/03\/logo-carideal-mandataire-automobile.png\" \/>\n\t<meta property=\"og:image:width\" content=\"300\" \/>\n\t<meta property=\"og:image:height\" content=\"300\" \/>\n\t<meta property=\"og:image:type\" content=\"image\/png\" \/>\n<meta name=\"author\" content=\"N.S Carideal\" \/>\n<meta name=\"twitter:card\" content=\"summary_large_image\" \/>\n<meta name=\"twitter:creator\" content=\"@caridealauto\" \/>\n<meta name=\"twitter:site\" content=\"@caridealauto\" \/>\n<meta name=\"twitter:label1\" content=\"\u00c9crit par\" \/>\n\t<meta name=\"twitter:data1\" content=\"N.S Carideal\" \/>\n\t<meta name=\"twitter:label2\" content=\"Dur\u00e9e de lecture estim\u00e9e\" \/>\n\t<meta name=\"twitter:data2\" content=\"2 minutes\" \/>\n<script type=\"application\/ld+json\" class=\"yoast-schema-graph\">{\"@context\":\"https:\/\/schema.org\",\"@graph\":[{\"@type\":\"Article\",\"@id\":\"https:\/\/www.carideal.com\/blog\/2013\/04\/07\/nous-aurons-droit-a-une-guerre-des-prix-entre-le-peugeot-2008-et-le-renault-captur\/#article\",\"isPartOf\":{\"@id\":\"https:\/\/www.carideal.com\/blog\/2013\/04\/07\/nous-aurons-droit-a-une-guerre-des-prix-entre-le-peugeot-2008-et-le-renault-captur\/\"},\"author\":{\"name\":\"N.S Carideal\",\"@id\":\"https:\/\/www.carideal.com\/blog\/#\/schema\/person\/985c7e757d1042d647f21bfaf8d41ebc\"},\"headline\":\"Peugeot 2008 Prix Contre Prix Renault Captur\",\"datePublished\":\"2013-04-07T16:02:00+00:00\",\"dateModified\":\"2020-03-07T21:42:04+00:00\",\"mainEntityOfPage\":{\"@id\":\"https:\/\/www.carideal.com\/blog\/2013\/04\/07\/nous-aurons-droit-a-une-guerre-des-prix-entre-le-peugeot-2008-et-le-renault-captur\/\"},\"wordCount\":439,\"commentCount\":0,\"publisher\":{\"@id\":\"https:\/\/www.carideal.com\/blog\/#organization\"},\"keywords\":[\"Remise voiture neuve\"],\"articleSection\":[\"Actualit\u00e9 Constructeur automobile\",\"Actualit\u00e9 Renault\",\"March\u00e9 automobile\",\"SUV\",\"Type de v\u00e9hicule\"],\"inLanguage\":\"fr-FR\",\"potentialAction\":[{\"@type\":\"CommentAction\",\"name\":\"Comment\",\"target\":[\"https:\/\/www.carideal.com\/blog\/2013\/04\/07\/nous-aurons-droit-a-une-guerre-des-prix-entre-le-peugeot-2008-et-le-renault-captur\/#respond\"]}]},{\"@type\":\"WebPage\",\"@id\":\"https:\/\/www.carideal.com\/blog\/2013\/04\/07\/nous-aurons-droit-a-une-guerre-des-prix-entre-le-peugeot-2008-et-le-renault-captur\/\",\"url\":\"https:\/\/www.carideal.com\/blog\/2013\/04\/07\/nous-aurons-droit-a-une-guerre-des-prix-entre-le-peugeot-2008-et-le-renault-captur\/\",\"name\":\"Peugeot 2008 Prix Contre Prix Renault Captur - Blog auto Carid\u00e9al\",\"isPartOf\":{\"@id\":\"https:\/\/www.carideal.com\/blog\/#website\"},\"datePublished\":\"2013-04-07T16:02:00+00:00\",\"dateModified\":\"2020-03-07T21:42:04+00:00\",\"description\":\"Peugeot 2008 prix contre Prix Renault Captur, les deux constructeurs vont-ils d\u00e9clarer la guerre des prix sur le march\u00e9s de SUV urbain qu'ils contr\u00f4lent ?\",\"breadcrumb\":{\"@id\":\"https:\/\/www.carideal.com\/blog\/2013\/04\/07\/nous-aurons-droit-a-une-guerre-des-prix-entre-le-peugeot-2008-et-le-renault-captur\/#breadcrumb\"},\"inLanguage\":\"fr-FR\",\"potentialAction\":[{\"@type\":\"ReadAction\",\"target\":[\"https:\/\/www.carideal.com\/blog\/2013\/04\/07\/nous-aurons-droit-a-une-guerre-des-prix-entre-le-peugeot-2008-et-le-renault-captur\/\"]}]},{\"@type\":\"BreadcrumbList\",\"@id\":\"https:\/\/www.carideal.com\/blog\/2013\/04\/07\/nous-aurons-droit-a-une-guerre-des-prix-entre-le-peugeot-2008-et-le-renault-captur\/#breadcrumb\",\"itemListElement\":[{\"@type\":\"ListItem\",\"position\":1,\"name\":\"Blog Carid\u00e9al\",\"item\":\"https:\/\/www.carideal.com\/blog\/\"},{\"@type\":\"ListItem\",\"position\":2,\"name\":\"March\u00e9 automobile\",\"item\":\"https:\/\/www.carideal.com\/blog\/marche-automobile-voiture-neuve-occasion-4x4-suv\/\"},{\"@type\":\"ListItem\",\"position\":3,\"name\":\"Peugeot 2008 Prix Contre Prix Renault Captur\"}]},{\"@type\":\"WebSite\",\"@id\":\"https:\/\/www.carideal.com\/blog\/#website\",\"url\":\"https:\/\/www.carideal.com\/blog\/\",\"name\":\"Blog auto Carid\u00e9al\",\"description\":\"Actualit\u00e9 auto par des passionn\u00e9s\",\"publisher\":{\"@id\":\"https:\/\/www.carideal.com\/blog\/#organization\"},\"potentialAction\":[{\"@type\":\"SearchAction\",\"target\":{\"@type\":\"EntryPoint\",\"urlTemplate\":\"https:\/\/www.carideal.com\/blog\/?s={search_term_string}\"},\"query-input\":{\"@type\":\"PropertyValueSpecification\",\"valueRequired\":true,\"valueName\":\"search_term_string\"}}],\"inLanguage\":\"fr-FR\"},{\"@type\":\"Organization\",\"@id\":\"https:\/\/www.carideal.com\/blog\/#organization\",\"name\":\"Carideal\",\"url\":\"https:\/\/www.carideal.com\/blog\/\",\"logo\":{\"@type\":\"ImageObject\",\"inLanguage\":\"fr-FR\",\"@id\":\"https:\/\/www.carideal.com\/blog\/#\/schema\/logo\/image\/\",\"url\":\"http:\/\/www.carideal.com\/blog\/wp-content\/uploads\/2016\/03\/logo-carideal-mandataire-automobile.png\",\"contentUrl\":\"http:\/\/www.carideal.com\/blog\/wp-content\/uploads\/2016\/03\/logo-carideal-mandataire-automobile.png\",\"width\":300,\"height\":300,\"caption\":\"Carideal\"},\"image\":{\"@id\":\"https:\/\/www.carideal.com\/blog\/#\/schema\/logo\/image\/\"},\"sameAs\":[\"https:\/\/www.facebook.com\/Carideal.mandataire.automobile\",\"https:\/\/x.com\/caridealauto\",\"https:\/\/www.instagram.com\/carideal1\/\",\"https:\/\/www.linkedin.com\/company\/carideal.com\",\"https:\/\/fr.pinterest.com\/schiavonsas\/\",\"https:\/\/www.youtube.com\/user\/caridealsas\"]},{\"@type\":\"Person\",\"@id\":\"https:\/\/www.carideal.com\/blog\/#\/schema\/person\/985c7e757d1042d647f21bfaf8d41ebc\",\"name\":\"N.S Carideal\",\"image\":{\"@type\":\"ImageObject\",\"inLanguage\":\"fr-FR\",\"@id\":\"https:\/\/www.carideal.com\/blog\/#\/schema\/person\/image\/\",\"url\":\"https:\/\/secure.gravatar.com\/avatar\/edb7ccdf1a4e3d14aef967760d354d0e?s=96&r=g\",\"contentUrl\":\"https:\/\/secure.gravatar.com\/avatar\/edb7ccdf1a4e3d14aef967760d354d0e?s=96&r=g\",\"caption\":\"N.S Carideal\"},\"description\":\"Depuis tout petit fan d'automobile. Il est question d'essayer et de comparer toutes ces voitures qui nous ont fait r\u00e9ver, avant que celles-ci ne devient uniquement des voitures de collection.\",\"sameAs\":[\"http:\/\/www.carideal.com\/blog\",\"https:\/\/www.facebook.com\/Carideal.mandataire.automobile\/\",\"https:\/\/www.linkedin.com\/in\/nschiavon\/\",\"https:\/\/www.youtube.com\/user\/caridealsas\/\"],\"url\":\"https:\/\/www.carideal.com\/blog\/author\/admin_carideal\/\"}]}<\/script>\n<!-- \/ Yoast SEO plugin. -->","yoast_head_json":{"title":"Peugeot 2008 Prix Contre Prix Renault Captur - Blog auto Carid\u00e9al","description":"Peugeot 2008 prix contre Prix Renault Captur, les deux constructeurs vont-ils d\u00e9clarer la guerre des prix sur le march\u00e9s de SUV urbain qu'ils contr\u00f4lent ?","robots":{"index":"index","follow":"follow","max-snippet":"max-snippet:-1","max-image-preview":"max-image-preview:large","max-video-preview":"max-video-preview:-1"},"canonical":"https:\/\/www.carideal.com\/blog\/2013\/04\/07\/nous-aurons-droit-a-une-guerre-des-prix-entre-le-peugeot-2008-et-le-renault-captur\/","og_locale":"fr_FR","og_type":"article","og_title":"Peugeot 2008 Prix Contre Prix Renault Captur - Blog auto Carid\u00e9al","og_description":"Peugeot 2008 prix contre Prix Renault Captur, les deux constructeurs vont-ils d\u00e9clarer la guerre des prix sur le march\u00e9s de SUV urbain qu'ils contr\u00f4lent ?","og_url":"https:\/\/www.carideal.com\/blog\/2013\/04\/07\/nous-aurons-droit-a-une-guerre-des-prix-entre-le-peugeot-2008-et-le-renault-captur\/","og_site_name":"Blog auto Carid\u00e9al","article_publisher":"https:\/\/www.facebook.com\/Carideal.mandataire.automobile","article_author":"https:\/\/www.facebook.com\/Carideal.mandataire.automobile\/","article_published_time":"2013-04-07T16:02:00+00:00","article_modified_time":"2020-03-07T21:42:04+00:00","og_image":[{"width":300,"height":300,"url":"https:\/\/www.carideal.com\/blog\/wp-content\/uploads\/2016\/03\/logo-carideal-mandataire-automobile.png","type":"image\/png"}],"author":"N.S Carideal","twitter_card":"summary_large_image","twitter_creator":"@caridealauto","twitter_site":"@caridealauto","twitter_misc":{"\u00c9crit par":"N.S Carideal","Dur\u00e9e de lecture estim\u00e9e":"2 minutes"},"schema":{"@context":"https:\/\/schema.org","@graph":[{"@type":"Article","@id":"https:\/\/www.carideal.com\/blog\/2013\/04\/07\/nous-aurons-droit-a-une-guerre-des-prix-entre-le-peugeot-2008-et-le-renault-captur\/#article","isPartOf":{"@id":"https:\/\/www.carideal.com\/blog\/2013\/04\/07\/nous-aurons-droit-a-une-guerre-des-prix-entre-le-peugeot-2008-et-le-renault-captur\/"},"author":{"name":"N.S Carideal","@id":"https:\/\/www.carideal.com\/blog\/#\/schema\/person\/985c7e757d1042d647f21bfaf8d41ebc"},"headline":"Peugeot 2008 Prix Contre Prix Renault Captur","datePublished":"2013-04-07T16:02:00+00:00","dateModified":"2020-03-07T21:42:04+00:00","mainEntityOfPage":{"@id":"https:\/\/www.carideal.com\/blog\/2013\/04\/07\/nous-aurons-droit-a-une-guerre-des-prix-entre-le-peugeot-2008-et-le-renault-captur\/"},"wordCount":439,"commentCount":0,"publisher":{"@id":"https:\/\/www.carideal.com\/blog\/#organization"},"keywords":["Remise voiture neuve"],"articleSection":["Actualit\u00e9 Constructeur automobile","Actualit\u00e9 Renault","March\u00e9 automobile","SUV","Type de v\u00e9hicule"],"inLanguage":"fr-FR","potentialAction":[{"@type":"CommentAction","name":"Comment","target":["https:\/\/www.carideal.com\/blog\/2013\/04\/07\/nous-aurons-droit-a-une-guerre-des-prix-entre-le-peugeot-2008-et-le-renault-captur\/#respond"]}]},{"@type":"WebPage","@id":"https:\/\/www.carideal.com\/blog\/2013\/04\/07\/nous-aurons-droit-a-une-guerre-des-prix-entre-le-peugeot-2008-et-le-renault-captur\/","url":"https:\/\/www.carideal.com\/blog\/2013\/04\/07\/nous-aurons-droit-a-une-guerre-des-prix-entre-le-peugeot-2008-et-le-renault-captur\/","name":"Peugeot 2008 Prix Contre Prix Renault Captur - Blog auto Carid\u00e9al","isPartOf":{"@id":"https:\/\/www.carideal.com\/blog\/#website"},"datePublished":"2013-04-07T16:02:00+00:00","dateModified":"2020-03-07T21:42:04+00:00","description":"Peugeot 2008 prix contre Prix Renault Captur, les deux constructeurs vont-ils d\u00e9clarer la guerre des prix sur le march\u00e9s de SUV urbain qu'ils contr\u00f4lent ?","breadcrumb":{"@id":"https:\/\/www.carideal.com\/blog\/2013\/04\/07\/nous-aurons-droit-a-une-guerre-des-prix-entre-le-peugeot-2008-et-le-renault-captur\/#breadcrumb"},"inLanguage":"fr-FR","potentialAction":[{"@type":"ReadAction","target":["https:\/\/www.carideal.com\/blog\/2013\/04\/07\/nous-aurons-droit-a-une-guerre-des-prix-entre-le-peugeot-2008-et-le-renault-captur\/"]}]},{"@type":"BreadcrumbList","@id":"https:\/\/www.carideal.com\/blog\/2013\/04\/07\/nous-aurons-droit-a-une-guerre-des-prix-entre-le-peugeot-2008-et-le-renault-captur\/#breadcrumb","itemListElement":[{"@type":"ListItem","position":1,"name":"Blog Carid\u00e9al","item":"https:\/\/www.carideal.com\/blog\/"},{"@type":"ListItem","position":2,"name":"March\u00e9 automobile","item":"https:\/\/www.carideal.com\/blog\/marche-automobile-voiture-neuve-occasion-4x4-suv\/"},{"@type":"ListItem","position":3,"name":"Peugeot 2008 Prix Contre Prix Renault Captur"}]},{"@type":"WebSite","@id":"https:\/\/www.carideal.com\/blog\/#website","url":"https:\/\/www.carideal.com\/blog\/","name":"Blog auto Carid\u00e9al","description":"Actualit\u00e9 auto par des passionn\u00e9s","publisher":{"@id":"https:\/\/www.carideal.com\/blog\/#organization"},"potentialAction":[{"@type":"SearchAction","target":{"@type":"EntryPoint","urlTemplate":"https:\/\/www.carideal.com\/blog\/?s={search_term_string}"},"query-input":{"@type":"PropertyValueSpecification","valueRequired":true,"valueName":"search_term_string"}}],"inLanguage":"fr-FR"},{"@type":"Organization","@id":"https:\/\/www.carideal.com\/blog\/#organization","name":"Carideal","url":"https:\/\/www.carideal.com\/blog\/","logo":{"@type":"ImageObject","inLanguage":"fr-FR","@id":"https:\/\/www.carideal.com\/blog\/#\/schema\/logo\/image\/","url":"http:\/\/www.carideal.com\/blog\/wp-content\/uploads\/2016\/03\/logo-carideal-mandataire-automobile.png","contentUrl":"http:\/\/www.carideal.com\/blog\/wp-content\/uploads\/2016\/03\/logo-carideal-mandataire-automobile.png","width":300,"height":300,"caption":"Carideal"},"image":{"@id":"https:\/\/www.carideal.com\/blog\/#\/schema\/logo\/image\/"},"sameAs":["https:\/\/www.facebook.com\/Carideal.mandataire.automobile","https:\/\/x.com\/caridealauto","https:\/\/www.instagram.com\/carideal1\/","https:\/\/www.linkedin.com\/company\/carideal.com","https:\/\/fr.pinterest.com\/schiavonsas\/","https:\/\/www.youtube.com\/user\/caridealsas"]},{"@type":"Person","@id":"https:\/\/www.carideal.com\/blog\/#\/schema\/person\/985c7e757d1042d647f21bfaf8d41ebc","name":"N.S Carideal","image":{"@type":"ImageObject","inLanguage":"fr-FR","@id":"https:\/\/www.carideal.com\/blog\/#\/schema\/person\/image\/","url":"https:\/\/secure.gravatar.com\/avatar\/edb7ccdf1a4e3d14aef967760d354d0e?s=96&r=g","contentUrl":"https:\/\/secure.gravatar.com\/avatar\/edb7ccdf1a4e3d14aef967760d354d0e?s=96&r=g","caption":"N.S Carideal"},"description":"Depuis tout petit fan d'automobile. Il est question d'essayer et de comparer toutes ces voitures qui nous ont fait r\u00e9ver, avant que celles-ci ne devient uniquement des voitures de collection.","sameAs":["http:\/\/www.carideal.com\/blog","https:\/\/www.facebook.com\/Carideal.mandataire.automobile\/","https:\/\/www.linkedin.com\/in\/nschiavon\/","https:\/\/www.youtube.com\/user\/caridealsas\/"],"url":"https:\/\/www.carideal.com\/blog\/author\/admin_carideal\/"}]}},"uagb_featured_image_src":{"full":false,"thumbnail":false,"medium":false,"medium_large":false,"large":false,"1536x1536":false,"2048x2048":false,"wppr-widget":false},"uagb_author_info":{"display_name":"N.S Carideal","author_link":"https:\/\/www.carideal.com\/blog\/author\/admin_carideal\/"},"uagb_comment_info":0,"uagb_excerpt":"Nous aurons droit \u00e0 une guerre entre\u00a0Peugeot 2008 Prix et le Prix Renault Captur Le prix du\u00a0Peugeot 2008 est d\u00e9j\u00e0 disponible \u00e0 partir de 15200 \u20ac L'offre de moteurs sur le Peugeot 2008 est plus vaste avec 3 moteurs de HDI 68ch, e-HDI 92ch et e-HDI 115 ch tandis que le Renault Captur se contente\u2026","_links":{"self":[{"href":"https:\/\/www.carideal.com\/blog\/wp-json\/wp\/v2\/posts\/1362"}],"collection":[{"href":"https:\/\/www.carideal.com\/blog\/wp-json\/wp\/v2\/posts"}],"about":[{"href":"https:\/\/www.carideal.com\/blog\/wp-json\/wp\/v2\/types\/post"}],"author":[{"embeddable":true,"href":"https:\/\/www.carideal.com\/blog\/wp-json\/wp\/v2\/users\/1"}],"replies":[{"embeddable":true,"href":"https:\/\/www.carideal.com\/blog\/wp-json\/wp\/v2\/comments?post=1362"}],"version-history":[{"count":0,"href":"https:\/\/www.carideal.com\/blog\/wp-json\/wp\/v2\/posts\/1362\/revisions"}],"wp:attachment":[{"href":"https:\/\/www.carideal.com\/blog\/wp-json\/wp\/v2\/media?parent=1362"}],"wp:term":[{"taxonomy":"category","embeddable":true,"href":"https:\/\/www.carideal.com\/blog\/wp-json\/wp\/v2\/categories?post=1362"},{"taxonomy":"post_tag","embeddable":true,"href":"https:\/\/www.carideal.com\/blog\/wp-json\/wp\/v2\/tags?post=1362"}],"curies":[{"name":"wp","href":"https:\/\/api.w.org\/{rel}","templated":true}]}}