{"id":1361,"date":"2013-04-07T15:11:00","date_gmt":"2013-04-07T15:11:00","guid":{"rendered":"http:\/\/carideal.com\/blog\/?p=1361"},"modified":"2020-03-07T22:42:25","modified_gmt":"2020-03-07T21:42:25","slug":"porsche-cayman-2-7-pdk","status":"publish","type":"post","link":"https:\/\/www.carideal.com\/blog\/2013\/04\/07\/porsche-cayman-2-7-pdk\/","title":{"rendered":"Essai Porsche Cayman 2.7 PDK"},"content":{"rendered":"<figure style=\"width: 438px\" class=\"wp-caption alignnone\"><img loading=\"lazy\" decoding=\"async\" title=\"Porsche Cayman 2.7 PDK\" src=\"\/blog\/public\/.Porsche-Cayman-2013-carideal-mandataire-automobile_m.jpg\" alt=\"Porsche Cayman 2.7 PDK\" width=\"448\" height=\"227\" \/><figcaption class=\"wp-caption-text\">Porsche Cayman 2.7 PDK<\/figcaption><\/figure>\n<h1><strong>Essai en Vid\u00e9o de la Porsche Cayman 2.7 PDK<\/strong><\/h1>\n<p>Cette version de la <strong>Porsche Cayman\u00a02.7 PDK<\/strong> avec cette boite de vitesse propose 275 ch pour seulement 180 g\/km de CO2 pour un prix \u00e0 partir de 55368 \u20ac<\/p>\n<p>Un an \u00a0seulement apr\u00e8s le <span style=\"text-decoration: underline;\">Porsche\u00a0Boxster<\/span>, la version \"ferm\u00e9e\" de la Porsche Cayman fait son apparition sur le march\u00e9. La Porsche Cayman fera-t-il\u00a0de l\u2019ombre \u00e0 la mythique\u00a0<span style=\"text-decoration: underline;\">Porsche 911<\/span> ? Il faut bien accepter de se poser la question. Il n'y a pas de crime de l\u00e8se majest\u00e9 au vu des caract\u00e9ristiques techniques et performances annonc\u00e9es. La Porsche Cayman a elle son moteur, plac\u00e9 au bon endroit.<\/p>\n<p>Le Cayman avec boite PDK n'a que 2000 \u20ac de malus au lieu de 5000\u20ac pour la version \u00e0 boite m\u00e9canique. 275 ch 5.6 s de 0 \u00e0 100 km\/h mais cela se paye cher m\u00eame car la liste des options est longue, climatisation automatique, radar de recul, volant multi-fonction...<br \/>\nMoteur 6 cylindre \u00e0 plat central, pavillon de toit \u00e0 seulement 1.29m, centre de gravit\u00e9 tr\u00e8s bas, La Porsche Cayman 2.7 PDK\u00a0est coll\u00e9e \u00e0 la route !<br \/>\nL'int\u00e9rieur du poste de pilotage est un mod\u00e8le d'ergonomie.<br \/>\nLa Version Porsche Cayman S PDK propose 50 ch de plus.<br \/>\nOn comprend bien pourquoi on appelle la Cayman \"la petite\" 911 pour 40000 \u20ac de moins\u00a0! avec un moteur central au lieu d'en porte \u00e0 faux, c'est pas rien.<\/p>\n<h2>La Porsche Cayman n'est pas une 911<\/h2>\n<p>Le nouveau Porsche Cayman 2.7 PDK Type 981 arrive chez les concessionnaires <a href=\"http:\/\/www.carideal.com\/blog\/marque-de-voiture-actualites-essais\/porsche\/\">Porsche<\/a>. On peut se poser la question : le Porsche Cayman PDK S et son 3,4 l de 325 ch peuvent-ils d\u00e9tourner la clientelle d'acheteur potentiel de <a href=\"http:\/\/www.carideal.com\/blog\/2015\/09\/07\/nouvelle-porsche-911-carrera-a-moteur-turbo\/\">Porsche 911 Carrera<\/a> avec son moteur quasi\u00a0identique de 350 ch ? A priori non. Une 911 n\u2019est pas un Cayman et les clients sont diff\u00e9rents quoi qu\u2019il arrive.<\/p>\n<h2>Une Porsche Cayman S PDK acc\u00e9l\u00e8re plus fort qu'une Porsche 911<\/h2>\n<p>En pleine\u00a0acc\u00e9l\u00e9ration, une Porsche Cayman S PDK \u00e9quip\u00e9e\u00a0du Pack Sport Chrono et de son Launch Control acc\u00e9l\u00e8re\u00a0plus fort\u00a0qu\u2019une Porsche 911 Carrera bo\u00eete manuelle. Le 0 \u00e0 100 km\/h en 4,7s contre 4,8s. Les deux Porche sont diff\u00e9rentes, la 911 est une 2+2 pendant que la Porsche\u00a0Cayman 2.7 PDK se limite \u00e0 2 places seulement. Au fil des ans la Porsche 911 s\u2019est embourgeois\u00e9e en prenant du poids, des \u00e9quipements suppl\u00e9mentaires. Son empattement a augment\u00e9 \u00a0de +10\u00a0cm. Mais la principale diff\u00e9rence reste que son moteur Flat6 est mont\u00e9 en porte-\u00e0-faux arri\u00e8re, contre central pour le Porsche Cayman.<\/p>\n<h2>Le Prix de la Porsche Cayman<\/h2>\n<p>Comme on l'a vu plus haut le <strong>Prix d'une\u00a0Porsche Cayman 2.7 PDK<\/strong> commence \u00e0 partir de 55368 \u20ac, et une Porsche Cayman S d\u00e9bute \u00e0 65608 \u20ac contre 91000 \u20ac pour une <a href=\"http:\/\/www.carideal.com\/blog\/2015\/09\/07\/nouvelle-porsche-911-carrera-a-moteur-turbo\/\">Porsche 911<\/a>. Les deux mod\u00e8les ne roulent pas dans la m\u00eam cours. La client\u00e8le, d'ailleurs, n'est pas la m\u00eame. Les acheteurs de Porsche 911 ont g\u00e9n\u00e9ralement plus de 50 ans et ceux de le Porsche Cayman autour de 40 ans.<\/p>\n<pre>Retrouvez nos <span style=\"text-decoration: underline;\">Porsche Cayman<\/span> en vente sur Carideal.com<\/pre>\n<h2>Comparez en Vid\u00e9o la Porsche Cayman 2.7 PDK VS la boite m\u00e9ca<\/h2>\n<p>Il peut sembler \u00e9trange de proposer\u00a0un t\u00eate-\u00e0- t\u00eate avec les\u00a0deux m\u00eame Porsche Cayman, mais une des Porsche Cayman a une bo\u00eete de vitesses manuelle et l'autre a une <strong>bo\u00eete de vitesses semi- automatique PDK<\/strong>. Marcus Gr\u00f6nholm se joint \u00e0 Jason pour savoir qui est le mieux .<\/p>\n<p><iframe loading=\"lazy\" src=\"https:\/\/www.youtube.com\/embed\/0WUDIGCt8Zs\" width=\"560\" height=\"315\" frameborder=\"0\" allowfullscreen=\"allowfullscreen\"><\/iframe><\/p>\n","protected":false},"excerpt":{"rendered":"<p>Essai en Vid\u00e9o de la Porsche Cayman 2.7 PDK Cette version de la Porsche Cayman\u00a02.7 PDK avec cette boite de vitesse propose 275 ch pour seulement 180 g\/km de CO2 pour un prix \u00e0 partir de 55368 \u20ac Un an \u00a0seulement apr\u00e8s le Porsche\u00a0Boxster, la version \u00ab\u00a0ferm\u00e9e\u00a0\u00bb de la Porsche Cayman fait son apparition sur &#8230; <a title=\"Essai Porsche Cayman 2.7 PDK\" class=\"read-more\" href=\"https:\/\/www.carideal.com\/blog\/2013\/04\/07\/porsche-cayman-2-7-pdk\/\" aria-label=\"En savoir plus sur Essai Porsche Cayman 2.7 PDK\">Lire plus<\/a><\/p>\n","protected":false},"author":1,"featured_media":14371,"comment_status":"open","ping_status":"open","sticky":false,"template":"","format":"standard","meta":{"_uag_custom_page_level_css":"","_themeisle_gutenberg_block_has_review":false,"footnotes":""},"categories":[21,5944,6062,6020,6203,10,5998,5974],"tags":[],"class_list":["post-1361","post","type-post","status-publish","format-standard","has-post-thumbnail","hentry","category-actualites-auto","category-constructeur","category-porsche","category-coupes","category-essais-porsche","category-marche-automobile-voiture-neuve-occasion-4x4-suv","category-sportive","category-type-de-vehicule"],"wppr_data":{"cwp_meta_box_check":"No"},"yoast_head":"<!-- This site is optimized with the Yoast SEO plugin v24.8.1 - https:\/\/yoast.com\/wordpress\/plugins\/seo\/ -->\n<title>Essai Porsche Cayman 2.7 PDK - Blog auto Carid\u00e9al<\/title>\n<meta name=\"description\" content=\"Cette version de la Porsche Cayman 2.7 PDK avec cette boite de vitesse propose 275 ch pour seulement 180 g\/km de CO2 pour un prix \u00e0 partir de 55368 \u20ac\" \/>\n<meta name=\"robots\" content=\"index, follow, max-snippet:-1, max-image-preview:large, max-video-preview:-1\" \/>\n<link rel=\"canonical\" href=\"https:\/\/www.carideal.com\/blog\/2013\/04\/07\/porsche-cayman-2-7-pdk\/\" \/>\n<meta property=\"og:locale\" content=\"fr_FR\" \/>\n<meta property=\"og:type\" content=\"article\" \/>\n<meta property=\"og:title\" content=\"Essai Porsche Cayman 2.7 PDK - Blog auto Carid\u00e9al\" \/>\n<meta property=\"og:description\" content=\"Cette version de la Porsche Cayman 2.7 PDK avec cette boite de vitesse propose 275 ch pour seulement 180 g\/km de CO2 pour un prix \u00e0 partir de 55368 \u20ac\" \/>\n<meta property=\"og:url\" content=\"https:\/\/www.carideal.com\/blog\/2013\/04\/07\/porsche-cayman-2-7-pdk\/\" \/>\n<meta property=\"og:site_name\" content=\"Blog auto Carid\u00e9al\" \/>\n<meta property=\"article:publisher\" content=\"https:\/\/www.facebook.com\/Carideal.mandataire.automobile\" \/>\n<meta property=\"article:author\" content=\"https:\/\/www.facebook.com\/Carideal.mandataire.automobile\/\" \/>\n<meta property=\"article:published_time\" content=\"2013-04-07T15:11:00+00:00\" \/>\n<meta property=\"article:modified_time\" content=\"2020-03-07T21:42:25+00:00\" \/>\n<meta property=\"og:image\" content=\"https:\/\/www.carideal.com\/blog\/wp-content\/uploads\/2013\/04\/Porsche-Cayman-2013.jpg\" \/>\n\t<meta property=\"og:image:width\" content=\"800\" \/>\n\t<meta property=\"og:image:height\" content=\"533\" \/>\n\t<meta property=\"og:image:type\" content=\"image\/jpeg\" \/>\n<meta name=\"author\" content=\"N.S Carideal\" \/>\n<meta name=\"twitter:card\" content=\"summary_large_image\" \/>\n<meta name=\"twitter:creator\" content=\"@caridealauto\" \/>\n<meta name=\"twitter:site\" content=\"@caridealauto\" \/>\n<meta name=\"twitter:label1\" content=\"\u00c9crit par\" \/>\n\t<meta name=\"twitter:data1\" content=\"N.S Carideal\" \/>\n\t<meta name=\"twitter:label2\" content=\"Dur\u00e9e de lecture estim\u00e9e\" \/>\n\t<meta name=\"twitter:data2\" content=\"3 minutes\" \/>\n<script type=\"application\/ld+json\" class=\"yoast-schema-graph\">{\"@context\":\"https:\/\/schema.org\",\"@graph\":[{\"@type\":\"Article\",\"@id\":\"https:\/\/www.carideal.com\/blog\/2013\/04\/07\/porsche-cayman-2-7-pdk\/#article\",\"isPartOf\":{\"@id\":\"https:\/\/www.carideal.com\/blog\/2013\/04\/07\/porsche-cayman-2-7-pdk\/\"},\"author\":{\"name\":\"N.S Carideal\",\"@id\":\"https:\/\/www.carideal.com\/blog\/#\/schema\/person\/985c7e757d1042d647f21bfaf8d41ebc\"},\"headline\":\"Essai Porsche Cayman 2.7 PDK\",\"datePublished\":\"2013-04-07T15:11:00+00:00\",\"dateModified\":\"2020-03-07T21:42:25+00:00\",\"mainEntityOfPage\":{\"@id\":\"https:\/\/www.carideal.com\/blog\/2013\/04\/07\/porsche-cayman-2-7-pdk\/\"},\"wordCount\":560,\"commentCount\":0,\"publisher\":{\"@id\":\"https:\/\/www.carideal.com\/blog\/#organization\"},\"image\":{\"@id\":\"https:\/\/www.carideal.com\/blog\/2013\/04\/07\/porsche-cayman-2-7-pdk\/#primaryimage\"},\"thumbnailUrl\":\"https:\/\/www.carideal.com\/blog\/wp-content\/uploads\/2013\/04\/Porsche-Cayman-2013.jpg\",\"articleSection\":[\"Actualit\u00e9 automobile\",\"Actualit\u00e9 Constructeur automobile\",\"Actualit\u00e9 Porsche\",\"Coup\u00e9\",\"Essais Porsche\",\"March\u00e9 automobile\",\"Sportive\",\"Type de v\u00e9hicule\"],\"inLanguage\":\"fr-FR\",\"potentialAction\":[{\"@type\":\"CommentAction\",\"name\":\"Comment\",\"target\":[\"https:\/\/www.carideal.com\/blog\/2013\/04\/07\/porsche-cayman-2-7-pdk\/#respond\"]}]},{\"@type\":\"WebPage\",\"@id\":\"https:\/\/www.carideal.com\/blog\/2013\/04\/07\/porsche-cayman-2-7-pdk\/\",\"url\":\"https:\/\/www.carideal.com\/blog\/2013\/04\/07\/porsche-cayman-2-7-pdk\/\",\"name\":\"Essai Porsche Cayman 2.7 PDK - Blog auto Carid\u00e9al\",\"isPartOf\":{\"@id\":\"https:\/\/www.carideal.com\/blog\/#website\"},\"primaryImageOfPage\":{\"@id\":\"https:\/\/www.carideal.com\/blog\/2013\/04\/07\/porsche-cayman-2-7-pdk\/#primaryimage\"},\"image\":{\"@id\":\"https:\/\/www.carideal.com\/blog\/2013\/04\/07\/porsche-cayman-2-7-pdk\/#primaryimage\"},\"thumbnailUrl\":\"https:\/\/www.carideal.com\/blog\/wp-content\/uploads\/2013\/04\/Porsche-Cayman-2013.jpg\",\"datePublished\":\"2013-04-07T15:11:00+00:00\",\"dateModified\":\"2020-03-07T21:42:25+00:00\",\"description\":\"Cette version de la Porsche Cayman 2.7 PDK avec cette boite de vitesse propose 275 ch pour seulement 180 g\/km de CO2 pour un prix \u00e0 partir de 55368 \u20ac\",\"breadcrumb\":{\"@id\":\"https:\/\/www.carideal.com\/blog\/2013\/04\/07\/porsche-cayman-2-7-pdk\/#breadcrumb\"},\"inLanguage\":\"fr-FR\",\"potentialAction\":[{\"@type\":\"ReadAction\",\"target\":[\"https:\/\/www.carideal.com\/blog\/2013\/04\/07\/porsche-cayman-2-7-pdk\/\"]}]},{\"@type\":\"ImageObject\",\"inLanguage\":\"fr-FR\",\"@id\":\"https:\/\/www.carideal.com\/blog\/2013\/04\/07\/porsche-cayman-2-7-pdk\/#primaryimage\",\"url\":\"https:\/\/www.carideal.com\/blog\/wp-content\/uploads\/2013\/04\/Porsche-Cayman-2013.jpg\",\"contentUrl\":\"https:\/\/www.carideal.com\/blog\/wp-content\/uploads\/2013\/04\/Porsche-Cayman-2013.jpg\",\"width\":800,\"height\":533,\"caption\":\"Porsche Cayman 2013\"},{\"@type\":\"BreadcrumbList\",\"@id\":\"https:\/\/www.carideal.com\/blog\/2013\/04\/07\/porsche-cayman-2-7-pdk\/#breadcrumb\",\"itemListElement\":[{\"@type\":\"ListItem\",\"position\":1,\"name\":\"Blog Carid\u00e9al\",\"item\":\"https:\/\/www.carideal.com\/blog\/\"},{\"@type\":\"ListItem\",\"position\":2,\"name\":\"Essais automobile\",\"item\":\"https:\/\/www.carideal.com\/blog\/essai\/\"},{\"@type\":\"ListItem\",\"position\":3,\"name\":\"Essais Porsche\",\"item\":\"https:\/\/www.carideal.com\/blog\/essai\/essais-porsche\/\"},{\"@type\":\"ListItem\",\"position\":4,\"name\":\"Essai Porsche Cayman 2.7 PDK\"}]},{\"@type\":\"WebSite\",\"@id\":\"https:\/\/www.carideal.com\/blog\/#website\",\"url\":\"https:\/\/www.carideal.com\/blog\/\",\"name\":\"Blog auto Carid\u00e9al\",\"description\":\"Actualit\u00e9 auto par des passionn\u00e9s\",\"publisher\":{\"@id\":\"https:\/\/www.carideal.com\/blog\/#organization\"},\"potentialAction\":[{\"@type\":\"SearchAction\",\"target\":{\"@type\":\"EntryPoint\",\"urlTemplate\":\"https:\/\/www.carideal.com\/blog\/?s={search_term_string}\"},\"query-input\":{\"@type\":\"PropertyValueSpecification\",\"valueRequired\":true,\"valueName\":\"search_term_string\"}}],\"inLanguage\":\"fr-FR\"},{\"@type\":\"Organization\",\"@id\":\"https:\/\/www.carideal.com\/blog\/#organization\",\"name\":\"Carideal\",\"url\":\"https:\/\/www.carideal.com\/blog\/\",\"logo\":{\"@type\":\"ImageObject\",\"inLanguage\":\"fr-FR\",\"@id\":\"https:\/\/www.carideal.com\/blog\/#\/schema\/logo\/image\/\",\"url\":\"http:\/\/www.carideal.com\/blog\/wp-content\/uploads\/2016\/03\/logo-carideal-mandataire-automobile.png\",\"contentUrl\":\"http:\/\/www.carideal.com\/blog\/wp-content\/uploads\/2016\/03\/logo-carideal-mandataire-automobile.png\",\"width\":300,\"height\":300,\"caption\":\"Carideal\"},\"image\":{\"@id\":\"https:\/\/www.carideal.com\/blog\/#\/schema\/logo\/image\/\"},\"sameAs\":[\"https:\/\/www.facebook.com\/Carideal.mandataire.automobile\",\"https:\/\/x.com\/caridealauto\",\"https:\/\/www.instagram.com\/carideal1\/\",\"https:\/\/www.linkedin.com\/company\/carideal.com\",\"https:\/\/fr.pinterest.com\/schiavonsas\/\",\"https:\/\/www.youtube.com\/user\/caridealsas\"]},{\"@type\":\"Person\",\"@id\":\"https:\/\/www.carideal.com\/blog\/#\/schema\/person\/985c7e757d1042d647f21bfaf8d41ebc\",\"name\":\"N.S Carideal\",\"image\":{\"@type\":\"ImageObject\",\"inLanguage\":\"fr-FR\",\"@id\":\"https:\/\/www.carideal.com\/blog\/#\/schema\/person\/image\/\",\"url\":\"https:\/\/secure.gravatar.com\/avatar\/edb7ccdf1a4e3d14aef967760d354d0e?s=96&r=g\",\"contentUrl\":\"https:\/\/secure.gravatar.com\/avatar\/edb7ccdf1a4e3d14aef967760d354d0e?s=96&r=g\",\"caption\":\"N.S Carideal\"},\"description\":\"Depuis tout petit fan d'automobile. Il est question d'essayer et de comparer toutes ces voitures qui nous ont fait r\u00e9ver, avant que celles-ci ne devient uniquement des voitures de collection.\",\"sameAs\":[\"http:\/\/www.carideal.com\/blog\",\"https:\/\/www.facebook.com\/Carideal.mandataire.automobile\/\",\"https:\/\/www.linkedin.com\/in\/nschiavon\/\",\"https:\/\/www.youtube.com\/user\/caridealsas\/\"],\"url\":\"https:\/\/www.carideal.com\/blog\/author\/admin_carideal\/\"}]}<\/script>\n<!-- \/ Yoast SEO plugin. -->","yoast_head_json":{"title":"Essai Porsche Cayman 2.7 PDK - Blog auto Carid\u00e9al","description":"Cette version de la Porsche Cayman 2.7 PDK avec cette boite de vitesse propose 275 ch pour seulement 180 g\/km de CO2 pour un prix \u00e0 partir de 55368 \u20ac","robots":{"index":"index","follow":"follow","max-snippet":"max-snippet:-1","max-image-preview":"max-image-preview:large","max-video-preview":"max-video-preview:-1"},"canonical":"https:\/\/www.carideal.com\/blog\/2013\/04\/07\/porsche-cayman-2-7-pdk\/","og_locale":"fr_FR","og_type":"article","og_title":"Essai Porsche Cayman 2.7 PDK - Blog auto Carid\u00e9al","og_description":"Cette version de la Porsche Cayman 2.7 PDK avec cette boite de vitesse propose 275 ch pour seulement 180 g\/km de CO2 pour un prix \u00e0 partir de 55368 \u20ac","og_url":"https:\/\/www.carideal.com\/blog\/2013\/04\/07\/porsche-cayman-2-7-pdk\/","og_site_name":"Blog auto Carid\u00e9al","article_publisher":"https:\/\/www.facebook.com\/Carideal.mandataire.automobile","article_author":"https:\/\/www.facebook.com\/Carideal.mandataire.automobile\/","article_published_time":"2013-04-07T15:11:00+00:00","article_modified_time":"2020-03-07T21:42:25+00:00","og_image":[{"width":800,"height":533,"url":"https:\/\/www.carideal.com\/blog\/wp-content\/uploads\/2013\/04\/Porsche-Cayman-2013.jpg","type":"image\/jpeg"}],"author":"N.S Carideal","twitter_card":"summary_large_image","twitter_creator":"@caridealauto","twitter_site":"@caridealauto","twitter_misc":{"\u00c9crit par":"N.S Carideal","Dur\u00e9e de lecture estim\u00e9e":"3 minutes"},"schema":{"@context":"https:\/\/schema.org","@graph":[{"@type":"Article","@id":"https:\/\/www.carideal.com\/blog\/2013\/04\/07\/porsche-cayman-2-7-pdk\/#article","isPartOf":{"@id":"https:\/\/www.carideal.com\/blog\/2013\/04\/07\/porsche-cayman-2-7-pdk\/"},"author":{"name":"N.S Carideal","@id":"https:\/\/www.carideal.com\/blog\/#\/schema\/person\/985c7e757d1042d647f21bfaf8d41ebc"},"headline":"Essai Porsche Cayman 2.7 PDK","datePublished":"2013-04-07T15:11:00+00:00","dateModified":"2020-03-07T21:42:25+00:00","mainEntityOfPage":{"@id":"https:\/\/www.carideal.com\/blog\/2013\/04\/07\/porsche-cayman-2-7-pdk\/"},"wordCount":560,"commentCount":0,"publisher":{"@id":"https:\/\/www.carideal.com\/blog\/#organization"},"image":{"@id":"https:\/\/www.carideal.com\/blog\/2013\/04\/07\/porsche-cayman-2-7-pdk\/#primaryimage"},"thumbnailUrl":"https:\/\/www.carideal.com\/blog\/wp-content\/uploads\/2013\/04\/Porsche-Cayman-2013.jpg","articleSection":["Actualit\u00e9 automobile","Actualit\u00e9 Constructeur automobile","Actualit\u00e9 Porsche","Coup\u00e9","Essais Porsche","March\u00e9 automobile","Sportive","Type de v\u00e9hicule"],"inLanguage":"fr-FR","potentialAction":[{"@type":"CommentAction","name":"Comment","target":["https:\/\/www.carideal.com\/blog\/2013\/04\/07\/porsche-cayman-2-7-pdk\/#respond"]}]},{"@type":"WebPage","@id":"https:\/\/www.carideal.com\/blog\/2013\/04\/07\/porsche-cayman-2-7-pdk\/","url":"https:\/\/www.carideal.com\/blog\/2013\/04\/07\/porsche-cayman-2-7-pdk\/","name":"Essai Porsche Cayman 2.7 PDK - Blog auto Carid\u00e9al","isPartOf":{"@id":"https:\/\/www.carideal.com\/blog\/#website"},"primaryImageOfPage":{"@id":"https:\/\/www.carideal.com\/blog\/2013\/04\/07\/porsche-cayman-2-7-pdk\/#primaryimage"},"image":{"@id":"https:\/\/www.carideal.com\/blog\/2013\/04\/07\/porsche-cayman-2-7-pdk\/#primaryimage"},"thumbnailUrl":"https:\/\/www.carideal.com\/blog\/wp-content\/uploads\/2013\/04\/Porsche-Cayman-2013.jpg","datePublished":"2013-04-07T15:11:00+00:00","dateModified":"2020-03-07T21:42:25+00:00","description":"Cette version de la Porsche Cayman 2.7 PDK avec cette boite de vitesse propose 275 ch pour seulement 180 g\/km de CO2 pour un prix \u00e0 partir de 55368 \u20ac","breadcrumb":{"@id":"https:\/\/www.carideal.com\/blog\/2013\/04\/07\/porsche-cayman-2-7-pdk\/#breadcrumb"},"inLanguage":"fr-FR","potentialAction":[{"@type":"ReadAction","target":["https:\/\/www.carideal.com\/blog\/2013\/04\/07\/porsche-cayman-2-7-pdk\/"]}]},{"@type":"ImageObject","inLanguage":"fr-FR","@id":"https:\/\/www.carideal.com\/blog\/2013\/04\/07\/porsche-cayman-2-7-pdk\/#primaryimage","url":"https:\/\/www.carideal.com\/blog\/wp-content\/uploads\/2013\/04\/Porsche-Cayman-2013.jpg","contentUrl":"https:\/\/www.carideal.com\/blog\/wp-content\/uploads\/2013\/04\/Porsche-Cayman-2013.jpg","width":800,"height":533,"caption":"Porsche Cayman 2013"},{"@type":"BreadcrumbList","@id":"https:\/\/www.carideal.com\/blog\/2013\/04\/07\/porsche-cayman-2-7-pdk\/#breadcrumb","itemListElement":[{"@type":"ListItem","position":1,"name":"Blog Carid\u00e9al","item":"https:\/\/www.carideal.com\/blog\/"},{"@type":"ListItem","position":2,"name":"Essais automobile","item":"https:\/\/www.carideal.com\/blog\/essai\/"},{"@type":"ListItem","position":3,"name":"Essais Porsche","item":"https:\/\/www.carideal.com\/blog\/essai\/essais-porsche\/"},{"@type":"ListItem","position":4,"name":"Essai Porsche Cayman 2.7 PDK"}]},{"@type":"WebSite","@id":"https:\/\/www.carideal.com\/blog\/#website","url":"https:\/\/www.carideal.com\/blog\/","name":"Blog auto Carid\u00e9al","description":"Actualit\u00e9 auto par des passionn\u00e9s","publisher":{"@id":"https:\/\/www.carideal.com\/blog\/#organization"},"potentialAction":[{"@type":"SearchAction","target":{"@type":"EntryPoint","urlTemplate":"https:\/\/www.carideal.com\/blog\/?s={search_term_string}"},"query-input":{"@type":"PropertyValueSpecification","valueRequired":true,"valueName":"search_term_string"}}],"inLanguage":"fr-FR"},{"@type":"Organization","@id":"https:\/\/www.carideal.com\/blog\/#organization","name":"Carideal","url":"https:\/\/www.carideal.com\/blog\/","logo":{"@type":"ImageObject","inLanguage":"fr-FR","@id":"https:\/\/www.carideal.com\/blog\/#\/schema\/logo\/image\/","url":"http:\/\/www.carideal.com\/blog\/wp-content\/uploads\/2016\/03\/logo-carideal-mandataire-automobile.png","contentUrl":"http:\/\/www.carideal.com\/blog\/wp-content\/uploads\/2016\/03\/logo-carideal-mandataire-automobile.png","width":300,"height":300,"caption":"Carideal"},"image":{"@id":"https:\/\/www.carideal.com\/blog\/#\/schema\/logo\/image\/"},"sameAs":["https:\/\/www.facebook.com\/Carideal.mandataire.automobile","https:\/\/x.com\/caridealauto","https:\/\/www.instagram.com\/carideal1\/","https:\/\/www.linkedin.com\/company\/carideal.com","https:\/\/fr.pinterest.com\/schiavonsas\/","https:\/\/www.youtube.com\/user\/caridealsas"]},{"@type":"Person","@id":"https:\/\/www.carideal.com\/blog\/#\/schema\/person\/985c7e757d1042d647f21bfaf8d41ebc","name":"N.S Carideal","image":{"@type":"ImageObject","inLanguage":"fr-FR","@id":"https:\/\/www.carideal.com\/blog\/#\/schema\/person\/image\/","url":"https:\/\/secure.gravatar.com\/avatar\/edb7ccdf1a4e3d14aef967760d354d0e?s=96&r=g","contentUrl":"https:\/\/secure.gravatar.com\/avatar\/edb7ccdf1a4e3d14aef967760d354d0e?s=96&r=g","caption":"N.S Carideal"},"description":"Depuis tout petit fan d'automobile. Il est question d'essayer et de comparer toutes ces voitures qui nous ont fait r\u00e9ver, avant que celles-ci ne devient uniquement des voitures de collection.","sameAs":["http:\/\/www.carideal.com\/blog","https:\/\/www.facebook.com\/Carideal.mandataire.automobile\/","https:\/\/www.linkedin.com\/in\/nschiavon\/","https:\/\/www.youtube.com\/user\/caridealsas\/"],"url":"https:\/\/www.carideal.com\/blog\/author\/admin_carideal\/"}]}},"uagb_featured_image_src":{"full":["https:\/\/www.carideal.com\/blog\/wp-content\/uploads\/2013\/04\/Porsche-Cayman-2013.jpg",800,533,false],"thumbnail":["https:\/\/www.carideal.com\/blog\/wp-content\/uploads\/2013\/04\/Porsche-Cayman-2013-150x150.jpg",150,150,true],"medium":["https:\/\/www.carideal.com\/blog\/wp-content\/uploads\/2013\/04\/Porsche-Cayman-2013-300x200.jpg",300,200,true],"medium_large":["https:\/\/www.carideal.com\/blog\/wp-content\/uploads\/2013\/04\/Porsche-Cayman-2013-768x512.jpg",768,512,true],"large":["https:\/\/www.carideal.com\/blog\/wp-content\/uploads\/2013\/04\/Porsche-Cayman-2013.jpg",800,533,false],"1536x1536":["https:\/\/www.carideal.com\/blog\/wp-content\/uploads\/2013\/04\/Porsche-Cayman-2013.jpg",800,533,false],"2048x2048":["https:\/\/www.carideal.com\/blog\/wp-content\/uploads\/2013\/04\/Porsche-Cayman-2013.jpg",800,533,false],"wppr-widget":["https:\/\/www.carideal.com\/blog\/wp-content\/uploads\/2013\/04\/Porsche-Cayman-2013.jpg",50,33,false]},"uagb_author_info":{"display_name":"N.S Carideal","author_link":"https:\/\/www.carideal.com\/blog\/author\/admin_carideal\/"},"uagb_comment_info":0,"uagb_excerpt":"Essai en Vid\u00e9o de la Porsche Cayman 2.7 PDK Cette version de la Porsche Cayman\u00a02.7 PDK avec cette boite de vitesse propose 275 ch pour seulement 180 g\/km de CO2 pour un prix \u00e0 partir de 55368 \u20ac Un an \u00a0seulement apr\u00e8s le Porsche\u00a0Boxster, la version \"ferm\u00e9e\" de la Porsche Cayman fait son apparition sur\u2026","_links":{"self":[{"href":"https:\/\/www.carideal.com\/blog\/wp-json\/wp\/v2\/posts\/1361"}],"collection":[{"href":"https:\/\/www.carideal.com\/blog\/wp-json\/wp\/v2\/posts"}],"about":[{"href":"https:\/\/www.carideal.com\/blog\/wp-json\/wp\/v2\/types\/post"}],"author":[{"embeddable":true,"href":"https:\/\/www.carideal.com\/blog\/wp-json\/wp\/v2\/users\/1"}],"replies":[{"embeddable":true,"href":"https:\/\/www.carideal.com\/blog\/wp-json\/wp\/v2\/comments?post=1361"}],"version-history":[{"count":0,"href":"https:\/\/www.carideal.com\/blog\/wp-json\/wp\/v2\/posts\/1361\/revisions"}],"wp:featuredmedia":[{"embeddable":true,"href":"https:\/\/www.carideal.com\/blog\/wp-json\/wp\/v2\/media\/14371"}],"wp:attachment":[{"href":"https:\/\/www.carideal.com\/blog\/wp-json\/wp\/v2\/media?parent=1361"}],"wp:term":[{"taxonomy":"category","embeddable":true,"href":"https:\/\/www.carideal.com\/blog\/wp-json\/wp\/v2\/categories?post=1361"},{"taxonomy":"post_tag","embeddable":true,"href":"https:\/\/www.carideal.com\/blog\/wp-json\/wp\/v2\/tags?post=1361"}],"curies":[{"name":"wp","href":"https:\/\/api.w.org\/{rel}","templated":true}]}}