{"id":1352,"date":"2013-03-27T16:47:00","date_gmt":"2013-03-27T16:47:00","guid":{"rendered":"http:\/\/carideal.com\/blog\/?p=1352"},"modified":"2020-03-07T17:35:18","modified_gmt":"2020-03-07T16:35:18","slug":"mercedes-classe-e","status":"publish","type":"post","link":"https:\/\/www.carideal.com\/blog\/2013\/03\/27\/mercedes-classe-e\/","title":{"rendered":"Mercedes Classe E : Essai"},"content":{"rendered":"<figure style=\"width: 438px\" class=\"wp-caption alignnone\"><img loading=\"lazy\" decoding=\"async\" title=\"Mercedes Classe E\" src=\"\/blog\/public\/.mercedes-classe-e_m.jpg\" alt=\"Mercedes Classe E\" width=\"448\" height=\"221\" \/><figcaption class=\"wp-caption-text\">Mercedes Classe E<\/figcaption><\/figure>\n<h1>Essai de la Mercedes Classe E<\/h1>\n<p>Y-a-t-il encore un pilote dans la Classe E\u00a0? A voir la liste d'\u00e9quipements s\u00e9curitaires disponibles, la question peut se poser. Elle savait d\u00e9j\u00e0 pr\u00e9venir un franchissement de ligne blanche impromptu, r\u00e9veiller un conducteur qui somnole, se caler sur le rythme d'un v\u00e9hicule qui la pr\u00e9c\u00e8de. Gr\u00e2ce \u00e0 une nouvelle cam\u00e9ra st\u00e9r\u00e9o log\u00e9e derri\u00e8re le pare-brise, la Classe E restyl\u00e9e copie un engin spatial et devient presque capable d'anticiper les collisions: freinage automatique si une voiture arrive \u00e0 sa gauche ou \u00e0 sa droite dans un carrefour(et plus seulement de face), apr\u00e8s un choc arri\u00e8re pour \u00e9viter une collision en cha\u00eene, avant de heurter un pi\u00e9ton, voire pour emp\u00eacher le conducteur de d\u00e9passer par la droite sur autoroute! Au total: onze aides \u00e0 la conduite, in\u00e9dites ou am\u00e9lior\u00e9es, \u00e9quipement cette berline avant m\u00eame sa majest\u00e9 Classe S attendue en fin d'ann\u00e9e. Reste \u00e0 convaincre le public. Hors finition Business r\u00e9serv\u00e9e aux clients professionnels, le pack s\u00e9curitaire est syst\u00e9matique factur\u00e9 en option (2700 \u20ac). Et peut envahir au quotidien: sur petites routes, le syst\u00e8me qui aide \u00e0 rouler au milieu de sa voie (actif en ligne droite, mais aussi en virages) g\u00e9n\u00e8re de d\u00e9routantes variations d'effort dans la direction. Tout reste \u00e9videmment d\u00e9sactivable, mais l'int\u00e9r\u00eat de l'option fuit alors.<\/p>\n<h2>D\u00e9vergond\u00e9e dehors<\/h2>\n<p>Le second axe d'\u00e9volution concerne le design: signature lumineuse plus marqu\u00e9e, calandre et logo Mercedes agrandis, boucliers plus tortur\u00e9s \u00e0 vastes prises d'air dynamisent l'ensemble. Au point de d\u00e9router les clients traditionnels qui peuvent se rassurer: de s\u00e9rie en finition de base ou en option gratuite sur l'Ex\u00e9cutive, la calandre r\u00e9cup\u00e8re quatre sages lamelles, le logo revient au bout du capot, les inserts int\u00e9rieurs passent de l'aluminium au bois. Une configuration pr\u00e9sente sur notre mod\u00e8le d'essai.<\/p>\n<h2>Raisonnable \u00e0 l'int\u00e9rieur<\/h2>\n<p>C'est au volant que l'\u00e9volution appara\u00eet plus timor\u00e9e . Si la gamme \u00e0 essence inaugure un 4 cylindres turbo (de 184 ou 211 ch) et de nouvelles AMG (versions 4x4 4 Matic, et 585 ch maximum!), les diesels se contentent de r\u00e9duire l\u00e9g\u00e8rement leur niveau d'\u00e9mission de Co2. Notre version d'essai en t\u00e9moigne: 204 ch, 500 Nm de couple, une transmission automatique (2600\u20ac) et seulement 128 g\/km de Co2, soit l'\u00e9quivalent de la Peugeot 308 2.0 HDI \u00e0 bo\u00eete m\u00e9canique. L'agr\u00e9ment est pourtant autre: belle vigueur d\u00e8s 1400 tr\/min, insonorisation efficace, confort moelleux. Seuls reproches? Une sonorit\u00e9 manquant de noblesse \u00e0 l'acc\u00e9l\u00e9ration, et une bo\u00eete automatique qui ne supporte plus la comparaison avec l'excellente BVA8 de BMW (r\u00e9activit\u00e9 moindre pour r\u00e9trograder ou en mode manuel, rares \u00e0-coups \u00e0 faible allure). A ce tarif (49700 \u20ac minimum en 250 CDI BVA, soit 1000 \u20ac de plus qu'une BMW S\u00e9rie 5 et 2000 \u20ac de plus que l'Audi A6), le client peut se permettre d'\u00eatre pointilleux.<\/p>\n<figure style=\"width: 438px\" class=\"wp-caption alignnone\"><img loading=\"lazy\" decoding=\"async\" title=\"Mercedes Classe E\" src=\"\/blog\/public\/.mercedes-classe-e-int_m.jpg\" alt=\"Mercedes Classe E\" width=\"448\" height=\"287\" \/><figcaption class=\"wp-caption-text\">Mercedes Classe E<\/figcaption><\/figure>\n<blockquote><p>Les boiseries et le volant \u00e0 quatre branches correspondent \u00e0 la ligne \u00c9l\u00e9gance, de s\u00e9rie en finition de base, en option gratuite sur l'Ex\u00e9cutive. La ligne Avantgarde, elle adopte des inserts alu et un volant \u00e0 trois branches.<\/p><\/blockquote>\n<h2>Bilan de la Mercedes Classe E.<\/h2>\n<p>Confort, espace int\u00e9rieur,silence : la Mercedes <span style=\"text-decoration: underline; color: #0000ff;\">Classe E<\/span> ma\u00eetrisait d\u00e9j\u00e0. Elle y ajoute une personnalit\u00e9 plus marqu\u00e9e, et des options capables de l'\u00e9lever au rang de voiture la plus s\u00fbre du monde. Audi A6 et BMW S\u00e9rie 5 sont pr\u00e9venues. On a aussi essay\u00e9 la\u00a0nouvelle Mercedes <span style=\"text-decoration: underline; color: #0000ff;\"><a style=\"color: #0000ff; text-decoration: underline;\" href=\"http:\/\/www.carideal.com\/blog\/2013\/03\/18\/mercedes-cls\/\">CLS<\/a><\/span>.<\/p>\n","protected":false},"excerpt":{"rendered":"<p>Essai de la Mercedes Classe E Y-a-t-il encore un pilote dans la Classe E\u00a0? A voir la liste d&rsquo;\u00e9quipements s\u00e9curitaires disponibles, la question peut se poser. Elle savait d\u00e9j\u00e0 pr\u00e9venir un franchissement de ligne blanche impromptu, r\u00e9veiller un conducteur qui somnole, se caler sur le rythme d&rsquo;un v\u00e9hicule qui la pr\u00e9c\u00e8de. Gr\u00e2ce \u00e0 une nouvelle &#8230; <a title=\"Mercedes Classe E : Essai\" class=\"read-more\" href=\"https:\/\/www.carideal.com\/blog\/2013\/03\/27\/mercedes-classe-e\/\" aria-label=\"En savoir plus sur Mercedes Classe E : Essai\">Lire plus<\/a><\/p>\n","protected":false},"author":1,"featured_media":0,"comment_status":"open","ping_status":"open","sticky":false,"template":"","format":"standard","meta":{"_uag_custom_page_level_css":"","_themeisle_gutenberg_block_has_review":false,"footnotes":""},"categories":[10],"tags":[],"class_list":["post-1352","post","type-post","status-publish","format-standard","hentry","category-marche-automobile-voiture-neuve-occasion-4x4-suv"],"wppr_data":[],"yoast_head":"<!-- This site is optimized with the Yoast SEO plugin v24.8.1 - https:\/\/yoast.com\/wordpress\/plugins\/seo\/ -->\n<title>Mercedes Classe E : Essai - Blog auto Carid\u00e9al<\/title>\n<meta name=\"description\" content=\"Essai et pr\u00e9sentation de la Mercedes classe E. Y-a-t-il encore un pilote dans la Classe E\u00a0? A voir la liste d&#039;\u00e9quipements\" \/>\n<meta name=\"robots\" content=\"index, follow, max-snippet:-1, max-image-preview:large, max-video-preview:-1\" \/>\n<link rel=\"canonical\" href=\"https:\/\/www.carideal.com\/blog\/2013\/03\/27\/mercedes-classe-e\/\" \/>\n<meta property=\"og:locale\" content=\"fr_FR\" \/>\n<meta property=\"og:type\" content=\"article\" \/>\n<meta property=\"og:title\" content=\"Mercedes Classe E : Essai - Blog auto Carid\u00e9al\" \/>\n<meta property=\"og:description\" content=\"Essai et pr\u00e9sentation de la Mercedes classe E. Y-a-t-il encore un pilote dans la Classe E\u00a0? A voir la liste d&#039;\u00e9quipements\" \/>\n<meta property=\"og:url\" content=\"https:\/\/www.carideal.com\/blog\/2013\/03\/27\/mercedes-classe-e\/\" \/>\n<meta property=\"og:site_name\" content=\"Blog auto Carid\u00e9al\" \/>\n<meta property=\"article:publisher\" content=\"https:\/\/www.facebook.com\/Carideal.mandataire.automobile\" \/>\n<meta property=\"article:author\" content=\"https:\/\/www.facebook.com\/Carideal.mandataire.automobile\/\" \/>\n<meta property=\"article:published_time\" content=\"2013-03-27T16:47:00+00:00\" \/>\n<meta property=\"article:modified_time\" content=\"2020-03-07T16:35:18+00:00\" \/>\n<meta property=\"og:image\" content=\"https:\/\/www.carideal.com\/blog\/wp-content\/uploads\/2016\/03\/logo-carideal-mandataire-automobile.png\" \/>\n\t<meta property=\"og:image:width\" content=\"300\" \/>\n\t<meta property=\"og:image:height\" content=\"300\" \/>\n\t<meta property=\"og:image:type\" content=\"image\/png\" \/>\n<meta name=\"author\" content=\"N.S Carideal\" \/>\n<meta name=\"twitter:card\" content=\"summary_large_image\" \/>\n<meta name=\"twitter:creator\" content=\"@caridealauto\" \/>\n<meta name=\"twitter:site\" content=\"@caridealauto\" \/>\n<meta name=\"twitter:label1\" content=\"\u00c9crit par\" \/>\n\t<meta name=\"twitter:data1\" content=\"N.S Carideal\" \/>\n\t<meta name=\"twitter:label2\" content=\"Dur\u00e9e de lecture estim\u00e9e\" \/>\n\t<meta name=\"twitter:data2\" content=\"3 minutes\" \/>\n<script type=\"application\/ld+json\" class=\"yoast-schema-graph\">{\"@context\":\"https:\/\/schema.org\",\"@graph\":[{\"@type\":\"Article\",\"@id\":\"https:\/\/www.carideal.com\/blog\/2013\/03\/27\/mercedes-classe-e\/#article\",\"isPartOf\":{\"@id\":\"https:\/\/www.carideal.com\/blog\/2013\/03\/27\/mercedes-classe-e\/\"},\"author\":{\"name\":\"N.S Carideal\",\"@id\":\"https:\/\/www.carideal.com\/blog\/#\/schema\/person\/985c7e757d1042d647f21bfaf8d41ebc\"},\"headline\":\"Mercedes Classe E : Essai\",\"datePublished\":\"2013-03-27T16:47:00+00:00\",\"dateModified\":\"2020-03-07T16:35:18+00:00\",\"mainEntityOfPage\":{\"@id\":\"https:\/\/www.carideal.com\/blog\/2013\/03\/27\/mercedes-classe-e\/\"},\"wordCount\":618,\"commentCount\":0,\"publisher\":{\"@id\":\"https:\/\/www.carideal.com\/blog\/#organization\"},\"articleSection\":[\"March\u00e9 automobile\"],\"inLanguage\":\"fr-FR\",\"potentialAction\":[{\"@type\":\"CommentAction\",\"name\":\"Comment\",\"target\":[\"https:\/\/www.carideal.com\/blog\/2013\/03\/27\/mercedes-classe-e\/#respond\"]}]},{\"@type\":\"WebPage\",\"@id\":\"https:\/\/www.carideal.com\/blog\/2013\/03\/27\/mercedes-classe-e\/\",\"url\":\"https:\/\/www.carideal.com\/blog\/2013\/03\/27\/mercedes-classe-e\/\",\"name\":\"Mercedes Classe E : Essai - Blog auto Carid\u00e9al\",\"isPartOf\":{\"@id\":\"https:\/\/www.carideal.com\/blog\/#website\"},\"datePublished\":\"2013-03-27T16:47:00+00:00\",\"dateModified\":\"2020-03-07T16:35:18+00:00\",\"description\":\"Essai et pr\u00e9sentation de la Mercedes classe E. Y-a-t-il encore un pilote dans la Classe E\u00a0? A voir la liste d'\u00e9quipements\",\"breadcrumb\":{\"@id\":\"https:\/\/www.carideal.com\/blog\/2013\/03\/27\/mercedes-classe-e\/#breadcrumb\"},\"inLanguage\":\"fr-FR\",\"potentialAction\":[{\"@type\":\"ReadAction\",\"target\":[\"https:\/\/www.carideal.com\/blog\/2013\/03\/27\/mercedes-classe-e\/\"]}]},{\"@type\":\"BreadcrumbList\",\"@id\":\"https:\/\/www.carideal.com\/blog\/2013\/03\/27\/mercedes-classe-e\/#breadcrumb\",\"itemListElement\":[{\"@type\":\"ListItem\",\"position\":1,\"name\":\"Blog Carid\u00e9al\",\"item\":\"https:\/\/www.carideal.com\/blog\/\"},{\"@type\":\"ListItem\",\"position\":2,\"name\":\"March\u00e9 automobile\",\"item\":\"https:\/\/www.carideal.com\/blog\/marche-automobile-voiture-neuve-occasion-4x4-suv\/\"},{\"@type\":\"ListItem\",\"position\":3,\"name\":\"Mercedes Classe E : Essai\"}]},{\"@type\":\"WebSite\",\"@id\":\"https:\/\/www.carideal.com\/blog\/#website\",\"url\":\"https:\/\/www.carideal.com\/blog\/\",\"name\":\"Blog auto Carid\u00e9al\",\"description\":\"Actualit\u00e9 auto par des passionn\u00e9s\",\"publisher\":{\"@id\":\"https:\/\/www.carideal.com\/blog\/#organization\"},\"potentialAction\":[{\"@type\":\"SearchAction\",\"target\":{\"@type\":\"EntryPoint\",\"urlTemplate\":\"https:\/\/www.carideal.com\/blog\/?s={search_term_string}\"},\"query-input\":{\"@type\":\"PropertyValueSpecification\",\"valueRequired\":true,\"valueName\":\"search_term_string\"}}],\"inLanguage\":\"fr-FR\"},{\"@type\":\"Organization\",\"@id\":\"https:\/\/www.carideal.com\/blog\/#organization\",\"name\":\"Carideal\",\"url\":\"https:\/\/www.carideal.com\/blog\/\",\"logo\":{\"@type\":\"ImageObject\",\"inLanguage\":\"fr-FR\",\"@id\":\"https:\/\/www.carideal.com\/blog\/#\/schema\/logo\/image\/\",\"url\":\"http:\/\/www.carideal.com\/blog\/wp-content\/uploads\/2016\/03\/logo-carideal-mandataire-automobile.png\",\"contentUrl\":\"http:\/\/www.carideal.com\/blog\/wp-content\/uploads\/2016\/03\/logo-carideal-mandataire-automobile.png\",\"width\":300,\"height\":300,\"caption\":\"Carideal\"},\"image\":{\"@id\":\"https:\/\/www.carideal.com\/blog\/#\/schema\/logo\/image\/\"},\"sameAs\":[\"https:\/\/www.facebook.com\/Carideal.mandataire.automobile\",\"https:\/\/x.com\/caridealauto\",\"https:\/\/www.instagram.com\/carideal1\/\",\"https:\/\/www.linkedin.com\/company\/carideal.com\",\"https:\/\/fr.pinterest.com\/schiavonsas\/\",\"https:\/\/www.youtube.com\/user\/caridealsas\"]},{\"@type\":\"Person\",\"@id\":\"https:\/\/www.carideal.com\/blog\/#\/schema\/person\/985c7e757d1042d647f21bfaf8d41ebc\",\"name\":\"N.S Carideal\",\"image\":{\"@type\":\"ImageObject\",\"inLanguage\":\"fr-FR\",\"@id\":\"https:\/\/www.carideal.com\/blog\/#\/schema\/person\/image\/\",\"url\":\"https:\/\/secure.gravatar.com\/avatar\/edb7ccdf1a4e3d14aef967760d354d0e?s=96&r=g\",\"contentUrl\":\"https:\/\/secure.gravatar.com\/avatar\/edb7ccdf1a4e3d14aef967760d354d0e?s=96&r=g\",\"caption\":\"N.S Carideal\"},\"description\":\"Depuis tout petit fan d'automobile. Il est question d'essayer et de comparer toutes ces voitures qui nous ont fait r\u00e9ver, avant que celles-ci ne devient uniquement des voitures de collection.\",\"sameAs\":[\"http:\/\/www.carideal.com\/blog\",\"https:\/\/www.facebook.com\/Carideal.mandataire.automobile\/\",\"https:\/\/www.linkedin.com\/in\/nschiavon\/\",\"https:\/\/www.youtube.com\/user\/caridealsas\/\"],\"url\":\"https:\/\/www.carideal.com\/blog\/author\/admin_carideal\/\"}]}<\/script>\n<!-- \/ Yoast SEO plugin. -->","yoast_head_json":{"title":"Mercedes Classe E : Essai - Blog auto Carid\u00e9al","description":"Essai et pr\u00e9sentation de la Mercedes classe E. Y-a-t-il encore un pilote dans la Classe E\u00a0? A voir la liste d'\u00e9quipements","robots":{"index":"index","follow":"follow","max-snippet":"max-snippet:-1","max-image-preview":"max-image-preview:large","max-video-preview":"max-video-preview:-1"},"canonical":"https:\/\/www.carideal.com\/blog\/2013\/03\/27\/mercedes-classe-e\/","og_locale":"fr_FR","og_type":"article","og_title":"Mercedes Classe E : Essai - Blog auto Carid\u00e9al","og_description":"Essai et pr\u00e9sentation de la Mercedes classe E. Y-a-t-il encore un pilote dans la Classe E\u00a0? A voir la liste d'\u00e9quipements","og_url":"https:\/\/www.carideal.com\/blog\/2013\/03\/27\/mercedes-classe-e\/","og_site_name":"Blog auto Carid\u00e9al","article_publisher":"https:\/\/www.facebook.com\/Carideal.mandataire.automobile","article_author":"https:\/\/www.facebook.com\/Carideal.mandataire.automobile\/","article_published_time":"2013-03-27T16:47:00+00:00","article_modified_time":"2020-03-07T16:35:18+00:00","og_image":[{"width":300,"height":300,"url":"https:\/\/www.carideal.com\/blog\/wp-content\/uploads\/2016\/03\/logo-carideal-mandataire-automobile.png","type":"image\/png"}],"author":"N.S Carideal","twitter_card":"summary_large_image","twitter_creator":"@caridealauto","twitter_site":"@caridealauto","twitter_misc":{"\u00c9crit par":"N.S Carideal","Dur\u00e9e de lecture estim\u00e9e":"3 minutes"},"schema":{"@context":"https:\/\/schema.org","@graph":[{"@type":"Article","@id":"https:\/\/www.carideal.com\/blog\/2013\/03\/27\/mercedes-classe-e\/#article","isPartOf":{"@id":"https:\/\/www.carideal.com\/blog\/2013\/03\/27\/mercedes-classe-e\/"},"author":{"name":"N.S Carideal","@id":"https:\/\/www.carideal.com\/blog\/#\/schema\/person\/985c7e757d1042d647f21bfaf8d41ebc"},"headline":"Mercedes Classe E : Essai","datePublished":"2013-03-27T16:47:00+00:00","dateModified":"2020-03-07T16:35:18+00:00","mainEntityOfPage":{"@id":"https:\/\/www.carideal.com\/blog\/2013\/03\/27\/mercedes-classe-e\/"},"wordCount":618,"commentCount":0,"publisher":{"@id":"https:\/\/www.carideal.com\/blog\/#organization"},"articleSection":["March\u00e9 automobile"],"inLanguage":"fr-FR","potentialAction":[{"@type":"CommentAction","name":"Comment","target":["https:\/\/www.carideal.com\/blog\/2013\/03\/27\/mercedes-classe-e\/#respond"]}]},{"@type":"WebPage","@id":"https:\/\/www.carideal.com\/blog\/2013\/03\/27\/mercedes-classe-e\/","url":"https:\/\/www.carideal.com\/blog\/2013\/03\/27\/mercedes-classe-e\/","name":"Mercedes Classe E : Essai - Blog auto Carid\u00e9al","isPartOf":{"@id":"https:\/\/www.carideal.com\/blog\/#website"},"datePublished":"2013-03-27T16:47:00+00:00","dateModified":"2020-03-07T16:35:18+00:00","description":"Essai et pr\u00e9sentation de la Mercedes classe E. Y-a-t-il encore un pilote dans la Classe E\u00a0? A voir la liste d'\u00e9quipements","breadcrumb":{"@id":"https:\/\/www.carideal.com\/blog\/2013\/03\/27\/mercedes-classe-e\/#breadcrumb"},"inLanguage":"fr-FR","potentialAction":[{"@type":"ReadAction","target":["https:\/\/www.carideal.com\/blog\/2013\/03\/27\/mercedes-classe-e\/"]}]},{"@type":"BreadcrumbList","@id":"https:\/\/www.carideal.com\/blog\/2013\/03\/27\/mercedes-classe-e\/#breadcrumb","itemListElement":[{"@type":"ListItem","position":1,"name":"Blog Carid\u00e9al","item":"https:\/\/www.carideal.com\/blog\/"},{"@type":"ListItem","position":2,"name":"March\u00e9 automobile","item":"https:\/\/www.carideal.com\/blog\/marche-automobile-voiture-neuve-occasion-4x4-suv\/"},{"@type":"ListItem","position":3,"name":"Mercedes Classe E : Essai"}]},{"@type":"WebSite","@id":"https:\/\/www.carideal.com\/blog\/#website","url":"https:\/\/www.carideal.com\/blog\/","name":"Blog auto Carid\u00e9al","description":"Actualit\u00e9 auto par des passionn\u00e9s","publisher":{"@id":"https:\/\/www.carideal.com\/blog\/#organization"},"potentialAction":[{"@type":"SearchAction","target":{"@type":"EntryPoint","urlTemplate":"https:\/\/www.carideal.com\/blog\/?s={search_term_string}"},"query-input":{"@type":"PropertyValueSpecification","valueRequired":true,"valueName":"search_term_string"}}],"inLanguage":"fr-FR"},{"@type":"Organization","@id":"https:\/\/www.carideal.com\/blog\/#organization","name":"Carideal","url":"https:\/\/www.carideal.com\/blog\/","logo":{"@type":"ImageObject","inLanguage":"fr-FR","@id":"https:\/\/www.carideal.com\/blog\/#\/schema\/logo\/image\/","url":"http:\/\/www.carideal.com\/blog\/wp-content\/uploads\/2016\/03\/logo-carideal-mandataire-automobile.png","contentUrl":"http:\/\/www.carideal.com\/blog\/wp-content\/uploads\/2016\/03\/logo-carideal-mandataire-automobile.png","width":300,"height":300,"caption":"Carideal"},"image":{"@id":"https:\/\/www.carideal.com\/blog\/#\/schema\/logo\/image\/"},"sameAs":["https:\/\/www.facebook.com\/Carideal.mandataire.automobile","https:\/\/x.com\/caridealauto","https:\/\/www.instagram.com\/carideal1\/","https:\/\/www.linkedin.com\/company\/carideal.com","https:\/\/fr.pinterest.com\/schiavonsas\/","https:\/\/www.youtube.com\/user\/caridealsas"]},{"@type":"Person","@id":"https:\/\/www.carideal.com\/blog\/#\/schema\/person\/985c7e757d1042d647f21bfaf8d41ebc","name":"N.S Carideal","image":{"@type":"ImageObject","inLanguage":"fr-FR","@id":"https:\/\/www.carideal.com\/blog\/#\/schema\/person\/image\/","url":"https:\/\/secure.gravatar.com\/avatar\/edb7ccdf1a4e3d14aef967760d354d0e?s=96&r=g","contentUrl":"https:\/\/secure.gravatar.com\/avatar\/edb7ccdf1a4e3d14aef967760d354d0e?s=96&r=g","caption":"N.S Carideal"},"description":"Depuis tout petit fan d'automobile. Il est question d'essayer et de comparer toutes ces voitures qui nous ont fait r\u00e9ver, avant que celles-ci ne devient uniquement des voitures de collection.","sameAs":["http:\/\/www.carideal.com\/blog","https:\/\/www.facebook.com\/Carideal.mandataire.automobile\/","https:\/\/www.linkedin.com\/in\/nschiavon\/","https:\/\/www.youtube.com\/user\/caridealsas\/"],"url":"https:\/\/www.carideal.com\/blog\/author\/admin_carideal\/"}]}},"uagb_featured_image_src":{"full":false,"thumbnail":false,"medium":false,"medium_large":false,"large":false,"1536x1536":false,"2048x2048":false,"wppr-widget":false},"uagb_author_info":{"display_name":"N.S Carideal","author_link":"https:\/\/www.carideal.com\/blog\/author\/admin_carideal\/"},"uagb_comment_info":0,"uagb_excerpt":"Essai de la Mercedes Classe E Y-a-t-il encore un pilote dans la Classe E\u00a0? A voir la liste d'\u00e9quipements s\u00e9curitaires disponibles, la question peut se poser. Elle savait d\u00e9j\u00e0 pr\u00e9venir un franchissement de ligne blanche impromptu, r\u00e9veiller un conducteur qui somnole, se caler sur le rythme d'un v\u00e9hicule qui la pr\u00e9c\u00e8de. Gr\u00e2ce \u00e0 une nouvelle\u2026","_links":{"self":[{"href":"https:\/\/www.carideal.com\/blog\/wp-json\/wp\/v2\/posts\/1352"}],"collection":[{"href":"https:\/\/www.carideal.com\/blog\/wp-json\/wp\/v2\/posts"}],"about":[{"href":"https:\/\/www.carideal.com\/blog\/wp-json\/wp\/v2\/types\/post"}],"author":[{"embeddable":true,"href":"https:\/\/www.carideal.com\/blog\/wp-json\/wp\/v2\/users\/1"}],"replies":[{"embeddable":true,"href":"https:\/\/www.carideal.com\/blog\/wp-json\/wp\/v2\/comments?post=1352"}],"version-history":[{"count":0,"href":"https:\/\/www.carideal.com\/blog\/wp-json\/wp\/v2\/posts\/1352\/revisions"}],"wp:attachment":[{"href":"https:\/\/www.carideal.com\/blog\/wp-json\/wp\/v2\/media?parent=1352"}],"wp:term":[{"taxonomy":"category","embeddable":true,"href":"https:\/\/www.carideal.com\/blog\/wp-json\/wp\/v2\/categories?post=1352"},{"taxonomy":"post_tag","embeddable":true,"href":"https:\/\/www.carideal.com\/blog\/wp-json\/wp\/v2\/tags?post=1352"}],"curies":[{"name":"wp","href":"https:\/\/api.w.org\/{rel}","templated":true}]}}