{"id":1350,"date":"2013-03-27T10:19:00","date_gmt":"2013-03-27T10:19:00","guid":{"rendered":"http:\/\/carideal.com\/blog\/?p=1350"},"modified":"2020-03-07T22:41:50","modified_gmt":"2020-03-07T21:41:50","slug":"citroen-technospace","status":"publish","type":"post","link":"https:\/\/www.carideal.com\/blog\/2013\/03\/27\/citroen-technospace\/","title":{"rendered":"Citroen Technospace le futur C4 picasso"},"content":{"rendered":"<figure style=\"width: 438px\" class=\"wp-caption aligncenter\"><img loading=\"lazy\" decoding=\"async\" title=\"Citroen Technospace\" src=\"\/blog\/public\/.citroen-technospace-avt_m.jpg\" alt=\"Citroen Technospace\" width=\"448\" height=\"275\" \/><figcaption class=\"wp-caption-text\">Citroen Technospace<\/figcaption><\/figure>\n<h1><strong>Le Citroen Technospace pr\u00e9sente le futur C4 Picasso de deuxi\u00e8me g\u00e9n\u00e9ration<\/strong><\/h1>\n<p><strong>Citroen Technospace :<\/strong> Il n'y a pas si longtemps Renault\u00a0donnait rendez-vous \u00e0 tout le monde sur Internet pour d\u00e9couvrir les images du <a href=\"http:\/\/www.carideal.com\/blog\/2013\/09\/01\/que-vaut-le-nouveau-renault-scenic-scenic-restyle\/\">Sc\u00e9nic restyl\u00e9<\/a> et sa version baroudeuse nomm\u00e9e <a href=\"http:\/\/www.carideal.com\/blog\/2013\/09\/25\/renault-scenic-xmod-le-baroudeur\/\">XMOD<\/a>. Quelques jours plus-tard Citro\u00ebn d\u00e9voile des images ext\u00e9rieures -l'habitacle est encore secret. Un n\u00e9ologisme pompeux qui caract\u00e9rise la seconde g\u00e9n\u00e9ration du <a href=\"http:\/\/www.carideal.com\/blog\/2013\/02\/13\/plus-moderne-que-celui-qu-il-vient-remplacer-le-c4-picasso-jouera-gros-dans-un-marche-difficile\/\">C4 Picasso<\/a>, attendue en concession pour l'automne.<\/p>\n<h2>Sur notre faim... on voulait en savoir plus sur ce Citroen Technospace<\/h2>\n<p>Ce concept car Citroen Technoqpace, d\u00e9livre les lignes d\u00e9finitive du mod\u00e8le de s\u00e9rie. L'avant d\u00e9tonne par ses minces feux diurnes qui \u00e9tendent l'habilement de la calandre. En dessous sont log\u00e9s les projecteurs qui, en r\u00e9alit\u00e9, sont \u00e0 une hauteur standard. De profil, la vague qui soulignait le vitrage lat\u00e9ral de l'actuel C4 Picasso devient sym\u00e9trique. En revanche, le dessin de la poupe est moins inspir\u00e9. Les designers de Citro\u00ebn ont-ils pioch\u00e9 dans la bo\u00eete \u00e0 id\u00e9es du groupe Volkswagen pour ce Technospace ?<\/p>\n<figure id=\"attachment_13125\" aria-describedby=\"caption-attachment-13125\" style=\"width: 590px\" class=\"wp-caption aligncenter\"><a href=\"http:\/\/www.carideal.com\/blog\/wp-content\/uploads\/2013\/03\/Citroen-Technospace-nouveau-C4-Picasso-citroen-2.jpg\"><img loading=\"lazy\" decoding=\"async\" class=\"wp-image-13125\" title=\"Citroen Technospace\" src=\"http:\/\/www.carideal.com\/blog\/wp-content\/uploads\/2013\/03\/Citroen-Technospace-nouveau-C4-Picasso-citroen-2.jpg\" alt=\"Citroen Technospace\" width=\"600\" height=\"450\" srcset=\"https:\/\/www.carideal.com\/blog\/wp-content\/uploads\/2013\/03\/Citroen-Technospace-nouveau-C4-Picasso-citroen-2.jpg 1000w, https:\/\/www.carideal.com\/blog\/wp-content\/uploads\/2013\/03\/Citroen-Technospace-nouveau-C4-Picasso-citroen-2-300x225.jpg 300w, https:\/\/www.carideal.com\/blog\/wp-content\/uploads\/2013\/03\/Citroen-Technospace-nouveau-C4-Picasso-citroen-2-768x576.jpg 768w\" sizes=\"(max-width: 600px) 100vw, 600px\" \/><\/a><figcaption id=\"caption-attachment-13125\" class=\"wp-caption-text\">Citroen Technospace<\/figcaption><\/figure>\n<p>Des feux qui rappellent ceux de la Golf 6\u00a0et un hayon fa\u00e7on <a href=\"http:\/\/www.carideal.com\/blog\/2015\/01\/21\/audi-q7-2015\/\" target=\"_blank\" rel=\"noopener noreferrer\">Audi Q7<\/a> nous laissent un peu sur notre faim. Avantage majeur de ce dessin pragmatique, bien au carr\u00e9, l'augmentation du volume de coffre qui atteint 537 litres. En optant pour une plateforme technique in\u00e9dite, le nouveau C4 Picasso est plus court que l'actuel. Il perd 4 cm pour une longueur de 4.43 m. En revanche, l'empattement est allong\u00e9, ce qui devrait cr\u00e9er plus d'espace aux places arri\u00e8re. Et la version longue,<\/p>\n<p>Le <a href=\"http:\/\/www.carideal.com\/blog\/2013\/11\/27\/citroen-grand-c4-picasso\/\" target=\"_blank\" rel=\"noopener noreferrer\">Grand C4 Picasso<\/a>, devrait m\u00eame offrir un empattement encore plus grand. Citro\u00ebn garde le myst\u00e8re sur l'int\u00e9rieur de son Technospace, mais annonce sur une interface tactile, indispensable aujourd'hui et qui fait d\u00e9faut \u00e0 son rival, le Renault Sc\u00e9nic. D'une taille tr\u00e8s confortable, 12 pouces, l'\u00e9cran r\u00e9volutionnera la gestion du multim\u00e9dia. Il \u00e9tait temps,car le dispositif actuel propose par la firme au double chevron commen\u00e7ait \u00e0 marquer le pas. Autre annonce d'ordre \u00e9cologique cette fois du Citroen Technospace, des rejets de Co2 limit\u00e9s \u00e0 98 g\/km. Un progr\u00e8s notable, car on table au mieux sur 120 g\/km pour l'actuelle version e-HDI de 112 ch. Une \u00e9volution permise par le gain d'une centaine de kilos par rapport \u00e0 la g\u00e9n\u00e9ration pr\u00e9c\u00e9dente, mais aussi par la pr\u00e9sence de moteurs \u00e0 trois cylindres.<\/p>\n<p>Ces derniers sur le Citroen Technospace, les blocs 1.2 THP de 110 et 130 ch n'arriveront non pas au lancement, \u00e0 l'automne, mais plut\u00f4t en 2014. L'int\u00e9rim sera assur\u00e9 par les actuels 1.6 VTi de 120 ch et THP de 156 ch. La structure all\u00e9g\u00e9e pourrait \u00e9galement permettre d'\u00e9tendre la gamme vers le bas avec, pourquoi pas, un bloc 1.6 HDi de 92 ch. Et, \u00e0 l'oppos\u00e9, une version de 180 ch pour r\u00e9pondre au bloc biturbo de m\u00eame puissance qu'offre depuis peu l'<a href=\"http:\/\/www.carideal.com\/blog\/2012\/06\/28\/opel-zafira-tourer\/\">Opel Zafira Tourer<\/a>. Deux syst\u00e8mes <a href=\"http:\/\/www.carideal.com\/blog\/2012\/12\/06\/stopstart\/\" target=\"_blank\" rel=\"noopener noreferrer\">Stop&amp;Start<\/a> seront au programme: un <a href=\"http:\/\/www.carideal.com\/blog\/2007\/12\/10\/le-stop-and-start-de-psa-sera-t-il-bientot-obligatoire-sur-toute-les-voitures\/\" target=\"_blank\" rel=\"noopener noreferrer\">alterno-d\u00e9marreur<\/a>, colonne vert\u00e9brale de la technologie e-HDi, et un d\u00e9marreur renforc\u00e9 (moins co\u00fbteux) sur les faibles cylindr\u00e9es, notamment en essence. Les moteurs diesels du Citroen Technospace auront un <a href=\"http:\/\/www.carideal.com\/blog\/2013\/09\/16\/psa-blue-hdi-diesel-euro-6\/\" target=\"_blank\" rel=\"noopener noreferrer\">catalyseur SCR<\/a>\u00a0pour satisfaire les <a href=\"http:\/\/www.carideal.com\/blog\/2013\/12\/12\/les-nouvelles-normes-euro-6-font-faire-augmenter-le-prix-des-moteurs-diesels\/\">normes Euro 6<\/a>. Mais le C4 Picasso se passera de bo\u00eete de vitesses \u00e0 double embrayage. La <a href=\"http:\/\/www.carideal.com\/blog\/2010\/05\/28\/la-boite-bmp6-plus-respectueuse-de-lenvironnement\/\" target=\"_blank\" rel=\"noopener noreferrer\">BMP6<\/a> sera disponible au lancement sur le e-HDi de 112 ch et sera ensuite remplac\u00e9e par une future <a href=\"http:\/\/www.carideal.com\/blog\/2015\/09\/09\/nouvelle-boite-de-vitesse-automatique-eat6\/\" target=\"_blank\" rel=\"noopener noreferrer\">bo\u00eete automatique ultra-compacte<\/a>.<\/p>\n<figure style=\"width: 438px\" class=\"wp-caption aligncenter\"><img loading=\"lazy\" decoding=\"async\" title=\"Citroen Technospace\" src=\"\/blog\/public\/.Citroen-Technospace_m.jpg\" alt=\"Citroen Technospace\" width=\"448\" height=\"291\" \/><figcaption class=\"wp-caption-text\">Citroen Technospace<\/figcaption><\/figure>\n<blockquote><p>Des feux 3D et une arche chrom\u00e9e qui s'enroule autour des vitres et rappelle la DS5 apportent une touche haut de gamme \u00e0 ce Citroen Technospace.<\/p><\/blockquote>\n","protected":false},"excerpt":{"rendered":"<p>Le Citroen Technospace pr\u00e9sente le futur C4 Picasso de deuxi\u00e8me g\u00e9n\u00e9ration Citroen Technospace : Il n&rsquo;y a pas si longtemps Renault\u00a0donnait rendez-vous \u00e0 tout le monde sur Internet pour d\u00e9couvrir les images du Sc\u00e9nic restyl\u00e9 et sa version baroudeuse nomm\u00e9e XMOD. Quelques jours plus-tard Citro\u00ebn d\u00e9voile des images ext\u00e9rieures -l&rsquo;habitacle est encore secret. Un n\u00e9ologisme &#8230; <a title=\"Citroen Technospace le futur C4 picasso\" class=\"read-more\" href=\"https:\/\/www.carideal.com\/blog\/2013\/03\/27\/citroen-technospace\/\" aria-label=\"En savoir plus sur Citroen Technospace le futur C4 picasso\">Lire plus<\/a><\/p>\n","protected":false},"author":1,"featured_media":13123,"comment_status":"open","ping_status":"open","sticky":false,"template":"","format":"standard","meta":{"_uag_custom_page_level_css":"","_themeisle_gutenberg_block_has_review":false,"footnotes":""},"categories":[5,5944,10,6023,5974],"tags":[],"class_list":["post-1350","post","type-post","status-publish","format-standard","has-post-thumbnail","hentry","category-citroen","category-constructeur","category-marche-automobile-voiture-neuve-occasion-4x4-suv","category-monospace","category-type-de-vehicule"],"wppr_data":[],"yoast_head":"<!-- This site is optimized with the Yoast SEO plugin v24.8.1 - https:\/\/yoast.com\/wordpress\/plugins\/seo\/ -->\n<title>Citroen Technospace le futur C4 picasso - Blog auto Carid\u00e9al<\/title>\n<meta name=\"description\" content=\"Citroen Technospace Tease : pour contrer le Scenic restyl\u00e9. Il n&#039;y a pas si longtemps Renault donnait rendez-vous \u00e0 tout le monde sur Internet\" \/>\n<meta name=\"robots\" content=\"index, follow, max-snippet:-1, max-image-preview:large, max-video-preview:-1\" \/>\n<link rel=\"canonical\" href=\"https:\/\/www.carideal.com\/blog\/2013\/03\/27\/citroen-technospace\/\" \/>\n<meta property=\"og:locale\" content=\"fr_FR\" \/>\n<meta property=\"og:type\" content=\"article\" \/>\n<meta property=\"og:title\" content=\"Citroen Technospace le futur C4 picasso - Blog auto Carid\u00e9al\" \/>\n<meta property=\"og:description\" content=\"Citroen Technospace Tease : pour contrer le Scenic restyl\u00e9. Il n&#039;y a pas si longtemps Renault donnait rendez-vous \u00e0 tout le monde sur Internet\" \/>\n<meta property=\"og:url\" content=\"https:\/\/www.carideal.com\/blog\/2013\/03\/27\/citroen-technospace\/\" \/>\n<meta property=\"og:site_name\" content=\"Blog auto Carid\u00e9al\" \/>\n<meta property=\"article:publisher\" content=\"https:\/\/www.facebook.com\/Carideal.mandataire.automobile\" \/>\n<meta property=\"article:author\" content=\"https:\/\/www.facebook.com\/Carideal.mandataire.automobile\/\" \/>\n<meta property=\"article:published_time\" content=\"2013-03-27T10:19:00+00:00\" \/>\n<meta property=\"article:modified_time\" content=\"2020-03-07T21:41:50+00:00\" \/>\n<meta property=\"og:image\" content=\"https:\/\/www.carideal.com\/blog\/wp-content\/uploads\/2013\/03\/citroen-technospace.jpg\" \/>\n\t<meta property=\"og:image:width\" content=\"664\" \/>\n\t<meta property=\"og:image:height\" content=\"443\" \/>\n\t<meta property=\"og:image:type\" content=\"image\/jpeg\" \/>\n<meta name=\"author\" content=\"N.S Carideal\" \/>\n<meta name=\"twitter:card\" content=\"summary_large_image\" \/>\n<meta name=\"twitter:creator\" content=\"@caridealauto\" \/>\n<meta name=\"twitter:site\" content=\"@caridealauto\" \/>\n<meta name=\"twitter:label1\" content=\"\u00c9crit par\" \/>\n\t<meta name=\"twitter:data1\" content=\"N.S Carideal\" \/>\n\t<meta name=\"twitter:label2\" content=\"Dur\u00e9e de lecture estim\u00e9e\" \/>\n\t<meta name=\"twitter:data2\" content=\"3 minutes\" \/>\n<script type=\"application\/ld+json\" class=\"yoast-schema-graph\">{\"@context\":\"https:\/\/schema.org\",\"@graph\":[{\"@type\":\"Article\",\"@id\":\"https:\/\/www.carideal.com\/blog\/2013\/03\/27\/citroen-technospace\/#article\",\"isPartOf\":{\"@id\":\"https:\/\/www.carideal.com\/blog\/2013\/03\/27\/citroen-technospace\/\"},\"author\":{\"name\":\"N.S Carideal\",\"@id\":\"https:\/\/www.carideal.com\/blog\/#\/schema\/person\/985c7e757d1042d647f21bfaf8d41ebc\"},\"headline\":\"Citroen Technospace le futur C4 picasso\",\"datePublished\":\"2013-03-27T10:19:00+00:00\",\"dateModified\":\"2020-03-07T21:41:50+00:00\",\"mainEntityOfPage\":{\"@id\":\"https:\/\/www.carideal.com\/blog\/2013\/03\/27\/citroen-technospace\/\"},\"wordCount\":636,\"commentCount\":0,\"publisher\":{\"@id\":\"https:\/\/www.carideal.com\/blog\/#organization\"},\"image\":{\"@id\":\"https:\/\/www.carideal.com\/blog\/2013\/03\/27\/citroen-technospace\/#primaryimage\"},\"thumbnailUrl\":\"https:\/\/www.carideal.com\/blog\/wp-content\/uploads\/2013\/03\/citroen-technospace.jpg\",\"articleSection\":[\"Actualit\u00e9 Citroen\",\"Actualit\u00e9 Constructeur automobile\",\"March\u00e9 automobile\",\"Monospace\",\"Type de v\u00e9hicule\"],\"inLanguage\":\"fr-FR\",\"potentialAction\":[{\"@type\":\"CommentAction\",\"name\":\"Comment\",\"target\":[\"https:\/\/www.carideal.com\/blog\/2013\/03\/27\/citroen-technospace\/#respond\"]}]},{\"@type\":\"WebPage\",\"@id\":\"https:\/\/www.carideal.com\/blog\/2013\/03\/27\/citroen-technospace\/\",\"url\":\"https:\/\/www.carideal.com\/blog\/2013\/03\/27\/citroen-technospace\/\",\"name\":\"Citroen Technospace le futur C4 picasso - Blog auto Carid\u00e9al\",\"isPartOf\":{\"@id\":\"https:\/\/www.carideal.com\/blog\/#website\"},\"primaryImageOfPage\":{\"@id\":\"https:\/\/www.carideal.com\/blog\/2013\/03\/27\/citroen-technospace\/#primaryimage\"},\"image\":{\"@id\":\"https:\/\/www.carideal.com\/blog\/2013\/03\/27\/citroen-technospace\/#primaryimage\"},\"thumbnailUrl\":\"https:\/\/www.carideal.com\/blog\/wp-content\/uploads\/2013\/03\/citroen-technospace.jpg\",\"datePublished\":\"2013-03-27T10:19:00+00:00\",\"dateModified\":\"2020-03-07T21:41:50+00:00\",\"description\":\"Citroen Technospace Tease : pour contrer le Scenic restyl\u00e9. Il n'y a pas si longtemps Renault donnait rendez-vous \u00e0 tout le monde sur Internet\",\"breadcrumb\":{\"@id\":\"https:\/\/www.carideal.com\/blog\/2013\/03\/27\/citroen-technospace\/#breadcrumb\"},\"inLanguage\":\"fr-FR\",\"potentialAction\":[{\"@type\":\"ReadAction\",\"target\":[\"https:\/\/www.carideal.com\/blog\/2013\/03\/27\/citroen-technospace\/\"]}]},{\"@type\":\"ImageObject\",\"inLanguage\":\"fr-FR\",\"@id\":\"https:\/\/www.carideal.com\/blog\/2013\/03\/27\/citroen-technospace\/#primaryimage\",\"url\":\"https:\/\/www.carideal.com\/blog\/wp-content\/uploads\/2013\/03\/citroen-technospace.jpg\",\"contentUrl\":\"https:\/\/www.carideal.com\/blog\/wp-content\/uploads\/2013\/03\/citroen-technospace.jpg\",\"width\":664,\"height\":443,\"caption\":\"Citroen Technospace\"},{\"@type\":\"BreadcrumbList\",\"@id\":\"https:\/\/www.carideal.com\/blog\/2013\/03\/27\/citroen-technospace\/#breadcrumb\",\"itemListElement\":[{\"@type\":\"ListItem\",\"position\":1,\"name\":\"Blog Carid\u00e9al\",\"item\":\"https:\/\/www.carideal.com\/blog\/\"},{\"@type\":\"ListItem\",\"position\":2,\"name\":\"March\u00e9 automobile\",\"item\":\"https:\/\/www.carideal.com\/blog\/marche-automobile-voiture-neuve-occasion-4x4-suv\/\"},{\"@type\":\"ListItem\",\"position\":3,\"name\":\"Citroen Technospace le futur C4 picasso\"}]},{\"@type\":\"WebSite\",\"@id\":\"https:\/\/www.carideal.com\/blog\/#website\",\"url\":\"https:\/\/www.carideal.com\/blog\/\",\"name\":\"Blog auto Carid\u00e9al\",\"description\":\"Actualit\u00e9 auto par des passionn\u00e9s\",\"publisher\":{\"@id\":\"https:\/\/www.carideal.com\/blog\/#organization\"},\"potentialAction\":[{\"@type\":\"SearchAction\",\"target\":{\"@type\":\"EntryPoint\",\"urlTemplate\":\"https:\/\/www.carideal.com\/blog\/?s={search_term_string}\"},\"query-input\":{\"@type\":\"PropertyValueSpecification\",\"valueRequired\":true,\"valueName\":\"search_term_string\"}}],\"inLanguage\":\"fr-FR\"},{\"@type\":\"Organization\",\"@id\":\"https:\/\/www.carideal.com\/blog\/#organization\",\"name\":\"Carideal\",\"url\":\"https:\/\/www.carideal.com\/blog\/\",\"logo\":{\"@type\":\"ImageObject\",\"inLanguage\":\"fr-FR\",\"@id\":\"https:\/\/www.carideal.com\/blog\/#\/schema\/logo\/image\/\",\"url\":\"http:\/\/www.carideal.com\/blog\/wp-content\/uploads\/2016\/03\/logo-carideal-mandataire-automobile.png\",\"contentUrl\":\"http:\/\/www.carideal.com\/blog\/wp-content\/uploads\/2016\/03\/logo-carideal-mandataire-automobile.png\",\"width\":300,\"height\":300,\"caption\":\"Carideal\"},\"image\":{\"@id\":\"https:\/\/www.carideal.com\/blog\/#\/schema\/logo\/image\/\"},\"sameAs\":[\"https:\/\/www.facebook.com\/Carideal.mandataire.automobile\",\"https:\/\/x.com\/caridealauto\",\"https:\/\/www.instagram.com\/carideal1\/\",\"https:\/\/www.linkedin.com\/company\/carideal.com\",\"https:\/\/fr.pinterest.com\/schiavonsas\/\",\"https:\/\/www.youtube.com\/user\/caridealsas\"]},{\"@type\":\"Person\",\"@id\":\"https:\/\/www.carideal.com\/blog\/#\/schema\/person\/985c7e757d1042d647f21bfaf8d41ebc\",\"name\":\"N.S Carideal\",\"image\":{\"@type\":\"ImageObject\",\"inLanguage\":\"fr-FR\",\"@id\":\"https:\/\/www.carideal.com\/blog\/#\/schema\/person\/image\/\",\"url\":\"https:\/\/secure.gravatar.com\/avatar\/edb7ccdf1a4e3d14aef967760d354d0e?s=96&r=g\",\"contentUrl\":\"https:\/\/secure.gravatar.com\/avatar\/edb7ccdf1a4e3d14aef967760d354d0e?s=96&r=g\",\"caption\":\"N.S Carideal\"},\"description\":\"Depuis tout petit fan d'automobile. Il est question d'essayer et de comparer toutes ces voitures qui nous ont fait r\u00e9ver, avant que celles-ci ne devient uniquement des voitures de collection.\",\"sameAs\":[\"http:\/\/www.carideal.com\/blog\",\"https:\/\/www.facebook.com\/Carideal.mandataire.automobile\/\",\"https:\/\/www.linkedin.com\/in\/nschiavon\/\",\"https:\/\/www.youtube.com\/user\/caridealsas\/\"],\"url\":\"https:\/\/www.carideal.com\/blog\/author\/admin_carideal\/\"}]}<\/script>\n<!-- \/ Yoast SEO plugin. -->","yoast_head_json":{"title":"Citroen Technospace le futur C4 picasso - Blog auto Carid\u00e9al","description":"Citroen Technospace Tease : pour contrer le Scenic restyl\u00e9. Il n'y a pas si longtemps Renault donnait rendez-vous \u00e0 tout le monde sur Internet","robots":{"index":"index","follow":"follow","max-snippet":"max-snippet:-1","max-image-preview":"max-image-preview:large","max-video-preview":"max-video-preview:-1"},"canonical":"https:\/\/www.carideal.com\/blog\/2013\/03\/27\/citroen-technospace\/","og_locale":"fr_FR","og_type":"article","og_title":"Citroen Technospace le futur C4 picasso - Blog auto Carid\u00e9al","og_description":"Citroen Technospace Tease : pour contrer le Scenic restyl\u00e9. Il n'y a pas si longtemps Renault donnait rendez-vous \u00e0 tout le monde sur Internet","og_url":"https:\/\/www.carideal.com\/blog\/2013\/03\/27\/citroen-technospace\/","og_site_name":"Blog auto Carid\u00e9al","article_publisher":"https:\/\/www.facebook.com\/Carideal.mandataire.automobile","article_author":"https:\/\/www.facebook.com\/Carideal.mandataire.automobile\/","article_published_time":"2013-03-27T10:19:00+00:00","article_modified_time":"2020-03-07T21:41:50+00:00","og_image":[{"width":664,"height":443,"url":"https:\/\/www.carideal.com\/blog\/wp-content\/uploads\/2013\/03\/citroen-technospace.jpg","type":"image\/jpeg"}],"author":"N.S Carideal","twitter_card":"summary_large_image","twitter_creator":"@caridealauto","twitter_site":"@caridealauto","twitter_misc":{"\u00c9crit par":"N.S Carideal","Dur\u00e9e de lecture estim\u00e9e":"3 minutes"},"schema":{"@context":"https:\/\/schema.org","@graph":[{"@type":"Article","@id":"https:\/\/www.carideal.com\/blog\/2013\/03\/27\/citroen-technospace\/#article","isPartOf":{"@id":"https:\/\/www.carideal.com\/blog\/2013\/03\/27\/citroen-technospace\/"},"author":{"name":"N.S Carideal","@id":"https:\/\/www.carideal.com\/blog\/#\/schema\/person\/985c7e757d1042d647f21bfaf8d41ebc"},"headline":"Citroen Technospace le futur C4 picasso","datePublished":"2013-03-27T10:19:00+00:00","dateModified":"2020-03-07T21:41:50+00:00","mainEntityOfPage":{"@id":"https:\/\/www.carideal.com\/blog\/2013\/03\/27\/citroen-technospace\/"},"wordCount":636,"commentCount":0,"publisher":{"@id":"https:\/\/www.carideal.com\/blog\/#organization"},"image":{"@id":"https:\/\/www.carideal.com\/blog\/2013\/03\/27\/citroen-technospace\/#primaryimage"},"thumbnailUrl":"https:\/\/www.carideal.com\/blog\/wp-content\/uploads\/2013\/03\/citroen-technospace.jpg","articleSection":["Actualit\u00e9 Citroen","Actualit\u00e9 Constructeur automobile","March\u00e9 automobile","Monospace","Type de v\u00e9hicule"],"inLanguage":"fr-FR","potentialAction":[{"@type":"CommentAction","name":"Comment","target":["https:\/\/www.carideal.com\/blog\/2013\/03\/27\/citroen-technospace\/#respond"]}]},{"@type":"WebPage","@id":"https:\/\/www.carideal.com\/blog\/2013\/03\/27\/citroen-technospace\/","url":"https:\/\/www.carideal.com\/blog\/2013\/03\/27\/citroen-technospace\/","name":"Citroen Technospace le futur C4 picasso - Blog auto Carid\u00e9al","isPartOf":{"@id":"https:\/\/www.carideal.com\/blog\/#website"},"primaryImageOfPage":{"@id":"https:\/\/www.carideal.com\/blog\/2013\/03\/27\/citroen-technospace\/#primaryimage"},"image":{"@id":"https:\/\/www.carideal.com\/blog\/2013\/03\/27\/citroen-technospace\/#primaryimage"},"thumbnailUrl":"https:\/\/www.carideal.com\/blog\/wp-content\/uploads\/2013\/03\/citroen-technospace.jpg","datePublished":"2013-03-27T10:19:00+00:00","dateModified":"2020-03-07T21:41:50+00:00","description":"Citroen Technospace Tease : pour contrer le Scenic restyl\u00e9. Il n'y a pas si longtemps Renault donnait rendez-vous \u00e0 tout le monde sur Internet","breadcrumb":{"@id":"https:\/\/www.carideal.com\/blog\/2013\/03\/27\/citroen-technospace\/#breadcrumb"},"inLanguage":"fr-FR","potentialAction":[{"@type":"ReadAction","target":["https:\/\/www.carideal.com\/blog\/2013\/03\/27\/citroen-technospace\/"]}]},{"@type":"ImageObject","inLanguage":"fr-FR","@id":"https:\/\/www.carideal.com\/blog\/2013\/03\/27\/citroen-technospace\/#primaryimage","url":"https:\/\/www.carideal.com\/blog\/wp-content\/uploads\/2013\/03\/citroen-technospace.jpg","contentUrl":"https:\/\/www.carideal.com\/blog\/wp-content\/uploads\/2013\/03\/citroen-technospace.jpg","width":664,"height":443,"caption":"Citroen Technospace"},{"@type":"BreadcrumbList","@id":"https:\/\/www.carideal.com\/blog\/2013\/03\/27\/citroen-technospace\/#breadcrumb","itemListElement":[{"@type":"ListItem","position":1,"name":"Blog Carid\u00e9al","item":"https:\/\/www.carideal.com\/blog\/"},{"@type":"ListItem","position":2,"name":"March\u00e9 automobile","item":"https:\/\/www.carideal.com\/blog\/marche-automobile-voiture-neuve-occasion-4x4-suv\/"},{"@type":"ListItem","position":3,"name":"Citroen Technospace le futur C4 picasso"}]},{"@type":"WebSite","@id":"https:\/\/www.carideal.com\/blog\/#website","url":"https:\/\/www.carideal.com\/blog\/","name":"Blog auto Carid\u00e9al","description":"Actualit\u00e9 auto par des passionn\u00e9s","publisher":{"@id":"https:\/\/www.carideal.com\/blog\/#organization"},"potentialAction":[{"@type":"SearchAction","target":{"@type":"EntryPoint","urlTemplate":"https:\/\/www.carideal.com\/blog\/?s={search_term_string}"},"query-input":{"@type":"PropertyValueSpecification","valueRequired":true,"valueName":"search_term_string"}}],"inLanguage":"fr-FR"},{"@type":"Organization","@id":"https:\/\/www.carideal.com\/blog\/#organization","name":"Carideal","url":"https:\/\/www.carideal.com\/blog\/","logo":{"@type":"ImageObject","inLanguage":"fr-FR","@id":"https:\/\/www.carideal.com\/blog\/#\/schema\/logo\/image\/","url":"http:\/\/www.carideal.com\/blog\/wp-content\/uploads\/2016\/03\/logo-carideal-mandataire-automobile.png","contentUrl":"http:\/\/www.carideal.com\/blog\/wp-content\/uploads\/2016\/03\/logo-carideal-mandataire-automobile.png","width":300,"height":300,"caption":"Carideal"},"image":{"@id":"https:\/\/www.carideal.com\/blog\/#\/schema\/logo\/image\/"},"sameAs":["https:\/\/www.facebook.com\/Carideal.mandataire.automobile","https:\/\/x.com\/caridealauto","https:\/\/www.instagram.com\/carideal1\/","https:\/\/www.linkedin.com\/company\/carideal.com","https:\/\/fr.pinterest.com\/schiavonsas\/","https:\/\/www.youtube.com\/user\/caridealsas"]},{"@type":"Person","@id":"https:\/\/www.carideal.com\/blog\/#\/schema\/person\/985c7e757d1042d647f21bfaf8d41ebc","name":"N.S Carideal","image":{"@type":"ImageObject","inLanguage":"fr-FR","@id":"https:\/\/www.carideal.com\/blog\/#\/schema\/person\/image\/","url":"https:\/\/secure.gravatar.com\/avatar\/edb7ccdf1a4e3d14aef967760d354d0e?s=96&r=g","contentUrl":"https:\/\/secure.gravatar.com\/avatar\/edb7ccdf1a4e3d14aef967760d354d0e?s=96&r=g","caption":"N.S Carideal"},"description":"Depuis tout petit fan d'automobile. Il est question d'essayer et de comparer toutes ces voitures qui nous ont fait r\u00e9ver, avant que celles-ci ne devient uniquement des voitures de collection.","sameAs":["http:\/\/www.carideal.com\/blog","https:\/\/www.facebook.com\/Carideal.mandataire.automobile\/","https:\/\/www.linkedin.com\/in\/nschiavon\/","https:\/\/www.youtube.com\/user\/caridealsas\/"],"url":"https:\/\/www.carideal.com\/blog\/author\/admin_carideal\/"}]}},"uagb_featured_image_src":{"full":["https:\/\/www.carideal.com\/blog\/wp-content\/uploads\/2013\/03\/citroen-technospace.jpg",664,443,false],"thumbnail":["https:\/\/www.carideal.com\/blog\/wp-content\/uploads\/2013\/03\/citroen-technospace-150x150.jpg",150,150,true],"medium":["https:\/\/www.carideal.com\/blog\/wp-content\/uploads\/2013\/03\/citroen-technospace-300x200.jpg",300,200,true],"medium_large":["https:\/\/www.carideal.com\/blog\/wp-content\/uploads\/2013\/03\/citroen-technospace.jpg",664,443,false],"large":["https:\/\/www.carideal.com\/blog\/wp-content\/uploads\/2013\/03\/citroen-technospace.jpg",664,443,false],"1536x1536":["https:\/\/www.carideal.com\/blog\/wp-content\/uploads\/2013\/03\/citroen-technospace.jpg",664,443,false],"2048x2048":["https:\/\/www.carideal.com\/blog\/wp-content\/uploads\/2013\/03\/citroen-technospace.jpg",664,443,false],"wppr-widget":["https:\/\/www.carideal.com\/blog\/wp-content\/uploads\/2013\/03\/citroen-technospace.jpg",50,33,false]},"uagb_author_info":{"display_name":"N.S Carideal","author_link":"https:\/\/www.carideal.com\/blog\/author\/admin_carideal\/"},"uagb_comment_info":0,"uagb_excerpt":"Le Citroen Technospace pr\u00e9sente le futur C4 Picasso de deuxi\u00e8me g\u00e9n\u00e9ration Citroen Technospace : Il n'y a pas si longtemps Renault\u00a0donnait rendez-vous \u00e0 tout le monde sur Internet pour d\u00e9couvrir les images du Sc\u00e9nic restyl\u00e9 et sa version baroudeuse nomm\u00e9e XMOD. Quelques jours plus-tard Citro\u00ebn d\u00e9voile des images ext\u00e9rieures -l'habitacle est encore secret. Un n\u00e9ologisme\u2026","_links":{"self":[{"href":"https:\/\/www.carideal.com\/blog\/wp-json\/wp\/v2\/posts\/1350"}],"collection":[{"href":"https:\/\/www.carideal.com\/blog\/wp-json\/wp\/v2\/posts"}],"about":[{"href":"https:\/\/www.carideal.com\/blog\/wp-json\/wp\/v2\/types\/post"}],"author":[{"embeddable":true,"href":"https:\/\/www.carideal.com\/blog\/wp-json\/wp\/v2\/users\/1"}],"replies":[{"embeddable":true,"href":"https:\/\/www.carideal.com\/blog\/wp-json\/wp\/v2\/comments?post=1350"}],"version-history":[{"count":0,"href":"https:\/\/www.carideal.com\/blog\/wp-json\/wp\/v2\/posts\/1350\/revisions"}],"wp:featuredmedia":[{"embeddable":true,"href":"https:\/\/www.carideal.com\/blog\/wp-json\/wp\/v2\/media\/13123"}],"wp:attachment":[{"href":"https:\/\/www.carideal.com\/blog\/wp-json\/wp\/v2\/media?parent=1350"}],"wp:term":[{"taxonomy":"category","embeddable":true,"href":"https:\/\/www.carideal.com\/blog\/wp-json\/wp\/v2\/categories?post=1350"},{"taxonomy":"post_tag","embeddable":true,"href":"https:\/\/www.carideal.com\/blog\/wp-json\/wp\/v2\/tags?post=1350"}],"curies":[{"name":"wp","href":"https:\/\/api.w.org\/{rel}","templated":true}]}}