{"id":1344,"date":"2013-03-18T14:34:00","date_gmt":"2013-03-18T14:34:00","guid":{"rendered":"http:\/\/carideal.com\/blog\/?p=1344"},"modified":"2020-03-07T22:40:02","modified_gmt":"2020-03-07T21:40:02","slug":"mercedes-cls","status":"publish","type":"post","link":"https:\/\/www.carideal.com\/blog\/2013\/03\/18\/mercedes-cls\/","title":{"rendered":"Mercedes CLS Shooting Break 2013"},"content":{"rendered":"<h1><strong>Mercedes CLS Shooting Break 2013<\/strong><\/h1>\n<p>Shooting brake: type de carrosserie, appel\u00e9e \" break de chasse\" en fran\u00e7ais, m\u00ealant la partie avant d'un coup\u00e9 \u00e0 la partie arri\u00e8re d'un break. Appellation usurp\u00e9e pour la derni\u00e8re Mercedes? Oui et non, puisque le CLS classique poss\u00e8de d\u00e9j\u00e0 du statut de coup\u00e9 \u00e0 quatre portes... Pas de quoi le transformer en utilitaire pour autant\u00a0: par rapport au vaste break Classe E ( sa base technique), le Shooting Brake est plus long de 9 cm accueille 400 l de bagages en moins banquette rabattue et co\u00fbte 8500 \u20ac de plus Absurde? Plut\u00f4t s\u00e9curisant\u00a0: \u00e0 l'heure o\u00f9 de nombreux constructeurs rationalisent leur gamme \u00e0 outrance, il est bon de savoir que certains mod\u00e8les existent simplement...parce qu'ils sont beaux. Oui, le pavillon est bas, la hauteur sous cache-bagages peu g\u00e9n\u00e9reuse, la place centrale arri\u00e8re peu confortable. Mais non, le CLS Shooting Brake ne perd pas tout sens de l'accueil.<\/p>\n<blockquote><p>Diplomate<\/p><\/blockquote>\n<p>Le coffre, d'abord, intensifie les attentions: hayon \u00e0 ouverture \u00e9lectrique de s\u00e9rie, poign\u00e9es de rabattage de la banquette proche de l'entr\u00e9e,plancher mont\u00e9 sur v\u00e9rin couvrant un vaste rangement inf\u00e9rieur. La banquette permet de voyager confortablement\u00a0: l'acc\u00e8s est correct, comme la place aux jambes ou la visibilit\u00e9 vers l'ext\u00e9rieur. Un mod\u00e8le qui sait donc accueillir une (bonne) famille, et n'a pas sacrifi\u00e9 tous les aspects pratiques sur l'autel du design. Sans surprises toutefois, la meilleure place est \u00e0 l'avant. Surtout dans notre mod\u00e8le d'essai Edition 1: cuir de haute qualit\u00e9, moquette plus \u00e9paisse, syst\u00e8me audio 14 HP \u00e9clairage d'ambiance int\u00e9rieure \"cocoon\" de nuit. Le reste modifie chaque d\u00e9placement en voyage premi\u00e8re classe. Le silence de fonctionnement berce sur long trajet autoroutier. Le confort est moelleux. Et le V6 diesel, tr\u00e8s doux, peut aussi transformer ce TGV en Concorde: d\u00e8s 1500 tr\/min, son couple ahurissant propulse les 1910 kg de l'engin en quelques secondes aux allures prohib\u00e9es. Par temps hivernal, au passage, la transmission int\u00e9grale ( +3000\u20ac ) ne sera pas du luxe: le CLS s'appuie souvent sur son antid\u00e9rapage lorsque d\u00e9boule le couple aux roues arri\u00e8re. D'autres petits d\u00e9fauts jalonnement ensuite notre vir\u00e9e: la bo\u00eete automatique \u00e0 sept rapports n'est ni la plus rapide ni la plus douce du segment. Le freinage manque de mordant. Enfin, la suspension pneumatique optionnelle (2200\u20ac) \u00e0 deux modes Confort excelle en ville, mais doit \u00eatre pass\u00e9 en Sport ailleurs o\u00f9 il g\u00e9n\u00e8re des mouvements de caisse transversaux peu agr\u00e9ables. L\u00e0 encore, cela est plus rassurant qu'aga\u00e7ant, en constatant que la perfection n'existe pas. Mais quand m\u00eame, quelle voiture\u00a0!<\/p>\n<p><img decoding=\"async\" title=\"mercedes-cls-shooting-brake-int.jpg, mar. 2013\" src=\"\/blog\/public\/.mercedes-cls-shooting-brake-int_m.jpg\" alt=\"mercedes-cls-shooting-brake-int.jpg\" \/><\/p>\n<p>A 70300\u20ac,cuir int\u00e9gral, clef mains-libres ou mode manuel de la bo\u00eete automatique restent optionnels. La 250 CDI ( 4 cylindres, 204 ch) abaisse le tarif de 7400 \u20ac.<\/p>\n<p>Ce n'est pas tout\u00a0!<\/p>\n<p>L'ann\u00e9e 2012 a vu arriv\u00e9e la <a href=\"http:\/\/www.carideal.com\/blog\/marque-de-voiture-actualites-essais\/mercedes\/\">Mercedes<\/a> Classe A, du CLS Shooting Brake et du SL. 2013 sera une ann\u00e9e forte ! Elle commence avec le Citan (gamme utilitaire et particulier) gr\u00e2ce \u00e0 l'aide de <a href=\"http:\/\/www.carideal.com\/blog\/marque-de-voiture-actualites-essais\/renault\/\">Renault<\/a> qui pr\u00eate la base de son Kangoo. Puis arrivera au printemps la Classe E restyl\u00e9e (berline, break,coup\u00e9 et cabriolet) pour relancer ce mod\u00e8le embl\u00e9matique de la marque. Nouveau coup d'acc\u00e9l\u00e9rateur dans la foul\u00e9e avec l'in\u00e9dite CLA, coup\u00e9 \u00e0 quatre portes sur base de Classe A d\u00e9voil\u00e9e ces jours-ci au salon de Detroit. La fin de l'ann\u00e9e sera tout autant anim\u00e9e pour que Mercedes batte encore un record : <a href=\"http:\/\/www.carideal.com\/blog\/marque-de-voiture-actualites-essais\/mercedes\/mercedes-classe-s\/\">nouvelle Classe S<\/a> (la limousine la plus vendus au monde) et, \u00e0 l'autre bout de la gamme, celle que l'on appelle Classe \"Small\" viendra concurrencer les Audi A1 et Citro\u00ebn DS3.<\/p>\n","protected":false},"excerpt":{"rendered":"<p>Mercedes CLS Shooting Break 2013 Shooting brake: type de carrosserie, appel\u00e9e \u00a0\u00bb break de chasse\u00a0\u00bb en fran\u00e7ais, m\u00ealant la partie avant d&rsquo;un coup\u00e9 \u00e0 la partie arri\u00e8re d&rsquo;un break. Appellation usurp\u00e9e pour la derni\u00e8re Mercedes? Oui et non, puisque le CLS classique poss\u00e8de d\u00e9j\u00e0 du statut de coup\u00e9 \u00e0 quatre portes&#8230; Pas de quoi le &#8230; <a title=\"Mercedes CLS Shooting Break 2013\" class=\"read-more\" href=\"https:\/\/www.carideal.com\/blog\/2013\/03\/18\/mercedes-cls\/\" aria-label=\"En savoir plus sur Mercedes CLS Shooting Break 2013\">Lire plus<\/a><\/p>\n","protected":false},"author":1,"featured_media":0,"comment_status":"open","ping_status":"open","sticky":false,"template":"","format":"standard","meta":{"_uag_custom_page_level_css":"","_themeisle_gutenberg_block_has_review":false,"footnotes":""},"categories":[21,5944,5995,6020,10,5972,6202,5974],"tags":[],"class_list":["post-1344","post","type-post","status-publish","format-standard","hentry","category-actualites-auto","category-constructeur","category-mercedes","category-coupes","category-marche-automobile-voiture-neuve-occasion-4x4-suv","category-salons","category-salon-detroit","category-type-de-vehicule"],"wppr_data":{"cwp_meta_box_check":"No"},"yoast_head":"<!-- This site is optimized with the Yoast SEO plugin v24.8.1 - https:\/\/yoast.com\/wordpress\/plugins\/seo\/ -->\n<title>Mercedes CLS Shooting Break 2013 - Blog auto Carid\u00e9al<\/title>\n<meta name=\"robots\" content=\"index, follow, max-snippet:-1, max-image-preview:large, max-video-preview:-1\" \/>\n<link rel=\"canonical\" href=\"https:\/\/www.carideal.com\/blog\/2013\/03\/18\/mercedes-cls\/\" \/>\n<meta property=\"og:locale\" content=\"fr_FR\" \/>\n<meta property=\"og:type\" content=\"article\" \/>\n<meta property=\"og:title\" content=\"Mercedes CLS Shooting Break 2013 - Blog auto Carid\u00e9al\" \/>\n<meta property=\"og:description\" content=\"Mercedes CLS Shooting Break 2013 Shooting brake: type de carrosserie, appel\u00e9e &quot; break de chasse&quot; en fran\u00e7ais, m\u00ealant la partie avant d&#039;un coup\u00e9 \u00e0 la partie arri\u00e8re d&#039;un break. Appellation usurp\u00e9e pour la derni\u00e8re Mercedes? Oui et non, puisque le CLS classique poss\u00e8de d\u00e9j\u00e0 du statut de coup\u00e9 \u00e0 quatre portes... Pas de quoi le ... Lire plus\" \/>\n<meta property=\"og:url\" content=\"https:\/\/www.carideal.com\/blog\/2013\/03\/18\/mercedes-cls\/\" \/>\n<meta property=\"og:site_name\" content=\"Blog auto Carid\u00e9al\" \/>\n<meta property=\"article:publisher\" content=\"https:\/\/www.facebook.com\/Carideal.mandataire.automobile\" \/>\n<meta property=\"article:author\" content=\"https:\/\/www.facebook.com\/Carideal.mandataire.automobile\/\" \/>\n<meta property=\"article:published_time\" content=\"2013-03-18T14:34:00+00:00\" \/>\n<meta property=\"article:modified_time\" content=\"2020-03-07T21:40:02+00:00\" \/>\n<meta property=\"og:image\" content=\"https:\/\/www.carideal.com\/blog\/wp-content\/uploads\/2016\/03\/logo-carideal-mandataire-automobile.png\" \/>\n\t<meta property=\"og:image:width\" content=\"300\" \/>\n\t<meta property=\"og:image:height\" content=\"300\" \/>\n\t<meta property=\"og:image:type\" content=\"image\/png\" \/>\n<meta name=\"author\" content=\"N.S Carideal\" \/>\n<meta name=\"twitter:card\" content=\"summary_large_image\" \/>\n<meta name=\"twitter:creator\" content=\"@caridealauto\" \/>\n<meta name=\"twitter:site\" content=\"@caridealauto\" \/>\n<meta name=\"twitter:label1\" content=\"\u00c9crit par\" \/>\n\t<meta name=\"twitter:data1\" content=\"N.S Carideal\" \/>\n\t<meta name=\"twitter:label2\" content=\"Dur\u00e9e de lecture estim\u00e9e\" \/>\n\t<meta name=\"twitter:data2\" content=\"3 minutes\" \/>\n<script type=\"application\/ld+json\" class=\"yoast-schema-graph\">{\"@context\":\"https:\/\/schema.org\",\"@graph\":[{\"@type\":\"Article\",\"@id\":\"https:\/\/www.carideal.com\/blog\/2013\/03\/18\/mercedes-cls\/#article\",\"isPartOf\":{\"@id\":\"https:\/\/www.carideal.com\/blog\/2013\/03\/18\/mercedes-cls\/\"},\"author\":{\"name\":\"N.S Carideal\",\"@id\":\"https:\/\/www.carideal.com\/blog\/#\/schema\/person\/985c7e757d1042d647f21bfaf8d41ebc\"},\"headline\":\"Mercedes CLS Shooting Break 2013\",\"datePublished\":\"2013-03-18T14:34:00+00:00\",\"dateModified\":\"2020-03-07T21:40:02+00:00\",\"mainEntityOfPage\":{\"@id\":\"https:\/\/www.carideal.com\/blog\/2013\/03\/18\/mercedes-cls\/\"},\"wordCount\":617,\"commentCount\":1,\"publisher\":{\"@id\":\"https:\/\/www.carideal.com\/blog\/#organization\"},\"articleSection\":[\"Actualit\u00e9 automobile\",\"Actualit\u00e9 Constructeur automobile\",\"Actualit\u00e9 Mercedes\",\"Coup\u00e9\",\"March\u00e9 automobile\",\"Salon automobile\",\"Salon de Detroit\",\"Type de v\u00e9hicule\"],\"inLanguage\":\"fr-FR\",\"potentialAction\":[{\"@type\":\"CommentAction\",\"name\":\"Comment\",\"target\":[\"https:\/\/www.carideal.com\/blog\/2013\/03\/18\/mercedes-cls\/#respond\"]}]},{\"@type\":\"WebPage\",\"@id\":\"https:\/\/www.carideal.com\/blog\/2013\/03\/18\/mercedes-cls\/\",\"url\":\"https:\/\/www.carideal.com\/blog\/2013\/03\/18\/mercedes-cls\/\",\"name\":\"Mercedes CLS Shooting Break 2013 - Blog auto Carid\u00e9al\",\"isPartOf\":{\"@id\":\"https:\/\/www.carideal.com\/blog\/#website\"},\"datePublished\":\"2013-03-18T14:34:00+00:00\",\"dateModified\":\"2020-03-07T21:40:02+00:00\",\"breadcrumb\":{\"@id\":\"https:\/\/www.carideal.com\/blog\/2013\/03\/18\/mercedes-cls\/#breadcrumb\"},\"inLanguage\":\"fr-FR\",\"potentialAction\":[{\"@type\":\"ReadAction\",\"target\":[\"https:\/\/www.carideal.com\/blog\/2013\/03\/18\/mercedes-cls\/\"]}]},{\"@type\":\"BreadcrumbList\",\"@id\":\"https:\/\/www.carideal.com\/blog\/2013\/03\/18\/mercedes-cls\/#breadcrumb\",\"itemListElement\":[{\"@type\":\"ListItem\",\"position\":1,\"name\":\"Blog Carid\u00e9al\",\"item\":\"https:\/\/www.carideal.com\/blog\/\"},{\"@type\":\"ListItem\",\"position\":2,\"name\":\"March\u00e9 automobile\",\"item\":\"https:\/\/www.carideal.com\/blog\/marche-automobile-voiture-neuve-occasion-4x4-suv\/\"},{\"@type\":\"ListItem\",\"position\":3,\"name\":\"Mercedes CLS Shooting Break 2013\"}]},{\"@type\":\"WebSite\",\"@id\":\"https:\/\/www.carideal.com\/blog\/#website\",\"url\":\"https:\/\/www.carideal.com\/blog\/\",\"name\":\"Blog auto Carid\u00e9al\",\"description\":\"Actualit\u00e9 auto par des passionn\u00e9s\",\"publisher\":{\"@id\":\"https:\/\/www.carideal.com\/blog\/#organization\"},\"potentialAction\":[{\"@type\":\"SearchAction\",\"target\":{\"@type\":\"EntryPoint\",\"urlTemplate\":\"https:\/\/www.carideal.com\/blog\/?s={search_term_string}\"},\"query-input\":{\"@type\":\"PropertyValueSpecification\",\"valueRequired\":true,\"valueName\":\"search_term_string\"}}],\"inLanguage\":\"fr-FR\"},{\"@type\":\"Organization\",\"@id\":\"https:\/\/www.carideal.com\/blog\/#organization\",\"name\":\"Carideal\",\"url\":\"https:\/\/www.carideal.com\/blog\/\",\"logo\":{\"@type\":\"ImageObject\",\"inLanguage\":\"fr-FR\",\"@id\":\"https:\/\/www.carideal.com\/blog\/#\/schema\/logo\/image\/\",\"url\":\"http:\/\/www.carideal.com\/blog\/wp-content\/uploads\/2016\/03\/logo-carideal-mandataire-automobile.png\",\"contentUrl\":\"http:\/\/www.carideal.com\/blog\/wp-content\/uploads\/2016\/03\/logo-carideal-mandataire-automobile.png\",\"width\":300,\"height\":300,\"caption\":\"Carideal\"},\"image\":{\"@id\":\"https:\/\/www.carideal.com\/blog\/#\/schema\/logo\/image\/\"},\"sameAs\":[\"https:\/\/www.facebook.com\/Carideal.mandataire.automobile\",\"https:\/\/x.com\/caridealauto\",\"https:\/\/www.instagram.com\/carideal1\/\",\"https:\/\/www.linkedin.com\/company\/carideal.com\",\"https:\/\/fr.pinterest.com\/schiavonsas\/\",\"https:\/\/www.youtube.com\/user\/caridealsas\"]},{\"@type\":\"Person\",\"@id\":\"https:\/\/www.carideal.com\/blog\/#\/schema\/person\/985c7e757d1042d647f21bfaf8d41ebc\",\"name\":\"N.S Carideal\",\"image\":{\"@type\":\"ImageObject\",\"inLanguage\":\"fr-FR\",\"@id\":\"https:\/\/www.carideal.com\/blog\/#\/schema\/person\/image\/\",\"url\":\"https:\/\/secure.gravatar.com\/avatar\/edb7ccdf1a4e3d14aef967760d354d0e?s=96&r=g\",\"contentUrl\":\"https:\/\/secure.gravatar.com\/avatar\/edb7ccdf1a4e3d14aef967760d354d0e?s=96&r=g\",\"caption\":\"N.S Carideal\"},\"description\":\"Depuis tout petit fan d'automobile. Il est question d'essayer et de comparer toutes ces voitures qui nous ont fait r\u00e9ver, avant que celles-ci ne devient uniquement des voitures de collection.\",\"sameAs\":[\"http:\/\/www.carideal.com\/blog\",\"https:\/\/www.facebook.com\/Carideal.mandataire.automobile\/\",\"https:\/\/www.linkedin.com\/in\/nschiavon\/\",\"https:\/\/www.youtube.com\/user\/caridealsas\/\"],\"url\":\"https:\/\/www.carideal.com\/blog\/author\/admin_carideal\/\"}]}<\/script>\n<!-- \/ Yoast SEO plugin. -->","yoast_head_json":{"title":"Mercedes CLS Shooting Break 2013 - Blog auto Carid\u00e9al","robots":{"index":"index","follow":"follow","max-snippet":"max-snippet:-1","max-image-preview":"max-image-preview:large","max-video-preview":"max-video-preview:-1"},"canonical":"https:\/\/www.carideal.com\/blog\/2013\/03\/18\/mercedes-cls\/","og_locale":"fr_FR","og_type":"article","og_title":"Mercedes CLS Shooting Break 2013 - Blog auto Carid\u00e9al","og_description":"Mercedes CLS Shooting Break 2013 Shooting brake: type de carrosserie, appel\u00e9e \" break de chasse\" en fran\u00e7ais, m\u00ealant la partie avant d'un coup\u00e9 \u00e0 la partie arri\u00e8re d'un break. Appellation usurp\u00e9e pour la derni\u00e8re Mercedes? Oui et non, puisque le CLS classique poss\u00e8de d\u00e9j\u00e0 du statut de coup\u00e9 \u00e0 quatre portes... Pas de quoi le ... Lire plus","og_url":"https:\/\/www.carideal.com\/blog\/2013\/03\/18\/mercedes-cls\/","og_site_name":"Blog auto Carid\u00e9al","article_publisher":"https:\/\/www.facebook.com\/Carideal.mandataire.automobile","article_author":"https:\/\/www.facebook.com\/Carideal.mandataire.automobile\/","article_published_time":"2013-03-18T14:34:00+00:00","article_modified_time":"2020-03-07T21:40:02+00:00","og_image":[{"width":300,"height":300,"url":"https:\/\/www.carideal.com\/blog\/wp-content\/uploads\/2016\/03\/logo-carideal-mandataire-automobile.png","type":"image\/png"}],"author":"N.S Carideal","twitter_card":"summary_large_image","twitter_creator":"@caridealauto","twitter_site":"@caridealauto","twitter_misc":{"\u00c9crit par":"N.S Carideal","Dur\u00e9e de lecture estim\u00e9e":"3 minutes"},"schema":{"@context":"https:\/\/schema.org","@graph":[{"@type":"Article","@id":"https:\/\/www.carideal.com\/blog\/2013\/03\/18\/mercedes-cls\/#article","isPartOf":{"@id":"https:\/\/www.carideal.com\/blog\/2013\/03\/18\/mercedes-cls\/"},"author":{"name":"N.S Carideal","@id":"https:\/\/www.carideal.com\/blog\/#\/schema\/person\/985c7e757d1042d647f21bfaf8d41ebc"},"headline":"Mercedes CLS Shooting Break 2013","datePublished":"2013-03-18T14:34:00+00:00","dateModified":"2020-03-07T21:40:02+00:00","mainEntityOfPage":{"@id":"https:\/\/www.carideal.com\/blog\/2013\/03\/18\/mercedes-cls\/"},"wordCount":617,"commentCount":1,"publisher":{"@id":"https:\/\/www.carideal.com\/blog\/#organization"},"articleSection":["Actualit\u00e9 automobile","Actualit\u00e9 Constructeur automobile","Actualit\u00e9 Mercedes","Coup\u00e9","March\u00e9 automobile","Salon automobile","Salon de Detroit","Type de v\u00e9hicule"],"inLanguage":"fr-FR","potentialAction":[{"@type":"CommentAction","name":"Comment","target":["https:\/\/www.carideal.com\/blog\/2013\/03\/18\/mercedes-cls\/#respond"]}]},{"@type":"WebPage","@id":"https:\/\/www.carideal.com\/blog\/2013\/03\/18\/mercedes-cls\/","url":"https:\/\/www.carideal.com\/blog\/2013\/03\/18\/mercedes-cls\/","name":"Mercedes CLS Shooting Break 2013 - Blog auto Carid\u00e9al","isPartOf":{"@id":"https:\/\/www.carideal.com\/blog\/#website"},"datePublished":"2013-03-18T14:34:00+00:00","dateModified":"2020-03-07T21:40:02+00:00","breadcrumb":{"@id":"https:\/\/www.carideal.com\/blog\/2013\/03\/18\/mercedes-cls\/#breadcrumb"},"inLanguage":"fr-FR","potentialAction":[{"@type":"ReadAction","target":["https:\/\/www.carideal.com\/blog\/2013\/03\/18\/mercedes-cls\/"]}]},{"@type":"BreadcrumbList","@id":"https:\/\/www.carideal.com\/blog\/2013\/03\/18\/mercedes-cls\/#breadcrumb","itemListElement":[{"@type":"ListItem","position":1,"name":"Blog Carid\u00e9al","item":"https:\/\/www.carideal.com\/blog\/"},{"@type":"ListItem","position":2,"name":"March\u00e9 automobile","item":"https:\/\/www.carideal.com\/blog\/marche-automobile-voiture-neuve-occasion-4x4-suv\/"},{"@type":"ListItem","position":3,"name":"Mercedes CLS Shooting Break 2013"}]},{"@type":"WebSite","@id":"https:\/\/www.carideal.com\/blog\/#website","url":"https:\/\/www.carideal.com\/blog\/","name":"Blog auto Carid\u00e9al","description":"Actualit\u00e9 auto par des passionn\u00e9s","publisher":{"@id":"https:\/\/www.carideal.com\/blog\/#organization"},"potentialAction":[{"@type":"SearchAction","target":{"@type":"EntryPoint","urlTemplate":"https:\/\/www.carideal.com\/blog\/?s={search_term_string}"},"query-input":{"@type":"PropertyValueSpecification","valueRequired":true,"valueName":"search_term_string"}}],"inLanguage":"fr-FR"},{"@type":"Organization","@id":"https:\/\/www.carideal.com\/blog\/#organization","name":"Carideal","url":"https:\/\/www.carideal.com\/blog\/","logo":{"@type":"ImageObject","inLanguage":"fr-FR","@id":"https:\/\/www.carideal.com\/blog\/#\/schema\/logo\/image\/","url":"http:\/\/www.carideal.com\/blog\/wp-content\/uploads\/2016\/03\/logo-carideal-mandataire-automobile.png","contentUrl":"http:\/\/www.carideal.com\/blog\/wp-content\/uploads\/2016\/03\/logo-carideal-mandataire-automobile.png","width":300,"height":300,"caption":"Carideal"},"image":{"@id":"https:\/\/www.carideal.com\/blog\/#\/schema\/logo\/image\/"},"sameAs":["https:\/\/www.facebook.com\/Carideal.mandataire.automobile","https:\/\/x.com\/caridealauto","https:\/\/www.instagram.com\/carideal1\/","https:\/\/www.linkedin.com\/company\/carideal.com","https:\/\/fr.pinterest.com\/schiavonsas\/","https:\/\/www.youtube.com\/user\/caridealsas"]},{"@type":"Person","@id":"https:\/\/www.carideal.com\/blog\/#\/schema\/person\/985c7e757d1042d647f21bfaf8d41ebc","name":"N.S Carideal","image":{"@type":"ImageObject","inLanguage":"fr-FR","@id":"https:\/\/www.carideal.com\/blog\/#\/schema\/person\/image\/","url":"https:\/\/secure.gravatar.com\/avatar\/edb7ccdf1a4e3d14aef967760d354d0e?s=96&r=g","contentUrl":"https:\/\/secure.gravatar.com\/avatar\/edb7ccdf1a4e3d14aef967760d354d0e?s=96&r=g","caption":"N.S Carideal"},"description":"Depuis tout petit fan d'automobile. Il est question d'essayer et de comparer toutes ces voitures qui nous ont fait r\u00e9ver, avant que celles-ci ne devient uniquement des voitures de collection.","sameAs":["http:\/\/www.carideal.com\/blog","https:\/\/www.facebook.com\/Carideal.mandataire.automobile\/","https:\/\/www.linkedin.com\/in\/nschiavon\/","https:\/\/www.youtube.com\/user\/caridealsas\/"],"url":"https:\/\/www.carideal.com\/blog\/author\/admin_carideal\/"}]}},"uagb_featured_image_src":{"full":false,"thumbnail":false,"medium":false,"medium_large":false,"large":false,"1536x1536":false,"2048x2048":false,"wppr-widget":false},"uagb_author_info":{"display_name":"N.S Carideal","author_link":"https:\/\/www.carideal.com\/blog\/author\/admin_carideal\/"},"uagb_comment_info":1,"uagb_excerpt":"Mercedes CLS Shooting Break 2013 Shooting brake: type de carrosserie, appel\u00e9e \" break de chasse\" en fran\u00e7ais, m\u00ealant la partie avant d'un coup\u00e9 \u00e0 la partie arri\u00e8re d'un break. Appellation usurp\u00e9e pour la derni\u00e8re Mercedes? Oui et non, puisque le CLS classique poss\u00e8de d\u00e9j\u00e0 du statut de coup\u00e9 \u00e0 quatre portes... Pas de quoi le\u2026","_links":{"self":[{"href":"https:\/\/www.carideal.com\/blog\/wp-json\/wp\/v2\/posts\/1344"}],"collection":[{"href":"https:\/\/www.carideal.com\/blog\/wp-json\/wp\/v2\/posts"}],"about":[{"href":"https:\/\/www.carideal.com\/blog\/wp-json\/wp\/v2\/types\/post"}],"author":[{"embeddable":true,"href":"https:\/\/www.carideal.com\/blog\/wp-json\/wp\/v2\/users\/1"}],"replies":[{"embeddable":true,"href":"https:\/\/www.carideal.com\/blog\/wp-json\/wp\/v2\/comments?post=1344"}],"version-history":[{"count":0,"href":"https:\/\/www.carideal.com\/blog\/wp-json\/wp\/v2\/posts\/1344\/revisions"}],"wp:attachment":[{"href":"https:\/\/www.carideal.com\/blog\/wp-json\/wp\/v2\/media?parent=1344"}],"wp:term":[{"taxonomy":"category","embeddable":true,"href":"https:\/\/www.carideal.com\/blog\/wp-json\/wp\/v2\/categories?post=1344"},{"taxonomy":"post_tag","embeddable":true,"href":"https:\/\/www.carideal.com\/blog\/wp-json\/wp\/v2\/tags?post=1344"}],"curies":[{"name":"wp","href":"https:\/\/api.w.org\/{rel}","templated":true}]}}