{"id":1342,"date":"2013-03-18T10:36:00","date_gmt":"2013-03-18T10:36:00","guid":{"rendered":"http:\/\/carideal.com\/blog\/?p=1342"},"modified":"2020-03-07T22:41:48","modified_gmt":"2020-03-07T21:41:48","slug":"mercedes-classe-b","status":"publish","type":"post","link":"https:\/\/www.carideal.com\/blog\/2013\/03\/18\/mercedes-classe-b\/","title":{"rendered":"Mercedes Classe B"},"content":{"rendered":"<\/p>\n<p>Le temps o\u00f9 les berlines \u00e9taient les locomotives de la gamme <a href=\"\/blog\/index.php?tag\/Mercedes\">Mercedes<\/a> est r\u00e9volu. La <a href=\"\/blog\/index.php?tag\/Classe%20C\">Classe C<\/a> (9200 ventes en 2012) s'incline devant le Classe B (13700 ventes). Et en 2013, c'est la compacte Classe A qui prendra le pouvoir dans la gamme. Le succ\u00e8s du Classe B ne s'est pas fait en un jour. Ce deuxi\u00e8me mod\u00e8le, lanc\u00e9 \u00e0 l'automne 2011, a su gommer l'inconfort de son a\u00een\u00e9 et s'habiller de lignes plus s\u00e9duisantes. Surtout, il reste unique&nbsp;: c'est le seul \u00e0 r\u00e9pondre aux besoins d'un public qui veut bien d'un monospace compact \u00e0 condition qu'il soit premium. Pour confirmer son statut \u00e0 part, le Classe B voit aujourd'hui plus haut en puissance que ce soit en essence ( 250 BE de 211 ch) ou en diesel (220 CDI de 170 ch). Il gagne aussi en confort de conduite gr\u00e2ce \u00e0 la nouvelle bo\u00eete robotis\u00e9e \u00e0 double embrayage ( comme une <a href=\"\/blog\/index.php?tag\/DSG%20de%20Volkswagen\">DSG de Volkswagen<\/a>), baptis\u00e9e 7G-DCT.<\/p>\n<blockquote>\n<p>Automatique et sobre<\/p>\n<\/blockquote>\n<p>Cette transmission factur\u00e9e 1950\u20ac associe la douceur de l'automatisme \u00e0 l'indispensable ma\u00eetrise de la consommation. D'ailleurs, cette 180 CDI est annonc\u00e9e \u00e0 4.2 l\/100 km en valeur mixte et les \u00e9missions de CO2 sont \u00e0 bonne distance  du malus \u00e9cologique. Le pari de la sobri\u00e9t\u00e9 est donc gagn\u00e9, et l'agr\u00e9ment de conduite est \u00e0 peine \u00e9corn\u00e9 par des passages de vitesse parfois trop lents en ville. Avec son gabarit court (4.36 m) et son assise en hauteur, le<a href=\"\/blog\/index.php?tag\/Classe%20B\"> Classe B<\/a> est de toute fa\u00e7on \u00e0 son aise en milieu urbain. Sur la route, il peut compter sur les 109 ch de son moteur pour se fondre sans mal dans le trafic, et les longs parcours se font maintenant en compagnie de suspensions plus douces. Les passagers sont d'ailleurs choy\u00e9s \u00e0 l'arri\u00e8re avec une bonne place aux jambes et une garde au toit qui mettra tout le monde \u00e0 l'aise. La pr\u00e9sentation est \u00e0 l'avenant, mais il faut viser la finition Design pour un \u00e9quipement digne du standing. La facture grimpe alors \u00e0 31400 \u20ac sans les options, mais une Mercedes ch\u00e8re n'est pas un \u00e9tonnement.<\/p>\n<p><img decoding=\"async\" src=\"\/blog\/public\/.mercedes-classe-b-int_m.jpg\" alt=\"mercedes-classe-b-int.jpg\" title=\"mercedes-classe-b-int.jpg, mar. 2013\" \/><\/p>\n<blockquote>\n<p>Le levier de vitesse est remplac\u00e9 par un commodo derri\u00e8re le volant. L'\u00e9cran GPS est h\u00e9las, fixe.<\/p>\n<\/blockquote>\n<p><img decoding=\"async\" src=\"\/blog\/public\/.coffre_mercedes_classe-b_m.jpg\" alt=\"coffre_mercedes_classe-b.jpg\" title=\"coffre_mercedes_classe-b.jpg, mar. 2013\" \/><\/p>\n<blockquote>\n<p>Forme carr\u00e9e, seuil bas&nbsp;: le coffre est accessible mais le plancher n'est pas plat en configuration \"break\".<\/p>\n<\/blockquote>\n","protected":false},"excerpt":{"rendered":"<p>Le temps o\u00f9 les berlines \u00e9taient les locomotives de la gamme Mercedes est r\u00e9volu. La Classe C (9200 ventes en 2012) s&rsquo;incline devant le Classe B (13700 ventes). Et en 2013, c&rsquo;est la compacte Classe A qui prendra le pouvoir dans la gamme. Le succ\u00e8s du Classe B ne s&rsquo;est pas fait en un jour. &#8230; <a title=\"Mercedes Classe B\" class=\"read-more\" href=\"https:\/\/www.carideal.com\/blog\/2013\/03\/18\/mercedes-classe-b\/\" aria-label=\"En savoir plus sur Mercedes Classe B\">Lire plus<\/a><\/p>\n","protected":false},"author":1,"featured_media":0,"comment_status":"open","ping_status":"open","sticky":false,"template":"","format":"standard","meta":{"_uag_custom_page_level_css":"","_themeisle_gutenberg_block_has_review":false,"footnotes":""},"categories":[10],"tags":[],"class_list":["post-1342","post","type-post","status-publish","format-standard","hentry","category-marche-automobile-voiture-neuve-occasion-4x4-suv"],"wppr_data":[],"yoast_head":"<!-- This site is optimized with the Yoast SEO plugin v24.8.1 - https:\/\/yoast.com\/wordpress\/plugins\/seo\/ -->\n<title>Mercedes Classe B - Blog auto Carid\u00e9al<\/title>\n<meta name=\"robots\" content=\"index, follow, max-snippet:-1, max-image-preview:large, max-video-preview:-1\" \/>\n<link rel=\"canonical\" href=\"https:\/\/www.carideal.com\/blog\/2013\/03\/18\/mercedes-classe-b\/\" \/>\n<meta property=\"og:locale\" content=\"fr_FR\" \/>\n<meta property=\"og:type\" content=\"article\" \/>\n<meta property=\"og:title\" content=\"Mercedes Classe B - Blog auto Carid\u00e9al\" \/>\n<meta property=\"og:description\" content=\"Le temps o\u00f9 les berlines \u00e9taient les locomotives de la gamme Mercedes est r\u00e9volu. La Classe C (9200 ventes en 2012) s&#039;incline devant le Classe B (13700 ventes). Et en 2013, c&#039;est la compacte Classe A qui prendra le pouvoir dans la gamme. Le succ\u00e8s du Classe B ne s&#039;est pas fait en un jour. ... Lire plus\" \/>\n<meta property=\"og:url\" content=\"https:\/\/www.carideal.com\/blog\/2013\/03\/18\/mercedes-classe-b\/\" \/>\n<meta property=\"og:site_name\" content=\"Blog auto Carid\u00e9al\" \/>\n<meta property=\"article:publisher\" content=\"https:\/\/www.facebook.com\/Carideal.mandataire.automobile\" \/>\n<meta property=\"article:author\" content=\"https:\/\/www.facebook.com\/Carideal.mandataire.automobile\/\" \/>\n<meta property=\"article:published_time\" content=\"2013-03-18T10:36:00+00:00\" \/>\n<meta property=\"article:modified_time\" content=\"2020-03-07T21:41:48+00:00\" \/>\n<meta property=\"og:image\" content=\"https:\/\/www.carideal.com\/blog\/wp-content\/uploads\/2016\/03\/logo-carideal-mandataire-automobile.png\" \/>\n\t<meta property=\"og:image:width\" content=\"300\" \/>\n\t<meta property=\"og:image:height\" content=\"300\" \/>\n\t<meta property=\"og:image:type\" content=\"image\/png\" \/>\n<meta name=\"author\" content=\"N.S Carideal\" \/>\n<meta name=\"twitter:card\" content=\"summary_large_image\" \/>\n<meta name=\"twitter:creator\" content=\"@caridealauto\" \/>\n<meta name=\"twitter:site\" content=\"@caridealauto\" \/>\n<meta name=\"twitter:label1\" content=\"\u00c9crit par\" \/>\n\t<meta name=\"twitter:data1\" content=\"N.S Carideal\" \/>\n\t<meta name=\"twitter:label2\" content=\"Dur\u00e9e de lecture estim\u00e9e\" \/>\n\t<meta name=\"twitter:data2\" content=\"2 minutes\" \/>\n<script type=\"application\/ld+json\" class=\"yoast-schema-graph\">{\"@context\":\"https:\/\/schema.org\",\"@graph\":[{\"@type\":\"Article\",\"@id\":\"https:\/\/www.carideal.com\/blog\/2013\/03\/18\/mercedes-classe-b\/#article\",\"isPartOf\":{\"@id\":\"https:\/\/www.carideal.com\/blog\/2013\/03\/18\/mercedes-classe-b\/\"},\"author\":{\"name\":\"N.S Carideal\",\"@id\":\"https:\/\/www.carideal.com\/blog\/#\/schema\/person\/985c7e757d1042d647f21bfaf8d41ebc\"},\"headline\":\"Mercedes Classe B\",\"datePublished\":\"2013-03-18T10:36:00+00:00\",\"dateModified\":\"2020-03-07T21:41:48+00:00\",\"mainEntityOfPage\":{\"@id\":\"https:\/\/www.carideal.com\/blog\/2013\/03\/18\/mercedes-classe-b\/\"},\"wordCount\":376,\"commentCount\":0,\"publisher\":{\"@id\":\"https:\/\/www.carideal.com\/blog\/#organization\"},\"articleSection\":[\"March\u00e9 automobile\"],\"inLanguage\":\"fr-FR\",\"potentialAction\":[{\"@type\":\"CommentAction\",\"name\":\"Comment\",\"target\":[\"https:\/\/www.carideal.com\/blog\/2013\/03\/18\/mercedes-classe-b\/#respond\"]}]},{\"@type\":\"WebPage\",\"@id\":\"https:\/\/www.carideal.com\/blog\/2013\/03\/18\/mercedes-classe-b\/\",\"url\":\"https:\/\/www.carideal.com\/blog\/2013\/03\/18\/mercedes-classe-b\/\",\"name\":\"Mercedes Classe B - Blog auto Carid\u00e9al\",\"isPartOf\":{\"@id\":\"https:\/\/www.carideal.com\/blog\/#website\"},\"datePublished\":\"2013-03-18T10:36:00+00:00\",\"dateModified\":\"2020-03-07T21:41:48+00:00\",\"breadcrumb\":{\"@id\":\"https:\/\/www.carideal.com\/blog\/2013\/03\/18\/mercedes-classe-b\/#breadcrumb\"},\"inLanguage\":\"fr-FR\",\"potentialAction\":[{\"@type\":\"ReadAction\",\"target\":[\"https:\/\/www.carideal.com\/blog\/2013\/03\/18\/mercedes-classe-b\/\"]}]},{\"@type\":\"BreadcrumbList\",\"@id\":\"https:\/\/www.carideal.com\/blog\/2013\/03\/18\/mercedes-classe-b\/#breadcrumb\",\"itemListElement\":[{\"@type\":\"ListItem\",\"position\":1,\"name\":\"Blog Carid\u00e9al\",\"item\":\"https:\/\/www.carideal.com\/blog\/\"},{\"@type\":\"ListItem\",\"position\":2,\"name\":\"March\u00e9 automobile\",\"item\":\"https:\/\/www.carideal.com\/blog\/marche-automobile-voiture-neuve-occasion-4x4-suv\/\"},{\"@type\":\"ListItem\",\"position\":3,\"name\":\"Mercedes Classe B\"}]},{\"@type\":\"WebSite\",\"@id\":\"https:\/\/www.carideal.com\/blog\/#website\",\"url\":\"https:\/\/www.carideal.com\/blog\/\",\"name\":\"Blog auto Carid\u00e9al\",\"description\":\"Actualit\u00e9 auto par des passionn\u00e9s\",\"publisher\":{\"@id\":\"https:\/\/www.carideal.com\/blog\/#organization\"},\"potentialAction\":[{\"@type\":\"SearchAction\",\"target\":{\"@type\":\"EntryPoint\",\"urlTemplate\":\"https:\/\/www.carideal.com\/blog\/?s={search_term_string}\"},\"query-input\":{\"@type\":\"PropertyValueSpecification\",\"valueRequired\":true,\"valueName\":\"search_term_string\"}}],\"inLanguage\":\"fr-FR\"},{\"@type\":\"Organization\",\"@id\":\"https:\/\/www.carideal.com\/blog\/#organization\",\"name\":\"Carideal\",\"url\":\"https:\/\/www.carideal.com\/blog\/\",\"logo\":{\"@type\":\"ImageObject\",\"inLanguage\":\"fr-FR\",\"@id\":\"https:\/\/www.carideal.com\/blog\/#\/schema\/logo\/image\/\",\"url\":\"http:\/\/www.carideal.com\/blog\/wp-content\/uploads\/2016\/03\/logo-carideal-mandataire-automobile.png\",\"contentUrl\":\"http:\/\/www.carideal.com\/blog\/wp-content\/uploads\/2016\/03\/logo-carideal-mandataire-automobile.png\",\"width\":300,\"height\":300,\"caption\":\"Carideal\"},\"image\":{\"@id\":\"https:\/\/www.carideal.com\/blog\/#\/schema\/logo\/image\/\"},\"sameAs\":[\"https:\/\/www.facebook.com\/Carideal.mandataire.automobile\",\"https:\/\/x.com\/caridealauto\",\"https:\/\/www.instagram.com\/carideal1\/\",\"https:\/\/www.linkedin.com\/company\/carideal.com\",\"https:\/\/fr.pinterest.com\/schiavonsas\/\",\"https:\/\/www.youtube.com\/user\/caridealsas\"]},{\"@type\":\"Person\",\"@id\":\"https:\/\/www.carideal.com\/blog\/#\/schema\/person\/985c7e757d1042d647f21bfaf8d41ebc\",\"name\":\"N.S Carideal\",\"image\":{\"@type\":\"ImageObject\",\"inLanguage\":\"fr-FR\",\"@id\":\"https:\/\/www.carideal.com\/blog\/#\/schema\/person\/image\/\",\"url\":\"https:\/\/secure.gravatar.com\/avatar\/edb7ccdf1a4e3d14aef967760d354d0e?s=96&r=g\",\"contentUrl\":\"https:\/\/secure.gravatar.com\/avatar\/edb7ccdf1a4e3d14aef967760d354d0e?s=96&r=g\",\"caption\":\"N.S Carideal\"},\"description\":\"Depuis tout petit fan d'automobile. Il est question d'essayer et de comparer toutes ces voitures qui nous ont fait r\u00e9ver, avant que celles-ci ne devient uniquement des voitures de collection.\",\"sameAs\":[\"http:\/\/www.carideal.com\/blog\",\"https:\/\/www.facebook.com\/Carideal.mandataire.automobile\/\",\"https:\/\/www.linkedin.com\/in\/nschiavon\/\",\"https:\/\/www.youtube.com\/user\/caridealsas\/\"],\"url\":\"https:\/\/www.carideal.com\/blog\/author\/admin_carideal\/\"}]}<\/script>\n<!-- \/ Yoast SEO plugin. -->","yoast_head_json":{"title":"Mercedes Classe B - Blog auto Carid\u00e9al","robots":{"index":"index","follow":"follow","max-snippet":"max-snippet:-1","max-image-preview":"max-image-preview:large","max-video-preview":"max-video-preview:-1"},"canonical":"https:\/\/www.carideal.com\/blog\/2013\/03\/18\/mercedes-classe-b\/","og_locale":"fr_FR","og_type":"article","og_title":"Mercedes Classe B - Blog auto Carid\u00e9al","og_description":"Le temps o\u00f9 les berlines \u00e9taient les locomotives de la gamme Mercedes est r\u00e9volu. La Classe C (9200 ventes en 2012) s'incline devant le Classe B (13700 ventes). Et en 2013, c'est la compacte Classe A qui prendra le pouvoir dans la gamme. Le succ\u00e8s du Classe B ne s'est pas fait en un jour. ... Lire plus","og_url":"https:\/\/www.carideal.com\/blog\/2013\/03\/18\/mercedes-classe-b\/","og_site_name":"Blog auto Carid\u00e9al","article_publisher":"https:\/\/www.facebook.com\/Carideal.mandataire.automobile","article_author":"https:\/\/www.facebook.com\/Carideal.mandataire.automobile\/","article_published_time":"2013-03-18T10:36:00+00:00","article_modified_time":"2020-03-07T21:41:48+00:00","og_image":[{"width":300,"height":300,"url":"https:\/\/www.carideal.com\/blog\/wp-content\/uploads\/2016\/03\/logo-carideal-mandataire-automobile.png","type":"image\/png"}],"author":"N.S Carideal","twitter_card":"summary_large_image","twitter_creator":"@caridealauto","twitter_site":"@caridealauto","twitter_misc":{"\u00c9crit par":"N.S Carideal","Dur\u00e9e de lecture estim\u00e9e":"2 minutes"},"schema":{"@context":"https:\/\/schema.org","@graph":[{"@type":"Article","@id":"https:\/\/www.carideal.com\/blog\/2013\/03\/18\/mercedes-classe-b\/#article","isPartOf":{"@id":"https:\/\/www.carideal.com\/blog\/2013\/03\/18\/mercedes-classe-b\/"},"author":{"name":"N.S Carideal","@id":"https:\/\/www.carideal.com\/blog\/#\/schema\/person\/985c7e757d1042d647f21bfaf8d41ebc"},"headline":"Mercedes Classe B","datePublished":"2013-03-18T10:36:00+00:00","dateModified":"2020-03-07T21:41:48+00:00","mainEntityOfPage":{"@id":"https:\/\/www.carideal.com\/blog\/2013\/03\/18\/mercedes-classe-b\/"},"wordCount":376,"commentCount":0,"publisher":{"@id":"https:\/\/www.carideal.com\/blog\/#organization"},"articleSection":["March\u00e9 automobile"],"inLanguage":"fr-FR","potentialAction":[{"@type":"CommentAction","name":"Comment","target":["https:\/\/www.carideal.com\/blog\/2013\/03\/18\/mercedes-classe-b\/#respond"]}]},{"@type":"WebPage","@id":"https:\/\/www.carideal.com\/blog\/2013\/03\/18\/mercedes-classe-b\/","url":"https:\/\/www.carideal.com\/blog\/2013\/03\/18\/mercedes-classe-b\/","name":"Mercedes Classe B - Blog auto Carid\u00e9al","isPartOf":{"@id":"https:\/\/www.carideal.com\/blog\/#website"},"datePublished":"2013-03-18T10:36:00+00:00","dateModified":"2020-03-07T21:41:48+00:00","breadcrumb":{"@id":"https:\/\/www.carideal.com\/blog\/2013\/03\/18\/mercedes-classe-b\/#breadcrumb"},"inLanguage":"fr-FR","potentialAction":[{"@type":"ReadAction","target":["https:\/\/www.carideal.com\/blog\/2013\/03\/18\/mercedes-classe-b\/"]}]},{"@type":"BreadcrumbList","@id":"https:\/\/www.carideal.com\/blog\/2013\/03\/18\/mercedes-classe-b\/#breadcrumb","itemListElement":[{"@type":"ListItem","position":1,"name":"Blog Carid\u00e9al","item":"https:\/\/www.carideal.com\/blog\/"},{"@type":"ListItem","position":2,"name":"March\u00e9 automobile","item":"https:\/\/www.carideal.com\/blog\/marche-automobile-voiture-neuve-occasion-4x4-suv\/"},{"@type":"ListItem","position":3,"name":"Mercedes Classe B"}]},{"@type":"WebSite","@id":"https:\/\/www.carideal.com\/blog\/#website","url":"https:\/\/www.carideal.com\/blog\/","name":"Blog auto Carid\u00e9al","description":"Actualit\u00e9 auto par des passionn\u00e9s","publisher":{"@id":"https:\/\/www.carideal.com\/blog\/#organization"},"potentialAction":[{"@type":"SearchAction","target":{"@type":"EntryPoint","urlTemplate":"https:\/\/www.carideal.com\/blog\/?s={search_term_string}"},"query-input":{"@type":"PropertyValueSpecification","valueRequired":true,"valueName":"search_term_string"}}],"inLanguage":"fr-FR"},{"@type":"Organization","@id":"https:\/\/www.carideal.com\/blog\/#organization","name":"Carideal","url":"https:\/\/www.carideal.com\/blog\/","logo":{"@type":"ImageObject","inLanguage":"fr-FR","@id":"https:\/\/www.carideal.com\/blog\/#\/schema\/logo\/image\/","url":"http:\/\/www.carideal.com\/blog\/wp-content\/uploads\/2016\/03\/logo-carideal-mandataire-automobile.png","contentUrl":"http:\/\/www.carideal.com\/blog\/wp-content\/uploads\/2016\/03\/logo-carideal-mandataire-automobile.png","width":300,"height":300,"caption":"Carideal"},"image":{"@id":"https:\/\/www.carideal.com\/blog\/#\/schema\/logo\/image\/"},"sameAs":["https:\/\/www.facebook.com\/Carideal.mandataire.automobile","https:\/\/x.com\/caridealauto","https:\/\/www.instagram.com\/carideal1\/","https:\/\/www.linkedin.com\/company\/carideal.com","https:\/\/fr.pinterest.com\/schiavonsas\/","https:\/\/www.youtube.com\/user\/caridealsas"]},{"@type":"Person","@id":"https:\/\/www.carideal.com\/blog\/#\/schema\/person\/985c7e757d1042d647f21bfaf8d41ebc","name":"N.S Carideal","image":{"@type":"ImageObject","inLanguage":"fr-FR","@id":"https:\/\/www.carideal.com\/blog\/#\/schema\/person\/image\/","url":"https:\/\/secure.gravatar.com\/avatar\/edb7ccdf1a4e3d14aef967760d354d0e?s=96&r=g","contentUrl":"https:\/\/secure.gravatar.com\/avatar\/edb7ccdf1a4e3d14aef967760d354d0e?s=96&r=g","caption":"N.S Carideal"},"description":"Depuis tout petit fan d'automobile. Il est question d'essayer et de comparer toutes ces voitures qui nous ont fait r\u00e9ver, avant que celles-ci ne devient uniquement des voitures de collection.","sameAs":["http:\/\/www.carideal.com\/blog","https:\/\/www.facebook.com\/Carideal.mandataire.automobile\/","https:\/\/www.linkedin.com\/in\/nschiavon\/","https:\/\/www.youtube.com\/user\/caridealsas\/"],"url":"https:\/\/www.carideal.com\/blog\/author\/admin_carideal\/"}]}},"uagb_featured_image_src":{"full":false,"thumbnail":false,"medium":false,"medium_large":false,"large":false,"1536x1536":false,"2048x2048":false,"wppr-widget":false},"uagb_author_info":{"display_name":"N.S Carideal","author_link":"https:\/\/www.carideal.com\/blog\/author\/admin_carideal\/"},"uagb_comment_info":0,"uagb_excerpt":"Le temps o\u00f9 les berlines \u00e9taient les locomotives de la gamme Mercedes est r\u00e9volu. La Classe C (9200 ventes en 2012) s'incline devant le Classe B (13700 ventes). Et en 2013, c'est la compacte Classe A qui prendra le pouvoir dans la gamme. Le succ\u00e8s du Classe B ne s'est pas fait en un jour.\u2026","_links":{"self":[{"href":"https:\/\/www.carideal.com\/blog\/wp-json\/wp\/v2\/posts\/1342"}],"collection":[{"href":"https:\/\/www.carideal.com\/blog\/wp-json\/wp\/v2\/posts"}],"about":[{"href":"https:\/\/www.carideal.com\/blog\/wp-json\/wp\/v2\/types\/post"}],"author":[{"embeddable":true,"href":"https:\/\/www.carideal.com\/blog\/wp-json\/wp\/v2\/users\/1"}],"replies":[{"embeddable":true,"href":"https:\/\/www.carideal.com\/blog\/wp-json\/wp\/v2\/comments?post=1342"}],"version-history":[{"count":0,"href":"https:\/\/www.carideal.com\/blog\/wp-json\/wp\/v2\/posts\/1342\/revisions"}],"wp:attachment":[{"href":"https:\/\/www.carideal.com\/blog\/wp-json\/wp\/v2\/media?parent=1342"}],"wp:term":[{"taxonomy":"category","embeddable":true,"href":"https:\/\/www.carideal.com\/blog\/wp-json\/wp\/v2\/categories?post=1342"},{"taxonomy":"post_tag","embeddable":true,"href":"https:\/\/www.carideal.com\/blog\/wp-json\/wp\/v2\/tags?post=1342"}],"curies":[{"name":"wp","href":"https:\/\/api.w.org\/{rel}","templated":true}]}}