{"id":1340,"date":"2013-03-15T15:38:00","date_gmt":"2013-03-15T15:38:00","guid":{"rendered":"http:\/\/carideal.com\/blog\/?p=1340"},"modified":"2020-02-26T11:45:52","modified_gmt":"2020-02-26T10:45:52","slug":"une-futur-308","status":"publish","type":"post","link":"https:\/\/www.carideal.com\/blog\/2013\/03\/15\/une-futur-308\/","title":{"rendered":"Une future Peugeot 308"},"content":{"rendered":"<h2>La future Peugeot 308<\/h2>\n<p>La<strong> deuxi\u00e8me g\u00e9n\u00e9ration de la Peugeot 308<\/strong> est sign\u00e9e Gilles Vidal, nouveau patron du style de Peugeot. Il affirme de vouloir moderniser le dessin des mod\u00e8les sochaliens, par le recours \u00e0 des lignes gracieuses et \u00e9quilibr\u00e9es, \u00e0 l'image de celles de la 406 coup\u00e9.<\/p>\n<figure id=\"attachment_22058\" aria-describedby=\"caption-attachment-22058\" style=\"width: 438px\" class=\"wp-caption aligncenter\"><img loading=\"lazy\" decoding=\"async\" class=\"size-full wp-image-22058\" src=\"http:\/\/www.carideal.com\/blog\/wp-content\/uploads\/2013\/03\/future-peugeot-308.jpg\" alt=\"Future Peugeot 308\" width=\"448\" height=\"298\" srcset=\"https:\/\/www.carideal.com\/blog\/wp-content\/uploads\/2013\/03\/future-peugeot-308.jpg 448w, https:\/\/www.carideal.com\/blog\/wp-content\/uploads\/2013\/03\/future-peugeot-308-300x200.jpg 300w, https:\/\/www.carideal.com\/blog\/wp-content\/uploads\/2013\/03\/future-peugeot-308-50x33.jpg 50w, https:\/\/www.carideal.com\/blog\/wp-content\/uploads\/2013\/03\/future-peugeot-308-110x73.jpg 110w, https:\/\/www.carideal.com\/blog\/wp-content\/uploads\/2013\/03\/future-peugeot-308-420x279.jpg 420w, https:\/\/www.carideal.com\/blog\/wp-content\/uploads\/2013\/03\/future-peugeot-308-272x182.jpg 272w\" sizes=\"(max-width: 448px) 100vw, 448px\" \/><figcaption id=\"caption-attachment-22058\" class=\"wp-caption-text\">Future Peugeot 308<\/figcaption><\/figure>\n<p>Les nouvelles <a href=\"http:\/\/www.carideal.com\/blog\/marque-de-voiture-actualites-essais\/peugeot\/\">Peugeot<\/a> seront plus dynamique et \u00e9l\u00e9gantes. Lutter avec les Allemandes, et plus principalement la <a href=\"http:\/\/www.carideal.com\/blog\/2012\/11\/29\/volkswagen-golf-vii\/\">Volkswagen Golf<\/a>, num\u00e9ro 1 du march\u00e9 europ\u00e9en, sera de nouveau le leitmotiv de Peugeot.<\/p>\n<p>Outre le style, le constructeur centre tous ses efforts sur la qualit\u00e9 per\u00e7ue de sa 308, avec une finition d\u00e9clar\u00e9e comme sup\u00e9rieure \u00e0 celle de la 508... Prometteur ! En revanche, pas de r\u00e9volution en termes d'habitabilit\u00e9 : un petit centim\u00e8tre de moins en longueur ( 4.27 m ), et 5 cm en hauteur ( 1.45 m). Des cotes qui la rendent plus trapue et ramass\u00e9e.<\/p>\n<p>Nouvelle Base<\/p>\n<p>La 308 II sera produite sur la nouvelle plateforme EMP2 ( Efficient Modular Platform) qui sera \u00e9trenn\u00e9e par le Citro\u00ebn C4 Picasso II au printemps. Cette plateforme remplace la BHV2 (sur laquelle ont \u00e9t\u00e9 d\u00e9velopp\u00e9es les Peugeot 308 et 3008, et la Citro\u00ebn C4) et la BHV3 (<a href=\"http:\/\/www.carideal.com\/blog\/marque-de-voiture-actualites-essais\/citroen\/c5\/\">Citro\u00ebn C5<\/a>, <a href=\"http:\/\/www.carideal.com\/blog\/2016\/01\/16\/nouvelle-peugeot-508\/\">Peugeot 508<\/a>). Elle va permettre au groupe PSA de d\u00e9ployer ses futurs v\u00e9hicules compacts et sup\u00e9rieurs ( <a href=\"http:\/\/www.carideal.com\/blog\/2013\/12\/25\/nouveau-peugeot-3008-restyle\/\">Peugeot 3008<\/a>, <a href=\"http:\/\/www.carideal.com\/blog\/2014\/05\/27\/la-peugeot-5008\/\">5008 II<\/a>, 501 et <a href=\"http:\/\/www.carideal.com\/blog\/2015\/03\/11\/citroen-c4-la-reconquete\/\">Citro\u00ebn C4 III<\/a>, <a href=\"http:\/\/www.carideal.com\/blog\/2013\/07\/15\/nouvelle-citroen-c5-en-2016\/\">C5 III<\/a>, <a href=\"http:\/\/www.carideal.com\/blog\/2020\/02\/26\/la-nouvelle-berline-ds-9-arrive-en-limousine-phare-pour-la-marque-ds\/\">DS9<\/a>), ainsi que ceux d'<a href=\"http:\/\/www.carideal.com\/blog\/marque-de-voiture-actualites-essais\/opel\/\">Opel<\/a> (<a href=\"http:\/\/www.carideal.com\/blog\/2012\/06\/28\/opel-zafira-tourer\/\">Zafira Tourer II<\/a> et <a href=\"http:\/\/www.carideal.com\/blog\/2011\/12\/31\/un-diesel-qui-a-du-souffle-opel-insignia-2-0-cdti-biturbo\/\">Insignia II<\/a>), suite aux r\u00e9cents accords techniques qui unissent depuis peu les deux constructeurs.<\/p>\n<p>Avec tous les avantages que cela repr\u00e9sente en termes d'\u00e9conomies d'\u00e9chelle... Lors de son lancement, cet automne, la 308 sera propos\u00e9e avec les motorisations \u00e0 essence 1.2 VTi de 82 ch et 1.6 THP de 150 ch, \u00e9paul\u00e9es en mai 2014 par un in\u00e9dit trois-cylindres 1.2 THP (turbo et injection directe) d\u00e9clin\u00e9 en version de 110 et 130 ch. La livr\u00e9e GTi, pr\u00e9vue ult\u00e9rieurement, sera associ\u00e9 au 1.6 THP de 200 ch.<\/p>\n<p>Peugeot osera-t-il une version encore plus muscl\u00e9e (GTi-R ?) \u00e0 l'aide du nouveau 1.6 THP de 260 ch, pr\u00e9vu sur le <a href=\"http:\/\/www.carideal.com\/blog\/2014\/01\/09\/peugeot-rcz-r-essai\/\">RCZ-R<\/a> et la <a href=\"http:\/\/www.carideal.com\/blog\/2012\/02\/24\/citroen-ds4-racing-256-ch\/\">DS4 Racing<\/a> ? Du c\u00f4t\u00e9 des blocs diesels, les 1.6 HDi 95 et 115 ch, qui devraient repr\u00e9senter la majeure partie des ventes, recevront le renfort d'un 2.0 HDi de 150 ch. Ce dernier sera coiff\u00e9, courant 2014, par une version de 180 ch.<\/p>\n<p>C\u00f4t\u00e9 transmission, Peugeot a privil\u00e9gi\u00e9 une bo\u00eete automatique \"<a href=\"http:\/\/www.carideal.com\/blog\/2020\/01\/22\/voitures-les-plus-economiques\/\">basse consommation<\/a>\", afin d'abaisser les <a href=\"http:\/\/www.carideal.com\/blog\/2015\/09\/20\/le-classement-de-lademe-des-emissions-de-co2-automobile\/\">\u00e9missions de co2<\/a> : associ\u00e9e au 2.0 HDI 150 ( en 2014), elle les limite en effet \u00e0 moins de 120 g\/km. L'antique bo\u00eete robotis\u00e9e BMP6, qui \u00e9quipera toujours les 1.6 Hdi, sera progressivement remplac\u00e9e par cette nouvelle transmission.<\/p>\n<p>Les finitions ( Access, Active,Allure et F\u00e9line) sont reprises de la gamme Peugeot et la nouvelle 308 reprendra des \u00e9quipements inaugur\u00e9s sur la 508 comme le frein de parking \u00e9lectrique ou l'acc\u00e8s et le d\u00e9marrage sans cl\u00e9... L'innovation viendra des phares avant \"Full LED\" \u00e0 partir de la finition Allure, ce qui changera l\u00e9g\u00e8rement le faci\u00e8s au niveau des feux et du bouclier. Pour ne rien g\u00e2cher, les tarifs seront identiques \u00e0 ceux de l'actuelle 308.<\/p>\n","protected":false},"excerpt":{"rendered":"<p>La future Peugeot 308 La deuxi\u00e8me g\u00e9n\u00e9ration de la Peugeot 308 est sign\u00e9e Gilles Vidal, nouveau patron du style de Peugeot. Il affirme de vouloir moderniser le dessin des mod\u00e8les sochaliens, par le recours \u00e0 des lignes gracieuses et \u00e9quilibr\u00e9es, \u00e0 l&rsquo;image de celles de la 406 coup\u00e9. Les nouvelles Peugeot seront plus dynamique et &#8230; <a title=\"Une future Peugeot 308\" class=\"read-more\" href=\"https:\/\/www.carideal.com\/blog\/2013\/03\/15\/une-futur-308\/\" aria-label=\"En savoir plus sur Une future Peugeot 308\">Lire plus<\/a><\/p>\n","protected":false},"author":1,"featured_media":22058,"comment_status":"open","ping_status":"open","sticky":false,"template":"","format":"standard","meta":{"_uag_custom_page_level_css":"","_themeisle_gutenberg_block_has_review":false,"footnotes":""},"categories":[5946,10],"tags":[],"class_list":["post-1340","post","type-post","status-publish","format-standard","has-post-thumbnail","hentry","category-peugeot","category-marche-automobile-voiture-neuve-occasion-4x4-suv"],"wppr_data":{"cwp_meta_box_check":"No"},"yoast_head":"<!-- This site is optimized with the Yoast SEO plugin v24.8.1 - https:\/\/yoast.com\/wordpress\/plugins\/seo\/ -->\n<title>Une future Peugeot 308 - Blog auto Carid\u00e9al<\/title>\n<meta name=\"description\" content=\"La deuxi\u00e8me g\u00e9n\u00e9ration de la Peugeot 308 est sign\u00e9e Gilles Vidal, nouveau patron du style de Peugeot. Il affirme de vouloir moderniser le dessin des mod\u00e8les sochaliens\" \/>\n<meta name=\"robots\" content=\"index, follow, max-snippet:-1, max-image-preview:large, max-video-preview:-1\" \/>\n<link rel=\"canonical\" href=\"https:\/\/www.carideal.com\/blog\/2013\/03\/15\/une-futur-308\/\" \/>\n<meta property=\"og:locale\" content=\"fr_FR\" \/>\n<meta property=\"og:type\" content=\"article\" \/>\n<meta property=\"og:title\" content=\"Une future Peugeot 308 - Blog auto Carid\u00e9al\" \/>\n<meta property=\"og:description\" content=\"La deuxi\u00e8me g\u00e9n\u00e9ration de la Peugeot 308 est sign\u00e9e Gilles Vidal, nouveau patron du style de Peugeot. Il affirme de vouloir moderniser le dessin des mod\u00e8les sochaliens\" \/>\n<meta property=\"og:url\" content=\"https:\/\/www.carideal.com\/blog\/2013\/03\/15\/une-futur-308\/\" \/>\n<meta property=\"og:site_name\" content=\"Blog auto Carid\u00e9al\" \/>\n<meta property=\"article:publisher\" content=\"https:\/\/www.facebook.com\/Carideal.mandataire.automobile\" \/>\n<meta property=\"article:author\" content=\"https:\/\/www.facebook.com\/Carideal.mandataire.automobile\/\" \/>\n<meta property=\"article:published_time\" content=\"2013-03-15T15:38:00+00:00\" \/>\n<meta property=\"article:modified_time\" content=\"2020-02-26T10:45:52+00:00\" \/>\n<meta property=\"og:image\" content=\"https:\/\/www.carideal.com\/blog\/wp-content\/uploads\/2013\/03\/future-peugeot-308.jpg\" \/>\n\t<meta property=\"og:image:width\" content=\"448\" \/>\n\t<meta property=\"og:image:height\" content=\"298\" \/>\n\t<meta property=\"og:image:type\" content=\"image\/jpeg\" \/>\n<meta name=\"author\" content=\"N.S Carideal\" \/>\n<meta name=\"twitter:card\" content=\"summary_large_image\" \/>\n<meta name=\"twitter:creator\" content=\"@caridealauto\" \/>\n<meta name=\"twitter:site\" content=\"@caridealauto\" \/>\n<meta name=\"twitter:label1\" content=\"\u00c9crit par\" \/>\n\t<meta name=\"twitter:data1\" content=\"N.S Carideal\" \/>\n\t<meta name=\"twitter:label2\" content=\"Dur\u00e9e de lecture estim\u00e9e\" \/>\n\t<meta name=\"twitter:data2\" content=\"3 minutes\" \/>\n<script type=\"application\/ld+json\" class=\"yoast-schema-graph\">{\"@context\":\"https:\/\/schema.org\",\"@graph\":[{\"@type\":\"Article\",\"@id\":\"https:\/\/www.carideal.com\/blog\/2013\/03\/15\/une-futur-308\/#article\",\"isPartOf\":{\"@id\":\"https:\/\/www.carideal.com\/blog\/2013\/03\/15\/une-futur-308\/\"},\"author\":{\"name\":\"N.S Carideal\",\"@id\":\"https:\/\/www.carideal.com\/blog\/#\/schema\/person\/985c7e757d1042d647f21bfaf8d41ebc\"},\"headline\":\"Une future Peugeot 308\",\"datePublished\":\"2013-03-15T15:38:00+00:00\",\"dateModified\":\"2020-02-26T10:45:52+00:00\",\"mainEntityOfPage\":{\"@id\":\"https:\/\/www.carideal.com\/blog\/2013\/03\/15\/une-futur-308\/\"},\"wordCount\":520,\"commentCount\":0,\"publisher\":{\"@id\":\"https:\/\/www.carideal.com\/blog\/#organization\"},\"image\":{\"@id\":\"https:\/\/www.carideal.com\/blog\/2013\/03\/15\/une-futur-308\/#primaryimage\"},\"thumbnailUrl\":\"https:\/\/www.carideal.com\/blog\/wp-content\/uploads\/2013\/03\/future-peugeot-308.jpg\",\"articleSection\":[\"Actualit\u00e9 Peugeot\",\"March\u00e9 automobile\"],\"inLanguage\":\"fr-FR\",\"potentialAction\":[{\"@type\":\"CommentAction\",\"name\":\"Comment\",\"target\":[\"https:\/\/www.carideal.com\/blog\/2013\/03\/15\/une-futur-308\/#respond\"]}]},{\"@type\":\"WebPage\",\"@id\":\"https:\/\/www.carideal.com\/blog\/2013\/03\/15\/une-futur-308\/\",\"url\":\"https:\/\/www.carideal.com\/blog\/2013\/03\/15\/une-futur-308\/\",\"name\":\"Une future Peugeot 308 - Blog auto Carid\u00e9al\",\"isPartOf\":{\"@id\":\"https:\/\/www.carideal.com\/blog\/#website\"},\"primaryImageOfPage\":{\"@id\":\"https:\/\/www.carideal.com\/blog\/2013\/03\/15\/une-futur-308\/#primaryimage\"},\"image\":{\"@id\":\"https:\/\/www.carideal.com\/blog\/2013\/03\/15\/une-futur-308\/#primaryimage\"},\"thumbnailUrl\":\"https:\/\/www.carideal.com\/blog\/wp-content\/uploads\/2013\/03\/future-peugeot-308.jpg\",\"datePublished\":\"2013-03-15T15:38:00+00:00\",\"dateModified\":\"2020-02-26T10:45:52+00:00\",\"description\":\"La deuxi\u00e8me g\u00e9n\u00e9ration de la Peugeot 308 est sign\u00e9e Gilles Vidal, nouveau patron du style de Peugeot. Il affirme de vouloir moderniser le dessin des mod\u00e8les sochaliens\",\"breadcrumb\":{\"@id\":\"https:\/\/www.carideal.com\/blog\/2013\/03\/15\/une-futur-308\/#breadcrumb\"},\"inLanguage\":\"fr-FR\",\"potentialAction\":[{\"@type\":\"ReadAction\",\"target\":[\"https:\/\/www.carideal.com\/blog\/2013\/03\/15\/une-futur-308\/\"]}]},{\"@type\":\"ImageObject\",\"inLanguage\":\"fr-FR\",\"@id\":\"https:\/\/www.carideal.com\/blog\/2013\/03\/15\/une-futur-308\/#primaryimage\",\"url\":\"https:\/\/www.carideal.com\/blog\/wp-content\/uploads\/2013\/03\/future-peugeot-308.jpg\",\"contentUrl\":\"https:\/\/www.carideal.com\/blog\/wp-content\/uploads\/2013\/03\/future-peugeot-308.jpg\",\"width\":448,\"height\":298,\"caption\":\"Future Peugeot 308\"},{\"@type\":\"BreadcrumbList\",\"@id\":\"https:\/\/www.carideal.com\/blog\/2013\/03\/15\/une-futur-308\/#breadcrumb\",\"itemListElement\":[{\"@type\":\"ListItem\",\"position\":1,\"name\":\"Blog Carid\u00e9al\",\"item\":\"https:\/\/www.carideal.com\/blog\/\"},{\"@type\":\"ListItem\",\"position\":2,\"name\":\"March\u00e9 automobile\",\"item\":\"https:\/\/www.carideal.com\/blog\/marche-automobile-voiture-neuve-occasion-4x4-suv\/\"},{\"@type\":\"ListItem\",\"position\":3,\"name\":\"Une future Peugeot 308\"}]},{\"@type\":\"WebSite\",\"@id\":\"https:\/\/www.carideal.com\/blog\/#website\",\"url\":\"https:\/\/www.carideal.com\/blog\/\",\"name\":\"Blog auto Carid\u00e9al\",\"description\":\"Actualit\u00e9 auto par des passionn\u00e9s\",\"publisher\":{\"@id\":\"https:\/\/www.carideal.com\/blog\/#organization\"},\"potentialAction\":[{\"@type\":\"SearchAction\",\"target\":{\"@type\":\"EntryPoint\",\"urlTemplate\":\"https:\/\/www.carideal.com\/blog\/?s={search_term_string}\"},\"query-input\":{\"@type\":\"PropertyValueSpecification\",\"valueRequired\":true,\"valueName\":\"search_term_string\"}}],\"inLanguage\":\"fr-FR\"},{\"@type\":\"Organization\",\"@id\":\"https:\/\/www.carideal.com\/blog\/#organization\",\"name\":\"Carideal\",\"url\":\"https:\/\/www.carideal.com\/blog\/\",\"logo\":{\"@type\":\"ImageObject\",\"inLanguage\":\"fr-FR\",\"@id\":\"https:\/\/www.carideal.com\/blog\/#\/schema\/logo\/image\/\",\"url\":\"http:\/\/www.carideal.com\/blog\/wp-content\/uploads\/2016\/03\/logo-carideal-mandataire-automobile.png\",\"contentUrl\":\"http:\/\/www.carideal.com\/blog\/wp-content\/uploads\/2016\/03\/logo-carideal-mandataire-automobile.png\",\"width\":300,\"height\":300,\"caption\":\"Carideal\"},\"image\":{\"@id\":\"https:\/\/www.carideal.com\/blog\/#\/schema\/logo\/image\/\"},\"sameAs\":[\"https:\/\/www.facebook.com\/Carideal.mandataire.automobile\",\"https:\/\/x.com\/caridealauto\",\"https:\/\/www.instagram.com\/carideal1\/\",\"https:\/\/www.linkedin.com\/company\/carideal.com\",\"https:\/\/fr.pinterest.com\/schiavonsas\/\",\"https:\/\/www.youtube.com\/user\/caridealsas\"]},{\"@type\":\"Person\",\"@id\":\"https:\/\/www.carideal.com\/blog\/#\/schema\/person\/985c7e757d1042d647f21bfaf8d41ebc\",\"name\":\"N.S Carideal\",\"image\":{\"@type\":\"ImageObject\",\"inLanguage\":\"fr-FR\",\"@id\":\"https:\/\/www.carideal.com\/blog\/#\/schema\/person\/image\/\",\"url\":\"https:\/\/secure.gravatar.com\/avatar\/edb7ccdf1a4e3d14aef967760d354d0e?s=96&r=g\",\"contentUrl\":\"https:\/\/secure.gravatar.com\/avatar\/edb7ccdf1a4e3d14aef967760d354d0e?s=96&r=g\",\"caption\":\"N.S Carideal\"},\"description\":\"Depuis tout petit fan d'automobile. Il est question d'essayer et de comparer toutes ces voitures qui nous ont fait r\u00e9ver, avant que celles-ci ne devient uniquement des voitures de collection.\",\"sameAs\":[\"http:\/\/www.carideal.com\/blog\",\"https:\/\/www.facebook.com\/Carideal.mandataire.automobile\/\",\"https:\/\/www.linkedin.com\/in\/nschiavon\/\",\"https:\/\/www.youtube.com\/user\/caridealsas\/\"],\"url\":\"https:\/\/www.carideal.com\/blog\/author\/admin_carideal\/\"}]}<\/script>\n<!-- \/ Yoast SEO plugin. -->","yoast_head_json":{"title":"Une future Peugeot 308 - Blog auto Carid\u00e9al","description":"La deuxi\u00e8me g\u00e9n\u00e9ration de la Peugeot 308 est sign\u00e9e Gilles Vidal, nouveau patron du style de Peugeot. Il affirme de vouloir moderniser le dessin des mod\u00e8les sochaliens","robots":{"index":"index","follow":"follow","max-snippet":"max-snippet:-1","max-image-preview":"max-image-preview:large","max-video-preview":"max-video-preview:-1"},"canonical":"https:\/\/www.carideal.com\/blog\/2013\/03\/15\/une-futur-308\/","og_locale":"fr_FR","og_type":"article","og_title":"Une future Peugeot 308 - Blog auto Carid\u00e9al","og_description":"La deuxi\u00e8me g\u00e9n\u00e9ration de la Peugeot 308 est sign\u00e9e Gilles Vidal, nouveau patron du style de Peugeot. Il affirme de vouloir moderniser le dessin des mod\u00e8les sochaliens","og_url":"https:\/\/www.carideal.com\/blog\/2013\/03\/15\/une-futur-308\/","og_site_name":"Blog auto Carid\u00e9al","article_publisher":"https:\/\/www.facebook.com\/Carideal.mandataire.automobile","article_author":"https:\/\/www.facebook.com\/Carideal.mandataire.automobile\/","article_published_time":"2013-03-15T15:38:00+00:00","article_modified_time":"2020-02-26T10:45:52+00:00","og_image":[{"width":448,"height":298,"url":"https:\/\/www.carideal.com\/blog\/wp-content\/uploads\/2013\/03\/future-peugeot-308.jpg","type":"image\/jpeg"}],"author":"N.S Carideal","twitter_card":"summary_large_image","twitter_creator":"@caridealauto","twitter_site":"@caridealauto","twitter_misc":{"\u00c9crit par":"N.S Carideal","Dur\u00e9e de lecture estim\u00e9e":"3 minutes"},"schema":{"@context":"https:\/\/schema.org","@graph":[{"@type":"Article","@id":"https:\/\/www.carideal.com\/blog\/2013\/03\/15\/une-futur-308\/#article","isPartOf":{"@id":"https:\/\/www.carideal.com\/blog\/2013\/03\/15\/une-futur-308\/"},"author":{"name":"N.S Carideal","@id":"https:\/\/www.carideal.com\/blog\/#\/schema\/person\/985c7e757d1042d647f21bfaf8d41ebc"},"headline":"Une future Peugeot 308","datePublished":"2013-03-15T15:38:00+00:00","dateModified":"2020-02-26T10:45:52+00:00","mainEntityOfPage":{"@id":"https:\/\/www.carideal.com\/blog\/2013\/03\/15\/une-futur-308\/"},"wordCount":520,"commentCount":0,"publisher":{"@id":"https:\/\/www.carideal.com\/blog\/#organization"},"image":{"@id":"https:\/\/www.carideal.com\/blog\/2013\/03\/15\/une-futur-308\/#primaryimage"},"thumbnailUrl":"https:\/\/www.carideal.com\/blog\/wp-content\/uploads\/2013\/03\/future-peugeot-308.jpg","articleSection":["Actualit\u00e9 Peugeot","March\u00e9 automobile"],"inLanguage":"fr-FR","potentialAction":[{"@type":"CommentAction","name":"Comment","target":["https:\/\/www.carideal.com\/blog\/2013\/03\/15\/une-futur-308\/#respond"]}]},{"@type":"WebPage","@id":"https:\/\/www.carideal.com\/blog\/2013\/03\/15\/une-futur-308\/","url":"https:\/\/www.carideal.com\/blog\/2013\/03\/15\/une-futur-308\/","name":"Une future Peugeot 308 - Blog auto Carid\u00e9al","isPartOf":{"@id":"https:\/\/www.carideal.com\/blog\/#website"},"primaryImageOfPage":{"@id":"https:\/\/www.carideal.com\/blog\/2013\/03\/15\/une-futur-308\/#primaryimage"},"image":{"@id":"https:\/\/www.carideal.com\/blog\/2013\/03\/15\/une-futur-308\/#primaryimage"},"thumbnailUrl":"https:\/\/www.carideal.com\/blog\/wp-content\/uploads\/2013\/03\/future-peugeot-308.jpg","datePublished":"2013-03-15T15:38:00+00:00","dateModified":"2020-02-26T10:45:52+00:00","description":"La deuxi\u00e8me g\u00e9n\u00e9ration de la Peugeot 308 est sign\u00e9e Gilles Vidal, nouveau patron du style de Peugeot. Il affirme de vouloir moderniser le dessin des mod\u00e8les sochaliens","breadcrumb":{"@id":"https:\/\/www.carideal.com\/blog\/2013\/03\/15\/une-futur-308\/#breadcrumb"},"inLanguage":"fr-FR","potentialAction":[{"@type":"ReadAction","target":["https:\/\/www.carideal.com\/blog\/2013\/03\/15\/une-futur-308\/"]}]},{"@type":"ImageObject","inLanguage":"fr-FR","@id":"https:\/\/www.carideal.com\/blog\/2013\/03\/15\/une-futur-308\/#primaryimage","url":"https:\/\/www.carideal.com\/blog\/wp-content\/uploads\/2013\/03\/future-peugeot-308.jpg","contentUrl":"https:\/\/www.carideal.com\/blog\/wp-content\/uploads\/2013\/03\/future-peugeot-308.jpg","width":448,"height":298,"caption":"Future Peugeot 308"},{"@type":"BreadcrumbList","@id":"https:\/\/www.carideal.com\/blog\/2013\/03\/15\/une-futur-308\/#breadcrumb","itemListElement":[{"@type":"ListItem","position":1,"name":"Blog Carid\u00e9al","item":"https:\/\/www.carideal.com\/blog\/"},{"@type":"ListItem","position":2,"name":"March\u00e9 automobile","item":"https:\/\/www.carideal.com\/blog\/marche-automobile-voiture-neuve-occasion-4x4-suv\/"},{"@type":"ListItem","position":3,"name":"Une future Peugeot 308"}]},{"@type":"WebSite","@id":"https:\/\/www.carideal.com\/blog\/#website","url":"https:\/\/www.carideal.com\/blog\/","name":"Blog auto Carid\u00e9al","description":"Actualit\u00e9 auto par des passionn\u00e9s","publisher":{"@id":"https:\/\/www.carideal.com\/blog\/#organization"},"potentialAction":[{"@type":"SearchAction","target":{"@type":"EntryPoint","urlTemplate":"https:\/\/www.carideal.com\/blog\/?s={search_term_string}"},"query-input":{"@type":"PropertyValueSpecification","valueRequired":true,"valueName":"search_term_string"}}],"inLanguage":"fr-FR"},{"@type":"Organization","@id":"https:\/\/www.carideal.com\/blog\/#organization","name":"Carideal","url":"https:\/\/www.carideal.com\/blog\/","logo":{"@type":"ImageObject","inLanguage":"fr-FR","@id":"https:\/\/www.carideal.com\/blog\/#\/schema\/logo\/image\/","url":"http:\/\/www.carideal.com\/blog\/wp-content\/uploads\/2016\/03\/logo-carideal-mandataire-automobile.png","contentUrl":"http:\/\/www.carideal.com\/blog\/wp-content\/uploads\/2016\/03\/logo-carideal-mandataire-automobile.png","width":300,"height":300,"caption":"Carideal"},"image":{"@id":"https:\/\/www.carideal.com\/blog\/#\/schema\/logo\/image\/"},"sameAs":["https:\/\/www.facebook.com\/Carideal.mandataire.automobile","https:\/\/x.com\/caridealauto","https:\/\/www.instagram.com\/carideal1\/","https:\/\/www.linkedin.com\/company\/carideal.com","https:\/\/fr.pinterest.com\/schiavonsas\/","https:\/\/www.youtube.com\/user\/caridealsas"]},{"@type":"Person","@id":"https:\/\/www.carideal.com\/blog\/#\/schema\/person\/985c7e757d1042d647f21bfaf8d41ebc","name":"N.S Carideal","image":{"@type":"ImageObject","inLanguage":"fr-FR","@id":"https:\/\/www.carideal.com\/blog\/#\/schema\/person\/image\/","url":"https:\/\/secure.gravatar.com\/avatar\/edb7ccdf1a4e3d14aef967760d354d0e?s=96&r=g","contentUrl":"https:\/\/secure.gravatar.com\/avatar\/edb7ccdf1a4e3d14aef967760d354d0e?s=96&r=g","caption":"N.S Carideal"},"description":"Depuis tout petit fan d'automobile. Il est question d'essayer et de comparer toutes ces voitures qui nous ont fait r\u00e9ver, avant que celles-ci ne devient uniquement des voitures de collection.","sameAs":["http:\/\/www.carideal.com\/blog","https:\/\/www.facebook.com\/Carideal.mandataire.automobile\/","https:\/\/www.linkedin.com\/in\/nschiavon\/","https:\/\/www.youtube.com\/user\/caridealsas\/"],"url":"https:\/\/www.carideal.com\/blog\/author\/admin_carideal\/"}]}},"uagb_featured_image_src":{"full":["https:\/\/www.carideal.com\/blog\/wp-content\/uploads\/2013\/03\/future-peugeot-308.jpg",448,298,false],"thumbnail":["https:\/\/www.carideal.com\/blog\/wp-content\/uploads\/2013\/03\/future-peugeot-308-150x150.jpg",150,150,true],"medium":["https:\/\/www.carideal.com\/blog\/wp-content\/uploads\/2013\/03\/future-peugeot-308-300x200.jpg",300,200,true],"medium_large":["https:\/\/www.carideal.com\/blog\/wp-content\/uploads\/2013\/03\/future-peugeot-308.jpg",448,298,false],"large":["https:\/\/www.carideal.com\/blog\/wp-content\/uploads\/2013\/03\/future-peugeot-308.jpg",448,298,false],"1536x1536":["https:\/\/www.carideal.com\/blog\/wp-content\/uploads\/2013\/03\/future-peugeot-308.jpg",448,298,false],"2048x2048":["https:\/\/www.carideal.com\/blog\/wp-content\/uploads\/2013\/03\/future-peugeot-308.jpg",448,298,false],"wppr-widget":["https:\/\/www.carideal.com\/blog\/wp-content\/uploads\/2013\/03\/future-peugeot-308-50x33.jpg",50,33,true]},"uagb_author_info":{"display_name":"N.S Carideal","author_link":"https:\/\/www.carideal.com\/blog\/author\/admin_carideal\/"},"uagb_comment_info":0,"uagb_excerpt":"La future Peugeot 308 La deuxi\u00e8me g\u00e9n\u00e9ration de la Peugeot 308 est sign\u00e9e Gilles Vidal, nouveau patron du style de Peugeot. Il affirme de vouloir moderniser le dessin des mod\u00e8les sochaliens, par le recours \u00e0 des lignes gracieuses et \u00e9quilibr\u00e9es, \u00e0 l'image de celles de la 406 coup\u00e9. Les nouvelles Peugeot seront plus dynamique et\u2026","_links":{"self":[{"href":"https:\/\/www.carideal.com\/blog\/wp-json\/wp\/v2\/posts\/1340"}],"collection":[{"href":"https:\/\/www.carideal.com\/blog\/wp-json\/wp\/v2\/posts"}],"about":[{"href":"https:\/\/www.carideal.com\/blog\/wp-json\/wp\/v2\/types\/post"}],"author":[{"embeddable":true,"href":"https:\/\/www.carideal.com\/blog\/wp-json\/wp\/v2\/users\/1"}],"replies":[{"embeddable":true,"href":"https:\/\/www.carideal.com\/blog\/wp-json\/wp\/v2\/comments?post=1340"}],"version-history":[{"count":0,"href":"https:\/\/www.carideal.com\/blog\/wp-json\/wp\/v2\/posts\/1340\/revisions"}],"wp:featuredmedia":[{"embeddable":true,"href":"https:\/\/www.carideal.com\/blog\/wp-json\/wp\/v2\/media\/22058"}],"wp:attachment":[{"href":"https:\/\/www.carideal.com\/blog\/wp-json\/wp\/v2\/media?parent=1340"}],"wp:term":[{"taxonomy":"category","embeddable":true,"href":"https:\/\/www.carideal.com\/blog\/wp-json\/wp\/v2\/categories?post=1340"},{"taxonomy":"post_tag","embeddable":true,"href":"https:\/\/www.carideal.com\/blog\/wp-json\/wp\/v2\/tags?post=1340"}],"curies":[{"name":"wp","href":"https:\/\/api.w.org\/{rel}","templated":true}]}}