{"id":1338,"date":"2013-03-14T10:08:00","date_gmt":"2013-03-14T10:08:00","guid":{"rendered":"http:\/\/carideal.com\/blog\/?p=1338"},"modified":"2020-03-07T22:41:48","modified_gmt":"2020-03-07T21:41:48","slug":"golf-vii-contre-ses-rivales","status":"publish","type":"post","link":"https:\/\/www.carideal.com\/blog\/2013\/03\/14\/golf-vii-contre-ses-rivales\/","title":{"rendered":"Golf VII contre ses rivales"},"content":{"rendered":"<p><img decoding=\"async\" src=\"\/blog\/public\/.citroen-c4_m.jpg\" alt=\"citroen-c4.jpg\" title=\"citroen-c4.jpg, mar. 2013\" \/><\/p>\n<blockquote>\n<p>La deuxi\u00e8me g\u00e9n\u00e9ration de la <a href=\"\/blog\/index.php?tag\/Citro%C3%ABn%20C4\">Citro\u00ebn C4<\/a> monte en gamme&nbsp;: pr\u00e9sentation inspir\u00e9e de la <a href=\"\/blog\/index.php?tag\/Citro%C3%ABn%20C5\">Citro\u00ebn C5<\/a> et finition l\u00e9ch\u00e9e. Ses occupants \u00e0 bord sont bien install\u00e9 puisque la C4 profite d'une habilit\u00e9 correcte, des places arri\u00e8re tendre et un excellent confort de suspension. La C4 est l\u00e9g\u00e8rement moins dynamique que ses concurrentes mais elle b\u00e9n\u00e9ficie d'un diesel assez plaisant.<\/p>\n<\/blockquote>\n<p>Achat Citro\u00ebn C4 avec Carideal Mandataire Automobile<\/p>\n<p><img decoding=\"async\" src=\"\/blog\/public\/.Ford-focus_m.jpg\" alt=\"Ford-focus.jpg\" title=\"Ford-focus.jpg, mar. 2013\" \/><\/p>\n<blockquote>\n<p>Compl\u00e8tement nouvelle, la nouvelle g\u00e9n\u00e9ration de la <a href=\"\/blog\/index.php?tag\/Ford%20Focus\">Ford Focus<\/a> donne tout pour attirer. \u00c9quiper d'un diesel r\u00e9ussi, la compacte Ford b\u00e9n\u00e9ficie d'un des meilleurs accords confort\/comportement de la cat\u00e9gorie. Plut\u00f4t abordable et bien \u00e9quip\u00e9 en <a href=\"\/blog\/index.php?tag\/Finition%20Titanium\">Finition Titanium<\/a>. A travers le <a href=\"\/blog\/index.php?tag\/pack%20%22S%C3%A9curit%C3%A9%20int%C3%A9grale%22\">pack \"S\u00e9curit\u00e9 int\u00e9grale\"<\/a> \u00e0 1200\u20ac  elle g\u00e9n\u00e9ralise les \u00e9quipements technologiques.<\/p>\n<\/blockquote>\n<p>Il est regrettable pour la Ford que son ergonomie soit difficile.<\/p>\n<p>Achat Ford Focus avec Carideal Mandataire Automobile<\/p>\n<\/p>\n<blockquote>\n<p>Avec un prix plus petit, elle propose un moteur de 128 ch. N\u00e9anmoins, son manque d'\u00e9nergie \u00e0 bas r\u00e9gime le rend pas plus dynamique que ses adversaires. Mais la <a href=\"\/blog\/index.php?tag\/Cee%20d\">Cee'd<\/a> se caract\u00e9rise par son agr\u00e9ment de conduite, son confort et la rigueur de son ch\u00e2ssis. Dot\u00e9e d'un habitacle abordable et valorisant, elle se veut agr\u00e9able \u00e0 vivre et mena\u00e7ante pour ses concurrents. Et \u00e0 la cl\u00e9 <a href=\"\/blog\/index.php?tag\/Kia\">Kia<\/a> propose 7 ans de garantie.<\/p>\n<\/blockquote>\n<p>Achat Kia Cee'd avec Carideal Mandataire Automobile<\/p>\n<p><img decoding=\"async\" src=\"\/blog\/public\/.Renault_Megane_3__m.jpg\" alt=\"Renault_Megane_3_.jpg\" title=\"Renault_Megane_3_.jpg, mar. 2013\" \/><\/p>\n<blockquote>\n<p>Son aspect sportive et un moteur rectifier&nbsp;: cette version restyl\u00e9e attend la Golf. Son diesel de 1.5 dCi s'affiche discret et sobre, surtout dans sa version Energy 90 g, factur\u00e9e 500\u20ac de plus. Son avantage majeur est son ch\u00e2ssis dynamique. Enjou\u00e9 et pr\u00e9cis, il se montre le plus satisfaisant de la cat\u00e9gorie avec un confort convenable. Tr\u00e8s aimable au quotidien, la M\u00e9gane l\u00e9g\u00e8rement de l'espace \u00e0 l'arri\u00e8re.<\/p>\n<\/blockquote>\n<p>Achat Renault M\u00e9gane avec Carideal Mandataire Automobile<\/p>\n<blockquote>\n<p>Bilan<\/p>\n<\/blockquote>\n<p><img decoding=\"async\" src=\"\/blog\/public\/.golf7_bluemotion_m.jpg\" alt=\"golf7_bluemotion.jpg\" title=\"golf7_bluemotion.jpg, mar. 2013\" \/><\/p>\n<p>La <a href=\"\/blog\/index.php?tag\/Golf\">Golf<\/a> progresse en douceur sans d\u00e9moder sa pr\u00e9d\u00e9cesseur . Toujours bien confectionn\u00e9e, aussi douce \u00e0 conduire et simple en prise en mains, elle garde les qualit\u00e9s de celle qu'elle relaye. D\u00e9\u00e7u de son moteur diesel TDI 105 un peu creux en ville, elle conserve un agr\u00e9ment m\u00e9canique \u00e0 la hauteur et b\u00e9n\u00e9ficie d'un syst\u00e8me Stop&amp;Start plus discret. Enfin, ses dimensions plus grande permettent d'offrir plus d'espace aux places arri\u00e8re et pour les bagages. Convenable pour rester une valeur s\u00fbre du segment, malgr\u00e9 ses prix \u00e9lev\u00e9s.<\/p>\n<p>Achat Golf VII moins cher avec Carideal mandataire automobile<\/p>\n","protected":false},"excerpt":{"rendered":"<p>La deuxi\u00e8me g\u00e9n\u00e9ration de la Citro\u00ebn C4 monte en gamme&nbsp;: pr\u00e9sentation inspir\u00e9e de la Citro\u00ebn C5 et finition l\u00e9ch\u00e9e. Ses occupants \u00e0 bord sont bien install\u00e9 puisque la C4 profite d&rsquo;une habilit\u00e9 correcte, des places arri\u00e8re tendre et un excellent confort de suspension. La C4 est l\u00e9g\u00e8rement moins dynamique que ses concurrentes mais elle b\u00e9n\u00e9ficie &#8230; <a title=\"Golf VII contre ses rivales\" class=\"read-more\" href=\"https:\/\/www.carideal.com\/blog\/2013\/03\/14\/golf-vii-contre-ses-rivales\/\" aria-label=\"En savoir plus sur Golf VII contre ses rivales\">Lire plus<\/a><\/p>\n","protected":false},"author":1,"featured_media":0,"comment_status":"open","ping_status":"open","sticky":false,"template":"","format":"standard","meta":{"_uag_custom_page_level_css":"","_themeisle_gutenberg_block_has_review":false,"footnotes":""},"categories":[10],"tags":[],"class_list":["post-1338","post","type-post","status-publish","format-standard","hentry","category-marche-automobile-voiture-neuve-occasion-4x4-suv"],"wppr_data":[],"yoast_head":"<!-- This site is optimized with the Yoast SEO plugin v24.8.1 - https:\/\/yoast.com\/wordpress\/plugins\/seo\/ -->\n<title>Golf VII contre ses rivales - Blog auto Carid\u00e9al<\/title>\n<meta name=\"robots\" content=\"index, follow, max-snippet:-1, max-image-preview:large, max-video-preview:-1\" \/>\n<link rel=\"canonical\" href=\"https:\/\/www.carideal.com\/blog\/2013\/03\/14\/golf-vii-contre-ses-rivales\/\" \/>\n<meta property=\"og:locale\" content=\"fr_FR\" \/>\n<meta property=\"og:type\" content=\"article\" \/>\n<meta property=\"og:title\" content=\"Golf VII contre ses rivales - Blog auto Carid\u00e9al\" \/>\n<meta property=\"og:description\" content=\"La deuxi\u00e8me g\u00e9n\u00e9ration de la Citro\u00ebn C4 monte en gamme&nbsp;: pr\u00e9sentation inspir\u00e9e de la Citro\u00ebn C5 et finition l\u00e9ch\u00e9e. Ses occupants \u00e0 bord sont bien install\u00e9 puisque la C4 profite d&#039;une habilit\u00e9 correcte, des places arri\u00e8re tendre et un excellent confort de suspension. La C4 est l\u00e9g\u00e8rement moins dynamique que ses concurrentes mais elle b\u00e9n\u00e9ficie ... Lire plus\" \/>\n<meta property=\"og:url\" content=\"https:\/\/www.carideal.com\/blog\/2013\/03\/14\/golf-vii-contre-ses-rivales\/\" \/>\n<meta property=\"og:site_name\" content=\"Blog auto Carid\u00e9al\" \/>\n<meta property=\"article:publisher\" content=\"https:\/\/www.facebook.com\/Carideal.mandataire.automobile\" \/>\n<meta property=\"article:author\" content=\"https:\/\/www.facebook.com\/Carideal.mandataire.automobile\/\" \/>\n<meta property=\"article:published_time\" content=\"2013-03-14T10:08:00+00:00\" \/>\n<meta property=\"article:modified_time\" content=\"2020-03-07T21:41:48+00:00\" \/>\n<meta property=\"og:image\" content=\"https:\/\/www.carideal.com\/blog\/wp-content\/uploads\/2016\/03\/logo-carideal-mandataire-automobile.png\" \/>\n\t<meta property=\"og:image:width\" content=\"300\" \/>\n\t<meta property=\"og:image:height\" content=\"300\" \/>\n\t<meta property=\"og:image:type\" content=\"image\/png\" \/>\n<meta name=\"author\" content=\"N.S Carideal\" \/>\n<meta name=\"twitter:card\" content=\"summary_large_image\" \/>\n<meta name=\"twitter:creator\" content=\"@caridealauto\" \/>\n<meta name=\"twitter:site\" content=\"@caridealauto\" \/>\n<meta name=\"twitter:label1\" content=\"\u00c9crit par\" \/>\n\t<meta name=\"twitter:data1\" content=\"N.S Carideal\" \/>\n\t<meta name=\"twitter:label2\" content=\"Dur\u00e9e de lecture estim\u00e9e\" \/>\n\t<meta name=\"twitter:data2\" content=\"2 minutes\" \/>\n<script type=\"application\/ld+json\" class=\"yoast-schema-graph\">{\"@context\":\"https:\/\/schema.org\",\"@graph\":[{\"@type\":\"Article\",\"@id\":\"https:\/\/www.carideal.com\/blog\/2013\/03\/14\/golf-vii-contre-ses-rivales\/#article\",\"isPartOf\":{\"@id\":\"https:\/\/www.carideal.com\/blog\/2013\/03\/14\/golf-vii-contre-ses-rivales\/\"},\"author\":{\"name\":\"N.S Carideal\",\"@id\":\"https:\/\/www.carideal.com\/blog\/#\/schema\/person\/985c7e757d1042d647f21bfaf8d41ebc\"},\"headline\":\"Golf VII contre ses rivales\",\"datePublished\":\"2013-03-14T10:08:00+00:00\",\"dateModified\":\"2020-03-07T21:41:48+00:00\",\"mainEntityOfPage\":{\"@id\":\"https:\/\/www.carideal.com\/blog\/2013\/03\/14\/golf-vii-contre-ses-rivales\/\"},\"wordCount\":438,\"commentCount\":1,\"publisher\":{\"@id\":\"https:\/\/www.carideal.com\/blog\/#organization\"},\"articleSection\":[\"March\u00e9 automobile\"],\"inLanguage\":\"fr-FR\",\"potentialAction\":[{\"@type\":\"CommentAction\",\"name\":\"Comment\",\"target\":[\"https:\/\/www.carideal.com\/blog\/2013\/03\/14\/golf-vii-contre-ses-rivales\/#respond\"]}]},{\"@type\":\"WebPage\",\"@id\":\"https:\/\/www.carideal.com\/blog\/2013\/03\/14\/golf-vii-contre-ses-rivales\/\",\"url\":\"https:\/\/www.carideal.com\/blog\/2013\/03\/14\/golf-vii-contre-ses-rivales\/\",\"name\":\"Golf VII contre ses rivales - Blog auto Carid\u00e9al\",\"isPartOf\":{\"@id\":\"https:\/\/www.carideal.com\/blog\/#website\"},\"datePublished\":\"2013-03-14T10:08:00+00:00\",\"dateModified\":\"2020-03-07T21:41:48+00:00\",\"breadcrumb\":{\"@id\":\"https:\/\/www.carideal.com\/blog\/2013\/03\/14\/golf-vii-contre-ses-rivales\/#breadcrumb\"},\"inLanguage\":\"fr-FR\",\"potentialAction\":[{\"@type\":\"ReadAction\",\"target\":[\"https:\/\/www.carideal.com\/blog\/2013\/03\/14\/golf-vii-contre-ses-rivales\/\"]}]},{\"@type\":\"BreadcrumbList\",\"@id\":\"https:\/\/www.carideal.com\/blog\/2013\/03\/14\/golf-vii-contre-ses-rivales\/#breadcrumb\",\"itemListElement\":[{\"@type\":\"ListItem\",\"position\":1,\"name\":\"Blog Carid\u00e9al\",\"item\":\"https:\/\/www.carideal.com\/blog\/\"},{\"@type\":\"ListItem\",\"position\":2,\"name\":\"March\u00e9 automobile\",\"item\":\"https:\/\/www.carideal.com\/blog\/marche-automobile-voiture-neuve-occasion-4x4-suv\/\"},{\"@type\":\"ListItem\",\"position\":3,\"name\":\"Golf VII contre ses rivales\"}]},{\"@type\":\"WebSite\",\"@id\":\"https:\/\/www.carideal.com\/blog\/#website\",\"url\":\"https:\/\/www.carideal.com\/blog\/\",\"name\":\"Blog auto Carid\u00e9al\",\"description\":\"Actualit\u00e9 auto par des passionn\u00e9s\",\"publisher\":{\"@id\":\"https:\/\/www.carideal.com\/blog\/#organization\"},\"potentialAction\":[{\"@type\":\"SearchAction\",\"target\":{\"@type\":\"EntryPoint\",\"urlTemplate\":\"https:\/\/www.carideal.com\/blog\/?s={search_term_string}\"},\"query-input\":{\"@type\":\"PropertyValueSpecification\",\"valueRequired\":true,\"valueName\":\"search_term_string\"}}],\"inLanguage\":\"fr-FR\"},{\"@type\":\"Organization\",\"@id\":\"https:\/\/www.carideal.com\/blog\/#organization\",\"name\":\"Carideal\",\"url\":\"https:\/\/www.carideal.com\/blog\/\",\"logo\":{\"@type\":\"ImageObject\",\"inLanguage\":\"fr-FR\",\"@id\":\"https:\/\/www.carideal.com\/blog\/#\/schema\/logo\/image\/\",\"url\":\"http:\/\/www.carideal.com\/blog\/wp-content\/uploads\/2016\/03\/logo-carideal-mandataire-automobile.png\",\"contentUrl\":\"http:\/\/www.carideal.com\/blog\/wp-content\/uploads\/2016\/03\/logo-carideal-mandataire-automobile.png\",\"width\":300,\"height\":300,\"caption\":\"Carideal\"},\"image\":{\"@id\":\"https:\/\/www.carideal.com\/blog\/#\/schema\/logo\/image\/\"},\"sameAs\":[\"https:\/\/www.facebook.com\/Carideal.mandataire.automobile\",\"https:\/\/x.com\/caridealauto\",\"https:\/\/www.instagram.com\/carideal1\/\",\"https:\/\/www.linkedin.com\/company\/carideal.com\",\"https:\/\/fr.pinterest.com\/schiavonsas\/\",\"https:\/\/www.youtube.com\/user\/caridealsas\"]},{\"@type\":\"Person\",\"@id\":\"https:\/\/www.carideal.com\/blog\/#\/schema\/person\/985c7e757d1042d647f21bfaf8d41ebc\",\"name\":\"N.S Carideal\",\"image\":{\"@type\":\"ImageObject\",\"inLanguage\":\"fr-FR\",\"@id\":\"https:\/\/www.carideal.com\/blog\/#\/schema\/person\/image\/\",\"url\":\"https:\/\/secure.gravatar.com\/avatar\/edb7ccdf1a4e3d14aef967760d354d0e?s=96&r=g\",\"contentUrl\":\"https:\/\/secure.gravatar.com\/avatar\/edb7ccdf1a4e3d14aef967760d354d0e?s=96&r=g\",\"caption\":\"N.S Carideal\"},\"description\":\"Depuis tout petit fan d'automobile. Il est question d'essayer et de comparer toutes ces voitures qui nous ont fait r\u00e9ver, avant que celles-ci ne devient uniquement des voitures de collection.\",\"sameAs\":[\"http:\/\/www.carideal.com\/blog\",\"https:\/\/www.facebook.com\/Carideal.mandataire.automobile\/\",\"https:\/\/www.linkedin.com\/in\/nschiavon\/\",\"https:\/\/www.youtube.com\/user\/caridealsas\/\"],\"url\":\"https:\/\/www.carideal.com\/blog\/author\/admin_carideal\/\"}]}<\/script>\n<!-- \/ Yoast SEO plugin. -->","yoast_head_json":{"title":"Golf VII contre ses rivales - Blog auto Carid\u00e9al","robots":{"index":"index","follow":"follow","max-snippet":"max-snippet:-1","max-image-preview":"max-image-preview:large","max-video-preview":"max-video-preview:-1"},"canonical":"https:\/\/www.carideal.com\/blog\/2013\/03\/14\/golf-vii-contre-ses-rivales\/","og_locale":"fr_FR","og_type":"article","og_title":"Golf VII contre ses rivales - Blog auto Carid\u00e9al","og_description":"La deuxi\u00e8me g\u00e9n\u00e9ration de la Citro\u00ebn C4 monte en gamme&nbsp;: pr\u00e9sentation inspir\u00e9e de la Citro\u00ebn C5 et finition l\u00e9ch\u00e9e. Ses occupants \u00e0 bord sont bien install\u00e9 puisque la C4 profite d'une habilit\u00e9 correcte, des places arri\u00e8re tendre et un excellent confort de suspension. La C4 est l\u00e9g\u00e8rement moins dynamique que ses concurrentes mais elle b\u00e9n\u00e9ficie ... Lire plus","og_url":"https:\/\/www.carideal.com\/blog\/2013\/03\/14\/golf-vii-contre-ses-rivales\/","og_site_name":"Blog auto Carid\u00e9al","article_publisher":"https:\/\/www.facebook.com\/Carideal.mandataire.automobile","article_author":"https:\/\/www.facebook.com\/Carideal.mandataire.automobile\/","article_published_time":"2013-03-14T10:08:00+00:00","article_modified_time":"2020-03-07T21:41:48+00:00","og_image":[{"width":300,"height":300,"url":"https:\/\/www.carideal.com\/blog\/wp-content\/uploads\/2016\/03\/logo-carideal-mandataire-automobile.png","type":"image\/png"}],"author":"N.S Carideal","twitter_card":"summary_large_image","twitter_creator":"@caridealauto","twitter_site":"@caridealauto","twitter_misc":{"\u00c9crit par":"N.S Carideal","Dur\u00e9e de lecture estim\u00e9e":"2 minutes"},"schema":{"@context":"https:\/\/schema.org","@graph":[{"@type":"Article","@id":"https:\/\/www.carideal.com\/blog\/2013\/03\/14\/golf-vii-contre-ses-rivales\/#article","isPartOf":{"@id":"https:\/\/www.carideal.com\/blog\/2013\/03\/14\/golf-vii-contre-ses-rivales\/"},"author":{"name":"N.S Carideal","@id":"https:\/\/www.carideal.com\/blog\/#\/schema\/person\/985c7e757d1042d647f21bfaf8d41ebc"},"headline":"Golf VII contre ses rivales","datePublished":"2013-03-14T10:08:00+00:00","dateModified":"2020-03-07T21:41:48+00:00","mainEntityOfPage":{"@id":"https:\/\/www.carideal.com\/blog\/2013\/03\/14\/golf-vii-contre-ses-rivales\/"},"wordCount":438,"commentCount":1,"publisher":{"@id":"https:\/\/www.carideal.com\/blog\/#organization"},"articleSection":["March\u00e9 automobile"],"inLanguage":"fr-FR","potentialAction":[{"@type":"CommentAction","name":"Comment","target":["https:\/\/www.carideal.com\/blog\/2013\/03\/14\/golf-vii-contre-ses-rivales\/#respond"]}]},{"@type":"WebPage","@id":"https:\/\/www.carideal.com\/blog\/2013\/03\/14\/golf-vii-contre-ses-rivales\/","url":"https:\/\/www.carideal.com\/blog\/2013\/03\/14\/golf-vii-contre-ses-rivales\/","name":"Golf VII contre ses rivales - Blog auto Carid\u00e9al","isPartOf":{"@id":"https:\/\/www.carideal.com\/blog\/#website"},"datePublished":"2013-03-14T10:08:00+00:00","dateModified":"2020-03-07T21:41:48+00:00","breadcrumb":{"@id":"https:\/\/www.carideal.com\/blog\/2013\/03\/14\/golf-vii-contre-ses-rivales\/#breadcrumb"},"inLanguage":"fr-FR","potentialAction":[{"@type":"ReadAction","target":["https:\/\/www.carideal.com\/blog\/2013\/03\/14\/golf-vii-contre-ses-rivales\/"]}]},{"@type":"BreadcrumbList","@id":"https:\/\/www.carideal.com\/blog\/2013\/03\/14\/golf-vii-contre-ses-rivales\/#breadcrumb","itemListElement":[{"@type":"ListItem","position":1,"name":"Blog Carid\u00e9al","item":"https:\/\/www.carideal.com\/blog\/"},{"@type":"ListItem","position":2,"name":"March\u00e9 automobile","item":"https:\/\/www.carideal.com\/blog\/marche-automobile-voiture-neuve-occasion-4x4-suv\/"},{"@type":"ListItem","position":3,"name":"Golf VII contre ses rivales"}]},{"@type":"WebSite","@id":"https:\/\/www.carideal.com\/blog\/#website","url":"https:\/\/www.carideal.com\/blog\/","name":"Blog auto Carid\u00e9al","description":"Actualit\u00e9 auto par des passionn\u00e9s","publisher":{"@id":"https:\/\/www.carideal.com\/blog\/#organization"},"potentialAction":[{"@type":"SearchAction","target":{"@type":"EntryPoint","urlTemplate":"https:\/\/www.carideal.com\/blog\/?s={search_term_string}"},"query-input":{"@type":"PropertyValueSpecification","valueRequired":true,"valueName":"search_term_string"}}],"inLanguage":"fr-FR"},{"@type":"Organization","@id":"https:\/\/www.carideal.com\/blog\/#organization","name":"Carideal","url":"https:\/\/www.carideal.com\/blog\/","logo":{"@type":"ImageObject","inLanguage":"fr-FR","@id":"https:\/\/www.carideal.com\/blog\/#\/schema\/logo\/image\/","url":"http:\/\/www.carideal.com\/blog\/wp-content\/uploads\/2016\/03\/logo-carideal-mandataire-automobile.png","contentUrl":"http:\/\/www.carideal.com\/blog\/wp-content\/uploads\/2016\/03\/logo-carideal-mandataire-automobile.png","width":300,"height":300,"caption":"Carideal"},"image":{"@id":"https:\/\/www.carideal.com\/blog\/#\/schema\/logo\/image\/"},"sameAs":["https:\/\/www.facebook.com\/Carideal.mandataire.automobile","https:\/\/x.com\/caridealauto","https:\/\/www.instagram.com\/carideal1\/","https:\/\/www.linkedin.com\/company\/carideal.com","https:\/\/fr.pinterest.com\/schiavonsas\/","https:\/\/www.youtube.com\/user\/caridealsas"]},{"@type":"Person","@id":"https:\/\/www.carideal.com\/blog\/#\/schema\/person\/985c7e757d1042d647f21bfaf8d41ebc","name":"N.S Carideal","image":{"@type":"ImageObject","inLanguage":"fr-FR","@id":"https:\/\/www.carideal.com\/blog\/#\/schema\/person\/image\/","url":"https:\/\/secure.gravatar.com\/avatar\/edb7ccdf1a4e3d14aef967760d354d0e?s=96&r=g","contentUrl":"https:\/\/secure.gravatar.com\/avatar\/edb7ccdf1a4e3d14aef967760d354d0e?s=96&r=g","caption":"N.S Carideal"},"description":"Depuis tout petit fan d'automobile. Il est question d'essayer et de comparer toutes ces voitures qui nous ont fait r\u00e9ver, avant que celles-ci ne devient uniquement des voitures de collection.","sameAs":["http:\/\/www.carideal.com\/blog","https:\/\/www.facebook.com\/Carideal.mandataire.automobile\/","https:\/\/www.linkedin.com\/in\/nschiavon\/","https:\/\/www.youtube.com\/user\/caridealsas\/"],"url":"https:\/\/www.carideal.com\/blog\/author\/admin_carideal\/"}]}},"uagb_featured_image_src":{"full":false,"thumbnail":false,"medium":false,"medium_large":false,"large":false,"1536x1536":false,"2048x2048":false,"wppr-widget":false},"uagb_author_info":{"display_name":"N.S Carideal","author_link":"https:\/\/www.carideal.com\/blog\/author\/admin_carideal\/"},"uagb_comment_info":1,"uagb_excerpt":"La deuxi\u00e8me g\u00e9n\u00e9ration de la Citro\u00ebn C4 monte en gamme&nbsp;: pr\u00e9sentation inspir\u00e9e de la Citro\u00ebn C5 et finition l\u00e9ch\u00e9e. Ses occupants \u00e0 bord sont bien install\u00e9 puisque la C4 profite d'une habilit\u00e9 correcte, des places arri\u00e8re tendre et un excellent confort de suspension. La C4 est l\u00e9g\u00e8rement moins dynamique que ses concurrentes mais elle b\u00e9n\u00e9ficie\u2026","_links":{"self":[{"href":"https:\/\/www.carideal.com\/blog\/wp-json\/wp\/v2\/posts\/1338"}],"collection":[{"href":"https:\/\/www.carideal.com\/blog\/wp-json\/wp\/v2\/posts"}],"about":[{"href":"https:\/\/www.carideal.com\/blog\/wp-json\/wp\/v2\/types\/post"}],"author":[{"embeddable":true,"href":"https:\/\/www.carideal.com\/blog\/wp-json\/wp\/v2\/users\/1"}],"replies":[{"embeddable":true,"href":"https:\/\/www.carideal.com\/blog\/wp-json\/wp\/v2\/comments?post=1338"}],"version-history":[{"count":0,"href":"https:\/\/www.carideal.com\/blog\/wp-json\/wp\/v2\/posts\/1338\/revisions"}],"wp:attachment":[{"href":"https:\/\/www.carideal.com\/blog\/wp-json\/wp\/v2\/media?parent=1338"}],"wp:term":[{"taxonomy":"category","embeddable":true,"href":"https:\/\/www.carideal.com\/blog\/wp-json\/wp\/v2\/categories?post=1338"},{"taxonomy":"post_tag","embeddable":true,"href":"https:\/\/www.carideal.com\/blog\/wp-json\/wp\/v2\/tags?post=1338"}],"curies":[{"name":"wp","href":"https:\/\/api.w.org\/{rel}","templated":true}]}}