{"id":1335,"date":"2013-03-13T13:20:00","date_gmt":"2013-03-13T13:20:00","guid":{"rendered":"http:\/\/carideal.com\/blog\/?p=1335"},"modified":"2019-12-16T15:39:05","modified_gmt":"2019-12-16T14:39:05","slug":"peugeot-208-3","status":"publish","type":"post","link":"https:\/\/www.carideal.com\/blog\/2013\/03\/13\/peugeot-208-3\/","title":{"rendered":"La Peugeot 208 au sein du march\u00e9 des citadines"},"content":{"rendered":"<h2><strong>La Peugeot 208 au sein du march\u00e9<\/strong> des<strong> citadines<\/strong><\/h2>\n<p>&nbsp;<\/p>\n<p>Marc Giuloli, directeur marketing de <a href=\"http:\/\/www.carideal.com\/blog\/marque-de-voiture-actualites-essais\/peugeot\/\">Peugeot<\/a> France, annonce sa satisfaction des r\u00e9sultats de la Citadine Peugeot 208. Mais il suivra sans doute avec attention les chiffres de ces prochaines semaines. Car sa rivale n\u00b01, la <a href=\"http:\/\/www.carideal.com\/blog\/2013\/08\/11\/renault-clio-iv-dci-75\/\">Renault Clio IV<\/a>, est entr\u00e9e en piste. Et surtout, la 208 reste contract\u00e9.\u00a0Le segment des <a href=\"http:\/\/www.carideal.com\/blog\/2018\/03\/18\/meilleures-citadines-polyvalentes-2018\/\">citadines polyvalentes<\/a> r\u00e9siste bien \u00e0 la tourmente, et ne recule que de 2% en six ans.<\/p>\n<figure id=\"attachment_20563\" aria-describedby=\"caption-attachment-20563\" style=\"width: 438px\" class=\"wp-caption alignnone\"><img loading=\"lazy\" decoding=\"async\" class=\"size-full wp-image-20563\" src=\"http:\/\/www.carideal.com\/blog\/wp-content\/uploads\/2013\/03\/peugeot-208_m.jpg\" alt=\"La Peugeot 208 au sein du march\u00e9 des citadines\" width=\"448\" height=\"336\" srcset=\"https:\/\/www.carideal.com\/blog\/wp-content\/uploads\/2013\/03\/peugeot-208_m.jpg 448w, https:\/\/www.carideal.com\/blog\/wp-content\/uploads\/2013\/03\/peugeot-208_m-300x225.jpg 300w, https:\/\/www.carideal.com\/blog\/wp-content\/uploads\/2013\/03\/peugeot-208_m-50x38.jpg 50w, https:\/\/www.carideal.com\/blog\/wp-content\/uploads\/2013\/03\/peugeot-208_m-110x83.jpg 110w, https:\/\/www.carideal.com\/blog\/wp-content\/uploads\/2013\/03\/peugeot-208_m-420x315.jpg 420w\" sizes=\"(max-width: 448px) 100vw, 448px\" \/><figcaption id=\"caption-attachment-20563\" class=\"wp-caption-text\">La Peugeot 208 au sein du march\u00e9 des citadines<\/figcaption><\/figure>\n<p>Mais a connu dans l'intervalle une forte progression du nombre de ses acteurs. <a href=\"http:\/\/www.carideal.com\/blog\/2012\/10\/05\/configurateur-tarif-citroen-ds3-cabriolet\/\">Citro\u00ebn DS3<\/a>, <a href=\"http:\/\/www.carideal.com\/blog\/2013\/01\/17\/audi-a1-laquelle-prendre\/\">Audi A1<\/a>, <a href=\"http:\/\/www.carideal.com\/blog\/2012\/12\/20\/dacia-sandero\/\">Dacia Sandero<\/a> et <a href=\"http:\/\/www.carideal.com\/blog\/2014\/05\/13\/un-avis-mitige-pour-la-mito\/\">Alfa Mito<\/a> ont rejoint le bal. Le g\u00e2teau, \u00e0 taille quasi \u00e9gale, est d\u00e9sormais d\u00e9coup\u00e9 en davantage de sont donc plus \u00e9troites.<\/p>\n<p>Au temps de la 207, le \"top dix\" de la cat\u00e9gorie pesait 88% des ventes du segment (332000 exemplaires). Contre 76 % six ans plus tard (288 000 unit\u00e9s, en chute de 13%).<\/p>\n<h3>Moteur VTI \u00e0 essence<\/h3>\n<p>Mais ce reflux, \u00e9tonnamment affecte surtout la 208. Le recul de la <a href=\"http:\/\/www.carideal.com\/blog\/2008\/05\/14\/renault-clio-iii\/\">Clio III<\/a> ( en chute de 26%) est en effet logique\u00a0: elle \u00e9tait en d\u00e9but de vie d'avril \u00e0 novembre 2006, enfin de parcours de mars \u00e0 octobre 2012. La discr\u00e8te <a href=\"http:\/\/www.carideal.com\/blog\/marque-de-voiture-actualites-essais\/citroen\/c3\/\">Citro\u00ebn C3<\/a> se porte bien (-2%) malgr\u00e9 le succ\u00e8s de la DS3. La <a href=\"http:\/\/www.carideal.com\/blog\/2013\/03\/22\/ford-fiesta-2\/\">Ford Fiesta<\/a> (+9%), l'<a href=\"http:\/\/www.carideal.com\/blog\/2014\/07\/12\/opel-corsa-2015-en-decembre\/\">Opel Corsa<\/a> (+32%) et surtout la <a href=\"http:\/\/www.carideal.com\/blog\/2014\/06\/17\/nouvelle-polo\/\">Volkswagen Polo<\/a> (+40%) encore mieux.<\/p>\n<p>Il y a donc une autre explication au d\u00e9marrage lent de la 208\u00a0: le retard pris par ses nouveaux moteurs trois cylindres \u00e0 essence. Ils avaient plu aux journalistes lors des premiers essais\u00a0: du bonus, du brio pour le <a href=\"http:\/\/www.carideal.com\/blog\/2013\/01\/25\/peugeot-208-12-vti\/\">VTi 82<\/a> (12.2 s pour passer de 0 \u00e0 100 km\/h), et des prix nettement inf\u00e9rieurs \u00e0 ceux des diesels HDI de puissance \u00e9quivalente.<\/p>\n<p>Le 1.0 VTi 68 est propos\u00e9 \u00e0 partir de 11950\u20ac (600\u20ac de plus en version \u00e0 cinq portes), 2400\u20ac plus bas que le HDi 68 est propos\u00e9 \u00e0 partir de 11950\u20ac (600\u20ac de plus en version \u00e0 cinq portes), 2400\u20ac plus bas que le 1.4 HDi 68.<\/p>\n<p>Le 1.2 VTi 82 \u00e0 14800 \u20ac dans une finition Active mieux pourvue, 2300\u20ac moins cher que le 1.6 e-HDi 92. Seul probl\u00e8me\u00a0: ils ont manqu\u00e9 \u00e0 la 208 lors de ses premiers mois. Le VTi 82 est arriv\u00e9 durant l'\u00e9t\u00e9, le VTi 68 vient d'\u00eatre commercialis\u00e9. D'o\u00f9 la faible part des moteurs \u00e0 essence dans les ventes 208 \u00e0 fin octobre\u00a0: 16%, alors que Peugeot attend une stricte parit\u00e9 entre essence et diesel...<\/p>\n<p>Ce retard au d\u00e9marrage est en passe d'\u00eatre combl\u00e9\u00a0: gr\u00e2ce au VTi 82, la 208 a sign\u00e9 ses deux meilleurs scores mensuels en septembre (7781 unit\u00e9s) et octobre (9404). Ces r\u00e9sultats montre sa phase de d\u00e9collage. Et elle a obtenu en octobre 17\u00a0% des ventes de la cat\u00e9gorie, part plus conforme \u00e0 ses ambitions.<\/p>\n<h3>208 en break ?<\/h3>\n<p>Malgr\u00e9 tous les efforts de la 208 elle n'atteindra pas le niveau de la 207 plus rapide au d\u00e9marrage: 12 000 unit\u00e9s diffus\u00e9es en France lors de son troisi\u00e8me mois de vente. Elle affronte davantage de rivales que son a\u00een\u00e9e. Elle aura de version break SW, qui lanc\u00e9e dans un second temps ( juillet 2007), repr\u00e9sentait 20 % des ventes de la 207. Peugeot sugg\u00e9ra bien une alternative \u00e0 la 208, plus familiale. Mais pas sous forme de break\u00a0: un petit SUV attendu pour 2013. En revanche, signe de la duret\u00e9 des temps, l'op\u00e9ration 206 + a \u00e9t\u00e9 reconduite, ce qui n'\u00e9tait pas pr\u00e9vu au d\u00e9part\u00a0: la 207 poursuit son chemin, sous le nom de 207+ afin de couvrir le segment situ\u00e9 en dessous de celui de la 208. Soit le m\u00eame r\u00f4le que la Clio III Collection vis-\u00e0-vis de la Clio IV.<\/p>\n<p>Relisez notre article sur les nouveaux <a href=\"http:\/\/www.carideal.com\/blog\/2012\/08\/10\/peugeot-208-2\/\">moteurs essences de la Peugeot 208<\/a><\/p>\n","protected":false},"excerpt":{"rendered":"<p>La Peugeot 208 au sein du march\u00e9 des citadines &nbsp; Marc Giuloli, directeur marketing de Peugeot France, annonce sa satisfaction des r\u00e9sultats de la Citadine Peugeot 208. Mais il suivra sans doute avec attention les chiffres de ces prochaines semaines. Car sa rivale n\u00b01, la Renault Clio IV, est entr\u00e9e en piste. Et surtout, la &#8230; <a title=\"La Peugeot 208 au sein du march\u00e9 des citadines\" class=\"read-more\" href=\"https:\/\/www.carideal.com\/blog\/2013\/03\/13\/peugeot-208-3\/\" aria-label=\"En savoir plus sur La Peugeot 208 au sein du march\u00e9 des citadines\">Lire plus<\/a><\/p>\n","protected":false},"author":1,"featured_media":20563,"comment_status":"open","ping_status":"open","sticky":false,"template":"","format":"standard","meta":{"_uag_custom_page_level_css":"","_themeisle_gutenberg_block_has_review":false,"footnotes":""},"categories":[5946,17178,10],"tags":[],"class_list":["post-1335","post","type-post","status-publish","format-standard","has-post-thumbnail","hentry","category-peugeot","category-citadine","category-marche-automobile-voiture-neuve-occasion-4x4-suv"],"wppr_data":{"cwp_meta_box_check":"No"},"yoast_head":"<!-- This site is optimized with the Yoast SEO plugin v24.8.1 - https:\/\/yoast.com\/wordpress\/plugins\/seo\/ -->\n<title>La Peugeot 208 au sein du march\u00e9 des citadines - Blog auto Carid\u00e9al<\/title>\n<meta name=\"description\" content=\"Marc Giuloli, directeur marketing de Peugeot France, annonce sa satisfaction des r\u00e9sultats de la Citadine Peugeot 208. Mais il suivra sans doute avec attention les chiffres de ces prochaines semaines.\" \/>\n<meta name=\"robots\" content=\"index, follow, max-snippet:-1, max-image-preview:large, max-video-preview:-1\" \/>\n<link rel=\"canonical\" href=\"https:\/\/www.carideal.com\/blog\/2013\/03\/13\/peugeot-208-3\/\" \/>\n<meta property=\"og:locale\" content=\"fr_FR\" \/>\n<meta property=\"og:type\" content=\"article\" \/>\n<meta property=\"og:title\" content=\"La Peugeot 208 au sein du march\u00e9 des citadines - Blog auto Carid\u00e9al\" \/>\n<meta property=\"og:description\" content=\"Marc Giuloli, directeur marketing de Peugeot France, annonce sa satisfaction des r\u00e9sultats de la Citadine Peugeot 208. Mais il suivra sans doute avec attention les chiffres de ces prochaines semaines.\" \/>\n<meta property=\"og:url\" content=\"https:\/\/www.carideal.com\/blog\/2013\/03\/13\/peugeot-208-3\/\" \/>\n<meta property=\"og:site_name\" content=\"Blog auto Carid\u00e9al\" \/>\n<meta property=\"article:publisher\" content=\"https:\/\/www.facebook.com\/Carideal.mandataire.automobile\" \/>\n<meta property=\"article:author\" content=\"https:\/\/www.facebook.com\/Carideal.mandataire.automobile\/\" \/>\n<meta property=\"article:published_time\" content=\"2013-03-13T13:20:00+00:00\" \/>\n<meta property=\"article:modified_time\" content=\"2019-12-16T14:39:05+00:00\" \/>\n<meta property=\"og:image\" content=\"https:\/\/www.carideal.com\/blog\/wp-content\/uploads\/2013\/03\/peugeot-208_m.jpg\" \/>\n\t<meta property=\"og:image:width\" content=\"448\" \/>\n\t<meta property=\"og:image:height\" content=\"336\" \/>\n\t<meta property=\"og:image:type\" content=\"image\/jpeg\" \/>\n<meta name=\"author\" content=\"N.S Carideal\" \/>\n<meta name=\"twitter:card\" content=\"summary_large_image\" \/>\n<meta name=\"twitter:creator\" content=\"@caridealauto\" \/>\n<meta name=\"twitter:site\" content=\"@caridealauto\" \/>\n<meta name=\"twitter:label1\" content=\"\u00c9crit par\" \/>\n\t<meta name=\"twitter:data1\" content=\"N.S Carideal\" \/>\n\t<meta name=\"twitter:label2\" content=\"Dur\u00e9e de lecture estim\u00e9e\" \/>\n\t<meta name=\"twitter:data2\" content=\"3 minutes\" \/>\n<script type=\"application\/ld+json\" class=\"yoast-schema-graph\">{\"@context\":\"https:\/\/schema.org\",\"@graph\":[{\"@type\":\"Article\",\"@id\":\"https:\/\/www.carideal.com\/blog\/2013\/03\/13\/peugeot-208-3\/#article\",\"isPartOf\":{\"@id\":\"https:\/\/www.carideal.com\/blog\/2013\/03\/13\/peugeot-208-3\/\"},\"author\":{\"name\":\"N.S Carideal\",\"@id\":\"https:\/\/www.carideal.com\/blog\/#\/schema\/person\/985c7e757d1042d647f21bfaf8d41ebc\"},\"headline\":\"La Peugeot 208 au sein du march\u00e9 des citadines\",\"datePublished\":\"2013-03-13T13:20:00+00:00\",\"dateModified\":\"2019-12-16T14:39:05+00:00\",\"mainEntityOfPage\":{\"@id\":\"https:\/\/www.carideal.com\/blog\/2013\/03\/13\/peugeot-208-3\/\"},\"wordCount\":598,\"commentCount\":0,\"publisher\":{\"@id\":\"https:\/\/www.carideal.com\/blog\/#organization\"},\"image\":{\"@id\":\"https:\/\/www.carideal.com\/blog\/2013\/03\/13\/peugeot-208-3\/#primaryimage\"},\"thumbnailUrl\":\"https:\/\/www.carideal.com\/blog\/wp-content\/uploads\/2013\/03\/peugeot-208_m.jpg\",\"articleSection\":[\"Actualit\u00e9 Peugeot\",\"Citadine\",\"March\u00e9 automobile\"],\"inLanguage\":\"fr-FR\",\"potentialAction\":[{\"@type\":\"CommentAction\",\"name\":\"Comment\",\"target\":[\"https:\/\/www.carideal.com\/blog\/2013\/03\/13\/peugeot-208-3\/#respond\"]}]},{\"@type\":\"WebPage\",\"@id\":\"https:\/\/www.carideal.com\/blog\/2013\/03\/13\/peugeot-208-3\/\",\"url\":\"https:\/\/www.carideal.com\/blog\/2013\/03\/13\/peugeot-208-3\/\",\"name\":\"La Peugeot 208 au sein du march\u00e9 des citadines - Blog auto Carid\u00e9al\",\"isPartOf\":{\"@id\":\"https:\/\/www.carideal.com\/blog\/#website\"},\"primaryImageOfPage\":{\"@id\":\"https:\/\/www.carideal.com\/blog\/2013\/03\/13\/peugeot-208-3\/#primaryimage\"},\"image\":{\"@id\":\"https:\/\/www.carideal.com\/blog\/2013\/03\/13\/peugeot-208-3\/#primaryimage\"},\"thumbnailUrl\":\"https:\/\/www.carideal.com\/blog\/wp-content\/uploads\/2013\/03\/peugeot-208_m.jpg\",\"datePublished\":\"2013-03-13T13:20:00+00:00\",\"dateModified\":\"2019-12-16T14:39:05+00:00\",\"description\":\"Marc Giuloli, directeur marketing de Peugeot France, annonce sa satisfaction des r\u00e9sultats de la Citadine Peugeot 208. Mais il suivra sans doute avec attention les chiffres de ces prochaines semaines.\",\"breadcrumb\":{\"@id\":\"https:\/\/www.carideal.com\/blog\/2013\/03\/13\/peugeot-208-3\/#breadcrumb\"},\"inLanguage\":\"fr-FR\",\"potentialAction\":[{\"@type\":\"ReadAction\",\"target\":[\"https:\/\/www.carideal.com\/blog\/2013\/03\/13\/peugeot-208-3\/\"]}]},{\"@type\":\"ImageObject\",\"inLanguage\":\"fr-FR\",\"@id\":\"https:\/\/www.carideal.com\/blog\/2013\/03\/13\/peugeot-208-3\/#primaryimage\",\"url\":\"https:\/\/www.carideal.com\/blog\/wp-content\/uploads\/2013\/03\/peugeot-208_m.jpg\",\"contentUrl\":\"https:\/\/www.carideal.com\/blog\/wp-content\/uploads\/2013\/03\/peugeot-208_m.jpg\",\"width\":448,\"height\":336,\"caption\":\"La Peugeot 208 au sein du march\u00e9 des citadines\"},{\"@type\":\"BreadcrumbList\",\"@id\":\"https:\/\/www.carideal.com\/blog\/2013\/03\/13\/peugeot-208-3\/#breadcrumb\",\"itemListElement\":[{\"@type\":\"ListItem\",\"position\":1,\"name\":\"Blog Carid\u00e9al\",\"item\":\"https:\/\/www.carideal.com\/blog\/\"},{\"@type\":\"ListItem\",\"position\":2,\"name\":\"March\u00e9 automobile\",\"item\":\"https:\/\/www.carideal.com\/blog\/marche-automobile-voiture-neuve-occasion-4x4-suv\/\"},{\"@type\":\"ListItem\",\"position\":3,\"name\":\"La Peugeot 208 au sein du march\u00e9 des citadines\"}]},{\"@type\":\"WebSite\",\"@id\":\"https:\/\/www.carideal.com\/blog\/#website\",\"url\":\"https:\/\/www.carideal.com\/blog\/\",\"name\":\"Blog auto Carid\u00e9al\",\"description\":\"Actualit\u00e9 auto par des passionn\u00e9s\",\"publisher\":{\"@id\":\"https:\/\/www.carideal.com\/blog\/#organization\"},\"potentialAction\":[{\"@type\":\"SearchAction\",\"target\":{\"@type\":\"EntryPoint\",\"urlTemplate\":\"https:\/\/www.carideal.com\/blog\/?s={search_term_string}\"},\"query-input\":{\"@type\":\"PropertyValueSpecification\",\"valueRequired\":true,\"valueName\":\"search_term_string\"}}],\"inLanguage\":\"fr-FR\"},{\"@type\":\"Organization\",\"@id\":\"https:\/\/www.carideal.com\/blog\/#organization\",\"name\":\"Carideal\",\"url\":\"https:\/\/www.carideal.com\/blog\/\",\"logo\":{\"@type\":\"ImageObject\",\"inLanguage\":\"fr-FR\",\"@id\":\"https:\/\/www.carideal.com\/blog\/#\/schema\/logo\/image\/\",\"url\":\"http:\/\/www.carideal.com\/blog\/wp-content\/uploads\/2016\/03\/logo-carideal-mandataire-automobile.png\",\"contentUrl\":\"http:\/\/www.carideal.com\/blog\/wp-content\/uploads\/2016\/03\/logo-carideal-mandataire-automobile.png\",\"width\":300,\"height\":300,\"caption\":\"Carideal\"},\"image\":{\"@id\":\"https:\/\/www.carideal.com\/blog\/#\/schema\/logo\/image\/\"},\"sameAs\":[\"https:\/\/www.facebook.com\/Carideal.mandataire.automobile\",\"https:\/\/x.com\/caridealauto\",\"https:\/\/www.instagram.com\/carideal1\/\",\"https:\/\/www.linkedin.com\/company\/carideal.com\",\"https:\/\/fr.pinterest.com\/schiavonsas\/\",\"https:\/\/www.youtube.com\/user\/caridealsas\"]},{\"@type\":\"Person\",\"@id\":\"https:\/\/www.carideal.com\/blog\/#\/schema\/person\/985c7e757d1042d647f21bfaf8d41ebc\",\"name\":\"N.S Carideal\",\"image\":{\"@type\":\"ImageObject\",\"inLanguage\":\"fr-FR\",\"@id\":\"https:\/\/www.carideal.com\/blog\/#\/schema\/person\/image\/\",\"url\":\"https:\/\/secure.gravatar.com\/avatar\/edb7ccdf1a4e3d14aef967760d354d0e?s=96&r=g\",\"contentUrl\":\"https:\/\/secure.gravatar.com\/avatar\/edb7ccdf1a4e3d14aef967760d354d0e?s=96&r=g\",\"caption\":\"N.S Carideal\"},\"description\":\"Depuis tout petit fan d'automobile. Il est question d'essayer et de comparer toutes ces voitures qui nous ont fait r\u00e9ver, avant que celles-ci ne devient uniquement des voitures de collection.\",\"sameAs\":[\"http:\/\/www.carideal.com\/blog\",\"https:\/\/www.facebook.com\/Carideal.mandataire.automobile\/\",\"https:\/\/www.linkedin.com\/in\/nschiavon\/\",\"https:\/\/www.youtube.com\/user\/caridealsas\/\"],\"url\":\"https:\/\/www.carideal.com\/blog\/author\/admin_carideal\/\"}]}<\/script>\n<!-- \/ Yoast SEO plugin. -->","yoast_head_json":{"title":"La Peugeot 208 au sein du march\u00e9 des citadines - Blog auto Carid\u00e9al","description":"Marc Giuloli, directeur marketing de Peugeot France, annonce sa satisfaction des r\u00e9sultats de la Citadine Peugeot 208. Mais il suivra sans doute avec attention les chiffres de ces prochaines semaines.","robots":{"index":"index","follow":"follow","max-snippet":"max-snippet:-1","max-image-preview":"max-image-preview:large","max-video-preview":"max-video-preview:-1"},"canonical":"https:\/\/www.carideal.com\/blog\/2013\/03\/13\/peugeot-208-3\/","og_locale":"fr_FR","og_type":"article","og_title":"La Peugeot 208 au sein du march\u00e9 des citadines - Blog auto Carid\u00e9al","og_description":"Marc Giuloli, directeur marketing de Peugeot France, annonce sa satisfaction des r\u00e9sultats de la Citadine Peugeot 208. Mais il suivra sans doute avec attention les chiffres de ces prochaines semaines.","og_url":"https:\/\/www.carideal.com\/blog\/2013\/03\/13\/peugeot-208-3\/","og_site_name":"Blog auto Carid\u00e9al","article_publisher":"https:\/\/www.facebook.com\/Carideal.mandataire.automobile","article_author":"https:\/\/www.facebook.com\/Carideal.mandataire.automobile\/","article_published_time":"2013-03-13T13:20:00+00:00","article_modified_time":"2019-12-16T14:39:05+00:00","og_image":[{"width":448,"height":336,"url":"https:\/\/www.carideal.com\/blog\/wp-content\/uploads\/2013\/03\/peugeot-208_m.jpg","type":"image\/jpeg"}],"author":"N.S Carideal","twitter_card":"summary_large_image","twitter_creator":"@caridealauto","twitter_site":"@caridealauto","twitter_misc":{"\u00c9crit par":"N.S Carideal","Dur\u00e9e de lecture estim\u00e9e":"3 minutes"},"schema":{"@context":"https:\/\/schema.org","@graph":[{"@type":"Article","@id":"https:\/\/www.carideal.com\/blog\/2013\/03\/13\/peugeot-208-3\/#article","isPartOf":{"@id":"https:\/\/www.carideal.com\/blog\/2013\/03\/13\/peugeot-208-3\/"},"author":{"name":"N.S Carideal","@id":"https:\/\/www.carideal.com\/blog\/#\/schema\/person\/985c7e757d1042d647f21bfaf8d41ebc"},"headline":"La Peugeot 208 au sein du march\u00e9 des citadines","datePublished":"2013-03-13T13:20:00+00:00","dateModified":"2019-12-16T14:39:05+00:00","mainEntityOfPage":{"@id":"https:\/\/www.carideal.com\/blog\/2013\/03\/13\/peugeot-208-3\/"},"wordCount":598,"commentCount":0,"publisher":{"@id":"https:\/\/www.carideal.com\/blog\/#organization"},"image":{"@id":"https:\/\/www.carideal.com\/blog\/2013\/03\/13\/peugeot-208-3\/#primaryimage"},"thumbnailUrl":"https:\/\/www.carideal.com\/blog\/wp-content\/uploads\/2013\/03\/peugeot-208_m.jpg","articleSection":["Actualit\u00e9 Peugeot","Citadine","March\u00e9 automobile"],"inLanguage":"fr-FR","potentialAction":[{"@type":"CommentAction","name":"Comment","target":["https:\/\/www.carideal.com\/blog\/2013\/03\/13\/peugeot-208-3\/#respond"]}]},{"@type":"WebPage","@id":"https:\/\/www.carideal.com\/blog\/2013\/03\/13\/peugeot-208-3\/","url":"https:\/\/www.carideal.com\/blog\/2013\/03\/13\/peugeot-208-3\/","name":"La Peugeot 208 au sein du march\u00e9 des citadines - Blog auto Carid\u00e9al","isPartOf":{"@id":"https:\/\/www.carideal.com\/blog\/#website"},"primaryImageOfPage":{"@id":"https:\/\/www.carideal.com\/blog\/2013\/03\/13\/peugeot-208-3\/#primaryimage"},"image":{"@id":"https:\/\/www.carideal.com\/blog\/2013\/03\/13\/peugeot-208-3\/#primaryimage"},"thumbnailUrl":"https:\/\/www.carideal.com\/blog\/wp-content\/uploads\/2013\/03\/peugeot-208_m.jpg","datePublished":"2013-03-13T13:20:00+00:00","dateModified":"2019-12-16T14:39:05+00:00","description":"Marc Giuloli, directeur marketing de Peugeot France, annonce sa satisfaction des r\u00e9sultats de la Citadine Peugeot 208. Mais il suivra sans doute avec attention les chiffres de ces prochaines semaines.","breadcrumb":{"@id":"https:\/\/www.carideal.com\/blog\/2013\/03\/13\/peugeot-208-3\/#breadcrumb"},"inLanguage":"fr-FR","potentialAction":[{"@type":"ReadAction","target":["https:\/\/www.carideal.com\/blog\/2013\/03\/13\/peugeot-208-3\/"]}]},{"@type":"ImageObject","inLanguage":"fr-FR","@id":"https:\/\/www.carideal.com\/blog\/2013\/03\/13\/peugeot-208-3\/#primaryimage","url":"https:\/\/www.carideal.com\/blog\/wp-content\/uploads\/2013\/03\/peugeot-208_m.jpg","contentUrl":"https:\/\/www.carideal.com\/blog\/wp-content\/uploads\/2013\/03\/peugeot-208_m.jpg","width":448,"height":336,"caption":"La Peugeot 208 au sein du march\u00e9 des citadines"},{"@type":"BreadcrumbList","@id":"https:\/\/www.carideal.com\/blog\/2013\/03\/13\/peugeot-208-3\/#breadcrumb","itemListElement":[{"@type":"ListItem","position":1,"name":"Blog Carid\u00e9al","item":"https:\/\/www.carideal.com\/blog\/"},{"@type":"ListItem","position":2,"name":"March\u00e9 automobile","item":"https:\/\/www.carideal.com\/blog\/marche-automobile-voiture-neuve-occasion-4x4-suv\/"},{"@type":"ListItem","position":3,"name":"La Peugeot 208 au sein du march\u00e9 des citadines"}]},{"@type":"WebSite","@id":"https:\/\/www.carideal.com\/blog\/#website","url":"https:\/\/www.carideal.com\/blog\/","name":"Blog auto Carid\u00e9al","description":"Actualit\u00e9 auto par des passionn\u00e9s","publisher":{"@id":"https:\/\/www.carideal.com\/blog\/#organization"},"potentialAction":[{"@type":"SearchAction","target":{"@type":"EntryPoint","urlTemplate":"https:\/\/www.carideal.com\/blog\/?s={search_term_string}"},"query-input":{"@type":"PropertyValueSpecification","valueRequired":true,"valueName":"search_term_string"}}],"inLanguage":"fr-FR"},{"@type":"Organization","@id":"https:\/\/www.carideal.com\/blog\/#organization","name":"Carideal","url":"https:\/\/www.carideal.com\/blog\/","logo":{"@type":"ImageObject","inLanguage":"fr-FR","@id":"https:\/\/www.carideal.com\/blog\/#\/schema\/logo\/image\/","url":"http:\/\/www.carideal.com\/blog\/wp-content\/uploads\/2016\/03\/logo-carideal-mandataire-automobile.png","contentUrl":"http:\/\/www.carideal.com\/blog\/wp-content\/uploads\/2016\/03\/logo-carideal-mandataire-automobile.png","width":300,"height":300,"caption":"Carideal"},"image":{"@id":"https:\/\/www.carideal.com\/blog\/#\/schema\/logo\/image\/"},"sameAs":["https:\/\/www.facebook.com\/Carideal.mandataire.automobile","https:\/\/x.com\/caridealauto","https:\/\/www.instagram.com\/carideal1\/","https:\/\/www.linkedin.com\/company\/carideal.com","https:\/\/fr.pinterest.com\/schiavonsas\/","https:\/\/www.youtube.com\/user\/caridealsas"]},{"@type":"Person","@id":"https:\/\/www.carideal.com\/blog\/#\/schema\/person\/985c7e757d1042d647f21bfaf8d41ebc","name":"N.S Carideal","image":{"@type":"ImageObject","inLanguage":"fr-FR","@id":"https:\/\/www.carideal.com\/blog\/#\/schema\/person\/image\/","url":"https:\/\/secure.gravatar.com\/avatar\/edb7ccdf1a4e3d14aef967760d354d0e?s=96&r=g","contentUrl":"https:\/\/secure.gravatar.com\/avatar\/edb7ccdf1a4e3d14aef967760d354d0e?s=96&r=g","caption":"N.S Carideal"},"description":"Depuis tout petit fan d'automobile. Il est question d'essayer et de comparer toutes ces voitures qui nous ont fait r\u00e9ver, avant que celles-ci ne devient uniquement des voitures de collection.","sameAs":["http:\/\/www.carideal.com\/blog","https:\/\/www.facebook.com\/Carideal.mandataire.automobile\/","https:\/\/www.linkedin.com\/in\/nschiavon\/","https:\/\/www.youtube.com\/user\/caridealsas\/"],"url":"https:\/\/www.carideal.com\/blog\/author\/admin_carideal\/"}]}},"uagb_featured_image_src":{"full":["https:\/\/www.carideal.com\/blog\/wp-content\/uploads\/2013\/03\/peugeot-208_m.jpg",448,336,false],"thumbnail":["https:\/\/www.carideal.com\/blog\/wp-content\/uploads\/2013\/03\/peugeot-208_m-150x150.jpg",150,150,true],"medium":["https:\/\/www.carideal.com\/blog\/wp-content\/uploads\/2013\/03\/peugeot-208_m-300x225.jpg",300,225,true],"medium_large":["https:\/\/www.carideal.com\/blog\/wp-content\/uploads\/2013\/03\/peugeot-208_m.jpg",448,336,false],"large":["https:\/\/www.carideal.com\/blog\/wp-content\/uploads\/2013\/03\/peugeot-208_m.jpg",448,336,false],"1536x1536":["https:\/\/www.carideal.com\/blog\/wp-content\/uploads\/2013\/03\/peugeot-208_m.jpg",448,336,false],"2048x2048":["https:\/\/www.carideal.com\/blog\/wp-content\/uploads\/2013\/03\/peugeot-208_m.jpg",448,336,false],"wppr-widget":["https:\/\/www.carideal.com\/blog\/wp-content\/uploads\/2013\/03\/peugeot-208_m-50x38.jpg",50,38,true]},"uagb_author_info":{"display_name":"N.S Carideal","author_link":"https:\/\/www.carideal.com\/blog\/author\/admin_carideal\/"},"uagb_comment_info":0,"uagb_excerpt":"La Peugeot 208 au sein du march\u00e9 des citadines &nbsp; Marc Giuloli, directeur marketing de Peugeot France, annonce sa satisfaction des r\u00e9sultats de la Citadine Peugeot 208. Mais il suivra sans doute avec attention les chiffres de ces prochaines semaines. Car sa rivale n\u00b01, la Renault Clio IV, est entr\u00e9e en piste. Et surtout, la\u2026","_links":{"self":[{"href":"https:\/\/www.carideal.com\/blog\/wp-json\/wp\/v2\/posts\/1335"}],"collection":[{"href":"https:\/\/www.carideal.com\/blog\/wp-json\/wp\/v2\/posts"}],"about":[{"href":"https:\/\/www.carideal.com\/blog\/wp-json\/wp\/v2\/types\/post"}],"author":[{"embeddable":true,"href":"https:\/\/www.carideal.com\/blog\/wp-json\/wp\/v2\/users\/1"}],"replies":[{"embeddable":true,"href":"https:\/\/www.carideal.com\/blog\/wp-json\/wp\/v2\/comments?post=1335"}],"version-history":[{"count":0,"href":"https:\/\/www.carideal.com\/blog\/wp-json\/wp\/v2\/posts\/1335\/revisions"}],"wp:featuredmedia":[{"embeddable":true,"href":"https:\/\/www.carideal.com\/blog\/wp-json\/wp\/v2\/media\/20563"}],"wp:attachment":[{"href":"https:\/\/www.carideal.com\/blog\/wp-json\/wp\/v2\/media?parent=1335"}],"wp:term":[{"taxonomy":"category","embeddable":true,"href":"https:\/\/www.carideal.com\/blog\/wp-json\/wp\/v2\/categories?post=1335"},{"taxonomy":"post_tag","embeddable":true,"href":"https:\/\/www.carideal.com\/blog\/wp-json\/wp\/v2\/tags?post=1335"}],"curies":[{"name":"wp","href":"https:\/\/api.w.org\/{rel}","templated":true}]}}