{"id":1334,"date":"2013-03-12T09:34:00","date_gmt":"2013-03-12T09:34:00","guid":{"rendered":"http:\/\/carideal.com\/blog\/?p=1334"},"modified":"2020-03-07T20:26:06","modified_gmt":"2020-03-07T19:26:06","slug":"voiture-recente-des-bonne-occasions-a-faire","status":"publish","type":"post","link":"https:\/\/www.carideal.com\/blog\/2013\/03\/12\/voiture-recente-des-bonne-occasions-a-faire\/","title":{"rendered":"Voiture d&rsquo;occasion pour tout le monde"},"content":{"rendered":"<h2>VOITURE D'OCCASION\u00a0POUR TOUT LE MONDE<\/h2>\n<p>Pourquoi <span style=\"text-decoration: underline;\">acheter une <a href=\"http:\/\/www.carideal.com\/blog\/voitures-occasions\/\">voiture d'occasion<\/a><\/span> ? L'<span style=\"text-decoration: underline;\">achat d'une <a href=\"http:\/\/www.carideal.com\/blog\/voiture-neuve-region\/\">voiture\u00a0neuve<\/a><\/span> permet de choisir la cat\u00e9gorie de la voiture, la version, les options le coloris, les accessoires, la dur\u00e9e de la <span style=\"text-decoration: underline;\"><a href=\"http:\/\/www.carideal.com\/content\/7-extension-garantie\">garantie<\/a><\/span>...<\/p>\n<figure id=\"attachment_15474\" aria-describedby=\"caption-attachment-15474\" style=\"width: 590px\" class=\"wp-caption aligncenter\"><img loading=\"lazy\" decoding=\"async\" class=\"size-full wp-image-15474\" src=\"http:\/\/www.carideal.com\/blog\/wp-content\/uploads\/2017\/02\/10000-mod\u00e8les-de-voitures-en-France-carideal-mandataire-automobile-e1488188683617.png\" alt=\"Voitures d'occasions\" width=\"600\" height=\"300\" \/><figcaption id=\"caption-attachment-15474\" class=\"wp-caption-text\">Voitures d'occasions<\/figcaption><\/figure>\n<p>En revanche une voiture perd une grande partie de sa valeur pendant ses deux premi\u00e8re ann\u00e9es. Il est donc int\u00e9ressant de s'orienter vers une voiture d'occasion r\u00e9cente, peu utilis\u00e9e, et dont la <a href=\"http:\/\/www.carideal.com\/blog\/2019\/06\/26\/les-voitures-qui-se-deprecient-le-plus-rapidement\/\">valeur a fortement chut\u00e9<\/a>. Et ce, d'autant plus qu'il existe plusieurs fili\u00e8res pour acqu\u00e9rir une voiture d'occasion.<\/p>\n<p>Traditionnellement, c'est en fin et en d\u00e9but d'ann\u00e9e que le march\u00e9 de la voiture d'occasion r\u00e9cente est le plus int\u00e9ressant\u00a0: les parcs des distributeurs, revendeurs et concessionnaires automobile regorgeant alors de mod\u00e8les \u00e0 la provenance multiple. Si les prix de la voiture d'occasion sont avantageux, certains mod\u00e8les sont toutefois loin d'\u00eatre liquid\u00e9s, notamment ceux des marques allemandes dite \"premium\" (<a href=\"http:\/\/www.carideal.com\/blog\/marque-de-voiture-actualites-essais\/audi\/\"><span style=\"text-decoration: underline;\">Audi<\/span><\/a>, <a href=\"http:\/\/www.carideal.com\/blog\/marque-de-voiture-actualites-essais\/bmw\/\"><span style=\"text-decoration: underline;\">BMW<\/span><\/a> et <a href=\"http:\/\/www.carideal.com\/blog\/marque-de-voiture-actualites-essais\/mercedes\/\"><span style=\"text-decoration: underline;\">Mercedes<\/span><\/a>).<\/p>\n<p>Les prix de revente restent alors \u00e9lev\u00e9s, tout comme pour les voitures tendances, type <a href=\"http:\/\/www.carideal.com\/blog\/2013\/02\/15\/la-frenesie-de-mini\/\">Mini<\/a>. Il y a aussi une cat\u00e9gorie qui a le vent en poupe, celle des <a href=\"http:\/\/www.carideal.com\/blog\/2014\/05\/22\/les-suv-de-2014\/\">SUV<\/a>. S'il est alors possible d'obtenir des prix inf\u00e9rieurs de 10% environ par rapport du neuf, inutile d'esp\u00e9rer -40 % comme c'est le cas pour d'autre mod\u00e8les. Enfin, si les tarifs des voitures d'occasions de moins d'un an sont tr\u00e8s attractifs, il faut garder en t\u00eate la p\u00e9riode de garantie est d'autant plus r\u00e9duite et que les compteurs affichent entre 10 000 et 30 000 km.<\/p>\n<h2>D'o\u00f9 viennent ces voitures d'occasions\u00a0?<\/h2>\n<h3>Voiture d'occasion de\u00a0Collaborateurs\u00a0:<\/h3>\n<p>Le Collaborateur\u00a0est un salari\u00e9 d'un constructeur b\u00e9n\u00e9ficiant de tarif de voiture\u00a0neuve avantageux. Il est parfois possible de commander directement \u00e0 un collaborateur un mod\u00e8le avec la couleur et les options de son choix. N\u00e9anmoins il faut attendre l'expiration du d\u00e9lai impos\u00e9, de quatre \u00e0 six mois suivant le constructeur, avant de prendre possession de sa\u00a0voiture d'occasion.<\/p>\n<h3>Voiture d'occasion en\u00a0retour de location\u00a0:<\/h3>\n<p>Un constructeur peut vendre des v\u00e9hicules neufs gr\u00e2ce \u00e0 la location de courte dur\u00e9e. Certains en usent pour gonfler leurs chiffres de ventes de voiture neuve, mais se pose ensuite le probl\u00e8me de leur revente en voiture d'occasion. Surtout lorsqu'il s'agit de \"buy back\", c'est \u00e0 dire de v\u00e9hicules d'occasion qui reviennent chez le constructeur apr\u00e8s environ six mois d'utilisation par un loueur. Les retours de location ont tendances \u00e0 saturer le march\u00e9 de la voiture d'occasion de versions d'entr\u00e9e de gamme \u00e9quip\u00e9es de moteurs diesels de base, qui ne sont pas les plus pris\u00e9es. Voil\u00e0 pourquoi les annonces d'<span style=\"text-decoration: underline;\">achat de\u00a0Peugeot 508<\/span>, d'<span style=\"text-decoration: underline;\">achat de\u00a0Citro\u00ebn C3<\/span> ou encore de <span style=\"text-decoration: underline;\">Renault Twingo<\/span> inondent les sites de voiture d'occasion.<\/p>\n<h3>Voiture d'occasion de\u00a0Mandataires\u00a0:<\/h3>\n<p>Cette fili\u00e8re n'est pas \u00e0 n\u00e9gliger: les remises consenties y sont int\u00e9ressantes et le volume cons\u00e9quent. C'est le cas notamment pour la <span style=\"text-decoration: underline;\">Clio 4<\/span>\u00a0dont plusieurs centaines de mod\u00e8les sont d\u00e9j\u00e0 propos\u00e9es en voiture d'occasion. Attention, suivant sa provenance ( Espagne, Belgique, Allemagne...), la dotation des \u00e9quipements peut varier et il est important de lister totalement les \u00e9quipements pour ne pas avoir de mauvaises surprise, mais aussi pour s'assurer d'une bonne revente par la suite. Un\u00a0site internet de confiance: <a href=\"http:\/\/www.carideal.com\">www.Carideal.com<\/a><\/p>\n<h3>Voiture d'occasion et\u00a0V\u00e9hicules de d\u00e9monstration\u00a0:<\/h3>\n<p>Les VD (v\u00e9hicule de d\u00e9monstration) sont des mod\u00e8les qui font office de voitures d'essai ou qui tr\u00f4nent dans les showrooms. Les concessionnaires touchant des remises plus importantes sur ces v\u00e9hicules qui, en outre, ont fr\u00e9quemment de nombreuses options, il se montrent souvent plus g\u00e9n\u00e9reux lors de la revente. Il est en revanche impossible de choisir \" sa\" version. Faire le tour des concessions permet de trouver le mod\u00e8le qui convient le mieux. Pour gagner du temps, certains sites permettent de visualiser les stocks des concessionnaires.<\/p>\n<h3>Voiture d'occasion\u00a0\"0 KM\"\u00a0:<\/h3>\n<p>Depuis la fin de l'automne, les v\u00e9hicules neufs immatricul\u00e9s, plus commun\u00e9ment d\u00e9nom\u00e9s voitures d'occasions \"0 KM\", envahissent les concessions. Deux raisons \u00e0 cela. Face \u00e0 la surcapacit\u00e9 des usines et au gonflement des stocks les constructeurs ont pouss\u00e9 leur r\u00e9seau \u00e0 les absorber. D'autre part, l'annonce du durcissement du bar\u00e8me du <span style=\"text-decoration: underline;\"><a href=\"http:\/\/www.carideal.com\/blog\/2013\/10\/25\/bonus-malus-tvs-2014\/\">bonus \/ malus<\/a><\/span> par le gouvernement a incit\u00e9 certains constructeurs \u00e0 donner pour consigne d'immatriculer tous les mod\u00e8les qui sortaient de la zone du bonus ainsi que ceux qui seraient le plus durement p\u00e9nalis\u00e9s par le <span style=\"text-decoration: underline;\"><a href=\"http:\/\/www.carideal.com\/blog\/2013\/01\/24\/le-bonus-malus-2013-va-augmenter-la-polution\/\">malus<\/a><\/span> en 2013. De tr\u00e8s bonnes affaires sont donc \u00e0 r\u00e9aliser sur certaine voiture d'occasion, d'autant que les professionnels souhaitent les revendre rapidement.<\/p>\n<h2>Voiture d'occasion Citadines et polyvalentes des belles remises<\/h2>\n<h3>Voiture d'occasion Clio 3\u00a0:<\/h3>\n<p>1.5 dCi 90 Expression clim<br \/>\nValeur neuve\u00a0: 17900\u20ac<br \/>\nA partir de 10000\u20ac<br \/>\n-44%<\/p>\n<p>Malgr\u00e9 sa rempla\u00e7ante la Renault Clio 3 continue sa carri\u00e8re sous l'appellation Collection . Profitant de prestations encore concurrentielles, elles n'a pas \u00e0 rougir face \u00e0 des rivales plus r\u00e9centes. Habitabilit\u00e9 correcte, confort de suspension excellente, pr\u00e9sentation de bonne facture: la Clio est un bon choix. Par ailleurs, la m\u00e9canique de 90 ch a suffisamment de ressources pour sortir de la ville sereinement. Enfin, la <span style=\"text-decoration: underline;\"><a href=\"http:\/\/www.carideal.com\/blog\/2013\/01\/24\/quand-brio-rime-avec-ecolo\/\">Clio<\/a><\/span> est une bonne \u00e9l\u00e8ve au chapitre fiabilit\u00e9.<\/p>\n<h3>Voiture d'occasion Ford Fiesta\u00a0:<\/h3>\n<p>1.4 TDCI 70 Trend<br \/>\nValeur neuve\u00a0: 16800 \u20ac<br \/>\nA partir de 10000\u20ac<br \/>\n-41%<\/p>\n<p>La version restyl\u00e9e n'est pas encore disponible mais \"l'ancienne\" <a href=\"http:\/\/www.carideal.com\/blog\/2013\/03\/22\/ford-fiesta-2\/\"><span style=\"text-decoration: underline;\">Fiesta<\/span><\/a>, pr\u00e9sente un int\u00e9r\u00eat certain et son look est encore tr\u00e8s actuel. Hormis une insonorisation un peu l\u00e9g\u00e8re, elle n'a pas de gros d\u00e9faut. Le compromis confort\/comportement routier est excellent et l'\u00e9quipement comprend l'essentiel dans cette finition Trend ( Climatisation, antibrouillards, r\u00e9troviseur d\u00e9givrants...). La puissance du petit <span style=\"text-decoration: underline;\"><a href=\"http:\/\/www.carideal.com\/blog\/2010\/05\/28\/ford-fiesta-1-6-tdci-90\/\">TDCi<\/a><\/span> est modeste, mais le poids contenu permet de pr\u00e9server ses performances et sa consommation. Enfin, le bilan m\u00e9canique ne fait ressortir aucun dommage grave.<\/p>\n<h3>Voiture d'occasion Opel Corsa\u00a0:<\/h3>\n<p>1.3 CDTI Edition Valeur neuve: 17390\u20ac A partir de 10000\u20ac -40%<\/p>\n<p>Pris\u00e9e par les loueurs, la <a href=\"http:\/\/www.carideal.com\/blog\/2014\/07\/12\/opel-corsa-2015-en-decembre\/\"><span style=\"text-decoration: underline;\">Corsa<\/span><\/a> est tr\u00e8s repr\u00e9sent\u00e9e sur le march\u00e9, permettant de trouver le meilleur prix. Elle n'affiche pas les meilleures prestations de la cat\u00e9gorie, mais sa ligne pla\u00eet toujours. L'insonorisation, la finition, le comportement et l'agr\u00e9ment sont corrects, sans plus. En revanche, elle se rattrape avec un \u00e9quipement fourni et dispose d'une belle habitabilit\u00e9. C\u00f4t\u00e9 fiabilit\u00e9 de la Corsa, les mod\u00e8les r\u00e9cents pr\u00e9sentent une meilleure tranquillit\u00e9 d'utilisation.<\/p>\n<h2>Voiture d'occasion Compacte<\/h2>\n<h3>Voiture d'occasion Peugeot 308\u00a0:<\/h3>\n<p>HDi 92 Active<br \/>\n\u00c0 partir de 12 000 \u20ac<br \/>\nValeur neuve\u00a0: 23 850 \u20ac<br \/>\n-46 %<\/p>\n<p>C'est sans aucun doute la meilleure affaire de la cat\u00e9gorie. Plus fiable depuis son restylage d'avril 2011, la <a href=\"http:\/\/www.carideal.com\/blog\/2013\/08\/25\/nouvelle-peugeot-308\/\"><span style=\"text-decoration: underline;\">308<\/span><\/a> est une bonne compagne de voyage. Bien pr\u00e9sent\u00e9e et relativement habitable, elle dispose de qualit\u00e9 dynamiques qui raviront son conducteur. Si son bloc <span style=\"text-decoration: underline;\"><a href=\"http:\/\/www.carideal.com\/blog\/2015\/05\/04\/record-du-monde-de-consommation-pour-peugeot-avec-2l-aux-100-km-pour-une-208-bluehdi\/\">HDi<\/a><\/span> n'est pas foudre de guerre, il pr\u00e9sente l'avantage de pr\u00e9server le porte monnaie. Par ailleurs cette finition Allure, fortement diffus\u00e9e, dispose de la climatisation bizone, de jantes en alliage de 16 pouces, des essuie-glaces et phares automatique ou encore du kit Bluetooth. Relire l'<a href=\"http:\/\/www.carideal.com\/blog\/2013\/11\/11\/nouvelle-peugeot-308-essai\/\">\u00e9ssai de la Peugeot 308<\/a>.<\/p>\n<h3>Voiture d'occasion Renault M\u00e9gane 3\u00a0:<\/h3>\n<p>1.5 dCi 110 Expression<br \/>\n\u00c0 partir de 14 000 \u20ac<br \/>\nValeur neuve\u00a0: 23 750 \u20ac<br \/>\n-41 %<\/p>\n<p>M\u00eame si la <a href=\"http:\/\/www.carideal.com\/blog\/2012\/05\/21\/renault-megane-tce-115\/\"><span style=\"text-decoration: underline;\">M\u00e9gane<\/span><\/a> a chang\u00e9 de physionomie, cette troisi\u00e8me g\u00e9n\u00e9ration n'est pas le timide restylage de mars dernier qui a fait dispara\u00eetre ses d\u00e9fauts. La M\u00e9gane est loin d'\u00eatre un mauvais produit, mais l'insonorisation et l'habitabilit\u00e9 arri\u00e8re sont en retrait par rapport \u00e0 la concurrence. Le confort appara\u00eet aussi un peu plus ferme qu'auparavant. Pour le reste, cette compacte est agr\u00e9able \u00e0 vivre avec une pr\u00e9sentation correcte et un \u00e9quipement sans lacune. Enfin, elle dispense une bonne tranquillit\u00e9 d'utilisation au chapitre <a href=\"http:\/\/www.carideal.com\/blog\/2014\/01\/10\/renault-megane-restylee-iii\/\">fiabilit\u00e9<\/a>.<\/p>\n<h3>Voiture d'occasion Citro\u00ebn C4\u00a0:<\/h3>\n<p>1.6 HDi 90 Confort<br \/>\n\u00c0 partir de 14 000 \u20ac<br \/>\nValeur neuve\u00a0: 22 650 \u20ac<br \/>\n-40 %<\/p>\n<p>La cousine de la Peugeot 308 n'a pas encore trois ans de carri\u00e8re, mais ces tarifs deviennent tr\u00e8s int\u00e9ressant. Pr\u00e9sentation cossue, confort de premier plan, grand coffre de plus de 400 litres: la <a href=\"http:\/\/www.carideal.com\/blog\/2015\/03\/11\/citroen-c4-la-reconquete\/\"><span style=\"text-decoration: underline;\">Citro\u00ebn C4<\/span><\/a> se r\u00e9v\u00e8le tr\u00e8s agr\u00e9able \u00e0 vivre au quotidien. Le conducteur devra composer avec un moteur souple mais un peu juste, \u00e0 cause du poids \u00e9lev\u00e9. C\u00f4t\u00e9 fiabilit\u00e9 la Citroen C4 2\u00a0est bien plac\u00e9e. Cette compacte est un bon choix pour la cat\u00e9gorie.<\/p>\n<h2>Voiture d'occasion Familiales\u00a0:<\/h2>\n<h3>Voiture d'occasion Renault Laguna 3\u00a0:<\/h3>\n<p>1.5 dCi 110 Black Edition<br \/>\n\u00c0 partir de 15 500 \u20ac<br \/>\nValeur neuve: 27 400 \u20ac<\/p>\n<p>La <a href=\"http:\/\/www.carideal.com\/blog\/2011\/02\/05\/renault-laguna-iii-la-mauvaise-reputation\/\"><span style=\"text-decoration: underline;\">Renault Laguna<\/span><\/a> a du mal \u00e0 trouver preneur et cela se voit. Pourtant, cette berline \u00e0 des qualit\u00e9s \u00e0 mettre en avant . Son ch\u00e2ssis dynamique offre une belle tenue de route et un agr\u00e9ment certain \u00e0 son conducteur. Le confort en p\u00e2tit un peu \u00e0 faible vitesse, mais tout rentre dans l'ordre lorsque le rythme s'acc\u00e9l\u00e8re. L'habitabilit\u00e9 est un peu en retrait face \u00e0 la concurrence, mais ses mensurations ext\u00e9rieurs sont plus r\u00e9duites. En revanche, les occupants profitent d'une belle pr\u00e9sentation et d'un \u00e9quipement encore \u00e0 l'ordre du jour. A contrario de l'ancienne g\u00e9n\u00e9ration, la Laguna 3\u00a0est bien construite et aucun d\u00e9faut sur la fiabilit\u00e9.<\/p>\n<h3>Voiture d'ocasion Peugeot 508\u00a0:<\/h3>\n<p>1.6 HDi 112 Active<br \/>\n\u00c0 partir de 17 000 \u20ac<br \/>\nValeur neuve\u00a0: 27 450 \u20ac<br \/>\n-38 %<\/p>\n<p>Apparue en f\u00e9vrier 2011, la <a href=\"http:\/\/www.carideal.com\/blog\/2012\/06\/15\/peugeot-508\/\"><span style=\"text-decoration: underline;\">Peugeot 508<\/span><\/a> est d\u00e9j\u00e0 tr\u00e8s pr\u00e9sente sur le march\u00e9 de l'occasion. Notamment en version HDi 112 Active, cette derni\u00e8re \u00e9tant tr\u00e8s largement diffus\u00e9e aupr\u00e8s des entreprises. Les tarifs sont donc au plus bas. M\u00eame si elle n'est pas la plus haute de la gamme, cette finition offre le principal , climatisation bizone, les capteurs de pluie et de lumi\u00e8re ou encore le radar de recul. C\u00f4t\u00e9 motorisation, le HDi remplit convenablement son r\u00f4le. Quant \u00e0 la fiabilit\u00e9, la 508 est une auto bien n\u00e9e et ne pose pas de probl\u00e8me.<\/p>\n<h3>Voiture d'occasion Citro\u00ebn C5\u00a0:<\/h3>\n<p>1.6 HDi 110 Confort<br \/>\n\u00c0 partir de 17 500 \u20ac<br \/>\nValeur neuve\u00a0: 27 250 \u20ac<br \/>\n-37 %<\/p>\n<p>Connu pour son confort Citro\u00ebn ne s'\u00e9carte pas de la r\u00e8gle avec sa familiale. Les passagers appr\u00e9cieront, le conducteur un peu moins car la conduite dynamique n'est pas sa qualit\u00e9 premi\u00e8re. Cependant, la souplesse m\u00e9canique est de mise, notamment avec ce moteur HDi. Sobre, il a fort \u00e0 faire avec le poids qui p\u00e9nalise ses performances. Pas de reproche en revanche en ce qui concerne la dotation de s\u00e9rie et la finition. Dommage que l'espace aux jambes aux places arri\u00e8re soit en retrait par rapport au gabarit de la <span style=\"text-decoration: underline;\">Citroen C5<\/span>.<\/p>\n<h2>Voiture d'occasion Monospaces<\/h2>\n<h3>Voiture d'occasion Renault Sc\u00e9nic 3\u00a0:<\/h3>\n<p>1.5 dCi 110 Expression<br \/>\n\u00c0 partir de 15 500 \u20ac<br \/>\nValeur neuve: 26 550 \u20ac<br \/>\n-41 %<\/p>\n<p>Tr\u00e8s bon sur le march\u00e9 fran\u00e7ais, mais le <a href=\"http:\/\/www.carideal.com\/blog\/2013\/09\/01\/que-vaut-le-nouveau-renault-scenic-scenic-restyle\/\"><span style=\"text-decoration: underline;\">Sc\u00e9nic<\/span><\/a> est aussi le mod\u00e8le qui conna\u00eet la plus grande perte de valeur initiale dans sa cat\u00e9gorie. Pourtant, les qualit\u00e9s ne lui manquent pas, comme son niveau de confort, la sobri\u00e9t\u00e9 de ses moteurs diesels, ou encore son comportement routier. On peut toutefois regretter un volume de coffre juste sur le Sc\u00e9nic court et une modularit\u00e9 limit\u00e9e. Sur ce Sc\u00e9nic il faut d\u00e9monter les les lourds et encombrants si\u00e8ges. Le Sc\u00e9nic se rattrape par de nombreux rangements dispos\u00e9s un peu partout dans l'habitacle. Enfin, ce mod\u00e8le ne pr\u00e9sente pas de gros probl\u00e8mes au chapitre <span style=\"text-decoration: underline;\"><a href=\"http:\/\/www.carideal.com\/blog\/2015\/05\/29\/quel-renault-scenic-doccasion-choisir-et-acheter\/\">fiabilit\u00e9<\/a><\/span>.<\/p>\n<h3>Voiture d'occasion Citro\u00ebn C4 Picasso\u00a0:<\/h3>\n<p>1.6 HDi 110 Confort<br \/>\n\u00c0 partir de 16 000 \u20ac<br \/>\nValeur neuve\u00a0: 26 800 \u20ac<br \/>\n-40 %<\/p>\n<p>Mod\u00e8le en fin de carri\u00e8re le <a href=\"http:\/\/www.carideal.com\/blog\/2013\/02\/13\/plus-moderne-que-celui-qu-il-vient-remplacer-le-c4-picasso-jouera-gros-dans-un-marche-difficile\/\"><span style=\"text-decoration: underline;\">Picasso<\/span><\/a> reste pourtant d'actualit\u00e9. Sa qualit\u00e9 de vie \u00e0 bord est ind\u00e9niable. Lumineux gr\u00e2ce \u00e0 ses surfaces vitr\u00e9es, il dispense un grand confort de suspension. La modularit\u00e9 est aussi son point fort avec des si\u00e8ges enti\u00e8rement escamotable dans le plancher. La place du conducteur n'est pas la meilleure \u00e0 bord du Picasso le comportement pataud et la mauvaise ergonomie des commandes au volant demandant un peu d'habitude. A noter que la bo\u00eete de vitesse robotis\u00e9e BMP6 n'est pas recommand\u00e9e. En plus d'\u00eatre lente et peu agr\u00e9able, la fiabilit\u00e9 n'est pas son point fort. Relire le comparatif <a href=\"http:\/\/www.carideal.com\/blog\/2013\/11\/17\/renault-scenic-et-citroen-c4-picasso-se-tirent-la-bourre-essai\/\"><span style=\"text-decoration: underline;\">Renault Scenic VS C4 Picasso<\/span>.<\/a><\/p>\n<h3>Voiture d'occasion Peugeot 5008\u00a0:<\/h3>\n<p>1.6 HDi 112 Active<br \/>\n\u00c0 partir de 16 500 \u20ac<br \/>\nValeur neuve\u00a0: 27 100 \u20ac<br \/>\n-39 %<\/p>\n<p>B\u00e2ti sur la m\u00eame plateforme que le C4 Picasso, le <a href=\"http:\/\/www.carideal.com\/blog\/2013\/12\/20\/nouveau-peugeot-5008-restyle\/\"><span style=\"text-decoration: underline;\">5008<\/span><\/a> d\u00e9voile un tout autre visage au volant. Le roulis est ici ma\u00eetris\u00e9 et le conducteur a davantage l'impression de conduire une berline. Le poste de conduite est agr\u00e9able et la pr\u00e9sentation est de bonne facture. Au chapitre modularit\u00e9, c'est presque un sans faute avec des si\u00e8ges se repliant dans le plancher. Disponible en version \u00e0 sept places, le 5008 p\u00e8che par la s\u00e9cheresse de ses suspensions \u00e0 basse vitesse, mais il se rattrape gr\u00e2ce \u00e0 une bonne fiabilit\u00e9 en occasion.<\/p>\n","protected":false},"excerpt":{"rendered":"<p>VOITURE D&rsquo;OCCASION\u00a0POUR TOUT LE MONDE Pourquoi acheter une voiture d&rsquo;occasion ? L&rsquo;achat d&rsquo;une voiture\u00a0neuve permet de choisir la cat\u00e9gorie de la voiture, la version, les options le coloris, les accessoires, la dur\u00e9e de la garantie&#8230; En revanche une voiture perd une grande partie de sa valeur pendant ses deux premi\u00e8re ann\u00e9es. Il est donc int\u00e9ressant &#8230; <a title=\"Voiture d&rsquo;occasion pour tout le monde\" class=\"read-more\" href=\"https:\/\/www.carideal.com\/blog\/2013\/03\/12\/voiture-recente-des-bonne-occasions-a-faire\/\" aria-label=\"En savoir plus sur Voiture d&rsquo;occasion pour tout le monde\">Lire plus<\/a><\/p>\n","protected":false},"author":1,"featured_media":15474,"comment_status":"open","ping_status":"open","sticky":false,"template":"","format":"standard","meta":{"_uag_custom_page_level_css":"","_themeisle_gutenberg_block_has_review":false,"footnotes":""},"categories":[5,5944,5968,6017,5946,5963,10],"tags":[],"class_list":["post-1334","post","type-post","status-publish","format-standard","has-post-thumbnail","hentry","category-citroen","category-constructeur","category-ford","category-opel","category-peugeot","category-renault","category-marche-automobile-voiture-neuve-occasion-4x4-suv"],"wppr_data":{"cwp_meta_box_check":"No"},"yoast_head":"<!-- This site is optimized with the Yoast SEO plugin v24.8.1 - https:\/\/yoast.com\/wordpress\/plugins\/seo\/ -->\n<title>Voiture d&#039;occasion pour tout le monde - Blog auto Carid\u00e9al<\/title>\n<meta name=\"description\" content=\"Voiture d&#039;occasion les voitures r\u00e9centes offrent plus de remise ! tandis que l&#039;achat d&#039;une voiture neuve permet de choisir la cat\u00e9gorie de la voiture\" \/>\n<meta name=\"robots\" content=\"index, follow, max-snippet:-1, max-image-preview:large, max-video-preview:-1\" \/>\n<link rel=\"canonical\" href=\"https:\/\/www.carideal.com\/blog\/2013\/03\/12\/voiture-recente-des-bonne-occasions-a-faire\/\" \/>\n<meta property=\"og:locale\" content=\"fr_FR\" \/>\n<meta property=\"og:type\" content=\"article\" \/>\n<meta property=\"og:title\" content=\"Voiture d&#039;occasion pour tout le monde - Blog auto Carid\u00e9al\" \/>\n<meta property=\"og:description\" content=\"Voiture d&#039;occasion les voitures r\u00e9centes offrent plus de remise ! tandis que l&#039;achat d&#039;une voiture neuve permet de choisir la cat\u00e9gorie de la voiture\" \/>\n<meta property=\"og:url\" content=\"https:\/\/www.carideal.com\/blog\/2013\/03\/12\/voiture-recente-des-bonne-occasions-a-faire\/\" \/>\n<meta property=\"og:site_name\" content=\"Blog auto Carid\u00e9al\" \/>\n<meta property=\"article:publisher\" content=\"https:\/\/www.facebook.com\/Carideal.mandataire.automobile\" \/>\n<meta property=\"article:author\" content=\"https:\/\/www.facebook.com\/Carideal.mandataire.automobile\/\" \/>\n<meta property=\"article:published_time\" content=\"2013-03-12T09:34:00+00:00\" \/>\n<meta property=\"article:modified_time\" content=\"2020-03-07T19:26:06+00:00\" \/>\n<meta property=\"og:image\" content=\"https:\/\/www.carideal.com\/blog\/wp-content\/uploads\/2017\/02\/10000-mod\u00e8les-de-voitures-en-France-carideal-mandataire-automobile-e1488188683617.png\" \/>\n\t<meta property=\"og:image:width\" content=\"600\" \/>\n\t<meta property=\"og:image:height\" content=\"300\" \/>\n\t<meta property=\"og:image:type\" content=\"image\/png\" \/>\n<meta name=\"author\" content=\"N.S Carideal\" \/>\n<meta name=\"twitter:card\" content=\"summary_large_image\" \/>\n<meta name=\"twitter:creator\" content=\"@caridealauto\" \/>\n<meta name=\"twitter:site\" content=\"@caridealauto\" \/>\n<meta name=\"twitter:label1\" content=\"\u00c9crit par\" \/>\n\t<meta name=\"twitter:data1\" content=\"N.S Carideal\" \/>\n\t<meta name=\"twitter:label2\" content=\"Dur\u00e9e de lecture estim\u00e9e\" \/>\n\t<meta name=\"twitter:data2\" content=\"11 minutes\" \/>\n<script type=\"application\/ld+json\" class=\"yoast-schema-graph\">{\"@context\":\"https:\/\/schema.org\",\"@graph\":[{\"@type\":\"Article\",\"@id\":\"https:\/\/www.carideal.com\/blog\/2013\/03\/12\/voiture-recente-des-bonne-occasions-a-faire\/#article\",\"isPartOf\":{\"@id\":\"https:\/\/www.carideal.com\/blog\/2013\/03\/12\/voiture-recente-des-bonne-occasions-a-faire\/\"},\"author\":{\"name\":\"N.S Carideal\",\"@id\":\"https:\/\/www.carideal.com\/blog\/#\/schema\/person\/985c7e757d1042d647f21bfaf8d41ebc\"},\"headline\":\"Voiture d&rsquo;occasion pour tout le monde\",\"datePublished\":\"2013-03-12T09:34:00+00:00\",\"dateModified\":\"2020-03-07T19:26:06+00:00\",\"mainEntityOfPage\":{\"@id\":\"https:\/\/www.carideal.com\/blog\/2013\/03\/12\/voiture-recente-des-bonne-occasions-a-faire\/\"},\"wordCount\":2110,\"commentCount\":0,\"publisher\":{\"@id\":\"https:\/\/www.carideal.com\/blog\/#organization\"},\"image\":{\"@id\":\"https:\/\/www.carideal.com\/blog\/2013\/03\/12\/voiture-recente-des-bonne-occasions-a-faire\/#primaryimage\"},\"thumbnailUrl\":\"https:\/\/www.carideal.com\/blog\/wp-content\/uploads\/2017\/02\/10000-mod\u00e8les-de-voitures-en-France-carideal-mandataire-automobile-e1488188683617.png\",\"articleSection\":[\"Actualit\u00e9 Citroen\",\"Actualit\u00e9 Constructeur automobile\",\"Actualit\u00e9 Ford\",\"Actualit\u00e9 Opel\",\"Actualit\u00e9 Peugeot\",\"Actualit\u00e9 Renault\",\"March\u00e9 automobile\"],\"inLanguage\":\"fr-FR\",\"potentialAction\":[{\"@type\":\"CommentAction\",\"name\":\"Comment\",\"target\":[\"https:\/\/www.carideal.com\/blog\/2013\/03\/12\/voiture-recente-des-bonne-occasions-a-faire\/#respond\"]}]},{\"@type\":\"WebPage\",\"@id\":\"https:\/\/www.carideal.com\/blog\/2013\/03\/12\/voiture-recente-des-bonne-occasions-a-faire\/\",\"url\":\"https:\/\/www.carideal.com\/blog\/2013\/03\/12\/voiture-recente-des-bonne-occasions-a-faire\/\",\"name\":\"Voiture d'occasion pour tout le monde - Blog auto Carid\u00e9al\",\"isPartOf\":{\"@id\":\"https:\/\/www.carideal.com\/blog\/#website\"},\"primaryImageOfPage\":{\"@id\":\"https:\/\/www.carideal.com\/blog\/2013\/03\/12\/voiture-recente-des-bonne-occasions-a-faire\/#primaryimage\"},\"image\":{\"@id\":\"https:\/\/www.carideal.com\/blog\/2013\/03\/12\/voiture-recente-des-bonne-occasions-a-faire\/#primaryimage\"},\"thumbnailUrl\":\"https:\/\/www.carideal.com\/blog\/wp-content\/uploads\/2017\/02\/10000-mod\u00e8les-de-voitures-en-France-carideal-mandataire-automobile-e1488188683617.png\",\"datePublished\":\"2013-03-12T09:34:00+00:00\",\"dateModified\":\"2020-03-07T19:26:06+00:00\",\"description\":\"Voiture d'occasion les voitures r\u00e9centes offrent plus de remise ! tandis que l'achat d'une voiture neuve permet de choisir la cat\u00e9gorie de la voiture\",\"breadcrumb\":{\"@id\":\"https:\/\/www.carideal.com\/blog\/2013\/03\/12\/voiture-recente-des-bonne-occasions-a-faire\/#breadcrumb\"},\"inLanguage\":\"fr-FR\",\"potentialAction\":[{\"@type\":\"ReadAction\",\"target\":[\"https:\/\/www.carideal.com\/blog\/2013\/03\/12\/voiture-recente-des-bonne-occasions-a-faire\/\"]}]},{\"@type\":\"ImageObject\",\"inLanguage\":\"fr-FR\",\"@id\":\"https:\/\/www.carideal.com\/blog\/2013\/03\/12\/voiture-recente-des-bonne-occasions-a-faire\/#primaryimage\",\"url\":\"https:\/\/www.carideal.com\/blog\/wp-content\/uploads\/2017\/02\/10000-mod\u00e8les-de-voitures-en-France-carideal-mandataire-automobile-e1488188683617.png\",\"contentUrl\":\"https:\/\/www.carideal.com\/blog\/wp-content\/uploads\/2017\/02\/10000-mod\u00e8les-de-voitures-en-France-carideal-mandataire-automobile-e1488188683617.png\",\"width\":600,\"height\":300,\"caption\":\"Voitures d'occasions\"},{\"@type\":\"BreadcrumbList\",\"@id\":\"https:\/\/www.carideal.com\/blog\/2013\/03\/12\/voiture-recente-des-bonne-occasions-a-faire\/#breadcrumb\",\"itemListElement\":[{\"@type\":\"ListItem\",\"position\":1,\"name\":\"Blog Carid\u00e9al\",\"item\":\"https:\/\/www.carideal.com\/blog\/\"},{\"@type\":\"ListItem\",\"position\":2,\"name\":\"March\u00e9 automobile\",\"item\":\"https:\/\/www.carideal.com\/blog\/marche-automobile-voiture-neuve-occasion-4x4-suv\/\"},{\"@type\":\"ListItem\",\"position\":3,\"name\":\"Voiture d&rsquo;occasion pour tout le monde\"}]},{\"@type\":\"WebSite\",\"@id\":\"https:\/\/www.carideal.com\/blog\/#website\",\"url\":\"https:\/\/www.carideal.com\/blog\/\",\"name\":\"Blog auto Carid\u00e9al\",\"description\":\"Actualit\u00e9 auto par des passionn\u00e9s\",\"publisher\":{\"@id\":\"https:\/\/www.carideal.com\/blog\/#organization\"},\"potentialAction\":[{\"@type\":\"SearchAction\",\"target\":{\"@type\":\"EntryPoint\",\"urlTemplate\":\"https:\/\/www.carideal.com\/blog\/?s={search_term_string}\"},\"query-input\":{\"@type\":\"PropertyValueSpecification\",\"valueRequired\":true,\"valueName\":\"search_term_string\"}}],\"inLanguage\":\"fr-FR\"},{\"@type\":\"Organization\",\"@id\":\"https:\/\/www.carideal.com\/blog\/#organization\",\"name\":\"Carideal\",\"url\":\"https:\/\/www.carideal.com\/blog\/\",\"logo\":{\"@type\":\"ImageObject\",\"inLanguage\":\"fr-FR\",\"@id\":\"https:\/\/www.carideal.com\/blog\/#\/schema\/logo\/image\/\",\"url\":\"http:\/\/www.carideal.com\/blog\/wp-content\/uploads\/2016\/03\/logo-carideal-mandataire-automobile.png\",\"contentUrl\":\"http:\/\/www.carideal.com\/blog\/wp-content\/uploads\/2016\/03\/logo-carideal-mandataire-automobile.png\",\"width\":300,\"height\":300,\"caption\":\"Carideal\"},\"image\":{\"@id\":\"https:\/\/www.carideal.com\/blog\/#\/schema\/logo\/image\/\"},\"sameAs\":[\"https:\/\/www.facebook.com\/Carideal.mandataire.automobile\",\"https:\/\/x.com\/caridealauto\",\"https:\/\/www.instagram.com\/carideal1\/\",\"https:\/\/www.linkedin.com\/company\/carideal.com\",\"https:\/\/fr.pinterest.com\/schiavonsas\/\",\"https:\/\/www.youtube.com\/user\/caridealsas\"]},{\"@type\":\"Person\",\"@id\":\"https:\/\/www.carideal.com\/blog\/#\/schema\/person\/985c7e757d1042d647f21bfaf8d41ebc\",\"name\":\"N.S Carideal\",\"image\":{\"@type\":\"ImageObject\",\"inLanguage\":\"fr-FR\",\"@id\":\"https:\/\/www.carideal.com\/blog\/#\/schema\/person\/image\/\",\"url\":\"https:\/\/secure.gravatar.com\/avatar\/edb7ccdf1a4e3d14aef967760d354d0e?s=96&r=g\",\"contentUrl\":\"https:\/\/secure.gravatar.com\/avatar\/edb7ccdf1a4e3d14aef967760d354d0e?s=96&r=g\",\"caption\":\"N.S Carideal\"},\"description\":\"Depuis tout petit fan d'automobile. Il est question d'essayer et de comparer toutes ces voitures qui nous ont fait r\u00e9ver, avant que celles-ci ne devient uniquement des voitures de collection.\",\"sameAs\":[\"http:\/\/www.carideal.com\/blog\",\"https:\/\/www.facebook.com\/Carideal.mandataire.automobile\/\",\"https:\/\/www.linkedin.com\/in\/nschiavon\/\",\"https:\/\/www.youtube.com\/user\/caridealsas\/\"],\"url\":\"https:\/\/www.carideal.com\/blog\/author\/admin_carideal\/\"}]}<\/script>\n<!-- \/ Yoast SEO plugin. -->","yoast_head_json":{"title":"Voiture d'occasion pour tout le monde - Blog auto Carid\u00e9al","description":"Voiture d'occasion les voitures r\u00e9centes offrent plus de remise ! tandis que l'achat d'une voiture neuve permet de choisir la cat\u00e9gorie de la voiture","robots":{"index":"index","follow":"follow","max-snippet":"max-snippet:-1","max-image-preview":"max-image-preview:large","max-video-preview":"max-video-preview:-1"},"canonical":"https:\/\/www.carideal.com\/blog\/2013\/03\/12\/voiture-recente-des-bonne-occasions-a-faire\/","og_locale":"fr_FR","og_type":"article","og_title":"Voiture d'occasion pour tout le monde - Blog auto Carid\u00e9al","og_description":"Voiture d'occasion les voitures r\u00e9centes offrent plus de remise ! tandis que l'achat d'une voiture neuve permet de choisir la cat\u00e9gorie de la voiture","og_url":"https:\/\/www.carideal.com\/blog\/2013\/03\/12\/voiture-recente-des-bonne-occasions-a-faire\/","og_site_name":"Blog auto Carid\u00e9al","article_publisher":"https:\/\/www.facebook.com\/Carideal.mandataire.automobile","article_author":"https:\/\/www.facebook.com\/Carideal.mandataire.automobile\/","article_published_time":"2013-03-12T09:34:00+00:00","article_modified_time":"2020-03-07T19:26:06+00:00","og_image":[{"width":600,"height":300,"url":"https:\/\/www.carideal.com\/blog\/wp-content\/uploads\/2017\/02\/10000-mod\u00e8les-de-voitures-en-France-carideal-mandataire-automobile-e1488188683617.png","type":"image\/png"}],"author":"N.S Carideal","twitter_card":"summary_large_image","twitter_creator":"@caridealauto","twitter_site":"@caridealauto","twitter_misc":{"\u00c9crit par":"N.S Carideal","Dur\u00e9e de lecture estim\u00e9e":"11 minutes"},"schema":{"@context":"https:\/\/schema.org","@graph":[{"@type":"Article","@id":"https:\/\/www.carideal.com\/blog\/2013\/03\/12\/voiture-recente-des-bonne-occasions-a-faire\/#article","isPartOf":{"@id":"https:\/\/www.carideal.com\/blog\/2013\/03\/12\/voiture-recente-des-bonne-occasions-a-faire\/"},"author":{"name":"N.S Carideal","@id":"https:\/\/www.carideal.com\/blog\/#\/schema\/person\/985c7e757d1042d647f21bfaf8d41ebc"},"headline":"Voiture d&rsquo;occasion pour tout le monde","datePublished":"2013-03-12T09:34:00+00:00","dateModified":"2020-03-07T19:26:06+00:00","mainEntityOfPage":{"@id":"https:\/\/www.carideal.com\/blog\/2013\/03\/12\/voiture-recente-des-bonne-occasions-a-faire\/"},"wordCount":2110,"commentCount":0,"publisher":{"@id":"https:\/\/www.carideal.com\/blog\/#organization"},"image":{"@id":"https:\/\/www.carideal.com\/blog\/2013\/03\/12\/voiture-recente-des-bonne-occasions-a-faire\/#primaryimage"},"thumbnailUrl":"https:\/\/www.carideal.com\/blog\/wp-content\/uploads\/2017\/02\/10000-mod\u00e8les-de-voitures-en-France-carideal-mandataire-automobile-e1488188683617.png","articleSection":["Actualit\u00e9 Citroen","Actualit\u00e9 Constructeur automobile","Actualit\u00e9 Ford","Actualit\u00e9 Opel","Actualit\u00e9 Peugeot","Actualit\u00e9 Renault","March\u00e9 automobile"],"inLanguage":"fr-FR","potentialAction":[{"@type":"CommentAction","name":"Comment","target":["https:\/\/www.carideal.com\/blog\/2013\/03\/12\/voiture-recente-des-bonne-occasions-a-faire\/#respond"]}]},{"@type":"WebPage","@id":"https:\/\/www.carideal.com\/blog\/2013\/03\/12\/voiture-recente-des-bonne-occasions-a-faire\/","url":"https:\/\/www.carideal.com\/blog\/2013\/03\/12\/voiture-recente-des-bonne-occasions-a-faire\/","name":"Voiture d'occasion pour tout le monde - Blog auto Carid\u00e9al","isPartOf":{"@id":"https:\/\/www.carideal.com\/blog\/#website"},"primaryImageOfPage":{"@id":"https:\/\/www.carideal.com\/blog\/2013\/03\/12\/voiture-recente-des-bonne-occasions-a-faire\/#primaryimage"},"image":{"@id":"https:\/\/www.carideal.com\/blog\/2013\/03\/12\/voiture-recente-des-bonne-occasions-a-faire\/#primaryimage"},"thumbnailUrl":"https:\/\/www.carideal.com\/blog\/wp-content\/uploads\/2017\/02\/10000-mod\u00e8les-de-voitures-en-France-carideal-mandataire-automobile-e1488188683617.png","datePublished":"2013-03-12T09:34:00+00:00","dateModified":"2020-03-07T19:26:06+00:00","description":"Voiture d'occasion les voitures r\u00e9centes offrent plus de remise ! tandis que l'achat d'une voiture neuve permet de choisir la cat\u00e9gorie de la voiture","breadcrumb":{"@id":"https:\/\/www.carideal.com\/blog\/2013\/03\/12\/voiture-recente-des-bonne-occasions-a-faire\/#breadcrumb"},"inLanguage":"fr-FR","potentialAction":[{"@type":"ReadAction","target":["https:\/\/www.carideal.com\/blog\/2013\/03\/12\/voiture-recente-des-bonne-occasions-a-faire\/"]}]},{"@type":"ImageObject","inLanguage":"fr-FR","@id":"https:\/\/www.carideal.com\/blog\/2013\/03\/12\/voiture-recente-des-bonne-occasions-a-faire\/#primaryimage","url":"https:\/\/www.carideal.com\/blog\/wp-content\/uploads\/2017\/02\/10000-mod\u00e8les-de-voitures-en-France-carideal-mandataire-automobile-e1488188683617.png","contentUrl":"https:\/\/www.carideal.com\/blog\/wp-content\/uploads\/2017\/02\/10000-mod\u00e8les-de-voitures-en-France-carideal-mandataire-automobile-e1488188683617.png","width":600,"height":300,"caption":"Voitures d'occasions"},{"@type":"BreadcrumbList","@id":"https:\/\/www.carideal.com\/blog\/2013\/03\/12\/voiture-recente-des-bonne-occasions-a-faire\/#breadcrumb","itemListElement":[{"@type":"ListItem","position":1,"name":"Blog Carid\u00e9al","item":"https:\/\/www.carideal.com\/blog\/"},{"@type":"ListItem","position":2,"name":"March\u00e9 automobile","item":"https:\/\/www.carideal.com\/blog\/marche-automobile-voiture-neuve-occasion-4x4-suv\/"},{"@type":"ListItem","position":3,"name":"Voiture d&rsquo;occasion pour tout le monde"}]},{"@type":"WebSite","@id":"https:\/\/www.carideal.com\/blog\/#website","url":"https:\/\/www.carideal.com\/blog\/","name":"Blog auto Carid\u00e9al","description":"Actualit\u00e9 auto par des passionn\u00e9s","publisher":{"@id":"https:\/\/www.carideal.com\/blog\/#organization"},"potentialAction":[{"@type":"SearchAction","target":{"@type":"EntryPoint","urlTemplate":"https:\/\/www.carideal.com\/blog\/?s={search_term_string}"},"query-input":{"@type":"PropertyValueSpecification","valueRequired":true,"valueName":"search_term_string"}}],"inLanguage":"fr-FR"},{"@type":"Organization","@id":"https:\/\/www.carideal.com\/blog\/#organization","name":"Carideal","url":"https:\/\/www.carideal.com\/blog\/","logo":{"@type":"ImageObject","inLanguage":"fr-FR","@id":"https:\/\/www.carideal.com\/blog\/#\/schema\/logo\/image\/","url":"http:\/\/www.carideal.com\/blog\/wp-content\/uploads\/2016\/03\/logo-carideal-mandataire-automobile.png","contentUrl":"http:\/\/www.carideal.com\/blog\/wp-content\/uploads\/2016\/03\/logo-carideal-mandataire-automobile.png","width":300,"height":300,"caption":"Carideal"},"image":{"@id":"https:\/\/www.carideal.com\/blog\/#\/schema\/logo\/image\/"},"sameAs":["https:\/\/www.facebook.com\/Carideal.mandataire.automobile","https:\/\/x.com\/caridealauto","https:\/\/www.instagram.com\/carideal1\/","https:\/\/www.linkedin.com\/company\/carideal.com","https:\/\/fr.pinterest.com\/schiavonsas\/","https:\/\/www.youtube.com\/user\/caridealsas"]},{"@type":"Person","@id":"https:\/\/www.carideal.com\/blog\/#\/schema\/person\/985c7e757d1042d647f21bfaf8d41ebc","name":"N.S Carideal","image":{"@type":"ImageObject","inLanguage":"fr-FR","@id":"https:\/\/www.carideal.com\/blog\/#\/schema\/person\/image\/","url":"https:\/\/secure.gravatar.com\/avatar\/edb7ccdf1a4e3d14aef967760d354d0e?s=96&r=g","contentUrl":"https:\/\/secure.gravatar.com\/avatar\/edb7ccdf1a4e3d14aef967760d354d0e?s=96&r=g","caption":"N.S Carideal"},"description":"Depuis tout petit fan d'automobile. Il est question d'essayer et de comparer toutes ces voitures qui nous ont fait r\u00e9ver, avant que celles-ci ne devient uniquement des voitures de collection.","sameAs":["http:\/\/www.carideal.com\/blog","https:\/\/www.facebook.com\/Carideal.mandataire.automobile\/","https:\/\/www.linkedin.com\/in\/nschiavon\/","https:\/\/www.youtube.com\/user\/caridealsas\/"],"url":"https:\/\/www.carideal.com\/blog\/author\/admin_carideal\/"}]}},"uagb_featured_image_src":{"full":["https:\/\/www.carideal.com\/blog\/wp-content\/uploads\/2017\/02\/10000-mod\u00e8les-de-voitures-en-France-carideal-mandataire-automobile-e1488188683617.png",600,300,false],"thumbnail":["https:\/\/www.carideal.com\/blog\/wp-content\/uploads\/2017\/02\/10000-mod\u00e8les-de-voitures-en-France-carideal-mandataire-automobile-150x150.png",150,150,true],"medium":["https:\/\/www.carideal.com\/blog\/wp-content\/uploads\/2017\/02\/10000-mod\u00e8les-de-voitures-en-France-carideal-mandataire-automobile-300x150.png",300,150,true],"medium_large":["https:\/\/www.carideal.com\/blog\/wp-content\/uploads\/2017\/02\/10000-mod\u00e8les-de-voitures-en-France-carideal-mandataire-automobile-e1488188683617.png",600,300,false],"large":["https:\/\/www.carideal.com\/blog\/wp-content\/uploads\/2017\/02\/10000-mod\u00e8les-de-voitures-en-France-carideal-mandataire-automobile-e1488188683617.png",600,300,false],"1536x1536":["https:\/\/www.carideal.com\/blog\/wp-content\/uploads\/2017\/02\/10000-mod\u00e8les-de-voitures-en-France-carideal-mandataire-automobile-e1488188683617.png",600,300,false],"2048x2048":["https:\/\/www.carideal.com\/blog\/wp-content\/uploads\/2017\/02\/10000-mod\u00e8les-de-voitures-en-France-carideal-mandataire-automobile-e1488188683617.png",600,300,false],"wppr-widget":["https:\/\/www.carideal.com\/blog\/wp-content\/uploads\/2017\/02\/10000-mod\u00e8les-de-voitures-en-France-carideal-mandataire-automobile-e1488188683617.png",50,25,false]},"uagb_author_info":{"display_name":"N.S Carideal","author_link":"https:\/\/www.carideal.com\/blog\/author\/admin_carideal\/"},"uagb_comment_info":0,"uagb_excerpt":"VOITURE D'OCCASION\u00a0POUR TOUT LE MONDE Pourquoi acheter une voiture d'occasion ? L'achat d'une voiture\u00a0neuve permet de choisir la cat\u00e9gorie de la voiture, la version, les options le coloris, les accessoires, la dur\u00e9e de la garantie... En revanche une voiture perd une grande partie de sa valeur pendant ses deux premi\u00e8re ann\u00e9es. Il est donc int\u00e9ressant\u2026","_links":{"self":[{"href":"https:\/\/www.carideal.com\/blog\/wp-json\/wp\/v2\/posts\/1334"}],"collection":[{"href":"https:\/\/www.carideal.com\/blog\/wp-json\/wp\/v2\/posts"}],"about":[{"href":"https:\/\/www.carideal.com\/blog\/wp-json\/wp\/v2\/types\/post"}],"author":[{"embeddable":true,"href":"https:\/\/www.carideal.com\/blog\/wp-json\/wp\/v2\/users\/1"}],"replies":[{"embeddable":true,"href":"https:\/\/www.carideal.com\/blog\/wp-json\/wp\/v2\/comments?post=1334"}],"version-history":[{"count":0,"href":"https:\/\/www.carideal.com\/blog\/wp-json\/wp\/v2\/posts\/1334\/revisions"}],"wp:featuredmedia":[{"embeddable":true,"href":"https:\/\/www.carideal.com\/blog\/wp-json\/wp\/v2\/media\/15474"}],"wp:attachment":[{"href":"https:\/\/www.carideal.com\/blog\/wp-json\/wp\/v2\/media?parent=1334"}],"wp:term":[{"taxonomy":"category","embeddable":true,"href":"https:\/\/www.carideal.com\/blog\/wp-json\/wp\/v2\/categories?post=1334"},{"taxonomy":"post_tag","embeddable":true,"href":"https:\/\/www.carideal.com\/blog\/wp-json\/wp\/v2\/tags?post=1334"}],"curies":[{"name":"wp","href":"https:\/\/api.w.org\/{rel}","templated":true}]}}