{"id":1332,"date":"2013-03-11T15:05:00","date_gmt":"2013-03-11T15:05:00","guid":{"rendered":"http:\/\/carideal.com\/blog\/?p=1332"},"modified":"2018-03-15T13:33:34","modified_gmt":"2018-03-15T12:33:34","slug":"ford-kuga","status":"publish","type":"post","link":"https:\/\/www.carideal.com\/blog\/2013\/03\/11\/ford-kuga\/","title":{"rendered":"Quel Ford Kuga choisir ?"},"content":{"rendered":"<p><img decoding=\"async\" title=\"Ford_Kuga.jpg, mar. 2013\" src=\"\/blog\/public\/.Ford_Kuga_m.jpg\" alt=\"Ford_Kuga.jpg\" \/><\/p>\n<p>Le Kuga a progress\u00e9 par rapport au premier en 2008.Il se montre plus grandiose mais il s'agit d'un simple effet de design: son toit n'est pas pos\u00e9 plus haut (1.70 m) et les 8 cm pris en longueur (4.52 m) sont absorb\u00e9s par le porte-\u00e0-faux avant, normes de s\u00e9curit\u00e9 des pi\u00e9tons obligent. Sur le fond rien n'a \u00e9t\u00e9 modifi\u00e9: m\u00eame ch\u00e2ssis, m\u00eame empattement. Il poss\u00e8de d\u00e9sormais un coffre correct ( 481 l), corrigeant ainsi le d\u00e9faut de son a\u00een\u00e9 (410l). M\u00e9nage toujours un bon accueil \u00e0 des passagers arri\u00e8re qui sont pas \u00e0 l'\u00e9troit, a gagn\u00e9 en confort de suspension, en insonorisation. Il accueille les derniers \u00e9quipements high-tech de Ford: commande vocale pour t\u00e9l\u00e9phone,radio et GPS en finition Titanium, freinage automatique en ville (300 \u20ac), hayon qui s'ouvre et se referme automatiquement d'un simple passage du pied sous le bouclier (590\u20ac), bel arsenal s\u00e9curitaire regroup\u00e9 dans un pack \u00e0 1050 \u20ac. Sa banquette offre deux positions d'inclinaison et se replie sans effort, d'une main: il suffit d'actionner une manette, les assises s'abaissent automatiquement pour permettre aux dossiers de descendre au niveau du plancher du coffre en configuration deux places. La gestion \u00e9lectronique de sa nouvelle transmission int\u00e9grale (2000\u20ac de plus que la version 4x2 en TDCi 140) est si fine, si rapide qu'elle module instantan\u00e9ment le couple entre les quatre roues pour garantir la meilleure adh\u00e9rence. M\u00eame s'il n'est pas taill\u00e9 pour le baroud, le kuga est un succ\u00e8s sur les routes enneig\u00e9es, et sa garde au sol de 19 cm lui permet de se lancer sur les chemins. Sur route, il reste le plus agile des SUV compacts de sa gamme de prix: direction pr\u00e9cise et consistante, suspensions qui ma\u00eetrisent le roulis. Et comme le Kuga a su contenir son poids (1605 kg en TDCI 140 4x2), ses diesels donnent fort: 10.6 s de 0 \u00e0 100 km\/h, 9.9 s en TDCI 163 exclusivement propos\u00e9 en 4x4. Enfin, ses tarifs sont rest\u00e9s abordables: premier prix en diesel \u00e0 27300 \u20ac dans une finition Trend correctement pourvue. Ford pr\u00e9tend que la note a diminu\u00e9 de 1000\u20ac d'une g\u00e9n\u00e9ration \u00e0 l'autre, \u00e0 moteur \u00e9gal. C'est vrai, mais il vient d\u00e9sormais en finition Trend avec des jantes de 17 pouces en acier, alors que son pr\u00e9d\u00e9cesseur \u00e9tait chauss\u00e9 d'alliage requ\u00e9rant 700 \u20ac suppl\u00e9mentaires, mieux vaut dire que le kuga II a baiss\u00e9 de 300 \u20ac les prix de son a\u00een\u00e9, tout en augmentant sa dotation de s\u00e9rie (airbag genoux pour le conducteur, aide au d\u00e9marrage en c\u00f4te). Bref, la comparaison joue largement en sa faveur. A un d\u00e9tail pr\u00e8s. Le kuga I avait une forte personnalit\u00e9: traits ac\u00e9r\u00e9s, joyeux comportement routier, suspensions s\u00e8ches. A adoucir ses habitudes et ses lignes, le Kuga II s'adresse \u00e0 un public plus large, plus familial, mais donne le rang. Un mouvement rendu sans doute in\u00e9vitable par la mondialisation des mod\u00e8les Ford: hors moteurs et nom, le Kuga est pareil aux Etats-Unis, en chine et en Europe. Les \u00e9conomies d'\u00e9chelles ainsi r\u00e9alis\u00e9es lui permettent de serrer ses prix. Mais il ne peut d\u00e8s lors coller aux go\u00fbts sp\u00e9cifiques de chacun de ses march\u00e9s. Dommage, car une attention particuli\u00e8re aurait permis au TDCi 140 4x2 d'\u00e9chapper au malus; comme savent le faire Mazda CX-5 ou Mitsubishi Outlander \u00e0 niveau de puissance pourtant sup\u00e9rieur. Un Stop&amp;Start, par exemple... Ford en dispose sur ses 1.6 TDCi. Mais le 2.0 TDCi en est toujours d\u00e9pourvue.Autre regret, l'\u00e9cran GPS (1040 \u20ac en finition Trend, 690 \u20ac en Titanium): petit, plac\u00e9 trop loin des yeux du conducteur, il n'est de surcro\u00eet pas tactile. L\u00e0 encore, d'autres font mieux.<\/p>\n<blockquote><p>Bilan<\/p><\/blockquote>\n<p>Le nouveau Kuga est bien arm\u00e9 pour \u00e9tendre le succ\u00e8s de son a\u00een\u00e9. Mais sauf \u00e0 habiter en r\u00e9gion de montagne, une transmission 4x4 ne para\u00eet pas obligatoire sur ce SUV \u00e0 vocation routi\u00e8re si affirm\u00e9e. D\u00e8s lors, peut-\u00eatre faut-il attendre quelques mois\u00a0: le Kuga r\u00e9ceptionnera \u00e0 l'automne prochain une version 2.0 TDCi 115 4x2 conforme aux go\u00fbts du public fran\u00e7ais. Elle baissera son premier prix en diesel d'environ 1500 \u20ac.<\/p>\n<p>Achat Ford Kuga moins cher avec carideal<\/p>\n","protected":false},"excerpt":{"rendered":"<p>Le Kuga a progress\u00e9 par rapport au premier en 2008.Il se montre plus grandiose mais il s&rsquo;agit d&rsquo;un simple effet de design: son toit n&rsquo;est pas pos\u00e9 plus haut (1.70 m) et les 8 cm pris en longueur (4.52 m) sont absorb\u00e9s par le porte-\u00e0-faux avant, normes de s\u00e9curit\u00e9 des pi\u00e9tons obligent. Sur le fond &#8230; <a title=\"Quel Ford Kuga choisir ?\" class=\"read-more\" href=\"https:\/\/www.carideal.com\/blog\/2013\/03\/11\/ford-kuga\/\" aria-label=\"En savoir plus sur Quel Ford Kuga choisir ?\">Lire plus<\/a><\/p>\n","protected":false},"author":1,"featured_media":0,"comment_status":"open","ping_status":"open","sticky":false,"template":"","format":"standard","meta":{"_uag_custom_page_level_css":"","_themeisle_gutenberg_block_has_review":false,"footnotes":""},"categories":[5968,6243,10],"tags":[6236,5044],"class_list":["post-1332","post","type-post","status-publish","format-standard","hentry","category-ford","category-ford-kuga","category-marche-automobile-voiture-neuve-occasion-4x4-suv","tag-guide-achat-4x4-et-suv","tag-guide-achat"],"wppr_data":{"cwp_meta_box_check":"No"},"yoast_head":"<!-- This site is optimized with the Yoast SEO plugin v24.8.1 - https:\/\/yoast.com\/wordpress\/plugins\/seo\/ -->\n<title>Quel Ford Kuga choisir ? - Blog auto Carid\u00e9al<\/title>\n<meta name=\"robots\" content=\"index, follow, max-snippet:-1, max-image-preview:large, max-video-preview:-1\" \/>\n<link rel=\"canonical\" href=\"https:\/\/www.carideal.com\/blog\/2013\/03\/11\/ford-kuga\/\" \/>\n<meta property=\"og:locale\" content=\"fr_FR\" \/>\n<meta property=\"og:type\" content=\"article\" \/>\n<meta property=\"og:title\" content=\"Quel Ford Kuga choisir ? - Blog auto Carid\u00e9al\" \/>\n<meta property=\"og:description\" content=\"Le Kuga a progress\u00e9 par rapport au premier en 2008.Il se montre plus grandiose mais il s&#039;agit d&#039;un simple effet de design: son toit n&#039;est pas pos\u00e9 plus haut (1.70 m) et les 8 cm pris en longueur (4.52 m) sont absorb\u00e9s par le porte-\u00e0-faux avant, normes de s\u00e9curit\u00e9 des pi\u00e9tons obligent. Sur le fond ... Lire plus\" \/>\n<meta property=\"og:url\" content=\"https:\/\/www.carideal.com\/blog\/2013\/03\/11\/ford-kuga\/\" \/>\n<meta property=\"og:site_name\" content=\"Blog auto Carid\u00e9al\" \/>\n<meta property=\"article:publisher\" content=\"https:\/\/www.facebook.com\/Carideal.mandataire.automobile\" \/>\n<meta property=\"article:author\" content=\"https:\/\/www.facebook.com\/Carideal.mandataire.automobile\/\" \/>\n<meta property=\"article:published_time\" content=\"2013-03-11T15:05:00+00:00\" \/>\n<meta property=\"article:modified_time\" content=\"2018-03-15T12:33:34+00:00\" \/>\n<meta property=\"og:image\" content=\"https:\/\/www.carideal.com\/blog\/wp-content\/uploads\/2016\/03\/logo-carideal-mandataire-automobile.png\" \/>\n\t<meta property=\"og:image:width\" content=\"300\" \/>\n\t<meta property=\"og:image:height\" content=\"300\" \/>\n\t<meta property=\"og:image:type\" content=\"image\/png\" \/>\n<meta name=\"author\" content=\"N.S Carideal\" \/>\n<meta name=\"twitter:card\" content=\"summary_large_image\" \/>\n<meta name=\"twitter:creator\" content=\"@caridealauto\" \/>\n<meta name=\"twitter:site\" content=\"@caridealauto\" \/>\n<meta name=\"twitter:label1\" content=\"\u00c9crit par\" \/>\n\t<meta name=\"twitter:data1\" content=\"N.S Carideal\" \/>\n\t<meta name=\"twitter:label2\" content=\"Dur\u00e9e de lecture estim\u00e9e\" \/>\n\t<meta name=\"twitter:data2\" content=\"3 minutes\" \/>\n<script type=\"application\/ld+json\" class=\"yoast-schema-graph\">{\"@context\":\"https:\/\/schema.org\",\"@graph\":[{\"@type\":\"Article\",\"@id\":\"https:\/\/www.carideal.com\/blog\/2013\/03\/11\/ford-kuga\/#article\",\"isPartOf\":{\"@id\":\"https:\/\/www.carideal.com\/blog\/2013\/03\/11\/ford-kuga\/\"},\"author\":{\"name\":\"N.S Carideal\",\"@id\":\"https:\/\/www.carideal.com\/blog\/#\/schema\/person\/985c7e757d1042d647f21bfaf8d41ebc\"},\"headline\":\"Quel Ford Kuga choisir ?\",\"datePublished\":\"2013-03-11T15:05:00+00:00\",\"dateModified\":\"2018-03-15T12:33:34+00:00\",\"mainEntityOfPage\":{\"@id\":\"https:\/\/www.carideal.com\/blog\/2013\/03\/11\/ford-kuga\/\"},\"wordCount\":701,\"commentCount\":0,\"publisher\":{\"@id\":\"https:\/\/www.carideal.com\/blog\/#organization\"},\"keywords\":[\"Guide achat 4x4 et SUV\",\"Guide achat voiture\"],\"articleSection\":[\"Actualit\u00e9 Ford\",\"Actualit\u00e9 Ford Kuga\",\"March\u00e9 automobile\"],\"inLanguage\":\"fr-FR\",\"potentialAction\":[{\"@type\":\"CommentAction\",\"name\":\"Comment\",\"target\":[\"https:\/\/www.carideal.com\/blog\/2013\/03\/11\/ford-kuga\/#respond\"]}]},{\"@type\":\"WebPage\",\"@id\":\"https:\/\/www.carideal.com\/blog\/2013\/03\/11\/ford-kuga\/\",\"url\":\"https:\/\/www.carideal.com\/blog\/2013\/03\/11\/ford-kuga\/\",\"name\":\"Quel Ford Kuga choisir ? - Blog auto Carid\u00e9al\",\"isPartOf\":{\"@id\":\"https:\/\/www.carideal.com\/blog\/#website\"},\"datePublished\":\"2013-03-11T15:05:00+00:00\",\"dateModified\":\"2018-03-15T12:33:34+00:00\",\"breadcrumb\":{\"@id\":\"https:\/\/www.carideal.com\/blog\/2013\/03\/11\/ford-kuga\/#breadcrumb\"},\"inLanguage\":\"fr-FR\",\"potentialAction\":[{\"@type\":\"ReadAction\",\"target\":[\"https:\/\/www.carideal.com\/blog\/2013\/03\/11\/ford-kuga\/\"]}]},{\"@type\":\"BreadcrumbList\",\"@id\":\"https:\/\/www.carideal.com\/blog\/2013\/03\/11\/ford-kuga\/#breadcrumb\",\"itemListElement\":[{\"@type\":\"ListItem\",\"position\":1,\"name\":\"Blog Carid\u00e9al\",\"item\":\"https:\/\/www.carideal.com\/blog\/\"},{\"@type\":\"ListItem\",\"position\":2,\"name\":\"March\u00e9 automobile\",\"item\":\"https:\/\/www.carideal.com\/blog\/marche-automobile-voiture-neuve-occasion-4x4-suv\/\"},{\"@type\":\"ListItem\",\"position\":3,\"name\":\"Quel Ford Kuga choisir ?\"}]},{\"@type\":\"WebSite\",\"@id\":\"https:\/\/www.carideal.com\/blog\/#website\",\"url\":\"https:\/\/www.carideal.com\/blog\/\",\"name\":\"Blog auto Carid\u00e9al\",\"description\":\"Actualit\u00e9 auto par des passionn\u00e9s\",\"publisher\":{\"@id\":\"https:\/\/www.carideal.com\/blog\/#organization\"},\"potentialAction\":[{\"@type\":\"SearchAction\",\"target\":{\"@type\":\"EntryPoint\",\"urlTemplate\":\"https:\/\/www.carideal.com\/blog\/?s={search_term_string}\"},\"query-input\":{\"@type\":\"PropertyValueSpecification\",\"valueRequired\":true,\"valueName\":\"search_term_string\"}}],\"inLanguage\":\"fr-FR\"},{\"@type\":\"Organization\",\"@id\":\"https:\/\/www.carideal.com\/blog\/#organization\",\"name\":\"Carideal\",\"url\":\"https:\/\/www.carideal.com\/blog\/\",\"logo\":{\"@type\":\"ImageObject\",\"inLanguage\":\"fr-FR\",\"@id\":\"https:\/\/www.carideal.com\/blog\/#\/schema\/logo\/image\/\",\"url\":\"http:\/\/www.carideal.com\/blog\/wp-content\/uploads\/2016\/03\/logo-carideal-mandataire-automobile.png\",\"contentUrl\":\"http:\/\/www.carideal.com\/blog\/wp-content\/uploads\/2016\/03\/logo-carideal-mandataire-automobile.png\",\"width\":300,\"height\":300,\"caption\":\"Carideal\"},\"image\":{\"@id\":\"https:\/\/www.carideal.com\/blog\/#\/schema\/logo\/image\/\"},\"sameAs\":[\"https:\/\/www.facebook.com\/Carideal.mandataire.automobile\",\"https:\/\/x.com\/caridealauto\",\"https:\/\/www.instagram.com\/carideal1\/\",\"https:\/\/www.linkedin.com\/company\/carideal.com\",\"https:\/\/fr.pinterest.com\/schiavonsas\/\",\"https:\/\/www.youtube.com\/user\/caridealsas\"]},{\"@type\":\"Person\",\"@id\":\"https:\/\/www.carideal.com\/blog\/#\/schema\/person\/985c7e757d1042d647f21bfaf8d41ebc\",\"name\":\"N.S Carideal\",\"image\":{\"@type\":\"ImageObject\",\"inLanguage\":\"fr-FR\",\"@id\":\"https:\/\/www.carideal.com\/blog\/#\/schema\/person\/image\/\",\"url\":\"https:\/\/secure.gravatar.com\/avatar\/edb7ccdf1a4e3d14aef967760d354d0e?s=96&r=g\",\"contentUrl\":\"https:\/\/secure.gravatar.com\/avatar\/edb7ccdf1a4e3d14aef967760d354d0e?s=96&r=g\",\"caption\":\"N.S Carideal\"},\"description\":\"Depuis tout petit fan d'automobile. Il est question d'essayer et de comparer toutes ces voitures qui nous ont fait r\u00e9ver, avant que celles-ci ne devient uniquement des voitures de collection.\",\"sameAs\":[\"http:\/\/www.carideal.com\/blog\",\"https:\/\/www.facebook.com\/Carideal.mandataire.automobile\/\",\"https:\/\/www.linkedin.com\/in\/nschiavon\/\",\"https:\/\/www.youtube.com\/user\/caridealsas\/\"],\"url\":\"https:\/\/www.carideal.com\/blog\/author\/admin_carideal\/\"}]}<\/script>\n<!-- \/ Yoast SEO plugin. -->","yoast_head_json":{"title":"Quel Ford Kuga choisir ? - Blog auto Carid\u00e9al","robots":{"index":"index","follow":"follow","max-snippet":"max-snippet:-1","max-image-preview":"max-image-preview:large","max-video-preview":"max-video-preview:-1"},"canonical":"https:\/\/www.carideal.com\/blog\/2013\/03\/11\/ford-kuga\/","og_locale":"fr_FR","og_type":"article","og_title":"Quel Ford Kuga choisir ? - Blog auto Carid\u00e9al","og_description":"Le Kuga a progress\u00e9 par rapport au premier en 2008.Il se montre plus grandiose mais il s'agit d'un simple effet de design: son toit n'est pas pos\u00e9 plus haut (1.70 m) et les 8 cm pris en longueur (4.52 m) sont absorb\u00e9s par le porte-\u00e0-faux avant, normes de s\u00e9curit\u00e9 des pi\u00e9tons obligent. Sur le fond ... Lire plus","og_url":"https:\/\/www.carideal.com\/blog\/2013\/03\/11\/ford-kuga\/","og_site_name":"Blog auto Carid\u00e9al","article_publisher":"https:\/\/www.facebook.com\/Carideal.mandataire.automobile","article_author":"https:\/\/www.facebook.com\/Carideal.mandataire.automobile\/","article_published_time":"2013-03-11T15:05:00+00:00","article_modified_time":"2018-03-15T12:33:34+00:00","og_image":[{"width":300,"height":300,"url":"https:\/\/www.carideal.com\/blog\/wp-content\/uploads\/2016\/03\/logo-carideal-mandataire-automobile.png","type":"image\/png"}],"author":"N.S Carideal","twitter_card":"summary_large_image","twitter_creator":"@caridealauto","twitter_site":"@caridealauto","twitter_misc":{"\u00c9crit par":"N.S Carideal","Dur\u00e9e de lecture estim\u00e9e":"3 minutes"},"schema":{"@context":"https:\/\/schema.org","@graph":[{"@type":"Article","@id":"https:\/\/www.carideal.com\/blog\/2013\/03\/11\/ford-kuga\/#article","isPartOf":{"@id":"https:\/\/www.carideal.com\/blog\/2013\/03\/11\/ford-kuga\/"},"author":{"name":"N.S Carideal","@id":"https:\/\/www.carideal.com\/blog\/#\/schema\/person\/985c7e757d1042d647f21bfaf8d41ebc"},"headline":"Quel Ford Kuga choisir ?","datePublished":"2013-03-11T15:05:00+00:00","dateModified":"2018-03-15T12:33:34+00:00","mainEntityOfPage":{"@id":"https:\/\/www.carideal.com\/blog\/2013\/03\/11\/ford-kuga\/"},"wordCount":701,"commentCount":0,"publisher":{"@id":"https:\/\/www.carideal.com\/blog\/#organization"},"keywords":["Guide achat 4x4 et SUV","Guide achat voiture"],"articleSection":["Actualit\u00e9 Ford","Actualit\u00e9 Ford Kuga","March\u00e9 automobile"],"inLanguage":"fr-FR","potentialAction":[{"@type":"CommentAction","name":"Comment","target":["https:\/\/www.carideal.com\/blog\/2013\/03\/11\/ford-kuga\/#respond"]}]},{"@type":"WebPage","@id":"https:\/\/www.carideal.com\/blog\/2013\/03\/11\/ford-kuga\/","url":"https:\/\/www.carideal.com\/blog\/2013\/03\/11\/ford-kuga\/","name":"Quel Ford Kuga choisir ? - Blog auto Carid\u00e9al","isPartOf":{"@id":"https:\/\/www.carideal.com\/blog\/#website"},"datePublished":"2013-03-11T15:05:00+00:00","dateModified":"2018-03-15T12:33:34+00:00","breadcrumb":{"@id":"https:\/\/www.carideal.com\/blog\/2013\/03\/11\/ford-kuga\/#breadcrumb"},"inLanguage":"fr-FR","potentialAction":[{"@type":"ReadAction","target":["https:\/\/www.carideal.com\/blog\/2013\/03\/11\/ford-kuga\/"]}]},{"@type":"BreadcrumbList","@id":"https:\/\/www.carideal.com\/blog\/2013\/03\/11\/ford-kuga\/#breadcrumb","itemListElement":[{"@type":"ListItem","position":1,"name":"Blog Carid\u00e9al","item":"https:\/\/www.carideal.com\/blog\/"},{"@type":"ListItem","position":2,"name":"March\u00e9 automobile","item":"https:\/\/www.carideal.com\/blog\/marche-automobile-voiture-neuve-occasion-4x4-suv\/"},{"@type":"ListItem","position":3,"name":"Quel Ford Kuga choisir ?"}]},{"@type":"WebSite","@id":"https:\/\/www.carideal.com\/blog\/#website","url":"https:\/\/www.carideal.com\/blog\/","name":"Blog auto Carid\u00e9al","description":"Actualit\u00e9 auto par des passionn\u00e9s","publisher":{"@id":"https:\/\/www.carideal.com\/blog\/#organization"},"potentialAction":[{"@type":"SearchAction","target":{"@type":"EntryPoint","urlTemplate":"https:\/\/www.carideal.com\/blog\/?s={search_term_string}"},"query-input":{"@type":"PropertyValueSpecification","valueRequired":true,"valueName":"search_term_string"}}],"inLanguage":"fr-FR"},{"@type":"Organization","@id":"https:\/\/www.carideal.com\/blog\/#organization","name":"Carideal","url":"https:\/\/www.carideal.com\/blog\/","logo":{"@type":"ImageObject","inLanguage":"fr-FR","@id":"https:\/\/www.carideal.com\/blog\/#\/schema\/logo\/image\/","url":"http:\/\/www.carideal.com\/blog\/wp-content\/uploads\/2016\/03\/logo-carideal-mandataire-automobile.png","contentUrl":"http:\/\/www.carideal.com\/blog\/wp-content\/uploads\/2016\/03\/logo-carideal-mandataire-automobile.png","width":300,"height":300,"caption":"Carideal"},"image":{"@id":"https:\/\/www.carideal.com\/blog\/#\/schema\/logo\/image\/"},"sameAs":["https:\/\/www.facebook.com\/Carideal.mandataire.automobile","https:\/\/x.com\/caridealauto","https:\/\/www.instagram.com\/carideal1\/","https:\/\/www.linkedin.com\/company\/carideal.com","https:\/\/fr.pinterest.com\/schiavonsas\/","https:\/\/www.youtube.com\/user\/caridealsas"]},{"@type":"Person","@id":"https:\/\/www.carideal.com\/blog\/#\/schema\/person\/985c7e757d1042d647f21bfaf8d41ebc","name":"N.S Carideal","image":{"@type":"ImageObject","inLanguage":"fr-FR","@id":"https:\/\/www.carideal.com\/blog\/#\/schema\/person\/image\/","url":"https:\/\/secure.gravatar.com\/avatar\/edb7ccdf1a4e3d14aef967760d354d0e?s=96&r=g","contentUrl":"https:\/\/secure.gravatar.com\/avatar\/edb7ccdf1a4e3d14aef967760d354d0e?s=96&r=g","caption":"N.S Carideal"},"description":"Depuis tout petit fan d'automobile. Il est question d'essayer et de comparer toutes ces voitures qui nous ont fait r\u00e9ver, avant que celles-ci ne devient uniquement des voitures de collection.","sameAs":["http:\/\/www.carideal.com\/blog","https:\/\/www.facebook.com\/Carideal.mandataire.automobile\/","https:\/\/www.linkedin.com\/in\/nschiavon\/","https:\/\/www.youtube.com\/user\/caridealsas\/"],"url":"https:\/\/www.carideal.com\/blog\/author\/admin_carideal\/"}]}},"uagb_featured_image_src":{"full":false,"thumbnail":false,"medium":false,"medium_large":false,"large":false,"1536x1536":false,"2048x2048":false,"wppr-widget":false},"uagb_author_info":{"display_name":"N.S Carideal","author_link":"https:\/\/www.carideal.com\/blog\/author\/admin_carideal\/"},"uagb_comment_info":0,"uagb_excerpt":"Le Kuga a progress\u00e9 par rapport au premier en 2008.Il se montre plus grandiose mais il s'agit d'un simple effet de design: son toit n'est pas pos\u00e9 plus haut (1.70 m) et les 8 cm pris en longueur (4.52 m) sont absorb\u00e9s par le porte-\u00e0-faux avant, normes de s\u00e9curit\u00e9 des pi\u00e9tons obligent. Sur le fond\u2026","_links":{"self":[{"href":"https:\/\/www.carideal.com\/blog\/wp-json\/wp\/v2\/posts\/1332"}],"collection":[{"href":"https:\/\/www.carideal.com\/blog\/wp-json\/wp\/v2\/posts"}],"about":[{"href":"https:\/\/www.carideal.com\/blog\/wp-json\/wp\/v2\/types\/post"}],"author":[{"embeddable":true,"href":"https:\/\/www.carideal.com\/blog\/wp-json\/wp\/v2\/users\/1"}],"replies":[{"embeddable":true,"href":"https:\/\/www.carideal.com\/blog\/wp-json\/wp\/v2\/comments?post=1332"}],"version-history":[{"count":0,"href":"https:\/\/www.carideal.com\/blog\/wp-json\/wp\/v2\/posts\/1332\/revisions"}],"wp:attachment":[{"href":"https:\/\/www.carideal.com\/blog\/wp-json\/wp\/v2\/media?parent=1332"}],"wp:term":[{"taxonomy":"category","embeddable":true,"href":"https:\/\/www.carideal.com\/blog\/wp-json\/wp\/v2\/categories?post=1332"},{"taxonomy":"post_tag","embeddable":true,"href":"https:\/\/www.carideal.com\/blog\/wp-json\/wp\/v2\/tags?post=1332"}],"curies":[{"name":"wp","href":"https:\/\/api.w.org\/{rel}","templated":true}]}}