{"id":1328,"date":"2013-03-07T21:59:00","date_gmt":"2013-03-07T21:59:00","guid":{"rendered":"http:\/\/carideal.com\/blog\/?p=1328"},"modified":"2020-03-07T22:41:43","modified_gmt":"2020-03-07T21:41:43","slug":"skoda-octavia-1-6-tdi","status":"publish","type":"post","link":"https:\/\/www.carideal.com\/blog\/2013\/03\/07\/skoda-octavia-1-6-tdi\/","title":{"rendered":"Skoda Octavia 1.6 TDI"},"content":{"rendered":"<p><img decoding=\"async\" src=\"\/blog\/public\/.Skoda-Octavia-2013-achat-carideal-mandataire-automobile_m.jpg\" alt=\"Skoda-Octavia-2013-achat-carideal-mandataire-automobile.jpg\" title=\"Skoda-Octavia-2013-achat-carideal-mandataire-automobile.jpg, mar. 2013\" \/><\/p>\n<blockquote>\n<p>Skoda Octavia 1.6 TDI 105 \u00e0 partir de 20500 \u20ac commercialis\u00e9 en Mars 2013<\/p>\n<\/blockquote>\n<p>Grande compacte ou petite familiale? Le positionnement de la pr\u00e9c\u00e9dente Octavia variait selon qu'on la regardait sous l'angle de son gabarit, de son habitabilit\u00e9, de son volume de coffre ou de son prix. II n'y a plus d'ambigu\u00eft\u00e9 aujourd'hui. L'Octavia a grandi (4,66m de long, soit un gain de 9cm), ce qui la rapproche, par exemple, de la Renault Laguna. Cette croissance est aussi guid\u00e9e par l'\u00e9largissement de la gamme Skoda, qui a vu arriver, fin 2012, la Rapid (4,48m), une grande compacte comme l'ancienne Octavia. Si la nouvelle venue prend de l'ampleur, son style tr\u00e8s proche de la Rapid (face discr\u00e8te, silhouette sage) induit une cer\u00adtaine confusion \u00e0 premi\u00e8re vue. L'examen plus en d\u00e9tail de cette Octavia de troisi\u00e8me g\u00e9n\u00e9ration ne laisse en revanche aucun doute sur son positionnement davantage haut de gamme.<\/p>\n<p><strong>La plus moderne<\/strong> <br \/>\nLa qualit\u00e9 de fabrication et l'ha\u00adbitacle plus cossu la distinguent de sa petite soeur, et sa techno\u00adlogie, reprise de la r\u00e9cente GolfVll, compose une offre bien plus moderne. Reposant sur la nouvelle plate-forme modulaire MQB du groupe Volkswagen, qui s'adapte aux besoins de chaque mod\u00e8le, l'Octavia dispose d'un empattement allong\u00e9 de 10 cm (2,68m) et d'un all\u00e9gement de 102 kg en moyenne. L'arriv\u00e9e de fonctionnalit\u00e9s \u00e9lec\u00adtroniques \u00e9largies est in\u00e9dite pour la marque. L'Octavia est ainsi la premi\u00e8re Skoda \u00e0 rece\u00advoir un r\u00e9gulateur de vitesse adaptatif, la d\u00e9tection de fatigue, le maintien automatique dans la voie ou encore les modes de conduite programmables. Toute cette technologie sera cepen\u00addant en option. Skoda, ne sou\u00adhaitant pas alourdir le prix de base de son v\u00e9hicule. Plus luxueuse, plus technolo\u00adgique, l'Octavia a aussi soign\u00e9 son fonds de commerce: offrir grand \u00e0 prix serr\u00e9. Les tarifs, non encore \u00e9dit\u00e9s en France, devraient \u00eatre proches de ceux du mod\u00e8le actuel. <\/p>\n<p>Coffre: toujours plus L'habitabilit\u00e9 est, elle, en pro\u00adgr\u00e8s sensible. Point fort de l'an\u00adcien mod\u00e8le, le coffre prend encore du volume: de 590 \u00e0 15801 (de 560 \u00e0 1420 aupara\u00advant). C'est de loin la meilleure valeur du segment et, \u00e0 partir des productions de mai 2013, Skoda y ajoutera de la modu\u00adlarit\u00e9, avec le si\u00e8ge passager rabattable. Le mobilier plus valorisant d\u00e9gage une belle impression de solidit\u00e9. Le volant trois branches est joliment d\u00e9ssin\u00e9.<br \/>\n<strong>Rassurante<\/strong> <br \/>\nAvec le moteur diesel de 1.6 TDI  105 ch, l'Octavia se m\u00e8ne sans grand brio. ce moteur de 105 ch manque un peu de consistance dans les relances et le confort es un peu ferme \u00e0 basse vitesse. Mais l'essentiel est l\u00e0&nbsp;: sobri\u00e9t\u00e9 en carburant, comportement rassurant et niveau sonore correct en d\u00e9pit des vocalises prononc\u00e9es du moteur en acc\u00e9l\u00e9ration. Avec le 2.0 TDI de 150 ch, changement de registre. l'Octavia ne profite pas seulement de plus de puissance et de souplesse, elle est aussi plus homog\u00e8ne, avec un touch\u00e9 de route de meilleur qualit\u00e9.<br \/>\nL'octavia est la plus vendue des Skoda. Sans elle la marque ne volerait pas de record en record. Son renouvellement est donc sans prise de risque, mais avec une vraie marche franchie au niveau de la qualit\u00e9. Au point que l'on se demande ce qui reste \u00e0 sa cousine germaine Volkswagen Passat. D\u00e8s l'\u00e9t\u00e9 prochain, la version break, 50% des ventes du mod\u00e8le en France, viendra \u00e9pauler la berline. <br \/>\n\/ Achat Skoda Octavia moins ch\u00e8re avec Carideal Mandataire automobile<\/p>\n","protected":false},"excerpt":{"rendered":"<p>Skoda Octavia 1.6 TDI 105 \u00e0 partir de 20500 \u20ac commercialis\u00e9 en Mars 2013 Grande compacte ou petite familiale? Le positionnement de la pr\u00e9c\u00e9dente Octavia variait selon qu&rsquo;on la regardait sous l&rsquo;angle de son gabarit, de son habitabilit\u00e9, de son volume de coffre ou de son prix. II n&rsquo;y a plus d&rsquo;ambigu\u00eft\u00e9 aujourd&rsquo;hui. L&rsquo;Octavia a &#8230; <a title=\"Skoda Octavia 1.6 TDI\" class=\"read-more\" href=\"https:\/\/www.carideal.com\/blog\/2013\/03\/07\/skoda-octavia-1-6-tdi\/\" aria-label=\"En savoir plus sur Skoda Octavia 1.6 TDI\">Lire plus<\/a><\/p>\n","protected":false},"author":1,"featured_media":0,"comment_status":"open","ping_status":"open","sticky":false,"template":"","format":"standard","meta":{"_uag_custom_page_level_css":"","_themeisle_gutenberg_block_has_review":false,"footnotes":""},"categories":[10],"tags":[3157],"class_list":["post-1328","post","type-post","status-publish","format-standard","hentry","category-marche-automobile-voiture-neuve-occasion-4x4-suv","tag-octavia"],"wppr_data":[],"yoast_head":"<!-- This site is optimized with the Yoast SEO plugin v24.8.1 - https:\/\/yoast.com\/wordpress\/plugins\/seo\/ -->\n<title>Skoda Octavia 1.6 TDI - Blog auto Carid\u00e9al<\/title>\n<meta name=\"robots\" content=\"index, follow, max-snippet:-1, max-image-preview:large, max-video-preview:-1\" \/>\n<link rel=\"canonical\" href=\"https:\/\/www.carideal.com\/blog\/2013\/03\/07\/skoda-octavia-1-6-tdi\/\" \/>\n<meta property=\"og:locale\" content=\"fr_FR\" \/>\n<meta property=\"og:type\" content=\"article\" \/>\n<meta property=\"og:title\" content=\"Skoda Octavia 1.6 TDI - Blog auto Carid\u00e9al\" \/>\n<meta property=\"og:description\" content=\"Skoda Octavia 1.6 TDI 105 \u00e0 partir de 20500 \u20ac commercialis\u00e9 en Mars 2013 Grande compacte ou petite familiale? Le positionnement de la pr\u00e9c\u00e9dente Octavia variait selon qu&#039;on la regardait sous l&#039;angle de son gabarit, de son habitabilit\u00e9, de son volume de coffre ou de son prix. II n&#039;y a plus d&#039;ambigu\u00eft\u00e9 aujourd&#039;hui. L&#039;Octavia a ... Lire plus\" \/>\n<meta property=\"og:url\" content=\"https:\/\/www.carideal.com\/blog\/2013\/03\/07\/skoda-octavia-1-6-tdi\/\" \/>\n<meta property=\"og:site_name\" content=\"Blog auto Carid\u00e9al\" \/>\n<meta property=\"article:publisher\" content=\"https:\/\/www.facebook.com\/Carideal.mandataire.automobile\" \/>\n<meta property=\"article:author\" content=\"https:\/\/www.facebook.com\/Carideal.mandataire.automobile\/\" \/>\n<meta property=\"article:published_time\" content=\"2013-03-07T21:59:00+00:00\" \/>\n<meta property=\"article:modified_time\" content=\"2020-03-07T21:41:43+00:00\" \/>\n<meta property=\"og:image\" content=\"https:\/\/www.carideal.com\/blog\/wp-content\/uploads\/2016\/03\/logo-carideal-mandataire-automobile.png\" \/>\n\t<meta property=\"og:image:width\" content=\"300\" \/>\n\t<meta property=\"og:image:height\" content=\"300\" \/>\n\t<meta property=\"og:image:type\" content=\"image\/png\" \/>\n<meta name=\"author\" content=\"N.S Carideal\" \/>\n<meta name=\"twitter:card\" content=\"summary_large_image\" \/>\n<meta name=\"twitter:creator\" content=\"@caridealauto\" \/>\n<meta name=\"twitter:site\" content=\"@caridealauto\" \/>\n<meta name=\"twitter:label1\" content=\"\u00c9crit par\" \/>\n\t<meta name=\"twitter:data1\" content=\"N.S Carideal\" \/>\n\t<meta name=\"twitter:label2\" content=\"Dur\u00e9e de lecture estim\u00e9e\" \/>\n\t<meta name=\"twitter:data2\" content=\"3 minutes\" \/>\n<script type=\"application\/ld+json\" class=\"yoast-schema-graph\">{\"@context\":\"https:\/\/schema.org\",\"@graph\":[{\"@type\":\"Article\",\"@id\":\"https:\/\/www.carideal.com\/blog\/2013\/03\/07\/skoda-octavia-1-6-tdi\/#article\",\"isPartOf\":{\"@id\":\"https:\/\/www.carideal.com\/blog\/2013\/03\/07\/skoda-octavia-1-6-tdi\/\"},\"author\":{\"name\":\"N.S Carideal\",\"@id\":\"https:\/\/www.carideal.com\/blog\/#\/schema\/person\/985c7e757d1042d647f21bfaf8d41ebc\"},\"headline\":\"Skoda Octavia 1.6 TDI\",\"datePublished\":\"2013-03-07T21:59:00+00:00\",\"dateModified\":\"2020-03-07T21:41:43+00:00\",\"mainEntityOfPage\":{\"@id\":\"https:\/\/www.carideal.com\/blog\/2013\/03\/07\/skoda-octavia-1-6-tdi\/\"},\"wordCount\":579,\"commentCount\":0,\"publisher\":{\"@id\":\"https:\/\/www.carideal.com\/blog\/#organization\"},\"keywords\":[\"Octavia\"],\"articleSection\":[\"March\u00e9 automobile\"],\"inLanguage\":\"fr-FR\",\"potentialAction\":[{\"@type\":\"CommentAction\",\"name\":\"Comment\",\"target\":[\"https:\/\/www.carideal.com\/blog\/2013\/03\/07\/skoda-octavia-1-6-tdi\/#respond\"]}]},{\"@type\":\"WebPage\",\"@id\":\"https:\/\/www.carideal.com\/blog\/2013\/03\/07\/skoda-octavia-1-6-tdi\/\",\"url\":\"https:\/\/www.carideal.com\/blog\/2013\/03\/07\/skoda-octavia-1-6-tdi\/\",\"name\":\"Skoda Octavia 1.6 TDI - Blog auto Carid\u00e9al\",\"isPartOf\":{\"@id\":\"https:\/\/www.carideal.com\/blog\/#website\"},\"datePublished\":\"2013-03-07T21:59:00+00:00\",\"dateModified\":\"2020-03-07T21:41:43+00:00\",\"breadcrumb\":{\"@id\":\"https:\/\/www.carideal.com\/blog\/2013\/03\/07\/skoda-octavia-1-6-tdi\/#breadcrumb\"},\"inLanguage\":\"fr-FR\",\"potentialAction\":[{\"@type\":\"ReadAction\",\"target\":[\"https:\/\/www.carideal.com\/blog\/2013\/03\/07\/skoda-octavia-1-6-tdi\/\"]}]},{\"@type\":\"BreadcrumbList\",\"@id\":\"https:\/\/www.carideal.com\/blog\/2013\/03\/07\/skoda-octavia-1-6-tdi\/#breadcrumb\",\"itemListElement\":[{\"@type\":\"ListItem\",\"position\":1,\"name\":\"Blog Carid\u00e9al\",\"item\":\"https:\/\/www.carideal.com\/blog\/\"},{\"@type\":\"ListItem\",\"position\":2,\"name\":\"March\u00e9 automobile\",\"item\":\"https:\/\/www.carideal.com\/blog\/marche-automobile-voiture-neuve-occasion-4x4-suv\/\"},{\"@type\":\"ListItem\",\"position\":3,\"name\":\"Skoda Octavia 1.6 TDI\"}]},{\"@type\":\"WebSite\",\"@id\":\"https:\/\/www.carideal.com\/blog\/#website\",\"url\":\"https:\/\/www.carideal.com\/blog\/\",\"name\":\"Blog auto Carid\u00e9al\",\"description\":\"Actualit\u00e9 auto par des passionn\u00e9s\",\"publisher\":{\"@id\":\"https:\/\/www.carideal.com\/blog\/#organization\"},\"potentialAction\":[{\"@type\":\"SearchAction\",\"target\":{\"@type\":\"EntryPoint\",\"urlTemplate\":\"https:\/\/www.carideal.com\/blog\/?s={search_term_string}\"},\"query-input\":{\"@type\":\"PropertyValueSpecification\",\"valueRequired\":true,\"valueName\":\"search_term_string\"}}],\"inLanguage\":\"fr-FR\"},{\"@type\":\"Organization\",\"@id\":\"https:\/\/www.carideal.com\/blog\/#organization\",\"name\":\"Carideal\",\"url\":\"https:\/\/www.carideal.com\/blog\/\",\"logo\":{\"@type\":\"ImageObject\",\"inLanguage\":\"fr-FR\",\"@id\":\"https:\/\/www.carideal.com\/blog\/#\/schema\/logo\/image\/\",\"url\":\"http:\/\/www.carideal.com\/blog\/wp-content\/uploads\/2016\/03\/logo-carideal-mandataire-automobile.png\",\"contentUrl\":\"http:\/\/www.carideal.com\/blog\/wp-content\/uploads\/2016\/03\/logo-carideal-mandataire-automobile.png\",\"width\":300,\"height\":300,\"caption\":\"Carideal\"},\"image\":{\"@id\":\"https:\/\/www.carideal.com\/blog\/#\/schema\/logo\/image\/\"},\"sameAs\":[\"https:\/\/www.facebook.com\/Carideal.mandataire.automobile\",\"https:\/\/x.com\/caridealauto\",\"https:\/\/www.instagram.com\/carideal1\/\",\"https:\/\/www.linkedin.com\/company\/carideal.com\",\"https:\/\/fr.pinterest.com\/schiavonsas\/\",\"https:\/\/www.youtube.com\/user\/caridealsas\"]},{\"@type\":\"Person\",\"@id\":\"https:\/\/www.carideal.com\/blog\/#\/schema\/person\/985c7e757d1042d647f21bfaf8d41ebc\",\"name\":\"N.S Carideal\",\"image\":{\"@type\":\"ImageObject\",\"inLanguage\":\"fr-FR\",\"@id\":\"https:\/\/www.carideal.com\/blog\/#\/schema\/person\/image\/\",\"url\":\"https:\/\/secure.gravatar.com\/avatar\/edb7ccdf1a4e3d14aef967760d354d0e?s=96&r=g\",\"contentUrl\":\"https:\/\/secure.gravatar.com\/avatar\/edb7ccdf1a4e3d14aef967760d354d0e?s=96&r=g\",\"caption\":\"N.S Carideal\"},\"description\":\"Depuis tout petit fan d'automobile. Il est question d'essayer et de comparer toutes ces voitures qui nous ont fait r\u00e9ver, avant que celles-ci ne devient uniquement des voitures de collection.\",\"sameAs\":[\"http:\/\/www.carideal.com\/blog\",\"https:\/\/www.facebook.com\/Carideal.mandataire.automobile\/\",\"https:\/\/www.linkedin.com\/in\/nschiavon\/\",\"https:\/\/www.youtube.com\/user\/caridealsas\/\"],\"url\":\"https:\/\/www.carideal.com\/blog\/author\/admin_carideal\/\"}]}<\/script>\n<!-- \/ Yoast SEO plugin. -->","yoast_head_json":{"title":"Skoda Octavia 1.6 TDI - Blog auto Carid\u00e9al","robots":{"index":"index","follow":"follow","max-snippet":"max-snippet:-1","max-image-preview":"max-image-preview:large","max-video-preview":"max-video-preview:-1"},"canonical":"https:\/\/www.carideal.com\/blog\/2013\/03\/07\/skoda-octavia-1-6-tdi\/","og_locale":"fr_FR","og_type":"article","og_title":"Skoda Octavia 1.6 TDI - Blog auto Carid\u00e9al","og_description":"Skoda Octavia 1.6 TDI 105 \u00e0 partir de 20500 \u20ac commercialis\u00e9 en Mars 2013 Grande compacte ou petite familiale? Le positionnement de la pr\u00e9c\u00e9dente Octavia variait selon qu'on la regardait sous l'angle de son gabarit, de son habitabilit\u00e9, de son volume de coffre ou de son prix. II n'y a plus d'ambigu\u00eft\u00e9 aujourd'hui. L'Octavia a ... Lire plus","og_url":"https:\/\/www.carideal.com\/blog\/2013\/03\/07\/skoda-octavia-1-6-tdi\/","og_site_name":"Blog auto Carid\u00e9al","article_publisher":"https:\/\/www.facebook.com\/Carideal.mandataire.automobile","article_author":"https:\/\/www.facebook.com\/Carideal.mandataire.automobile\/","article_published_time":"2013-03-07T21:59:00+00:00","article_modified_time":"2020-03-07T21:41:43+00:00","og_image":[{"width":300,"height":300,"url":"https:\/\/www.carideal.com\/blog\/wp-content\/uploads\/2016\/03\/logo-carideal-mandataire-automobile.png","type":"image\/png"}],"author":"N.S Carideal","twitter_card":"summary_large_image","twitter_creator":"@caridealauto","twitter_site":"@caridealauto","twitter_misc":{"\u00c9crit par":"N.S Carideal","Dur\u00e9e de lecture estim\u00e9e":"3 minutes"},"schema":{"@context":"https:\/\/schema.org","@graph":[{"@type":"Article","@id":"https:\/\/www.carideal.com\/blog\/2013\/03\/07\/skoda-octavia-1-6-tdi\/#article","isPartOf":{"@id":"https:\/\/www.carideal.com\/blog\/2013\/03\/07\/skoda-octavia-1-6-tdi\/"},"author":{"name":"N.S Carideal","@id":"https:\/\/www.carideal.com\/blog\/#\/schema\/person\/985c7e757d1042d647f21bfaf8d41ebc"},"headline":"Skoda Octavia 1.6 TDI","datePublished":"2013-03-07T21:59:00+00:00","dateModified":"2020-03-07T21:41:43+00:00","mainEntityOfPage":{"@id":"https:\/\/www.carideal.com\/blog\/2013\/03\/07\/skoda-octavia-1-6-tdi\/"},"wordCount":579,"commentCount":0,"publisher":{"@id":"https:\/\/www.carideal.com\/blog\/#organization"},"keywords":["Octavia"],"articleSection":["March\u00e9 automobile"],"inLanguage":"fr-FR","potentialAction":[{"@type":"CommentAction","name":"Comment","target":["https:\/\/www.carideal.com\/blog\/2013\/03\/07\/skoda-octavia-1-6-tdi\/#respond"]}]},{"@type":"WebPage","@id":"https:\/\/www.carideal.com\/blog\/2013\/03\/07\/skoda-octavia-1-6-tdi\/","url":"https:\/\/www.carideal.com\/blog\/2013\/03\/07\/skoda-octavia-1-6-tdi\/","name":"Skoda Octavia 1.6 TDI - Blog auto Carid\u00e9al","isPartOf":{"@id":"https:\/\/www.carideal.com\/blog\/#website"},"datePublished":"2013-03-07T21:59:00+00:00","dateModified":"2020-03-07T21:41:43+00:00","breadcrumb":{"@id":"https:\/\/www.carideal.com\/blog\/2013\/03\/07\/skoda-octavia-1-6-tdi\/#breadcrumb"},"inLanguage":"fr-FR","potentialAction":[{"@type":"ReadAction","target":["https:\/\/www.carideal.com\/blog\/2013\/03\/07\/skoda-octavia-1-6-tdi\/"]}]},{"@type":"BreadcrumbList","@id":"https:\/\/www.carideal.com\/blog\/2013\/03\/07\/skoda-octavia-1-6-tdi\/#breadcrumb","itemListElement":[{"@type":"ListItem","position":1,"name":"Blog Carid\u00e9al","item":"https:\/\/www.carideal.com\/blog\/"},{"@type":"ListItem","position":2,"name":"March\u00e9 automobile","item":"https:\/\/www.carideal.com\/blog\/marche-automobile-voiture-neuve-occasion-4x4-suv\/"},{"@type":"ListItem","position":3,"name":"Skoda Octavia 1.6 TDI"}]},{"@type":"WebSite","@id":"https:\/\/www.carideal.com\/blog\/#website","url":"https:\/\/www.carideal.com\/blog\/","name":"Blog auto Carid\u00e9al","description":"Actualit\u00e9 auto par des passionn\u00e9s","publisher":{"@id":"https:\/\/www.carideal.com\/blog\/#organization"},"potentialAction":[{"@type":"SearchAction","target":{"@type":"EntryPoint","urlTemplate":"https:\/\/www.carideal.com\/blog\/?s={search_term_string}"},"query-input":{"@type":"PropertyValueSpecification","valueRequired":true,"valueName":"search_term_string"}}],"inLanguage":"fr-FR"},{"@type":"Organization","@id":"https:\/\/www.carideal.com\/blog\/#organization","name":"Carideal","url":"https:\/\/www.carideal.com\/blog\/","logo":{"@type":"ImageObject","inLanguage":"fr-FR","@id":"https:\/\/www.carideal.com\/blog\/#\/schema\/logo\/image\/","url":"http:\/\/www.carideal.com\/blog\/wp-content\/uploads\/2016\/03\/logo-carideal-mandataire-automobile.png","contentUrl":"http:\/\/www.carideal.com\/blog\/wp-content\/uploads\/2016\/03\/logo-carideal-mandataire-automobile.png","width":300,"height":300,"caption":"Carideal"},"image":{"@id":"https:\/\/www.carideal.com\/blog\/#\/schema\/logo\/image\/"},"sameAs":["https:\/\/www.facebook.com\/Carideal.mandataire.automobile","https:\/\/x.com\/caridealauto","https:\/\/www.instagram.com\/carideal1\/","https:\/\/www.linkedin.com\/company\/carideal.com","https:\/\/fr.pinterest.com\/schiavonsas\/","https:\/\/www.youtube.com\/user\/caridealsas"]},{"@type":"Person","@id":"https:\/\/www.carideal.com\/blog\/#\/schema\/person\/985c7e757d1042d647f21bfaf8d41ebc","name":"N.S Carideal","image":{"@type":"ImageObject","inLanguage":"fr-FR","@id":"https:\/\/www.carideal.com\/blog\/#\/schema\/person\/image\/","url":"https:\/\/secure.gravatar.com\/avatar\/edb7ccdf1a4e3d14aef967760d354d0e?s=96&r=g","contentUrl":"https:\/\/secure.gravatar.com\/avatar\/edb7ccdf1a4e3d14aef967760d354d0e?s=96&r=g","caption":"N.S Carideal"},"description":"Depuis tout petit fan d'automobile. Il est question d'essayer et de comparer toutes ces voitures qui nous ont fait r\u00e9ver, avant que celles-ci ne devient uniquement des voitures de collection.","sameAs":["http:\/\/www.carideal.com\/blog","https:\/\/www.facebook.com\/Carideal.mandataire.automobile\/","https:\/\/www.linkedin.com\/in\/nschiavon\/","https:\/\/www.youtube.com\/user\/caridealsas\/"],"url":"https:\/\/www.carideal.com\/blog\/author\/admin_carideal\/"}]}},"uagb_featured_image_src":{"full":false,"thumbnail":false,"medium":false,"medium_large":false,"large":false,"1536x1536":false,"2048x2048":false,"wppr-widget":false},"uagb_author_info":{"display_name":"N.S Carideal","author_link":"https:\/\/www.carideal.com\/blog\/author\/admin_carideal\/"},"uagb_comment_info":0,"uagb_excerpt":"Skoda Octavia 1.6 TDI 105 \u00e0 partir de 20500 \u20ac commercialis\u00e9 en Mars 2013 Grande compacte ou petite familiale? Le positionnement de la pr\u00e9c\u00e9dente Octavia variait selon qu'on la regardait sous l'angle de son gabarit, de son habitabilit\u00e9, de son volume de coffre ou de son prix. II n'y a plus d'ambigu\u00eft\u00e9 aujourd'hui. L'Octavia a\u2026","_links":{"self":[{"href":"https:\/\/www.carideal.com\/blog\/wp-json\/wp\/v2\/posts\/1328"}],"collection":[{"href":"https:\/\/www.carideal.com\/blog\/wp-json\/wp\/v2\/posts"}],"about":[{"href":"https:\/\/www.carideal.com\/blog\/wp-json\/wp\/v2\/types\/post"}],"author":[{"embeddable":true,"href":"https:\/\/www.carideal.com\/blog\/wp-json\/wp\/v2\/users\/1"}],"replies":[{"embeddable":true,"href":"https:\/\/www.carideal.com\/blog\/wp-json\/wp\/v2\/comments?post=1328"}],"version-history":[{"count":0,"href":"https:\/\/www.carideal.com\/blog\/wp-json\/wp\/v2\/posts\/1328\/revisions"}],"wp:attachment":[{"href":"https:\/\/www.carideal.com\/blog\/wp-json\/wp\/v2\/media?parent=1328"}],"wp:term":[{"taxonomy":"category","embeddable":true,"href":"https:\/\/www.carideal.com\/blog\/wp-json\/wp\/v2\/categories?post=1328"},{"taxonomy":"post_tag","embeddable":true,"href":"https:\/\/www.carideal.com\/blog\/wp-json\/wp\/v2\/tags?post=1328"}],"curies":[{"name":"wp","href":"https:\/\/api.w.org\/{rel}","templated":true}]}}