{"id":13183,"date":"2016-11-08T16:02:29","date_gmt":"2016-11-08T15:02:29","guid":{"rendered":"http:\/\/www.carideal.com\/blog\/?p=13183"},"modified":"2018-03-25T12:44:19","modified_gmt":"2018-03-25T10:44:19","slug":"marche-doccasion-les-voitures-preferees-des-francais-en-2016","status":"publish","type":"post","link":"https:\/\/www.carideal.com\/blog\/2016\/11\/08\/marche-doccasion-les-voitures-preferees-des-francais-en-2016\/","title":{"rendered":"March\u00e9 d&rsquo;occasion : les voitures pr\u00e9f\u00e9r\u00e9es des fran\u00e7ais en 2016"},"content":{"rendered":"<h1><strong>March\u00e9 d'occasion : les voitures pr\u00e9f\u00e9r\u00e9es des fran\u00e7ais en 2016<\/strong><\/h1>\n<figure id=\"attachment_13545\" aria-describedby=\"caption-attachment-13545\" style=\"width: 630px\" class=\"wp-caption aligncenter\"><a href=\"http:\/\/www.carideal.com\/blog\/wp-content\/uploads\/2016\/11\/carideal-vendezvotrevoiture.fr-08-11-2016-1.jpg\"><img loading=\"lazy\" decoding=\"async\" class=\"wp-image-13545\" title=\"Voitures pr\u00e9f\u00e9r\u00e9es des fran\u00e7ais en 2016\" src=\"http:\/\/www.carideal.com\/blog\/wp-content\/uploads\/2016\/11\/carideal-vendezvotrevoiture.fr-08-11-2016-1.jpg\" alt=\"Voitures pr\u00e9f\u00e9r\u00e9es des fran\u00e7ais en 2016\" width=\"640\" height=\"480\" srcset=\"https:\/\/www.carideal.com\/blog\/wp-content\/uploads\/2016\/11\/carideal-vendezvotrevoiture.fr-08-11-2016-1.jpg 800w, https:\/\/www.carideal.com\/blog\/wp-content\/uploads\/2016\/11\/carideal-vendezvotrevoiture.fr-08-11-2016-1-300x225.jpg 300w, https:\/\/www.carideal.com\/blog\/wp-content\/uploads\/2016\/11\/carideal-vendezvotrevoiture.fr-08-11-2016-1-768x576.jpg 768w, https:\/\/www.carideal.com\/blog\/wp-content\/uploads\/2016\/11\/carideal-vendezvotrevoiture.fr-08-11-2016-1-110x83.jpg 110w, https:\/\/www.carideal.com\/blog\/wp-content\/uploads\/2016\/11\/carideal-vendezvotrevoiture.fr-08-11-2016-1-420x315.jpg 420w, https:\/\/www.carideal.com\/blog\/wp-content\/uploads\/2016\/11\/carideal-vendezvotrevoiture.fr-08-11-2016-1-573x430.jpg 573w, https:\/\/www.carideal.com\/blog\/wp-content\/uploads\/2016\/11\/carideal-vendezvotrevoiture.fr-08-11-2016-1-50x38.jpg 50w\" sizes=\"(max-width: 640px) 100vw, 640px\" \/><\/a><figcaption id=\"caption-attachment-13545\" class=\"wp-caption-text\">Voitures pr\u00e9f\u00e9r\u00e9es des fran\u00e7ais en 2016<\/figcaption><\/figure>\n<p><strong>A deux mois de la fin de l\u2019ann\u00e9e, le classement 2016 des ventes de voitures d\u2019occasion se profile. La Renault M\u00e9gane est-elle parvenue \u00e0 pr\u00e9server sa premi\u00e8re place ? Comment se portent les constructeurs de l\u2019hexagone ? Les Fran\u00e7ais pr\u00e9f\u00e8rent-ils les citadines, les berlines, les breaks, les SUV ou les voitures de luxe ? Zoom sur le bilan de sant\u00e9 du march\u00e9 de l\u2019occasion.<\/strong><\/p>\n<h2>L\u2019occasion, un march\u00e9 florissant<\/h2>\n<p>Le march\u00e9 de l\u2019occasion conna\u00eet de beaux jours. Avec pr\u00e8s de 500 000 voitures d\u2019occasion vendues de janvier \u00e0 avril 2016 contre \u00e0 peine 200 000 v\u00e9hicules neufs, le march\u00e9 de l\u2019occasion est cette ann\u00e9e presque trois fois plus important que celui du neuf. Outre les vendeurs professionnels et les soci\u00e9t\u00e9s sp\u00e9cialis\u00e9es, les automobilistes recourent de plus en plus aux sites internet de vente entre particuliers pour le <a href=\"http:\/\/www.vendezvotrevoiture.fr\/rachat-de-voiture-occasion\/\" target=\"_blank\">rachat d\u2019une voiture<\/a>.<\/p>\n<h2>La French touch, une valeur s\u00fbre aux yeux des acheteurs<\/h2>\n<p>Comme en 2015, les automobilistes \u00e0 la recherche d\u2019une voiture d\u2019occasion ont fait confiance aux marques fran\u00e7aises cette ann\u00e9e. Renault, Peugeot et Citro\u00ebn accaparent neuf des dix places du classement des v\u00e9hicules d\u2019occasion les plus vendus en France cette ann\u00e9e. Seule la Volkswagen Golf parvient \u00e0 se glisser dans le Top 10, \u00e0 la sixi\u00e8me place. Dans le cadre du rachat de voiture, le Fran\u00e7ais pr\u00e9f\u00e8re donc le \u00ab made in France \u00bb et, en particulier, la marque au losange. Pour preuve, le podium est compos\u00e9 de trois Renault aux profils diff\u00e9rents : Clio, Sc\u00e9nic et M\u00e9gane (num\u00e9ro un au classement 2015).<\/p>\n<h2>Top 7 des voitures d\u2019occasion les plus vendues en 2016.<\/h2>\n<p>1- Renault Clio. Lanc\u00e9e en 1990, la Clio a su \u00e9voluer avec son temps pour r\u00e9pondre aux nouveaux besoins. Compacte, confortable et abordable, elle pr\u00e9sente un excellent rapport qualit\u00e9\/prix et a su gagner la confiance des conducteurs.<br \/>\n2- Renault Sc\u00e9nic. La premi\u00e8re version a \u00e9t\u00e9 commercialis\u00e9e en 1996, pendant le boom des monospaces. La quatri\u00e8me version du Sc\u00e9nic a \u00e9t\u00e9 r\u00e9cemment pr\u00e9sent\u00e9e lors du Salon international de l'automobile de Gen\u00e8ve, en mars dernier.<br \/>\n3- Renault M\u00e9gane. Le premier concept-car de Renault, qui se distinguait \u00e0 sa sortie en 1998 par ses innovations technologiques, a tenu toutes ses promesses.<br \/>\n4- Peugeot 206. Elle compte parmi ses arguments une bonne tenue de route, un moteur performant et une faible consommation par rapport aux autres voitures de sa cat\u00e9gorie.<br \/>\n5- Renault Twingo. Id\u00e9ale pour la conduite en ville, la Twingo se distingue par sa petite taille, sa faible consommation et ses acc\u00e9l\u00e9rations.<br \/>\n6- Volkswagen Golf. Cette l\u00e9gendaire compacte dessin\u00e9e par Giorgetto Giugiaro a s\u00e9duit d\u00e8s son lancement, en 1974. Elle existe aujourd\u2019hui en sept d\u00e9clinaisons et 30 millions d\u2019unit\u00e9s ont \u00e9t\u00e9 produites depuis sa cr\u00e9ation.<br \/>\n7- Citro\u00ebn C3. Cette citadine joue principalement d\u2019atouts tels qu\u2019un habitacle spacieux, une bonne tenue de route et un meilleur confort de conduite que la plupart de ses rivales.<\/p>\n","protected":false},"excerpt":{"rendered":"<p>March\u00e9 d&rsquo;occasion : les voitures pr\u00e9f\u00e9r\u00e9es des fran\u00e7ais en 2016 A deux mois de la fin de l\u2019ann\u00e9e, le classement 2016 des ventes de voitures d\u2019occasion se profile. La Renault M\u00e9gane est-elle parvenue \u00e0 pr\u00e9server sa premi\u00e8re place ? Comment se portent les constructeurs de l\u2019hexagone ? Les Fran\u00e7ais pr\u00e9f\u00e8rent-ils les citadines, les berlines, les &#8230; <a title=\"March\u00e9 d&rsquo;occasion : les voitures pr\u00e9f\u00e9r\u00e9es des fran\u00e7ais en 2016\" class=\"read-more\" href=\"https:\/\/www.carideal.com\/blog\/2016\/11\/08\/marche-doccasion-les-voitures-preferees-des-francais-en-2016\/\" aria-label=\"En savoir plus sur March\u00e9 d&rsquo;occasion : les voitures pr\u00e9f\u00e9r\u00e9es des fran\u00e7ais en 2016\">Lire plus<\/a><\/p>\n","protected":false},"author":3,"featured_media":13545,"comment_status":"open","ping_status":"open","sticky":false,"template":"","format":"standard","meta":{"_uag_custom_page_level_css":"","_themeisle_gutenberg_block_has_review":false,"footnotes":""},"categories":[6025,10,5974],"tags":[5044,6184,6219],"class_list":["post-13183","post","type-post","status-publish","format-standard","has-post-thumbnail","hentry","category-occasion-type-de-vehicule-type-de-vehicule","category-marche-automobile-voiture-neuve-occasion-4x4-suv","category-type-de-vehicule","tag-guide-achat","tag-meilleur-voiture","tag-voiture-prefere-des-francais"],"wppr_data":{"cwp_meta_box_check":"No"},"yoast_head":"<!-- This site is optimized with the Yoast SEO plugin v24.8.1 - https:\/\/yoast.com\/wordpress\/plugins\/seo\/ -->\n<title>March\u00e9 d&#039;occasion : les voitures pr\u00e9f\u00e9r\u00e9es des fran\u00e7ais en 2016 - Blog auto Carid\u00e9al<\/title>\n<meta name=\"description\" content=\"A deux mois de la fin de l\u2019ann\u00e9e, la Renault M\u00e9gane est-elle parvenue \u00e0 pr\u00e9server sa premi\u00e8re place des voitures pr\u00e9f\u00e9r\u00e9es des Fran\u00e7ais en 2016 ?\" \/>\n<meta name=\"robots\" content=\"index, follow, max-snippet:-1, max-image-preview:large, max-video-preview:-1\" \/>\n<link rel=\"canonical\" href=\"https:\/\/www.carideal.com\/blog\/2016\/11\/08\/marche-doccasion-les-voitures-preferees-des-francais-en-2016\/\" \/>\n<meta property=\"og:locale\" content=\"fr_FR\" \/>\n<meta property=\"og:type\" content=\"article\" \/>\n<meta property=\"og:title\" content=\"March\u00e9 d&#039;occasion : les voitures pr\u00e9f\u00e9r\u00e9es des fran\u00e7ais en 2016 - Blog auto Carid\u00e9al\" \/>\n<meta property=\"og:description\" content=\"A deux mois de la fin de l\u2019ann\u00e9e, la Renault M\u00e9gane est-elle parvenue \u00e0 pr\u00e9server sa premi\u00e8re place des voitures pr\u00e9f\u00e9r\u00e9es des Fran\u00e7ais en 2016 ?\" \/>\n<meta property=\"og:url\" content=\"https:\/\/www.carideal.com\/blog\/2016\/11\/08\/marche-doccasion-les-voitures-preferees-des-francais-en-2016\/\" \/>\n<meta property=\"og:site_name\" content=\"Blog auto Carid\u00e9al\" \/>\n<meta property=\"article:publisher\" content=\"https:\/\/www.facebook.com\/Carideal.mandataire.automobile\" \/>\n<meta property=\"article:author\" content=\"https:\/\/www.facebook.com\/nicolas.schiavon.39\" \/>\n<meta property=\"article:published_time\" content=\"2016-11-08T15:02:29+00:00\" \/>\n<meta property=\"article:modified_time\" content=\"2018-03-25T10:44:19+00:00\" \/>\n<meta property=\"og:image\" content=\"https:\/\/www.carideal.com\/blog\/wp-content\/uploads\/2016\/11\/carideal-vendezvotrevoiture.fr-08-11-2016-1.jpg\" \/>\n\t<meta property=\"og:image:width\" content=\"800\" \/>\n\t<meta property=\"og:image:height\" content=\"600\" \/>\n\t<meta property=\"og:image:type\" content=\"image\/jpeg\" \/>\n<meta name=\"author\" content=\"Nicolas SCHIAVON\" \/>\n<meta name=\"twitter:card\" content=\"summary_large_image\" \/>\n<meta name=\"twitter:creator\" content=\"@caridealauto\" \/>\n<meta name=\"twitter:site\" content=\"@caridealauto\" \/>\n<meta name=\"twitter:label1\" content=\"\u00c9crit par\" \/>\n\t<meta name=\"twitter:data1\" content=\"Nicolas SCHIAVON\" \/>\n\t<meta name=\"twitter:label2\" content=\"Dur\u00e9e de lecture estim\u00e9e\" \/>\n\t<meta name=\"twitter:data2\" content=\"3 minutes\" \/>\n<script type=\"application\/ld+json\" class=\"yoast-schema-graph\">{\"@context\":\"https:\/\/schema.org\",\"@graph\":[{\"@type\":\"Article\",\"@id\":\"https:\/\/www.carideal.com\/blog\/2016\/11\/08\/marche-doccasion-les-voitures-preferees-des-francais-en-2016\/#article\",\"isPartOf\":{\"@id\":\"https:\/\/www.carideal.com\/blog\/2016\/11\/08\/marche-doccasion-les-voitures-preferees-des-francais-en-2016\/\"},\"author\":{\"name\":\"Nicolas SCHIAVON\",\"@id\":\"https:\/\/www.carideal.com\/blog\/#\/schema\/person\/cd95dc7919660de90d31b366f85be1ec\"},\"headline\":\"March\u00e9 d&rsquo;occasion : les voitures pr\u00e9f\u00e9r\u00e9es des fran\u00e7ais en 2016\",\"datePublished\":\"2016-11-08T15:02:29+00:00\",\"dateModified\":\"2018-03-25T10:44:19+00:00\",\"mainEntityOfPage\":{\"@id\":\"https:\/\/www.carideal.com\/blog\/2016\/11\/08\/marche-doccasion-les-voitures-preferees-des-francais-en-2016\/\"},\"wordCount\":554,\"commentCount\":0,\"publisher\":{\"@id\":\"https:\/\/www.carideal.com\/blog\/#organization\"},\"image\":{\"@id\":\"https:\/\/www.carideal.com\/blog\/2016\/11\/08\/marche-doccasion-les-voitures-preferees-des-francais-en-2016\/#primaryimage\"},\"thumbnailUrl\":\"https:\/\/www.carideal.com\/blog\/wp-content\/uploads\/2016\/11\/carideal-vendezvotrevoiture.fr-08-11-2016-1.jpg\",\"keywords\":[\"Guide achat voiture\",\"Meilleure voiture\",\"Voiture pr\u00e9f\u00e9r\u00e9e des Fran\u00e7ais\"],\"articleSection\":[\"Essai Voiture Occasion\",\"March\u00e9 automobile\",\"Type de v\u00e9hicule\"],\"inLanguage\":\"fr-FR\",\"potentialAction\":[{\"@type\":\"CommentAction\",\"name\":\"Comment\",\"target\":[\"https:\/\/www.carideal.com\/blog\/2016\/11\/08\/marche-doccasion-les-voitures-preferees-des-francais-en-2016\/#respond\"]}]},{\"@type\":\"WebPage\",\"@id\":\"https:\/\/www.carideal.com\/blog\/2016\/11\/08\/marche-doccasion-les-voitures-preferees-des-francais-en-2016\/\",\"url\":\"https:\/\/www.carideal.com\/blog\/2016\/11\/08\/marche-doccasion-les-voitures-preferees-des-francais-en-2016\/\",\"name\":\"March\u00e9 d'occasion : les voitures pr\u00e9f\u00e9r\u00e9es des fran\u00e7ais en 2016 - Blog auto Carid\u00e9al\",\"isPartOf\":{\"@id\":\"https:\/\/www.carideal.com\/blog\/#website\"},\"primaryImageOfPage\":{\"@id\":\"https:\/\/www.carideal.com\/blog\/2016\/11\/08\/marche-doccasion-les-voitures-preferees-des-francais-en-2016\/#primaryimage\"},\"image\":{\"@id\":\"https:\/\/www.carideal.com\/blog\/2016\/11\/08\/marche-doccasion-les-voitures-preferees-des-francais-en-2016\/#primaryimage\"},\"thumbnailUrl\":\"https:\/\/www.carideal.com\/blog\/wp-content\/uploads\/2016\/11\/carideal-vendezvotrevoiture.fr-08-11-2016-1.jpg\",\"datePublished\":\"2016-11-08T15:02:29+00:00\",\"dateModified\":\"2018-03-25T10:44:19+00:00\",\"description\":\"A deux mois de la fin de l\u2019ann\u00e9e, la Renault M\u00e9gane est-elle parvenue \u00e0 pr\u00e9server sa premi\u00e8re place des voitures pr\u00e9f\u00e9r\u00e9es des Fran\u00e7ais en 2016 ?\",\"breadcrumb\":{\"@id\":\"https:\/\/www.carideal.com\/blog\/2016\/11\/08\/marche-doccasion-les-voitures-preferees-des-francais-en-2016\/#breadcrumb\"},\"inLanguage\":\"fr-FR\",\"potentialAction\":[{\"@type\":\"ReadAction\",\"target\":[\"https:\/\/www.carideal.com\/blog\/2016\/11\/08\/marche-doccasion-les-voitures-preferees-des-francais-en-2016\/\"]}]},{\"@type\":\"ImageObject\",\"inLanguage\":\"fr-FR\",\"@id\":\"https:\/\/www.carideal.com\/blog\/2016\/11\/08\/marche-doccasion-les-voitures-preferees-des-francais-en-2016\/#primaryimage\",\"url\":\"https:\/\/www.carideal.com\/blog\/wp-content\/uploads\/2016\/11\/carideal-vendezvotrevoiture.fr-08-11-2016-1.jpg\",\"contentUrl\":\"https:\/\/www.carideal.com\/blog\/wp-content\/uploads\/2016\/11\/carideal-vendezvotrevoiture.fr-08-11-2016-1.jpg\",\"width\":800,\"height\":600,\"caption\":\"Voitures pr\u00e9f\u00e9r\u00e9es des fran\u00e7ais en 2016\"},{\"@type\":\"BreadcrumbList\",\"@id\":\"https:\/\/www.carideal.com\/blog\/2016\/11\/08\/marche-doccasion-les-voitures-preferees-des-francais-en-2016\/#breadcrumb\",\"itemListElement\":[{\"@type\":\"ListItem\",\"position\":1,\"name\":\"Blog Carid\u00e9al\",\"item\":\"https:\/\/www.carideal.com\/blog\/\"},{\"@type\":\"ListItem\",\"position\":2,\"name\":\"March\u00e9 automobile\",\"item\":\"https:\/\/www.carideal.com\/blog\/marche-automobile-voiture-neuve-occasion-4x4-suv\/\"},{\"@type\":\"ListItem\",\"position\":3,\"name\":\"March\u00e9 d&rsquo;occasion : les voitures pr\u00e9f\u00e9r\u00e9es des fran\u00e7ais en 2016\"}]},{\"@type\":\"WebSite\",\"@id\":\"https:\/\/www.carideal.com\/blog\/#website\",\"url\":\"https:\/\/www.carideal.com\/blog\/\",\"name\":\"Blog auto Carid\u00e9al\",\"description\":\"Actualit\u00e9 auto par des passionn\u00e9s\",\"publisher\":{\"@id\":\"https:\/\/www.carideal.com\/blog\/#organization\"},\"potentialAction\":[{\"@type\":\"SearchAction\",\"target\":{\"@type\":\"EntryPoint\",\"urlTemplate\":\"https:\/\/www.carideal.com\/blog\/?s={search_term_string}\"},\"query-input\":{\"@type\":\"PropertyValueSpecification\",\"valueRequired\":true,\"valueName\":\"search_term_string\"}}],\"inLanguage\":\"fr-FR\"},{\"@type\":\"Organization\",\"@id\":\"https:\/\/www.carideal.com\/blog\/#organization\",\"name\":\"Carideal\",\"url\":\"https:\/\/www.carideal.com\/blog\/\",\"logo\":{\"@type\":\"ImageObject\",\"inLanguage\":\"fr-FR\",\"@id\":\"https:\/\/www.carideal.com\/blog\/#\/schema\/logo\/image\/\",\"url\":\"http:\/\/www.carideal.com\/blog\/wp-content\/uploads\/2016\/03\/logo-carideal-mandataire-automobile.png\",\"contentUrl\":\"http:\/\/www.carideal.com\/blog\/wp-content\/uploads\/2016\/03\/logo-carideal-mandataire-automobile.png\",\"width\":300,\"height\":300,\"caption\":\"Carideal\"},\"image\":{\"@id\":\"https:\/\/www.carideal.com\/blog\/#\/schema\/logo\/image\/\"},\"sameAs\":[\"https:\/\/www.facebook.com\/Carideal.mandataire.automobile\",\"https:\/\/x.com\/caridealauto\",\"https:\/\/www.instagram.com\/carideal1\/\",\"https:\/\/www.linkedin.com\/company\/carideal.com\",\"https:\/\/fr.pinterest.com\/schiavonsas\/\",\"https:\/\/www.youtube.com\/user\/caridealsas\"]},{\"@type\":\"Person\",\"@id\":\"https:\/\/www.carideal.com\/blog\/#\/schema\/person\/cd95dc7919660de90d31b366f85be1ec\",\"name\":\"Nicolas SCHIAVON\",\"image\":{\"@type\":\"ImageObject\",\"inLanguage\":\"fr-FR\",\"@id\":\"https:\/\/www.carideal.com\/blog\/#\/schema\/person\/image\/\",\"url\":\"https:\/\/secure.gravatar.com\/avatar\/c17e55009e671d92cc7f5dc837dc418a?s=96&r=g\",\"contentUrl\":\"https:\/\/secure.gravatar.com\/avatar\/c17e55009e671d92cc7f5dc837dc418a?s=96&r=g\",\"caption\":\"Nicolas SCHIAVON\"},\"description\":\"Nicolas Schiavon est tomb\u00e9 tout petit dans la marmite automobile. Ayant eu un garage de marque automobile, mandataire automobile de la premi\u00e8re heure d\u00e8s 1999. Nicolas a cr\u00e9\u00e9 ces premiers sites de vente de voiture et blog automobile d\u00e8s 1994. Carideal est n\u00e9 le 15 d\u00e9cembre 2000 de la volont\u00e9 de vendre des voitures d'occasions en ligne puis des voitures neuves. Il a pu essayer beaucoup de voitures tr\u00e8s diff\u00e9rentes et ayant eu personnellement quelques belles autos, Subaru Impreza, Mitsubishi Lancer Evo 7, Porsche 911, Ferrari Testarrossa, Audi RS3, RS4 et j'en passe...\",\"sameAs\":[\"http:\/\/www.carideal.com\",\"https:\/\/www.facebook.com\/nicolas.schiavon.39\",\"https:\/\/www.instagram.com\/carideal1\/\",\"https:\/\/www.linkedin.com\/in\/nschiavon\/\",\"https:\/\/x.com\/caridealauto\",\"https:\/\/www.youtube.com\/user\/caridealsas\/\"],\"url\":\"https:\/\/www.carideal.com\/blog\/author\/nschiavon\/\"}]}<\/script>\n<!-- \/ Yoast SEO plugin. -->","yoast_head_json":{"title":"March\u00e9 d'occasion : les voitures pr\u00e9f\u00e9r\u00e9es des fran\u00e7ais en 2016 - Blog auto Carid\u00e9al","description":"A deux mois de la fin de l\u2019ann\u00e9e, la Renault M\u00e9gane est-elle parvenue \u00e0 pr\u00e9server sa premi\u00e8re place des voitures pr\u00e9f\u00e9r\u00e9es des Fran\u00e7ais en 2016 ?","robots":{"index":"index","follow":"follow","max-snippet":"max-snippet:-1","max-image-preview":"max-image-preview:large","max-video-preview":"max-video-preview:-1"},"canonical":"https:\/\/www.carideal.com\/blog\/2016\/11\/08\/marche-doccasion-les-voitures-preferees-des-francais-en-2016\/","og_locale":"fr_FR","og_type":"article","og_title":"March\u00e9 d'occasion : les voitures pr\u00e9f\u00e9r\u00e9es des fran\u00e7ais en 2016 - Blog auto Carid\u00e9al","og_description":"A deux mois de la fin de l\u2019ann\u00e9e, la Renault M\u00e9gane est-elle parvenue \u00e0 pr\u00e9server sa premi\u00e8re place des voitures pr\u00e9f\u00e9r\u00e9es des Fran\u00e7ais en 2016 ?","og_url":"https:\/\/www.carideal.com\/blog\/2016\/11\/08\/marche-doccasion-les-voitures-preferees-des-francais-en-2016\/","og_site_name":"Blog auto Carid\u00e9al","article_publisher":"https:\/\/www.facebook.com\/Carideal.mandataire.automobile","article_author":"https:\/\/www.facebook.com\/nicolas.schiavon.39","article_published_time":"2016-11-08T15:02:29+00:00","article_modified_time":"2018-03-25T10:44:19+00:00","og_image":[{"width":800,"height":600,"url":"https:\/\/www.carideal.com\/blog\/wp-content\/uploads\/2016\/11\/carideal-vendezvotrevoiture.fr-08-11-2016-1.jpg","type":"image\/jpeg"}],"author":"Nicolas SCHIAVON","twitter_card":"summary_large_image","twitter_creator":"@caridealauto","twitter_site":"@caridealauto","twitter_misc":{"\u00c9crit par":"Nicolas SCHIAVON","Dur\u00e9e de lecture estim\u00e9e":"3 minutes"},"schema":{"@context":"https:\/\/schema.org","@graph":[{"@type":"Article","@id":"https:\/\/www.carideal.com\/blog\/2016\/11\/08\/marche-doccasion-les-voitures-preferees-des-francais-en-2016\/#article","isPartOf":{"@id":"https:\/\/www.carideal.com\/blog\/2016\/11\/08\/marche-doccasion-les-voitures-preferees-des-francais-en-2016\/"},"author":{"name":"Nicolas SCHIAVON","@id":"https:\/\/www.carideal.com\/blog\/#\/schema\/person\/cd95dc7919660de90d31b366f85be1ec"},"headline":"March\u00e9 d&rsquo;occasion : les voitures pr\u00e9f\u00e9r\u00e9es des fran\u00e7ais en 2016","datePublished":"2016-11-08T15:02:29+00:00","dateModified":"2018-03-25T10:44:19+00:00","mainEntityOfPage":{"@id":"https:\/\/www.carideal.com\/blog\/2016\/11\/08\/marche-doccasion-les-voitures-preferees-des-francais-en-2016\/"},"wordCount":554,"commentCount":0,"publisher":{"@id":"https:\/\/www.carideal.com\/blog\/#organization"},"image":{"@id":"https:\/\/www.carideal.com\/blog\/2016\/11\/08\/marche-doccasion-les-voitures-preferees-des-francais-en-2016\/#primaryimage"},"thumbnailUrl":"https:\/\/www.carideal.com\/blog\/wp-content\/uploads\/2016\/11\/carideal-vendezvotrevoiture.fr-08-11-2016-1.jpg","keywords":["Guide achat voiture","Meilleure voiture","Voiture pr\u00e9f\u00e9r\u00e9e des Fran\u00e7ais"],"articleSection":["Essai Voiture Occasion","March\u00e9 automobile","Type de v\u00e9hicule"],"inLanguage":"fr-FR","potentialAction":[{"@type":"CommentAction","name":"Comment","target":["https:\/\/www.carideal.com\/blog\/2016\/11\/08\/marche-doccasion-les-voitures-preferees-des-francais-en-2016\/#respond"]}]},{"@type":"WebPage","@id":"https:\/\/www.carideal.com\/blog\/2016\/11\/08\/marche-doccasion-les-voitures-preferees-des-francais-en-2016\/","url":"https:\/\/www.carideal.com\/blog\/2016\/11\/08\/marche-doccasion-les-voitures-preferees-des-francais-en-2016\/","name":"March\u00e9 d'occasion : les voitures pr\u00e9f\u00e9r\u00e9es des fran\u00e7ais en 2016 - Blog auto Carid\u00e9al","isPartOf":{"@id":"https:\/\/www.carideal.com\/blog\/#website"},"primaryImageOfPage":{"@id":"https:\/\/www.carideal.com\/blog\/2016\/11\/08\/marche-doccasion-les-voitures-preferees-des-francais-en-2016\/#primaryimage"},"image":{"@id":"https:\/\/www.carideal.com\/blog\/2016\/11\/08\/marche-doccasion-les-voitures-preferees-des-francais-en-2016\/#primaryimage"},"thumbnailUrl":"https:\/\/www.carideal.com\/blog\/wp-content\/uploads\/2016\/11\/carideal-vendezvotrevoiture.fr-08-11-2016-1.jpg","datePublished":"2016-11-08T15:02:29+00:00","dateModified":"2018-03-25T10:44:19+00:00","description":"A deux mois de la fin de l\u2019ann\u00e9e, la Renault M\u00e9gane est-elle parvenue \u00e0 pr\u00e9server sa premi\u00e8re place des voitures pr\u00e9f\u00e9r\u00e9es des Fran\u00e7ais en 2016 ?","breadcrumb":{"@id":"https:\/\/www.carideal.com\/blog\/2016\/11\/08\/marche-doccasion-les-voitures-preferees-des-francais-en-2016\/#breadcrumb"},"inLanguage":"fr-FR","potentialAction":[{"@type":"ReadAction","target":["https:\/\/www.carideal.com\/blog\/2016\/11\/08\/marche-doccasion-les-voitures-preferees-des-francais-en-2016\/"]}]},{"@type":"ImageObject","inLanguage":"fr-FR","@id":"https:\/\/www.carideal.com\/blog\/2016\/11\/08\/marche-doccasion-les-voitures-preferees-des-francais-en-2016\/#primaryimage","url":"https:\/\/www.carideal.com\/blog\/wp-content\/uploads\/2016\/11\/carideal-vendezvotrevoiture.fr-08-11-2016-1.jpg","contentUrl":"https:\/\/www.carideal.com\/blog\/wp-content\/uploads\/2016\/11\/carideal-vendezvotrevoiture.fr-08-11-2016-1.jpg","width":800,"height":600,"caption":"Voitures pr\u00e9f\u00e9r\u00e9es des fran\u00e7ais en 2016"},{"@type":"BreadcrumbList","@id":"https:\/\/www.carideal.com\/blog\/2016\/11\/08\/marche-doccasion-les-voitures-preferees-des-francais-en-2016\/#breadcrumb","itemListElement":[{"@type":"ListItem","position":1,"name":"Blog Carid\u00e9al","item":"https:\/\/www.carideal.com\/blog\/"},{"@type":"ListItem","position":2,"name":"March\u00e9 automobile","item":"https:\/\/www.carideal.com\/blog\/marche-automobile-voiture-neuve-occasion-4x4-suv\/"},{"@type":"ListItem","position":3,"name":"March\u00e9 d&rsquo;occasion : les voitures pr\u00e9f\u00e9r\u00e9es des fran\u00e7ais en 2016"}]},{"@type":"WebSite","@id":"https:\/\/www.carideal.com\/blog\/#website","url":"https:\/\/www.carideal.com\/blog\/","name":"Blog auto Carid\u00e9al","description":"Actualit\u00e9 auto par des passionn\u00e9s","publisher":{"@id":"https:\/\/www.carideal.com\/blog\/#organization"},"potentialAction":[{"@type":"SearchAction","target":{"@type":"EntryPoint","urlTemplate":"https:\/\/www.carideal.com\/blog\/?s={search_term_string}"},"query-input":{"@type":"PropertyValueSpecification","valueRequired":true,"valueName":"search_term_string"}}],"inLanguage":"fr-FR"},{"@type":"Organization","@id":"https:\/\/www.carideal.com\/blog\/#organization","name":"Carideal","url":"https:\/\/www.carideal.com\/blog\/","logo":{"@type":"ImageObject","inLanguage":"fr-FR","@id":"https:\/\/www.carideal.com\/blog\/#\/schema\/logo\/image\/","url":"http:\/\/www.carideal.com\/blog\/wp-content\/uploads\/2016\/03\/logo-carideal-mandataire-automobile.png","contentUrl":"http:\/\/www.carideal.com\/blog\/wp-content\/uploads\/2016\/03\/logo-carideal-mandataire-automobile.png","width":300,"height":300,"caption":"Carideal"},"image":{"@id":"https:\/\/www.carideal.com\/blog\/#\/schema\/logo\/image\/"},"sameAs":["https:\/\/www.facebook.com\/Carideal.mandataire.automobile","https:\/\/x.com\/caridealauto","https:\/\/www.instagram.com\/carideal1\/","https:\/\/www.linkedin.com\/company\/carideal.com","https:\/\/fr.pinterest.com\/schiavonsas\/","https:\/\/www.youtube.com\/user\/caridealsas"]},{"@type":"Person","@id":"https:\/\/www.carideal.com\/blog\/#\/schema\/person\/cd95dc7919660de90d31b366f85be1ec","name":"Nicolas SCHIAVON","image":{"@type":"ImageObject","inLanguage":"fr-FR","@id":"https:\/\/www.carideal.com\/blog\/#\/schema\/person\/image\/","url":"https:\/\/secure.gravatar.com\/avatar\/c17e55009e671d92cc7f5dc837dc418a?s=96&r=g","contentUrl":"https:\/\/secure.gravatar.com\/avatar\/c17e55009e671d92cc7f5dc837dc418a?s=96&r=g","caption":"Nicolas SCHIAVON"},"description":"Nicolas Schiavon est tomb\u00e9 tout petit dans la marmite automobile. Ayant eu un garage de marque automobile, mandataire automobile de la premi\u00e8re heure d\u00e8s 1999. Nicolas a cr\u00e9\u00e9 ces premiers sites de vente de voiture et blog automobile d\u00e8s 1994. Carideal est n\u00e9 le 15 d\u00e9cembre 2000 de la volont\u00e9 de vendre des voitures d'occasions en ligne puis des voitures neuves. Il a pu essayer beaucoup de voitures tr\u00e8s diff\u00e9rentes et ayant eu personnellement quelques belles autos, Subaru Impreza, Mitsubishi Lancer Evo 7, Porsche 911, Ferrari Testarrossa, Audi RS3, RS4 et j'en passe...","sameAs":["http:\/\/www.carideal.com","https:\/\/www.facebook.com\/nicolas.schiavon.39","https:\/\/www.instagram.com\/carideal1\/","https:\/\/www.linkedin.com\/in\/nschiavon\/","https:\/\/x.com\/caridealauto","https:\/\/www.youtube.com\/user\/caridealsas\/"],"url":"https:\/\/www.carideal.com\/blog\/author\/nschiavon\/"}]}},"uagb_featured_image_src":{"full":["https:\/\/www.carideal.com\/blog\/wp-content\/uploads\/2016\/11\/carideal-vendezvotrevoiture.fr-08-11-2016-1.jpg",800,600,false],"thumbnail":["https:\/\/www.carideal.com\/blog\/wp-content\/uploads\/2016\/11\/carideal-vendezvotrevoiture.fr-08-11-2016-1-150x150.jpg",150,150,true],"medium":["https:\/\/www.carideal.com\/blog\/wp-content\/uploads\/2016\/11\/carideal-vendezvotrevoiture.fr-08-11-2016-1-300x225.jpg",300,225,true],"medium_large":["https:\/\/www.carideal.com\/blog\/wp-content\/uploads\/2016\/11\/carideal-vendezvotrevoiture.fr-08-11-2016-1-768x576.jpg",768,576,true],"large":["https:\/\/www.carideal.com\/blog\/wp-content\/uploads\/2016\/11\/carideal-vendezvotrevoiture.fr-08-11-2016-1.jpg",800,600,false],"1536x1536":["https:\/\/www.carideal.com\/blog\/wp-content\/uploads\/2016\/11\/carideal-vendezvotrevoiture.fr-08-11-2016-1.jpg",800,600,false],"2048x2048":["https:\/\/www.carideal.com\/blog\/wp-content\/uploads\/2016\/11\/carideal-vendezvotrevoiture.fr-08-11-2016-1.jpg",800,600,false],"wppr-widget":["https:\/\/www.carideal.com\/blog\/wp-content\/uploads\/2016\/11\/carideal-vendezvotrevoiture.fr-08-11-2016-1.jpg",50,38,false]},"uagb_author_info":{"display_name":"Nicolas SCHIAVON","author_link":"https:\/\/www.carideal.com\/blog\/author\/nschiavon\/"},"uagb_comment_info":0,"uagb_excerpt":"March\u00e9 d'occasion : les voitures pr\u00e9f\u00e9r\u00e9es des fran\u00e7ais en 2016 A deux mois de la fin de l\u2019ann\u00e9e, le classement 2016 des ventes de voitures d\u2019occasion se profile. La Renault M\u00e9gane est-elle parvenue \u00e0 pr\u00e9server sa premi\u00e8re place ? Comment se portent les constructeurs de l\u2019hexagone ? Les Fran\u00e7ais pr\u00e9f\u00e8rent-ils les citadines, les berlines, les\u2026","_links":{"self":[{"href":"https:\/\/www.carideal.com\/blog\/wp-json\/wp\/v2\/posts\/13183"}],"collection":[{"href":"https:\/\/www.carideal.com\/blog\/wp-json\/wp\/v2\/posts"}],"about":[{"href":"https:\/\/www.carideal.com\/blog\/wp-json\/wp\/v2\/types\/post"}],"author":[{"embeddable":true,"href":"https:\/\/www.carideal.com\/blog\/wp-json\/wp\/v2\/users\/3"}],"replies":[{"embeddable":true,"href":"https:\/\/www.carideal.com\/blog\/wp-json\/wp\/v2\/comments?post=13183"}],"version-history":[{"count":0,"href":"https:\/\/www.carideal.com\/blog\/wp-json\/wp\/v2\/posts\/13183\/revisions"}],"wp:featuredmedia":[{"embeddable":true,"href":"https:\/\/www.carideal.com\/blog\/wp-json\/wp\/v2\/media\/13545"}],"wp:attachment":[{"href":"https:\/\/www.carideal.com\/blog\/wp-json\/wp\/v2\/media?parent=13183"}],"wp:term":[{"taxonomy":"category","embeddable":true,"href":"https:\/\/www.carideal.com\/blog\/wp-json\/wp\/v2\/categories?post=13183"},{"taxonomy":"post_tag","embeddable":true,"href":"https:\/\/www.carideal.com\/blog\/wp-json\/wp\/v2\/tags?post=13183"}],"curies":[{"name":"wp","href":"https:\/\/api.w.org\/{rel}","templated":true}]}}