{"id":1310,"date":"2013-02-24T08:18:00","date_gmt":"2013-02-24T08:18:00","guid":{"rendered":"http:\/\/carideal.com\/blog\/?p=1310"},"modified":"2020-03-07T22:40:55","modified_gmt":"2020-03-07T21:40:55","slug":"record-pour-volkswagen-france","status":"publish","type":"post","link":"https:\/\/www.carideal.com\/blog\/2013\/02\/24\/record-pour-volkswagen-france\/","title":{"rendered":"Record pour Volkswagen France"},"content":{"rendered":"<\/p>\n<blockquote>\n<p>Volkswagen France en Grande Forme<\/p>\n<\/blockquote>\n<p>Historique: \u00abAlors que le march\u00e9 fran\u00e7ais souffre d'un ralentissement g\u00e9n\u00e9\u00adral de l'\u00e9conomie et d'un niveau de ventes au plus bas depuis 15 ans, le groupe enregistre un r\u00e9sultat record sur ce march\u00e9\u00bb, souligne <a href=\"\/blog\/index.php?tag\/Jacques%20Rivoal\">Jacques Rivoal<\/a> qui vient de succ\u00e9der \u00e0 <a href=\"\/blog\/index.php?tag\/Marie-Christine%20Caubet\">Marie-Christine Caubet<\/a> au poste de pr\u00e9sident du groupe Volkswagen France. Le groupe s'octroie en effet 14,1% du march\u00e9 fran\u00e7ais contre 12,8% en 2011 avec des immatricula\u00adtions totales de 262876 v\u00e9hicules. Dans le d\u00e9tail des marques, Volkswagen baisse l\u00e9g\u00e8rement avec 154434 immatriculations (-5,6%). Audi (62054 unit\u00e9s, +4,5%) et Skoda (22464 imma\u00adtriculations, +6%) continuent de plaire aux Fran\u00e7ais, tandis que Seat en manque de nouveaut\u00e9s chute lourdement (2480 ventes, -27,3%). Le groupe veut parve\u00adnir \u00e0 l'objectif de 18 % de part de march\u00e9 (400000 ventes sur le ter\u00adritoire) \u00e0 l'horizon 2018. Outre une strat\u00e9gie de plateformes communes, Volkswagen mise sur une expansion de son r\u00e9seau, avec 200 points de ventes de plus d'ici cinq ans.<\/p>\n<p>\/ Achat Volkswagen moins ch\u00e8re avec Carideal mandataire automobile<\/p>\n","protected":false},"excerpt":{"rendered":"<p>Volkswagen France en Grande Forme Historique: \u00abAlors que le march\u00e9 fran\u00e7ais souffre d&rsquo;un ralentissement g\u00e9n\u00e9\u00adral de l&rsquo;\u00e9conomie et d&rsquo;un niveau de ventes au plus bas depuis 15 ans, le groupe enregistre un r\u00e9sultat record sur ce march\u00e9\u00bb, souligne Jacques Rivoal qui vient de succ\u00e9der \u00e0 Marie-Christine Caubet au poste de pr\u00e9sident du groupe Volkswagen France. &#8230; <a title=\"Record pour Volkswagen France\" class=\"read-more\" href=\"https:\/\/www.carideal.com\/blog\/2013\/02\/24\/record-pour-volkswagen-france\/\" aria-label=\"En savoir plus sur Record pour Volkswagen France\">Lire plus<\/a><\/p>\n","protected":false},"author":1,"featured_media":0,"comment_status":"open","ping_status":"open","sticky":false,"template":"","format":"standard","meta":{"_uag_custom_page_level_css":"","_themeisle_gutenberg_block_has_review":false,"footnotes":""},"categories":[10],"tags":[],"class_list":["post-1310","post","type-post","status-publish","format-standard","hentry","category-marche-automobile-voiture-neuve-occasion-4x4-suv"],"wppr_data":[],"yoast_head":"<!-- This site is optimized with the Yoast SEO plugin v24.8.1 - https:\/\/yoast.com\/wordpress\/plugins\/seo\/ -->\n<title>Record pour Volkswagen France - Blog auto Carid\u00e9al<\/title>\n<meta name=\"robots\" content=\"index, follow, max-snippet:-1, max-image-preview:large, max-video-preview:-1\" \/>\n<link rel=\"canonical\" href=\"https:\/\/www.carideal.com\/blog\/2013\/02\/24\/record-pour-volkswagen-france\/\" \/>\n<meta property=\"og:locale\" content=\"fr_FR\" \/>\n<meta property=\"og:type\" content=\"article\" \/>\n<meta property=\"og:title\" content=\"Record pour Volkswagen France - Blog auto Carid\u00e9al\" \/>\n<meta property=\"og:description\" content=\"Volkswagen France en Grande Forme Historique: \u00abAlors que le march\u00e9 fran\u00e7ais souffre d&#039;un ralentissement g\u00e9n\u00e9\u00adral de l&#039;\u00e9conomie et d&#039;un niveau de ventes au plus bas depuis 15 ans, le groupe enregistre un r\u00e9sultat record sur ce march\u00e9\u00bb, souligne Jacques Rivoal qui vient de succ\u00e9der \u00e0 Marie-Christine Caubet au poste de pr\u00e9sident du groupe Volkswagen France. ... Lire plus\" \/>\n<meta property=\"og:url\" content=\"https:\/\/www.carideal.com\/blog\/2013\/02\/24\/record-pour-volkswagen-france\/\" \/>\n<meta property=\"og:site_name\" content=\"Blog auto Carid\u00e9al\" \/>\n<meta property=\"article:publisher\" content=\"https:\/\/www.facebook.com\/Carideal.mandataire.automobile\" \/>\n<meta property=\"article:author\" content=\"https:\/\/www.facebook.com\/Carideal.mandataire.automobile\/\" \/>\n<meta property=\"article:published_time\" content=\"2013-02-24T08:18:00+00:00\" \/>\n<meta property=\"article:modified_time\" content=\"2020-03-07T21:40:55+00:00\" \/>\n<meta property=\"og:image\" content=\"https:\/\/www.carideal.com\/blog\/wp-content\/uploads\/2016\/03\/logo-carideal-mandataire-automobile.png\" \/>\n\t<meta property=\"og:image:width\" content=\"300\" \/>\n\t<meta property=\"og:image:height\" content=\"300\" \/>\n\t<meta property=\"og:image:type\" content=\"image\/png\" \/>\n<meta name=\"author\" content=\"N.S Carideal\" \/>\n<meta name=\"twitter:card\" content=\"summary_large_image\" \/>\n<meta name=\"twitter:creator\" content=\"@caridealauto\" \/>\n<meta name=\"twitter:site\" content=\"@caridealauto\" \/>\n<meta name=\"twitter:label1\" content=\"\u00c9crit par\" \/>\n\t<meta name=\"twitter:data1\" content=\"N.S Carideal\" \/>\n\t<meta name=\"twitter:label2\" content=\"Dur\u00e9e de lecture estim\u00e9e\" \/>\n\t<meta name=\"twitter:data2\" content=\"1 minute\" \/>\n<script type=\"application\/ld+json\" class=\"yoast-schema-graph\">{\"@context\":\"https:\/\/schema.org\",\"@graph\":[{\"@type\":\"Article\",\"@id\":\"https:\/\/www.carideal.com\/blog\/2013\/02\/24\/record-pour-volkswagen-france\/#article\",\"isPartOf\":{\"@id\":\"https:\/\/www.carideal.com\/blog\/2013\/02\/24\/record-pour-volkswagen-france\/\"},\"author\":{\"name\":\"N.S Carideal\",\"@id\":\"https:\/\/www.carideal.com\/blog\/#\/schema\/person\/985c7e757d1042d647f21bfaf8d41ebc\"},\"headline\":\"Record pour Volkswagen France\",\"datePublished\":\"2013-02-24T08:18:00+00:00\",\"dateModified\":\"2020-03-07T21:40:55+00:00\",\"mainEntityOfPage\":{\"@id\":\"https:\/\/www.carideal.com\/blog\/2013\/02\/24\/record-pour-volkswagen-france\/\"},\"wordCount\":173,\"commentCount\":0,\"publisher\":{\"@id\":\"https:\/\/www.carideal.com\/blog\/#organization\"},\"articleSection\":[\"March\u00e9 automobile\"],\"inLanguage\":\"fr-FR\",\"potentialAction\":[{\"@type\":\"CommentAction\",\"name\":\"Comment\",\"target\":[\"https:\/\/www.carideal.com\/blog\/2013\/02\/24\/record-pour-volkswagen-france\/#respond\"]}]},{\"@type\":\"WebPage\",\"@id\":\"https:\/\/www.carideal.com\/blog\/2013\/02\/24\/record-pour-volkswagen-france\/\",\"url\":\"https:\/\/www.carideal.com\/blog\/2013\/02\/24\/record-pour-volkswagen-france\/\",\"name\":\"Record pour Volkswagen France - Blog auto Carid\u00e9al\",\"isPartOf\":{\"@id\":\"https:\/\/www.carideal.com\/blog\/#website\"},\"datePublished\":\"2013-02-24T08:18:00+00:00\",\"dateModified\":\"2020-03-07T21:40:55+00:00\",\"breadcrumb\":{\"@id\":\"https:\/\/www.carideal.com\/blog\/2013\/02\/24\/record-pour-volkswagen-france\/#breadcrumb\"},\"inLanguage\":\"fr-FR\",\"potentialAction\":[{\"@type\":\"ReadAction\",\"target\":[\"https:\/\/www.carideal.com\/blog\/2013\/02\/24\/record-pour-volkswagen-france\/\"]}]},{\"@type\":\"BreadcrumbList\",\"@id\":\"https:\/\/www.carideal.com\/blog\/2013\/02\/24\/record-pour-volkswagen-france\/#breadcrumb\",\"itemListElement\":[{\"@type\":\"ListItem\",\"position\":1,\"name\":\"Blog Carid\u00e9al\",\"item\":\"https:\/\/www.carideal.com\/blog\/\"},{\"@type\":\"ListItem\",\"position\":2,\"name\":\"March\u00e9 automobile\",\"item\":\"https:\/\/www.carideal.com\/blog\/marche-automobile-voiture-neuve-occasion-4x4-suv\/\"},{\"@type\":\"ListItem\",\"position\":3,\"name\":\"Record pour Volkswagen France\"}]},{\"@type\":\"WebSite\",\"@id\":\"https:\/\/www.carideal.com\/blog\/#website\",\"url\":\"https:\/\/www.carideal.com\/blog\/\",\"name\":\"Blog auto Carid\u00e9al\",\"description\":\"Actualit\u00e9 auto par des passionn\u00e9s\",\"publisher\":{\"@id\":\"https:\/\/www.carideal.com\/blog\/#organization\"},\"potentialAction\":[{\"@type\":\"SearchAction\",\"target\":{\"@type\":\"EntryPoint\",\"urlTemplate\":\"https:\/\/www.carideal.com\/blog\/?s={search_term_string}\"},\"query-input\":{\"@type\":\"PropertyValueSpecification\",\"valueRequired\":true,\"valueName\":\"search_term_string\"}}],\"inLanguage\":\"fr-FR\"},{\"@type\":\"Organization\",\"@id\":\"https:\/\/www.carideal.com\/blog\/#organization\",\"name\":\"Carideal\",\"url\":\"https:\/\/www.carideal.com\/blog\/\",\"logo\":{\"@type\":\"ImageObject\",\"inLanguage\":\"fr-FR\",\"@id\":\"https:\/\/www.carideal.com\/blog\/#\/schema\/logo\/image\/\",\"url\":\"http:\/\/www.carideal.com\/blog\/wp-content\/uploads\/2016\/03\/logo-carideal-mandataire-automobile.png\",\"contentUrl\":\"http:\/\/www.carideal.com\/blog\/wp-content\/uploads\/2016\/03\/logo-carideal-mandataire-automobile.png\",\"width\":300,\"height\":300,\"caption\":\"Carideal\"},\"image\":{\"@id\":\"https:\/\/www.carideal.com\/blog\/#\/schema\/logo\/image\/\"},\"sameAs\":[\"https:\/\/www.facebook.com\/Carideal.mandataire.automobile\",\"https:\/\/x.com\/caridealauto\",\"https:\/\/www.instagram.com\/carideal1\/\",\"https:\/\/www.linkedin.com\/company\/carideal.com\",\"https:\/\/fr.pinterest.com\/schiavonsas\/\",\"https:\/\/www.youtube.com\/user\/caridealsas\"]},{\"@type\":\"Person\",\"@id\":\"https:\/\/www.carideal.com\/blog\/#\/schema\/person\/985c7e757d1042d647f21bfaf8d41ebc\",\"name\":\"N.S Carideal\",\"image\":{\"@type\":\"ImageObject\",\"inLanguage\":\"fr-FR\",\"@id\":\"https:\/\/www.carideal.com\/blog\/#\/schema\/person\/image\/\",\"url\":\"https:\/\/secure.gravatar.com\/avatar\/edb7ccdf1a4e3d14aef967760d354d0e?s=96&r=g\",\"contentUrl\":\"https:\/\/secure.gravatar.com\/avatar\/edb7ccdf1a4e3d14aef967760d354d0e?s=96&r=g\",\"caption\":\"N.S Carideal\"},\"description\":\"Depuis tout petit fan d'automobile. Il est question d'essayer et de comparer toutes ces voitures qui nous ont fait r\u00e9ver, avant que celles-ci ne devient uniquement des voitures de collection.\",\"sameAs\":[\"http:\/\/www.carideal.com\/blog\",\"https:\/\/www.facebook.com\/Carideal.mandataire.automobile\/\",\"https:\/\/www.linkedin.com\/in\/nschiavon\/\",\"https:\/\/www.youtube.com\/user\/caridealsas\/\"],\"url\":\"https:\/\/www.carideal.com\/blog\/author\/admin_carideal\/\"}]}<\/script>\n<!-- \/ Yoast SEO plugin. -->","yoast_head_json":{"title":"Record pour Volkswagen France - Blog auto Carid\u00e9al","robots":{"index":"index","follow":"follow","max-snippet":"max-snippet:-1","max-image-preview":"max-image-preview:large","max-video-preview":"max-video-preview:-1"},"canonical":"https:\/\/www.carideal.com\/blog\/2013\/02\/24\/record-pour-volkswagen-france\/","og_locale":"fr_FR","og_type":"article","og_title":"Record pour Volkswagen France - Blog auto Carid\u00e9al","og_description":"Volkswagen France en Grande Forme Historique: \u00abAlors que le march\u00e9 fran\u00e7ais souffre d'un ralentissement g\u00e9n\u00e9\u00adral de l'\u00e9conomie et d'un niveau de ventes au plus bas depuis 15 ans, le groupe enregistre un r\u00e9sultat record sur ce march\u00e9\u00bb, souligne Jacques Rivoal qui vient de succ\u00e9der \u00e0 Marie-Christine Caubet au poste de pr\u00e9sident du groupe Volkswagen France. ... Lire plus","og_url":"https:\/\/www.carideal.com\/blog\/2013\/02\/24\/record-pour-volkswagen-france\/","og_site_name":"Blog auto Carid\u00e9al","article_publisher":"https:\/\/www.facebook.com\/Carideal.mandataire.automobile","article_author":"https:\/\/www.facebook.com\/Carideal.mandataire.automobile\/","article_published_time":"2013-02-24T08:18:00+00:00","article_modified_time":"2020-03-07T21:40:55+00:00","og_image":[{"width":300,"height":300,"url":"https:\/\/www.carideal.com\/blog\/wp-content\/uploads\/2016\/03\/logo-carideal-mandataire-automobile.png","type":"image\/png"}],"author":"N.S Carideal","twitter_card":"summary_large_image","twitter_creator":"@caridealauto","twitter_site":"@caridealauto","twitter_misc":{"\u00c9crit par":"N.S Carideal","Dur\u00e9e de lecture estim\u00e9e":"1 minute"},"schema":{"@context":"https:\/\/schema.org","@graph":[{"@type":"Article","@id":"https:\/\/www.carideal.com\/blog\/2013\/02\/24\/record-pour-volkswagen-france\/#article","isPartOf":{"@id":"https:\/\/www.carideal.com\/blog\/2013\/02\/24\/record-pour-volkswagen-france\/"},"author":{"name":"N.S Carideal","@id":"https:\/\/www.carideal.com\/blog\/#\/schema\/person\/985c7e757d1042d647f21bfaf8d41ebc"},"headline":"Record pour Volkswagen France","datePublished":"2013-02-24T08:18:00+00:00","dateModified":"2020-03-07T21:40:55+00:00","mainEntityOfPage":{"@id":"https:\/\/www.carideal.com\/blog\/2013\/02\/24\/record-pour-volkswagen-france\/"},"wordCount":173,"commentCount":0,"publisher":{"@id":"https:\/\/www.carideal.com\/blog\/#organization"},"articleSection":["March\u00e9 automobile"],"inLanguage":"fr-FR","potentialAction":[{"@type":"CommentAction","name":"Comment","target":["https:\/\/www.carideal.com\/blog\/2013\/02\/24\/record-pour-volkswagen-france\/#respond"]}]},{"@type":"WebPage","@id":"https:\/\/www.carideal.com\/blog\/2013\/02\/24\/record-pour-volkswagen-france\/","url":"https:\/\/www.carideal.com\/blog\/2013\/02\/24\/record-pour-volkswagen-france\/","name":"Record pour Volkswagen France - Blog auto Carid\u00e9al","isPartOf":{"@id":"https:\/\/www.carideal.com\/blog\/#website"},"datePublished":"2013-02-24T08:18:00+00:00","dateModified":"2020-03-07T21:40:55+00:00","breadcrumb":{"@id":"https:\/\/www.carideal.com\/blog\/2013\/02\/24\/record-pour-volkswagen-france\/#breadcrumb"},"inLanguage":"fr-FR","potentialAction":[{"@type":"ReadAction","target":["https:\/\/www.carideal.com\/blog\/2013\/02\/24\/record-pour-volkswagen-france\/"]}]},{"@type":"BreadcrumbList","@id":"https:\/\/www.carideal.com\/blog\/2013\/02\/24\/record-pour-volkswagen-france\/#breadcrumb","itemListElement":[{"@type":"ListItem","position":1,"name":"Blog Carid\u00e9al","item":"https:\/\/www.carideal.com\/blog\/"},{"@type":"ListItem","position":2,"name":"March\u00e9 automobile","item":"https:\/\/www.carideal.com\/blog\/marche-automobile-voiture-neuve-occasion-4x4-suv\/"},{"@type":"ListItem","position":3,"name":"Record pour Volkswagen France"}]},{"@type":"WebSite","@id":"https:\/\/www.carideal.com\/blog\/#website","url":"https:\/\/www.carideal.com\/blog\/","name":"Blog auto Carid\u00e9al","description":"Actualit\u00e9 auto par des passionn\u00e9s","publisher":{"@id":"https:\/\/www.carideal.com\/blog\/#organization"},"potentialAction":[{"@type":"SearchAction","target":{"@type":"EntryPoint","urlTemplate":"https:\/\/www.carideal.com\/blog\/?s={search_term_string}"},"query-input":{"@type":"PropertyValueSpecification","valueRequired":true,"valueName":"search_term_string"}}],"inLanguage":"fr-FR"},{"@type":"Organization","@id":"https:\/\/www.carideal.com\/blog\/#organization","name":"Carideal","url":"https:\/\/www.carideal.com\/blog\/","logo":{"@type":"ImageObject","inLanguage":"fr-FR","@id":"https:\/\/www.carideal.com\/blog\/#\/schema\/logo\/image\/","url":"http:\/\/www.carideal.com\/blog\/wp-content\/uploads\/2016\/03\/logo-carideal-mandataire-automobile.png","contentUrl":"http:\/\/www.carideal.com\/blog\/wp-content\/uploads\/2016\/03\/logo-carideal-mandataire-automobile.png","width":300,"height":300,"caption":"Carideal"},"image":{"@id":"https:\/\/www.carideal.com\/blog\/#\/schema\/logo\/image\/"},"sameAs":["https:\/\/www.facebook.com\/Carideal.mandataire.automobile","https:\/\/x.com\/caridealauto","https:\/\/www.instagram.com\/carideal1\/","https:\/\/www.linkedin.com\/company\/carideal.com","https:\/\/fr.pinterest.com\/schiavonsas\/","https:\/\/www.youtube.com\/user\/caridealsas"]},{"@type":"Person","@id":"https:\/\/www.carideal.com\/blog\/#\/schema\/person\/985c7e757d1042d647f21bfaf8d41ebc","name":"N.S Carideal","image":{"@type":"ImageObject","inLanguage":"fr-FR","@id":"https:\/\/www.carideal.com\/blog\/#\/schema\/person\/image\/","url":"https:\/\/secure.gravatar.com\/avatar\/edb7ccdf1a4e3d14aef967760d354d0e?s=96&r=g","contentUrl":"https:\/\/secure.gravatar.com\/avatar\/edb7ccdf1a4e3d14aef967760d354d0e?s=96&r=g","caption":"N.S Carideal"},"description":"Depuis tout petit fan d'automobile. Il est question d'essayer et de comparer toutes ces voitures qui nous ont fait r\u00e9ver, avant que celles-ci ne devient uniquement des voitures de collection.","sameAs":["http:\/\/www.carideal.com\/blog","https:\/\/www.facebook.com\/Carideal.mandataire.automobile\/","https:\/\/www.linkedin.com\/in\/nschiavon\/","https:\/\/www.youtube.com\/user\/caridealsas\/"],"url":"https:\/\/www.carideal.com\/blog\/author\/admin_carideal\/"}]}},"uagb_featured_image_src":{"full":false,"thumbnail":false,"medium":false,"medium_large":false,"large":false,"1536x1536":false,"2048x2048":false,"wppr-widget":false},"uagb_author_info":{"display_name":"N.S Carideal","author_link":"https:\/\/www.carideal.com\/blog\/author\/admin_carideal\/"},"uagb_comment_info":0,"uagb_excerpt":"Volkswagen France en Grande Forme Historique: \u00abAlors que le march\u00e9 fran\u00e7ais souffre d'un ralentissement g\u00e9n\u00e9\u00adral de l'\u00e9conomie et d'un niveau de ventes au plus bas depuis 15 ans, le groupe enregistre un r\u00e9sultat record sur ce march\u00e9\u00bb, souligne Jacques Rivoal qui vient de succ\u00e9der \u00e0 Marie-Christine Caubet au poste de pr\u00e9sident du groupe Volkswagen France.\u2026","_links":{"self":[{"href":"https:\/\/www.carideal.com\/blog\/wp-json\/wp\/v2\/posts\/1310"}],"collection":[{"href":"https:\/\/www.carideal.com\/blog\/wp-json\/wp\/v2\/posts"}],"about":[{"href":"https:\/\/www.carideal.com\/blog\/wp-json\/wp\/v2\/types\/post"}],"author":[{"embeddable":true,"href":"https:\/\/www.carideal.com\/blog\/wp-json\/wp\/v2\/users\/1"}],"replies":[{"embeddable":true,"href":"https:\/\/www.carideal.com\/blog\/wp-json\/wp\/v2\/comments?post=1310"}],"version-history":[{"count":0,"href":"https:\/\/www.carideal.com\/blog\/wp-json\/wp\/v2\/posts\/1310\/revisions"}],"wp:attachment":[{"href":"https:\/\/www.carideal.com\/blog\/wp-json\/wp\/v2\/media?parent=1310"}],"wp:term":[{"taxonomy":"category","embeddable":true,"href":"https:\/\/www.carideal.com\/blog\/wp-json\/wp\/v2\/categories?post=1310"},{"taxonomy":"post_tag","embeddable":true,"href":"https:\/\/www.carideal.com\/blog\/wp-json\/wp\/v2\/tags?post=1310"}],"curies":[{"name":"wp","href":"https:\/\/api.w.org\/{rel}","templated":true}]}}