{"id":1309,"date":"2013-02-21T22:09:00","date_gmt":"2013-02-21T22:09:00","guid":{"rendered":"http:\/\/carideal.com\/blog\/?p=1309"},"modified":"2013-02-21T22:09:00","modified_gmt":"2013-02-21T22:09:00","slug":"adam-lopel-faite-sur-commande","status":"publish","type":"post","link":"https:\/\/www.carideal.com\/blog\/2013\/02\/21\/adam-lopel-faite-sur-commande\/","title":{"rendered":"Adam l&rsquo;opel faite sur commande"},"content":{"rendered":"<p><img decoding=\"async\" src=\"\/blog\/public\/.opel-adam-carideal-achat-mandataire-automobile_m.jpg\" alt=\"opel-adam-carideal-achat-mandataire-automobile.jpg\" title=\"opel-adam-carideal-achat-mandataire-automobile.jpg, f\u00e9v. 2013\" \/><\/p>\n<blockquote>\n<p>Le v\u00e9hicule sur la cha\u00eene a d\u00e9j\u00e0 son client attribu\u00e9<\/p>\n<\/blockquote>\n<p>Enfin du concret. Au \u00addel\u00e0 des multiples inter\u00adrogations sur son ave\u00adnir, Opel montre sa vitalit\u00e9. Apr\u00e8s avoir investi quelque 190 millions d'eu\u00adros dans son usine d'Eisenach (en Allemagne orientale), il sort les premiers exemplaires de l'Adam. Ce mod\u00e8le d\u00e9barquera dans les concessions allemandes \u00e0 partir du 19 janvier et dans celles de France dans les semaines qui sui\u00advront. Il veut d\u00e9fier les Fiat 500, Mini et autres Citro\u00ebn DS3, sur le march\u00e9 en plein essor des petites voitures chic. Prix d'at\u00adtaque affich\u00e9&nbsp;: 10 990f' avec le moteur \u00e0 essence 1,21 de loch. Mais surtout, l'Adam entend apporter \u00e0 la marque ce qui lui a souvent manqu\u00e9: de la person\u00adnalit\u00e9 et de l'\u00e9motion. Le constructeur mise \u00e0 fond sur la personnalisation qui s\u00e9duit la client\u00e8le branch\u00e9e cibl\u00e9e. Ainsi, pas moins de 61000 combinai\u00adsons d'options sont possibles pour l'ext\u00e9rieur et 82000 pour l'int\u00e9rieur. \u00abQuiconque com\u00admande aujourd'hui une Adarn peut \u00eatre certain qu'il ne verra pas de voiture identique. Presque chaque Adam sera unique\u00bb, assure <a href=\"\/blog\/index.php?tag\/Thomas%20Sedran\">Thomas Sedran<\/a>, pr\u00e9sident du directoire d'Opel. Une telle approche suppose que chaque v\u00e9hicule soit fabriqu\u00e9 \u00e0 la com\u00admande (du client ou du conces\u00adsionnaire qui anticipe les attentes de ses clients). De fait, elle signi\u00adfie une disparition des stocks du constructeur et de l'immobilisa\u00adtion financi\u00e8re qu'ils impliquent. Quelque 16 000 commandes ont \u00e9t\u00e9 engrang\u00e9es en Europe. <\/p>\n<p>\/ <a href=\"\/blog\/index.php?post\/2013\/01\/29\/Opel-Adam-1.4-ecoFlex-87-ch-Glam\">Opel adam 1.4 ecoflex<\/a><\/p>\n","protected":false},"excerpt":{"rendered":"<p>Le v\u00e9hicule sur la cha\u00eene a d\u00e9j\u00e0 son client attribu\u00e9 Enfin du concret. Au \u00addel\u00e0 des multiples inter\u00adrogations sur son ave\u00adnir, Opel montre sa vitalit\u00e9. Apr\u00e8s avoir investi quelque 190 millions d&rsquo;eu\u00adros dans son usine d&rsquo;Eisenach (en Allemagne orientale), il sort les premiers exemplaires de l&rsquo;Adam. Ce mod\u00e8le d\u00e9barquera dans les concessions allemandes \u00e0 partir &#8230; <a title=\"Adam l&rsquo;opel faite sur commande\" class=\"read-more\" href=\"https:\/\/www.carideal.com\/blog\/2013\/02\/21\/adam-lopel-faite-sur-commande\/\" aria-label=\"En savoir plus sur Adam l&rsquo;opel faite sur commande\">Lire plus<\/a><\/p>\n","protected":false},"author":1,"featured_media":0,"comment_status":"open","ping_status":"open","sticky":false,"template":"","format":"standard","meta":{"_uag_custom_page_level_css":"","_themeisle_gutenberg_block_has_review":false,"footnotes":""},"categories":[10],"tags":[],"class_list":["post-1309","post","type-post","status-publish","format-standard","hentry","category-marche-automobile-voiture-neuve-occasion-4x4-suv"],"wppr_data":[],"yoast_head":"<!-- This site is optimized with the Yoast SEO plugin v24.8.1 - https:\/\/yoast.com\/wordpress\/plugins\/seo\/ -->\n<title>Adam l&#039;opel faite sur commande - Blog auto Carid\u00e9al<\/title>\n<meta name=\"robots\" content=\"index, follow, max-snippet:-1, max-image-preview:large, max-video-preview:-1\" \/>\n<link rel=\"canonical\" href=\"https:\/\/www.carideal.com\/blog\/2013\/02\/21\/adam-lopel-faite-sur-commande\/\" \/>\n<meta property=\"og:locale\" content=\"fr_FR\" \/>\n<meta property=\"og:type\" content=\"article\" \/>\n<meta property=\"og:title\" content=\"Adam l&#039;opel faite sur commande - Blog auto Carid\u00e9al\" \/>\n<meta property=\"og:description\" content=\"Le v\u00e9hicule sur la cha\u00eene a d\u00e9j\u00e0 son client attribu\u00e9 Enfin du concret. Au \u00addel\u00e0 des multiples inter\u00adrogations sur son ave\u00adnir, Opel montre sa vitalit\u00e9. Apr\u00e8s avoir investi quelque 190 millions d&#039;eu\u00adros dans son usine d&#039;Eisenach (en Allemagne orientale), il sort les premiers exemplaires de l&#039;Adam. Ce mod\u00e8le d\u00e9barquera dans les concessions allemandes \u00e0 partir ... Lire plus\" \/>\n<meta property=\"og:url\" content=\"https:\/\/www.carideal.com\/blog\/2013\/02\/21\/adam-lopel-faite-sur-commande\/\" \/>\n<meta property=\"og:site_name\" content=\"Blog auto Carid\u00e9al\" \/>\n<meta property=\"article:publisher\" content=\"https:\/\/www.facebook.com\/Carideal.mandataire.automobile\" \/>\n<meta property=\"article:author\" content=\"https:\/\/www.facebook.com\/Carideal.mandataire.automobile\/\" \/>\n<meta property=\"article:published_time\" content=\"2013-02-21T22:09:00+00:00\" \/>\n<meta property=\"og:image\" content=\"https:\/\/www.carideal.com\/blog\/wp-content\/uploads\/2016\/03\/logo-carideal-mandataire-automobile.png\" \/>\n\t<meta property=\"og:image:width\" content=\"300\" \/>\n\t<meta property=\"og:image:height\" content=\"300\" \/>\n\t<meta property=\"og:image:type\" content=\"image\/png\" \/>\n<meta name=\"author\" content=\"N.S Carideal\" \/>\n<meta name=\"twitter:card\" content=\"summary_large_image\" \/>\n<meta name=\"twitter:creator\" content=\"@caridealauto\" \/>\n<meta name=\"twitter:site\" content=\"@caridealauto\" \/>\n<meta name=\"twitter:label1\" content=\"\u00c9crit par\" \/>\n\t<meta name=\"twitter:data1\" content=\"N.S Carideal\" \/>\n\t<meta name=\"twitter:label2\" content=\"Dur\u00e9e de lecture estim\u00e9e\" \/>\n\t<meta name=\"twitter:data2\" content=\"1 minute\" \/>\n<script type=\"application\/ld+json\" class=\"yoast-schema-graph\">{\"@context\":\"https:\/\/schema.org\",\"@graph\":[{\"@type\":\"Article\",\"@id\":\"https:\/\/www.carideal.com\/blog\/2013\/02\/21\/adam-lopel-faite-sur-commande\/#article\",\"isPartOf\":{\"@id\":\"https:\/\/www.carideal.com\/blog\/2013\/02\/21\/adam-lopel-faite-sur-commande\/\"},\"author\":{\"name\":\"N.S Carideal\",\"@id\":\"https:\/\/www.carideal.com\/blog\/#\/schema\/person\/985c7e757d1042d647f21bfaf8d41ebc\"},\"headline\":\"Adam l&rsquo;opel faite sur commande\",\"datePublished\":\"2013-02-21T22:09:00+00:00\",\"mainEntityOfPage\":{\"@id\":\"https:\/\/www.carideal.com\/blog\/2013\/02\/21\/adam-lopel-faite-sur-commande\/\"},\"wordCount\":253,\"commentCount\":0,\"publisher\":{\"@id\":\"https:\/\/www.carideal.com\/blog\/#organization\"},\"articleSection\":[\"March\u00e9 automobile\"],\"inLanguage\":\"fr-FR\",\"potentialAction\":[{\"@type\":\"CommentAction\",\"name\":\"Comment\",\"target\":[\"https:\/\/www.carideal.com\/blog\/2013\/02\/21\/adam-lopel-faite-sur-commande\/#respond\"]}]},{\"@type\":\"WebPage\",\"@id\":\"https:\/\/www.carideal.com\/blog\/2013\/02\/21\/adam-lopel-faite-sur-commande\/\",\"url\":\"https:\/\/www.carideal.com\/blog\/2013\/02\/21\/adam-lopel-faite-sur-commande\/\",\"name\":\"Adam l'opel faite sur commande - Blog auto Carid\u00e9al\",\"isPartOf\":{\"@id\":\"https:\/\/www.carideal.com\/blog\/#website\"},\"datePublished\":\"2013-02-21T22:09:00+00:00\",\"breadcrumb\":{\"@id\":\"https:\/\/www.carideal.com\/blog\/2013\/02\/21\/adam-lopel-faite-sur-commande\/#breadcrumb\"},\"inLanguage\":\"fr-FR\",\"potentialAction\":[{\"@type\":\"ReadAction\",\"target\":[\"https:\/\/www.carideal.com\/blog\/2013\/02\/21\/adam-lopel-faite-sur-commande\/\"]}]},{\"@type\":\"BreadcrumbList\",\"@id\":\"https:\/\/www.carideal.com\/blog\/2013\/02\/21\/adam-lopel-faite-sur-commande\/#breadcrumb\",\"itemListElement\":[{\"@type\":\"ListItem\",\"position\":1,\"name\":\"Blog Carid\u00e9al\",\"item\":\"https:\/\/www.carideal.com\/blog\/\"},{\"@type\":\"ListItem\",\"position\":2,\"name\":\"March\u00e9 automobile\",\"item\":\"https:\/\/www.carideal.com\/blog\/marche-automobile-voiture-neuve-occasion-4x4-suv\/\"},{\"@type\":\"ListItem\",\"position\":3,\"name\":\"Adam l&rsquo;opel faite sur commande\"}]},{\"@type\":\"WebSite\",\"@id\":\"https:\/\/www.carideal.com\/blog\/#website\",\"url\":\"https:\/\/www.carideal.com\/blog\/\",\"name\":\"Blog auto Carid\u00e9al\",\"description\":\"Actualit\u00e9 auto par des passionn\u00e9s\",\"publisher\":{\"@id\":\"https:\/\/www.carideal.com\/blog\/#organization\"},\"potentialAction\":[{\"@type\":\"SearchAction\",\"target\":{\"@type\":\"EntryPoint\",\"urlTemplate\":\"https:\/\/www.carideal.com\/blog\/?s={search_term_string}\"},\"query-input\":{\"@type\":\"PropertyValueSpecification\",\"valueRequired\":true,\"valueName\":\"search_term_string\"}}],\"inLanguage\":\"fr-FR\"},{\"@type\":\"Organization\",\"@id\":\"https:\/\/www.carideal.com\/blog\/#organization\",\"name\":\"Carideal\",\"url\":\"https:\/\/www.carideal.com\/blog\/\",\"logo\":{\"@type\":\"ImageObject\",\"inLanguage\":\"fr-FR\",\"@id\":\"https:\/\/www.carideal.com\/blog\/#\/schema\/logo\/image\/\",\"url\":\"http:\/\/www.carideal.com\/blog\/wp-content\/uploads\/2016\/03\/logo-carideal-mandataire-automobile.png\",\"contentUrl\":\"http:\/\/www.carideal.com\/blog\/wp-content\/uploads\/2016\/03\/logo-carideal-mandataire-automobile.png\",\"width\":300,\"height\":300,\"caption\":\"Carideal\"},\"image\":{\"@id\":\"https:\/\/www.carideal.com\/blog\/#\/schema\/logo\/image\/\"},\"sameAs\":[\"https:\/\/www.facebook.com\/Carideal.mandataire.automobile\",\"https:\/\/x.com\/caridealauto\",\"https:\/\/www.instagram.com\/carideal1\/\",\"https:\/\/www.linkedin.com\/company\/carideal.com\",\"https:\/\/fr.pinterest.com\/schiavonsas\/\",\"https:\/\/www.youtube.com\/user\/caridealsas\"]},{\"@type\":\"Person\",\"@id\":\"https:\/\/www.carideal.com\/blog\/#\/schema\/person\/985c7e757d1042d647f21bfaf8d41ebc\",\"name\":\"N.S Carideal\",\"image\":{\"@type\":\"ImageObject\",\"inLanguage\":\"fr-FR\",\"@id\":\"https:\/\/www.carideal.com\/blog\/#\/schema\/person\/image\/\",\"url\":\"https:\/\/secure.gravatar.com\/avatar\/edb7ccdf1a4e3d14aef967760d354d0e?s=96&r=g\",\"contentUrl\":\"https:\/\/secure.gravatar.com\/avatar\/edb7ccdf1a4e3d14aef967760d354d0e?s=96&r=g\",\"caption\":\"N.S Carideal\"},\"description\":\"Depuis tout petit fan d'automobile. Il est question d'essayer et de comparer toutes ces voitures qui nous ont fait r\u00e9ver, avant que celles-ci ne devient uniquement des voitures de collection.\",\"sameAs\":[\"http:\/\/www.carideal.com\/blog\",\"https:\/\/www.facebook.com\/Carideal.mandataire.automobile\/\",\"https:\/\/www.linkedin.com\/in\/nschiavon\/\",\"https:\/\/www.youtube.com\/user\/caridealsas\/\"],\"url\":\"https:\/\/www.carideal.com\/blog\/author\/admin_carideal\/\"}]}<\/script>\n<!-- \/ Yoast SEO plugin. -->","yoast_head_json":{"title":"Adam l'opel faite sur commande - Blog auto Carid\u00e9al","robots":{"index":"index","follow":"follow","max-snippet":"max-snippet:-1","max-image-preview":"max-image-preview:large","max-video-preview":"max-video-preview:-1"},"canonical":"https:\/\/www.carideal.com\/blog\/2013\/02\/21\/adam-lopel-faite-sur-commande\/","og_locale":"fr_FR","og_type":"article","og_title":"Adam l'opel faite sur commande - Blog auto Carid\u00e9al","og_description":"Le v\u00e9hicule sur la cha\u00eene a d\u00e9j\u00e0 son client attribu\u00e9 Enfin du concret. Au \u00addel\u00e0 des multiples inter\u00adrogations sur son ave\u00adnir, Opel montre sa vitalit\u00e9. Apr\u00e8s avoir investi quelque 190 millions d'eu\u00adros dans son usine d'Eisenach (en Allemagne orientale), il sort les premiers exemplaires de l'Adam. Ce mod\u00e8le d\u00e9barquera dans les concessions allemandes \u00e0 partir ... Lire plus","og_url":"https:\/\/www.carideal.com\/blog\/2013\/02\/21\/adam-lopel-faite-sur-commande\/","og_site_name":"Blog auto Carid\u00e9al","article_publisher":"https:\/\/www.facebook.com\/Carideal.mandataire.automobile","article_author":"https:\/\/www.facebook.com\/Carideal.mandataire.automobile\/","article_published_time":"2013-02-21T22:09:00+00:00","og_image":[{"width":300,"height":300,"url":"https:\/\/www.carideal.com\/blog\/wp-content\/uploads\/2016\/03\/logo-carideal-mandataire-automobile.png","type":"image\/png"}],"author":"N.S Carideal","twitter_card":"summary_large_image","twitter_creator":"@caridealauto","twitter_site":"@caridealauto","twitter_misc":{"\u00c9crit par":"N.S Carideal","Dur\u00e9e de lecture estim\u00e9e":"1 minute"},"schema":{"@context":"https:\/\/schema.org","@graph":[{"@type":"Article","@id":"https:\/\/www.carideal.com\/blog\/2013\/02\/21\/adam-lopel-faite-sur-commande\/#article","isPartOf":{"@id":"https:\/\/www.carideal.com\/blog\/2013\/02\/21\/adam-lopel-faite-sur-commande\/"},"author":{"name":"N.S Carideal","@id":"https:\/\/www.carideal.com\/blog\/#\/schema\/person\/985c7e757d1042d647f21bfaf8d41ebc"},"headline":"Adam l&rsquo;opel faite sur commande","datePublished":"2013-02-21T22:09:00+00:00","mainEntityOfPage":{"@id":"https:\/\/www.carideal.com\/blog\/2013\/02\/21\/adam-lopel-faite-sur-commande\/"},"wordCount":253,"commentCount":0,"publisher":{"@id":"https:\/\/www.carideal.com\/blog\/#organization"},"articleSection":["March\u00e9 automobile"],"inLanguage":"fr-FR","potentialAction":[{"@type":"CommentAction","name":"Comment","target":["https:\/\/www.carideal.com\/blog\/2013\/02\/21\/adam-lopel-faite-sur-commande\/#respond"]}]},{"@type":"WebPage","@id":"https:\/\/www.carideal.com\/blog\/2013\/02\/21\/adam-lopel-faite-sur-commande\/","url":"https:\/\/www.carideal.com\/blog\/2013\/02\/21\/adam-lopel-faite-sur-commande\/","name":"Adam l'opel faite sur commande - Blog auto Carid\u00e9al","isPartOf":{"@id":"https:\/\/www.carideal.com\/blog\/#website"},"datePublished":"2013-02-21T22:09:00+00:00","breadcrumb":{"@id":"https:\/\/www.carideal.com\/blog\/2013\/02\/21\/adam-lopel-faite-sur-commande\/#breadcrumb"},"inLanguage":"fr-FR","potentialAction":[{"@type":"ReadAction","target":["https:\/\/www.carideal.com\/blog\/2013\/02\/21\/adam-lopel-faite-sur-commande\/"]}]},{"@type":"BreadcrumbList","@id":"https:\/\/www.carideal.com\/blog\/2013\/02\/21\/adam-lopel-faite-sur-commande\/#breadcrumb","itemListElement":[{"@type":"ListItem","position":1,"name":"Blog Carid\u00e9al","item":"https:\/\/www.carideal.com\/blog\/"},{"@type":"ListItem","position":2,"name":"March\u00e9 automobile","item":"https:\/\/www.carideal.com\/blog\/marche-automobile-voiture-neuve-occasion-4x4-suv\/"},{"@type":"ListItem","position":3,"name":"Adam l&rsquo;opel faite sur commande"}]},{"@type":"WebSite","@id":"https:\/\/www.carideal.com\/blog\/#website","url":"https:\/\/www.carideal.com\/blog\/","name":"Blog auto Carid\u00e9al","description":"Actualit\u00e9 auto par des passionn\u00e9s","publisher":{"@id":"https:\/\/www.carideal.com\/blog\/#organization"},"potentialAction":[{"@type":"SearchAction","target":{"@type":"EntryPoint","urlTemplate":"https:\/\/www.carideal.com\/blog\/?s={search_term_string}"},"query-input":{"@type":"PropertyValueSpecification","valueRequired":true,"valueName":"search_term_string"}}],"inLanguage":"fr-FR"},{"@type":"Organization","@id":"https:\/\/www.carideal.com\/blog\/#organization","name":"Carideal","url":"https:\/\/www.carideal.com\/blog\/","logo":{"@type":"ImageObject","inLanguage":"fr-FR","@id":"https:\/\/www.carideal.com\/blog\/#\/schema\/logo\/image\/","url":"http:\/\/www.carideal.com\/blog\/wp-content\/uploads\/2016\/03\/logo-carideal-mandataire-automobile.png","contentUrl":"http:\/\/www.carideal.com\/blog\/wp-content\/uploads\/2016\/03\/logo-carideal-mandataire-automobile.png","width":300,"height":300,"caption":"Carideal"},"image":{"@id":"https:\/\/www.carideal.com\/blog\/#\/schema\/logo\/image\/"},"sameAs":["https:\/\/www.facebook.com\/Carideal.mandataire.automobile","https:\/\/x.com\/caridealauto","https:\/\/www.instagram.com\/carideal1\/","https:\/\/www.linkedin.com\/company\/carideal.com","https:\/\/fr.pinterest.com\/schiavonsas\/","https:\/\/www.youtube.com\/user\/caridealsas"]},{"@type":"Person","@id":"https:\/\/www.carideal.com\/blog\/#\/schema\/person\/985c7e757d1042d647f21bfaf8d41ebc","name":"N.S Carideal","image":{"@type":"ImageObject","inLanguage":"fr-FR","@id":"https:\/\/www.carideal.com\/blog\/#\/schema\/person\/image\/","url":"https:\/\/secure.gravatar.com\/avatar\/edb7ccdf1a4e3d14aef967760d354d0e?s=96&r=g","contentUrl":"https:\/\/secure.gravatar.com\/avatar\/edb7ccdf1a4e3d14aef967760d354d0e?s=96&r=g","caption":"N.S Carideal"},"description":"Depuis tout petit fan d'automobile. Il est question d'essayer et de comparer toutes ces voitures qui nous ont fait r\u00e9ver, avant que celles-ci ne devient uniquement des voitures de collection.","sameAs":["http:\/\/www.carideal.com\/blog","https:\/\/www.facebook.com\/Carideal.mandataire.automobile\/","https:\/\/www.linkedin.com\/in\/nschiavon\/","https:\/\/www.youtube.com\/user\/caridealsas\/"],"url":"https:\/\/www.carideal.com\/blog\/author\/admin_carideal\/"}]}},"uagb_featured_image_src":{"full":false,"thumbnail":false,"medium":false,"medium_large":false,"large":false,"1536x1536":false,"2048x2048":false,"wppr-widget":false},"uagb_author_info":{"display_name":"N.S Carideal","author_link":"https:\/\/www.carideal.com\/blog\/author\/admin_carideal\/"},"uagb_comment_info":0,"uagb_excerpt":"Le v\u00e9hicule sur la cha\u00eene a d\u00e9j\u00e0 son client attribu\u00e9 Enfin du concret. Au \u00addel\u00e0 des multiples inter\u00adrogations sur son ave\u00adnir, Opel montre sa vitalit\u00e9. Apr\u00e8s avoir investi quelque 190 millions d'eu\u00adros dans son usine d'Eisenach (en Allemagne orientale), il sort les premiers exemplaires de l'Adam. Ce mod\u00e8le d\u00e9barquera dans les concessions allemandes \u00e0 partir\u2026","_links":{"self":[{"href":"https:\/\/www.carideal.com\/blog\/wp-json\/wp\/v2\/posts\/1309"}],"collection":[{"href":"https:\/\/www.carideal.com\/blog\/wp-json\/wp\/v2\/posts"}],"about":[{"href":"https:\/\/www.carideal.com\/blog\/wp-json\/wp\/v2\/types\/post"}],"author":[{"embeddable":true,"href":"https:\/\/www.carideal.com\/blog\/wp-json\/wp\/v2\/users\/1"}],"replies":[{"embeddable":true,"href":"https:\/\/www.carideal.com\/blog\/wp-json\/wp\/v2\/comments?post=1309"}],"version-history":[{"count":0,"href":"https:\/\/www.carideal.com\/blog\/wp-json\/wp\/v2\/posts\/1309\/revisions"}],"wp:attachment":[{"href":"https:\/\/www.carideal.com\/blog\/wp-json\/wp\/v2\/media?parent=1309"}],"wp:term":[{"taxonomy":"category","embeddable":true,"href":"https:\/\/www.carideal.com\/blog\/wp-json\/wp\/v2\/categories?post=1309"},{"taxonomy":"post_tag","embeddable":true,"href":"https:\/\/www.carideal.com\/blog\/wp-json\/wp\/v2\/tags?post=1309"}],"curies":[{"name":"wp","href":"https:\/\/api.w.org\/{rel}","templated":true}]}}