{"id":1308,"date":"2013-02-21T21:45:00","date_gmt":"2013-02-21T21:45:00","guid":{"rendered":"http:\/\/carideal.com\/blog\/?p=1308"},"modified":"2013-02-21T21:45:00","modified_gmt":"2013-02-21T21:45:00","slug":"psa-sous-les-3-millions","status":"publish","type":"post","link":"https:\/\/www.carideal.com\/blog\/2013\/02\/21\/psa-sous-les-3-millions\/","title":{"rendered":"PSA sous les 3 Millions"},"content":{"rendered":"<p>PSA fait profil bas. Le groupe a renonc\u00e9 \u00e0 l'habituelle conf\u00e9rence de pr\u00e9sentation de ses r\u00e9sultats commerciaux  C'est par un simple communiqu\u00e9 qu'il a annonc\u00e9 un recul de 8,8 % de ses ventes mondiales \u00e0 2 820000 unit\u00e9s. Si l'on prend en compte, les v\u00e9hicules \u00e0 monter \u00e0 partir de kits de pi\u00e8ces d\u00e9tach\u00e9es, la chute atteint 16,5% \u00e0 2965000 unit\u00e9s du fait de l'arr\u00eat des exportations vers l'Iran (457 900 unit\u00e9s) pour des raisons politico-\u00e9conomique. C'est la premi\u00e8re fois, depuis l'an 2000, que PSA tombe en dessous de 3 millions d'unit\u00e9s. Ses deux marques accusent le coup. Peugeot est le plus touch\u00e9 par ce repli (-19,6%), car c'est dans ses volumes que sont comptabilis\u00e9es les exportations vers l'Iran. Citroen limite son repli \u00e0 11,9%. Cette m\u00e9vente refl\u00eate la crise qui frappe l'Europe. Les march\u00e9s du Sud du continent, o\u00f9 PSA est particuli\u00e8rement pr\u00e9sent, sont les plus influen\u00adc\u00e9s: France: -13,3 %, Espagne: -14,9%, Italie: -20,9%. \u00abLa p\u00e9n\u00e9tration du groupe ressort \u00e0 12,7% en Europe. Avec un poids des march\u00e9s \u00e9quivalent \u00e0 celui de 2011, elle serait de 13 %\u00bb, relativise PSA. Le groupe compte plus que jamais sur l'international pour cro\u00eetre, ou limiter les d\u00e9g\u00e2ts. De fait, sa globalisation enta\u00adm\u00e9e depuis plusieurs ann\u00e9es, porte ses fruits: la part des v\u00e9hi\u00adcules vendus hors d'Europe a bondi de 24% en 2009 \u00e0 38% en 2012 et devrait atteindre 50% en 2015. En Chine, pays devenu crucial, PSA a progress\u00e9 de 9,2 % \u00e0 442 000 v\u00e9hicules, soit une part de march\u00e9 3,5%. Ses deux marques y font quasiment jeu \u00e9gal: 216000 unit\u00e9s pour Peu\u00adgeot et 226000 pour Citroen. <br \/>\nMais Peugeot est optimiste&nbsp;: <br \/>\nD'autre part, le constructeur consid\u00e8re que le lancement de la 208 est un succ\u00e8s, tout comme celui de la technologie hybride-diesel apparue sur les 3008 et 508. Le patron de Peugeot indique que 20 % des ventes de 508  sont le fait de la version <a href=\"\/blog\/index.php?tag\/HYbrid%204\">HYbrid 4<\/a>, la version la plus luxueuse de la gamme. Enfin, Peugeot n'envisage toujours pas d'introduire le moindre v\u00e9hicule low cost, ou pouvant \u00eatre consid\u00e9r\u00e9 comme tel, au sein de sa gamme.<\/p>\n<p>\/ <a href=\"\/blog\/index.php?post\/2013\/02\/19\/Le-Reveil-a-sonn%C3%A9-pour-les-constructeurs-Francais\">Le r\u00e9veil a sonn\u00e9 pour les constructeurs fran\u00e7ais<\/a><\/p>\n","protected":false},"excerpt":{"rendered":"<p>PSA fait profil bas. Le groupe a renonc\u00e9 \u00e0 l&rsquo;habituelle conf\u00e9rence de pr\u00e9sentation de ses r\u00e9sultats commerciaux C&rsquo;est par un simple communiqu\u00e9 qu&rsquo;il a annonc\u00e9 un recul de 8,8 % de ses ventes mondiales \u00e0 2 820000 unit\u00e9s. Si l&rsquo;on prend en compte, les v\u00e9hicules \u00e0 monter \u00e0 partir de kits de pi\u00e8ces d\u00e9tach\u00e9es, la &#8230; <a title=\"PSA sous les 3 Millions\" class=\"read-more\" href=\"https:\/\/www.carideal.com\/blog\/2013\/02\/21\/psa-sous-les-3-millions\/\" aria-label=\"En savoir plus sur PSA sous les 3 Millions\">Lire plus<\/a><\/p>\n","protected":false},"author":1,"featured_media":0,"comment_status":"open","ping_status":"open","sticky":false,"template":"","format":"standard","meta":{"_uag_custom_page_level_css":"","_themeisle_gutenberg_block_has_review":false,"footnotes":""},"categories":[10],"tags":[342,35,163],"class_list":["post-1308","post","type-post","status-publish","format-standard","hentry","category-marche-automobile-voiture-neuve-occasion-4x4-suv","tag-europe","tag-psa","tag-chine"],"wppr_data":[],"yoast_head":"<!-- This site is optimized with the Yoast SEO plugin v24.8.1 - https:\/\/yoast.com\/wordpress\/plugins\/seo\/ -->\n<title>PSA sous les 3 Millions - Blog auto Carid\u00e9al<\/title>\n<meta name=\"robots\" content=\"index, follow, max-snippet:-1, max-image-preview:large, max-video-preview:-1\" \/>\n<link rel=\"canonical\" href=\"https:\/\/www.carideal.com\/blog\/2013\/02\/21\/psa-sous-les-3-millions\/\" \/>\n<meta property=\"og:locale\" content=\"fr_FR\" \/>\n<meta property=\"og:type\" content=\"article\" \/>\n<meta property=\"og:title\" content=\"PSA sous les 3 Millions - Blog auto Carid\u00e9al\" \/>\n<meta property=\"og:description\" content=\"PSA fait profil bas. Le groupe a renonc\u00e9 \u00e0 l&#039;habituelle conf\u00e9rence de pr\u00e9sentation de ses r\u00e9sultats commerciaux C&#039;est par un simple communiqu\u00e9 qu&#039;il a annonc\u00e9 un recul de 8,8 % de ses ventes mondiales \u00e0 2 820000 unit\u00e9s. Si l&#039;on prend en compte, les v\u00e9hicules \u00e0 monter \u00e0 partir de kits de pi\u00e8ces d\u00e9tach\u00e9es, la ... Lire plus\" \/>\n<meta property=\"og:url\" content=\"https:\/\/www.carideal.com\/blog\/2013\/02\/21\/psa-sous-les-3-millions\/\" \/>\n<meta property=\"og:site_name\" content=\"Blog auto Carid\u00e9al\" \/>\n<meta property=\"article:publisher\" content=\"https:\/\/www.facebook.com\/Carideal.mandataire.automobile\" \/>\n<meta property=\"article:author\" content=\"https:\/\/www.facebook.com\/Carideal.mandataire.automobile\/\" \/>\n<meta property=\"article:published_time\" content=\"2013-02-21T21:45:00+00:00\" \/>\n<meta property=\"og:image\" content=\"https:\/\/www.carideal.com\/blog\/wp-content\/uploads\/2016\/03\/logo-carideal-mandataire-automobile.png\" \/>\n\t<meta property=\"og:image:width\" content=\"300\" \/>\n\t<meta property=\"og:image:height\" content=\"300\" \/>\n\t<meta property=\"og:image:type\" content=\"image\/png\" \/>\n<meta name=\"author\" content=\"N.S Carideal\" \/>\n<meta name=\"twitter:card\" content=\"summary_large_image\" \/>\n<meta name=\"twitter:creator\" content=\"@caridealauto\" \/>\n<meta name=\"twitter:site\" content=\"@caridealauto\" \/>\n<meta name=\"twitter:label1\" content=\"\u00c9crit par\" \/>\n\t<meta name=\"twitter:data1\" content=\"N.S Carideal\" \/>\n\t<meta name=\"twitter:label2\" content=\"Dur\u00e9e de lecture estim\u00e9e\" \/>\n\t<meta name=\"twitter:data2\" content=\"2 minutes\" \/>\n<script type=\"application\/ld+json\" class=\"yoast-schema-graph\">{\"@context\":\"https:\/\/schema.org\",\"@graph\":[{\"@type\":\"Article\",\"@id\":\"https:\/\/www.carideal.com\/blog\/2013\/02\/21\/psa-sous-les-3-millions\/#article\",\"isPartOf\":{\"@id\":\"https:\/\/www.carideal.com\/blog\/2013\/02\/21\/psa-sous-les-3-millions\/\"},\"author\":{\"name\":\"N.S Carideal\",\"@id\":\"https:\/\/www.carideal.com\/blog\/#\/schema\/person\/985c7e757d1042d647f21bfaf8d41ebc\"},\"headline\":\"PSA sous les 3 Millions\",\"datePublished\":\"2013-02-21T21:45:00+00:00\",\"mainEntityOfPage\":{\"@id\":\"https:\/\/www.carideal.com\/blog\/2013\/02\/21\/psa-sous-les-3-millions\/\"},\"wordCount\":356,\"commentCount\":0,\"publisher\":{\"@id\":\"https:\/\/www.carideal.com\/blog\/#organization\"},\"keywords\":[\"Europe\",\"PSA\",\"Voiture chinoise\"],\"articleSection\":[\"March\u00e9 automobile\"],\"inLanguage\":\"fr-FR\",\"potentialAction\":[{\"@type\":\"CommentAction\",\"name\":\"Comment\",\"target\":[\"https:\/\/www.carideal.com\/blog\/2013\/02\/21\/psa-sous-les-3-millions\/#respond\"]}]},{\"@type\":\"WebPage\",\"@id\":\"https:\/\/www.carideal.com\/blog\/2013\/02\/21\/psa-sous-les-3-millions\/\",\"url\":\"https:\/\/www.carideal.com\/blog\/2013\/02\/21\/psa-sous-les-3-millions\/\",\"name\":\"PSA sous les 3 Millions - Blog auto Carid\u00e9al\",\"isPartOf\":{\"@id\":\"https:\/\/www.carideal.com\/blog\/#website\"},\"datePublished\":\"2013-02-21T21:45:00+00:00\",\"breadcrumb\":{\"@id\":\"https:\/\/www.carideal.com\/blog\/2013\/02\/21\/psa-sous-les-3-millions\/#breadcrumb\"},\"inLanguage\":\"fr-FR\",\"potentialAction\":[{\"@type\":\"ReadAction\",\"target\":[\"https:\/\/www.carideal.com\/blog\/2013\/02\/21\/psa-sous-les-3-millions\/\"]}]},{\"@type\":\"BreadcrumbList\",\"@id\":\"https:\/\/www.carideal.com\/blog\/2013\/02\/21\/psa-sous-les-3-millions\/#breadcrumb\",\"itemListElement\":[{\"@type\":\"ListItem\",\"position\":1,\"name\":\"Blog Carid\u00e9al\",\"item\":\"https:\/\/www.carideal.com\/blog\/\"},{\"@type\":\"ListItem\",\"position\":2,\"name\":\"March\u00e9 automobile\",\"item\":\"https:\/\/www.carideal.com\/blog\/marche-automobile-voiture-neuve-occasion-4x4-suv\/\"},{\"@type\":\"ListItem\",\"position\":3,\"name\":\"PSA sous les 3 Millions\"}]},{\"@type\":\"WebSite\",\"@id\":\"https:\/\/www.carideal.com\/blog\/#website\",\"url\":\"https:\/\/www.carideal.com\/blog\/\",\"name\":\"Blog auto Carid\u00e9al\",\"description\":\"Actualit\u00e9 auto par des passionn\u00e9s\",\"publisher\":{\"@id\":\"https:\/\/www.carideal.com\/blog\/#organization\"},\"potentialAction\":[{\"@type\":\"SearchAction\",\"target\":{\"@type\":\"EntryPoint\",\"urlTemplate\":\"https:\/\/www.carideal.com\/blog\/?s={search_term_string}\"},\"query-input\":{\"@type\":\"PropertyValueSpecification\",\"valueRequired\":true,\"valueName\":\"search_term_string\"}}],\"inLanguage\":\"fr-FR\"},{\"@type\":\"Organization\",\"@id\":\"https:\/\/www.carideal.com\/blog\/#organization\",\"name\":\"Carideal\",\"url\":\"https:\/\/www.carideal.com\/blog\/\",\"logo\":{\"@type\":\"ImageObject\",\"inLanguage\":\"fr-FR\",\"@id\":\"https:\/\/www.carideal.com\/blog\/#\/schema\/logo\/image\/\",\"url\":\"http:\/\/www.carideal.com\/blog\/wp-content\/uploads\/2016\/03\/logo-carideal-mandataire-automobile.png\",\"contentUrl\":\"http:\/\/www.carideal.com\/blog\/wp-content\/uploads\/2016\/03\/logo-carideal-mandataire-automobile.png\",\"width\":300,\"height\":300,\"caption\":\"Carideal\"},\"image\":{\"@id\":\"https:\/\/www.carideal.com\/blog\/#\/schema\/logo\/image\/\"},\"sameAs\":[\"https:\/\/www.facebook.com\/Carideal.mandataire.automobile\",\"https:\/\/x.com\/caridealauto\",\"https:\/\/www.instagram.com\/carideal1\/\",\"https:\/\/www.linkedin.com\/company\/carideal.com\",\"https:\/\/fr.pinterest.com\/schiavonsas\/\",\"https:\/\/www.youtube.com\/user\/caridealsas\"]},{\"@type\":\"Person\",\"@id\":\"https:\/\/www.carideal.com\/blog\/#\/schema\/person\/985c7e757d1042d647f21bfaf8d41ebc\",\"name\":\"N.S Carideal\",\"image\":{\"@type\":\"ImageObject\",\"inLanguage\":\"fr-FR\",\"@id\":\"https:\/\/www.carideal.com\/blog\/#\/schema\/person\/image\/\",\"url\":\"https:\/\/secure.gravatar.com\/avatar\/edb7ccdf1a4e3d14aef967760d354d0e?s=96&r=g\",\"contentUrl\":\"https:\/\/secure.gravatar.com\/avatar\/edb7ccdf1a4e3d14aef967760d354d0e?s=96&r=g\",\"caption\":\"N.S Carideal\"},\"description\":\"Depuis tout petit fan d'automobile. Il est question d'essayer et de comparer toutes ces voitures qui nous ont fait r\u00e9ver, avant que celles-ci ne devient uniquement des voitures de collection.\",\"sameAs\":[\"http:\/\/www.carideal.com\/blog\",\"https:\/\/www.facebook.com\/Carideal.mandataire.automobile\/\",\"https:\/\/www.linkedin.com\/in\/nschiavon\/\",\"https:\/\/www.youtube.com\/user\/caridealsas\/\"],\"url\":\"https:\/\/www.carideal.com\/blog\/author\/admin_carideal\/\"}]}<\/script>\n<!-- \/ Yoast SEO plugin. -->","yoast_head_json":{"title":"PSA sous les 3 Millions - Blog auto Carid\u00e9al","robots":{"index":"index","follow":"follow","max-snippet":"max-snippet:-1","max-image-preview":"max-image-preview:large","max-video-preview":"max-video-preview:-1"},"canonical":"https:\/\/www.carideal.com\/blog\/2013\/02\/21\/psa-sous-les-3-millions\/","og_locale":"fr_FR","og_type":"article","og_title":"PSA sous les 3 Millions - Blog auto Carid\u00e9al","og_description":"PSA fait profil bas. Le groupe a renonc\u00e9 \u00e0 l'habituelle conf\u00e9rence de pr\u00e9sentation de ses r\u00e9sultats commerciaux C'est par un simple communiqu\u00e9 qu'il a annonc\u00e9 un recul de 8,8 % de ses ventes mondiales \u00e0 2 820000 unit\u00e9s. Si l'on prend en compte, les v\u00e9hicules \u00e0 monter \u00e0 partir de kits de pi\u00e8ces d\u00e9tach\u00e9es, la ... Lire plus","og_url":"https:\/\/www.carideal.com\/blog\/2013\/02\/21\/psa-sous-les-3-millions\/","og_site_name":"Blog auto Carid\u00e9al","article_publisher":"https:\/\/www.facebook.com\/Carideal.mandataire.automobile","article_author":"https:\/\/www.facebook.com\/Carideal.mandataire.automobile\/","article_published_time":"2013-02-21T21:45:00+00:00","og_image":[{"width":300,"height":300,"url":"https:\/\/www.carideal.com\/blog\/wp-content\/uploads\/2016\/03\/logo-carideal-mandataire-automobile.png","type":"image\/png"}],"author":"N.S Carideal","twitter_card":"summary_large_image","twitter_creator":"@caridealauto","twitter_site":"@caridealauto","twitter_misc":{"\u00c9crit par":"N.S Carideal","Dur\u00e9e de lecture estim\u00e9e":"2 minutes"},"schema":{"@context":"https:\/\/schema.org","@graph":[{"@type":"Article","@id":"https:\/\/www.carideal.com\/blog\/2013\/02\/21\/psa-sous-les-3-millions\/#article","isPartOf":{"@id":"https:\/\/www.carideal.com\/blog\/2013\/02\/21\/psa-sous-les-3-millions\/"},"author":{"name":"N.S Carideal","@id":"https:\/\/www.carideal.com\/blog\/#\/schema\/person\/985c7e757d1042d647f21bfaf8d41ebc"},"headline":"PSA sous les 3 Millions","datePublished":"2013-02-21T21:45:00+00:00","mainEntityOfPage":{"@id":"https:\/\/www.carideal.com\/blog\/2013\/02\/21\/psa-sous-les-3-millions\/"},"wordCount":356,"commentCount":0,"publisher":{"@id":"https:\/\/www.carideal.com\/blog\/#organization"},"keywords":["Europe","PSA","Voiture chinoise"],"articleSection":["March\u00e9 automobile"],"inLanguage":"fr-FR","potentialAction":[{"@type":"CommentAction","name":"Comment","target":["https:\/\/www.carideal.com\/blog\/2013\/02\/21\/psa-sous-les-3-millions\/#respond"]}]},{"@type":"WebPage","@id":"https:\/\/www.carideal.com\/blog\/2013\/02\/21\/psa-sous-les-3-millions\/","url":"https:\/\/www.carideal.com\/blog\/2013\/02\/21\/psa-sous-les-3-millions\/","name":"PSA sous les 3 Millions - Blog auto Carid\u00e9al","isPartOf":{"@id":"https:\/\/www.carideal.com\/blog\/#website"},"datePublished":"2013-02-21T21:45:00+00:00","breadcrumb":{"@id":"https:\/\/www.carideal.com\/blog\/2013\/02\/21\/psa-sous-les-3-millions\/#breadcrumb"},"inLanguage":"fr-FR","potentialAction":[{"@type":"ReadAction","target":["https:\/\/www.carideal.com\/blog\/2013\/02\/21\/psa-sous-les-3-millions\/"]}]},{"@type":"BreadcrumbList","@id":"https:\/\/www.carideal.com\/blog\/2013\/02\/21\/psa-sous-les-3-millions\/#breadcrumb","itemListElement":[{"@type":"ListItem","position":1,"name":"Blog Carid\u00e9al","item":"https:\/\/www.carideal.com\/blog\/"},{"@type":"ListItem","position":2,"name":"March\u00e9 automobile","item":"https:\/\/www.carideal.com\/blog\/marche-automobile-voiture-neuve-occasion-4x4-suv\/"},{"@type":"ListItem","position":3,"name":"PSA sous les 3 Millions"}]},{"@type":"WebSite","@id":"https:\/\/www.carideal.com\/blog\/#website","url":"https:\/\/www.carideal.com\/blog\/","name":"Blog auto Carid\u00e9al","description":"Actualit\u00e9 auto par des passionn\u00e9s","publisher":{"@id":"https:\/\/www.carideal.com\/blog\/#organization"},"potentialAction":[{"@type":"SearchAction","target":{"@type":"EntryPoint","urlTemplate":"https:\/\/www.carideal.com\/blog\/?s={search_term_string}"},"query-input":{"@type":"PropertyValueSpecification","valueRequired":true,"valueName":"search_term_string"}}],"inLanguage":"fr-FR"},{"@type":"Organization","@id":"https:\/\/www.carideal.com\/blog\/#organization","name":"Carideal","url":"https:\/\/www.carideal.com\/blog\/","logo":{"@type":"ImageObject","inLanguage":"fr-FR","@id":"https:\/\/www.carideal.com\/blog\/#\/schema\/logo\/image\/","url":"http:\/\/www.carideal.com\/blog\/wp-content\/uploads\/2016\/03\/logo-carideal-mandataire-automobile.png","contentUrl":"http:\/\/www.carideal.com\/blog\/wp-content\/uploads\/2016\/03\/logo-carideal-mandataire-automobile.png","width":300,"height":300,"caption":"Carideal"},"image":{"@id":"https:\/\/www.carideal.com\/blog\/#\/schema\/logo\/image\/"},"sameAs":["https:\/\/www.facebook.com\/Carideal.mandataire.automobile","https:\/\/x.com\/caridealauto","https:\/\/www.instagram.com\/carideal1\/","https:\/\/www.linkedin.com\/company\/carideal.com","https:\/\/fr.pinterest.com\/schiavonsas\/","https:\/\/www.youtube.com\/user\/caridealsas"]},{"@type":"Person","@id":"https:\/\/www.carideal.com\/blog\/#\/schema\/person\/985c7e757d1042d647f21bfaf8d41ebc","name":"N.S Carideal","image":{"@type":"ImageObject","inLanguage":"fr-FR","@id":"https:\/\/www.carideal.com\/blog\/#\/schema\/person\/image\/","url":"https:\/\/secure.gravatar.com\/avatar\/edb7ccdf1a4e3d14aef967760d354d0e?s=96&r=g","contentUrl":"https:\/\/secure.gravatar.com\/avatar\/edb7ccdf1a4e3d14aef967760d354d0e?s=96&r=g","caption":"N.S Carideal"},"description":"Depuis tout petit fan d'automobile. Il est question d'essayer et de comparer toutes ces voitures qui nous ont fait r\u00e9ver, avant que celles-ci ne devient uniquement des voitures de collection.","sameAs":["http:\/\/www.carideal.com\/blog","https:\/\/www.facebook.com\/Carideal.mandataire.automobile\/","https:\/\/www.linkedin.com\/in\/nschiavon\/","https:\/\/www.youtube.com\/user\/caridealsas\/"],"url":"https:\/\/www.carideal.com\/blog\/author\/admin_carideal\/"}]}},"uagb_featured_image_src":{"full":false,"thumbnail":false,"medium":false,"medium_large":false,"large":false,"1536x1536":false,"2048x2048":false,"wppr-widget":false},"uagb_author_info":{"display_name":"N.S Carideal","author_link":"https:\/\/www.carideal.com\/blog\/author\/admin_carideal\/"},"uagb_comment_info":0,"uagb_excerpt":"PSA fait profil bas. Le groupe a renonc\u00e9 \u00e0 l'habituelle conf\u00e9rence de pr\u00e9sentation de ses r\u00e9sultats commerciaux C'est par un simple communiqu\u00e9 qu'il a annonc\u00e9 un recul de 8,8 % de ses ventes mondiales \u00e0 2 820000 unit\u00e9s. Si l'on prend en compte, les v\u00e9hicules \u00e0 monter \u00e0 partir de kits de pi\u00e8ces d\u00e9tach\u00e9es, la\u2026","_links":{"self":[{"href":"https:\/\/www.carideal.com\/blog\/wp-json\/wp\/v2\/posts\/1308"}],"collection":[{"href":"https:\/\/www.carideal.com\/blog\/wp-json\/wp\/v2\/posts"}],"about":[{"href":"https:\/\/www.carideal.com\/blog\/wp-json\/wp\/v2\/types\/post"}],"author":[{"embeddable":true,"href":"https:\/\/www.carideal.com\/blog\/wp-json\/wp\/v2\/users\/1"}],"replies":[{"embeddable":true,"href":"https:\/\/www.carideal.com\/blog\/wp-json\/wp\/v2\/comments?post=1308"}],"version-history":[{"count":0,"href":"https:\/\/www.carideal.com\/blog\/wp-json\/wp\/v2\/posts\/1308\/revisions"}],"wp:attachment":[{"href":"https:\/\/www.carideal.com\/blog\/wp-json\/wp\/v2\/media?parent=1308"}],"wp:term":[{"taxonomy":"category","embeddable":true,"href":"https:\/\/www.carideal.com\/blog\/wp-json\/wp\/v2\/categories?post=1308"},{"taxonomy":"post_tag","embeddable":true,"href":"https:\/\/www.carideal.com\/blog\/wp-json\/wp\/v2\/tags?post=1308"}],"curies":[{"name":"wp","href":"https:\/\/api.w.org\/{rel}","templated":true}]}}