{"id":1307,"date":"2013-02-19T12:08:00","date_gmt":"2013-02-19T12:08:00","guid":{"rendered":"http:\/\/carideal.com\/blog\/?p=1307"},"modified":"2013-02-19T12:08:00","modified_gmt":"2013-02-19T12:08:00","slug":"le-reveil-a-sonne-pour-les-constructeurs-francais","status":"publish","type":"post","link":"https:\/\/www.carideal.com\/blog\/2013\/02\/19\/le-reveil-a-sonne-pour-les-constructeurs-francais\/","title":{"rendered":"Le Reveil a sonn\u00e9 pour les constructeurs Francais"},"content":{"rendered":"<p><img decoding=\"async\" src=\"\/blog\/public\/.Peugeot_2008-renault_captur-carideal_mandataire_automobile_m.jpg\" alt=\"Peugeot_2008-renault_captur-carideal_mandataire_automobile.jpg\" title=\"Peugeot_2008-renault_captur-carideal_mandataire_automobile.jpg, f\u00e9v. 2013\" \/><\/p>\n<blockquote>\n<p>Peugeot 2008 et Renault Captur<\/p>\n<\/blockquote>\n<p><a href=\"\/blog\/index.php?tag\/Peugeot%202008\">Peugeot 2008<\/a> en d\u00e9but de semaine derni\u00e8re, <a href=\"\/blog\/index.php?tag\/Renault%20Captur\">Renault Captur<\/a> le vendredi suivant, on dirait que les constructeurs fran\u00e7ais ont enfin envie de s'engouffrer dans la br\u00e8che des v\u00e9hicules tendance que sont ces mini-SUV, lesquels peuvent faire du volume mais aussi plus de marge pour les concessionnaires, car ils offrent souvent de larges possibilit\u00e9s de personnalisation. ll ne manque plus que <a href=\"\/blog\/index.php?tag\/Citro%C3%ABn\">Citro\u00ebn<\/a>, qui devrait r\u00e9agir dans les semaines qui viennent avec la pr\u00e9sentation d'un concept car qui deviendra le premier <a href=\"\/blog\/index.php?tag\/SUV\">SUV<\/a> de la gamme <a href=\"\/blog\/index.php?tag\/DS\">DS<\/a> en 2014. Dans un march\u00e9 d\u00e9vast\u00e9, les cat\u00e9gories qui marchent se comptent sur les doigts d'une main&nbsp;: le haut de gamme (Audi, BMW et Mercedes notamment), l'extr\u00eame luxe (pas en France mais dans le monde, Rolls-Royce et Bentley y ont battu l'ann\u00e9e derni\u00e8re leur record de ventes historique et pourtant ces marques ne sont pas n\u00e9es hier...), On dirait que les constructeurs fran\u00e7ais ont enfin envie de s'engouffrer dans la br\u00e8che des v\u00e9hicules tendance. le low cost (le concept d'une voiture neuve plus rustique qu'une autre marque d'occasion pour le m\u00eame prix pla\u00eet) et enfin les petits SUV, coqueluche actuelle de ceux qui veulent rouler autrement. Initi\u00e9e par le Nissan Juke, la tendance 4x4 de poche \u00e0 deux roues motrices trouve \u00e9cho chez les familles fran\u00e7aises, car en plus d'avoir un look sympa, plus jeune que celui d'un monospace compact, ces v\u00e9hicules modernes restent financi\u00e8rement accessibles. Mieux, ils tiennent bien la cote car ils sont demand\u00e9s. Alors que demande le peuple? Un peu plus de choix, certainement. Mais le vide est en train de se combler.<\/p>\n<p>\/ <a href=\"\/blog\/index.php?post\/2013\/02\/17\/Peugeot-de-retour-aux-affaires-avec-sa-208\">Peugeot de retour aux affaires avec sa 208<\/a><\/p>\n","protected":false},"excerpt":{"rendered":"<p>Peugeot 2008 et Renault Captur Peugeot 2008 en d\u00e9but de semaine derni\u00e8re, Renault Captur le vendredi suivant, on dirait que les constructeurs fran\u00e7ais ont enfin envie de s&rsquo;engouffrer dans la br\u00e8che des v\u00e9hicules tendance que sont ces mini-SUV, lesquels peuvent faire du volume mais aussi plus de marge pour les concessionnaires, car ils offrent souvent &#8230; <a title=\"Le Reveil a sonn\u00e9 pour les constructeurs Francais\" class=\"read-more\" href=\"https:\/\/www.carideal.com\/blog\/2013\/02\/19\/le-reveil-a-sonne-pour-les-constructeurs-francais\/\" aria-label=\"En savoir plus sur Le Reveil a sonn\u00e9 pour les constructeurs Francais\">Lire plus<\/a><\/p>\n","protected":false},"author":1,"featured_media":0,"comment_status":"open","ping_status":"open","sticky":false,"template":"","format":"standard","meta":{"_uag_custom_page_level_css":"","_themeisle_gutenberg_block_has_review":false,"footnotes":""},"categories":[10],"tags":[],"class_list":["post-1307","post","type-post","status-publish","format-standard","hentry","category-marche-automobile-voiture-neuve-occasion-4x4-suv"],"wppr_data":[],"yoast_head":"<!-- This site is optimized with the Yoast SEO plugin v24.8.1 - https:\/\/yoast.com\/wordpress\/plugins\/seo\/ -->\n<title>Le Reveil a sonn\u00e9 pour les constructeurs Francais - Blog auto Carid\u00e9al<\/title>\n<meta name=\"robots\" content=\"index, follow, max-snippet:-1, max-image-preview:large, max-video-preview:-1\" \/>\n<link rel=\"canonical\" href=\"https:\/\/www.carideal.com\/blog\/2013\/02\/19\/le-reveil-a-sonne-pour-les-constructeurs-francais\/\" \/>\n<meta property=\"og:locale\" content=\"fr_FR\" \/>\n<meta property=\"og:type\" content=\"article\" \/>\n<meta property=\"og:title\" content=\"Le Reveil a sonn\u00e9 pour les constructeurs Francais - Blog auto Carid\u00e9al\" \/>\n<meta property=\"og:description\" content=\"Peugeot 2008 et Renault Captur Peugeot 2008 en d\u00e9but de semaine derni\u00e8re, Renault Captur le vendredi suivant, on dirait que les constructeurs fran\u00e7ais ont enfin envie de s&#039;engouffrer dans la br\u00e8che des v\u00e9hicules tendance que sont ces mini-SUV, lesquels peuvent faire du volume mais aussi plus de marge pour les concessionnaires, car ils offrent souvent ... Lire plus\" \/>\n<meta property=\"og:url\" content=\"https:\/\/www.carideal.com\/blog\/2013\/02\/19\/le-reveil-a-sonne-pour-les-constructeurs-francais\/\" \/>\n<meta property=\"og:site_name\" content=\"Blog auto Carid\u00e9al\" \/>\n<meta property=\"article:publisher\" content=\"https:\/\/www.facebook.com\/Carideal.mandataire.automobile\" \/>\n<meta property=\"article:author\" content=\"https:\/\/www.facebook.com\/Carideal.mandataire.automobile\/\" \/>\n<meta property=\"article:published_time\" content=\"2013-02-19T12:08:00+00:00\" \/>\n<meta property=\"og:image\" content=\"https:\/\/www.carideal.com\/blog\/wp-content\/uploads\/2016\/03\/logo-carideal-mandataire-automobile.png\" \/>\n\t<meta property=\"og:image:width\" content=\"300\" \/>\n\t<meta property=\"og:image:height\" content=\"300\" \/>\n\t<meta property=\"og:image:type\" content=\"image\/png\" \/>\n<meta name=\"author\" content=\"N.S Carideal\" \/>\n<meta name=\"twitter:card\" content=\"summary_large_image\" \/>\n<meta name=\"twitter:creator\" content=\"@caridealauto\" \/>\n<meta name=\"twitter:site\" content=\"@caridealauto\" \/>\n<meta name=\"twitter:label1\" content=\"\u00c9crit par\" \/>\n\t<meta name=\"twitter:data1\" content=\"N.S Carideal\" \/>\n\t<meta name=\"twitter:label2\" content=\"Dur\u00e9e de lecture estim\u00e9e\" \/>\n\t<meta name=\"twitter:data2\" content=\"1 minute\" \/>\n<script type=\"application\/ld+json\" class=\"yoast-schema-graph\">{\"@context\":\"https:\/\/schema.org\",\"@graph\":[{\"@type\":\"Article\",\"@id\":\"https:\/\/www.carideal.com\/blog\/2013\/02\/19\/le-reveil-a-sonne-pour-les-constructeurs-francais\/#article\",\"isPartOf\":{\"@id\":\"https:\/\/www.carideal.com\/blog\/2013\/02\/19\/le-reveil-a-sonne-pour-les-constructeurs-francais\/\"},\"author\":{\"name\":\"N.S Carideal\",\"@id\":\"https:\/\/www.carideal.com\/blog\/#\/schema\/person\/985c7e757d1042d647f21bfaf8d41ebc\"},\"headline\":\"Le Reveil a sonn\u00e9 pour les constructeurs Francais\",\"datePublished\":\"2013-02-19T12:08:00+00:00\",\"mainEntityOfPage\":{\"@id\":\"https:\/\/www.carideal.com\/blog\/2013\/02\/19\/le-reveil-a-sonne-pour-les-constructeurs-francais\/\"},\"wordCount\":302,\"commentCount\":0,\"publisher\":{\"@id\":\"https:\/\/www.carideal.com\/blog\/#organization\"},\"articleSection\":[\"March\u00e9 automobile\"],\"inLanguage\":\"fr-FR\",\"potentialAction\":[{\"@type\":\"CommentAction\",\"name\":\"Comment\",\"target\":[\"https:\/\/www.carideal.com\/blog\/2013\/02\/19\/le-reveil-a-sonne-pour-les-constructeurs-francais\/#respond\"]}]},{\"@type\":\"WebPage\",\"@id\":\"https:\/\/www.carideal.com\/blog\/2013\/02\/19\/le-reveil-a-sonne-pour-les-constructeurs-francais\/\",\"url\":\"https:\/\/www.carideal.com\/blog\/2013\/02\/19\/le-reveil-a-sonne-pour-les-constructeurs-francais\/\",\"name\":\"Le Reveil a sonn\u00e9 pour les constructeurs Francais - Blog auto Carid\u00e9al\",\"isPartOf\":{\"@id\":\"https:\/\/www.carideal.com\/blog\/#website\"},\"datePublished\":\"2013-02-19T12:08:00+00:00\",\"breadcrumb\":{\"@id\":\"https:\/\/www.carideal.com\/blog\/2013\/02\/19\/le-reveil-a-sonne-pour-les-constructeurs-francais\/#breadcrumb\"},\"inLanguage\":\"fr-FR\",\"potentialAction\":[{\"@type\":\"ReadAction\",\"target\":[\"https:\/\/www.carideal.com\/blog\/2013\/02\/19\/le-reveil-a-sonne-pour-les-constructeurs-francais\/\"]}]},{\"@type\":\"BreadcrumbList\",\"@id\":\"https:\/\/www.carideal.com\/blog\/2013\/02\/19\/le-reveil-a-sonne-pour-les-constructeurs-francais\/#breadcrumb\",\"itemListElement\":[{\"@type\":\"ListItem\",\"position\":1,\"name\":\"Blog Carid\u00e9al\",\"item\":\"https:\/\/www.carideal.com\/blog\/\"},{\"@type\":\"ListItem\",\"position\":2,\"name\":\"March\u00e9 automobile\",\"item\":\"https:\/\/www.carideal.com\/blog\/marche-automobile-voiture-neuve-occasion-4x4-suv\/\"},{\"@type\":\"ListItem\",\"position\":3,\"name\":\"Le Reveil a sonn\u00e9 pour les constructeurs Francais\"}]},{\"@type\":\"WebSite\",\"@id\":\"https:\/\/www.carideal.com\/blog\/#website\",\"url\":\"https:\/\/www.carideal.com\/blog\/\",\"name\":\"Blog auto Carid\u00e9al\",\"description\":\"Actualit\u00e9 auto par des passionn\u00e9s\",\"publisher\":{\"@id\":\"https:\/\/www.carideal.com\/blog\/#organization\"},\"potentialAction\":[{\"@type\":\"SearchAction\",\"target\":{\"@type\":\"EntryPoint\",\"urlTemplate\":\"https:\/\/www.carideal.com\/blog\/?s={search_term_string}\"},\"query-input\":{\"@type\":\"PropertyValueSpecification\",\"valueRequired\":true,\"valueName\":\"search_term_string\"}}],\"inLanguage\":\"fr-FR\"},{\"@type\":\"Organization\",\"@id\":\"https:\/\/www.carideal.com\/blog\/#organization\",\"name\":\"Carideal\",\"url\":\"https:\/\/www.carideal.com\/blog\/\",\"logo\":{\"@type\":\"ImageObject\",\"inLanguage\":\"fr-FR\",\"@id\":\"https:\/\/www.carideal.com\/blog\/#\/schema\/logo\/image\/\",\"url\":\"http:\/\/www.carideal.com\/blog\/wp-content\/uploads\/2016\/03\/logo-carideal-mandataire-automobile.png\",\"contentUrl\":\"http:\/\/www.carideal.com\/blog\/wp-content\/uploads\/2016\/03\/logo-carideal-mandataire-automobile.png\",\"width\":300,\"height\":300,\"caption\":\"Carideal\"},\"image\":{\"@id\":\"https:\/\/www.carideal.com\/blog\/#\/schema\/logo\/image\/\"},\"sameAs\":[\"https:\/\/www.facebook.com\/Carideal.mandataire.automobile\",\"https:\/\/x.com\/caridealauto\",\"https:\/\/www.instagram.com\/carideal1\/\",\"https:\/\/www.linkedin.com\/company\/carideal.com\",\"https:\/\/fr.pinterest.com\/schiavonsas\/\",\"https:\/\/www.youtube.com\/user\/caridealsas\"]},{\"@type\":\"Person\",\"@id\":\"https:\/\/www.carideal.com\/blog\/#\/schema\/person\/985c7e757d1042d647f21bfaf8d41ebc\",\"name\":\"N.S Carideal\",\"image\":{\"@type\":\"ImageObject\",\"inLanguage\":\"fr-FR\",\"@id\":\"https:\/\/www.carideal.com\/blog\/#\/schema\/person\/image\/\",\"url\":\"https:\/\/secure.gravatar.com\/avatar\/edb7ccdf1a4e3d14aef967760d354d0e?s=96&r=g\",\"contentUrl\":\"https:\/\/secure.gravatar.com\/avatar\/edb7ccdf1a4e3d14aef967760d354d0e?s=96&r=g\",\"caption\":\"N.S Carideal\"},\"description\":\"Depuis tout petit fan d'automobile. Il est question d'essayer et de comparer toutes ces voitures qui nous ont fait r\u00e9ver, avant que celles-ci ne devient uniquement des voitures de collection.\",\"sameAs\":[\"http:\/\/www.carideal.com\/blog\",\"https:\/\/www.facebook.com\/Carideal.mandataire.automobile\/\",\"https:\/\/www.linkedin.com\/in\/nschiavon\/\",\"https:\/\/www.youtube.com\/user\/caridealsas\/\"],\"url\":\"https:\/\/www.carideal.com\/blog\/author\/admin_carideal\/\"}]}<\/script>\n<!-- \/ Yoast SEO plugin. -->","yoast_head_json":{"title":"Le Reveil a sonn\u00e9 pour les constructeurs Francais - Blog auto Carid\u00e9al","robots":{"index":"index","follow":"follow","max-snippet":"max-snippet:-1","max-image-preview":"max-image-preview:large","max-video-preview":"max-video-preview:-1"},"canonical":"https:\/\/www.carideal.com\/blog\/2013\/02\/19\/le-reveil-a-sonne-pour-les-constructeurs-francais\/","og_locale":"fr_FR","og_type":"article","og_title":"Le Reveil a sonn\u00e9 pour les constructeurs Francais - Blog auto Carid\u00e9al","og_description":"Peugeot 2008 et Renault Captur Peugeot 2008 en d\u00e9but de semaine derni\u00e8re, Renault Captur le vendredi suivant, on dirait que les constructeurs fran\u00e7ais ont enfin envie de s'engouffrer dans la br\u00e8che des v\u00e9hicules tendance que sont ces mini-SUV, lesquels peuvent faire du volume mais aussi plus de marge pour les concessionnaires, car ils offrent souvent ... Lire plus","og_url":"https:\/\/www.carideal.com\/blog\/2013\/02\/19\/le-reveil-a-sonne-pour-les-constructeurs-francais\/","og_site_name":"Blog auto Carid\u00e9al","article_publisher":"https:\/\/www.facebook.com\/Carideal.mandataire.automobile","article_author":"https:\/\/www.facebook.com\/Carideal.mandataire.automobile\/","article_published_time":"2013-02-19T12:08:00+00:00","og_image":[{"width":300,"height":300,"url":"https:\/\/www.carideal.com\/blog\/wp-content\/uploads\/2016\/03\/logo-carideal-mandataire-automobile.png","type":"image\/png"}],"author":"N.S Carideal","twitter_card":"summary_large_image","twitter_creator":"@caridealauto","twitter_site":"@caridealauto","twitter_misc":{"\u00c9crit par":"N.S Carideal","Dur\u00e9e de lecture estim\u00e9e":"1 minute"},"schema":{"@context":"https:\/\/schema.org","@graph":[{"@type":"Article","@id":"https:\/\/www.carideal.com\/blog\/2013\/02\/19\/le-reveil-a-sonne-pour-les-constructeurs-francais\/#article","isPartOf":{"@id":"https:\/\/www.carideal.com\/blog\/2013\/02\/19\/le-reveil-a-sonne-pour-les-constructeurs-francais\/"},"author":{"name":"N.S Carideal","@id":"https:\/\/www.carideal.com\/blog\/#\/schema\/person\/985c7e757d1042d647f21bfaf8d41ebc"},"headline":"Le Reveil a sonn\u00e9 pour les constructeurs Francais","datePublished":"2013-02-19T12:08:00+00:00","mainEntityOfPage":{"@id":"https:\/\/www.carideal.com\/blog\/2013\/02\/19\/le-reveil-a-sonne-pour-les-constructeurs-francais\/"},"wordCount":302,"commentCount":0,"publisher":{"@id":"https:\/\/www.carideal.com\/blog\/#organization"},"articleSection":["March\u00e9 automobile"],"inLanguage":"fr-FR","potentialAction":[{"@type":"CommentAction","name":"Comment","target":["https:\/\/www.carideal.com\/blog\/2013\/02\/19\/le-reveil-a-sonne-pour-les-constructeurs-francais\/#respond"]}]},{"@type":"WebPage","@id":"https:\/\/www.carideal.com\/blog\/2013\/02\/19\/le-reveil-a-sonne-pour-les-constructeurs-francais\/","url":"https:\/\/www.carideal.com\/blog\/2013\/02\/19\/le-reveil-a-sonne-pour-les-constructeurs-francais\/","name":"Le Reveil a sonn\u00e9 pour les constructeurs Francais - Blog auto Carid\u00e9al","isPartOf":{"@id":"https:\/\/www.carideal.com\/blog\/#website"},"datePublished":"2013-02-19T12:08:00+00:00","breadcrumb":{"@id":"https:\/\/www.carideal.com\/blog\/2013\/02\/19\/le-reveil-a-sonne-pour-les-constructeurs-francais\/#breadcrumb"},"inLanguage":"fr-FR","potentialAction":[{"@type":"ReadAction","target":["https:\/\/www.carideal.com\/blog\/2013\/02\/19\/le-reveil-a-sonne-pour-les-constructeurs-francais\/"]}]},{"@type":"BreadcrumbList","@id":"https:\/\/www.carideal.com\/blog\/2013\/02\/19\/le-reveil-a-sonne-pour-les-constructeurs-francais\/#breadcrumb","itemListElement":[{"@type":"ListItem","position":1,"name":"Blog Carid\u00e9al","item":"https:\/\/www.carideal.com\/blog\/"},{"@type":"ListItem","position":2,"name":"March\u00e9 automobile","item":"https:\/\/www.carideal.com\/blog\/marche-automobile-voiture-neuve-occasion-4x4-suv\/"},{"@type":"ListItem","position":3,"name":"Le Reveil a sonn\u00e9 pour les constructeurs Francais"}]},{"@type":"WebSite","@id":"https:\/\/www.carideal.com\/blog\/#website","url":"https:\/\/www.carideal.com\/blog\/","name":"Blog auto Carid\u00e9al","description":"Actualit\u00e9 auto par des passionn\u00e9s","publisher":{"@id":"https:\/\/www.carideal.com\/blog\/#organization"},"potentialAction":[{"@type":"SearchAction","target":{"@type":"EntryPoint","urlTemplate":"https:\/\/www.carideal.com\/blog\/?s={search_term_string}"},"query-input":{"@type":"PropertyValueSpecification","valueRequired":true,"valueName":"search_term_string"}}],"inLanguage":"fr-FR"},{"@type":"Organization","@id":"https:\/\/www.carideal.com\/blog\/#organization","name":"Carideal","url":"https:\/\/www.carideal.com\/blog\/","logo":{"@type":"ImageObject","inLanguage":"fr-FR","@id":"https:\/\/www.carideal.com\/blog\/#\/schema\/logo\/image\/","url":"http:\/\/www.carideal.com\/blog\/wp-content\/uploads\/2016\/03\/logo-carideal-mandataire-automobile.png","contentUrl":"http:\/\/www.carideal.com\/blog\/wp-content\/uploads\/2016\/03\/logo-carideal-mandataire-automobile.png","width":300,"height":300,"caption":"Carideal"},"image":{"@id":"https:\/\/www.carideal.com\/blog\/#\/schema\/logo\/image\/"},"sameAs":["https:\/\/www.facebook.com\/Carideal.mandataire.automobile","https:\/\/x.com\/caridealauto","https:\/\/www.instagram.com\/carideal1\/","https:\/\/www.linkedin.com\/company\/carideal.com","https:\/\/fr.pinterest.com\/schiavonsas\/","https:\/\/www.youtube.com\/user\/caridealsas"]},{"@type":"Person","@id":"https:\/\/www.carideal.com\/blog\/#\/schema\/person\/985c7e757d1042d647f21bfaf8d41ebc","name":"N.S Carideal","image":{"@type":"ImageObject","inLanguage":"fr-FR","@id":"https:\/\/www.carideal.com\/blog\/#\/schema\/person\/image\/","url":"https:\/\/secure.gravatar.com\/avatar\/edb7ccdf1a4e3d14aef967760d354d0e?s=96&r=g","contentUrl":"https:\/\/secure.gravatar.com\/avatar\/edb7ccdf1a4e3d14aef967760d354d0e?s=96&r=g","caption":"N.S Carideal"},"description":"Depuis tout petit fan d'automobile. Il est question d'essayer et de comparer toutes ces voitures qui nous ont fait r\u00e9ver, avant que celles-ci ne devient uniquement des voitures de collection.","sameAs":["http:\/\/www.carideal.com\/blog","https:\/\/www.facebook.com\/Carideal.mandataire.automobile\/","https:\/\/www.linkedin.com\/in\/nschiavon\/","https:\/\/www.youtube.com\/user\/caridealsas\/"],"url":"https:\/\/www.carideal.com\/blog\/author\/admin_carideal\/"}]}},"uagb_featured_image_src":{"full":false,"thumbnail":false,"medium":false,"medium_large":false,"large":false,"1536x1536":false,"2048x2048":false,"wppr-widget":false},"uagb_author_info":{"display_name":"N.S Carideal","author_link":"https:\/\/www.carideal.com\/blog\/author\/admin_carideal\/"},"uagb_comment_info":0,"uagb_excerpt":"Peugeot 2008 et Renault Captur Peugeot 2008 en d\u00e9but de semaine derni\u00e8re, Renault Captur le vendredi suivant, on dirait que les constructeurs fran\u00e7ais ont enfin envie de s'engouffrer dans la br\u00e8che des v\u00e9hicules tendance que sont ces mini-SUV, lesquels peuvent faire du volume mais aussi plus de marge pour les concessionnaires, car ils offrent souvent\u2026","_links":{"self":[{"href":"https:\/\/www.carideal.com\/blog\/wp-json\/wp\/v2\/posts\/1307"}],"collection":[{"href":"https:\/\/www.carideal.com\/blog\/wp-json\/wp\/v2\/posts"}],"about":[{"href":"https:\/\/www.carideal.com\/blog\/wp-json\/wp\/v2\/types\/post"}],"author":[{"embeddable":true,"href":"https:\/\/www.carideal.com\/blog\/wp-json\/wp\/v2\/users\/1"}],"replies":[{"embeddable":true,"href":"https:\/\/www.carideal.com\/blog\/wp-json\/wp\/v2\/comments?post=1307"}],"version-history":[{"count":0,"href":"https:\/\/www.carideal.com\/blog\/wp-json\/wp\/v2\/posts\/1307\/revisions"}],"wp:attachment":[{"href":"https:\/\/www.carideal.com\/blog\/wp-json\/wp\/v2\/media?parent=1307"}],"wp:term":[{"taxonomy":"category","embeddable":true,"href":"https:\/\/www.carideal.com\/blog\/wp-json\/wp\/v2\/categories?post=1307"},{"taxonomy":"post_tag","embeddable":true,"href":"https:\/\/www.carideal.com\/blog\/wp-json\/wp\/v2\/tags?post=1307"}],"curies":[{"name":"wp","href":"https:\/\/api.w.org\/{rel}","templated":true}]}}