{"id":1305,"date":"2013-02-17T12:06:00","date_gmt":"2013-02-17T12:06:00","guid":{"rendered":"http:\/\/carideal.com\/blog\/?p=1305"},"modified":"2020-03-07T20:25:07","modified_gmt":"2020-03-07T19:25:07","slug":"nouvelle-audi-a3-sportback-2-0-tdi-184","status":"publish","type":"post","link":"https:\/\/www.carideal.com\/blog\/2013\/02\/17\/nouvelle-audi-a3-sportback-2-0-tdi-184\/","title":{"rendered":"Nouvelle Audi A3 Sportback 2.0 TDI 184"},"content":{"rendered":"<p><strong>NOUVELLE AUDI A3 SPORTBACK 2.0 TDI 184 <br \/><\/strong> Diesel - 184ch <br \/>\n<img decoding=\"async\" src=\"\/blog\/public\/.audi-a3-sportback-2013-achat-carideal-mandataire-automobile_m.jpg\" alt=\"audi-a3-sportback-2013-achat-carideal-mandataire-automobile.jpg\" title=\"audi-a3-sportback-2013-achat-carideal-mandataire-automobile.jpg, f\u00e9v. 2013\" \/><\/p>\n<blockquote>\n<p>Disponible en Mars \u00e0 partir de 29800 \u20ac<\/p>\n<\/blockquote>\n<p>Sur la petite A1, l'ap\u00adpellation Sportback entra\u00eene un simple ajout de porti\u00e8res arri\u00e8re. Sur l'A3, il en va autrement&nbsp;: par rapport \u00e0 la trois portes, la longueur aug\u00admente de 7 cm, l'empattement de 3,5 cm et une troisi\u00e8me vitre lat\u00e9rale fait son apparition. Enfin, les optiques arri\u00e8re adop\u00adtent une forme l\u00e9g\u00e8rement\u00ad diff\u00e9rente en partie basse. \u00c0 l'ex\u00adt\u00e9rieur \u00e9videmment, ce n'est pas une r\u00e9volution. Mais l'int\u00e9rieur, lui, profite pleinement de l'\u00e9volution... <br \/>\nLes progr\u00e8s se concentrent \u00e0 l'ar\u00adri\u00e8re: acc\u00e8s \u00e0 bord plus ais\u00e9 (m\u00eame si l'ouvrant n'est pas immense), place aux jambes accrue, meilleure garde au toit, visibilit\u00e9 vers l'ext\u00e9rieur am\u00e9\u00adlior\u00e9e, possibilit\u00e9 de descendre les vitres. Ceci rend les trajets \u00e0 l'arri\u00e8re agr\u00e9ables... \u00e0 condition d'opter pour les places lat\u00e9rales: au centre, le dossier dur, le manque de maintien et le tun\u00adnel de transmission alt\u00e8rent tou\u00adjours le confort. C'est dommage, car le coffre peut accueillir les bagages de cinq passagers (3801, soit 15 Ide plus que la version \u00e0 trois portes et 101 de plus que l'ancienne), et la modularit\u00e9 bien pens\u00e9e s\u00e9duit. Quant au nouveau moteur diesel <a href=\"\/blog\/index.php?tag\/TDI\">TDI<\/a> de <a href=\"\/blog\/index.php?tag\/184%20ch\">184 ch<\/a>, il anime sans aucune difficult\u00e9 la voiture... m\u00eame charg\u00e9e \u00e0 bloc! <\/p>\n<p><strong>Tonique<\/strong> <br \/>\nGr\u00e2ce \u00e0 son poids en chute par rapport \u00e0 l'ancienne g\u00e9n\u00e9ration (jusqu'\u00e0 90 kg de moins gr\u00e2ce \u00e0 la structure all\u00e9g\u00e9e et certaines pi\u00e8ces en aluminium), l'A3 am\u00e9liore ses performances par rapport \u00e0 l'an\u00adcienne \u00e0 moteur \u00e9gal. Disposant de 14 ch et 30 Nm suppl\u00e9metaires avec ce TDI de pointe gain en caract\u00e8re devient flagrant&nbsp;: acc\u00e9l\u00e9rations vigoureuses, reprises toniques sur tous les rapports malgr\u00e9 l'\u00e9tagement long des sup\u00e9rieurs. D\u00e9passer ou s'ins\u00e9rer voie rapide devient une formalit\u00e9, sans que la consommation s'envole: 4,4L\/100 km annonc\u00e9s en moyenne, \u00e0 peine deux litres de plus en r\u00e9alit\u00e9. Au chapitre des d\u00e9fauts, la mol cit\u00e9 souffre sur sol humide, l'embrayage manque un peu de progressivit\u00e9, et le confort est plus sec avec les grandes roues. Fid\u00e8le \u00e0 sa r\u00e9putation, Audi propose une solution (payante) \u00e0 chacun des probl\u00e8mes: transmission quattro (2150\u20ac), boite Stronic (2070\u20ac) et suspension pilot\u00e9e param\u00e9trable (de 1 180 \u00e0 1150\u20ac garnissent la liste des options&nbsp;: <\/p>\n<p><strong>Bilan :<\/strong> Sans devenir un vaste break, la sportback permet de vivre l'A3 en famille. Dans ce cadre, autant rester sur le TDI 150, factur\u00e9 1850 \u20ac de moins, suffisant et tout aussi agr\u00e9able au quotidien.<\/p>\n<p><strong>MMI vous veut du bien<\/strong> <br \/>\nOn\u00e9reux (de 1380 \u20ac 2490 \u20ac selon les finitions), le <a href=\"\/blog\/index.php?tag\/MMI\">MMI<\/a>, connect\u00e9 \u00e0 Internet, est id\u00e9al en voiture: GPS \u00e0 carte satellite et photo de certaines destinations, entr\u00e9e de texte en dessinant des lettres sur la molette tactile, indication de station-service \u00e0 bas prix aux environs, commandes vocales pour r\u00e9diger un texto ou chercher un restaurant ... Pratique&nbsp;! <\/p>\n<p>\/ Achat Audi A3 Sportback moins ch\u00e8re avec Carideal Mandataire automobile<\/p>\n","protected":false},"excerpt":{"rendered":"<p>NOUVELLE AUDI A3 SPORTBACK 2.0 TDI 184 Diesel &#8211; 184ch Disponible en Mars \u00e0 partir de 29800 \u20ac Sur la petite A1, l&rsquo;ap\u00adpellation Sportback entra\u00eene un simple ajout de porti\u00e8res arri\u00e8re. Sur l&rsquo;A3, il en va autrement&nbsp;: par rapport \u00e0 la trois portes, la longueur aug\u00admente de 7 cm, l&#8217;empattement de 3,5 cm et une &#8230; <a title=\"Nouvelle Audi A3 Sportback 2.0 TDI 184\" class=\"read-more\" href=\"https:\/\/www.carideal.com\/blog\/2013\/02\/17\/nouvelle-audi-a3-sportback-2-0-tdi-184\/\" aria-label=\"En savoir plus sur Nouvelle Audi A3 Sportback 2.0 TDI 184\">Lire plus<\/a><\/p>\n","protected":false},"author":1,"featured_media":0,"comment_status":"open","ping_status":"open","sticky":false,"template":"","format":"standard","meta":{"_uag_custom_page_level_css":"","_themeisle_gutenberg_block_has_review":false,"footnotes":""},"categories":[10],"tags":[407],"class_list":["post-1305","post","type-post","status-publish","format-standard","hentry","category-marche-automobile-voiture-neuve-occasion-4x4-suv","tag-tdi"],"wppr_data":[],"yoast_head":"<!-- This site is optimized with the Yoast SEO plugin v24.8.1 - https:\/\/yoast.com\/wordpress\/plugins\/seo\/ -->\n<title>Nouvelle Audi A3 Sportback 2.0 TDI 184 - Blog auto Carid\u00e9al<\/title>\n<meta name=\"robots\" content=\"index, follow, max-snippet:-1, max-image-preview:large, max-video-preview:-1\" \/>\n<link rel=\"canonical\" href=\"https:\/\/www.carideal.com\/blog\/2013\/02\/17\/nouvelle-audi-a3-sportback-2-0-tdi-184\/\" \/>\n<meta property=\"og:locale\" content=\"fr_FR\" \/>\n<meta property=\"og:type\" content=\"article\" \/>\n<meta property=\"og:title\" content=\"Nouvelle Audi A3 Sportback 2.0 TDI 184 - Blog auto Carid\u00e9al\" \/>\n<meta property=\"og:description\" content=\"NOUVELLE AUDI A3 SPORTBACK 2.0 TDI 184 Diesel - 184ch Disponible en Mars \u00e0 partir de 29800 \u20ac Sur la petite A1, l&#039;ap\u00adpellation Sportback entra\u00eene un simple ajout de porti\u00e8res arri\u00e8re. Sur l&#039;A3, il en va autrement&nbsp;: par rapport \u00e0 la trois portes, la longueur aug\u00admente de 7 cm, l&#039;empattement de 3,5 cm et une ... Lire plus\" \/>\n<meta property=\"og:url\" content=\"https:\/\/www.carideal.com\/blog\/2013\/02\/17\/nouvelle-audi-a3-sportback-2-0-tdi-184\/\" \/>\n<meta property=\"og:site_name\" content=\"Blog auto Carid\u00e9al\" \/>\n<meta property=\"article:publisher\" content=\"https:\/\/www.facebook.com\/Carideal.mandataire.automobile\" \/>\n<meta property=\"article:author\" content=\"https:\/\/www.facebook.com\/Carideal.mandataire.automobile\/\" \/>\n<meta property=\"article:published_time\" content=\"2013-02-17T12:06:00+00:00\" \/>\n<meta property=\"article:modified_time\" content=\"2020-03-07T19:25:07+00:00\" \/>\n<meta property=\"og:image\" content=\"https:\/\/www.carideal.com\/blog\/wp-content\/uploads\/2016\/03\/logo-carideal-mandataire-automobile.png\" \/>\n\t<meta property=\"og:image:width\" content=\"300\" \/>\n\t<meta property=\"og:image:height\" content=\"300\" \/>\n\t<meta property=\"og:image:type\" content=\"image\/png\" \/>\n<meta name=\"author\" content=\"N.S Carideal\" \/>\n<meta name=\"twitter:card\" content=\"summary_large_image\" \/>\n<meta name=\"twitter:creator\" content=\"@caridealauto\" \/>\n<meta name=\"twitter:site\" content=\"@caridealauto\" \/>\n<meta name=\"twitter:label1\" content=\"\u00c9crit par\" \/>\n\t<meta name=\"twitter:data1\" content=\"N.S Carideal\" \/>\n\t<meta name=\"twitter:label2\" content=\"Dur\u00e9e de lecture estim\u00e9e\" \/>\n\t<meta name=\"twitter:data2\" content=\"2 minutes\" \/>\n<script type=\"application\/ld+json\" class=\"yoast-schema-graph\">{\"@context\":\"https:\/\/schema.org\",\"@graph\":[{\"@type\":\"Article\",\"@id\":\"https:\/\/www.carideal.com\/blog\/2013\/02\/17\/nouvelle-audi-a3-sportback-2-0-tdi-184\/#article\",\"isPartOf\":{\"@id\":\"https:\/\/www.carideal.com\/blog\/2013\/02\/17\/nouvelle-audi-a3-sportback-2-0-tdi-184\/\"},\"author\":{\"name\":\"N.S Carideal\",\"@id\":\"https:\/\/www.carideal.com\/blog\/#\/schema\/person\/985c7e757d1042d647f21bfaf8d41ebc\"},\"headline\":\"Nouvelle Audi A3 Sportback 2.0 TDI 184\",\"datePublished\":\"2013-02-17T12:06:00+00:00\",\"dateModified\":\"2020-03-07T19:25:07+00:00\",\"mainEntityOfPage\":{\"@id\":\"https:\/\/www.carideal.com\/blog\/2013\/02\/17\/nouvelle-audi-a3-sportback-2-0-tdi-184\/\"},\"wordCount\":500,\"commentCount\":0,\"publisher\":{\"@id\":\"https:\/\/www.carideal.com\/blog\/#organization\"},\"keywords\":[\"TDI\"],\"articleSection\":[\"March\u00e9 automobile\"],\"inLanguage\":\"fr-FR\",\"potentialAction\":[{\"@type\":\"CommentAction\",\"name\":\"Comment\",\"target\":[\"https:\/\/www.carideal.com\/blog\/2013\/02\/17\/nouvelle-audi-a3-sportback-2-0-tdi-184\/#respond\"]}]},{\"@type\":\"WebPage\",\"@id\":\"https:\/\/www.carideal.com\/blog\/2013\/02\/17\/nouvelle-audi-a3-sportback-2-0-tdi-184\/\",\"url\":\"https:\/\/www.carideal.com\/blog\/2013\/02\/17\/nouvelle-audi-a3-sportback-2-0-tdi-184\/\",\"name\":\"Nouvelle Audi A3 Sportback 2.0 TDI 184 - Blog auto Carid\u00e9al\",\"isPartOf\":{\"@id\":\"https:\/\/www.carideal.com\/blog\/#website\"},\"datePublished\":\"2013-02-17T12:06:00+00:00\",\"dateModified\":\"2020-03-07T19:25:07+00:00\",\"breadcrumb\":{\"@id\":\"https:\/\/www.carideal.com\/blog\/2013\/02\/17\/nouvelle-audi-a3-sportback-2-0-tdi-184\/#breadcrumb\"},\"inLanguage\":\"fr-FR\",\"potentialAction\":[{\"@type\":\"ReadAction\",\"target\":[\"https:\/\/www.carideal.com\/blog\/2013\/02\/17\/nouvelle-audi-a3-sportback-2-0-tdi-184\/\"]}]},{\"@type\":\"BreadcrumbList\",\"@id\":\"https:\/\/www.carideal.com\/blog\/2013\/02\/17\/nouvelle-audi-a3-sportback-2-0-tdi-184\/#breadcrumb\",\"itemListElement\":[{\"@type\":\"ListItem\",\"position\":1,\"name\":\"Blog Carid\u00e9al\",\"item\":\"https:\/\/www.carideal.com\/blog\/\"},{\"@type\":\"ListItem\",\"position\":2,\"name\":\"March\u00e9 automobile\",\"item\":\"https:\/\/www.carideal.com\/blog\/marche-automobile-voiture-neuve-occasion-4x4-suv\/\"},{\"@type\":\"ListItem\",\"position\":3,\"name\":\"Nouvelle Audi A3 Sportback 2.0 TDI 184\"}]},{\"@type\":\"WebSite\",\"@id\":\"https:\/\/www.carideal.com\/blog\/#website\",\"url\":\"https:\/\/www.carideal.com\/blog\/\",\"name\":\"Blog auto Carid\u00e9al\",\"description\":\"Actualit\u00e9 auto par des passionn\u00e9s\",\"publisher\":{\"@id\":\"https:\/\/www.carideal.com\/blog\/#organization\"},\"potentialAction\":[{\"@type\":\"SearchAction\",\"target\":{\"@type\":\"EntryPoint\",\"urlTemplate\":\"https:\/\/www.carideal.com\/blog\/?s={search_term_string}\"},\"query-input\":{\"@type\":\"PropertyValueSpecification\",\"valueRequired\":true,\"valueName\":\"search_term_string\"}}],\"inLanguage\":\"fr-FR\"},{\"@type\":\"Organization\",\"@id\":\"https:\/\/www.carideal.com\/blog\/#organization\",\"name\":\"Carideal\",\"url\":\"https:\/\/www.carideal.com\/blog\/\",\"logo\":{\"@type\":\"ImageObject\",\"inLanguage\":\"fr-FR\",\"@id\":\"https:\/\/www.carideal.com\/blog\/#\/schema\/logo\/image\/\",\"url\":\"http:\/\/www.carideal.com\/blog\/wp-content\/uploads\/2016\/03\/logo-carideal-mandataire-automobile.png\",\"contentUrl\":\"http:\/\/www.carideal.com\/blog\/wp-content\/uploads\/2016\/03\/logo-carideal-mandataire-automobile.png\",\"width\":300,\"height\":300,\"caption\":\"Carideal\"},\"image\":{\"@id\":\"https:\/\/www.carideal.com\/blog\/#\/schema\/logo\/image\/\"},\"sameAs\":[\"https:\/\/www.facebook.com\/Carideal.mandataire.automobile\",\"https:\/\/x.com\/caridealauto\",\"https:\/\/www.instagram.com\/carideal1\/\",\"https:\/\/www.linkedin.com\/company\/carideal.com\",\"https:\/\/fr.pinterest.com\/schiavonsas\/\",\"https:\/\/www.youtube.com\/user\/caridealsas\"]},{\"@type\":\"Person\",\"@id\":\"https:\/\/www.carideal.com\/blog\/#\/schema\/person\/985c7e757d1042d647f21bfaf8d41ebc\",\"name\":\"N.S Carideal\",\"image\":{\"@type\":\"ImageObject\",\"inLanguage\":\"fr-FR\",\"@id\":\"https:\/\/www.carideal.com\/blog\/#\/schema\/person\/image\/\",\"url\":\"https:\/\/secure.gravatar.com\/avatar\/edb7ccdf1a4e3d14aef967760d354d0e?s=96&r=g\",\"contentUrl\":\"https:\/\/secure.gravatar.com\/avatar\/edb7ccdf1a4e3d14aef967760d354d0e?s=96&r=g\",\"caption\":\"N.S Carideal\"},\"description\":\"Depuis tout petit fan d'automobile. Il est question d'essayer et de comparer toutes ces voitures qui nous ont fait r\u00e9ver, avant que celles-ci ne devient uniquement des voitures de collection.\",\"sameAs\":[\"http:\/\/www.carideal.com\/blog\",\"https:\/\/www.facebook.com\/Carideal.mandataire.automobile\/\",\"https:\/\/www.linkedin.com\/in\/nschiavon\/\",\"https:\/\/www.youtube.com\/user\/caridealsas\/\"],\"url\":\"https:\/\/www.carideal.com\/blog\/author\/admin_carideal\/\"}]}<\/script>\n<!-- \/ Yoast SEO plugin. -->","yoast_head_json":{"title":"Nouvelle Audi A3 Sportback 2.0 TDI 184 - Blog auto Carid\u00e9al","robots":{"index":"index","follow":"follow","max-snippet":"max-snippet:-1","max-image-preview":"max-image-preview:large","max-video-preview":"max-video-preview:-1"},"canonical":"https:\/\/www.carideal.com\/blog\/2013\/02\/17\/nouvelle-audi-a3-sportback-2-0-tdi-184\/","og_locale":"fr_FR","og_type":"article","og_title":"Nouvelle Audi A3 Sportback 2.0 TDI 184 - Blog auto Carid\u00e9al","og_description":"NOUVELLE AUDI A3 SPORTBACK 2.0 TDI 184 Diesel - 184ch Disponible en Mars \u00e0 partir de 29800 \u20ac Sur la petite A1, l'ap\u00adpellation Sportback entra\u00eene un simple ajout de porti\u00e8res arri\u00e8re. Sur l'A3, il en va autrement&nbsp;: par rapport \u00e0 la trois portes, la longueur aug\u00admente de 7 cm, l'empattement de 3,5 cm et une ... Lire plus","og_url":"https:\/\/www.carideal.com\/blog\/2013\/02\/17\/nouvelle-audi-a3-sportback-2-0-tdi-184\/","og_site_name":"Blog auto Carid\u00e9al","article_publisher":"https:\/\/www.facebook.com\/Carideal.mandataire.automobile","article_author":"https:\/\/www.facebook.com\/Carideal.mandataire.automobile\/","article_published_time":"2013-02-17T12:06:00+00:00","article_modified_time":"2020-03-07T19:25:07+00:00","og_image":[{"width":300,"height":300,"url":"https:\/\/www.carideal.com\/blog\/wp-content\/uploads\/2016\/03\/logo-carideal-mandataire-automobile.png","type":"image\/png"}],"author":"N.S Carideal","twitter_card":"summary_large_image","twitter_creator":"@caridealauto","twitter_site":"@caridealauto","twitter_misc":{"\u00c9crit par":"N.S Carideal","Dur\u00e9e de lecture estim\u00e9e":"2 minutes"},"schema":{"@context":"https:\/\/schema.org","@graph":[{"@type":"Article","@id":"https:\/\/www.carideal.com\/blog\/2013\/02\/17\/nouvelle-audi-a3-sportback-2-0-tdi-184\/#article","isPartOf":{"@id":"https:\/\/www.carideal.com\/blog\/2013\/02\/17\/nouvelle-audi-a3-sportback-2-0-tdi-184\/"},"author":{"name":"N.S Carideal","@id":"https:\/\/www.carideal.com\/blog\/#\/schema\/person\/985c7e757d1042d647f21bfaf8d41ebc"},"headline":"Nouvelle Audi A3 Sportback 2.0 TDI 184","datePublished":"2013-02-17T12:06:00+00:00","dateModified":"2020-03-07T19:25:07+00:00","mainEntityOfPage":{"@id":"https:\/\/www.carideal.com\/blog\/2013\/02\/17\/nouvelle-audi-a3-sportback-2-0-tdi-184\/"},"wordCount":500,"commentCount":0,"publisher":{"@id":"https:\/\/www.carideal.com\/blog\/#organization"},"keywords":["TDI"],"articleSection":["March\u00e9 automobile"],"inLanguage":"fr-FR","potentialAction":[{"@type":"CommentAction","name":"Comment","target":["https:\/\/www.carideal.com\/blog\/2013\/02\/17\/nouvelle-audi-a3-sportback-2-0-tdi-184\/#respond"]}]},{"@type":"WebPage","@id":"https:\/\/www.carideal.com\/blog\/2013\/02\/17\/nouvelle-audi-a3-sportback-2-0-tdi-184\/","url":"https:\/\/www.carideal.com\/blog\/2013\/02\/17\/nouvelle-audi-a3-sportback-2-0-tdi-184\/","name":"Nouvelle Audi A3 Sportback 2.0 TDI 184 - Blog auto Carid\u00e9al","isPartOf":{"@id":"https:\/\/www.carideal.com\/blog\/#website"},"datePublished":"2013-02-17T12:06:00+00:00","dateModified":"2020-03-07T19:25:07+00:00","breadcrumb":{"@id":"https:\/\/www.carideal.com\/blog\/2013\/02\/17\/nouvelle-audi-a3-sportback-2-0-tdi-184\/#breadcrumb"},"inLanguage":"fr-FR","potentialAction":[{"@type":"ReadAction","target":["https:\/\/www.carideal.com\/blog\/2013\/02\/17\/nouvelle-audi-a3-sportback-2-0-tdi-184\/"]}]},{"@type":"BreadcrumbList","@id":"https:\/\/www.carideal.com\/blog\/2013\/02\/17\/nouvelle-audi-a3-sportback-2-0-tdi-184\/#breadcrumb","itemListElement":[{"@type":"ListItem","position":1,"name":"Blog Carid\u00e9al","item":"https:\/\/www.carideal.com\/blog\/"},{"@type":"ListItem","position":2,"name":"March\u00e9 automobile","item":"https:\/\/www.carideal.com\/blog\/marche-automobile-voiture-neuve-occasion-4x4-suv\/"},{"@type":"ListItem","position":3,"name":"Nouvelle Audi A3 Sportback 2.0 TDI 184"}]},{"@type":"WebSite","@id":"https:\/\/www.carideal.com\/blog\/#website","url":"https:\/\/www.carideal.com\/blog\/","name":"Blog auto Carid\u00e9al","description":"Actualit\u00e9 auto par des passionn\u00e9s","publisher":{"@id":"https:\/\/www.carideal.com\/blog\/#organization"},"potentialAction":[{"@type":"SearchAction","target":{"@type":"EntryPoint","urlTemplate":"https:\/\/www.carideal.com\/blog\/?s={search_term_string}"},"query-input":{"@type":"PropertyValueSpecification","valueRequired":true,"valueName":"search_term_string"}}],"inLanguage":"fr-FR"},{"@type":"Organization","@id":"https:\/\/www.carideal.com\/blog\/#organization","name":"Carideal","url":"https:\/\/www.carideal.com\/blog\/","logo":{"@type":"ImageObject","inLanguage":"fr-FR","@id":"https:\/\/www.carideal.com\/blog\/#\/schema\/logo\/image\/","url":"http:\/\/www.carideal.com\/blog\/wp-content\/uploads\/2016\/03\/logo-carideal-mandataire-automobile.png","contentUrl":"http:\/\/www.carideal.com\/blog\/wp-content\/uploads\/2016\/03\/logo-carideal-mandataire-automobile.png","width":300,"height":300,"caption":"Carideal"},"image":{"@id":"https:\/\/www.carideal.com\/blog\/#\/schema\/logo\/image\/"},"sameAs":["https:\/\/www.facebook.com\/Carideal.mandataire.automobile","https:\/\/x.com\/caridealauto","https:\/\/www.instagram.com\/carideal1\/","https:\/\/www.linkedin.com\/company\/carideal.com","https:\/\/fr.pinterest.com\/schiavonsas\/","https:\/\/www.youtube.com\/user\/caridealsas"]},{"@type":"Person","@id":"https:\/\/www.carideal.com\/blog\/#\/schema\/person\/985c7e757d1042d647f21bfaf8d41ebc","name":"N.S Carideal","image":{"@type":"ImageObject","inLanguage":"fr-FR","@id":"https:\/\/www.carideal.com\/blog\/#\/schema\/person\/image\/","url":"https:\/\/secure.gravatar.com\/avatar\/edb7ccdf1a4e3d14aef967760d354d0e?s=96&r=g","contentUrl":"https:\/\/secure.gravatar.com\/avatar\/edb7ccdf1a4e3d14aef967760d354d0e?s=96&r=g","caption":"N.S Carideal"},"description":"Depuis tout petit fan d'automobile. Il est question d'essayer et de comparer toutes ces voitures qui nous ont fait r\u00e9ver, avant que celles-ci ne devient uniquement des voitures de collection.","sameAs":["http:\/\/www.carideal.com\/blog","https:\/\/www.facebook.com\/Carideal.mandataire.automobile\/","https:\/\/www.linkedin.com\/in\/nschiavon\/","https:\/\/www.youtube.com\/user\/caridealsas\/"],"url":"https:\/\/www.carideal.com\/blog\/author\/admin_carideal\/"}]}},"uagb_featured_image_src":{"full":false,"thumbnail":false,"medium":false,"medium_large":false,"large":false,"1536x1536":false,"2048x2048":false,"wppr-widget":false},"uagb_author_info":{"display_name":"N.S Carideal","author_link":"https:\/\/www.carideal.com\/blog\/author\/admin_carideal\/"},"uagb_comment_info":0,"uagb_excerpt":"NOUVELLE AUDI A3 SPORTBACK 2.0 TDI 184 Diesel - 184ch Disponible en Mars \u00e0 partir de 29800 \u20ac Sur la petite A1, l'ap\u00adpellation Sportback entra\u00eene un simple ajout de porti\u00e8res arri\u00e8re. Sur l'A3, il en va autrement&nbsp;: par rapport \u00e0 la trois portes, la longueur aug\u00admente de 7 cm, l'empattement de 3,5 cm et une\u2026","_links":{"self":[{"href":"https:\/\/www.carideal.com\/blog\/wp-json\/wp\/v2\/posts\/1305"}],"collection":[{"href":"https:\/\/www.carideal.com\/blog\/wp-json\/wp\/v2\/posts"}],"about":[{"href":"https:\/\/www.carideal.com\/blog\/wp-json\/wp\/v2\/types\/post"}],"author":[{"embeddable":true,"href":"https:\/\/www.carideal.com\/blog\/wp-json\/wp\/v2\/users\/1"}],"replies":[{"embeddable":true,"href":"https:\/\/www.carideal.com\/blog\/wp-json\/wp\/v2\/comments?post=1305"}],"version-history":[{"count":0,"href":"https:\/\/www.carideal.com\/blog\/wp-json\/wp\/v2\/posts\/1305\/revisions"}],"wp:attachment":[{"href":"https:\/\/www.carideal.com\/blog\/wp-json\/wp\/v2\/media?parent=1305"}],"wp:term":[{"taxonomy":"category","embeddable":true,"href":"https:\/\/www.carideal.com\/blog\/wp-json\/wp\/v2\/categories?post=1305"},{"taxonomy":"post_tag","embeddable":true,"href":"https:\/\/www.carideal.com\/blog\/wp-json\/wp\/v2\/tags?post=1305"}],"curies":[{"name":"wp","href":"https:\/\/api.w.org\/{rel}","templated":true}]}}