{"id":13042,"date":"2014-04-25T00:07:52","date_gmt":"2014-04-24T22:07:52","guid":{"rendered":"http:\/\/www.carideal.com\/blog\/?p=13042"},"modified":"2025-04-03T14:58:25","modified_gmt":"2025-04-03T12:58:25","slug":"nouveaux-moteurs-bluehdi-1-6l-dv6f-euro6","status":"publish","type":"post","link":"https:\/\/www.carideal.com\/blog\/2014\/04\/25\/nouveaux-moteurs-bluehdi-1-6l-dv6f-euro6\/","title":{"rendered":"Moteurs BLUEHDI 1.6L DV6F Euro6 &#8211; Pr\u00e9sentation"},"content":{"rendered":"\n<h2 class=\"wp-block-heading\"><strong>Nouveaux moteurs BlueHDI 1.6L DV6F Euro6<\/strong><\/h2>\n\n\n<div class=\"wp-block-image\">\n<figure class=\"aligncenter\"><a href=\"http:\/\/www.carideal.com\/blog\/wp-content\/uploads\/2016\/11\/moteur_BlueHDi_1-6_dv6f_euro6.jpg\"><img loading=\"lazy\" decoding=\"async\" width=\"824\" height=\"463\" src=\"http:\/\/www.carideal.com\/blog\/wp-content\/uploads\/2016\/11\/moteur_BlueHDi_1-6_dv6f_euro6.jpg\" alt=\"Nouveaux moteurs BlueHDI 1.6L DV6F\" class=\"wp-image-13043\" srcset=\"https:\/\/www.carideal.com\/blog\/wp-content\/uploads\/2016\/11\/moteur_BlueHDi_1-6_dv6f_euro6.jpg 824w, https:\/\/www.carideal.com\/blog\/wp-content\/uploads\/2016\/11\/moteur_BlueHDi_1-6_dv6f_euro6-300x169.jpg 300w, https:\/\/www.carideal.com\/blog\/wp-content\/uploads\/2016\/11\/moteur_BlueHDi_1-6_dv6f_euro6-768x432.jpg 768w\" sizes=\"(max-width: 824px) 100vw, 824px\" \/><\/a><figcaption class=\"wp-element-caption\">Nouveaux moteurs BlueHDI 1.6L DV6F<\/figcaption><\/figure><\/div>\n\n\n<p>Le nouveau moteur <strong><a href=\"http:\/\/www.carideal.com\/blog\/2014\/06\/19\/citroen-du-renouveau\/\" target=\"_blank\" rel=\"noopener\">CITROEN<\/a> BLUEHDI 1.6L DV6 Euro6<\/strong> est une \u00e9volution du moteur DV6 Euro5 et a \u00e9t\u00e9 con\u00e7u pour r\u00e9pondre d\u00e8s \u00e0 pr\u00e9sent \u00e0 la <a href=\"http:\/\/www.carideal.com\/blog\/2014\/09\/24\/euro-6-le-diesel-qui-ne-pollue-plus\/\"><strong>nouvelle&nbsp;norme de d\u00e9pollution Euro6<\/strong><\/a> qui ne sera exigible qu\u2019\u00e0 partir de septembre 2014.<\/p>\n\n\n\n<p>A ce titre, ce moteur utilise la <strong>SCR (Selective Catalytic Reduction)<\/strong>, syst\u00e8me de r\u00e9duction des NOX d\u00e9j\u00e0 utilis\u00e9e sur le moteur BLUEHDi 2L DW10F Euro 6 de 180 ch avec un <a href=\"http:\/\/www.carideal.com\/blog\/2011\/03\/03\/reparation-entretien-fap-filtre-a-particule\/\" target=\"_blank\" rel=\"noopener\">filtre \u00e0 particule<\/a>.<br> Les nombreux perfectionnements du moteur, en particulier gr\u00e2ce aux organes \u00e0 pilotage variable (<a href=\"https:\/\/www.carideal.com\/blog\/2025\/04\/03\/comment-nettoyer-une-vanne-egr\/\">vanne EGR<\/a>, doseur d\u2019air, pompe \u00e0 huile, bo\u00eetier de sortie d\u2019eau, turbo,\u2026), permettent d\u2019atteindre un niveau de consommation carburant et d'\u00e9missions <a href=\"http:\/\/www.carideal.com\/blog\/2012\/12\/06\/chasse-au-co2\/\">CO2<\/a> tr\u00e8s concurrentiels, en m\u00eame temps que des performances de premier plan, couple moteur en particulier.<br> Le\u00a0Nouveaux moteurs BlueHDI 1.6L DV6F Euro6\u00a0 est \u00e9quip\u00e9 de s\u00e9rie du <a href=\"http:\/\/www.carideal.com\/blog\/2012\/12\/06\/stopstart\/\" target=\"_blank\" rel=\"noopener\">Stop &amp; Start<\/a> par le d\u00e9marreur pour les applications avec bo\u00eete de vitesses m\u00e9canique et par l\u2019alternateur pour les applications avec bo\u00eete de vitesses automatique et pilot\u00e9e.<\/p>\n\n\n\n<p>Les principales \u00e9volutions par rapport aux moteurs 1.6 HDI DV6 Euro 5 sont :<br>\n\uf0fc Moteur 1,6L Diesel Euro 6 destin\u00e9 \u00e0 remplacer \u00e0 terme les moteurs Euro 5,<br>\n\uf0fc 3 variantes : DV6FC (88 kW), DV6FD (75 kW), DV6FE (55 kW),<br>\n\uf0fc la cylindr\u00e9e 1,4l (DV4) n\u2019est pas reconduite en Euro6,<br>\n\uf0fc moteur \u00e9quip\u00e9 du syst\u00e8me de r\u00e9duction catalytique s\u00e9lective SCR pour la d\u00e9pollution Euro 6 (BLUEHDI)<br>\n\uf0fc moteur \u00e9quip\u00e9 en s\u00e9rie du Stop &amp; Start par le d\u00e9marreur pour les applications avec bo\u00eete de vitesses m\u00e9canique et par l\u2019alternateur pour les applications avec bo\u00eete de vitesses automatique et pilot\u00e9e,<br>\n\uf0fc pompe haute pression 2 000 bars phas\u00e9e avec le moteur,<br>\n\uf0fc moteur \u00e9quip\u00e9 de <strong>nombreux organes \u00e0 pilotage variable<\/strong> pour optimiser la consommation, la performance et l\u2019\u00e9mission de polluants<\/p>\n\n\n<div class=\"wp-block-image\">\n<figure class=\"aligncenter\"><a href=\"http:\/\/www.carideal.com\/blog\/wp-content\/uploads\/2016\/11\/caract\u00e9ristiques-moteurs-citroen-psa-bluehdi-16.jpg\"><img loading=\"lazy\" decoding=\"async\" width=\"835\" height=\"506\" src=\"http:\/\/www.carideal.com\/blog\/wp-content\/uploads\/2016\/11\/caract\u00e9ristiques-moteurs-citroen-psa-bluehdi-16.jpg\" alt=\"Caract\u00e9ristiques de Nouveaux moteurs BLUEHDI 1.6L DV6F Euro6\" class=\"wp-image-13044\" srcset=\"https:\/\/www.carideal.com\/blog\/wp-content\/uploads\/2016\/11\/caract\u00e9ristiques-moteurs-citroen-psa-bluehdi-16.jpg 835w, https:\/\/www.carideal.com\/blog\/wp-content\/uploads\/2016\/11\/caract\u00e9ristiques-moteurs-citroen-psa-bluehdi-16-300x182.jpg 300w, https:\/\/www.carideal.com\/blog\/wp-content\/uploads\/2016\/11\/caract\u00e9ristiques-moteurs-citroen-psa-bluehdi-16-768x465.jpg 768w\" sizes=\"(max-width: 835px) 100vw, 835px\" \/><\/a><figcaption class=\"wp-element-caption\">Caract\u00e9ristiques de Nouveaux moteurs BLUEHDI 1.6L DV6F Euro6<\/figcaption><\/figure><\/div>\n\n\n<p>Le principe de fonctionnement de ces nouveaux moteurs BlueHDI 1.6L DV6F Euro6 a d\u00e9j\u00e0 \u00e9t\u00e9 d\u00e9crit dans un pr\u00e9c\u00e9dent billet<\/p>\n\n\n\n<h2 class=\"wp-block-heading\">Vid\u00e9o de pr\u00e9sentation des nouveaux moteurs BlueHDI 1.6L<\/h2>\n\n\n\n<p><iframe loading=\"lazy\" src=\"https:\/\/www.youtube.com\/embed\/yQq6ch1pY2E\" width=\"560\" height=\"315\" frameborder=\"0\" allowfullscreen=\"allowfullscreen\"><\/iframe><\/p>\n","protected":false},"excerpt":{"rendered":"<p>Nouveaux moteurs BlueHDI 1.6L DV6F Euro6 Le nouveau moteur CITROEN BLUEHDI 1.6L DV6 Euro6 est une \u00e9volution du moteur DV6 Euro5 et a \u00e9t\u00e9 con\u00e7u pour r\u00e9pondre d\u00e8s \u00e0 pr\u00e9sent \u00e0 la nouvelle&nbsp;norme de d\u00e9pollution Euro6 qui ne sera exigible qu\u2019\u00e0 partir de septembre 2014. A ce titre, ce moteur utilise la SCR (Selective Catalytic &#8230; <a title=\"Moteurs BLUEHDI 1.6L DV6F Euro6 &#8211; Pr\u00e9sentation\" class=\"read-more\" href=\"https:\/\/www.carideal.com\/blog\/2014\/04\/25\/nouveaux-moteurs-bluehdi-1-6l-dv6f-euro6\/\" aria-label=\"En savoir plus sur Moteurs BLUEHDI 1.6L DV6F Euro6 &#8211; Pr\u00e9sentation\">Lire plus<\/a><\/p>\n","protected":false},"author":3,"featured_media":13045,"comment_status":"open","ping_status":"open","sticky":false,"template":"","format":"standard","meta":{"_uag_custom_page_level_css":"","_themeisle_gutenberg_block_has_review":false,"footnotes":""},"categories":[5,5944,5946,5080],"tags":[3689,60,673,406],"class_list":["post-13042","post","type-post","status-publish","format-standard","has-post-thumbnail","hentry","category-citroen","category-constructeur","category-peugeot","category-technologie-2","tag-bluehdi","tag-co2","tag-filtre-a-particules","tag-hdi"],"wppr_data":{"cwp_meta_box_check":"No"},"yoast_head":"<!-- This site is optimized with the Yoast SEO plugin v24.8.1 - https:\/\/yoast.com\/wordpress\/plugins\/seo\/ -->\n<title>Moteurs BLUEHDI 1.6L DV6F Euro6 - Pr\u00e9sentation - Blog auto Carid\u00e9al<\/title>\n<meta name=\"description\" content=\"Les nouveaux moteurs BLUEHDI 1.6L CITROEN DV6 Euro6 est une \u00e9volution du moteur DV6 Euro5 et r\u00e9pond d\u00e9j\u00e0 aux nouvelles normes Euro 6\" \/>\n<meta name=\"robots\" content=\"index, follow, max-snippet:-1, max-image-preview:large, max-video-preview:-1\" \/>\n<link rel=\"canonical\" href=\"https:\/\/www.carideal.com\/blog\/2014\/04\/25\/nouveaux-moteurs-bluehdi-1-6l-dv6f-euro6\/\" \/>\n<meta property=\"og:locale\" content=\"fr_FR\" \/>\n<meta property=\"og:type\" content=\"article\" \/>\n<meta property=\"og:title\" content=\"Moteurs BLUEHDI 1.6L DV6F Euro6 - Pr\u00e9sentation - Blog auto Carid\u00e9al\" \/>\n<meta property=\"og:description\" content=\"Les nouveaux moteurs BLUEHDI 1.6L CITROEN DV6 Euro6 est une \u00e9volution du moteur DV6 Euro5 et r\u00e9pond d\u00e9j\u00e0 aux nouvelles normes Euro 6\" \/>\n<meta property=\"og:url\" content=\"https:\/\/www.carideal.com\/blog\/2014\/04\/25\/nouveaux-moteurs-bluehdi-1-6l-dv6f-euro6\/\" \/>\n<meta property=\"og:site_name\" content=\"Blog auto Carid\u00e9al\" \/>\n<meta property=\"article:publisher\" content=\"https:\/\/www.facebook.com\/Carideal.mandataire.automobile\" \/>\n<meta property=\"article:author\" content=\"https:\/\/www.facebook.com\/nicolas.schiavon.39\" \/>\n<meta property=\"article:published_time\" content=\"2014-04-24T22:07:52+00:00\" \/>\n<meta property=\"article:modified_time\" content=\"2025-04-03T12:58:25+00:00\" \/>\n<meta property=\"og:image\" content=\"https:\/\/www.carideal.com\/blog\/wp-content\/uploads\/2016\/11\/Caract\u00e9ristiques-de-Nouveaux-moteurs-BLUEHDI.jpg\" \/>\n\t<meta property=\"og:image:width\" content=\"640\" \/>\n\t<meta property=\"og:image:height\" content=\"350\" \/>\n\t<meta property=\"og:image:type\" content=\"image\/jpeg\" \/>\n<meta name=\"author\" content=\"Nicolas SCHIAVON\" \/>\n<meta name=\"twitter:card\" content=\"summary_large_image\" \/>\n<meta name=\"twitter:creator\" content=\"@caridealauto\" \/>\n<meta name=\"twitter:site\" content=\"@caridealauto\" \/>\n<meta name=\"twitter:label1\" content=\"\u00c9crit par\" \/>\n\t<meta name=\"twitter:data1\" content=\"Nicolas SCHIAVON\" \/>\n\t<meta name=\"twitter:label2\" content=\"Dur\u00e9e de lecture estim\u00e9e\" \/>\n\t<meta name=\"twitter:data2\" content=\"3 minutes\" \/>\n<script type=\"application\/ld+json\" class=\"yoast-schema-graph\">{\"@context\":\"https:\/\/schema.org\",\"@graph\":[{\"@type\":\"Article\",\"@id\":\"https:\/\/www.carideal.com\/blog\/2014\/04\/25\/nouveaux-moteurs-bluehdi-1-6l-dv6f-euro6\/#article\",\"isPartOf\":{\"@id\":\"https:\/\/www.carideal.com\/blog\/2014\/04\/25\/nouveaux-moteurs-bluehdi-1-6l-dv6f-euro6\/\"},\"author\":{\"name\":\"Nicolas SCHIAVON\",\"@id\":\"https:\/\/www.carideal.com\/blog\/#\/schema\/person\/cd95dc7919660de90d31b366f85be1ec\"},\"headline\":\"Moteurs BLUEHDI 1.6L DV6F Euro6 &#8211; Pr\u00e9sentation\",\"datePublished\":\"2014-04-24T22:07:52+00:00\",\"dateModified\":\"2025-04-03T12:58:25+00:00\",\"mainEntityOfPage\":{\"@id\":\"https:\/\/www.carideal.com\/blog\/2014\/04\/25\/nouveaux-moteurs-bluehdi-1-6l-dv6f-euro6\/\"},\"wordCount\":375,\"commentCount\":6,\"publisher\":{\"@id\":\"https:\/\/www.carideal.com\/blog\/#organization\"},\"image\":{\"@id\":\"https:\/\/www.carideal.com\/blog\/2014\/04\/25\/nouveaux-moteurs-bluehdi-1-6l-dv6f-euro6\/#primaryimage\"},\"thumbnailUrl\":\"https:\/\/www.carideal.com\/blog\/wp-content\/uploads\/2016\/11\/Caract\u00e9ristiques-de-Nouveaux-moteurs-BLUEHDI.jpg\",\"keywords\":[\"BlueHDI\",\"CO2 \u00e9mission de CO2\",\"Filtre \u00e0 particules Diesel essence\",\"HDI Moteur diesel PSA\"],\"articleSection\":[\"Actualit\u00e9 Citroen\",\"Actualit\u00e9 Constructeur automobile\",\"Actualit\u00e9 Peugeot\",\"Technologie Automobile\"],\"inLanguage\":\"fr-FR\",\"potentialAction\":[{\"@type\":\"CommentAction\",\"name\":\"Comment\",\"target\":[\"https:\/\/www.carideal.com\/blog\/2014\/04\/25\/nouveaux-moteurs-bluehdi-1-6l-dv6f-euro6\/#respond\"]}]},{\"@type\":\"WebPage\",\"@id\":\"https:\/\/www.carideal.com\/blog\/2014\/04\/25\/nouveaux-moteurs-bluehdi-1-6l-dv6f-euro6\/\",\"url\":\"https:\/\/www.carideal.com\/blog\/2014\/04\/25\/nouveaux-moteurs-bluehdi-1-6l-dv6f-euro6\/\",\"name\":\"Moteurs BLUEHDI 1.6L DV6F Euro6 - Pr\u00e9sentation - Blog auto Carid\u00e9al\",\"isPartOf\":{\"@id\":\"https:\/\/www.carideal.com\/blog\/#website\"},\"primaryImageOfPage\":{\"@id\":\"https:\/\/www.carideal.com\/blog\/2014\/04\/25\/nouveaux-moteurs-bluehdi-1-6l-dv6f-euro6\/#primaryimage\"},\"image\":{\"@id\":\"https:\/\/www.carideal.com\/blog\/2014\/04\/25\/nouveaux-moteurs-bluehdi-1-6l-dv6f-euro6\/#primaryimage\"},\"thumbnailUrl\":\"https:\/\/www.carideal.com\/blog\/wp-content\/uploads\/2016\/11\/Caract\u00e9ristiques-de-Nouveaux-moteurs-BLUEHDI.jpg\",\"datePublished\":\"2014-04-24T22:07:52+00:00\",\"dateModified\":\"2025-04-03T12:58:25+00:00\",\"description\":\"Les nouveaux moteurs BLUEHDI 1.6L CITROEN DV6 Euro6 est une \u00e9volution du moteur DV6 Euro5 et r\u00e9pond d\u00e9j\u00e0 aux nouvelles normes Euro 6\",\"breadcrumb\":{\"@id\":\"https:\/\/www.carideal.com\/blog\/2014\/04\/25\/nouveaux-moteurs-bluehdi-1-6l-dv6f-euro6\/#breadcrumb\"},\"inLanguage\":\"fr-FR\",\"potentialAction\":[{\"@type\":\"ReadAction\",\"target\":[\"https:\/\/www.carideal.com\/blog\/2014\/04\/25\/nouveaux-moteurs-bluehdi-1-6l-dv6f-euro6\/\"]}]},{\"@type\":\"ImageObject\",\"inLanguage\":\"fr-FR\",\"@id\":\"https:\/\/www.carideal.com\/blog\/2014\/04\/25\/nouveaux-moteurs-bluehdi-1-6l-dv6f-euro6\/#primaryimage\",\"url\":\"https:\/\/www.carideal.com\/blog\/wp-content\/uploads\/2016\/11\/Caract\u00e9ristiques-de-Nouveaux-moteurs-BLUEHDI.jpg\",\"contentUrl\":\"https:\/\/www.carideal.com\/blog\/wp-content\/uploads\/2016\/11\/Caract\u00e9ristiques-de-Nouveaux-moteurs-BLUEHDI.jpg\",\"width\":640,\"height\":350,\"caption\":\"Caract\u00e9ristiques de Nouveaux moteurs BLUEHDI 1.6L DV6F Euro6\"},{\"@type\":\"BreadcrumbList\",\"@id\":\"https:\/\/www.carideal.com\/blog\/2014\/04\/25\/nouveaux-moteurs-bluehdi-1-6l-dv6f-euro6\/#breadcrumb\",\"itemListElement\":[{\"@type\":\"ListItem\",\"position\":1,\"name\":\"Blog Carid\u00e9al\",\"item\":\"https:\/\/www.carideal.com\/blog\/\"},{\"@type\":\"ListItem\",\"position\":2,\"name\":\"Actualit\u00e9 constructeur automobile\",\"item\":\"https:\/\/www.carideal.com\/blog\/constructeur\/\"},{\"@type\":\"ListItem\",\"position\":3,\"name\":\"Moteurs BLUEHDI 1.6L DV6F Euro6 &#8211; Pr\u00e9sentation\"}]},{\"@type\":\"WebSite\",\"@id\":\"https:\/\/www.carideal.com\/blog\/#website\",\"url\":\"https:\/\/www.carideal.com\/blog\/\",\"name\":\"Blog auto Carid\u00e9al\",\"description\":\"Actualit\u00e9 auto par des passionn\u00e9s\",\"publisher\":{\"@id\":\"https:\/\/www.carideal.com\/blog\/#organization\"},\"potentialAction\":[{\"@type\":\"SearchAction\",\"target\":{\"@type\":\"EntryPoint\",\"urlTemplate\":\"https:\/\/www.carideal.com\/blog\/?s={search_term_string}\"},\"query-input\":{\"@type\":\"PropertyValueSpecification\",\"valueRequired\":true,\"valueName\":\"search_term_string\"}}],\"inLanguage\":\"fr-FR\"},{\"@type\":\"Organization\",\"@id\":\"https:\/\/www.carideal.com\/blog\/#organization\",\"name\":\"Carideal\",\"url\":\"https:\/\/www.carideal.com\/blog\/\",\"logo\":{\"@type\":\"ImageObject\",\"inLanguage\":\"fr-FR\",\"@id\":\"https:\/\/www.carideal.com\/blog\/#\/schema\/logo\/image\/\",\"url\":\"http:\/\/www.carideal.com\/blog\/wp-content\/uploads\/2016\/03\/logo-carideal-mandataire-automobile.png\",\"contentUrl\":\"http:\/\/www.carideal.com\/blog\/wp-content\/uploads\/2016\/03\/logo-carideal-mandataire-automobile.png\",\"width\":300,\"height\":300,\"caption\":\"Carideal\"},\"image\":{\"@id\":\"https:\/\/www.carideal.com\/blog\/#\/schema\/logo\/image\/\"},\"sameAs\":[\"https:\/\/www.facebook.com\/Carideal.mandataire.automobile\",\"https:\/\/x.com\/caridealauto\",\"https:\/\/www.instagram.com\/carideal1\/\",\"https:\/\/www.linkedin.com\/company\/carideal.com\",\"https:\/\/fr.pinterest.com\/schiavonsas\/\",\"https:\/\/www.youtube.com\/user\/caridealsas\"]},{\"@type\":\"Person\",\"@id\":\"https:\/\/www.carideal.com\/blog\/#\/schema\/person\/cd95dc7919660de90d31b366f85be1ec\",\"name\":\"Nicolas SCHIAVON\",\"image\":{\"@type\":\"ImageObject\",\"inLanguage\":\"fr-FR\",\"@id\":\"https:\/\/www.carideal.com\/blog\/#\/schema\/person\/image\/\",\"url\":\"https:\/\/secure.gravatar.com\/avatar\/c17e55009e671d92cc7f5dc837dc418a?s=96&r=g\",\"contentUrl\":\"https:\/\/secure.gravatar.com\/avatar\/c17e55009e671d92cc7f5dc837dc418a?s=96&r=g\",\"caption\":\"Nicolas SCHIAVON\"},\"description\":\"Nicolas Schiavon est tomb\u00e9 tout petit dans la marmite automobile. Ayant eu un garage de marque automobile, mandataire automobile de la premi\u00e8re heure d\u00e8s 1999. Nicolas a cr\u00e9\u00e9 ces premiers sites de vente de voiture et blog automobile d\u00e8s 1994. Carideal est n\u00e9 le 15 d\u00e9cembre 2000 de la volont\u00e9 de vendre des voitures d'occasions en ligne puis des voitures neuves. Il a pu essayer beaucoup de voitures tr\u00e8s diff\u00e9rentes et ayant eu personnellement quelques belles autos, Subaru Impreza, Mitsubishi Lancer Evo 7, Porsche 911, Ferrari Testarrossa, Audi RS3, RS4 et j'en passe...\",\"sameAs\":[\"http:\/\/www.carideal.com\",\"https:\/\/www.facebook.com\/nicolas.schiavon.39\",\"https:\/\/www.instagram.com\/carideal1\/\",\"https:\/\/www.linkedin.com\/in\/nschiavon\/\",\"https:\/\/x.com\/caridealauto\",\"https:\/\/www.youtube.com\/user\/caridealsas\/\"],\"url\":\"https:\/\/www.carideal.com\/blog\/author\/nschiavon\/\"}]}<\/script>\n<!-- \/ Yoast SEO plugin. -->","yoast_head_json":{"title":"Moteurs BLUEHDI 1.6L DV6F Euro6 - Pr\u00e9sentation - Blog auto Carid\u00e9al","description":"Les nouveaux moteurs BLUEHDI 1.6L CITROEN DV6 Euro6 est une \u00e9volution du moteur DV6 Euro5 et r\u00e9pond d\u00e9j\u00e0 aux nouvelles normes Euro 6","robots":{"index":"index","follow":"follow","max-snippet":"max-snippet:-1","max-image-preview":"max-image-preview:large","max-video-preview":"max-video-preview:-1"},"canonical":"https:\/\/www.carideal.com\/blog\/2014\/04\/25\/nouveaux-moteurs-bluehdi-1-6l-dv6f-euro6\/","og_locale":"fr_FR","og_type":"article","og_title":"Moteurs BLUEHDI 1.6L DV6F Euro6 - Pr\u00e9sentation - Blog auto Carid\u00e9al","og_description":"Les nouveaux moteurs BLUEHDI 1.6L CITROEN DV6 Euro6 est une \u00e9volution du moteur DV6 Euro5 et r\u00e9pond d\u00e9j\u00e0 aux nouvelles normes Euro 6","og_url":"https:\/\/www.carideal.com\/blog\/2014\/04\/25\/nouveaux-moteurs-bluehdi-1-6l-dv6f-euro6\/","og_site_name":"Blog auto Carid\u00e9al","article_publisher":"https:\/\/www.facebook.com\/Carideal.mandataire.automobile","article_author":"https:\/\/www.facebook.com\/nicolas.schiavon.39","article_published_time":"2014-04-24T22:07:52+00:00","article_modified_time":"2025-04-03T12:58:25+00:00","og_image":[{"width":640,"height":350,"url":"https:\/\/www.carideal.com\/blog\/wp-content\/uploads\/2016\/11\/Caract\u00e9ristiques-de-Nouveaux-moteurs-BLUEHDI.jpg","type":"image\/jpeg"}],"author":"Nicolas SCHIAVON","twitter_card":"summary_large_image","twitter_creator":"@caridealauto","twitter_site":"@caridealauto","twitter_misc":{"\u00c9crit par":"Nicolas SCHIAVON","Dur\u00e9e de lecture estim\u00e9e":"3 minutes"},"schema":{"@context":"https:\/\/schema.org","@graph":[{"@type":"Article","@id":"https:\/\/www.carideal.com\/blog\/2014\/04\/25\/nouveaux-moteurs-bluehdi-1-6l-dv6f-euro6\/#article","isPartOf":{"@id":"https:\/\/www.carideal.com\/blog\/2014\/04\/25\/nouveaux-moteurs-bluehdi-1-6l-dv6f-euro6\/"},"author":{"name":"Nicolas SCHIAVON","@id":"https:\/\/www.carideal.com\/blog\/#\/schema\/person\/cd95dc7919660de90d31b366f85be1ec"},"headline":"Moteurs BLUEHDI 1.6L DV6F Euro6 &#8211; Pr\u00e9sentation","datePublished":"2014-04-24T22:07:52+00:00","dateModified":"2025-04-03T12:58:25+00:00","mainEntityOfPage":{"@id":"https:\/\/www.carideal.com\/blog\/2014\/04\/25\/nouveaux-moteurs-bluehdi-1-6l-dv6f-euro6\/"},"wordCount":375,"commentCount":6,"publisher":{"@id":"https:\/\/www.carideal.com\/blog\/#organization"},"image":{"@id":"https:\/\/www.carideal.com\/blog\/2014\/04\/25\/nouveaux-moteurs-bluehdi-1-6l-dv6f-euro6\/#primaryimage"},"thumbnailUrl":"https:\/\/www.carideal.com\/blog\/wp-content\/uploads\/2016\/11\/Caract\u00e9ristiques-de-Nouveaux-moteurs-BLUEHDI.jpg","keywords":["BlueHDI","CO2 \u00e9mission de CO2","Filtre \u00e0 particules Diesel essence","HDI Moteur diesel PSA"],"articleSection":["Actualit\u00e9 Citroen","Actualit\u00e9 Constructeur automobile","Actualit\u00e9 Peugeot","Technologie Automobile"],"inLanguage":"fr-FR","potentialAction":[{"@type":"CommentAction","name":"Comment","target":["https:\/\/www.carideal.com\/blog\/2014\/04\/25\/nouveaux-moteurs-bluehdi-1-6l-dv6f-euro6\/#respond"]}]},{"@type":"WebPage","@id":"https:\/\/www.carideal.com\/blog\/2014\/04\/25\/nouveaux-moteurs-bluehdi-1-6l-dv6f-euro6\/","url":"https:\/\/www.carideal.com\/blog\/2014\/04\/25\/nouveaux-moteurs-bluehdi-1-6l-dv6f-euro6\/","name":"Moteurs BLUEHDI 1.6L DV6F Euro6 - Pr\u00e9sentation - Blog auto Carid\u00e9al","isPartOf":{"@id":"https:\/\/www.carideal.com\/blog\/#website"},"primaryImageOfPage":{"@id":"https:\/\/www.carideal.com\/blog\/2014\/04\/25\/nouveaux-moteurs-bluehdi-1-6l-dv6f-euro6\/#primaryimage"},"image":{"@id":"https:\/\/www.carideal.com\/blog\/2014\/04\/25\/nouveaux-moteurs-bluehdi-1-6l-dv6f-euro6\/#primaryimage"},"thumbnailUrl":"https:\/\/www.carideal.com\/blog\/wp-content\/uploads\/2016\/11\/Caract\u00e9ristiques-de-Nouveaux-moteurs-BLUEHDI.jpg","datePublished":"2014-04-24T22:07:52+00:00","dateModified":"2025-04-03T12:58:25+00:00","description":"Les nouveaux moteurs BLUEHDI 1.6L CITROEN DV6 Euro6 est une \u00e9volution du moteur DV6 Euro5 et r\u00e9pond d\u00e9j\u00e0 aux nouvelles normes Euro 6","breadcrumb":{"@id":"https:\/\/www.carideal.com\/blog\/2014\/04\/25\/nouveaux-moteurs-bluehdi-1-6l-dv6f-euro6\/#breadcrumb"},"inLanguage":"fr-FR","potentialAction":[{"@type":"ReadAction","target":["https:\/\/www.carideal.com\/blog\/2014\/04\/25\/nouveaux-moteurs-bluehdi-1-6l-dv6f-euro6\/"]}]},{"@type":"ImageObject","inLanguage":"fr-FR","@id":"https:\/\/www.carideal.com\/blog\/2014\/04\/25\/nouveaux-moteurs-bluehdi-1-6l-dv6f-euro6\/#primaryimage","url":"https:\/\/www.carideal.com\/blog\/wp-content\/uploads\/2016\/11\/Caract\u00e9ristiques-de-Nouveaux-moteurs-BLUEHDI.jpg","contentUrl":"https:\/\/www.carideal.com\/blog\/wp-content\/uploads\/2016\/11\/Caract\u00e9ristiques-de-Nouveaux-moteurs-BLUEHDI.jpg","width":640,"height":350,"caption":"Caract\u00e9ristiques de Nouveaux moteurs BLUEHDI 1.6L DV6F Euro6"},{"@type":"BreadcrumbList","@id":"https:\/\/www.carideal.com\/blog\/2014\/04\/25\/nouveaux-moteurs-bluehdi-1-6l-dv6f-euro6\/#breadcrumb","itemListElement":[{"@type":"ListItem","position":1,"name":"Blog Carid\u00e9al","item":"https:\/\/www.carideal.com\/blog\/"},{"@type":"ListItem","position":2,"name":"Actualit\u00e9 constructeur automobile","item":"https:\/\/www.carideal.com\/blog\/constructeur\/"},{"@type":"ListItem","position":3,"name":"Moteurs BLUEHDI 1.6L DV6F Euro6 &#8211; Pr\u00e9sentation"}]},{"@type":"WebSite","@id":"https:\/\/www.carideal.com\/blog\/#website","url":"https:\/\/www.carideal.com\/blog\/","name":"Blog auto Carid\u00e9al","description":"Actualit\u00e9 auto par des passionn\u00e9s","publisher":{"@id":"https:\/\/www.carideal.com\/blog\/#organization"},"potentialAction":[{"@type":"SearchAction","target":{"@type":"EntryPoint","urlTemplate":"https:\/\/www.carideal.com\/blog\/?s={search_term_string}"},"query-input":{"@type":"PropertyValueSpecification","valueRequired":true,"valueName":"search_term_string"}}],"inLanguage":"fr-FR"},{"@type":"Organization","@id":"https:\/\/www.carideal.com\/blog\/#organization","name":"Carideal","url":"https:\/\/www.carideal.com\/blog\/","logo":{"@type":"ImageObject","inLanguage":"fr-FR","@id":"https:\/\/www.carideal.com\/blog\/#\/schema\/logo\/image\/","url":"http:\/\/www.carideal.com\/blog\/wp-content\/uploads\/2016\/03\/logo-carideal-mandataire-automobile.png","contentUrl":"http:\/\/www.carideal.com\/blog\/wp-content\/uploads\/2016\/03\/logo-carideal-mandataire-automobile.png","width":300,"height":300,"caption":"Carideal"},"image":{"@id":"https:\/\/www.carideal.com\/blog\/#\/schema\/logo\/image\/"},"sameAs":["https:\/\/www.facebook.com\/Carideal.mandataire.automobile","https:\/\/x.com\/caridealauto","https:\/\/www.instagram.com\/carideal1\/","https:\/\/www.linkedin.com\/company\/carideal.com","https:\/\/fr.pinterest.com\/schiavonsas\/","https:\/\/www.youtube.com\/user\/caridealsas"]},{"@type":"Person","@id":"https:\/\/www.carideal.com\/blog\/#\/schema\/person\/cd95dc7919660de90d31b366f85be1ec","name":"Nicolas SCHIAVON","image":{"@type":"ImageObject","inLanguage":"fr-FR","@id":"https:\/\/www.carideal.com\/blog\/#\/schema\/person\/image\/","url":"https:\/\/secure.gravatar.com\/avatar\/c17e55009e671d92cc7f5dc837dc418a?s=96&r=g","contentUrl":"https:\/\/secure.gravatar.com\/avatar\/c17e55009e671d92cc7f5dc837dc418a?s=96&r=g","caption":"Nicolas SCHIAVON"},"description":"Nicolas Schiavon est tomb\u00e9 tout petit dans la marmite automobile. Ayant eu un garage de marque automobile, mandataire automobile de la premi\u00e8re heure d\u00e8s 1999. Nicolas a cr\u00e9\u00e9 ces premiers sites de vente de voiture et blog automobile d\u00e8s 1994. Carideal est n\u00e9 le 15 d\u00e9cembre 2000 de la volont\u00e9 de vendre des voitures d'occasions en ligne puis des voitures neuves. Il a pu essayer beaucoup de voitures tr\u00e8s diff\u00e9rentes et ayant eu personnellement quelques belles autos, Subaru Impreza, Mitsubishi Lancer Evo 7, Porsche 911, Ferrari Testarrossa, Audi RS3, RS4 et j'en passe...","sameAs":["http:\/\/www.carideal.com","https:\/\/www.facebook.com\/nicolas.schiavon.39","https:\/\/www.instagram.com\/carideal1\/","https:\/\/www.linkedin.com\/in\/nschiavon\/","https:\/\/x.com\/caridealauto","https:\/\/www.youtube.com\/user\/caridealsas\/"],"url":"https:\/\/www.carideal.com\/blog\/author\/nschiavon\/"}]}},"uagb_featured_image_src":{"full":["https:\/\/www.carideal.com\/blog\/wp-content\/uploads\/2016\/11\/Caract\u00e9ristiques-de-Nouveaux-moteurs-BLUEHDI.jpg",640,350,false],"thumbnail":["https:\/\/www.carideal.com\/blog\/wp-content\/uploads\/2016\/11\/Caract\u00e9ristiques-de-Nouveaux-moteurs-BLUEHDI-150x150.jpg",150,150,true],"medium":["https:\/\/www.carideal.com\/blog\/wp-content\/uploads\/2016\/11\/Caract\u00e9ristiques-de-Nouveaux-moteurs-BLUEHDI-300x164.jpg",300,164,true],"medium_large":["https:\/\/www.carideal.com\/blog\/wp-content\/uploads\/2016\/11\/Caract\u00e9ristiques-de-Nouveaux-moteurs-BLUEHDI.jpg",640,350,false],"large":["https:\/\/www.carideal.com\/blog\/wp-content\/uploads\/2016\/11\/Caract\u00e9ristiques-de-Nouveaux-moteurs-BLUEHDI.jpg",640,350,false],"1536x1536":["https:\/\/www.carideal.com\/blog\/wp-content\/uploads\/2016\/11\/Caract\u00e9ristiques-de-Nouveaux-moteurs-BLUEHDI.jpg",640,350,false],"2048x2048":["https:\/\/www.carideal.com\/blog\/wp-content\/uploads\/2016\/11\/Caract\u00e9ristiques-de-Nouveaux-moteurs-BLUEHDI.jpg",640,350,false],"wppr-widget":["https:\/\/www.carideal.com\/blog\/wp-content\/uploads\/2016\/11\/Caract\u00e9ristiques-de-Nouveaux-moteurs-BLUEHDI.jpg",50,27,false]},"uagb_author_info":{"display_name":"Nicolas SCHIAVON","author_link":"https:\/\/www.carideal.com\/blog\/author\/nschiavon\/"},"uagb_comment_info":8,"uagb_excerpt":"Nouveaux moteurs BlueHDI 1.6L DV6F Euro6 Le nouveau moteur CITROEN BLUEHDI 1.6L DV6 Euro6 est une \u00e9volution du moteur DV6 Euro5 et a \u00e9t\u00e9 con\u00e7u pour r\u00e9pondre d\u00e8s \u00e0 pr\u00e9sent \u00e0 la nouvelle&nbsp;norme de d\u00e9pollution Euro6 qui ne sera exigible qu\u2019\u00e0 partir de septembre 2014. A ce titre, ce moteur utilise la SCR (Selective Catalytic\u2026","_links":{"self":[{"href":"https:\/\/www.carideal.com\/blog\/wp-json\/wp\/v2\/posts\/13042"}],"collection":[{"href":"https:\/\/www.carideal.com\/blog\/wp-json\/wp\/v2\/posts"}],"about":[{"href":"https:\/\/www.carideal.com\/blog\/wp-json\/wp\/v2\/types\/post"}],"author":[{"embeddable":true,"href":"https:\/\/www.carideal.com\/blog\/wp-json\/wp\/v2\/users\/3"}],"replies":[{"embeddable":true,"href":"https:\/\/www.carideal.com\/blog\/wp-json\/wp\/v2\/comments?post=13042"}],"version-history":[{"count":1,"href":"https:\/\/www.carideal.com\/blog\/wp-json\/wp\/v2\/posts\/13042\/revisions"}],"predecessor-version":[{"id":28209,"href":"https:\/\/www.carideal.com\/blog\/wp-json\/wp\/v2\/posts\/13042\/revisions\/28209"}],"wp:featuredmedia":[{"embeddable":true,"href":"https:\/\/www.carideal.com\/blog\/wp-json\/wp\/v2\/media\/13045"}],"wp:attachment":[{"href":"https:\/\/www.carideal.com\/blog\/wp-json\/wp\/v2\/media?parent=13042"}],"wp:term":[{"taxonomy":"category","embeddable":true,"href":"https:\/\/www.carideal.com\/blog\/wp-json\/wp\/v2\/categories?post=13042"},{"taxonomy":"post_tag","embeddable":true,"href":"https:\/\/www.carideal.com\/blog\/wp-json\/wp\/v2\/tags?post=13042"}],"curies":[{"name":"wp","href":"https:\/\/api.w.org\/{rel}","templated":true}]}}