{"id":1304,"date":"2013-02-17T10:37:00","date_gmt":"2013-02-17T10:37:00","guid":{"rendered":"http:\/\/carideal.com\/blog\/?p=1304"},"modified":"2016-06-21T08:53:16","modified_gmt":"2016-06-21T06:53:16","slug":"cinq-nouveaux-4x4","status":"publish","type":"post","link":"https:\/\/www.carideal.com\/blog\/2013\/02\/17\/cinq-nouveaux-4x4\/","title":{"rendered":"Cinq Nouveaux 4&#215;4"},"content":{"rendered":"<h1><strong>Cinq Nouveaux 4x4<\/strong><\/h1>\n<p><img decoding=\"async\" title=\"Fiat Panda 4x4, f\u00e9v. 2013\" src=\"\/blog\/public\/.Fiat-Panda-4x4_achat-carideal-mandataire-automobile_m.jpg\" alt=\"Fiat Panda 4x4\" \/><\/p>\n<blockquote><p>Fiat panda 4x4 0.9 TwinAir essence 85 ch \u00e0 partir de 15990 \u20ac<\/p><\/blockquote>\n<p>La gueule de l'emploi<br \/>\nCette troisi\u00e8me g\u00e9n\u00e9ration ne se limite pas \u00e0 son allure d'aventuri\u00e8re. Sa transmission int\u00e9grale tr\u00e9s efficace lui permet de s'aventurer hors piste, m\u00eame en version TwinAir.<br \/>\nAlors que nombre de <a href=\"\/blog\/index.php?tag\/crossovers\">crossovers<\/a> urbains se contentent de deux roues motrices, la Fiat Panda propose une transmission int\u00e9grale qui ren\u00advoie la puissance sur l'essieu arri\u00e8re lorsque l'avant patine. En cas de complications, le syst\u00e8me EDL peut \u00eatre activ\u00e9: il pr\u00e9charge le diff\u00e9rentiel arri\u00e8re pour un transfert plus rapide du couple, et freine la roue qui patine sans couper l'acc\u00e9l\u00e9ration afin de simu\u00adler l'action d'un autobloquant. Bien aid\u00e9e par un premier rap\u00adport raccourci (la bo\u00eete passe de cinq \u00e0 six vitesses) et une garde au sol rehauss\u00e9e (15 cm), la Panda 4x4 laisse sur place ses rivales en tout-terrain! Sur la route, son cen\u00adtre de gravit\u00e9 plus haut n'alt\u00e8re pas son comportement. Distillant les m\u00eames sensations que la Panda classique, notre ver\u00adsion des champs conserve un ch\u00e2ssis s\u00fbr.<\/p>\n<p>Avec un amortissement moelleux \u00e0 basse vitesse qui engendre encore des mouvements de caisse parfois mal contr\u00f4l\u00e9s sur les fortes ondulations...<br \/>\n<strong>Chaud et froid<\/strong> Comme toujours, le petit bicy\u00adlindre TwinAir souffle le chaud et le froid. Creux et vibrant en ville, il devient tonique sur route et agr\u00e9able une fois sollicit\u00e9. En revanche, les consommations s'envolent vite. Une touche Eco le rend certes plus frugal en limi\u00adtant son couple, mais il perd alors son agr\u00e9ment et devient pares\u00adseux (le performant -mais bruyant- diesel de 75 ch est dis\u00adponible moyennant 850\u20ac de plus). La Panda 4x4 conserve un habitacle accueillant et astucieux, tout en b\u00e9n\u00e9ficiant d'une pr\u00e9\u00adsentation plus valorisante. Reste une addition sal\u00e9e. Affich\u00e9e 2500\u20ac de plus que la version nor\u00admale, elle facture sa polyvalence au prix fort\u00a0!<\/p>\n<p><strong>OPEL MOKKA <\/strong><br \/>\n<img decoding=\"async\" title=\"opel-mokka-achat-carideal-mandataire-automobile.jpg, f\u00e9v. 2013\" src=\"\/blog\/public\/.opel-mokka-achat-carideal-mandataire-automobile_m.jpg\" alt=\"opel-mokka-achat-carideal-mandataire-automobile.jpg\" \/><\/p>\n<blockquote><p>Opel Mokka CDTI 130 ch \u00e0 partir de 22140 \u20ac<\/p><\/blockquote>\n<p>Prenez un v\u00e9hicule au gabarit compact, habillez-le d'une tenue de baroudeur et rehaussez le tout: vous obtenez le premier SUV urbain sign\u00e9 Opel. Les petits crossovers urbains n'en finissent pas d'inspirer les constructeurs. Opel se lance dans le grand bain avec un Mokka au caract\u00e8re cors\u00e9. Avec ses barres de toit, ses sabots de protection avant et arri\u00e8re, ses airs de baroudeur et sa bouille avenante, il r\u00e9ussit parfaitement son op\u00e9ration s\u00e9duction. Mais en d\u00e9pit de sa position de conduite plus haute, le parfum d'aventure s'estompe \u00e0 l'int\u00e9rieur: pr\u00e9sentation tristounette, atmosph\u00e8re som\u00adbre et console centrale dat\u00e9e. Il n'oublie pas les aspects pratiques pour autant: espace de charge\u00adment plat apr\u00e8s avoir rabattu les dossiers arri\u00e8re et astucieux syst\u00e8me de fixation de v\u00e9los en suppl\u00e9ment (600\u20ac). Les places arri\u00e8re plut\u00f4t spacieuses, les nombreux rangements et le cof\u00adfre de 386 litres en font un v\u00e9hi\u00adcule suffisamment polyvalent au besoin. Si Opel propose une transmission int\u00e9grale factur\u00e9e 2 000 \u20ac suppl\u00e9mentaires, la majorit\u00e9 des Mokka se vendra en deux roues motrices trac\u00adtion. Plus \u00e9conome en carbu\u00adrant, cette version r\u00e9serve un comportement sain, tout en pr\u00e9servant un confort de sus\u00adpension moelleux. Le principal point noir vient du niveau sonore \u00e9lev\u00e9 sur longs trajets: l'unique diesel disponible se fait un peu trop entendre. En revanche, ses 130 ch garantis\u00adsent un joli tonus, m\u00eame en charge, assorti d'un agr\u00e9ment satisfaisant. Reste que la pr\u00e9\u00adsence d'un diesel d'attaque moins puissant aurait permis de serrer les prix. Affich\u00e9 23 240C, le Mokka CDTi 130 Cosmo se rapproche des tarifs du Nissan Qashgai. Un peu fort de caf\u00e9!<\/p>\n<p><strong>HONDA CR-V 2.2 i-DTEC<\/strong><br \/>\n<img decoding=\"async\" title=\"Honda-CRV-achat-carideal-mandataire-automobile.jpg, f\u00e9v. 2013\" src=\"\/blog\/public\/.Honda-CRV-achat-carideal-mandataire-automobile_m.jpg\" alt=\"Honda-CRV-achat-carideal-mandataire-automobile.jpg\" \/><\/p>\n<blockquote><p>Honda CR-V 2.2 i-DTEC diesel 150 ch<\/p><\/blockquote>\n<p><strong>Beaut\u00e9 int\u00e9rieure<\/strong><br \/>\n<strong>Nouveaux \u00e9quipements technos et habitacle plus cossu: il soigne l'accueil \u00e0 bord tout en ma\u00eetrisant son gabarit.<\/strong><br \/>\nRencontrant un franc succ\u00e8s en Am\u00e9rique du Nord, le Honda CR-V d\u00e9barque en Europe o\u00f9 ses chances commerciales semblent plus minces. Ses dimensions pratiquement identiques \u00e0 celles de son pr\u00e9d\u00e9\u00adcesseur le rendent trop encom\u00adbrant pour un SUV compact (4,57m) et pas assez familial pour la cat\u00e9gorie sup\u00e9rieure. Cela ne l'emp\u00eache pas de se montrer spacieux, avec un bel espace aux jambes pour les occu\u00adpants arri\u00e8re. En outre, le plan\u00adcher parfaitement plat rend la place du centre plut\u00f4t agr\u00e9able. Ajoutez \u00e0 l'ensemble un vaste coffre de 589 litres, ainsi que de nombreux rangements, et vous obtenez un SUV familial \u00e0 qui il ne manque que deux places d'ap\u00adpoint au troisi\u00e8me rang. <strong>En progr\u00e8s<\/strong><br \/>\nCe nouveau CR-V soigne davan\u00adtage sa pr\u00e9sentation et s'offre de nombreux \u00e9quipements techno\u00adlogiques dans sa version de haut de gamme Innova: aide au main\u00adtien dans la file de circulation, r\u00e9gulateur adaptatif ou syst\u00e8me de pr\u00e9vention des collisions, Emprunt\u00e9 \u00e0 son pr\u00e9d\u00e9cesseur, le moteur diesel 2.2 i DTEC se mon\u00adtre toujours aussi agr\u00e9able et d\u00e9s\u00adormais un peu plus discret. \u00c0 l'ex\u00adception d'une boite automatique optionnelle lente et \u00e9nergivore, le CR-V progresse dans tous les domaines. Bien aid\u00e9 par une direc\u00adtion \u00e9lectrique revue, il r\u00e9serve une grande douceur de conduite et se montre s\u00fbr avec sa transmis\u00adsion int\u00e9grale. Le tout dans un confort de haut niveau. Mais il vous faudra d\u00e9penser au moins 30650f (+4000 de malus), en attendant une version 1.6 i-DTEC de 120 ch deux roues motrices plus abordable et plus sobre.<\/p>\n<p><strong>HYUNDAI SANTA FE<\/strong><br \/>\n<img decoding=\"async\" title=\"hyundai_santa_fe_achat_carideal_mandataire_automobile.JPG, f\u00e9v. 2013\" src=\"\/blog\/public\/.hyundai_santa_fe_achat_carideal_mandataire_automobile_m.jpg\" alt=\"hyundai_santa_fe_achat_carideal_mandataire_automobile.JPG\" \/><\/p>\n<blockquote><p>Hyundai Santa Fe 2.2 CRDI 4x4 BVA diesel 197 ch \u00e0 partir de 43200 \u20ac<\/p><\/blockquote>\n<p><strong>Cette troisi\u00e8me g\u00e9n\u00e9ration prend ses distances avec l'ix35 d\u00e9cid\u00e9ment bien encombrant. Ses prestations et ses tarifs deviennent de plus en plus premium...<\/strong><br \/>\nPlus compact, plus sobre et pratiquement aussi valorisant, l'ix 35 a fait beaucoup de tort au Santa Fe. Pour \u00e9vi\u00adter que pareille m\u00e9saventure ne se reproduise, la troisi\u00e8me g\u00e9n\u00e9\u00adration du plus c\u00e9l\u00e8bre des SUV Hyundai monte en gamme. Conservant un gabarit sensible\u00adment identique, le nouveau Santa Fe accueille toujours sept personnes. Sa banquette coulis\u00adsante et dot\u00e9e de dossiers r\u00e9gla\u00adbles en inclinaison traite ses pas\u00adsagers avec \u00e9gards. Un peu plus vastes qu'\u00e0 bord d'un monospace compact, les deux places d'appoint ne sont accessibles que d'un seul c\u00f4t\u00e9, avec une garde au toit encore limit\u00e9e. C'est donc le conduc\u00adteur qui profitera au mieux d'une pr\u00e9sentation et d'une fini\u00adtion flatteuses. Sur la route, les sensations de conduite rappellent celles de son pr\u00e9d\u00e9cesseur. Reposant sur des suspensions souples, le Santa Fe pr\u00e9f\u00e8re un rythme paisible. Le confort \u00e0 basse vitesse pro\u00adgresse bien davantage que le dynamisme. Repris \u00e0 l'iden\u00adtique, le moteur diesel de 197 ch conserve toute sa souplesse, son joli tonus en charge et sa rela\u00adtive discr\u00e9tion. Par contre, la bo\u00eete automatique lente et un peu brutale en mode manuel n'incite pas \u00e0 hausser le rythme.<br \/>\n<strong>Mont\u00e9e en gamme<\/strong> \u00c9videmment, cette mont\u00e9e en gamme a un pris. Ainsi moto\u00adris\u00e9, le Santa Fe est commercia\u00adlis\u00e9 \u00e0 partir de 43200\u20ac, et 46800\u20ac en finition Pack Pre\u00admium Limited royalement pourvue: assistance au main\u00adtien de voie, aide au stationne\u00adment, cam\u00e9ra de recul ou encore si\u00e8ges arri\u00e8re chauffants. Une version \u00e0 deux roues motrices et bo\u00eete manuelle est propos\u00e9e \u00e0 35900C, avec 400 E de malus au lieu de 2000\u20ac. (feux \u00e0 LED et boucliers modernis\u00e9s), mais il a profit\u00e9 des m\u00eames bonifications que le nouveau Santa Fe: poids et consommation en baisse, suspension plus confortable, insonorisation renforc\u00e9e. D\u00e8s lors, les diff\u00e9rences entre ces deux cousins concernent des d\u00e9tails: garantie Tans ou 150000 km (5ans. kilom\u00e9trage illimit\u00e9 pour le Santa Fe), et 490\u20ac de moins \u00e0 dotation comparable pour le Kia, qui n'est pas disponible en version 4x2.<\/p>\n<p><strong>RANGE ROVER<\/strong><\/p>\n<p><img decoding=\"async\" title=\"land-rover-range-rover_2013_achat_carideal_mandataire_automobile.jpg, f\u00e9v. 2013\" src=\"\/blog\/public\/.land-rover-range-rover_2013_achat_carideal_mandataire_automobile_m.jpg\" alt=\"land-rover-range-rover_2013_achat_carideal_mandataire_automobile.jpg\" \/><\/p>\n<blockquote><p>Range Rover TDV6 diesel 258 ch \u00e0 partir de 89800 \u20ac<\/p><\/blockquote>\n<p><strong>La quadrature du cercle<\/strong><br \/>\n<strong>Transporter ses occupants dans le luxe d'un salon anglais, crapahuter dans le d\u00e9sert et aligner les kilom\u00e8tres dans le plus grand confort: d\u00e9cid\u00e9ment, il sait tout faire!<\/strong><\/p>\n<p>Les ann\u00e9es passent, la famille des SUV de luxe ne cesse de grandir et la quatri\u00e8me g\u00e9n\u00e9ration de Range Rover reste toujours seule au monde. Quand la concurrence s'embourbe \u00e0 la premi\u00e8re difficult\u00e9 venue, ce fier anglais se joue des bains de boue avec flegme gr\u00e2ce au syst\u00e8me Ter\u00adrain Response. Comprenant tou\u00adjours cinq modes (route, boue, sable, neige et rocaille) ce sys\u00adt\u00e8me y ajoute d\u00e9sormais une position automatique, optimi\u00adsant selon le terrain rencontr\u00e9 le tarage des amortisseurs, le blo\u00adcage \u00e9lectronique des diff\u00e9ren\u00adtiels, la gestion de boite et l'ESP. Ensuite, la suspension pneuma\u00adtique permet d'obtenir une garde au sol de 30 cm et un d\u00e9batte\u00adment de 60 cm, histoire de fran\u00adchir des gu\u00e9s de 90 cm... il fau\u00addra juste penser \u00e0 essuyer ses bottes avant de grimper \u00e0 bord d'un habitacle luxueux. Atypique en moderne, la pr\u00e9sentation conserve une longueur d'avance sur la concurrence. Les occu\u00adpants profitent de cinq places aussi accueillantes que celles d'un salon anglais. Avec des options plus impressionnantes encore: syst\u00e8me audio surround \u00e0 28 HP , climatisation quadrizone et ban\u00adquette rabattable \u00e9lectriquement. <strong>Charme inimitable<\/strong><br \/>\nLe conducteur, lui, peut comp\u00adter sur un mod\u00e8le TDV6 all\u00e9g\u00e9 de 420 kg par rapport au pr\u00e9\u00adc\u00e9dent TDV8. Toujours un peu moins dynamique que les Por\u00adsche Cayenne et consorts, le Range garde sa dignit\u00e9 \u00e0 un rythme soutenu, dans un confort largement sup\u00e9rieur. Son six cylindres diesel conserve un bel agr\u00e9ment. Bref, le Range est le plus polyvalent des SUV de luxe, avec ce charme inimi\u00adtable qui justifie \u00e0 lui seul ses tarifs \u00e9litistes.<\/p>\n","protected":false},"excerpt":{"rendered":"<p>Cinq Nouveaux 4&#215;4 Fiat panda 4&#215;4 0.9 TwinAir essence 85 ch \u00e0 partir de 15990 \u20ac La gueule de l&#8217;emploi Cette troisi\u00e8me g\u00e9n\u00e9ration ne se limite pas \u00e0 son allure d&rsquo;aventuri\u00e8re. Sa transmission int\u00e9grale tr\u00e9s efficace lui permet de s&rsquo;aventurer hors piste, m\u00eame en version TwinAir. Alors que nombre de crossovers urbains se contentent de &#8230; <a title=\"Cinq Nouveaux 4&#215;4\" class=\"read-more\" href=\"https:\/\/www.carideal.com\/blog\/2013\/02\/17\/cinq-nouveaux-4x4\/\" aria-label=\"En savoir plus sur Cinq Nouveaux 4&#215;4\">Lire plus<\/a><\/p>\n","protected":false},"author":1,"featured_media":0,"comment_status":"open","ping_status":"open","sticky":false,"template":"","format":"standard","meta":{"_uag_custom_page_level_css":"","_themeisle_gutenberg_block_has_review":false,"footnotes":""},"categories":[2,5944,5947,10,6010,5974],"tags":[],"class_list":["post-1304","post","type-post","status-publish","format-standard","hentry","category-4x4-suv","category-constructeur","category-essai","category-marche-automobile-voiture-neuve-occasion-4x4-suv","category-suv","category-type-de-vehicule"],"wppr_data":[],"yoast_head":"<!-- This site is optimized with the Yoast SEO plugin v24.8.1 - https:\/\/yoast.com\/wordpress\/plugins\/seo\/ -->\n<title>Cinq Nouveaux 4x4 - Blog auto Carid\u00e9al<\/title>\n<meta name=\"robots\" content=\"index, follow, max-snippet:-1, max-image-preview:large, max-video-preview:-1\" \/>\n<link rel=\"canonical\" href=\"https:\/\/www.carideal.com\/blog\/2013\/02\/17\/cinq-nouveaux-4x4\/\" \/>\n<meta property=\"og:locale\" content=\"fr_FR\" \/>\n<meta property=\"og:type\" content=\"article\" \/>\n<meta property=\"og:title\" content=\"Cinq Nouveaux 4x4 - Blog auto Carid\u00e9al\" \/>\n<meta property=\"og:description\" content=\"Cinq Nouveaux 4x4 Fiat panda 4x4 0.9 TwinAir essence 85 ch \u00e0 partir de 15990 \u20ac La gueule de l&#039;emploi Cette troisi\u00e8me g\u00e9n\u00e9ration ne se limite pas \u00e0 son allure d&#039;aventuri\u00e8re. Sa transmission int\u00e9grale tr\u00e9s efficace lui permet de s&#039;aventurer hors piste, m\u00eame en version TwinAir. Alors que nombre de crossovers urbains se contentent de ... Lire plus\" \/>\n<meta property=\"og:url\" content=\"https:\/\/www.carideal.com\/blog\/2013\/02\/17\/cinq-nouveaux-4x4\/\" \/>\n<meta property=\"og:site_name\" content=\"Blog auto Carid\u00e9al\" \/>\n<meta property=\"article:publisher\" content=\"https:\/\/www.facebook.com\/Carideal.mandataire.automobile\" \/>\n<meta property=\"article:author\" content=\"https:\/\/www.facebook.com\/Carideal.mandataire.automobile\/\" \/>\n<meta property=\"article:published_time\" content=\"2013-02-17T10:37:00+00:00\" \/>\n<meta property=\"article:modified_time\" content=\"2016-06-21T06:53:16+00:00\" \/>\n<meta property=\"og:image\" content=\"https:\/\/www.carideal.com\/blog\/wp-content\/uploads\/2016\/03\/logo-carideal-mandataire-automobile.png\" \/>\n\t<meta property=\"og:image:width\" content=\"300\" \/>\n\t<meta property=\"og:image:height\" content=\"300\" \/>\n\t<meta property=\"og:image:type\" content=\"image\/png\" \/>\n<meta name=\"author\" content=\"N.S Carideal\" \/>\n<meta name=\"twitter:card\" content=\"summary_large_image\" \/>\n<meta name=\"twitter:creator\" content=\"@caridealauto\" \/>\n<meta name=\"twitter:site\" content=\"@caridealauto\" \/>\n<meta name=\"twitter:label1\" content=\"\u00c9crit par\" \/>\n\t<meta name=\"twitter:data1\" content=\"N.S Carideal\" \/>\n\t<meta name=\"twitter:label2\" content=\"Dur\u00e9e de lecture estim\u00e9e\" \/>\n\t<meta name=\"twitter:data2\" content=\"8 minutes\" \/>\n<script type=\"application\/ld+json\" class=\"yoast-schema-graph\">{\"@context\":\"https:\/\/schema.org\",\"@graph\":[{\"@type\":\"Article\",\"@id\":\"https:\/\/www.carideal.com\/blog\/2013\/02\/17\/cinq-nouveaux-4x4\/#article\",\"isPartOf\":{\"@id\":\"https:\/\/www.carideal.com\/blog\/2013\/02\/17\/cinq-nouveaux-4x4\/\"},\"author\":{\"name\":\"N.S Carideal\",\"@id\":\"https:\/\/www.carideal.com\/blog\/#\/schema\/person\/985c7e757d1042d647f21bfaf8d41ebc\"},\"headline\":\"Cinq Nouveaux 4&#215;4\",\"datePublished\":\"2013-02-17T10:37:00+00:00\",\"dateModified\":\"2016-06-21T06:53:16+00:00\",\"mainEntityOfPage\":{\"@id\":\"https:\/\/www.carideal.com\/blog\/2013\/02\/17\/cinq-nouveaux-4x4\/\"},\"wordCount\":1632,\"commentCount\":0,\"publisher\":{\"@id\":\"https:\/\/www.carideal.com\/blog\/#organization\"},\"articleSection\":[\"4X4 Actualit\u00e9\",\"Actualit\u00e9 Constructeur automobile\",\"Essais automobile\",\"March\u00e9 automobile\",\"SUV\",\"Type de v\u00e9hicule\"],\"inLanguage\":\"fr-FR\",\"potentialAction\":[{\"@type\":\"CommentAction\",\"name\":\"Comment\",\"target\":[\"https:\/\/www.carideal.com\/blog\/2013\/02\/17\/cinq-nouveaux-4x4\/#respond\"]}]},{\"@type\":\"WebPage\",\"@id\":\"https:\/\/www.carideal.com\/blog\/2013\/02\/17\/cinq-nouveaux-4x4\/\",\"url\":\"https:\/\/www.carideal.com\/blog\/2013\/02\/17\/cinq-nouveaux-4x4\/\",\"name\":\"Cinq Nouveaux 4x4 - Blog auto Carid\u00e9al\",\"isPartOf\":{\"@id\":\"https:\/\/www.carideal.com\/blog\/#website\"},\"datePublished\":\"2013-02-17T10:37:00+00:00\",\"dateModified\":\"2016-06-21T06:53:16+00:00\",\"breadcrumb\":{\"@id\":\"https:\/\/www.carideal.com\/blog\/2013\/02\/17\/cinq-nouveaux-4x4\/#breadcrumb\"},\"inLanguage\":\"fr-FR\",\"potentialAction\":[{\"@type\":\"ReadAction\",\"target\":[\"https:\/\/www.carideal.com\/blog\/2013\/02\/17\/cinq-nouveaux-4x4\/\"]}]},{\"@type\":\"BreadcrumbList\",\"@id\":\"https:\/\/www.carideal.com\/blog\/2013\/02\/17\/cinq-nouveaux-4x4\/#breadcrumb\",\"itemListElement\":[{\"@type\":\"ListItem\",\"position\":1,\"name\":\"Blog Carid\u00e9al\",\"item\":\"https:\/\/www.carideal.com\/blog\/\"},{\"@type\":\"ListItem\",\"position\":2,\"name\":\"March\u00e9 automobile\",\"item\":\"https:\/\/www.carideal.com\/blog\/marche-automobile-voiture-neuve-occasion-4x4-suv\/\"},{\"@type\":\"ListItem\",\"position\":3,\"name\":\"Cinq Nouveaux 4&#215;4\"}]},{\"@type\":\"WebSite\",\"@id\":\"https:\/\/www.carideal.com\/blog\/#website\",\"url\":\"https:\/\/www.carideal.com\/blog\/\",\"name\":\"Blog auto Carid\u00e9al\",\"description\":\"Actualit\u00e9 auto par des passionn\u00e9s\",\"publisher\":{\"@id\":\"https:\/\/www.carideal.com\/blog\/#organization\"},\"potentialAction\":[{\"@type\":\"SearchAction\",\"target\":{\"@type\":\"EntryPoint\",\"urlTemplate\":\"https:\/\/www.carideal.com\/blog\/?s={search_term_string}\"},\"query-input\":{\"@type\":\"PropertyValueSpecification\",\"valueRequired\":true,\"valueName\":\"search_term_string\"}}],\"inLanguage\":\"fr-FR\"},{\"@type\":\"Organization\",\"@id\":\"https:\/\/www.carideal.com\/blog\/#organization\",\"name\":\"Carideal\",\"url\":\"https:\/\/www.carideal.com\/blog\/\",\"logo\":{\"@type\":\"ImageObject\",\"inLanguage\":\"fr-FR\",\"@id\":\"https:\/\/www.carideal.com\/blog\/#\/schema\/logo\/image\/\",\"url\":\"http:\/\/www.carideal.com\/blog\/wp-content\/uploads\/2016\/03\/logo-carideal-mandataire-automobile.png\",\"contentUrl\":\"http:\/\/www.carideal.com\/blog\/wp-content\/uploads\/2016\/03\/logo-carideal-mandataire-automobile.png\",\"width\":300,\"height\":300,\"caption\":\"Carideal\"},\"image\":{\"@id\":\"https:\/\/www.carideal.com\/blog\/#\/schema\/logo\/image\/\"},\"sameAs\":[\"https:\/\/www.facebook.com\/Carideal.mandataire.automobile\",\"https:\/\/x.com\/caridealauto\",\"https:\/\/www.instagram.com\/carideal1\/\",\"https:\/\/www.linkedin.com\/company\/carideal.com\",\"https:\/\/fr.pinterest.com\/schiavonsas\/\",\"https:\/\/www.youtube.com\/user\/caridealsas\"]},{\"@type\":\"Person\",\"@id\":\"https:\/\/www.carideal.com\/blog\/#\/schema\/person\/985c7e757d1042d647f21bfaf8d41ebc\",\"name\":\"N.S Carideal\",\"image\":{\"@type\":\"ImageObject\",\"inLanguage\":\"fr-FR\",\"@id\":\"https:\/\/www.carideal.com\/blog\/#\/schema\/person\/image\/\",\"url\":\"https:\/\/secure.gravatar.com\/avatar\/edb7ccdf1a4e3d14aef967760d354d0e?s=96&r=g\",\"contentUrl\":\"https:\/\/secure.gravatar.com\/avatar\/edb7ccdf1a4e3d14aef967760d354d0e?s=96&r=g\",\"caption\":\"N.S Carideal\"},\"description\":\"Depuis tout petit fan d'automobile. Il est question d'essayer et de comparer toutes ces voitures qui nous ont fait r\u00e9ver, avant que celles-ci ne devient uniquement des voitures de collection.\",\"sameAs\":[\"http:\/\/www.carideal.com\/blog\",\"https:\/\/www.facebook.com\/Carideal.mandataire.automobile\/\",\"https:\/\/www.linkedin.com\/in\/nschiavon\/\",\"https:\/\/www.youtube.com\/user\/caridealsas\/\"],\"url\":\"https:\/\/www.carideal.com\/blog\/author\/admin_carideal\/\"}]}<\/script>\n<!-- \/ Yoast SEO plugin. -->","yoast_head_json":{"title":"Cinq Nouveaux 4x4 - Blog auto Carid\u00e9al","robots":{"index":"index","follow":"follow","max-snippet":"max-snippet:-1","max-image-preview":"max-image-preview:large","max-video-preview":"max-video-preview:-1"},"canonical":"https:\/\/www.carideal.com\/blog\/2013\/02\/17\/cinq-nouveaux-4x4\/","og_locale":"fr_FR","og_type":"article","og_title":"Cinq Nouveaux 4x4 - Blog auto Carid\u00e9al","og_description":"Cinq Nouveaux 4x4 Fiat panda 4x4 0.9 TwinAir essence 85 ch \u00e0 partir de 15990 \u20ac La gueule de l'emploi Cette troisi\u00e8me g\u00e9n\u00e9ration ne se limite pas \u00e0 son allure d'aventuri\u00e8re. Sa transmission int\u00e9grale tr\u00e9s efficace lui permet de s'aventurer hors piste, m\u00eame en version TwinAir. Alors que nombre de crossovers urbains se contentent de ... Lire plus","og_url":"https:\/\/www.carideal.com\/blog\/2013\/02\/17\/cinq-nouveaux-4x4\/","og_site_name":"Blog auto Carid\u00e9al","article_publisher":"https:\/\/www.facebook.com\/Carideal.mandataire.automobile","article_author":"https:\/\/www.facebook.com\/Carideal.mandataire.automobile\/","article_published_time":"2013-02-17T10:37:00+00:00","article_modified_time":"2016-06-21T06:53:16+00:00","og_image":[{"width":300,"height":300,"url":"https:\/\/www.carideal.com\/blog\/wp-content\/uploads\/2016\/03\/logo-carideal-mandataire-automobile.png","type":"image\/png"}],"author":"N.S Carideal","twitter_card":"summary_large_image","twitter_creator":"@caridealauto","twitter_site":"@caridealauto","twitter_misc":{"\u00c9crit par":"N.S Carideal","Dur\u00e9e de lecture estim\u00e9e":"8 minutes"},"schema":{"@context":"https:\/\/schema.org","@graph":[{"@type":"Article","@id":"https:\/\/www.carideal.com\/blog\/2013\/02\/17\/cinq-nouveaux-4x4\/#article","isPartOf":{"@id":"https:\/\/www.carideal.com\/blog\/2013\/02\/17\/cinq-nouveaux-4x4\/"},"author":{"name":"N.S Carideal","@id":"https:\/\/www.carideal.com\/blog\/#\/schema\/person\/985c7e757d1042d647f21bfaf8d41ebc"},"headline":"Cinq Nouveaux 4&#215;4","datePublished":"2013-02-17T10:37:00+00:00","dateModified":"2016-06-21T06:53:16+00:00","mainEntityOfPage":{"@id":"https:\/\/www.carideal.com\/blog\/2013\/02\/17\/cinq-nouveaux-4x4\/"},"wordCount":1632,"commentCount":0,"publisher":{"@id":"https:\/\/www.carideal.com\/blog\/#organization"},"articleSection":["4X4 Actualit\u00e9","Actualit\u00e9 Constructeur automobile","Essais automobile","March\u00e9 automobile","SUV","Type de v\u00e9hicule"],"inLanguage":"fr-FR","potentialAction":[{"@type":"CommentAction","name":"Comment","target":["https:\/\/www.carideal.com\/blog\/2013\/02\/17\/cinq-nouveaux-4x4\/#respond"]}]},{"@type":"WebPage","@id":"https:\/\/www.carideal.com\/blog\/2013\/02\/17\/cinq-nouveaux-4x4\/","url":"https:\/\/www.carideal.com\/blog\/2013\/02\/17\/cinq-nouveaux-4x4\/","name":"Cinq Nouveaux 4x4 - Blog auto Carid\u00e9al","isPartOf":{"@id":"https:\/\/www.carideal.com\/blog\/#website"},"datePublished":"2013-02-17T10:37:00+00:00","dateModified":"2016-06-21T06:53:16+00:00","breadcrumb":{"@id":"https:\/\/www.carideal.com\/blog\/2013\/02\/17\/cinq-nouveaux-4x4\/#breadcrumb"},"inLanguage":"fr-FR","potentialAction":[{"@type":"ReadAction","target":["https:\/\/www.carideal.com\/blog\/2013\/02\/17\/cinq-nouveaux-4x4\/"]}]},{"@type":"BreadcrumbList","@id":"https:\/\/www.carideal.com\/blog\/2013\/02\/17\/cinq-nouveaux-4x4\/#breadcrumb","itemListElement":[{"@type":"ListItem","position":1,"name":"Blog Carid\u00e9al","item":"https:\/\/www.carideal.com\/blog\/"},{"@type":"ListItem","position":2,"name":"March\u00e9 automobile","item":"https:\/\/www.carideal.com\/blog\/marche-automobile-voiture-neuve-occasion-4x4-suv\/"},{"@type":"ListItem","position":3,"name":"Cinq Nouveaux 4&#215;4"}]},{"@type":"WebSite","@id":"https:\/\/www.carideal.com\/blog\/#website","url":"https:\/\/www.carideal.com\/blog\/","name":"Blog auto Carid\u00e9al","description":"Actualit\u00e9 auto par des passionn\u00e9s","publisher":{"@id":"https:\/\/www.carideal.com\/blog\/#organization"},"potentialAction":[{"@type":"SearchAction","target":{"@type":"EntryPoint","urlTemplate":"https:\/\/www.carideal.com\/blog\/?s={search_term_string}"},"query-input":{"@type":"PropertyValueSpecification","valueRequired":true,"valueName":"search_term_string"}}],"inLanguage":"fr-FR"},{"@type":"Organization","@id":"https:\/\/www.carideal.com\/blog\/#organization","name":"Carideal","url":"https:\/\/www.carideal.com\/blog\/","logo":{"@type":"ImageObject","inLanguage":"fr-FR","@id":"https:\/\/www.carideal.com\/blog\/#\/schema\/logo\/image\/","url":"http:\/\/www.carideal.com\/blog\/wp-content\/uploads\/2016\/03\/logo-carideal-mandataire-automobile.png","contentUrl":"http:\/\/www.carideal.com\/blog\/wp-content\/uploads\/2016\/03\/logo-carideal-mandataire-automobile.png","width":300,"height":300,"caption":"Carideal"},"image":{"@id":"https:\/\/www.carideal.com\/blog\/#\/schema\/logo\/image\/"},"sameAs":["https:\/\/www.facebook.com\/Carideal.mandataire.automobile","https:\/\/x.com\/caridealauto","https:\/\/www.instagram.com\/carideal1\/","https:\/\/www.linkedin.com\/company\/carideal.com","https:\/\/fr.pinterest.com\/schiavonsas\/","https:\/\/www.youtube.com\/user\/caridealsas"]},{"@type":"Person","@id":"https:\/\/www.carideal.com\/blog\/#\/schema\/person\/985c7e757d1042d647f21bfaf8d41ebc","name":"N.S Carideal","image":{"@type":"ImageObject","inLanguage":"fr-FR","@id":"https:\/\/www.carideal.com\/blog\/#\/schema\/person\/image\/","url":"https:\/\/secure.gravatar.com\/avatar\/edb7ccdf1a4e3d14aef967760d354d0e?s=96&r=g","contentUrl":"https:\/\/secure.gravatar.com\/avatar\/edb7ccdf1a4e3d14aef967760d354d0e?s=96&r=g","caption":"N.S Carideal"},"description":"Depuis tout petit fan d'automobile. Il est question d'essayer et de comparer toutes ces voitures qui nous ont fait r\u00e9ver, avant que celles-ci ne devient uniquement des voitures de collection.","sameAs":["http:\/\/www.carideal.com\/blog","https:\/\/www.facebook.com\/Carideal.mandataire.automobile\/","https:\/\/www.linkedin.com\/in\/nschiavon\/","https:\/\/www.youtube.com\/user\/caridealsas\/"],"url":"https:\/\/www.carideal.com\/blog\/author\/admin_carideal\/"}]}},"uagb_featured_image_src":{"full":false,"thumbnail":false,"medium":false,"medium_large":false,"large":false,"1536x1536":false,"2048x2048":false,"wppr-widget":false},"uagb_author_info":{"display_name":"N.S Carideal","author_link":"https:\/\/www.carideal.com\/blog\/author\/admin_carideal\/"},"uagb_comment_info":0,"uagb_excerpt":"Cinq Nouveaux 4x4 Fiat panda 4x4 0.9 TwinAir essence 85 ch \u00e0 partir de 15990 \u20ac La gueule de l'emploi Cette troisi\u00e8me g\u00e9n\u00e9ration ne se limite pas \u00e0 son allure d'aventuri\u00e8re. Sa transmission int\u00e9grale tr\u00e9s efficace lui permet de s'aventurer hors piste, m\u00eame en version TwinAir. Alors que nombre de crossovers urbains se contentent de\u2026","_links":{"self":[{"href":"https:\/\/www.carideal.com\/blog\/wp-json\/wp\/v2\/posts\/1304"}],"collection":[{"href":"https:\/\/www.carideal.com\/blog\/wp-json\/wp\/v2\/posts"}],"about":[{"href":"https:\/\/www.carideal.com\/blog\/wp-json\/wp\/v2\/types\/post"}],"author":[{"embeddable":true,"href":"https:\/\/www.carideal.com\/blog\/wp-json\/wp\/v2\/users\/1"}],"replies":[{"embeddable":true,"href":"https:\/\/www.carideal.com\/blog\/wp-json\/wp\/v2\/comments?post=1304"}],"version-history":[{"count":0,"href":"https:\/\/www.carideal.com\/blog\/wp-json\/wp\/v2\/posts\/1304\/revisions"}],"wp:attachment":[{"href":"https:\/\/www.carideal.com\/blog\/wp-json\/wp\/v2\/media?parent=1304"}],"wp:term":[{"taxonomy":"category","embeddable":true,"href":"https:\/\/www.carideal.com\/blog\/wp-json\/wp\/v2\/categories?post=1304"},{"taxonomy":"post_tag","embeddable":true,"href":"https:\/\/www.carideal.com\/blog\/wp-json\/wp\/v2\/tags?post=1304"}],"curies":[{"name":"wp","href":"https:\/\/api.w.org\/{rel}","templated":true}]}}