{"id":1299,"date":"2013-02-01T14:32:00","date_gmt":"2013-02-01T14:32:00","guid":{"rendered":"http:\/\/carideal.com\/blog\/?p=1299"},"modified":"2020-03-07T16:39:54","modified_gmt":"2020-03-07T15:39:54","slug":"un-moteur-adapte","status":"publish","type":"post","link":"https:\/\/www.carideal.com\/blog\/2013\/02\/01\/un-moteur-adapte\/","title":{"rendered":"Honda Civic Diesel 120 ch"},"content":{"rendered":"<p><img decoding=\"async\" title=\"honda-civic-1.6-i-dtec.jpg, f\u00e9v. 2013\" src=\"\/blog\/public\/.honda-civic-1.6-i-dtec_m.jpg\" alt=\"honda-civic-1.6-i-dtec.jpg\" \/><\/p>\n<h1><strong>Honda Civic Diesel 120 ch<\/strong><\/h1>\n<h2>Honda Civic 1.6 i-DTEC\u00a0Diesel 120 ch un moteur adapt\u00e9<\/h2>\n<p><span style=\"text-decoration: underline;\">Honda<\/span> est un motoriste hors pair, maintes fois sacr\u00e9 sur les circuits ( F1, moto ). Mais le poids de l'Asie et des Etat-Unis dans ses ventes mondiales ne l'a jamais incit\u00e9 \u00e0 inscrire le diesel au rang de ses priorit\u00e9s. Apparu en 2003, le 2.2 i-DTEC de 150 ch ne correspond pas au coeur de cible d'une compacte. La <strong>Civic<\/strong> d\u00e9butait ainsi en diesel \u00e0 23 500 \u20ac\u00a0: trop cher, et pas de bonus.<br \/>\nIl suffisait de patienter\u00a0: elle a enfin re\u00e7u le deuxi\u00e8me diesel de l'histoire de Honda, un 1.6 de 120 ch factur\u00e9 22300 \u20ac dans une finition Elegance tr\u00e8s bien dot\u00e9e ( climatisation automatique, feux de jours \u00e0 diodes, jantes en alliage...) C'est d\u00e9j\u00e0 mieux. D'autant que l'attente n'a pas \u00e9t\u00e9 vaine\u00a0: il est vif, plein \u00e0 tous r\u00e9gimes, et d'une sobri\u00e9t\u00e9 in\u00e9gal\u00e9e \u00e0 ce niveau de puissance\u00a0: 3,6 l aux 100 km, pour 94 g\/km de CO2. S'il n'avait tant grond\u00e9 \u00e0 l'acc\u00e9l\u00e9ration, c'eut \u00e9t\u00e9 un sans-faute. Dans le m\u00eame temps on nous a pr\u00e9sent\u00e9 une <span style=\"text-decoration: underline;\"><a href=\"http:\/\/www.carideal.com\/blog\/2013\/01\/17\/nouvelle-hybride-pour-honda\/\">nouvelle hybride pour Honda<\/a><\/span>.<\/p>\n<h2>Que du bon ce moteur diesel de 120 ch sur la Civic ?<\/h2>\n<p>Ce 1.6 i-DTCE sied bien au caract\u00e8re dynamique de la Civic, qui n'oublie toutefois pas les valeurs familiales. Elle est confortable, offre le plus vaste coffre de la cat\u00e9gorie\u00a0: 401 litres, avec un double fond qui accepte une valise suppl\u00e9mentaire. L'aire de chargement reste plane en configuration deux places, et les assises de la banquette se rel\u00e8vent contre les dossiers arri\u00e8re\u00a0: bienvenue aux objets hauts, voire des v\u00e9los\u00a0! Rien que du bonheur, alors\u00a0? Pas tout \u00e0 fait. Car sa lunette arri\u00e8re en deux partie et sa planche de bord vainement futuriste n\u00e9gligent cette v\u00e9rit\u00e9 \u00e9l\u00e9mentaire\u00a0: la vraie intelligence, c'est la simplicit\u00e9. Mais son nouveau diesel de 120 ch hisse la Civic parmi les meilleures offres du march\u00e9 des compactes.<\/p>\n<p>&nbsp;<\/p>\n","protected":false},"excerpt":{"rendered":"<p>Honda Civic Diesel 120 ch Honda Civic 1.6 i-DTEC\u00a0Diesel 120 ch un moteur adapt\u00e9 Honda est un motoriste hors pair, maintes fois sacr\u00e9 sur les circuits ( F1, moto ). Mais le poids de l&rsquo;Asie et des Etat-Unis dans ses ventes mondiales ne l&rsquo;a jamais incit\u00e9 \u00e0 inscrire le diesel au rang de ses priorit\u00e9s. &#8230; <a title=\"Honda Civic Diesel 120 ch\" class=\"read-more\" href=\"https:\/\/www.carideal.com\/blog\/2013\/02\/01\/un-moteur-adapte\/\" aria-label=\"En savoir plus sur Honda Civic Diesel 120 ch\">Lire plus<\/a><\/p>\n","protected":false},"author":1,"featured_media":0,"comment_status":"open","ping_status":"open","sticky":false,"template":"","format":"standard","meta":{"_uag_custom_page_level_css":"","_themeisle_gutenberg_block_has_review":false,"footnotes":""},"categories":[21,5944,5966,6012,10,5974],"tags":[],"class_list":["post-1299","post","type-post","status-publish","format-standard","hentry","category-actualites-auto","category-constructeur","category-honda","category-berlines","category-marche-automobile-voiture-neuve-occasion-4x4-suv","category-type-de-vehicule"],"wppr_data":[],"yoast_head":"<!-- This site is optimized with the Yoast SEO plugin v24.8.1 - https:\/\/yoast.com\/wordpress\/plugins\/seo\/ -->\n<title>Honda Civic Diesel 120 ch - Blog auto Carid\u00e9al<\/title>\n<meta name=\"robots\" content=\"index, follow, max-snippet:-1, max-image-preview:large, max-video-preview:-1\" \/>\n<link rel=\"canonical\" href=\"https:\/\/www.carideal.com\/blog\/2013\/02\/01\/un-moteur-adapte\/\" \/>\n<meta property=\"og:locale\" content=\"fr_FR\" \/>\n<meta property=\"og:type\" content=\"article\" \/>\n<meta property=\"og:title\" content=\"Honda Civic Diesel 120 ch - Blog auto Carid\u00e9al\" \/>\n<meta property=\"og:description\" content=\"Honda Civic Diesel 120 ch Honda Civic 1.6 i-DTEC\u00a0Diesel 120 ch un moteur adapt\u00e9 Honda est un motoriste hors pair, maintes fois sacr\u00e9 sur les circuits ( F1, moto ). Mais le poids de l&#039;Asie et des Etat-Unis dans ses ventes mondiales ne l&#039;a jamais incit\u00e9 \u00e0 inscrire le diesel au rang de ses priorit\u00e9s. ... Lire plus\" \/>\n<meta property=\"og:url\" content=\"https:\/\/www.carideal.com\/blog\/2013\/02\/01\/un-moteur-adapte\/\" \/>\n<meta property=\"og:site_name\" content=\"Blog auto Carid\u00e9al\" \/>\n<meta property=\"article:publisher\" content=\"https:\/\/www.facebook.com\/Carideal.mandataire.automobile\" \/>\n<meta property=\"article:author\" content=\"https:\/\/www.facebook.com\/Carideal.mandataire.automobile\/\" \/>\n<meta property=\"article:published_time\" content=\"2013-02-01T14:32:00+00:00\" \/>\n<meta property=\"article:modified_time\" content=\"2020-03-07T15:39:54+00:00\" \/>\n<meta property=\"og:image\" content=\"https:\/\/www.carideal.com\/blog\/wp-content\/uploads\/2016\/03\/logo-carideal-mandataire-automobile.png\" \/>\n\t<meta property=\"og:image:width\" content=\"300\" \/>\n\t<meta property=\"og:image:height\" content=\"300\" \/>\n\t<meta property=\"og:image:type\" content=\"image\/png\" \/>\n<meta name=\"author\" content=\"N.S Carideal\" \/>\n<meta name=\"twitter:card\" content=\"summary_large_image\" \/>\n<meta name=\"twitter:creator\" content=\"@caridealauto\" \/>\n<meta name=\"twitter:site\" content=\"@caridealauto\" \/>\n<meta name=\"twitter:label1\" content=\"\u00c9crit par\" \/>\n\t<meta name=\"twitter:data1\" content=\"N.S Carideal\" \/>\n\t<meta name=\"twitter:label2\" content=\"Dur\u00e9e de lecture estim\u00e9e\" \/>\n\t<meta name=\"twitter:data2\" content=\"2 minutes\" \/>\n<script type=\"application\/ld+json\" class=\"yoast-schema-graph\">{\"@context\":\"https:\/\/schema.org\",\"@graph\":[{\"@type\":\"Article\",\"@id\":\"https:\/\/www.carideal.com\/blog\/2013\/02\/01\/un-moteur-adapte\/#article\",\"isPartOf\":{\"@id\":\"https:\/\/www.carideal.com\/blog\/2013\/02\/01\/un-moteur-adapte\/\"},\"author\":{\"name\":\"N.S Carideal\",\"@id\":\"https:\/\/www.carideal.com\/blog\/#\/schema\/person\/985c7e757d1042d647f21bfaf8d41ebc\"},\"headline\":\"Honda Civic Diesel 120 ch\",\"datePublished\":\"2013-02-01T14:32:00+00:00\",\"dateModified\":\"2020-03-07T15:39:54+00:00\",\"mainEntityOfPage\":{\"@id\":\"https:\/\/www.carideal.com\/blog\/2013\/02\/01\/un-moteur-adapte\/\"},\"wordCount\":322,\"commentCount\":0,\"publisher\":{\"@id\":\"https:\/\/www.carideal.com\/blog\/#organization\"},\"articleSection\":[\"Actualit\u00e9 automobile\",\"Actualit\u00e9 Constructeur automobile\",\"Actualit\u00e9 Honda\",\"Berlines\",\"March\u00e9 automobile\",\"Type de v\u00e9hicule\"],\"inLanguage\":\"fr-FR\",\"potentialAction\":[{\"@type\":\"CommentAction\",\"name\":\"Comment\",\"target\":[\"https:\/\/www.carideal.com\/blog\/2013\/02\/01\/un-moteur-adapte\/#respond\"]}]},{\"@type\":\"WebPage\",\"@id\":\"https:\/\/www.carideal.com\/blog\/2013\/02\/01\/un-moteur-adapte\/\",\"url\":\"https:\/\/www.carideal.com\/blog\/2013\/02\/01\/un-moteur-adapte\/\",\"name\":\"Honda Civic Diesel 120 ch - Blog auto Carid\u00e9al\",\"isPartOf\":{\"@id\":\"https:\/\/www.carideal.com\/blog\/#website\"},\"datePublished\":\"2013-02-01T14:32:00+00:00\",\"dateModified\":\"2020-03-07T15:39:54+00:00\",\"breadcrumb\":{\"@id\":\"https:\/\/www.carideal.com\/blog\/2013\/02\/01\/un-moteur-adapte\/#breadcrumb\"},\"inLanguage\":\"fr-FR\",\"potentialAction\":[{\"@type\":\"ReadAction\",\"target\":[\"https:\/\/www.carideal.com\/blog\/2013\/02\/01\/un-moteur-adapte\/\"]}]},{\"@type\":\"BreadcrumbList\",\"@id\":\"https:\/\/www.carideal.com\/blog\/2013\/02\/01\/un-moteur-adapte\/#breadcrumb\",\"itemListElement\":[{\"@type\":\"ListItem\",\"position\":1,\"name\":\"Blog Carid\u00e9al\",\"item\":\"https:\/\/www.carideal.com\/blog\/\"},{\"@type\":\"ListItem\",\"position\":2,\"name\":\"March\u00e9 automobile\",\"item\":\"https:\/\/www.carideal.com\/blog\/marche-automobile-voiture-neuve-occasion-4x4-suv\/\"},{\"@type\":\"ListItem\",\"position\":3,\"name\":\"Honda Civic Diesel 120 ch\"}]},{\"@type\":\"WebSite\",\"@id\":\"https:\/\/www.carideal.com\/blog\/#website\",\"url\":\"https:\/\/www.carideal.com\/blog\/\",\"name\":\"Blog auto Carid\u00e9al\",\"description\":\"Actualit\u00e9 auto par des passionn\u00e9s\",\"publisher\":{\"@id\":\"https:\/\/www.carideal.com\/blog\/#organization\"},\"potentialAction\":[{\"@type\":\"SearchAction\",\"target\":{\"@type\":\"EntryPoint\",\"urlTemplate\":\"https:\/\/www.carideal.com\/blog\/?s={search_term_string}\"},\"query-input\":{\"@type\":\"PropertyValueSpecification\",\"valueRequired\":true,\"valueName\":\"search_term_string\"}}],\"inLanguage\":\"fr-FR\"},{\"@type\":\"Organization\",\"@id\":\"https:\/\/www.carideal.com\/blog\/#organization\",\"name\":\"Carideal\",\"url\":\"https:\/\/www.carideal.com\/blog\/\",\"logo\":{\"@type\":\"ImageObject\",\"inLanguage\":\"fr-FR\",\"@id\":\"https:\/\/www.carideal.com\/blog\/#\/schema\/logo\/image\/\",\"url\":\"http:\/\/www.carideal.com\/blog\/wp-content\/uploads\/2016\/03\/logo-carideal-mandataire-automobile.png\",\"contentUrl\":\"http:\/\/www.carideal.com\/blog\/wp-content\/uploads\/2016\/03\/logo-carideal-mandataire-automobile.png\",\"width\":300,\"height\":300,\"caption\":\"Carideal\"},\"image\":{\"@id\":\"https:\/\/www.carideal.com\/blog\/#\/schema\/logo\/image\/\"},\"sameAs\":[\"https:\/\/www.facebook.com\/Carideal.mandataire.automobile\",\"https:\/\/x.com\/caridealauto\",\"https:\/\/www.instagram.com\/carideal1\/\",\"https:\/\/www.linkedin.com\/company\/carideal.com\",\"https:\/\/fr.pinterest.com\/schiavonsas\/\",\"https:\/\/www.youtube.com\/user\/caridealsas\"]},{\"@type\":\"Person\",\"@id\":\"https:\/\/www.carideal.com\/blog\/#\/schema\/person\/985c7e757d1042d647f21bfaf8d41ebc\",\"name\":\"N.S Carideal\",\"image\":{\"@type\":\"ImageObject\",\"inLanguage\":\"fr-FR\",\"@id\":\"https:\/\/www.carideal.com\/blog\/#\/schema\/person\/image\/\",\"url\":\"https:\/\/secure.gravatar.com\/avatar\/edb7ccdf1a4e3d14aef967760d354d0e?s=96&r=g\",\"contentUrl\":\"https:\/\/secure.gravatar.com\/avatar\/edb7ccdf1a4e3d14aef967760d354d0e?s=96&r=g\",\"caption\":\"N.S Carideal\"},\"description\":\"Depuis tout petit fan d'automobile. Il est question d'essayer et de comparer toutes ces voitures qui nous ont fait r\u00e9ver, avant que celles-ci ne devient uniquement des voitures de collection.\",\"sameAs\":[\"http:\/\/www.carideal.com\/blog\",\"https:\/\/www.facebook.com\/Carideal.mandataire.automobile\/\",\"https:\/\/www.linkedin.com\/in\/nschiavon\/\",\"https:\/\/www.youtube.com\/user\/caridealsas\/\"],\"url\":\"https:\/\/www.carideal.com\/blog\/author\/admin_carideal\/\"}]}<\/script>\n<!-- \/ Yoast SEO plugin. -->","yoast_head_json":{"title":"Honda Civic Diesel 120 ch - Blog auto Carid\u00e9al","robots":{"index":"index","follow":"follow","max-snippet":"max-snippet:-1","max-image-preview":"max-image-preview:large","max-video-preview":"max-video-preview:-1"},"canonical":"https:\/\/www.carideal.com\/blog\/2013\/02\/01\/un-moteur-adapte\/","og_locale":"fr_FR","og_type":"article","og_title":"Honda Civic Diesel 120 ch - Blog auto Carid\u00e9al","og_description":"Honda Civic Diesel 120 ch Honda Civic 1.6 i-DTEC\u00a0Diesel 120 ch un moteur adapt\u00e9 Honda est un motoriste hors pair, maintes fois sacr\u00e9 sur les circuits ( F1, moto ). Mais le poids de l'Asie et des Etat-Unis dans ses ventes mondiales ne l'a jamais incit\u00e9 \u00e0 inscrire le diesel au rang de ses priorit\u00e9s. ... Lire plus","og_url":"https:\/\/www.carideal.com\/blog\/2013\/02\/01\/un-moteur-adapte\/","og_site_name":"Blog auto Carid\u00e9al","article_publisher":"https:\/\/www.facebook.com\/Carideal.mandataire.automobile","article_author":"https:\/\/www.facebook.com\/Carideal.mandataire.automobile\/","article_published_time":"2013-02-01T14:32:00+00:00","article_modified_time":"2020-03-07T15:39:54+00:00","og_image":[{"width":300,"height":300,"url":"https:\/\/www.carideal.com\/blog\/wp-content\/uploads\/2016\/03\/logo-carideal-mandataire-automobile.png","type":"image\/png"}],"author":"N.S Carideal","twitter_card":"summary_large_image","twitter_creator":"@caridealauto","twitter_site":"@caridealauto","twitter_misc":{"\u00c9crit par":"N.S Carideal","Dur\u00e9e de lecture estim\u00e9e":"2 minutes"},"schema":{"@context":"https:\/\/schema.org","@graph":[{"@type":"Article","@id":"https:\/\/www.carideal.com\/blog\/2013\/02\/01\/un-moteur-adapte\/#article","isPartOf":{"@id":"https:\/\/www.carideal.com\/blog\/2013\/02\/01\/un-moteur-adapte\/"},"author":{"name":"N.S Carideal","@id":"https:\/\/www.carideal.com\/blog\/#\/schema\/person\/985c7e757d1042d647f21bfaf8d41ebc"},"headline":"Honda Civic Diesel 120 ch","datePublished":"2013-02-01T14:32:00+00:00","dateModified":"2020-03-07T15:39:54+00:00","mainEntityOfPage":{"@id":"https:\/\/www.carideal.com\/blog\/2013\/02\/01\/un-moteur-adapte\/"},"wordCount":322,"commentCount":0,"publisher":{"@id":"https:\/\/www.carideal.com\/blog\/#organization"},"articleSection":["Actualit\u00e9 automobile","Actualit\u00e9 Constructeur automobile","Actualit\u00e9 Honda","Berlines","March\u00e9 automobile","Type de v\u00e9hicule"],"inLanguage":"fr-FR","potentialAction":[{"@type":"CommentAction","name":"Comment","target":["https:\/\/www.carideal.com\/blog\/2013\/02\/01\/un-moteur-adapte\/#respond"]}]},{"@type":"WebPage","@id":"https:\/\/www.carideal.com\/blog\/2013\/02\/01\/un-moteur-adapte\/","url":"https:\/\/www.carideal.com\/blog\/2013\/02\/01\/un-moteur-adapte\/","name":"Honda Civic Diesel 120 ch - Blog auto Carid\u00e9al","isPartOf":{"@id":"https:\/\/www.carideal.com\/blog\/#website"},"datePublished":"2013-02-01T14:32:00+00:00","dateModified":"2020-03-07T15:39:54+00:00","breadcrumb":{"@id":"https:\/\/www.carideal.com\/blog\/2013\/02\/01\/un-moteur-adapte\/#breadcrumb"},"inLanguage":"fr-FR","potentialAction":[{"@type":"ReadAction","target":["https:\/\/www.carideal.com\/blog\/2013\/02\/01\/un-moteur-adapte\/"]}]},{"@type":"BreadcrumbList","@id":"https:\/\/www.carideal.com\/blog\/2013\/02\/01\/un-moteur-adapte\/#breadcrumb","itemListElement":[{"@type":"ListItem","position":1,"name":"Blog Carid\u00e9al","item":"https:\/\/www.carideal.com\/blog\/"},{"@type":"ListItem","position":2,"name":"March\u00e9 automobile","item":"https:\/\/www.carideal.com\/blog\/marche-automobile-voiture-neuve-occasion-4x4-suv\/"},{"@type":"ListItem","position":3,"name":"Honda Civic Diesel 120 ch"}]},{"@type":"WebSite","@id":"https:\/\/www.carideal.com\/blog\/#website","url":"https:\/\/www.carideal.com\/blog\/","name":"Blog auto Carid\u00e9al","description":"Actualit\u00e9 auto par des passionn\u00e9s","publisher":{"@id":"https:\/\/www.carideal.com\/blog\/#organization"},"potentialAction":[{"@type":"SearchAction","target":{"@type":"EntryPoint","urlTemplate":"https:\/\/www.carideal.com\/blog\/?s={search_term_string}"},"query-input":{"@type":"PropertyValueSpecification","valueRequired":true,"valueName":"search_term_string"}}],"inLanguage":"fr-FR"},{"@type":"Organization","@id":"https:\/\/www.carideal.com\/blog\/#organization","name":"Carideal","url":"https:\/\/www.carideal.com\/blog\/","logo":{"@type":"ImageObject","inLanguage":"fr-FR","@id":"https:\/\/www.carideal.com\/blog\/#\/schema\/logo\/image\/","url":"http:\/\/www.carideal.com\/blog\/wp-content\/uploads\/2016\/03\/logo-carideal-mandataire-automobile.png","contentUrl":"http:\/\/www.carideal.com\/blog\/wp-content\/uploads\/2016\/03\/logo-carideal-mandataire-automobile.png","width":300,"height":300,"caption":"Carideal"},"image":{"@id":"https:\/\/www.carideal.com\/blog\/#\/schema\/logo\/image\/"},"sameAs":["https:\/\/www.facebook.com\/Carideal.mandataire.automobile","https:\/\/x.com\/caridealauto","https:\/\/www.instagram.com\/carideal1\/","https:\/\/www.linkedin.com\/company\/carideal.com","https:\/\/fr.pinterest.com\/schiavonsas\/","https:\/\/www.youtube.com\/user\/caridealsas"]},{"@type":"Person","@id":"https:\/\/www.carideal.com\/blog\/#\/schema\/person\/985c7e757d1042d647f21bfaf8d41ebc","name":"N.S Carideal","image":{"@type":"ImageObject","inLanguage":"fr-FR","@id":"https:\/\/www.carideal.com\/blog\/#\/schema\/person\/image\/","url":"https:\/\/secure.gravatar.com\/avatar\/edb7ccdf1a4e3d14aef967760d354d0e?s=96&r=g","contentUrl":"https:\/\/secure.gravatar.com\/avatar\/edb7ccdf1a4e3d14aef967760d354d0e?s=96&r=g","caption":"N.S Carideal"},"description":"Depuis tout petit fan d'automobile. Il est question d'essayer et de comparer toutes ces voitures qui nous ont fait r\u00e9ver, avant que celles-ci ne devient uniquement des voitures de collection.","sameAs":["http:\/\/www.carideal.com\/blog","https:\/\/www.facebook.com\/Carideal.mandataire.automobile\/","https:\/\/www.linkedin.com\/in\/nschiavon\/","https:\/\/www.youtube.com\/user\/caridealsas\/"],"url":"https:\/\/www.carideal.com\/blog\/author\/admin_carideal\/"}]}},"uagb_featured_image_src":{"full":false,"thumbnail":false,"medium":false,"medium_large":false,"large":false,"1536x1536":false,"2048x2048":false,"wppr-widget":false},"uagb_author_info":{"display_name":"N.S Carideal","author_link":"https:\/\/www.carideal.com\/blog\/author\/admin_carideal\/"},"uagb_comment_info":0,"uagb_excerpt":"Honda Civic Diesel 120 ch Honda Civic 1.6 i-DTEC\u00a0Diesel 120 ch un moteur adapt\u00e9 Honda est un motoriste hors pair, maintes fois sacr\u00e9 sur les circuits ( F1, moto ). Mais le poids de l'Asie et des Etat-Unis dans ses ventes mondiales ne l'a jamais incit\u00e9 \u00e0 inscrire le diesel au rang de ses priorit\u00e9s.\u2026","_links":{"self":[{"href":"https:\/\/www.carideal.com\/blog\/wp-json\/wp\/v2\/posts\/1299"}],"collection":[{"href":"https:\/\/www.carideal.com\/blog\/wp-json\/wp\/v2\/posts"}],"about":[{"href":"https:\/\/www.carideal.com\/blog\/wp-json\/wp\/v2\/types\/post"}],"author":[{"embeddable":true,"href":"https:\/\/www.carideal.com\/blog\/wp-json\/wp\/v2\/users\/1"}],"replies":[{"embeddable":true,"href":"https:\/\/www.carideal.com\/blog\/wp-json\/wp\/v2\/comments?post=1299"}],"version-history":[{"count":0,"href":"https:\/\/www.carideal.com\/blog\/wp-json\/wp\/v2\/posts\/1299\/revisions"}],"wp:attachment":[{"href":"https:\/\/www.carideal.com\/blog\/wp-json\/wp\/v2\/media?parent=1299"}],"wp:term":[{"taxonomy":"category","embeddable":true,"href":"https:\/\/www.carideal.com\/blog\/wp-json\/wp\/v2\/categories?post=1299"},{"taxonomy":"post_tag","embeddable":true,"href":"https:\/\/www.carideal.com\/blog\/wp-json\/wp\/v2\/tags?post=1299"}],"curies":[{"name":"wp","href":"https:\/\/api.w.org\/{rel}","templated":true}]}}