{"id":1296,"date":"2013-01-31T16:48:00","date_gmt":"2013-01-31T16:48:00","guid":{"rendered":"http:\/\/carideal.com\/blog\/?p=1296"},"modified":"2020-02-26T13:21:12","modified_gmt":"2020-02-26T12:21:12","slug":"mazda-poursuit-sa-route","status":"publish","type":"post","link":"https:\/\/www.carideal.com\/blog\/2013\/01\/31\/mazda-poursuit-sa-route\/","title":{"rendered":"Le Mazda MX 5 poursuit sa route"},"content":{"rendered":"<h2>Le Mazda MX 5 sera renouvel\u00e9 en 2014<\/h2>\n<p>Le roadster <strong>Mazda MX 5<\/strong> n'a jamais \u00e9t\u00e9 d\u00e9menti au long des trois g\u00e9n\u00e9rations du mod\u00e8le. Cette quatri\u00e8me mouture, qui porte le nom de code MD, adoptera la nouvelle identit\u00e9 stylistique Mazda.<\/p>\n<figure id=\"attachment_19247\" aria-describedby=\"caption-attachment-19247\" style=\"width: 390px\" class=\"wp-caption aligncenter\"><img loading=\"lazy\" decoding=\"async\" class=\"size-full wp-image-19247\" src=\"http:\/\/www.carideal.com\/blog\/wp-content\/uploads\/2013\/01\/mazda-mx-5.jpg\" alt=\"Mazda MX-5 poursuit sa route\" width=\"400\" height=\"225\" srcset=\"https:\/\/www.carideal.com\/blog\/wp-content\/uploads\/2013\/01\/mazda-mx-5.jpg 400w, https:\/\/www.carideal.com\/blog\/wp-content\/uploads\/2013\/01\/mazda-mx-5-300x169.jpg 300w, https:\/\/www.carideal.com\/blog\/wp-content\/uploads\/2013\/01\/mazda-mx-5-50x28.jpg 50w, https:\/\/www.carideal.com\/blog\/wp-content\/uploads\/2013\/01\/mazda-mx-5-110x62.jpg 110w\" sizes=\"(max-width: 400px) 100vw, 400px\" \/><figcaption id=\"caption-attachment-19247\" class=\"wp-caption-text\">Mazda MX-5 poursuit sa route<\/figcaption><\/figure>\n<h3>Commercialisation fin 2014<\/h3>\n<p>-2 moteurs \u00e0 essence de 130 et 165 ch<br \/>\n-A partir de 24 000 \u20ac<\/p>\n<p>D\u00e9nomm\u00e9e Kodo Soul, traduisez \"\u00e2me en mouvement\", elle a \u00e9t\u00e9 \u00e9trenn\u00e9e par le v\u00e9hicule de loisirs <a href=\"http:\/\/www.carideal.com\/blog\/2013\/01\/14\/derniere-technologie\/\">CX-5<\/a> puis, tout r\u00e9cemment, appliqu\u00e9e \u00e0 la familiale <a href=\"http:\/\/www.carideal.com\/blog\/2012\/09\/28\/mazda-6\/\">Mazda 6<\/a>. Le style de la robe est tr\u00e8s dynamique, m\u00eame si pour certains le roadster nippon se serait embourgeois\u00e9. Qu'ils se rassurent\u00a0: globalement, la recette reste inchang\u00e9e.<\/p>\n<ul>\n<li>Retrouvez toute la <a href=\"http:\/\/www.carideal.com\/blog\/2013\/03\/28\/mazda-invulnerable\/\">gamme Mazda 2013<\/a><\/li>\n<\/ul>\n<p>Pour le moment Mazda, pour conserver ses ventes, innuagure une s\u00e9rie sp\u00e9ciale avec quelques \u00e9quipements suppl\u00e9mentaires.<\/p>\n<ul>\n<li>Toutes nos voitures d'occasions<\/li>\n<\/ul>\n<p>L\u00e9g\u00e8ret\u00e9 ( 1250 kg maximum ) et \u00e9quilibre d\u00fb au moteur positionn\u00e9 en long, juste au-dessus du train avant et animant les roues arri\u00e8res, sont toujours au programme. C'est une tradition, la Mazda MX-5 ne recherche pas la puissance absolue mais mise plut\u00f4t sur le dynamisme procur\u00e9 \u00e0 la conduite.<\/p>\n<p>Pour \u00eatre plus efficiente, la Mazda MX-5 adopte des motorisations revues en profondeur. Un in\u00e9dit 1.3 turbo de 130 ch dotera la version d'acc\u00e8s et un bloc 2.0 de 165 ch animera la plus hupp\u00e9e.<\/p>\n<p>On se plairait \u00e0 imaginer un moteur plus moderne et plus puissant qui friserait les 200 ch dans cette future Mazda MX 5 de 2014. Il y a fort \u00e0 parier qu'elle rencontrerait un franc succ\u00e8s ; immaginez-vous au volant d'un roadster, plaisant \u00e0 regarder, 1250 kg et 200 ch sur les roues arri\u00e8res.. Allez Mazda chiche !!??<\/p>\n","protected":false},"excerpt":{"rendered":"<p>Le Mazda MX 5 sera renouvel\u00e9 en 2014 Le roadster Mazda MX 5 n&rsquo;a jamais \u00e9t\u00e9 d\u00e9menti au long des trois g\u00e9n\u00e9rations du mod\u00e8le. Cette quatri\u00e8me mouture, qui porte le nom de code MD, adoptera la nouvelle identit\u00e9 stylistique Mazda. Commercialisation fin 2014 -2 moteurs \u00e0 essence de 130 et 165 ch -A partir de &#8230; <a title=\"Le Mazda MX 5 poursuit sa route\" class=\"read-more\" href=\"https:\/\/www.carideal.com\/blog\/2013\/01\/31\/mazda-poursuit-sa-route\/\" aria-label=\"En savoir plus sur Le Mazda MX 5 poursuit sa route\">Lire plus<\/a><\/p>\n","protected":false},"author":1,"featured_media":19247,"comment_status":"open","ping_status":"open","sticky":false,"template":"","format":"standard","meta":{"_uag_custom_page_level_css":"","_themeisle_gutenberg_block_has_review":false,"footnotes":""},"categories":[5944,6015,6019,5974],"tags":[1244],"class_list":["post-1296","post","type-post","status-publish","format-standard","has-post-thumbnail","hentry","category-constructeur","category-mazda","category-cabriolet","category-type-de-vehicule","tag-roadster"],"wppr_data":{"cwp_meta_box_check":"No"},"yoast_head":"<!-- This site is optimized with the Yoast SEO plugin v24.8.1 - https:\/\/yoast.com\/wordpress\/plugins\/seo\/ -->\n<title>Le Mazda MX 5 poursuit sa route - Blog auto Carid\u00e9al<\/title>\n<meta name=\"description\" content=\"Le Mazda MX 5 poursuit sa route et continue \u00e0 plaire. Le roadster sera renouvel\u00e9 en 2014 avec un nouveau moteur d&#039;entr\u00e9e de gamme\" \/>\n<meta name=\"robots\" content=\"index, follow, max-snippet:-1, max-image-preview:large, max-video-preview:-1\" \/>\n<link rel=\"canonical\" href=\"https:\/\/www.carideal.com\/blog\/2013\/01\/31\/mazda-poursuit-sa-route\/\" \/>\n<meta property=\"og:locale\" content=\"fr_FR\" \/>\n<meta property=\"og:type\" content=\"article\" \/>\n<meta property=\"og:title\" content=\"Le Mazda MX 5 poursuit sa route - Blog auto Carid\u00e9al\" \/>\n<meta property=\"og:description\" content=\"Le Mazda MX 5 poursuit sa route et continue \u00e0 plaire. Le roadster sera renouvel\u00e9 en 2014 avec un nouveau moteur d&#039;entr\u00e9e de gamme\" \/>\n<meta property=\"og:url\" content=\"https:\/\/www.carideal.com\/blog\/2013\/01\/31\/mazda-poursuit-sa-route\/\" \/>\n<meta property=\"og:site_name\" content=\"Blog auto Carid\u00e9al\" \/>\n<meta property=\"article:publisher\" content=\"https:\/\/www.facebook.com\/Carideal.mandataire.automobile\" \/>\n<meta property=\"article:author\" content=\"https:\/\/www.facebook.com\/Carideal.mandataire.automobile\/\" \/>\n<meta property=\"article:published_time\" content=\"2013-01-31T16:48:00+00:00\" \/>\n<meta property=\"article:modified_time\" content=\"2020-02-26T12:21:12+00:00\" \/>\n<meta property=\"og:image\" content=\"https:\/\/www.carideal.com\/blog\/wp-content\/uploads\/2013\/01\/mazda-mx-5.jpg\" \/>\n\t<meta property=\"og:image:width\" content=\"400\" \/>\n\t<meta property=\"og:image:height\" content=\"225\" \/>\n\t<meta property=\"og:image:type\" content=\"image\/jpeg\" \/>\n<meta name=\"author\" content=\"N.S Carideal\" \/>\n<meta name=\"twitter:card\" content=\"summary_large_image\" \/>\n<meta name=\"twitter:creator\" content=\"@caridealauto\" \/>\n<meta name=\"twitter:site\" content=\"@caridealauto\" \/>\n<meta name=\"twitter:label1\" content=\"\u00c9crit par\" \/>\n\t<meta name=\"twitter:data1\" content=\"N.S Carideal\" \/>\n\t<meta name=\"twitter:label2\" content=\"Dur\u00e9e de lecture estim\u00e9e\" \/>\n\t<meta name=\"twitter:data2\" content=\"1 minute\" \/>\n<script type=\"application\/ld+json\" class=\"yoast-schema-graph\">{\"@context\":\"https:\/\/schema.org\",\"@graph\":[{\"@type\":\"Article\",\"@id\":\"https:\/\/www.carideal.com\/blog\/2013\/01\/31\/mazda-poursuit-sa-route\/#article\",\"isPartOf\":{\"@id\":\"https:\/\/www.carideal.com\/blog\/2013\/01\/31\/mazda-poursuit-sa-route\/\"},\"author\":{\"name\":\"N.S Carideal\",\"@id\":\"https:\/\/www.carideal.com\/blog\/#\/schema\/person\/985c7e757d1042d647f21bfaf8d41ebc\"},\"headline\":\"Le Mazda MX 5 poursuit sa route\",\"datePublished\":\"2013-01-31T16:48:00+00:00\",\"dateModified\":\"2020-02-26T12:21:12+00:00\",\"mainEntityOfPage\":{\"@id\":\"https:\/\/www.carideal.com\/blog\/2013\/01\/31\/mazda-poursuit-sa-route\/\"},\"wordCount\":292,\"commentCount\":0,\"publisher\":{\"@id\":\"https:\/\/www.carideal.com\/blog\/#organization\"},\"image\":{\"@id\":\"https:\/\/www.carideal.com\/blog\/2013\/01\/31\/mazda-poursuit-sa-route\/#primaryimage\"},\"thumbnailUrl\":\"https:\/\/www.carideal.com\/blog\/wp-content\/uploads\/2013\/01\/mazda-mx-5.jpg\",\"keywords\":[\"roadster\"],\"articleSection\":[\"Actualit\u00e9 Constructeur automobile\",\"Actualit\u00e9 Mazda\",\"Cabriolet\",\"Type de v\u00e9hicule\"],\"inLanguage\":\"fr-FR\",\"potentialAction\":[{\"@type\":\"CommentAction\",\"name\":\"Comment\",\"target\":[\"https:\/\/www.carideal.com\/blog\/2013\/01\/31\/mazda-poursuit-sa-route\/#respond\"]}]},{\"@type\":\"WebPage\",\"@id\":\"https:\/\/www.carideal.com\/blog\/2013\/01\/31\/mazda-poursuit-sa-route\/\",\"url\":\"https:\/\/www.carideal.com\/blog\/2013\/01\/31\/mazda-poursuit-sa-route\/\",\"name\":\"Le Mazda MX 5 poursuit sa route - Blog auto Carid\u00e9al\",\"isPartOf\":{\"@id\":\"https:\/\/www.carideal.com\/blog\/#website\"},\"primaryImageOfPage\":{\"@id\":\"https:\/\/www.carideal.com\/blog\/2013\/01\/31\/mazda-poursuit-sa-route\/#primaryimage\"},\"image\":{\"@id\":\"https:\/\/www.carideal.com\/blog\/2013\/01\/31\/mazda-poursuit-sa-route\/#primaryimage\"},\"thumbnailUrl\":\"https:\/\/www.carideal.com\/blog\/wp-content\/uploads\/2013\/01\/mazda-mx-5.jpg\",\"datePublished\":\"2013-01-31T16:48:00+00:00\",\"dateModified\":\"2020-02-26T12:21:12+00:00\",\"description\":\"Le Mazda MX 5 poursuit sa route et continue \u00e0 plaire. Le roadster sera renouvel\u00e9 en 2014 avec un nouveau moteur d'entr\u00e9e de gamme\",\"breadcrumb\":{\"@id\":\"https:\/\/www.carideal.com\/blog\/2013\/01\/31\/mazda-poursuit-sa-route\/#breadcrumb\"},\"inLanguage\":\"fr-FR\",\"potentialAction\":[{\"@type\":\"ReadAction\",\"target\":[\"https:\/\/www.carideal.com\/blog\/2013\/01\/31\/mazda-poursuit-sa-route\/\"]}]},{\"@type\":\"ImageObject\",\"inLanguage\":\"fr-FR\",\"@id\":\"https:\/\/www.carideal.com\/blog\/2013\/01\/31\/mazda-poursuit-sa-route\/#primaryimage\",\"url\":\"https:\/\/www.carideal.com\/blog\/wp-content\/uploads\/2013\/01\/mazda-mx-5.jpg\",\"contentUrl\":\"https:\/\/www.carideal.com\/blog\/wp-content\/uploads\/2013\/01\/mazda-mx-5.jpg\",\"width\":400,\"height\":225,\"caption\":\"Mazda MX-5 poursuit sa route\"},{\"@type\":\"BreadcrumbList\",\"@id\":\"https:\/\/www.carideal.com\/blog\/2013\/01\/31\/mazda-poursuit-sa-route\/#breadcrumb\",\"itemListElement\":[{\"@type\":\"ListItem\",\"position\":1,\"name\":\"Blog Carid\u00e9al\",\"item\":\"https:\/\/www.carideal.com\/blog\/\"},{\"@type\":\"ListItem\",\"position\":2,\"name\":\"Actualit\u00e9 constructeur automobile\",\"item\":\"https:\/\/www.carideal.com\/blog\/constructeur\/\"},{\"@type\":\"ListItem\",\"position\":3,\"name\":\"Actualit\u00e9 Mazda\",\"item\":\"https:\/\/www.carideal.com\/blog\/constructeur\/mazda\/\"},{\"@type\":\"ListItem\",\"position\":4,\"name\":\"Le Mazda MX 5 poursuit sa route\"}]},{\"@type\":\"WebSite\",\"@id\":\"https:\/\/www.carideal.com\/blog\/#website\",\"url\":\"https:\/\/www.carideal.com\/blog\/\",\"name\":\"Blog auto Carid\u00e9al\",\"description\":\"Actualit\u00e9 auto par des passionn\u00e9s\",\"publisher\":{\"@id\":\"https:\/\/www.carideal.com\/blog\/#organization\"},\"potentialAction\":[{\"@type\":\"SearchAction\",\"target\":{\"@type\":\"EntryPoint\",\"urlTemplate\":\"https:\/\/www.carideal.com\/blog\/?s={search_term_string}\"},\"query-input\":{\"@type\":\"PropertyValueSpecification\",\"valueRequired\":true,\"valueName\":\"search_term_string\"}}],\"inLanguage\":\"fr-FR\"},{\"@type\":\"Organization\",\"@id\":\"https:\/\/www.carideal.com\/blog\/#organization\",\"name\":\"Carideal\",\"url\":\"https:\/\/www.carideal.com\/blog\/\",\"logo\":{\"@type\":\"ImageObject\",\"inLanguage\":\"fr-FR\",\"@id\":\"https:\/\/www.carideal.com\/blog\/#\/schema\/logo\/image\/\",\"url\":\"http:\/\/www.carideal.com\/blog\/wp-content\/uploads\/2016\/03\/logo-carideal-mandataire-automobile.png\",\"contentUrl\":\"http:\/\/www.carideal.com\/blog\/wp-content\/uploads\/2016\/03\/logo-carideal-mandataire-automobile.png\",\"width\":300,\"height\":300,\"caption\":\"Carideal\"},\"image\":{\"@id\":\"https:\/\/www.carideal.com\/blog\/#\/schema\/logo\/image\/\"},\"sameAs\":[\"https:\/\/www.facebook.com\/Carideal.mandataire.automobile\",\"https:\/\/x.com\/caridealauto\",\"https:\/\/www.instagram.com\/carideal1\/\",\"https:\/\/www.linkedin.com\/company\/carideal.com\",\"https:\/\/fr.pinterest.com\/schiavonsas\/\",\"https:\/\/www.youtube.com\/user\/caridealsas\"]},{\"@type\":\"Person\",\"@id\":\"https:\/\/www.carideal.com\/blog\/#\/schema\/person\/985c7e757d1042d647f21bfaf8d41ebc\",\"name\":\"N.S Carideal\",\"image\":{\"@type\":\"ImageObject\",\"inLanguage\":\"fr-FR\",\"@id\":\"https:\/\/www.carideal.com\/blog\/#\/schema\/person\/image\/\",\"url\":\"https:\/\/secure.gravatar.com\/avatar\/edb7ccdf1a4e3d14aef967760d354d0e?s=96&r=g\",\"contentUrl\":\"https:\/\/secure.gravatar.com\/avatar\/edb7ccdf1a4e3d14aef967760d354d0e?s=96&r=g\",\"caption\":\"N.S Carideal\"},\"description\":\"Depuis tout petit fan d'automobile. Il est question d'essayer et de comparer toutes ces voitures qui nous ont fait r\u00e9ver, avant que celles-ci ne devient uniquement des voitures de collection.\",\"sameAs\":[\"http:\/\/www.carideal.com\/blog\",\"https:\/\/www.facebook.com\/Carideal.mandataire.automobile\/\",\"https:\/\/www.linkedin.com\/in\/nschiavon\/\",\"https:\/\/www.youtube.com\/user\/caridealsas\/\"],\"url\":\"https:\/\/www.carideal.com\/blog\/author\/admin_carideal\/\"}]}<\/script>\n<!-- \/ Yoast SEO plugin. -->","yoast_head_json":{"title":"Le Mazda MX 5 poursuit sa route - Blog auto Carid\u00e9al","description":"Le Mazda MX 5 poursuit sa route et continue \u00e0 plaire. Le roadster sera renouvel\u00e9 en 2014 avec un nouveau moteur d'entr\u00e9e de gamme","robots":{"index":"index","follow":"follow","max-snippet":"max-snippet:-1","max-image-preview":"max-image-preview:large","max-video-preview":"max-video-preview:-1"},"canonical":"https:\/\/www.carideal.com\/blog\/2013\/01\/31\/mazda-poursuit-sa-route\/","og_locale":"fr_FR","og_type":"article","og_title":"Le Mazda MX 5 poursuit sa route - Blog auto Carid\u00e9al","og_description":"Le Mazda MX 5 poursuit sa route et continue \u00e0 plaire. Le roadster sera renouvel\u00e9 en 2014 avec un nouveau moteur d'entr\u00e9e de gamme","og_url":"https:\/\/www.carideal.com\/blog\/2013\/01\/31\/mazda-poursuit-sa-route\/","og_site_name":"Blog auto Carid\u00e9al","article_publisher":"https:\/\/www.facebook.com\/Carideal.mandataire.automobile","article_author":"https:\/\/www.facebook.com\/Carideal.mandataire.automobile\/","article_published_time":"2013-01-31T16:48:00+00:00","article_modified_time":"2020-02-26T12:21:12+00:00","og_image":[{"width":400,"height":225,"url":"https:\/\/www.carideal.com\/blog\/wp-content\/uploads\/2013\/01\/mazda-mx-5.jpg","type":"image\/jpeg"}],"author":"N.S Carideal","twitter_card":"summary_large_image","twitter_creator":"@caridealauto","twitter_site":"@caridealauto","twitter_misc":{"\u00c9crit par":"N.S Carideal","Dur\u00e9e de lecture estim\u00e9e":"1 minute"},"schema":{"@context":"https:\/\/schema.org","@graph":[{"@type":"Article","@id":"https:\/\/www.carideal.com\/blog\/2013\/01\/31\/mazda-poursuit-sa-route\/#article","isPartOf":{"@id":"https:\/\/www.carideal.com\/blog\/2013\/01\/31\/mazda-poursuit-sa-route\/"},"author":{"name":"N.S Carideal","@id":"https:\/\/www.carideal.com\/blog\/#\/schema\/person\/985c7e757d1042d647f21bfaf8d41ebc"},"headline":"Le Mazda MX 5 poursuit sa route","datePublished":"2013-01-31T16:48:00+00:00","dateModified":"2020-02-26T12:21:12+00:00","mainEntityOfPage":{"@id":"https:\/\/www.carideal.com\/blog\/2013\/01\/31\/mazda-poursuit-sa-route\/"},"wordCount":292,"commentCount":0,"publisher":{"@id":"https:\/\/www.carideal.com\/blog\/#organization"},"image":{"@id":"https:\/\/www.carideal.com\/blog\/2013\/01\/31\/mazda-poursuit-sa-route\/#primaryimage"},"thumbnailUrl":"https:\/\/www.carideal.com\/blog\/wp-content\/uploads\/2013\/01\/mazda-mx-5.jpg","keywords":["roadster"],"articleSection":["Actualit\u00e9 Constructeur automobile","Actualit\u00e9 Mazda","Cabriolet","Type de v\u00e9hicule"],"inLanguage":"fr-FR","potentialAction":[{"@type":"CommentAction","name":"Comment","target":["https:\/\/www.carideal.com\/blog\/2013\/01\/31\/mazda-poursuit-sa-route\/#respond"]}]},{"@type":"WebPage","@id":"https:\/\/www.carideal.com\/blog\/2013\/01\/31\/mazda-poursuit-sa-route\/","url":"https:\/\/www.carideal.com\/blog\/2013\/01\/31\/mazda-poursuit-sa-route\/","name":"Le Mazda MX 5 poursuit sa route - Blog auto Carid\u00e9al","isPartOf":{"@id":"https:\/\/www.carideal.com\/blog\/#website"},"primaryImageOfPage":{"@id":"https:\/\/www.carideal.com\/blog\/2013\/01\/31\/mazda-poursuit-sa-route\/#primaryimage"},"image":{"@id":"https:\/\/www.carideal.com\/blog\/2013\/01\/31\/mazda-poursuit-sa-route\/#primaryimage"},"thumbnailUrl":"https:\/\/www.carideal.com\/blog\/wp-content\/uploads\/2013\/01\/mazda-mx-5.jpg","datePublished":"2013-01-31T16:48:00+00:00","dateModified":"2020-02-26T12:21:12+00:00","description":"Le Mazda MX 5 poursuit sa route et continue \u00e0 plaire. Le roadster sera renouvel\u00e9 en 2014 avec un nouveau moteur d'entr\u00e9e de gamme","breadcrumb":{"@id":"https:\/\/www.carideal.com\/blog\/2013\/01\/31\/mazda-poursuit-sa-route\/#breadcrumb"},"inLanguage":"fr-FR","potentialAction":[{"@type":"ReadAction","target":["https:\/\/www.carideal.com\/blog\/2013\/01\/31\/mazda-poursuit-sa-route\/"]}]},{"@type":"ImageObject","inLanguage":"fr-FR","@id":"https:\/\/www.carideal.com\/blog\/2013\/01\/31\/mazda-poursuit-sa-route\/#primaryimage","url":"https:\/\/www.carideal.com\/blog\/wp-content\/uploads\/2013\/01\/mazda-mx-5.jpg","contentUrl":"https:\/\/www.carideal.com\/blog\/wp-content\/uploads\/2013\/01\/mazda-mx-5.jpg","width":400,"height":225,"caption":"Mazda MX-5 poursuit sa route"},{"@type":"BreadcrumbList","@id":"https:\/\/www.carideal.com\/blog\/2013\/01\/31\/mazda-poursuit-sa-route\/#breadcrumb","itemListElement":[{"@type":"ListItem","position":1,"name":"Blog Carid\u00e9al","item":"https:\/\/www.carideal.com\/blog\/"},{"@type":"ListItem","position":2,"name":"Actualit\u00e9 constructeur automobile","item":"https:\/\/www.carideal.com\/blog\/constructeur\/"},{"@type":"ListItem","position":3,"name":"Actualit\u00e9 Mazda","item":"https:\/\/www.carideal.com\/blog\/constructeur\/mazda\/"},{"@type":"ListItem","position":4,"name":"Le Mazda MX 5 poursuit sa route"}]},{"@type":"WebSite","@id":"https:\/\/www.carideal.com\/blog\/#website","url":"https:\/\/www.carideal.com\/blog\/","name":"Blog auto Carid\u00e9al","description":"Actualit\u00e9 auto par des passionn\u00e9s","publisher":{"@id":"https:\/\/www.carideal.com\/blog\/#organization"},"potentialAction":[{"@type":"SearchAction","target":{"@type":"EntryPoint","urlTemplate":"https:\/\/www.carideal.com\/blog\/?s={search_term_string}"},"query-input":{"@type":"PropertyValueSpecification","valueRequired":true,"valueName":"search_term_string"}}],"inLanguage":"fr-FR"},{"@type":"Organization","@id":"https:\/\/www.carideal.com\/blog\/#organization","name":"Carideal","url":"https:\/\/www.carideal.com\/blog\/","logo":{"@type":"ImageObject","inLanguage":"fr-FR","@id":"https:\/\/www.carideal.com\/blog\/#\/schema\/logo\/image\/","url":"http:\/\/www.carideal.com\/blog\/wp-content\/uploads\/2016\/03\/logo-carideal-mandataire-automobile.png","contentUrl":"http:\/\/www.carideal.com\/blog\/wp-content\/uploads\/2016\/03\/logo-carideal-mandataire-automobile.png","width":300,"height":300,"caption":"Carideal"},"image":{"@id":"https:\/\/www.carideal.com\/blog\/#\/schema\/logo\/image\/"},"sameAs":["https:\/\/www.facebook.com\/Carideal.mandataire.automobile","https:\/\/x.com\/caridealauto","https:\/\/www.instagram.com\/carideal1\/","https:\/\/www.linkedin.com\/company\/carideal.com","https:\/\/fr.pinterest.com\/schiavonsas\/","https:\/\/www.youtube.com\/user\/caridealsas"]},{"@type":"Person","@id":"https:\/\/www.carideal.com\/blog\/#\/schema\/person\/985c7e757d1042d647f21bfaf8d41ebc","name":"N.S Carideal","image":{"@type":"ImageObject","inLanguage":"fr-FR","@id":"https:\/\/www.carideal.com\/blog\/#\/schema\/person\/image\/","url":"https:\/\/secure.gravatar.com\/avatar\/edb7ccdf1a4e3d14aef967760d354d0e?s=96&r=g","contentUrl":"https:\/\/secure.gravatar.com\/avatar\/edb7ccdf1a4e3d14aef967760d354d0e?s=96&r=g","caption":"N.S Carideal"},"description":"Depuis tout petit fan d'automobile. Il est question d'essayer et de comparer toutes ces voitures qui nous ont fait r\u00e9ver, avant que celles-ci ne devient uniquement des voitures de collection.","sameAs":["http:\/\/www.carideal.com\/blog","https:\/\/www.facebook.com\/Carideal.mandataire.automobile\/","https:\/\/www.linkedin.com\/in\/nschiavon\/","https:\/\/www.youtube.com\/user\/caridealsas\/"],"url":"https:\/\/www.carideal.com\/blog\/author\/admin_carideal\/"}]}},"uagb_featured_image_src":{"full":["https:\/\/www.carideal.com\/blog\/wp-content\/uploads\/2013\/01\/mazda-mx-5.jpg",400,225,false],"thumbnail":["https:\/\/www.carideal.com\/blog\/wp-content\/uploads\/2013\/01\/mazda-mx-5-150x150.jpg",150,150,true],"medium":["https:\/\/www.carideal.com\/blog\/wp-content\/uploads\/2013\/01\/mazda-mx-5-300x169.jpg",300,169,true],"medium_large":["https:\/\/www.carideal.com\/blog\/wp-content\/uploads\/2013\/01\/mazda-mx-5.jpg",400,225,false],"large":["https:\/\/www.carideal.com\/blog\/wp-content\/uploads\/2013\/01\/mazda-mx-5.jpg",400,225,false],"1536x1536":["https:\/\/www.carideal.com\/blog\/wp-content\/uploads\/2013\/01\/mazda-mx-5.jpg",400,225,false],"2048x2048":["https:\/\/www.carideal.com\/blog\/wp-content\/uploads\/2013\/01\/mazda-mx-5.jpg",400,225,false],"wppr-widget":["https:\/\/www.carideal.com\/blog\/wp-content\/uploads\/2013\/01\/mazda-mx-5-50x28.jpg",50,28,true]},"uagb_author_info":{"display_name":"N.S Carideal","author_link":"https:\/\/www.carideal.com\/blog\/author\/admin_carideal\/"},"uagb_comment_info":0,"uagb_excerpt":"Le Mazda MX 5 sera renouvel\u00e9 en 2014 Le roadster Mazda MX 5 n'a jamais \u00e9t\u00e9 d\u00e9menti au long des trois g\u00e9n\u00e9rations du mod\u00e8le. Cette quatri\u00e8me mouture, qui porte le nom de code MD, adoptera la nouvelle identit\u00e9 stylistique Mazda. Commercialisation fin 2014 -2 moteurs \u00e0 essence de 130 et 165 ch -A partir de\u2026","_links":{"self":[{"href":"https:\/\/www.carideal.com\/blog\/wp-json\/wp\/v2\/posts\/1296"}],"collection":[{"href":"https:\/\/www.carideal.com\/blog\/wp-json\/wp\/v2\/posts"}],"about":[{"href":"https:\/\/www.carideal.com\/blog\/wp-json\/wp\/v2\/types\/post"}],"author":[{"embeddable":true,"href":"https:\/\/www.carideal.com\/blog\/wp-json\/wp\/v2\/users\/1"}],"replies":[{"embeddable":true,"href":"https:\/\/www.carideal.com\/blog\/wp-json\/wp\/v2\/comments?post=1296"}],"version-history":[{"count":0,"href":"https:\/\/www.carideal.com\/blog\/wp-json\/wp\/v2\/posts\/1296\/revisions"}],"wp:featuredmedia":[{"embeddable":true,"href":"https:\/\/www.carideal.com\/blog\/wp-json\/wp\/v2\/media\/19247"}],"wp:attachment":[{"href":"https:\/\/www.carideal.com\/blog\/wp-json\/wp\/v2\/media?parent=1296"}],"wp:term":[{"taxonomy":"category","embeddable":true,"href":"https:\/\/www.carideal.com\/blog\/wp-json\/wp\/v2\/categories?post=1296"},{"taxonomy":"post_tag","embeddable":true,"href":"https:\/\/www.carideal.com\/blog\/wp-json\/wp\/v2\/tags?post=1296"}],"curies":[{"name":"wp","href":"https:\/\/api.w.org\/{rel}","templated":true}]}}