{"id":1285,"date":"2013-01-23T09:57:00","date_gmt":"2013-01-23T09:57:00","guid":{"rendered":"http:\/\/carideal.com\/blog\/?p=1285"},"modified":"2020-03-07T22:40:29","modified_gmt":"2020-03-07T21:40:29","slug":"audi-mercedes-bmw-un-trio-de-luxe","status":"publish","type":"post","link":"https:\/\/www.carideal.com\/blog\/2013\/01\/23\/audi-mercedes-bmw-un-trio-de-luxe\/","title":{"rendered":"Voiture de luxe le trio Audi Mercedes BMW"},"content":{"rendered":"<h1><strong>Les trois marques allemandes de voiture de luxe\u00a0ont vendu 4 millions de voitures en 2011, soit 10% du chiffre d'affaires de l'ensemble des constructeurs automobiles.<\/strong><\/h1>\n<p>Pendant de nombreuses ann\u00e9es, entre 1920 et 1960, le monde automobile \u00e9tait simple. Deux cat\u00e9gories se partageaient\u00a0: les marques populaires, pour le grand nombre, et les luxueuses ou les voitures de luxe, \u00e0 destination des \u00e9lites. Ces marques de luxe proposaient des mod\u00e8le de tr\u00e8s haut de gamme, tr\u00e8s imposants, tr\u00e8s puissants et tr\u00e8s chers.<\/p>\n<p>Rares \u00e9taient les constructeurs qui pouvaient se permettre de d\u00e9cliner une gamme de mod\u00e8les, du tr\u00e8s co\u00fbteux. <a href=\"http:\/\/www.carideal.com\/blog\/marque-de-voiture-actualites-essais\/renault\/\">Renault<\/a> fut l'un de ceux-l\u00e0, qui commercialisait \u00e0 la fois des versions populaires et un mod\u00e8le de 40 CV tr\u00e8s luxueux.<\/p>\n Voiture de Luxe BMW Audi Mercedes\n<p><a href=\"http:\/\/www.carideal.com\/blog\/marque-de-voiture-actualites-essais\/mercedes\/\">Mercedes<\/a> proposait pour sa part \u00e0 la fois des mod\u00e8les de moyenne cylindr\u00e9e et de tr\u00e8s haut de gamme destin\u00e9s aux chefs d'Etat ou aux personnalit\u00e9s les plus fortun\u00e9es de la plan\u00e8te. Victimes de crises \u00e9conomiques diverses et d'un potentiel de march\u00e9 relativement faible, les marques luxueuses comme Duesenberg, Stutz, Peerless, Pierce-Arrow, Marmon, Packard, Imperial, Isotta-Fraschine, Lanchester, Bugatti, Farman, Hispano-Suiza, Delage, Delahaye, Facel-Vega, Horch, Maybach, Pegaso, Monteverdi... disparurent peu \u00e0 peu.<\/p>\n<p>Les survivantes de ces voiture de luxe s'appellent <a href=\"http:\/\/www.carideal.com\/blog\/marque-de-voiture-actualites-essais\/rolls-royce\/\">Rolls-Royce<\/a>, <a href=\"http:\/\/www.carideal.com\/blog\/marque-de-voiture-actualites-essais\/bentley\/\">Bentley<\/a>, <a href=\"http:\/\/www.carideal.com\/blog\/marque-de-voiture-actualites-essais\/aston-martin\/\">Aston-Matin<\/a>, <a href=\"http:\/\/www.carideal.com\/blog\/marque-de-voiture-actualites-essais\/ferrari\/\">Ferrari<\/a>, Maserati et Lamborghini. Un cran au-dessous figurent les marques premium. Celles-ci ont d\u00e9clin\u00e9 le luxe et la sophistication qui les caract\u00e9risent sur l'ensemble des segments du march\u00e9, de la limousine \u00e0 la berline compacte, en passant par les SUV et les citadines. Parmi ces marques, on compte Mercedes, <a href=\"http:\/\/www.carideal.com\/blog\/marque-de-voiture-actualites-essais\/bmw\/\">BMW<\/a>, <a href=\"http:\/\/www.carideal.com\/blog\/marque-de-voiture-actualites-essais\/audi\/\">Audi<\/a>, <a href=\"http:\/\/www.carideal.com\/blog\/marque-de-voiture-actualites-essais\/porsche\/\">Porsche<\/a>, Volvo, <a href=\"http:\/\/www.carideal.com\/blog\/marque-de-voiture-actualites-essais\/jaguar\/\">Jaguar<\/a>, Land Rover, <a href=\"http:\/\/www.carideal.com\/blog\/marque-de-voiture-actualites-essais\/alfa-romeo\/\">Alfa Romeo<\/a>, Lancia, Cadillac, Lincoln ( GM ), Chrysler, <a href=\"http:\/\/www.carideal.com\/blog\/marque-de-voiture-actualites-essais\/lexus\/\">Lexus<\/a>, Infiniti, Acura ( Honda ).<\/p>\n<p>Mercedes, BMW et Audi sortent du lot. En effet, ce sont les seules \u00e0 d\u00e9passer le million de voitures vendues chaque ann\u00e9e, chiffre tr\u00e8s spectaculaire. Mercedes a produit en effet 1,350 millions de voitures ( contre 45 000 en 1960 ), et Audi, 1,230 million, alors que la marque n'existait pas encore en 1960... En incluant Smart et Mini, les trois marques allemandes premium ont vendu 4 millions de voitures en 2011, ce qui repr\u00e9sente un peu plus de 5% du march\u00e9 mondial, et 10% du chiffre d'affaires de l'ensemble de constructeurs automobiles.<\/p>\n<p>Diff\u00e9rent du concept statutaire, traditionnel et confortable des mod\u00e8les Mercedes, BMW mettra l'accent sur le c\u00f4t\u00e9 sportif et plaisir de ses voitures ( il fabriquait initialement des moteurs d'avions ), tandis qu'Audi misera sur la finition et sur la technologie sophistiqu\u00e9e de ses mod\u00e8les, m\u00eame si Mercedes a \u00e9t\u00e9 pionnier dans de nombreux domaines techniques ( comme l'ABS ). La grande chance d'Audi a \u00e9t\u00e9 de pouvoir s'adosser \u00e0 la puissance \u00e9conomique et financi\u00e8re du groupe Volkswagen.<\/p>\n<p>Le docteur Piech a jou\u00e9 \u00e9galement un r\u00f4le important dans le d\u00e9veloppement et dans le positionnement d'Audi. BMW a eu la chance de voir sombrer l'un de ses concurrents potentiels au moment o\u00f9 il lan\u00e7a une offensive produit de grande envergure, gr\u00e2ce \u00e0 la famille Quandt, son nouvel actionnaire. Celle-ci joua un r\u00f4le primordial dans le d\u00e9veloppement et le nouveau positionnement de la marque de voiture de luxe.<\/p>\n<p>Aujourd'hui, Mercedes, BMW et Audi vendent des voitures dans le monde entier, mais privil\u00e9gient trois grands march\u00e9s\u00a0: l'Europe, les Etats-Unis et la Chine. En 2011, Mercedes a \u00e9coul\u00e9 670 000 voitures en Europe, 270 000 en Chine. BMW en a vendu 810 000 en Europe, 310 000 aux Etats-Unis et 235 000 en Chine.<\/p>\n Voiture de Luxe Mercedes\n<h3><a href=\"http:\/\/www.carideal.com\/blog\/marque-de-voiture-actualites-essais\/mercedes\/mercedes-classe-s\/\">Nouvelle Mercedes Classe S<\/a><\/h3>\n Voiture de Luxe BMW s\u00e9rie 7\n<h3>BMW S\u00e9rie 7<\/h3>\n Voiture de Luxe Audi\n<h3>Audi A8<\/h3>\n<h2><strong>Ces trois mod\u00e8les font, entre autres, la r\u00e9putation des marques allemandes dans le segment de la voiture de luxe.<\/strong><\/h2>\n<p><strong>D\u00e9clinaison progressive<\/strong><br \/>\nEnfin Audi a \u00e9coul\u00e9 pour sa part 675000 voitures en Europe, 120 000 aux \u00c9tats-Unis et 315000 en Chine. Au total, en 2011, les trois marques premium ont \u00e9coul\u00e9 2,155 mil\u00adlions de voitures en Europe, 700000 aux \u00c9tats-Unis\u00a0: 750000 en Chine, ce qui repr\u00e9sente 90 % de leurs ventes mondiales. Si l'on s'attarde dans le d\u00e9tail des ventes par segment des trois marques premium (incluant <a href=\"http:\/\/www.carideal.com\/blog\/2007\/11\/26\/la-nouvelle-smart\/\">Smart<\/a> et <a href=\"http:\/\/www.carideal.com\/blog\/2013\/02\/15\/la-frenesie-de-mini\/\">Mini<\/a>) on constate l'intelligence avec laquelle elles ont op\u00e9r\u00e9 une d\u00e9clinaison progressive de gamme, couvrant aujourd'hui l'ensemble de l'offre.<\/p>\n<p>Mercedes a commenc\u00e9 dans les ann\u00e9es 1950 \u00e0 prosp\u00e9rer sur le segment H 1 (avec l'anc\u00eatre de la Classe E), puis sont apparus l'a\u00efeule de la Classe S en 1956 (segment H2 ), les SUV en 1979 (Classe G), le pr\u00e9d\u00e9cesseur de la Classe C en 1982 (M2), la Classe A en 1997 (MI) et la Smart en 1998 (Bl).<\/p>\n<p>BMW, d\u00e8s les ann\u00e9es 1950, a commercia\u00adlis\u00e9 des mod\u00e8les du segment H2 (de grosses voitures \u00e0 moteur V8), puis a fabriqu\u00e9 conjointement la petite Isetta sous licence. Mais c'est en 1963 que la firme prit son envol avec le lancement de l'a\u00efeule de la S\u00e9rie 5 (segment Hl) et en 1966 avec l'arriv\u00e9e de l'anc\u00eatre de la S\u00e9rie 3 (M2). Puis apparurent l'a\u00efeule de la S\u00e9rie 1 en 1994 (segment M1 ), les SUV en 1999 et la Mini (B2) en 2001. Quant \u00e0 Audi, il a d\u00e9but\u00e9 son histoire contemporaine en 1965 avec un mod\u00e8le du segment M2 (anc\u00eatre de l'A4), avant de s'at\u00adtaquer au segment Hl en 1969 (a\u00efeule de l'A6), au B2 en 1974 (avant l'AI), au H2 en 1988 (anc\u00eatre de l'AS), au segment M1 en 1996 (l'A3) et enfin les SUV en 2005.<\/p>\n<p>Ces \u00e9largisse\u00adments de gamme connurent tr\u00e8s peu d'\u00e9checs, tout au plus un succ\u00e8s mitig\u00e9 concernant les Audi 50 (1974-1978) et A2 (2000-2005), BMW Compact (1994-2004) et Mercedes Classe A (1997-2012), plut\u00f4t mal positionn\u00e9es sur le march\u00e9. La nouvelle Classe A (2012) est apparemment beaucoup mieux dans le march\u00e9.Evidemment, le succ\u00e8s croissant et ininterrompu des marques premium a incit\u00e9 les construc\u00adteurs g\u00e9n\u00e9ralistes \u00e0 faire de gros efforts sur la pr\u00e9sentation et la qualit\u00e9 de leurs nouveaux mo\u00add\u00e8les.<\/p>\n<p>Certains sont m\u00eame all\u00e9s jusqu'\u00e0 cr\u00e9er de nouvelles mar\u00adques: Lexus (Toyota), Infiniti (Nissan) ou Acura (Honda). D'autres d\u00e9ploient des gammes \u00e0 part, comme les r\u00e9centes DS chez Citro\u00ebn ou les Renault d'origine Samsung. Nombre de constructeurs affichent leur volont\u00e9 de monter en gamme et communiquent sans discon\u00adtinuer surcette strat\u00e9gie (Peugeot).<\/p>\n<p>Les marques premium sont devenues source d'inspi\u00adration. Il est toutefois toujours difficile pour un vin de table de devenir un grand vin... Les constructeurs fran\u00e7ais ont d\u00e9j\u00e0 vu leurs ventes de mod\u00e8les de haut de gamme se r\u00e9duire comme peau de chagrin depuis les ann\u00e9es 1980 (voir le gra\u00adphique ri-dessus). Beaucoup de clients, en effet, se sont tour\u00adn\u00e9s peu \u00e0 peu vers les trois marques allemandes de voiture de luxe, plus va\u00adlorisantes et aux logos plus \u00e9vocateurs, que ce soit Audi, BMW ou Mercedes.<\/p>\n<p>D'autres constructeurs eu\u00adrop\u00e9ens ont vu \u00e9galement leurs chiffres de ventes de mod\u00e8les haut de gamme diminuer, comme Opel (fin du segment H2 en 1977 avec la disparition de la Diplomat, du Hl en 2003 avec la suppression de l'Orne\u00adga), Fiat (fin du segment H2 en 1976 avec la disparition de la 130, fin du Hl en 1996 avec la suppression de la Crama) ou Ford (fin du segment H1 en 1998 avec la disparition de la Scorpio). De leur c\u00f4t\u00e9, Mercedes, BMW et Audi pr\u00e9voient de vendre 6 millions de voitures \u00e0 eux trois en 2018. Les constructeurs premium ont encore de beaux jours devant eux...<\/p>\n<p><a href=\"http:\/\/www.carideal.com\/blog\/2013\/01\/16\/cabriolet-de-luxe\/\">Quel Cabriolet de luxe choisir ?<\/a><\/p>\n","protected":false},"excerpt":{"rendered":"<p>Les trois marques allemandes de voiture de luxe\u00a0ont vendu 4 millions de voitures en 2011, soit 10% du chiffre d&rsquo;affaires de l&rsquo;ensemble des constructeurs automobiles. Pendant de nombreuses ann\u00e9es, entre 1920 et 1960, le monde automobile \u00e9tait simple. Deux cat\u00e9gories se partageaient\u00a0: les marques populaires, pour le grand nombre, et les luxueuses ou les voitures &#8230; <a title=\"Voiture de luxe le trio Audi Mercedes BMW\" class=\"read-more\" href=\"https:\/\/www.carideal.com\/blog\/2013\/01\/23\/audi-mercedes-bmw-un-trio-de-luxe\/\" aria-label=\"En savoir plus sur Voiture de luxe le trio Audi Mercedes BMW\">Lire plus<\/a><\/p>\n","protected":false},"author":1,"featured_media":17621,"comment_status":"open","ping_status":"open","sticky":false,"template":"","format":"standard","meta":{"_uag_custom_page_level_css":"","_themeisle_gutenberg_block_has_review":false,"footnotes":""},"categories":[5978,5945,5944,6170,5995,6012,10,5974],"tags":[3073,6184,6158],"class_list":["post-1285","post","type-post","status-publish","format-standard","has-post-thumbnail","hentry","category-audi","category-bmw","category-constructeur","category-actualite-lamborghini","category-mercedes","category-berlines","category-marche-automobile-voiture-neuve-occasion-4x4-suv","category-type-de-vehicule","tag-berlines-de-luxe","tag-meilleur-voiture","tag-voiture-de-luxe"],"wppr_data":{"cwp_meta_box_check":"No"},"yoast_head":"<!-- This site is optimized with the Yoast SEO plugin v24.8.1 - https:\/\/yoast.com\/wordpress\/plugins\/seo\/ -->\n<title>Voiture de luxe le trio Audi Mercedes BMW - Blog auto Carid\u00e9al<\/title>\n<meta name=\"description\" content=\"La Voiture de luxe se vend bien, pour preuve les trois constructeurs allemand, Audi BMW et Mercedes ont vendu \u00e0 eux trois 10 % du chiffre d&#039;affaire Auto.\" \/>\n<meta name=\"robots\" content=\"index, follow, max-snippet:-1, max-image-preview:large, max-video-preview:-1\" \/>\n<link rel=\"canonical\" href=\"https:\/\/www.carideal.com\/blog\/2013\/01\/23\/audi-mercedes-bmw-un-trio-de-luxe\/\" \/>\n<meta property=\"og:locale\" content=\"fr_FR\" \/>\n<meta property=\"og:type\" content=\"article\" \/>\n<meta property=\"og:title\" content=\"Voiture de luxe le trio Audi Mercedes BMW - Blog auto Carid\u00e9al\" \/>\n<meta property=\"og:description\" content=\"La Voiture de luxe se vend bien, pour preuve les trois constructeurs allemand, Audi BMW et Mercedes ont vendu \u00e0 eux trois 10 % du chiffre d&#039;affaire Auto.\" \/>\n<meta property=\"og:url\" content=\"https:\/\/www.carideal.com\/blog\/2013\/01\/23\/audi-mercedes-bmw-un-trio-de-luxe\/\" \/>\n<meta property=\"og:site_name\" content=\"Blog auto Carid\u00e9al\" \/>\n<meta property=\"article:publisher\" content=\"https:\/\/www.facebook.com\/Carideal.mandataire.automobile\" \/>\n<meta property=\"article:author\" content=\"https:\/\/www.facebook.com\/Carideal.mandataire.automobile\/\" \/>\n<meta property=\"article:published_time\" content=\"2013-01-23T09:57:00+00:00\" \/>\n<meta property=\"article:modified_time\" content=\"2020-03-07T21:40:29+00:00\" \/>\n<meta property=\"og:image\" content=\"https:\/\/www.carideal.com\/blog\/wp-content\/uploads\/2013\/01\/audi-bmw-mercedes-e1538933744773.jpg\" \/>\n\t<meta property=\"og:image:width\" content=\"800\" \/>\n\t<meta property=\"og:image:height\" content=\"485\" \/>\n\t<meta property=\"og:image:type\" content=\"image\/jpeg\" \/>\n<meta name=\"author\" content=\"N.S Carideal\" \/>\n<meta name=\"twitter:card\" content=\"summary_large_image\" \/>\n<meta name=\"twitter:creator\" content=\"@caridealauto\" \/>\n<meta name=\"twitter:site\" content=\"@caridealauto\" \/>\n<meta name=\"twitter:label1\" content=\"\u00c9crit par\" \/>\n\t<meta name=\"twitter:data1\" content=\"N.S Carideal\" \/>\n\t<meta name=\"twitter:label2\" content=\"Dur\u00e9e de lecture estim\u00e9e\" \/>\n\t<meta name=\"twitter:data2\" content=\"6 minutes\" \/>\n<script type=\"application\/ld+json\" class=\"yoast-schema-graph\">{\"@context\":\"https:\/\/schema.org\",\"@graph\":[{\"@type\":\"Article\",\"@id\":\"https:\/\/www.carideal.com\/blog\/2013\/01\/23\/audi-mercedes-bmw-un-trio-de-luxe\/#article\",\"isPartOf\":{\"@id\":\"https:\/\/www.carideal.com\/blog\/2013\/01\/23\/audi-mercedes-bmw-un-trio-de-luxe\/\"},\"author\":{\"name\":\"N.S Carideal\",\"@id\":\"https:\/\/www.carideal.com\/blog\/#\/schema\/person\/985c7e757d1042d647f21bfaf8d41ebc\"},\"headline\":\"Voiture de luxe le trio Audi Mercedes BMW\",\"datePublished\":\"2013-01-23T09:57:00+00:00\",\"dateModified\":\"2020-03-07T21:40:29+00:00\",\"mainEntityOfPage\":{\"@id\":\"https:\/\/www.carideal.com\/blog\/2013\/01\/23\/audi-mercedes-bmw-un-trio-de-luxe\/\"},\"wordCount\":1265,\"commentCount\":0,\"publisher\":{\"@id\":\"https:\/\/www.carideal.com\/blog\/#organization\"},\"image\":{\"@id\":\"https:\/\/www.carideal.com\/blog\/2013\/01\/23\/audi-mercedes-bmw-un-trio-de-luxe\/#primaryimage\"},\"thumbnailUrl\":\"https:\/\/www.carideal.com\/blog\/wp-content\/uploads\/2013\/01\/audi-bmw-mercedes-e1538933744773.jpg\",\"keywords\":[\"Berline de luxe\",\"Meilleure voiture\",\"voiture de luxe\"],\"articleSection\":[\"Actualit\u00e9 Audi\",\"Actualit\u00e9 BMW\",\"Actualit\u00e9 Constructeur automobile\",\"Actualit\u00e9 Lamborghini\",\"Actualit\u00e9 Mercedes\",\"Berlines\",\"March\u00e9 automobile\",\"Type de v\u00e9hicule\"],\"inLanguage\":\"fr-FR\",\"potentialAction\":[{\"@type\":\"CommentAction\",\"name\":\"Comment\",\"target\":[\"https:\/\/www.carideal.com\/blog\/2013\/01\/23\/audi-mercedes-bmw-un-trio-de-luxe\/#respond\"]}]},{\"@type\":\"WebPage\",\"@id\":\"https:\/\/www.carideal.com\/blog\/2013\/01\/23\/audi-mercedes-bmw-un-trio-de-luxe\/\",\"url\":\"https:\/\/www.carideal.com\/blog\/2013\/01\/23\/audi-mercedes-bmw-un-trio-de-luxe\/\",\"name\":\"Voiture de luxe le trio Audi Mercedes BMW - Blog auto Carid\u00e9al\",\"isPartOf\":{\"@id\":\"https:\/\/www.carideal.com\/blog\/#website\"},\"primaryImageOfPage\":{\"@id\":\"https:\/\/www.carideal.com\/blog\/2013\/01\/23\/audi-mercedes-bmw-un-trio-de-luxe\/#primaryimage\"},\"image\":{\"@id\":\"https:\/\/www.carideal.com\/blog\/2013\/01\/23\/audi-mercedes-bmw-un-trio-de-luxe\/#primaryimage\"},\"thumbnailUrl\":\"https:\/\/www.carideal.com\/blog\/wp-content\/uploads\/2013\/01\/audi-bmw-mercedes-e1538933744773.jpg\",\"datePublished\":\"2013-01-23T09:57:00+00:00\",\"dateModified\":\"2020-03-07T21:40:29+00:00\",\"description\":\"La Voiture de luxe se vend bien, pour preuve les trois constructeurs allemand, Audi BMW et Mercedes ont vendu \u00e0 eux trois 10 % du chiffre d'affaire Auto.\",\"breadcrumb\":{\"@id\":\"https:\/\/www.carideal.com\/blog\/2013\/01\/23\/audi-mercedes-bmw-un-trio-de-luxe\/#breadcrumb\"},\"inLanguage\":\"fr-FR\",\"potentialAction\":[{\"@type\":\"ReadAction\",\"target\":[\"https:\/\/www.carideal.com\/blog\/2013\/01\/23\/audi-mercedes-bmw-un-trio-de-luxe\/\"]}]},{\"@type\":\"ImageObject\",\"inLanguage\":\"fr-FR\",\"@id\":\"https:\/\/www.carideal.com\/blog\/2013\/01\/23\/audi-mercedes-bmw-un-trio-de-luxe\/#primaryimage\",\"url\":\"https:\/\/www.carideal.com\/blog\/wp-content\/uploads\/2013\/01\/audi-bmw-mercedes-e1538933744773.jpg\",\"contentUrl\":\"https:\/\/www.carideal.com\/blog\/wp-content\/uploads\/2013\/01\/audi-bmw-mercedes-e1538933744773.jpg\",\"width\":800,\"height\":485,\"caption\":\"Voiture de luxe le trio Audi Mercedes BMW\"},{\"@type\":\"BreadcrumbList\",\"@id\":\"https:\/\/www.carideal.com\/blog\/2013\/01\/23\/audi-mercedes-bmw-un-trio-de-luxe\/#breadcrumb\",\"itemListElement\":[{\"@type\":\"ListItem\",\"position\":1,\"name\":\"Blog Carid\u00e9al\",\"item\":\"https:\/\/www.carideal.com\/blog\/\"},{\"@type\":\"ListItem\",\"position\":2,\"name\":\"March\u00e9 automobile\",\"item\":\"https:\/\/www.carideal.com\/blog\/marche-automobile-voiture-neuve-occasion-4x4-suv\/\"},{\"@type\":\"ListItem\",\"position\":3,\"name\":\"Voiture de luxe le trio Audi Mercedes BMW\"}]},{\"@type\":\"WebSite\",\"@id\":\"https:\/\/www.carideal.com\/blog\/#website\",\"url\":\"https:\/\/www.carideal.com\/blog\/\",\"name\":\"Blog auto Carid\u00e9al\",\"description\":\"Actualit\u00e9 auto par des passionn\u00e9s\",\"publisher\":{\"@id\":\"https:\/\/www.carideal.com\/blog\/#organization\"},\"potentialAction\":[{\"@type\":\"SearchAction\",\"target\":{\"@type\":\"EntryPoint\",\"urlTemplate\":\"https:\/\/www.carideal.com\/blog\/?s={search_term_string}\"},\"query-input\":{\"@type\":\"PropertyValueSpecification\",\"valueRequired\":true,\"valueName\":\"search_term_string\"}}],\"inLanguage\":\"fr-FR\"},{\"@type\":\"Organization\",\"@id\":\"https:\/\/www.carideal.com\/blog\/#organization\",\"name\":\"Carideal\",\"url\":\"https:\/\/www.carideal.com\/blog\/\",\"logo\":{\"@type\":\"ImageObject\",\"inLanguage\":\"fr-FR\",\"@id\":\"https:\/\/www.carideal.com\/blog\/#\/schema\/logo\/image\/\",\"url\":\"http:\/\/www.carideal.com\/blog\/wp-content\/uploads\/2016\/03\/logo-carideal-mandataire-automobile.png\",\"contentUrl\":\"http:\/\/www.carideal.com\/blog\/wp-content\/uploads\/2016\/03\/logo-carideal-mandataire-automobile.png\",\"width\":300,\"height\":300,\"caption\":\"Carideal\"},\"image\":{\"@id\":\"https:\/\/www.carideal.com\/blog\/#\/schema\/logo\/image\/\"},\"sameAs\":[\"https:\/\/www.facebook.com\/Carideal.mandataire.automobile\",\"https:\/\/x.com\/caridealauto\",\"https:\/\/www.instagram.com\/carideal1\/\",\"https:\/\/www.linkedin.com\/company\/carideal.com\",\"https:\/\/fr.pinterest.com\/schiavonsas\/\",\"https:\/\/www.youtube.com\/user\/caridealsas\"]},{\"@type\":\"Person\",\"@id\":\"https:\/\/www.carideal.com\/blog\/#\/schema\/person\/985c7e757d1042d647f21bfaf8d41ebc\",\"name\":\"N.S Carideal\",\"image\":{\"@type\":\"ImageObject\",\"inLanguage\":\"fr-FR\",\"@id\":\"https:\/\/www.carideal.com\/blog\/#\/schema\/person\/image\/\",\"url\":\"https:\/\/secure.gravatar.com\/avatar\/edb7ccdf1a4e3d14aef967760d354d0e?s=96&r=g\",\"contentUrl\":\"https:\/\/secure.gravatar.com\/avatar\/edb7ccdf1a4e3d14aef967760d354d0e?s=96&r=g\",\"caption\":\"N.S Carideal\"},\"description\":\"Depuis tout petit fan d'automobile. Il est question d'essayer et de comparer toutes ces voitures qui nous ont fait r\u00e9ver, avant que celles-ci ne devient uniquement des voitures de collection.\",\"sameAs\":[\"http:\/\/www.carideal.com\/blog\",\"https:\/\/www.facebook.com\/Carideal.mandataire.automobile\/\",\"https:\/\/www.linkedin.com\/in\/nschiavon\/\",\"https:\/\/www.youtube.com\/user\/caridealsas\/\"],\"url\":\"https:\/\/www.carideal.com\/blog\/author\/admin_carideal\/\"}]}<\/script>\n<!-- \/ Yoast SEO plugin. -->","yoast_head_json":{"title":"Voiture de luxe le trio Audi Mercedes BMW - Blog auto Carid\u00e9al","description":"La Voiture de luxe se vend bien, pour preuve les trois constructeurs allemand, Audi BMW et Mercedes ont vendu \u00e0 eux trois 10 % du chiffre d'affaire Auto.","robots":{"index":"index","follow":"follow","max-snippet":"max-snippet:-1","max-image-preview":"max-image-preview:large","max-video-preview":"max-video-preview:-1"},"canonical":"https:\/\/www.carideal.com\/blog\/2013\/01\/23\/audi-mercedes-bmw-un-trio-de-luxe\/","og_locale":"fr_FR","og_type":"article","og_title":"Voiture de luxe le trio Audi Mercedes BMW - Blog auto Carid\u00e9al","og_description":"La Voiture de luxe se vend bien, pour preuve les trois constructeurs allemand, Audi BMW et Mercedes ont vendu \u00e0 eux trois 10 % du chiffre d'affaire Auto.","og_url":"https:\/\/www.carideal.com\/blog\/2013\/01\/23\/audi-mercedes-bmw-un-trio-de-luxe\/","og_site_name":"Blog auto Carid\u00e9al","article_publisher":"https:\/\/www.facebook.com\/Carideal.mandataire.automobile","article_author":"https:\/\/www.facebook.com\/Carideal.mandataire.automobile\/","article_published_time":"2013-01-23T09:57:00+00:00","article_modified_time":"2020-03-07T21:40:29+00:00","og_image":[{"width":800,"height":485,"url":"https:\/\/www.carideal.com\/blog\/wp-content\/uploads\/2013\/01\/audi-bmw-mercedes-e1538933744773.jpg","type":"image\/jpeg"}],"author":"N.S Carideal","twitter_card":"summary_large_image","twitter_creator":"@caridealauto","twitter_site":"@caridealauto","twitter_misc":{"\u00c9crit par":"N.S Carideal","Dur\u00e9e de lecture estim\u00e9e":"6 minutes"},"schema":{"@context":"https:\/\/schema.org","@graph":[{"@type":"Article","@id":"https:\/\/www.carideal.com\/blog\/2013\/01\/23\/audi-mercedes-bmw-un-trio-de-luxe\/#article","isPartOf":{"@id":"https:\/\/www.carideal.com\/blog\/2013\/01\/23\/audi-mercedes-bmw-un-trio-de-luxe\/"},"author":{"name":"N.S Carideal","@id":"https:\/\/www.carideal.com\/blog\/#\/schema\/person\/985c7e757d1042d647f21bfaf8d41ebc"},"headline":"Voiture de luxe le trio Audi Mercedes BMW","datePublished":"2013-01-23T09:57:00+00:00","dateModified":"2020-03-07T21:40:29+00:00","mainEntityOfPage":{"@id":"https:\/\/www.carideal.com\/blog\/2013\/01\/23\/audi-mercedes-bmw-un-trio-de-luxe\/"},"wordCount":1265,"commentCount":0,"publisher":{"@id":"https:\/\/www.carideal.com\/blog\/#organization"},"image":{"@id":"https:\/\/www.carideal.com\/blog\/2013\/01\/23\/audi-mercedes-bmw-un-trio-de-luxe\/#primaryimage"},"thumbnailUrl":"https:\/\/www.carideal.com\/blog\/wp-content\/uploads\/2013\/01\/audi-bmw-mercedes-e1538933744773.jpg","keywords":["Berline de luxe","Meilleure voiture","voiture de luxe"],"articleSection":["Actualit\u00e9 Audi","Actualit\u00e9 BMW","Actualit\u00e9 Constructeur automobile","Actualit\u00e9 Lamborghini","Actualit\u00e9 Mercedes","Berlines","March\u00e9 automobile","Type de v\u00e9hicule"],"inLanguage":"fr-FR","potentialAction":[{"@type":"CommentAction","name":"Comment","target":["https:\/\/www.carideal.com\/blog\/2013\/01\/23\/audi-mercedes-bmw-un-trio-de-luxe\/#respond"]}]},{"@type":"WebPage","@id":"https:\/\/www.carideal.com\/blog\/2013\/01\/23\/audi-mercedes-bmw-un-trio-de-luxe\/","url":"https:\/\/www.carideal.com\/blog\/2013\/01\/23\/audi-mercedes-bmw-un-trio-de-luxe\/","name":"Voiture de luxe le trio Audi Mercedes BMW - Blog auto Carid\u00e9al","isPartOf":{"@id":"https:\/\/www.carideal.com\/blog\/#website"},"primaryImageOfPage":{"@id":"https:\/\/www.carideal.com\/blog\/2013\/01\/23\/audi-mercedes-bmw-un-trio-de-luxe\/#primaryimage"},"image":{"@id":"https:\/\/www.carideal.com\/blog\/2013\/01\/23\/audi-mercedes-bmw-un-trio-de-luxe\/#primaryimage"},"thumbnailUrl":"https:\/\/www.carideal.com\/blog\/wp-content\/uploads\/2013\/01\/audi-bmw-mercedes-e1538933744773.jpg","datePublished":"2013-01-23T09:57:00+00:00","dateModified":"2020-03-07T21:40:29+00:00","description":"La Voiture de luxe se vend bien, pour preuve les trois constructeurs allemand, Audi BMW et Mercedes ont vendu \u00e0 eux trois 10 % du chiffre d'affaire Auto.","breadcrumb":{"@id":"https:\/\/www.carideal.com\/blog\/2013\/01\/23\/audi-mercedes-bmw-un-trio-de-luxe\/#breadcrumb"},"inLanguage":"fr-FR","potentialAction":[{"@type":"ReadAction","target":["https:\/\/www.carideal.com\/blog\/2013\/01\/23\/audi-mercedes-bmw-un-trio-de-luxe\/"]}]},{"@type":"ImageObject","inLanguage":"fr-FR","@id":"https:\/\/www.carideal.com\/blog\/2013\/01\/23\/audi-mercedes-bmw-un-trio-de-luxe\/#primaryimage","url":"https:\/\/www.carideal.com\/blog\/wp-content\/uploads\/2013\/01\/audi-bmw-mercedes-e1538933744773.jpg","contentUrl":"https:\/\/www.carideal.com\/blog\/wp-content\/uploads\/2013\/01\/audi-bmw-mercedes-e1538933744773.jpg","width":800,"height":485,"caption":"Voiture de luxe le trio Audi Mercedes BMW"},{"@type":"BreadcrumbList","@id":"https:\/\/www.carideal.com\/blog\/2013\/01\/23\/audi-mercedes-bmw-un-trio-de-luxe\/#breadcrumb","itemListElement":[{"@type":"ListItem","position":1,"name":"Blog Carid\u00e9al","item":"https:\/\/www.carideal.com\/blog\/"},{"@type":"ListItem","position":2,"name":"March\u00e9 automobile","item":"https:\/\/www.carideal.com\/blog\/marche-automobile-voiture-neuve-occasion-4x4-suv\/"},{"@type":"ListItem","position":3,"name":"Voiture de luxe le trio Audi Mercedes BMW"}]},{"@type":"WebSite","@id":"https:\/\/www.carideal.com\/blog\/#website","url":"https:\/\/www.carideal.com\/blog\/","name":"Blog auto Carid\u00e9al","description":"Actualit\u00e9 auto par des passionn\u00e9s","publisher":{"@id":"https:\/\/www.carideal.com\/blog\/#organization"},"potentialAction":[{"@type":"SearchAction","target":{"@type":"EntryPoint","urlTemplate":"https:\/\/www.carideal.com\/blog\/?s={search_term_string}"},"query-input":{"@type":"PropertyValueSpecification","valueRequired":true,"valueName":"search_term_string"}}],"inLanguage":"fr-FR"},{"@type":"Organization","@id":"https:\/\/www.carideal.com\/blog\/#organization","name":"Carideal","url":"https:\/\/www.carideal.com\/blog\/","logo":{"@type":"ImageObject","inLanguage":"fr-FR","@id":"https:\/\/www.carideal.com\/blog\/#\/schema\/logo\/image\/","url":"http:\/\/www.carideal.com\/blog\/wp-content\/uploads\/2016\/03\/logo-carideal-mandataire-automobile.png","contentUrl":"http:\/\/www.carideal.com\/blog\/wp-content\/uploads\/2016\/03\/logo-carideal-mandataire-automobile.png","width":300,"height":300,"caption":"Carideal"},"image":{"@id":"https:\/\/www.carideal.com\/blog\/#\/schema\/logo\/image\/"},"sameAs":["https:\/\/www.facebook.com\/Carideal.mandataire.automobile","https:\/\/x.com\/caridealauto","https:\/\/www.instagram.com\/carideal1\/","https:\/\/www.linkedin.com\/company\/carideal.com","https:\/\/fr.pinterest.com\/schiavonsas\/","https:\/\/www.youtube.com\/user\/caridealsas"]},{"@type":"Person","@id":"https:\/\/www.carideal.com\/blog\/#\/schema\/person\/985c7e757d1042d647f21bfaf8d41ebc","name":"N.S Carideal","image":{"@type":"ImageObject","inLanguage":"fr-FR","@id":"https:\/\/www.carideal.com\/blog\/#\/schema\/person\/image\/","url":"https:\/\/secure.gravatar.com\/avatar\/edb7ccdf1a4e3d14aef967760d354d0e?s=96&r=g","contentUrl":"https:\/\/secure.gravatar.com\/avatar\/edb7ccdf1a4e3d14aef967760d354d0e?s=96&r=g","caption":"N.S Carideal"},"description":"Depuis tout petit fan d'automobile. Il est question d'essayer et de comparer toutes ces voitures qui nous ont fait r\u00e9ver, avant que celles-ci ne devient uniquement des voitures de collection.","sameAs":["http:\/\/www.carideal.com\/blog","https:\/\/www.facebook.com\/Carideal.mandataire.automobile\/","https:\/\/www.linkedin.com\/in\/nschiavon\/","https:\/\/www.youtube.com\/user\/caridealsas\/"],"url":"https:\/\/www.carideal.com\/blog\/author\/admin_carideal\/"}]}},"uagb_featured_image_src":{"full":["https:\/\/www.carideal.com\/blog\/wp-content\/uploads\/2013\/01\/audi-bmw-mercedes-e1538933744773.jpg",800,485,false],"thumbnail":["https:\/\/www.carideal.com\/blog\/wp-content\/uploads\/2013\/01\/audi-bmw-mercedes-150x150.jpg",150,150,true],"medium":["https:\/\/www.carideal.com\/blog\/wp-content\/uploads\/2013\/01\/audi-bmw-mercedes-300x182.jpg",300,182,true],"medium_large":["https:\/\/www.carideal.com\/blog\/wp-content\/uploads\/2013\/01\/audi-bmw-mercedes-768x465.jpg",768,465,true],"large":["https:\/\/www.carideal.com\/blog\/wp-content\/uploads\/2013\/01\/audi-bmw-mercedes-e1538933744773.jpg",800,485,false],"1536x1536":["https:\/\/www.carideal.com\/blog\/wp-content\/uploads\/2013\/01\/audi-bmw-mercedes-e1538933744773.jpg",800,485,false],"2048x2048":["https:\/\/www.carideal.com\/blog\/wp-content\/uploads\/2013\/01\/audi-bmw-mercedes-e1538933744773.jpg",800,485,false],"wppr-widget":["https:\/\/www.carideal.com\/blog\/wp-content\/uploads\/2013\/01\/audi-bmw-mercedes-50x30.jpg",50,30,true]},"uagb_author_info":{"display_name":"N.S Carideal","author_link":"https:\/\/www.carideal.com\/blog\/author\/admin_carideal\/"},"uagb_comment_info":0,"uagb_excerpt":"Les trois marques allemandes de voiture de luxe\u00a0ont vendu 4 millions de voitures en 2011, soit 10% du chiffre d'affaires de l'ensemble des constructeurs automobiles. Pendant de nombreuses ann\u00e9es, entre 1920 et 1960, le monde automobile \u00e9tait simple. Deux cat\u00e9gories se partageaient\u00a0: les marques populaires, pour le grand nombre, et les luxueuses ou les voitures\u2026","_links":{"self":[{"href":"https:\/\/www.carideal.com\/blog\/wp-json\/wp\/v2\/posts\/1285"}],"collection":[{"href":"https:\/\/www.carideal.com\/blog\/wp-json\/wp\/v2\/posts"}],"about":[{"href":"https:\/\/www.carideal.com\/blog\/wp-json\/wp\/v2\/types\/post"}],"author":[{"embeddable":true,"href":"https:\/\/www.carideal.com\/blog\/wp-json\/wp\/v2\/users\/1"}],"replies":[{"embeddable":true,"href":"https:\/\/www.carideal.com\/blog\/wp-json\/wp\/v2\/comments?post=1285"}],"version-history":[{"count":0,"href":"https:\/\/www.carideal.com\/blog\/wp-json\/wp\/v2\/posts\/1285\/revisions"}],"wp:featuredmedia":[{"embeddable":true,"href":"https:\/\/www.carideal.com\/blog\/wp-json\/wp\/v2\/media\/17621"}],"wp:attachment":[{"href":"https:\/\/www.carideal.com\/blog\/wp-json\/wp\/v2\/media?parent=1285"}],"wp:term":[{"taxonomy":"category","embeddable":true,"href":"https:\/\/www.carideal.com\/blog\/wp-json\/wp\/v2\/categories?post=1285"},{"taxonomy":"post_tag","embeddable":true,"href":"https:\/\/www.carideal.com\/blog\/wp-json\/wp\/v2\/tags?post=1285"}],"curies":[{"name":"wp","href":"https:\/\/api.w.org\/{rel}","templated":true}]}}