{"id":1284,"date":"2013-01-22T13:37:00","date_gmt":"2013-01-22T13:37:00","guid":{"rendered":"http:\/\/carideal.com\/blog\/?p=1284"},"modified":"2016-06-26T10:54:49","modified_gmt":"2016-06-26T08:54:49","slug":"mini-paceman","status":"publish","type":"post","link":"https:\/\/www.carideal.com\/blog\/2013\/01\/22\/mini-paceman\/","title":{"rendered":"La Mini Paceman se pr\u00e9sente"},"content":{"rendered":"<figure style=\"width: 438px\" class=\"wp-caption alignnone\"><img loading=\"lazy\" decoding=\"async\" title=\"La Mini Paceman se pr\u00e9sente\" src=\"\/blog\/public\/.MINI-Paceman-bleu_m.jpg\" alt=\"La Mini Paceman se pr\u00e9sente\" width=\"448\" height=\"313\" \/><figcaption class=\"wp-caption-text\">La Mini Paceman se pr\u00e9sente<\/figcaption><\/figure>\n<h1><strong>La Mini Paceman se pr\u00e9sente<\/strong><\/h1>\n<p>Cooper S<br \/>\n-essence 184 ch<br \/>\n-Lancement en mars 2013<\/p>\n<h2><strong>Pourquoi s'arr\u00eater ? Arrive la Mini Paceman<\/strong><\/h2>\n<p>Onze ans que la Mini \u00e9gaye moult capitales europ\u00e9ennes. Onze ans qu'elle permet \u00e0 ses clients de se sentir unique, en leur laissant le choix de la couleur de ses jantes, de son toit, de ses r\u00e9tros. Deux ans, enfin, que le Countryman, mod\u00e8le le plus singulier d'une famille jusqu'alors bas\u00e9e sur la Mini classique ( cabriolet, break, coup\u00e9, roadster ), a trouv\u00e9 sa place sur le march\u00e9 des crossover urbains. Il s\u00e9duit le public\u00a0? Alors, Mini le d\u00e9cline\u00a0: il devient coup\u00e9 aujourd'hui, peut \u00eatre cabriolet demain, qui sait\u00a0: \u00e0 terme, c'est officiel, la gamme comptera dix mod\u00e8les.<br \/>\nDu countryman, ce nouveau Paceman reprend la face, et la planche de bord. Au-del\u00e0 de l'axe m\u00e9dian, tout diff\u00e8re\u00a0: vitrage lat\u00e9ral cintr\u00e9, ailes arri\u00e8re subtilement enfl\u00e9es, vastes feux arri\u00e8re qui empi\u00e8tent sur le hayon. L'ext\u00e9rieur y gagne, l'int\u00e9rieur y perd...<\/p>\n<p><img decoding=\"async\" title=\"mini-paceman-2013-arriere.jpg, janv. 2013\" src=\"\/blog\/public\/.mini-paceman-2013-arriere_m.jpg\" alt=\"mini-paceman-2013-arriere.jpg\" \/><\/p>\n<blockquote><p><strong>Avatar<\/strong>\u00a0: Septi\u00e8me variation sur le th\u00e8me de la Mini, le Paceman est factur\u00e9 4950\u20ac de plus que la petite berline...<\/p><\/blockquote>\n<h2>Ego\u00efste le Mini Paceman<\/h2>\n<p>Le volume de coffre chute de 440 \u00e0 330l. La modularit\u00e9 en p\u00e2tit\u00a0: plus de si\u00e8ges arri\u00e8res coulissants, plancher tr\u00e8s accident\u00e9 une fois les dossiers rabattus, banquette trois places indisponible. Quand \u00e0 l'espace ou la facilit\u00e9 d'acc\u00e8s \u00e0 l'arri\u00e8re, ils r\u00e9gressent logiquement.<br \/>\nEn d\u00e9pit de sa ligne dynamique et du moteur puissant de notre mod\u00e8le d'essai ( 1.6 turbo de 184 ch ), le Paceman n'offre pas le m\u00eame plaisir au volant que la Mini classique. Le poids, plus \u00e9lev\u00e9 ( de 165 kg ), temp\u00e8re les ardeurs de l'excellent moteur. La motricit\u00e9 demeure perfectible sur une chauss\u00e9e humide ( il existe une version 4x4 ). Enfin, les capacit\u00e9s en tout chemin restent quasi-nulles, avec une garde au sol limit\u00e9e \u00e0 14cm. Ainsi, le Paceman ne s'adresse ni aux familles, ni aux sportifs, ni aux aventuriers. Simplement aux citadins sans enfants, lass\u00e9s du confort trop sec et du petit coffre de leur Mini classique. La cible est \u00e9troite\u00a0? Oui, comme souvent chez Mini... qui ne s'est jamais plaint de la rentabilit\u00e9 de ses atypiques mod\u00e8les.<\/p>\n<h2>Bilan du Mini Paceman<\/h2>\n<p>Le <strong>Mini Paceman est plus cher<\/strong>, moins pratique, et pas plus sportif que la Countryman. Son v\u00e9ritable int\u00e9r\u00eat\u00a0? R\u00e9parer les d\u00e9fauts de la Mini classique\u00a0: confort plus doux, coffre plus spacieux, position de conduite plus haute id\u00e9ale en ville. Sans oublier sa ligne, encore plus diff\u00e9renciante du commun des automobiles. Pour cette derni\u00e8re raison et une certaine frange de clients, il deviendra donc indispensable !<\/p>\n<p><img decoding=\"async\" title=\"Mini-Paceman-interieur.jpg, janv. 2013\" src=\"\/blog\/public\/.Mini-Paceman-interieur_m.jpg\" alt=\"Mini-Paceman-interieur.jpg\" \/><\/p>\n<blockquote><p>Copier-coll\u00e9\u00a0: La planche de bord est celle du Countryman... qui s'inspirait d\u00e9j\u00e0 de celle de la Mini. Unique diff\u00e9rence\u00a0: les commandes de vitres quittent la console centrale, et rejoignent les contre-portes.<\/p><\/blockquote>\n<p><img decoding=\"async\" title=\"Mini-Paceman-banquette-arriere.jpg, janv. 2013\" src=\"\/blog\/public\/.Mini-Paceman-banquette-arriere_m.jpg\" alt=\"Mini-Paceman-banquette-arriere.jpg\" \/><\/p>\n<blockquote><p><strong>Parti pris<\/strong>\u00a0: Le Countryman laisse le choix entre banquette \u00e0 trois places ou deux si\u00e8ges individuels. Le Paceman lui, ne retient que la derni\u00e8re configuration.<\/p><\/blockquote>\n","protected":false},"excerpt":{"rendered":"<p>La Mini Paceman se pr\u00e9sente Cooper S -essence 184 ch -Lancement en mars 2013 Pourquoi s&rsquo;arr\u00eater ? Arrive la Mini Paceman Onze ans que la Mini \u00e9gaye moult capitales europ\u00e9ennes. Onze ans qu&rsquo;elle permet \u00e0 ses clients de se sentir unique, en leur laissant le choix de la couleur de ses jantes, de son toit, &#8230; <a title=\"La Mini Paceman se pr\u00e9sente\" class=\"read-more\" href=\"https:\/\/www.carideal.com\/blog\/2013\/01\/22\/mini-paceman\/\" aria-label=\"En savoir plus sur La Mini Paceman se pr\u00e9sente\">Lire plus<\/a><\/p>\n","protected":false},"author":1,"featured_media":0,"comment_status":"open","ping_status":"open","sticky":false,"template":"","format":"standard","meta":{"_uag_custom_page_level_css":"","_themeisle_gutenberg_block_has_review":false,"footnotes":""},"categories":[5944,6045,5947,6155,10,6023,5974],"tags":[],"class_list":["post-1284","post","type-post","status-publish","format-standard","hentry","category-constructeur","category-mini","category-essai","category-essais-mini","category-marche-automobile-voiture-neuve-occasion-4x4-suv","category-monospace","category-type-de-vehicule"],"wppr_data":[],"yoast_head":"<!-- This site is optimized with the Yoast SEO plugin v24.8.1 - https:\/\/yoast.com\/wordpress\/plugins\/seo\/ -->\n<title>La Mini Paceman se pr\u00e9sente - Blog auto Carid\u00e9al<\/title>\n<meta name=\"robots\" content=\"index, follow, max-snippet:-1, max-image-preview:large, max-video-preview:-1\" \/>\n<link rel=\"canonical\" href=\"https:\/\/www.carideal.com\/blog\/2013\/01\/22\/mini-paceman\/\" \/>\n<meta property=\"og:locale\" content=\"fr_FR\" \/>\n<meta property=\"og:type\" content=\"article\" \/>\n<meta property=\"og:title\" content=\"La Mini Paceman se pr\u00e9sente - Blog auto Carid\u00e9al\" \/>\n<meta property=\"og:description\" content=\"La Mini Paceman se pr\u00e9sente Cooper S -essence 184 ch -Lancement en mars 2013 Pourquoi s&#039;arr\u00eater ? Arrive la Mini Paceman Onze ans que la Mini \u00e9gaye moult capitales europ\u00e9ennes. Onze ans qu&#039;elle permet \u00e0 ses clients de se sentir unique, en leur laissant le choix de la couleur de ses jantes, de son toit, ... Lire plus\" \/>\n<meta property=\"og:url\" content=\"https:\/\/www.carideal.com\/blog\/2013\/01\/22\/mini-paceman\/\" \/>\n<meta property=\"og:site_name\" content=\"Blog auto Carid\u00e9al\" \/>\n<meta property=\"article:publisher\" content=\"https:\/\/www.facebook.com\/Carideal.mandataire.automobile\" \/>\n<meta property=\"article:author\" content=\"https:\/\/www.facebook.com\/Carideal.mandataire.automobile\/\" \/>\n<meta property=\"article:published_time\" content=\"2013-01-22T13:37:00+00:00\" \/>\n<meta property=\"article:modified_time\" content=\"2016-06-26T08:54:49+00:00\" \/>\n<meta property=\"og:image\" content=\"https:\/\/www.carideal.com\/blog\/wp-content\/uploads\/2016\/03\/logo-carideal-mandataire-automobile.png\" \/>\n\t<meta property=\"og:image:width\" content=\"300\" \/>\n\t<meta property=\"og:image:height\" content=\"300\" \/>\n\t<meta property=\"og:image:type\" content=\"image\/png\" \/>\n<meta name=\"author\" content=\"N.S Carideal\" \/>\n<meta name=\"twitter:card\" content=\"summary_large_image\" \/>\n<meta name=\"twitter:creator\" content=\"@caridealauto\" \/>\n<meta name=\"twitter:site\" content=\"@caridealauto\" \/>\n<meta name=\"twitter:label1\" content=\"\u00c9crit par\" \/>\n\t<meta name=\"twitter:data1\" content=\"N.S Carideal\" \/>\n\t<meta name=\"twitter:label2\" content=\"Dur\u00e9e de lecture estim\u00e9e\" \/>\n\t<meta name=\"twitter:data2\" content=\"3 minutes\" \/>\n<script type=\"application\/ld+json\" class=\"yoast-schema-graph\">{\"@context\":\"https:\/\/schema.org\",\"@graph\":[{\"@type\":\"Article\",\"@id\":\"https:\/\/www.carideal.com\/blog\/2013\/01\/22\/mini-paceman\/#article\",\"isPartOf\":{\"@id\":\"https:\/\/www.carideal.com\/blog\/2013\/01\/22\/mini-paceman\/\"},\"author\":{\"name\":\"N.S Carideal\",\"@id\":\"https:\/\/www.carideal.com\/blog\/#\/schema\/person\/985c7e757d1042d647f21bfaf8d41ebc\"},\"headline\":\"La Mini Paceman se pr\u00e9sente\",\"datePublished\":\"2013-01-22T13:37:00+00:00\",\"dateModified\":\"2016-06-26T08:54:49+00:00\",\"mainEntityOfPage\":{\"@id\":\"https:\/\/www.carideal.com\/blog\/2013\/01\/22\/mini-paceman\/\"},\"wordCount\":526,\"commentCount\":0,\"publisher\":{\"@id\":\"https:\/\/www.carideal.com\/blog\/#organization\"},\"articleSection\":[\"Actualit\u00e9 Constructeur automobile\",\"Actualit\u00e9 Mini\",\"Essais automobile\",\"Essais Mini\",\"March\u00e9 automobile\",\"Monospace\",\"Type de v\u00e9hicule\"],\"inLanguage\":\"fr-FR\",\"potentialAction\":[{\"@type\":\"CommentAction\",\"name\":\"Comment\",\"target\":[\"https:\/\/www.carideal.com\/blog\/2013\/01\/22\/mini-paceman\/#respond\"]}]},{\"@type\":\"WebPage\",\"@id\":\"https:\/\/www.carideal.com\/blog\/2013\/01\/22\/mini-paceman\/\",\"url\":\"https:\/\/www.carideal.com\/blog\/2013\/01\/22\/mini-paceman\/\",\"name\":\"La Mini Paceman se pr\u00e9sente - Blog auto Carid\u00e9al\",\"isPartOf\":{\"@id\":\"https:\/\/www.carideal.com\/blog\/#website\"},\"datePublished\":\"2013-01-22T13:37:00+00:00\",\"dateModified\":\"2016-06-26T08:54:49+00:00\",\"breadcrumb\":{\"@id\":\"https:\/\/www.carideal.com\/blog\/2013\/01\/22\/mini-paceman\/#breadcrumb\"},\"inLanguage\":\"fr-FR\",\"potentialAction\":[{\"@type\":\"ReadAction\",\"target\":[\"https:\/\/www.carideal.com\/blog\/2013\/01\/22\/mini-paceman\/\"]}]},{\"@type\":\"BreadcrumbList\",\"@id\":\"https:\/\/www.carideal.com\/blog\/2013\/01\/22\/mini-paceman\/#breadcrumb\",\"itemListElement\":[{\"@type\":\"ListItem\",\"position\":1,\"name\":\"Blog Carid\u00e9al\",\"item\":\"https:\/\/www.carideal.com\/blog\/\"},{\"@type\":\"ListItem\",\"position\":2,\"name\":\"March\u00e9 automobile\",\"item\":\"https:\/\/www.carideal.com\/blog\/marche-automobile-voiture-neuve-occasion-4x4-suv\/\"},{\"@type\":\"ListItem\",\"position\":3,\"name\":\"La Mini Paceman se pr\u00e9sente\"}]},{\"@type\":\"WebSite\",\"@id\":\"https:\/\/www.carideal.com\/blog\/#website\",\"url\":\"https:\/\/www.carideal.com\/blog\/\",\"name\":\"Blog auto Carid\u00e9al\",\"description\":\"Actualit\u00e9 auto par des passionn\u00e9s\",\"publisher\":{\"@id\":\"https:\/\/www.carideal.com\/blog\/#organization\"},\"potentialAction\":[{\"@type\":\"SearchAction\",\"target\":{\"@type\":\"EntryPoint\",\"urlTemplate\":\"https:\/\/www.carideal.com\/blog\/?s={search_term_string}\"},\"query-input\":{\"@type\":\"PropertyValueSpecification\",\"valueRequired\":true,\"valueName\":\"search_term_string\"}}],\"inLanguage\":\"fr-FR\"},{\"@type\":\"Organization\",\"@id\":\"https:\/\/www.carideal.com\/blog\/#organization\",\"name\":\"Carideal\",\"url\":\"https:\/\/www.carideal.com\/blog\/\",\"logo\":{\"@type\":\"ImageObject\",\"inLanguage\":\"fr-FR\",\"@id\":\"https:\/\/www.carideal.com\/blog\/#\/schema\/logo\/image\/\",\"url\":\"http:\/\/www.carideal.com\/blog\/wp-content\/uploads\/2016\/03\/logo-carideal-mandataire-automobile.png\",\"contentUrl\":\"http:\/\/www.carideal.com\/blog\/wp-content\/uploads\/2016\/03\/logo-carideal-mandataire-automobile.png\",\"width\":300,\"height\":300,\"caption\":\"Carideal\"},\"image\":{\"@id\":\"https:\/\/www.carideal.com\/blog\/#\/schema\/logo\/image\/\"},\"sameAs\":[\"https:\/\/www.facebook.com\/Carideal.mandataire.automobile\",\"https:\/\/x.com\/caridealauto\",\"https:\/\/www.instagram.com\/carideal1\/\",\"https:\/\/www.linkedin.com\/company\/carideal.com\",\"https:\/\/fr.pinterest.com\/schiavonsas\/\",\"https:\/\/www.youtube.com\/user\/caridealsas\"]},{\"@type\":\"Person\",\"@id\":\"https:\/\/www.carideal.com\/blog\/#\/schema\/person\/985c7e757d1042d647f21bfaf8d41ebc\",\"name\":\"N.S Carideal\",\"image\":{\"@type\":\"ImageObject\",\"inLanguage\":\"fr-FR\",\"@id\":\"https:\/\/www.carideal.com\/blog\/#\/schema\/person\/image\/\",\"url\":\"https:\/\/secure.gravatar.com\/avatar\/edb7ccdf1a4e3d14aef967760d354d0e?s=96&r=g\",\"contentUrl\":\"https:\/\/secure.gravatar.com\/avatar\/edb7ccdf1a4e3d14aef967760d354d0e?s=96&r=g\",\"caption\":\"N.S Carideal\"},\"description\":\"Depuis tout petit fan d'automobile. Il est question d'essayer et de comparer toutes ces voitures qui nous ont fait r\u00e9ver, avant que celles-ci ne devient uniquement des voitures de collection.\",\"sameAs\":[\"http:\/\/www.carideal.com\/blog\",\"https:\/\/www.facebook.com\/Carideal.mandataire.automobile\/\",\"https:\/\/www.linkedin.com\/in\/nschiavon\/\",\"https:\/\/www.youtube.com\/user\/caridealsas\/\"],\"url\":\"https:\/\/www.carideal.com\/blog\/author\/admin_carideal\/\"}]}<\/script>\n<!-- \/ Yoast SEO plugin. -->","yoast_head_json":{"title":"La Mini Paceman se pr\u00e9sente - Blog auto Carid\u00e9al","robots":{"index":"index","follow":"follow","max-snippet":"max-snippet:-1","max-image-preview":"max-image-preview:large","max-video-preview":"max-video-preview:-1"},"canonical":"https:\/\/www.carideal.com\/blog\/2013\/01\/22\/mini-paceman\/","og_locale":"fr_FR","og_type":"article","og_title":"La Mini Paceman se pr\u00e9sente - Blog auto Carid\u00e9al","og_description":"La Mini Paceman se pr\u00e9sente Cooper S -essence 184 ch -Lancement en mars 2013 Pourquoi s'arr\u00eater ? Arrive la Mini Paceman Onze ans que la Mini \u00e9gaye moult capitales europ\u00e9ennes. Onze ans qu'elle permet \u00e0 ses clients de se sentir unique, en leur laissant le choix de la couleur de ses jantes, de son toit, ... Lire plus","og_url":"https:\/\/www.carideal.com\/blog\/2013\/01\/22\/mini-paceman\/","og_site_name":"Blog auto Carid\u00e9al","article_publisher":"https:\/\/www.facebook.com\/Carideal.mandataire.automobile","article_author":"https:\/\/www.facebook.com\/Carideal.mandataire.automobile\/","article_published_time":"2013-01-22T13:37:00+00:00","article_modified_time":"2016-06-26T08:54:49+00:00","og_image":[{"width":300,"height":300,"url":"https:\/\/www.carideal.com\/blog\/wp-content\/uploads\/2016\/03\/logo-carideal-mandataire-automobile.png","type":"image\/png"}],"author":"N.S Carideal","twitter_card":"summary_large_image","twitter_creator":"@caridealauto","twitter_site":"@caridealauto","twitter_misc":{"\u00c9crit par":"N.S Carideal","Dur\u00e9e de lecture estim\u00e9e":"3 minutes"},"schema":{"@context":"https:\/\/schema.org","@graph":[{"@type":"Article","@id":"https:\/\/www.carideal.com\/blog\/2013\/01\/22\/mini-paceman\/#article","isPartOf":{"@id":"https:\/\/www.carideal.com\/blog\/2013\/01\/22\/mini-paceman\/"},"author":{"name":"N.S Carideal","@id":"https:\/\/www.carideal.com\/blog\/#\/schema\/person\/985c7e757d1042d647f21bfaf8d41ebc"},"headline":"La Mini Paceman se pr\u00e9sente","datePublished":"2013-01-22T13:37:00+00:00","dateModified":"2016-06-26T08:54:49+00:00","mainEntityOfPage":{"@id":"https:\/\/www.carideal.com\/blog\/2013\/01\/22\/mini-paceman\/"},"wordCount":526,"commentCount":0,"publisher":{"@id":"https:\/\/www.carideal.com\/blog\/#organization"},"articleSection":["Actualit\u00e9 Constructeur automobile","Actualit\u00e9 Mini","Essais automobile","Essais Mini","March\u00e9 automobile","Monospace","Type de v\u00e9hicule"],"inLanguage":"fr-FR","potentialAction":[{"@type":"CommentAction","name":"Comment","target":["https:\/\/www.carideal.com\/blog\/2013\/01\/22\/mini-paceman\/#respond"]}]},{"@type":"WebPage","@id":"https:\/\/www.carideal.com\/blog\/2013\/01\/22\/mini-paceman\/","url":"https:\/\/www.carideal.com\/blog\/2013\/01\/22\/mini-paceman\/","name":"La Mini Paceman se pr\u00e9sente - Blog auto Carid\u00e9al","isPartOf":{"@id":"https:\/\/www.carideal.com\/blog\/#website"},"datePublished":"2013-01-22T13:37:00+00:00","dateModified":"2016-06-26T08:54:49+00:00","breadcrumb":{"@id":"https:\/\/www.carideal.com\/blog\/2013\/01\/22\/mini-paceman\/#breadcrumb"},"inLanguage":"fr-FR","potentialAction":[{"@type":"ReadAction","target":["https:\/\/www.carideal.com\/blog\/2013\/01\/22\/mini-paceman\/"]}]},{"@type":"BreadcrumbList","@id":"https:\/\/www.carideal.com\/blog\/2013\/01\/22\/mini-paceman\/#breadcrumb","itemListElement":[{"@type":"ListItem","position":1,"name":"Blog Carid\u00e9al","item":"https:\/\/www.carideal.com\/blog\/"},{"@type":"ListItem","position":2,"name":"March\u00e9 automobile","item":"https:\/\/www.carideal.com\/blog\/marche-automobile-voiture-neuve-occasion-4x4-suv\/"},{"@type":"ListItem","position":3,"name":"La Mini Paceman se pr\u00e9sente"}]},{"@type":"WebSite","@id":"https:\/\/www.carideal.com\/blog\/#website","url":"https:\/\/www.carideal.com\/blog\/","name":"Blog auto Carid\u00e9al","description":"Actualit\u00e9 auto par des passionn\u00e9s","publisher":{"@id":"https:\/\/www.carideal.com\/blog\/#organization"},"potentialAction":[{"@type":"SearchAction","target":{"@type":"EntryPoint","urlTemplate":"https:\/\/www.carideal.com\/blog\/?s={search_term_string}"},"query-input":{"@type":"PropertyValueSpecification","valueRequired":true,"valueName":"search_term_string"}}],"inLanguage":"fr-FR"},{"@type":"Organization","@id":"https:\/\/www.carideal.com\/blog\/#organization","name":"Carideal","url":"https:\/\/www.carideal.com\/blog\/","logo":{"@type":"ImageObject","inLanguage":"fr-FR","@id":"https:\/\/www.carideal.com\/blog\/#\/schema\/logo\/image\/","url":"http:\/\/www.carideal.com\/blog\/wp-content\/uploads\/2016\/03\/logo-carideal-mandataire-automobile.png","contentUrl":"http:\/\/www.carideal.com\/blog\/wp-content\/uploads\/2016\/03\/logo-carideal-mandataire-automobile.png","width":300,"height":300,"caption":"Carideal"},"image":{"@id":"https:\/\/www.carideal.com\/blog\/#\/schema\/logo\/image\/"},"sameAs":["https:\/\/www.facebook.com\/Carideal.mandataire.automobile","https:\/\/x.com\/caridealauto","https:\/\/www.instagram.com\/carideal1\/","https:\/\/www.linkedin.com\/company\/carideal.com","https:\/\/fr.pinterest.com\/schiavonsas\/","https:\/\/www.youtube.com\/user\/caridealsas"]},{"@type":"Person","@id":"https:\/\/www.carideal.com\/blog\/#\/schema\/person\/985c7e757d1042d647f21bfaf8d41ebc","name":"N.S Carideal","image":{"@type":"ImageObject","inLanguage":"fr-FR","@id":"https:\/\/www.carideal.com\/blog\/#\/schema\/person\/image\/","url":"https:\/\/secure.gravatar.com\/avatar\/edb7ccdf1a4e3d14aef967760d354d0e?s=96&r=g","contentUrl":"https:\/\/secure.gravatar.com\/avatar\/edb7ccdf1a4e3d14aef967760d354d0e?s=96&r=g","caption":"N.S Carideal"},"description":"Depuis tout petit fan d'automobile. Il est question d'essayer et de comparer toutes ces voitures qui nous ont fait r\u00e9ver, avant que celles-ci ne devient uniquement des voitures de collection.","sameAs":["http:\/\/www.carideal.com\/blog","https:\/\/www.facebook.com\/Carideal.mandataire.automobile\/","https:\/\/www.linkedin.com\/in\/nschiavon\/","https:\/\/www.youtube.com\/user\/caridealsas\/"],"url":"https:\/\/www.carideal.com\/blog\/author\/admin_carideal\/"}]}},"uagb_featured_image_src":{"full":false,"thumbnail":false,"medium":false,"medium_large":false,"large":false,"1536x1536":false,"2048x2048":false,"wppr-widget":false},"uagb_author_info":{"display_name":"N.S Carideal","author_link":"https:\/\/www.carideal.com\/blog\/author\/admin_carideal\/"},"uagb_comment_info":0,"uagb_excerpt":"La Mini Paceman se pr\u00e9sente Cooper S -essence 184 ch -Lancement en mars 2013 Pourquoi s'arr\u00eater ? Arrive la Mini Paceman Onze ans que la Mini \u00e9gaye moult capitales europ\u00e9ennes. Onze ans qu'elle permet \u00e0 ses clients de se sentir unique, en leur laissant le choix de la couleur de ses jantes, de son toit,\u2026","_links":{"self":[{"href":"https:\/\/www.carideal.com\/blog\/wp-json\/wp\/v2\/posts\/1284"}],"collection":[{"href":"https:\/\/www.carideal.com\/blog\/wp-json\/wp\/v2\/posts"}],"about":[{"href":"https:\/\/www.carideal.com\/blog\/wp-json\/wp\/v2\/types\/post"}],"author":[{"embeddable":true,"href":"https:\/\/www.carideal.com\/blog\/wp-json\/wp\/v2\/users\/1"}],"replies":[{"embeddable":true,"href":"https:\/\/www.carideal.com\/blog\/wp-json\/wp\/v2\/comments?post=1284"}],"version-history":[{"count":0,"href":"https:\/\/www.carideal.com\/blog\/wp-json\/wp\/v2\/posts\/1284\/revisions"}],"wp:attachment":[{"href":"https:\/\/www.carideal.com\/blog\/wp-json\/wp\/v2\/media?parent=1284"}],"wp:term":[{"taxonomy":"category","embeddable":true,"href":"https:\/\/www.carideal.com\/blog\/wp-json\/wp\/v2\/categories?post=1284"},{"taxonomy":"post_tag","embeddable":true,"href":"https:\/\/www.carideal.com\/blog\/wp-json\/wp\/v2\/tags?post=1284"}],"curies":[{"name":"wp","href":"https:\/\/api.w.org\/{rel}","templated":true}]}}