{"id":1283,"date":"2013-01-22T10:03:00","date_gmt":"2013-01-22T10:03:00","guid":{"rendered":"http:\/\/carideal.com\/blog\/?p=1283"},"modified":"2020-03-07T22:40:29","modified_gmt":"2020-03-07T21:40:29","slug":"dacia-sandero-une-offre-a-part","status":"publish","type":"post","link":"https:\/\/www.carideal.com\/blog\/2013\/01\/22\/dacia-sandero-une-offre-a-part\/","title":{"rendered":"Essai Dacia Sandero une offre \u00e0 part"},"content":{"rendered":"<p><img decoding=\"async\" title=\"Dacia-Sandero-bleu.jpg, janv. 2013\" src=\"\/blog\/public\/.Dacia-Sandero-bleu_m.jpg\" alt=\"Dacia-Sandero-bleu.jpg\" \/><\/p>\n<h1><strong>Essai de la Dacia Sandero : une offre \u00e0 part<\/strong><\/h1>\n<blockquote><p>Dacia Sandero 1.5 dCi 75 Ambiance\u00a0diesel, 75 ch<\/p><\/blockquote>\n<h2>Look de la Dacia Sandero dans la bonne moyenne<\/h2>\n<p>Le style, ce n'est pas ce qui co\u00fbte le plus cher dans la conception d'une voiture. La Logan \u00e9tait n\u00e9e disgracieuse en 2005 avec ses airs de Renault 12. La Sandero a prouv\u00e9 trois ans plus tard qu'une low-cost pouvait \u00eatre \u00e9l\u00e9gante. Elle n'a pas la flui\u00addit\u00e9 de la Fiat Punto, le caract\u00e8re affirm\u00e9 par les g\u00e9n\u00e9rations de Renault Clio et Peugeot 207, la forte calandre de la Chevrolet Aveo. Mais l'homog\u00e9\u00adn\u00e9it\u00e9 de ses traits traverse bien les ann\u00e9es.Au point que son r\u00e9cent restylage n'y a pas chang\u00e9 grand\u00adchose\u00a0: les feux avant, amincis, ne mordent plus sur le capot, et la calandre sup\u00e9rieure, travers\u00e9e par deux barrettes, a pris de l'ampleur. Le chan\u00adgement est plus profond \u00e0 l'int\u00e9rieur\u00a0: trois comp\u00adteurs au lieu de deux, casquette moins haute, ensembles mieux s\u00e9par\u00e9s, touches de chrome. M\u00eame si elle ne cherche pas \u00e0 s\u00e9duire par son style car ses arguments sont ailleurs, la Sandero n'a pas \u00e0 rougir de ses lignes.<\/p>\n<h2>Essai Dacia Sandero \u00e0 conduire la Dacia Sandero est s\u00fbre<\/h2>\n<p>Son moteur diesel dCi 75 n'est pas un foudre de guerre\u00a0: 14,6 s pour passer de 0 \u00e0 100 kmlh. Ni l'insonorisation, quoique en progr\u00e8s, la qualit\u00e9 majeure de la Sandero. Alors, sauf \u00e0 avoir le mi diesel tatou\u00e9 sur le coeur, mieux vaut le nouveau trois-cylindres 0.9 \u00e0 essence 90 ch, \u00e9trenn\u00e9 par Clio IV et arriv\u00e9 \u00e0 l'occasion du restylage\u00a0: 9900 en finition Laur\u00e9ate et 11,1 s. Mais pour le reste, m\u00eame si la commande de bo\u00eete manque de pr\u00e9cision, la Sandero s'av\u00e8re \u00e9tonnamment confertable, et sait contenir le roulis malgr\u00e9 sa haut garde au sol (16 cm) et ses suspensions \u00e0 large d\u00e9battement. Sans atteindre l'\u00e9quilibre parfait c la Clio Collection, ou de la Peugeot 207+ pour op aime davantage de fermet\u00e9, la Sandero peut s'embarquer dans des voyages au long cours\u00a0: elle n craint ni les nids-de-poule ni les routes sinueuses.<\/p>\n<p><strong>Vie \u00e0 bord<\/strong><br \/>\n<strong>Famille et Bagages<\/strong><br \/>\nLe point fort de la longue Sandero (4,06 m), avec son prix\u00a0: elle est l'une des rares citadines polyvalentes \u00e0 pouvoir vraiment accueillir une famille et ses bagages. Son coffre est sans \u00e9gal dans la cat\u00e9gorie\u00a0: 20 litres. Trois adultes peuvent prendre place \u00e0 l'arri\u00e8re, sans trop frotter leurs \u00e9paules, ni baisser la t\u00eate car le toit est haut\u00a0: 1,52 m. \u00c0 la longue, ils trouveront toutefois l'assise ferme, car trop mince\u00a0: revers d'une banquette qui se replie enti\u00e8rement. Les touches de faux chrome et le nouvel agencement de la planche de bord venus lors du restylage viennent un peu \u00e9gayer une ambiance int\u00e9rieure jadis tristounette. Mais sur\u00adtout, la Sandero en a profit\u00e9 pour remettre \u00e0 jour sa dotation\u00a0: quatre airbags au lieu de deux, ESP et banquette fractionnable de s\u00e9rie. Et accueillir les derni\u00e8res options apparues sur la gamme Dada: GPS int\u00e9gr\u00e9, r\u00e9gulateur de vitesse. Cette mont\u00e9e en gamme contribue au bien-\u00eatre \u00e0 bord.<\/p>\n<p><strong>Rapport prix\/\u00e9quipement de la Dacia Sandero\u00a0<\/strong><strong>Imbattable<\/strong><\/p>\n<p>Il faut parfois se pincer pour y croire\u00a0: 10 900\u20ac pour la Sandero anim\u00e9e par un honn\u00eate dCi 75 qui lui apporte 200\u20ac de bonus\u00a0! Sa plus proche rivale, la Clio Collection, est propos\u00e9e \u00e0 partir de 1690\u20ac de plus \u00e0 moteur \u00e9gal. La Sandero n'est pas d\u00e9munie\u00a0: ESP, radio, Bluetooth. Mais Dacia conna\u00eet l'art de faire monter \u00e0 l'\u00e9tage sup\u00e9rieur. Climatisation ( 900\u20ac en option ) antibrouillards ( 150\u20ac ) sont offerts en finition Laur\u00e9ate ( 12 000\u20ac ), de m\u00eame que r\u00e9troviseurs \u00e9lectriques, volant et si\u00e8ge conducteur r\u00e9glables. Le client a vite fait le compte... Il lui suffit alors d'ajouter peinture m\u00e9tallis\u00e9e ( 41\u20ac ), GPS int\u00e9gr\u00e9 \u00e0 \u00e9cran tactile ( 240\u20ac ), et le r\u00e9gulateur de vitesse ( 150\u20ac ) pour se pr\u00e9munir des radars. Addition finale\u00a0: 12 800\u20ac. Pour ce prix, la Sandero est non seulement moins ch\u00e8re que ses rivales, mais aussi mieux \u00e9quip\u00e9e\u00a0!<\/p>\n<p>Moins aust\u00e8re\u00a0: Des touches de faux chrome, une casquette moins pro\u00e9minente, des ensembles mieux d\u00e9limit\u00e9s\u00a0: le tableau de bord est mont\u00e9 en gamme.<\/p>\n<p><img decoding=\"async\" title=\"dacia-sandero-arriere.jpg, janv. 2013\" src=\"\/blog\/public\/.dacia-sandero-arriere_m.jpg\" alt=\"dacia-sandero-arriere.jpg\" \/><\/p>\n<blockquote><p><strong>A l'identique<\/strong>\u00a0: l'essentiel du restylage a port\u00e9 sur la partie avant et le tableau de bord. A part les feux moins hauts, l'arri\u00e8re n'a pas chang\u00e9.<\/p><\/blockquote>\n<h2><strong>Bilan<\/strong> Faut-il acheter une Sandero\u00a0?<\/h2>\n<p>Compte tenu de ses qualit\u00e9s routi\u00e8res, de son gabarit et de son tarif, la question doit \u00eatre pos\u00e9e diff\u00e9remment\u00a0: quelle raison de ne pas acheter une Sandero\u00a0? L'image de marque, peut-\u00eatre, plus flatteuse chez Chevrolet. Ou la forte notori\u00e9t\u00e9 des 207+ et Clio Collection. La Peugeot est toutefois trop haut plac\u00e9e sur l'\u00e9chelle des tarifs\u00a0: 5 350 \u20ac de plus que la Sandero. La Clio Collection, en revanche... A peine 1690 \u20ac de plus avec, de s\u00e9rie, une climatisation factur\u00e9e 900 \u20ac sur la Sandero. L\u00e0, il y a mati\u00e8re \u00e0 h\u00e9sitation. <a href=\"http:\/\/www.carideal.com\/blog\/2012\/12\/20\/dacia-sandero\/\">Plus sur Dacia Sandero relisez notre article<\/a><\/p>\n","protected":false},"excerpt":{"rendered":"<p>Essai de la Dacia Sandero : une offre \u00e0 part Dacia Sandero 1.5 dCi 75 Ambiance\u00a0diesel, 75 ch Look de la Dacia Sandero dans la bonne moyenne Le style, ce n&rsquo;est pas ce qui co\u00fbte le plus cher dans la conception d&rsquo;une voiture. La Logan \u00e9tait n\u00e9e disgracieuse en 2005 avec ses airs de Renault &#8230; <a title=\"Essai Dacia Sandero une offre \u00e0 part\" class=\"read-more\" href=\"https:\/\/www.carideal.com\/blog\/2013\/01\/22\/dacia-sandero-une-offre-a-part\/\" aria-label=\"En savoir plus sur Essai Dacia Sandero une offre \u00e0 part\">Lire plus<\/a><\/p>\n","protected":false},"author":1,"featured_media":0,"comment_status":"open","ping_status":"open","sticky":false,"template":"","format":"standard","meta":{"_uag_custom_page_level_css":"","_themeisle_gutenberg_block_has_review":false,"footnotes":""},"categories":[5944,6007,6012,5947,6137,10,5974],"tags":[928,1348],"class_list":["post-1283","post","type-post","status-publish","format-standard","hentry","category-constructeur","category-dacia","category-berlines","category-essai","category-dacia-essai","category-marche-automobile-voiture-neuve-occasion-4x4-suv","category-type-de-vehicule","tag-citadine-polyvalente","tag-citadine"],"wppr_data":[],"yoast_head":"<!-- This site is optimized with the Yoast SEO plugin v24.8.1 - https:\/\/yoast.com\/wordpress\/plugins\/seo\/ -->\n<title>Essai Dacia Sandero une offre \u00e0 part - Blog auto Carid\u00e9al<\/title>\n<meta name=\"robots\" content=\"index, follow, max-snippet:-1, max-image-preview:large, max-video-preview:-1\" \/>\n<link rel=\"canonical\" href=\"https:\/\/www.carideal.com\/blog\/2013\/01\/22\/dacia-sandero-une-offre-a-part\/\" \/>\n<meta property=\"og:locale\" content=\"fr_FR\" \/>\n<meta property=\"og:type\" content=\"article\" \/>\n<meta property=\"og:title\" content=\"Essai Dacia Sandero une offre \u00e0 part - Blog auto Carid\u00e9al\" \/>\n<meta property=\"og:description\" content=\"Essai de la Dacia Sandero : une offre \u00e0 part Dacia Sandero 1.5 dCi 75 Ambiance\u00a0diesel, 75 ch Look de la Dacia Sandero dans la bonne moyenne Le style, ce n&#039;est pas ce qui co\u00fbte le plus cher dans la conception d&#039;une voiture. La Logan \u00e9tait n\u00e9e disgracieuse en 2005 avec ses airs de Renault ... Lire plus\" \/>\n<meta property=\"og:url\" content=\"https:\/\/www.carideal.com\/blog\/2013\/01\/22\/dacia-sandero-une-offre-a-part\/\" \/>\n<meta property=\"og:site_name\" content=\"Blog auto Carid\u00e9al\" \/>\n<meta property=\"article:publisher\" content=\"https:\/\/www.facebook.com\/Carideal.mandataire.automobile\" \/>\n<meta property=\"article:author\" content=\"https:\/\/www.facebook.com\/Carideal.mandataire.automobile\/\" \/>\n<meta property=\"article:published_time\" content=\"2013-01-22T10:03:00+00:00\" \/>\n<meta property=\"article:modified_time\" content=\"2020-03-07T21:40:29+00:00\" \/>\n<meta property=\"og:image\" content=\"https:\/\/www.carideal.com\/blog\/wp-content\/uploads\/2016\/03\/logo-carideal-mandataire-automobile.png\" \/>\n\t<meta property=\"og:image:width\" content=\"300\" \/>\n\t<meta property=\"og:image:height\" content=\"300\" \/>\n\t<meta property=\"og:image:type\" content=\"image\/png\" \/>\n<meta name=\"author\" content=\"N.S Carideal\" \/>\n<meta name=\"twitter:card\" content=\"summary_large_image\" \/>\n<meta name=\"twitter:creator\" content=\"@caridealauto\" \/>\n<meta name=\"twitter:site\" content=\"@caridealauto\" \/>\n<meta name=\"twitter:label1\" content=\"\u00c9crit par\" \/>\n\t<meta name=\"twitter:data1\" content=\"N.S Carideal\" \/>\n\t<meta name=\"twitter:label2\" content=\"Dur\u00e9e de lecture estim\u00e9e\" \/>\n\t<meta name=\"twitter:data2\" content=\"4 minutes\" \/>\n<script type=\"application\/ld+json\" class=\"yoast-schema-graph\">{\"@context\":\"https:\/\/schema.org\",\"@graph\":[{\"@type\":\"Article\",\"@id\":\"https:\/\/www.carideal.com\/blog\/2013\/01\/22\/dacia-sandero-une-offre-a-part\/#article\",\"isPartOf\":{\"@id\":\"https:\/\/www.carideal.com\/blog\/2013\/01\/22\/dacia-sandero-une-offre-a-part\/\"},\"author\":{\"name\":\"N.S Carideal\",\"@id\":\"https:\/\/www.carideal.com\/blog\/#\/schema\/person\/985c7e757d1042d647f21bfaf8d41ebc\"},\"headline\":\"Essai Dacia Sandero une offre \u00e0 part\",\"datePublished\":\"2013-01-22T10:03:00+00:00\",\"dateModified\":\"2020-03-07T21:40:29+00:00\",\"mainEntityOfPage\":{\"@id\":\"https:\/\/www.carideal.com\/blog\/2013\/01\/22\/dacia-sandero-une-offre-a-part\/\"},\"wordCount\":822,\"commentCount\":0,\"publisher\":{\"@id\":\"https:\/\/www.carideal.com\/blog\/#organization\"},\"keywords\":[\"Citadine polyvalente\",\"Voiture citadine\"],\"articleSection\":[\"Actualit\u00e9 Constructeur automobile\",\"Actualit\u00e9 Dacia\",\"Berlines\",\"Essais automobile\",\"Essais Dacia\",\"March\u00e9 automobile\",\"Type de v\u00e9hicule\"],\"inLanguage\":\"fr-FR\",\"potentialAction\":[{\"@type\":\"CommentAction\",\"name\":\"Comment\",\"target\":[\"https:\/\/www.carideal.com\/blog\/2013\/01\/22\/dacia-sandero-une-offre-a-part\/#respond\"]}]},{\"@type\":\"WebPage\",\"@id\":\"https:\/\/www.carideal.com\/blog\/2013\/01\/22\/dacia-sandero-une-offre-a-part\/\",\"url\":\"https:\/\/www.carideal.com\/blog\/2013\/01\/22\/dacia-sandero-une-offre-a-part\/\",\"name\":\"Essai Dacia Sandero une offre \u00e0 part - Blog auto Carid\u00e9al\",\"isPartOf\":{\"@id\":\"https:\/\/www.carideal.com\/blog\/#website\"},\"datePublished\":\"2013-01-22T10:03:00+00:00\",\"dateModified\":\"2020-03-07T21:40:29+00:00\",\"breadcrumb\":{\"@id\":\"https:\/\/www.carideal.com\/blog\/2013\/01\/22\/dacia-sandero-une-offre-a-part\/#breadcrumb\"},\"inLanguage\":\"fr-FR\",\"potentialAction\":[{\"@type\":\"ReadAction\",\"target\":[\"https:\/\/www.carideal.com\/blog\/2013\/01\/22\/dacia-sandero-une-offre-a-part\/\"]}]},{\"@type\":\"BreadcrumbList\",\"@id\":\"https:\/\/www.carideal.com\/blog\/2013\/01\/22\/dacia-sandero-une-offre-a-part\/#breadcrumb\",\"itemListElement\":[{\"@type\":\"ListItem\",\"position\":1,\"name\":\"Blog Carid\u00e9al\",\"item\":\"https:\/\/www.carideal.com\/blog\/\"},{\"@type\":\"ListItem\",\"position\":2,\"name\":\"March\u00e9 automobile\",\"item\":\"https:\/\/www.carideal.com\/blog\/marche-automobile-voiture-neuve-occasion-4x4-suv\/\"},{\"@type\":\"ListItem\",\"position\":3,\"name\":\"Essai Dacia Sandero une offre \u00e0 part\"}]},{\"@type\":\"WebSite\",\"@id\":\"https:\/\/www.carideal.com\/blog\/#website\",\"url\":\"https:\/\/www.carideal.com\/blog\/\",\"name\":\"Blog auto Carid\u00e9al\",\"description\":\"Actualit\u00e9 auto par des passionn\u00e9s\",\"publisher\":{\"@id\":\"https:\/\/www.carideal.com\/blog\/#organization\"},\"potentialAction\":[{\"@type\":\"SearchAction\",\"target\":{\"@type\":\"EntryPoint\",\"urlTemplate\":\"https:\/\/www.carideal.com\/blog\/?s={search_term_string}\"},\"query-input\":{\"@type\":\"PropertyValueSpecification\",\"valueRequired\":true,\"valueName\":\"search_term_string\"}}],\"inLanguage\":\"fr-FR\"},{\"@type\":\"Organization\",\"@id\":\"https:\/\/www.carideal.com\/blog\/#organization\",\"name\":\"Carideal\",\"url\":\"https:\/\/www.carideal.com\/blog\/\",\"logo\":{\"@type\":\"ImageObject\",\"inLanguage\":\"fr-FR\",\"@id\":\"https:\/\/www.carideal.com\/blog\/#\/schema\/logo\/image\/\",\"url\":\"http:\/\/www.carideal.com\/blog\/wp-content\/uploads\/2016\/03\/logo-carideal-mandataire-automobile.png\",\"contentUrl\":\"http:\/\/www.carideal.com\/blog\/wp-content\/uploads\/2016\/03\/logo-carideal-mandataire-automobile.png\",\"width\":300,\"height\":300,\"caption\":\"Carideal\"},\"image\":{\"@id\":\"https:\/\/www.carideal.com\/blog\/#\/schema\/logo\/image\/\"},\"sameAs\":[\"https:\/\/www.facebook.com\/Carideal.mandataire.automobile\",\"https:\/\/x.com\/caridealauto\",\"https:\/\/www.instagram.com\/carideal1\/\",\"https:\/\/www.linkedin.com\/company\/carideal.com\",\"https:\/\/fr.pinterest.com\/schiavonsas\/\",\"https:\/\/www.youtube.com\/user\/caridealsas\"]},{\"@type\":\"Person\",\"@id\":\"https:\/\/www.carideal.com\/blog\/#\/schema\/person\/985c7e757d1042d647f21bfaf8d41ebc\",\"name\":\"N.S Carideal\",\"image\":{\"@type\":\"ImageObject\",\"inLanguage\":\"fr-FR\",\"@id\":\"https:\/\/www.carideal.com\/blog\/#\/schema\/person\/image\/\",\"url\":\"https:\/\/secure.gravatar.com\/avatar\/edb7ccdf1a4e3d14aef967760d354d0e?s=96&r=g\",\"contentUrl\":\"https:\/\/secure.gravatar.com\/avatar\/edb7ccdf1a4e3d14aef967760d354d0e?s=96&r=g\",\"caption\":\"N.S Carideal\"},\"description\":\"Depuis tout petit fan d'automobile. Il est question d'essayer et de comparer toutes ces voitures qui nous ont fait r\u00e9ver, avant que celles-ci ne devient uniquement des voitures de collection.\",\"sameAs\":[\"http:\/\/www.carideal.com\/blog\",\"https:\/\/www.facebook.com\/Carideal.mandataire.automobile\/\",\"https:\/\/www.linkedin.com\/in\/nschiavon\/\",\"https:\/\/www.youtube.com\/user\/caridealsas\/\"],\"url\":\"https:\/\/www.carideal.com\/blog\/author\/admin_carideal\/\"}]}<\/script>\n<!-- \/ Yoast SEO plugin. -->","yoast_head_json":{"title":"Essai Dacia Sandero une offre \u00e0 part - Blog auto Carid\u00e9al","robots":{"index":"index","follow":"follow","max-snippet":"max-snippet:-1","max-image-preview":"max-image-preview:large","max-video-preview":"max-video-preview:-1"},"canonical":"https:\/\/www.carideal.com\/blog\/2013\/01\/22\/dacia-sandero-une-offre-a-part\/","og_locale":"fr_FR","og_type":"article","og_title":"Essai Dacia Sandero une offre \u00e0 part - Blog auto Carid\u00e9al","og_description":"Essai de la Dacia Sandero : une offre \u00e0 part Dacia Sandero 1.5 dCi 75 Ambiance\u00a0diesel, 75 ch Look de la Dacia Sandero dans la bonne moyenne Le style, ce n'est pas ce qui co\u00fbte le plus cher dans la conception d'une voiture. La Logan \u00e9tait n\u00e9e disgracieuse en 2005 avec ses airs de Renault ... Lire plus","og_url":"https:\/\/www.carideal.com\/blog\/2013\/01\/22\/dacia-sandero-une-offre-a-part\/","og_site_name":"Blog auto Carid\u00e9al","article_publisher":"https:\/\/www.facebook.com\/Carideal.mandataire.automobile","article_author":"https:\/\/www.facebook.com\/Carideal.mandataire.automobile\/","article_published_time":"2013-01-22T10:03:00+00:00","article_modified_time":"2020-03-07T21:40:29+00:00","og_image":[{"width":300,"height":300,"url":"https:\/\/www.carideal.com\/blog\/wp-content\/uploads\/2016\/03\/logo-carideal-mandataire-automobile.png","type":"image\/png"}],"author":"N.S Carideal","twitter_card":"summary_large_image","twitter_creator":"@caridealauto","twitter_site":"@caridealauto","twitter_misc":{"\u00c9crit par":"N.S Carideal","Dur\u00e9e de lecture estim\u00e9e":"4 minutes"},"schema":{"@context":"https:\/\/schema.org","@graph":[{"@type":"Article","@id":"https:\/\/www.carideal.com\/blog\/2013\/01\/22\/dacia-sandero-une-offre-a-part\/#article","isPartOf":{"@id":"https:\/\/www.carideal.com\/blog\/2013\/01\/22\/dacia-sandero-une-offre-a-part\/"},"author":{"name":"N.S Carideal","@id":"https:\/\/www.carideal.com\/blog\/#\/schema\/person\/985c7e757d1042d647f21bfaf8d41ebc"},"headline":"Essai Dacia Sandero une offre \u00e0 part","datePublished":"2013-01-22T10:03:00+00:00","dateModified":"2020-03-07T21:40:29+00:00","mainEntityOfPage":{"@id":"https:\/\/www.carideal.com\/blog\/2013\/01\/22\/dacia-sandero-une-offre-a-part\/"},"wordCount":822,"commentCount":0,"publisher":{"@id":"https:\/\/www.carideal.com\/blog\/#organization"},"keywords":["Citadine polyvalente","Voiture citadine"],"articleSection":["Actualit\u00e9 Constructeur automobile","Actualit\u00e9 Dacia","Berlines","Essais automobile","Essais Dacia","March\u00e9 automobile","Type de v\u00e9hicule"],"inLanguage":"fr-FR","potentialAction":[{"@type":"CommentAction","name":"Comment","target":["https:\/\/www.carideal.com\/blog\/2013\/01\/22\/dacia-sandero-une-offre-a-part\/#respond"]}]},{"@type":"WebPage","@id":"https:\/\/www.carideal.com\/blog\/2013\/01\/22\/dacia-sandero-une-offre-a-part\/","url":"https:\/\/www.carideal.com\/blog\/2013\/01\/22\/dacia-sandero-une-offre-a-part\/","name":"Essai Dacia Sandero une offre \u00e0 part - Blog auto Carid\u00e9al","isPartOf":{"@id":"https:\/\/www.carideal.com\/blog\/#website"},"datePublished":"2013-01-22T10:03:00+00:00","dateModified":"2020-03-07T21:40:29+00:00","breadcrumb":{"@id":"https:\/\/www.carideal.com\/blog\/2013\/01\/22\/dacia-sandero-une-offre-a-part\/#breadcrumb"},"inLanguage":"fr-FR","potentialAction":[{"@type":"ReadAction","target":["https:\/\/www.carideal.com\/blog\/2013\/01\/22\/dacia-sandero-une-offre-a-part\/"]}]},{"@type":"BreadcrumbList","@id":"https:\/\/www.carideal.com\/blog\/2013\/01\/22\/dacia-sandero-une-offre-a-part\/#breadcrumb","itemListElement":[{"@type":"ListItem","position":1,"name":"Blog Carid\u00e9al","item":"https:\/\/www.carideal.com\/blog\/"},{"@type":"ListItem","position":2,"name":"March\u00e9 automobile","item":"https:\/\/www.carideal.com\/blog\/marche-automobile-voiture-neuve-occasion-4x4-suv\/"},{"@type":"ListItem","position":3,"name":"Essai Dacia Sandero une offre \u00e0 part"}]},{"@type":"WebSite","@id":"https:\/\/www.carideal.com\/blog\/#website","url":"https:\/\/www.carideal.com\/blog\/","name":"Blog auto Carid\u00e9al","description":"Actualit\u00e9 auto par des passionn\u00e9s","publisher":{"@id":"https:\/\/www.carideal.com\/blog\/#organization"},"potentialAction":[{"@type":"SearchAction","target":{"@type":"EntryPoint","urlTemplate":"https:\/\/www.carideal.com\/blog\/?s={search_term_string}"},"query-input":{"@type":"PropertyValueSpecification","valueRequired":true,"valueName":"search_term_string"}}],"inLanguage":"fr-FR"},{"@type":"Organization","@id":"https:\/\/www.carideal.com\/blog\/#organization","name":"Carideal","url":"https:\/\/www.carideal.com\/blog\/","logo":{"@type":"ImageObject","inLanguage":"fr-FR","@id":"https:\/\/www.carideal.com\/blog\/#\/schema\/logo\/image\/","url":"http:\/\/www.carideal.com\/blog\/wp-content\/uploads\/2016\/03\/logo-carideal-mandataire-automobile.png","contentUrl":"http:\/\/www.carideal.com\/blog\/wp-content\/uploads\/2016\/03\/logo-carideal-mandataire-automobile.png","width":300,"height":300,"caption":"Carideal"},"image":{"@id":"https:\/\/www.carideal.com\/blog\/#\/schema\/logo\/image\/"},"sameAs":["https:\/\/www.facebook.com\/Carideal.mandataire.automobile","https:\/\/x.com\/caridealauto","https:\/\/www.instagram.com\/carideal1\/","https:\/\/www.linkedin.com\/company\/carideal.com","https:\/\/fr.pinterest.com\/schiavonsas\/","https:\/\/www.youtube.com\/user\/caridealsas"]},{"@type":"Person","@id":"https:\/\/www.carideal.com\/blog\/#\/schema\/person\/985c7e757d1042d647f21bfaf8d41ebc","name":"N.S Carideal","image":{"@type":"ImageObject","inLanguage":"fr-FR","@id":"https:\/\/www.carideal.com\/blog\/#\/schema\/person\/image\/","url":"https:\/\/secure.gravatar.com\/avatar\/edb7ccdf1a4e3d14aef967760d354d0e?s=96&r=g","contentUrl":"https:\/\/secure.gravatar.com\/avatar\/edb7ccdf1a4e3d14aef967760d354d0e?s=96&r=g","caption":"N.S Carideal"},"description":"Depuis tout petit fan d'automobile. Il est question d'essayer et de comparer toutes ces voitures qui nous ont fait r\u00e9ver, avant que celles-ci ne devient uniquement des voitures de collection.","sameAs":["http:\/\/www.carideal.com\/blog","https:\/\/www.facebook.com\/Carideal.mandataire.automobile\/","https:\/\/www.linkedin.com\/in\/nschiavon\/","https:\/\/www.youtube.com\/user\/caridealsas\/"],"url":"https:\/\/www.carideal.com\/blog\/author\/admin_carideal\/"}]}},"uagb_featured_image_src":{"full":false,"thumbnail":false,"medium":false,"medium_large":false,"large":false,"1536x1536":false,"2048x2048":false,"wppr-widget":false},"uagb_author_info":{"display_name":"N.S Carideal","author_link":"https:\/\/www.carideal.com\/blog\/author\/admin_carideal\/"},"uagb_comment_info":1,"uagb_excerpt":"Essai de la Dacia Sandero : une offre \u00e0 part Dacia Sandero 1.5 dCi 75 Ambiance\u00a0diesel, 75 ch Look de la Dacia Sandero dans la bonne moyenne Le style, ce n'est pas ce qui co\u00fbte le plus cher dans la conception d'une voiture. La Logan \u00e9tait n\u00e9e disgracieuse en 2005 avec ses airs de Renault\u2026","_links":{"self":[{"href":"https:\/\/www.carideal.com\/blog\/wp-json\/wp\/v2\/posts\/1283"}],"collection":[{"href":"https:\/\/www.carideal.com\/blog\/wp-json\/wp\/v2\/posts"}],"about":[{"href":"https:\/\/www.carideal.com\/blog\/wp-json\/wp\/v2\/types\/post"}],"author":[{"embeddable":true,"href":"https:\/\/www.carideal.com\/blog\/wp-json\/wp\/v2\/users\/1"}],"replies":[{"embeddable":true,"href":"https:\/\/www.carideal.com\/blog\/wp-json\/wp\/v2\/comments?post=1283"}],"version-history":[{"count":0,"href":"https:\/\/www.carideal.com\/blog\/wp-json\/wp\/v2\/posts\/1283\/revisions"}],"wp:attachment":[{"href":"https:\/\/www.carideal.com\/blog\/wp-json\/wp\/v2\/media?parent=1283"}],"wp:term":[{"taxonomy":"category","embeddable":true,"href":"https:\/\/www.carideal.com\/blog\/wp-json\/wp\/v2\/categories?post=1283"},{"taxonomy":"post_tag","embeddable":true,"href":"https:\/\/www.carideal.com\/blog\/wp-json\/wp\/v2\/tags?post=1283"}],"curies":[{"name":"wp","href":"https:\/\/api.w.org\/{rel}","templated":true}]}}