{"id":1281,"date":"2013-01-21T13:48:00","date_gmt":"2013-01-21T13:48:00","guid":{"rendered":"http:\/\/carideal.com\/blog\/?p=1281"},"modified":"2020-03-07T20:26:15","modified_gmt":"2020-03-07T19:26:15","slug":"disparition-du-haut-de-gamme-en-france","status":"publish","type":"post","link":"https:\/\/www.carideal.com\/blog\/2013\/01\/21\/disparition-du-haut-de-gamme-en-france\/","title":{"rendered":"Disparition du haut de gamme en France"},"content":{"rendered":"<p><img decoding=\"async\" title=\"Citroen-C6.jpg, janv. 2013\" src=\"\/blog\/public\/.Citroen-C6_m.jpg\" alt=\"Citroen-C6.jpg\" \/><\/p>\n<blockquote><p><strong>Citro\u00ebn C6<\/strong><\/p><\/blockquote>\n<p>Le 19 d\u00e9cembre, la derni\u00e8re Citro\u00ebn C6 sera fabriqu\u00e9e au sein de l'usine de Rennes. Une sortie par la petite porte, indigne pour un v\u00e9hicule de pr\u00e8s de 5 m\u00e8tres et qui sera repr\u00e9sent\u00e9, sept ann\u00e9es durant, le savoir faire \u00e0 la fran\u00e7aise. Produite \u00e0 23 000 exemplaires, la grande Citro\u00ebn n'a attir\u00e9 que 9233 clients en France. Et si l'on retranche \u00e0 cela les immatriculations dues aux pr\u00e9fectures et autres administrations... \"Le bilan commercial est mitig\u00e9 en termes de volumes, indique pudiquement Philippe Narbeburu, directeur du commerce France de Citro\u00ebn, mais la C6 nous a permis de r\u00e9investir un territoire qui nous \u00e9tait \u00e9tranger depuis un certains temps. Sans elle, nous n'aurions pas aujourd'hui la ligne DS et autres produits premium.\"<br \/>\nMais pourquoi donc la C6 n'a-t-elle jamais s\u00e9duit, en d\u00e9pit de ses qualit\u00e9s reconnues de tous\u00a0? Par comparaison en effet, la Peugeot 607 ( produite de 2000 \u00e0 2010 ) a \u00e9t\u00e9 vendue \u00e0 81 050 exemplaires dans l'Hexagone, et la Renault Vel Satis ( commercialis\u00e9e de 2001 \u00e0 2010 ) \u00e0 39 601 unit\u00e9s... \"La C6 a eu un lancement extr\u00eamement laborieux, car cette voiture se situait aux limites techniques de PSA \u00e0 l'\u00e9poque. Cala s'est traduit par une longue mise au point, et une production qui a d\u00e9marr\u00e9 sur deux ans au lieu de deux mois\" analyse Clause Satinet, ex-directeur g\u00e9n\u00e9ral de Citro\u00ebn de 1998 \u00e0 2007. Si l'on ajoute \u00e0 cela un prix dissuasif ( 57 450\u20ac \u00e0 l'heure actuelle ) et une planche de bord reprenant bon nombre d'\u00e9l\u00e9ments de la banque d'organes PSA, toutes les conditions d'un flop semblaient avoir \u00e9t\u00e9 r\u00e9unies.<br \/>\nLe haut de gamme fran\u00e7ais semble donc avoir la guigne. D'ann\u00e9e en ann\u00e9es, les volumes du segment s'amenuisent, au point qu'aujourd'hui, il n'y a plus de haut de gamme fran\u00e7ais au catalogue\u00a0: \"Ce n'est pas une mal\u00e9diction, reprend Claude Satinet, mais comme en France nous faisons tout pour dissuader les gens d'acheter de tels produits, il n'y a pas de march\u00e9 de base. A partir de l\u00e0, il est bien difficile d'\u00eatre comp\u00e9titif...\" Citro\u00ebn n'a toutefois pas encore dit son dernier mot. Le concept n\u00b09, vu au dernier Mondial de Paris, devrait donner naissance \u00e0 une nouvelle grande berline fran\u00e7aise.<\/p>\n<p>\/Achat Citro\u00ebn C6 moins cher chez Carideal mandataire automobile<\/p>\n","protected":false},"excerpt":{"rendered":"<p>Citro\u00ebn C6 Le 19 d\u00e9cembre, la derni\u00e8re Citro\u00ebn C6 sera fabriqu\u00e9e au sein de l&rsquo;usine de Rennes. Une sortie par la petite porte, indigne pour un v\u00e9hicule de pr\u00e8s de 5 m\u00e8tres et qui sera repr\u00e9sent\u00e9, sept ann\u00e9es durant, le savoir faire \u00e0 la fran\u00e7aise. Produite \u00e0 23 000 exemplaires, la grande Citro\u00ebn n&rsquo;a attir\u00e9 &#8230; <a title=\"Disparition du haut de gamme en France\" class=\"read-more\" href=\"https:\/\/www.carideal.com\/blog\/2013\/01\/21\/disparition-du-haut-de-gamme-en-france\/\" aria-label=\"En savoir plus sur Disparition du haut de gamme en France\">Lire plus<\/a><\/p>\n","protected":false},"author":1,"featured_media":0,"comment_status":"open","ping_status":"open","sticky":false,"template":"","format":"standard","meta":{"_uag_custom_page_level_css":"","_themeisle_gutenberg_block_has_review":false,"footnotes":""},"categories":[10],"tags":[1359],"class_list":["post-1281","post","type-post","status-publish","format-standard","hentry","category-marche-automobile-voiture-neuve-occasion-4x4-suv","tag-haut-de-gamme"],"wppr_data":[],"yoast_head":"<!-- This site is optimized with the Yoast SEO plugin v24.8.1 - https:\/\/yoast.com\/wordpress\/plugins\/seo\/ -->\n<title>Disparition du haut de gamme en France - Blog auto Carid\u00e9al<\/title>\n<meta name=\"robots\" content=\"index, follow, max-snippet:-1, max-image-preview:large, max-video-preview:-1\" \/>\n<link rel=\"canonical\" href=\"https:\/\/www.carideal.com\/blog\/2013\/01\/21\/disparition-du-haut-de-gamme-en-france\/\" \/>\n<meta property=\"og:locale\" content=\"fr_FR\" \/>\n<meta property=\"og:type\" content=\"article\" \/>\n<meta property=\"og:title\" content=\"Disparition du haut de gamme en France - Blog auto Carid\u00e9al\" \/>\n<meta property=\"og:description\" content=\"Citro\u00ebn C6 Le 19 d\u00e9cembre, la derni\u00e8re Citro\u00ebn C6 sera fabriqu\u00e9e au sein de l&#039;usine de Rennes. Une sortie par la petite porte, indigne pour un v\u00e9hicule de pr\u00e8s de 5 m\u00e8tres et qui sera repr\u00e9sent\u00e9, sept ann\u00e9es durant, le savoir faire \u00e0 la fran\u00e7aise. Produite \u00e0 23 000 exemplaires, la grande Citro\u00ebn n&#039;a attir\u00e9 ... Lire plus\" \/>\n<meta property=\"og:url\" content=\"https:\/\/www.carideal.com\/blog\/2013\/01\/21\/disparition-du-haut-de-gamme-en-france\/\" \/>\n<meta property=\"og:site_name\" content=\"Blog auto Carid\u00e9al\" \/>\n<meta property=\"article:publisher\" content=\"https:\/\/www.facebook.com\/Carideal.mandataire.automobile\" \/>\n<meta property=\"article:author\" content=\"https:\/\/www.facebook.com\/Carideal.mandataire.automobile\/\" \/>\n<meta property=\"article:published_time\" content=\"2013-01-21T13:48:00+00:00\" \/>\n<meta property=\"article:modified_time\" content=\"2020-03-07T19:26:15+00:00\" \/>\n<meta property=\"og:image\" content=\"https:\/\/www.carideal.com\/blog\/wp-content\/uploads\/2016\/03\/logo-carideal-mandataire-automobile.png\" \/>\n\t<meta property=\"og:image:width\" content=\"300\" \/>\n\t<meta property=\"og:image:height\" content=\"300\" \/>\n\t<meta property=\"og:image:type\" content=\"image\/png\" \/>\n<meta name=\"author\" content=\"N.S Carideal\" \/>\n<meta name=\"twitter:card\" content=\"summary_large_image\" \/>\n<meta name=\"twitter:creator\" content=\"@caridealauto\" \/>\n<meta name=\"twitter:site\" content=\"@caridealauto\" \/>\n<meta name=\"twitter:label1\" content=\"\u00c9crit par\" \/>\n\t<meta name=\"twitter:data1\" content=\"N.S Carideal\" \/>\n\t<meta name=\"twitter:label2\" content=\"Dur\u00e9e de lecture estim\u00e9e\" \/>\n\t<meta name=\"twitter:data2\" content=\"2 minutes\" \/>\n<script type=\"application\/ld+json\" class=\"yoast-schema-graph\">{\"@context\":\"https:\/\/schema.org\",\"@graph\":[{\"@type\":\"Article\",\"@id\":\"https:\/\/www.carideal.com\/blog\/2013\/01\/21\/disparition-du-haut-de-gamme-en-france\/#article\",\"isPartOf\":{\"@id\":\"https:\/\/www.carideal.com\/blog\/2013\/01\/21\/disparition-du-haut-de-gamme-en-france\/\"},\"author\":{\"name\":\"N.S Carideal\",\"@id\":\"https:\/\/www.carideal.com\/blog\/#\/schema\/person\/985c7e757d1042d647f21bfaf8d41ebc\"},\"headline\":\"Disparition du haut de gamme en France\",\"datePublished\":\"2013-01-21T13:48:00+00:00\",\"dateModified\":\"2020-03-07T19:26:15+00:00\",\"mainEntityOfPage\":{\"@id\":\"https:\/\/www.carideal.com\/blog\/2013\/01\/21\/disparition-du-haut-de-gamme-en-france\/\"},\"wordCount\":390,\"commentCount\":0,\"publisher\":{\"@id\":\"https:\/\/www.carideal.com\/blog\/#organization\"},\"keywords\":[\"haut de gamme\"],\"articleSection\":[\"March\u00e9 automobile\"],\"inLanguage\":\"fr-FR\",\"potentialAction\":[{\"@type\":\"CommentAction\",\"name\":\"Comment\",\"target\":[\"https:\/\/www.carideal.com\/blog\/2013\/01\/21\/disparition-du-haut-de-gamme-en-france\/#respond\"]}]},{\"@type\":\"WebPage\",\"@id\":\"https:\/\/www.carideal.com\/blog\/2013\/01\/21\/disparition-du-haut-de-gamme-en-france\/\",\"url\":\"https:\/\/www.carideal.com\/blog\/2013\/01\/21\/disparition-du-haut-de-gamme-en-france\/\",\"name\":\"Disparition du haut de gamme en France - Blog auto Carid\u00e9al\",\"isPartOf\":{\"@id\":\"https:\/\/www.carideal.com\/blog\/#website\"},\"datePublished\":\"2013-01-21T13:48:00+00:00\",\"dateModified\":\"2020-03-07T19:26:15+00:00\",\"breadcrumb\":{\"@id\":\"https:\/\/www.carideal.com\/blog\/2013\/01\/21\/disparition-du-haut-de-gamme-en-france\/#breadcrumb\"},\"inLanguage\":\"fr-FR\",\"potentialAction\":[{\"@type\":\"ReadAction\",\"target\":[\"https:\/\/www.carideal.com\/blog\/2013\/01\/21\/disparition-du-haut-de-gamme-en-france\/\"]}]},{\"@type\":\"BreadcrumbList\",\"@id\":\"https:\/\/www.carideal.com\/blog\/2013\/01\/21\/disparition-du-haut-de-gamme-en-france\/#breadcrumb\",\"itemListElement\":[{\"@type\":\"ListItem\",\"position\":1,\"name\":\"Blog Carid\u00e9al\",\"item\":\"https:\/\/www.carideal.com\/blog\/\"},{\"@type\":\"ListItem\",\"position\":2,\"name\":\"March\u00e9 automobile\",\"item\":\"https:\/\/www.carideal.com\/blog\/marche-automobile-voiture-neuve-occasion-4x4-suv\/\"},{\"@type\":\"ListItem\",\"position\":3,\"name\":\"Disparition du haut de gamme en France\"}]},{\"@type\":\"WebSite\",\"@id\":\"https:\/\/www.carideal.com\/blog\/#website\",\"url\":\"https:\/\/www.carideal.com\/blog\/\",\"name\":\"Blog auto Carid\u00e9al\",\"description\":\"Actualit\u00e9 auto par des passionn\u00e9s\",\"publisher\":{\"@id\":\"https:\/\/www.carideal.com\/blog\/#organization\"},\"potentialAction\":[{\"@type\":\"SearchAction\",\"target\":{\"@type\":\"EntryPoint\",\"urlTemplate\":\"https:\/\/www.carideal.com\/blog\/?s={search_term_string}\"},\"query-input\":{\"@type\":\"PropertyValueSpecification\",\"valueRequired\":true,\"valueName\":\"search_term_string\"}}],\"inLanguage\":\"fr-FR\"},{\"@type\":\"Organization\",\"@id\":\"https:\/\/www.carideal.com\/blog\/#organization\",\"name\":\"Carideal\",\"url\":\"https:\/\/www.carideal.com\/blog\/\",\"logo\":{\"@type\":\"ImageObject\",\"inLanguage\":\"fr-FR\",\"@id\":\"https:\/\/www.carideal.com\/blog\/#\/schema\/logo\/image\/\",\"url\":\"http:\/\/www.carideal.com\/blog\/wp-content\/uploads\/2016\/03\/logo-carideal-mandataire-automobile.png\",\"contentUrl\":\"http:\/\/www.carideal.com\/blog\/wp-content\/uploads\/2016\/03\/logo-carideal-mandataire-automobile.png\",\"width\":300,\"height\":300,\"caption\":\"Carideal\"},\"image\":{\"@id\":\"https:\/\/www.carideal.com\/blog\/#\/schema\/logo\/image\/\"},\"sameAs\":[\"https:\/\/www.facebook.com\/Carideal.mandataire.automobile\",\"https:\/\/x.com\/caridealauto\",\"https:\/\/www.instagram.com\/carideal1\/\",\"https:\/\/www.linkedin.com\/company\/carideal.com\",\"https:\/\/fr.pinterest.com\/schiavonsas\/\",\"https:\/\/www.youtube.com\/user\/caridealsas\"]},{\"@type\":\"Person\",\"@id\":\"https:\/\/www.carideal.com\/blog\/#\/schema\/person\/985c7e757d1042d647f21bfaf8d41ebc\",\"name\":\"N.S Carideal\",\"image\":{\"@type\":\"ImageObject\",\"inLanguage\":\"fr-FR\",\"@id\":\"https:\/\/www.carideal.com\/blog\/#\/schema\/person\/image\/\",\"url\":\"https:\/\/secure.gravatar.com\/avatar\/edb7ccdf1a4e3d14aef967760d354d0e?s=96&r=g\",\"contentUrl\":\"https:\/\/secure.gravatar.com\/avatar\/edb7ccdf1a4e3d14aef967760d354d0e?s=96&r=g\",\"caption\":\"N.S Carideal\"},\"description\":\"Depuis tout petit fan d'automobile. Il est question d'essayer et de comparer toutes ces voitures qui nous ont fait r\u00e9ver, avant que celles-ci ne devient uniquement des voitures de collection.\",\"sameAs\":[\"http:\/\/www.carideal.com\/blog\",\"https:\/\/www.facebook.com\/Carideal.mandataire.automobile\/\",\"https:\/\/www.linkedin.com\/in\/nschiavon\/\",\"https:\/\/www.youtube.com\/user\/caridealsas\/\"],\"url\":\"https:\/\/www.carideal.com\/blog\/author\/admin_carideal\/\"}]}<\/script>\n<!-- \/ Yoast SEO plugin. -->","yoast_head_json":{"title":"Disparition du haut de gamme en France - Blog auto Carid\u00e9al","robots":{"index":"index","follow":"follow","max-snippet":"max-snippet:-1","max-image-preview":"max-image-preview:large","max-video-preview":"max-video-preview:-1"},"canonical":"https:\/\/www.carideal.com\/blog\/2013\/01\/21\/disparition-du-haut-de-gamme-en-france\/","og_locale":"fr_FR","og_type":"article","og_title":"Disparition du haut de gamme en France - Blog auto Carid\u00e9al","og_description":"Citro\u00ebn C6 Le 19 d\u00e9cembre, la derni\u00e8re Citro\u00ebn C6 sera fabriqu\u00e9e au sein de l'usine de Rennes. Une sortie par la petite porte, indigne pour un v\u00e9hicule de pr\u00e8s de 5 m\u00e8tres et qui sera repr\u00e9sent\u00e9, sept ann\u00e9es durant, le savoir faire \u00e0 la fran\u00e7aise. Produite \u00e0 23 000 exemplaires, la grande Citro\u00ebn n'a attir\u00e9 ... Lire plus","og_url":"https:\/\/www.carideal.com\/blog\/2013\/01\/21\/disparition-du-haut-de-gamme-en-france\/","og_site_name":"Blog auto Carid\u00e9al","article_publisher":"https:\/\/www.facebook.com\/Carideal.mandataire.automobile","article_author":"https:\/\/www.facebook.com\/Carideal.mandataire.automobile\/","article_published_time":"2013-01-21T13:48:00+00:00","article_modified_time":"2020-03-07T19:26:15+00:00","og_image":[{"width":300,"height":300,"url":"https:\/\/www.carideal.com\/blog\/wp-content\/uploads\/2016\/03\/logo-carideal-mandataire-automobile.png","type":"image\/png"}],"author":"N.S Carideal","twitter_card":"summary_large_image","twitter_creator":"@caridealauto","twitter_site":"@caridealauto","twitter_misc":{"\u00c9crit par":"N.S Carideal","Dur\u00e9e de lecture estim\u00e9e":"2 minutes"},"schema":{"@context":"https:\/\/schema.org","@graph":[{"@type":"Article","@id":"https:\/\/www.carideal.com\/blog\/2013\/01\/21\/disparition-du-haut-de-gamme-en-france\/#article","isPartOf":{"@id":"https:\/\/www.carideal.com\/blog\/2013\/01\/21\/disparition-du-haut-de-gamme-en-france\/"},"author":{"name":"N.S Carideal","@id":"https:\/\/www.carideal.com\/blog\/#\/schema\/person\/985c7e757d1042d647f21bfaf8d41ebc"},"headline":"Disparition du haut de gamme en France","datePublished":"2013-01-21T13:48:00+00:00","dateModified":"2020-03-07T19:26:15+00:00","mainEntityOfPage":{"@id":"https:\/\/www.carideal.com\/blog\/2013\/01\/21\/disparition-du-haut-de-gamme-en-france\/"},"wordCount":390,"commentCount":0,"publisher":{"@id":"https:\/\/www.carideal.com\/blog\/#organization"},"keywords":["haut de gamme"],"articleSection":["March\u00e9 automobile"],"inLanguage":"fr-FR","potentialAction":[{"@type":"CommentAction","name":"Comment","target":["https:\/\/www.carideal.com\/blog\/2013\/01\/21\/disparition-du-haut-de-gamme-en-france\/#respond"]}]},{"@type":"WebPage","@id":"https:\/\/www.carideal.com\/blog\/2013\/01\/21\/disparition-du-haut-de-gamme-en-france\/","url":"https:\/\/www.carideal.com\/blog\/2013\/01\/21\/disparition-du-haut-de-gamme-en-france\/","name":"Disparition du haut de gamme en France - Blog auto Carid\u00e9al","isPartOf":{"@id":"https:\/\/www.carideal.com\/blog\/#website"},"datePublished":"2013-01-21T13:48:00+00:00","dateModified":"2020-03-07T19:26:15+00:00","breadcrumb":{"@id":"https:\/\/www.carideal.com\/blog\/2013\/01\/21\/disparition-du-haut-de-gamme-en-france\/#breadcrumb"},"inLanguage":"fr-FR","potentialAction":[{"@type":"ReadAction","target":["https:\/\/www.carideal.com\/blog\/2013\/01\/21\/disparition-du-haut-de-gamme-en-france\/"]}]},{"@type":"BreadcrumbList","@id":"https:\/\/www.carideal.com\/blog\/2013\/01\/21\/disparition-du-haut-de-gamme-en-france\/#breadcrumb","itemListElement":[{"@type":"ListItem","position":1,"name":"Blog Carid\u00e9al","item":"https:\/\/www.carideal.com\/blog\/"},{"@type":"ListItem","position":2,"name":"March\u00e9 automobile","item":"https:\/\/www.carideal.com\/blog\/marche-automobile-voiture-neuve-occasion-4x4-suv\/"},{"@type":"ListItem","position":3,"name":"Disparition du haut de gamme en France"}]},{"@type":"WebSite","@id":"https:\/\/www.carideal.com\/blog\/#website","url":"https:\/\/www.carideal.com\/blog\/","name":"Blog auto Carid\u00e9al","description":"Actualit\u00e9 auto par des passionn\u00e9s","publisher":{"@id":"https:\/\/www.carideal.com\/blog\/#organization"},"potentialAction":[{"@type":"SearchAction","target":{"@type":"EntryPoint","urlTemplate":"https:\/\/www.carideal.com\/blog\/?s={search_term_string}"},"query-input":{"@type":"PropertyValueSpecification","valueRequired":true,"valueName":"search_term_string"}}],"inLanguage":"fr-FR"},{"@type":"Organization","@id":"https:\/\/www.carideal.com\/blog\/#organization","name":"Carideal","url":"https:\/\/www.carideal.com\/blog\/","logo":{"@type":"ImageObject","inLanguage":"fr-FR","@id":"https:\/\/www.carideal.com\/blog\/#\/schema\/logo\/image\/","url":"http:\/\/www.carideal.com\/blog\/wp-content\/uploads\/2016\/03\/logo-carideal-mandataire-automobile.png","contentUrl":"http:\/\/www.carideal.com\/blog\/wp-content\/uploads\/2016\/03\/logo-carideal-mandataire-automobile.png","width":300,"height":300,"caption":"Carideal"},"image":{"@id":"https:\/\/www.carideal.com\/blog\/#\/schema\/logo\/image\/"},"sameAs":["https:\/\/www.facebook.com\/Carideal.mandataire.automobile","https:\/\/x.com\/caridealauto","https:\/\/www.instagram.com\/carideal1\/","https:\/\/www.linkedin.com\/company\/carideal.com","https:\/\/fr.pinterest.com\/schiavonsas\/","https:\/\/www.youtube.com\/user\/caridealsas"]},{"@type":"Person","@id":"https:\/\/www.carideal.com\/blog\/#\/schema\/person\/985c7e757d1042d647f21bfaf8d41ebc","name":"N.S Carideal","image":{"@type":"ImageObject","inLanguage":"fr-FR","@id":"https:\/\/www.carideal.com\/blog\/#\/schema\/person\/image\/","url":"https:\/\/secure.gravatar.com\/avatar\/edb7ccdf1a4e3d14aef967760d354d0e?s=96&r=g","contentUrl":"https:\/\/secure.gravatar.com\/avatar\/edb7ccdf1a4e3d14aef967760d354d0e?s=96&r=g","caption":"N.S Carideal"},"description":"Depuis tout petit fan d'automobile. Il est question d'essayer et de comparer toutes ces voitures qui nous ont fait r\u00e9ver, avant que celles-ci ne devient uniquement des voitures de collection.","sameAs":["http:\/\/www.carideal.com\/blog","https:\/\/www.facebook.com\/Carideal.mandataire.automobile\/","https:\/\/www.linkedin.com\/in\/nschiavon\/","https:\/\/www.youtube.com\/user\/caridealsas\/"],"url":"https:\/\/www.carideal.com\/blog\/author\/admin_carideal\/"}]}},"uagb_featured_image_src":{"full":false,"thumbnail":false,"medium":false,"medium_large":false,"large":false,"1536x1536":false,"2048x2048":false,"wppr-widget":false},"uagb_author_info":{"display_name":"N.S Carideal","author_link":"https:\/\/www.carideal.com\/blog\/author\/admin_carideal\/"},"uagb_comment_info":0,"uagb_excerpt":"Citro\u00ebn C6 Le 19 d\u00e9cembre, la derni\u00e8re Citro\u00ebn C6 sera fabriqu\u00e9e au sein de l'usine de Rennes. Une sortie par la petite porte, indigne pour un v\u00e9hicule de pr\u00e8s de 5 m\u00e8tres et qui sera repr\u00e9sent\u00e9, sept ann\u00e9es durant, le savoir faire \u00e0 la fran\u00e7aise. Produite \u00e0 23 000 exemplaires, la grande Citro\u00ebn n'a attir\u00e9\u2026","_links":{"self":[{"href":"https:\/\/www.carideal.com\/blog\/wp-json\/wp\/v2\/posts\/1281"}],"collection":[{"href":"https:\/\/www.carideal.com\/blog\/wp-json\/wp\/v2\/posts"}],"about":[{"href":"https:\/\/www.carideal.com\/blog\/wp-json\/wp\/v2\/types\/post"}],"author":[{"embeddable":true,"href":"https:\/\/www.carideal.com\/blog\/wp-json\/wp\/v2\/users\/1"}],"replies":[{"embeddable":true,"href":"https:\/\/www.carideal.com\/blog\/wp-json\/wp\/v2\/comments?post=1281"}],"version-history":[{"count":0,"href":"https:\/\/www.carideal.com\/blog\/wp-json\/wp\/v2\/posts\/1281\/revisions"}],"wp:attachment":[{"href":"https:\/\/www.carideal.com\/blog\/wp-json\/wp\/v2\/media?parent=1281"}],"wp:term":[{"taxonomy":"category","embeddable":true,"href":"https:\/\/www.carideal.com\/blog\/wp-json\/wp\/v2\/categories?post=1281"},{"taxonomy":"post_tag","embeddable":true,"href":"https:\/\/www.carideal.com\/blog\/wp-json\/wp\/v2\/tags?post=1281"}],"curies":[{"name":"wp","href":"https:\/\/api.w.org\/{rel}","templated":true}]}}