{"id":128,"date":"2009-04-10T16:05:46","date_gmt":"2009-04-10T16:05:46","guid":{"rendered":"http:\/\/carideal.com\/blog\/?p=128"},"modified":"2015-11-29T21:12:16","modified_gmt":"2015-11-29T20:12:16","slug":"la-voiture-electrique-grande-arnaque","status":"publish","type":"post","link":"https:\/\/www.carideal.com\/blog\/2009\/04\/10\/la-voiture-electrique-grande-arnaque\/","title":{"rendered":"La voiture electrique : grande arnaque ?"},"content":{"rendered":"<p><strong>La voiture \u00e9lectrique : la grande arnaque ?<\/strong><\/p>\n<p><img decoding=\"async\" src=\"\/blog\/images\/heuliez-friendly_voiture_electrique_carideal.jpg\" alt=\"\" \/><\/p>\n<blockquote><p>S\u00e9gol\u00e8ne Royal l'avait annonc\u00e9 \u00e0 5000 \u20ac, elle sortira peut \u00eatre \u00e0 15000 \u20ac<\/p><\/blockquote>\n<p>La voiture \u00e9lectrique, tout le monde en parle, on les sort et on les montre dans des show room, sur les salons, on en dit du bien on annonce des supers chiffres, mais personne ne peut les tester.<br \/>\nOn ne sait pas quand elle vont \u00eatre en vente, ni \u00e0 quel prix ?<br \/>\nLes constructeurs annoncent \u00eatre tous pr\u00e8ts depuis......5 ans.<br \/>\nEt quand un seul journaliste l'essaye c'est un fiasco.<br \/>\nLes constructeurs annoncent des autonomies qui ne se v\u00e9rifient jamais.<br \/>\nLes dates de lancement sont toujours diff\u00e9r\u00e9es.<br \/>\nPropre, silencieuse et \u00e9conomique (1\u20ac\/100km), elle est id\u00e9ale en ville... pour qui poss\u00e8de un garage privatif afin de la recharger le soir.<br \/>\nLa recharge des batteries dure 6 heures au bas mot. Les batteries p\u00e8sent de 200 \u00e0 400 kilos et repr\u00e9sentent le quart de son prix. La voiture \u00e9lectrique semble \u00e0 la mode et devient m\u00eame un mod\u00e8le \u00e9conomique pour certain :\u00a0<a href=\"http:\/\/www.carideal.com\/blog\/2009\/01\/05\/pininfarina-evite-la-faillite-et-mise-tout-sur-la-voiture-electrique-de-bollore\/\">Pininfarina \u00e9vite la faillite et mise tout sur la voiture \u00e9lectrique<\/a><\/p>\n","protected":false},"excerpt":{"rendered":"<p>La voiture \u00e9lectrique : la grande arnaque ? S\u00e9gol\u00e8ne Royal l&rsquo;avait annonc\u00e9 \u00e0 5000 \u20ac, elle sortira peut \u00eatre \u00e0 15000 \u20ac La voiture \u00e9lectrique, tout le monde en parle, on les sort et on les montre dans des show room, sur les salons, on en dit du bien on annonce des supers chiffres, mais &#8230; <a title=\"La voiture electrique : grande arnaque ?\" class=\"read-more\" href=\"https:\/\/www.carideal.com\/blog\/2009\/04\/10\/la-voiture-electrique-grande-arnaque\/\" aria-label=\"En savoir plus sur La voiture electrique : grande arnaque ?\">Lire plus<\/a><\/p>\n","protected":false},"author":1,"featured_media":0,"comment_status":"open","ping_status":"closed","sticky":false,"template":"","format":"standard","meta":{"_uag_custom_page_level_css":"","_themeisle_gutenberg_block_has_review":false,"footnotes":""},"categories":[6],"tags":[2633],"class_list":["post-128","post","type-post","status-publish","format-standard","hentry","category-ecologie","tag-pininfarina"],"wppr_data":[],"yoast_head":"<!-- This site is optimized with the Yoast SEO plugin v24.8.1 - https:\/\/yoast.com\/wordpress\/plugins\/seo\/ -->\n<title>La voiture electrique : grande arnaque ? - Blog auto Carid\u00e9al<\/title>\n<meta name=\"robots\" content=\"index, follow, max-snippet:-1, max-image-preview:large, max-video-preview:-1\" \/>\n<link rel=\"canonical\" href=\"https:\/\/www.carideal.com\/blog\/2009\/04\/10\/la-voiture-electrique-grande-arnaque\/\" \/>\n<meta property=\"og:locale\" content=\"fr_FR\" \/>\n<meta property=\"og:type\" content=\"article\" \/>\n<meta property=\"og:title\" content=\"La voiture electrique : grande arnaque ? - Blog auto Carid\u00e9al\" \/>\n<meta property=\"og:description\" content=\"La voiture \u00e9lectrique : la grande arnaque ? S\u00e9gol\u00e8ne Royal l&#039;avait annonc\u00e9 \u00e0 5000 \u20ac, elle sortira peut \u00eatre \u00e0 15000 \u20ac La voiture \u00e9lectrique, tout le monde en parle, on les sort et on les montre dans des show room, sur les salons, on en dit du bien on annonce des supers chiffres, mais ... Lire plus\" \/>\n<meta property=\"og:url\" content=\"https:\/\/www.carideal.com\/blog\/2009\/04\/10\/la-voiture-electrique-grande-arnaque\/\" \/>\n<meta property=\"og:site_name\" content=\"Blog auto Carid\u00e9al\" \/>\n<meta property=\"article:publisher\" content=\"https:\/\/www.facebook.com\/Carideal.mandataire.automobile\" \/>\n<meta property=\"article:author\" content=\"https:\/\/www.facebook.com\/Carideal.mandataire.automobile\/\" \/>\n<meta property=\"article:published_time\" content=\"2009-04-10T16:05:46+00:00\" \/>\n<meta property=\"article:modified_time\" content=\"2015-11-29T20:12:16+00:00\" \/>\n<meta property=\"og:image\" content=\"https:\/\/www.carideal.com\/blog\/wp-content\/uploads\/2016\/03\/logo-carideal-mandataire-automobile.png\" \/>\n\t<meta property=\"og:image:width\" content=\"300\" \/>\n\t<meta property=\"og:image:height\" content=\"300\" \/>\n\t<meta property=\"og:image:type\" content=\"image\/png\" \/>\n<meta name=\"author\" content=\"N.S Carideal\" \/>\n<meta name=\"twitter:card\" content=\"summary_large_image\" \/>\n<meta name=\"twitter:creator\" content=\"@caridealauto\" \/>\n<meta name=\"twitter:site\" content=\"@caridealauto\" \/>\n<meta name=\"twitter:label1\" content=\"\u00c9crit par\" \/>\n\t<meta name=\"twitter:data1\" content=\"N.S Carideal\" \/>\n\t<meta name=\"twitter:label2\" content=\"Dur\u00e9e de lecture estim\u00e9e\" \/>\n\t<meta name=\"twitter:data2\" content=\"1 minute\" \/>\n<script type=\"application\/ld+json\" class=\"yoast-schema-graph\">{\"@context\":\"https:\/\/schema.org\",\"@graph\":[{\"@type\":\"Article\",\"@id\":\"https:\/\/www.carideal.com\/blog\/2009\/04\/10\/la-voiture-electrique-grande-arnaque\/#article\",\"isPartOf\":{\"@id\":\"https:\/\/www.carideal.com\/blog\/2009\/04\/10\/la-voiture-electrique-grande-arnaque\/\"},\"author\":{\"name\":\"N.S Carideal\",\"@id\":\"https:\/\/www.carideal.com\/blog\/#\/schema\/person\/985c7e757d1042d647f21bfaf8d41ebc\"},\"headline\":\"La voiture electrique : grande arnaque ?\",\"datePublished\":\"2009-04-10T16:05:46+00:00\",\"dateModified\":\"2015-11-29T20:12:16+00:00\",\"mainEntityOfPage\":{\"@id\":\"https:\/\/www.carideal.com\/blog\/2009\/04\/10\/la-voiture-electrique-grande-arnaque\/\"},\"wordCount\":184,\"commentCount\":0,\"publisher\":{\"@id\":\"https:\/\/www.carideal.com\/blog\/#organization\"},\"keywords\":[\"Pininfarina\"],\"articleSection\":[\"Ecologie\"],\"inLanguage\":\"fr-FR\",\"potentialAction\":[{\"@type\":\"CommentAction\",\"name\":\"Comment\",\"target\":[\"https:\/\/www.carideal.com\/blog\/2009\/04\/10\/la-voiture-electrique-grande-arnaque\/#respond\"]}]},{\"@type\":\"WebPage\",\"@id\":\"https:\/\/www.carideal.com\/blog\/2009\/04\/10\/la-voiture-electrique-grande-arnaque\/\",\"url\":\"https:\/\/www.carideal.com\/blog\/2009\/04\/10\/la-voiture-electrique-grande-arnaque\/\",\"name\":\"La voiture electrique : grande arnaque ? - Blog auto Carid\u00e9al\",\"isPartOf\":{\"@id\":\"https:\/\/www.carideal.com\/blog\/#website\"},\"datePublished\":\"2009-04-10T16:05:46+00:00\",\"dateModified\":\"2015-11-29T20:12:16+00:00\",\"breadcrumb\":{\"@id\":\"https:\/\/www.carideal.com\/blog\/2009\/04\/10\/la-voiture-electrique-grande-arnaque\/#breadcrumb\"},\"inLanguage\":\"fr-FR\",\"potentialAction\":[{\"@type\":\"ReadAction\",\"target\":[\"https:\/\/www.carideal.com\/blog\/2009\/04\/10\/la-voiture-electrique-grande-arnaque\/\"]}]},{\"@type\":\"BreadcrumbList\",\"@id\":\"https:\/\/www.carideal.com\/blog\/2009\/04\/10\/la-voiture-electrique-grande-arnaque\/#breadcrumb\",\"itemListElement\":[{\"@type\":\"ListItem\",\"position\":1,\"name\":\"Blog Carid\u00e9al\",\"item\":\"https:\/\/www.carideal.com\/blog\/\"},{\"@type\":\"ListItem\",\"position\":2,\"name\":\"Ecologie\",\"item\":\"https:\/\/www.carideal.com\/blog\/ecologie\/\"},{\"@type\":\"ListItem\",\"position\":3,\"name\":\"La voiture electrique : grande arnaque ?\"}]},{\"@type\":\"WebSite\",\"@id\":\"https:\/\/www.carideal.com\/blog\/#website\",\"url\":\"https:\/\/www.carideal.com\/blog\/\",\"name\":\"Blog auto Carid\u00e9al\",\"description\":\"Actualit\u00e9 auto par des passionn\u00e9s\",\"publisher\":{\"@id\":\"https:\/\/www.carideal.com\/blog\/#organization\"},\"potentialAction\":[{\"@type\":\"SearchAction\",\"target\":{\"@type\":\"EntryPoint\",\"urlTemplate\":\"https:\/\/www.carideal.com\/blog\/?s={search_term_string}\"},\"query-input\":{\"@type\":\"PropertyValueSpecification\",\"valueRequired\":true,\"valueName\":\"search_term_string\"}}],\"inLanguage\":\"fr-FR\"},{\"@type\":\"Organization\",\"@id\":\"https:\/\/www.carideal.com\/blog\/#organization\",\"name\":\"Carideal\",\"url\":\"https:\/\/www.carideal.com\/blog\/\",\"logo\":{\"@type\":\"ImageObject\",\"inLanguage\":\"fr-FR\",\"@id\":\"https:\/\/www.carideal.com\/blog\/#\/schema\/logo\/image\/\",\"url\":\"http:\/\/www.carideal.com\/blog\/wp-content\/uploads\/2016\/03\/logo-carideal-mandataire-automobile.png\",\"contentUrl\":\"http:\/\/www.carideal.com\/blog\/wp-content\/uploads\/2016\/03\/logo-carideal-mandataire-automobile.png\",\"width\":300,\"height\":300,\"caption\":\"Carideal\"},\"image\":{\"@id\":\"https:\/\/www.carideal.com\/blog\/#\/schema\/logo\/image\/\"},\"sameAs\":[\"https:\/\/www.facebook.com\/Carideal.mandataire.automobile\",\"https:\/\/x.com\/caridealauto\",\"https:\/\/www.instagram.com\/carideal1\/\",\"https:\/\/www.linkedin.com\/company\/carideal.com\",\"https:\/\/fr.pinterest.com\/schiavonsas\/\",\"https:\/\/www.youtube.com\/user\/caridealsas\"]},{\"@type\":\"Person\",\"@id\":\"https:\/\/www.carideal.com\/blog\/#\/schema\/person\/985c7e757d1042d647f21bfaf8d41ebc\",\"name\":\"N.S Carideal\",\"image\":{\"@type\":\"ImageObject\",\"inLanguage\":\"fr-FR\",\"@id\":\"https:\/\/www.carideal.com\/blog\/#\/schema\/person\/image\/\",\"url\":\"https:\/\/secure.gravatar.com\/avatar\/edb7ccdf1a4e3d14aef967760d354d0e?s=96&r=g\",\"contentUrl\":\"https:\/\/secure.gravatar.com\/avatar\/edb7ccdf1a4e3d14aef967760d354d0e?s=96&r=g\",\"caption\":\"N.S Carideal\"},\"description\":\"Depuis tout petit fan d'automobile. Il est question d'essayer et de comparer toutes ces voitures qui nous ont fait r\u00e9ver, avant que celles-ci ne devient uniquement des voitures de collection.\",\"sameAs\":[\"http:\/\/www.carideal.com\/blog\",\"https:\/\/www.facebook.com\/Carideal.mandataire.automobile\/\",\"https:\/\/www.linkedin.com\/in\/nschiavon\/\",\"https:\/\/www.youtube.com\/user\/caridealsas\/\"],\"url\":\"https:\/\/www.carideal.com\/blog\/author\/admin_carideal\/\"}]}<\/script>\n<!-- \/ Yoast SEO plugin. -->","yoast_head_json":{"title":"La voiture electrique : grande arnaque ? - Blog auto Carid\u00e9al","robots":{"index":"index","follow":"follow","max-snippet":"max-snippet:-1","max-image-preview":"max-image-preview:large","max-video-preview":"max-video-preview:-1"},"canonical":"https:\/\/www.carideal.com\/blog\/2009\/04\/10\/la-voiture-electrique-grande-arnaque\/","og_locale":"fr_FR","og_type":"article","og_title":"La voiture electrique : grande arnaque ? - Blog auto Carid\u00e9al","og_description":"La voiture \u00e9lectrique : la grande arnaque ? S\u00e9gol\u00e8ne Royal l'avait annonc\u00e9 \u00e0 5000 \u20ac, elle sortira peut \u00eatre \u00e0 15000 \u20ac La voiture \u00e9lectrique, tout le monde en parle, on les sort et on les montre dans des show room, sur les salons, on en dit du bien on annonce des supers chiffres, mais ... Lire plus","og_url":"https:\/\/www.carideal.com\/blog\/2009\/04\/10\/la-voiture-electrique-grande-arnaque\/","og_site_name":"Blog auto Carid\u00e9al","article_publisher":"https:\/\/www.facebook.com\/Carideal.mandataire.automobile","article_author":"https:\/\/www.facebook.com\/Carideal.mandataire.automobile\/","article_published_time":"2009-04-10T16:05:46+00:00","article_modified_time":"2015-11-29T20:12:16+00:00","og_image":[{"width":300,"height":300,"url":"https:\/\/www.carideal.com\/blog\/wp-content\/uploads\/2016\/03\/logo-carideal-mandataire-automobile.png","type":"image\/png"}],"author":"N.S Carideal","twitter_card":"summary_large_image","twitter_creator":"@caridealauto","twitter_site":"@caridealauto","twitter_misc":{"\u00c9crit par":"N.S Carideal","Dur\u00e9e de lecture estim\u00e9e":"1 minute"},"schema":{"@context":"https:\/\/schema.org","@graph":[{"@type":"Article","@id":"https:\/\/www.carideal.com\/blog\/2009\/04\/10\/la-voiture-electrique-grande-arnaque\/#article","isPartOf":{"@id":"https:\/\/www.carideal.com\/blog\/2009\/04\/10\/la-voiture-electrique-grande-arnaque\/"},"author":{"name":"N.S Carideal","@id":"https:\/\/www.carideal.com\/blog\/#\/schema\/person\/985c7e757d1042d647f21bfaf8d41ebc"},"headline":"La voiture electrique : grande arnaque ?","datePublished":"2009-04-10T16:05:46+00:00","dateModified":"2015-11-29T20:12:16+00:00","mainEntityOfPage":{"@id":"https:\/\/www.carideal.com\/blog\/2009\/04\/10\/la-voiture-electrique-grande-arnaque\/"},"wordCount":184,"commentCount":0,"publisher":{"@id":"https:\/\/www.carideal.com\/blog\/#organization"},"keywords":["Pininfarina"],"articleSection":["Ecologie"],"inLanguage":"fr-FR","potentialAction":[{"@type":"CommentAction","name":"Comment","target":["https:\/\/www.carideal.com\/blog\/2009\/04\/10\/la-voiture-electrique-grande-arnaque\/#respond"]}]},{"@type":"WebPage","@id":"https:\/\/www.carideal.com\/blog\/2009\/04\/10\/la-voiture-electrique-grande-arnaque\/","url":"https:\/\/www.carideal.com\/blog\/2009\/04\/10\/la-voiture-electrique-grande-arnaque\/","name":"La voiture electrique : grande arnaque ? - Blog auto Carid\u00e9al","isPartOf":{"@id":"https:\/\/www.carideal.com\/blog\/#website"},"datePublished":"2009-04-10T16:05:46+00:00","dateModified":"2015-11-29T20:12:16+00:00","breadcrumb":{"@id":"https:\/\/www.carideal.com\/blog\/2009\/04\/10\/la-voiture-electrique-grande-arnaque\/#breadcrumb"},"inLanguage":"fr-FR","potentialAction":[{"@type":"ReadAction","target":["https:\/\/www.carideal.com\/blog\/2009\/04\/10\/la-voiture-electrique-grande-arnaque\/"]}]},{"@type":"BreadcrumbList","@id":"https:\/\/www.carideal.com\/blog\/2009\/04\/10\/la-voiture-electrique-grande-arnaque\/#breadcrumb","itemListElement":[{"@type":"ListItem","position":1,"name":"Blog Carid\u00e9al","item":"https:\/\/www.carideal.com\/blog\/"},{"@type":"ListItem","position":2,"name":"Ecologie","item":"https:\/\/www.carideal.com\/blog\/ecologie\/"},{"@type":"ListItem","position":3,"name":"La voiture electrique : grande arnaque ?"}]},{"@type":"WebSite","@id":"https:\/\/www.carideal.com\/blog\/#website","url":"https:\/\/www.carideal.com\/blog\/","name":"Blog auto Carid\u00e9al","description":"Actualit\u00e9 auto par des passionn\u00e9s","publisher":{"@id":"https:\/\/www.carideal.com\/blog\/#organization"},"potentialAction":[{"@type":"SearchAction","target":{"@type":"EntryPoint","urlTemplate":"https:\/\/www.carideal.com\/blog\/?s={search_term_string}"},"query-input":{"@type":"PropertyValueSpecification","valueRequired":true,"valueName":"search_term_string"}}],"inLanguage":"fr-FR"},{"@type":"Organization","@id":"https:\/\/www.carideal.com\/blog\/#organization","name":"Carideal","url":"https:\/\/www.carideal.com\/blog\/","logo":{"@type":"ImageObject","inLanguage":"fr-FR","@id":"https:\/\/www.carideal.com\/blog\/#\/schema\/logo\/image\/","url":"http:\/\/www.carideal.com\/blog\/wp-content\/uploads\/2016\/03\/logo-carideal-mandataire-automobile.png","contentUrl":"http:\/\/www.carideal.com\/blog\/wp-content\/uploads\/2016\/03\/logo-carideal-mandataire-automobile.png","width":300,"height":300,"caption":"Carideal"},"image":{"@id":"https:\/\/www.carideal.com\/blog\/#\/schema\/logo\/image\/"},"sameAs":["https:\/\/www.facebook.com\/Carideal.mandataire.automobile","https:\/\/x.com\/caridealauto","https:\/\/www.instagram.com\/carideal1\/","https:\/\/www.linkedin.com\/company\/carideal.com","https:\/\/fr.pinterest.com\/schiavonsas\/","https:\/\/www.youtube.com\/user\/caridealsas"]},{"@type":"Person","@id":"https:\/\/www.carideal.com\/blog\/#\/schema\/person\/985c7e757d1042d647f21bfaf8d41ebc","name":"N.S Carideal","image":{"@type":"ImageObject","inLanguage":"fr-FR","@id":"https:\/\/www.carideal.com\/blog\/#\/schema\/person\/image\/","url":"https:\/\/secure.gravatar.com\/avatar\/edb7ccdf1a4e3d14aef967760d354d0e?s=96&r=g","contentUrl":"https:\/\/secure.gravatar.com\/avatar\/edb7ccdf1a4e3d14aef967760d354d0e?s=96&r=g","caption":"N.S Carideal"},"description":"Depuis tout petit fan d'automobile. Il est question d'essayer et de comparer toutes ces voitures qui nous ont fait r\u00e9ver, avant que celles-ci ne devient uniquement des voitures de collection.","sameAs":["http:\/\/www.carideal.com\/blog","https:\/\/www.facebook.com\/Carideal.mandataire.automobile\/","https:\/\/www.linkedin.com\/in\/nschiavon\/","https:\/\/www.youtube.com\/user\/caridealsas\/"],"url":"https:\/\/www.carideal.com\/blog\/author\/admin_carideal\/"}]}},"uagb_featured_image_src":{"full":false,"thumbnail":false,"medium":false,"medium_large":false,"large":false,"1536x1536":false,"2048x2048":false,"wppr-widget":false},"uagb_author_info":{"display_name":"N.S Carideal","author_link":"https:\/\/www.carideal.com\/blog\/author\/admin_carideal\/"},"uagb_comment_info":0,"uagb_excerpt":"La voiture \u00e9lectrique : la grande arnaque ? S\u00e9gol\u00e8ne Royal l'avait annonc\u00e9 \u00e0 5000 \u20ac, elle sortira peut \u00eatre \u00e0 15000 \u20ac La voiture \u00e9lectrique, tout le monde en parle, on les sort et on les montre dans des show room, sur les salons, on en dit du bien on annonce des supers chiffres, mais\u2026","_links":{"self":[{"href":"https:\/\/www.carideal.com\/blog\/wp-json\/wp\/v2\/posts\/128"}],"collection":[{"href":"https:\/\/www.carideal.com\/blog\/wp-json\/wp\/v2\/posts"}],"about":[{"href":"https:\/\/www.carideal.com\/blog\/wp-json\/wp\/v2\/types\/post"}],"author":[{"embeddable":true,"href":"https:\/\/www.carideal.com\/blog\/wp-json\/wp\/v2\/users\/1"}],"replies":[{"embeddable":true,"href":"https:\/\/www.carideal.com\/blog\/wp-json\/wp\/v2\/comments?post=128"}],"version-history":[{"count":0,"href":"https:\/\/www.carideal.com\/blog\/wp-json\/wp\/v2\/posts\/128\/revisions"}],"wp:attachment":[{"href":"https:\/\/www.carideal.com\/blog\/wp-json\/wp\/v2\/media?parent=128"}],"wp:term":[{"taxonomy":"category","embeddable":true,"href":"https:\/\/www.carideal.com\/blog\/wp-json\/wp\/v2\/categories?post=128"},{"taxonomy":"post_tag","embeddable":true,"href":"https:\/\/www.carideal.com\/blog\/wp-json\/wp\/v2\/tags?post=128"}],"curies":[{"name":"wp","href":"https:\/\/api.w.org\/{rel}","templated":true}]}}