{"id":1279,"date":"2013-01-20T09:55:00","date_gmt":"2013-01-20T09:55:00","guid":{"rendered":"http:\/\/carideal.com\/blog\/?p=1279"},"modified":"2023-08-29T12:28:56","modified_gmt":"2023-08-29T10:28:56","slug":"coupe-cadillac-elr-electrique","status":"publish","type":"post","link":"https:\/\/www.carideal.com\/blog\/2013\/01\/20\/coupe-cadillac-elr-electrique\/","title":{"rendered":"Coup\u00e9 Cadillac ELR \u00e9lectrique"},"content":{"rendered":"\n<h1 class=\"wp-block-heading\"><strong>Coup\u00e9 Cadillac ELR \u00e9lectrique<\/strong><\/h1>\n\n\n\n<p><a href=\"http:\/\/www.carideal.com\/blog\/2013\/01\/09\/genaral-motors-psa-quel-avenir\/\">General Motors<\/a> le propri\u00e9taire de Cadillac veut reprendre le concept de la <a href=\"http:\/\/www.carideal.com\/blog\/2013\/01\/22\/la-volt-en-tete-de-la-satisfaction-client-aux-usa\/\">Volt<\/a>. Le constructeur am\u00e9ricain a repris la technologie de sa version europ\u00e9enne et l'a int\u00e9gr\u00e9e au sein de sa marque haut de gamme. Sans doute que cette ch\u00e8re technologie sera mieux accept\u00e9 par cette client\u00e8le.<\/p>\n\n\n\n<p>La Cadillac ELR est une <a href=\"http:\/\/www.carideal.com\/blog\/2018\/11\/26\/pourriez-vous-vivre-avec-une-voiture-electrique-le-pour-et-le-contre\/\">voiture \u00e9lectrique<\/a> \u00e0 prolongateur d\u2019autonomie. Un moteur \u00e0 essence de 1,4 litre et 84 ch vient assister deux \u00e9lectromoteurs. Le premier moteur \u00e9lectrique d\u2019une puissance de 55 kW (75 ch) sert de g\u00e9n\u00e9rateur \u00e9lectrique, il fournit le courant. Le second, d\u00e9livrant 117 kW (160 ch ), est lui le propulseur, c'est lui qui fait avancer la voiture. L\u2019autonomie en mode tout \u00e9lectrique reste limit\u00e9e \u00e0 58 km, mais lorsque le moteur \u00e9lectrique, entra\u00een\u00e9 par le moteur \u00e0 essence, fournit du courant, le rayon d\u2019action de l\u2019ELR passe \u00e0 480 km.<\/p>\n\n\n<div class=\"wp-block-image\">\n<figure class=\"aligncenter size-full\"><a href=\"http:\/\/www.carideal.com\/blog\/wp-content\/uploads\/2023\/08\/Cadillac-ELR_achat-carideal-mandataire-automobile_m.jpg\"><img loading=\"lazy\" decoding=\"async\" width=\"448\" height=\"336\" src=\"http:\/\/www.carideal.com\/blog\/wp-content\/uploads\/2023\/08\/Cadillac-ELR_achat-carideal-mandataire-automobile_m.jpg\" alt=\"Cadillac ELR\" class=\"wp-image-27117\" srcset=\"https:\/\/www.carideal.com\/blog\/wp-content\/uploads\/2023\/08\/Cadillac-ELR_achat-carideal-mandataire-automobile_m.jpg 448w, https:\/\/www.carideal.com\/blog\/wp-content\/uploads\/2023\/08\/Cadillac-ELR_achat-carideal-mandataire-automobile_m-300x225.jpg 300w, https:\/\/www.carideal.com\/blog\/wp-content\/uploads\/2023\/08\/Cadillac-ELR_achat-carideal-mandataire-automobile_m-50x38.jpg 50w, https:\/\/www.carideal.com\/blog\/wp-content\/uploads\/2023\/08\/Cadillac-ELR_achat-carideal-mandataire-automobile_m-110x83.jpg 110w, https:\/\/www.carideal.com\/blog\/wp-content\/uploads\/2023\/08\/Cadillac-ELR_achat-carideal-mandataire-automobile_m-420x315.jpg 420w\" sizes=\"(max-width: 448px) 100vw, 448px\" \/><\/a><figcaption class=\"wp-element-caption\">Cadillac ELR<\/figcaption><\/figure><\/div>\n\n<div class=\"wp-block-image\">\n<figure class=\"aligncenter size-full\"><a href=\"http:\/\/www.carideal.com\/blog\/wp-content\/uploads\/2023\/08\/Cadillac-ELR_achat-carideal-mandataire-automobile-1_m.jpg\"><img loading=\"lazy\" decoding=\"async\" width=\"448\" height=\"336\" src=\"http:\/\/www.carideal.com\/blog\/wp-content\/uploads\/2023\/08\/Cadillac-ELR_achat-carideal-mandataire-automobile-1_m.jpg\" alt=\"Prolongateur d'autonomie pour la Cadillac ELR\" class=\"wp-image-27119\" srcset=\"https:\/\/www.carideal.com\/blog\/wp-content\/uploads\/2023\/08\/Cadillac-ELR_achat-carideal-mandataire-automobile-1_m.jpg 448w, https:\/\/www.carideal.com\/blog\/wp-content\/uploads\/2023\/08\/Cadillac-ELR_achat-carideal-mandataire-automobile-1_m-300x225.jpg 300w, https:\/\/www.carideal.com\/blog\/wp-content\/uploads\/2023\/08\/Cadillac-ELR_achat-carideal-mandataire-automobile-1_m-50x38.jpg 50w, https:\/\/www.carideal.com\/blog\/wp-content\/uploads\/2023\/08\/Cadillac-ELR_achat-carideal-mandataire-automobile-1_m-110x83.jpg 110w, https:\/\/www.carideal.com\/blog\/wp-content\/uploads\/2023\/08\/Cadillac-ELR_achat-carideal-mandataire-automobile-1_m-420x315.jpg 420w\" sizes=\"(max-width: 448px) 100vw, 448px\" \/><\/a><figcaption class=\"wp-element-caption\">Prolongateur d'autonomie pour la Cadillac ELR<\/figcaption><\/figure><\/div>\n\n<div class=\"wp-block-image\">\n<figure class=\"aligncenter size-full\"><a href=\"http:\/\/www.carideal.com\/blog\/wp-content\/uploads\/2023\/08\/Cadillac-ELR_achat-carideal-mandataire-automobile-3_m.jpg\"><img loading=\"lazy\" decoding=\"async\" width=\"448\" height=\"336\" src=\"http:\/\/www.carideal.com\/blog\/wp-content\/uploads\/2023\/08\/Cadillac-ELR_achat-carideal-mandataire-automobile-3_m.jpg\" alt=\"Tableau de bord de la Cadillac ELR\" class=\"wp-image-27120\" srcset=\"https:\/\/www.carideal.com\/blog\/wp-content\/uploads\/2023\/08\/Cadillac-ELR_achat-carideal-mandataire-automobile-3_m.jpg 448w, https:\/\/www.carideal.com\/blog\/wp-content\/uploads\/2023\/08\/Cadillac-ELR_achat-carideal-mandataire-automobile-3_m-300x225.jpg 300w, https:\/\/www.carideal.com\/blog\/wp-content\/uploads\/2023\/08\/Cadillac-ELR_achat-carideal-mandataire-automobile-3_m-50x38.jpg 50w, https:\/\/www.carideal.com\/blog\/wp-content\/uploads\/2023\/08\/Cadillac-ELR_achat-carideal-mandataire-automobile-3_m-110x83.jpg 110w, https:\/\/www.carideal.com\/blog\/wp-content\/uploads\/2023\/08\/Cadillac-ELR_achat-carideal-mandataire-automobile-3_m-420x315.jpg 420w\" sizes=\"(max-width: 448px) 100vw, 448px\" \/><\/a><figcaption class=\"wp-element-caption\">Tableau de bord de la Cadillac ELR<\/figcaption><\/figure><\/div>\n\n<div class=\"wp-block-image\">\n<figure class=\"aligncenter size-full\"><a href=\"http:\/\/www.carideal.com\/blog\/wp-content\/uploads\/2023\/08\/Cadillac-ELR_achat-carideal-mandataire-automobile-4_m.jpg\"><img loading=\"lazy\" decoding=\"async\" width=\"448\" height=\"336\" src=\"http:\/\/www.carideal.com\/blog\/wp-content\/uploads\/2023\/08\/Cadillac-ELR_achat-carideal-mandataire-automobile-4_m.jpg\" alt=\"Si\u00e8ges Avant\" class=\"wp-image-27121\" srcset=\"https:\/\/www.carideal.com\/blog\/wp-content\/uploads\/2023\/08\/Cadillac-ELR_achat-carideal-mandataire-automobile-4_m.jpg 448w, https:\/\/www.carideal.com\/blog\/wp-content\/uploads\/2023\/08\/Cadillac-ELR_achat-carideal-mandataire-automobile-4_m-300x225.jpg 300w, https:\/\/www.carideal.com\/blog\/wp-content\/uploads\/2023\/08\/Cadillac-ELR_achat-carideal-mandataire-automobile-4_m-50x38.jpg 50w, https:\/\/www.carideal.com\/blog\/wp-content\/uploads\/2023\/08\/Cadillac-ELR_achat-carideal-mandataire-automobile-4_m-110x83.jpg 110w, https:\/\/www.carideal.com\/blog\/wp-content\/uploads\/2023\/08\/Cadillac-ELR_achat-carideal-mandataire-automobile-4_m-420x315.jpg 420w\" sizes=\"(max-width: 448px) 100vw, 448px\" \/><\/a><figcaption class=\"wp-element-caption\">Si\u00e8ges Avant<\/figcaption><\/figure><\/div>\n\n<div class=\"wp-block-image\">\n<figure class=\"aligncenter size-full\"><a href=\"http:\/\/www.carideal.com\/blog\/wp-content\/uploads\/2023\/08\/Cadillac-ELR_achat-carideal-mandataire-automobile-6_m.jpg\"><img loading=\"lazy\" decoding=\"async\" width=\"448\" height=\"336\" src=\"http:\/\/www.carideal.com\/blog\/wp-content\/uploads\/2023\/08\/Cadillac-ELR_achat-carideal-mandataire-automobile-6_m.jpg\" alt=\"Cadillac ELR voiture \u00e9lectrique avec prolongateur d'autonomie\" class=\"wp-image-27123\" srcset=\"https:\/\/www.carideal.com\/blog\/wp-content\/uploads\/2023\/08\/Cadillac-ELR_achat-carideal-mandataire-automobile-6_m.jpg 448w, https:\/\/www.carideal.com\/blog\/wp-content\/uploads\/2023\/08\/Cadillac-ELR_achat-carideal-mandataire-automobile-6_m-300x225.jpg 300w, https:\/\/www.carideal.com\/blog\/wp-content\/uploads\/2023\/08\/Cadillac-ELR_achat-carideal-mandataire-automobile-6_m-50x38.jpg 50w, https:\/\/www.carideal.com\/blog\/wp-content\/uploads\/2023\/08\/Cadillac-ELR_achat-carideal-mandataire-automobile-6_m-110x83.jpg 110w, https:\/\/www.carideal.com\/blog\/wp-content\/uploads\/2023\/08\/Cadillac-ELR_achat-carideal-mandataire-automobile-6_m-420x315.jpg 420w\" sizes=\"(max-width: 448px) 100vw, 448px\" \/><\/a><figcaption class=\"wp-element-caption\">Cadillac ELR voiture \u00e9lectrique avec prolongateur d'autonomie<\/figcaption><\/figure><\/div>\n\n\n<h2 class=\"wp-block-heading\">Un coup\u00e9 \u00e9lectrique luxueux et performant : la Cadillac ELR<\/h2>\n\n\n\n<h3 class=\"wp-block-heading\">\ud83d\udd0b Une autonomie qui s\u00e9duit<\/h3>\n\n\n\n<p>La Cadillac ELR, d\u00e9velopp\u00e9e sur la plateforme de la <a href=\"http:\/\/www.carideal.com\/blog\/2011\/02\/06\/chevrolet-volt-electrique\/\">Chevrolet Volt<\/a>, offre une autonomie de 56 km en mode tout \u00e9lectrique et de 480 km avec le g\u00e9n\u00e9rateur. De quoi rivaliser avec les grandes marques du march\u00e9 \u00e9lectrique, n'est-ce pas ?<\/p>\n\n\n\n<h3 class=\"wp-block-heading\">\ud83c\udfa8 Un design remarquable<\/h3>\n\n\n\n<p>Ce coup\u00e9 \u00e9lectrique se d\u00e9marque par son esth\u00e9tique attrayante, avec des traits fid\u00e8les au concept car ELR. Les lignes ac\u00e9r\u00e9es et dynamiques ainsi que les phares et feux verticaux typiques de Cadillac apportent une touche moderne et sophistiqu\u00e9e. Qui a dit qu'une voiture \u00e9lectrique ne pouvait pas \u00eatre \u00e9l\u00e9gante ?<\/p>\n\n\n\n<h3 class=\"wp-block-heading\">\ud83c\udfce\ufe0f Des performances convaincantes<\/h3>\n\n\n\n<p>Avec une puissance totale de 154 kW (207 ch) et un couple de 400 Nm, la Cadillac ELR offre des performances \u00e9quilibr\u00e9es. La vitesse maximale est de 160 km\/h et le 0 \u00e0 100 km\/h est atteint en 8,2 secondes environ. Serez-vous tent\u00e9 par ces performances ?<\/p>\n\n\n\n<h3 class=\"wp-block-heading\">\ud83c\udf1f Un int\u00e9rieur luxueux et confortable<\/h3>\n\n\n\n<p>L'habitacle de la Cadillac ELR est un v\u00e9ritable cocon de luxe, avec seulement 4 places mais des mat\u00e9riaux nobles et un mobilier recouvert de cuir surpiqu\u00e9. L'installation hifi Bose \u00e0 10 canaux et autant de haut-parleurs ainsi que le syst\u00e8me de connectivit\u00e9 CUE et la navigation sont \u00e9galement au rendez-vous. Pr\u00eat \u00e0 monter \u00e0 bord ?<\/p>\n\n\n\n<h3 class=\"wp-block-heading\">\ud83d\udcb8 Un prix attractif\u2026 aux \u00c9tats-Unis<\/h3>\n\n\n\n<p>L'ELR devrait \u00eatre vendue aux alentours de 60 000$ (environ 45 000\u20ac) aux USA. Mais qu'en est-il de sa disponibilit\u00e9 en Europe d\u00e9but 2014 ? Les incertitudes demeurent notamment \u00e0 cause du r\u00e9seau de distribution. Alors, la Cadillac ELR sera-t-elle bient\u00f4t disponible en Europe ?<\/p>\n\n\n\n<h4 class=\"wp-block-heading\">Lectures suppl\u00e9mentaires<\/h4>\n\n\n\n<ul class=\"wp-block-list\">\n<li><a href=\"http:\/\/www.carideal.com\/blog\/2013\/08\/15\/cadillac-cts-2014\/\">Cadillac CTS 2014<\/a><\/li>\n\n\n\n<li><a href=\"http:\/\/www.carideal.com\/blog\/2012\/11\/10\/cadillac-ats-nouvelle-donne\/\">Cadillac ATS nouvelle donne<\/a><\/li>\n\n\n\n<li><a href=\"http:\/\/www.carideal.com\/blog\/2011\/03\/17\/cadillac-xts-platinium-concept-car-hybride\/\">Cadillac XTS Platinium concept car hybride<\/a><\/li>\n<\/ul>\n\n\n\n<h3 class=\"wp-block-heading\">\ud83d\udd0d Un partenariat pour la s\u00e9curit\u00e9 des non-voyants<\/h3>\n\n\n\n<p>Cadillac a travaill\u00e9 avec l'AFB (American Federation of the Blind) afin de sonoriser ext\u00e9rieurement et efficacement l'auto, pour \u00eatre rep\u00e9r\u00e9e par les aveugles et les malentendants. Un souci de s\u00e9curit\u00e9 et d'accessibilit\u00e9 qui m\u00e9rite d'\u00eatre soulign\u00e9 !<\/p>\n\n\n\n<p>Qu'en pensez-vous ? La Cadillac ELR a-t-elle sa place sur le march\u00e9 europ\u00e9en ? \ud83e\udd14<\/p>\n","protected":false},"excerpt":{"rendered":"<p>Coup\u00e9 Cadillac ELR \u00e9lectrique General Motors le propri\u00e9taire de Cadillac veut reprendre le concept de la Volt. Le constructeur am\u00e9ricain a repris la technologie de sa version europ\u00e9enne et l&rsquo;a int\u00e9gr\u00e9e au sein de sa marque haut de gamme. Sans doute que cette ch\u00e8re technologie sera mieux accept\u00e9 par cette client\u00e8le. La Cadillac ELR est &#8230; <a title=\"Coup\u00e9 Cadillac ELR \u00e9lectrique\" class=\"read-more\" href=\"https:\/\/www.carideal.com\/blog\/2013\/01\/20\/coupe-cadillac-elr-electrique\/\" aria-label=\"En savoir plus sur Coup\u00e9 Cadillac ELR \u00e9lectrique\">Lire plus<\/a><\/p>\n","protected":false},"author":1,"featured_media":27116,"comment_status":"open","ping_status":"open","sticky":false,"template":"","format":"standard","meta":{"_uag_custom_page_level_css":"","_themeisle_gutenberg_block_has_review":false,"footnotes":""},"categories":[5944,5970],"tags":[6230],"class_list":["post-1279","post","type-post","status-publish","format-standard","has-post-thumbnail","hentry","category-constructeur","category-electrique-technologie-2","tag-voiture-americaine"],"wppr_data":{"cwp_meta_box_check":"No"},"yoast_head":"<!-- This site is optimized with the Yoast SEO plugin v24.8.1 - https:\/\/yoast.com\/wordpress\/plugins\/seo\/ -->\n<title>Coup\u00e9 Cadillac ELR \u00e9lectrique - Blog auto Carid\u00e9al<\/title>\n<meta name=\"description\" content=\"La Cadillac ELR est une voiture \u00e9lectrique \u00e0 prolongateur d\u2019autonomie. Un moteur \u00e0 essence de 1,4 litre et 84 ch vient assister deux \u00e9lectromoteurs\" \/>\n<meta name=\"robots\" content=\"index, follow, max-snippet:-1, max-image-preview:large, max-video-preview:-1\" \/>\n<link rel=\"canonical\" href=\"https:\/\/www.carideal.com\/blog\/2013\/01\/20\/coupe-cadillac-elr-electrique\/\" \/>\n<meta property=\"og:locale\" content=\"fr_FR\" \/>\n<meta property=\"og:type\" content=\"article\" \/>\n<meta property=\"og:title\" content=\"Coup\u00e9 Cadillac ELR \u00e9lectrique - Blog auto Carid\u00e9al\" \/>\n<meta property=\"og:description\" content=\"La Cadillac ELR est une voiture \u00e9lectrique \u00e0 prolongateur d\u2019autonomie. Un moteur \u00e0 essence de 1,4 litre et 84 ch vient assister deux \u00e9lectromoteurs\" \/>\n<meta property=\"og:url\" content=\"https:\/\/www.carideal.com\/blog\/2013\/01\/20\/coupe-cadillac-elr-electrique\/\" \/>\n<meta property=\"og:site_name\" content=\"Blog auto Carid\u00e9al\" \/>\n<meta property=\"article:publisher\" content=\"https:\/\/www.facebook.com\/Carideal.mandataire.automobile\" \/>\n<meta property=\"article:author\" content=\"https:\/\/www.facebook.com\/Carideal.mandataire.automobile\/\" \/>\n<meta property=\"article:published_time\" content=\"2013-01-20T09:55:00+00:00\" \/>\n<meta property=\"article:modified_time\" content=\"2023-08-29T10:28:56+00:00\" \/>\n<meta property=\"og:image\" content=\"https:\/\/www.carideal.com\/blog\/wp-content\/uploads\/2013\/01\/Cadillac-ELR_achat-carideal-mandataire-automobile_m.jpg\" \/>\n\t<meta property=\"og:image:width\" content=\"448\" \/>\n\t<meta property=\"og:image:height\" content=\"336\" \/>\n\t<meta property=\"og:image:type\" content=\"image\/jpeg\" \/>\n<meta name=\"author\" content=\"N.S Carideal\" \/>\n<meta name=\"twitter:card\" content=\"summary_large_image\" \/>\n<meta name=\"twitter:creator\" content=\"@caridealauto\" \/>\n<meta name=\"twitter:site\" content=\"@caridealauto\" \/>\n<meta name=\"twitter:label1\" content=\"\u00c9crit par\" \/>\n\t<meta name=\"twitter:data1\" content=\"N.S Carideal\" \/>\n\t<meta name=\"twitter:label2\" content=\"Dur\u00e9e de lecture estim\u00e9e\" \/>\n\t<meta name=\"twitter:data2\" content=\"4 minutes\" \/>\n<script type=\"application\/ld+json\" class=\"yoast-schema-graph\">{\"@context\":\"https:\/\/schema.org\",\"@graph\":[{\"@type\":\"Article\",\"@id\":\"https:\/\/www.carideal.com\/blog\/2013\/01\/20\/coupe-cadillac-elr-electrique\/#article\",\"isPartOf\":{\"@id\":\"https:\/\/www.carideal.com\/blog\/2013\/01\/20\/coupe-cadillac-elr-electrique\/\"},\"author\":{\"name\":\"N.S Carideal\",\"@id\":\"https:\/\/www.carideal.com\/blog\/#\/schema\/person\/985c7e757d1042d647f21bfaf8d41ebc\"},\"headline\":\"Coup\u00e9 Cadillac ELR \u00e9lectrique\",\"datePublished\":\"2013-01-20T09:55:00+00:00\",\"dateModified\":\"2023-08-29T10:28:56+00:00\",\"mainEntityOfPage\":{\"@id\":\"https:\/\/www.carideal.com\/blog\/2013\/01\/20\/coupe-cadillac-elr-electrique\/\"},\"wordCount\":520,\"commentCount\":0,\"publisher\":{\"@id\":\"https:\/\/www.carideal.com\/blog\/#organization\"},\"image\":{\"@id\":\"https:\/\/www.carideal.com\/blog\/2013\/01\/20\/coupe-cadillac-elr-electrique\/#primaryimage\"},\"thumbnailUrl\":\"https:\/\/www.carideal.com\/blog\/wp-content\/uploads\/2013\/01\/Cadillac-ELR_achat-carideal-mandataire-automobile_m.jpg\",\"keywords\":[\"Voiture am\u00e9ricaine\"],\"articleSection\":[\"Actualit\u00e9 Constructeur automobile\",\"Voiture \u00e9lectrique\"],\"inLanguage\":\"fr-FR\",\"potentialAction\":[{\"@type\":\"CommentAction\",\"name\":\"Comment\",\"target\":[\"https:\/\/www.carideal.com\/blog\/2013\/01\/20\/coupe-cadillac-elr-electrique\/#respond\"]}]},{\"@type\":\"WebPage\",\"@id\":\"https:\/\/www.carideal.com\/blog\/2013\/01\/20\/coupe-cadillac-elr-electrique\/\",\"url\":\"https:\/\/www.carideal.com\/blog\/2013\/01\/20\/coupe-cadillac-elr-electrique\/\",\"name\":\"Coup\u00e9 Cadillac ELR \u00e9lectrique - Blog auto Carid\u00e9al\",\"isPartOf\":{\"@id\":\"https:\/\/www.carideal.com\/blog\/#website\"},\"primaryImageOfPage\":{\"@id\":\"https:\/\/www.carideal.com\/blog\/2013\/01\/20\/coupe-cadillac-elr-electrique\/#primaryimage\"},\"image\":{\"@id\":\"https:\/\/www.carideal.com\/blog\/2013\/01\/20\/coupe-cadillac-elr-electrique\/#primaryimage\"},\"thumbnailUrl\":\"https:\/\/www.carideal.com\/blog\/wp-content\/uploads\/2013\/01\/Cadillac-ELR_achat-carideal-mandataire-automobile_m.jpg\",\"datePublished\":\"2013-01-20T09:55:00+00:00\",\"dateModified\":\"2023-08-29T10:28:56+00:00\",\"description\":\"La Cadillac ELR est une voiture \u00e9lectrique \u00e0 prolongateur d\u2019autonomie. Un moteur \u00e0 essence de 1,4 litre et 84 ch vient assister deux \u00e9lectromoteurs\",\"breadcrumb\":{\"@id\":\"https:\/\/www.carideal.com\/blog\/2013\/01\/20\/coupe-cadillac-elr-electrique\/#breadcrumb\"},\"inLanguage\":\"fr-FR\",\"potentialAction\":[{\"@type\":\"ReadAction\",\"target\":[\"https:\/\/www.carideal.com\/blog\/2013\/01\/20\/coupe-cadillac-elr-electrique\/\"]}]},{\"@type\":\"ImageObject\",\"inLanguage\":\"fr-FR\",\"@id\":\"https:\/\/www.carideal.com\/blog\/2013\/01\/20\/coupe-cadillac-elr-electrique\/#primaryimage\",\"url\":\"https:\/\/www.carideal.com\/blog\/wp-content\/uploads\/2013\/01\/Cadillac-ELR_achat-carideal-mandataire-automobile_m.jpg\",\"contentUrl\":\"https:\/\/www.carideal.com\/blog\/wp-content\/uploads\/2013\/01\/Cadillac-ELR_achat-carideal-mandataire-automobile_m.jpg\",\"width\":448,\"height\":336,\"caption\":\"Cadillac ELR\"},{\"@type\":\"BreadcrumbList\",\"@id\":\"https:\/\/www.carideal.com\/blog\/2013\/01\/20\/coupe-cadillac-elr-electrique\/#breadcrumb\",\"itemListElement\":[{\"@type\":\"ListItem\",\"position\":1,\"name\":\"Blog Carid\u00e9al\",\"item\":\"https:\/\/www.carideal.com\/blog\/\"},{\"@type\":\"ListItem\",\"position\":2,\"name\":\"Actualit\u00e9 constructeur automobile\",\"item\":\"https:\/\/www.carideal.com\/blog\/constructeur\/\"},{\"@type\":\"ListItem\",\"position\":3,\"name\":\"Coup\u00e9 Cadillac ELR \u00e9lectrique\"}]},{\"@type\":\"WebSite\",\"@id\":\"https:\/\/www.carideal.com\/blog\/#website\",\"url\":\"https:\/\/www.carideal.com\/blog\/\",\"name\":\"Blog auto Carid\u00e9al\",\"description\":\"Actualit\u00e9 auto par des passionn\u00e9s\",\"publisher\":{\"@id\":\"https:\/\/www.carideal.com\/blog\/#organization\"},\"potentialAction\":[{\"@type\":\"SearchAction\",\"target\":{\"@type\":\"EntryPoint\",\"urlTemplate\":\"https:\/\/www.carideal.com\/blog\/?s={search_term_string}\"},\"query-input\":{\"@type\":\"PropertyValueSpecification\",\"valueRequired\":true,\"valueName\":\"search_term_string\"}}],\"inLanguage\":\"fr-FR\"},{\"@type\":\"Organization\",\"@id\":\"https:\/\/www.carideal.com\/blog\/#organization\",\"name\":\"Carideal\",\"url\":\"https:\/\/www.carideal.com\/blog\/\",\"logo\":{\"@type\":\"ImageObject\",\"inLanguage\":\"fr-FR\",\"@id\":\"https:\/\/www.carideal.com\/blog\/#\/schema\/logo\/image\/\",\"url\":\"http:\/\/www.carideal.com\/blog\/wp-content\/uploads\/2016\/03\/logo-carideal-mandataire-automobile.png\",\"contentUrl\":\"http:\/\/www.carideal.com\/blog\/wp-content\/uploads\/2016\/03\/logo-carideal-mandataire-automobile.png\",\"width\":300,\"height\":300,\"caption\":\"Carideal\"},\"image\":{\"@id\":\"https:\/\/www.carideal.com\/blog\/#\/schema\/logo\/image\/\"},\"sameAs\":[\"https:\/\/www.facebook.com\/Carideal.mandataire.automobile\",\"https:\/\/x.com\/caridealauto\",\"https:\/\/www.instagram.com\/carideal1\/\",\"https:\/\/www.linkedin.com\/company\/carideal.com\",\"https:\/\/fr.pinterest.com\/schiavonsas\/\",\"https:\/\/www.youtube.com\/user\/caridealsas\"]},{\"@type\":\"Person\",\"@id\":\"https:\/\/www.carideal.com\/blog\/#\/schema\/person\/985c7e757d1042d647f21bfaf8d41ebc\",\"name\":\"N.S Carideal\",\"image\":{\"@type\":\"ImageObject\",\"inLanguage\":\"fr-FR\",\"@id\":\"https:\/\/www.carideal.com\/blog\/#\/schema\/person\/image\/\",\"url\":\"https:\/\/secure.gravatar.com\/avatar\/edb7ccdf1a4e3d14aef967760d354d0e?s=96&r=g\",\"contentUrl\":\"https:\/\/secure.gravatar.com\/avatar\/edb7ccdf1a4e3d14aef967760d354d0e?s=96&r=g\",\"caption\":\"N.S Carideal\"},\"description\":\"Depuis tout petit fan d'automobile. Il est question d'essayer et de comparer toutes ces voitures qui nous ont fait r\u00e9ver, avant que celles-ci ne devient uniquement des voitures de collection.\",\"sameAs\":[\"http:\/\/www.carideal.com\/blog\",\"https:\/\/www.facebook.com\/Carideal.mandataire.automobile\/\",\"https:\/\/www.linkedin.com\/in\/nschiavon\/\",\"https:\/\/www.youtube.com\/user\/caridealsas\/\"],\"url\":\"https:\/\/www.carideal.com\/blog\/author\/admin_carideal\/\"}]}<\/script>\n<!-- \/ Yoast SEO plugin. -->","yoast_head_json":{"title":"Coup\u00e9 Cadillac ELR \u00e9lectrique - Blog auto Carid\u00e9al","description":"La Cadillac ELR est une voiture \u00e9lectrique \u00e0 prolongateur d\u2019autonomie. Un moteur \u00e0 essence de 1,4 litre et 84 ch vient assister deux \u00e9lectromoteurs","robots":{"index":"index","follow":"follow","max-snippet":"max-snippet:-1","max-image-preview":"max-image-preview:large","max-video-preview":"max-video-preview:-1"},"canonical":"https:\/\/www.carideal.com\/blog\/2013\/01\/20\/coupe-cadillac-elr-electrique\/","og_locale":"fr_FR","og_type":"article","og_title":"Coup\u00e9 Cadillac ELR \u00e9lectrique - Blog auto Carid\u00e9al","og_description":"La Cadillac ELR est une voiture \u00e9lectrique \u00e0 prolongateur d\u2019autonomie. Un moteur \u00e0 essence de 1,4 litre et 84 ch vient assister deux \u00e9lectromoteurs","og_url":"https:\/\/www.carideal.com\/blog\/2013\/01\/20\/coupe-cadillac-elr-electrique\/","og_site_name":"Blog auto Carid\u00e9al","article_publisher":"https:\/\/www.facebook.com\/Carideal.mandataire.automobile","article_author":"https:\/\/www.facebook.com\/Carideal.mandataire.automobile\/","article_published_time":"2013-01-20T09:55:00+00:00","article_modified_time":"2023-08-29T10:28:56+00:00","og_image":[{"width":448,"height":336,"url":"https:\/\/www.carideal.com\/blog\/wp-content\/uploads\/2013\/01\/Cadillac-ELR_achat-carideal-mandataire-automobile_m.jpg","type":"image\/jpeg"}],"author":"N.S Carideal","twitter_card":"summary_large_image","twitter_creator":"@caridealauto","twitter_site":"@caridealauto","twitter_misc":{"\u00c9crit par":"N.S Carideal","Dur\u00e9e de lecture estim\u00e9e":"4 minutes"},"schema":{"@context":"https:\/\/schema.org","@graph":[{"@type":"Article","@id":"https:\/\/www.carideal.com\/blog\/2013\/01\/20\/coupe-cadillac-elr-electrique\/#article","isPartOf":{"@id":"https:\/\/www.carideal.com\/blog\/2013\/01\/20\/coupe-cadillac-elr-electrique\/"},"author":{"name":"N.S Carideal","@id":"https:\/\/www.carideal.com\/blog\/#\/schema\/person\/985c7e757d1042d647f21bfaf8d41ebc"},"headline":"Coup\u00e9 Cadillac ELR \u00e9lectrique","datePublished":"2013-01-20T09:55:00+00:00","dateModified":"2023-08-29T10:28:56+00:00","mainEntityOfPage":{"@id":"https:\/\/www.carideal.com\/blog\/2013\/01\/20\/coupe-cadillac-elr-electrique\/"},"wordCount":520,"commentCount":0,"publisher":{"@id":"https:\/\/www.carideal.com\/blog\/#organization"},"image":{"@id":"https:\/\/www.carideal.com\/blog\/2013\/01\/20\/coupe-cadillac-elr-electrique\/#primaryimage"},"thumbnailUrl":"https:\/\/www.carideal.com\/blog\/wp-content\/uploads\/2013\/01\/Cadillac-ELR_achat-carideal-mandataire-automobile_m.jpg","keywords":["Voiture am\u00e9ricaine"],"articleSection":["Actualit\u00e9 Constructeur automobile","Voiture \u00e9lectrique"],"inLanguage":"fr-FR","potentialAction":[{"@type":"CommentAction","name":"Comment","target":["https:\/\/www.carideal.com\/blog\/2013\/01\/20\/coupe-cadillac-elr-electrique\/#respond"]}]},{"@type":"WebPage","@id":"https:\/\/www.carideal.com\/blog\/2013\/01\/20\/coupe-cadillac-elr-electrique\/","url":"https:\/\/www.carideal.com\/blog\/2013\/01\/20\/coupe-cadillac-elr-electrique\/","name":"Coup\u00e9 Cadillac ELR \u00e9lectrique - Blog auto Carid\u00e9al","isPartOf":{"@id":"https:\/\/www.carideal.com\/blog\/#website"},"primaryImageOfPage":{"@id":"https:\/\/www.carideal.com\/blog\/2013\/01\/20\/coupe-cadillac-elr-electrique\/#primaryimage"},"image":{"@id":"https:\/\/www.carideal.com\/blog\/2013\/01\/20\/coupe-cadillac-elr-electrique\/#primaryimage"},"thumbnailUrl":"https:\/\/www.carideal.com\/blog\/wp-content\/uploads\/2013\/01\/Cadillac-ELR_achat-carideal-mandataire-automobile_m.jpg","datePublished":"2013-01-20T09:55:00+00:00","dateModified":"2023-08-29T10:28:56+00:00","description":"La Cadillac ELR est une voiture \u00e9lectrique \u00e0 prolongateur d\u2019autonomie. Un moteur \u00e0 essence de 1,4 litre et 84 ch vient assister deux \u00e9lectromoteurs","breadcrumb":{"@id":"https:\/\/www.carideal.com\/blog\/2013\/01\/20\/coupe-cadillac-elr-electrique\/#breadcrumb"},"inLanguage":"fr-FR","potentialAction":[{"@type":"ReadAction","target":["https:\/\/www.carideal.com\/blog\/2013\/01\/20\/coupe-cadillac-elr-electrique\/"]}]},{"@type":"ImageObject","inLanguage":"fr-FR","@id":"https:\/\/www.carideal.com\/blog\/2013\/01\/20\/coupe-cadillac-elr-electrique\/#primaryimage","url":"https:\/\/www.carideal.com\/blog\/wp-content\/uploads\/2013\/01\/Cadillac-ELR_achat-carideal-mandataire-automobile_m.jpg","contentUrl":"https:\/\/www.carideal.com\/blog\/wp-content\/uploads\/2013\/01\/Cadillac-ELR_achat-carideal-mandataire-automobile_m.jpg","width":448,"height":336,"caption":"Cadillac ELR"},{"@type":"BreadcrumbList","@id":"https:\/\/www.carideal.com\/blog\/2013\/01\/20\/coupe-cadillac-elr-electrique\/#breadcrumb","itemListElement":[{"@type":"ListItem","position":1,"name":"Blog Carid\u00e9al","item":"https:\/\/www.carideal.com\/blog\/"},{"@type":"ListItem","position":2,"name":"Actualit\u00e9 constructeur automobile","item":"https:\/\/www.carideal.com\/blog\/constructeur\/"},{"@type":"ListItem","position":3,"name":"Coup\u00e9 Cadillac ELR \u00e9lectrique"}]},{"@type":"WebSite","@id":"https:\/\/www.carideal.com\/blog\/#website","url":"https:\/\/www.carideal.com\/blog\/","name":"Blog auto Carid\u00e9al","description":"Actualit\u00e9 auto par des passionn\u00e9s","publisher":{"@id":"https:\/\/www.carideal.com\/blog\/#organization"},"potentialAction":[{"@type":"SearchAction","target":{"@type":"EntryPoint","urlTemplate":"https:\/\/www.carideal.com\/blog\/?s={search_term_string}"},"query-input":{"@type":"PropertyValueSpecification","valueRequired":true,"valueName":"search_term_string"}}],"inLanguage":"fr-FR"},{"@type":"Organization","@id":"https:\/\/www.carideal.com\/blog\/#organization","name":"Carideal","url":"https:\/\/www.carideal.com\/blog\/","logo":{"@type":"ImageObject","inLanguage":"fr-FR","@id":"https:\/\/www.carideal.com\/blog\/#\/schema\/logo\/image\/","url":"http:\/\/www.carideal.com\/blog\/wp-content\/uploads\/2016\/03\/logo-carideal-mandataire-automobile.png","contentUrl":"http:\/\/www.carideal.com\/blog\/wp-content\/uploads\/2016\/03\/logo-carideal-mandataire-automobile.png","width":300,"height":300,"caption":"Carideal"},"image":{"@id":"https:\/\/www.carideal.com\/blog\/#\/schema\/logo\/image\/"},"sameAs":["https:\/\/www.facebook.com\/Carideal.mandataire.automobile","https:\/\/x.com\/caridealauto","https:\/\/www.instagram.com\/carideal1\/","https:\/\/www.linkedin.com\/company\/carideal.com","https:\/\/fr.pinterest.com\/schiavonsas\/","https:\/\/www.youtube.com\/user\/caridealsas"]},{"@type":"Person","@id":"https:\/\/www.carideal.com\/blog\/#\/schema\/person\/985c7e757d1042d647f21bfaf8d41ebc","name":"N.S Carideal","image":{"@type":"ImageObject","inLanguage":"fr-FR","@id":"https:\/\/www.carideal.com\/blog\/#\/schema\/person\/image\/","url":"https:\/\/secure.gravatar.com\/avatar\/edb7ccdf1a4e3d14aef967760d354d0e?s=96&r=g","contentUrl":"https:\/\/secure.gravatar.com\/avatar\/edb7ccdf1a4e3d14aef967760d354d0e?s=96&r=g","caption":"N.S Carideal"},"description":"Depuis tout petit fan d'automobile. Il est question d'essayer et de comparer toutes ces voitures qui nous ont fait r\u00e9ver, avant que celles-ci ne devient uniquement des voitures de collection.","sameAs":["http:\/\/www.carideal.com\/blog","https:\/\/www.facebook.com\/Carideal.mandataire.automobile\/","https:\/\/www.linkedin.com\/in\/nschiavon\/","https:\/\/www.youtube.com\/user\/caridealsas\/"],"url":"https:\/\/www.carideal.com\/blog\/author\/admin_carideal\/"}]}},"uagb_featured_image_src":{"full":["https:\/\/www.carideal.com\/blog\/wp-content\/uploads\/2013\/01\/Cadillac-ELR_achat-carideal-mandataire-automobile_m.jpg",448,336,false],"thumbnail":["https:\/\/www.carideal.com\/blog\/wp-content\/uploads\/2013\/01\/Cadillac-ELR_achat-carideal-mandataire-automobile_m-150x150.jpg",150,150,true],"medium":["https:\/\/www.carideal.com\/blog\/wp-content\/uploads\/2013\/01\/Cadillac-ELR_achat-carideal-mandataire-automobile_m-300x225.jpg",300,225,true],"medium_large":["https:\/\/www.carideal.com\/blog\/wp-content\/uploads\/2013\/01\/Cadillac-ELR_achat-carideal-mandataire-automobile_m.jpg",448,336,false],"large":["https:\/\/www.carideal.com\/blog\/wp-content\/uploads\/2013\/01\/Cadillac-ELR_achat-carideal-mandataire-automobile_m.jpg",448,336,false],"1536x1536":["https:\/\/www.carideal.com\/blog\/wp-content\/uploads\/2013\/01\/Cadillac-ELR_achat-carideal-mandataire-automobile_m.jpg",448,336,false],"2048x2048":["https:\/\/www.carideal.com\/blog\/wp-content\/uploads\/2013\/01\/Cadillac-ELR_achat-carideal-mandataire-automobile_m.jpg",448,336,false],"wppr-widget":["https:\/\/www.carideal.com\/blog\/wp-content\/uploads\/2013\/01\/Cadillac-ELR_achat-carideal-mandataire-automobile_m-50x38.jpg",50,38,true]},"uagb_author_info":{"display_name":"N.S Carideal","author_link":"https:\/\/www.carideal.com\/blog\/author\/admin_carideal\/"},"uagb_comment_info":0,"uagb_excerpt":"Coup\u00e9 Cadillac ELR \u00e9lectrique General Motors le propri\u00e9taire de Cadillac veut reprendre le concept de la Volt. Le constructeur am\u00e9ricain a repris la technologie de sa version europ\u00e9enne et l'a int\u00e9gr\u00e9e au sein de sa marque haut de gamme. Sans doute que cette ch\u00e8re technologie sera mieux accept\u00e9 par cette client\u00e8le. La Cadillac ELR est\u2026","_links":{"self":[{"href":"https:\/\/www.carideal.com\/blog\/wp-json\/wp\/v2\/posts\/1279"}],"collection":[{"href":"https:\/\/www.carideal.com\/blog\/wp-json\/wp\/v2\/posts"}],"about":[{"href":"https:\/\/www.carideal.com\/blog\/wp-json\/wp\/v2\/types\/post"}],"author":[{"embeddable":true,"href":"https:\/\/www.carideal.com\/blog\/wp-json\/wp\/v2\/users\/1"}],"replies":[{"embeddable":true,"href":"https:\/\/www.carideal.com\/blog\/wp-json\/wp\/v2\/comments?post=1279"}],"version-history":[{"count":0,"href":"https:\/\/www.carideal.com\/blog\/wp-json\/wp\/v2\/posts\/1279\/revisions"}],"wp:featuredmedia":[{"embeddable":true,"href":"https:\/\/www.carideal.com\/blog\/wp-json\/wp\/v2\/media\/27116"}],"wp:attachment":[{"href":"https:\/\/www.carideal.com\/blog\/wp-json\/wp\/v2\/media?parent=1279"}],"wp:term":[{"taxonomy":"category","embeddable":true,"href":"https:\/\/www.carideal.com\/blog\/wp-json\/wp\/v2\/categories?post=1279"},{"taxonomy":"post_tag","embeddable":true,"href":"https:\/\/www.carideal.com\/blog\/wp-json\/wp\/v2\/tags?post=1279"}],"curies":[{"name":"wp","href":"https:\/\/api.w.org\/{rel}","templated":true}]}}