{"id":1273,"date":"2013-01-17T14:54:00","date_gmt":"2013-01-17T14:54:00","guid":{"rendered":"http:\/\/carideal.com\/blog\/?p=1273"},"modified":"2015-12-04T18:05:36","modified_gmt":"2015-12-04T17:05:36","slug":"audi-a1-laquelle-prendre","status":"publish","type":"post","link":"https:\/\/www.carideal.com\/blog\/2013\/01\/17\/audi-a1-laquelle-prendre\/","title":{"rendered":"Audi A1 laquelle prendre ?"},"content":{"rendered":"<p><strong>Quelle Audi A1 Choisir ?<\/strong><\/p>\n<figure style=\"width: 438px\" class=\"wp-caption alignnone\"><img loading=\"lazy\" decoding=\"async\" title=\"audi-A1.jpg, janv. 2013\" src=\"\/blog\/public\/.audi-A1_m.jpg\" alt=\"audi-A1.jpg\" width=\"448\" height=\"312\" \/><figcaption class=\"wp-caption-text\">Quelle Audi A1 choisir ?<\/figcaption><\/figure>\n<blockquote><p><strong>Audi A1 1.4 TFSI 185 ch<\/strong><\/p><\/blockquote>\n<p>1]\u00a0<strong>La disponibilit\u00e9 et ses prix<\/strong><br \/>\nAvec quelque 28 000 exemplaires \u00e9coul\u00e9s en France en deux ans, l'Audi A1 est bien repr\u00e9sent\u00e9e sur le march\u00e9 de l'occasion. L'offre provient \u00e0 90% des professionnels ( r\u00e9seau de concessionnaires ou vendeurs ind\u00e9pendants ). La disponibilit\u00e9 en seconde main est \u00e0 l'image des ventes en neuf. Le diesel 1.6 TDI 105 s'affiche dans la grande majorit\u00e9 des annonces, suivi du 1.4 TFSI 122, puis viennent le 1.6 TFSI 86 ch. En termes de finition, la livr\u00e9e Ambition est omnipr\u00e9sente devant la Sport S line, puis l'Ambition Luxe. Par ailleurs, plus de 80% des annonces concernent la version \u00e0 trois portes commercialis\u00e9e dix-huit mois avant la cinq-portes baptis\u00e9e Sportback. Si cette derni\u00e8re offre une meilleure accessibilit\u00e9 et le volume de coffre sont identiques.<br \/>\nC\u00f4t\u00e9 budget, malheureusement, la tr\u00e8s ch\u00e8re A1 ne subit pas une forte d\u00e9cote en devenant un occasion. D'autant plus que les propri\u00e9taires sont en g\u00e9n\u00e9ral pass\u00e9s par la case option afin de personnaliser leur auto ( arches de toit grises, peinture m\u00e9tallis\u00e9e, d\u00e9corations int\u00e9rieures...). De ce fait, les prix sur le march\u00e9 varient \u00e9norm\u00e9ment d'un mod\u00e8le \u00e0 l'autre en fonction des \u00e9quipements additionnels.<br \/>\nLes premiers prix d\u00e9butent \u00e0 13 500\u20ac en motorisation \u00e0 essence ( 1.2 TFSI ) et \u00e0 15 000\u20ac en diesel ( 1.6 TDI 90 ). Il faut alors se contenter de l'\u00e9quipement, loin d'\u00eatre riche, de la finition Attraction. Si les blocs \u00e0 essence pr\u00e9sentent des kilom\u00e9trages inf\u00e9rieurs \u00e0 30 000 km, les version 1.6 TDI 105 les plus accessibles affichent plus de 50 000 km au compteur. Tablez sur 17 000\u20ac pour un mod\u00e8le ayant moins de 30 000 km.<\/p>\n<p>2]\u00a0<strong>La finition \u00e0 privil\u00e9gier<\/strong><br \/>\n<img decoding=\"async\" title=\"audi-a1-sportback-interieur.jpg, janv. 2013\" src=\"\/blog\/public\/.audi-a1-sportback-interieur_m.jpg\" alt=\"audi-a1-sportback-interieur.jpg\" \/><\/p>\n<blockquote><p><strong>Int\u00e9rieur Audi A1 Sportback<\/strong><\/p><\/blockquote>\n<p>Standing\u00a0: Avec cette petite Audi, mieux vaut opter pour la finition Ambition. Elle rehausse le sanding int\u00e9rieur<\/p>\n<p>Annoncer comme mod\u00e8le premium, l'A1 est loin d'\u00eatre en termes d'\u00e9quipements. La finition de base <strong>Attraction<\/strong> offre l'ESP, la radio CD et les jantes en alliage, mais ni climatisation manuelle, ni ordinateur de bord ni r\u00e9gulateur de vitesse. Il faut alors viser la livr\u00e9e Ambiente apparue en d\u00e9cembre 2010. Notamment pour le confort, car sans ch\u00e2ssis Sport ( de s\u00e9rie \u00e0 partir d'Ambition ), l'A1 est moins ferme. La finition <strong>Ambition<\/strong> rehausse le standing ( pack chrome, si\u00e8ges et volant sport ) et est dot\u00e9e des capteurs de pluie et de lumi\u00e8re. Mais toujours ni climatisation automatique ni radar de recul.<br \/>\nM\u00eame cas de figure pour la <strong>S line<\/strong> ( phares au x\u00e9non, jantes de 17 pouces, feux arri\u00e8re \u00e0 LED...). Ces \u00e9quipements ne sont livr\u00e9s en s\u00e9rie que sur Ambition Luxe ( sellerie en cuir, GPS, accoudoir central avant...) A l'arriv\u00e9e de la Sportback, l'Audi A1 s'est enrichie de l'air conditionn\u00e9 ( Attraction ), de la climatisation automatique sur les autres finitions, des capteurs de pluie et de luminosit\u00e9 sur Ambiente, des r\u00e9troviseurs rabattables \u00e9lectriquement sur Ambition, S line et Ambition Luxe... Attention, l'airbag passager d\u00e9connectable est une option !<\/p>\n<p>3]\u00a0<strong>La fiabilit\u00e9<\/strong><br \/>\nIci, le bilan n'est pas sans faille. Ce qui a men\u00e9 le constructeur \u00e0 des rectifications dans le cadre d'actions d'entretien, r\u00e9alis\u00e9es lors du passage \u00e0 l'atelier durant la p\u00e9riode de garantie. Soyez vigilant, car de nombreux mod\u00e8les n'ont pas \u00e9t\u00e9 remis en conformit\u00e9. On note des bruits de la direction sur les mod\u00e8les fabriqu\u00e9s jusqu'au 18 d\u00e9cembre 2011 et le syst\u00e8me de ventilation peut ne pas fonctionner. Les moteurs diesels TDI sont concern\u00e9s par des reprogrammations, notamment pour le bon fonctionnement de filtre \u00e0 particules. A noter aussi un risque de perte de liquide de refroidissement. les 1.2 et 1.4 TFSI \u00e0 essence connaissent des fuites d'injecteurs jusqu'en avril 2011, et le 1.4 TFSI 185 est gourmand en huile. Le 1.2 TFSI est en d\u00e9licatesse avec son turbo. Mais le point noir demeure la bo\u00eete DSG qui est victime de vibrations, d'\u00e0-coups... n\u00e9cessitant le changement du double embrayage. Audi France \u00e9tudie les r\u00e9clamations au cas en apr\u00e8s-vente.<\/p>\n","protected":false},"excerpt":{"rendered":"<p>Quelle Audi A1 Choisir ? Audi A1 1.4 TFSI 185 ch 1]\u00a0La disponibilit\u00e9 et ses prix Avec quelque 28 000 exemplaires \u00e9coul\u00e9s en France en deux ans, l&rsquo;Audi A1 est bien repr\u00e9sent\u00e9e sur le march\u00e9 de l&rsquo;occasion. L&rsquo;offre provient \u00e0 90% des professionnels ( r\u00e9seau de concessionnaires ou vendeurs ind\u00e9pendants ). La disponibilit\u00e9 en seconde &#8230; <a title=\"Audi A1 laquelle prendre ?\" class=\"read-more\" href=\"https:\/\/www.carideal.com\/blog\/2013\/01\/17\/audi-a1-laquelle-prendre\/\" aria-label=\"En savoir plus sur Audi A1 laquelle prendre ?\">Lire plus<\/a><\/p>\n","protected":false},"author":1,"featured_media":0,"comment_status":"open","ping_status":"open","sticky":false,"template":"","format":"standard","meta":{"_uag_custom_page_level_css":"","_themeisle_gutenberg_block_has_review":false,"footnotes":""},"categories":[10],"tags":[],"class_list":["post-1273","post","type-post","status-publish","format-standard","hentry","category-marche-automobile-voiture-neuve-occasion-4x4-suv"],"wppr_data":[],"yoast_head":"<!-- This site is optimized with the Yoast SEO plugin v24.8.1 - https:\/\/yoast.com\/wordpress\/plugins\/seo\/ -->\n<title>Audi A1 laquelle prendre ? - Blog auto Carid\u00e9al<\/title>\n<meta name=\"robots\" content=\"index, follow, max-snippet:-1, max-image-preview:large, max-video-preview:-1\" \/>\n<link rel=\"canonical\" href=\"https:\/\/www.carideal.com\/blog\/2013\/01\/17\/audi-a1-laquelle-prendre\/\" \/>\n<meta property=\"og:locale\" content=\"fr_FR\" \/>\n<meta property=\"og:type\" content=\"article\" \/>\n<meta property=\"og:title\" content=\"Audi A1 laquelle prendre ? - Blog auto Carid\u00e9al\" \/>\n<meta property=\"og:description\" content=\"Quelle Audi A1 Choisir ? Audi A1 1.4 TFSI 185 ch 1]\u00a0La disponibilit\u00e9 et ses prix Avec quelque 28 000 exemplaires \u00e9coul\u00e9s en France en deux ans, l&#039;Audi A1 est bien repr\u00e9sent\u00e9e sur le march\u00e9 de l&#039;occasion. L&#039;offre provient \u00e0 90% des professionnels ( r\u00e9seau de concessionnaires ou vendeurs ind\u00e9pendants ). La disponibilit\u00e9 en seconde ... Lire plus\" \/>\n<meta property=\"og:url\" content=\"https:\/\/www.carideal.com\/blog\/2013\/01\/17\/audi-a1-laquelle-prendre\/\" \/>\n<meta property=\"og:site_name\" content=\"Blog auto Carid\u00e9al\" \/>\n<meta property=\"article:publisher\" content=\"https:\/\/www.facebook.com\/Carideal.mandataire.automobile\" \/>\n<meta property=\"article:author\" content=\"https:\/\/www.facebook.com\/Carideal.mandataire.automobile\/\" \/>\n<meta property=\"article:published_time\" content=\"2013-01-17T14:54:00+00:00\" \/>\n<meta property=\"article:modified_time\" content=\"2015-12-04T17:05:36+00:00\" \/>\n<meta property=\"og:image\" content=\"https:\/\/www.carideal.com\/blog\/wp-content\/uploads\/2016\/03\/logo-carideal-mandataire-automobile.png\" \/>\n\t<meta property=\"og:image:width\" content=\"300\" \/>\n\t<meta property=\"og:image:height\" content=\"300\" \/>\n\t<meta property=\"og:image:type\" content=\"image\/png\" \/>\n<meta name=\"author\" content=\"N.S Carideal\" \/>\n<meta name=\"twitter:card\" content=\"summary_large_image\" \/>\n<meta name=\"twitter:creator\" content=\"@caridealauto\" \/>\n<meta name=\"twitter:site\" content=\"@caridealauto\" \/>\n<meta name=\"twitter:label1\" content=\"\u00c9crit par\" \/>\n\t<meta name=\"twitter:data1\" content=\"N.S Carideal\" \/>\n\t<meta name=\"twitter:label2\" content=\"Dur\u00e9e de lecture estim\u00e9e\" \/>\n\t<meta name=\"twitter:data2\" content=\"3 minutes\" \/>\n<script type=\"application\/ld+json\" class=\"yoast-schema-graph\">{\"@context\":\"https:\/\/schema.org\",\"@graph\":[{\"@type\":\"Article\",\"@id\":\"https:\/\/www.carideal.com\/blog\/2013\/01\/17\/audi-a1-laquelle-prendre\/#article\",\"isPartOf\":{\"@id\":\"https:\/\/www.carideal.com\/blog\/2013\/01\/17\/audi-a1-laquelle-prendre\/\"},\"author\":{\"name\":\"N.S Carideal\",\"@id\":\"https:\/\/www.carideal.com\/blog\/#\/schema\/person\/985c7e757d1042d647f21bfaf8d41ebc\"},\"headline\":\"Audi A1 laquelle prendre ?\",\"datePublished\":\"2013-01-17T14:54:00+00:00\",\"dateModified\":\"2015-12-04T17:05:36+00:00\",\"mainEntityOfPage\":{\"@id\":\"https:\/\/www.carideal.com\/blog\/2013\/01\/17\/audi-a1-laquelle-prendre\/\"},\"wordCount\":670,\"commentCount\":0,\"publisher\":{\"@id\":\"https:\/\/www.carideal.com\/blog\/#organization\"},\"articleSection\":[\"March\u00e9 automobile\"],\"inLanguage\":\"fr-FR\",\"potentialAction\":[{\"@type\":\"CommentAction\",\"name\":\"Comment\",\"target\":[\"https:\/\/www.carideal.com\/blog\/2013\/01\/17\/audi-a1-laquelle-prendre\/#respond\"]}]},{\"@type\":\"WebPage\",\"@id\":\"https:\/\/www.carideal.com\/blog\/2013\/01\/17\/audi-a1-laquelle-prendre\/\",\"url\":\"https:\/\/www.carideal.com\/blog\/2013\/01\/17\/audi-a1-laquelle-prendre\/\",\"name\":\"Audi A1 laquelle prendre ? - Blog auto Carid\u00e9al\",\"isPartOf\":{\"@id\":\"https:\/\/www.carideal.com\/blog\/#website\"},\"datePublished\":\"2013-01-17T14:54:00+00:00\",\"dateModified\":\"2015-12-04T17:05:36+00:00\",\"breadcrumb\":{\"@id\":\"https:\/\/www.carideal.com\/blog\/2013\/01\/17\/audi-a1-laquelle-prendre\/#breadcrumb\"},\"inLanguage\":\"fr-FR\",\"potentialAction\":[{\"@type\":\"ReadAction\",\"target\":[\"https:\/\/www.carideal.com\/blog\/2013\/01\/17\/audi-a1-laquelle-prendre\/\"]}]},{\"@type\":\"BreadcrumbList\",\"@id\":\"https:\/\/www.carideal.com\/blog\/2013\/01\/17\/audi-a1-laquelle-prendre\/#breadcrumb\",\"itemListElement\":[{\"@type\":\"ListItem\",\"position\":1,\"name\":\"Blog Carid\u00e9al\",\"item\":\"https:\/\/www.carideal.com\/blog\/\"},{\"@type\":\"ListItem\",\"position\":2,\"name\":\"March\u00e9 automobile\",\"item\":\"https:\/\/www.carideal.com\/blog\/marche-automobile-voiture-neuve-occasion-4x4-suv\/\"},{\"@type\":\"ListItem\",\"position\":3,\"name\":\"Audi A1 laquelle prendre ?\"}]},{\"@type\":\"WebSite\",\"@id\":\"https:\/\/www.carideal.com\/blog\/#website\",\"url\":\"https:\/\/www.carideal.com\/blog\/\",\"name\":\"Blog auto Carid\u00e9al\",\"description\":\"Actualit\u00e9 auto par des passionn\u00e9s\",\"publisher\":{\"@id\":\"https:\/\/www.carideal.com\/blog\/#organization\"},\"potentialAction\":[{\"@type\":\"SearchAction\",\"target\":{\"@type\":\"EntryPoint\",\"urlTemplate\":\"https:\/\/www.carideal.com\/blog\/?s={search_term_string}\"},\"query-input\":{\"@type\":\"PropertyValueSpecification\",\"valueRequired\":true,\"valueName\":\"search_term_string\"}}],\"inLanguage\":\"fr-FR\"},{\"@type\":\"Organization\",\"@id\":\"https:\/\/www.carideal.com\/blog\/#organization\",\"name\":\"Carideal\",\"url\":\"https:\/\/www.carideal.com\/blog\/\",\"logo\":{\"@type\":\"ImageObject\",\"inLanguage\":\"fr-FR\",\"@id\":\"https:\/\/www.carideal.com\/blog\/#\/schema\/logo\/image\/\",\"url\":\"http:\/\/www.carideal.com\/blog\/wp-content\/uploads\/2016\/03\/logo-carideal-mandataire-automobile.png\",\"contentUrl\":\"http:\/\/www.carideal.com\/blog\/wp-content\/uploads\/2016\/03\/logo-carideal-mandataire-automobile.png\",\"width\":300,\"height\":300,\"caption\":\"Carideal\"},\"image\":{\"@id\":\"https:\/\/www.carideal.com\/blog\/#\/schema\/logo\/image\/\"},\"sameAs\":[\"https:\/\/www.facebook.com\/Carideal.mandataire.automobile\",\"https:\/\/x.com\/caridealauto\",\"https:\/\/www.instagram.com\/carideal1\/\",\"https:\/\/www.linkedin.com\/company\/carideal.com\",\"https:\/\/fr.pinterest.com\/schiavonsas\/\",\"https:\/\/www.youtube.com\/user\/caridealsas\"]},{\"@type\":\"Person\",\"@id\":\"https:\/\/www.carideal.com\/blog\/#\/schema\/person\/985c7e757d1042d647f21bfaf8d41ebc\",\"name\":\"N.S Carideal\",\"image\":{\"@type\":\"ImageObject\",\"inLanguage\":\"fr-FR\",\"@id\":\"https:\/\/www.carideal.com\/blog\/#\/schema\/person\/image\/\",\"url\":\"https:\/\/secure.gravatar.com\/avatar\/edb7ccdf1a4e3d14aef967760d354d0e?s=96&r=g\",\"contentUrl\":\"https:\/\/secure.gravatar.com\/avatar\/edb7ccdf1a4e3d14aef967760d354d0e?s=96&r=g\",\"caption\":\"N.S Carideal\"},\"description\":\"Depuis tout petit fan d'automobile. Il est question d'essayer et de comparer toutes ces voitures qui nous ont fait r\u00e9ver, avant que celles-ci ne devient uniquement des voitures de collection.\",\"sameAs\":[\"http:\/\/www.carideal.com\/blog\",\"https:\/\/www.facebook.com\/Carideal.mandataire.automobile\/\",\"https:\/\/www.linkedin.com\/in\/nschiavon\/\",\"https:\/\/www.youtube.com\/user\/caridealsas\/\"],\"url\":\"https:\/\/www.carideal.com\/blog\/author\/admin_carideal\/\"}]}<\/script>\n<!-- \/ Yoast SEO plugin. -->","yoast_head_json":{"title":"Audi A1 laquelle prendre ? - Blog auto Carid\u00e9al","robots":{"index":"index","follow":"follow","max-snippet":"max-snippet:-1","max-image-preview":"max-image-preview:large","max-video-preview":"max-video-preview:-1"},"canonical":"https:\/\/www.carideal.com\/blog\/2013\/01\/17\/audi-a1-laquelle-prendre\/","og_locale":"fr_FR","og_type":"article","og_title":"Audi A1 laquelle prendre ? - Blog auto Carid\u00e9al","og_description":"Quelle Audi A1 Choisir ? Audi A1 1.4 TFSI 185 ch 1]\u00a0La disponibilit\u00e9 et ses prix Avec quelque 28 000 exemplaires \u00e9coul\u00e9s en France en deux ans, l'Audi A1 est bien repr\u00e9sent\u00e9e sur le march\u00e9 de l'occasion. L'offre provient \u00e0 90% des professionnels ( r\u00e9seau de concessionnaires ou vendeurs ind\u00e9pendants ). La disponibilit\u00e9 en seconde ... Lire plus","og_url":"https:\/\/www.carideal.com\/blog\/2013\/01\/17\/audi-a1-laquelle-prendre\/","og_site_name":"Blog auto Carid\u00e9al","article_publisher":"https:\/\/www.facebook.com\/Carideal.mandataire.automobile","article_author":"https:\/\/www.facebook.com\/Carideal.mandataire.automobile\/","article_published_time":"2013-01-17T14:54:00+00:00","article_modified_time":"2015-12-04T17:05:36+00:00","og_image":[{"width":300,"height":300,"url":"https:\/\/www.carideal.com\/blog\/wp-content\/uploads\/2016\/03\/logo-carideal-mandataire-automobile.png","type":"image\/png"}],"author":"N.S Carideal","twitter_card":"summary_large_image","twitter_creator":"@caridealauto","twitter_site":"@caridealauto","twitter_misc":{"\u00c9crit par":"N.S Carideal","Dur\u00e9e de lecture estim\u00e9e":"3 minutes"},"schema":{"@context":"https:\/\/schema.org","@graph":[{"@type":"Article","@id":"https:\/\/www.carideal.com\/blog\/2013\/01\/17\/audi-a1-laquelle-prendre\/#article","isPartOf":{"@id":"https:\/\/www.carideal.com\/blog\/2013\/01\/17\/audi-a1-laquelle-prendre\/"},"author":{"name":"N.S Carideal","@id":"https:\/\/www.carideal.com\/blog\/#\/schema\/person\/985c7e757d1042d647f21bfaf8d41ebc"},"headline":"Audi A1 laquelle prendre ?","datePublished":"2013-01-17T14:54:00+00:00","dateModified":"2015-12-04T17:05:36+00:00","mainEntityOfPage":{"@id":"https:\/\/www.carideal.com\/blog\/2013\/01\/17\/audi-a1-laquelle-prendre\/"},"wordCount":670,"commentCount":0,"publisher":{"@id":"https:\/\/www.carideal.com\/blog\/#organization"},"articleSection":["March\u00e9 automobile"],"inLanguage":"fr-FR","potentialAction":[{"@type":"CommentAction","name":"Comment","target":["https:\/\/www.carideal.com\/blog\/2013\/01\/17\/audi-a1-laquelle-prendre\/#respond"]}]},{"@type":"WebPage","@id":"https:\/\/www.carideal.com\/blog\/2013\/01\/17\/audi-a1-laquelle-prendre\/","url":"https:\/\/www.carideal.com\/blog\/2013\/01\/17\/audi-a1-laquelle-prendre\/","name":"Audi A1 laquelle prendre ? - Blog auto Carid\u00e9al","isPartOf":{"@id":"https:\/\/www.carideal.com\/blog\/#website"},"datePublished":"2013-01-17T14:54:00+00:00","dateModified":"2015-12-04T17:05:36+00:00","breadcrumb":{"@id":"https:\/\/www.carideal.com\/blog\/2013\/01\/17\/audi-a1-laquelle-prendre\/#breadcrumb"},"inLanguage":"fr-FR","potentialAction":[{"@type":"ReadAction","target":["https:\/\/www.carideal.com\/blog\/2013\/01\/17\/audi-a1-laquelle-prendre\/"]}]},{"@type":"BreadcrumbList","@id":"https:\/\/www.carideal.com\/blog\/2013\/01\/17\/audi-a1-laquelle-prendre\/#breadcrumb","itemListElement":[{"@type":"ListItem","position":1,"name":"Blog Carid\u00e9al","item":"https:\/\/www.carideal.com\/blog\/"},{"@type":"ListItem","position":2,"name":"March\u00e9 automobile","item":"https:\/\/www.carideal.com\/blog\/marche-automobile-voiture-neuve-occasion-4x4-suv\/"},{"@type":"ListItem","position":3,"name":"Audi A1 laquelle prendre ?"}]},{"@type":"WebSite","@id":"https:\/\/www.carideal.com\/blog\/#website","url":"https:\/\/www.carideal.com\/blog\/","name":"Blog auto Carid\u00e9al","description":"Actualit\u00e9 auto par des passionn\u00e9s","publisher":{"@id":"https:\/\/www.carideal.com\/blog\/#organization"},"potentialAction":[{"@type":"SearchAction","target":{"@type":"EntryPoint","urlTemplate":"https:\/\/www.carideal.com\/blog\/?s={search_term_string}"},"query-input":{"@type":"PropertyValueSpecification","valueRequired":true,"valueName":"search_term_string"}}],"inLanguage":"fr-FR"},{"@type":"Organization","@id":"https:\/\/www.carideal.com\/blog\/#organization","name":"Carideal","url":"https:\/\/www.carideal.com\/blog\/","logo":{"@type":"ImageObject","inLanguage":"fr-FR","@id":"https:\/\/www.carideal.com\/blog\/#\/schema\/logo\/image\/","url":"http:\/\/www.carideal.com\/blog\/wp-content\/uploads\/2016\/03\/logo-carideal-mandataire-automobile.png","contentUrl":"http:\/\/www.carideal.com\/blog\/wp-content\/uploads\/2016\/03\/logo-carideal-mandataire-automobile.png","width":300,"height":300,"caption":"Carideal"},"image":{"@id":"https:\/\/www.carideal.com\/blog\/#\/schema\/logo\/image\/"},"sameAs":["https:\/\/www.facebook.com\/Carideal.mandataire.automobile","https:\/\/x.com\/caridealauto","https:\/\/www.instagram.com\/carideal1\/","https:\/\/www.linkedin.com\/company\/carideal.com","https:\/\/fr.pinterest.com\/schiavonsas\/","https:\/\/www.youtube.com\/user\/caridealsas"]},{"@type":"Person","@id":"https:\/\/www.carideal.com\/blog\/#\/schema\/person\/985c7e757d1042d647f21bfaf8d41ebc","name":"N.S Carideal","image":{"@type":"ImageObject","inLanguage":"fr-FR","@id":"https:\/\/www.carideal.com\/blog\/#\/schema\/person\/image\/","url":"https:\/\/secure.gravatar.com\/avatar\/edb7ccdf1a4e3d14aef967760d354d0e?s=96&r=g","contentUrl":"https:\/\/secure.gravatar.com\/avatar\/edb7ccdf1a4e3d14aef967760d354d0e?s=96&r=g","caption":"N.S Carideal"},"description":"Depuis tout petit fan d'automobile. Il est question d'essayer et de comparer toutes ces voitures qui nous ont fait r\u00e9ver, avant que celles-ci ne devient uniquement des voitures de collection.","sameAs":["http:\/\/www.carideal.com\/blog","https:\/\/www.facebook.com\/Carideal.mandataire.automobile\/","https:\/\/www.linkedin.com\/in\/nschiavon\/","https:\/\/www.youtube.com\/user\/caridealsas\/"],"url":"https:\/\/www.carideal.com\/blog\/author\/admin_carideal\/"}]}},"uagb_featured_image_src":{"full":false,"thumbnail":false,"medium":false,"medium_large":false,"large":false,"1536x1536":false,"2048x2048":false,"wppr-widget":false},"uagb_author_info":{"display_name":"N.S Carideal","author_link":"https:\/\/www.carideal.com\/blog\/author\/admin_carideal\/"},"uagb_comment_info":0,"uagb_excerpt":"Quelle Audi A1 Choisir ? Audi A1 1.4 TFSI 185 ch 1]\u00a0La disponibilit\u00e9 et ses prix Avec quelque 28 000 exemplaires \u00e9coul\u00e9s en France en deux ans, l'Audi A1 est bien repr\u00e9sent\u00e9e sur le march\u00e9 de l'occasion. L'offre provient \u00e0 90% des professionnels ( r\u00e9seau de concessionnaires ou vendeurs ind\u00e9pendants ). La disponibilit\u00e9 en seconde\u2026","_links":{"self":[{"href":"https:\/\/www.carideal.com\/blog\/wp-json\/wp\/v2\/posts\/1273"}],"collection":[{"href":"https:\/\/www.carideal.com\/blog\/wp-json\/wp\/v2\/posts"}],"about":[{"href":"https:\/\/www.carideal.com\/blog\/wp-json\/wp\/v2\/types\/post"}],"author":[{"embeddable":true,"href":"https:\/\/www.carideal.com\/blog\/wp-json\/wp\/v2\/users\/1"}],"replies":[{"embeddable":true,"href":"https:\/\/www.carideal.com\/blog\/wp-json\/wp\/v2\/comments?post=1273"}],"version-history":[{"count":0,"href":"https:\/\/www.carideal.com\/blog\/wp-json\/wp\/v2\/posts\/1273\/revisions"}],"wp:attachment":[{"href":"https:\/\/www.carideal.com\/blog\/wp-json\/wp\/v2\/media?parent=1273"}],"wp:term":[{"taxonomy":"category","embeddable":true,"href":"https:\/\/www.carideal.com\/blog\/wp-json\/wp\/v2\/categories?post=1273"},{"taxonomy":"post_tag","embeddable":true,"href":"https:\/\/www.carideal.com\/blog\/wp-json\/wp\/v2\/tags?post=1273"}],"curies":[{"name":"wp","href":"https:\/\/api.w.org\/{rel}","templated":true}]}}