{"id":1270,"date":"2013-01-15T16:47:00","date_gmt":"2013-01-15T16:47:00","guid":{"rendered":"http:\/\/carideal.com\/blog\/?p=1270"},"modified":"2020-03-07T22:40:09","modified_gmt":"2020-03-07T21:40:09","slug":"baisse-des-ventes-de-voitures-neuves","status":"publish","type":"post","link":"https:\/\/www.carideal.com\/blog\/2013\/01\/15\/baisse-des-ventes-de-voitures-neuves\/","title":{"rendered":"Baisse des ventes de voitures neuves"},"content":{"rendered":"<p><\/p>\n<blockquote>\n<p><a href=\"\/blog\/index.php?tag\/Hyundai%20Ix-35\">Hyundai Ix-35<\/a><\/p>\n<\/blockquote>\n<p>\nLa pire ann\u00e9e depuis 1997 !Sur les onze pre\u00admiers mois de 2012, le bilan des immatri\u00adculations de v\u00e9hicules particuliers s'affiche en recul de 13,8% et \u00e0 1,738 million de v\u00e9hicules vendus. Au global, le march\u00e9 de cette ann\u00e9e devrait \u00eatre l\u00e9g\u00e8rement inf\u00e9rieur \u00e0 1,9 million de VP, en baisse de 14%. \"C'est le pire exercice depuis quinze ans. Les fleurons fran\u00e7ais sont en grande difficult\u00e9 sur leur propre march\u00e9, et doivent affronter la concurrence de marques asiatiques, le tout dans un contexte conjoncturel difficile !\", selon le cabinet d'\u00e9tude Xerfi.<br \/>\nAvec 144 694 unit\u00e9 (soit une chute de 19,2% \u00e0 nombre de jours ouvr\u00e9s comparables),le mois de novembre est particuli\u00e8rement catastrophique. Dans ce contexte, les marques fran\u00e7aises souffrent particuli\u00e8rement. <a href=\"\/blog\/index.php?tag\/Peugeot\">Peugeot<\/a> d\u00e9gringole de 19,9% avec 21 898 mises en circulation et <a href=\"\/blog\/index.php?tag\/Citro%C3%ABn\">Citro\u00ebn<\/a> perd... plus d'un quart de ses immatriculations sur novembre par rapport \u00e0 l'ann\u00e9e derni\u00e8re.<br \/>\n<strong>Toujours moins<\/strong><br \/>\nDe son c\u00f4t\u00e9, <a href=\"\/blog\/index.php?tag\/Renault\">Renault<\/a> s'enfonce chaque mois d'avantage et n'obtient plus que 17,4% de part de <a href=\"\/blog\/index.php?tag\/march%C3%A9%20en%20France\">march\u00e9 en France<\/a> contre plus de 20% encore en 2011. \"Mais les chiffres prennent en compte une fin d'ann\u00e9e 2011 o\u00f9 les performances de Renault \u00e9taient exllentes. Aujourd'hui, nous pr\u00e9parons notre retour gr\u00e2ce \u00e0 la Clio IV, dont les ventes de ce mois d\u00e9passent d\u00e9j\u00e0 celles de la 208. Mais surtout nous maintenons notre volont\u00e9 de r\u00e9aliser des ventes rentables\", assure <a href=\"\/blog\/index.php?tag\/Bernard%20Cambier\">Bernard Cambier<\/a>, directeur commercial France de Renault, pointant du doigt la concurrence, qui jouerait plus avec les promotions. \"Nos constructeur subissent de plein fouet la crise qui touche les classes moyennes\", ajoute <a href=\"\/blog\/index.php?tag\/Patrick%20Blain\">Patrick Blain<\/a>, pr\u00e9sident du Comit\u00e9 des constructeurs fran\u00e7ais. Des propos largement mis en lumi\u00e8re par les immatriculation des v\u00e9hicules utilitaires, reflet de l'activit\u00e9 \u00e9conomique du pays, qui s'\u00e9croulent de 21,3% sur novembre. <a href=\"\/blog\/index.php?tag\/Opel\">Opel<\/a> et <a href=\"\/blog\/index.php?tag\/Ford\">Ford<\/a> n'\u00e9chappent pas \u00e0 ce marasme. Difficile en tout cas d'esp\u00e9rer un mois de d\u00e9cembre plus rose. Depuis la rentr\u00e9e de septembre, les carnets de commandes restent en n\u00e9gatif d'au moins 10% chaque mois. A moins que les constructeurs ne gonflent un peu leurs r\u00e9sultats et immatriculent eux-m\u00eames des v\u00e9hicules qui seraient frapp\u00e9s par un malus plus s\u00e9v\u00e8re d\u00e8s le 1er janvier, ce qui est fort probable. Dans ce cas, le rebond ne serait qu'artificiel.<\/p>\n<p>\/<a href=\"\/blog\/index.php?post\/2012\/06\/07\/Les-Fran%C3%A7ais-et-leur-achat-de-voiture\">Les fran\u00e7ais et leur achat de voiture<\/a><\/p>\n","protected":false},"excerpt":{"rendered":"<p>Hyundai Ix-35 La pire ann\u00e9e depuis 1997 !Sur les onze pre\u00admiers mois de 2012, le bilan des immatri\u00adculations de v\u00e9hicules particuliers s&rsquo;affiche en recul de 13,8% et \u00e0 1,738 million de v\u00e9hicules vendus. Au global, le march\u00e9 de cette ann\u00e9e devrait \u00eatre l\u00e9g\u00e8rement inf\u00e9rieur \u00e0 1,9 million de VP, en baisse de 14%. \u00ab\u00a0C&rsquo;est le &#8230; <a title=\"Baisse des ventes de voitures neuves\" class=\"read-more\" href=\"https:\/\/www.carideal.com\/blog\/2013\/01\/15\/baisse-des-ventes-de-voitures-neuves\/\" aria-label=\"En savoir plus sur Baisse des ventes de voitures neuves\">Lire plus<\/a><\/p>\n","protected":false},"author":1,"featured_media":0,"comment_status":"open","ping_status":"open","sticky":false,"template":"","format":"standard","meta":{"_uag_custom_page_level_css":"","_themeisle_gutenberg_block_has_review":false,"footnotes":""},"categories":[10],"tags":[],"class_list":["post-1270","post","type-post","status-publish","format-standard","hentry","category-marche-automobile-voiture-neuve-occasion-4x4-suv"],"wppr_data":[],"yoast_head":"<!-- This site is optimized with the Yoast SEO plugin v24.8.1 - https:\/\/yoast.com\/wordpress\/plugins\/seo\/ -->\n<title>Baisse des ventes de voitures neuves - Blog auto Carid\u00e9al<\/title>\n<meta name=\"robots\" content=\"index, follow, max-snippet:-1, max-image-preview:large, max-video-preview:-1\" \/>\n<link rel=\"canonical\" href=\"https:\/\/www.carideal.com\/blog\/2013\/01\/15\/baisse-des-ventes-de-voitures-neuves\/\" \/>\n<meta property=\"og:locale\" content=\"fr_FR\" \/>\n<meta property=\"og:type\" content=\"article\" \/>\n<meta property=\"og:title\" content=\"Baisse des ventes de voitures neuves - Blog auto Carid\u00e9al\" \/>\n<meta property=\"og:description\" content=\"Hyundai Ix-35 La pire ann\u00e9e depuis 1997 !Sur les onze pre\u00admiers mois de 2012, le bilan des immatri\u00adculations de v\u00e9hicules particuliers s&#039;affiche en recul de 13,8% et \u00e0 1,738 million de v\u00e9hicules vendus. Au global, le march\u00e9 de cette ann\u00e9e devrait \u00eatre l\u00e9g\u00e8rement inf\u00e9rieur \u00e0 1,9 million de VP, en baisse de 14%. &quot;C&#039;est le ... Lire plus\" \/>\n<meta property=\"og:url\" content=\"https:\/\/www.carideal.com\/blog\/2013\/01\/15\/baisse-des-ventes-de-voitures-neuves\/\" \/>\n<meta property=\"og:site_name\" content=\"Blog auto Carid\u00e9al\" \/>\n<meta property=\"article:publisher\" content=\"https:\/\/www.facebook.com\/Carideal.mandataire.automobile\" \/>\n<meta property=\"article:author\" content=\"https:\/\/www.facebook.com\/Carideal.mandataire.automobile\/\" \/>\n<meta property=\"article:published_time\" content=\"2013-01-15T16:47:00+00:00\" \/>\n<meta property=\"article:modified_time\" content=\"2020-03-07T21:40:09+00:00\" \/>\n<meta property=\"og:image\" content=\"https:\/\/www.carideal.com\/blog\/wp-content\/uploads\/2016\/03\/logo-carideal-mandataire-automobile.png\" \/>\n\t<meta property=\"og:image:width\" content=\"300\" \/>\n\t<meta property=\"og:image:height\" content=\"300\" \/>\n\t<meta property=\"og:image:type\" content=\"image\/png\" \/>\n<meta name=\"author\" content=\"N.S Carideal\" \/>\n<meta name=\"twitter:card\" content=\"summary_large_image\" \/>\n<meta name=\"twitter:creator\" content=\"@caridealauto\" \/>\n<meta name=\"twitter:site\" content=\"@caridealauto\" \/>\n<meta name=\"twitter:label1\" content=\"\u00c9crit par\" \/>\n\t<meta name=\"twitter:data1\" content=\"N.S Carideal\" \/>\n\t<meta name=\"twitter:label2\" content=\"Dur\u00e9e de lecture estim\u00e9e\" \/>\n\t<meta name=\"twitter:data2\" content=\"2 minutes\" \/>\n<script type=\"application\/ld+json\" class=\"yoast-schema-graph\">{\"@context\":\"https:\/\/schema.org\",\"@graph\":[{\"@type\":\"Article\",\"@id\":\"https:\/\/www.carideal.com\/blog\/2013\/01\/15\/baisse-des-ventes-de-voitures-neuves\/#article\",\"isPartOf\":{\"@id\":\"https:\/\/www.carideal.com\/blog\/2013\/01\/15\/baisse-des-ventes-de-voitures-neuves\/\"},\"author\":{\"name\":\"N.S Carideal\",\"@id\":\"https:\/\/www.carideal.com\/blog\/#\/schema\/person\/985c7e757d1042d647f21bfaf8d41ebc\"},\"headline\":\"Baisse des ventes de voitures neuves\",\"datePublished\":\"2013-01-15T16:47:00+00:00\",\"dateModified\":\"2020-03-07T21:40:09+00:00\",\"mainEntityOfPage\":{\"@id\":\"https:\/\/www.carideal.com\/blog\/2013\/01\/15\/baisse-des-ventes-de-voitures-neuves\/\"},\"wordCount\":399,\"commentCount\":1,\"publisher\":{\"@id\":\"https:\/\/www.carideal.com\/blog\/#organization\"},\"articleSection\":[\"March\u00e9 automobile\"],\"inLanguage\":\"fr-FR\",\"potentialAction\":[{\"@type\":\"CommentAction\",\"name\":\"Comment\",\"target\":[\"https:\/\/www.carideal.com\/blog\/2013\/01\/15\/baisse-des-ventes-de-voitures-neuves\/#respond\"]}]},{\"@type\":\"WebPage\",\"@id\":\"https:\/\/www.carideal.com\/blog\/2013\/01\/15\/baisse-des-ventes-de-voitures-neuves\/\",\"url\":\"https:\/\/www.carideal.com\/blog\/2013\/01\/15\/baisse-des-ventes-de-voitures-neuves\/\",\"name\":\"Baisse des ventes de voitures neuves - Blog auto Carid\u00e9al\",\"isPartOf\":{\"@id\":\"https:\/\/www.carideal.com\/blog\/#website\"},\"datePublished\":\"2013-01-15T16:47:00+00:00\",\"dateModified\":\"2020-03-07T21:40:09+00:00\",\"breadcrumb\":{\"@id\":\"https:\/\/www.carideal.com\/blog\/2013\/01\/15\/baisse-des-ventes-de-voitures-neuves\/#breadcrumb\"},\"inLanguage\":\"fr-FR\",\"potentialAction\":[{\"@type\":\"ReadAction\",\"target\":[\"https:\/\/www.carideal.com\/blog\/2013\/01\/15\/baisse-des-ventes-de-voitures-neuves\/\"]}]},{\"@type\":\"BreadcrumbList\",\"@id\":\"https:\/\/www.carideal.com\/blog\/2013\/01\/15\/baisse-des-ventes-de-voitures-neuves\/#breadcrumb\",\"itemListElement\":[{\"@type\":\"ListItem\",\"position\":1,\"name\":\"Blog Carid\u00e9al\",\"item\":\"https:\/\/www.carideal.com\/blog\/\"},{\"@type\":\"ListItem\",\"position\":2,\"name\":\"March\u00e9 automobile\",\"item\":\"https:\/\/www.carideal.com\/blog\/marche-automobile-voiture-neuve-occasion-4x4-suv\/\"},{\"@type\":\"ListItem\",\"position\":3,\"name\":\"Baisse des ventes de voitures neuves\"}]},{\"@type\":\"WebSite\",\"@id\":\"https:\/\/www.carideal.com\/blog\/#website\",\"url\":\"https:\/\/www.carideal.com\/blog\/\",\"name\":\"Blog auto Carid\u00e9al\",\"description\":\"Actualit\u00e9 auto par des passionn\u00e9s\",\"publisher\":{\"@id\":\"https:\/\/www.carideal.com\/blog\/#organization\"},\"potentialAction\":[{\"@type\":\"SearchAction\",\"target\":{\"@type\":\"EntryPoint\",\"urlTemplate\":\"https:\/\/www.carideal.com\/blog\/?s={search_term_string}\"},\"query-input\":{\"@type\":\"PropertyValueSpecification\",\"valueRequired\":true,\"valueName\":\"search_term_string\"}}],\"inLanguage\":\"fr-FR\"},{\"@type\":\"Organization\",\"@id\":\"https:\/\/www.carideal.com\/blog\/#organization\",\"name\":\"Carideal\",\"url\":\"https:\/\/www.carideal.com\/blog\/\",\"logo\":{\"@type\":\"ImageObject\",\"inLanguage\":\"fr-FR\",\"@id\":\"https:\/\/www.carideal.com\/blog\/#\/schema\/logo\/image\/\",\"url\":\"http:\/\/www.carideal.com\/blog\/wp-content\/uploads\/2016\/03\/logo-carideal-mandataire-automobile.png\",\"contentUrl\":\"http:\/\/www.carideal.com\/blog\/wp-content\/uploads\/2016\/03\/logo-carideal-mandataire-automobile.png\",\"width\":300,\"height\":300,\"caption\":\"Carideal\"},\"image\":{\"@id\":\"https:\/\/www.carideal.com\/blog\/#\/schema\/logo\/image\/\"},\"sameAs\":[\"https:\/\/www.facebook.com\/Carideal.mandataire.automobile\",\"https:\/\/x.com\/caridealauto\",\"https:\/\/www.instagram.com\/carideal1\/\",\"https:\/\/www.linkedin.com\/company\/carideal.com\",\"https:\/\/fr.pinterest.com\/schiavonsas\/\",\"https:\/\/www.youtube.com\/user\/caridealsas\"]},{\"@type\":\"Person\",\"@id\":\"https:\/\/www.carideal.com\/blog\/#\/schema\/person\/985c7e757d1042d647f21bfaf8d41ebc\",\"name\":\"N.S Carideal\",\"image\":{\"@type\":\"ImageObject\",\"inLanguage\":\"fr-FR\",\"@id\":\"https:\/\/www.carideal.com\/blog\/#\/schema\/person\/image\/\",\"url\":\"https:\/\/secure.gravatar.com\/avatar\/edb7ccdf1a4e3d14aef967760d354d0e?s=96&r=g\",\"contentUrl\":\"https:\/\/secure.gravatar.com\/avatar\/edb7ccdf1a4e3d14aef967760d354d0e?s=96&r=g\",\"caption\":\"N.S Carideal\"},\"description\":\"Depuis tout petit fan d'automobile. Il est question d'essayer et de comparer toutes ces voitures qui nous ont fait r\u00e9ver, avant que celles-ci ne devient uniquement des voitures de collection.\",\"sameAs\":[\"http:\/\/www.carideal.com\/blog\",\"https:\/\/www.facebook.com\/Carideal.mandataire.automobile\/\",\"https:\/\/www.linkedin.com\/in\/nschiavon\/\",\"https:\/\/www.youtube.com\/user\/caridealsas\/\"],\"url\":\"https:\/\/www.carideal.com\/blog\/author\/admin_carideal\/\"}]}<\/script>\n<!-- \/ Yoast SEO plugin. -->","yoast_head_json":{"title":"Baisse des ventes de voitures neuves - Blog auto Carid\u00e9al","robots":{"index":"index","follow":"follow","max-snippet":"max-snippet:-1","max-image-preview":"max-image-preview:large","max-video-preview":"max-video-preview:-1"},"canonical":"https:\/\/www.carideal.com\/blog\/2013\/01\/15\/baisse-des-ventes-de-voitures-neuves\/","og_locale":"fr_FR","og_type":"article","og_title":"Baisse des ventes de voitures neuves - Blog auto Carid\u00e9al","og_description":"Hyundai Ix-35 La pire ann\u00e9e depuis 1997 !Sur les onze pre\u00admiers mois de 2012, le bilan des immatri\u00adculations de v\u00e9hicules particuliers s'affiche en recul de 13,8% et \u00e0 1,738 million de v\u00e9hicules vendus. Au global, le march\u00e9 de cette ann\u00e9e devrait \u00eatre l\u00e9g\u00e8rement inf\u00e9rieur \u00e0 1,9 million de VP, en baisse de 14%. \"C'est le ... Lire plus","og_url":"https:\/\/www.carideal.com\/blog\/2013\/01\/15\/baisse-des-ventes-de-voitures-neuves\/","og_site_name":"Blog auto Carid\u00e9al","article_publisher":"https:\/\/www.facebook.com\/Carideal.mandataire.automobile","article_author":"https:\/\/www.facebook.com\/Carideal.mandataire.automobile\/","article_published_time":"2013-01-15T16:47:00+00:00","article_modified_time":"2020-03-07T21:40:09+00:00","og_image":[{"width":300,"height":300,"url":"https:\/\/www.carideal.com\/blog\/wp-content\/uploads\/2016\/03\/logo-carideal-mandataire-automobile.png","type":"image\/png"}],"author":"N.S Carideal","twitter_card":"summary_large_image","twitter_creator":"@caridealauto","twitter_site":"@caridealauto","twitter_misc":{"\u00c9crit par":"N.S Carideal","Dur\u00e9e de lecture estim\u00e9e":"2 minutes"},"schema":{"@context":"https:\/\/schema.org","@graph":[{"@type":"Article","@id":"https:\/\/www.carideal.com\/blog\/2013\/01\/15\/baisse-des-ventes-de-voitures-neuves\/#article","isPartOf":{"@id":"https:\/\/www.carideal.com\/blog\/2013\/01\/15\/baisse-des-ventes-de-voitures-neuves\/"},"author":{"name":"N.S Carideal","@id":"https:\/\/www.carideal.com\/blog\/#\/schema\/person\/985c7e757d1042d647f21bfaf8d41ebc"},"headline":"Baisse des ventes de voitures neuves","datePublished":"2013-01-15T16:47:00+00:00","dateModified":"2020-03-07T21:40:09+00:00","mainEntityOfPage":{"@id":"https:\/\/www.carideal.com\/blog\/2013\/01\/15\/baisse-des-ventes-de-voitures-neuves\/"},"wordCount":399,"commentCount":1,"publisher":{"@id":"https:\/\/www.carideal.com\/blog\/#organization"},"articleSection":["March\u00e9 automobile"],"inLanguage":"fr-FR","potentialAction":[{"@type":"CommentAction","name":"Comment","target":["https:\/\/www.carideal.com\/blog\/2013\/01\/15\/baisse-des-ventes-de-voitures-neuves\/#respond"]}]},{"@type":"WebPage","@id":"https:\/\/www.carideal.com\/blog\/2013\/01\/15\/baisse-des-ventes-de-voitures-neuves\/","url":"https:\/\/www.carideal.com\/blog\/2013\/01\/15\/baisse-des-ventes-de-voitures-neuves\/","name":"Baisse des ventes de voitures neuves - Blog auto Carid\u00e9al","isPartOf":{"@id":"https:\/\/www.carideal.com\/blog\/#website"},"datePublished":"2013-01-15T16:47:00+00:00","dateModified":"2020-03-07T21:40:09+00:00","breadcrumb":{"@id":"https:\/\/www.carideal.com\/blog\/2013\/01\/15\/baisse-des-ventes-de-voitures-neuves\/#breadcrumb"},"inLanguage":"fr-FR","potentialAction":[{"@type":"ReadAction","target":["https:\/\/www.carideal.com\/blog\/2013\/01\/15\/baisse-des-ventes-de-voitures-neuves\/"]}]},{"@type":"BreadcrumbList","@id":"https:\/\/www.carideal.com\/blog\/2013\/01\/15\/baisse-des-ventes-de-voitures-neuves\/#breadcrumb","itemListElement":[{"@type":"ListItem","position":1,"name":"Blog Carid\u00e9al","item":"https:\/\/www.carideal.com\/blog\/"},{"@type":"ListItem","position":2,"name":"March\u00e9 automobile","item":"https:\/\/www.carideal.com\/blog\/marche-automobile-voiture-neuve-occasion-4x4-suv\/"},{"@type":"ListItem","position":3,"name":"Baisse des ventes de voitures neuves"}]},{"@type":"WebSite","@id":"https:\/\/www.carideal.com\/blog\/#website","url":"https:\/\/www.carideal.com\/blog\/","name":"Blog auto Carid\u00e9al","description":"Actualit\u00e9 auto par des passionn\u00e9s","publisher":{"@id":"https:\/\/www.carideal.com\/blog\/#organization"},"potentialAction":[{"@type":"SearchAction","target":{"@type":"EntryPoint","urlTemplate":"https:\/\/www.carideal.com\/blog\/?s={search_term_string}"},"query-input":{"@type":"PropertyValueSpecification","valueRequired":true,"valueName":"search_term_string"}}],"inLanguage":"fr-FR"},{"@type":"Organization","@id":"https:\/\/www.carideal.com\/blog\/#organization","name":"Carideal","url":"https:\/\/www.carideal.com\/blog\/","logo":{"@type":"ImageObject","inLanguage":"fr-FR","@id":"https:\/\/www.carideal.com\/blog\/#\/schema\/logo\/image\/","url":"http:\/\/www.carideal.com\/blog\/wp-content\/uploads\/2016\/03\/logo-carideal-mandataire-automobile.png","contentUrl":"http:\/\/www.carideal.com\/blog\/wp-content\/uploads\/2016\/03\/logo-carideal-mandataire-automobile.png","width":300,"height":300,"caption":"Carideal"},"image":{"@id":"https:\/\/www.carideal.com\/blog\/#\/schema\/logo\/image\/"},"sameAs":["https:\/\/www.facebook.com\/Carideal.mandataire.automobile","https:\/\/x.com\/caridealauto","https:\/\/www.instagram.com\/carideal1\/","https:\/\/www.linkedin.com\/company\/carideal.com","https:\/\/fr.pinterest.com\/schiavonsas\/","https:\/\/www.youtube.com\/user\/caridealsas"]},{"@type":"Person","@id":"https:\/\/www.carideal.com\/blog\/#\/schema\/person\/985c7e757d1042d647f21bfaf8d41ebc","name":"N.S Carideal","image":{"@type":"ImageObject","inLanguage":"fr-FR","@id":"https:\/\/www.carideal.com\/blog\/#\/schema\/person\/image\/","url":"https:\/\/secure.gravatar.com\/avatar\/edb7ccdf1a4e3d14aef967760d354d0e?s=96&r=g","contentUrl":"https:\/\/secure.gravatar.com\/avatar\/edb7ccdf1a4e3d14aef967760d354d0e?s=96&r=g","caption":"N.S Carideal"},"description":"Depuis tout petit fan d'automobile. Il est question d'essayer et de comparer toutes ces voitures qui nous ont fait r\u00e9ver, avant que celles-ci ne devient uniquement des voitures de collection.","sameAs":["http:\/\/www.carideal.com\/blog","https:\/\/www.facebook.com\/Carideal.mandataire.automobile\/","https:\/\/www.linkedin.com\/in\/nschiavon\/","https:\/\/www.youtube.com\/user\/caridealsas\/"],"url":"https:\/\/www.carideal.com\/blog\/author\/admin_carideal\/"}]}},"uagb_featured_image_src":{"full":false,"thumbnail":false,"medium":false,"medium_large":false,"large":false,"1536x1536":false,"2048x2048":false,"wppr-widget":false},"uagb_author_info":{"display_name":"N.S Carideal","author_link":"https:\/\/www.carideal.com\/blog\/author\/admin_carideal\/"},"uagb_comment_info":1,"uagb_excerpt":"Hyundai Ix-35 La pire ann\u00e9e depuis 1997 !Sur les onze pre\u00admiers mois de 2012, le bilan des immatri\u00adculations de v\u00e9hicules particuliers s'affiche en recul de 13,8% et \u00e0 1,738 million de v\u00e9hicules vendus. Au global, le march\u00e9 de cette ann\u00e9e devrait \u00eatre l\u00e9g\u00e8rement inf\u00e9rieur \u00e0 1,9 million de VP, en baisse de 14%. \"C'est le\u2026","_links":{"self":[{"href":"https:\/\/www.carideal.com\/blog\/wp-json\/wp\/v2\/posts\/1270"}],"collection":[{"href":"https:\/\/www.carideal.com\/blog\/wp-json\/wp\/v2\/posts"}],"about":[{"href":"https:\/\/www.carideal.com\/blog\/wp-json\/wp\/v2\/types\/post"}],"author":[{"embeddable":true,"href":"https:\/\/www.carideal.com\/blog\/wp-json\/wp\/v2\/users\/1"}],"replies":[{"embeddable":true,"href":"https:\/\/www.carideal.com\/blog\/wp-json\/wp\/v2\/comments?post=1270"}],"version-history":[{"count":0,"href":"https:\/\/www.carideal.com\/blog\/wp-json\/wp\/v2\/posts\/1270\/revisions"}],"wp:attachment":[{"href":"https:\/\/www.carideal.com\/blog\/wp-json\/wp\/v2\/media?parent=1270"}],"wp:term":[{"taxonomy":"category","embeddable":true,"href":"https:\/\/www.carideal.com\/blog\/wp-json\/wp\/v2\/categories?post=1270"},{"taxonomy":"post_tag","embeddable":true,"href":"https:\/\/www.carideal.com\/blog\/wp-json\/wp\/v2\/tags?post=1270"}],"curies":[{"name":"wp","href":"https:\/\/api.w.org\/{rel}","templated":true}]}}