{"id":1264,"date":"2013-01-12T08:34:00","date_gmt":"2013-01-12T08:34:00","guid":{"rendered":"http:\/\/carideal.com\/blog\/?p=1264"},"modified":"2019-11-05T17:57:48","modified_gmt":"2019-11-05T16:57:48","slug":"le-marche-automobile-en-france-2012-la-cata","status":"publish","type":"post","link":"https:\/\/www.carideal.com\/blog\/2013\/01\/12\/le-marche-automobile-en-france-2012-la-cata\/","title":{"rendered":"Le March\u00e9 Automobile en France 2012 la cata !"},"content":{"rendered":"<h2>Le March\u00e9 Automobile en France 2012 la cata !<\/h2>\n<p>&nbsp;<\/p>\n<p>Un triste record de non vente\u00a0!<\/p>\n<p>1 898 760\u202f! C'est le chiffre des immatriculations de <a href=\"http:\/\/www.carideal.com\/blog\/voiture-neuve-region\/\">voitures neuves<\/a> en France en 2012, soit 13,9\u00a0% de moins qu'en 2011, et le plus bas depuis 15 ans (le niveau bas des deux derni\u00e8res d\u00e9cennies \u00e9tant de 1,713 million en 1997). Une faible performance qui s'explique en partie par l'effet post-prime \u00e0 la casse et <a href=\"http:\/\/www.carideal.com\/blog\/2009\/09\/21\/bonus-malus-co2-prime-a-la-casse\/\">gros bonus<\/a>, apr\u00e8s le carton (pr\u00e8s de 2,3 millions de voitures vendues) de <a href=\"http:\/\/www.carideal.com\/blog\/2010\/01\/04\/le-plus-haut-niveau-depuis-1990-le-marche-francais-affiche-un-record-avec-2-268-730-vehicules-immatricules-en-2009\/\">2009<\/a>.<\/p>\n<figure id=\"attachment_20220\" aria-describedby=\"caption-attachment-20220\" style=\"width: 393px\" class=\"wp-caption alignnone\"><img loading=\"lazy\" decoding=\"async\" class=\"size-full wp-image-20220\" src=\"http:\/\/www.carideal.com\/blog\/wp-content\/uploads\/2013\/01\/marche-automobile-francais2012-1357979093.jpg\" alt=\"March\u00e9 automobile fran\u00e7ais 2012\" width=\"403\" height=\"239\" srcset=\"https:\/\/www.carideal.com\/blog\/wp-content\/uploads\/2013\/01\/marche-automobile-francais2012-1357979093.jpg 403w, https:\/\/www.carideal.com\/blog\/wp-content\/uploads\/2013\/01\/marche-automobile-francais2012-1357979093-300x178.jpg 300w, https:\/\/www.carideal.com\/blog\/wp-content\/uploads\/2013\/01\/marche-automobile-francais2012-1357979093-50x30.jpg 50w, https:\/\/www.carideal.com\/blog\/wp-content\/uploads\/2013\/01\/marche-automobile-francais2012-1357979093-110x65.jpg 110w\" sizes=\"(max-width: 403px) 100vw, 403px\" \/><figcaption id=\"caption-attachment-20220\" class=\"wp-caption-text\">March\u00e9 automobile fran\u00e7ais 2012<\/figcaption><\/figure>\n<p>N\u00e9anmoins, le march\u00e9 n'\u00e9tait plus descendu au-dessous de 2 millions depuis plus de 10 ans et la perte de vitesse des constructeurs fran\u00e7ais sur leur march\u00e9 national est inqui\u00e9tante. Car si certaines marques continuent inexorablement de battre des records de vente : <a href=\"http:\/\/www.carideal.com\/blog\/marque-de-voiture-actualites-essais\/land-rover\/\">Land Rover<\/a>, <a href=\"http:\/\/www.carideal.com\/blog\/marque-de-voiture-actualites-essais\/porsche\/\">Porsche<\/a>, <a href=\"http:\/\/www.carideal.com\/blog\/marque-de-voiture-actualites-essais\/hyundai\/\">Hyundai<\/a>..., et si l'on excepte <a href=\"http:\/\/www.carideal.com\/blog\/marque-de-voiture-actualites-essais\/dacia\/\">Dacia<\/a> (marque roumaine du groupe <a href=\"http:\/\/www.carideal.com\/blog\/marque-de-voiture-actualites-essais\/renault\/\">Renault<\/a>), <a href=\"http:\/\/www.carideal.com\/blog\/marque-de-voiture-actualites-essais\/peugeot\/\">Peugeot<\/a>, <a href=\"http:\/\/www.carideal.com\/blog\/marque-de-voiture-actualites-essais\/citroen\/\">Citro\u00ebn<\/a> et Renault ne totalisent plus \u00e0 eux trois que 48,2\u00a0% des ventes en France, alors qu'ils avaient encore plus de 60\u00a0% de part de march\u00e9 il y a 20 ans.<\/p>\n<ul>\n<li><a href=\"http:\/\/www.carideal.com\/blog\/2016\/11\/08\/marche-doccasion-les-voitures-preferees-des-francais-en-2016\/\">Les voitures d'occasions pr\u00e9f\u00e9r\u00e9es des fran\u00e7ais<\/a><\/li>\n<\/ul>\n<p>Gamme vieillissante, paris stylistiques perdus, nos constructeurs nationaux ont en outre \u00e9t\u00e9 mis \u00e0 mal par la polarisation du march\u00e9 provoqu\u00e9e par la crise (les marques de haut de gamme et low cost tournent \u00e0 plein, celles s'adressant \u00e0 la classe moyenne \u00e9tant plus \u00e0 la peine). Les derniers mod\u00e8les pr\u00e9sent\u00e9s (<a href=\"http:\/\/www.carideal.com\/blog\/marque-de-voiture-actualites-essais\/ds\/\">gamme DS<\/a> chez Citro\u00ebn, <a href=\"http:\/\/www.carideal.com\/blog\/2015\/06\/08\/premier-restylage-pour-la-peugeot-208\/\">Peugeot 208<\/a>, <a href=\"http:\/\/www.carideal.com\/blog\/2013\/02\/01\/renault-clio-laquelle-choisir\/\">Renault Clio<\/a>) ont n\u00e9anmoins de quoi donner espoir, et m\u00eame si le march\u00e9 va encore rester bas en 2013, il est possible que les cartes soient redistribu\u00e9es. Quant \u00e0 regagner des parts de march\u00e9...<\/p>\n","protected":false},"excerpt":{"rendered":"<p>Le March\u00e9 Automobile en France 2012 la cata ! &nbsp; Un triste record de non vente\u00a0! 1 898 760\u202f! C&rsquo;est le chiffre des immatriculations de voitures neuves en France en 2012, soit 13,9\u00a0% de moins qu&rsquo;en 2011, et le plus bas depuis 15 ans (le niveau bas des deux derni\u00e8res d\u00e9cennies \u00e9tant de 1,713 million &#8230; <a title=\"Le March\u00e9 Automobile en France 2012 la cata !\" class=\"read-more\" href=\"https:\/\/www.carideal.com\/blog\/2013\/01\/12\/le-marche-automobile-en-france-2012-la-cata\/\" aria-label=\"En savoir plus sur Le March\u00e9 Automobile en France 2012 la cata !\">Lire plus<\/a><\/p>\n","protected":false},"author":1,"featured_media":20220,"comment_status":"open","ping_status":"open","sticky":false,"template":"","format":"standard","meta":{"_uag_custom_page_level_css":"","_themeisle_gutenberg_block_has_review":false,"footnotes":""},"categories":[10],"tags":[],"class_list":["post-1264","post","type-post","status-publish","format-standard","has-post-thumbnail","hentry","category-marche-automobile-voiture-neuve-occasion-4x4-suv"],"wppr_data":{"cwp_meta_box_check":"No"},"yoast_head":"<!-- This site is optimized with the Yoast SEO plugin v24.8.1 - https:\/\/yoast.com\/wordpress\/plugins\/seo\/ -->\n<title>Le March\u00e9 Automobile en France 2012 la cata ! - Blog auto Carid\u00e9al<\/title>\n<meta name=\"description\" content=\"Un triste record de non vente\u00a0!1 898 760\u202f! C&#039;est le chiffre des immatriculations de voitures neuves du march\u00e9 Fran\u00e7ais en 2012, soit 13,9\u00a0% de moins qu&#039;en 2011\" \/>\n<meta name=\"robots\" content=\"index, follow, max-snippet:-1, max-image-preview:large, max-video-preview:-1\" \/>\n<link rel=\"canonical\" href=\"https:\/\/www.carideal.com\/blog\/2013\/01\/12\/le-marche-automobile-en-france-2012-la-cata\/\" \/>\n<meta property=\"og:locale\" content=\"fr_FR\" \/>\n<meta property=\"og:type\" content=\"article\" \/>\n<meta property=\"og:title\" content=\"Le March\u00e9 Automobile en France 2012 la cata ! - Blog auto Carid\u00e9al\" \/>\n<meta property=\"og:description\" content=\"Un triste record de non vente\u00a0!1 898 760\u202f! C&#039;est le chiffre des immatriculations de voitures neuves du march\u00e9 Fran\u00e7ais en 2012, soit 13,9\u00a0% de moins qu&#039;en 2011\" \/>\n<meta property=\"og:url\" content=\"https:\/\/www.carideal.com\/blog\/2013\/01\/12\/le-marche-automobile-en-france-2012-la-cata\/\" \/>\n<meta property=\"og:site_name\" content=\"Blog auto Carid\u00e9al\" \/>\n<meta property=\"article:publisher\" content=\"https:\/\/www.facebook.com\/Carideal.mandataire.automobile\" \/>\n<meta property=\"article:author\" content=\"https:\/\/www.facebook.com\/Carideal.mandataire.automobile\/\" \/>\n<meta property=\"article:published_time\" content=\"2013-01-12T08:34:00+00:00\" \/>\n<meta property=\"article:modified_time\" content=\"2019-11-05T16:57:48+00:00\" \/>\n<meta property=\"og:image\" content=\"https:\/\/www.carideal.com\/blog\/wp-content\/uploads\/2013\/01\/marche-automobile-francais2012-1357979093.jpg\" \/>\n\t<meta property=\"og:image:width\" content=\"403\" \/>\n\t<meta property=\"og:image:height\" content=\"239\" \/>\n\t<meta property=\"og:image:type\" content=\"image\/jpeg\" \/>\n<meta name=\"author\" content=\"N.S Carideal\" \/>\n<meta name=\"twitter:card\" content=\"summary_large_image\" \/>\n<meta name=\"twitter:creator\" content=\"@caridealauto\" \/>\n<meta name=\"twitter:site\" content=\"@caridealauto\" \/>\n<meta name=\"twitter:label1\" content=\"\u00c9crit par\" \/>\n\t<meta name=\"twitter:data1\" content=\"N.S Carideal\" \/>\n\t<meta name=\"twitter:label2\" content=\"Dur\u00e9e de lecture estim\u00e9e\" \/>\n\t<meta name=\"twitter:data2\" content=\"1 minute\" \/>\n<script type=\"application\/ld+json\" class=\"yoast-schema-graph\">{\"@context\":\"https:\/\/schema.org\",\"@graph\":[{\"@type\":\"Article\",\"@id\":\"https:\/\/www.carideal.com\/blog\/2013\/01\/12\/le-marche-automobile-en-france-2012-la-cata\/#article\",\"isPartOf\":{\"@id\":\"https:\/\/www.carideal.com\/blog\/2013\/01\/12\/le-marche-automobile-en-france-2012-la-cata\/\"},\"author\":{\"name\":\"N.S Carideal\",\"@id\":\"https:\/\/www.carideal.com\/blog\/#\/schema\/person\/985c7e757d1042d647f21bfaf8d41ebc\"},\"headline\":\"Le March\u00e9 Automobile en France 2012 la cata !\",\"datePublished\":\"2013-01-12T08:34:00+00:00\",\"dateModified\":\"2019-11-05T16:57:48+00:00\",\"mainEntityOfPage\":{\"@id\":\"https:\/\/www.carideal.com\/blog\/2013\/01\/12\/le-marche-automobile-en-france-2012-la-cata\/\"},\"wordCount\":281,\"commentCount\":1,\"publisher\":{\"@id\":\"https:\/\/www.carideal.com\/blog\/#organization\"},\"image\":{\"@id\":\"https:\/\/www.carideal.com\/blog\/2013\/01\/12\/le-marche-automobile-en-france-2012-la-cata\/#primaryimage\"},\"thumbnailUrl\":\"https:\/\/www.carideal.com\/blog\/wp-content\/uploads\/2013\/01\/marche-automobile-francais2012-1357979093.jpg\",\"articleSection\":[\"March\u00e9 automobile\"],\"inLanguage\":\"fr-FR\",\"potentialAction\":[{\"@type\":\"CommentAction\",\"name\":\"Comment\",\"target\":[\"https:\/\/www.carideal.com\/blog\/2013\/01\/12\/le-marche-automobile-en-france-2012-la-cata\/#respond\"]}]},{\"@type\":\"WebPage\",\"@id\":\"https:\/\/www.carideal.com\/blog\/2013\/01\/12\/le-marche-automobile-en-france-2012-la-cata\/\",\"url\":\"https:\/\/www.carideal.com\/blog\/2013\/01\/12\/le-marche-automobile-en-france-2012-la-cata\/\",\"name\":\"Le March\u00e9 Automobile en France 2012 la cata ! - Blog auto Carid\u00e9al\",\"isPartOf\":{\"@id\":\"https:\/\/www.carideal.com\/blog\/#website\"},\"primaryImageOfPage\":{\"@id\":\"https:\/\/www.carideal.com\/blog\/2013\/01\/12\/le-marche-automobile-en-france-2012-la-cata\/#primaryimage\"},\"image\":{\"@id\":\"https:\/\/www.carideal.com\/blog\/2013\/01\/12\/le-marche-automobile-en-france-2012-la-cata\/#primaryimage\"},\"thumbnailUrl\":\"https:\/\/www.carideal.com\/blog\/wp-content\/uploads\/2013\/01\/marche-automobile-francais2012-1357979093.jpg\",\"datePublished\":\"2013-01-12T08:34:00+00:00\",\"dateModified\":\"2019-11-05T16:57:48+00:00\",\"description\":\"Un triste record de non vente\u00a0!1 898 760\u202f! C'est le chiffre des immatriculations de voitures neuves du march\u00e9 Fran\u00e7ais en 2012, soit 13,9\u00a0% de moins qu'en 2011\",\"breadcrumb\":{\"@id\":\"https:\/\/www.carideal.com\/blog\/2013\/01\/12\/le-marche-automobile-en-france-2012-la-cata\/#breadcrumb\"},\"inLanguage\":\"fr-FR\",\"potentialAction\":[{\"@type\":\"ReadAction\",\"target\":[\"https:\/\/www.carideal.com\/blog\/2013\/01\/12\/le-marche-automobile-en-france-2012-la-cata\/\"]}]},{\"@type\":\"ImageObject\",\"inLanguage\":\"fr-FR\",\"@id\":\"https:\/\/www.carideal.com\/blog\/2013\/01\/12\/le-marche-automobile-en-france-2012-la-cata\/#primaryimage\",\"url\":\"https:\/\/www.carideal.com\/blog\/wp-content\/uploads\/2013\/01\/marche-automobile-francais2012-1357979093.jpg\",\"contentUrl\":\"https:\/\/www.carideal.com\/blog\/wp-content\/uploads\/2013\/01\/marche-automobile-francais2012-1357979093.jpg\",\"width\":403,\"height\":239,\"caption\":\"March\u00e9 automobile fran\u00e7ais 2012\"},{\"@type\":\"BreadcrumbList\",\"@id\":\"https:\/\/www.carideal.com\/blog\/2013\/01\/12\/le-marche-automobile-en-france-2012-la-cata\/#breadcrumb\",\"itemListElement\":[{\"@type\":\"ListItem\",\"position\":1,\"name\":\"Blog Carid\u00e9al\",\"item\":\"https:\/\/www.carideal.com\/blog\/\"},{\"@type\":\"ListItem\",\"position\":2,\"name\":\"March\u00e9 automobile\",\"item\":\"https:\/\/www.carideal.com\/blog\/marche-automobile-voiture-neuve-occasion-4x4-suv\/\"},{\"@type\":\"ListItem\",\"position\":3,\"name\":\"Le March\u00e9 Automobile en France 2012 la cata !\"}]},{\"@type\":\"WebSite\",\"@id\":\"https:\/\/www.carideal.com\/blog\/#website\",\"url\":\"https:\/\/www.carideal.com\/blog\/\",\"name\":\"Blog auto Carid\u00e9al\",\"description\":\"Actualit\u00e9 auto par des passionn\u00e9s\",\"publisher\":{\"@id\":\"https:\/\/www.carideal.com\/blog\/#organization\"},\"potentialAction\":[{\"@type\":\"SearchAction\",\"target\":{\"@type\":\"EntryPoint\",\"urlTemplate\":\"https:\/\/www.carideal.com\/blog\/?s={search_term_string}\"},\"query-input\":{\"@type\":\"PropertyValueSpecification\",\"valueRequired\":true,\"valueName\":\"search_term_string\"}}],\"inLanguage\":\"fr-FR\"},{\"@type\":\"Organization\",\"@id\":\"https:\/\/www.carideal.com\/blog\/#organization\",\"name\":\"Carideal\",\"url\":\"https:\/\/www.carideal.com\/blog\/\",\"logo\":{\"@type\":\"ImageObject\",\"inLanguage\":\"fr-FR\",\"@id\":\"https:\/\/www.carideal.com\/blog\/#\/schema\/logo\/image\/\",\"url\":\"http:\/\/www.carideal.com\/blog\/wp-content\/uploads\/2016\/03\/logo-carideal-mandataire-automobile.png\",\"contentUrl\":\"http:\/\/www.carideal.com\/blog\/wp-content\/uploads\/2016\/03\/logo-carideal-mandataire-automobile.png\",\"width\":300,\"height\":300,\"caption\":\"Carideal\"},\"image\":{\"@id\":\"https:\/\/www.carideal.com\/blog\/#\/schema\/logo\/image\/\"},\"sameAs\":[\"https:\/\/www.facebook.com\/Carideal.mandataire.automobile\",\"https:\/\/x.com\/caridealauto\",\"https:\/\/www.instagram.com\/carideal1\/\",\"https:\/\/www.linkedin.com\/company\/carideal.com\",\"https:\/\/fr.pinterest.com\/schiavonsas\/\",\"https:\/\/www.youtube.com\/user\/caridealsas\"]},{\"@type\":\"Person\",\"@id\":\"https:\/\/www.carideal.com\/blog\/#\/schema\/person\/985c7e757d1042d647f21bfaf8d41ebc\",\"name\":\"N.S Carideal\",\"image\":{\"@type\":\"ImageObject\",\"inLanguage\":\"fr-FR\",\"@id\":\"https:\/\/www.carideal.com\/blog\/#\/schema\/person\/image\/\",\"url\":\"https:\/\/secure.gravatar.com\/avatar\/edb7ccdf1a4e3d14aef967760d354d0e?s=96&r=g\",\"contentUrl\":\"https:\/\/secure.gravatar.com\/avatar\/edb7ccdf1a4e3d14aef967760d354d0e?s=96&r=g\",\"caption\":\"N.S Carideal\"},\"description\":\"Depuis tout petit fan d'automobile. Il est question d'essayer et de comparer toutes ces voitures qui nous ont fait r\u00e9ver, avant que celles-ci ne devient uniquement des voitures de collection.\",\"sameAs\":[\"http:\/\/www.carideal.com\/blog\",\"https:\/\/www.facebook.com\/Carideal.mandataire.automobile\/\",\"https:\/\/www.linkedin.com\/in\/nschiavon\/\",\"https:\/\/www.youtube.com\/user\/caridealsas\/\"],\"url\":\"https:\/\/www.carideal.com\/blog\/author\/admin_carideal\/\"}]}<\/script>\n<!-- \/ Yoast SEO plugin. -->","yoast_head_json":{"title":"Le March\u00e9 Automobile en France 2012 la cata ! - Blog auto Carid\u00e9al","description":"Un triste record de non vente\u00a0!1 898 760\u202f! C'est le chiffre des immatriculations de voitures neuves du march\u00e9 Fran\u00e7ais en 2012, soit 13,9\u00a0% de moins qu'en 2011","robots":{"index":"index","follow":"follow","max-snippet":"max-snippet:-1","max-image-preview":"max-image-preview:large","max-video-preview":"max-video-preview:-1"},"canonical":"https:\/\/www.carideal.com\/blog\/2013\/01\/12\/le-marche-automobile-en-france-2012-la-cata\/","og_locale":"fr_FR","og_type":"article","og_title":"Le March\u00e9 Automobile en France 2012 la cata ! - Blog auto Carid\u00e9al","og_description":"Un triste record de non vente\u00a0!1 898 760\u202f! C'est le chiffre des immatriculations de voitures neuves du march\u00e9 Fran\u00e7ais en 2012, soit 13,9\u00a0% de moins qu'en 2011","og_url":"https:\/\/www.carideal.com\/blog\/2013\/01\/12\/le-marche-automobile-en-france-2012-la-cata\/","og_site_name":"Blog auto Carid\u00e9al","article_publisher":"https:\/\/www.facebook.com\/Carideal.mandataire.automobile","article_author":"https:\/\/www.facebook.com\/Carideal.mandataire.automobile\/","article_published_time":"2013-01-12T08:34:00+00:00","article_modified_time":"2019-11-05T16:57:48+00:00","og_image":[{"width":403,"height":239,"url":"https:\/\/www.carideal.com\/blog\/wp-content\/uploads\/2013\/01\/marche-automobile-francais2012-1357979093.jpg","type":"image\/jpeg"}],"author":"N.S Carideal","twitter_card":"summary_large_image","twitter_creator":"@caridealauto","twitter_site":"@caridealauto","twitter_misc":{"\u00c9crit par":"N.S Carideal","Dur\u00e9e de lecture estim\u00e9e":"1 minute"},"schema":{"@context":"https:\/\/schema.org","@graph":[{"@type":"Article","@id":"https:\/\/www.carideal.com\/blog\/2013\/01\/12\/le-marche-automobile-en-france-2012-la-cata\/#article","isPartOf":{"@id":"https:\/\/www.carideal.com\/blog\/2013\/01\/12\/le-marche-automobile-en-france-2012-la-cata\/"},"author":{"name":"N.S Carideal","@id":"https:\/\/www.carideal.com\/blog\/#\/schema\/person\/985c7e757d1042d647f21bfaf8d41ebc"},"headline":"Le March\u00e9 Automobile en France 2012 la cata !","datePublished":"2013-01-12T08:34:00+00:00","dateModified":"2019-11-05T16:57:48+00:00","mainEntityOfPage":{"@id":"https:\/\/www.carideal.com\/blog\/2013\/01\/12\/le-marche-automobile-en-france-2012-la-cata\/"},"wordCount":281,"commentCount":1,"publisher":{"@id":"https:\/\/www.carideal.com\/blog\/#organization"},"image":{"@id":"https:\/\/www.carideal.com\/blog\/2013\/01\/12\/le-marche-automobile-en-france-2012-la-cata\/#primaryimage"},"thumbnailUrl":"https:\/\/www.carideal.com\/blog\/wp-content\/uploads\/2013\/01\/marche-automobile-francais2012-1357979093.jpg","articleSection":["March\u00e9 automobile"],"inLanguage":"fr-FR","potentialAction":[{"@type":"CommentAction","name":"Comment","target":["https:\/\/www.carideal.com\/blog\/2013\/01\/12\/le-marche-automobile-en-france-2012-la-cata\/#respond"]}]},{"@type":"WebPage","@id":"https:\/\/www.carideal.com\/blog\/2013\/01\/12\/le-marche-automobile-en-france-2012-la-cata\/","url":"https:\/\/www.carideal.com\/blog\/2013\/01\/12\/le-marche-automobile-en-france-2012-la-cata\/","name":"Le March\u00e9 Automobile en France 2012 la cata ! - Blog auto Carid\u00e9al","isPartOf":{"@id":"https:\/\/www.carideal.com\/blog\/#website"},"primaryImageOfPage":{"@id":"https:\/\/www.carideal.com\/blog\/2013\/01\/12\/le-marche-automobile-en-france-2012-la-cata\/#primaryimage"},"image":{"@id":"https:\/\/www.carideal.com\/blog\/2013\/01\/12\/le-marche-automobile-en-france-2012-la-cata\/#primaryimage"},"thumbnailUrl":"https:\/\/www.carideal.com\/blog\/wp-content\/uploads\/2013\/01\/marche-automobile-francais2012-1357979093.jpg","datePublished":"2013-01-12T08:34:00+00:00","dateModified":"2019-11-05T16:57:48+00:00","description":"Un triste record de non vente\u00a0!1 898 760\u202f! C'est le chiffre des immatriculations de voitures neuves du march\u00e9 Fran\u00e7ais en 2012, soit 13,9\u00a0% de moins qu'en 2011","breadcrumb":{"@id":"https:\/\/www.carideal.com\/blog\/2013\/01\/12\/le-marche-automobile-en-france-2012-la-cata\/#breadcrumb"},"inLanguage":"fr-FR","potentialAction":[{"@type":"ReadAction","target":["https:\/\/www.carideal.com\/blog\/2013\/01\/12\/le-marche-automobile-en-france-2012-la-cata\/"]}]},{"@type":"ImageObject","inLanguage":"fr-FR","@id":"https:\/\/www.carideal.com\/blog\/2013\/01\/12\/le-marche-automobile-en-france-2012-la-cata\/#primaryimage","url":"https:\/\/www.carideal.com\/blog\/wp-content\/uploads\/2013\/01\/marche-automobile-francais2012-1357979093.jpg","contentUrl":"https:\/\/www.carideal.com\/blog\/wp-content\/uploads\/2013\/01\/marche-automobile-francais2012-1357979093.jpg","width":403,"height":239,"caption":"March\u00e9 automobile fran\u00e7ais 2012"},{"@type":"BreadcrumbList","@id":"https:\/\/www.carideal.com\/blog\/2013\/01\/12\/le-marche-automobile-en-france-2012-la-cata\/#breadcrumb","itemListElement":[{"@type":"ListItem","position":1,"name":"Blog Carid\u00e9al","item":"https:\/\/www.carideal.com\/blog\/"},{"@type":"ListItem","position":2,"name":"March\u00e9 automobile","item":"https:\/\/www.carideal.com\/blog\/marche-automobile-voiture-neuve-occasion-4x4-suv\/"},{"@type":"ListItem","position":3,"name":"Le March\u00e9 Automobile en France 2012 la cata !"}]},{"@type":"WebSite","@id":"https:\/\/www.carideal.com\/blog\/#website","url":"https:\/\/www.carideal.com\/blog\/","name":"Blog auto Carid\u00e9al","description":"Actualit\u00e9 auto par des passionn\u00e9s","publisher":{"@id":"https:\/\/www.carideal.com\/blog\/#organization"},"potentialAction":[{"@type":"SearchAction","target":{"@type":"EntryPoint","urlTemplate":"https:\/\/www.carideal.com\/blog\/?s={search_term_string}"},"query-input":{"@type":"PropertyValueSpecification","valueRequired":true,"valueName":"search_term_string"}}],"inLanguage":"fr-FR"},{"@type":"Organization","@id":"https:\/\/www.carideal.com\/blog\/#organization","name":"Carideal","url":"https:\/\/www.carideal.com\/blog\/","logo":{"@type":"ImageObject","inLanguage":"fr-FR","@id":"https:\/\/www.carideal.com\/blog\/#\/schema\/logo\/image\/","url":"http:\/\/www.carideal.com\/blog\/wp-content\/uploads\/2016\/03\/logo-carideal-mandataire-automobile.png","contentUrl":"http:\/\/www.carideal.com\/blog\/wp-content\/uploads\/2016\/03\/logo-carideal-mandataire-automobile.png","width":300,"height":300,"caption":"Carideal"},"image":{"@id":"https:\/\/www.carideal.com\/blog\/#\/schema\/logo\/image\/"},"sameAs":["https:\/\/www.facebook.com\/Carideal.mandataire.automobile","https:\/\/x.com\/caridealauto","https:\/\/www.instagram.com\/carideal1\/","https:\/\/www.linkedin.com\/company\/carideal.com","https:\/\/fr.pinterest.com\/schiavonsas\/","https:\/\/www.youtube.com\/user\/caridealsas"]},{"@type":"Person","@id":"https:\/\/www.carideal.com\/blog\/#\/schema\/person\/985c7e757d1042d647f21bfaf8d41ebc","name":"N.S Carideal","image":{"@type":"ImageObject","inLanguage":"fr-FR","@id":"https:\/\/www.carideal.com\/blog\/#\/schema\/person\/image\/","url":"https:\/\/secure.gravatar.com\/avatar\/edb7ccdf1a4e3d14aef967760d354d0e?s=96&r=g","contentUrl":"https:\/\/secure.gravatar.com\/avatar\/edb7ccdf1a4e3d14aef967760d354d0e?s=96&r=g","caption":"N.S Carideal"},"description":"Depuis tout petit fan d'automobile. Il est question d'essayer et de comparer toutes ces voitures qui nous ont fait r\u00e9ver, avant que celles-ci ne devient uniquement des voitures de collection.","sameAs":["http:\/\/www.carideal.com\/blog","https:\/\/www.facebook.com\/Carideal.mandataire.automobile\/","https:\/\/www.linkedin.com\/in\/nschiavon\/","https:\/\/www.youtube.com\/user\/caridealsas\/"],"url":"https:\/\/www.carideal.com\/blog\/author\/admin_carideal\/"}]}},"uagb_featured_image_src":{"full":["https:\/\/www.carideal.com\/blog\/wp-content\/uploads\/2013\/01\/marche-automobile-francais2012-1357979093.jpg",403,239,false],"thumbnail":["https:\/\/www.carideal.com\/blog\/wp-content\/uploads\/2013\/01\/marche-automobile-francais2012-1357979093-150x150.jpg",150,150,true],"medium":["https:\/\/www.carideal.com\/blog\/wp-content\/uploads\/2013\/01\/marche-automobile-francais2012-1357979093-300x178.jpg",300,178,true],"medium_large":["https:\/\/www.carideal.com\/blog\/wp-content\/uploads\/2013\/01\/marche-automobile-francais2012-1357979093.jpg",403,239,false],"large":["https:\/\/www.carideal.com\/blog\/wp-content\/uploads\/2013\/01\/marche-automobile-francais2012-1357979093.jpg",403,239,false],"1536x1536":["https:\/\/www.carideal.com\/blog\/wp-content\/uploads\/2013\/01\/marche-automobile-francais2012-1357979093.jpg",403,239,false],"2048x2048":["https:\/\/www.carideal.com\/blog\/wp-content\/uploads\/2013\/01\/marche-automobile-francais2012-1357979093.jpg",403,239,false],"wppr-widget":["https:\/\/www.carideal.com\/blog\/wp-content\/uploads\/2013\/01\/marche-automobile-francais2012-1357979093-50x30.jpg",50,30,true]},"uagb_author_info":{"display_name":"N.S Carideal","author_link":"https:\/\/www.carideal.com\/blog\/author\/admin_carideal\/"},"uagb_comment_info":1,"uagb_excerpt":"Le March\u00e9 Automobile en France 2012 la cata ! &nbsp; Un triste record de non vente\u00a0! 1 898 760\u202f! C'est le chiffre des immatriculations de voitures neuves en France en 2012, soit 13,9\u00a0% de moins qu'en 2011, et le plus bas depuis 15 ans (le niveau bas des deux derni\u00e8res d\u00e9cennies \u00e9tant de 1,713 million\u2026","_links":{"self":[{"href":"https:\/\/www.carideal.com\/blog\/wp-json\/wp\/v2\/posts\/1264"}],"collection":[{"href":"https:\/\/www.carideal.com\/blog\/wp-json\/wp\/v2\/posts"}],"about":[{"href":"https:\/\/www.carideal.com\/blog\/wp-json\/wp\/v2\/types\/post"}],"author":[{"embeddable":true,"href":"https:\/\/www.carideal.com\/blog\/wp-json\/wp\/v2\/users\/1"}],"replies":[{"embeddable":true,"href":"https:\/\/www.carideal.com\/blog\/wp-json\/wp\/v2\/comments?post=1264"}],"version-history":[{"count":0,"href":"https:\/\/www.carideal.com\/blog\/wp-json\/wp\/v2\/posts\/1264\/revisions"}],"wp:featuredmedia":[{"embeddable":true,"href":"https:\/\/www.carideal.com\/blog\/wp-json\/wp\/v2\/media\/20220"}],"wp:attachment":[{"href":"https:\/\/www.carideal.com\/blog\/wp-json\/wp\/v2\/media?parent=1264"}],"wp:term":[{"taxonomy":"category","embeddable":true,"href":"https:\/\/www.carideal.com\/blog\/wp-json\/wp\/v2\/categories?post=1264"},{"taxonomy":"post_tag","embeddable":true,"href":"https:\/\/www.carideal.com\/blog\/wp-json\/wp\/v2\/tags?post=1264"}],"curies":[{"name":"wp","href":"https:\/\/api.w.org\/{rel}","templated":true}]}}