{"id":1261,"date":"2013-01-10T12:57:00","date_gmt":"2013-01-10T12:57:00","guid":{"rendered":"http:\/\/carideal.com\/blog\/?p=1261"},"modified":"2020-03-07T22:40:06","modified_gmt":"2020-03-07T21:40:06","slug":"le-retour-des-breaks-compacts","status":"publish","type":"post","link":"https:\/\/www.carideal.com\/blog\/2013\/01\/10\/le-retour-des-breaks-compacts\/","title":{"rendered":"LE RETOUR DES BREAKS COMPACTS"},"content":{"rendered":"<p><img decoding=\"async\" src=\"\/blog\/public\/.Volkswagen-Golf-7-variante-Break-et-Sedan-en-2013_m.jpg\" alt=\"Volkswagen-Golf-7-variante-Break-et-Sedan-en-2013.jpg\" title=\"Volkswagen-Golf-7-variante-Break-et-Sedan-en-2013.jpg, janv. 2013\" \/><\/p>\n<blockquote>\n<p><strong>T'as le look<\/strong> <\/p>\n<\/blockquote>\n<p>Oubliez la peu gracieuse <a href=\"\/blog\/index.php?tag\/Golf\">Golf<\/a> VI SW, la Golf VII <a href=\"\/blog\/index.php?tag\/break\">break<\/a> sera aussi belle que logeable. <br \/>\n<a href=\"\/blog\/index.php?tag\/VOLKSWAGEN%20GOLF%20SW\">VOLKSWAGEN GOLF SW<\/a> <br \/>\ncommercialisation en septembre 2013 <br \/>\n-Moteur \u00e0 essence de 105 a 180 ch<br \/>\n-Moteur diesels de 90 a 184 ch<br \/>\n-A partir de 19 500\u20ac ( estimation ) <\/p>\n<p>Le march\u00e9 du break compact se porte bien&nbsp;: 54 129 unit\u00e9s \u00e9coul\u00e9s en France en 2011. cette silhouette repr\u00e9sente quasiment une vente pour cinq berlines du m\u00eame segment. Le plus diffus\u00e9 d'entre eux, la M\u00e9gane Estate, r\u00e9alise m\u00eame 30% des ventes de la famille compact Renault, soit 20 000 exemplaires \u00e9coul\u00e9s l'an pass\u00e9.<br \/>\nAujourd'hui, les marques g\u00e9n\u00e9ralistes europ\u00e9ennes proposent un, voir deux <a href=\"\/blog\/index.php?tag\/monospaces%20compacts\">monospaces compacts<\/a> ( \u00e0 5 \u00e0 7 places ) dans leur gamme, mais maintiennent aussi un break compact au catalogue. Pour l'instant, Cito\u00ebn et Seat sont les seuls \u00e0 ne pas faire ce choix, mais plus pour longtemps...<br \/>\nAvec plus de 12 000 ventes en 2011, la <a href=\"\/blog\/index.php?tag\/Peugeot%20308%20SW\">Peugeot 308 SW<\/a> est loin des r\u00e9sultats de la <a href=\"\/blog\/index.php?tag\/M%C3%A9gane%20Estate\">M\u00e9gane Estate<\/a>. Mais elle se positionne diff\u00e9remment en jouant sur le registre mi-break mi-monospace avec sa stature haute et sa version \u00e0 sept places en option.<br \/>\nUne strat\u00e9gie initi\u00e9e par sa devanci\u00e8re, la 307 SW, premier mod\u00e8le de la <a href=\"\/blog\/index.php?tag\/SW\">SW<\/a> dot\u00e9 de si\u00e8ges ind\u00e9pendants amovibles et d'un toit vitr\u00e9. Fid\u00e8le au m\u00e9lange des genres, qui s\u00e9duit une client\u00e8le plus large, Peugeot propose \u00e9galement la 3008 qui joue elle aussi la carte break compact agr\u00e9ment\u00e9 par des atours de v\u00e9hicule de loisir.<\/p>\n<p><strong>La Golf gonfl\u00e9e \u00e0 bloc<\/strong><br \/>\nLe leader europ\u00e9en du segment des <a href=\"\/blog\/index.php?tag\/berlines%20compactes\">berlines compactes<\/a>, la Volkswagen Golf n\u00e9glige pourtant sa version break. Avec un avant de Golf VI, mais un profil et une poupe datent de la g\u00e9n\u00e9ration ant\u00e9rieure, l'actuelle Golf SW ne s\u00e9duit pas vraiment.<br \/>\nPourtant, Volkswagen croit depuis longtemps aux vertus du break compact, mais elle a toujours privil\u00e9gi\u00e9 l'aspect fonctionnel et la capacit\u00e9 de chargement quitte \u00e0 sacrifier l'esth\u00e9tisme.<br \/>\nLa septi\u00e8me g\u00e9n\u00e9ration de Golf se doit d'\u00eatre au top sous toutes ses silhouettes et la d\u00e9clinaison SW n'\u00e9chappera pas \u00e0 ce souhait. Elle sera pr\u00e9sent\u00e9 avec une allure plus homog\u00e8ne \u00e0 \u00e9t\u00e9 2013, puis commercialis\u00e9e en France, en septembre 2013.<\/p>\n<p><strong><a href=\"\/blog\/index.php?tag\/Seat%20arrive\">Seat arrive<\/a><\/strong><\/p>\n<blockquote>\n<p><strong><a href=\"\/blog\/index.php?tag\/Seat%20Leon%20ST\">Seat Leon ST<\/a><\/strong><\/p>\n<\/blockquote>\n<p>Commercialisation d\u00e9but 2014<br \/>\n-Moteur \u00e0 essence de 86 \u00e0 180 ch<br \/>\n-Moteur diesel de 90 \u00e0 184 ch<br \/>\n-A partir de 16 500\u20ac ( estimation )<\/p>\n<p><strong>Formule complete<\/strong><br \/>\nS'intercalant entre l'<a href=\"\/blog\/index.php?tag\/Ibiza%20ST\">Ibiza ST<\/a> et l'<a href=\"\/blog\/index.php?tag\/Exeo%20ST\">Exeo ST<\/a>, le <a href=\"\/blog\/index.php?tag\/break%20Leon\">break Leon<\/a> compl\u00e9tera l'offre de la gamme compact Seat, qui aura \u00e9galement droit \u00e0 une version coup\u00e9 SC.<\/p>\n<p>La nouvelle Leon abandonne la silhouette mi-berline mi-monospace du mod\u00e8le actuel pour revenir \u00e0 des proportions plus classique, un coup\u00e9 puis un break \u00e9tofferont la gamme. Le break Leon fera sa premi\u00e8re apparition publique en septembre 2013 au salon de Francfort.<\/p>\n<p><img decoding=\"async\" src=\"\/blog\/public\/.honda-civic-wagon-2014_m.jpg\" alt=\"honda-civic-wagon-2014.jpg\" title=\"honda-civic-wagon-2014.jpg, janv. 2013\" \/><\/p>\n<blockquote>\n<p><strong><a href=\"\/blog\/index.php?tag\/Honda%20Civic%20Wagon\">Honda Civic Wagon<\/a><\/strong><\/p>\n<\/blockquote>\n<p>Commercialisation d\u00e9but 2014<br \/>\n-2 moteurs \u00e0 essence de 100 \u00e0 142 ch<br \/>\n-2 moteurs diesel de 12 \u00e0 15 ch<br \/>\n-A partir de 19 500\u20ac ( estimation )<\/p>\n<p><strong>Original<\/strong><br \/>\nLa berline s'illustre d\u00e9j\u00e0 par un style d\u00e9cale, le break fera de m\u00eame avec une silhouette des plus atypiques.<\/p>\n<p><strong>Les asiatiques en Force<\/strong><br \/>\n<img decoding=\"async\" src=\"\/blog\/public\/.hyundai-i30-cw-familiale-diesel_m.jpg\" alt=\"hyundai-i30-cw-familiale-diesel.jpg\" title=\"hyundai-i30-cw-familiale-diesel.jpg, janv. 2013\" \/><\/p>\n<blockquote>\n<p><strong><a href=\"\/blog\/index.php?tag\/Hyundai%20i30%20CW\">Hyundai i30 CW<\/a><\/strong><\/p>\n<\/blockquote>\n<p>Les constructeur cor\u00e9ens tout d'abord, avec les Hyundai i30 CW et Kia cee'd SW qui proposent tous deux une seconde g\u00e9n\u00e9ration avec un volume de chargement record de plus de 1640 litres.<br \/>\nLes constructeurs japonais passent, eux, \u00e0 l'offensive. La Toyota Auris Sport Tourer jouera la carte de l'hybridation. La Honda Civic sera tr\u00e8s prochainement d\u00e9clin\u00e9e sous la forme d'un break. Enfin , Mazda qui pousse sur le march\u00e9 fran\u00e7ais son break familial \"6\" adoptera la m\u00ea stragt\u00e9gie avec sa compacte \"3\".<br \/>\n<img decoding=\"async\" src=\"\/blog\/public\/.kia-ceed-SW-2_m.jpg\" alt=\"kia-ceed-SW-2.JPG\" title=\"kia-ceed-SW-2.JPG, janv. 2013\" \/><\/p>\n<blockquote>\n<p><strong> <a href=\"\/blog\/index.php?tag\/Kia%20cee%20d%20SW\">Kia cee'd SW<\/a><\/strong><\/p>\n<\/blockquote>\n<p>\n<strong>Le retour de Citro\u00ebn<\/strong><br \/>\n<img decoding=\"async\" src=\"\/blog\/public\/.c4-tourer_m.jpg\" alt=\"c4-tourer.jpg\" title=\"c4-tourer.jpg, janv. 2013\" \/><\/p>\n<blockquote>\n<p><strong><a href=\"\/blog\/index.php?tag\/C4%20Tourer\">C4 Tourer<\/a><\/strong><\/p>\n<\/blockquote>\n<p>Commercialisation automne 2013<br \/>\n-2 moteurs essence de 120 et 156 ch<br \/>\n-2 moteurs diesels de 110 et 150 ch<br \/>\n-A partir de 19 000\u20ac ( estimation )<br \/>\n<strong>Regain<\/strong>&nbsp;: Depuis la Xsara, Citro\u00ebn n'avait plus propos\u00e9 de break compact. La Tourer mariera dynamisme et contenance \u00e0 un prix plus abordable que celui du monospace <a href=\"\/blog\/index.php?tag\/C4%20Picasso\">C4 Picasso<\/a>.<\/p>\n<p>Citro\u00ebn sait parfaitement concevoir des break \u00e9l\u00e9gants et de bonne contenance, \u00e0 l'image de la <a href=\"\/blog\/index.php?tag\/C5%20Tourer\">C5 Tourer<\/a>, mais ne l'a pas encore fait avec la C4, il faudra attendre automne 2013. D'un format de 5,50 m\u00e8tre environ, il devrait s'aligner sur les standards du segment avec une capacit\u00e9 d'emport filtrant avec les 1500 litres en configuration deux places. Elle s'incrira dans la logique d'extension de la famille C4, comme le t\u00e9moigne le nouveau v\u00e9hicule de loisirs <a href=\"\/blog\/index.php?tag\/C4%20AirCross\">C4 AirCross<\/a>, mais cette fois \u00e0 un tarif bien plus attractif pour les familles.<\/p>\n<p>\/ breaks compacts <\/p>\n","protected":false},"excerpt":{"rendered":"<p>T&rsquo;as le look Oubliez la peu gracieuse Golf VI SW, la Golf VII break sera aussi belle que logeable. VOLKSWAGEN GOLF SW commercialisation en septembre 2013 -Moteur \u00e0 essence de 105 a 180 ch -Moteur diesels de 90 a 184 ch -A partir de 19 500\u20ac ( estimation ) Le march\u00e9 du break compact se &#8230; <a title=\"LE RETOUR DES BREAKS COMPACTS\" class=\"read-more\" href=\"https:\/\/www.carideal.com\/blog\/2013\/01\/10\/le-retour-des-breaks-compacts\/\" aria-label=\"En savoir plus sur LE RETOUR DES BREAKS COMPACTS\">Lire plus<\/a><\/p>\n","protected":false},"author":1,"featured_media":0,"comment_status":"open","ping_status":"open","sticky":false,"template":"","format":"standard","meta":{"_uag_custom_page_level_css":"","_themeisle_gutenberg_block_has_review":false,"footnotes":""},"categories":[10],"tags":[],"class_list":["post-1261","post","type-post","status-publish","format-standard","hentry","category-marche-automobile-voiture-neuve-occasion-4x4-suv"],"wppr_data":[],"yoast_head":"<!-- This site is optimized with the Yoast SEO plugin v24.8.1 - https:\/\/yoast.com\/wordpress\/plugins\/seo\/ -->\n<title>LE RETOUR DES BREAKS COMPACTS - Blog auto Carid\u00e9al<\/title>\n<meta name=\"robots\" content=\"index, follow, max-snippet:-1, max-image-preview:large, max-video-preview:-1\" \/>\n<link rel=\"canonical\" href=\"https:\/\/www.carideal.com\/blog\/2013\/01\/10\/le-retour-des-breaks-compacts\/\" \/>\n<meta property=\"og:locale\" content=\"fr_FR\" \/>\n<meta property=\"og:type\" content=\"article\" \/>\n<meta property=\"og:title\" content=\"LE RETOUR DES BREAKS COMPACTS - Blog auto Carid\u00e9al\" \/>\n<meta property=\"og:description\" content=\"T&#039;as le look Oubliez la peu gracieuse Golf VI SW, la Golf VII break sera aussi belle que logeable. VOLKSWAGEN GOLF SW commercialisation en septembre 2013 -Moteur \u00e0 essence de 105 a 180 ch -Moteur diesels de 90 a 184 ch -A partir de 19 500\u20ac ( estimation ) Le march\u00e9 du break compact se ... Lire plus\" \/>\n<meta property=\"og:url\" content=\"https:\/\/www.carideal.com\/blog\/2013\/01\/10\/le-retour-des-breaks-compacts\/\" \/>\n<meta property=\"og:site_name\" content=\"Blog auto Carid\u00e9al\" \/>\n<meta property=\"article:publisher\" content=\"https:\/\/www.facebook.com\/Carideal.mandataire.automobile\" \/>\n<meta property=\"article:author\" content=\"https:\/\/www.facebook.com\/Carideal.mandataire.automobile\/\" \/>\n<meta property=\"article:published_time\" content=\"2013-01-10T12:57:00+00:00\" \/>\n<meta property=\"article:modified_time\" content=\"2020-03-07T21:40:06+00:00\" \/>\n<meta property=\"og:image\" content=\"https:\/\/www.carideal.com\/blog\/wp-content\/uploads\/2016\/03\/logo-carideal-mandataire-automobile.png\" \/>\n\t<meta property=\"og:image:width\" content=\"300\" \/>\n\t<meta property=\"og:image:height\" content=\"300\" \/>\n\t<meta property=\"og:image:type\" content=\"image\/png\" \/>\n<meta name=\"author\" content=\"N.S Carideal\" \/>\n<meta name=\"twitter:card\" content=\"summary_large_image\" \/>\n<meta name=\"twitter:creator\" content=\"@caridealauto\" \/>\n<meta name=\"twitter:site\" content=\"@caridealauto\" \/>\n<meta name=\"twitter:label1\" content=\"\u00c9crit par\" \/>\n\t<meta name=\"twitter:data1\" content=\"N.S Carideal\" \/>\n\t<meta name=\"twitter:label2\" content=\"Dur\u00e9e de lecture estim\u00e9e\" \/>\n\t<meta name=\"twitter:data2\" content=\"4 minutes\" \/>\n<script type=\"application\/ld+json\" class=\"yoast-schema-graph\">{\"@context\":\"https:\/\/schema.org\",\"@graph\":[{\"@type\":\"Article\",\"@id\":\"https:\/\/www.carideal.com\/blog\/2013\/01\/10\/le-retour-des-breaks-compacts\/#article\",\"isPartOf\":{\"@id\":\"https:\/\/www.carideal.com\/blog\/2013\/01\/10\/le-retour-des-breaks-compacts\/\"},\"author\":{\"name\":\"N.S Carideal\",\"@id\":\"https:\/\/www.carideal.com\/blog\/#\/schema\/person\/985c7e757d1042d647f21bfaf8d41ebc\"},\"headline\":\"LE RETOUR DES BREAKS COMPACTS\",\"datePublished\":\"2013-01-10T12:57:00+00:00\",\"dateModified\":\"2020-03-07T21:40:06+00:00\",\"mainEntityOfPage\":{\"@id\":\"https:\/\/www.carideal.com\/blog\/2013\/01\/10\/le-retour-des-breaks-compacts\/\"},\"wordCount\":748,\"commentCount\":0,\"publisher\":{\"@id\":\"https:\/\/www.carideal.com\/blog\/#organization\"},\"articleSection\":[\"March\u00e9 automobile\"],\"inLanguage\":\"fr-FR\",\"potentialAction\":[{\"@type\":\"CommentAction\",\"name\":\"Comment\",\"target\":[\"https:\/\/www.carideal.com\/blog\/2013\/01\/10\/le-retour-des-breaks-compacts\/#respond\"]}]},{\"@type\":\"WebPage\",\"@id\":\"https:\/\/www.carideal.com\/blog\/2013\/01\/10\/le-retour-des-breaks-compacts\/\",\"url\":\"https:\/\/www.carideal.com\/blog\/2013\/01\/10\/le-retour-des-breaks-compacts\/\",\"name\":\"LE RETOUR DES BREAKS COMPACTS - Blog auto Carid\u00e9al\",\"isPartOf\":{\"@id\":\"https:\/\/www.carideal.com\/blog\/#website\"},\"datePublished\":\"2013-01-10T12:57:00+00:00\",\"dateModified\":\"2020-03-07T21:40:06+00:00\",\"breadcrumb\":{\"@id\":\"https:\/\/www.carideal.com\/blog\/2013\/01\/10\/le-retour-des-breaks-compacts\/#breadcrumb\"},\"inLanguage\":\"fr-FR\",\"potentialAction\":[{\"@type\":\"ReadAction\",\"target\":[\"https:\/\/www.carideal.com\/blog\/2013\/01\/10\/le-retour-des-breaks-compacts\/\"]}]},{\"@type\":\"BreadcrumbList\",\"@id\":\"https:\/\/www.carideal.com\/blog\/2013\/01\/10\/le-retour-des-breaks-compacts\/#breadcrumb\",\"itemListElement\":[{\"@type\":\"ListItem\",\"position\":1,\"name\":\"Blog Carid\u00e9al\",\"item\":\"https:\/\/www.carideal.com\/blog\/\"},{\"@type\":\"ListItem\",\"position\":2,\"name\":\"March\u00e9 automobile\",\"item\":\"https:\/\/www.carideal.com\/blog\/marche-automobile-voiture-neuve-occasion-4x4-suv\/\"},{\"@type\":\"ListItem\",\"position\":3,\"name\":\"LE RETOUR DES BREAKS COMPACTS\"}]},{\"@type\":\"WebSite\",\"@id\":\"https:\/\/www.carideal.com\/blog\/#website\",\"url\":\"https:\/\/www.carideal.com\/blog\/\",\"name\":\"Blog auto Carid\u00e9al\",\"description\":\"Actualit\u00e9 auto par des passionn\u00e9s\",\"publisher\":{\"@id\":\"https:\/\/www.carideal.com\/blog\/#organization\"},\"potentialAction\":[{\"@type\":\"SearchAction\",\"target\":{\"@type\":\"EntryPoint\",\"urlTemplate\":\"https:\/\/www.carideal.com\/blog\/?s={search_term_string}\"},\"query-input\":{\"@type\":\"PropertyValueSpecification\",\"valueRequired\":true,\"valueName\":\"search_term_string\"}}],\"inLanguage\":\"fr-FR\"},{\"@type\":\"Organization\",\"@id\":\"https:\/\/www.carideal.com\/blog\/#organization\",\"name\":\"Carideal\",\"url\":\"https:\/\/www.carideal.com\/blog\/\",\"logo\":{\"@type\":\"ImageObject\",\"inLanguage\":\"fr-FR\",\"@id\":\"https:\/\/www.carideal.com\/blog\/#\/schema\/logo\/image\/\",\"url\":\"http:\/\/www.carideal.com\/blog\/wp-content\/uploads\/2016\/03\/logo-carideal-mandataire-automobile.png\",\"contentUrl\":\"http:\/\/www.carideal.com\/blog\/wp-content\/uploads\/2016\/03\/logo-carideal-mandataire-automobile.png\",\"width\":300,\"height\":300,\"caption\":\"Carideal\"},\"image\":{\"@id\":\"https:\/\/www.carideal.com\/blog\/#\/schema\/logo\/image\/\"},\"sameAs\":[\"https:\/\/www.facebook.com\/Carideal.mandataire.automobile\",\"https:\/\/x.com\/caridealauto\",\"https:\/\/www.instagram.com\/carideal1\/\",\"https:\/\/www.linkedin.com\/company\/carideal.com\",\"https:\/\/fr.pinterest.com\/schiavonsas\/\",\"https:\/\/www.youtube.com\/user\/caridealsas\"]},{\"@type\":\"Person\",\"@id\":\"https:\/\/www.carideal.com\/blog\/#\/schema\/person\/985c7e757d1042d647f21bfaf8d41ebc\",\"name\":\"N.S Carideal\",\"image\":{\"@type\":\"ImageObject\",\"inLanguage\":\"fr-FR\",\"@id\":\"https:\/\/www.carideal.com\/blog\/#\/schema\/person\/image\/\",\"url\":\"https:\/\/secure.gravatar.com\/avatar\/edb7ccdf1a4e3d14aef967760d354d0e?s=96&r=g\",\"contentUrl\":\"https:\/\/secure.gravatar.com\/avatar\/edb7ccdf1a4e3d14aef967760d354d0e?s=96&r=g\",\"caption\":\"N.S Carideal\"},\"description\":\"Depuis tout petit fan d'automobile. Il est question d'essayer et de comparer toutes ces voitures qui nous ont fait r\u00e9ver, avant que celles-ci ne devient uniquement des voitures de collection.\",\"sameAs\":[\"http:\/\/www.carideal.com\/blog\",\"https:\/\/www.facebook.com\/Carideal.mandataire.automobile\/\",\"https:\/\/www.linkedin.com\/in\/nschiavon\/\",\"https:\/\/www.youtube.com\/user\/caridealsas\/\"],\"url\":\"https:\/\/www.carideal.com\/blog\/author\/admin_carideal\/\"}]}<\/script>\n<!-- \/ Yoast SEO plugin. -->","yoast_head_json":{"title":"LE RETOUR DES BREAKS COMPACTS - Blog auto Carid\u00e9al","robots":{"index":"index","follow":"follow","max-snippet":"max-snippet:-1","max-image-preview":"max-image-preview:large","max-video-preview":"max-video-preview:-1"},"canonical":"https:\/\/www.carideal.com\/blog\/2013\/01\/10\/le-retour-des-breaks-compacts\/","og_locale":"fr_FR","og_type":"article","og_title":"LE RETOUR DES BREAKS COMPACTS - Blog auto Carid\u00e9al","og_description":"T'as le look Oubliez la peu gracieuse Golf VI SW, la Golf VII break sera aussi belle que logeable. VOLKSWAGEN GOLF SW commercialisation en septembre 2013 -Moteur \u00e0 essence de 105 a 180 ch -Moteur diesels de 90 a 184 ch -A partir de 19 500\u20ac ( estimation ) Le march\u00e9 du break compact se ... Lire plus","og_url":"https:\/\/www.carideal.com\/blog\/2013\/01\/10\/le-retour-des-breaks-compacts\/","og_site_name":"Blog auto Carid\u00e9al","article_publisher":"https:\/\/www.facebook.com\/Carideal.mandataire.automobile","article_author":"https:\/\/www.facebook.com\/Carideal.mandataire.automobile\/","article_published_time":"2013-01-10T12:57:00+00:00","article_modified_time":"2020-03-07T21:40:06+00:00","og_image":[{"width":300,"height":300,"url":"https:\/\/www.carideal.com\/blog\/wp-content\/uploads\/2016\/03\/logo-carideal-mandataire-automobile.png","type":"image\/png"}],"author":"N.S Carideal","twitter_card":"summary_large_image","twitter_creator":"@caridealauto","twitter_site":"@caridealauto","twitter_misc":{"\u00c9crit par":"N.S Carideal","Dur\u00e9e de lecture estim\u00e9e":"4 minutes"},"schema":{"@context":"https:\/\/schema.org","@graph":[{"@type":"Article","@id":"https:\/\/www.carideal.com\/blog\/2013\/01\/10\/le-retour-des-breaks-compacts\/#article","isPartOf":{"@id":"https:\/\/www.carideal.com\/blog\/2013\/01\/10\/le-retour-des-breaks-compacts\/"},"author":{"name":"N.S Carideal","@id":"https:\/\/www.carideal.com\/blog\/#\/schema\/person\/985c7e757d1042d647f21bfaf8d41ebc"},"headline":"LE RETOUR DES BREAKS COMPACTS","datePublished":"2013-01-10T12:57:00+00:00","dateModified":"2020-03-07T21:40:06+00:00","mainEntityOfPage":{"@id":"https:\/\/www.carideal.com\/blog\/2013\/01\/10\/le-retour-des-breaks-compacts\/"},"wordCount":748,"commentCount":0,"publisher":{"@id":"https:\/\/www.carideal.com\/blog\/#organization"},"articleSection":["March\u00e9 automobile"],"inLanguage":"fr-FR","potentialAction":[{"@type":"CommentAction","name":"Comment","target":["https:\/\/www.carideal.com\/blog\/2013\/01\/10\/le-retour-des-breaks-compacts\/#respond"]}]},{"@type":"WebPage","@id":"https:\/\/www.carideal.com\/blog\/2013\/01\/10\/le-retour-des-breaks-compacts\/","url":"https:\/\/www.carideal.com\/blog\/2013\/01\/10\/le-retour-des-breaks-compacts\/","name":"LE RETOUR DES BREAKS COMPACTS - Blog auto Carid\u00e9al","isPartOf":{"@id":"https:\/\/www.carideal.com\/blog\/#website"},"datePublished":"2013-01-10T12:57:00+00:00","dateModified":"2020-03-07T21:40:06+00:00","breadcrumb":{"@id":"https:\/\/www.carideal.com\/blog\/2013\/01\/10\/le-retour-des-breaks-compacts\/#breadcrumb"},"inLanguage":"fr-FR","potentialAction":[{"@type":"ReadAction","target":["https:\/\/www.carideal.com\/blog\/2013\/01\/10\/le-retour-des-breaks-compacts\/"]}]},{"@type":"BreadcrumbList","@id":"https:\/\/www.carideal.com\/blog\/2013\/01\/10\/le-retour-des-breaks-compacts\/#breadcrumb","itemListElement":[{"@type":"ListItem","position":1,"name":"Blog Carid\u00e9al","item":"https:\/\/www.carideal.com\/blog\/"},{"@type":"ListItem","position":2,"name":"March\u00e9 automobile","item":"https:\/\/www.carideal.com\/blog\/marche-automobile-voiture-neuve-occasion-4x4-suv\/"},{"@type":"ListItem","position":3,"name":"LE RETOUR DES BREAKS COMPACTS"}]},{"@type":"WebSite","@id":"https:\/\/www.carideal.com\/blog\/#website","url":"https:\/\/www.carideal.com\/blog\/","name":"Blog auto Carid\u00e9al","description":"Actualit\u00e9 auto par des passionn\u00e9s","publisher":{"@id":"https:\/\/www.carideal.com\/blog\/#organization"},"potentialAction":[{"@type":"SearchAction","target":{"@type":"EntryPoint","urlTemplate":"https:\/\/www.carideal.com\/blog\/?s={search_term_string}"},"query-input":{"@type":"PropertyValueSpecification","valueRequired":true,"valueName":"search_term_string"}}],"inLanguage":"fr-FR"},{"@type":"Organization","@id":"https:\/\/www.carideal.com\/blog\/#organization","name":"Carideal","url":"https:\/\/www.carideal.com\/blog\/","logo":{"@type":"ImageObject","inLanguage":"fr-FR","@id":"https:\/\/www.carideal.com\/blog\/#\/schema\/logo\/image\/","url":"http:\/\/www.carideal.com\/blog\/wp-content\/uploads\/2016\/03\/logo-carideal-mandataire-automobile.png","contentUrl":"http:\/\/www.carideal.com\/blog\/wp-content\/uploads\/2016\/03\/logo-carideal-mandataire-automobile.png","width":300,"height":300,"caption":"Carideal"},"image":{"@id":"https:\/\/www.carideal.com\/blog\/#\/schema\/logo\/image\/"},"sameAs":["https:\/\/www.facebook.com\/Carideal.mandataire.automobile","https:\/\/x.com\/caridealauto","https:\/\/www.instagram.com\/carideal1\/","https:\/\/www.linkedin.com\/company\/carideal.com","https:\/\/fr.pinterest.com\/schiavonsas\/","https:\/\/www.youtube.com\/user\/caridealsas"]},{"@type":"Person","@id":"https:\/\/www.carideal.com\/blog\/#\/schema\/person\/985c7e757d1042d647f21bfaf8d41ebc","name":"N.S Carideal","image":{"@type":"ImageObject","inLanguage":"fr-FR","@id":"https:\/\/www.carideal.com\/blog\/#\/schema\/person\/image\/","url":"https:\/\/secure.gravatar.com\/avatar\/edb7ccdf1a4e3d14aef967760d354d0e?s=96&r=g","contentUrl":"https:\/\/secure.gravatar.com\/avatar\/edb7ccdf1a4e3d14aef967760d354d0e?s=96&r=g","caption":"N.S Carideal"},"description":"Depuis tout petit fan d'automobile. Il est question d'essayer et de comparer toutes ces voitures qui nous ont fait r\u00e9ver, avant que celles-ci ne devient uniquement des voitures de collection.","sameAs":["http:\/\/www.carideal.com\/blog","https:\/\/www.facebook.com\/Carideal.mandataire.automobile\/","https:\/\/www.linkedin.com\/in\/nschiavon\/","https:\/\/www.youtube.com\/user\/caridealsas\/"],"url":"https:\/\/www.carideal.com\/blog\/author\/admin_carideal\/"}]}},"uagb_featured_image_src":{"full":false,"thumbnail":false,"medium":false,"medium_large":false,"large":false,"1536x1536":false,"2048x2048":false,"wppr-widget":false},"uagb_author_info":{"display_name":"N.S Carideal","author_link":"https:\/\/www.carideal.com\/blog\/author\/admin_carideal\/"},"uagb_comment_info":0,"uagb_excerpt":"T'as le look Oubliez la peu gracieuse Golf VI SW, la Golf VII break sera aussi belle que logeable. VOLKSWAGEN GOLF SW commercialisation en septembre 2013 -Moteur \u00e0 essence de 105 a 180 ch -Moteur diesels de 90 a 184 ch -A partir de 19 500\u20ac ( estimation ) Le march\u00e9 du break compact se\u2026","_links":{"self":[{"href":"https:\/\/www.carideal.com\/blog\/wp-json\/wp\/v2\/posts\/1261"}],"collection":[{"href":"https:\/\/www.carideal.com\/blog\/wp-json\/wp\/v2\/posts"}],"about":[{"href":"https:\/\/www.carideal.com\/blog\/wp-json\/wp\/v2\/types\/post"}],"author":[{"embeddable":true,"href":"https:\/\/www.carideal.com\/blog\/wp-json\/wp\/v2\/users\/1"}],"replies":[{"embeddable":true,"href":"https:\/\/www.carideal.com\/blog\/wp-json\/wp\/v2\/comments?post=1261"}],"version-history":[{"count":0,"href":"https:\/\/www.carideal.com\/blog\/wp-json\/wp\/v2\/posts\/1261\/revisions"}],"wp:attachment":[{"href":"https:\/\/www.carideal.com\/blog\/wp-json\/wp\/v2\/media?parent=1261"}],"wp:term":[{"taxonomy":"category","embeddable":true,"href":"https:\/\/www.carideal.com\/blog\/wp-json\/wp\/v2\/categories?post=1261"},{"taxonomy":"post_tag","embeddable":true,"href":"https:\/\/www.carideal.com\/blog\/wp-json\/wp\/v2\/tags?post=1261"}],"curies":[{"name":"wp","href":"https:\/\/api.w.org\/{rel}","templated":true}]}}