{"id":12602,"date":"2013-09-14T09:55:17","date_gmt":"2013-09-14T07:55:17","guid":{"rendered":"http:\/\/www.carideal.com\/blog\/?p=12602"},"modified":"2017-03-11T15:18:12","modified_gmt":"2017-03-11T14:18:12","slug":"recuperation-de-tva-voiture","status":"publish","type":"post","link":"https:\/\/www.carideal.com\/blog\/2013\/09\/14\/recuperation-de-tva-voiture\/","title":{"rendered":"R\u00e9cup\u00e9ration de TVA voiture d\u00e9riv VP et Camionnette"},"content":{"rendered":"<h1><strong>R\u00e9cup\u00e9ration de TVA voiture d\u00e9riv VP et Camionnette\u00a0<\/strong><\/h1>\n<figure id=\"attachment_12603\" aria-describedby=\"caption-attachment-12603\" style=\"width: 202px\" class=\"wp-caption alignleft\"><a href=\"http:\/\/www.carideal.com\/blog\/wp-content\/uploads\/2016\/10\/recuperation-tva-carte-grise-derivp-ctte-schiavon-citroen-chambery.jpg\"><img loading=\"lazy\" decoding=\"async\" class=\"wp-image-12603 size-medium\" title=\"R\u00e9cup\u00e9ration de TVA On voit ici clairement que la case J.3 mentionne bien DERIV VP et que la case J.1 CTTE autrement dit camionnette\" src=\"http:\/\/www.carideal.com\/blog\/wp-content\/uploads\/2016\/10\/recuperation-tva-carte-grise-derivp-ctte-schiavon-citroen-chambery-212x300.jpg\" alt=\"R\u00e9cup\u00e9ration de TVA On voit ici clairement que la case J.3 mentionne bien DERIV VP et que la case J.1 CTTE autrement dit camionnette\" width=\"212\" height=\"300\" srcset=\"https:\/\/www.carideal.com\/blog\/wp-content\/uploads\/2016\/10\/recuperation-tva-carte-grise-derivp-ctte-schiavon-citroen-chambery-212x300.jpg 212w, https:\/\/www.carideal.com\/blog\/wp-content\/uploads\/2016\/10\/recuperation-tva-carte-grise-derivp-ctte-schiavon-citroen-chambery.jpg 566w\" sizes=\"(max-width: 212px) 100vw, 212px\" \/><\/a><figcaption id=\"caption-attachment-12603\" class=\"wp-caption-text\">R\u00e9cup\u00e9ration de TVA : On voit ici clairement que la case J.3 mentionne bien DERIV VP et que la case J.1 CTTE autrement dit camionnette<\/figcaption><\/figure>\n<p><strong>R\u00e9cup\u00e9ration de TVA<\/strong> : On peut lire sur le web depuis quelques mois un peu tout et n'importe quoi au sujet de la fiscalit\u00e9 des voitures de soci\u00e9t\u00e9, d'entreprise et bien entendu le cas des DERIV VP et Camionnette CTTE. C'est vrai que ce n'est pas forc\u00e9ment simple et nos lois sont compliqu\u00e9es pour la r\u00e9cup\u00e9ration de TVA sur les voitures de soci\u00e9t\u00e9.<\/p>\n<p>Il nous arrive de vendre \u00e0 nos clients soci\u00e9t\u00e9 des voitures particuli\u00e8res (VP) que l'on transforme ensuite, gr\u00e2ce \u00e0 un kit via une soci\u00e9t\u00e9 qui a re\u00e7u pour cela un agr\u00e9ment, en deux places seulement (<strong>DERIV VP<\/strong>), elle prend alors le TITRE de Camionnette (<strong>CTTE<\/strong>) et profite ainsi des avantage fiscaux pour les voitures utilitaires, pour la r\u00e9cup\u00e9ration de TVA, exon\u00e9ration de TVS, exon\u00e9ration de tout ou partit de la TVA sur le gazole....<\/p>\n<p>Alors quand un expert comptable nous dit ceci (ce n'est pas la premi\u00e8re fois) \" <em>Ci-joint la documentation relatif \u00e0 la d\u00e9cision de la cour administrative du 28\/03\/2012. Je te confirme qu'il faut imp\u00e9rativement qu'en case J3 de la carte grise la mention VU doit apparaitre et surtout pas deriv VP. Lors de la transformation du v\u00e9hicule, les accroches des si\u00e8ges arri\u00e8res doivent \u00eatre boulonn\u00e9s et soud\u00e9s pour ne plus pouvoir par la suite transformer de nouveau le v\u00e9hicule en VP.<\/em>\"<\/p>\n<p>Et que son seul argumentaire est <strong>le texte archi faux<\/strong> d'un blog qu'il a trouv\u00e9 sur la toile et le salari\u00e9 du cabinet comptable pr\u00e9cise m\u00eame qu'il faut que ce soit soud\u00e9 !!! <a title=\"Recup\u00e9ration de la TVA sur les DERIV VP\" href=\"http:\/\/lepointfiscal.wordpress.com\/2013\/01\/30\/92\/\" target=\"_blank\">http:\/\/lepointfiscal.wordpress.com\/2013\/01\/30\/92\/<\/a><\/p>\n<p>Bien entendu cet article extrapole des d\u00e9cisions de justice sur la r\u00e9cup\u00e9ration de TVA sans donner lecture des copies des arr\u00eats, on n'a donc pas connaissance des cas pr\u00e9cis.<\/p>\n<p>Je suis quand m\u00eame interloqu\u00e9 que des personnes travaillant au sein de cabinets d'expertises comptables puissent tirer une loi fiscale de la lecture d'un BLOG, sans m\u00eame savoir ce qu'il en retourne ou conna\u00eetre le cadre juridique.<\/p>\n<h2>BIEN ENTENDU UN DERIV VP EST UNE CAMIONNETTE et ouvre droit \u00e0 la r\u00e9cup\u00e9ration de TVA et aux abattements fiscaux !<\/h2>\n<figure id=\"attachment_12604\" aria-describedby=\"caption-attachment-12604\" style=\"width: 202px\" class=\"wp-caption alignleft\"><a href=\"http:\/\/www.carideal.com\/blog\/wp-content\/uploads\/2016\/10\/recuperation-tva-carte-grise-derivp-ctte-schiavon-citroen-chambery-2.jpg\"><img loading=\"lazy\" decoding=\"async\" class=\"wp-image-12604 size-medium\" title=\"Proces verbal de r\u00e9ception \u00e0 Titre isol\u00e9 d\u2019une transformation de voiture particuli\u00e8re en camionnette VVC\" src=\"http:\/\/www.carideal.com\/blog\/wp-content\/uploads\/2016\/10\/recuperation-tva-carte-grise-derivp-ctte-schiavon-citroen-chambery-2-212x300.jpg\" alt=\"Proces verbal de r\u00e9ception \u00e0 Titre isol\u00e9 d\u2019une transformation de voiture particuli\u00e8re en camionnette VVC\" width=\"212\" height=\"300\" srcset=\"https:\/\/www.carideal.com\/blog\/wp-content\/uploads\/2016\/10\/recuperation-tva-carte-grise-derivp-ctte-schiavon-citroen-chambery-2-212x300.jpg 212w, https:\/\/www.carideal.com\/blog\/wp-content\/uploads\/2016\/10\/recuperation-tva-carte-grise-derivp-ctte-schiavon-citroen-chambery-2.jpg 564w\" sizes=\"(max-width: 212px) 100vw, 212px\" \/><\/a><figcaption id=\"caption-attachment-12604\" class=\"wp-caption-text\">Proces verbal de r\u00e9ception \u00e0 Titre isol\u00e9 d\u2019une transformation de voiture particuli\u00e8re en camionnette VVC<\/figcaption><\/figure>\n<p>Sur la carte grise de cette Citroen C5 Tourer que nous avons transform\u00e9e pour une entreprise appara\u00eet clairement <strong>CTTE<\/strong> et <strong>DERIV VP<\/strong>.<\/p>\n<p><strong>A titre d'information toutes les voitures de soci\u00e9t\u00e9 neuves vendues en tant que tel par les constructeurs, C3 entreprise, C4 entreprise, 208, 308, M\u00e9gane etc sont toutes mentionn\u00e9es DERIV VP. Cela ferait rire plus d'un gestionnaires de la SNCF, Bouygues, EDF etc. qui en poss\u00e8de des milliers, si un jeune dipl\u00f4m\u00e9 d'un cabinet comptable venait lui expliquer qu'il ne pouvait plus r\u00e9cup\u00e9rer la TVA sur ce type de voiture, on lui demanderait surement de se d\u00e9tendre, de s'asseoir et de boire frais....<\/strong><\/p>\n<p>Il se peut aussi que ces r\u00e9dacteurs de blog qui ne sont certainement pas des sp\u00e9cialistes de la <strong>fiscalit\u00e9 automobile<\/strong>, n'ai pas compris la teneur de certains textes.<\/p>\n<p>Ainsi peut \u00eatre que le r\u00e9dacteur de ce blog a mal interpr\u00e9t\u00e9 des actions visant les cat\u00e9gories suivantes.<\/p>\n<h2>Certaines cat\u00e9gories d'utilitaire de luxe ne sont pas exon\u00e9r\u00e9es<\/h2>\n<p>Ainsi par exemple, le gouvernement refuse de reconna\u00eetre le caract\u00e8re UTILITAIRE, fiscalement parlant, des <strong>PICK-UP \u00e0 cabine approfondie<\/strong>, (<strong>5 places<\/strong>) ben que mentionn\u00e9s DERIV VP. Il fut un temps ou ceux-ci \u00e9taient \u00e0 la mode. Pour ceux-ci il n'est donc pas question de r\u00e9cup\u00e9ration de TVA.<\/p>\n<p>Il y a quelques mois le gouvernement fran\u00e7ais a abrog\u00e9 la <strong>cat\u00e9gorie N1<\/strong> qui avait promulgu\u00e9 par un arr\u00eat\u00e9 du 4 mai 2009 en application d'une d<strong>irective Europ\u00e9enne 2007\/46\/CE<\/strong> du 5 septembre 2007. Cette cat\u00e9gorie permettait aux constructeur automobiles d'homologuer des voitures \u00e0 5 places en cat\u00e9gorie N1 qui revenait grosso modo aux m\u00eames avantages que les DERIV VP.<\/p>\n<p>Bien entendu le gouvernement a supprim\u00e9, ill\u00e9galement, cette cat\u00e9gorie N1 an et demi apr\u00e8s sa mise en application, car \u00e9norm\u00e9ment d'entreprises se sont ru\u00e9es \u00e0 acheter des gros 4x4 fort chers et que le <strong>manque \u00e0 gagner fiscal en terme de TVA et TVS \u00e9tait insupportable<\/strong>, s'asseyant par la m\u00eame sur la r\u00e9glementation europ\u00e9enne. <strong>La France refuse de consid\u00e9rer les voitures comme un outil de travail, et donc pas de r\u00e9cup\u00e9ration de TVA.<\/strong><\/p>\n<h2>R\u00e9cup\u00e9ration de TVA sur le carburant pour les voitures de soci\u00e9t\u00e9<\/h2>\n<p>La TVA sur les carburants n\u2019\u00e9tait\u00a0d\u00e9ductible jusqu'\u00e0 maintenant que pour les v\u00e9hicules diesel roulant au gazole :<\/p>\n<p>Les v\u00e9hicules de tourisme pouvant la r\u00e9cup\u00e9rer \u00e0 80 %, les v\u00e9hicules utilitaires, eux pouvant r\u00e9cup\u00e9rer 100 % de la TVA sur le Gazole.<br \/>\nMais il y avait une incoh\u00e9rence entre favoriser fiscalement le gazole avec cette possibilit\u00e9 de r\u00e9cup\u00e9rer la TVA uniquement sur les v\u00e9hicules diesels, et la volont\u00e9 de promouvoir les v\u00e9hicules essences et d'en finir avec l'\u00e9g\u00e9monie du diesel.<\/p>\n<p>Les politiques ont enfin vot\u00e9s pour la mise \u00e0 niveau des deux fiscalit\u00e9s. Les entreprises pourront aussi <strong>r\u00e9cup\u00e9rer la TVA sur l'essence<\/strong>. Certains parlent d'avantage fiscal, je pense simplement qu'il est normal de pouvoir r\u00e9cup\u00e9rer la TVA sur son outil de travail.<\/p>\n<p>En effet, les d\u00e9put\u00e9s ont ainsi vot\u00e9 le 21 octobre dernier, dans le cadre du projet de loi de finances 2017, un amendement permettant d\u2019aligner la\u00a0fiscalit\u00e9\u00a0sur les carburants en rendant progressivement d\u00e9ductible la TVA sur l\u2019essence \u00e0 m\u00eame hauteur que celle sur le gazole (les directives europ\u00e9ennes emp\u00eachant de rendre non d\u00e9ductible la TVA sur le diesel).<\/p>\n<p>Enfin, quand on regarde le calendrier de mise en place, on se dit qu'ils ne sont pas press\u00e9s de nous la rembourser la TVA ! \ud83d\ude09<\/p>\n<p>&nbsp;<\/p>\n<table style=\"border-collapse: collapse; border-spacing: 0; border-color: #999; table-layout: fixed; width: 690px;\">\n<colgroup>\n<col style=\"width: 140px;\" \/>\n<col style=\"width: 170px;\" \/>\n<col style=\"width: 120px;\" \/>\n<col style=\"width: 130px;\" \/>\n<col style=\"width: 130px;\" \/><\/colgroup>\n<tbody>\n<tr>\n<th style=\"font-family: Arial, sans-serif; font-size: 18px; font-weight: bold; padding: 14px 14px; overflow: hidden; word-break: normal; color: #fff; background-color: #16b84e; text-align: center; vertical-align: top; border: 1px solid #999;\" colspan=\"5\">R\u00e9cup\u00e9ration de la TVA<\/th>\n<\/tr>\n<tr>\n<td style=\"font-family: Arial, sans-serif; font-size: 14px; padding: 14px 14px; overflow: hidden; word-break: normal; color: #444; background-color: #e0ffeb; text-align: center; vertical-align: top; border: 1px solid #999;\"><\/td>\n<td style=\"font-family: Arial, sans-serif; font-size: 100%; padding: 14px 14px; overflow: hidden; word-break: normal; color: #444; background-color: #e0ffeb; font-weight: bold; text-align: center; vertical-align: top; border: 1px solid #999;\">Essence<\/td>\n<td style=\"font-family: Arial, sans-serif; font-size: 14px; padding: 14px 14px; overflow: hidden; word-break: normal; color: #444; background-color: #e0ffeb; font-weight: bold; text-align: center; vertical-align: top; border: 1px solid #999;\">Gazole<\/td>\n<td style=\"font-family: Arial, sans-serif; font-size: 14px; padding: 14px 14px; overflow: hidden; word-break: normal; color: #444; background-color: #e0ffeb; font-weight: bold; text-align: center; vertical-align: top; border: 1px solid #999;\">Super\u00e9thanol E85<\/td>\n<td style=\"font-family: Arial, sans-serif; font-size: 14px; padding: 14px 14px; overflow: hidden; word-break: normal; color: #444; background-color: #e0ffeb; font-weight: bold; text-align: center; vertical-align: top; border: 1px solid #999;\">GPL<\/td>\n<\/tr>\n<tr>\n<td style=\"font-family: Arial, sans-serif; font-size: 14px; padding: 14px 14px; overflow: hidden; word-break: normal; color: #444; background-color: #e0ffeb; font-weight: bold; vertical-align: top; border: 1px solid #999;\" rowspan=\"5\">V\u00e9hicule de tourisme<\/p>\n<p>(cat\u00e9gorie M1)<\/td>\n<td style=\"font-family: Arial, sans-serif; font-size: 14px; padding: 14px 14px; overflow: hidden; word-break: normal; color: #444; background-color: #f7fdfa; text-align: center; vertical-align: top; border: 1px solid #999;\">10% \u00e0 partir du 1er janvier 2017<\/td>\n<td style=\"font-family: Arial, sans-serif; font-size: 14px; padding: 14px 14px; overflow: hidden; word-break: normal; color: #444; background-color: #f7fdfa; text-align: center; vertical-align: top; border: 1px solid #999;\" rowspan=\"5\">80%<\/td>\n<td style=\"font-family: Arial, sans-serif; font-size: 14px; padding: 14px 14px; overflow: hidden; word-break: normal; color: #444; background-color: #f7fdfa; text-align: center; vertical-align: top; border: 1px solid #999;\" rowspan=\"5\">80%<\/td>\n<td style=\"font-family: Arial, sans-serif; font-size: 14px; padding: 14px 14px; overflow: hidden; word-break: normal; color: #444; background-color: #f7fdfa; text-align: center; vertical-align: top; border: 1px solid #999;\" rowspan=\"5\">100%<\/p>\n<p>(lorsque le GPL est \u00e0 l\u2019\u00e9tat gazeux, la TVA n\u2019est r\u00e9cup\u00e9rable qu\u2019\u00e0 50%)<\/td>\n<\/tr>\n<tr>\n<td style=\"font-family: Arial, sans-serif; font-size: 14px; padding: 14px 14px; overflow: hidden; word-break: normal; color: #444; background-color: #f7fdfa; text-align: center; vertical-align: top; border: 1px solid #999;\">20% \u00e0 partir du 1er janvier 2018<\/td>\n<\/tr>\n<tr>\n<td style=\"font-family: Arial, sans-serif; font-size: 14px; padding: 14px 14px; overflow: hidden; word-break: normal; color: #444; background-color: #f7fdfa; text-align: center; vertical-align: top; border: 1px solid #999;\">40% \u00e0 partir du 1er janvier 2019<\/td>\n<\/tr>\n<tr>\n<td style=\"font-family: Arial, sans-serif; font-size: 14px; padding: 14px 14px; overflow: hidden; word-break: normal; color: #444; background-color: #f7fdfa; text-align: center; vertical-align: top; border: 1px solid #999;\">60% \u00e0 partir du 1er janvier 2020<\/td>\n<\/tr>\n<tr>\n<td style=\"font-family: Arial, sans-serif; font-size: 14px; padding: 14px 14px; overflow: hidden; word-break: normal; color: #444; background-color: #f7fdfa; text-align: center; vertical-align: top; border: 1px solid #999;\">80% \u00e0 partir du 1er janvier 2021<\/td>\n<\/tr>\n<tr>\n<td style=\"font-family: Arial, sans-serif; font-size: 14px; padding: 14px 14px; overflow: hidden; word-break: normal; color: #444; background-color: #e0ffeb; font-weight: bold; vertical-align: top; border: 1px solid #999;\" rowspan=\"5\">V\u00e9hicule utilitaire<\/p>\n<p>(cat\u00e9gorie N1)<\/td>\n<td style=\"font-family: Arial, sans-serif; font-size: 14px; padding: 14px 14px; overflow: hidden; word-break: normal; color: #444; background-color: #ffffff; text-align: center; vertical-align: top; border: 1px solid #999;\">20% \u00e0 partir du 1er janvier 2018<\/td>\n<td style=\"font-family: Arial, sans-serif; font-size: 14px; padding: 14px 14px; overflow: hidden; word-break: normal; color: #444; background-color: #f7fdfa; text-align: center; vertical-align: top; border: 1px solid #999;\" rowspan=\"5\">100 %<\/td>\n<td style=\"font-family: Arial, sans-serif; font-size: 14px; padding: 14px 14px; overflow: hidden; word-break: normal; color: #444; background-color: #f7fdfa; text-align: center; vertical-align: top; border: 1px solid #999;\" rowspan=\"5\">100 %<\/td>\n<td style=\"font-family: Arial, sans-serif; font-size: 14px; padding: 14px 14px; overflow: hidden; word-break: normal; color: #444; background-color: #f7fdfa; text-align: center; vertical-align: top; border: 1px solid #999;\" rowspan=\"5\">100 %<\/td>\n<\/tr>\n<tr>\n<td style=\"font-family: Arial, sans-serif; font-size: 14px; padding: 14px 14px; overflow: hidden; word-break: normal; color: #444; background-color: #f7fdfa; text-align: center; vertical-align: top; border: 1px solid #999;\">40% \u00e0 partir du 1er janvier 2019<\/td>\n<\/tr>\n<tr>\n<td style=\"font-family: Arial, sans-serif; font-size: 14px; padding: 14px 14px; overflow: hidden; word-break: normal; color: #444; background-color: #f7fdfa; text-align: center; vertical-align: top; border: 1px solid #999;\">60% \u00e0 partir du 1er janvier 2020<\/td>\n<\/tr>\n<tr>\n<td style=\"font-family: Arial, sans-serif; font-size: 14px; padding: 14px 14px; overflow: hidden; word-break: normal; color: #444; background-color: #f7fdfa; text-align: center; vertical-align: top; border: 1px solid #999;\">80% \u00e0 partir du 1er janvier 2021<\/td>\n<\/tr>\n<tr>\n<td style=\"font-family: Arial, sans-serif; font-size: 14px; padding: 14px 14px; overflow: hidden; word-break: normal; color: #444; background-color: #f7fdfa; text-align: center; vertical-align: top; border: 1px solid #999;\">100% \u00e0 partir du 1er janvier 2022<\/td>\n<\/tr>\n<\/tbody>\n<\/table>\n","protected":false},"excerpt":{"rendered":"<p>R\u00e9cup\u00e9ration de TVA voiture d\u00e9riv VP et Camionnette\u00a0 R\u00e9cup\u00e9ration de TVA : On peut lire sur le web depuis quelques mois un peu tout et n&rsquo;importe quoi au sujet de la fiscalit\u00e9 des voitures de soci\u00e9t\u00e9, d&rsquo;entreprise et bien entendu le cas des DERIV VP et Camionnette CTTE. C&rsquo;est vrai que ce n&rsquo;est pas forc\u00e9ment &#8230; <a title=\"R\u00e9cup\u00e9ration de TVA voiture d\u00e9riv VP et Camionnette\" class=\"read-more\" href=\"https:\/\/www.carideal.com\/blog\/2013\/09\/14\/recuperation-de-tva-voiture\/\" aria-label=\"En savoir plus sur R\u00e9cup\u00e9ration de TVA voiture d\u00e9riv VP et Camionnette\">Lire plus<\/a><\/p>\n","protected":false},"author":3,"featured_media":15648,"comment_status":"open","ping_status":"open","sticky":false,"template":"","format":"standard","meta":{"_uag_custom_page_level_css":"","_themeisle_gutenberg_block_has_review":false,"footnotes":""},"categories":[3],"tags":[],"class_list":["post-12602","post","type-post","status-publish","format-standard","has-post-thumbnail","hentry","category-actualites-financieres"],"wppr_data":{"cwp_meta_box_check":"No"},"yoast_head":"<!-- This site is optimized with the Yoast SEO plugin v24.8.1 - https:\/\/yoast.com\/wordpress\/plugins\/seo\/ -->\n<title>R\u00e9cup\u00e9ration de TVA voiture d\u00e9riv VP et Camionnette - Blog auto Carid\u00e9al<\/title>\n<meta name=\"description\" content=\"R\u00e9cup\u00e9ration de TVA : On peut lire sur le web depuis quelques mois un peu tout et n&#039;importe quoi au sujet de la fiscalit\u00e9 des voitures de soci\u00e9t\u00e9\" \/>\n<meta name=\"robots\" content=\"index, follow, max-snippet:-1, max-image-preview:large, max-video-preview:-1\" \/>\n<link rel=\"canonical\" href=\"https:\/\/www.carideal.com\/blog\/2013\/09\/14\/recuperation-de-tva-voiture\/\" \/>\n<meta property=\"og:locale\" content=\"fr_FR\" \/>\n<meta property=\"og:type\" content=\"article\" \/>\n<meta property=\"og:title\" content=\"R\u00e9cup\u00e9ration de TVA voiture d\u00e9riv VP et Camionnette - Blog auto Carid\u00e9al\" \/>\n<meta property=\"og:description\" content=\"R\u00e9cup\u00e9ration de TVA : On peut lire sur le web depuis quelques mois un peu tout et n&#039;importe quoi au sujet de la fiscalit\u00e9 des voitures de soci\u00e9t\u00e9\" \/>\n<meta property=\"og:url\" content=\"https:\/\/www.carideal.com\/blog\/2013\/09\/14\/recuperation-de-tva-voiture\/\" \/>\n<meta property=\"og:site_name\" content=\"Blog auto Carid\u00e9al\" \/>\n<meta property=\"article:publisher\" content=\"https:\/\/www.facebook.com\/Carideal.mandataire.automobile\" \/>\n<meta property=\"article:author\" content=\"https:\/\/www.facebook.com\/nicolas.schiavon.39\" \/>\n<meta property=\"article:published_time\" content=\"2013-09-14T07:55:17+00:00\" \/>\n<meta property=\"article:modified_time\" content=\"2017-03-11T14:18:12+00:00\" \/>\n<meta property=\"og:image\" content=\"https:\/\/www.carideal.com\/blog\/wp-content\/uploads\/2013\/09\/recuperation-tva-voiture-societe.jpg\" \/>\n\t<meta property=\"og:image:width\" content=\"768\" \/>\n\t<meta property=\"og:image:height\" content=\"499\" \/>\n\t<meta property=\"og:image:type\" content=\"image\/jpeg\" \/>\n<meta name=\"author\" content=\"Nicolas SCHIAVON\" \/>\n<meta name=\"twitter:card\" content=\"summary_large_image\" \/>\n<meta name=\"twitter:creator\" content=\"@caridealauto\" \/>\n<meta name=\"twitter:site\" content=\"@caridealauto\" \/>\n<meta name=\"twitter:label1\" content=\"\u00c9crit par\" \/>\n\t<meta name=\"twitter:data1\" content=\"Nicolas SCHIAVON\" \/>\n\t<meta name=\"twitter:label2\" content=\"Dur\u00e9e de lecture estim\u00e9e\" \/>\n\t<meta name=\"twitter:data2\" content=\"6 minutes\" \/>\n<script type=\"application\/ld+json\" class=\"yoast-schema-graph\">{\"@context\":\"https:\/\/schema.org\",\"@graph\":[{\"@type\":\"Article\",\"@id\":\"https:\/\/www.carideal.com\/blog\/2013\/09\/14\/recuperation-de-tva-voiture\/#article\",\"isPartOf\":{\"@id\":\"https:\/\/www.carideal.com\/blog\/2013\/09\/14\/recuperation-de-tva-voiture\/\"},\"author\":{\"name\":\"Nicolas SCHIAVON\",\"@id\":\"https:\/\/www.carideal.com\/blog\/#\/schema\/person\/cd95dc7919660de90d31b366f85be1ec\"},\"headline\":\"R\u00e9cup\u00e9ration de TVA voiture d\u00e9riv VP et Camionnette\",\"datePublished\":\"2013-09-14T07:55:17+00:00\",\"dateModified\":\"2017-03-11T14:18:12+00:00\",\"mainEntityOfPage\":{\"@id\":\"https:\/\/www.carideal.com\/blog\/2013\/09\/14\/recuperation-de-tva-voiture\/\"},\"wordCount\":1139,\"commentCount\":32,\"publisher\":{\"@id\":\"https:\/\/www.carideal.com\/blog\/#organization\"},\"image\":{\"@id\":\"https:\/\/www.carideal.com\/blog\/2013\/09\/14\/recuperation-de-tva-voiture\/#primaryimage\"},\"thumbnailUrl\":\"https:\/\/www.carideal.com\/blog\/wp-content\/uploads\/2013\/09\/recuperation-tva-voiture-societe.jpg\",\"articleSection\":[\"Actualit\u00e9 Financi\u00e8re\"],\"inLanguage\":\"fr-FR\",\"potentialAction\":[{\"@type\":\"CommentAction\",\"name\":\"Comment\",\"target\":[\"https:\/\/www.carideal.com\/blog\/2013\/09\/14\/recuperation-de-tva-voiture\/#respond\"]}]},{\"@type\":\"WebPage\",\"@id\":\"https:\/\/www.carideal.com\/blog\/2013\/09\/14\/recuperation-de-tva-voiture\/\",\"url\":\"https:\/\/www.carideal.com\/blog\/2013\/09\/14\/recuperation-de-tva-voiture\/\",\"name\":\"R\u00e9cup\u00e9ration de TVA voiture d\u00e9riv VP et Camionnette - Blog auto Carid\u00e9al\",\"isPartOf\":{\"@id\":\"https:\/\/www.carideal.com\/blog\/#website\"},\"primaryImageOfPage\":{\"@id\":\"https:\/\/www.carideal.com\/blog\/2013\/09\/14\/recuperation-de-tva-voiture\/#primaryimage\"},\"image\":{\"@id\":\"https:\/\/www.carideal.com\/blog\/2013\/09\/14\/recuperation-de-tva-voiture\/#primaryimage\"},\"thumbnailUrl\":\"https:\/\/www.carideal.com\/blog\/wp-content\/uploads\/2013\/09\/recuperation-tva-voiture-societe.jpg\",\"datePublished\":\"2013-09-14T07:55:17+00:00\",\"dateModified\":\"2017-03-11T14:18:12+00:00\",\"description\":\"R\u00e9cup\u00e9ration de TVA : On peut lire sur le web depuis quelques mois un peu tout et n'importe quoi au sujet de la fiscalit\u00e9 des voitures de soci\u00e9t\u00e9\",\"breadcrumb\":{\"@id\":\"https:\/\/www.carideal.com\/blog\/2013\/09\/14\/recuperation-de-tva-voiture\/#breadcrumb\"},\"inLanguage\":\"fr-FR\",\"potentialAction\":[{\"@type\":\"ReadAction\",\"target\":[\"https:\/\/www.carideal.com\/blog\/2013\/09\/14\/recuperation-de-tva-voiture\/\"]}]},{\"@type\":\"ImageObject\",\"inLanguage\":\"fr-FR\",\"@id\":\"https:\/\/www.carideal.com\/blog\/2013\/09\/14\/recuperation-de-tva-voiture\/#primaryimage\",\"url\":\"https:\/\/www.carideal.com\/blog\/wp-content\/uploads\/2013\/09\/recuperation-tva-voiture-societe.jpg\",\"contentUrl\":\"https:\/\/www.carideal.com\/blog\/wp-content\/uploads\/2013\/09\/recuperation-tva-voiture-societe.jpg\",\"width\":768,\"height\":499,\"caption\":\"R\u00e9cup\u00e9ration de TVA sur les voitures de soci\u00e9t\u00e9\"},{\"@type\":\"BreadcrumbList\",\"@id\":\"https:\/\/www.carideal.com\/blog\/2013\/09\/14\/recuperation-de-tva-voiture\/#breadcrumb\",\"itemListElement\":[{\"@type\":\"ListItem\",\"position\":1,\"name\":\"Blog Carid\u00e9al\",\"item\":\"https:\/\/www.carideal.com\/blog\/\"},{\"@type\":\"ListItem\",\"position\":2,\"name\":\"Actualit\u00e9 Financi\u00e8re\",\"item\":\"https:\/\/www.carideal.com\/blog\/actualites-financieres\/\"},{\"@type\":\"ListItem\",\"position\":3,\"name\":\"R\u00e9cup\u00e9ration de TVA voiture d\u00e9riv VP et Camionnette\"}]},{\"@type\":\"WebSite\",\"@id\":\"https:\/\/www.carideal.com\/blog\/#website\",\"url\":\"https:\/\/www.carideal.com\/blog\/\",\"name\":\"Blog auto Carid\u00e9al\",\"description\":\"Actualit\u00e9 auto par des passionn\u00e9s\",\"publisher\":{\"@id\":\"https:\/\/www.carideal.com\/blog\/#organization\"},\"potentialAction\":[{\"@type\":\"SearchAction\",\"target\":{\"@type\":\"EntryPoint\",\"urlTemplate\":\"https:\/\/www.carideal.com\/blog\/?s={search_term_string}\"},\"query-input\":{\"@type\":\"PropertyValueSpecification\",\"valueRequired\":true,\"valueName\":\"search_term_string\"}}],\"inLanguage\":\"fr-FR\"},{\"@type\":\"Organization\",\"@id\":\"https:\/\/www.carideal.com\/blog\/#organization\",\"name\":\"Carideal\",\"url\":\"https:\/\/www.carideal.com\/blog\/\",\"logo\":{\"@type\":\"ImageObject\",\"inLanguage\":\"fr-FR\",\"@id\":\"https:\/\/www.carideal.com\/blog\/#\/schema\/logo\/image\/\",\"url\":\"http:\/\/www.carideal.com\/blog\/wp-content\/uploads\/2016\/03\/logo-carideal-mandataire-automobile.png\",\"contentUrl\":\"http:\/\/www.carideal.com\/blog\/wp-content\/uploads\/2016\/03\/logo-carideal-mandataire-automobile.png\",\"width\":300,\"height\":300,\"caption\":\"Carideal\"},\"image\":{\"@id\":\"https:\/\/www.carideal.com\/blog\/#\/schema\/logo\/image\/\"},\"sameAs\":[\"https:\/\/www.facebook.com\/Carideal.mandataire.automobile\",\"https:\/\/x.com\/caridealauto\",\"https:\/\/www.instagram.com\/carideal1\/\",\"https:\/\/www.linkedin.com\/company\/carideal.com\",\"https:\/\/fr.pinterest.com\/schiavonsas\/\",\"https:\/\/www.youtube.com\/user\/caridealsas\"]},{\"@type\":\"Person\",\"@id\":\"https:\/\/www.carideal.com\/blog\/#\/schema\/person\/cd95dc7919660de90d31b366f85be1ec\",\"name\":\"Nicolas SCHIAVON\",\"image\":{\"@type\":\"ImageObject\",\"inLanguage\":\"fr-FR\",\"@id\":\"https:\/\/www.carideal.com\/blog\/#\/schema\/person\/image\/\",\"url\":\"https:\/\/secure.gravatar.com\/avatar\/c17e55009e671d92cc7f5dc837dc418a?s=96&r=g\",\"contentUrl\":\"https:\/\/secure.gravatar.com\/avatar\/c17e55009e671d92cc7f5dc837dc418a?s=96&r=g\",\"caption\":\"Nicolas SCHIAVON\"},\"description\":\"Nicolas Schiavon est tomb\u00e9 tout petit dans la marmite automobile. Ayant eu un garage de marque automobile, mandataire automobile de la premi\u00e8re heure d\u00e8s 1999. Nicolas a cr\u00e9\u00e9 ces premiers sites de vente de voiture et blog automobile d\u00e8s 1994. Carideal est n\u00e9 le 15 d\u00e9cembre 2000 de la volont\u00e9 de vendre des voitures d'occasions en ligne puis des voitures neuves. Il a pu essayer beaucoup de voitures tr\u00e8s diff\u00e9rentes et ayant eu personnellement quelques belles autos, Subaru Impreza, Mitsubishi Lancer Evo 7, Porsche 911, Ferrari Testarrossa, Audi RS3, RS4 et j'en passe...\",\"sameAs\":[\"http:\/\/www.carideal.com\",\"https:\/\/www.facebook.com\/nicolas.schiavon.39\",\"https:\/\/www.instagram.com\/carideal1\/\",\"https:\/\/www.linkedin.com\/in\/nschiavon\/\",\"https:\/\/x.com\/caridealauto\",\"https:\/\/www.youtube.com\/user\/caridealsas\/\"],\"url\":\"https:\/\/www.carideal.com\/blog\/author\/nschiavon\/\"}]}<\/script>\n<!-- \/ Yoast SEO plugin. -->","yoast_head_json":{"title":"R\u00e9cup\u00e9ration de TVA voiture d\u00e9riv VP et Camionnette - Blog auto Carid\u00e9al","description":"R\u00e9cup\u00e9ration de TVA : On peut lire sur le web depuis quelques mois un peu tout et n'importe quoi au sujet de la fiscalit\u00e9 des voitures de soci\u00e9t\u00e9","robots":{"index":"index","follow":"follow","max-snippet":"max-snippet:-1","max-image-preview":"max-image-preview:large","max-video-preview":"max-video-preview:-1"},"canonical":"https:\/\/www.carideal.com\/blog\/2013\/09\/14\/recuperation-de-tva-voiture\/","og_locale":"fr_FR","og_type":"article","og_title":"R\u00e9cup\u00e9ration de TVA voiture d\u00e9riv VP et Camionnette - Blog auto Carid\u00e9al","og_description":"R\u00e9cup\u00e9ration de TVA : On peut lire sur le web depuis quelques mois un peu tout et n'importe quoi au sujet de la fiscalit\u00e9 des voitures de soci\u00e9t\u00e9","og_url":"https:\/\/www.carideal.com\/blog\/2013\/09\/14\/recuperation-de-tva-voiture\/","og_site_name":"Blog auto Carid\u00e9al","article_publisher":"https:\/\/www.facebook.com\/Carideal.mandataire.automobile","article_author":"https:\/\/www.facebook.com\/nicolas.schiavon.39","article_published_time":"2013-09-14T07:55:17+00:00","article_modified_time":"2017-03-11T14:18:12+00:00","og_image":[{"width":768,"height":499,"url":"https:\/\/www.carideal.com\/blog\/wp-content\/uploads\/2013\/09\/recuperation-tva-voiture-societe.jpg","type":"image\/jpeg"}],"author":"Nicolas SCHIAVON","twitter_card":"summary_large_image","twitter_creator":"@caridealauto","twitter_site":"@caridealauto","twitter_misc":{"\u00c9crit par":"Nicolas SCHIAVON","Dur\u00e9e de lecture estim\u00e9e":"6 minutes"},"schema":{"@context":"https:\/\/schema.org","@graph":[{"@type":"Article","@id":"https:\/\/www.carideal.com\/blog\/2013\/09\/14\/recuperation-de-tva-voiture\/#article","isPartOf":{"@id":"https:\/\/www.carideal.com\/blog\/2013\/09\/14\/recuperation-de-tva-voiture\/"},"author":{"name":"Nicolas SCHIAVON","@id":"https:\/\/www.carideal.com\/blog\/#\/schema\/person\/cd95dc7919660de90d31b366f85be1ec"},"headline":"R\u00e9cup\u00e9ration de TVA voiture d\u00e9riv VP et Camionnette","datePublished":"2013-09-14T07:55:17+00:00","dateModified":"2017-03-11T14:18:12+00:00","mainEntityOfPage":{"@id":"https:\/\/www.carideal.com\/blog\/2013\/09\/14\/recuperation-de-tva-voiture\/"},"wordCount":1139,"commentCount":32,"publisher":{"@id":"https:\/\/www.carideal.com\/blog\/#organization"},"image":{"@id":"https:\/\/www.carideal.com\/blog\/2013\/09\/14\/recuperation-de-tva-voiture\/#primaryimage"},"thumbnailUrl":"https:\/\/www.carideal.com\/blog\/wp-content\/uploads\/2013\/09\/recuperation-tva-voiture-societe.jpg","articleSection":["Actualit\u00e9 Financi\u00e8re"],"inLanguage":"fr-FR","potentialAction":[{"@type":"CommentAction","name":"Comment","target":["https:\/\/www.carideal.com\/blog\/2013\/09\/14\/recuperation-de-tva-voiture\/#respond"]}]},{"@type":"WebPage","@id":"https:\/\/www.carideal.com\/blog\/2013\/09\/14\/recuperation-de-tva-voiture\/","url":"https:\/\/www.carideal.com\/blog\/2013\/09\/14\/recuperation-de-tva-voiture\/","name":"R\u00e9cup\u00e9ration de TVA voiture d\u00e9riv VP et Camionnette - Blog auto Carid\u00e9al","isPartOf":{"@id":"https:\/\/www.carideal.com\/blog\/#website"},"primaryImageOfPage":{"@id":"https:\/\/www.carideal.com\/blog\/2013\/09\/14\/recuperation-de-tva-voiture\/#primaryimage"},"image":{"@id":"https:\/\/www.carideal.com\/blog\/2013\/09\/14\/recuperation-de-tva-voiture\/#primaryimage"},"thumbnailUrl":"https:\/\/www.carideal.com\/blog\/wp-content\/uploads\/2013\/09\/recuperation-tva-voiture-societe.jpg","datePublished":"2013-09-14T07:55:17+00:00","dateModified":"2017-03-11T14:18:12+00:00","description":"R\u00e9cup\u00e9ration de TVA : On peut lire sur le web depuis quelques mois un peu tout et n'importe quoi au sujet de la fiscalit\u00e9 des voitures de soci\u00e9t\u00e9","breadcrumb":{"@id":"https:\/\/www.carideal.com\/blog\/2013\/09\/14\/recuperation-de-tva-voiture\/#breadcrumb"},"inLanguage":"fr-FR","potentialAction":[{"@type":"ReadAction","target":["https:\/\/www.carideal.com\/blog\/2013\/09\/14\/recuperation-de-tva-voiture\/"]}]},{"@type":"ImageObject","inLanguage":"fr-FR","@id":"https:\/\/www.carideal.com\/blog\/2013\/09\/14\/recuperation-de-tva-voiture\/#primaryimage","url":"https:\/\/www.carideal.com\/blog\/wp-content\/uploads\/2013\/09\/recuperation-tva-voiture-societe.jpg","contentUrl":"https:\/\/www.carideal.com\/blog\/wp-content\/uploads\/2013\/09\/recuperation-tva-voiture-societe.jpg","width":768,"height":499,"caption":"R\u00e9cup\u00e9ration de TVA sur les voitures de soci\u00e9t\u00e9"},{"@type":"BreadcrumbList","@id":"https:\/\/www.carideal.com\/blog\/2013\/09\/14\/recuperation-de-tva-voiture\/#breadcrumb","itemListElement":[{"@type":"ListItem","position":1,"name":"Blog Carid\u00e9al","item":"https:\/\/www.carideal.com\/blog\/"},{"@type":"ListItem","position":2,"name":"Actualit\u00e9 Financi\u00e8re","item":"https:\/\/www.carideal.com\/blog\/actualites-financieres\/"},{"@type":"ListItem","position":3,"name":"R\u00e9cup\u00e9ration de TVA voiture d\u00e9riv VP et Camionnette"}]},{"@type":"WebSite","@id":"https:\/\/www.carideal.com\/blog\/#website","url":"https:\/\/www.carideal.com\/blog\/","name":"Blog auto Carid\u00e9al","description":"Actualit\u00e9 auto par des passionn\u00e9s","publisher":{"@id":"https:\/\/www.carideal.com\/blog\/#organization"},"potentialAction":[{"@type":"SearchAction","target":{"@type":"EntryPoint","urlTemplate":"https:\/\/www.carideal.com\/blog\/?s={search_term_string}"},"query-input":{"@type":"PropertyValueSpecification","valueRequired":true,"valueName":"search_term_string"}}],"inLanguage":"fr-FR"},{"@type":"Organization","@id":"https:\/\/www.carideal.com\/blog\/#organization","name":"Carideal","url":"https:\/\/www.carideal.com\/blog\/","logo":{"@type":"ImageObject","inLanguage":"fr-FR","@id":"https:\/\/www.carideal.com\/blog\/#\/schema\/logo\/image\/","url":"http:\/\/www.carideal.com\/blog\/wp-content\/uploads\/2016\/03\/logo-carideal-mandataire-automobile.png","contentUrl":"http:\/\/www.carideal.com\/blog\/wp-content\/uploads\/2016\/03\/logo-carideal-mandataire-automobile.png","width":300,"height":300,"caption":"Carideal"},"image":{"@id":"https:\/\/www.carideal.com\/blog\/#\/schema\/logo\/image\/"},"sameAs":["https:\/\/www.facebook.com\/Carideal.mandataire.automobile","https:\/\/x.com\/caridealauto","https:\/\/www.instagram.com\/carideal1\/","https:\/\/www.linkedin.com\/company\/carideal.com","https:\/\/fr.pinterest.com\/schiavonsas\/","https:\/\/www.youtube.com\/user\/caridealsas"]},{"@type":"Person","@id":"https:\/\/www.carideal.com\/blog\/#\/schema\/person\/cd95dc7919660de90d31b366f85be1ec","name":"Nicolas SCHIAVON","image":{"@type":"ImageObject","inLanguage":"fr-FR","@id":"https:\/\/www.carideal.com\/blog\/#\/schema\/person\/image\/","url":"https:\/\/secure.gravatar.com\/avatar\/c17e55009e671d92cc7f5dc837dc418a?s=96&r=g","contentUrl":"https:\/\/secure.gravatar.com\/avatar\/c17e55009e671d92cc7f5dc837dc418a?s=96&r=g","caption":"Nicolas SCHIAVON"},"description":"Nicolas Schiavon est tomb\u00e9 tout petit dans la marmite automobile. Ayant eu un garage de marque automobile, mandataire automobile de la premi\u00e8re heure d\u00e8s 1999. Nicolas a cr\u00e9\u00e9 ces premiers sites de vente de voiture et blog automobile d\u00e8s 1994. Carideal est n\u00e9 le 15 d\u00e9cembre 2000 de la volont\u00e9 de vendre des voitures d'occasions en ligne puis des voitures neuves. Il a pu essayer beaucoup de voitures tr\u00e8s diff\u00e9rentes et ayant eu personnellement quelques belles autos, Subaru Impreza, Mitsubishi Lancer Evo 7, Porsche 911, Ferrari Testarrossa, Audi RS3, RS4 et j'en passe...","sameAs":["http:\/\/www.carideal.com","https:\/\/www.facebook.com\/nicolas.schiavon.39","https:\/\/www.instagram.com\/carideal1\/","https:\/\/www.linkedin.com\/in\/nschiavon\/","https:\/\/x.com\/caridealauto","https:\/\/www.youtube.com\/user\/caridealsas\/"],"url":"https:\/\/www.carideal.com\/blog\/author\/nschiavon\/"}]}},"uagb_featured_image_src":{"full":["https:\/\/www.carideal.com\/blog\/wp-content\/uploads\/2013\/09\/recuperation-tva-voiture-societe.jpg",768,499,false],"thumbnail":["https:\/\/www.carideal.com\/blog\/wp-content\/uploads\/2013\/09\/recuperation-tva-voiture-societe-150x150.jpg",150,150,true],"medium":["https:\/\/www.carideal.com\/blog\/wp-content\/uploads\/2013\/09\/recuperation-tva-voiture-societe-300x195.jpg",300,195,true],"medium_large":["https:\/\/www.carideal.com\/blog\/wp-content\/uploads\/2013\/09\/recuperation-tva-voiture-societe-768x499.jpg",768,499,true],"large":["https:\/\/www.carideal.com\/blog\/wp-content\/uploads\/2013\/09\/recuperation-tva-voiture-societe.jpg",768,499,false],"1536x1536":["https:\/\/www.carideal.com\/blog\/wp-content\/uploads\/2013\/09\/recuperation-tva-voiture-societe.jpg",768,499,false],"2048x2048":["https:\/\/www.carideal.com\/blog\/wp-content\/uploads\/2013\/09\/recuperation-tva-voiture-societe.jpg",768,499,false],"wppr-widget":["https:\/\/www.carideal.com\/blog\/wp-content\/uploads\/2013\/09\/recuperation-tva-voiture-societe.jpg",50,32,false]},"uagb_author_info":{"display_name":"Nicolas SCHIAVON","author_link":"https:\/\/www.carideal.com\/blog\/author\/nschiavon\/"},"uagb_comment_info":32,"uagb_excerpt":"R\u00e9cup\u00e9ration de TVA voiture d\u00e9riv VP et Camionnette\u00a0 R\u00e9cup\u00e9ration de TVA : On peut lire sur le web depuis quelques mois un peu tout et n'importe quoi au sujet de la fiscalit\u00e9 des voitures de soci\u00e9t\u00e9, d'entreprise et bien entendu le cas des DERIV VP et Camionnette CTTE. C'est vrai que ce n'est pas forc\u00e9ment\u2026","_links":{"self":[{"href":"https:\/\/www.carideal.com\/blog\/wp-json\/wp\/v2\/posts\/12602"}],"collection":[{"href":"https:\/\/www.carideal.com\/blog\/wp-json\/wp\/v2\/posts"}],"about":[{"href":"https:\/\/www.carideal.com\/blog\/wp-json\/wp\/v2\/types\/post"}],"author":[{"embeddable":true,"href":"https:\/\/www.carideal.com\/blog\/wp-json\/wp\/v2\/users\/3"}],"replies":[{"embeddable":true,"href":"https:\/\/www.carideal.com\/blog\/wp-json\/wp\/v2\/comments?post=12602"}],"version-history":[{"count":0,"href":"https:\/\/www.carideal.com\/blog\/wp-json\/wp\/v2\/posts\/12602\/revisions"}],"wp:featuredmedia":[{"embeddable":true,"href":"https:\/\/www.carideal.com\/blog\/wp-json\/wp\/v2\/media\/15648"}],"wp:attachment":[{"href":"https:\/\/www.carideal.com\/blog\/wp-json\/wp\/v2\/media?parent=12602"}],"wp:term":[{"taxonomy":"category","embeddable":true,"href":"https:\/\/www.carideal.com\/blog\/wp-json\/wp\/v2\/categories?post=12602"},{"taxonomy":"post_tag","embeddable":true,"href":"https:\/\/www.carideal.com\/blog\/wp-json\/wp\/v2\/tags?post=12602"}],"curies":[{"name":"wp","href":"https:\/\/api.w.org\/{rel}","templated":true}]}}