{"id":1260,"date":"2013-01-09T10:23:00","date_gmt":"2013-01-09T10:23:00","guid":{"rendered":"http:\/\/carideal.com\/blog\/?p=1260"},"modified":"2020-02-26T12:21:47","modified_gmt":"2020-02-26T11:21:47","slug":"genaral-motors-psa-quel-avenir","status":"publish","type":"post","link":"https:\/\/www.carideal.com\/blog\/2013\/01\/09\/genaral-motors-psa-quel-avenir\/","title":{"rendered":"General Motors \/ PSA : quel avenir ?"},"content":{"rendered":"<h2>General Motors \/ PSA : quel avenir ?<\/h2>\n<p>\u00c0 la veille des rencontres tripartites ( direction , syndicats et gouvernement ) , Philippe Varin, patron de PSA, a pr\u00e9sent\u00e9 l'avancement des coop\u00e9rations du groupe avec <a href=\"http:\/\/www.carideal.com\/blog\/2012\/02\/22\/psa-vers-une-alliance-avec-general-motors\/\">General Motors<\/a>.<\/p>\n<figure id=\"attachment_22061\" aria-describedby=\"caption-attachment-22061\" style=\"width: 438px\" class=\"wp-caption aligncenter\"><img loading=\"lazy\" decoding=\"async\" class=\"size-full wp-image-22061\" src=\"http:\/\/www.carideal.com\/blog\/wp-content\/uploads\/2013\/01\/logo-gm-psa-collaboration_m.jpg\" alt=\"General Motors \/ PSA : quel avenir ?\" width=\"448\" height=\"251\" srcset=\"https:\/\/www.carideal.com\/blog\/wp-content\/uploads\/2013\/01\/logo-gm-psa-collaboration_m.jpg 448w, https:\/\/www.carideal.com\/blog\/wp-content\/uploads\/2013\/01\/logo-gm-psa-collaboration_m-300x168.jpg 300w, https:\/\/www.carideal.com\/blog\/wp-content\/uploads\/2013\/01\/logo-gm-psa-collaboration_m-50x28.jpg 50w, https:\/\/www.carideal.com\/blog\/wp-content\/uploads\/2013\/01\/logo-gm-psa-collaboration_m-110x62.jpg 110w, https:\/\/www.carideal.com\/blog\/wp-content\/uploads\/2013\/01\/logo-gm-psa-collaboration_m-420x235.jpg 420w, https:\/\/www.carideal.com\/blog\/wp-content\/uploads\/2013\/01\/logo-gm-psa-collaboration_m-248x138.jpg 248w\" sizes=\"(max-width: 448px) 100vw, 448px\" \/><figcaption id=\"caption-attachment-22061\" class=\"wp-caption-text\">General Motors \/ PSA : quel avenir ?<\/figcaption><\/figure>\n<p>Cette communication oblig\u00e9e, sur fond de tensions avec les syndicats et le gouvernement, intervient alors que le groupe a publi\u00e9 un chiffre d'affaires du troisi\u00e8me trimestre de 2012 en recul de 3,9 % . Celui de sa division automobile plonge de 8,5 %. Philippe Varin a donc confirm\u00e9 que quatre plates-formes communes avec General Motors permettront de g\u00e9rer 2 milliards de dollars d'\u00e9conomies annuelles \u00e0 partir de 2017.<\/p>\n<ul>\n<li><a href=\"http:\/\/www.carideal.com\/blog\/2012\/06\/19\/alliance-syndicale-psa-gm\/\">Alliance syndicale PSA et GM<\/a><\/li>\n<\/ul>\n<p>Il a reconnu que les coop\u00e9rations se limiteraient \u00e0 l'Europe. Il s'est \u00e9galement refus\u00e9 \u00e0 commenter les \"rumeurs\" sur un projet de joint-venture entre les deux groupes, qui permettrait \u00e0 PSA de prendre le contr\u00f4le d'<a href=\"http:\/\/www.carideal.com\/blog\/marque-de-voiture-actualites-essais\/opel\/\">Opel<\/a>. Les plates-formes \"biconstructeur\" vont faciliter l'achat group\u00e9 des composants qui seront partag\u00e9s sur un maximum de v\u00e9hicule. Voici ce qui a \u00e9t\u00e9 r\u00e9cemment officialis\u00e9, de fa\u00e7on officieuse, sur les perspectives de l'alliance et les programmes communs.<\/p>\n<h3>Monospace<\/h3>\n<p><strong>Officiel<\/strong> : Un <a href=\"http:\/\/www.carideal.com\/blog\/2014\/05\/26\/break-monospace-2014\/\">monospace compact<\/a> de marque Opel \/ Vauxhall et un CUV ( crossover utility vehicle )<br \/>\n<strong>Ce que l'on sait\u00a0<\/strong>: Il s'agirait de l'<a href=\"http:\/\/www.carideal.com\/blog\/2008\/08\/15\/opel-zafira-ii-d-ocasion\/\">Opel Zafira III<\/a> pour 2017, et du remplacement du Peugeot 3008 ( renouvellement d\u00e9pass\u00e9 par rapport au calendrier initial ) . L'avenir de l'usine Opel de Bochum en Allemagne n'est assur\u00e9 que pour la fabrication du <a href=\"http:\/\/www.carideal.com\/blog\/2012\/06\/28\/opel-zafira-tourer\/\">Zafira Tourer<\/a> sorti en 2011. Faut-il comprendre que le futur <a href=\"http:\/\/www.carideal.com\/blog\/2014\/05\/25\/les-crossovers-2014\/\">Crossover<\/a> de <a href=\"http:\/\/www.carideal.com\/blog\/marque-de-voiture-actualites-essais\/peugeot\/\">Peugeot<\/a> sera fabriqu\u00e9 outre-Rhin ?<\/p>\n<figure id=\"attachment_8403\" aria-describedby=\"caption-attachment-8403\" style=\"width: 1014px\" class=\"wp-caption aligncenter\"><img loading=\"lazy\" decoding=\"async\" class=\"size-full wp-image-8403\" src=\"http:\/\/www.carideal.com\/blog\/wp-content\/uploads\/2015\/12\/citroen-c3-picasson-millenium-occasion-bassens-carideal.jpg\" alt=\"Monospace Citroen C3 Picasso\" width=\"1024\" height=\"768\" srcset=\"https:\/\/www.carideal.com\/blog\/wp-content\/uploads\/2015\/12\/citroen-c3-picasson-millenium-occasion-bassens-carideal.jpg 1024w, https:\/\/www.carideal.com\/blog\/wp-content\/uploads\/2015\/12\/citroen-c3-picasson-millenium-occasion-bassens-carideal-300x225.jpg 300w, https:\/\/www.carideal.com\/blog\/wp-content\/uploads\/2015\/12\/citroen-c3-picasson-millenium-occasion-bassens-carideal-624x468.jpg 624w\" sizes=\"(max-width: 1024px) 100vw, 1024px\" \/><figcaption id=\"caption-attachment-8403\" class=\"wp-caption-text\">Achat Citro\u00ebn C3 Picasso<\/figcaption><\/figure>\n<p>En commun\u00a0: Le successeur du C3 Picasso partagera sa plate-forme avec l'Opel Meriva .<\/p>\n<p>Ce que l'on sait : La commercialisation du C3 Picasso est pr\u00e9vue en 2016. Il partagera sa plate-forme et l'usine PSA de Trnava en Slovaquie avec l'Opel Meriva III. M\u00eame si le petit Picasso est leader de son segment en France, le succ\u00e8s n'est pas au niveau des esp\u00e9rances de Citro\u00ebn. Un mod\u00e8le crossover pr\u00e9vue combinera les genres monospace et SUV.<br \/>\nEn commun\u00a0: Le successeur du C3 Picasso partagera sa plate-forme avec l'Opel Meriva.<\/p>\n<figure id=\"attachment_22062\" aria-describedby=\"caption-attachment-22062\" style=\"width: 438px\" class=\"wp-caption aligncenter\"><img loading=\"lazy\" decoding=\"async\" class=\"size-full wp-image-22062\" src=\"http:\/\/www.carideal.com\/blog\/wp-content\/uploads\/2013\/01\/peugeot-3008_m.jpg\" alt=\"Peugeot 3008\" width=\"448\" height=\"270\" srcset=\"https:\/\/www.carideal.com\/blog\/wp-content\/uploads\/2013\/01\/peugeot-3008_m.jpg 448w, https:\/\/www.carideal.com\/blog\/wp-content\/uploads\/2013\/01\/peugeot-3008_m-300x181.jpg 300w, https:\/\/www.carideal.com\/blog\/wp-content\/uploads\/2013\/01\/peugeot-3008_m-50x30.jpg 50w, https:\/\/www.carideal.com\/blog\/wp-content\/uploads\/2013\/01\/peugeot-3008_m-110x66.jpg 110w, https:\/\/www.carideal.com\/blog\/wp-content\/uploads\/2013\/01\/peugeot-3008_m-420x253.jpg 420w\" sizes=\"(max-width: 448px) 100vw, 448px\" \/><figcaption id=\"caption-attachment-22062\" class=\"wp-caption-text\">Peugeot 3008<\/figcaption><\/figure>\n<h3>Peugeot 3008<\/h3>\n<p><strong>Avenir<\/strong> : Le rempla\u00e7ant de Peugeot 3008 sera-t-il construit en Allemagne ?<br \/>\n<strong>Officiel\u00a0<\/strong>: Un monospace pour le segment des petites voitures de marque Opel \/ Vauxhall et Citro\u00ebn.<\/p>\n<h3>Berline Polyvalente<\/h3>\n<p><strong>Officiel<\/strong> : Une plate-forme modernis\u00e9e pour le segment des <a href=\"http:\/\/www.carideal.com\/blog\/2018\/02\/09\/meilleures-citadines-2018\/\">petites voitures<\/a> Opel \/ Vauxhall , Peugeot et Citro\u00ebn dans le monde.<\/p>\n<p>Ce que l'on sait : La plate-forme PF1 de PSA sur laquelle sont d\u00e9velopp\u00e9es les <a href=\"http:\/\/www.carideal.com\/blog\/marque-de-voiture-actualites-essais\/citroen\/c3\/\">Citro\u00ebn C3<\/a> et <a href=\"http:\/\/www.carideal.com\/blog\/2013\/12\/11\/quelle-peugeot-208-doccasion-choisir\/\">Peugeot 208<\/a> va \u00e9voluer... Le groupe fran\u00e7ais va moderniser, et notamment le C3 Picasso II qui l'inaugurera en 2016, juste avant la C3 de troisi\u00e8me g\u00e9n\u00e9ration.<\/p>\n<p>Cette base ne profitera pas \u00e0 la nouvelle Opel Corsa pr\u00e9vue pour 2014. Ce sont les futurs mod\u00e8les de Corsa et d'<a href=\"http:\/\/www.carideal.com\/blog\/2012\/12\/20\/opel-adam\/\">Adam<\/a> qui tireront profit de cette plate-forme. GM sera alors le grand gagnant car il \u00e9chappera aux co\u00fbts de d\u00e9veloppement de cette petite plate-forme.<\/p>\n<h3>Voiture Familiale<\/h3>\n<p><strong>Officiel<\/strong> : Un programme pour les v\u00e9hicule du segment D pour Opel \/ Vauxhall, Peugeot et Citro\u00ebn.<\/p>\n<p><strong>Ce que l'on sait<\/strong> : Sont concern\u00e9es la <a href=\"http:\/\/www.carideal.com\/blog\/2013\/10\/26\/future-citroen-c5-en-2016\/\">Citro\u00ebn C5 III<\/a>, la <a href=\"http:\/\/www.carideal.com\/blog\/2016\/01\/16\/nouvelle-peugeot-508\/\">Peugeot 508 II<\/a> et l'<a href=\"http:\/\/www.carideal.com\/blog\/2019\/12\/30\/la-nouvelle-opel-insignia-2022-pour-un-look-crossover-radical\/\">Opel Insignia II<\/a>. Il \u00e9tait un temps pr\u00e9vu que la future C5 soit d\u00e9velopp\u00e9e sur une base Opel et fabriqu\u00e9e en Allemagne. La Citro\u00ebn restera dans l'usine de Rennes, c'est l'une des seules informations confirm\u00e9e par Philippe Varin.<\/p>\n<p>Le programme est en marche chez PSA. Une nouvelle base technique d\u00e9nomm\u00e9e BVH2 remplacera la BHV2 (Citro\u00ebn C4, C4 Picasso, <a href=\"http:\/\/www.carideal.com\/blog\/2013\/03\/28\/citroen-ds4-2\/\">DS4<\/a> ) et Peugeot 308, 3008 et 5008 ) et la BHV3 (Citro\u00ebn C5 \/ <a href=\"http:\/\/www.carideal.com\/blog\/marque-de-voiture-actualites-essais\/ds\/ds5\/\">DS5<\/a> et Peugeot 508 ). Elle sera inaugur\u00e9e en 2013 par le Citro\u00ebn C4 Picasso, puis employ\u00e9e par la Peugeot 308 II, et servira aux mod\u00e8les compacts, familiaux et haut de gamme.<\/p>\n<p>La nouvelle C5 en b\u00e9n\u00e9ficiera en 2014, puis la 508 II prendra la forme d'un coup\u00e9 \u00e0 quatre portes de haut de gamme et arrivera vers 2013\/2017. A la m\u00eame \u00e9poque, Citro\u00ebn commercialisera la <a href=\"http:\/\/www.carideal.com\/blog\/2020\/02\/26\/la-nouvelle-berline-ds-9-arrive-en-limousine-phare-pour-la-marque-ds\/\">DS9<\/a>, sorte de coup\u00e9 \u00e0 quatre portes fa\u00e7on Audi A5 Sportback.<\/p>\n<h3>Les non-dits de l'accord :<\/h3>\n<p><strong>Boite \u00e0 double embrayage<\/strong> : avantage GM. Bien que PSA n'ait jamais confirm\u00e9 le d\u00e9veloppement d'une telle bo\u00eete, Gm a ce qu'il faut dans ses cartons.<\/p>\n<p><strong>Hybrides \u00e0 essence <\/strong>: le savoir-faire GM. Le programme <a href=\"http:\/\/www.carideal.com\/blog\/2011\/02\/20\/peugeot-3008-hybrid4\/\">Hybrid4<\/a> aurait aussi \u00e9t\u00e9 mis en sommeil primordialement en Europe. PSA pourrait s'appuyer sur de nouvelles technologies d\u00e9velopp\u00e9es par GM, ce changement de cap explique le divorce du couple <a href=\"http:\/\/www.carideal.com\/blog\/marque-de-voiture-actualites-essais\/bmw\/\">BMW<\/a> \/ PSA.<\/p>\n<p><strong>Motorisations<\/strong> : remise \u00e0 plat.<br \/>\nEn mati\u00e8re de diesel , PSA est plus r\u00e9put\u00e9 que son partenaire allemand.<br \/>\nOpel sortira un in\u00e9dit 1.6 CDTI , et renouvelle aussi progressivement sa gamme avec l'arriv\u00e9e prochaine d'un 1.6 turbo. Et PSA \u00e9quipera ses moteurs d'un co\u00fbteux catalyseur SCR.<\/p>\n<p>Et <a href=\"http:\/\/www.carideal.com\/blog\/2011\/01\/10\/les-chevrolet-de-2011\/\">Chevrolet<\/a> ? GM cherche \u00e0 faire sauver le soldat Adam ( Opel ) par PSA , l'accord fait l'impasse sur les collaborations techniques avec Chevrolet. PSA reconna\u00eet que l'accord est principalement centr\u00e9 sur les produits europ\u00e9ens, alors que la croissance se situe en Chine o\u00f9 GM est tr\u00e8s bien implant\u00e9.<\/p>\n","protected":false},"excerpt":{"rendered":"<p>General Motors \/ PSA : quel avenir ? \u00c0 la veille des rencontres tripartites ( direction , syndicats et gouvernement ) , Philippe Varin, patron de PSA, a pr\u00e9sent\u00e9 l&rsquo;avancement des coop\u00e9rations du groupe avec General Motors. Cette communication oblig\u00e9e, sur fond de tensions avec les syndicats et le gouvernement, intervient alors que le groupe &#8230; <a title=\"General Motors \/ PSA : quel avenir ?\" class=\"read-more\" href=\"https:\/\/www.carideal.com\/blog\/2013\/01\/09\/genaral-motors-psa-quel-avenir\/\" aria-label=\"En savoir plus sur General Motors \/ PSA : quel avenir ?\">Lire plus<\/a><\/p>\n","protected":false},"author":1,"featured_media":0,"comment_status":"open","ping_status":"open","sticky":false,"template":"","format":"standard","meta":{"_uag_custom_page_level_css":"","_themeisle_gutenberg_block_has_review":false,"footnotes":""},"categories":[10],"tags":[35],"class_list":["post-1260","post","type-post","status-publish","format-standard","hentry","category-marche-automobile-voiture-neuve-occasion-4x4-suv","tag-psa"],"wppr_data":{"cwp_meta_box_check":"No"},"yoast_head":"<!-- This site is optimized with the Yoast SEO plugin v24.8.1 - https:\/\/yoast.com\/wordpress\/plugins\/seo\/ -->\n<title>General Motors \/ PSA : quel avenir ? - Blog auto Carid\u00e9al<\/title>\n<meta name=\"description\" content=\"\u00c0 la veille des rencontres tripartites ( direction , syndicats et gouvernement ) , Philippe Varin, patron de PSA, a pr\u00e9sent\u00e9 l&#039;avancement des coop\u00e9rations du groupe avec General Motors.\" \/>\n<meta name=\"robots\" content=\"index, follow, max-snippet:-1, max-image-preview:large, max-video-preview:-1\" \/>\n<link rel=\"canonical\" href=\"https:\/\/www.carideal.com\/blog\/2013\/01\/09\/genaral-motors-psa-quel-avenir\/\" \/>\n<meta property=\"og:locale\" content=\"fr_FR\" \/>\n<meta property=\"og:type\" content=\"article\" \/>\n<meta property=\"og:title\" content=\"General Motors \/ PSA : quel avenir ? - Blog auto Carid\u00e9al\" \/>\n<meta property=\"og:description\" content=\"\u00c0 la veille des rencontres tripartites ( direction , syndicats et gouvernement ) , Philippe Varin, patron de PSA, a pr\u00e9sent\u00e9 l&#039;avancement des coop\u00e9rations du groupe avec General Motors.\" \/>\n<meta property=\"og:url\" content=\"https:\/\/www.carideal.com\/blog\/2013\/01\/09\/genaral-motors-psa-quel-avenir\/\" \/>\n<meta property=\"og:site_name\" content=\"Blog auto Carid\u00e9al\" \/>\n<meta property=\"article:publisher\" content=\"https:\/\/www.facebook.com\/Carideal.mandataire.automobile\" \/>\n<meta property=\"article:author\" content=\"https:\/\/www.facebook.com\/Carideal.mandataire.automobile\/\" \/>\n<meta property=\"article:published_time\" content=\"2013-01-09T10:23:00+00:00\" \/>\n<meta property=\"article:modified_time\" content=\"2020-02-26T11:21:47+00:00\" \/>\n<meta property=\"og:image\" content=\"http:\/\/www.carideal.com\/blog\/wp-content\/uploads\/2013\/01\/logo-gm-psa-collaboration_m.jpg\" \/>\n<meta name=\"author\" content=\"N.S Carideal\" \/>\n<meta name=\"twitter:card\" content=\"summary_large_image\" \/>\n<meta name=\"twitter:creator\" content=\"@caridealauto\" \/>\n<meta name=\"twitter:site\" content=\"@caridealauto\" \/>\n<meta name=\"twitter:label1\" content=\"\u00c9crit par\" \/>\n\t<meta name=\"twitter:data1\" content=\"N.S Carideal\" \/>\n\t<meta name=\"twitter:label2\" content=\"Dur\u00e9e de lecture estim\u00e9e\" \/>\n\t<meta name=\"twitter:data2\" content=\"4 minutes\" \/>\n<script type=\"application\/ld+json\" class=\"yoast-schema-graph\">{\"@context\":\"https:\/\/schema.org\",\"@graph\":[{\"@type\":\"Article\",\"@id\":\"https:\/\/www.carideal.com\/blog\/2013\/01\/09\/genaral-motors-psa-quel-avenir\/#article\",\"isPartOf\":{\"@id\":\"https:\/\/www.carideal.com\/blog\/2013\/01\/09\/genaral-motors-psa-quel-avenir\/\"},\"author\":{\"name\":\"N.S Carideal\",\"@id\":\"https:\/\/www.carideal.com\/blog\/#\/schema\/person\/985c7e757d1042d647f21bfaf8d41ebc\"},\"headline\":\"General Motors \/ PSA : quel avenir ?\",\"datePublished\":\"2013-01-09T10:23:00+00:00\",\"dateModified\":\"2020-02-26T11:21:47+00:00\",\"mainEntityOfPage\":{\"@id\":\"https:\/\/www.carideal.com\/blog\/2013\/01\/09\/genaral-motors-psa-quel-avenir\/\"},\"wordCount\":869,\"commentCount\":0,\"publisher\":{\"@id\":\"https:\/\/www.carideal.com\/blog\/#organization\"},\"image\":{\"@id\":\"https:\/\/www.carideal.com\/blog\/2013\/01\/09\/genaral-motors-psa-quel-avenir\/#primaryimage\"},\"thumbnailUrl\":\"http:\/\/www.carideal.com\/blog\/wp-content\/uploads\/2013\/01\/logo-gm-psa-collaboration_m.jpg\",\"keywords\":[\"PSA\"],\"articleSection\":[\"March\u00e9 automobile\"],\"inLanguage\":\"fr-FR\",\"potentialAction\":[{\"@type\":\"CommentAction\",\"name\":\"Comment\",\"target\":[\"https:\/\/www.carideal.com\/blog\/2013\/01\/09\/genaral-motors-psa-quel-avenir\/#respond\"]}]},{\"@type\":\"WebPage\",\"@id\":\"https:\/\/www.carideal.com\/blog\/2013\/01\/09\/genaral-motors-psa-quel-avenir\/\",\"url\":\"https:\/\/www.carideal.com\/blog\/2013\/01\/09\/genaral-motors-psa-quel-avenir\/\",\"name\":\"General Motors \/ PSA : quel avenir ? - Blog auto Carid\u00e9al\",\"isPartOf\":{\"@id\":\"https:\/\/www.carideal.com\/blog\/#website\"},\"primaryImageOfPage\":{\"@id\":\"https:\/\/www.carideal.com\/blog\/2013\/01\/09\/genaral-motors-psa-quel-avenir\/#primaryimage\"},\"image\":{\"@id\":\"https:\/\/www.carideal.com\/blog\/2013\/01\/09\/genaral-motors-psa-quel-avenir\/#primaryimage\"},\"thumbnailUrl\":\"http:\/\/www.carideal.com\/blog\/wp-content\/uploads\/2013\/01\/logo-gm-psa-collaboration_m.jpg\",\"datePublished\":\"2013-01-09T10:23:00+00:00\",\"dateModified\":\"2020-02-26T11:21:47+00:00\",\"description\":\"\u00c0 la veille des rencontres tripartites ( direction , syndicats et gouvernement ) , Philippe Varin, patron de PSA, a pr\u00e9sent\u00e9 l'avancement des coop\u00e9rations du groupe avec General Motors.\",\"breadcrumb\":{\"@id\":\"https:\/\/www.carideal.com\/blog\/2013\/01\/09\/genaral-motors-psa-quel-avenir\/#breadcrumb\"},\"inLanguage\":\"fr-FR\",\"potentialAction\":[{\"@type\":\"ReadAction\",\"target\":[\"https:\/\/www.carideal.com\/blog\/2013\/01\/09\/genaral-motors-psa-quel-avenir\/\"]}]},{\"@type\":\"ImageObject\",\"inLanguage\":\"fr-FR\",\"@id\":\"https:\/\/www.carideal.com\/blog\/2013\/01\/09\/genaral-motors-psa-quel-avenir\/#primaryimage\",\"url\":\"http:\/\/www.carideal.com\/blog\/wp-content\/uploads\/2013\/01\/logo-gm-psa-collaboration_m.jpg\",\"contentUrl\":\"http:\/\/www.carideal.com\/blog\/wp-content\/uploads\/2013\/01\/logo-gm-psa-collaboration_m.jpg\"},{\"@type\":\"BreadcrumbList\",\"@id\":\"https:\/\/www.carideal.com\/blog\/2013\/01\/09\/genaral-motors-psa-quel-avenir\/#breadcrumb\",\"itemListElement\":[{\"@type\":\"ListItem\",\"position\":1,\"name\":\"Blog Carid\u00e9al\",\"item\":\"https:\/\/www.carideal.com\/blog\/\"},{\"@type\":\"ListItem\",\"position\":2,\"name\":\"March\u00e9 automobile\",\"item\":\"https:\/\/www.carideal.com\/blog\/marche-automobile-voiture-neuve-occasion-4x4-suv\/\"},{\"@type\":\"ListItem\",\"position\":3,\"name\":\"General Motors \/ PSA : quel avenir ?\"}]},{\"@type\":\"WebSite\",\"@id\":\"https:\/\/www.carideal.com\/blog\/#website\",\"url\":\"https:\/\/www.carideal.com\/blog\/\",\"name\":\"Blog auto Carid\u00e9al\",\"description\":\"Actualit\u00e9 auto par des passionn\u00e9s\",\"publisher\":{\"@id\":\"https:\/\/www.carideal.com\/blog\/#organization\"},\"potentialAction\":[{\"@type\":\"SearchAction\",\"target\":{\"@type\":\"EntryPoint\",\"urlTemplate\":\"https:\/\/www.carideal.com\/blog\/?s={search_term_string}\"},\"query-input\":{\"@type\":\"PropertyValueSpecification\",\"valueRequired\":true,\"valueName\":\"search_term_string\"}}],\"inLanguage\":\"fr-FR\"},{\"@type\":\"Organization\",\"@id\":\"https:\/\/www.carideal.com\/blog\/#organization\",\"name\":\"Carideal\",\"url\":\"https:\/\/www.carideal.com\/blog\/\",\"logo\":{\"@type\":\"ImageObject\",\"inLanguage\":\"fr-FR\",\"@id\":\"https:\/\/www.carideal.com\/blog\/#\/schema\/logo\/image\/\",\"url\":\"http:\/\/www.carideal.com\/blog\/wp-content\/uploads\/2016\/03\/logo-carideal-mandataire-automobile.png\",\"contentUrl\":\"http:\/\/www.carideal.com\/blog\/wp-content\/uploads\/2016\/03\/logo-carideal-mandataire-automobile.png\",\"width\":300,\"height\":300,\"caption\":\"Carideal\"},\"image\":{\"@id\":\"https:\/\/www.carideal.com\/blog\/#\/schema\/logo\/image\/\"},\"sameAs\":[\"https:\/\/www.facebook.com\/Carideal.mandataire.automobile\",\"https:\/\/x.com\/caridealauto\",\"https:\/\/www.instagram.com\/carideal1\/\",\"https:\/\/www.linkedin.com\/company\/carideal.com\",\"https:\/\/fr.pinterest.com\/schiavonsas\/\",\"https:\/\/www.youtube.com\/user\/caridealsas\"]},{\"@type\":\"Person\",\"@id\":\"https:\/\/www.carideal.com\/blog\/#\/schema\/person\/985c7e757d1042d647f21bfaf8d41ebc\",\"name\":\"N.S Carideal\",\"image\":{\"@type\":\"ImageObject\",\"inLanguage\":\"fr-FR\",\"@id\":\"https:\/\/www.carideal.com\/blog\/#\/schema\/person\/image\/\",\"url\":\"https:\/\/secure.gravatar.com\/avatar\/edb7ccdf1a4e3d14aef967760d354d0e?s=96&r=g\",\"contentUrl\":\"https:\/\/secure.gravatar.com\/avatar\/edb7ccdf1a4e3d14aef967760d354d0e?s=96&r=g\",\"caption\":\"N.S Carideal\"},\"description\":\"Depuis tout petit fan d'automobile. Il est question d'essayer et de comparer toutes ces voitures qui nous ont fait r\u00e9ver, avant que celles-ci ne devient uniquement des voitures de collection.\",\"sameAs\":[\"http:\/\/www.carideal.com\/blog\",\"https:\/\/www.facebook.com\/Carideal.mandataire.automobile\/\",\"https:\/\/www.linkedin.com\/in\/nschiavon\/\",\"https:\/\/www.youtube.com\/user\/caridealsas\/\"],\"url\":\"https:\/\/www.carideal.com\/blog\/author\/admin_carideal\/\"}]}<\/script>\n<!-- \/ Yoast SEO plugin. -->","yoast_head_json":{"title":"General Motors \/ PSA : quel avenir ? - Blog auto Carid\u00e9al","description":"\u00c0 la veille des rencontres tripartites ( direction , syndicats et gouvernement ) , Philippe Varin, patron de PSA, a pr\u00e9sent\u00e9 l'avancement des coop\u00e9rations du groupe avec General Motors.","robots":{"index":"index","follow":"follow","max-snippet":"max-snippet:-1","max-image-preview":"max-image-preview:large","max-video-preview":"max-video-preview:-1"},"canonical":"https:\/\/www.carideal.com\/blog\/2013\/01\/09\/genaral-motors-psa-quel-avenir\/","og_locale":"fr_FR","og_type":"article","og_title":"General Motors \/ PSA : quel avenir ? - Blog auto Carid\u00e9al","og_description":"\u00c0 la veille des rencontres tripartites ( direction , syndicats et gouvernement ) , Philippe Varin, patron de PSA, a pr\u00e9sent\u00e9 l'avancement des coop\u00e9rations du groupe avec General Motors.","og_url":"https:\/\/www.carideal.com\/blog\/2013\/01\/09\/genaral-motors-psa-quel-avenir\/","og_site_name":"Blog auto Carid\u00e9al","article_publisher":"https:\/\/www.facebook.com\/Carideal.mandataire.automobile","article_author":"https:\/\/www.facebook.com\/Carideal.mandataire.automobile\/","article_published_time":"2013-01-09T10:23:00+00:00","article_modified_time":"2020-02-26T11:21:47+00:00","og_image":[{"url":"http:\/\/www.carideal.com\/blog\/wp-content\/uploads\/2013\/01\/logo-gm-psa-collaboration_m.jpg","type":"","width":"","height":""}],"author":"N.S Carideal","twitter_card":"summary_large_image","twitter_creator":"@caridealauto","twitter_site":"@caridealauto","twitter_misc":{"\u00c9crit par":"N.S Carideal","Dur\u00e9e de lecture estim\u00e9e":"4 minutes"},"schema":{"@context":"https:\/\/schema.org","@graph":[{"@type":"Article","@id":"https:\/\/www.carideal.com\/blog\/2013\/01\/09\/genaral-motors-psa-quel-avenir\/#article","isPartOf":{"@id":"https:\/\/www.carideal.com\/blog\/2013\/01\/09\/genaral-motors-psa-quel-avenir\/"},"author":{"name":"N.S Carideal","@id":"https:\/\/www.carideal.com\/blog\/#\/schema\/person\/985c7e757d1042d647f21bfaf8d41ebc"},"headline":"General Motors \/ PSA : quel avenir ?","datePublished":"2013-01-09T10:23:00+00:00","dateModified":"2020-02-26T11:21:47+00:00","mainEntityOfPage":{"@id":"https:\/\/www.carideal.com\/blog\/2013\/01\/09\/genaral-motors-psa-quel-avenir\/"},"wordCount":869,"commentCount":0,"publisher":{"@id":"https:\/\/www.carideal.com\/blog\/#organization"},"image":{"@id":"https:\/\/www.carideal.com\/blog\/2013\/01\/09\/genaral-motors-psa-quel-avenir\/#primaryimage"},"thumbnailUrl":"http:\/\/www.carideal.com\/blog\/wp-content\/uploads\/2013\/01\/logo-gm-psa-collaboration_m.jpg","keywords":["PSA"],"articleSection":["March\u00e9 automobile"],"inLanguage":"fr-FR","potentialAction":[{"@type":"CommentAction","name":"Comment","target":["https:\/\/www.carideal.com\/blog\/2013\/01\/09\/genaral-motors-psa-quel-avenir\/#respond"]}]},{"@type":"WebPage","@id":"https:\/\/www.carideal.com\/blog\/2013\/01\/09\/genaral-motors-psa-quel-avenir\/","url":"https:\/\/www.carideal.com\/blog\/2013\/01\/09\/genaral-motors-psa-quel-avenir\/","name":"General Motors \/ PSA : quel avenir ? - Blog auto Carid\u00e9al","isPartOf":{"@id":"https:\/\/www.carideal.com\/blog\/#website"},"primaryImageOfPage":{"@id":"https:\/\/www.carideal.com\/blog\/2013\/01\/09\/genaral-motors-psa-quel-avenir\/#primaryimage"},"image":{"@id":"https:\/\/www.carideal.com\/blog\/2013\/01\/09\/genaral-motors-psa-quel-avenir\/#primaryimage"},"thumbnailUrl":"http:\/\/www.carideal.com\/blog\/wp-content\/uploads\/2013\/01\/logo-gm-psa-collaboration_m.jpg","datePublished":"2013-01-09T10:23:00+00:00","dateModified":"2020-02-26T11:21:47+00:00","description":"\u00c0 la veille des rencontres tripartites ( direction , syndicats et gouvernement ) , Philippe Varin, patron de PSA, a pr\u00e9sent\u00e9 l'avancement des coop\u00e9rations du groupe avec General Motors.","breadcrumb":{"@id":"https:\/\/www.carideal.com\/blog\/2013\/01\/09\/genaral-motors-psa-quel-avenir\/#breadcrumb"},"inLanguage":"fr-FR","potentialAction":[{"@type":"ReadAction","target":["https:\/\/www.carideal.com\/blog\/2013\/01\/09\/genaral-motors-psa-quel-avenir\/"]}]},{"@type":"ImageObject","inLanguage":"fr-FR","@id":"https:\/\/www.carideal.com\/blog\/2013\/01\/09\/genaral-motors-psa-quel-avenir\/#primaryimage","url":"http:\/\/www.carideal.com\/blog\/wp-content\/uploads\/2013\/01\/logo-gm-psa-collaboration_m.jpg","contentUrl":"http:\/\/www.carideal.com\/blog\/wp-content\/uploads\/2013\/01\/logo-gm-psa-collaboration_m.jpg"},{"@type":"BreadcrumbList","@id":"https:\/\/www.carideal.com\/blog\/2013\/01\/09\/genaral-motors-psa-quel-avenir\/#breadcrumb","itemListElement":[{"@type":"ListItem","position":1,"name":"Blog Carid\u00e9al","item":"https:\/\/www.carideal.com\/blog\/"},{"@type":"ListItem","position":2,"name":"March\u00e9 automobile","item":"https:\/\/www.carideal.com\/blog\/marche-automobile-voiture-neuve-occasion-4x4-suv\/"},{"@type":"ListItem","position":3,"name":"General Motors \/ PSA : quel avenir ?"}]},{"@type":"WebSite","@id":"https:\/\/www.carideal.com\/blog\/#website","url":"https:\/\/www.carideal.com\/blog\/","name":"Blog auto Carid\u00e9al","description":"Actualit\u00e9 auto par des passionn\u00e9s","publisher":{"@id":"https:\/\/www.carideal.com\/blog\/#organization"},"potentialAction":[{"@type":"SearchAction","target":{"@type":"EntryPoint","urlTemplate":"https:\/\/www.carideal.com\/blog\/?s={search_term_string}"},"query-input":{"@type":"PropertyValueSpecification","valueRequired":true,"valueName":"search_term_string"}}],"inLanguage":"fr-FR"},{"@type":"Organization","@id":"https:\/\/www.carideal.com\/blog\/#organization","name":"Carideal","url":"https:\/\/www.carideal.com\/blog\/","logo":{"@type":"ImageObject","inLanguage":"fr-FR","@id":"https:\/\/www.carideal.com\/blog\/#\/schema\/logo\/image\/","url":"http:\/\/www.carideal.com\/blog\/wp-content\/uploads\/2016\/03\/logo-carideal-mandataire-automobile.png","contentUrl":"http:\/\/www.carideal.com\/blog\/wp-content\/uploads\/2016\/03\/logo-carideal-mandataire-automobile.png","width":300,"height":300,"caption":"Carideal"},"image":{"@id":"https:\/\/www.carideal.com\/blog\/#\/schema\/logo\/image\/"},"sameAs":["https:\/\/www.facebook.com\/Carideal.mandataire.automobile","https:\/\/x.com\/caridealauto","https:\/\/www.instagram.com\/carideal1\/","https:\/\/www.linkedin.com\/company\/carideal.com","https:\/\/fr.pinterest.com\/schiavonsas\/","https:\/\/www.youtube.com\/user\/caridealsas"]},{"@type":"Person","@id":"https:\/\/www.carideal.com\/blog\/#\/schema\/person\/985c7e757d1042d647f21bfaf8d41ebc","name":"N.S Carideal","image":{"@type":"ImageObject","inLanguage":"fr-FR","@id":"https:\/\/www.carideal.com\/blog\/#\/schema\/person\/image\/","url":"https:\/\/secure.gravatar.com\/avatar\/edb7ccdf1a4e3d14aef967760d354d0e?s=96&r=g","contentUrl":"https:\/\/secure.gravatar.com\/avatar\/edb7ccdf1a4e3d14aef967760d354d0e?s=96&r=g","caption":"N.S Carideal"},"description":"Depuis tout petit fan d'automobile. Il est question d'essayer et de comparer toutes ces voitures qui nous ont fait r\u00e9ver, avant que celles-ci ne devient uniquement des voitures de collection.","sameAs":["http:\/\/www.carideal.com\/blog","https:\/\/www.facebook.com\/Carideal.mandataire.automobile\/","https:\/\/www.linkedin.com\/in\/nschiavon\/","https:\/\/www.youtube.com\/user\/caridealsas\/"],"url":"https:\/\/www.carideal.com\/blog\/author\/admin_carideal\/"}]}},"uagb_featured_image_src":{"full":false,"thumbnail":false,"medium":false,"medium_large":false,"large":false,"1536x1536":false,"2048x2048":false,"wppr-widget":false},"uagb_author_info":{"display_name":"N.S Carideal","author_link":"https:\/\/www.carideal.com\/blog\/author\/admin_carideal\/"},"uagb_comment_info":19,"uagb_excerpt":"General Motors \/ PSA : quel avenir ? \u00c0 la veille des rencontres tripartites ( direction , syndicats et gouvernement ) , Philippe Varin, patron de PSA, a pr\u00e9sent\u00e9 l'avancement des coop\u00e9rations du groupe avec General Motors. Cette communication oblig\u00e9e, sur fond de tensions avec les syndicats et le gouvernement, intervient alors que le groupe\u2026","_links":{"self":[{"href":"https:\/\/www.carideal.com\/blog\/wp-json\/wp\/v2\/posts\/1260"}],"collection":[{"href":"https:\/\/www.carideal.com\/blog\/wp-json\/wp\/v2\/posts"}],"about":[{"href":"https:\/\/www.carideal.com\/blog\/wp-json\/wp\/v2\/types\/post"}],"author":[{"embeddable":true,"href":"https:\/\/www.carideal.com\/blog\/wp-json\/wp\/v2\/users\/1"}],"replies":[{"embeddable":true,"href":"https:\/\/www.carideal.com\/blog\/wp-json\/wp\/v2\/comments?post=1260"}],"version-history":[{"count":0,"href":"https:\/\/www.carideal.com\/blog\/wp-json\/wp\/v2\/posts\/1260\/revisions"}],"wp:attachment":[{"href":"https:\/\/www.carideal.com\/blog\/wp-json\/wp\/v2\/media?parent=1260"}],"wp:term":[{"taxonomy":"category","embeddable":true,"href":"https:\/\/www.carideal.com\/blog\/wp-json\/wp\/v2\/categories?post=1260"},{"taxonomy":"post_tag","embeddable":true,"href":"https:\/\/www.carideal.com\/blog\/wp-json\/wp\/v2\/tags?post=1260"}],"curies":[{"name":"wp","href":"https:\/\/api.w.org\/{rel}","templated":true}]}}